{"id":14959,"date":"2020-12-07T10:06:10","date_gmt":"2020-12-07T09:06:10","guid":{"rendered":"https:\/\/blog.olimar.de\/?p=14959"},"modified":"2024-10-16T09:53:38","modified_gmt":"2024-10-16T08:53:38","slug":"madeira-ocean-trails","status":"publish","type":"post","link":"https:\/\/blog.olimar.de\/madeira-ocean-trails\/","title":{"rendered":"Madeira Ocean Trails: Neue Webseite f\u00fcr Outdoor-Aktivit\u00e4ten"},"content":{"rendered":"\n<p>Auf Madeira und Porto Santo gibt es zusammen mehr als 60 Wege zum Wandern, Joggen und Mountainbiken sowie spektakul\u00e4re Schluchten zum Canyoning, die darauf warten, bei einem <a href=\"https:\/\/www.olimar.de\/portugal\/madeira\/\" target=\"_blank\" rel=\"noopener\">Madeira Urlaub<\/a> entdeckt zu werden! Um sich auf die sch\u00f6nsten Strecken der Inseln vorzubereiten, hat die Madeira Promotion Vereinigung jetzt eine neue Webseite live geschaltet. Ziel ist es, die verschiedenen Outdoor-Aktivit\u00e4ten der Inseln auf einer interaktiven Karte zusammenzufassen.\u00a0<\/p>\n<p>Die neue Seite verf\u00fcgt \u00fcber alle Daten, die Urlauber w\u00e4hrend ihrer Tour durch die Natur ben\u00f6tigen: Entfernung und Dauer, H\u00f6henunterschiede, Schwierigkeitsgrad, Standort von Google Maps sowie Bilder und Videos, die die gesamte Landschaft zeigen.\u00a0\u00a0<\/p>\n<p>Das Konzept zielt darauf ab, die wichtigsten sportlichen Naturaktivit\u00e4ten auf Madeiras gro\u00dfen Wegenetz zu f\u00f6rdern.\u00a0<\/p>\n<p>Die Webseite <a href=\"http:\/\/www.madeiraoceantrails.com\/\">http:\/\/www.madeiraoceantrails.com\/<\/a> ist auch auf Deutsch verf\u00fcgbar.\u00a0<\/p>\n<p>YouTube Video:\u00a0<a href=\"https:\/\/www.youtube.com\/watch?v=2Ol1kPLbqak\">https:\/\/www.youtube.com\/watch?v=2Ol1kPLbqak<\/a><\/p>\n\n\n\n<div class=\"wp-block-buttons is-layout-flex wp-block-buttons-is-layout-flex\">\n<div class=\"wp-block-button\"><a class=\"wp-block-button__link wp-element-button\" href=\"https:\/\/www.olimar.de\/portugal\/madeira\/\" target=\"_blank\" rel=\"noreferrer noopener\">Urlaubsangebote f\u00fcr Madeira<\/a><\/div>\n<\/div>\n","protected":false},"excerpt":{"rendered":"<p>Auf Madeira und Porto Santo gibt es zusammen mehr als 60 Wege zum Wandern, Joggen und Mountainbiken sowie spektakul\u00e4re Schluchten zum Canyoning, die darauf warten, bei einem Madeira Urlaub entdeckt zu werden! Um sich auf die sch\u00f6nsten Strecken der Inseln vorzubereiten, hat die Madeira Promotion Vereinigung jetzt eine neue Webseite live geschaltet. Ziel ist es, die verschiedenen Outdoor-Aktivit\u00e4ten der Inseln auf einer interaktiven Karte zusammenzufassen.\u00a0 Die neue Seite verf\u00fcgt \u00fcber alle Daten, die Urlauber w\u00e4hrend ihrer Tour durch die Natur ben\u00f6tigen: Entfernung und Dauer, H\u00f6henunterschiede, Schwierigkeitsgrad, Standort von Google Maps sowie Bilder und Videos, die die gesamte Landschaft zeigen.\u00a0\u00a0 Das Konzept &hellip;<\/p>\n","protected":false},"author":9,"featured_media":16092,"comment_status":"open","ping_status":"open","sticky":false,"template":"","format":"standard","meta":{"_crdt_document":"","_lmt_disableupdate":"","_lmt_disable":"","footnotes":""},"categories":[195],"tags":[21,58],"class_list":["post-14959","post","type-post","status-publish","format-standard","has-post-thumbnail","hentry","category-reisenews","tag-madeira","tag-porto-santo"],"yoast_head":"<!-- This site is optimized with the Yoast SEO plugin v26.9 - https:\/\/yoast.com\/product\/yoast-seo-wordpress\/ -->\n<title>Madeira Ocean Trails: Neue Webseite f\u00fcr Outdoor-Aktivit\u00e4ten -<\/title>\n<meta name=\"description\" content=\"Madeira Ocean Trails: Neue Webseite f\u00fcr Outdoor-Aktivit\u00e4ten auf Madeira und Porto Santo gestartet.\" \/>\n<meta name=\"robots\" content=\"index, follow, max-snippet:-1, max-image-preview:large, max-video-preview:-1\" \/>\n<link rel=\"canonical\" href=\"https:\/\/blog.olimar.de\/madeira-ocean-trails\/\" \/>\n<meta property=\"og:locale\" content=\"de_DE\" \/>\n<meta property=\"og:type\" content=\"article\" \/>\n<meta property=\"og:title\" content=\"Madeira Ocean Trails: Neue Webseite f\u00fcr Outdoor-Aktivit\u00e4ten -\" \/>\n<meta property=\"og:description\" content=\"Madeira Ocean Trails: Neue Webseite f\u00fcr Outdoor-Aktivit\u00e4ten auf Madeira und Porto Santo gestartet.\" \/>\n<meta property=\"og:url\" content=\"https:\/\/blog.olimar.de\/madeira-ocean-trails\/\" \/>\n<meta property=\"article:publisher\" content=\"https:\/\/www.facebook.com\/OlimarReisen\" \/>\n<meta property=\"article:published_time\" content=\"2020-12-07T09:06:10+00:00\" \/>\n<meta property=\"article:modified_time\" content=\"2024-10-16T08:53:38+00:00\" \/>\n<meta property=\"og:image\" content=\"https:\/\/blog.olimar.de\/wp-content\/uploads\/2020\/12\/PT-Madeira-Levada-LevadadoCastelejo-PdaCruz-1.jpg\" \/>\n\t<meta property=\"og:image:width\" content=\"1536\" \/>\n\t<meta property=\"og:image:height\" content=\"988\" \/>\n\t<meta property=\"og:image:type\" content=\"image\/jpeg\" \/>\n<meta name=\"author\" content=\"OLIMAR Redaktionsteam\" \/>\n<meta name=\"twitter:label1\" content=\"Verfasst von\" \/>\n\t<meta name=\"twitter:data1\" content=\"OLIMAR Redaktionsteam\" \/>\n\t<meta name=\"twitter:label2\" content=\"Gesch\u00e4tzte Lesezeit\" \/>\n\t<meta name=\"twitter:data2\" content=\"1\u00a0Minute\" \/>\n<script type=\"application\/ld+json\" class=\"yoast-schema-graph\">{\"@context\":\"https:\/\/schema.org\",\"@graph\":[{\"@type\":\"WebPage\",\"@id\":\"https:\/\/blog.olimar.de\/madeira-ocean-trails\/\",\"url\":\"https:\/\/blog.olimar.de\/madeira-ocean-trails\/\",\"name\":\"Madeira Ocean Trails: Neue Webseite f\u00fcr Outdoor-Aktivit\u00e4ten -\",\"isPartOf\":{\"@id\":\"https:\/\/blog.olimar.de\/#website\"},\"primaryImageOfPage\":{\"@id\":\"https:\/\/blog.olimar.de\/madeira-ocean-trails\/#primaryimage\"},\"image\":{\"@id\":\"https:\/\/blog.olimar.de\/madeira-ocean-trails\/#primaryimage\"},\"thumbnailUrl\":\"https:\/\/blog.olimar.de\/wp-content\/uploads\/2020\/12\/PT-Madeira-Levada-LevadadoCastelejo-PdaCruz-1.jpg\",\"datePublished\":\"2020-12-07T09:06:10+00:00\",\"dateModified\":\"2024-10-16T08:53:38+00:00\",\"description\":\"Madeira Ocean Trails: Neue Webseite f\u00fcr Outdoor-Aktivit\u00e4ten auf Madeira und Porto Santo gestartet.\",\"breadcrumb\":{\"@id\":\"https:\/\/blog.olimar.de\/madeira-ocean-trails\/#breadcrumb\"},\"inLanguage\":\"de\",\"potentialAction\":[{\"@type\":\"ReadAction\",\"target\":[\"https:\/\/blog.olimar.de\/madeira-ocean-trails\/\"]}]},{\"@type\":\"ImageObject\",\"inLanguage\":\"de\",\"@id\":\"https:\/\/blog.olimar.de\/madeira-ocean-trails\/#primaryimage\",\"url\":\"https:\/\/blog.olimar.de\/wp-content\/uploads\/2020\/12\/PT-Madeira-Levada-LevadadoCastelejo-PdaCruz-1.jpg\",\"contentUrl\":\"https:\/\/blog.olimar.de\/wp-content\/uploads\/2020\/12\/PT-Madeira-Levada-LevadadoCastelejo-PdaCruz-1.jpg\",\"width\":1536,\"height\":988,\"caption\":\"Madeira Wandern Levada\"},{\"@type\":\"BreadcrumbList\",\"@id\":\"https:\/\/blog.olimar.de\/madeira-ocean-trails\/#breadcrumb\",\"itemListElement\":[{\"@type\":\"ListItem\",\"position\":1,\"name\":\"Home\",\"item\":\"https:\/\/blog.olimar.de\/\"},{\"@type\":\"ListItem\",\"position\":2,\"name\":\"Madeira\",\"item\":\"https:\/\/blog.olimar.de\/tag\/madeira\/\"},{\"@type\":\"ListItem\",\"position\":3,\"name\":\"Madeira Ocean Trails: Neue Webseite f\u00fcr Outdoor-Aktivit\u00e4ten\"}]},{\"@type\":\"WebSite\",\"@id\":\"https:\/\/blog.olimar.de\/#website\",\"url\":\"https:\/\/blog.olimar.de\/\",\"name\":\"OLIMAR.com\",\"description\":\"\",\"publisher\":{\"@id\":\"https:\/\/blog.olimar.de\/#organization\"},\"potentialAction\":[{\"@type\":\"SearchAction\",\"target\":{\"@type\":\"EntryPoint\",\"urlTemplate\":\"https:\/\/blog.olimar.de\/?s={search_term_string}\"},\"query-input\":{\"@type\":\"PropertyValueSpecification\",\"valueRequired\":true,\"valueName\":\"search_term_string\"}}],\"inLanguage\":\"de\"},{\"@type\":\"Organization\",\"@id\":\"https:\/\/blog.olimar.de\/#organization\",\"name\":\"OLIMAR Reisen\",\"url\":\"https:\/\/blog.olimar.de\/\",\"logo\":{\"@type\":\"ImageObject\",\"inLanguage\":\"de\",\"@id\":\"https:\/\/blog.olimar.de\/#\/schema\/logo\/image\/\",\"url\":\"https:\/\/blog.olimar.de\/wp-content\/uploads\/2021\/01\/OLIMAR_Logo_COLOR.png\",\"contentUrl\":\"https:\/\/blog.olimar.de\/wp-content\/uploads\/2021\/01\/OLIMAR_Logo_COLOR.png\",\"width\":2000,\"height\":986,\"caption\":\"OLIMAR Reisen\"},\"image\":{\"@id\":\"https:\/\/blog.olimar.de\/#\/schema\/logo\/image\/\"},\"sameAs\":[\"https:\/\/www.facebook.com\/OlimarReisen\",\"https:\/\/x.com\/olimarrreisen\",\"https:\/\/www.instagram.com\/olimarreisen\",\"https:\/\/www.youtube.com\/user\/olimarreisen\"]}]}<\/script>\n<!-- \/ Yoast SEO plugin. -->","yoast_head_json":{"title":"Madeira Ocean Trails: Neue Webseite f\u00fcr Outdoor-Aktivit\u00e4ten -","description":"Madeira Ocean Trails: Neue Webseite f\u00fcr Outdoor-Aktivit\u00e4ten auf Madeira und Porto Santo gestartet.","robots":{"index":"index","follow":"follow","max-snippet":"max-snippet:-1","max-image-preview":"max-image-preview:large","max-video-preview":"max-video-preview:-1"},"canonical":"https:\/\/blog.olimar.de\/madeira-ocean-trails\/","og_locale":"de_DE","og_type":"article","og_title":"Madeira Ocean Trails: Neue Webseite f\u00fcr Outdoor-Aktivit\u00e4ten -","og_description":"Madeira Ocean Trails: Neue Webseite f\u00fcr Outdoor-Aktivit\u00e4ten auf Madeira und Porto Santo gestartet.","og_url":"https:\/\/blog.olimar.de\/madeira-ocean-trails\/","article_publisher":"https:\/\/www.facebook.com\/OlimarReisen","article_published_time":"2020-12-07T09:06:10+00:00","article_modified_time":"2024-10-16T08:53:38+00:00","og_image":[{"width":1536,"height":988,"url":"https:\/\/blog.olimar.de\/wp-content\/uploads\/2020\/12\/PT-Madeira-Levada-LevadadoCastelejo-PdaCruz-1.jpg","type":"image\/jpeg"}],"author":"OLIMAR Redaktionsteam","twitter_misc":{"Verfasst von":"OLIMAR Redaktionsteam","Gesch\u00e4tzte Lesezeit":"1\u00a0Minute"},"schema":{"@context":"https:\/\/schema.org","@graph":[{"@type":"WebPage","@id":"https:\/\/blog.olimar.de\/madeira-ocean-trails\/","url":"https:\/\/blog.olimar.de\/madeira-ocean-trails\/","name":"Madeira Ocean Trails: Neue Webseite f\u00fcr Outdoor-Aktivit\u00e4ten -","isPartOf":{"@id":"https:\/\/blog.olimar.de\/#website"},"primaryImageOfPage":{"@id":"https:\/\/blog.olimar.de\/madeira-ocean-trails\/#primaryimage"},"image":{"@id":"https:\/\/blog.olimar.de\/madeira-ocean-trails\/#primaryimage"},"thumbnailUrl":"https:\/\/blog.olimar.de\/wp-content\/uploads\/2020\/12\/PT-Madeira-Levada-LevadadoCastelejo-PdaCruz-1.jpg","datePublished":"2020-12-07T09:06:10+00:00","dateModified":"2024-10-16T08:53:38+00:00","description":"Madeira Ocean Trails: Neue Webseite f\u00fcr Outdoor-Aktivit\u00e4ten auf Madeira und Porto Santo gestartet.","breadcrumb":{"@id":"https:\/\/blog.olimar.de\/madeira-ocean-trails\/#breadcrumb"},"inLanguage":"de","potentialAction":[{"@type":"ReadAction","target":["https:\/\/blog.olimar.de\/madeira-ocean-trails\/"]}]},{"@type":"ImageObject","inLanguage":"de","@id":"https:\/\/blog.olimar.de\/madeira-ocean-trails\/#primaryimage","url":"https:\/\/blog.olimar.de\/wp-content\/uploads\/2020\/12\/PT-Madeira-Levada-LevadadoCastelejo-PdaCruz-1.jpg","contentUrl":"https:\/\/blog.olimar.de\/wp-content\/uploads\/2020\/12\/PT-Madeira-Levada-LevadadoCastelejo-PdaCruz-1.jpg","width":1536,"height":988,"caption":"Madeira Wandern Levada"},{"@type":"BreadcrumbList","@id":"https:\/\/blog.olimar.de\/madeira-ocean-trails\/#breadcrumb","itemListElement":[{"@type":"ListItem","position":1,"name":"Home","item":"https:\/\/blog.olimar.de\/"},{"@type":"ListItem","position":2,"name":"Madeira","item":"https:\/\/blog.olimar.de\/tag\/madeira\/"},{"@type":"ListItem","position":3,"name":"Madeira Ocean Trails: Neue Webseite f\u00fcr Outdoor-Aktivit\u00e4ten"}]},{"@type":"WebSite","@id":"https:\/\/blog.olimar.de\/#website","url":"https:\/\/blog.olimar.de\/","name":"OLIMAR.com","description":"","publisher":{"@id":"https:\/\/blog.olimar.de\/#organization"},"potentialAction":[{"@type":"SearchAction","target":{"@type":"EntryPoint","urlTemplate":"https:\/\/blog.olimar.de\/?s={search_term_string}"},"query-input":{"@type":"PropertyValueSpecification","valueRequired":true,"valueName":"search_term_string"}}],"inLanguage":"de"},{"@type":"Organization","@id":"https:\/\/blog.olimar.de\/#organization","name":"OLIMAR Reisen","url":"https:\/\/blog.olimar.de\/","logo":{"@type":"ImageObject","inLanguage":"de","@id":"https:\/\/blog.olimar.de\/#\/schema\/logo\/image\/","url":"https:\/\/blog.olimar.de\/wp-content\/uploads\/2021\/01\/OLIMAR_Logo_COLOR.png","contentUrl":"https:\/\/blog.olimar.de\/wp-content\/uploads\/2021\/01\/OLIMAR_Logo_COLOR.png","width":2000,"height":986,"caption":"OLIMAR Reisen"},"image":{"@id":"https:\/\/blog.olimar.de\/#\/schema\/logo\/image\/"},"sameAs":["https:\/\/www.facebook.com\/OlimarReisen","https:\/\/x.com\/olimarrreisen","https:\/\/www.instagram.com\/olimarreisen","https:\/\/www.youtube.com\/user\/olimarreisen"]}]}},"modified_by":"Julia Windh\u00f6vel","jetpack_featured_media_url":"https:\/\/blog.olimar.de\/wp-content\/uploads\/2020\/12\/PT-Madeira-Levada-LevadadoCastelejo-PdaCruz-1.jpg","_links":{"self":[{"href":"https:\/\/blog.olimar.de\/wp-json\/wp\/v2\/posts\/14959","targetHints":{"allow":["GET"]}}],"collection":[{"href":"https:\/\/blog.olimar.de\/wp-json\/wp\/v2\/posts"}],"about":[{"href":"https:\/\/blog.olimar.de\/wp-json\/wp\/v2\/types\/post"}],"author":[{"embeddable":true,"href":"https:\/\/blog.olimar.de\/wp-json\/wp\/v2\/users\/9"}],"replies":[{"embeddable":true,"href":"https:\/\/blog.olimar.de\/wp-json\/wp\/v2\/comments?post=14959"}],"version-history":[{"count":7,"href":"https:\/\/blog.olimar.de\/wp-json\/wp\/v2\/posts\/14959\/revisions"}],"predecessor-version":[{"id":28052,"href":"https:\/\/blog.olimar.de\/wp-json\/wp\/v2\/posts\/14959\/revisions\/28052"}],"wp:featuredmedia":[{"embeddable":true,"href":"https:\/\/blog.olimar.de\/wp-json\/wp\/v2\/media\/16092"}],"wp:attachment":[{"href":"https:\/\/blog.olimar.de\/wp-json\/wp\/v2\/media?parent=14959"}],"wp:term":[{"taxonomy":"category","embeddable":true,"href":"https:\/\/blog.olimar.de\/wp-json\/wp\/v2\/categories?post=14959"},{"taxonomy":"post_tag","embeddable":true,"href":"https:\/\/blog.olimar.de\/wp-json\/wp\/v2\/tags?post=14959"}],"curies":[{"name":"wp","href":"https:\/\/api.w.org\/{rel}","templated":true}]}}