{"id":15013,"date":"2020-12-10T17:25:20","date_gmt":"2020-12-10T16:25:20","guid":{"rendered":"https:\/\/blog.olimar.de\/?p=15013"},"modified":"2023-05-26T19:02:34","modified_gmt":"2023-05-26T18:02:34","slug":"la-casies-mountain-dolomiten","status":"publish","type":"post","link":"https:\/\/blog.olimar.de\/la-casies-mountain-dolomiten\/","title":{"rendered":"La Casies Mountain Living in den Dolomiten"},"content":{"rendered":"\n<p><strong>Normalerweise verbringen wir unsere Ferien in Portugal oder auf italienischen Inseln. Da unsere M\u00f6glichkeiten durch Corona begrenzt waren, fiel dieses Jahr unsere Wahl auf ein wundersch\u00f6nes Hotel aus dem OLIMAR Programm: das La Casies Mountain Living im Gsieser Tal in S\u00fcdtirol. <\/strong><\/p>\n\n\n\n<div class=\"wp-block-buttons is-layout-flex wp-block-buttons-is-layout-flex\">\n<div class=\"wp-block-button\"><a class=\"wp-block-button__link wp-element-button\" href=\"https:\/\/www.olimar.de\/italien\/norden\/suedtirol\/\">S\u00fcdtirol Reiseangebote und Hoteltipp entdecken<\/a><\/div>\n<\/div>\n\n\n\n<div style=\"height:50px\" aria-hidden=\"true\" class=\"wp-block-spacer\"><\/div>\n\n\n<div class=\"wp-block-image\">\n<figure class=\"aligncenter size-large is-resized\"><img loading=\"lazy\" decoding=\"async\" src=\"https:\/\/blog.olimar.de\/wp-content\/uploads\/2020\/12\/C011_LaCasies-Hotel-1024x768.jpg\" alt=\"Blick auf das Hotel La Casies\" class=\"wp-image-15065\" width=\"519\" height=\"390\" srcset=\"https:\/\/blog.olimar.de\/wp-content\/uploads\/2020\/12\/C011_LaCasies-Hotel-1024x768.jpg 1024w, https:\/\/blog.olimar.de\/wp-content\/uploads\/2020\/12\/C011_LaCasies-Hotel-300x225.jpg 300w, https:\/\/blog.olimar.de\/wp-content\/uploads\/2020\/12\/C011_LaCasies-Hotel-768x576.jpg 768w, https:\/\/blog.olimar.de\/wp-content\/uploads\/2020\/12\/C011_LaCasies-Hotel-1536x1152.jpg 1536w, https:\/\/blog.olimar.de\/wp-content\/uploads\/2020\/12\/C011_LaCasies-Hotel-2048x1536.jpg 2048w\" sizes=\"auto, (max-width: 519px) 100vw, 519px\" \/><\/figure>\n<\/div>\n\n\n<p class=\"wp-block-paragraph\">Aus K\u00f6ln kommend erreichten wir nach ca. 9 Stunden Fahrt nachmittags das Hotel. Bei herrlichem Sonnenschein genossen wir mit einem Welcome Drink in der Hand den ersten Blick von der gro\u00dfen Terrasse des Hotels in das Gsiesertal. Das La Casies liegt ruhig am Talschuss auf 1.400 m. \u00fc. M. und strahlt schon bei der herzlichen Begr\u00fc\u00dfung eine heimelige Atmosph\u00e4re aus. Wir f\u00fchlten uns sofort zu Hause. Von unserem ger\u00e4umigen Zimmer blickten wir auf die Liegewiese des Hallenbads und des Wellnessbereichs \u2013 im Hintergrund das beeindruckende Panorama der Dolomiten. Wow, was f\u00fcr ein Empfang.<\/p>\n\n\n\n\n\n<p class=\"wp-block-paragraph\">Die Eigent\u00fcmerfamilie Steger legt gro\u00dfen Wert auf Nachhaltigkeit. Daher k\u00f6nnen die G\u00e4ste bei der Zimmerausstattung zwischen verschiedenen einheimischen H\u00f6lzern, wie z. B. Zirbe, Fichte oder L\u00e4rche, w\u00e4hlen. Wer nachts bei offener Zimmert\u00fcre schl\u00e4ft, h\u00f6rt den benachbarten Bach rauschen \u2013 und sonst nichts \u2013 Entspannung pur!<\/p>\n\n\n\n<h2 class=\"wp-block-heading\"><strong>Kulinarisches aus der Region<\/strong><\/h2>\n\n\n\n<p class=\"wp-block-paragraph\">Das Naturkonzept spiegelt sich auch im kulinarischen Angebot wider. Das \u00fcberaus reichhaltige Fr\u00fchst\u00fccksbuffet mit \u00fcberwiegend regionalen Zutaten reicht von Waldbeerenkompott aus eigener Herstellung \u00fcber Honig in Waben von \u201eOnkel Martins\u201c Bienen, bis zu einer K\u00f6rnerm\u00fchle, um sein eigenes M\u00fcsli zu bereiten.<\/p>\n\n\n\n<figure class=\"wp-block-gallery has-nested-images columns-default is-cropped wp-block-gallery-1 is-layout-flex wp-block-gallery-is-layout-flex\">\n<figure class=\"wp-block-image size-large\"><img loading=\"lazy\" decoding=\"async\" width=\"441\" height=\"331\" data-id=\"15019\" src=\"https:\/\/blog.olimar.de\/wp-content\/uploads\/2020\/12\/Bild-4-1.jpg\" alt=\"La Casies Essen\" class=\"wp-image-15019\" srcset=\"https:\/\/blog.olimar.de\/wp-content\/uploads\/2020\/12\/Bild-4-1.jpg 441w, https:\/\/blog.olimar.de\/wp-content\/uploads\/2020\/12\/Bild-4-1-300x225.jpg 300w\" sizes=\"auto, (max-width: 441px) 100vw, 441px\" \/><\/figure>\n\n\n\n<figure class=\"wp-block-image size-large\"><img loading=\"lazy\" decoding=\"async\" width=\"419\" height=\"314\" data-id=\"15020\" src=\"https:\/\/blog.olimar.de\/wp-content\/uploads\/2020\/12\/Bild-5.png\" alt=\"La Casies Essen\" class=\"wp-image-15020\" srcset=\"https:\/\/blog.olimar.de\/wp-content\/uploads\/2020\/12\/Bild-5.png 419w, https:\/\/blog.olimar.de\/wp-content\/uploads\/2020\/12\/Bild-5-300x225.png 300w\" sizes=\"auto, (max-width: 419px) 100vw, 419px\" \/><\/figure>\n<\/figure>\n\n\n\n<p class=\"wp-block-paragraph\">Normalerweise bevorzugen wir zum Abendessen die umliegenden Restaurants. Aufgrund der Corona-Situation hatten wir uns jedoch entschlossen, die Halbpension zu buchen. Eine \u00fcberaus gute Entscheidung: Die regionale K\u00fcche ist fantastisch, fast auf Sterneniveau. Samstags findet das Galadinner statt, dienstags der beliebte Tiroler Abend. Bei dieser Gelegenheit greift der Inhaber \u201eSepp\u201c Steger zu vorger\u00fcckter Stunde zu seiner Teufelsgeige Marke Eigenbau und singt zusammen mit den G\u00e4sten Tiroler Lieder.<\/p>\n\n\n\n<h2 class=\"wp-block-heading\"><strong>Hotelier Sepp zeigt sich gern als Wanderf\u00fchrer<\/strong><\/h2>\n\n\n\n<p class=\"wp-block-paragraph\">\u00dcberhaupt ist das La Casies ohne Sepp nur schwer vorstellbar. Das zeigt sich auch in den zahlreichen Aktivit\u00e4ten. Das man in den Dolomiten wunderbar wandern kann ist selbstverst\u00e4ndlich. Zusammen mit Sepp wird es zu einem besonderen Erlebnis. Sepp kennt \u201esein\u201c Tal wie seine Westentasche und nimmt seine G\u00e4ste gerne mit zum \u201eHohen Mann\u201c, zum \u201eH\u00f6rneckele\u201c oder zum \u201eSchwarzsee\u201c, um nur einige Hotspots zu nennen. Auch wir trugen uns gern in die Exkursion-Listen ein und wanderten mit Sepp zu den drei Zinnen. Anstrengend, aber unvergesslich.<\/p>\n\n\n\n<p class=\"wp-block-paragraph\">Wer die Gipfel schneller erreichen will, kann die ersten H\u00f6henmeter mit E-Mountainbikes zur\u00fccklegen. So haben wir es gemacht: vom Hotel E-Bikes gemietet, die Trekkingst\u00f6cke am gr\u00fcnen La Casies-Rucksack eingeklinkt, auf die R\u00e4der geschwungen und los ging\u2019s.<\/p>\n\n\n<div class=\"wp-block-image\">\n<figure class=\"aligncenter size-large is-resized\"><img loading=\"lazy\" decoding=\"async\" src=\"https:\/\/blog.olimar.de\/wp-content\/uploads\/2020\/12\/Bild-9.jpg\" alt=\"Mountainbiken durch gr\u00fcne Lanschaften \" class=\"wp-image-15024\" width=\"305\" height=\"229\" srcset=\"https:\/\/blog.olimar.de\/wp-content\/uploads\/2020\/12\/Bild-9.jpg 475w, https:\/\/blog.olimar.de\/wp-content\/uploads\/2020\/12\/Bild-9-300x225.jpg 300w\" sizes=\"auto, (max-width: 305px) 100vw, 305px\" \/><\/figure>\n<\/div>\n\n\n<p class=\"wp-block-paragraph\">Jeden Morgen zum Fr\u00fchst\u00fcck gibt es f\u00fcr die G\u00e4ste die \u201eLa Casies\u201c Hauszeitung mit allen Aktivit\u00e4ten und pers\u00f6nlichen Tipps der Hotelmitarbeiter. Darin entdeckten wir den Tipp von Elvira, der Fr\u00fchst\u00fccksk\u00f6chin. Ihr Lieblingsplatz ist die Tscharnied Alm. Wir entschieden uns, auf dem Weg zum Kalksteinj\u00f6chel hier zu stoppen und trafen dort Elviras Vater. Er erz\u00e4hlte uns stolz, dass seine Tochter im La Casies arbeitet und er lange in Deutschland in der Pfalz beim Weinbau geholfen hat. So klein ist die Welt.<\/p>\n\n\n<div class=\"wp-block-image\">\n<figure class=\"aligncenter size-large is-resized\"><img loading=\"lazy\" decoding=\"async\" src=\"https:\/\/blog.olimar.de\/wp-content\/uploads\/2020\/12\/Bild-10.jpg\" alt=\"Wellness und Entspannung\" class=\"wp-image-15025\" width=\"516\" height=\"290\" srcset=\"https:\/\/blog.olimar.de\/wp-content\/uploads\/2020\/12\/Bild-10.jpg 763w, https:\/\/blog.olimar.de\/wp-content\/uploads\/2020\/12\/Bild-10-300x169.jpg 300w\" sizes=\"auto, (max-width: 516px) 100vw, 516px\" \/><\/figure>\n<\/div>\n\n\n<p class=\"wp-block-paragraph\">Wer nach den sportlichen Aktivit\u00e4ten ins Hotel zur\u00fcckkehrt, freut sich schon auf das herzhaft s\u00fc\u00dfe Nachmittagsbuffet, das von 15 \u2013 17 Uhr angeboten wird. Besonders gefiel uns, dass auch das eine oder andere weiterverarbeitet wurde, was am Vortag in der K\u00fcche \u00fcbriggeblieben ist. Gelebte Nachhaltigkeit!<\/p>\n\n\n\n<h2 class=\"wp-block-heading\"><strong>Gro\u00dfes Spa-Angebot<\/strong><\/h2>\n\n\n\n<p class=\"wp-block-paragraph\">M\u00fcde Muskeln werden in dem gro\u00dfz\u00fcgigen Spa bei einer der zahlreichen Anwendungen wieder fit gemacht. Zur Abk\u00fchlung nach der finnischen Sauna oder der Bio-Kr\u00e4utersauna dient der bereits erw\u00e4hnte Bachlauf als hoteleigenes Tauchbecken.<\/p>\n\n\n\n<figure class=\"wp-block-gallery aligncenter has-nested-images columns-default is-cropped wp-block-gallery-2 is-layout-flex wp-block-gallery-is-layout-flex\">\n<figure class=\"wp-block-image size-large\"><img loading=\"lazy\" decoding=\"async\" width=\"549\" height=\"308\" data-id=\"15026\" src=\"https:\/\/blog.olimar.de\/wp-content\/uploads\/2020\/12\/Bild-11.jpg\" alt=\"La Casies Pool\" class=\"wp-image-15026\" srcset=\"https:\/\/blog.olimar.de\/wp-content\/uploads\/2020\/12\/Bild-11.jpg 549w, https:\/\/blog.olimar.de\/wp-content\/uploads\/2020\/12\/Bild-11-300x168.jpg 300w\" sizes=\"auto, (max-width: 549px) 100vw, 549px\" \/><\/figure>\n\n\n\n<figure class=\"wp-block-image size-large\"><img loading=\"lazy\" decoding=\"async\" width=\"515\" height=\"305\" data-id=\"15027\" src=\"https:\/\/blog.olimar.de\/wp-content\/uploads\/2020\/12\/Bild-12.jpg\" alt=\"La Casies Sauna\" class=\"wp-image-15027\" srcset=\"https:\/\/blog.olimar.de\/wp-content\/uploads\/2020\/12\/Bild-12.jpg 515w, https:\/\/blog.olimar.de\/wp-content\/uploads\/2020\/12\/Bild-12-300x178.jpg 300w\" sizes=\"auto, (max-width: 515px) 100vw, 515px\" \/><\/figure>\n<\/figure>\n\n\n\n<h2 class=\"wp-block-heading\"><strong>Zwischen H\u00fctten und H\u00f6fen<\/strong><\/h2>\n\n\n\n<p class=\"wp-block-paragraph\">In kaum einer anderen Region S\u00fcdtirols gibt es so viele urige, bewirtschaftete Almh\u00fctten wie im&nbsp; Gsieser Tal. Dazu geh\u00f6rt insbesondere die Hausalmh\u00fctte, die \u201eMessnerh\u00fctte\u201c, wo typische S\u00fcdtiroler Schmankerl angeboten werden. Diese erreicht man vom Hotel aus nach einer einst\u00fcndigen Wanderung.<\/p>\n\n\n\n<figure class=\"wp-block-gallery has-nested-images columns-default is-cropped wp-block-gallery-3 is-layout-flex wp-block-gallery-is-layout-flex\">\n<figure class=\"wp-block-image size-large\"><img loading=\"lazy\" decoding=\"async\" width=\"516\" height=\"387\" data-id=\"15029\" src=\"https:\/\/blog.olimar.de\/wp-content\/uploads\/2020\/12\/Bild-14.png\" alt=\"typische Alm\" class=\"wp-image-15029\" srcset=\"https:\/\/blog.olimar.de\/wp-content\/uploads\/2020\/12\/Bild-14.png 516w, https:\/\/blog.olimar.de\/wp-content\/uploads\/2020\/12\/Bild-14-300x225.png 300w\" sizes=\"auto, (max-width: 516px) 100vw, 516px\" \/><\/figure>\n\n\n\n<figure class=\"wp-block-image size-large\"><img loading=\"lazy\" decoding=\"async\" width=\"679\" height=\"509\" data-id=\"15030\" src=\"https:\/\/blog.olimar.de\/wp-content\/uploads\/2020\/12\/Bild-15.jpg\" alt=\"Liege mit Ausblick auf Berge\" class=\"wp-image-15030\" srcset=\"https:\/\/blog.olimar.de\/wp-content\/uploads\/2020\/12\/Bild-15.jpg 679w, https:\/\/blog.olimar.de\/wp-content\/uploads\/2020\/12\/Bild-15-300x225.jpg 300w\" sizes=\"auto, (max-width: 679px) 100vw, 679px\" \/><\/figure>\n<\/figure>\n\n\n\n<p class=\"wp-block-paragraph\">Auf den umliegenden H\u00f6fen k\u00f6nnen Interessierte regionale Produkte kaufen oder bei der Herstellung zusehen. Das Angebot reicht vom Schnaps-Seminar bis hin zur K\u00e4seherstellung, Kr\u00e4uter-und Kneipwanderungen, Klettersteigkursen sowie Familienwanderungen und ist zu vielf\u00e4ltig um hier alles zu erw\u00e4hnen.<\/p>\n\n\n<div class=\"wp-block-image\">\n<figure class=\"aligncenter size-large is-resized\"><img loading=\"lazy\" decoding=\"async\" src=\"https:\/\/blog.olimar.de\/wp-content\/uploads\/2020\/12\/Bild-17.png\" alt=\"Mit Lichtern leuchtender Berg - Herzform \" class=\"wp-image-15032\" width=\"340\" height=\"278\" srcset=\"https:\/\/blog.olimar.de\/wp-content\/uploads\/2020\/12\/Bild-17.png 480w, https:\/\/blog.olimar.de\/wp-content\/uploads\/2020\/12\/Bild-17-300x246.png 300w\" sizes=\"auto, (max-width: 340px) 100vw, 340px\" \/><\/figure>\n<\/div>\n\n\n<p class=\"wp-block-paragraph\">Jeden Sonntag nach Fronleichnam sind im Gsieser Tal, wie auch in ganz S\u00fcdtirol, die \u201eHerz-Jesu-Feuer\u201c ein ganz besonderes Highlight. Sie werden aus langer Tradition in Erinnerung an den Widerstand der Tiroler gegen den Angriff Napoleons aus dem Jahr 1796 entz\u00fcndet. Tausende Fackeln formen seitdem kunstvolle, religi\u00f6se Symbole wie Herzen, Kreuze, Tauben und betende H\u00e4nde auf die Berge.                                                                                                                                           Ein echter G\u00e4nsehautmoment, der Schaulustige aus der ganzen Umgebung ins Tal lockt.<\/p>\n\n\n\n<p class=\"wp-block-paragraph\">Unser Fazit nach einer Woche: Wir sind der Magie der Berge verfallen und freuen uns schon auf unseren Aufenthalt im n\u00e4chsten Jahr \u2013 hoffentlich ohne Corona Einschr\u00e4nkungen, die w\u00e4hrend unseres Aufenthalts im Hotel aber vorbildlich umgesetzt wurden.<\/p>\n\n\n\n<figure class=\"wp-block-image size-large\"><img loading=\"lazy\" decoding=\"async\" width=\"1024\" height=\"253\" src=\"https:\/\/blog.olimar.de\/wp-content\/uploads\/2020\/12\/Bild-19-1024x253.jpg\" alt=\"Panoramabild \u00fcber die Landschaft \" class=\"wp-image-15034\" srcset=\"https:\/\/blog.olimar.de\/wp-content\/uploads\/2020\/12\/Bild-19-1024x253.jpg 1024w, https:\/\/blog.olimar.de\/wp-content\/uploads\/2020\/12\/Bild-19-300x74.jpg 300w, https:\/\/blog.olimar.de\/wp-content\/uploads\/2020\/12\/Bild-19-768x190.jpg 768w, https:\/\/blog.olimar.de\/wp-content\/uploads\/2020\/12\/Bild-19.jpg 1386w\" sizes=\"auto, (max-width: 1024px) 100vw, 1024px\" \/><\/figure>\n\n\n\n<div style=\"height:50px\" aria-hidden=\"true\" class=\"wp-block-spacer\"><\/div>\n\n\n\n<div class=\"wp-block-buttons is-layout-flex wp-block-buttons-is-layout-flex\">\n<div class=\"wp-block-button\"><a class=\"wp-block-button__link wp-element-button\" href=\"https:\/\/www.olimar.de\/hotellistung\/\">Jetzt Urlaubsangebote finden und buchen<\/a><\/div>\n<\/div>\n\n\n\n<div style=\"height:100px\" aria-hidden=\"true\" class=\"wp-block-spacer\"><\/div>\n","protected":false},"excerpt":{"rendered":"<p>Normalerweise verbringen wir unsere Ferien in Portugal oder auf italienischen Inseln. Da unsere M\u00f6glichkeiten durch Corona begrenzt waren, fiel dieses Jahr unsere Wahl auf ein wundersch\u00f6nes Hotel aus dem OLIMAR Programm: das La Casies Mountain Living im Gsieser Tal in S\u00fcdtirol. Aus K\u00f6ln kommend erreichten wir nach ca. 9 Stunden Fahrt nachmittags das Hotel. Bei herrlichem Sonnenschein genossen wir mit einem Welcome Drink in der Hand den ersten Blick von der gro\u00dfen Terrasse des Hotels in das Gsiesertal. Das La Casies liegt ruhig am Talschuss auf 1.400 m. \u00fc. M. und strahlt schon bei der herzlichen Begr\u00fc\u00dfung eine heimelige Atmosph\u00e4re aus. &hellip;<\/p>\n","protected":false},"author":9,"featured_media":16090,"comment_status":"open","ping_status":"open","sticky":false,"template":"","format":"standard","meta":{"_crdt_document":"","_lmt_disableupdate":"","_lmt_disable":"","footnotes":""},"categories":[32],"tags":[187,35],"class_list":["post-15013","post","type-post","status-publish","format-standard","has-post-thumbnail","hentry","category-hoteltipps","tag-dolomiten","tag-italien"],"yoast_head":"<!-- This site is optimized with the Yoast SEO plugin v26.9 - https:\/\/yoast.com\/product\/yoast-seo-wordpress\/ -->\n<title>La Casies Mountain Living in den Dolomiten -<\/title>\n<meta name=\"description\" content=\"Die Dolomiten sind ein interessantes Reiseziel. Unsere Kollegin Heike H. hat die Region erkundet und berichtet von ihren Eindr\u00fccken.\" \/>\n<meta name=\"robots\" content=\"index, follow, max-snippet:-1, max-image-preview:large, max-video-preview:-1\" \/>\n<link rel=\"canonical\" href=\"https:\/\/blog.olimar.de\/la-casies-mountain-dolomiten\/\" \/>\n<meta property=\"og:locale\" content=\"de_DE\" \/>\n<meta property=\"og:type\" content=\"article\" \/>\n<meta property=\"og:title\" content=\"La Casies Mountain Living in den Dolomiten -\" \/>\n<meta property=\"og:description\" content=\"Die Dolomiten sind ein interessantes Reiseziel. Unsere Kollegin Heike H. hat die Region erkundet und berichtet von ihren Eindr\u00fccken.\" \/>\n<meta property=\"og:url\" content=\"https:\/\/blog.olimar.de\/la-casies-mountain-dolomiten\/\" \/>\n<meta property=\"article:publisher\" content=\"https:\/\/www.facebook.com\/OlimarReisen\" \/>\n<meta property=\"article:published_time\" content=\"2020-12-10T16:25:20+00:00\" \/>\n<meta property=\"article:modified_time\" content=\"2023-05-26T18:02:34+00:00\" \/>\n<meta property=\"og:image\" content=\"https:\/\/blog.olimar.de\/wp-content\/uploads\/2020\/12\/F098_Karbachertal_scaled.jpg\" \/>\n\t<meta property=\"og:image:width\" content=\"1536\" \/>\n\t<meta property=\"og:image:height\" content=\"988\" \/>\n\t<meta property=\"og:image:type\" content=\"image\/jpeg\" \/>\n<meta name=\"author\" content=\"OLIMAR Redaktionsteam\" \/>\n<meta name=\"twitter:label1\" content=\"Verfasst von\" \/>\n\t<meta name=\"twitter:data1\" content=\"OLIMAR Redaktionsteam\" \/>\n\t<meta name=\"twitter:label2\" content=\"Gesch\u00e4tzte Lesezeit\" \/>\n\t<meta name=\"twitter:data2\" content=\"7\u00a0Minuten\" \/>\n<script type=\"application\/ld+json\" class=\"yoast-schema-graph\">{\"@context\":\"https:\/\/schema.org\",\"@graph\":[{\"@type\":\"WebPage\",\"@id\":\"https:\/\/blog.olimar.de\/la-casies-mountain-dolomiten\/\",\"url\":\"https:\/\/blog.olimar.de\/la-casies-mountain-dolomiten\/\",\"name\":\"La Casies Mountain Living in den Dolomiten -\",\"isPartOf\":{\"@id\":\"https:\/\/blog.olimar.de\/#website\"},\"primaryImageOfPage\":{\"@id\":\"https:\/\/blog.olimar.de\/la-casies-mountain-dolomiten\/#primaryimage\"},\"image\":{\"@id\":\"https:\/\/blog.olimar.de\/la-casies-mountain-dolomiten\/#primaryimage\"},\"thumbnailUrl\":\"https:\/\/blog.olimar.de\/wp-content\/uploads\/2020\/12\/F098_Karbachertal_scaled.jpg\",\"datePublished\":\"2020-12-10T16:25:20+00:00\",\"dateModified\":\"2023-05-26T18:02:34+00:00\",\"description\":\"Die Dolomiten sind ein interessantes Reiseziel. Unsere Kollegin Heike H. hat die Region erkundet und berichtet von ihren Eindr\u00fccken.\",\"breadcrumb\":{\"@id\":\"https:\/\/blog.olimar.de\/la-casies-mountain-dolomiten\/#breadcrumb\"},\"inLanguage\":\"de\",\"potentialAction\":[{\"@type\":\"ReadAction\",\"target\":[\"https:\/\/blog.olimar.de\/la-casies-mountain-dolomiten\/\"]}]},{\"@type\":\"ImageObject\",\"inLanguage\":\"de\",\"@id\":\"https:\/\/blog.olimar.de\/la-casies-mountain-dolomiten\/#primaryimage\",\"url\":\"https:\/\/blog.olimar.de\/wp-content\/uploads\/2020\/12\/F098_Karbachertal_scaled.jpg\",\"contentUrl\":\"https:\/\/blog.olimar.de\/wp-content\/uploads\/2020\/12\/F098_Karbachertal_scaled.jpg\",\"width\":1536,\"height\":988,\"caption\":\"Italien Karbachertal Panorama\"},{\"@type\":\"BreadcrumbList\",\"@id\":\"https:\/\/blog.olimar.de\/la-casies-mountain-dolomiten\/#breadcrumb\",\"itemListElement\":[{\"@type\":\"ListItem\",\"position\":1,\"name\":\"Home\",\"item\":\"https:\/\/blog.olimar.de\/\"},{\"@type\":\"ListItem\",\"position\":2,\"name\":\"Dolomiten\",\"item\":\"https:\/\/blog.olimar.de\/tag\/dolomiten\/\"},{\"@type\":\"ListItem\",\"position\":3,\"name\":\"La Casies Mountain Living in den Dolomiten\"}]},{\"@type\":\"WebSite\",\"@id\":\"https:\/\/blog.olimar.de\/#website\",\"url\":\"https:\/\/blog.olimar.de\/\",\"name\":\"OLIMAR.com\",\"description\":\"\",\"publisher\":{\"@id\":\"https:\/\/blog.olimar.de\/#organization\"},\"potentialAction\":[{\"@type\":\"SearchAction\",\"target\":{\"@type\":\"EntryPoint\",\"urlTemplate\":\"https:\/\/blog.olimar.de\/?s={search_term_string}\"},\"query-input\":{\"@type\":\"PropertyValueSpecification\",\"valueRequired\":true,\"valueName\":\"search_term_string\"}}],\"inLanguage\":\"de\"},{\"@type\":\"Organization\",\"@id\":\"https:\/\/blog.olimar.de\/#organization\",\"name\":\"OLIMAR Reisen\",\"url\":\"https:\/\/blog.olimar.de\/\",\"logo\":{\"@type\":\"ImageObject\",\"inLanguage\":\"de\",\"@id\":\"https:\/\/blog.olimar.de\/#\/schema\/logo\/image\/\",\"url\":\"https:\/\/blog.olimar.de\/wp-content\/uploads\/2021\/01\/OLIMAR_Logo_COLOR.png\",\"contentUrl\":\"https:\/\/blog.olimar.de\/wp-content\/uploads\/2021\/01\/OLIMAR_Logo_COLOR.png\",\"width\":2000,\"height\":986,\"caption\":\"OLIMAR Reisen\"},\"image\":{\"@id\":\"https:\/\/blog.olimar.de\/#\/schema\/logo\/image\/\"},\"sameAs\":[\"https:\/\/www.facebook.com\/OlimarReisen\",\"https:\/\/x.com\/olimarrreisen\",\"https:\/\/www.instagram.com\/olimarreisen\",\"https:\/\/www.youtube.com\/user\/olimarreisen\"]}]}<\/script>\n<!-- \/ Yoast SEO plugin. -->","yoast_head_json":{"title":"La Casies Mountain Living in den Dolomiten -","description":"Die Dolomiten sind ein interessantes Reiseziel. Unsere Kollegin Heike H. hat die Region erkundet und berichtet von ihren Eindr\u00fccken.","robots":{"index":"index","follow":"follow","max-snippet":"max-snippet:-1","max-image-preview":"max-image-preview:large","max-video-preview":"max-video-preview:-1"},"canonical":"https:\/\/blog.olimar.de\/la-casies-mountain-dolomiten\/","og_locale":"de_DE","og_type":"article","og_title":"La Casies Mountain Living in den Dolomiten -","og_description":"Die Dolomiten sind ein interessantes Reiseziel. Unsere Kollegin Heike H. hat die Region erkundet und berichtet von ihren Eindr\u00fccken.","og_url":"https:\/\/blog.olimar.de\/la-casies-mountain-dolomiten\/","article_publisher":"https:\/\/www.facebook.com\/OlimarReisen","article_published_time":"2020-12-10T16:25:20+00:00","article_modified_time":"2023-05-26T18:02:34+00:00","og_image":[{"width":1536,"height":988,"url":"https:\/\/blog.olimar.de\/wp-content\/uploads\/2020\/12\/F098_Karbachertal_scaled.jpg","type":"image\/jpeg"}],"author":"OLIMAR Redaktionsteam","twitter_misc":{"Verfasst von":"OLIMAR Redaktionsteam","Gesch\u00e4tzte Lesezeit":"7\u00a0Minuten"},"schema":{"@context":"https:\/\/schema.org","@graph":[{"@type":"WebPage","@id":"https:\/\/blog.olimar.de\/la-casies-mountain-dolomiten\/","url":"https:\/\/blog.olimar.de\/la-casies-mountain-dolomiten\/","name":"La Casies Mountain Living in den Dolomiten -","isPartOf":{"@id":"https:\/\/blog.olimar.de\/#website"},"primaryImageOfPage":{"@id":"https:\/\/blog.olimar.de\/la-casies-mountain-dolomiten\/#primaryimage"},"image":{"@id":"https:\/\/blog.olimar.de\/la-casies-mountain-dolomiten\/#primaryimage"},"thumbnailUrl":"https:\/\/blog.olimar.de\/wp-content\/uploads\/2020\/12\/F098_Karbachertal_scaled.jpg","datePublished":"2020-12-10T16:25:20+00:00","dateModified":"2023-05-26T18:02:34+00:00","description":"Die Dolomiten sind ein interessantes Reiseziel. Unsere Kollegin Heike H. hat die Region erkundet und berichtet von ihren Eindr\u00fccken.","breadcrumb":{"@id":"https:\/\/blog.olimar.de\/la-casies-mountain-dolomiten\/#breadcrumb"},"inLanguage":"de","potentialAction":[{"@type":"ReadAction","target":["https:\/\/blog.olimar.de\/la-casies-mountain-dolomiten\/"]}]},{"@type":"ImageObject","inLanguage":"de","@id":"https:\/\/blog.olimar.de\/la-casies-mountain-dolomiten\/#primaryimage","url":"https:\/\/blog.olimar.de\/wp-content\/uploads\/2020\/12\/F098_Karbachertal_scaled.jpg","contentUrl":"https:\/\/blog.olimar.de\/wp-content\/uploads\/2020\/12\/F098_Karbachertal_scaled.jpg","width":1536,"height":988,"caption":"Italien Karbachertal Panorama"},{"@type":"BreadcrumbList","@id":"https:\/\/blog.olimar.de\/la-casies-mountain-dolomiten\/#breadcrumb","itemListElement":[{"@type":"ListItem","position":1,"name":"Home","item":"https:\/\/blog.olimar.de\/"},{"@type":"ListItem","position":2,"name":"Dolomiten","item":"https:\/\/blog.olimar.de\/tag\/dolomiten\/"},{"@type":"ListItem","position":3,"name":"La Casies Mountain Living in den Dolomiten"}]},{"@type":"WebSite","@id":"https:\/\/blog.olimar.de\/#website","url":"https:\/\/blog.olimar.de\/","name":"OLIMAR.com","description":"","publisher":{"@id":"https:\/\/blog.olimar.de\/#organization"},"potentialAction":[{"@type":"SearchAction","target":{"@type":"EntryPoint","urlTemplate":"https:\/\/blog.olimar.de\/?s={search_term_string}"},"query-input":{"@type":"PropertyValueSpecification","valueRequired":true,"valueName":"search_term_string"}}],"inLanguage":"de"},{"@type":"Organization","@id":"https:\/\/blog.olimar.de\/#organization","name":"OLIMAR Reisen","url":"https:\/\/blog.olimar.de\/","logo":{"@type":"ImageObject","inLanguage":"de","@id":"https:\/\/blog.olimar.de\/#\/schema\/logo\/image\/","url":"https:\/\/blog.olimar.de\/wp-content\/uploads\/2021\/01\/OLIMAR_Logo_COLOR.png","contentUrl":"https:\/\/blog.olimar.de\/wp-content\/uploads\/2021\/01\/OLIMAR_Logo_COLOR.png","width":2000,"height":986,"caption":"OLIMAR Reisen"},"image":{"@id":"https:\/\/blog.olimar.de\/#\/schema\/logo\/image\/"},"sameAs":["https:\/\/www.facebook.com\/OlimarReisen","https:\/\/x.com\/olimarrreisen","https:\/\/www.instagram.com\/olimarreisen","https:\/\/www.youtube.com\/user\/olimarreisen"]}]}},"modified_by":"Lena Radermacher","jetpack_featured_media_url":"https:\/\/blog.olimar.de\/wp-content\/uploads\/2020\/12\/F098_Karbachertal_scaled.jpg","_links":{"self":[{"href":"https:\/\/blog.olimar.de\/wp-json\/wp\/v2\/posts\/15013","targetHints":{"allow":["GET"]}}],"collection":[{"href":"https:\/\/blog.olimar.de\/wp-json\/wp\/v2\/posts"}],"about":[{"href":"https:\/\/blog.olimar.de\/wp-json\/wp\/v2\/types\/post"}],"author":[{"embeddable":true,"href":"https:\/\/blog.olimar.de\/wp-json\/wp\/v2\/users\/9"}],"replies":[{"embeddable":true,"href":"https:\/\/blog.olimar.de\/wp-json\/wp\/v2\/comments?post=15013"}],"version-history":[{"count":17,"href":"https:\/\/blog.olimar.de\/wp-json\/wp\/v2\/posts\/15013\/revisions"}],"predecessor-version":[{"id":25710,"href":"https:\/\/blog.olimar.de\/wp-json\/wp\/v2\/posts\/15013\/revisions\/25710"}],"wp:featuredmedia":[{"embeddable":true,"href":"https:\/\/blog.olimar.de\/wp-json\/wp\/v2\/media\/16090"}],"wp:attachment":[{"href":"https:\/\/blog.olimar.de\/wp-json\/wp\/v2\/media?parent=15013"}],"wp:term":[{"taxonomy":"category","embeddable":true,"href":"https:\/\/blog.olimar.de\/wp-json\/wp\/v2\/categories?post=15013"},{"taxonomy":"post_tag","embeddable":true,"href":"https:\/\/blog.olimar.de\/wp-json\/wp\/v2\/tags?post=15013"}],"curies":[{"name":"wp","href":"https:\/\/api.w.org\/{rel}","templated":true}]}}