{"id":15187,"date":"2020-12-23T14:31:31","date_gmt":"2020-12-23T13:31:31","guid":{"rendered":"https:\/\/blog.olimar.de\/?p=15187"},"modified":"2024-02-21T09:47:08","modified_gmt":"2024-02-21T08:47:08","slug":"hipster-in-der-pinkstreet","status":"publish","type":"post","link":"https:\/\/blog.olimar.de\/hipster-in-der-pinkstreet\/","title":{"rendered":"Keine Zeit f\u00fcr Nostalgie"},"content":{"rendered":"\n<p class=\"wp-block-paragraph\"><strong>Verdammt lang her: Lissabon war noch ein Geheimtipp, Porto nur etwas f\u00fcr Weinliebhaber und in Sagres gab es keine \u201eletzte Bratwurst vor Amerika\u201c. Die guten alten Zeiten? Nein, sagen meine Freunde in Portugal, und heilen mich auf einer Reise im Sp\u00e4tsommer 2020 von der <em>Saudade<\/em>, der portugiesischen Wehmut, mit der sie mich vor drei Jahrzehnten angesteckt hatten. &nbsp;<\/strong><\/p>\n\n\n\n<p>Die Reise beginnt im Norden, wo ich vor 35 Jahren mit dem Zug vom spanischen Galicien kommend in Valen\u00e7a do Minho ankam und zum ersten Mal portugiesischen Boden betrat. Nach einer umst\u00e4ndlichen Pass- und Zollkontrolle auf dem Bahnsteig ging es weiter nach Viana do Castelo, wo ich Jos\u00e9 Tom\u00e1s kennenlernte. Er und seine Studentenclique campten wild am Strand, was kein Problem war. Bei der zweiten Flasche \u201eSuper Bock\u201c sagte er, ich solle ihn \u201eZ\u00e9\u201c nennen.<\/p>\n\n\n\n<h3 class=\"wp-block-heading\"><strong>Porto: Harry Potter kann warten<\/strong><\/h3>\n\n\n\n<p>Im September 2020 sehe ich Z\u00e9 zum ersten Mal seit vielen Jahren wieder. Der 52-j\u00e4hrige Architekt zeigt mir, warum <a href=\"https:\/\/www.olimar.de\/blog\/ein-tag-in-porto\/\">Portugals zweitgr\u00f6\u00dfte Stadt<\/a> ein Hotspot der zeitgen\u00f6ssischen Baukunst ist. Sein Diplom machte Z\u00e9 Anfang der 1990er Jahre an der Uni Porto, wo \u00c1lvaro Siza de Viera eine Professur hatte. Der 87-J\u00e4hrige ist einer der wichtigsten Gegenwartsarchitekten Europas. Siza de Vieras <strong>Museum f\u00fcr Zeitgen\u00f6ssische Kunst Serralves<\/strong> war ein Meilenstein auf dem Weg Portos zur Europ\u00e4ischen Kulturhauptstadt 2001. Rund 3 km davon entfernt erwartet mich Z\u00e9 an der <strong>Casa da M\u00fasica<\/strong>, die im Eventjahr eingeweiht wurde. Das Konzerthaus des niederl\u00e4ndischen Stararchitekten Rem Koolhas steht wie ein riesiger Meteorit zwischen zweist\u00f6ckigen H\u00e4usern aus dem 19. Jahrhundert. Z\u00e9 findet diesen Kontrast inspirierend. \u201eDie Innenr\u00e4ume sind mit Aluminium und blau-wei\u00dfen Azulejos verkleidet, Materialien, die in <a href=\"https:\/\/www.olimar.de\/portugal\/metropolen\/porto\/\">Porto<\/a> eine lange Tradition haben\u201c, erkl\u00e4rt er, bevor wir zum 500 Meter entfernt liegenden <strong>Mercado do Bom Sucesso<\/strong> gehen. Den halbrunden Stahlbetonbau von 1949 hatte ich vor 30 Jahren als Markthalle mit starken Ger\u00fcchen und Ger\u00e4uschen erlebt. Jetzt ist der Mercado ein gepflegtes B\u00fcro- und Gesch\u00e4ftszentrum mit Hotel und \u201eFood Court\u201c. Dort trinken wir ein \u201eFino\u201c, wie man in Porto ein kleines Fassbier nennt. Z\u00e9 bewundert die langen, gew\u00f6lbten St\u00fctzbogen und W\u00e4nde mit gro\u00dfen Fenstern: \u201eEin Fest des Lichts\u201c, schw\u00e4rmt er. &nbsp;<\/p>\n\n\n\n<div class=\"wp-block-group\"><div class=\"wp-block-group__inner-container is-layout-flow wp-block-group-is-layout-flow\">\n<div class=\"wp-block-group\"><div class=\"wp-block-group__inner-container is-layout-flow wp-block-group-is-layout-flow\">\n<div class=\"wp-block-group\"><div class=\"wp-block-group__inner-container is-layout-flow wp-block-group-is-layout-flow\">\n<figure class=\"wp-block-gallery has-nested-images columns-default is-cropped wp-block-gallery-1 is-layout-flex wp-block-gallery-is-layout-flex\">\n<figure class=\"wp-block-image size-large\"><img loading=\"lazy\" decoding=\"async\" width=\"500\" height=\"333\" data-id=\"15213\" src=\"https:\/\/blog.olimar.de\/wp-content\/uploads\/2020\/12\/PT-Porto-CasadaMusicaB-c-Associacao_de_Turismo_do_Porto_e_Norte-8_compressed-1.jpg\" alt=\"Portugal Porto Casa da Musica\" class=\"wp-image-15213\" srcset=\"https:\/\/blog.olimar.de\/wp-content\/uploads\/2020\/12\/PT-Porto-CasadaMusicaB-c-Associacao_de_Turismo_do_Porto_e_Norte-8_compressed-1.jpg 500w, https:\/\/blog.olimar.de\/wp-content\/uploads\/2020\/12\/PT-Porto-CasadaMusicaB-c-Associacao_de_Turismo_do_Porto_e_Norte-8_compressed-1-300x200.jpg 300w\" sizes=\"auto, (max-width: 500px) 100vw, 500px\" \/><figcaption class=\"wp-element-caption\">Casa da M\u00fasica <br>\u00a9 Associa\u00e7\u00e3o Turismo do Porto e Norte<\/figcaption><\/figure>\n\n\n\n<figure class=\"wp-block-image size-large\"><img loading=\"lazy\" decoding=\"async\" width=\"500\" height=\"333\" data-id=\"15214\" src=\"https:\/\/blog.olimar.de\/wp-content\/uploads\/2020\/12\/PT-Porto-MercadodoBomSucesso-c-Associacao_de_Turismo_do_Porto_e_Norte-9_compressed.jpg\" alt=\"Portugal Porto Mercado do Bom Sucesso\" class=\"wp-image-15214\" srcset=\"https:\/\/blog.olimar.de\/wp-content\/uploads\/2020\/12\/PT-Porto-MercadodoBomSucesso-c-Associacao_de_Turismo_do_Porto_e_Norte-9_compressed.jpg 500w, https:\/\/blog.olimar.de\/wp-content\/uploads\/2020\/12\/PT-Porto-MercadodoBomSucesso-c-Associacao_de_Turismo_do_Porto_e_Norte-9_compressed-300x200.jpg 300w\" sizes=\"auto, (max-width: 500px) 100vw, 500px\" \/><figcaption class=\"wp-element-caption\">Mercado do Bom Sucesso<br>\u00a9 Associa\u00e7\u00e3o Turismo do Porto e Norte<\/figcaption><\/figure>\n<\/figure>\n<\/div><\/div>\n<\/div><\/div>\n<\/div><\/div>\n\n\n\n<p>Der st\u00e4dtebauliche Aufbruch um 2001 bescherte auch Z\u00e9 seinen ersten gro\u00dfen Auftrag: die Sanierung eines alten Wohnhauses unterhalb der Kathedrale, das wir uns auf dem Weg ins <strong>Ribeira-Viertel<\/strong> anschauen. Z\u00e9s Meisterst\u00fcck bietet von den oberen Stockwerken aus einen tollen Blick auf den Douro und die eiserne Br\u00fccke Ponte Dom Lu\u00eds I., die zu den klassischen Ikonen Portos z\u00e4hlt. Auf der unteren Plattform der Doppelbogenbr\u00fccke gehen wir r\u00fcber zu den Portweinkellereien. Hier treffe ich auf einen alten Bekannten, den Don von \u201eSandeman\u201c, eine geheimnisvolle Figur im schwarzen Umhang mit Hut. W\u00e4hrend wir auf der autofreien Flusspromenade an Dutzenden von Caf\u00e9s, Restaurants und Ausflugsschiffen vorbei laufen, errinnere ich mich an das Verkehrschaos und die Hupkonzerte vor 30 Jahren.<\/p>\n\n\n<div class=\"wp-block-image\">\n<figure class=\"aligncenter size-large\"><img loading=\"lazy\" decoding=\"async\" width=\"500\" height=\"334\" src=\"https:\/\/blog.olimar.de\/wp-content\/uploads\/2020\/12\/PT-Porto-Sandeman-c-WalzingMeurers-4187_compressed-1.jpg\" alt=\"Portweinkellerei Sandeman von au\u00dfen \" class=\"wp-image-15218\" srcset=\"https:\/\/blog.olimar.de\/wp-content\/uploads\/2020\/12\/PT-Porto-Sandeman-c-WalzingMeurers-4187_compressed-1.jpg 500w, https:\/\/blog.olimar.de\/wp-content\/uploads\/2020\/12\/PT-Porto-Sandeman-c-WalzingMeurers-4187_compressed-1-300x200.jpg 300w\" sizes=\"auto, (max-width: 500px) 100vw, 500px\" \/><figcaption class=\"wp-element-caption\">Portweinkellerei Sandeman<\/figcaption><\/figure>\n<\/div>\n\n\n<p>Nach dem Mittagessen fahren wir raus nach Matosinhos. Als ich das letzte Mal dort war, ratterten alte Stra\u00dfenbahnen durch den Hafen- und Industrievorort. Es roch nach Schiffsdiesel und Fischfabriken. Heute schnuppere ich saubere Atlantikluft, Z\u00e9 f\u00fchrt mich am Strand entlang zum <strong>Porto Cruise Terminal<\/strong>. Der hell leuchtende Bau liegt wie eine zusammengerollte Schlange auf dem Dock. \u201eEin Oktopus\u201c, meint Z\u00e9: \u201eDie Tentakel sind die Wege, die vom Landesteg ins Geb\u00e4ude f\u00fchren\u201c. Das 2015 er\u00f6ffnete Kreuzfahrtterminal ist das Werk von Lu\u00eds Pedro Silva. 2017 wurde es von \u201eArchDaily\u201c, der gr\u00f6\u00dften digitalen Community f\u00fcr Design und Architektur, zum \u201eBuilding of the Year\u201c gek\u00fcrt.<\/p>\n\n\n<div class=\"wp-block-image\">\n<figure class=\"aligncenter size-large is-resized\"><img loading=\"lazy\" decoding=\"async\" src=\"https:\/\/blog.olimar.de\/wp-content\/uploads\/2020\/12\/PT-Porto-CruiseTerminalA-c-Associacao_de_Turismo_do_Porto_e_Norte-15_compressed.jpg\" alt=\"Porte Cruise Terminal im Abendlicht \" class=\"wp-image-15209\" width=\"499\" height=\"332\" srcset=\"https:\/\/blog.olimar.de\/wp-content\/uploads\/2020\/12\/PT-Porto-CruiseTerminalA-c-Associacao_de_Turismo_do_Porto_e_Norte-15_compressed.jpg 1000w, https:\/\/blog.olimar.de\/wp-content\/uploads\/2020\/12\/PT-Porto-CruiseTerminalA-c-Associacao_de_Turismo_do_Porto_e_Norte-15_compressed-300x200.jpg 300w, https:\/\/blog.olimar.de\/wp-content\/uploads\/2020\/12\/PT-Porto-CruiseTerminalA-c-Associacao_de_Turismo_do_Porto_e_Norte-15_compressed-768x512.jpg 768w, https:\/\/blog.olimar.de\/wp-content\/uploads\/2020\/12\/PT-Porto-CruiseTerminalA-c-Associacao_de_Turismo_do_Porto_e_Norte-15_compressed-840x560.jpg 840w\" sizes=\"auto, (max-width: 499px) 100vw, 499px\" \/><figcaption class=\"wp-element-caption\">Porto Cruise Terminal \u00a9 Associa\u00e7\u00e3o Turismo do Porto e Norte<\/figcaption><\/figure>\n<\/div>\n\n\n<p>Zur\u00fcck im Zentrum, trinken wir ein Abschieds-Fino. Z\u00e9s alte Stammkneipe, damals eine verr\u00e4ucherte Studentenh\u00f6hle, ist jetzt ein wohlriechendes Franchise-Lokal f\u00fcr Cupcakes &amp; Coffee. Auf der Terrasse betrachten wir die Besucherschlange vor der Buchhandlung <strong>Livraria Lello.<\/strong> Vor 30 Jahren, als Z\u00e9 hier seine Fachliteratur kaufte, zeigte er mir das neogotische Interieur mit der h\u00f6lzernen Schneckentreppe. Dann kamen die Nullerjahre und Harry Potter machte die Livraria Lello zu einer der ber\u00fchmtesten Buchhandlungen der Welt, f\u00fcr die man jetzt Eintritt verlangt. Ich seufze, Z\u00e9 sieht es gelassen. B\u00fccher bestellt er im Internet. Ohne die Touristen g\u00e4be es die \u00fcber 100 Jahre alte Buchhandlung vielleicht gar nicht mehr, gibt er zu bedenken, bevor wir uns verabschieden.<\/p>\n\n\n<div class=\"wp-block-image\">\n<figure class=\"aligncenter size-large is-resized\"><img loading=\"lazy\" decoding=\"async\" src=\"https:\/\/blog.olimar.de\/wp-content\/uploads\/2020\/12\/PT-Porto-LivrariaLello-c-Associacao_de_Turismo_do_Porto_e_Norte-3_compressed.jpg\" alt=\"Livraria Lello - Treppen zwischen B\u00fccherregalen \" class=\"wp-image-15220\" width=\"502\" height=\"334\" srcset=\"https:\/\/blog.olimar.de\/wp-content\/uploads\/2020\/12\/PT-Porto-LivrariaLello-c-Associacao_de_Turismo_do_Porto_e_Norte-3_compressed.jpg 500w, https:\/\/blog.olimar.de\/wp-content\/uploads\/2020\/12\/PT-Porto-LivrariaLello-c-Associacao_de_Turismo_do_Porto_e_Norte-3_compressed-300x200.jpg 300w\" sizes=\"auto, (max-width: 502px) 100vw, 502px\" \/><figcaption class=\"wp-element-caption\">Livraria Lello \u00a9 Associa\u00e7\u00e3o Turismo do Porto e Norte<\/figcaption><\/figure>\n<\/div>\n\n\n<p><strong>Zum 2. Teil der Story \u2013 <\/strong><a href=\"https:\/\/blog.olimar.de\/hipster-in-der-pinkstreet-ii\/\">Lissabon: Hipster in der Pinkstreet<\/a><\/p>\n\n\n\n<div style=\"height:30px\" aria-hidden=\"true\" class=\"wp-block-spacer\"><\/div>\n","protected":false},"excerpt":{"rendered":"<p>Verdammt lang her: Lissabon war noch ein Geheimtipp, Porto nur etwas f\u00fcr Weinliebhaber und in Sagres gab es keine \u201eletzte Bratwurst vor Amerika\u201c. Die guten alten Zeiten? Nein, sagen meine Freunde in Portugal, und heilen mich auf einer Reise im Sp\u00e4tsommer 2020 von der Saudade, der portugiesischen Wehmut, mit der sie mich vor drei Jahrzehnten angesteckt hatten. \u00a0<\/p>\n","protected":false},"author":80,"featured_media":15225,"comment_status":"open","ping_status":"open","sticky":false,"template":"","format":"standard","meta":{"_crdt_document":"","_lmt_disableupdate":"","_lmt_disable":"","footnotes":""},"categories":[28,31],"tags":[211,110,34,20],"class_list":["post-15187","post","type-post","status-publish","format-standard","has-post-thumbnail","hentry","category-kunst-kultur","category-land-leute","tag-dourotal","tag-porto","tag-portugal","tag-slider"],"yoast_head":"<!-- This site is optimized with the Yoast SEO plugin v26.9 - https:\/\/yoast.com\/product\/yoast-seo-wordpress\/ -->\n<title>Keine Zeit f\u00fcr Nostalgie -<\/title>\n<meta name=\"description\" content=\"In der Reise vom Norden in den S\u00fcden Portugals erf\u00e4hrt man, warum unser Kollege seit mehr als 30 Jahren von dem Land begeistert ist.\" \/>\n<meta name=\"robots\" content=\"index, follow, max-snippet:-1, max-image-preview:large, max-video-preview:-1\" \/>\n<link rel=\"canonical\" href=\"https:\/\/blog.olimar.de\/hipster-in-der-pinkstreet\/\" \/>\n<meta property=\"og:locale\" content=\"de_DE\" \/>\n<meta property=\"og:type\" content=\"article\" \/>\n<meta property=\"og:title\" content=\"Keine Zeit f\u00fcr Nostalgie -\" \/>\n<meta property=\"og:description\" content=\"In der Reise vom Norden in den S\u00fcden Portugals erf\u00e4hrt man, warum unser Kollege seit mehr als 30 Jahren von dem Land begeistert ist.\" \/>\n<meta property=\"og:url\" content=\"https:\/\/blog.olimar.de\/hipster-in-der-pinkstreet\/\" \/>\n<meta property=\"article:publisher\" content=\"https:\/\/www.facebook.com\/OlimarReisen\" \/>\n<meta property=\"article:published_time\" content=\"2020-12-23T13:31:31+00:00\" \/>\n<meta property=\"article:modified_time\" content=\"2024-02-21T08:47:08+00:00\" \/>\n<meta property=\"og:image\" content=\"https:\/\/blog.olimar.de\/wp-content\/uploads\/2020\/12\/PT-Porto-PonteDomLuis-c-Associacao_de_Turismo_do_Porto_e_Norte-19_Compressed.jpg\" \/>\n\t<meta property=\"og:image:width\" content=\"768\" \/>\n\t<meta property=\"og:image:height\" content=\"494\" \/>\n\t<meta property=\"og:image:type\" content=\"image\/jpeg\" \/>\n<meta name=\"author\" content=\"Oliver Sdrojek\" \/>\n<meta name=\"twitter:label1\" content=\"Verfasst von\" \/>\n\t<meta name=\"twitter:data1\" content=\"Oliver Sdrojek\" \/>\n\t<meta name=\"twitter:label2\" content=\"Gesch\u00e4tzte Lesezeit\" \/>\n\t<meta name=\"twitter:data2\" content=\"6\u00a0Minuten\" \/>\n<script type=\"application\/ld+json\" class=\"yoast-schema-graph\">{\"@context\":\"https:\/\/schema.org\",\"@graph\":[{\"@type\":\"WebPage\",\"@id\":\"https:\/\/blog.olimar.de\/hipster-in-der-pinkstreet\/\",\"url\":\"https:\/\/blog.olimar.de\/hipster-in-der-pinkstreet\/\",\"name\":\"Keine Zeit f\u00fcr Nostalgie -\",\"isPartOf\":{\"@id\":\"https:\/\/blog.olimar.de\/#website\"},\"primaryImageOfPage\":{\"@id\":\"https:\/\/blog.olimar.de\/hipster-in-der-pinkstreet\/#primaryimage\"},\"image\":{\"@id\":\"https:\/\/blog.olimar.de\/hipster-in-der-pinkstreet\/#primaryimage\"},\"thumbnailUrl\":\"https:\/\/blog.olimar.de\/wp-content\/uploads\/2020\/12\/PT-Porto-PonteDomLuis-c-Associacao_de_Turismo_do_Porto_e_Norte-19_Compressed.jpg\",\"datePublished\":\"2020-12-23T13:31:31+00:00\",\"dateModified\":\"2024-02-21T08:47:08+00:00\",\"description\":\"In der Reise vom Norden in den S\u00fcden Portugals erf\u00e4hrt man, warum unser Kollege seit mehr als 30 Jahren von dem Land begeistert ist.\",\"breadcrumb\":{\"@id\":\"https:\/\/blog.olimar.de\/hipster-in-der-pinkstreet\/#breadcrumb\"},\"inLanguage\":\"de\",\"potentialAction\":[{\"@type\":\"ReadAction\",\"target\":[\"https:\/\/blog.olimar.de\/hipster-in-der-pinkstreet\/\"]}]},{\"@type\":\"ImageObject\",\"inLanguage\":\"de\",\"@id\":\"https:\/\/blog.olimar.de\/hipster-in-der-pinkstreet\/#primaryimage\",\"url\":\"https:\/\/blog.olimar.de\/wp-content\/uploads\/2020\/12\/PT-Porto-PonteDomLuis-c-Associacao_de_Turismo_do_Porto_e_Norte-19_Compressed.jpg\",\"contentUrl\":\"https:\/\/blog.olimar.de\/wp-content\/uploads\/2020\/12\/PT-Porto-PonteDomLuis-c-Associacao_de_Turismo_do_Porto_e_Norte-19_Compressed.jpg\",\"width\":768,\"height\":494,\"caption\":\"Portugal Porto Blick auf Ponte Dom Luis\"},{\"@type\":\"BreadcrumbList\",\"@id\":\"https:\/\/blog.olimar.de\/hipster-in-der-pinkstreet\/#breadcrumb\",\"itemListElement\":[{\"@type\":\"ListItem\",\"position\":1,\"name\":\"Home\",\"item\":\"https:\/\/blog.olimar.de\/\"},{\"@type\":\"ListItem\",\"position\":2,\"name\":\"Dourotal\",\"item\":\"https:\/\/blog.olimar.de\/tag\/dourotal\/\"},{\"@type\":\"ListItem\",\"position\":3,\"name\":\"Keine Zeit f\u00fcr Nostalgie\"}]},{\"@type\":\"WebSite\",\"@id\":\"https:\/\/blog.olimar.de\/#website\",\"url\":\"https:\/\/blog.olimar.de\/\",\"name\":\"OLIMAR.com\",\"description\":\"\",\"publisher\":{\"@id\":\"https:\/\/blog.olimar.de\/#organization\"},\"potentialAction\":[{\"@type\":\"SearchAction\",\"target\":{\"@type\":\"EntryPoint\",\"urlTemplate\":\"https:\/\/blog.olimar.de\/?s={search_term_string}\"},\"query-input\":{\"@type\":\"PropertyValueSpecification\",\"valueRequired\":true,\"valueName\":\"search_term_string\"}}],\"inLanguage\":\"de\"},{\"@type\":\"Organization\",\"@id\":\"https:\/\/blog.olimar.de\/#organization\",\"name\":\"OLIMAR Reisen\",\"url\":\"https:\/\/blog.olimar.de\/\",\"logo\":{\"@type\":\"ImageObject\",\"inLanguage\":\"de\",\"@id\":\"https:\/\/blog.olimar.de\/#\/schema\/logo\/image\/\",\"url\":\"https:\/\/blog.olimar.de\/wp-content\/uploads\/2021\/01\/OLIMAR_Logo_COLOR.png\",\"contentUrl\":\"https:\/\/blog.olimar.de\/wp-content\/uploads\/2021\/01\/OLIMAR_Logo_COLOR.png\",\"width\":2000,\"height\":986,\"caption\":\"OLIMAR Reisen\"},\"image\":{\"@id\":\"https:\/\/blog.olimar.de\/#\/schema\/logo\/image\/\"},\"sameAs\":[\"https:\/\/www.facebook.com\/OlimarReisen\",\"https:\/\/x.com\/olimarrreisen\",\"https:\/\/www.instagram.com\/olimarreisen\",\"https:\/\/www.youtube.com\/user\/olimarreisen\"]}]}<\/script>\n<!-- \/ Yoast SEO plugin. -->","yoast_head_json":{"title":"Keine Zeit f\u00fcr Nostalgie -","description":"In der Reise vom Norden in den S\u00fcden Portugals erf\u00e4hrt man, warum unser Kollege seit mehr als 30 Jahren von dem Land begeistert ist.","robots":{"index":"index","follow":"follow","max-snippet":"max-snippet:-1","max-image-preview":"max-image-preview:large","max-video-preview":"max-video-preview:-1"},"canonical":"https:\/\/blog.olimar.de\/hipster-in-der-pinkstreet\/","og_locale":"de_DE","og_type":"article","og_title":"Keine Zeit f\u00fcr Nostalgie -","og_description":"In der Reise vom Norden in den S\u00fcden Portugals erf\u00e4hrt man, warum unser Kollege seit mehr als 30 Jahren von dem Land begeistert ist.","og_url":"https:\/\/blog.olimar.de\/hipster-in-der-pinkstreet\/","article_publisher":"https:\/\/www.facebook.com\/OlimarReisen","article_published_time":"2020-12-23T13:31:31+00:00","article_modified_time":"2024-02-21T08:47:08+00:00","og_image":[{"width":768,"height":494,"url":"https:\/\/blog.olimar.de\/wp-content\/uploads\/2020\/12\/PT-Porto-PonteDomLuis-c-Associacao_de_Turismo_do_Porto_e_Norte-19_Compressed.jpg","type":"image\/jpeg"}],"author":"Oliver Sdrojek","twitter_misc":{"Verfasst von":"Oliver Sdrojek","Gesch\u00e4tzte Lesezeit":"6\u00a0Minuten"},"schema":{"@context":"https:\/\/schema.org","@graph":[{"@type":"WebPage","@id":"https:\/\/blog.olimar.de\/hipster-in-der-pinkstreet\/","url":"https:\/\/blog.olimar.de\/hipster-in-der-pinkstreet\/","name":"Keine Zeit f\u00fcr Nostalgie -","isPartOf":{"@id":"https:\/\/blog.olimar.de\/#website"},"primaryImageOfPage":{"@id":"https:\/\/blog.olimar.de\/hipster-in-der-pinkstreet\/#primaryimage"},"image":{"@id":"https:\/\/blog.olimar.de\/hipster-in-der-pinkstreet\/#primaryimage"},"thumbnailUrl":"https:\/\/blog.olimar.de\/wp-content\/uploads\/2020\/12\/PT-Porto-PonteDomLuis-c-Associacao_de_Turismo_do_Porto_e_Norte-19_Compressed.jpg","datePublished":"2020-12-23T13:31:31+00:00","dateModified":"2024-02-21T08:47:08+00:00","description":"In der Reise vom Norden in den S\u00fcden Portugals erf\u00e4hrt man, warum unser Kollege seit mehr als 30 Jahren von dem Land begeistert ist.","breadcrumb":{"@id":"https:\/\/blog.olimar.de\/hipster-in-der-pinkstreet\/#breadcrumb"},"inLanguage":"de","potentialAction":[{"@type":"ReadAction","target":["https:\/\/blog.olimar.de\/hipster-in-der-pinkstreet\/"]}]},{"@type":"ImageObject","inLanguage":"de","@id":"https:\/\/blog.olimar.de\/hipster-in-der-pinkstreet\/#primaryimage","url":"https:\/\/blog.olimar.de\/wp-content\/uploads\/2020\/12\/PT-Porto-PonteDomLuis-c-Associacao_de_Turismo_do_Porto_e_Norte-19_Compressed.jpg","contentUrl":"https:\/\/blog.olimar.de\/wp-content\/uploads\/2020\/12\/PT-Porto-PonteDomLuis-c-Associacao_de_Turismo_do_Porto_e_Norte-19_Compressed.jpg","width":768,"height":494,"caption":"Portugal Porto Blick auf Ponte Dom Luis"},{"@type":"BreadcrumbList","@id":"https:\/\/blog.olimar.de\/hipster-in-der-pinkstreet\/#breadcrumb","itemListElement":[{"@type":"ListItem","position":1,"name":"Home","item":"https:\/\/blog.olimar.de\/"},{"@type":"ListItem","position":2,"name":"Dourotal","item":"https:\/\/blog.olimar.de\/tag\/dourotal\/"},{"@type":"ListItem","position":3,"name":"Keine Zeit f\u00fcr Nostalgie"}]},{"@type":"WebSite","@id":"https:\/\/blog.olimar.de\/#website","url":"https:\/\/blog.olimar.de\/","name":"OLIMAR.com","description":"","publisher":{"@id":"https:\/\/blog.olimar.de\/#organization"},"potentialAction":[{"@type":"SearchAction","target":{"@type":"EntryPoint","urlTemplate":"https:\/\/blog.olimar.de\/?s={search_term_string}"},"query-input":{"@type":"PropertyValueSpecification","valueRequired":true,"valueName":"search_term_string"}}],"inLanguage":"de"},{"@type":"Organization","@id":"https:\/\/blog.olimar.de\/#organization","name":"OLIMAR Reisen","url":"https:\/\/blog.olimar.de\/","logo":{"@type":"ImageObject","inLanguage":"de","@id":"https:\/\/blog.olimar.de\/#\/schema\/logo\/image\/","url":"https:\/\/blog.olimar.de\/wp-content\/uploads\/2021\/01\/OLIMAR_Logo_COLOR.png","contentUrl":"https:\/\/blog.olimar.de\/wp-content\/uploads\/2021\/01\/OLIMAR_Logo_COLOR.png","width":2000,"height":986,"caption":"OLIMAR Reisen"},"image":{"@id":"https:\/\/blog.olimar.de\/#\/schema\/logo\/image\/"},"sameAs":["https:\/\/www.facebook.com\/OlimarReisen","https:\/\/x.com\/olimarrreisen","https:\/\/www.instagram.com\/olimarreisen","https:\/\/www.youtube.com\/user\/olimarreisen"]}]}},"modified_by":"Wiebke Fix","jetpack_featured_media_url":"https:\/\/blog.olimar.de\/wp-content\/uploads\/2020\/12\/PT-Porto-PonteDomLuis-c-Associacao_de_Turismo_do_Porto_e_Norte-19_Compressed.jpg","_links":{"self":[{"href":"https:\/\/blog.olimar.de\/wp-json\/wp\/v2\/posts\/15187","targetHints":{"allow":["GET"]}}],"collection":[{"href":"https:\/\/blog.olimar.de\/wp-json\/wp\/v2\/posts"}],"about":[{"href":"https:\/\/blog.olimar.de\/wp-json\/wp\/v2\/types\/post"}],"author":[{"embeddable":true,"href":"https:\/\/blog.olimar.de\/wp-json\/wp\/v2\/users\/80"}],"replies":[{"embeddable":true,"href":"https:\/\/blog.olimar.de\/wp-json\/wp\/v2\/comments?post=15187"}],"version-history":[{"count":34,"href":"https:\/\/blog.olimar.de\/wp-json\/wp\/v2\/posts\/15187\/revisions"}],"predecessor-version":[{"id":27345,"href":"https:\/\/blog.olimar.de\/wp-json\/wp\/v2\/posts\/15187\/revisions\/27345"}],"wp:featuredmedia":[{"embeddable":true,"href":"https:\/\/blog.olimar.de\/wp-json\/wp\/v2\/media\/15225"}],"wp:attachment":[{"href":"https:\/\/blog.olimar.de\/wp-json\/wp\/v2\/media?parent=15187"}],"wp:term":[{"taxonomy":"category","embeddable":true,"href":"https:\/\/blog.olimar.de\/wp-json\/wp\/v2\/categories?post=15187"},{"taxonomy":"post_tag","embeddable":true,"href":"https:\/\/blog.olimar.de\/wp-json\/wp\/v2\/tags?post=15187"}],"curies":[{"name":"wp","href":"https:\/\/api.w.org\/{rel}","templated":true}]}}