{"id":15198,"date":"2020-12-17T21:05:55","date_gmt":"2020-12-17T20:05:55","guid":{"rendered":"https:\/\/blog.olimar.de\/?p=15198"},"modified":"2023-05-26T18:22:49","modified_gmt":"2023-05-26T17:22:49","slug":"hipster-in-der-pinkstreet-ii","status":"publish","type":"post","link":"https:\/\/blog.olimar.de\/hipster-in-der-pinkstreet-ii\/","title":{"rendered":"Keine Zeit f\u00fcr Nostalgie (Teil 2)"},"content":{"rendered":"\n<p><strong>Es geht weiter mit meiner Reise durch die \u201eguten, alten Zeiten\u201c. Auf meiner Tour durch Portugal mache ich diesmal halt in <a href=\"https:\/\/www.olimar.de\/blog\/tag\/lissabon\/\">Lissabon<\/a>. Was hat sich in 35 Jahren ver\u00e4ndert? Vieles!<\/strong><\/p>\n<p>Zum 1. Teil der Story &#8211; Porto: <a href=\"https:\/\/www.olimar.de\/blog\/hipster-in-der-pinkstreet\/\">Harry Potter kann warten<\/a><\/p>\n\n\n\n<h3 class=\"wp-block-heading\"><strong>Lissabon: Hipster in der Pinkstreet<\/strong><\/h3>\n\n\n\n<p>18 Uhr im \u201eCaf\u00e9 Nicola\u201c am <strong>Rossio-Platz<\/strong>. In Lissabons \u00e4ltestem Kaffeehaus treffe ich mich mit S\u00f3nia, einer alten Freundin, die aus Madeira stammt und die ich vor 25 Jahren als Erasmus-Student an der Uni Lissabon kennengelernt hatte. S\u00f3nia ist 47, arbeitet in der Kulturszene, skypt morgens mit London und abends mit S\u00e3o&nbsp;Paulo. Im Nicola wollte sie sich eigentlich nicht mit mir treffen, \u201ezu touristisch\u201c, sagt sie. Trotzdem trinken wir auf der Terrasse ein \u201eImperial\u201c, wie ein kleines Fassbier in Lissabon genannt wird.<\/p>\n<p>Wir \u00fcberblicken den Platz mit den symmetrischen H\u00e4userzeilen aus der Zeit nach dem Erdbeben von 1755. An jeder Ecke parken Tuk-Tuks, die Fahrer h\u00e4ngen am Smartphone und warten auf Kundschaft. \u201eInzwischen tun sie mir leid. Drei Monate Lockdown, und jetzt nicht einmal halb so viel Gesch\u00e4ft\u201c, sagt S\u00f3nia. Ihr Mitgef\u00fchl wirkt echt, obwohl sie als Aktivistin von \u201eLisboa Does Not Love\u201c gegen die sieben Tods\u00fcnden des <em>Overtourism <\/em>k\u00e4mpft. Neben Tuks-Tuks sind das: Go-Cars und Segways, Ferienwohnungen, gro\u00dfe Gruppen, Kreuzfahrtschiffe, Souvenirshops und Junggesellen-Abschiede.&nbsp;<\/p>\n\n\n<div class=\"wp-block-image\">\n<figure class=\"aligncenter size-large is-resized\"><img loading=\"lazy\" decoding=\"async\" src=\"https:\/\/blog.olimar.de\/wp-content\/uploads\/2020\/12\/PT-Lissabon-CafeNicola-c-Luis_Aniceto_e_Miguel_Savedra_compressed.jpg\" alt=\"Caf\u00e9 Nicola am Rossio-Platz von innen \" class=\"wp-image-15235\" width=\"527\" height=\"350\" srcset=\"https:\/\/blog.olimar.de\/wp-content\/uploads\/2020\/12\/PT-Lissabon-CafeNicola-c-Luis_Aniceto_e_Miguel_Savedra_compressed.jpg 600w, https:\/\/blog.olimar.de\/wp-content\/uploads\/2020\/12\/PT-Lissabon-CafeNicola-c-Luis_Aniceto_e_Miguel_Savedra_compressed-300x200.jpg 300w\" sizes=\"auto, (max-width: 527px) 100vw, 527px\" \/><figcaption class=\"wp-element-caption\">Caf\u00e9 Nicola am Rossio-Platz \u00a9 Luis Aniceto e Miguel Savedra<\/figcaption><\/figure>\n<\/div>\n\n\n<p>S\u00f3nia ist keine Touristen-Hasserin, aber sie will, dass Lissabon seine Seele nicht verliert. Als ich sie vor f\u00fcnf Jahren zum letzten Mal getroffen hatte, wohnte sie im Stadtteil Gra\u00e7a in der N\u00e4he vom <strong>Castelo S\u00e3o Jorge<\/strong>. Dann stieg die Miete in schwindelerregende H\u00f6hen, die w\u00f6chentlich wechselnden Nachbarn und das Rattern der Rollkoffer wurden immer unertr\u00e4glicher. Vor einem Jahr zog sie in den Vorort Seixal am anderen Ufer des Tejo. Ihr fr\u00fcheres Zuhause in Gra\u00e7a ist jetzt eine von 18.000 Ferienwohnungen, die es offiziell in Lissabons Innenstadt gibt. \u201e100.000 Betten, in einer Stadt mit 500.000 Einwohnern, 50.000 Einwohner weniger als vor zehn Jahren\u201c, rechnet S\u00f3nia vor.<\/p>\n\n\n<div class=\"wp-block-image\">\n<figure class=\"aligncenter size-large is-resized\"><img loading=\"lazy\" decoding=\"async\" src=\"https:\/\/blog.olimar.de\/wp-content\/uploads\/2020\/12\/PT-LissabonStadt-MiradouroSenhoradoMonte-c-WalzingMeurers-3492_verkleinert.jpg\" alt=\"Blick von oben auf die Stadt und auf die Castelo S\u00e3o Jorge \" class=\"wp-image-15238\" width=\"556\" height=\"304\" srcset=\"https:\/\/blog.olimar.de\/wp-content\/uploads\/2020\/12\/PT-LissabonStadt-MiradouroSenhoradoMonte-c-WalzingMeurers-3492_verkleinert.jpg 600w, https:\/\/blog.olimar.de\/wp-content\/uploads\/2020\/12\/PT-LissabonStadt-MiradouroSenhoradoMonte-c-WalzingMeurers-3492_verkleinert-300x164.jpg 300w\" sizes=\"auto, (max-width: 556px) 100vw, 556px\" \/><figcaption class=\"wp-element-caption\">Blick auf Castelo S\u00e3o Jorge<\/figcaption><\/figure>\n<\/div>\n\n\n<p>Vom Nicola bummeln wir durch den <strong>Chiado <\/strong>ins Bairro Alto. Die Fassaden leuchten himmelblau, ockergelb, altrosa. In meiner Erasmus-Zeit waren die meisten H\u00e4user hier ziemlich runtergekommen, was mir ungemein gefiel, denn es passte so sch\u00f6n zum Fado und zu Fernando Pessoa, der so wunderbare Verse schrieb wie \u201eWenn das Herz denken k\u00f6nnte, w\u00fcrde es still stehen\u201c, 1935 an einer Zirrhose starb und als bedeutendster portugiesischer Dichter der Moderne im Hieronymus-Kloster begraben liegt.<\/p>\n<p>Am Pra\u00e7a Lu\u00eds de Cam\u00f5es steigen wir in die Stra\u00dfenbahn 28. Ein Triebwagen Marke \u201eMetropolitan-Vickers\u201c, Baujahr 1936, bis auf den letzten Platz besetzt. Es wird Franz\u00f6sisch, Englisch, Spanisch und Deutsch gesprochen, durch die ge\u00f6ffneten Guillotine-Fenster fotografiert und gefilmt. Die Fahrerin gibt Gas, wir werden ordentlich durchgesch\u00fcttelt und halten uns an den ledernen Haltelaschen fest. Echtes Lissabon-Feeling. S\u00f3nia ist genervt. Sie hat Recht: Wir h\u00e4tten auch locker zu Fu\u00df laufen k\u00f6nnen, denn schon nach drei Stationen steigen wir wieder aus. Am Aussichtspunkt <strong>Miradouro de Santa Catarina<\/strong>, der an einer Seite von einem noblen Palast ges\u00e4umt wird, schauen wir auf den Tejo und die rote H\u00e4ngebr\u00fccke.&nbsp;<\/p>\n\n\n<div class=\"wp-block-image\">\n<figure class=\"aligncenter size-large is-resized\"><img loading=\"lazy\" decoding=\"async\" src=\"https:\/\/blog.olimar.de\/wp-content\/uploads\/2020\/12\/PT-LissabonStadt-Electrico28-c-FN-06431_compressed.jpg\" alt=\"Tram durch die Stra\u00dfen der Stadt \" class=\"wp-image-15241\" width=\"525\" height=\"351\" srcset=\"https:\/\/blog.olimar.de\/wp-content\/uploads\/2020\/12\/PT-LissabonStadt-Electrico28-c-FN-06431_compressed.jpg 600w, https:\/\/blog.olimar.de\/wp-content\/uploads\/2020\/12\/PT-LissabonStadt-Electrico28-c-FN-06431_compressed-300x201.jpg 300w\" sizes=\"auto, (max-width: 525px) 100vw, 525px\" \/><figcaption class=\"wp-element-caption\">El\u00e9ctrico 28<\/figcaption><\/figure>\n<\/div>\n\n\n<p>S\u00f3nia ist Kommunikationswissenschaftlerin mit Master-Abschluss und&nbsp;in der Kulturszene bestens verkn\u00fcpft. Sie berichtet von neuen \u201eCreative Hubs\u201c, die in X\u00e1bregas und Marvila wie Pilze aus dem Boden schie\u00dfen. Ehemalige Industrieviertel, die ich nur vom H\u00f6rensagen kenne, die sie mir aber f\u00fcr den n\u00e4chsten Tag ans Herz legt, ebenso wie das <strong>MAAT <\/strong>(Museum f\u00fcr Kunst, Architektur und Technologie), eine wellenf\u00f6rmige Geb\u00e4udeskulptur am Ufer in Bel\u00e9m, ein Werk der britischen Architektin Amanda Levete.<\/p>\n\n\n<div class=\"wp-block-image\">\n<figure class=\"aligncenter size-large is-resized\"><img loading=\"lazy\" decoding=\"async\" src=\"https:\/\/blog.olimar.de\/wp-content\/uploads\/2020\/12\/PT-Lissabon-MuseumMAAT-5iEUOQmmpe4-unsplash_compressed.jpg\" alt=\"MAAT am Ufer des Tejo - mit der Br\u00fccke im Hintergrund \" class=\"wp-image-15242\" width=\"565\" height=\"373\" srcset=\"https:\/\/blog.olimar.de\/wp-content\/uploads\/2020\/12\/PT-Lissabon-MuseumMAAT-5iEUOQmmpe4-unsplash_compressed.jpg 600w, https:\/\/blog.olimar.de\/wp-content\/uploads\/2020\/12\/PT-Lissabon-MuseumMAAT-5iEUOQmmpe4-unsplash_compressed-300x199.jpg 300w\" sizes=\"auto, (max-width: 565px) 100vw, 565px\" \/><figcaption class=\"wp-element-caption\">MAAT am Ufer des Tejo<\/figcaption><\/figure>\n<\/div>\n\n\n<p>Die Sonne geht hinter der H\u00e4ngebr\u00fccke unter. Erst jetzt f\u00e4llt mir auf, dass der Stadtpalast ein Hotel ist. \u201eDie Rooftop-Bar ist geil\u201c, sagt S\u00f3nia und kurz darauf bestaunen wir auf der Dachterrasse das Abendrot. Der Barmann berichtet, dass die Top-Location erst seit kurzem ein Hotel sei, davor w\u00e4ren hier Filme gedreht worden. \u201eNachtzug nach Lissabon mit Jeremy Irons\u201c erg\u00e4nzt S\u00f3nia. Anschlie\u00dfend laufen wir im warmen Licht alter Laternen treppab ins Viertel <strong>Santos <\/strong>mit der Markthalle Mercado da Ribeira, die jetzt \u201eTime Out Market Lisboa\u201c hei\u00dft. In einer Seitenstra\u00dfe kehren wir zum Abendessen ein.<\/p>\n<p>S\u00f3nia berichtet von ihrer Arbeit im \u201eLisbon International Music Network\u201c, von stornierten Reisen nach Berlin und Barcelona, von Meetings, die jetzt online stattfinden. Ich frage sie nach ihrem neuen Wohnort Seixal, wo ich noch nie war. \u201eGar nicht so schlecht\u201c, antwortet S\u00f3nia. Es gibt Fahrradwege am Tejo, sie wohnt im sechsten Stock und kann 8 km \u00fcber die Bucht hinweg nach Lissabon blicken, und abends herrscht Ruhe. F\u00fcr den Absacker schlage ich die \u201eBritish Bar\u201c vor, wo eine Wanduhr seit Jahrzehnten r\u00fcckw\u00e4rts l\u00e4uft. \u201eDer Laden hat um die Zeit nicht mehr auf\u201c, sagt S\u00f3nia. \u201eNichts ist mehr wie fr\u00fcher\u201c, jammere ich. \u201eQuatsch\u201c, sagt S\u00f3nia und schubst mich in die Rua Nova do Carvalho. In dieser engen Stra\u00dfe torkelten fr\u00fcher Matrosen durch bonbonfarbenes Neonlicht, vor L\u00e4den wie \u201eBoite Las Vegas\u201c und \u201eJamaica\u201c winkten schnauzb\u00e4rtige T\u00fcrsteher und korpulente Animierdamen.<\/p>\n\n\n<div class=\"wp-block-image\">\n<figure class=\"aligncenter size-large\"><img loading=\"lazy\" decoding=\"async\" width=\"500\" height=\"333\" src=\"https:\/\/blog.olimar.de\/wp-content\/uploads\/2020\/12\/PT-Lissabon-BritishBar-c-Luis_Aniceto_e_Miguel_Savedra_compressed.jpg\" alt=\"British Bar von au\u00dfen mit bunten Lichtern \" class=\"wp-image-15246\" srcset=\"https:\/\/blog.olimar.de\/wp-content\/uploads\/2020\/12\/PT-Lissabon-BritishBar-c-Luis_Aniceto_e_Miguel_Savedra_compressed.jpg 500w, https:\/\/blog.olimar.de\/wp-content\/uploads\/2020\/12\/PT-Lissabon-BritishBar-c-Luis_Aniceto_e_Miguel_Savedra_compressed-300x200.jpg 300w\" sizes=\"auto, (max-width: 500px) 100vw, 500px\" \/><figcaption class=\"wp-element-caption\">The British Bar \u00a9 Luis Aniceto e Miguel Savedra<\/figcaption><\/figure>\n<\/div>\n\n\n<p>Die Stra\u00dfe ist inzwischen als \u201ePink Street\u201c bekannt, der Asphalt rosarot und statt zwielichtiger Gestalten sind hier jetzt die Hipster unterwegs. S\u00f3nia schleift mich in die \u201ePens\u00e3o Amor\u201c, ein pl\u00fcschiges Etablissement mit kirschroten W\u00e4nden, das mir bekannt vorkommt, obwohl ich schw\u00f6re, nie dort gewesen zu sein. S\u00f3nia lacht und trinkt ihren Cocktail ziemlich schnell aus. Sie hat es eilig. Ich begleite sie zum Cais do Sodr\u00e9, wo um Mitternacht die letzte F\u00e4hre nach Seixal absetzt. \u201eBeijinho\u201c, sagt sie, und wirft mir einen Handkuss zu, bevor sie im Terminal verschwindet.<\/p>\n<p><strong>Zum 3. Teil der Story &#8211; <\/strong><a href=\"https:\/\/www.olimar.de\/blog\/hipster-in-der-pinkstreet-iii\/\">Algarve: Der Infante auf Instagram<\/a><\/p>\n\n\n\n<div style=\"height:65px\" aria-hidden=\"true\" class=\"wp-block-spacer\"><\/div>\n","protected":false},"excerpt":{"rendered":"<p>Es geht weiter mit meiner Reise durch die \u201eguten, alten Zeiten\u201c. Auf meiner Tour durch Portugal mache ich diesmal halt in Lissabon. Was hat sich in 35 Jahren ver\u00e4ndert? Vieles! Zum 1. Teil der Story &#8211; Porto: Harry Potter kann warten Lissabon: Hipster in der Pinkstreet 18 Uhr im \u201eCaf\u00e9 Nicola\u201c am Rossio-Platz. In Lissabons \u00e4ltestem Kaffeehaus treffe ich mich mit S\u00f3nia, einer alten Freundin, die aus Madeira stammt und die ich vor 25 Jahren als Erasmus-Student an der Uni Lissabon kennengelernt hatte. S\u00f3nia ist 47, arbeitet in der Kulturszene, skypt morgens mit London und abends mit S\u00e3o&nbsp;Paulo. Im Nicola wollte &hellip;<\/p>\n","protected":false},"author":80,"featured_media":16117,"comment_status":"open","ping_status":"open","sticky":false,"template":"","format":"standard","meta":{"_crdt_document":"","_lmt_disableupdate":"","_lmt_disable":"","footnotes":""},"categories":[31],"tags":[25,34,20],"class_list":["post-15198","post","type-post","status-publish","format-standard","has-post-thumbnail","hentry","category-land-leute","tag-lissabon","tag-portugal","tag-slider"],"yoast_head":"<!-- This site is optimized with the Yoast SEO plugin v26.9 - https:\/\/yoast.com\/product\/yoast-seo-wordpress\/ -->\n<title>Keine Zeit f\u00fcr Nostalgie (Teil 2) -<\/title>\n<meta name=\"description\" content=\"Auf der Reise durch Portugal geht es weiter nach Lissabon, wo er eine alte Freundin wiedertrifft und gemeinsam die Stadt am Tejo entdecken.\" \/>\n<meta name=\"robots\" content=\"index, follow, max-snippet:-1, max-image-preview:large, max-video-preview:-1\" \/>\n<link rel=\"canonical\" href=\"https:\/\/blog.olimar.de\/hipster-in-der-pinkstreet-ii\/\" \/>\n<meta property=\"og:locale\" content=\"de_DE\" \/>\n<meta property=\"og:type\" content=\"article\" \/>\n<meta property=\"og:title\" content=\"Keine Zeit f\u00fcr Nostalgie (Teil 2) -\" \/>\n<meta property=\"og:description\" content=\"Auf der Reise durch Portugal geht es weiter nach Lissabon, wo er eine alte Freundin wiedertrifft und gemeinsam die Stadt am Tejo entdecken.\" \/>\n<meta property=\"og:url\" content=\"https:\/\/blog.olimar.de\/hipster-in-der-pinkstreet-ii\/\" \/>\n<meta property=\"article:publisher\" content=\"https:\/\/www.facebook.com\/OlimarReisen\" \/>\n<meta property=\"article:published_time\" content=\"2020-12-17T20:05:55+00:00\" \/>\n<meta property=\"article:modified_time\" content=\"2023-05-26T17:22:49+00:00\" \/>\n<meta property=\"og:image\" content=\"https:\/\/blog.olimar.de\/wp-content\/uploads\/2020\/12\/PT-LissabonStadt-PanoramaCasteloView-c-FN03780_1536x988-1.jpg\" \/>\n\t<meta property=\"og:image:width\" content=\"1536\" \/>\n\t<meta property=\"og:image:height\" content=\"988\" \/>\n\t<meta property=\"og:image:type\" content=\"image\/jpeg\" \/>\n<meta name=\"author\" content=\"Oliver Sdrojek\" \/>\n<meta name=\"twitter:label1\" content=\"Verfasst von\" \/>\n\t<meta name=\"twitter:data1\" content=\"Oliver Sdrojek\" \/>\n\t<meta name=\"twitter:label2\" content=\"Gesch\u00e4tzte Lesezeit\" \/>\n\t<meta name=\"twitter:data2\" content=\"7\u00a0Minuten\" \/>\n<script type=\"application\/ld+json\" class=\"yoast-schema-graph\">{\"@context\":\"https:\/\/schema.org\",\"@graph\":[{\"@type\":\"WebPage\",\"@id\":\"https:\/\/blog.olimar.de\/hipster-in-der-pinkstreet-ii\/\",\"url\":\"https:\/\/blog.olimar.de\/hipster-in-der-pinkstreet-ii\/\",\"name\":\"Keine Zeit f\u00fcr Nostalgie (Teil 2) -\",\"isPartOf\":{\"@id\":\"https:\/\/blog.olimar.de\/#website\"},\"primaryImageOfPage\":{\"@id\":\"https:\/\/blog.olimar.de\/hipster-in-der-pinkstreet-ii\/#primaryimage\"},\"image\":{\"@id\":\"https:\/\/blog.olimar.de\/hipster-in-der-pinkstreet-ii\/#primaryimage\"},\"thumbnailUrl\":\"https:\/\/blog.olimar.de\/wp-content\/uploads\/2020\/12\/PT-LissabonStadt-PanoramaCasteloView-c-FN03780_1536x988-1.jpg\",\"datePublished\":\"2020-12-17T20:05:55+00:00\",\"dateModified\":\"2023-05-26T17:22:49+00:00\",\"description\":\"Auf der Reise durch Portugal geht es weiter nach Lissabon, wo er eine alte Freundin wiedertrifft und gemeinsam die Stadt am Tejo entdecken.\",\"breadcrumb\":{\"@id\":\"https:\/\/blog.olimar.de\/hipster-in-der-pinkstreet-ii\/#breadcrumb\"},\"inLanguage\":\"de\",\"potentialAction\":[{\"@type\":\"ReadAction\",\"target\":[\"https:\/\/blog.olimar.de\/hipster-in-der-pinkstreet-ii\/\"]}]},{\"@type\":\"ImageObject\",\"inLanguage\":\"de\",\"@id\":\"https:\/\/blog.olimar.de\/hipster-in-der-pinkstreet-ii\/#primaryimage\",\"url\":\"https:\/\/blog.olimar.de\/wp-content\/uploads\/2020\/12\/PT-LissabonStadt-PanoramaCasteloView-c-FN03780_1536x988-1.jpg\",\"contentUrl\":\"https:\/\/blog.olimar.de\/wp-content\/uploads\/2020\/12\/PT-LissabonStadt-PanoramaCasteloView-c-FN03780_1536x988-1.jpg\",\"width\":1536,\"height\":988,\"caption\":\"Lissabon Panorama\"},{\"@type\":\"BreadcrumbList\",\"@id\":\"https:\/\/blog.olimar.de\/hipster-in-der-pinkstreet-ii\/#breadcrumb\",\"itemListElement\":[{\"@type\":\"ListItem\",\"position\":1,\"name\":\"Home\",\"item\":\"https:\/\/blog.olimar.de\/\"},{\"@type\":\"ListItem\",\"position\":2,\"name\":\"Lissabon\",\"item\":\"https:\/\/blog.olimar.de\/tag\/lissabon\/\"},{\"@type\":\"ListItem\",\"position\":3,\"name\":\"Keine Zeit f\u00fcr Nostalgie (Teil 2)\"}]},{\"@type\":\"WebSite\",\"@id\":\"https:\/\/blog.olimar.de\/#website\",\"url\":\"https:\/\/blog.olimar.de\/\",\"name\":\"OLIMAR.com\",\"description\":\"\",\"publisher\":{\"@id\":\"https:\/\/blog.olimar.de\/#organization\"},\"potentialAction\":[{\"@type\":\"SearchAction\",\"target\":{\"@type\":\"EntryPoint\",\"urlTemplate\":\"https:\/\/blog.olimar.de\/?s={search_term_string}\"},\"query-input\":{\"@type\":\"PropertyValueSpecification\",\"valueRequired\":true,\"valueName\":\"search_term_string\"}}],\"inLanguage\":\"de\"},{\"@type\":\"Organization\",\"@id\":\"https:\/\/blog.olimar.de\/#organization\",\"name\":\"OLIMAR Reisen\",\"url\":\"https:\/\/blog.olimar.de\/\",\"logo\":{\"@type\":\"ImageObject\",\"inLanguage\":\"de\",\"@id\":\"https:\/\/blog.olimar.de\/#\/schema\/logo\/image\/\",\"url\":\"https:\/\/blog.olimar.de\/wp-content\/uploads\/2021\/01\/OLIMAR_Logo_COLOR.png\",\"contentUrl\":\"https:\/\/blog.olimar.de\/wp-content\/uploads\/2021\/01\/OLIMAR_Logo_COLOR.png\",\"width\":2000,\"height\":986,\"caption\":\"OLIMAR Reisen\"},\"image\":{\"@id\":\"https:\/\/blog.olimar.de\/#\/schema\/logo\/image\/\"},\"sameAs\":[\"https:\/\/www.facebook.com\/OlimarReisen\",\"https:\/\/x.com\/olimarrreisen\",\"https:\/\/www.instagram.com\/olimarreisen\",\"https:\/\/www.youtube.com\/user\/olimarreisen\"]}]}<\/script>\n<!-- \/ Yoast SEO plugin. -->","yoast_head_json":{"title":"Keine Zeit f\u00fcr Nostalgie (Teil 2) -","description":"Auf der Reise durch Portugal geht es weiter nach Lissabon, wo er eine alte Freundin wiedertrifft und gemeinsam die Stadt am Tejo entdecken.","robots":{"index":"index","follow":"follow","max-snippet":"max-snippet:-1","max-image-preview":"max-image-preview:large","max-video-preview":"max-video-preview:-1"},"canonical":"https:\/\/blog.olimar.de\/hipster-in-der-pinkstreet-ii\/","og_locale":"de_DE","og_type":"article","og_title":"Keine Zeit f\u00fcr Nostalgie (Teil 2) -","og_description":"Auf der Reise durch Portugal geht es weiter nach Lissabon, wo er eine alte Freundin wiedertrifft und gemeinsam die Stadt am Tejo entdecken.","og_url":"https:\/\/blog.olimar.de\/hipster-in-der-pinkstreet-ii\/","article_publisher":"https:\/\/www.facebook.com\/OlimarReisen","article_published_time":"2020-12-17T20:05:55+00:00","article_modified_time":"2023-05-26T17:22:49+00:00","og_image":[{"width":1536,"height":988,"url":"https:\/\/blog.olimar.de\/wp-content\/uploads\/2020\/12\/PT-LissabonStadt-PanoramaCasteloView-c-FN03780_1536x988-1.jpg","type":"image\/jpeg"}],"author":"Oliver Sdrojek","twitter_misc":{"Verfasst von":"Oliver Sdrojek","Gesch\u00e4tzte Lesezeit":"7\u00a0Minuten"},"schema":{"@context":"https:\/\/schema.org","@graph":[{"@type":"WebPage","@id":"https:\/\/blog.olimar.de\/hipster-in-der-pinkstreet-ii\/","url":"https:\/\/blog.olimar.de\/hipster-in-der-pinkstreet-ii\/","name":"Keine Zeit f\u00fcr Nostalgie (Teil 2) -","isPartOf":{"@id":"https:\/\/blog.olimar.de\/#website"},"primaryImageOfPage":{"@id":"https:\/\/blog.olimar.de\/hipster-in-der-pinkstreet-ii\/#primaryimage"},"image":{"@id":"https:\/\/blog.olimar.de\/hipster-in-der-pinkstreet-ii\/#primaryimage"},"thumbnailUrl":"https:\/\/blog.olimar.de\/wp-content\/uploads\/2020\/12\/PT-LissabonStadt-PanoramaCasteloView-c-FN03780_1536x988-1.jpg","datePublished":"2020-12-17T20:05:55+00:00","dateModified":"2023-05-26T17:22:49+00:00","description":"Auf der Reise durch Portugal geht es weiter nach Lissabon, wo er eine alte Freundin wiedertrifft und gemeinsam die Stadt am Tejo entdecken.","breadcrumb":{"@id":"https:\/\/blog.olimar.de\/hipster-in-der-pinkstreet-ii\/#breadcrumb"},"inLanguage":"de","potentialAction":[{"@type":"ReadAction","target":["https:\/\/blog.olimar.de\/hipster-in-der-pinkstreet-ii\/"]}]},{"@type":"ImageObject","inLanguage":"de","@id":"https:\/\/blog.olimar.de\/hipster-in-der-pinkstreet-ii\/#primaryimage","url":"https:\/\/blog.olimar.de\/wp-content\/uploads\/2020\/12\/PT-LissabonStadt-PanoramaCasteloView-c-FN03780_1536x988-1.jpg","contentUrl":"https:\/\/blog.olimar.de\/wp-content\/uploads\/2020\/12\/PT-LissabonStadt-PanoramaCasteloView-c-FN03780_1536x988-1.jpg","width":1536,"height":988,"caption":"Lissabon Panorama"},{"@type":"BreadcrumbList","@id":"https:\/\/blog.olimar.de\/hipster-in-der-pinkstreet-ii\/#breadcrumb","itemListElement":[{"@type":"ListItem","position":1,"name":"Home","item":"https:\/\/blog.olimar.de\/"},{"@type":"ListItem","position":2,"name":"Lissabon","item":"https:\/\/blog.olimar.de\/tag\/lissabon\/"},{"@type":"ListItem","position":3,"name":"Keine Zeit f\u00fcr Nostalgie (Teil 2)"}]},{"@type":"WebSite","@id":"https:\/\/blog.olimar.de\/#website","url":"https:\/\/blog.olimar.de\/","name":"OLIMAR.com","description":"","publisher":{"@id":"https:\/\/blog.olimar.de\/#organization"},"potentialAction":[{"@type":"SearchAction","target":{"@type":"EntryPoint","urlTemplate":"https:\/\/blog.olimar.de\/?s={search_term_string}"},"query-input":{"@type":"PropertyValueSpecification","valueRequired":true,"valueName":"search_term_string"}}],"inLanguage":"de"},{"@type":"Organization","@id":"https:\/\/blog.olimar.de\/#organization","name":"OLIMAR Reisen","url":"https:\/\/blog.olimar.de\/","logo":{"@type":"ImageObject","inLanguage":"de","@id":"https:\/\/blog.olimar.de\/#\/schema\/logo\/image\/","url":"https:\/\/blog.olimar.de\/wp-content\/uploads\/2021\/01\/OLIMAR_Logo_COLOR.png","contentUrl":"https:\/\/blog.olimar.de\/wp-content\/uploads\/2021\/01\/OLIMAR_Logo_COLOR.png","width":2000,"height":986,"caption":"OLIMAR Reisen"},"image":{"@id":"https:\/\/blog.olimar.de\/#\/schema\/logo\/image\/"},"sameAs":["https:\/\/www.facebook.com\/OlimarReisen","https:\/\/x.com\/olimarrreisen","https:\/\/www.instagram.com\/olimarreisen","https:\/\/www.youtube.com\/user\/olimarreisen"]}]}},"modified_by":"Lena Radermacher","jetpack_featured_media_url":"https:\/\/blog.olimar.de\/wp-content\/uploads\/2020\/12\/PT-LissabonStadt-PanoramaCasteloView-c-FN03780_1536x988-1.jpg","_links":{"self":[{"href":"https:\/\/blog.olimar.de\/wp-json\/wp\/v2\/posts\/15198","targetHints":{"allow":["GET"]}}],"collection":[{"href":"https:\/\/blog.olimar.de\/wp-json\/wp\/v2\/posts"}],"about":[{"href":"https:\/\/blog.olimar.de\/wp-json\/wp\/v2\/types\/post"}],"author":[{"embeddable":true,"href":"https:\/\/blog.olimar.de\/wp-json\/wp\/v2\/users\/80"}],"replies":[{"embeddable":true,"href":"https:\/\/blog.olimar.de\/wp-json\/wp\/v2\/comments?post=15198"}],"version-history":[{"count":26,"href":"https:\/\/blog.olimar.de\/wp-json\/wp\/v2\/posts\/15198\/revisions"}],"predecessor-version":[{"id":25686,"href":"https:\/\/blog.olimar.de\/wp-json\/wp\/v2\/posts\/15198\/revisions\/25686"}],"wp:featuredmedia":[{"embeddable":true,"href":"https:\/\/blog.olimar.de\/wp-json\/wp\/v2\/media\/16117"}],"wp:attachment":[{"href":"https:\/\/blog.olimar.de\/wp-json\/wp\/v2\/media?parent=15198"}],"wp:term":[{"taxonomy":"category","embeddable":true,"href":"https:\/\/blog.olimar.de\/wp-json\/wp\/v2\/categories?post=15198"},{"taxonomy":"post_tag","embeddable":true,"href":"https:\/\/blog.olimar.de\/wp-json\/wp\/v2\/tags?post=15198"}],"curies":[{"name":"wp","href":"https:\/\/api.w.org\/{rel}","templated":true}]}}