{"id":15205,"date":"2020-12-17T21:16:01","date_gmt":"2020-12-17T20:16:01","guid":{"rendered":"https:\/\/blog.olimar.de\/?p=15205"},"modified":"2023-05-26T18:13:24","modified_gmt":"2023-05-26T17:13:24","slug":"hipster-in-der-pinkstreet-iii","status":"publish","type":"post","link":"https:\/\/blog.olimar.de\/hipster-in-der-pinkstreet-iii\/","title":{"rendered":"Keine Zeit f\u00fcr Nostalgie (Teil 3)"},"content":{"rendered":"\n<p class=\"wp-block-paragraph\"><strong>Im dritten Teil meiner Tour der Erinnerungen an die \u201eguten, alten Zeiten\u201c ist die letzte Station meiner Reise durch Portugal die Algarve. Hier treffe ich Sabine und Paulo, die an der K\u00fcste Ferienwohnungen vermieten.<\/strong><\/p>\n\n\n\n<p><strong>Zum 2. Teil der Story &#8211; <a href=\"https:\/\/www.olimar.de\/blog\/hipster-in-der-pinkstreet-ii\/\">Lissabon: Hippster in der Pinkstreet<\/a><\/strong><\/p>\n\n\n\n<h3 class=\"wp-block-heading\"><strong>Algarve: Der Infante auf Instagram<\/strong><\/h3>\n\n\n\n<p>Goldgelb, feuerrot und ultra-violett: Der Sonnenuntergang an der S\u00fcdwestspitze Europas ist ein Naturschauspiel, das unter die Haut geht. Am Himmel und auf der Oberfl\u00e4che des Atlantiks zaubert die Sonne eine fantastische Farbshow, die ich 70 Meter \u00fcber dem Meer bei <a href=\"https:\/\/www.olimar.de\/blog\/sagres\/\"><strong>Sagres<\/strong><\/a> am Cabo de S\u00e3o Vicente erlebe. Das Kap ist seit der Steinzeit ein heiliger Ort, in der Antike war das \u201ePromontorium Sacrum\u201c das Ende der Welt.<\/p>\n<p>Zum ersten Mal war ich hier Anfang der 1990er Jahre. Am Kap des heiligen Vinzenz, auf dem ein Leuchtturm bis zu 32 Seemeilen lange Lichtkegel in den Ozean schleudert, und auf dem Felsplateau mit der \u201eFortaleza de Sagres\u201c, wandelte ich auf den Spuren von Heinrich dem Seefahrer, dem \u201eInfante Dom Henrique\u201c, der ab 1418 die Westk\u00fcste Afrikas erkunden lie\u00df und das Zeitalter der Entdeckungen einleitete. Das 40 Meter hohe Plateau war bei meinem ersten Besuch frei zug\u00e4nglich, das Tor der Festung stand Tag und Nacht offen. Zum Sonnenuntergang traf man hier ein paar Angler, die hart an der Steilkante balancierten, und Surfer, die ihre VW-Busse im Windschatten der Kuppelkirche Nossa Senhora da Gra\u00e7a parkten und zu Nirvanas \u201eNevermind\u201d Joints rauchten. Ich war weder Angler noch Surfer und drehte nachdenkliche Runden um die \u201eRosa do Mar\u201c (Windrose), einen geheimnisvollen Steinkreis mit einem Durchmesser von 43 Metern, der aus der Zeit des Infante stammen soll.<\/p>\n\n\n<div class=\"wp-block-image\">\n<figure class=\"aligncenter size-large is-resized\"><img loading=\"lazy\" decoding=\"async\" src=\"https:\/\/blog.olimar.de\/wp-content\/uploads\/2020\/12\/PT-Algarve-Sagres-Sonnenuntergang_Compressed-1.jpg\" alt=\"Sonnenuntergang am Cabo de S\u00e3o Vicente - Blick \u00fcber das Meer \" class=\"wp-image-15261\" width=\"542\" height=\"353\" srcset=\"https:\/\/blog.olimar.de\/wp-content\/uploads\/2020\/12\/PT-Algarve-Sagres-Sonnenuntergang_Compressed-1.jpg 1000w, https:\/\/blog.olimar.de\/wp-content\/uploads\/2020\/12\/PT-Algarve-Sagres-Sonnenuntergang_Compressed-1-300x196.jpg 300w, https:\/\/blog.olimar.de\/wp-content\/uploads\/2020\/12\/PT-Algarve-Sagres-Sonnenuntergang_Compressed-1-768x501.jpg 768w\" sizes=\"auto, (max-width: 542px) 100vw, 542px\" \/><figcaption class=\"wp-element-caption\">Sonnenuntergang am Cabo de S\u00e3o Vicente<\/figcaption><\/figure>\n<\/div>\n\n\n<p>Die Festung von Sagres war bereits zu jener Zeit ein Nationalheiligtum, doch bis auf ein paar verwitterter Gem\u00e4uer gab es nicht viel zu sehen. Heute bezahlt man Eintritt, die Steilw\u00e4nde sind durch Gel\u00e4nder gesch\u00fctzt, es gibt Infoschilder in drei Sprachen sowie das spiralf\u00f6rmige T\u00fcrmchen \u201eVoz do Mar\u201c, das sich \u00fcber einer 50 Meter tiefen Grotte erhebt und in dem die Stimme des Meeres in einem Auditorium zu h\u00f6ren ist. Die Fortaleza de Sagres, in der zur Saison 2021 ein Multimedia-Zentrum er\u00f6ffnet werden soll, ist das meistbesuchte Baudenkmal s\u00fcdlich von Lissabon. Der Sunset am Cabo de S\u00e3o Vicente ist Kult, perfekt f\u00fcr die Selbstinszenierung auf Instagram, wo auch der Infante Dom Henrique seine eigenen Hashtags hat.<\/p>\n\n\n<div class=\"wp-block-image\">\n<figure class=\"aligncenter size-large is-resized\"><img loading=\"lazy\" decoding=\"async\" src=\"https:\/\/blog.olimar.de\/wp-content\/uploads\/2020\/12\/PT-Algarve-Sagres-CaboSaoVicente-c-WalzingMeurers2934_compressed.jpg\" alt=\"Imbisswagen - Die letzte Bratwurst vor Amerika - direkt an der Strandpromenade \" class=\"wp-image-15264\" width=\"522\" height=\"348\" srcset=\"https:\/\/blog.olimar.de\/wp-content\/uploads\/2020\/12\/PT-Algarve-Sagres-CaboSaoVicente-c-WalzingMeurers2934_compressed.jpg 1000w, https:\/\/blog.olimar.de\/wp-content\/uploads\/2020\/12\/PT-Algarve-Sagres-CaboSaoVicente-c-WalzingMeurers2934_compressed-300x200.jpg 300w, https:\/\/blog.olimar.de\/wp-content\/uploads\/2020\/12\/PT-Algarve-Sagres-CaboSaoVicente-c-WalzingMeurers2934_compressed-768x513.jpg 768w, https:\/\/blog.olimar.de\/wp-content\/uploads\/2020\/12\/PT-Algarve-Sagres-CaboSaoVicente-c-WalzingMeurers2934_compressed-840x560.jpg 840w\" sizes=\"auto, (max-width: 522px) 100vw, 522px\" \/><figcaption class=\"wp-element-caption\">&#8220;Die letzte Bratwurst vor Amerika!<\/figcaption><\/figure>\n<\/div>\n\n\n<p>Auf dem Weg zum Auto komme ich am Imbisswagen \u201eDie letzte Bratwurst vor Amerika\u201c vorbei. Ich wundere mich \u00fcber meine Landsleute, die in Portugal deutsche Wurst essen, und fahre nach <a href=\"https:\/\/www.olimar.de\/blog\/ein-tag-in-lagos\/\"><strong>Lagos<\/strong><\/a>. Dort bin ich bei Sabine und Paulo zu Gast. Sabine stammt aus dem Schwarzwald, lebt aber seit fast 30 Jahren in <a href=\"https:\/\/www.olimar.de\/portugal\/algarve\/lagos\/\">Lagos<\/a>. Paulo stammt aus Lissabon, kreuzte in j\u00fcngeren Jahren als Schiffssteward durch die Karibik und managt heute ein kleines Imperium aus Hotels und Ferienwohnungen.<\/p>\n<p>Auf der Terrasse ihres Traumhauses verkosten wir einen brillanten Rotwein aus dem Dourotal und schauen in den Sternenhimmel. Ich schw\u00e4rme von alten Zeiten, aber Sabine und Paulo versichern, dass die Algarve nichts von ihrer Sch\u00f6nheit eingebu\u00dft hat. Im Gegenteil: Sie berichten von neuen Wegen f\u00fcr Wanderer und Radfahrer, die von der Westk\u00fcste bis zum Grenzfluss Guadiana f\u00fchren und durch die sch\u00f6nsten Ecken im h\u00fcgeligen Hinterland. Von Naturschutzgebieten, nagelneuen Museen und schmuck restaurierten Altst\u00e4dten. \u201eAn der Algarve will niemand einen Ballermann\u201c, versichert Sabine, eine gut vernetzte Touristikerin, die es wissen muss.&nbsp; &nbsp;<\/p>\n\n\n\n<p>Am n\u00e4chsten Morgen fahre ich auf der Algarve-Autobahn \u201eVia do Infante\u201c von West nach Ost, um einige der empfohlenen Orte zu besuchen. In <strong>Alvor <\/strong>wandere ich vom elfenbeinfarbenen Sandstrand auf kilometerlangen Holzbohlenwegen bis zur R\u00eda de Alvor, in der sich der Gebirgszug Serra de Monchique spiegelt und verschiedenste Arten von Wasserv\u00f6geln leben. In <strong>Portim\u00e3o <\/strong>esse ich am Ufer des Rio Arade Sardinen vom Holzkohlegrill und besuche das <a href=\"https:\/\/www.olimar.de\/blog\/algarve-drei-staedte-vier-museen\/\">st\u00e4dtische Museum<\/a>, das in einer ehemaligen Konservenfabrik liegt. Den Rest des Tages verbringe ich in <a href=\"https:\/\/www.olimar.de\/blog\/ein-tag-in-faro\/\"><strong>Faro<\/strong><\/a>. Die Hauptstadt der Algarve hatte schon fr\u00fcher einen sympathischen Eindruck auf mich gemacht. Mehr jedoch nicht. Bis auf den kleinen, von Palmen ges\u00e4umten Sportboothafen und ein paar schmucke Stadtpal\u00e4ste gab es nicht viel zu sehen, die Gassen rings um die Kathedrale boten ein Bild der Verwahrlosung.<\/p>\n\n\n<div class=\"wp-block-image\">\n<figure class=\"aligncenter size-large is-resized\"><img loading=\"lazy\" decoding=\"async\" src=\"https:\/\/blog.olimar.de\/wp-content\/uploads\/2020\/12\/PT-Algarve-Faro-t0vxH1IfdDY-unsplash_compressed-683x1024.jpg\" alt=\"Turbogen in der Altstadt in Faro \" class=\"wp-image-15265\" width=\"407\" height=\"610\" srcset=\"https:\/\/blog.olimar.de\/wp-content\/uploads\/2020\/12\/PT-Algarve-Faro-t0vxH1IfdDY-unsplash_compressed-683x1024.jpg 683w, https:\/\/blog.olimar.de\/wp-content\/uploads\/2020\/12\/PT-Algarve-Faro-t0vxH1IfdDY-unsplash_compressed-200x300.jpg 200w, https:\/\/blog.olimar.de\/wp-content\/uploads\/2020\/12\/PT-Algarve-Faro-t0vxH1IfdDY-unsplash_compressed-768x1152.jpg 768w, https:\/\/blog.olimar.de\/wp-content\/uploads\/2020\/12\/PT-Algarve-Faro-t0vxH1IfdDY-unsplash_compressed.jpg 800w\" sizes=\"auto, (max-width: 407px) 100vw, 407px\" \/><figcaption class=\"wp-element-caption\">Die Altstadt von Faro<\/figcaption><\/figure>\n<\/div>\n\n\n<p>Fast drei\u00dfig Jahre sp\u00e4ter trete ich durch das Stadttor Arco da Vila und bin sofort begeistert: Die Fassaden der alten H\u00e4uschen leuchten wei\u00df wie Schnee, nette Terrassencaf\u00e9s laden zum Verweilen ein und im beeindruckenden Renaissance-Kloster Assun\u00e7\u00e3o (Museo de Faro) erfreue ich mich an einem wunderbar erhaltenen r\u00f6mischen Mosaik. Auch hier, mitten in der Altstadt von Faro, finde ich einen tollen Platz, um den Sonnenuntergang zu genie\u00dfen. Er liegt auf der Dachterrasse von \u201eArQuente\u201c, einem Kulturverein mit Galerie und Veranstaltungsb\u00fchne. Heute gibt es Livemusik. W\u00e4hrend ich der Stimme einer jungen S\u00e4ngerin lausche, schweift mein Blick \u00fcber die weitverzweigte Lagune des Naturschutzgebietes R\u00eda Formosa, die in sattes Orange getaucht ist. Mit diesem Ausblick lasse ich den letzten Tag meiner Reise durch Portugal ausklingen.<\/p>\n\n\n\n<div style=\"height:62px\" aria-hidden=\"true\" class=\"wp-block-spacer\"><\/div>\n\n\n\n<div class=\"wp-block-buttons is-layout-flex wp-block-buttons-is-layout-flex\">\n<div class=\"wp-block-button\"><a class=\"wp-block-button__link wp-element-button\" href=\"Https:\/\/www.olimar.de\/hotellistung\/ \">Jetzt Urlaubsangebote finden und buchen <\/a><\/div>\n<\/div>\n\n\n\n<div style=\"height:100px\" aria-hidden=\"true\" class=\"wp-block-spacer\"><\/div>\n","protected":false},"excerpt":{"rendered":"<p>Im dritten Teil meiner Tour der Erinnerungen an die \u201eguten, alten Zeiten\u201c ist die letzte Station meiner Reise durch Portugal die Algarve. Hier treffe ich Sabine und Paulo, die an der K\u00fcste Ferienwohnungen vermieten. Zum 2. Teil der Story &#8211; Lissabon: Hippster in der Pinkstreet Algarve: Der Infante auf Instagram Goldgelb, feuerrot und ultra-violett: Der Sonnenuntergang an der S\u00fcdwestspitze Europas ist ein Naturschauspiel, das unter die Haut geht. Am Himmel und auf der Oberfl\u00e4che des Atlantiks zaubert die Sonne eine fantastische Farbshow, die ich 70 Meter \u00fcber dem Meer bei Sagres am Cabo de S\u00e3o Vicente erlebe. Das Kap ist seit &hellip;<\/p>\n","protected":false},"author":80,"featured_media":16089,"comment_status":"open","ping_status":"open","sticky":false,"template":"","format":"standard","meta":{"_crdt_document":"","_lmt_disableupdate":"","_lmt_disable":"","footnotes":""},"categories":[31],"tags":[24,34,20],"class_list":["post-15205","post","type-post","status-publish","format-standard","has-post-thumbnail","hentry","category-land-leute","tag-algarve","tag-portugal","tag-slider"],"yoast_head":"<!-- This site is optimized with the Yoast SEO plugin v26.9 - https:\/\/yoast.com\/product\/yoast-seo-wordpress\/ -->\n<title>Keine Zeit f\u00fcr Nostalgie (Teil 3) -<\/title>\n<meta name=\"description\" content=\"Die letzte Station der Reise durch Portugal ist die Algarve. Hier trifft er sich mit Freunden, die seit Jahren an der Algarve leben.\" \/>\n<meta name=\"robots\" content=\"index, follow, max-snippet:-1, max-image-preview:large, max-video-preview:-1\" \/>\n<link rel=\"canonical\" href=\"https:\/\/blog.olimar.de\/hipster-in-der-pinkstreet-iii\/\" \/>\n<meta property=\"og:locale\" content=\"de_DE\" \/>\n<meta property=\"og:type\" content=\"article\" \/>\n<meta property=\"og:title\" content=\"Keine Zeit f\u00fcr Nostalgie (Teil 3) -\" \/>\n<meta property=\"og:description\" content=\"Die letzte Station der Reise durch Portugal ist die Algarve. Hier trifft er sich mit Freunden, die seit Jahren an der Algarve leben.\" \/>\n<meta property=\"og:url\" content=\"https:\/\/blog.olimar.de\/hipster-in-der-pinkstreet-iii\/\" \/>\n<meta property=\"article:publisher\" content=\"https:\/\/www.facebook.com\/OlimarReisen\" \/>\n<meta property=\"article:published_time\" content=\"2020-12-17T20:16:01+00:00\" \/>\n<meta property=\"article:modified_time\" content=\"2023-05-26T17:13:24+00:00\" \/>\n<meta property=\"og:image\" content=\"https:\/\/blog.olimar.de\/wp-content\/uploads\/2020\/12\/PT-Algarve-Sagres-LeuchtturmKlippenNight_scaled.jpg\" \/>\n\t<meta property=\"og:image:width\" content=\"1456\" \/>\n\t<meta property=\"og:image:height\" content=\"970\" \/>\n\t<meta property=\"og:image:type\" content=\"image\/jpeg\" \/>\n<meta name=\"author\" content=\"Oliver Sdrojek\" \/>\n<meta name=\"twitter:label1\" content=\"Verfasst von\" \/>\n\t<meta name=\"twitter:data1\" content=\"Oliver Sdrojek\" \/>\n\t<meta name=\"twitter:label2\" content=\"Gesch\u00e4tzte Lesezeit\" \/>\n\t<meta name=\"twitter:data2\" content=\"6\u00a0Minuten\" \/>\n<script type=\"application\/ld+json\" class=\"yoast-schema-graph\">{\"@context\":\"https:\/\/schema.org\",\"@graph\":[{\"@type\":\"WebPage\",\"@id\":\"https:\/\/blog.olimar.de\/hipster-in-der-pinkstreet-iii\/\",\"url\":\"https:\/\/blog.olimar.de\/hipster-in-der-pinkstreet-iii\/\",\"name\":\"Keine Zeit f\u00fcr Nostalgie (Teil 3) -\",\"isPartOf\":{\"@id\":\"https:\/\/blog.olimar.de\/#website\"},\"primaryImageOfPage\":{\"@id\":\"https:\/\/blog.olimar.de\/hipster-in-der-pinkstreet-iii\/#primaryimage\"},\"image\":{\"@id\":\"https:\/\/blog.olimar.de\/hipster-in-der-pinkstreet-iii\/#primaryimage\"},\"thumbnailUrl\":\"https:\/\/blog.olimar.de\/wp-content\/uploads\/2020\/12\/PT-Algarve-Sagres-LeuchtturmKlippenNight_scaled.jpg\",\"datePublished\":\"2020-12-17T20:16:01+00:00\",\"dateModified\":\"2023-05-26T17:13:24+00:00\",\"description\":\"Die letzte Station der Reise durch Portugal ist die Algarve. Hier trifft er sich mit Freunden, die seit Jahren an der Algarve leben.\",\"breadcrumb\":{\"@id\":\"https:\/\/blog.olimar.de\/hipster-in-der-pinkstreet-iii\/#breadcrumb\"},\"inLanguage\":\"de\",\"potentialAction\":[{\"@type\":\"ReadAction\",\"target\":[\"https:\/\/blog.olimar.de\/hipster-in-der-pinkstreet-iii\/\"]}]},{\"@type\":\"ImageObject\",\"inLanguage\":\"de\",\"@id\":\"https:\/\/blog.olimar.de\/hipster-in-der-pinkstreet-iii\/#primaryimage\",\"url\":\"https:\/\/blog.olimar.de\/wp-content\/uploads\/2020\/12\/PT-Algarve-Sagres-LeuchtturmKlippenNight_scaled.jpg\",\"contentUrl\":\"https:\/\/blog.olimar.de\/wp-content\/uploads\/2020\/12\/PT-Algarve-Sagres-LeuchtturmKlippenNight_scaled.jpg\",\"width\":1456,\"height\":970,\"caption\":\"Algarve Sonnenuntergang Sagres\"},{\"@type\":\"BreadcrumbList\",\"@id\":\"https:\/\/blog.olimar.de\/hipster-in-der-pinkstreet-iii\/#breadcrumb\",\"itemListElement\":[{\"@type\":\"ListItem\",\"position\":1,\"name\":\"Home\",\"item\":\"https:\/\/blog.olimar.de\/\"},{\"@type\":\"ListItem\",\"position\":2,\"name\":\"Algarve\",\"item\":\"https:\/\/blog.olimar.de\/tag\/algarve\/\"},{\"@type\":\"ListItem\",\"position\":3,\"name\":\"Keine Zeit f\u00fcr Nostalgie (Teil 3)\"}]},{\"@type\":\"WebSite\",\"@id\":\"https:\/\/blog.olimar.de\/#website\",\"url\":\"https:\/\/blog.olimar.de\/\",\"name\":\"OLIMAR.com\",\"description\":\"\",\"publisher\":{\"@id\":\"https:\/\/blog.olimar.de\/#organization\"},\"potentialAction\":[{\"@type\":\"SearchAction\",\"target\":{\"@type\":\"EntryPoint\",\"urlTemplate\":\"https:\/\/blog.olimar.de\/?s={search_term_string}\"},\"query-input\":{\"@type\":\"PropertyValueSpecification\",\"valueRequired\":true,\"valueName\":\"search_term_string\"}}],\"inLanguage\":\"de\"},{\"@type\":\"Organization\",\"@id\":\"https:\/\/blog.olimar.de\/#organization\",\"name\":\"OLIMAR Reisen\",\"url\":\"https:\/\/blog.olimar.de\/\",\"logo\":{\"@type\":\"ImageObject\",\"inLanguage\":\"de\",\"@id\":\"https:\/\/blog.olimar.de\/#\/schema\/logo\/image\/\",\"url\":\"https:\/\/blog.olimar.de\/wp-content\/uploads\/2021\/01\/OLIMAR_Logo_COLOR.png\",\"contentUrl\":\"https:\/\/blog.olimar.de\/wp-content\/uploads\/2021\/01\/OLIMAR_Logo_COLOR.png\",\"width\":2000,\"height\":986,\"caption\":\"OLIMAR Reisen\"},\"image\":{\"@id\":\"https:\/\/blog.olimar.de\/#\/schema\/logo\/image\/\"},\"sameAs\":[\"https:\/\/www.facebook.com\/OlimarReisen\",\"https:\/\/x.com\/olimarrreisen\",\"https:\/\/www.instagram.com\/olimarreisen\",\"https:\/\/www.youtube.com\/user\/olimarreisen\"]}]}<\/script>\n<!-- \/ Yoast SEO plugin. -->","yoast_head_json":{"title":"Keine Zeit f\u00fcr Nostalgie (Teil 3) -","description":"Die letzte Station der Reise durch Portugal ist die Algarve. Hier trifft er sich mit Freunden, die seit Jahren an der Algarve leben.","robots":{"index":"index","follow":"follow","max-snippet":"max-snippet:-1","max-image-preview":"max-image-preview:large","max-video-preview":"max-video-preview:-1"},"canonical":"https:\/\/blog.olimar.de\/hipster-in-der-pinkstreet-iii\/","og_locale":"de_DE","og_type":"article","og_title":"Keine Zeit f\u00fcr Nostalgie (Teil 3) -","og_description":"Die letzte Station der Reise durch Portugal ist die Algarve. Hier trifft er sich mit Freunden, die seit Jahren an der Algarve leben.","og_url":"https:\/\/blog.olimar.de\/hipster-in-der-pinkstreet-iii\/","article_publisher":"https:\/\/www.facebook.com\/OlimarReisen","article_published_time":"2020-12-17T20:16:01+00:00","article_modified_time":"2023-05-26T17:13:24+00:00","og_image":[{"width":1456,"height":970,"url":"https:\/\/blog.olimar.de\/wp-content\/uploads\/2020\/12\/PT-Algarve-Sagres-LeuchtturmKlippenNight_scaled.jpg","type":"image\/jpeg"}],"author":"Oliver Sdrojek","twitter_misc":{"Verfasst von":"Oliver Sdrojek","Gesch\u00e4tzte Lesezeit":"6\u00a0Minuten"},"schema":{"@context":"https:\/\/schema.org","@graph":[{"@type":"WebPage","@id":"https:\/\/blog.olimar.de\/hipster-in-der-pinkstreet-iii\/","url":"https:\/\/blog.olimar.de\/hipster-in-der-pinkstreet-iii\/","name":"Keine Zeit f\u00fcr Nostalgie (Teil 3) -","isPartOf":{"@id":"https:\/\/blog.olimar.de\/#website"},"primaryImageOfPage":{"@id":"https:\/\/blog.olimar.de\/hipster-in-der-pinkstreet-iii\/#primaryimage"},"image":{"@id":"https:\/\/blog.olimar.de\/hipster-in-der-pinkstreet-iii\/#primaryimage"},"thumbnailUrl":"https:\/\/blog.olimar.de\/wp-content\/uploads\/2020\/12\/PT-Algarve-Sagres-LeuchtturmKlippenNight_scaled.jpg","datePublished":"2020-12-17T20:16:01+00:00","dateModified":"2023-05-26T17:13:24+00:00","description":"Die letzte Station der Reise durch Portugal ist die Algarve. Hier trifft er sich mit Freunden, die seit Jahren an der Algarve leben.","breadcrumb":{"@id":"https:\/\/blog.olimar.de\/hipster-in-der-pinkstreet-iii\/#breadcrumb"},"inLanguage":"de","potentialAction":[{"@type":"ReadAction","target":["https:\/\/blog.olimar.de\/hipster-in-der-pinkstreet-iii\/"]}]},{"@type":"ImageObject","inLanguage":"de","@id":"https:\/\/blog.olimar.de\/hipster-in-der-pinkstreet-iii\/#primaryimage","url":"https:\/\/blog.olimar.de\/wp-content\/uploads\/2020\/12\/PT-Algarve-Sagres-LeuchtturmKlippenNight_scaled.jpg","contentUrl":"https:\/\/blog.olimar.de\/wp-content\/uploads\/2020\/12\/PT-Algarve-Sagres-LeuchtturmKlippenNight_scaled.jpg","width":1456,"height":970,"caption":"Algarve Sonnenuntergang Sagres"},{"@type":"BreadcrumbList","@id":"https:\/\/blog.olimar.de\/hipster-in-der-pinkstreet-iii\/#breadcrumb","itemListElement":[{"@type":"ListItem","position":1,"name":"Home","item":"https:\/\/blog.olimar.de\/"},{"@type":"ListItem","position":2,"name":"Algarve","item":"https:\/\/blog.olimar.de\/tag\/algarve\/"},{"@type":"ListItem","position":3,"name":"Keine Zeit f\u00fcr Nostalgie (Teil 3)"}]},{"@type":"WebSite","@id":"https:\/\/blog.olimar.de\/#website","url":"https:\/\/blog.olimar.de\/","name":"OLIMAR.com","description":"","publisher":{"@id":"https:\/\/blog.olimar.de\/#organization"},"potentialAction":[{"@type":"SearchAction","target":{"@type":"EntryPoint","urlTemplate":"https:\/\/blog.olimar.de\/?s={search_term_string}"},"query-input":{"@type":"PropertyValueSpecification","valueRequired":true,"valueName":"search_term_string"}}],"inLanguage":"de"},{"@type":"Organization","@id":"https:\/\/blog.olimar.de\/#organization","name":"OLIMAR Reisen","url":"https:\/\/blog.olimar.de\/","logo":{"@type":"ImageObject","inLanguage":"de","@id":"https:\/\/blog.olimar.de\/#\/schema\/logo\/image\/","url":"https:\/\/blog.olimar.de\/wp-content\/uploads\/2021\/01\/OLIMAR_Logo_COLOR.png","contentUrl":"https:\/\/blog.olimar.de\/wp-content\/uploads\/2021\/01\/OLIMAR_Logo_COLOR.png","width":2000,"height":986,"caption":"OLIMAR Reisen"},"image":{"@id":"https:\/\/blog.olimar.de\/#\/schema\/logo\/image\/"},"sameAs":["https:\/\/www.facebook.com\/OlimarReisen","https:\/\/x.com\/olimarrreisen","https:\/\/www.instagram.com\/olimarreisen","https:\/\/www.youtube.com\/user\/olimarreisen"]}]}},"modified_by":"Lena Radermacher","jetpack_featured_media_url":"https:\/\/blog.olimar.de\/wp-content\/uploads\/2020\/12\/PT-Algarve-Sagres-LeuchtturmKlippenNight_scaled.jpg","_links":{"self":[{"href":"https:\/\/blog.olimar.de\/wp-json\/wp\/v2\/posts\/15205","targetHints":{"allow":["GET"]}}],"collection":[{"href":"https:\/\/blog.olimar.de\/wp-json\/wp\/v2\/posts"}],"about":[{"href":"https:\/\/blog.olimar.de\/wp-json\/wp\/v2\/types\/post"}],"author":[{"embeddable":true,"href":"https:\/\/blog.olimar.de\/wp-json\/wp\/v2\/users\/80"}],"replies":[{"embeddable":true,"href":"https:\/\/blog.olimar.de\/wp-json\/wp\/v2\/comments?post=15205"}],"version-history":[{"count":18,"href":"https:\/\/blog.olimar.de\/wp-json\/wp\/v2\/posts\/15205\/revisions"}],"predecessor-version":[{"id":25674,"href":"https:\/\/blog.olimar.de\/wp-json\/wp\/v2\/posts\/15205\/revisions\/25674"}],"wp:featuredmedia":[{"embeddable":true,"href":"https:\/\/blog.olimar.de\/wp-json\/wp\/v2\/media\/16089"}],"wp:attachment":[{"href":"https:\/\/blog.olimar.de\/wp-json\/wp\/v2\/media?parent=15205"}],"wp:term":[{"taxonomy":"category","embeddable":true,"href":"https:\/\/blog.olimar.de\/wp-json\/wp\/v2\/categories?post=15205"},{"taxonomy":"post_tag","embeddable":true,"href":"https:\/\/blog.olimar.de\/wp-json\/wp\/v2\/tags?post=15205"}],"curies":[{"name":"wp","href":"https:\/\/api.w.org\/{rel}","templated":true}]}}