{"id":15628,"date":"2021-02-03T18:18:51","date_gmt":"2021-02-03T17:18:51","guid":{"rendered":"https:\/\/blog.olimar.de\/?p=15628"},"modified":"2023-05-26T18:53:52","modified_gmt":"2023-05-26T17:53:52","slug":"kulturhighlights-2021","status":"publish","type":"post","link":"https:\/\/blog.olimar.de\/kulturhighlights-2021\/","title":{"rendered":"Portugal: Das sind die Kulturhighlights der Saison 2021"},"content":{"rendered":"\n<p><strong>Trotz Pandemie hat sich Portugal im Sommer einiges vorgenommen. Eine \u00dcbersicht der aktuell geplanten Kulturevents haben wir Ihnen hier zusammengestellt.<\/strong><\/p>\n\n\n\n<h2 class=\"wp-block-heading\"><strong>JULI<\/strong><\/h2>\n\n\n\n<p><strong>LISSABONS K\u00dcSTEN: Kunsthandwerk in Estoril<\/strong><br \/>\u00dcber 300 Aussteller aus ganz Portugal pr\u00e4sentieren jedes Jahr ihr K\u00f6nnen auf dem \u00e4ltesten Kunsthandwerkermarkt des Landes. Von handgefertigter Keramik und Modeaccessoires aus Kork bis hin zu Kacheln mit portugiesischen Mustern finden Sie hier viele sch\u00f6ne Unikate, die Sie auch zuhause noch an Portugal erinnern. Weitere Infos unter: <a href=\"http:\/\/facebook.com\/feiradeartesanatodoestoril\">facebook.com\/feiradeartesanatodoestoril<\/a><\/p>\n\n\n<div class=\"wp-block-image\">\n<figure class=\"aligncenter size-large is-resized\"><img loading=\"lazy\" decoding=\"async\" src=\"https:\/\/blog.olimar.de\/wp-content\/uploads\/2021\/02\/2020_COMUNICACAO_FIARTIL_FOTO_PERFIL2_PRETO-1024x1024.png\" alt=\"Logo - Fiartil - Feira de artesanato do estoril \" class=\"wp-image-15635\" width=\"254\" height=\"254\" srcset=\"https:\/\/blog.olimar.de\/wp-content\/uploads\/2021\/02\/2020_COMUNICACAO_FIARTIL_FOTO_PERFIL2_PRETO-1024x1024.png 1024w, https:\/\/blog.olimar.de\/wp-content\/uploads\/2021\/02\/2020_COMUNICACAO_FIARTIL_FOTO_PERFIL2_PRETO-300x300.png 300w, https:\/\/blog.olimar.de\/wp-content\/uploads\/2021\/02\/2020_COMUNICACAO_FIARTIL_FOTO_PERFIL2_PRETO-150x150.png 150w, https:\/\/blog.olimar.de\/wp-content\/uploads\/2021\/02\/2020_COMUNICACAO_FIARTIL_FOTO_PERFIL2_PRETO-768x768.png 768w, https:\/\/blog.olimar.de\/wp-content\/uploads\/2021\/02\/2020_COMUNICACAO_FIARTIL_FOTO_PERFIL2_PRETO-120x120.png 120w, https:\/\/blog.olimar.de\/wp-content\/uploads\/2021\/02\/2020_COMUNICACAO_FIARTIL_FOTO_PERFIL2_PRETO.png 1067w\" sizes=\"auto, (max-width: 254px) 100vw, 254px\" \/><\/figure>\n<\/div>\n\n\n<h2 class=\"wp-block-heading\"><strong>AUGUS<\/strong>T<\/h2>\n\n\n\n<p><strong>ALGARVE: Sardinenfestival in Portim<\/strong><strong>\u00e3o<br><\/strong>Die Einwohner von Portim\u00e3o lieben ihre <a href=\"https:\/\/www.olimar.de\/blog\/algarve-spezialitaeten\/\">Sardinen<\/a> so sehr, dass sie ihnen ein eigenes Fest widmen. Daher wird der Hafen jedes Jahr zu einem gro\u00dfen Open Air-Restaurant umgestaltet. Hier k\u00f6nnen Sie frischen Fisch in vielen Varianten probieren und danach zum Rio Andrade schlendern. Am Flussufer finden anl\u00e4sslich des Festes kleine Konzerte statt sowie Darbietungen von Folkloregruppen.<\/p>\n\n\n\n<p><strong>ALGARVE: Fest der Meeresfr\u00fcchte in Olh\u00e3o<br><\/strong>In Olh\u00e3o steht der Fisch eigentlich das ganze Jahr im Mittelpunkt, denn die Stadt besitzt den gr\u00f6\u00dften Fischereihafen an der Algarve. Gro\u00df gefeiert wird die traditionelle Fischerei w\u00e4hrend des Meeresfr\u00fcchtefestes. Dazu verwandeln sich die Markthallen und umliegenden Stra\u00dfen in eine gro\u00dfe Flaniermeile mit zahlreichen Verkaufsst\u00e4nden. Zur Website <a href=\"http:\/\/festivaldomarisco.com\">Festival do Marisco<\/a>.<\/p>\n\n\n\n<div class=\"wp-block-jetpack-tiled-gallery aligncenter is-style-rectangular\"><div class=\"tiled-gallery__gallery\"><div class=\"tiled-gallery__row\"><div class=\"tiled-gallery__col\" style=\"flex-basis:40.04401408450705%\"><figure class=\"tiled-gallery__item\"><img decoding=\"async\" alt=\"\" data-height=\"800\" data-id=\"15644\" data-link=\"https:\/\/blog.olimar.de\/?attachment_id=15644\" data-url=\"https:\/\/blog.olimar.de\/wp-content\/uploads\/2021\/02\/Portugal-Algarve-Meurers_2661_800x800.jpg\" data-width=\"800\" src=\"https:\/\/i1.wp.com\/blog.olimar.de\/wp-content\/uploads\/2021\/02\/Portugal-Algarve-Meurers_2661_800x800.jpg?ssl=1\" layout=\"responsive\"><\/figure><\/div><div class=\"tiled-gallery__col\" style=\"flex-basis:59.95598591549296%\"><figure class=\"tiled-gallery__item\"><img decoding=\"async\" alt=\"\" data-height=\"800\" data-id=\"15645\" data-link=\"https:\/\/blog.olimar.de\/?attachment_id=15645\" data-url=\"https:\/\/blog.olimar.de\/wp-content\/uploads\/2021\/02\/Portugal-Algarve-Meurers_2512_1200x800.jpg\" data-width=\"1200\" src=\"https:\/\/i1.wp.com\/blog.olimar.de\/wp-content\/uploads\/2021\/02\/Portugal-Algarve-Meurers_2512_1200x800.jpg?ssl=1\" layout=\"responsive\"><\/figure><\/div><\/div><\/div><\/div>\n\n\n\n<p><strong>LISSABONS K\u00dcSTEN: <\/strong><strong>Fest des Meeres in Cascais<br><\/strong>Jedes Jahr wird dieses Fest im ehemaligen Fischerort Cascais \u00fcber zehn Tage gefeiert. T\u00e4glich treten bekannte portugiesische K\u00fcnstler auf, sodass Sie hier auch etwas \u00fcber angesagte Musik des Landes erfahren. Die Einheimischen f\u00fchren zu Ehren der Schutzheiligen der Fischer und Seefahrer (Virgen del Carmen) traditionell eine Prozession durch, die auch bei Touristen beliebt ist.<\/p>\n\n\n\n<h2 class=\"wp-block-heading\">SEPTEMBER<\/h2>\n\n\n\n<p><strong>MADEIRA: <\/strong><strong>Wein- und Blumenfest auf Madeira<\/strong><br>Unz\u00e4hlige exotische Blumen bl\u00fchen auf Madeira, gleichzeitig erzielen die Weine der Insel selbst unter Gourmets hohen Zuspruch. Warum also nicht den beiden gro\u00dfen Aush\u00e4ngeschildern Madeiras ein eigenes Fest widmen? Die Events rund um Blumenschauen und Weinverk\u00f6stigungen dauern fast einen Monat lang und finden an verschiedenen Orten der Insel statt. Weitere Infos zu den Events auf Madeira.<\/p>\n\n\n\n<div class=\"wp-block-jetpack-tiled-gallery aligncenter is-style-rectangular\"><div class=\"tiled-gallery__gallery\"><div class=\"tiled-gallery__row\"><div class=\"tiled-gallery__col\" style=\"flex-basis:50.03072024614459%\"><figure class=\"tiled-gallery__item\"><img decoding=\"async\" alt=\"\" data-height=\"800\" data-id=\"15638\" data-link=\"https:\/\/blog.olimar.de\/?attachment_id=15638\" data-url=\"https:\/\/blog.olimar.de\/wp-content\/uploads\/2021\/02\/PT-Madeira-FlowerFestivalFlowerParadeB-c-TurismoMadeira_1200x800.jpg\" data-width=\"1200\" src=\"https:\/\/i0.wp.com\/blog.olimar.de\/wp-content\/uploads\/2021\/02\/PT-Madeira-FlowerFestivalFlowerParadeB-c-TurismoMadeira_1200x800.jpg?ssl=1\" layout=\"responsive\"><\/figure><\/div><div class=\"tiled-gallery__col\" style=\"flex-basis:49.96927975385542%\"><figure class=\"tiled-gallery__item\"><img decoding=\"async\" alt=\"Blumendeko Festa do Flor Madeira\" data-height=\"1080\" data-id=\"13268\" data-link=\"https:\/\/blog.olimar.de\/blumenfest-madeira\/pt-madeira-funchal-flowerfestivalb2017apm\/\" data-url=\"https:\/\/blog.olimar.de\/wp-content\/uploads\/2020\/01\/PT-Madeira-Funchal-FlowerFestivalB2017APM.jpg\" data-width=\"1618\" src=\"https:\/\/i1.wp.com\/blog.olimar.de\/wp-content\/uploads\/2020\/01\/PT-Madeira-Funchal-FlowerFestivalB2017APM.jpg?ssl=1\" layout=\"responsive\"><\/figure><\/div><\/div><\/div><\/div>\n\n\n\n<p><strong>MITTELPORTUGAL: Musikfestival in Sintra<br><\/strong>Liebhaber der klassischen Musik kommen in Sintra, nahe Lissabon, voll auf ihre Kosten. Einige Konzerte werden in Kirchen, Pal\u00e4sten sowie in Parks der Region aufgef\u00fchrt. Zur Website <a href=\"http:\/\/festivaldesintra.pt\/en\">Festival de Sintra<\/a><\/p>\n\n\n\n<figure class=\"wp-block-embed is-type-video is-provider-youtube wp-block-embed-youtube wp-embed-aspect-16-9 wp-has-aspect-ratio\"><div class=\"wp-block-embed__wrapper\">\n<iframe loading=\"lazy\" title=\"54\u00ba Festival de Sintra \u2013 Xinyuan Wang\" width=\"840\" height=\"473\" src=\"https:\/\/www.youtube.com\/embed\/CV1q4xooc94?feature=oembed\" frameborder=\"0\" allow=\"accelerometer; autoplay; clipboard-write; encrypted-media; gyroscope; picture-in-picture; web-share\" allowfullscreen><\/iframe>\n<\/div><\/figure>\n\n\n\n<p><strong>MITTELPORTUGAL: Wool \u2013 Stra\u00dfenkunst im Bergdorf Covilh\u00e3<br><\/strong>Die kleine Bergstadt Covilh\u00e3 im S\u00fcden des Naturparks Serra da Estrela ist nicht nur bekannt f\u00fcr ihre traditionelle Wollproduktion, sondern auch f\u00fcr ihre Stra\u00dfenkunst. Zahlreiche K\u00fcnstler zeigen hier die Geschichte der Region auf riesigen Plakaten und \u00fcberdimensionalen Graffitis. Zum ber\u00fchmt gewordenen Woolfest werden die neuesten Werke in Szene gesetzt. Weitere Infos unter: <a href=\"http:\/\/facebook.com\/woolfest\">facebook.com\/woolfest<\/a><\/p>\n\n\n\n<div class=\"wp-block-jetpack-tiled-gallery aligncenter is-style-rectangular\"><div class=\"tiled-gallery__gallery\"><div class=\"tiled-gallery__row\"><div class=\"tiled-gallery__col\" style=\"flex-basis:59.95598591549296%\"><figure class=\"tiled-gallery__item\"><img decoding=\"async\" alt=\"\" data-height=\"800\" data-id=\"15639\" data-link=\"https:\/\/blog.olimar.de\/?attachment_id=15639\" data-url=\"https:\/\/blog.olimar.de\/wp-content\/uploads\/2021\/02\/Wool_1200x800.jpg\" data-width=\"1200\" src=\"https:\/\/i0.wp.com\/blog.olimar.de\/wp-content\/uploads\/2021\/02\/Wool_1200x800.jpg?ssl=1\" layout=\"responsive\"><\/figure><\/div><div class=\"tiled-gallery__col\" style=\"flex-basis:40.04401408450705%\"><figure class=\"tiled-gallery__item\"><img decoding=\"async\" alt=\"\" data-height=\"800\" data-id=\"15640\" data-link=\"https:\/\/blog.olimar.de\/?attachment_id=15640\" data-url=\"https:\/\/blog.olimar.de\/wp-content\/uploads\/2021\/02\/Wool2_800x800.jpg\" data-width=\"800\" src=\"https:\/\/i2.wp.com\/blog.olimar.de\/wp-content\/uploads\/2021\/02\/Wool2_800x800.jpg?ssl=1\" layout=\"responsive\"><\/figure><\/div><\/div><\/div><\/div>\n\n\n\n<h2 class=\"wp-block-heading\">NOVEMBER<\/h2>\n\n\n\n<p><strong>NORDPORTUGAL: <\/strong><strong>Guimar\u00e3es Jazz<br><\/strong>Sie lieben Jazz? Dann sollten Sie nicht das Musikfestival von Guimar\u00e3es verpassen. Seit 1992 finden sich j\u00e4hrlich in den ersten Novemberwochen bekannte Jazzgr\u00f6\u00dfen sowie neue Musiker zusammen, die beim Publikum viel Neugierde wecken und auch neue Entwicklungen des Musikstils zeigen. Zur Website von <a href=\"http:\/\/guimaraesjazz.pt\">Guimar\u00e3es Jazz<\/a><\/p>\n\n\n\n<figure class=\"wp-block-embed is-type-video is-provider-youtube wp-block-embed-youtube wp-embed-aspect-16-9 wp-has-aspect-ratio\"><div class=\"wp-block-embed__wrapper\">\n<iframe loading=\"lazy\" title=\"Guimara\u0303es Jazz 2019\" width=\"840\" height=\"473\" src=\"https:\/\/www.youtube.com\/embed\/jfKy20FUC1w?feature=oembed\" frameborder=\"0\" allow=\"accelerometer; autoplay; clipboard-write; encrypted-media; gyroscope; picture-in-picture; web-share\" allowfullscreen><\/iframe>\n<\/div><\/figure>\n\n\n\n<p><em>Alle Angaben ohne Gew\u00e4hr, \u00c4nderungen vorbehalten.<\/em><\/p>\n\n\n\n<div style=\"height:53px\" aria-hidden=\"true\" class=\"wp-block-spacer\"><\/div>\n\n\n\n<div class=\"wp-block-buttons is-layout-flex wp-block-buttons-is-layout-flex\">\n<div class=\"wp-block-button\"><a class=\"wp-block-button__link wp-element-button\" href=\"Https:\/\/www.olimar.de\/hotellistung\/\">Jetzt Urlaubsangebote finden und buchen<\/a><\/div>\n<\/div>\n\n\n\n<div style=\"height:100px\" aria-hidden=\"true\" class=\"wp-block-spacer\"><\/div>\n","protected":false},"excerpt":{"rendered":"<p>Trotz Pandemie hat sich Portugal im Sommer einiges vorgenommen. Eine \u00dcbersicht der aktuell geplanten Kulturevents haben wir Ihnen hier zusammengestellt. JULI LISSABONS K\u00dcSTEN: Kunsthandwerk in Estoril\u00dcber 300 Aussteller aus ganz Portugal pr\u00e4sentieren jedes Jahr ihr K\u00f6nnen auf dem \u00e4ltesten Kunsthandwerkermarkt des Landes. Von handgefertigter Keramik und Modeaccessoires aus Kork bis hin zu Kacheln mit portugiesischen Mustern finden Sie hier viele sch\u00f6ne Unikate, die Sie auch zuhause noch an Portugal erinnern. Weitere Infos unter: facebook.com\/feiradeartesanatodoestoril AUGUST ALGARVE: Sardinenfestival in Portim\u00e3oDie Einwohner von Portim\u00e3o lieben ihre Sardinen so sehr, dass sie ihnen ein eigenes Fest widmen. Daher wird der Hafen jedes Jahr zu &hellip;<\/p>\n","protected":false},"author":9,"featured_media":15642,"comment_status":"open","ping_status":"open","sticky":false,"template":"","format":"standard","meta":{"_crdt_document":"","_lmt_disableupdate":"","_lmt_disable":"","footnotes":""},"categories":[30,28],"tags":[34,20],"class_list":["post-15628","post","type-post","status-publish","format-standard","has-post-thumbnail","hentry","category-kulinarik-genuss","category-kunst-kultur","tag-portugal","tag-slider"],"yoast_head":"<!-- This site is optimized with the Yoast SEO plugin v26.9 - https:\/\/yoast.com\/product\/yoast-seo-wordpress\/ -->\n<title>Portugal: Das sind die Kulturhighlights der Saison 2021 -<\/title>\n<meta name=\"description\" content=\"Trotz Pandemie hat sich Portugal im Sommer einiges vorgenommen. Eine \u00dcbersicht der aktuell geplanten Kulturevents.\" \/>\n<meta name=\"robots\" content=\"index, follow, max-snippet:-1, max-image-preview:large, max-video-preview:-1\" \/>\n<link rel=\"canonical\" href=\"https:\/\/blog.olimar.de\/kulturhighlights-2021\/\" \/>\n<meta property=\"og:locale\" content=\"de_DE\" \/>\n<meta property=\"og:type\" content=\"article\" \/>\n<meta property=\"og:title\" content=\"Portugal: Das sind die Kulturhighlights der Saison 2021 -\" \/>\n<meta property=\"og:description\" content=\"Trotz Pandemie hat sich Portugal im Sommer einiges vorgenommen. Eine \u00dcbersicht der aktuell geplanten Kulturevents.\" \/>\n<meta property=\"og:url\" content=\"https:\/\/blog.olimar.de\/kulturhighlights-2021\/\" \/>\n<meta property=\"article:publisher\" content=\"https:\/\/www.facebook.com\/OlimarReisen\" \/>\n<meta property=\"article:published_time\" content=\"2021-02-03T17:18:51+00:00\" \/>\n<meta property=\"article:modified_time\" content=\"2023-05-26T17:53:52+00:00\" \/>\n<meta property=\"og:image\" content=\"https:\/\/blog.olimar.de\/wp-content\/uploads\/2021\/02\/Highlights_2021_Fiartil_1536x988.jpg\" \/>\n\t<meta property=\"og:image:width\" content=\"1536\" \/>\n\t<meta property=\"og:image:height\" content=\"988\" \/>\n\t<meta property=\"og:image:type\" content=\"image\/jpeg\" \/>\n<meta name=\"author\" content=\"OLIMAR Redaktionsteam\" \/>\n<meta name=\"twitter:label1\" content=\"Verfasst von\" \/>\n\t<meta name=\"twitter:data1\" content=\"OLIMAR Redaktionsteam\" \/>\n\t<meta name=\"twitter:label2\" content=\"Gesch\u00e4tzte Lesezeit\" \/>\n\t<meta name=\"twitter:data2\" content=\"5\u00a0Minuten\" \/>\n<script type=\"application\/ld+json\" class=\"yoast-schema-graph\">{\"@context\":\"https:\/\/schema.org\",\"@graph\":[{\"@type\":\"WebPage\",\"@id\":\"https:\/\/blog.olimar.de\/kulturhighlights-2021\/\",\"url\":\"https:\/\/blog.olimar.de\/kulturhighlights-2021\/\",\"name\":\"Portugal: Das sind die Kulturhighlights der Saison 2021 -\",\"isPartOf\":{\"@id\":\"https:\/\/blog.olimar.de\/#website\"},\"primaryImageOfPage\":{\"@id\":\"https:\/\/blog.olimar.de\/kulturhighlights-2021\/#primaryimage\"},\"image\":{\"@id\":\"https:\/\/blog.olimar.de\/kulturhighlights-2021\/#primaryimage\"},\"thumbnailUrl\":\"https:\/\/blog.olimar.de\/wp-content\/uploads\/2021\/02\/Highlights_2021_Fiartil_1536x988.jpg\",\"datePublished\":\"2021-02-03T17:18:51+00:00\",\"dateModified\":\"2023-05-26T17:53:52+00:00\",\"description\":\"Trotz Pandemie hat sich Portugal im Sommer einiges vorgenommen. Eine \u00dcbersicht der aktuell geplanten Kulturevents.\",\"breadcrumb\":{\"@id\":\"https:\/\/blog.olimar.de\/kulturhighlights-2021\/#breadcrumb\"},\"inLanguage\":\"de\",\"potentialAction\":[{\"@type\":\"ReadAction\",\"target\":[\"https:\/\/blog.olimar.de\/kulturhighlights-2021\/\"]}]},{\"@type\":\"ImageObject\",\"inLanguage\":\"de\",\"@id\":\"https:\/\/blog.olimar.de\/kulturhighlights-2021\/#primaryimage\",\"url\":\"https:\/\/blog.olimar.de\/wp-content\/uploads\/2021\/02\/Highlights_2021_Fiartil_1536x988.jpg\",\"contentUrl\":\"https:\/\/blog.olimar.de\/wp-content\/uploads\/2021\/02\/Highlights_2021_Fiartil_1536x988.jpg\",\"width\":1536,\"height\":988,\"caption\":\"Lissabons K\u00fcsten Fiartil\"},{\"@type\":\"BreadcrumbList\",\"@id\":\"https:\/\/blog.olimar.de\/kulturhighlights-2021\/#breadcrumb\",\"itemListElement\":[{\"@type\":\"ListItem\",\"position\":1,\"name\":\"Home\",\"item\":\"https:\/\/blog.olimar.de\/\"},{\"@type\":\"ListItem\",\"position\":2,\"name\":\"Portugal\",\"item\":\"https:\/\/blog.olimar.de\/tag\/portugal\/\"},{\"@type\":\"ListItem\",\"position\":3,\"name\":\"Portugal: Das sind die Kulturhighlights der Saison 2021\"}]},{\"@type\":\"WebSite\",\"@id\":\"https:\/\/blog.olimar.de\/#website\",\"url\":\"https:\/\/blog.olimar.de\/\",\"name\":\"OLIMAR.com\",\"description\":\"\",\"publisher\":{\"@id\":\"https:\/\/blog.olimar.de\/#organization\"},\"potentialAction\":[{\"@type\":\"SearchAction\",\"target\":{\"@type\":\"EntryPoint\",\"urlTemplate\":\"https:\/\/blog.olimar.de\/?s={search_term_string}\"},\"query-input\":{\"@type\":\"PropertyValueSpecification\",\"valueRequired\":true,\"valueName\":\"search_term_string\"}}],\"inLanguage\":\"de\"},{\"@type\":\"Organization\",\"@id\":\"https:\/\/blog.olimar.de\/#organization\",\"name\":\"OLIMAR Reisen\",\"url\":\"https:\/\/blog.olimar.de\/\",\"logo\":{\"@type\":\"ImageObject\",\"inLanguage\":\"de\",\"@id\":\"https:\/\/blog.olimar.de\/#\/schema\/logo\/image\/\",\"url\":\"https:\/\/blog.olimar.de\/wp-content\/uploads\/2021\/01\/OLIMAR_Logo_COLOR.png\",\"contentUrl\":\"https:\/\/blog.olimar.de\/wp-content\/uploads\/2021\/01\/OLIMAR_Logo_COLOR.png\",\"width\":2000,\"height\":986,\"caption\":\"OLIMAR Reisen\"},\"image\":{\"@id\":\"https:\/\/blog.olimar.de\/#\/schema\/logo\/image\/\"},\"sameAs\":[\"https:\/\/www.facebook.com\/OlimarReisen\",\"https:\/\/x.com\/olimarrreisen\",\"https:\/\/www.instagram.com\/olimarreisen\",\"https:\/\/www.youtube.com\/user\/olimarreisen\"]}]}<\/script>\n<!-- \/ Yoast SEO plugin. -->","yoast_head_json":{"title":"Portugal: Das sind die Kulturhighlights der Saison 2021 -","description":"Trotz Pandemie hat sich Portugal im Sommer einiges vorgenommen. Eine \u00dcbersicht der aktuell geplanten Kulturevents.","robots":{"index":"index","follow":"follow","max-snippet":"max-snippet:-1","max-image-preview":"max-image-preview:large","max-video-preview":"max-video-preview:-1"},"canonical":"https:\/\/blog.olimar.de\/kulturhighlights-2021\/","og_locale":"de_DE","og_type":"article","og_title":"Portugal: Das sind die Kulturhighlights der Saison 2021 -","og_description":"Trotz Pandemie hat sich Portugal im Sommer einiges vorgenommen. Eine \u00dcbersicht der aktuell geplanten Kulturevents.","og_url":"https:\/\/blog.olimar.de\/kulturhighlights-2021\/","article_publisher":"https:\/\/www.facebook.com\/OlimarReisen","article_published_time":"2021-02-03T17:18:51+00:00","article_modified_time":"2023-05-26T17:53:52+00:00","og_image":[{"width":1536,"height":988,"url":"https:\/\/blog.olimar.de\/wp-content\/uploads\/2021\/02\/Highlights_2021_Fiartil_1536x988.jpg","type":"image\/jpeg"}],"author":"OLIMAR Redaktionsteam","twitter_misc":{"Verfasst von":"OLIMAR Redaktionsteam","Gesch\u00e4tzte Lesezeit":"5\u00a0Minuten"},"schema":{"@context":"https:\/\/schema.org","@graph":[{"@type":"WebPage","@id":"https:\/\/blog.olimar.de\/kulturhighlights-2021\/","url":"https:\/\/blog.olimar.de\/kulturhighlights-2021\/","name":"Portugal: Das sind die Kulturhighlights der Saison 2021 -","isPartOf":{"@id":"https:\/\/blog.olimar.de\/#website"},"primaryImageOfPage":{"@id":"https:\/\/blog.olimar.de\/kulturhighlights-2021\/#primaryimage"},"image":{"@id":"https:\/\/blog.olimar.de\/kulturhighlights-2021\/#primaryimage"},"thumbnailUrl":"https:\/\/blog.olimar.de\/wp-content\/uploads\/2021\/02\/Highlights_2021_Fiartil_1536x988.jpg","datePublished":"2021-02-03T17:18:51+00:00","dateModified":"2023-05-26T17:53:52+00:00","description":"Trotz Pandemie hat sich Portugal im Sommer einiges vorgenommen. Eine \u00dcbersicht der aktuell geplanten Kulturevents.","breadcrumb":{"@id":"https:\/\/blog.olimar.de\/kulturhighlights-2021\/#breadcrumb"},"inLanguage":"de","potentialAction":[{"@type":"ReadAction","target":["https:\/\/blog.olimar.de\/kulturhighlights-2021\/"]}]},{"@type":"ImageObject","inLanguage":"de","@id":"https:\/\/blog.olimar.de\/kulturhighlights-2021\/#primaryimage","url":"https:\/\/blog.olimar.de\/wp-content\/uploads\/2021\/02\/Highlights_2021_Fiartil_1536x988.jpg","contentUrl":"https:\/\/blog.olimar.de\/wp-content\/uploads\/2021\/02\/Highlights_2021_Fiartil_1536x988.jpg","width":1536,"height":988,"caption":"Lissabons K\u00fcsten Fiartil"},{"@type":"BreadcrumbList","@id":"https:\/\/blog.olimar.de\/kulturhighlights-2021\/#breadcrumb","itemListElement":[{"@type":"ListItem","position":1,"name":"Home","item":"https:\/\/blog.olimar.de\/"},{"@type":"ListItem","position":2,"name":"Portugal","item":"https:\/\/blog.olimar.de\/tag\/portugal\/"},{"@type":"ListItem","position":3,"name":"Portugal: Das sind die Kulturhighlights der Saison 2021"}]},{"@type":"WebSite","@id":"https:\/\/blog.olimar.de\/#website","url":"https:\/\/blog.olimar.de\/","name":"OLIMAR.com","description":"","publisher":{"@id":"https:\/\/blog.olimar.de\/#organization"},"potentialAction":[{"@type":"SearchAction","target":{"@type":"EntryPoint","urlTemplate":"https:\/\/blog.olimar.de\/?s={search_term_string}"},"query-input":{"@type":"PropertyValueSpecification","valueRequired":true,"valueName":"search_term_string"}}],"inLanguage":"de"},{"@type":"Organization","@id":"https:\/\/blog.olimar.de\/#organization","name":"OLIMAR Reisen","url":"https:\/\/blog.olimar.de\/","logo":{"@type":"ImageObject","inLanguage":"de","@id":"https:\/\/blog.olimar.de\/#\/schema\/logo\/image\/","url":"https:\/\/blog.olimar.de\/wp-content\/uploads\/2021\/01\/OLIMAR_Logo_COLOR.png","contentUrl":"https:\/\/blog.olimar.de\/wp-content\/uploads\/2021\/01\/OLIMAR_Logo_COLOR.png","width":2000,"height":986,"caption":"OLIMAR Reisen"},"image":{"@id":"https:\/\/blog.olimar.de\/#\/schema\/logo\/image\/"},"sameAs":["https:\/\/www.facebook.com\/OlimarReisen","https:\/\/x.com\/olimarrreisen","https:\/\/www.instagram.com\/olimarreisen","https:\/\/www.youtube.com\/user\/olimarreisen"]}]}},"modified_by":"Lena Radermacher","jetpack_featured_media_url":"https:\/\/blog.olimar.de\/wp-content\/uploads\/2021\/02\/Highlights_2021_Fiartil_1536x988.jpg","_links":{"self":[{"href":"https:\/\/blog.olimar.de\/wp-json\/wp\/v2\/posts\/15628","targetHints":{"allow":["GET"]}}],"collection":[{"href":"https:\/\/blog.olimar.de\/wp-json\/wp\/v2\/posts"}],"about":[{"href":"https:\/\/blog.olimar.de\/wp-json\/wp\/v2\/types\/post"}],"author":[{"embeddable":true,"href":"https:\/\/blog.olimar.de\/wp-json\/wp\/v2\/users\/9"}],"replies":[{"embeddable":true,"href":"https:\/\/blog.olimar.de\/wp-json\/wp\/v2\/comments?post=15628"}],"version-history":[{"count":15,"href":"https:\/\/blog.olimar.de\/wp-json\/wp\/v2\/posts\/15628\/revisions"}],"predecessor-version":[{"id":25701,"href":"https:\/\/blog.olimar.de\/wp-json\/wp\/v2\/posts\/15628\/revisions\/25701"}],"wp:featuredmedia":[{"embeddable":true,"href":"https:\/\/blog.olimar.de\/wp-json\/wp\/v2\/media\/15642"}],"wp:attachment":[{"href":"https:\/\/blog.olimar.de\/wp-json\/wp\/v2\/media?parent=15628"}],"wp:term":[{"taxonomy":"category","embeddable":true,"href":"https:\/\/blog.olimar.de\/wp-json\/wp\/v2\/categories?post=15628"},{"taxonomy":"post_tag","embeddable":true,"href":"https:\/\/blog.olimar.de\/wp-json\/wp\/v2\/tags?post=15628"}],"curies":[{"name":"wp","href":"https:\/\/api.w.org\/{rel}","templated":true}]}}