{"id":15743,"date":"2021-02-11T13:12:15","date_gmt":"2021-02-11T12:12:15","guid":{"rendered":"https:\/\/blog.olimar.de\/?p=15743"},"modified":"2024-11-18T17:08:44","modified_gmt":"2024-11-18T16:08:44","slug":"via-francigena-2","status":"publish","type":"post","link":"https:\/\/blog.olimar.de\/via-francigena-2\/","title":{"rendered":"Via Francigena: zu Fu\u00df auf dem sch\u00f6nsten Abschnitt des Frankenwegs"},"content":{"rendered":"\n<p class=\"wp-block-paragraph\"><strong>Ist man auf der Suche nach einer Reise, die nachhaltig und mit \u201eSocial Distance\u201c m\u00f6glich ist, so empfehle ich die Wanderung auf der Via Francigena, der alten Frankenstra\u00dfe in Italien, die ich im Herbst 2020 gemacht habe.<\/strong><\/p>\n\n\n\n<div class=\"wp-block-buttons is-layout-flex wp-block-buttons-is-layout-flex\">\n<div class=\"wp-block-button is-style-outline is-style-outline--1\"><a class=\"wp-block-button__link has-white-color has-text-color has-background wp-element-button\" href=\"https:\/\/www.olimar.de\/italien\/\" style=\"background-color:#008c87\">Italien Reiseangebote und Hoteltipps entdecken<\/a><\/div>\n<\/div>\n\n\n\n<div style=\"height:25px\" aria-hidden=\"true\" class=\"wp-block-spacer\"><\/div>\n\n\n\n<p>Um es gleich vorweg zu nehmen: Die Wanderung war, bedingt durch den vorherigen Regen und die h\u00fcgelige Landschaft, anstrengend, aber auch erholsam und wundersch\u00f6n. Man muss sich bewusst sein, dass dies auch eine Pilgerwanderung ist. An manchen Stellen ist daher das Ziel der Weg. Besonders am Ende und am Anfang jedes Wandertages muss erst eine unattraktivere Strecke, zum Teil an stark befahrenen Stra\u00dfen entlang, passiert werden. Die Tatsache, dass die Frankenstra\u00dfe ein Pilgerweg ist, macht diese Wanderung aber auch zu etwas Besonderem. Der \u00e4lteste Reisebericht stammt aus dem neunten Jahrhundert. Vor 500 Jahren wanderte auch Luther den Frankenweg bis nach Rom. Und 2020 dann eben auch meine Freundin und ich.<\/p>\n\n\n\n<p>Ich war das erste Mal in der Toskana und bin w\u00e4hrend des Wanderns vom ersten Tag an mit klassischen Toskana-Bildern belohnt worden: bewaldete H\u00fcgel, stille T\u00e4ler, Weinberge, Zypressen, weite Horizonte. Die Landschaft wirkt geordnet, fast graphisch und hat eine unglaubliche entspannende Wirkung.<\/p>\n\n\n\n<div class=\"wp-block-jetpack-tiled-gallery aligncenter is-style-rectangular\"><div class=\"tiled-gallery__gallery\"><div class=\"tiled-gallery__row\"><div class=\"tiled-gallery__col\" style=\"flex-basis:60.09964%\"><figure class=\"tiled-gallery__item\"><img decoding=\"async\" alt=\"Italien Toskana Zypressen\" data-height=\"1200\" data-id=\"15776\" data-link=\"https:\/\/blog.olimar.de\/via-francigena-2\/toskana-zypressen-1_900x1200\/\" data-url=\"https:\/\/blog.olimar.de\/wp-content\/uploads\/2021\/02\/Toskana-Zypressen-1_900x1200-768x1024.jpg\" data-width=\"900\" src=\"https:\/\/i0.wp.com\/blog.olimar.de\/wp-content\/uploads\/2021\/02\/Toskana-Zypressen-1_900x1200-768x1024.jpg?ssl=1\" data-amp-layout=\"responsive\"\/><\/figure><\/div><div class=\"tiled-gallery__col\" style=\"flex-basis:39.90036%\"><figure class=\"tiled-gallery__item\"><img decoding=\"async\" alt=\"Italien Toskana Via Francigena Landschaft\" data-height=\"900\" data-id=\"15753\" data-link=\"https:\/\/blog.olimar.de\/via-francigena-2\/toskana-landschaft-2_900x900\/\" data-url=\"https:\/\/blog.olimar.de\/wp-content\/uploads\/2021\/02\/Toskana-Landschaft-2_900x900.jpg\" data-width=\"900\" src=\"https:\/\/i1.wp.com\/blog.olimar.de\/wp-content\/uploads\/2021\/02\/Toskana-Landschaft-2_900x900.jpg?ssl=1\" data-amp-layout=\"responsive\"\/><\/figure><figure class=\"tiled-gallery__item\"><img decoding=\"async\" alt=\"Italien Toskana Via Francigena Landschaft\" data-height=\"900\" data-id=\"15754\" data-link=\"https:\/\/blog.olimar.de\/via-francigena-2\/toskana-landschaft-graphisch_900x900\/\" data-url=\"https:\/\/blog.olimar.de\/wp-content\/uploads\/2021\/02\/Toskana-Landschaft-graphisch_900x900.jpg\" data-width=\"900\" src=\"https:\/\/i1.wp.com\/blog.olimar.de\/wp-content\/uploads\/2021\/02\/Toskana-Landschaft-graphisch_900x900.jpg?ssl=1\" data-amp-layout=\"responsive\"\/><\/figure><\/div><\/div><\/div><\/div>\n\n\n\n<h2>Von Florenz bis Siena<\/h2>\n<p>In der OLIMAR Rundreise enthalten sind die Zugtickets von Florenz zum ersten Ort der Wanderetappe und von Siena zur\u00fcck nach Florenz sowie nat\u00fcrlich eine ausf\u00fchrliche Beschreibung des Wanderweges. Die Etappenziele f\u00fchren zu sehenswerten Orten und sch\u00f6nen Unterk\u00fcnften, mal mitten in der Landschaft, mal mitten in der Altstadt, immer in der N\u00e4he des Pilgerweges.<\/p>\n<p>Mein Tipp: Eine App herunterladen, wo Du die einzelnen Etappen herunterladen kannst und unterwegs offline aufrufen kannst. Es gibt sicherlich eine Menge M\u00f6glichkeiten, eine passende App zu finden.&nbsp;<\/p>\n\n\n\n<div class=\"wp-block-jetpack-tiled-gallery aligncenter is-style-rectangular\"><div class=\"tiled-gallery__gallery\"><div class=\"tiled-gallery__row\"><div class=\"tiled-gallery__col\" style=\"flex-basis:60.14524647887324%\"><figure class=\"tiled-gallery__item\"><img decoding=\"async\" alt=\"Italien Toskana Via Francigena Wanderer\" data-height=\"1200\" data-id=\"15755\" data-link=\"https:\/\/blog.olimar.de\/?attachment_id=15755\" data-url=\"https:\/\/blog.olimar.de\/wp-content\/uploads\/2021\/02\/FLRX20-an-Landstrasse_900x1200.jpg\" data-width=\"900\" src=\"https:\/\/i0.wp.com\/blog.olimar.de\/wp-content\/uploads\/2021\/02\/FLRX20-an-Landstrasse_900x1200.jpg?ssl=1\" data-amp-layout=\"responsive\"\/><\/figure><\/div><div class=\"tiled-gallery__col\" style=\"flex-basis:39.85475352112676%\"><figure class=\"tiled-gallery__item\"><img decoding=\"async\" alt=\"Italien Toskana Via Francigena Wanderer\" data-height=\"900\" data-id=\"15759\" data-link=\"https:\/\/blog.olimar.de\/?attachment_id=15759\" data-url=\"https:\/\/blog.olimar.de\/wp-content\/uploads\/2021\/02\/FLRX20-durch-Wasser-barfuss_900x900.jpg\" data-width=\"900\" src=\"https:\/\/i2.wp.com\/blog.olimar.de\/wp-content\/uploads\/2021\/02\/FLRX20-durch-Wasser-barfuss_900x900.jpg?ssl=1\" data-amp-layout=\"responsive\"\/><\/figure><figure class=\"tiled-gallery__item\"><img decoding=\"async\" alt=\"Italien Toskana Schild Via Francigena\" data-height=\"900\" data-id=\"15760\" data-link=\"https:\/\/blog.olimar.de\/?attachment_id=15760\" data-url=\"https:\/\/blog.olimar.de\/wp-content\/uploads\/2021\/02\/FLRX20-Schild_900x900.jpg\" data-width=\"900\" src=\"https:\/\/i1.wp.com\/blog.olimar.de\/wp-content\/uploads\/2021\/02\/FLRX20-Schild_900x900.jpg?ssl=1\" data-amp-layout=\"responsive\"\/><\/figure><\/div><\/div><\/div><\/div>\n\n\n\n<h3>1. Etappe 24 km \u2013 erster Stopp in San Miniato<\/h3>\n<p>Eine mittelalterliche Stadt und Hauptstadt der Tr\u00fcffel. Das Hotel San Miniato war sch\u00f6n gelegen, mitten in der Altstadt, mit vielen kleinen Restaurants.<\/p>\n<h3>2. Etappe 13,5 km \u2013 Gambassi Terme<\/h3>\n<p>Der kleinste und unauff\u00e4lligste Ort der Wanderung. Hier waren wir in einem sch\u00f6nen, typischen Toskana Hotel, das Tenuta Sant\u00b4Ilario, eingebettet in die Landschaft, mit angeschlossenem, gutem Restaurant.<\/p>\n\n\n<div class=\"wp-block-image\">\n<figure class=\"aligncenter size-large is-resized\"><img loading=\"lazy\" decoding=\"async\" src=\"https:\/\/blog.olimar.de\/wp-content\/uploads\/2021\/02\/Tenuta-Sant-Illario-in-Gambassi-Terme_1200x900-1024x768.jpg\" alt=\"\" class=\"wp-image-15763\" width=\"480\" height=\"360\" srcset=\"https:\/\/blog.olimar.de\/wp-content\/uploads\/2021\/02\/Tenuta-Sant-Illario-in-Gambassi-Terme_1200x900-1024x768.jpg 1024w, https:\/\/blog.olimar.de\/wp-content\/uploads\/2021\/02\/Tenuta-Sant-Illario-in-Gambassi-Terme_1200x900-300x225.jpg 300w, https:\/\/blog.olimar.de\/wp-content\/uploads\/2021\/02\/Tenuta-Sant-Illario-in-Gambassi-Terme_1200x900-768x576.jpg 768w, https:\/\/blog.olimar.de\/wp-content\/uploads\/2021\/02\/Tenuta-Sant-Illario-in-Gambassi-Terme_1200x900.jpg 1200w\" sizes=\"auto, (max-width: 480px) 100vw, 480px\" \/><\/figure>\n<\/div>\n\n\n<h3>3. Etappe auf der Via Francigena: 12 km \u2013 San Gimignano<\/h3>\n<p>Das \u201emittelalterliche Manhattan\u201c. Sicher der bekannteste und auch der meist besuchte Ort. Das Hotel Le Colline lag etwas au\u00dferhalb des Zentrums, in der N\u00e4he der n\u00e4chsten Etappe. Direkt davor ein sehr gutes Restaurant. Das ist ein wichtiger Punkt bei der Wanderung.<\/p>\n<p>\u201eWenn wir nach einer Etappe zur Aperitivo-Zeit am Ziel ankamen und an einem sch\u00f6nen, italienischen Platz einen Aperol-Spritz, dazu ein Teller mit Rosmarin-Crostini genossen haben, der Himmel sich langsam rot verf\u00e4rbte, dann war das kitschig, aber unvergesslich.\u201c<\/p>\n\n\n\n<div class=\"wp-block-jetpack-tiled-gallery aligncenter is-style-rectangular\"><div class=\"tiled-gallery__gallery\"><div class=\"tiled-gallery__row\"><div class=\"tiled-gallery__col\" style=\"flex-basis:57.12085010060362%\"><figure class=\"tiled-gallery__item\"><img decoding=\"async\" alt=\"Kollegin Margarete mit Maske in San Gimignano\" data-height=\"900\" data-id=\"15765\" data-link=\"https:\/\/blog.olimar.de\/?attachment_id=15765\" data-url=\"https:\/\/blog.olimar.de\/wp-content\/uploads\/2021\/02\/San-Gimignano-mit-Maske_900x900.jpg\" data-width=\"900\" src=\"https:\/\/i2.wp.com\/blog.olimar.de\/wp-content\/uploads\/2021\/02\/San-Gimignano-mit-Maske_900x900.jpg?ssl=1\" data-amp-layout=\"responsive\"\/><\/figure><\/div><div class=\"tiled-gallery__col\" style=\"flex-basis:42.879149899396374%\"><figure class=\"tiled-gallery__item\"><img decoding=\"async\" alt=\"Italien San Gimignango\" data-height=\"1200\" data-id=\"15764\" data-link=\"https:\/\/blog.olimar.de\/?attachment_id=15764\" data-url=\"https:\/\/blog.olimar.de\/wp-content\/uploads\/2021\/02\/San-Gimignango-2_900x1200.jpg\" data-width=\"900\" src=\"https:\/\/i2.wp.com\/blog.olimar.de\/wp-content\/uploads\/2021\/02\/San-Gimignango-2_900x1200.jpg?ssl=1\" data-amp-layout=\"responsive\"\/><\/figure><\/div><\/div><\/div><\/div>\n\n\n\n<h3>4. Etappe 21 km \u2013 Colle di Val d\u00b4Elsa<\/h3>\n<p>Ein touristisch unbeachteter, kleiner Ort mit netten Restaurants. Das Hotel La Vecchia Cartiera liegt im Zentrum, direkt am Markt, den wir am n\u00e4chsten Morgen genie\u00dfen konnten. Auch ein Highlight w\u00e4hrende der Tour auf der Via Francigena!<\/p>\n\n\n\n<h3>5. Etappe 21 km \u2013 Monteriggioni<\/h3>\n<p>Ein kleines Dorf auf einem H\u00fcgel, von einer Mauer umgeben. Seit dem Mittelalter scheint sich hier nichts ver\u00e4ndert zu haben. Unsere Unterkunft Borgo Gallinaio aus dem 15. Jahrhundert war sch\u00f6n gelegen, mit Pool und Restaurant. Sehr ruhig, direkt am Pilgerweg. Der kleine Ort bietet auch einige kleine Restaurants.<\/p>\n\n\n\n<div class=\"wp-block-jetpack-tiled-gallery aligncenter is-style-rectangular\"><div class=\"tiled-gallery__gallery\"><div class=\"tiled-gallery__row\"><div class=\"tiled-gallery__col\" style=\"flex-basis:57.11351441985244%\"><figure class=\"tiled-gallery__item\"><img decoding=\"async\" alt=\"Italien Monteriggioni\" data-height=\"900\" data-id=\"15767\" data-link=\"https:\/\/blog.olimar.de\/?attachment_id=15767\" data-url=\"https:\/\/blog.olimar.de\/wp-content\/uploads\/2021\/02\/Monteriggioni-2_1200x900.jpg\" data-width=\"1200\" src=\"https:\/\/i1.wp.com\/blog.olimar.de\/wp-content\/uploads\/2021\/02\/Monteriggioni-2_1200x900.jpg?ssl=1\" data-amp-layout=\"responsive\"\/><\/figure><\/div><div class=\"tiled-gallery__col\" style=\"flex-basis:42.88648558014756%\"><figure class=\"tiled-gallery__item\"><img decoding=\"async\" alt=\"Italien Monteriggioni\" data-height=\"800\" data-id=\"15766\" data-link=\"https:\/\/blog.olimar.de\/?attachment_id=15766\" data-url=\"https:\/\/blog.olimar.de\/wp-content\/uploads\/2021\/02\/Monteriggioni-1_800x800.jpg\" data-width=\"800\" src=\"https:\/\/i0.wp.com\/blog.olimar.de\/wp-content\/uploads\/2021\/02\/Monteriggioni-1_800x800.jpg?ssl=1\" data-amp-layout=\"responsive\"\/><\/figure><\/div><\/div><\/div><\/div>\n\n\n\n<h3>6. Etappe der Via Francigena: Siena&nbsp;<\/h3>\n<p>Was f\u00fcr eine sch\u00f6ne Stadt. Absolut sehenswert. Seit 1995 geh\u00f6rt die Altstadt zum UNESCO-Welterbe. Sowohl in Siena als auch in Florenz sollte man doch noch ein paar Tage dranh\u00e4ngen. Denn die St\u00e4dte haben viel zu bieten, kulturell und kulinarisch.<\/p>\n\n\n\n<h3>7. Tag &#8211; Florenz\u00a0<\/h3>\n<p>Wir haben am Ende noch f\u00fcr eine Nacht das Hotel Boticelli in <a href=\"https:\/\/olimar.de\/italien\/toskana\/florenz\/\" rel=\"noopener\">Florenz<\/a> gebucht. Im historischen Zentrum gelegen, gut vom Bahnhof zu erreichen, in einer ruhigen Seitengasse am Mercato Centrale, war dies der ideale Ausgangspunkt f\u00fcr diese Stadt, die ein Gesamtkunstwerk ist.<\/p>\n\n\n\n<div class=\"wp-block-jetpack-tiled-gallery aligncenter is-style-rectangular\"><div class=\"tiled-gallery__gallery\"><div class=\"tiled-gallery__row\"><div class=\"tiled-gallery__col\" style=\"flex-basis:68.26726089081193%\"><figure class=\"tiled-gallery__item\"><img decoding=\"async\" alt=\"Italien Florenz Br\u00fccke\" data-height=\"900\" data-id=\"15769\" data-link=\"https:\/\/blog.olimar.de\/?attachment_id=15769\" data-url=\"https:\/\/blog.olimar.de\/wp-content\/uploads\/2021\/02\/Florenz-Bruecke_zugeschnitten.jpg\" data-width=\"1100\" src=\"https:\/\/i1.wp.com\/blog.olimar.de\/wp-content\/uploads\/2021\/02\/Florenz-Bruecke_zugeschnitten.jpg?ssl=1\" data-amp-layout=\"responsive\"\/><\/figure><\/div><div class=\"tiled-gallery__col\" style=\"flex-basis:31.732739109188074%\"><figure class=\"tiled-gallery__item\"><img decoding=\"async\" alt=\"Italien Florenz Schild\" data-height=\"800\" data-id=\"15770\" data-link=\"https:\/\/blog.olimar.de\/?attachment_id=15770\" data-url=\"https:\/\/blog.olimar.de\/wp-content\/uploads\/2021\/02\/Florenz-David-Schild_800x800.jpg\" data-width=\"800\" src=\"https:\/\/i1.wp.com\/blog.olimar.de\/wp-content\/uploads\/2021\/02\/Florenz-David-Schild_800x800.jpg?ssl=1\" data-amp-layout=\"responsive\"\/><\/figure><figure class=\"tiled-gallery__item\"><img decoding=\"async\" alt=\"Italien Florenz Dom\" data-height=\"900\" data-id=\"15771\" data-link=\"https:\/\/blog.olimar.de\/?attachment_id=15771\" data-url=\"https:\/\/blog.olimar.de\/wp-content\/uploads\/2021\/02\/Florenz-Dom_1200.jpg\" data-width=\"1200\" src=\"https:\/\/i1.wp.com\/blog.olimar.de\/wp-content\/uploads\/2021\/02\/Florenz-Dom_1200.jpg?ssl=1\" data-amp-layout=\"responsive\"\/><\/figure><\/div><\/div><\/div><\/div>\n\n\n\n<p>Wer auch mal zu Fu\u00df auf dem sch\u00f6nsten Abschnitt des Frankenwegs in der Toskana unterwegs sein will, kann die komplette Wanderreise <a href=\"https:\/\/rms.olimar.de\/code\/flrx20\/\" rel=\"noopener\">&#8220;Zu Fu\u00df auf den sch\u00f6nsten Abschnitten des Frankenwegs, Etappen 30 &#8211; 33&#8221;<\/a> bei OLIMAR buchen.<\/p>\n\n\n<div class=\"wp-block-image\">\n<figure class=\"aligncenter size-large is-resized\"><img loading=\"lazy\" decoding=\"async\" src=\"https:\/\/blog.olimar.de\/wp-content\/uploads\/2021\/02\/FLRX20-Pilgerschild_1200x800-819x1024.jpg\" alt=\"\" class=\"wp-image-15773\" width=\"353\" height=\"441\" srcset=\"https:\/\/blog.olimar.de\/wp-content\/uploads\/2021\/02\/FLRX20-Pilgerschild_1200x800-819x1024.jpg 819w, https:\/\/blog.olimar.de\/wp-content\/uploads\/2021\/02\/FLRX20-Pilgerschild_1200x800-240x300.jpg 240w, https:\/\/blog.olimar.de\/wp-content\/uploads\/2021\/02\/FLRX20-Pilgerschild_1200x800-768x960.jpg 768w, https:\/\/blog.olimar.de\/wp-content\/uploads\/2021\/02\/FLRX20-Pilgerschild_1200x800.jpg 1200w\" sizes=\"auto, (max-width: 353px) 100vw, 353px\" \/><figcaption class=\"wp-element-caption\">Gem\u00e4lde an einer Hausfassade  <\/figcaption><\/figure>\n<\/div>\n\n\n<div style=\"height:50px\" aria-hidden=\"true\" class=\"wp-block-spacer\"><\/div>\n\n\n\n<div class=\"wp-block-buttons is-layout-flex wp-block-buttons-is-layout-flex\">\n<div class=\"wp-block-button is-style-outline is-style-outline--2\"><a class=\"wp-block-button__link has-white-color has-text-color has-background wp-element-button\" href=\"https:\/\/www.olimar.de\/hotellistung\/\" style=\"background-color:#008c87\">Jetzt Urlaubsangebote finden und buchen<\/a><\/div>\n<\/div>\n\n\n\n<div style=\"height:100px\" aria-hidden=\"true\" class=\"wp-block-spacer\"><\/div>\n","protected":false},"excerpt":{"rendered":"<p>Ist man auf der Suche nach einer Reise, die nachhaltig und mit \u201eSocial Distance\u201c m\u00f6glich ist, so empfehle ich die Wanderung auf der Via Francigena, der alten Frankenstra\u00dfe in Italien, die ich im Herbst 2020 gemacht habe.<\/p>\n","protected":false},"author":16,"featured_media":15774,"comment_status":"open","ping_status":"open","sticky":false,"template":"","format":"standard","meta":{"_crdt_document":"","_lmt_disableupdate":"","_lmt_disable":"","footnotes":""},"categories":[29,31],"tags":[35,20,54],"class_list":["post-15743","post","type-post","status-publish","format-standard","has-post-thumbnail","hentry","category-aktiv-natur","category-land-leute","tag-italien","tag-slider","tag-toskana"],"yoast_head":"<!-- This site is optimized with the Yoast SEO plugin v26.9 - https:\/\/yoast.com\/product\/yoast-seo-wordpress\/ -->\n<title>Via Francigena: zu Fu\u00df auf dem sch\u00f6nsten Abschnitt des Frankenwegs -<\/title>\n<meta name=\"description\" content=\"Du suchst eine Reise, die nachhaltig und mit \u201eSocial Distance\u201c m\u00f6glich ist? Wir empfehlen die Wanderung auf der Via Francigena in Italien.\" \/>\n<meta name=\"robots\" content=\"index, follow, max-snippet:-1, max-image-preview:large, max-video-preview:-1\" \/>\n<link rel=\"canonical\" href=\"https:\/\/blog.olimar.de\/via-francigena-2\/\" \/>\n<meta property=\"og:locale\" content=\"de_DE\" \/>\n<meta property=\"og:type\" content=\"article\" \/>\n<meta property=\"og:title\" content=\"Via Francigena: zu Fu\u00df auf dem sch\u00f6nsten Abschnitt des Frankenwegs -\" \/>\n<meta property=\"og:description\" content=\"Du suchst eine Reise, die nachhaltig und mit \u201eSocial Distance\u201c m\u00f6glich ist? Wir empfehlen die Wanderung auf der Via Francigena in Italien.\" \/>\n<meta property=\"og:url\" content=\"https:\/\/blog.olimar.de\/via-francigena-2\/\" \/>\n<meta property=\"article:publisher\" content=\"https:\/\/www.facebook.com\/OlimarReisen\" \/>\n<meta property=\"article:published_time\" content=\"2021-02-11T12:12:15+00:00\" \/>\n<meta property=\"article:modified_time\" content=\"2024-11-18T16:08:44+00:00\" \/>\n<meta property=\"og:image\" content=\"https:\/\/blog.olimar.de\/wp-content\/uploads\/2021\/02\/Toskana-Landschaft-1_1536x988.jpg\" \/>\n\t<meta property=\"og:image:width\" content=\"1536\" \/>\n\t<meta property=\"og:image:height\" content=\"988\" \/>\n\t<meta property=\"og:image:type\" content=\"image\/jpeg\" \/>\n<meta name=\"author\" content=\"Margarete Rosa\" \/>\n<meta name=\"twitter:label1\" content=\"Verfasst von\" \/>\n\t<meta name=\"twitter:data1\" content=\"Margarete Rosa\" \/>\n\t<meta name=\"twitter:label2\" content=\"Gesch\u00e4tzte Lesezeit\" \/>\n\t<meta name=\"twitter:data2\" content=\"7\u00a0Minuten\" \/>\n<script type=\"application\/ld+json\" class=\"yoast-schema-graph\">{\"@context\":\"https:\/\/schema.org\",\"@graph\":[{\"@type\":\"WebPage\",\"@id\":\"https:\/\/blog.olimar.de\/via-francigena-2\/\",\"url\":\"https:\/\/blog.olimar.de\/via-francigena-2\/\",\"name\":\"Via Francigena: zu Fu\u00df auf dem sch\u00f6nsten Abschnitt des Frankenwegs -\",\"isPartOf\":{\"@id\":\"https:\/\/blog.olimar.de\/#website\"},\"primaryImageOfPage\":{\"@id\":\"https:\/\/blog.olimar.de\/via-francigena-2\/#primaryimage\"},\"image\":{\"@id\":\"https:\/\/blog.olimar.de\/via-francigena-2\/#primaryimage\"},\"thumbnailUrl\":\"https:\/\/blog.olimar.de\/wp-content\/uploads\/2021\/02\/Toskana-Landschaft-1_1536x988.jpg\",\"datePublished\":\"2021-02-11T12:12:15+00:00\",\"dateModified\":\"2024-11-18T16:08:44+00:00\",\"description\":\"Du suchst eine Reise, die nachhaltig und mit \u201eSocial Distance\u201c m\u00f6glich ist? Wir empfehlen die Wanderung auf der Via Francigena in Italien.\",\"breadcrumb\":{\"@id\":\"https:\/\/blog.olimar.de\/via-francigena-2\/#breadcrumb\"},\"inLanguage\":\"de\",\"potentialAction\":[{\"@type\":\"ReadAction\",\"target\":[\"https:\/\/blog.olimar.de\/via-francigena-2\/\"]}]},{\"@type\":\"ImageObject\",\"inLanguage\":\"de\",\"@id\":\"https:\/\/blog.olimar.de\/via-francigena-2\/#primaryimage\",\"url\":\"https:\/\/blog.olimar.de\/wp-content\/uploads\/2021\/02\/Toskana-Landschaft-1_1536x988.jpg\",\"contentUrl\":\"https:\/\/blog.olimar.de\/wp-content\/uploads\/2021\/02\/Toskana-Landschaft-1_1536x988.jpg\",\"width\":1536,\"height\":988,\"caption\":\"Italien Toskana Landschaft\"},{\"@type\":\"BreadcrumbList\",\"@id\":\"https:\/\/blog.olimar.de\/via-francigena-2\/#breadcrumb\",\"itemListElement\":[{\"@type\":\"ListItem\",\"position\":1,\"name\":\"Home\",\"item\":\"https:\/\/blog.olimar.de\/\"},{\"@type\":\"ListItem\",\"position\":2,\"name\":\"Italien\",\"item\":\"https:\/\/blog.olimar.de\/tag\/italien\/\"},{\"@type\":\"ListItem\",\"position\":3,\"name\":\"Via Francigena: zu Fu\u00df auf dem sch\u00f6nsten Abschnitt des Frankenwegs\"}]},{\"@type\":\"WebSite\",\"@id\":\"https:\/\/blog.olimar.de\/#website\",\"url\":\"https:\/\/blog.olimar.de\/\",\"name\":\"OLIMAR.com\",\"description\":\"\",\"publisher\":{\"@id\":\"https:\/\/blog.olimar.de\/#organization\"},\"potentialAction\":[{\"@type\":\"SearchAction\",\"target\":{\"@type\":\"EntryPoint\",\"urlTemplate\":\"https:\/\/blog.olimar.de\/?s={search_term_string}\"},\"query-input\":{\"@type\":\"PropertyValueSpecification\",\"valueRequired\":true,\"valueName\":\"search_term_string\"}}],\"inLanguage\":\"de\"},{\"@type\":\"Organization\",\"@id\":\"https:\/\/blog.olimar.de\/#organization\",\"name\":\"OLIMAR Reisen\",\"url\":\"https:\/\/blog.olimar.de\/\",\"logo\":{\"@type\":\"ImageObject\",\"inLanguage\":\"de\",\"@id\":\"https:\/\/blog.olimar.de\/#\/schema\/logo\/image\/\",\"url\":\"https:\/\/blog.olimar.de\/wp-content\/uploads\/2021\/01\/OLIMAR_Logo_COLOR.png\",\"contentUrl\":\"https:\/\/blog.olimar.de\/wp-content\/uploads\/2021\/01\/OLIMAR_Logo_COLOR.png\",\"width\":2000,\"height\":986,\"caption\":\"OLIMAR Reisen\"},\"image\":{\"@id\":\"https:\/\/blog.olimar.de\/#\/schema\/logo\/image\/\"},\"sameAs\":[\"https:\/\/www.facebook.com\/OlimarReisen\",\"https:\/\/x.com\/olimarrreisen\",\"https:\/\/www.instagram.com\/olimarreisen\",\"https:\/\/www.youtube.com\/user\/olimarreisen\"]}]}<\/script>\n<!-- \/ Yoast SEO plugin. -->","yoast_head_json":{"title":"Via Francigena: zu Fu\u00df auf dem sch\u00f6nsten Abschnitt des Frankenwegs -","description":"Du suchst eine Reise, die nachhaltig und mit \u201eSocial Distance\u201c m\u00f6glich ist? Wir empfehlen die Wanderung auf der Via Francigena in Italien.","robots":{"index":"index","follow":"follow","max-snippet":"max-snippet:-1","max-image-preview":"max-image-preview:large","max-video-preview":"max-video-preview:-1"},"canonical":"https:\/\/blog.olimar.de\/via-francigena-2\/","og_locale":"de_DE","og_type":"article","og_title":"Via Francigena: zu Fu\u00df auf dem sch\u00f6nsten Abschnitt des Frankenwegs -","og_description":"Du suchst eine Reise, die nachhaltig und mit \u201eSocial Distance\u201c m\u00f6glich ist? Wir empfehlen die Wanderung auf der Via Francigena in Italien.","og_url":"https:\/\/blog.olimar.de\/via-francigena-2\/","article_publisher":"https:\/\/www.facebook.com\/OlimarReisen","article_published_time":"2021-02-11T12:12:15+00:00","article_modified_time":"2024-11-18T16:08:44+00:00","og_image":[{"width":1536,"height":988,"url":"https:\/\/blog.olimar.de\/wp-content\/uploads\/2021\/02\/Toskana-Landschaft-1_1536x988.jpg","type":"image\/jpeg"}],"author":"Margarete Rosa","twitter_misc":{"Verfasst von":"Margarete Rosa","Gesch\u00e4tzte Lesezeit":"7\u00a0Minuten"},"schema":{"@context":"https:\/\/schema.org","@graph":[{"@type":"WebPage","@id":"https:\/\/blog.olimar.de\/via-francigena-2\/","url":"https:\/\/blog.olimar.de\/via-francigena-2\/","name":"Via Francigena: zu Fu\u00df auf dem sch\u00f6nsten Abschnitt des Frankenwegs -","isPartOf":{"@id":"https:\/\/blog.olimar.de\/#website"},"primaryImageOfPage":{"@id":"https:\/\/blog.olimar.de\/via-francigena-2\/#primaryimage"},"image":{"@id":"https:\/\/blog.olimar.de\/via-francigena-2\/#primaryimage"},"thumbnailUrl":"https:\/\/blog.olimar.de\/wp-content\/uploads\/2021\/02\/Toskana-Landschaft-1_1536x988.jpg","datePublished":"2021-02-11T12:12:15+00:00","dateModified":"2024-11-18T16:08:44+00:00","description":"Du suchst eine Reise, die nachhaltig und mit \u201eSocial Distance\u201c m\u00f6glich ist? Wir empfehlen die Wanderung auf der Via Francigena in Italien.","breadcrumb":{"@id":"https:\/\/blog.olimar.de\/via-francigena-2\/#breadcrumb"},"inLanguage":"de","potentialAction":[{"@type":"ReadAction","target":["https:\/\/blog.olimar.de\/via-francigena-2\/"]}]},{"@type":"ImageObject","inLanguage":"de","@id":"https:\/\/blog.olimar.de\/via-francigena-2\/#primaryimage","url":"https:\/\/blog.olimar.de\/wp-content\/uploads\/2021\/02\/Toskana-Landschaft-1_1536x988.jpg","contentUrl":"https:\/\/blog.olimar.de\/wp-content\/uploads\/2021\/02\/Toskana-Landschaft-1_1536x988.jpg","width":1536,"height":988,"caption":"Italien Toskana Landschaft"},{"@type":"BreadcrumbList","@id":"https:\/\/blog.olimar.de\/via-francigena-2\/#breadcrumb","itemListElement":[{"@type":"ListItem","position":1,"name":"Home","item":"https:\/\/blog.olimar.de\/"},{"@type":"ListItem","position":2,"name":"Italien","item":"https:\/\/blog.olimar.de\/tag\/italien\/"},{"@type":"ListItem","position":3,"name":"Via Francigena: zu Fu\u00df auf dem sch\u00f6nsten Abschnitt des Frankenwegs"}]},{"@type":"WebSite","@id":"https:\/\/blog.olimar.de\/#website","url":"https:\/\/blog.olimar.de\/","name":"OLIMAR.com","description":"","publisher":{"@id":"https:\/\/blog.olimar.de\/#organization"},"potentialAction":[{"@type":"SearchAction","target":{"@type":"EntryPoint","urlTemplate":"https:\/\/blog.olimar.de\/?s={search_term_string}"},"query-input":{"@type":"PropertyValueSpecification","valueRequired":true,"valueName":"search_term_string"}}],"inLanguage":"de"},{"@type":"Organization","@id":"https:\/\/blog.olimar.de\/#organization","name":"OLIMAR Reisen","url":"https:\/\/blog.olimar.de\/","logo":{"@type":"ImageObject","inLanguage":"de","@id":"https:\/\/blog.olimar.de\/#\/schema\/logo\/image\/","url":"https:\/\/blog.olimar.de\/wp-content\/uploads\/2021\/01\/OLIMAR_Logo_COLOR.png","contentUrl":"https:\/\/blog.olimar.de\/wp-content\/uploads\/2021\/01\/OLIMAR_Logo_COLOR.png","width":2000,"height":986,"caption":"OLIMAR Reisen"},"image":{"@id":"https:\/\/blog.olimar.de\/#\/schema\/logo\/image\/"},"sameAs":["https:\/\/www.facebook.com\/OlimarReisen","https:\/\/x.com\/olimarrreisen","https:\/\/www.instagram.com\/olimarreisen","https:\/\/www.youtube.com\/user\/olimarreisen"]}]}},"modified_by":"Wiebke Fix","jetpack_featured_media_url":"https:\/\/blog.olimar.de\/wp-content\/uploads\/2021\/02\/Toskana-Landschaft-1_1536x988.jpg","_links":{"self":[{"href":"https:\/\/blog.olimar.de\/wp-json\/wp\/v2\/posts\/15743","targetHints":{"allow":["GET"]}}],"collection":[{"href":"https:\/\/blog.olimar.de\/wp-json\/wp\/v2\/posts"}],"about":[{"href":"https:\/\/blog.olimar.de\/wp-json\/wp\/v2\/types\/post"}],"author":[{"embeddable":true,"href":"https:\/\/blog.olimar.de\/wp-json\/wp\/v2\/users\/16"}],"replies":[{"embeddable":true,"href":"https:\/\/blog.olimar.de\/wp-json\/wp\/v2\/comments?post=15743"}],"version-history":[{"count":22,"href":"https:\/\/blog.olimar.de\/wp-json\/wp\/v2\/posts\/15743\/revisions"}],"predecessor-version":[{"id":28187,"href":"https:\/\/blog.olimar.de\/wp-json\/wp\/v2\/posts\/15743\/revisions\/28187"}],"wp:featuredmedia":[{"embeddable":true,"href":"https:\/\/blog.olimar.de\/wp-json\/wp\/v2\/media\/15774"}],"wp:attachment":[{"href":"https:\/\/blog.olimar.de\/wp-json\/wp\/v2\/media?parent=15743"}],"wp:term":[{"taxonomy":"category","embeddable":true,"href":"https:\/\/blog.olimar.de\/wp-json\/wp\/v2\/categories?post=15743"},{"taxonomy":"post_tag","embeddable":true,"href":"https:\/\/blog.olimar.de\/wp-json\/wp\/v2\/tags?post=15743"}],"curies":[{"name":"wp","href":"https:\/\/api.w.org\/{rel}","templated":true}]}}