{"id":15746,"date":"2021-02-15T11:53:53","date_gmt":"2021-02-15T10:53:53","guid":{"rendered":"https:\/\/blog.olimar.de\/?p=15746"},"modified":"2023-05-26T18:29:47","modified_gmt":"2023-05-26T17:29:47","slug":"jardin-tecina","status":"publish","type":"post","link":"https:\/\/blog.olimar.de\/jardin-tecina\/","title":{"rendered":"Jard\u00edn Tecina: Gr\u00fcne Oase \u00fcber der Steilk\u00fcste von La Gomera"},"content":{"rendered":"\n<p><strong>Senioren verbringen hier im Winter vier Wochen, junge Paare mit Kind erholen sich hier vom Alltag und Angela Merkel wohnt hier gern, wenn sie zum Wandern nach <a href=\"https:\/\/www.olimar.de\/blog\/la-gomera\/\">La Gomera<\/a> kommt. Das <a href=\"https:\/\/rms.olimar.de\/code\/gmz103\">Jard\u00edn Tecina<\/a> macht viele Urlauber gl\u00fccklich, weil das Resort einiges bietet, sich mit seinen Angeboten aber nicht aufdr\u00e4ngt, so dass jeder Gast hier genau die Ferien erleben kann, die er will.<\/strong><\/p>\n\n\n\n<div class=\"wp-block-buttons is-layout-flex wp-block-buttons-is-layout-flex\">\n<div class=\"wp-block-button\"><a class=\"wp-block-button__link wp-element-button\" href=\"https:\/\/www.olimar.de\/spanien\/kanaren\/la-gomera\/\">La Gomera Reiseangebote und Hoteltipps entdecken<\/a><\/div>\n<\/div>\n\n\n\n<div style=\"height:25px\" aria-hidden=\"true\" class=\"wp-block-spacer\"><\/div>\n\n\n\n<p>Der Vorteil des Resorts ist seine spektakul\u00e4re Lage: Rund 50 Meter \u00fcber dem Atlantik oberhalb des kleinen Hafenortes Playa de Santiago thronen die wei\u00dfen H\u00e4uschen in einem botanischen Garten mit altem, zum Teil exotischen Baumbestand. Organisch verlaufen die Wege zwischen den Wohneinheiten, Pools, Rasenfl\u00e4chen und Beeten \u2013 vorne angekommen sieht man die Steilk\u00fcste entlang und genie\u00dft bei nebelfreiem Wetter \u2013 was auf La Gomera aufgrund seiner hoher Berge nicht oft vorkommt \u2013 bis nach Teneriffa. Durch einen Aufzug im Felsen ist das Resort mit seinem Meerwasserpool und Gourmet-Restaurant auf H\u00f6he des Dorfes verbunden. Allein schon dieser Aufzug ist eine kleine Sensation. Wo sonst ist es schon m\u00f6glich, durch den Ausl\u00e4ufer eines Bergmassivs zu fahren?<\/p>\n\n\n\n<div class=\"wp-block-jetpack-tiled-gallery aligncenter is-style-rectangular\"><div class=\"tiled-gallery__gallery\"><div class=\"tiled-gallery__row\"><div class=\"tiled-gallery__col\" style=\"flex-basis:50%\"><figure class=\"tiled-gallery__item\"><img decoding=\"async\" alt=\"\" data-height=\"750\" data-id=\"15791\" data-link=\"https:\/\/blog.olimar.de\/?attachment_id=15791\" data-url=\"https:\/\/blog.olimar.de\/wp-content\/uploads\/2021\/02\/Eine-gruene-Oase-ueber-der-Steilkueste-\u00a9-Evelyn-Steinbach.jpeg\" data-width=\"1000\" src=\"https:\/\/i0.wp.com\/blog.olimar.de\/wp-content\/uploads\/2021\/02\/Eine-gruene-Oase-ueber-der-Steilkueste-\u00a9-Evelyn-Steinbach.jpeg?ssl=1\" layout=\"responsive\"><\/figure><\/div><div class=\"tiled-gallery__col\" style=\"flex-basis:50%\"><figure class=\"tiled-gallery__item\"><img decoding=\"async\" alt=\"\" data-height=\"750\" data-id=\"15792\" data-link=\"https:\/\/blog.olimar.de\/?attachment_id=15792\" data-url=\"https:\/\/blog.olimar.de\/wp-content\/uploads\/2021\/02\/Entspannung-am-Meerwasserpool-\u00a9-Evelyn-Steinbach.jpeg\" data-width=\"1000\" src=\"https:\/\/i2.wp.com\/blog.olimar.de\/wp-content\/uploads\/2021\/02\/Entspannung-am-Meerwasserpool-\u00a9-Evelyn-Steinbach.jpeg?ssl=1\" layout=\"responsive\"><\/figure><\/div><\/div><\/div><\/div>\n\n\n\n<h2 class=\"wp-block-heading\"><strong>Sportkurse, Tennis und Golf<\/strong><\/h2>\n\n\n\n<p>Wer tags\u00fcber nicht zum Wandern hinausf\u00e4hrt, verbringt den Tag am gro\u00dfen Pool oben oder am Meerwasser-Pool unten. Das Jard\u00edn Tecina bietet au\u00dferdem t\u00e4glich kostenfreie Sportkurse an \u2013 von Aqua-Fitness, \u00fcber Power Workouts bis zu Yoga. Wer will, macht hier vor oder nach einem Ausflug einfach mal mit, um sich im Urlaub fit zu halten. Tennisspieler werden den angrenzenden, gepflegten Tennisplatz besuchen wollen. Golfer erfreuen sich an dem von Donald Steel entworfenen 18-Loch-Platz Tecina <a href=\"https:\/\/www.olimar.de\/golf\/\">Golf<\/a>.<\/p>\n\n\n\n<div class=\"wp-block-jetpack-tiled-gallery aligncenter is-style-rectangular\"><div class=\"tiled-gallery__gallery\"><div class=\"tiled-gallery__row\"><div class=\"tiled-gallery__col\" style=\"flex-basis:65.56406232840708%\"><figure class=\"tiled-gallery__item\"><img decoding=\"async\" alt=\"\" data-height=\"750\" data-id=\"15796\" data-link=\"https:\/\/blog.olimar.de\/?attachment_id=15796\" data-url=\"https:\/\/blog.olimar.de\/wp-content\/uploads\/2021\/02\/Entspannung-am-Meerwasserpool-\u00a9-Evelyn-Steinbach-1.jpeg\" data-width=\"1000\" src=\"https:\/\/i2.wp.com\/blog.olimar.de\/wp-content\/uploads\/2021\/02\/Entspannung-am-Meerwasserpool-\u00a9-Evelyn-Steinbach-1.jpeg?ssl=1\" layout=\"responsive\"><\/figure><\/div><div class=\"tiled-gallery__col\" style=\"flex-basis:34.435937671592924%\"><figure class=\"tiled-gallery__item\"><img decoding=\"async\" alt=\"\" data-height=\"667\" data-id=\"15797\" data-link=\"https:\/\/blog.olimar.de\/?attachment_id=15797\" data-url=\"https:\/\/blog.olimar.de\/wp-content\/uploads\/2021\/02\/Hausstrand-des-Dorfes-Playa-d-Santiago-\u00a9-Evelyn-Steinbach.jpeg\" data-width=\"1000\" src=\"https:\/\/i1.wp.com\/blog.olimar.de\/wp-content\/uploads\/2021\/02\/Hausstrand-des-Dorfes-Playa-d-Santiago-\u00a9-Evelyn-Steinbach.jpeg?ssl=1\" layout=\"responsive\"><\/figure><figure class=\"tiled-gallery__item\"><img decoding=\"async\" alt=\"\" data-height=\"750\" data-id=\"15798\" data-link=\"https:\/\/blog.olimar.de\/?attachment_id=15798\" data-url=\"https:\/\/blog.olimar.de\/wp-content\/uploads\/2021\/02\/Von-unten-am-Pool-sieht-man-kaum-dass-sich-oben-eine-grosse-Resortanlage-befindet-\u00a9-Evelyn-Steinbach.jpeg\" data-width=\"1000\" src=\"https:\/\/i2.wp.com\/blog.olimar.de\/wp-content\/uploads\/2021\/02\/Von-unten-am-Pool-sieht-man-kaum-dass-sich-oben-eine-grosse-Resortanlage-befindet-\u00a9-Evelyn-Steinbach.jpeg?ssl=1\" layout=\"responsive\"><\/figure><\/div><\/div><\/div><\/div>\n\n\n\n<h2 class=\"wp-block-heading\"><strong>Halbpension, Gourmet-Restaurant und Bio-K\u00fcche<\/strong><\/h2>\n\n\n\n<p>Viele G\u00e4ste buchen hier Halbpension \u2013 und das hat auch einen Grund: Die n\u00e4chsten Restaurants in der Umgebung sind nur mit dem Auto zu erreichen. Zudem wird es im Winter fr\u00fch dunkel, so dass es bequemer ist, nach dem Essen durch das Resort nach Hause zu spazieren.<\/p>\n\n\n\n<p>Das Jard\u00edn Tecina hat f\u00fcnf Restaurants, wobei die meisten im Hauptrestaurant mit Buffet fr\u00fchst\u00fccken und Abendessen. Zu empfehlen ist aber auch einmal das Gourmet-Restaurant im Beach Club Laurel auszuprobieren \u2013 zum einen wegen der Ruhe und dem romantischen Ambiente, zum anderen wegen den hervorragenden Men\u00fcs, die hier serviert werden. Obst, Gem\u00fcse und Kr\u00e4uter f\u00fcr alle Restaurants stammen zum gro\u00dfen Teil aus der hauseigenen Ernte. Das Hotel bietet auch F\u00fchrungen durch seine Eco Finca an.<\/p>\n\n\n\n<div class=\"wp-block-jetpack-tiled-gallery aligncenter is-style-rectangular\"><div class=\"tiled-gallery__gallery\"><div class=\"tiled-gallery__row\"><div class=\"tiled-gallery__col\" style=\"flex-basis:70.92180239568157%\"><figure class=\"tiled-gallery__item\"><img decoding=\"async\" alt=\"\" data-height=\"544\" data-id=\"15800\" data-link=\"https:\/\/blog.olimar.de\/?attachment_id=15800\" data-url=\"https:\/\/blog.olimar.de\/wp-content\/uploads\/2021\/02\/Panorama-im-Resort-\u00a9-Evelyn-Steinbach.jpeg\" data-width=\"1000\" src=\"https:\/\/i0.wp.com\/blog.olimar.de\/wp-content\/uploads\/2021\/02\/Panorama-im-Resort-\u00a9-Evelyn-Steinbach.jpeg?ssl=1\" layout=\"responsive\"><\/figure><\/div><div class=\"tiled-gallery__col\" style=\"flex-basis:29.07819760431842%\"><figure class=\"tiled-gallery__item\"><img decoding=\"async\" alt=\"\" data-height=\"1333\" data-id=\"15799\" data-link=\"https:\/\/blog.olimar.de\/?attachment_id=15799\" data-url=\"https:\/\/blog.olimar.de\/wp-content\/uploads\/2021\/02\/Club-Laurel-mit-Meerwasserpool-und-Gourmet-Restaurant-ist-nur-eine-Aufzugsfahrt-entfernt-\u00a9-Evelyn-Steinbach.jpeg\" data-width=\"1000\" src=\"https:\/\/i2.wp.com\/blog.olimar.de\/wp-content\/uploads\/2021\/02\/Club-Laurel-mit-Meerwasserpool-und-Gourmet-Restaurant-ist-nur-eine-Aufzugsfahrt-entfernt-\u00a9-Evelyn-Steinbach.jpeg?ssl=1\" layout=\"responsive\"><\/figure><\/div><\/div><\/div><\/div>\n\n\n\n<h2 class=\"wp-block-heading\"><strong>Sonnenuntergang und Show-Programm am Abend<\/strong><\/h2>\n\n\n\n<p>Den Sonnenuntergang kann man \u00fcbrigens von fast allen Wohnungen beobachten, am pr\u00e4destinierten sind Bewohner im ersten Stock der H\u00e4user sowie die der Appartements direkt an der Steilk\u00fcste. Wer sp\u00e4ter am Abend noch Lust auf Unterhaltung hat, kann sich eine Vorf\u00fchrung des Animationsteams anschauen \u2013 oder genie\u00dft die Entspannung in der Stille, die hier am Abend \u2013 anders als in anderen Ferienanlagen \u2013 ganz von selbst eintritt.<\/p>\n\n\n<div class=\"wp-block-image\">\n<figure class=\"aligncenter is-resized\"><img decoding=\"async\" src=\"https:\/\/blog.olimar.de\/wp-content\/uploads\/2021\/02\/Bei-Sonnenuntergang-\u00a9-Evelyn-Steinbach.jpeg\" alt=\"Sonnenuntergang hinter dem Meer \" class=\"wp-image-15795\" width=\"-108\" height=\"-144\" srcset=\"https:\/\/blog.olimar.de\/wp-content\/uploads\/2021\/02\/Bei-Sonnenuntergang-\u00a9-Evelyn-Steinbach.jpeg 1000w, https:\/\/blog.olimar.de\/wp-content\/uploads\/2021\/02\/Bei-Sonnenuntergang-\u00a9-Evelyn-Steinbach-225x300.jpeg 225w, https:\/\/blog.olimar.de\/wp-content\/uploads\/2021\/02\/Bei-Sonnenuntergang-\u00a9-Evelyn-Steinbach-768x1024.jpeg 768w, https:\/\/blog.olimar.de\/wp-content\/uploads\/2021\/02\/Bei-Sonnenuntergang-\u00a9-Evelyn-Steinbach-420x560.jpeg 420w\" sizes=\"(max-width: 1000px) 100vw, 1000px\" \/><\/figure>\n<\/div>\n\n<div class=\"wp-block-image\">\n<figure class=\"aligncenter size-large is-resized\"><img loading=\"lazy\" decoding=\"async\" src=\"https:\/\/blog.olimar.de\/wp-content\/uploads\/2021\/02\/Los-Roques-im-Nationalpark-Garajonay-La-Gomeras-beruehmtester-Gipfel-an-diesem-fuehren-mehrere-Wanderwege-entlang-\u00a9-Evelyn-Steinbach.jpeg\" alt=\"Los Roques im Nationalpark - Blick \u00fcber die felsige Landschaft  \" class=\"wp-image-15801\" width=\"471\" height=\"313\" srcset=\"https:\/\/blog.olimar.de\/wp-content\/uploads\/2021\/02\/Los-Roques-im-Nationalpark-Garajonay-La-Gomeras-beruehmtester-Gipfel-an-diesem-fuehren-mehrere-Wanderwege-entlang-\u00a9-Evelyn-Steinbach.jpeg 1000w, https:\/\/blog.olimar.de\/wp-content\/uploads\/2021\/02\/Los-Roques-im-Nationalpark-Garajonay-La-Gomeras-beruehmtester-Gipfel-an-diesem-fuehren-mehrere-Wanderwege-entlang-\u00a9-Evelyn-Steinbach-300x200.jpeg 300w, https:\/\/blog.olimar.de\/wp-content\/uploads\/2021\/02\/Los-Roques-im-Nationalpark-Garajonay-La-Gomeras-beruehmtester-Gipfel-an-diesem-fuehren-mehrere-Wanderwege-entlang-\u00a9-Evelyn-Steinbach-768x512.jpeg 768w, https:\/\/blog.olimar.de\/wp-content\/uploads\/2021\/02\/Los-Roques-im-Nationalpark-Garajonay-La-Gomeras-beruehmtester-Gipfel-an-diesem-fuehren-mehrere-Wanderwege-entlang-\u00a9-Evelyn-Steinbach-840x560.jpeg 840w\" sizes=\"auto, (max-width: 471px) 100vw, 471px\" \/><figcaption class=\"wp-element-caption\">Los Roques im Nationalpark Garajonay<\/figcaption><\/figure>\n<\/div>\n\n\n<div style=\"height:50px\" aria-hidden=\"true\" class=\"wp-block-spacer\"><\/div>\n\n\n\n<div class=\"wp-block-buttons is-layout-flex wp-block-buttons-is-layout-flex\">\n<div class=\"wp-block-button\"><a class=\"wp-block-button__link wp-element-button\" href=\"https:\/\/www.olimar.de\/hotellistung\/\">Jetzt Urlaubsangebote finden und buchen<\/a><\/div>\n<\/div>\n\n\n\n<div style=\"height:100px\" aria-hidden=\"true\" class=\"wp-block-spacer\"><\/div>\n","protected":false},"excerpt":{"rendered":"<p>Senioren verbringen hier im Winter vier Wochen, junge Paare mit Kind erholen sich hier vom Alltag und Angela Merkel wohnt hier gern, wenn sie zum Wandern nach La Gomera kommt. Das Jard\u00edn Tecina macht viele Urlauber gl\u00fccklich, weil das Resort einiges bietet, sich mit seinen Angeboten aber nicht aufdr\u00e4ngt, so dass jeder Gast hier genau die Ferien erleben kann, die er will. Der Vorteil des Resorts ist seine spektakul\u00e4re Lage: Rund 50 Meter \u00fcber dem Atlantik oberhalb des kleinen Hafenortes Playa de Santiago thronen die wei\u00dfen H\u00e4uschen in einem botanischen Garten mit altem, zum Teil exotischen Baumbestand. Organisch verlaufen die Wege &hellip;<\/p>\n","protected":false},"author":3,"featured_media":15803,"comment_status":"open","ping_status":"open","sticky":false,"template":"","format":"standard","meta":{"_crdt_document":"","_lmt_disableupdate":"","_lmt_disable":"","footnotes":""},"categories":[32],"tags":[116,62],"class_list":["post-15746","post","type-post","status-publish","format-standard","has-post-thumbnail","hentry","category-hoteltipps","tag-la-gomera","tag-spanien"],"yoast_head":"<!-- This site is optimized with the Yoast SEO plugin v26.9 - https:\/\/yoast.com\/product\/yoast-seo-wordpress\/ -->\n<title>Jard\u00edn Tecina: Gr\u00fcne Oase \u00fcber der Steilk\u00fcste von La Gomera -<\/title>\n<meta name=\"description\" content=\"Das Hotel Jard\u00edn Tecina macht viele Urlauber gl\u00fccklich, weil jeder Gast im Resort genau die Ferien erleben kann, die er will.\" \/>\n<meta name=\"robots\" content=\"index, follow, max-snippet:-1, max-image-preview:large, max-video-preview:-1\" \/>\n<link rel=\"canonical\" href=\"https:\/\/blog.olimar.de\/jardin-tecina\/\" \/>\n<meta property=\"og:locale\" content=\"de_DE\" \/>\n<meta property=\"og:type\" content=\"article\" \/>\n<meta property=\"og:title\" content=\"Jard\u00edn Tecina: Gr\u00fcne Oase \u00fcber der Steilk\u00fcste von La Gomera -\" \/>\n<meta property=\"og:description\" content=\"Das Hotel Jard\u00edn Tecina macht viele Urlauber gl\u00fccklich, weil jeder Gast im Resort genau die Ferien erleben kann, die er will.\" \/>\n<meta property=\"og:url\" content=\"https:\/\/blog.olimar.de\/jardin-tecina\/\" \/>\n<meta property=\"article:publisher\" content=\"https:\/\/www.facebook.com\/OlimarReisen\" \/>\n<meta property=\"article:published_time\" content=\"2021-02-15T10:53:53+00:00\" \/>\n<meta property=\"article:modified_time\" content=\"2023-05-26T17:29:47+00:00\" \/>\n<meta property=\"og:image\" content=\"https:\/\/blog.olimar.de\/wp-content\/uploads\/2021\/02\/Die-weissen-Haeuser-des-Jardin-Tecina-sind-maximal-zwei-Stockwerke-hoch-\u00a9-Evelyn-Steinbach.jpg\" \/>\n\t<meta property=\"og:image:width\" content=\"1000\" \/>\n\t<meta property=\"og:image:height\" content=\"680\" \/>\n\t<meta property=\"og:image:type\" content=\"image\/jpeg\" \/>\n<meta name=\"author\" content=\"Evelyn Steinbach\" \/>\n<meta name=\"twitter:label1\" content=\"Verfasst von\" \/>\n\t<meta name=\"twitter:data1\" content=\"Evelyn Steinbach\" \/>\n\t<meta name=\"twitter:label2\" content=\"Gesch\u00e4tzte Lesezeit\" \/>\n\t<meta name=\"twitter:data2\" content=\"5\u00a0Minuten\" \/>\n<script type=\"application\/ld+json\" class=\"yoast-schema-graph\">{\"@context\":\"https:\/\/schema.org\",\"@graph\":[{\"@type\":\"WebPage\",\"@id\":\"https:\/\/blog.olimar.de\/jardin-tecina\/\",\"url\":\"https:\/\/blog.olimar.de\/jardin-tecina\/\",\"name\":\"Jard\u00edn Tecina: Gr\u00fcne Oase \u00fcber der Steilk\u00fcste von La Gomera -\",\"isPartOf\":{\"@id\":\"https:\/\/blog.olimar.de\/#website\"},\"primaryImageOfPage\":{\"@id\":\"https:\/\/blog.olimar.de\/jardin-tecina\/#primaryimage\"},\"image\":{\"@id\":\"https:\/\/blog.olimar.de\/jardin-tecina\/#primaryimage\"},\"thumbnailUrl\":\"https:\/\/blog.olimar.de\/wp-content\/uploads\/2021\/02\/Die-weissen-Haeuser-des-Jardin-Tecina-sind-maximal-zwei-Stockwerke-hoch-\u00a9-Evelyn-Steinbach.jpg\",\"datePublished\":\"2021-02-15T10:53:53+00:00\",\"dateModified\":\"2023-05-26T17:29:47+00:00\",\"description\":\"Das Hotel Jard\u00edn Tecina macht viele Urlauber gl\u00fccklich, weil jeder Gast im Resort genau die Ferien erleben kann, die er will.\",\"breadcrumb\":{\"@id\":\"https:\/\/blog.olimar.de\/jardin-tecina\/#breadcrumb\"},\"inLanguage\":\"de\",\"potentialAction\":[{\"@type\":\"ReadAction\",\"target\":[\"https:\/\/blog.olimar.de\/jardin-tecina\/\"]}]},{\"@type\":\"ImageObject\",\"inLanguage\":\"de\",\"@id\":\"https:\/\/blog.olimar.de\/jardin-tecina\/#primaryimage\",\"url\":\"https:\/\/blog.olimar.de\/wp-content\/uploads\/2021\/02\/Die-weissen-Haeuser-des-Jardin-Tecina-sind-maximal-zwei-Stockwerke-hoch-\u00a9-Evelyn-Steinbach.jpg\",\"contentUrl\":\"https:\/\/blog.olimar.de\/wp-content\/uploads\/2021\/02\/Die-weissen-Haeuser-des-Jardin-Tecina-sind-maximal-zwei-Stockwerke-hoch-\u00a9-Evelyn-Steinbach.jpg\",\"width\":1000,\"height\":680,\"caption\":\"La Gomera Jardin Tecina Garten\"},{\"@type\":\"BreadcrumbList\",\"@id\":\"https:\/\/blog.olimar.de\/jardin-tecina\/#breadcrumb\",\"itemListElement\":[{\"@type\":\"ListItem\",\"position\":1,\"name\":\"Home\",\"item\":\"https:\/\/blog.olimar.de\/\"},{\"@type\":\"ListItem\",\"position\":2,\"name\":\"La Gomera\",\"item\":\"https:\/\/blog.olimar.de\/tag\/la-gomera\/\"},{\"@type\":\"ListItem\",\"position\":3,\"name\":\"Jard\u00edn Tecina: Gr\u00fcne Oase \u00fcber der Steilk\u00fcste von La Gomera\"}]},{\"@type\":\"WebSite\",\"@id\":\"https:\/\/blog.olimar.de\/#website\",\"url\":\"https:\/\/blog.olimar.de\/\",\"name\":\"OLIMAR.com\",\"description\":\"\",\"publisher\":{\"@id\":\"https:\/\/blog.olimar.de\/#organization\"},\"potentialAction\":[{\"@type\":\"SearchAction\",\"target\":{\"@type\":\"EntryPoint\",\"urlTemplate\":\"https:\/\/blog.olimar.de\/?s={search_term_string}\"},\"query-input\":{\"@type\":\"PropertyValueSpecification\",\"valueRequired\":true,\"valueName\":\"search_term_string\"}}],\"inLanguage\":\"de\"},{\"@type\":\"Organization\",\"@id\":\"https:\/\/blog.olimar.de\/#organization\",\"name\":\"OLIMAR Reisen\",\"url\":\"https:\/\/blog.olimar.de\/\",\"logo\":{\"@type\":\"ImageObject\",\"inLanguage\":\"de\",\"@id\":\"https:\/\/blog.olimar.de\/#\/schema\/logo\/image\/\",\"url\":\"https:\/\/blog.olimar.de\/wp-content\/uploads\/2021\/01\/OLIMAR_Logo_COLOR.png\",\"contentUrl\":\"https:\/\/blog.olimar.de\/wp-content\/uploads\/2021\/01\/OLIMAR_Logo_COLOR.png\",\"width\":2000,\"height\":986,\"caption\":\"OLIMAR Reisen\"},\"image\":{\"@id\":\"https:\/\/blog.olimar.de\/#\/schema\/logo\/image\/\"},\"sameAs\":[\"https:\/\/www.facebook.com\/OlimarReisen\",\"https:\/\/x.com\/olimarrreisen\",\"https:\/\/www.instagram.com\/olimarreisen\",\"https:\/\/www.youtube.com\/user\/olimarreisen\"]}]}<\/script>\n<!-- \/ Yoast SEO plugin. -->","yoast_head_json":{"title":"Jard\u00edn Tecina: Gr\u00fcne Oase \u00fcber der Steilk\u00fcste von La Gomera -","description":"Das Hotel Jard\u00edn Tecina macht viele Urlauber gl\u00fccklich, weil jeder Gast im Resort genau die Ferien erleben kann, die er will.","robots":{"index":"index","follow":"follow","max-snippet":"max-snippet:-1","max-image-preview":"max-image-preview:large","max-video-preview":"max-video-preview:-1"},"canonical":"https:\/\/blog.olimar.de\/jardin-tecina\/","og_locale":"de_DE","og_type":"article","og_title":"Jard\u00edn Tecina: Gr\u00fcne Oase \u00fcber der Steilk\u00fcste von La Gomera -","og_description":"Das Hotel Jard\u00edn Tecina macht viele Urlauber gl\u00fccklich, weil jeder Gast im Resort genau die Ferien erleben kann, die er will.","og_url":"https:\/\/blog.olimar.de\/jardin-tecina\/","article_publisher":"https:\/\/www.facebook.com\/OlimarReisen","article_published_time":"2021-02-15T10:53:53+00:00","article_modified_time":"2023-05-26T17:29:47+00:00","og_image":[{"width":1000,"height":680,"url":"https:\/\/blog.olimar.de\/wp-content\/uploads\/2021\/02\/Die-weissen-Haeuser-des-Jardin-Tecina-sind-maximal-zwei-Stockwerke-hoch-\u00a9-Evelyn-Steinbach.jpg","type":"image\/jpeg"}],"author":"Evelyn Steinbach","twitter_misc":{"Verfasst von":"Evelyn Steinbach","Gesch\u00e4tzte Lesezeit":"5\u00a0Minuten"},"schema":{"@context":"https:\/\/schema.org","@graph":[{"@type":"WebPage","@id":"https:\/\/blog.olimar.de\/jardin-tecina\/","url":"https:\/\/blog.olimar.de\/jardin-tecina\/","name":"Jard\u00edn Tecina: Gr\u00fcne Oase \u00fcber der Steilk\u00fcste von La Gomera -","isPartOf":{"@id":"https:\/\/blog.olimar.de\/#website"},"primaryImageOfPage":{"@id":"https:\/\/blog.olimar.de\/jardin-tecina\/#primaryimage"},"image":{"@id":"https:\/\/blog.olimar.de\/jardin-tecina\/#primaryimage"},"thumbnailUrl":"https:\/\/blog.olimar.de\/wp-content\/uploads\/2021\/02\/Die-weissen-Haeuser-des-Jardin-Tecina-sind-maximal-zwei-Stockwerke-hoch-\u00a9-Evelyn-Steinbach.jpg","datePublished":"2021-02-15T10:53:53+00:00","dateModified":"2023-05-26T17:29:47+00:00","description":"Das Hotel Jard\u00edn Tecina macht viele Urlauber gl\u00fccklich, weil jeder Gast im Resort genau die Ferien erleben kann, die er will.","breadcrumb":{"@id":"https:\/\/blog.olimar.de\/jardin-tecina\/#breadcrumb"},"inLanguage":"de","potentialAction":[{"@type":"ReadAction","target":["https:\/\/blog.olimar.de\/jardin-tecina\/"]}]},{"@type":"ImageObject","inLanguage":"de","@id":"https:\/\/blog.olimar.de\/jardin-tecina\/#primaryimage","url":"https:\/\/blog.olimar.de\/wp-content\/uploads\/2021\/02\/Die-weissen-Haeuser-des-Jardin-Tecina-sind-maximal-zwei-Stockwerke-hoch-\u00a9-Evelyn-Steinbach.jpg","contentUrl":"https:\/\/blog.olimar.de\/wp-content\/uploads\/2021\/02\/Die-weissen-Haeuser-des-Jardin-Tecina-sind-maximal-zwei-Stockwerke-hoch-\u00a9-Evelyn-Steinbach.jpg","width":1000,"height":680,"caption":"La Gomera Jardin Tecina Garten"},{"@type":"BreadcrumbList","@id":"https:\/\/blog.olimar.de\/jardin-tecina\/#breadcrumb","itemListElement":[{"@type":"ListItem","position":1,"name":"Home","item":"https:\/\/blog.olimar.de\/"},{"@type":"ListItem","position":2,"name":"La Gomera","item":"https:\/\/blog.olimar.de\/tag\/la-gomera\/"},{"@type":"ListItem","position":3,"name":"Jard\u00edn Tecina: Gr\u00fcne Oase \u00fcber der Steilk\u00fcste von La Gomera"}]},{"@type":"WebSite","@id":"https:\/\/blog.olimar.de\/#website","url":"https:\/\/blog.olimar.de\/","name":"OLIMAR.com","description":"","publisher":{"@id":"https:\/\/blog.olimar.de\/#organization"},"potentialAction":[{"@type":"SearchAction","target":{"@type":"EntryPoint","urlTemplate":"https:\/\/blog.olimar.de\/?s={search_term_string}"},"query-input":{"@type":"PropertyValueSpecification","valueRequired":true,"valueName":"search_term_string"}}],"inLanguage":"de"},{"@type":"Organization","@id":"https:\/\/blog.olimar.de\/#organization","name":"OLIMAR Reisen","url":"https:\/\/blog.olimar.de\/","logo":{"@type":"ImageObject","inLanguage":"de","@id":"https:\/\/blog.olimar.de\/#\/schema\/logo\/image\/","url":"https:\/\/blog.olimar.de\/wp-content\/uploads\/2021\/01\/OLIMAR_Logo_COLOR.png","contentUrl":"https:\/\/blog.olimar.de\/wp-content\/uploads\/2021\/01\/OLIMAR_Logo_COLOR.png","width":2000,"height":986,"caption":"OLIMAR Reisen"},"image":{"@id":"https:\/\/blog.olimar.de\/#\/schema\/logo\/image\/"},"sameAs":["https:\/\/www.facebook.com\/OlimarReisen","https:\/\/x.com\/olimarrreisen","https:\/\/www.instagram.com\/olimarreisen","https:\/\/www.youtube.com\/user\/olimarreisen"]}]}},"modified_by":"Lena Radermacher","jetpack_featured_media_url":"https:\/\/blog.olimar.de\/wp-content\/uploads\/2021\/02\/Die-weissen-Haeuser-des-Jardin-Tecina-sind-maximal-zwei-Stockwerke-hoch-\u00a9-Evelyn-Steinbach.jpg","_links":{"self":[{"href":"https:\/\/blog.olimar.de\/wp-json\/wp\/v2\/posts\/15746","targetHints":{"allow":["GET"]}}],"collection":[{"href":"https:\/\/blog.olimar.de\/wp-json\/wp\/v2\/posts"}],"about":[{"href":"https:\/\/blog.olimar.de\/wp-json\/wp\/v2\/types\/post"}],"author":[{"embeddable":true,"href":"https:\/\/blog.olimar.de\/wp-json\/wp\/v2\/users\/3"}],"replies":[{"embeddable":true,"href":"https:\/\/blog.olimar.de\/wp-json\/wp\/v2\/comments?post=15746"}],"version-history":[{"count":11,"href":"https:\/\/blog.olimar.de\/wp-json\/wp\/v2\/posts\/15746\/revisions"}],"predecessor-version":[{"id":25691,"href":"https:\/\/blog.olimar.de\/wp-json\/wp\/v2\/posts\/15746\/revisions\/25691"}],"wp:featuredmedia":[{"embeddable":true,"href":"https:\/\/blog.olimar.de\/wp-json\/wp\/v2\/media\/15803"}],"wp:attachment":[{"href":"https:\/\/blog.olimar.de\/wp-json\/wp\/v2\/media?parent=15746"}],"wp:term":[{"taxonomy":"category","embeddable":true,"href":"https:\/\/blog.olimar.de\/wp-json\/wp\/v2\/categories?post=15746"},{"taxonomy":"post_tag","embeddable":true,"href":"https:\/\/blog.olimar.de\/wp-json\/wp\/v2\/tags?post=15746"}],"curies":[{"name":"wp","href":"https:\/\/api.w.org\/{rel}","templated":true}]}}