{"id":15806,"date":"2021-02-17T09:21:47","date_gmt":"2021-02-17T08:21:47","guid":{"rendered":"https:\/\/blog.olimar.de\/?p=15806"},"modified":"2024-02-23T17:04:42","modified_gmt":"2024-02-23T16:04:42","slug":"produkthighlights-2021","status":"publish","type":"post","link":"https:\/\/blog.olimar.de\/produkthighlights-2021\/","title":{"rendered":"Sonnenziele 2021: Das sind unsere Highlights in Portugal, Spanien, Italien, Kroatien und Kapverden"},"content":{"rendered":"\n<p><strong>Wir blicken nach vorn und stellen f\u00fcr den Sommer 2021 die sch\u00f6nsten Reisen in unsere s\u00fcdeurop\u00e4ischen Ziele vor. Ob Boutique-Hotel oder landestypische Unterkunft, ob Wandern, Radfahren oder eine kulinarische Tour: Im Mittelpunkt stehen Aktivtouren in der Natur sowie vielseitige Mietwagen-Rundreisen. Alle Hotels und Erlebnisreisen sind ab sofort im Reiseb\u00fcro sowie bei OLIMAR telefonisch und auf der Seite olimar.com buchbar. Das Beste dabei: Sie k\u00f6nnen Ihre Reise entweder pauschal buchen oder flexibel zusammenstellen. Auch eine eigene Anreise im Pkw ist m\u00f6glich.<\/strong><\/p>\n\n\n\n<h2 class=\"wp-block-heading\">Neues aus dem OLIMAR Reiseprogramm 2021<\/h2>\n\n\n\n<h3 class=\"wp-block-heading\"><strong>Die Nr. 1 f\u00fcr Portugal \u2013 auch in 2021 das mit Abstand gr\u00f6\u00dfte und vielseitigste Angebot<\/strong><\/h3>\n\n\n\n<p>Auch 2021 bieten wir Ihnen das umfangreichste Programm f\u00fcr Portugal auf dem deutschsprachigen Markt. \u00dcber 100 Rund- und Erlebnisreisen stehen bereit, darunter Touren, die quer durchs Land gehen oder sich auf tiefe Einblicke in geschichtstr\u00e4chtige Regionen des Hinterlandes konzentrieren. Vorgeplante Rundreisen verbinden z. B. Wandern mit kulinarischen Erlebnissen oder kulturelle mit landschaftlichen H\u00f6hepunkten des Landes (z. B. <a href=\"https:\/\/www.olimar.com\/faor01\" rel=\"noopener\">Portugal mit allen Sinnen <\/a>oder <a href=\"https:\/\/rms.olimar.de\/code\/FNCR13\" rel=\"noopener\">Buntes St\u00e4dtetreiben und archaische D\u00f6rfer<\/a> \u2013 mit Stopp in Porto, Coimbra und dem Besuch von abgeschiedenen, jahrhundertealten Schieferd\u00f6rfern in der Bergwelt der Serra de Lous\u00e3).<\/p>\n<p>F\u00fcr Familien eignet sich die <a href=\"https:\/\/rms.olimar.de\/code\/opox89\" rel=\"noopener\">Bike- und Erlebnistour im Minho<\/a>, im Norden des Landes. Ausgestattet mit modernen Bikes mit GPS-Ger\u00e4t erkunden Eltern mit ihren Kindern ab sechs Jahren die sch\u00f6nsten Natur- und Kulturst\u00e4tten, wobei das Gep\u00e4ck von einem Ort zum n\u00e4chsten bef\u00f6rdert wird. Eine weitere Idee f\u00fcr Familien sind die Azoren. Auf der neuen, speziell f\u00fcr Familien gestalteten <a href=\"https:\/\/rms.olimar.de\/code\/pdlx53\" rel=\"noopener\">Erlebnisreise<\/a> stehen H\u00f6hlenbesichtigungen, Walbeobachtung und das Schwimmen mit Delfinen auf dem Programm. Besucht werden die Inseln S\u00e3o Miguel, Faial und Pico \u2013 alle Transfers oder Mietwagen sowie Guides sind inklusive.<\/p>\n\n\n<div class=\"wp-block-image\">\n<figure class=\"aligncenter size-large is-resized\"><img loading=\"lazy\" decoding=\"async\" src=\"https:\/\/blog.olimar.de\/wp-content\/uploads\/2021\/02\/PT-Azoren-Allgemein-DolphinWatching-03-1024x757.jpg\" alt=\"\" class=\"wp-image-15811\" width=\"451\" height=\"332\" srcset=\"https:\/\/blog.olimar.de\/wp-content\/uploads\/2021\/02\/PT-Azoren-Allgemein-DolphinWatching-03-1024x757.jpg 1024w, https:\/\/blog.olimar.de\/wp-content\/uploads\/2021\/02\/PT-Azoren-Allgemein-DolphinWatching-03-300x222.jpg 300w, https:\/\/blog.olimar.de\/wp-content\/uploads\/2021\/02\/PT-Azoren-Allgemein-DolphinWatching-03.jpg 1200w\" sizes=\"auto, (max-width: 451px) 100vw, 451px\" \/><\/figure>\n<\/div>\n\n\n<p>Rund 700 pers\u00f6nlich ausgew\u00e4hlte Hotels und Unterk\u00fcnfte halten wir in Portugal bereit. Neu hinzugekommen sind u. a. an der Algarve die <a href=\"https:\/\/rms.olimar.de\/code\/fao206\" rel=\"noopener\">Quinta Bonita Country House &amp; Garden<\/a> in Lagos und die <a href=\"https:\/\/rms.olimar.de\/code\/fao413\" rel=\"noopener\">Quinta do Algarvio Village<\/a> in Carvoeiro sowie exklusiv die <a href=\"https:\/\/rms.olimar.de\/code\/fao207\" rel=\"noopener\">Vila Palmeira<\/a>. Auf Madeira z\u00e4hlen zu den Neuheiten das <a href=\"https:\/\/rms.olimar.de\/code\/fnc176\" rel=\"noopener\">Savoy Palace<\/a> und <a href=\"https:\/\/rms.olimar.de\/code\/FNC146\" rel=\"noopener\">Les Suites at The Cliff Bay<\/a>, beide in Funchal. Auf der Azoren-Insel S\u00e3o Miguel sind das SENSI Azores Nature &amp; SPA in Ginetes und das <a href=\"https:\/\/rms.olimar.de\/code\/pdl240\" rel=\"noopener\">ANC Experience Resort<\/a> in Caloura neu im Programm.<\/p>\n\n\n\n<div class=\"wp-block-jetpack-tiled-gallery aligncenter is-style-rectangular\"><div class=\"tiled-gallery__gallery\"><div class=\"tiled-gallery__row\"><div class=\"tiled-gallery__col\" style=\"flex-basis:49.457592537611596%\"><figure class=\"tiled-gallery__item\"><img decoding=\"async\" alt=\"Quinta Bonita Country House &amp; Garden Pool\" data-height=\"618\" data-id=\"15813\" data-link=\"https:\/\/blog.olimar.de\/?attachment_id=15813\" data-url=\"https:\/\/blog.olimar.de\/wp-content\/uploads\/2021\/02\/fao206-p-backviewfrompool2018.jpg\" data-width=\"907\" src=\"https:\/\/i1.wp.com\/blog.olimar.de\/wp-content\/uploads\/2021\/02\/fao206-p-backviewfrompool2018.jpg?ssl=1\" layout=\"responsive\"\/><\/figure><\/div><div class=\"tiled-gallery__col\" style=\"flex-basis:50.542407462388404%\"><figure class=\"tiled-gallery__item\"><img decoding=\"async\" alt=\"Quinta Bonita Country House &amp; Garden\" data-height=\"618\" data-id=\"15812\" data-link=\"https:\/\/blog.olimar.de\/?attachment_id=15812\" data-url=\"https:\/\/blog.olimar.de\/wp-content\/uploads\/2021\/02\/fao206-g-garden2018.jpg\" data-width=\"927\" src=\"https:\/\/i2.wp.com\/blog.olimar.de\/wp-content\/uploads\/2021\/02\/fao206-g-garden2018.jpg?ssl=1\" layout=\"responsive\"\/><\/figure><\/div><\/div><\/div><\/div>\n\n\n\n<h3 class=\"wp-block-heading\"><strong>Das wahre Spanien: gro\u00dfes Angebot f\u00fcr Festland plus Inseln mehr Hotels in Galicien, neue Touren auf dem Jakobsweg<\/strong><\/h3>\n\n\n\n<p>Im OLIMAR Spanien-Programm finden Sie derzeit 30 Rund- und Erlebnisreisen sowie 300 Hotels inklusive den Paradores. Neu sind mehr M\u00f6glichkeiten f\u00fcr individuelle Wanderreisen und E-Bike-Touren auf dem Jakobsweg sowie Standort-Rundreisen in Andalusien (<a href=\"https:\/\/rms.olimar.de\/code\/AGPX10?travelType=roundtrip&amp;tab=details\" rel=\"noopener\">\u00dcbernachtung in Antequera<\/a>) und Galicien (\u00dcbernachtung in A Coru\u00f1a). Ebenso gibt es mehr Boutique-Hotels bei uns \u2013 etwa das Can Bordoy Grand House &amp; Garden in einem historischen Palast im Herzen von Palma auf Mallorca oder das NOA Boutique Hotel in Galicien mit Infinity-Pool und authentischer Gastronomie. Ein weiteres Highlight ist der <a href=\"https:\/\/rms.olimar.de\/code\/scqp11\" rel=\"noopener\">Parador Costa da Morte<\/a>, ebenfalls in Galicien: 2020 er\u00f6ffnet, thront dieser in spektakul\u00e4rer Lage an der Nordwestk\u00fcste beim Kap Finisterre in zeitgen\u00f6ssischer Architektur. Neben dem Festland und Mallorca bietet OLIMAR auch Unterk\u00fcnfte auf allen Kanarischen Inseln an, die ab sofort buchbar sind.<\/p>\n\n\n\n<div class=\"wp-block-jetpack-tiled-gallery aligncenter is-style-rectangular\"><div class=\"tiled-gallery__gallery\"><div class=\"tiled-gallery__row\"><div class=\"tiled-gallery__col\" style=\"flex-basis:61.632598790164025%\"><figure class=\"tiled-gallery__item\"><img decoding=\"async\" alt=\"Mallorca Can Bordoy Grand House &amp; Garden Pool\" data-height=\"618\" data-id=\"15815\" data-link=\"https:\/\/blog.olimar.de\/?attachment_id=15815\" data-url=\"https:\/\/blog.olimar.de\/wp-content\/uploads\/2021\/02\/pmi126-p-pool2019a.jpg\" data-width=\"995\" src=\"https:\/\/i2.wp.com\/blog.olimar.de\/wp-content\/uploads\/2021\/02\/pmi126-p-pool2019a.jpg?ssl=1\" layout=\"responsive\"\/><\/figure><\/div><div class=\"tiled-gallery__col\" style=\"flex-basis:38.36740120983598%\"><figure class=\"tiled-gallery__item\"><img decoding=\"async\" alt=\"Mallorca Can Bordoy Grand House &amp; Garden Patio\" data-height=\"618\" data-id=\"15814\" data-link=\"https:\/\/blog.olimar.de\/?attachment_id=15814\" data-url=\"https:\/\/blog.olimar.de\/wp-content\/uploads\/2021\/02\/pmi126-a-patio2019a.jpg\" data-width=\"618\" src=\"https:\/\/i0.wp.com\/blog.olimar.de\/wp-content\/uploads\/2021\/02\/pmi126-a-patio2019a.jpg?ssl=1\" layout=\"responsive\"\/><\/figure><\/div><\/div><\/div><\/div>\n\n\n\n<h3 class=\"wp-block-heading\"><strong>Das Beste in Italien: besondere Unterk\u00fcnfte und Rundreisen in ganz Italien und auf den Inseln \u2013 von Slow Travel bis Familienurlaub<\/strong><\/h3>\n\n\n\n<p>40 Rund- und Erlebnisreisen sowie 445 Hotels umfasst unser aktuelles Italienprogramm. Zu den neuen Rundreisen z\u00e4hlen eine <a href=\"https:\/\/rms.olimar.de\/code\/pegr01\" rel=\"noopener\">Slow Travel-Tour in Umbrien<\/a> und eine <a href=\"https:\/\/rms.olimar.de\/code\/bdsx04\" rel=\"noopener\">Familien-Bike-Tour im Salento<\/a>. Neu ist ebenso eine Reise durch die <a href=\"https:\/\/rms.olimar.de\/code\/olbx06\" rel=\"noopener\">archaische Bergwelt Sardiniens<\/a> mit einfachen, aber typischen Unterk\u00fcnften. In vielen Regionen des Landes sind weitere Hotels unterschiedlicher Preisklasse hinzugekommen. Am beliebten Gardasee k\u00f6nnen Sie jetzt im Principe di Lazise Wellness Hotel \u00fcbernachten, an der Costa Smeralda (Sardinien) in privaten Villen des <a href=\"https:\/\/rms.olimar.de\/code\/olb291\" rel=\"noopener\">Borgo Smeraldo Hotel &amp; Villas<\/a>. Ein Preistipp sind die <a href=\"https:\/\/rms.olimar.de\/code\/nap024\" rel=\"noopener\">Aurora Hotel &amp; Suites sul mare<\/a>, direkt am Strand von Sperlonga im Latium.<\/p>\n\n\n\n<div class=\"wp-block-jetpack-tiled-gallery aligncenter is-style-rectangular\"><div class=\"tiled-gallery__gallery\"><div class=\"tiled-gallery__row\"><div class=\"tiled-gallery__col\" style=\"flex-basis:50%\"><figure class=\"tiled-gallery__item\"><img decoding=\"async\" alt=\"Sardinien Borgo Smeraldo Hotel &amp; SPA Garten\" data-height=\"618\" data-id=\"15816\" data-link=\"https:\/\/blog.olimar.de\/?attachment_id=15816\" data-url=\"https:\/\/blog.olimar.de\/wp-content\/uploads\/2021\/02\/olb292-a-ginestraaussenansicht2020a.jpg\" data-width=\"927\" src=\"https:\/\/i2.wp.com\/blog.olimar.de\/wp-content\/uploads\/2021\/02\/olb292-a-ginestraaussenansicht2020a.jpg?ssl=1\" layout=\"responsive\"\/><\/figure><\/div><div class=\"tiled-gallery__col\" style=\"flex-basis:50%\"><figure class=\"tiled-gallery__item\"><img decoding=\"async\" alt=\"Sardinien Borgo Smeraldo Hotel &amp; SPA Pool\" data-height=\"618\" data-id=\"15817\" data-link=\"https:\/\/blog.olimar.de\/?attachment_id=15817\" data-url=\"https:\/\/blog.olimar.de\/wp-content\/uploads\/2021\/02\/olb292-p-corbezzolopool2020a.jpg\" data-width=\"927\" src=\"https:\/\/i2.wp.com\/blog.olimar.de\/wp-content\/uploads\/2021\/02\/olb292-p-corbezzolopool2020a.jpg?ssl=1\" layout=\"responsive\"\/><\/figure><\/div><\/div><\/div><\/div>\n\n\n\n<h3 class=\"wp-block-heading\"><strong>Lust auf Kroatien: ausgesuchte Reiseangebote und neue kulinarische Reisen<\/strong><\/h3>\n\n\n\n<p>Auch Kroatien k\u00f6nnen Sie mit uns kennenlernen. Zw\u00f6lf Rundreisen stehen bereit, darunter die neue Schlemmertouren <a href=\"https:\/\/rms.olimar.de\/code\/spux30\" rel=\"noopener\">Dalmatien kulinarisch entdecken<\/a> und <a href=\"https:\/\/www.olimar.com\/rjkx40\" rel=\"noopener\">Genusswandern in Istrien<\/a>. Dazu gibt es 110 buchbare Hotels quer \u00fcber das Land verteilt in allen Preiskategorien. Neu sind auch Pauschalreisen und Fl\u00fcge mit Sunair auf die Insel Bra\u010d sowie eine exklusive Kombinationsreise von Bra\u010d zur benachbarten Insel Hvar.<\/p>\n\n\n\n<h3 class=\"wp-block-heading\"><strong>Kapverden hautnah: Insel-Kombinationen sowie Bade- und Erlebnisurlaub f\u00fcr Paare und Familien<\/strong><\/h3>\n\n\n\n<p>Auf den <a href=\"https:\/\/www.olimar.de\/kapverden\/\" rel=\"noopener\">Kapverden<\/a> empfehlen wir einen Badeurlaub auf den Inseln Sal und Boavista sowie Erkundungstouren auf den Nordinseln S\u00e3o Vicente und Santo Ant\u00e3o, wobei alle neun Inseln mit OLIMAR besucht werden k\u00f6nnen. Wir bieten hier, wie in allen anderen Zielgebieten auch, eine Auswahl an Rund- und Erlebnisreisen \u00fcber die Inseln sowie Nur-Hotel-Buchungen auch Pauschalreisen und spezielle Pakete f\u00fcr Familien an.<\/p>\n\n\n<div class=\"wp-block-image\">\n<figure class=\"aligncenter size-large is-resized\"><img loading=\"lazy\" decoding=\"async\" src=\"https:\/\/blog.olimar.de\/wp-content\/uploads\/2021\/02\/CV-Allgemein-Sal-StrandA.jpg\" alt=\"\" class=\"wp-image-15818\" width=\"448\" height=\"336\" srcset=\"https:\/\/blog.olimar.de\/wp-content\/uploads\/2021\/02\/CV-Allgemein-Sal-StrandA.jpg 1000w, https:\/\/blog.olimar.de\/wp-content\/uploads\/2021\/02\/CV-Allgemein-Sal-StrandA-300x225.jpg 300w, https:\/\/blog.olimar.de\/wp-content\/uploads\/2021\/02\/CV-Allgemein-Sal-StrandA-768x576.jpg 768w\" sizes=\"auto, (max-width: 448px) 100vw, 448px\" \/><\/figure>\n<\/div>\n\n\n<h3 class=\"wp-block-heading\"><strong>Spezial-Angebot f\u00fcr Golfer: Hotel und Greenfees aus einer Hand<\/strong><\/h3>\n\n\n\n<p>In nahezu allen Reisel\u00e4ndern bieten wir eine gute Auswahl an Golfhotels, die direkt neben oder in unmittelbarer N\u00e4he zu Golfpl\u00e4tzen liegen. Viele Golfp\u00e4sse und Greenfees sind zusammen mit einer Hotel\u00fcbernachtung bereits vor Anreise buchbar. Auf Wunsch werden auch bereits die Startzeiten reserviert. Eine \u00dcbersicht der aktuellen Golfpakete findet sich auf der Seite <a href=\"https:\/\/www.olimar.de\/golf\/\" rel=\"noopener\">olimar.com\/golf<\/a>.<\/p>\n\n\n<div class=\"wp-block-image\">\n<figure class=\"aligncenter size-large is-resized\"><img loading=\"lazy\" decoding=\"async\" src=\"https:\/\/blog.olimar.de\/wp-content\/uploads\/2021\/02\/PT-Golf-LissabonsKueste-Troia-4thWide-1024x680.jpg\" alt=\"\" class=\"wp-image-15819\" width=\"450\" height=\"299\" srcset=\"https:\/\/blog.olimar.de\/wp-content\/uploads\/2021\/02\/PT-Golf-LissabonsKueste-Troia-4thWide-1024x680.jpg 1024w, https:\/\/blog.olimar.de\/wp-content\/uploads\/2021\/02\/PT-Golf-LissabonsKueste-Troia-4thWide-300x199.jpg 300w, https:\/\/blog.olimar.de\/wp-content\/uploads\/2021\/02\/PT-Golf-LissabonsKueste-Troia-4thWide-768x510.jpg 768w, https:\/\/blog.olimar.de\/wp-content\/uploads\/2021\/02\/PT-Golf-LissabonsKueste-Troia-4thWide-1536x1020.jpg 1536w, https:\/\/blog.olimar.de\/wp-content\/uploads\/2021\/02\/PT-Golf-LissabonsKueste-Troia-4thWide-840x560.jpg 840w, https:\/\/blog.olimar.de\/wp-content\/uploads\/2021\/02\/PT-Golf-LissabonsKueste-Troia-4thWide-1200x800.jpg 1200w, https:\/\/blog.olimar.de\/wp-content\/uploads\/2021\/02\/PT-Golf-LissabonsKueste-Troia-4thWide.jpg 1627w\" sizes=\"auto, (max-width: 450px) 100vw, 450px\" \/><\/figure>\n<\/div>\n\n\n<h3 class=\"wp-block-heading\"><strong>Sicher buchen und reisen<\/strong><\/h3>\n\n\n\n<p>Wer bei OLIMAR eine Reise bucht, ist mehrfach gesch\u00fctzt: Ihre Gelder sind zu 100 Prozent abgesichert, kommt es bei einer Reisewarnung zu einer Stornierung, wird der Reisepreis sofort erstattet. Alternativ k\u00f6nnen Fl\u00fcge und Hotels flexibel umgebucht werden. M\u00f6glich ist zudem, bei uns eine Corona-Zusatzversicherung f\u00fcr den Fall eines kurzfristigen Reiser\u00fccktritts abzuschlie\u00dfen. Vor Ort im Zielgebiet stehen Mietwagen oder Privat-Transfers f\u00fcr den direkten Weg zum Hotel bereit. F\u00fcr alle Fragen k\u00f6nnen sich Reisende an deutschsprachige Ansprechpartner in den Zielgebieten wenden.<\/p>\n\n\n\n<h3 class=\"wp-block-heading\"><strong>Flex-Fee: kostenfrei stornieren und umbuchen bis 30 Tage vor Abreise<\/strong><\/h3>\n\n\n\n<p>Damit der Sommerurlaub jetzt sorgenfrei gebucht werden kann, bieten wir eine <a href=\"https:\/\/www.olimar.de\/sorgenfrei-den-sommer-buchen\/\" rel=\"noopener\">Flex-Fee<\/a> an. F\u00fcr 30 Euro Aufpreis pro Person kann die Reise einmalig 30 Tage vor Abreise kostenfrei storniert oder umgebucht werden. Das Angebot gilt f\u00fcr alle Neu-Buchungen ab dem 1. Februar bis auf weiteres f\u00fcr den Reisezeitraum bis 31. Oktober 2021 und ist anwendbar bei Pauschalreisen (auch mit Linienflug), Nur-Flug- und Nur-Hotel-Buchungen. Ausgenommen sind individuelle Rundreisen und Buchungen mit Fl\u00fcgen zu tagesaktuellen Preisen sowie als nicht r\u00fcckzahlbare gekennzeichnete Hotelpreise. Die Flex-Option ist direkt bei Reisebuchung zubuchbar; nachtr\u00e4glich kann diese leider nicht hinzugebucht werden.<\/p>\n\n\n\n<div style=\"height:50px\" aria-hidden=\"true\" class=\"wp-block-spacer\"><\/div>\n\n\n\n<div class=\"wp-block-buttons is-layout-flex wp-block-buttons-is-layout-flex\">\n<div class=\"wp-block-button\"><a class=\"wp-block-button__link wp-element-button\" href=\"https:\/\/www.olimar.de\/hotellistung\/\">Jetzt Urlaubsangebote finden und buchen<\/a><\/div>\n<\/div>\n\n\n\n<div style=\"height:100px\" aria-hidden=\"true\" class=\"wp-block-spacer\"><\/div>\n","protected":false},"excerpt":{"rendered":"<p>Wir blicken nach vorn und stellen f\u00fcr den Sommer 2021 die sch\u00f6nsten Reisen in unsere s\u00fcdeurop\u00e4ischen Ziele vor. Ob Boutique-Hotel oder landestypische Unterkunft, ob Wandern, Radfahren oder eine kulinarische Tour: Im Mittelpunkt stehen Aktivtouren in der Natur sowie vielseitige Mietwagen-Rundreisen.<\/p>\n","protected":false},"author":9,"featured_media":15820,"comment_status":"open","ping_status":"open","sticky":false,"template":"","format":"standard","meta":{"_crdt_document":"","_lmt_disableupdate":"","_lmt_disable":"","footnotes":""},"categories":[48],"tags":[35,47,101,34,20,62],"class_list":["post-15806","post","type-post","status-publish","format-standard","has-post-thumbnail","hentry","category-neues-bei-olimar","tag-italien","tag-kapverden","tag-kroatien","tag-portugal","tag-slider","tag-spanien"],"yoast_head":"<!-- This site is optimized with the Yoast SEO plugin v26.9 - https:\/\/yoast.com\/product\/yoast-seo-wordpress\/ -->\n<title>Unsere Highlights 2021 in Portugal, Spanien, Italien, Kroatien &amp; Kapverden<\/title>\n<meta name=\"description\" content=\"Wir blicken nach vorn und stellen f\u00fcr den Sommer 2021 die sch\u00f6nsten Reisen in unsere s\u00fcdeurop\u00e4ischen Ziele vor.\" \/>\n<meta name=\"robots\" content=\"index, follow, max-snippet:-1, max-image-preview:large, max-video-preview:-1\" \/>\n<link rel=\"canonical\" href=\"https:\/\/blog.olimar.de\/produkthighlights-2021\/\" \/>\n<meta property=\"og:locale\" content=\"de_DE\" \/>\n<meta property=\"og:type\" content=\"article\" \/>\n<meta property=\"og:title\" content=\"Unsere Highlights 2021 in Portugal, Spanien, Italien, Kroatien &amp; Kapverden\" \/>\n<meta property=\"og:description\" content=\"Wir blicken nach vorn und stellen f\u00fcr den Sommer 2021 die sch\u00f6nsten Reisen in unsere s\u00fcdeurop\u00e4ischen Ziele vor.\" \/>\n<meta property=\"og:url\" content=\"https:\/\/blog.olimar.de\/produkthighlights-2021\/\" \/>\n<meta property=\"article:publisher\" content=\"https:\/\/www.facebook.com\/OlimarReisen\" \/>\n<meta property=\"article:published_time\" content=\"2021-02-17T08:21:47+00:00\" \/>\n<meta property=\"article:modified_time\" content=\"2024-02-23T16:04:42+00:00\" \/>\n<meta property=\"og:image\" content=\"https:\/\/blog.olimar.de\/wp-content\/uploads\/2021\/02\/PT-Alentejo-Monsaraz-c-FN03337_1536x988.jpg\" \/>\n\t<meta property=\"og:image:width\" content=\"1536\" \/>\n\t<meta property=\"og:image:height\" content=\"988\" \/>\n\t<meta property=\"og:image:type\" content=\"image\/jpeg\" \/>\n<meta name=\"author\" content=\"OLIMAR Redaktionsteam\" \/>\n<meta name=\"twitter:label1\" content=\"Verfasst von\" \/>\n\t<meta name=\"twitter:data1\" content=\"OLIMAR Redaktionsteam\" \/>\n\t<meta name=\"twitter:label2\" content=\"Gesch\u00e4tzte Lesezeit\" \/>\n\t<meta name=\"twitter:data2\" content=\"8\u00a0Minuten\" \/>\n<script type=\"application\/ld+json\" class=\"yoast-schema-graph\">{\"@context\":\"https:\/\/schema.org\",\"@graph\":[{\"@type\":\"WebPage\",\"@id\":\"https:\/\/blog.olimar.de\/produkthighlights-2021\/\",\"url\":\"https:\/\/blog.olimar.de\/produkthighlights-2021\/\",\"name\":\"Unsere Highlights 2021 in Portugal, Spanien, Italien, Kroatien & Kapverden\",\"isPartOf\":{\"@id\":\"https:\/\/blog.olimar.de\/#website\"},\"primaryImageOfPage\":{\"@id\":\"https:\/\/blog.olimar.de\/produkthighlights-2021\/#primaryimage\"},\"image\":{\"@id\":\"https:\/\/blog.olimar.de\/produkthighlights-2021\/#primaryimage\"},\"thumbnailUrl\":\"https:\/\/blog.olimar.de\/wp-content\/uploads\/2021\/02\/PT-Alentejo-Monsaraz-c-FN03337_1536x988.jpg\",\"datePublished\":\"2021-02-17T08:21:47+00:00\",\"dateModified\":\"2024-02-23T16:04:42+00:00\",\"description\":\"Wir blicken nach vorn und stellen f\u00fcr den Sommer 2021 die sch\u00f6nsten Reisen in unsere s\u00fcdeurop\u00e4ischen Ziele vor.\",\"breadcrumb\":{\"@id\":\"https:\/\/blog.olimar.de\/produkthighlights-2021\/#breadcrumb\"},\"inLanguage\":\"de\",\"potentialAction\":[{\"@type\":\"ReadAction\",\"target\":[\"https:\/\/blog.olimar.de\/produkthighlights-2021\/\"]}]},{\"@type\":\"ImageObject\",\"inLanguage\":\"de\",\"@id\":\"https:\/\/blog.olimar.de\/produkthighlights-2021\/#primaryimage\",\"url\":\"https:\/\/blog.olimar.de\/wp-content\/uploads\/2021\/02\/PT-Alentejo-Monsaraz-c-FN03337_1536x988.jpg\",\"contentUrl\":\"https:\/\/blog.olimar.de\/wp-content\/uploads\/2021\/02\/PT-Alentejo-Monsaraz-c-FN03337_1536x988.jpg\",\"width\":1536,\"height\":988,\"caption\":\"Alentejo Monsaraz Weitblick\"},{\"@type\":\"BreadcrumbList\",\"@id\":\"https:\/\/blog.olimar.de\/produkthighlights-2021\/#breadcrumb\",\"itemListElement\":[{\"@type\":\"ListItem\",\"position\":1,\"name\":\"Home\",\"item\":\"https:\/\/blog.olimar.de\/\"},{\"@type\":\"ListItem\",\"position\":2,\"name\":\"Italien\",\"item\":\"https:\/\/blog.olimar.de\/tag\/italien\/\"},{\"@type\":\"ListItem\",\"position\":3,\"name\":\"Sonnenziele 2021: Das sind unsere Highlights in Portugal, Spanien, Italien, Kroatien und Kapverden\"}]},{\"@type\":\"WebSite\",\"@id\":\"https:\/\/blog.olimar.de\/#website\",\"url\":\"https:\/\/blog.olimar.de\/\",\"name\":\"OLIMAR.com\",\"description\":\"\",\"publisher\":{\"@id\":\"https:\/\/blog.olimar.de\/#organization\"},\"potentialAction\":[{\"@type\":\"SearchAction\",\"target\":{\"@type\":\"EntryPoint\",\"urlTemplate\":\"https:\/\/blog.olimar.de\/?s={search_term_string}\"},\"query-input\":{\"@type\":\"PropertyValueSpecification\",\"valueRequired\":true,\"valueName\":\"search_term_string\"}}],\"inLanguage\":\"de\"},{\"@type\":\"Organization\",\"@id\":\"https:\/\/blog.olimar.de\/#organization\",\"name\":\"OLIMAR Reisen\",\"url\":\"https:\/\/blog.olimar.de\/\",\"logo\":{\"@type\":\"ImageObject\",\"inLanguage\":\"de\",\"@id\":\"https:\/\/blog.olimar.de\/#\/schema\/logo\/image\/\",\"url\":\"https:\/\/blog.olimar.de\/wp-content\/uploads\/2021\/01\/OLIMAR_Logo_COLOR.png\",\"contentUrl\":\"https:\/\/blog.olimar.de\/wp-content\/uploads\/2021\/01\/OLIMAR_Logo_COLOR.png\",\"width\":2000,\"height\":986,\"caption\":\"OLIMAR Reisen\"},\"image\":{\"@id\":\"https:\/\/blog.olimar.de\/#\/schema\/logo\/image\/\"},\"sameAs\":[\"https:\/\/www.facebook.com\/OlimarReisen\",\"https:\/\/x.com\/olimarrreisen\",\"https:\/\/www.instagram.com\/olimarreisen\",\"https:\/\/www.youtube.com\/user\/olimarreisen\"]}]}<\/script>\n<!-- \/ Yoast SEO plugin. -->","yoast_head_json":{"title":"Unsere Highlights 2021 in Portugal, Spanien, Italien, Kroatien & Kapverden","description":"Wir blicken nach vorn und stellen f\u00fcr den Sommer 2021 die sch\u00f6nsten Reisen in unsere s\u00fcdeurop\u00e4ischen Ziele vor.","robots":{"index":"index","follow":"follow","max-snippet":"max-snippet:-1","max-image-preview":"max-image-preview:large","max-video-preview":"max-video-preview:-1"},"canonical":"https:\/\/blog.olimar.de\/produkthighlights-2021\/","og_locale":"de_DE","og_type":"article","og_title":"Unsere Highlights 2021 in Portugal, Spanien, Italien, Kroatien & Kapverden","og_description":"Wir blicken nach vorn und stellen f\u00fcr den Sommer 2021 die sch\u00f6nsten Reisen in unsere s\u00fcdeurop\u00e4ischen Ziele vor.","og_url":"https:\/\/blog.olimar.de\/produkthighlights-2021\/","article_publisher":"https:\/\/www.facebook.com\/OlimarReisen","article_published_time":"2021-02-17T08:21:47+00:00","article_modified_time":"2024-02-23T16:04:42+00:00","og_image":[{"width":1536,"height":988,"url":"https:\/\/blog.olimar.de\/wp-content\/uploads\/2021\/02\/PT-Alentejo-Monsaraz-c-FN03337_1536x988.jpg","type":"image\/jpeg"}],"author":"OLIMAR Redaktionsteam","twitter_misc":{"Verfasst von":"OLIMAR Redaktionsteam","Gesch\u00e4tzte Lesezeit":"8\u00a0Minuten"},"schema":{"@context":"https:\/\/schema.org","@graph":[{"@type":"WebPage","@id":"https:\/\/blog.olimar.de\/produkthighlights-2021\/","url":"https:\/\/blog.olimar.de\/produkthighlights-2021\/","name":"Unsere Highlights 2021 in Portugal, Spanien, Italien, Kroatien & Kapverden","isPartOf":{"@id":"https:\/\/blog.olimar.de\/#website"},"primaryImageOfPage":{"@id":"https:\/\/blog.olimar.de\/produkthighlights-2021\/#primaryimage"},"image":{"@id":"https:\/\/blog.olimar.de\/produkthighlights-2021\/#primaryimage"},"thumbnailUrl":"https:\/\/blog.olimar.de\/wp-content\/uploads\/2021\/02\/PT-Alentejo-Monsaraz-c-FN03337_1536x988.jpg","datePublished":"2021-02-17T08:21:47+00:00","dateModified":"2024-02-23T16:04:42+00:00","description":"Wir blicken nach vorn und stellen f\u00fcr den Sommer 2021 die sch\u00f6nsten Reisen in unsere s\u00fcdeurop\u00e4ischen Ziele vor.","breadcrumb":{"@id":"https:\/\/blog.olimar.de\/produkthighlights-2021\/#breadcrumb"},"inLanguage":"de","potentialAction":[{"@type":"ReadAction","target":["https:\/\/blog.olimar.de\/produkthighlights-2021\/"]}]},{"@type":"ImageObject","inLanguage":"de","@id":"https:\/\/blog.olimar.de\/produkthighlights-2021\/#primaryimage","url":"https:\/\/blog.olimar.de\/wp-content\/uploads\/2021\/02\/PT-Alentejo-Monsaraz-c-FN03337_1536x988.jpg","contentUrl":"https:\/\/blog.olimar.de\/wp-content\/uploads\/2021\/02\/PT-Alentejo-Monsaraz-c-FN03337_1536x988.jpg","width":1536,"height":988,"caption":"Alentejo Monsaraz Weitblick"},{"@type":"BreadcrumbList","@id":"https:\/\/blog.olimar.de\/produkthighlights-2021\/#breadcrumb","itemListElement":[{"@type":"ListItem","position":1,"name":"Home","item":"https:\/\/blog.olimar.de\/"},{"@type":"ListItem","position":2,"name":"Italien","item":"https:\/\/blog.olimar.de\/tag\/italien\/"},{"@type":"ListItem","position":3,"name":"Sonnenziele 2021: Das sind unsere Highlights in Portugal, Spanien, Italien, Kroatien und Kapverden"}]},{"@type":"WebSite","@id":"https:\/\/blog.olimar.de\/#website","url":"https:\/\/blog.olimar.de\/","name":"OLIMAR.com","description":"","publisher":{"@id":"https:\/\/blog.olimar.de\/#organization"},"potentialAction":[{"@type":"SearchAction","target":{"@type":"EntryPoint","urlTemplate":"https:\/\/blog.olimar.de\/?s={search_term_string}"},"query-input":{"@type":"PropertyValueSpecification","valueRequired":true,"valueName":"search_term_string"}}],"inLanguage":"de"},{"@type":"Organization","@id":"https:\/\/blog.olimar.de\/#organization","name":"OLIMAR Reisen","url":"https:\/\/blog.olimar.de\/","logo":{"@type":"ImageObject","inLanguage":"de","@id":"https:\/\/blog.olimar.de\/#\/schema\/logo\/image\/","url":"https:\/\/blog.olimar.de\/wp-content\/uploads\/2021\/01\/OLIMAR_Logo_COLOR.png","contentUrl":"https:\/\/blog.olimar.de\/wp-content\/uploads\/2021\/01\/OLIMAR_Logo_COLOR.png","width":2000,"height":986,"caption":"OLIMAR Reisen"},"image":{"@id":"https:\/\/blog.olimar.de\/#\/schema\/logo\/image\/"},"sameAs":["https:\/\/www.facebook.com\/OlimarReisen","https:\/\/x.com\/olimarrreisen","https:\/\/www.instagram.com\/olimarreisen","https:\/\/www.youtube.com\/user\/olimarreisen"]}]}},"modified_by":"Wiebke Fix","jetpack_featured_media_url":"https:\/\/blog.olimar.de\/wp-content\/uploads\/2021\/02\/PT-Alentejo-Monsaraz-c-FN03337_1536x988.jpg","_links":{"self":[{"href":"https:\/\/blog.olimar.de\/wp-json\/wp\/v2\/posts\/15806","targetHints":{"allow":["GET"]}}],"collection":[{"href":"https:\/\/blog.olimar.de\/wp-json\/wp\/v2\/posts"}],"about":[{"href":"https:\/\/blog.olimar.de\/wp-json\/wp\/v2\/types\/post"}],"author":[{"embeddable":true,"href":"https:\/\/blog.olimar.de\/wp-json\/wp\/v2\/users\/9"}],"replies":[{"embeddable":true,"href":"https:\/\/blog.olimar.de\/wp-json\/wp\/v2\/comments?post=15806"}],"version-history":[{"count":32,"href":"https:\/\/blog.olimar.de\/wp-json\/wp\/v2\/posts\/15806\/revisions"}],"predecessor-version":[{"id":27373,"href":"https:\/\/blog.olimar.de\/wp-json\/wp\/v2\/posts\/15806\/revisions\/27373"}],"wp:featuredmedia":[{"embeddable":true,"href":"https:\/\/blog.olimar.de\/wp-json\/wp\/v2\/media\/15820"}],"wp:attachment":[{"href":"https:\/\/blog.olimar.de\/wp-json\/wp\/v2\/media?parent=15806"}],"wp:term":[{"taxonomy":"category","embeddable":true,"href":"https:\/\/blog.olimar.de\/wp-json\/wp\/v2\/categories?post=15806"},{"taxonomy":"post_tag","embeddable":true,"href":"https:\/\/blog.olimar.de\/wp-json\/wp\/v2\/tags?post=15806"}],"curies":[{"name":"wp","href":"https:\/\/api.w.org\/{rel}","templated":true}]}}