{"id":15944,"date":"2021-03-10T14:36:30","date_gmt":"2021-03-10T13:36:30","guid":{"rendered":"https:\/\/blog.olimar.de\/?p=15944"},"modified":"2023-05-26T18:33:33","modified_gmt":"2023-05-26T17:33:33","slug":"italienische-kulturhauptstadt-2022","status":"publish","type":"post","link":"https:\/\/blog.olimar.de\/italienische-kulturhauptstadt-2022\/","title":{"rendered":"Procida \u2013 Italienische Kulturhauptstadt 2022"},"content":{"rendered":"\n<p>Procida ist die italienische Kulturhauptstadt 2022. Dies gab der italienische Kultur- und Tourismusminister Dario Franceschini in Anwesenheit der B\u00fcrgermeister der zehn Finalisten-St\u00e4dte Ancona, Bari, Cerveteri, L&#8217;Aquila, Pieve di Soligo, Procida, Taranto, Trapani, Verbania und Volterra im Januar bekannt und sagte: &#8220;Es lebe <a href=\"https:\/\/www.youtube.com\/watch?app=desktop&amp;v=br3snAw3Ci0&amp;feature=emb_logo\" target=\"_blank\" rel=\"noopener\">Procida<\/a>, das uns im Jahr des Neustarts begleiten wird. Es ist ein Signal f\u00fcr den Blick in die Zukunft, f\u00fcr die Erholung.\u201c<\/p>\n\n\n\n<p>Die Kommission begr\u00fcndete die Ernennung Procidas u.a. mit der au\u00dfergew\u00f6hnlich reizvollen Beschaffenheit der Insel im Golf von Neapel sowie dem pr\u00e4sentierten Projekt zur nachhaltigen Wertsch\u00f6pfung nicht nur f\u00fcr das Eiland, sondern als Beispiel f\u00fcr andere Mittelmeerinseln und K\u00fcstenorte.<\/p>\n\n\n\n<figure class=\"wp-block-image size-large\"><img loading=\"lazy\" decoding=\"async\" width=\"1024\" height=\"450\" src=\"https:\/\/blog.olimar.de\/wp-content\/uploads\/2021\/03\/IT-Kampanien-Procida-snJTKixdrT8-unsplash-1024x450.jpg\" alt=\"Blick auf die Stadt mit dem Meer im Vordergrund \" class=\"wp-image-15948\" srcset=\"https:\/\/blog.olimar.de\/wp-content\/uploads\/2021\/03\/IT-Kampanien-Procida-snJTKixdrT8-unsplash-1024x450.jpg 1024w, https:\/\/blog.olimar.de\/wp-content\/uploads\/2021\/03\/IT-Kampanien-Procida-snJTKixdrT8-unsplash-300x132.jpg 300w, https:\/\/blog.olimar.de\/wp-content\/uploads\/2021\/03\/IT-Kampanien-Procida-snJTKixdrT8-unsplash-768x338.jpg 768w, https:\/\/blog.olimar.de\/wp-content\/uploads\/2021\/03\/IT-Kampanien-Procida-snJTKixdrT8-unsplash-1536x675.jpg 1536w, https:\/\/blog.olimar.de\/wp-content\/uploads\/2021\/03\/IT-Kampanien-Procida-snJTKixdrT8-unsplash.jpg 1920w\" sizes=\"auto, (max-width: 1024px) 100vw, 1024px\" \/><\/figure>\n\n\n\n<div style=\"height:50px\" aria-hidden=\"true\" class=\"wp-block-spacer\"><\/div>\n\n\n\n<p>Die farbenfrohe Insel Procida wurde bereits von zahlreichen Regisseuren als <a href=\"https:\/\/www.olimar.de\/blog\/die-top-five-der-italienischen-filmdrehorte\/\" rel=\"noopener\">Kulisse f\u00fcr ihre Filme<\/a> gew\u00e4hlt. Sie ist vulkanischen Ursprungs und durch eine schmale Br\u00fccke mit der Insel Vivara verbunden. Procida ist auch der Name des Hauptortes der Insel, der mit engen Gassen und malerischen Kirchen kaum charmanter sein k\u00f6nnte. Die Abtei San Michele Arcangelo, die auf dem Vorgebirge Terra Murata senkrecht \u00fcber dem Meer liegt, ist ein beeindruckendes Zeugnis religi\u00f6sen Lebens in der Vergangenheit. Die beiden ber\u00fchmtesten Str\u00e4nde der Insel sind der Strand Pozzo Vecchio, Protagonist in einigen Szenen des Films \u201eDer Postmann\u201c und der Strand Chiaiolella, der beliebteste der Insel. Dar\u00fcber hinaus ist Procida auch f\u00fcr ihre Karfreitagsprozession ber\u00fchmt.<\/p>\n\n\n\n<p>Der Titel \u201eItalienische Kulturhauptstadt\u201c wurde 2014 ins Leben gerufen und bereits an Mantua (2016), Pistoia (2017) und <a href=\"https:\/\/www.olimar.de\/blog\/palermo-kulturhauptstadt-2018\/\" rel=\"noopener\">Palermo<\/a> (2018) vergeben sowie 2020 an Parma vergeben, die aufgrund von Corona auch 2021 die italienische Kulturhauptstadt bleibt. 2023 werden Bergamo und Brescia den Titel der italienischen Kulturhauptst\u00e4dte teilen, eine Wahl, die getroffen wurde, um die beiden schwer von der ersten Corona-Welle getroffenen St\u00e4dte zu unterst\u00fctzen.<\/p>\n\n\n\n<h2 class=\"wp-block-heading\"><strong>Unser Hoteltipp<\/strong> <strong>auf Procida<\/strong><\/h2>\n\n\n\n<p>Wer selbst einmal die Insel erleben m\u00f6chte, dem empfehlen wir das charmante Anwesen des <a href=\"https:\/\/rms.olimar.de\/code\/nap599\" rel=\"noopener\">La Suite Hotel&amp; Spa<\/a>, das auf der nur 4 Quadratkilometer gro\u00dfen Insel im Golf von Neapel liegt. Hell und lichtdurchflutet zeigt sich die Unterkunft, die mit einem sch\u00f6nen, mediterranen Urlaubsambiente verzaubert. Vom Garten haben Sie traumhafte Blicke auf das tiefblau schimmernde Meer. Mit insgesamt nur 23 Zimmern ist im La Suite Hotel Procida eine private, exklusive Atmosph\u00e4re garantiert.<\/p>\n\n\n\n<div class=\"wp-block-jetpack-tiled-gallery aligncenter is-style-rectangular\"><div class=\"tiled-gallery__gallery\"><div class=\"tiled-gallery__row\"><div class=\"tiled-gallery__col\" style=\"flex-basis:50%\"><figure class=\"tiled-gallery__item\"><img decoding=\"async\" alt=\"\" data-height=\"618\" data-id=\"15950\" data-link=\"https:\/\/blog.olimar.de\/?attachment_id=15950\" data-url=\"https:\/\/blog.olimar.de\/wp-content\/uploads\/2021\/03\/nap599-i-rezeption2019.jpg\" data-width=\"927\" src=\"https:\/\/i0.wp.com\/blog.olimar.de\/wp-content\/uploads\/2021\/03\/nap599-i-rezeption2019.jpg?ssl=1\" layout=\"responsive\"><\/figure><\/div><div class=\"tiled-gallery__col\" style=\"flex-basis:50%\"><figure class=\"tiled-gallery__item\"><img decoding=\"async\" alt=\"\" data-height=\"618\" data-id=\"15951\" data-link=\"https:\/\/blog.olimar.de\/?attachment_id=15951\" data-url=\"https:\/\/blog.olimar.de\/wp-content\/uploads\/2021\/03\/nap599-p-pool2019.jpg\" data-width=\"927\" src=\"https:\/\/i0.wp.com\/blog.olimar.de\/wp-content\/uploads\/2021\/03\/nap599-p-pool2019.jpg?ssl=1\" layout=\"responsive\"><\/figure><\/div><\/div><\/div><\/div>\n\n\n\n<div style=\"height:52px\" aria-hidden=\"true\" class=\"wp-block-spacer\"><\/div>\n\n\n\n<div class=\"wp-block-buttons is-layout-flex wp-block-buttons-is-layout-flex\">\n<div class=\"wp-block-button\"><a class=\"wp-block-button__link wp-element-button\" href=\"Https:\/\/www.olimar.de\/hotellistung\/ \">Jetzt Urlaubsangebote finden und buchen<\/a><\/div>\n<\/div>\n\n\n\n<div style=\"height:100px\" aria-hidden=\"true\" class=\"wp-block-spacer\"><\/div>\n","protected":false},"excerpt":{"rendered":"<p>Procida ist die italienische Kulturhauptstadt 2022. Dies gab der italienische Kultur- und Tourismusminister Dario Franceschini in Anwesenheit der B\u00fcrgermeister der zehn Finalisten-St\u00e4dte Ancona, Bari, Cerveteri, L&#8217;Aquila, Pieve di Soligo, Procida, Taranto, Trapani, Verbania und Volterra im Januar bekannt und sagte: &#8220;Es lebe Procida, das uns im Jahr des Neustarts begleiten wird. Es ist ein Signal f\u00fcr den Blick in die Zukunft, f\u00fcr die Erholung.\u201c Die Kommission begr\u00fcndete die Ernennung Procidas u.a. mit der au\u00dfergew\u00f6hnlich reizvollen Beschaffenheit der Insel im Golf von Neapel sowie dem pr\u00e4sentierten Projekt zur nachhaltigen Wertsch\u00f6pfung nicht nur f\u00fcr das Eiland, sondern als Beispiel f\u00fcr andere Mittelmeerinseln und &hellip;<\/p>\n","protected":false},"author":9,"featured_media":15947,"comment_status":"open","ping_status":"open","sticky":false,"template":"","format":"standard","meta":{"_crdt_document":"","_lmt_disableupdate":"","_lmt_disable":"","footnotes":""},"categories":[1,195],"tags":[35],"class_list":["post-15944","post","type-post","status-publish","format-standard","has-post-thumbnail","hentry","category-allgemein","category-reisenews","tag-italien"],"yoast_head":"<!-- This site is optimized with the Yoast SEO plugin v26.9 - https:\/\/yoast.com\/product\/yoast-seo-wordpress\/ -->\n<title>Procida \u2013 Italienische Kulturhauptstadt 2022 -<\/title>\n<meta name=\"description\" content=\"Mit der au\u00dfergew\u00f6hnlich reizvollen Beschaffenheit wurde Procida, die Insel im Golf von Neapel, zur Kulturhauptstadt 2022 gew\u00e4hlt.\" \/>\n<meta name=\"robots\" content=\"index, follow, max-snippet:-1, max-image-preview:large, max-video-preview:-1\" \/>\n<link rel=\"canonical\" href=\"https:\/\/blog.olimar.de\/italienische-kulturhauptstadt-2022\/\" \/>\n<meta property=\"og:locale\" content=\"de_DE\" \/>\n<meta property=\"og:type\" content=\"article\" \/>\n<meta property=\"og:title\" content=\"Procida \u2013 Italienische Kulturhauptstadt 2022 -\" \/>\n<meta property=\"og:description\" content=\"Mit der au\u00dfergew\u00f6hnlich reizvollen Beschaffenheit wurde Procida, die Insel im Golf von Neapel, zur Kulturhauptstadt 2022 gew\u00e4hlt.\" \/>\n<meta property=\"og:url\" content=\"https:\/\/blog.olimar.de\/italienische-kulturhauptstadt-2022\/\" \/>\n<meta property=\"article:publisher\" content=\"https:\/\/www.facebook.com\/OlimarReisen\" \/>\n<meta property=\"article:published_time\" content=\"2021-03-10T13:36:30+00:00\" \/>\n<meta property=\"article:modified_time\" content=\"2023-05-26T17:33:33+00:00\" \/>\n<meta property=\"og:image\" content=\"https:\/\/blog.olimar.de\/wp-content\/uploads\/2021\/03\/IT-Kampanien-Procida-IrOyCOYQReg-unsplash.jpg\" \/>\n\t<meta property=\"og:image:width\" content=\"1920\" \/>\n\t<meta property=\"og:image:height\" content=\"1280\" \/>\n\t<meta property=\"og:image:type\" content=\"image\/jpeg\" \/>\n<meta name=\"author\" content=\"OLIMAR Redaktionsteam\" \/>\n<meta name=\"twitter:label1\" content=\"Verfasst von\" \/>\n\t<meta name=\"twitter:data1\" content=\"OLIMAR Redaktionsteam\" \/>\n\t<meta name=\"twitter:label2\" content=\"Gesch\u00e4tzte Lesezeit\" \/>\n\t<meta name=\"twitter:data2\" content=\"3\u00a0Minuten\" \/>\n<script type=\"application\/ld+json\" class=\"yoast-schema-graph\">{\"@context\":\"https:\/\/schema.org\",\"@graph\":[{\"@type\":\"WebPage\",\"@id\":\"https:\/\/blog.olimar.de\/italienische-kulturhauptstadt-2022\/\",\"url\":\"https:\/\/blog.olimar.de\/italienische-kulturhauptstadt-2022\/\",\"name\":\"Procida \u2013 Italienische Kulturhauptstadt 2022 -\",\"isPartOf\":{\"@id\":\"https:\/\/blog.olimar.de\/#website\"},\"primaryImageOfPage\":{\"@id\":\"https:\/\/blog.olimar.de\/italienische-kulturhauptstadt-2022\/#primaryimage\"},\"image\":{\"@id\":\"https:\/\/blog.olimar.de\/italienische-kulturhauptstadt-2022\/#primaryimage\"},\"thumbnailUrl\":\"https:\/\/blog.olimar.de\/wp-content\/uploads\/2021\/03\/IT-Kampanien-Procida-IrOyCOYQReg-unsplash.jpg\",\"datePublished\":\"2021-03-10T13:36:30+00:00\",\"dateModified\":\"2023-05-26T17:33:33+00:00\",\"description\":\"Mit der au\u00dfergew\u00f6hnlich reizvollen Beschaffenheit wurde Procida, die Insel im Golf von Neapel, zur Kulturhauptstadt 2022 gew\u00e4hlt.\",\"breadcrumb\":{\"@id\":\"https:\/\/blog.olimar.de\/italienische-kulturhauptstadt-2022\/#breadcrumb\"},\"inLanguage\":\"de\",\"potentialAction\":[{\"@type\":\"ReadAction\",\"target\":[\"https:\/\/blog.olimar.de\/italienische-kulturhauptstadt-2022\/\"]}]},{\"@type\":\"ImageObject\",\"inLanguage\":\"de\",\"@id\":\"https:\/\/blog.olimar.de\/italienische-kulturhauptstadt-2022\/#primaryimage\",\"url\":\"https:\/\/blog.olimar.de\/wp-content\/uploads\/2021\/03\/IT-Kampanien-Procida-IrOyCOYQReg-unsplash.jpg\",\"contentUrl\":\"https:\/\/blog.olimar.de\/wp-content\/uploads\/2021\/03\/IT-Kampanien-Procida-IrOyCOYQReg-unsplash.jpg\",\"width\":1920,\"height\":1280,\"caption\":\"Italien Procida Panorama\"},{\"@type\":\"BreadcrumbList\",\"@id\":\"https:\/\/blog.olimar.de\/italienische-kulturhauptstadt-2022\/#breadcrumb\",\"itemListElement\":[{\"@type\":\"ListItem\",\"position\":1,\"name\":\"Home\",\"item\":\"https:\/\/blog.olimar.de\/\"},{\"@type\":\"ListItem\",\"position\":2,\"name\":\"Italien\",\"item\":\"https:\/\/blog.olimar.de\/tag\/italien\/\"},{\"@type\":\"ListItem\",\"position\":3,\"name\":\"Procida \u2013 Italienische Kulturhauptstadt 2022\"}]},{\"@type\":\"WebSite\",\"@id\":\"https:\/\/blog.olimar.de\/#website\",\"url\":\"https:\/\/blog.olimar.de\/\",\"name\":\"OLIMAR.com\",\"description\":\"\",\"publisher\":{\"@id\":\"https:\/\/blog.olimar.de\/#organization\"},\"potentialAction\":[{\"@type\":\"SearchAction\",\"target\":{\"@type\":\"EntryPoint\",\"urlTemplate\":\"https:\/\/blog.olimar.de\/?s={search_term_string}\"},\"query-input\":{\"@type\":\"PropertyValueSpecification\",\"valueRequired\":true,\"valueName\":\"search_term_string\"}}],\"inLanguage\":\"de\"},{\"@type\":\"Organization\",\"@id\":\"https:\/\/blog.olimar.de\/#organization\",\"name\":\"OLIMAR Reisen\",\"url\":\"https:\/\/blog.olimar.de\/\",\"logo\":{\"@type\":\"ImageObject\",\"inLanguage\":\"de\",\"@id\":\"https:\/\/blog.olimar.de\/#\/schema\/logo\/image\/\",\"url\":\"https:\/\/blog.olimar.de\/wp-content\/uploads\/2021\/01\/OLIMAR_Logo_COLOR.png\",\"contentUrl\":\"https:\/\/blog.olimar.de\/wp-content\/uploads\/2021\/01\/OLIMAR_Logo_COLOR.png\",\"width\":2000,\"height\":986,\"caption\":\"OLIMAR Reisen\"},\"image\":{\"@id\":\"https:\/\/blog.olimar.de\/#\/schema\/logo\/image\/\"},\"sameAs\":[\"https:\/\/www.facebook.com\/OlimarReisen\",\"https:\/\/x.com\/olimarrreisen\",\"https:\/\/www.instagram.com\/olimarreisen\",\"https:\/\/www.youtube.com\/user\/olimarreisen\"]}]}<\/script>\n<!-- \/ Yoast SEO plugin. -->","yoast_head_json":{"title":"Procida \u2013 Italienische Kulturhauptstadt 2022 -","description":"Mit der au\u00dfergew\u00f6hnlich reizvollen Beschaffenheit wurde Procida, die Insel im Golf von Neapel, zur Kulturhauptstadt 2022 gew\u00e4hlt.","robots":{"index":"index","follow":"follow","max-snippet":"max-snippet:-1","max-image-preview":"max-image-preview:large","max-video-preview":"max-video-preview:-1"},"canonical":"https:\/\/blog.olimar.de\/italienische-kulturhauptstadt-2022\/","og_locale":"de_DE","og_type":"article","og_title":"Procida \u2013 Italienische Kulturhauptstadt 2022 -","og_description":"Mit der au\u00dfergew\u00f6hnlich reizvollen Beschaffenheit wurde Procida, die Insel im Golf von Neapel, zur Kulturhauptstadt 2022 gew\u00e4hlt.","og_url":"https:\/\/blog.olimar.de\/italienische-kulturhauptstadt-2022\/","article_publisher":"https:\/\/www.facebook.com\/OlimarReisen","article_published_time":"2021-03-10T13:36:30+00:00","article_modified_time":"2023-05-26T17:33:33+00:00","og_image":[{"width":1920,"height":1280,"url":"https:\/\/blog.olimar.de\/wp-content\/uploads\/2021\/03\/IT-Kampanien-Procida-IrOyCOYQReg-unsplash.jpg","type":"image\/jpeg"}],"author":"OLIMAR Redaktionsteam","twitter_misc":{"Verfasst von":"OLIMAR Redaktionsteam","Gesch\u00e4tzte Lesezeit":"3\u00a0Minuten"},"schema":{"@context":"https:\/\/schema.org","@graph":[{"@type":"WebPage","@id":"https:\/\/blog.olimar.de\/italienische-kulturhauptstadt-2022\/","url":"https:\/\/blog.olimar.de\/italienische-kulturhauptstadt-2022\/","name":"Procida \u2013 Italienische Kulturhauptstadt 2022 -","isPartOf":{"@id":"https:\/\/blog.olimar.de\/#website"},"primaryImageOfPage":{"@id":"https:\/\/blog.olimar.de\/italienische-kulturhauptstadt-2022\/#primaryimage"},"image":{"@id":"https:\/\/blog.olimar.de\/italienische-kulturhauptstadt-2022\/#primaryimage"},"thumbnailUrl":"https:\/\/blog.olimar.de\/wp-content\/uploads\/2021\/03\/IT-Kampanien-Procida-IrOyCOYQReg-unsplash.jpg","datePublished":"2021-03-10T13:36:30+00:00","dateModified":"2023-05-26T17:33:33+00:00","description":"Mit der au\u00dfergew\u00f6hnlich reizvollen Beschaffenheit wurde Procida, die Insel im Golf von Neapel, zur Kulturhauptstadt 2022 gew\u00e4hlt.","breadcrumb":{"@id":"https:\/\/blog.olimar.de\/italienische-kulturhauptstadt-2022\/#breadcrumb"},"inLanguage":"de","potentialAction":[{"@type":"ReadAction","target":["https:\/\/blog.olimar.de\/italienische-kulturhauptstadt-2022\/"]}]},{"@type":"ImageObject","inLanguage":"de","@id":"https:\/\/blog.olimar.de\/italienische-kulturhauptstadt-2022\/#primaryimage","url":"https:\/\/blog.olimar.de\/wp-content\/uploads\/2021\/03\/IT-Kampanien-Procida-IrOyCOYQReg-unsplash.jpg","contentUrl":"https:\/\/blog.olimar.de\/wp-content\/uploads\/2021\/03\/IT-Kampanien-Procida-IrOyCOYQReg-unsplash.jpg","width":1920,"height":1280,"caption":"Italien Procida Panorama"},{"@type":"BreadcrumbList","@id":"https:\/\/blog.olimar.de\/italienische-kulturhauptstadt-2022\/#breadcrumb","itemListElement":[{"@type":"ListItem","position":1,"name":"Home","item":"https:\/\/blog.olimar.de\/"},{"@type":"ListItem","position":2,"name":"Italien","item":"https:\/\/blog.olimar.de\/tag\/italien\/"},{"@type":"ListItem","position":3,"name":"Procida \u2013 Italienische Kulturhauptstadt 2022"}]},{"@type":"WebSite","@id":"https:\/\/blog.olimar.de\/#website","url":"https:\/\/blog.olimar.de\/","name":"OLIMAR.com","description":"","publisher":{"@id":"https:\/\/blog.olimar.de\/#organization"},"potentialAction":[{"@type":"SearchAction","target":{"@type":"EntryPoint","urlTemplate":"https:\/\/blog.olimar.de\/?s={search_term_string}"},"query-input":{"@type":"PropertyValueSpecification","valueRequired":true,"valueName":"search_term_string"}}],"inLanguage":"de"},{"@type":"Organization","@id":"https:\/\/blog.olimar.de\/#organization","name":"OLIMAR Reisen","url":"https:\/\/blog.olimar.de\/","logo":{"@type":"ImageObject","inLanguage":"de","@id":"https:\/\/blog.olimar.de\/#\/schema\/logo\/image\/","url":"https:\/\/blog.olimar.de\/wp-content\/uploads\/2021\/01\/OLIMAR_Logo_COLOR.png","contentUrl":"https:\/\/blog.olimar.de\/wp-content\/uploads\/2021\/01\/OLIMAR_Logo_COLOR.png","width":2000,"height":986,"caption":"OLIMAR Reisen"},"image":{"@id":"https:\/\/blog.olimar.de\/#\/schema\/logo\/image\/"},"sameAs":["https:\/\/www.facebook.com\/OlimarReisen","https:\/\/x.com\/olimarrreisen","https:\/\/www.instagram.com\/olimarreisen","https:\/\/www.youtube.com\/user\/olimarreisen"]}]}},"modified_by":"Lena Radermacher","jetpack_featured_media_url":"https:\/\/blog.olimar.de\/wp-content\/uploads\/2021\/03\/IT-Kampanien-Procida-IrOyCOYQReg-unsplash.jpg","_links":{"self":[{"href":"https:\/\/blog.olimar.de\/wp-json\/wp\/v2\/posts\/15944","targetHints":{"allow":["GET"]}}],"collection":[{"href":"https:\/\/blog.olimar.de\/wp-json\/wp\/v2\/posts"}],"about":[{"href":"https:\/\/blog.olimar.de\/wp-json\/wp\/v2\/types\/post"}],"author":[{"embeddable":true,"href":"https:\/\/blog.olimar.de\/wp-json\/wp\/v2\/users\/9"}],"replies":[{"embeddable":true,"href":"https:\/\/blog.olimar.de\/wp-json\/wp\/v2\/comments?post=15944"}],"version-history":[{"count":14,"href":"https:\/\/blog.olimar.de\/wp-json\/wp\/v2\/posts\/15944\/revisions"}],"predecessor-version":[{"id":25697,"href":"https:\/\/blog.olimar.de\/wp-json\/wp\/v2\/posts\/15944\/revisions\/25697"}],"wp:featuredmedia":[{"embeddable":true,"href":"https:\/\/blog.olimar.de\/wp-json\/wp\/v2\/media\/15947"}],"wp:attachment":[{"href":"https:\/\/blog.olimar.de\/wp-json\/wp\/v2\/media?parent=15944"}],"wp:term":[{"taxonomy":"category","embeddable":true,"href":"https:\/\/blog.olimar.de\/wp-json\/wp\/v2\/categories?post=15944"},{"taxonomy":"post_tag","embeddable":true,"href":"https:\/\/blog.olimar.de\/wp-json\/wp\/v2\/tags?post=15944"}],"curies":[{"name":"wp","href":"https:\/\/api.w.org\/{rel}","templated":true}]}}