{"id":15964,"date":"2021-03-11T16:51:49","date_gmt":"2021-03-11T15:51:49","guid":{"rendered":"https:\/\/blog.olimar.de\/?p=15964"},"modified":"2023-01-02T19:41:26","modified_gmt":"2023-01-02T18:41:26","slug":"vila-gale-clube-do-campo","status":"publish","type":"post","link":"https:\/\/blog.olimar.de\/vila-gale-clube-do-campo\/","title":{"rendered":"Vila Gal\u00e9 Clube do Campo nahe Beja, Alentejo"},"content":{"rendered":"\n<p><strong>Schon die Fahrt durch die unglaublichen Weiten des Alentejo sorgt f\u00fcr innere Ruhe. Eine h\u00fcgelige Landschaft, ab und zu freilaufendes Vieh auf den Weiden, ein paar wenige urige D\u00f6rfer, daf\u00fcr unendlich viele Korkeichen, Olivenb\u00e4ume und Weinreben. Und ein warmer, angenehmer Wind \u2013 es riecht leicht nach Kr\u00e4utern und Zistrosen. So stellt man sich Slow-Travel vor.\u00a0<\/strong><\/p>\n\n\n\n<div class=\"wp-block-buttons is-layout-flex wp-block-buttons-is-layout-flex\">\n<div class=\"wp-block-button\"><a class=\"wp-block-button__link wp-element-button\" href=\"https:\/\/www.olimar.de\/portugal\/alentejo\/\">Alentejo Reiseangebote und Hoteltipps entdecken<\/a><\/div>\n<\/div>\n\n\n\n<div style=\"height:25px\" aria-hidden=\"true\" class=\"wp-block-spacer\"><\/div>\n\n\n\n<p>Etwa 10 km s\u00fcdlich von Beja und rund 45 Autominuten n\u00f6rdlich von der Algarve-K\u00fcste entfernt, biegt man von der Hauptstra\u00dfe ab Richtung Santa Vit\u00f3ria. Auf dem gleichlautenden gro\u00dfen Landgut liegt die von Wein- und Olivenanbau eingebettete Hotelanlage <a href=\"https:\/\/rms.olimar.de\/code\/fao055\" rel=\"noopener\">Vila Gale Clube do Campo<\/a> im modernen Landhausstil. Ein toller Ort zum Verweilen! Es erwarten uns 81 Zimmer, ein gro\u00dfer Pool zur Erfrischung, ein Spa mit Massage-Anwendungen, ein Aktivangebot auch f\u00fcr Kinder und ein gutes Restaurant. Und wer tats\u00e4chlich Verbindung zur Au\u00dfenwelt sucht \u2013 nat\u00fcrlich gibt es modernes Internet. Das Home Office kann also direkt mitgenommen werden, wenn man denn will.\u00a0<\/p>\n\n\n\n<div class=\"wp-block-jetpack-tiled-gallery aligncenter is-style-rectangular\"><div class=\"tiled-gallery__gallery\"><div class=\"tiled-gallery__row\"><div class=\"tiled-gallery__col\" style=\"flex-basis:72.51071081662388%\"><figure class=\"tiled-gallery__item\"><img decoding=\"async\" alt=\"\" data-height=\"600\" data-id=\"15973\" data-link=\"https:\/\/blog.olimar.de\/?attachment_id=15973\" data-url=\"https:\/\/blog.olimar.de\/wp-content\/uploads\/2021\/03\/VG-Clube-de-Campo-Atividades-Charrete-3_Baixa_zugeschnitten.jpg\" data-width=\"900\" src=\"https:\/\/i2.wp.com\/blog.olimar.de\/wp-content\/uploads\/2021\/03\/VG-Clube-de-Campo-Atividades-Charrete-3_Baixa_zugeschnitten.jpg?ssl=1\" layout=\"responsive\"\/><\/figure><\/div><div class=\"tiled-gallery__col\" style=\"flex-basis:27.48928918337611%\"><figure class=\"tiled-gallery__item\"><img decoding=\"async\" alt=\"\" data-height=\"900\" data-id=\"15974\" data-link=\"https:\/\/blog.olimar.de\/?attachment_id=15974\" data-url=\"https:\/\/blog.olimar.de\/wp-content\/uploads\/2021\/03\/VG-Clube-de-Campo-Atividades-Animais-4_Baixa_zugeschnitten.jpg\" data-width=\"1200\" src=\"https:\/\/i1.wp.com\/blog.olimar.de\/wp-content\/uploads\/2021\/03\/VG-Clube-de-Campo-Atividades-Animais-4_Baixa_zugeschnitten.jpg?ssl=1\" layout=\"responsive\"\/><\/figure><figure class=\"tiled-gallery__item\"><img decoding=\"async\" alt=\"\" data-height=\"900\" data-id=\"15975\" data-link=\"https:\/\/blog.olimar.de\/?attachment_id=15975\" data-url=\"https:\/\/blog.olimar.de\/wp-content\/uploads\/2021\/03\/VG-Clube-de-Campo-Exteriores-6_Baixa_zugeschnitten.jpg\" data-width=\"900\" src=\"https:\/\/i1.wp.com\/blog.olimar.de\/wp-content\/uploads\/2021\/03\/VG-Clube-de-Campo-Exteriores-6_Baixa_zugeschnitten.jpg?ssl=1\" layout=\"responsive\"\/><\/figure><\/div><\/div><\/div><\/div>\n\n\n\n<p>Nach den Gaumenfreuden aus der frischen, typischen und sehr kreativen Alentejo-K\u00fcche, lassen wir den Abend zum Sonnenuntergang auf der Terrasse mit Blick \u00fcber die Felder bei einem guten Glas Wein der hauseigenen Produktion ausklingen. Ein Besuch an diesem Ort der Ruhe kann ich nur zwingend empfehlen: in Kombination flexibel mit einer St\u00e4dte-Tour (<a href=\"https:\/\/www.olimar.de\/blog\/tag\/lissabon\/\" rel=\"noopener\">Lissabon<\/a> in zwei Autostunden entfernt), in Verbindung mit Urlaub an den sch\u00f6nen Str\u00e4nden der Algarve oder als individuelle Mietwagen-Rundreise. Und zu guter Letzt sind die tollen Weine und das Oliven\u00f6l von Santa Vit\u00f3ria jetzt im Portugal-Shop unseres Partners <a href=\"https:\/\/portugalorganics.de\/\" rel=\"noopener\">Portugal Organics<\/a> bestellbar. So holen Sie sich ein St\u00fcck <a href=\"https:\/\/www.olimar.de\/portugal\/alentejo\/\" rel=\"noopener\">Alentejo<\/a> nach Hause!<\/p>\n\n\n\n<div class=\"wp-block-jetpack-tiled-gallery aligncenter is-style-rectangular\"><div class=\"tiled-gallery__gallery\"><div class=\"tiled-gallery__row\"><div class=\"tiled-gallery__col\" style=\"flex-basis:100%\"><figure class=\"tiled-gallery__item\"><img decoding=\"async\" alt=\"\" data-height=\"1005\" data-id=\"15977\" data-link=\"https:\/\/blog.olimar.de\/vila-gale-clube-do-campo\/vg-clube-de-campo-exteriores-18_baixa\/\" data-url=\"https:\/\/blog.olimar.de\/wp-content\/uploads\/2021\/03\/VG-Clube-de-Campo-Exteriores-18_Baixa.jpg\" data-width=\"1500\" src=\"https:\/\/i1.wp.com\/blog.olimar.de\/wp-content\/uploads\/2021\/03\/VG-Clube-de-Campo-Exteriores-18_Baixa.jpg?ssl=1\" layout=\"responsive\"\/><\/figure><\/div><\/div><\/div><\/div>\n\n\n\n<div class=\"wp-block-jetpack-tiled-gallery aligncenter is-style-rectangular\"><div class=\"tiled-gallery__gallery\"><div class=\"tiled-gallery__row\"><div class=\"tiled-gallery__col\" style=\"flex-basis:75.04742422458855%\"><figure class=\"tiled-gallery__item\"><img decoding=\"async\" alt=\"\" data-height=\"1001\" data-id=\"15988\" data-link=\"https:\/\/blog.olimar.de\/vila-gale-clube-do-campo\/vg-clube-de-campo-exteriores-3_baixa\/\" data-url=\"https:\/\/blog.olimar.de\/wp-content\/uploads\/2021\/03\/VG-Clube-de-Campo-Exteriores-3_Baixa.jpg\" data-width=\"1500\" src=\"https:\/\/i1.wp.com\/blog.olimar.de\/wp-content\/uploads\/2021\/03\/VG-Clube-de-Campo-Exteriores-3_Baixa.jpg?ssl=1\" layout=\"responsive\"\/><\/figure><\/div><div class=\"tiled-gallery__col\" style=\"flex-basis:24.95257577541143%\"><figure class=\"tiled-gallery__item\"><img decoding=\"async\" alt=\"\" data-height=\"900\" data-id=\"15979\" data-link=\"https:\/\/blog.olimar.de\/vila-gale-clube-do-campo\/vg-clube-de-campo-atividades-vinhas-1_baixa_zugeschnitten\/\" data-url=\"https:\/\/blog.olimar.de\/wp-content\/uploads\/2021\/03\/VG-Clube-de-Campo-Atividades-Vinhas-1_Baixa_zugeschnitten.jpg\" data-width=\"900\" src=\"https:\/\/i0.wp.com\/blog.olimar.de\/wp-content\/uploads\/2021\/03\/VG-Clube-de-Campo-Atividades-Vinhas-1_Baixa_zugeschnitten.jpg?ssl=1\" layout=\"responsive\"\/><\/figure><figure class=\"tiled-gallery__item\"><img decoding=\"async\" alt=\"\" data-height=\"900\" data-id=\"15980\" data-link=\"https:\/\/blog.olimar.de\/vila-gale-clube-do-campo\/vg-clube-de-campo-santa-vitoria-adega-8_baixa_zugeschnitten\/\" data-url=\"https:\/\/blog.olimar.de\/wp-content\/uploads\/2021\/03\/VG-Clube-de-Campo-Santa-Vitoria-Adega-8_Baixa_zugeschnitten.jpg\" data-width=\"900\" src=\"https:\/\/i2.wp.com\/blog.olimar.de\/wp-content\/uploads\/2021\/03\/VG-Clube-de-Campo-Santa-Vitoria-Adega-8_Baixa_zugeschnitten.jpg?ssl=1\" layout=\"responsive\"\/><\/figure><\/div><\/div><\/div><\/div>\n\n\n\n<div style=\"height:50px\" aria-hidden=\"true\" class=\"wp-block-spacer\"><\/div>\n\n\n\n<div class=\"wp-block-buttons is-layout-flex wp-block-buttons-is-layout-flex\">\n<div class=\"wp-block-button\"><a class=\"wp-block-button__link wp-element-button\" href=\"https:\/\/www.olimar.de\/hotellistung\/\">Jetzt Urlaubsangebote finden und buchen<\/a><\/div>\n<\/div>\n\n\n\n<div style=\"height:100px\" aria-hidden=\"true\" class=\"wp-block-spacer\"><\/div>\n","protected":false},"excerpt":{"rendered":"<p>Schon die Fahrt durch die unglaublichen Weiten des Alentejo sorgt f\u00fcr innere Ruhe. Eine h\u00fcgelige Landschaft, ab und zu freilaufendes Vieh auf den Weiden, ein paar wenige urige D\u00f6rfer, daf\u00fcr unendlich viele Korkeichen, Olivenb\u00e4ume und Weinreben. Und ein warmer, angenehmer Wind \u2013 es riecht leicht nach Kr\u00e4utern und Zistrosen. So stellt man sich Slow-Travel vor.\u00a0 Etwa 10 km s\u00fcdlich von Beja und rund 45 Autominuten n\u00f6rdlich von der Algarve-K\u00fcste entfernt, biegt man von der Hauptstra\u00dfe ab Richtung Santa Vit\u00f3ria. Auf dem gleichlautenden gro\u00dfen Landgut liegt die von Wein- und Olivenanbau eingebettete Hotelanlage Vila Gale Clube do Campo im modernen Landhausstil. Ein &hellip;<\/p>\n","protected":false},"author":32,"featured_media":15967,"comment_status":"open","ping_status":"open","sticky":false,"template":"","format":"standard","meta":{"_crdt_document":"","_lmt_disableupdate":"","_lmt_disable":"","footnotes":""},"categories":[32],"tags":[22,34,20],"class_list":["post-15964","post","type-post","status-publish","format-standard","has-post-thumbnail","hentry","category-hoteltipps","tag-alentejo","tag-portugal","tag-slider"],"yoast_head":"<!-- This site is optimized with the Yoast SEO plugin v26.9 - https:\/\/yoast.com\/product\/yoast-seo-wordpress\/ -->\n<title>Vila Gal\u00e9 Clube do Campo nahe Beja, Alentejo -<\/title>\n<meta name=\"description\" content=\"Das Hotel Vila Gal\u00e9 Clube do Campo liegt im Herzen des Alentejo. Korkeichen und endlose Weiten bieten beste Bedingungen f\u00fcr Slow-Travel.\" \/>\n<meta name=\"robots\" content=\"index, follow, max-snippet:-1, max-image-preview:large, max-video-preview:-1\" \/>\n<link rel=\"canonical\" href=\"https:\/\/blog.olimar.de\/vila-gale-clube-do-campo\/\" \/>\n<meta property=\"og:locale\" content=\"de_DE\" \/>\n<meta property=\"og:type\" content=\"article\" \/>\n<meta property=\"og:title\" content=\"Vila Gal\u00e9 Clube do Campo nahe Beja, Alentejo -\" \/>\n<meta property=\"og:description\" content=\"Das Hotel Vila Gal\u00e9 Clube do Campo liegt im Herzen des Alentejo. Korkeichen und endlose Weiten bieten beste Bedingungen f\u00fcr Slow-Travel.\" \/>\n<meta property=\"og:url\" content=\"https:\/\/blog.olimar.de\/vila-gale-clube-do-campo\/\" \/>\n<meta property=\"article:publisher\" content=\"https:\/\/www.facebook.com\/OlimarReisen\" \/>\n<meta property=\"article:published_time\" content=\"2021-03-11T15:51:49+00:00\" \/>\n<meta property=\"article:modified_time\" content=\"2023-01-02T18:41:26+00:00\" \/>\n<meta property=\"og:image\" content=\"https:\/\/blog.olimar.de\/wp-content\/uploads\/2021\/03\/VG-Clube-de-Campo-Aerea-1_Baixa.jpg\" \/>\n\t<meta property=\"og:image:width\" content=\"1500\" \/>\n\t<meta property=\"og:image:height\" content=\"999\" \/>\n\t<meta property=\"og:image:type\" content=\"image\/jpeg\" \/>\n<meta name=\"author\" content=\"Markus Zahn\" \/>\n<meta name=\"twitter:label1\" content=\"Verfasst von\" \/>\n\t<meta name=\"twitter:data1\" content=\"Markus Zahn\" \/>\n\t<meta name=\"twitter:label2\" content=\"Gesch\u00e4tzte Lesezeit\" \/>\n\t<meta name=\"twitter:data2\" content=\"3\u00a0Minuten\" \/>\n<script type=\"application\/ld+json\" class=\"yoast-schema-graph\">{\"@context\":\"https:\/\/schema.org\",\"@graph\":[{\"@type\":\"WebPage\",\"@id\":\"https:\/\/blog.olimar.de\/vila-gale-clube-do-campo\/\",\"url\":\"https:\/\/blog.olimar.de\/vila-gale-clube-do-campo\/\",\"name\":\"Vila Gal\u00e9 Clube do Campo nahe Beja, Alentejo -\",\"isPartOf\":{\"@id\":\"https:\/\/blog.olimar.de\/#website\"},\"primaryImageOfPage\":{\"@id\":\"https:\/\/blog.olimar.de\/vila-gale-clube-do-campo\/#primaryimage\"},\"image\":{\"@id\":\"https:\/\/blog.olimar.de\/vila-gale-clube-do-campo\/#primaryimage\"},\"thumbnailUrl\":\"https:\/\/blog.olimar.de\/wp-content\/uploads\/2021\/03\/VG-Clube-de-Campo-Aerea-1_Baixa.jpg\",\"datePublished\":\"2021-03-11T15:51:49+00:00\",\"dateModified\":\"2023-01-02T18:41:26+00:00\",\"description\":\"Das Hotel Vila Gal\u00e9 Clube do Campo liegt im Herzen des Alentejo. Korkeichen und endlose Weiten bieten beste Bedingungen f\u00fcr Slow-Travel.\",\"breadcrumb\":{\"@id\":\"https:\/\/blog.olimar.de\/vila-gale-clube-do-campo\/#breadcrumb\"},\"inLanguage\":\"de\",\"potentialAction\":[{\"@type\":\"ReadAction\",\"target\":[\"https:\/\/blog.olimar.de\/vila-gale-clube-do-campo\/\"]}]},{\"@type\":\"ImageObject\",\"inLanguage\":\"de\",\"@id\":\"https:\/\/blog.olimar.de\/vila-gale-clube-do-campo\/#primaryimage\",\"url\":\"https:\/\/blog.olimar.de\/wp-content\/uploads\/2021\/03\/VG-Clube-de-Campo-Aerea-1_Baixa.jpg\",\"contentUrl\":\"https:\/\/blog.olimar.de\/wp-content\/uploads\/2021\/03\/VG-Clube-de-Campo-Aerea-1_Baixa.jpg\",\"width\":1500,\"height\":999,\"caption\":\"Alentejo Clube de Campo Areal\"},{\"@type\":\"BreadcrumbList\",\"@id\":\"https:\/\/blog.olimar.de\/vila-gale-clube-do-campo\/#breadcrumb\",\"itemListElement\":[{\"@type\":\"ListItem\",\"position\":1,\"name\":\"Home\",\"item\":\"https:\/\/blog.olimar.de\/\"},{\"@type\":\"ListItem\",\"position\":2,\"name\":\"Alentejo\",\"item\":\"https:\/\/blog.olimar.de\/tag\/alentejo\/\"},{\"@type\":\"ListItem\",\"position\":3,\"name\":\"Vila Gal\u00e9 Clube do Campo nahe Beja, Alentejo\"}]},{\"@type\":\"WebSite\",\"@id\":\"https:\/\/blog.olimar.de\/#website\",\"url\":\"https:\/\/blog.olimar.de\/\",\"name\":\"OLIMAR.com\",\"description\":\"\",\"publisher\":{\"@id\":\"https:\/\/blog.olimar.de\/#organization\"},\"potentialAction\":[{\"@type\":\"SearchAction\",\"target\":{\"@type\":\"EntryPoint\",\"urlTemplate\":\"https:\/\/blog.olimar.de\/?s={search_term_string}\"},\"query-input\":{\"@type\":\"PropertyValueSpecification\",\"valueRequired\":true,\"valueName\":\"search_term_string\"}}],\"inLanguage\":\"de\"},{\"@type\":\"Organization\",\"@id\":\"https:\/\/blog.olimar.de\/#organization\",\"name\":\"OLIMAR Reisen\",\"url\":\"https:\/\/blog.olimar.de\/\",\"logo\":{\"@type\":\"ImageObject\",\"inLanguage\":\"de\",\"@id\":\"https:\/\/blog.olimar.de\/#\/schema\/logo\/image\/\",\"url\":\"https:\/\/blog.olimar.de\/wp-content\/uploads\/2021\/01\/OLIMAR_Logo_COLOR.png\",\"contentUrl\":\"https:\/\/blog.olimar.de\/wp-content\/uploads\/2021\/01\/OLIMAR_Logo_COLOR.png\",\"width\":2000,\"height\":986,\"caption\":\"OLIMAR Reisen\"},\"image\":{\"@id\":\"https:\/\/blog.olimar.de\/#\/schema\/logo\/image\/\"},\"sameAs\":[\"https:\/\/www.facebook.com\/OlimarReisen\",\"https:\/\/x.com\/olimarrreisen\",\"https:\/\/www.instagram.com\/olimarreisen\",\"https:\/\/www.youtube.com\/user\/olimarreisen\"]}]}<\/script>\n<!-- \/ Yoast SEO plugin. -->","yoast_head_json":{"title":"Vila Gal\u00e9 Clube do Campo nahe Beja, Alentejo -","description":"Das Hotel Vila Gal\u00e9 Clube do Campo liegt im Herzen des Alentejo. Korkeichen und endlose Weiten bieten beste Bedingungen f\u00fcr Slow-Travel.","robots":{"index":"index","follow":"follow","max-snippet":"max-snippet:-1","max-image-preview":"max-image-preview:large","max-video-preview":"max-video-preview:-1"},"canonical":"https:\/\/blog.olimar.de\/vila-gale-clube-do-campo\/","og_locale":"de_DE","og_type":"article","og_title":"Vila Gal\u00e9 Clube do Campo nahe Beja, Alentejo -","og_description":"Das Hotel Vila Gal\u00e9 Clube do Campo liegt im Herzen des Alentejo. Korkeichen und endlose Weiten bieten beste Bedingungen f\u00fcr Slow-Travel.","og_url":"https:\/\/blog.olimar.de\/vila-gale-clube-do-campo\/","article_publisher":"https:\/\/www.facebook.com\/OlimarReisen","article_published_time":"2021-03-11T15:51:49+00:00","article_modified_time":"2023-01-02T18:41:26+00:00","og_image":[{"width":1500,"height":999,"url":"https:\/\/blog.olimar.de\/wp-content\/uploads\/2021\/03\/VG-Clube-de-Campo-Aerea-1_Baixa.jpg","type":"image\/jpeg"}],"author":"Markus Zahn","twitter_misc":{"Verfasst von":"Markus Zahn","Gesch\u00e4tzte Lesezeit":"3\u00a0Minuten"},"schema":{"@context":"https:\/\/schema.org","@graph":[{"@type":"WebPage","@id":"https:\/\/blog.olimar.de\/vila-gale-clube-do-campo\/","url":"https:\/\/blog.olimar.de\/vila-gale-clube-do-campo\/","name":"Vila Gal\u00e9 Clube do Campo nahe Beja, Alentejo -","isPartOf":{"@id":"https:\/\/blog.olimar.de\/#website"},"primaryImageOfPage":{"@id":"https:\/\/blog.olimar.de\/vila-gale-clube-do-campo\/#primaryimage"},"image":{"@id":"https:\/\/blog.olimar.de\/vila-gale-clube-do-campo\/#primaryimage"},"thumbnailUrl":"https:\/\/blog.olimar.de\/wp-content\/uploads\/2021\/03\/VG-Clube-de-Campo-Aerea-1_Baixa.jpg","datePublished":"2021-03-11T15:51:49+00:00","dateModified":"2023-01-02T18:41:26+00:00","description":"Das Hotel Vila Gal\u00e9 Clube do Campo liegt im Herzen des Alentejo. Korkeichen und endlose Weiten bieten beste Bedingungen f\u00fcr Slow-Travel.","breadcrumb":{"@id":"https:\/\/blog.olimar.de\/vila-gale-clube-do-campo\/#breadcrumb"},"inLanguage":"de","potentialAction":[{"@type":"ReadAction","target":["https:\/\/blog.olimar.de\/vila-gale-clube-do-campo\/"]}]},{"@type":"ImageObject","inLanguage":"de","@id":"https:\/\/blog.olimar.de\/vila-gale-clube-do-campo\/#primaryimage","url":"https:\/\/blog.olimar.de\/wp-content\/uploads\/2021\/03\/VG-Clube-de-Campo-Aerea-1_Baixa.jpg","contentUrl":"https:\/\/blog.olimar.de\/wp-content\/uploads\/2021\/03\/VG-Clube-de-Campo-Aerea-1_Baixa.jpg","width":1500,"height":999,"caption":"Alentejo Clube de Campo Areal"},{"@type":"BreadcrumbList","@id":"https:\/\/blog.olimar.de\/vila-gale-clube-do-campo\/#breadcrumb","itemListElement":[{"@type":"ListItem","position":1,"name":"Home","item":"https:\/\/blog.olimar.de\/"},{"@type":"ListItem","position":2,"name":"Alentejo","item":"https:\/\/blog.olimar.de\/tag\/alentejo\/"},{"@type":"ListItem","position":3,"name":"Vila Gal\u00e9 Clube do Campo nahe Beja, Alentejo"}]},{"@type":"WebSite","@id":"https:\/\/blog.olimar.de\/#website","url":"https:\/\/blog.olimar.de\/","name":"OLIMAR.com","description":"","publisher":{"@id":"https:\/\/blog.olimar.de\/#organization"},"potentialAction":[{"@type":"SearchAction","target":{"@type":"EntryPoint","urlTemplate":"https:\/\/blog.olimar.de\/?s={search_term_string}"},"query-input":{"@type":"PropertyValueSpecification","valueRequired":true,"valueName":"search_term_string"}}],"inLanguage":"de"},{"@type":"Organization","@id":"https:\/\/blog.olimar.de\/#organization","name":"OLIMAR Reisen","url":"https:\/\/blog.olimar.de\/","logo":{"@type":"ImageObject","inLanguage":"de","@id":"https:\/\/blog.olimar.de\/#\/schema\/logo\/image\/","url":"https:\/\/blog.olimar.de\/wp-content\/uploads\/2021\/01\/OLIMAR_Logo_COLOR.png","contentUrl":"https:\/\/blog.olimar.de\/wp-content\/uploads\/2021\/01\/OLIMAR_Logo_COLOR.png","width":2000,"height":986,"caption":"OLIMAR Reisen"},"image":{"@id":"https:\/\/blog.olimar.de\/#\/schema\/logo\/image\/"},"sameAs":["https:\/\/www.facebook.com\/OlimarReisen","https:\/\/x.com\/olimarrreisen","https:\/\/www.instagram.com\/olimarreisen","https:\/\/www.youtube.com\/user\/olimarreisen"]}]}},"modified_by":"Lena Radermacher","jetpack_featured_media_url":"https:\/\/blog.olimar.de\/wp-content\/uploads\/2021\/03\/VG-Clube-de-Campo-Aerea-1_Baixa.jpg","_links":{"self":[{"href":"https:\/\/blog.olimar.de\/wp-json\/wp\/v2\/posts\/15964","targetHints":{"allow":["GET"]}}],"collection":[{"href":"https:\/\/blog.olimar.de\/wp-json\/wp\/v2\/posts"}],"about":[{"href":"https:\/\/blog.olimar.de\/wp-json\/wp\/v2\/types\/post"}],"author":[{"embeddable":true,"href":"https:\/\/blog.olimar.de\/wp-json\/wp\/v2\/users\/32"}],"replies":[{"embeddable":true,"href":"https:\/\/blog.olimar.de\/wp-json\/wp\/v2\/comments?post=15964"}],"version-history":[{"count":13,"href":"https:\/\/blog.olimar.de\/wp-json\/wp\/v2\/posts\/15964\/revisions"}],"predecessor-version":[{"id":23346,"href":"https:\/\/blog.olimar.de\/wp-json\/wp\/v2\/posts\/15964\/revisions\/23346"}],"wp:featuredmedia":[{"embeddable":true,"href":"https:\/\/blog.olimar.de\/wp-json\/wp\/v2\/media\/15967"}],"wp:attachment":[{"href":"https:\/\/blog.olimar.de\/wp-json\/wp\/v2\/media?parent=15964"}],"wp:term":[{"taxonomy":"category","embeddable":true,"href":"https:\/\/blog.olimar.de\/wp-json\/wp\/v2\/categories?post=15964"},{"taxonomy":"post_tag","embeddable":true,"href":"https:\/\/blog.olimar.de\/wp-json\/wp\/v2\/tags?post=15964"}],"curies":[{"name":"wp","href":"https:\/\/api.w.org\/{rel}","templated":true}]}}