{"id":15992,"date":"2021-03-15T14:42:41","date_gmt":"2021-03-15T13:42:41","guid":{"rendered":"https:\/\/blog.olimar.de\/?p=15992"},"modified":"2024-03-04T12:45:27","modified_gmt":"2024-03-04T11:45:27","slug":"fruehjahrserwachen-mallorca","status":"publish","type":"post","link":"https:\/\/blog.olimar.de\/fruehjahrserwachen-mallorca\/","title":{"rendered":"Fr\u00fchjahr auf Mallorca: Urlaub jetzt problemlos buchen"},"content":{"rendered":"\n<p><strong>Seit dem 14.3. ist Mallorca kein Risikogebiet mehr. F\u00fcr Reiser\u00fcckkehrer nach Deutschland gilt keine Pflicht zur Quarant\u00e4ne. Wir haben Ihnen hier alle wichtigen Informationen rund um einen Urlaub auf der Insel zusammengefasst.<\/strong><\/p>\n\n\n\n<p>Voraussetzung f\u00fcr eine Einreise nach <a href=\"https:\/\/www.olimar.de\/spanien\/balearen\/mallorca\/\" target=\"_blank\" rel=\"noopener\">Mallorca<\/a> ist ein negatives PCR-Testergebnis f\u00fcr Reisende ab 6 Jahren, das nicht \u00e4lter als 72 Stunden sein darf. Auf dem Testergebnis muss die Pass- oder Ausweisnummer des Dokuments vermerkt sein, mit dem die Reise angetreten wird. Das Testergebnis muss beim Check-in am Flughafen vorgelegt werden. Zus\u00e4tzlich ist vor dem Flug online ein Formular auszuf\u00fcllen: <a href=\"https:\/\/www.spth.gob.es\/\" target=\"_blank\" rel=\"noopener\">https:\/\/www.spth.gob.es\/<\/a><\/p>\n\n\n\n<p>Um die positive Entwicklung auf Mallorca und die seit Wochen niedrigen Inzidenzwerte nicht zu gef\u00e4hrden, gelten auch \u00fcber die Osterferien weiterhin Regeln und Beschr\u00e4nkungen. Zu den wichtigsten geh\u00f6ren:<\/p>\n<ul>\n<li><strong>Restaurants, Caf\u00e9s und Bars<\/strong> haben au\u00dfen ge\u00f6ffnet, m\u00fcssen aber um 17 Uhr schlie\u00dfen. Ausgenommen von diesen Regelungen sind Hotelrestaurants, die f\u00fcr Abendessen bis 22 Uhr ge\u00f6ffnet sind.<\/li>\n<li>In <strong>Hotels<\/strong> sind die Gemeinschaftsr\u00e4ume im Inneren inklusive Spabereiche und Jacuzzis geschlossen. Die gemeinschaftlichen Au\u00dfenbereiche d\u00fcrfen bis 17 Uhr genutzt werden.<\/li>\n<li><strong>Gesch\u00e4fte<\/strong> sind ge\u00f6ffnet, es gelten jedoch Beschr\u00e4nkungen, was die Anzahl der Kunden betrifft.<\/li>\n<li>Es gibt eine <strong>generelle Maskenpflicht<\/strong>, die auch im Freien einzuhalten ist.<\/li>\n<li>Au\u00dferdem gilt eine generelle <strong>n\u00e4chtliche Ausgangssperre<\/strong> von 22 Uhr bis 6 Uhr. Diskotheken sind geschlossen.<\/li>\n<\/ul>\n\n\n\n\n\n<p>Wenn Sie kurzfristig eine Reise nach Mallorca planen, entdecken Sie unsere vielf\u00e4ltigen Angebote auf unserer <a href=\"https:\/\/www.olimar.de\/spanien\/balearen\/mallorca\/\" target=\"_blank\" rel=\"noopener\">Website<\/a>.<\/p>\n\n\n","protected":false},"excerpt":{"rendered":"<p>Wir haben Ihnen hier alle wichtigen Informationen rund um einen Urlaub auf der Balearen-Insel zusammengefasst. <\/p>\n","protected":false},"author":80,"featured_media":15994,"comment_status":"open","ping_status":"open","sticky":false,"template":"","format":"standard","meta":{"_crdt_document":"","_lmt_disableupdate":"","_lmt_disable":"","footnotes":""},"categories":[1,195],"tags":[26,62],"class_list":["post-15992","post","type-post","status-publish","format-standard","has-post-thumbnail","hentry","category-allgemein","category-reisenews","tag-mallorca","tag-spanien"],"yoast_head":"<!-- This site is optimized with the Yoast SEO plugin v26.9 - https:\/\/yoast.com\/product\/yoast-seo-wordpress\/ -->\n<title>Fr\u00fchjahr auf Mallorca: Urlaub jetzt problemlos buchen -<\/title>\n<meta name=\"description\" content=\"Seit dem 14.3. ist Mallorca kein Risikogebiet mehr. Wir haben Ihnen alle wichtigen Informationen rund um einen Urlaub zusammengefasst.\" \/>\n<meta name=\"robots\" content=\"index, follow, max-snippet:-1, max-image-preview:large, max-video-preview:-1\" \/>\n<link rel=\"canonical\" href=\"https:\/\/blog.olimar.de\/fruehjahrserwachen-mallorca\/\" \/>\n<meta property=\"og:locale\" content=\"de_DE\" \/>\n<meta property=\"og:type\" content=\"article\" \/>\n<meta property=\"og:title\" content=\"Fr\u00fchjahr auf Mallorca: Urlaub jetzt problemlos buchen -\" \/>\n<meta property=\"og:description\" content=\"Seit dem 14.3. ist Mallorca kein Risikogebiet mehr. Wir haben Ihnen alle wichtigen Informationen rund um einen Urlaub zusammengefasst.\" \/>\n<meta property=\"og:url\" content=\"https:\/\/blog.olimar.de\/fruehjahrserwachen-mallorca\/\" \/>\n<meta property=\"article:publisher\" content=\"https:\/\/www.facebook.com\/OlimarReisen\" \/>\n<meta property=\"article:published_time\" content=\"2021-03-15T13:42:41+00:00\" \/>\n<meta property=\"article:modified_time\" content=\"2024-03-04T11:45:27+00:00\" \/>\n<meta property=\"og:image\" content=\"https:\/\/blog.olimar.de\/wp-content\/uploads\/2021\/03\/ES-Mallorca-Deia2013-c-KPI.jpg\" \/>\n\t<meta property=\"og:image:width\" content=\"1440\" \/>\n\t<meta property=\"og:image:height\" content=\"1080\" \/>\n\t<meta property=\"og:image:type\" content=\"image\/jpeg\" \/>\n<meta name=\"author\" content=\"Oliver Sdrojek\" \/>\n<meta name=\"twitter:label1\" content=\"Verfasst von\" \/>\n\t<meta name=\"twitter:data1\" content=\"Oliver Sdrojek\" \/>\n\t<meta name=\"twitter:label2\" content=\"Gesch\u00e4tzte Lesezeit\" \/>\n\t<meta name=\"twitter:data2\" content=\"2\u00a0Minuten\" \/>\n<script type=\"application\/ld+json\" class=\"yoast-schema-graph\">{\"@context\":\"https:\/\/schema.org\",\"@graph\":[{\"@type\":\"WebPage\",\"@id\":\"https:\/\/blog.olimar.de\/fruehjahrserwachen-mallorca\/\",\"url\":\"https:\/\/blog.olimar.de\/fruehjahrserwachen-mallorca\/\",\"name\":\"Fr\u00fchjahr auf Mallorca: Urlaub jetzt problemlos buchen -\",\"isPartOf\":{\"@id\":\"https:\/\/blog.olimar.de\/#website\"},\"primaryImageOfPage\":{\"@id\":\"https:\/\/blog.olimar.de\/fruehjahrserwachen-mallorca\/#primaryimage\"},\"image\":{\"@id\":\"https:\/\/blog.olimar.de\/fruehjahrserwachen-mallorca\/#primaryimage\"},\"thumbnailUrl\":\"https:\/\/blog.olimar.de\/wp-content\/uploads\/2021\/03\/ES-Mallorca-Deia2013-c-KPI.jpg\",\"datePublished\":\"2021-03-15T13:42:41+00:00\",\"dateModified\":\"2024-03-04T11:45:27+00:00\",\"description\":\"Seit dem 14.3. ist Mallorca kein Risikogebiet mehr. Wir haben Ihnen alle wichtigen Informationen rund um einen Urlaub zusammengefasst.\",\"breadcrumb\":{\"@id\":\"https:\/\/blog.olimar.de\/fruehjahrserwachen-mallorca\/#breadcrumb\"},\"inLanguage\":\"de\",\"potentialAction\":[{\"@type\":\"ReadAction\",\"target\":[\"https:\/\/blog.olimar.de\/fruehjahrserwachen-mallorca\/\"]}]},{\"@type\":\"ImageObject\",\"inLanguage\":\"de\",\"@id\":\"https:\/\/blog.olimar.de\/fruehjahrserwachen-mallorca\/#primaryimage\",\"url\":\"https:\/\/blog.olimar.de\/wp-content\/uploads\/2021\/03\/ES-Mallorca-Deia2013-c-KPI.jpg\",\"contentUrl\":\"https:\/\/blog.olimar.de\/wp-content\/uploads\/2021\/03\/ES-Mallorca-Deia2013-c-KPI.jpg\",\"width\":1440,\"height\":1080,\"caption\":\"Mallorca Deia Aussicht\"},{\"@type\":\"BreadcrumbList\",\"@id\":\"https:\/\/blog.olimar.de\/fruehjahrserwachen-mallorca\/#breadcrumb\",\"itemListElement\":[{\"@type\":\"ListItem\",\"position\":1,\"name\":\"Home\",\"item\":\"https:\/\/blog.olimar.de\/\"},{\"@type\":\"ListItem\",\"position\":2,\"name\":\"Mallorca\",\"item\":\"https:\/\/blog.olimar.de\/tag\/mallorca\/\"},{\"@type\":\"ListItem\",\"position\":3,\"name\":\"Fr\u00fchjahr auf Mallorca: Urlaub jetzt problemlos buchen\"}]},{\"@type\":\"WebSite\",\"@id\":\"https:\/\/blog.olimar.de\/#website\",\"url\":\"https:\/\/blog.olimar.de\/\",\"name\":\"OLIMAR.com\",\"description\":\"\",\"publisher\":{\"@id\":\"https:\/\/blog.olimar.de\/#organization\"},\"potentialAction\":[{\"@type\":\"SearchAction\",\"target\":{\"@type\":\"EntryPoint\",\"urlTemplate\":\"https:\/\/blog.olimar.de\/?s={search_term_string}\"},\"query-input\":{\"@type\":\"PropertyValueSpecification\",\"valueRequired\":true,\"valueName\":\"search_term_string\"}}],\"inLanguage\":\"de\"},{\"@type\":\"Organization\",\"@id\":\"https:\/\/blog.olimar.de\/#organization\",\"name\":\"OLIMAR Reisen\",\"url\":\"https:\/\/blog.olimar.de\/\",\"logo\":{\"@type\":\"ImageObject\",\"inLanguage\":\"de\",\"@id\":\"https:\/\/blog.olimar.de\/#\/schema\/logo\/image\/\",\"url\":\"https:\/\/blog.olimar.de\/wp-content\/uploads\/2021\/01\/OLIMAR_Logo_COLOR.png\",\"contentUrl\":\"https:\/\/blog.olimar.de\/wp-content\/uploads\/2021\/01\/OLIMAR_Logo_COLOR.png\",\"width\":2000,\"height\":986,\"caption\":\"OLIMAR Reisen\"},\"image\":{\"@id\":\"https:\/\/blog.olimar.de\/#\/schema\/logo\/image\/\"},\"sameAs\":[\"https:\/\/www.facebook.com\/OlimarReisen\",\"https:\/\/x.com\/olimarrreisen\",\"https:\/\/www.instagram.com\/olimarreisen\",\"https:\/\/www.youtube.com\/user\/olimarreisen\"]}]}<\/script>\n<!-- \/ Yoast SEO plugin. -->","yoast_head_json":{"title":"Fr\u00fchjahr auf Mallorca: Urlaub jetzt problemlos buchen -","description":"Seit dem 14.3. ist Mallorca kein Risikogebiet mehr. Wir haben Ihnen alle wichtigen Informationen rund um einen Urlaub zusammengefasst.","robots":{"index":"index","follow":"follow","max-snippet":"max-snippet:-1","max-image-preview":"max-image-preview:large","max-video-preview":"max-video-preview:-1"},"canonical":"https:\/\/blog.olimar.de\/fruehjahrserwachen-mallorca\/","og_locale":"de_DE","og_type":"article","og_title":"Fr\u00fchjahr auf Mallorca: Urlaub jetzt problemlos buchen -","og_description":"Seit dem 14.3. ist Mallorca kein Risikogebiet mehr. Wir haben Ihnen alle wichtigen Informationen rund um einen Urlaub zusammengefasst.","og_url":"https:\/\/blog.olimar.de\/fruehjahrserwachen-mallorca\/","article_publisher":"https:\/\/www.facebook.com\/OlimarReisen","article_published_time":"2021-03-15T13:42:41+00:00","article_modified_time":"2024-03-04T11:45:27+00:00","og_image":[{"width":1440,"height":1080,"url":"https:\/\/blog.olimar.de\/wp-content\/uploads\/2021\/03\/ES-Mallorca-Deia2013-c-KPI.jpg","type":"image\/jpeg"}],"author":"Oliver Sdrojek","twitter_misc":{"Verfasst von":"Oliver Sdrojek","Gesch\u00e4tzte Lesezeit":"2\u00a0Minuten"},"schema":{"@context":"https:\/\/schema.org","@graph":[{"@type":"WebPage","@id":"https:\/\/blog.olimar.de\/fruehjahrserwachen-mallorca\/","url":"https:\/\/blog.olimar.de\/fruehjahrserwachen-mallorca\/","name":"Fr\u00fchjahr auf Mallorca: Urlaub jetzt problemlos buchen -","isPartOf":{"@id":"https:\/\/blog.olimar.de\/#website"},"primaryImageOfPage":{"@id":"https:\/\/blog.olimar.de\/fruehjahrserwachen-mallorca\/#primaryimage"},"image":{"@id":"https:\/\/blog.olimar.de\/fruehjahrserwachen-mallorca\/#primaryimage"},"thumbnailUrl":"https:\/\/blog.olimar.de\/wp-content\/uploads\/2021\/03\/ES-Mallorca-Deia2013-c-KPI.jpg","datePublished":"2021-03-15T13:42:41+00:00","dateModified":"2024-03-04T11:45:27+00:00","description":"Seit dem 14.3. ist Mallorca kein Risikogebiet mehr. Wir haben Ihnen alle wichtigen Informationen rund um einen Urlaub zusammengefasst.","breadcrumb":{"@id":"https:\/\/blog.olimar.de\/fruehjahrserwachen-mallorca\/#breadcrumb"},"inLanguage":"de","potentialAction":[{"@type":"ReadAction","target":["https:\/\/blog.olimar.de\/fruehjahrserwachen-mallorca\/"]}]},{"@type":"ImageObject","inLanguage":"de","@id":"https:\/\/blog.olimar.de\/fruehjahrserwachen-mallorca\/#primaryimage","url":"https:\/\/blog.olimar.de\/wp-content\/uploads\/2021\/03\/ES-Mallorca-Deia2013-c-KPI.jpg","contentUrl":"https:\/\/blog.olimar.de\/wp-content\/uploads\/2021\/03\/ES-Mallorca-Deia2013-c-KPI.jpg","width":1440,"height":1080,"caption":"Mallorca Deia Aussicht"},{"@type":"BreadcrumbList","@id":"https:\/\/blog.olimar.de\/fruehjahrserwachen-mallorca\/#breadcrumb","itemListElement":[{"@type":"ListItem","position":1,"name":"Home","item":"https:\/\/blog.olimar.de\/"},{"@type":"ListItem","position":2,"name":"Mallorca","item":"https:\/\/blog.olimar.de\/tag\/mallorca\/"},{"@type":"ListItem","position":3,"name":"Fr\u00fchjahr auf Mallorca: Urlaub jetzt problemlos buchen"}]},{"@type":"WebSite","@id":"https:\/\/blog.olimar.de\/#website","url":"https:\/\/blog.olimar.de\/","name":"OLIMAR.com","description":"","publisher":{"@id":"https:\/\/blog.olimar.de\/#organization"},"potentialAction":[{"@type":"SearchAction","target":{"@type":"EntryPoint","urlTemplate":"https:\/\/blog.olimar.de\/?s={search_term_string}"},"query-input":{"@type":"PropertyValueSpecification","valueRequired":true,"valueName":"search_term_string"}}],"inLanguage":"de"},{"@type":"Organization","@id":"https:\/\/blog.olimar.de\/#organization","name":"OLIMAR Reisen","url":"https:\/\/blog.olimar.de\/","logo":{"@type":"ImageObject","inLanguage":"de","@id":"https:\/\/blog.olimar.de\/#\/schema\/logo\/image\/","url":"https:\/\/blog.olimar.de\/wp-content\/uploads\/2021\/01\/OLIMAR_Logo_COLOR.png","contentUrl":"https:\/\/blog.olimar.de\/wp-content\/uploads\/2021\/01\/OLIMAR_Logo_COLOR.png","width":2000,"height":986,"caption":"OLIMAR Reisen"},"image":{"@id":"https:\/\/blog.olimar.de\/#\/schema\/logo\/image\/"},"sameAs":["https:\/\/www.facebook.com\/OlimarReisen","https:\/\/x.com\/olimarrreisen","https:\/\/www.instagram.com\/olimarreisen","https:\/\/www.youtube.com\/user\/olimarreisen"]}]}},"modified_by":"Wiebke Fix","jetpack_featured_media_url":"https:\/\/blog.olimar.de\/wp-content\/uploads\/2021\/03\/ES-Mallorca-Deia2013-c-KPI.jpg","_links":{"self":[{"href":"https:\/\/blog.olimar.de\/wp-json\/wp\/v2\/posts\/15992","targetHints":{"allow":["GET"]}}],"collection":[{"href":"https:\/\/blog.olimar.de\/wp-json\/wp\/v2\/posts"}],"about":[{"href":"https:\/\/blog.olimar.de\/wp-json\/wp\/v2\/types\/post"}],"author":[{"embeddable":true,"href":"https:\/\/blog.olimar.de\/wp-json\/wp\/v2\/users\/80"}],"replies":[{"embeddable":true,"href":"https:\/\/blog.olimar.de\/wp-json\/wp\/v2\/comments?post=15992"}],"version-history":[{"count":7,"href":"https:\/\/blog.olimar.de\/wp-json\/wp\/v2\/posts\/15992\/revisions"}],"predecessor-version":[{"id":27463,"href":"https:\/\/blog.olimar.de\/wp-json\/wp\/v2\/posts\/15992\/revisions\/27463"}],"wp:featuredmedia":[{"embeddable":true,"href":"https:\/\/blog.olimar.de\/wp-json\/wp\/v2\/media\/15994"}],"wp:attachment":[{"href":"https:\/\/blog.olimar.de\/wp-json\/wp\/v2\/media?parent=15992"}],"wp:term":[{"taxonomy":"category","embeddable":true,"href":"https:\/\/blog.olimar.de\/wp-json\/wp\/v2\/categories?post=15992"},{"taxonomy":"post_tag","embeddable":true,"href":"https:\/\/blog.olimar.de\/wp-json\/wp\/v2\/tags?post=15992"}],"curies":[{"name":"wp","href":"https:\/\/api.w.org\/{rel}","templated":true}]}}