{"id":16009,"date":"2021-03-19T21:05:38","date_gmt":"2021-03-19T20:05:38","guid":{"rendered":"https:\/\/blog.olimar.de\/?p=16009"},"modified":"2024-11-25T10:41:03","modified_gmt":"2024-11-25T09:41:03","slug":"algarve-nach-corona-lockdown-aktuelle-zahlen-maerz21","status":"publish","type":"post","link":"https:\/\/blog.olimar.de\/algarve-nach-corona-lockdown-aktuelle-zahlen-maerz21\/","title":{"rendered":"Endlich wieder Strandurlaub"},"content":{"rendered":"\n<h2 class=\"wp-block-heading\"><strong>Die Algarve ist nach dem Corona-Lockdown kein Risikogebiet mehr<\/strong><\/h2>\n\n\n\n<p><strong>F\u00fcr die Algarve entf\u00e4llt ab dem 21. M\u00e4rz die Reisewarnung des Ausw\u00e4rtigen Amtes \u2013 sie ist somit nach dem Corona-Lockdown kein Risikogebiet mehr. \u00dcber die aktuelle Situation in Portugal und den touristischen Neustart erz\u00e4hlt der OLIMAR Gesch\u00e4ftsf\u00fchrer Pascal Zahn.<\/strong><\/p>\n\n\n\n<h2 class=\"wp-block-heading\"><strong>Die 7-Tages-Inzidenz f\u00fcr Portugal und andere touristische L\u00e4nder<\/strong><\/h2>\n\n\n\n<p class=\"wp-block-paragraph\">Hier finden Sie ausgew\u00e4hlte touristische L\u00e4nder im Vergleich. Immer tagesaktuell.<\/p>\n\n\n\n<iframe src=\"https:\/\/ourworldindata.org\/coronavirus-data-explorer?zoomToSelection=true&amp;time=2020-03-01..latest&amp;country=DEU~PRT~ESP~ITA~GRC~TUR&amp;region=World&amp;casesMetric=true&amp;interval=smoothed&amp;perCapita=true&amp;smoothing=7&amp;pickerMetric=new_cases_per_million&amp;pickerSort=desc\" loading=\"lazy\" style=\"width: 100%; height: 600px; border: 0px none;\"><\/iframe>\n\n\n\n<h2 class=\"wp-block-heading\"><strong>Anzahl positiver Corona-Tests von heute<\/strong><\/h2>\n\n\n\n<p>Durch Klick auf ein Land (z.B. Portugal) sehen Sie die Entwicklung in diesem Land \u2013 durch Klick auf \u201eMap\u201c gelangen Sie zur\u00fcck auf die Kartenansicht.<\/p>\n\n\n\n<iframe src=https:\/\/ourworldindata.org\/grapher\/positive-rate-daily-smoothed?stackMode=absolute&#038;time=latest&#038;region=Europe loading=\"lazy\" style=\"width: 100%; height: 600px; border: 0px none;\"><\/iframe>\n\n\n\n<h2 class=\"wp-block-heading\"><strong>Anzahl der Tests im Vergleich mit den t\u00e4glich neuen F\u00e4llen<\/strong><\/h2>\n\n\n\n<p>Je weiter \u201eoben links\u201c ein Land ist (hier finden Sie wohl grunds\u00e4tzlich Singapur, Australien und Neuseeland) desto \u201esicherer\u201c ist das Land.<\/p>\n\n\n\n<iframe src=https:\/\/ourworldindata.org\/grapher\/covid-19-daily-tests-vs-daily-new-confirmed-cases-per-million?tab=chart&#038;stackMode=absolute&#038;minPopulationFilter=1000000&#038;time=latest&#038;country=DEU~ESP~PRT~ITA~GRC~TUR&#038;region=World loading=\"lazy\" style=\"width: 100%; height: 600px; border: 0px none;\"><\/iframe>\n\n\n\n<h2 class=\"wp-block-heading\"><strong>Anzahl der Tests pro Land<\/strong><\/h2>\n\n\n\n<p>Auch die Anzahl der durchgef\u00fchrten Tests pro Land sind nat\u00fcrlich ausschlaggebend.<\/p>\n\n\n\n<iframe src=https:\/\/ourworldindata.org\/grapher\/daily-tests-per-thousand-people-smoothed-7-day?stackMode=absolute&#038;region=Europe loading=\"lazy\" style=\"width: 100%; height: 600px; border: 0px none;\"><\/iframe>\n\n\n\n<h2 class=\"wp-block-heading\"><strong>Anzahl der positiven Tests im Vergleich zu allen Tests<\/strong><\/h2>\n\n\n\n<p>Diese Kennziffer ist nat\u00fcrlich spannend, je (dunkel)blauer das Land ist, desto weniger positive F\u00e4lle werden gefunden.<\/p>\n\n\n\n<iframe src=https:\/\/ourworldindata.org\/grapher\/tests-per-confirmed-case-daily-smoothed?time=latest&#038;country=~PRT&#038;region=Europe loading=\"lazy\" style=\"width: 100%; height: 600px; border: 0px none;\"><\/iframe>\n\n\n\n<h2 class=\"wp-block-heading\"><strong>Impfstatus der L\u00e4nder<\/strong><\/h2>\n\n\n\n<p>Noch ein Chart zum Impfstatus \u2013 beachten Sie hier, dass <a href=\"https:\/\/ourworldindata.org\/\" rel=\"noopener\">&#8220;Our World in Data&#8221;<\/a> immer die Gesamtzahl der verimpften Dosen nimmt (wurde man zweimal geimpft, z\u00e4hlt das hier doppelt). Das Chart ist also nicht ganz sauber. Es zeigt aber, dass die ausgew\u00e4hlten L\u00e4nder alle mehr oder weniger gleich auf sind \u2013 sofern Sie hier noch manuell \u201eIsrael\u201c oder \u201eUnited Kingdom\u201c zus\u00e4tzlich ausw\u00e4hlen, sehen Sie doch &#8220;gro\u00dfe&#8221; Unterschiede zu uns in der EU.<\/p>\n\n\n\n<iframe src=https:\/\/ourworldindata.org\/coronavirus-data-explorer?zoomToSelection=true&#038;time=2021-01-01..latest&#038;country=DEU~PRT~ESP~ITA~GRC~TUR&#038;region=World&#038;vaccinationsMetric=true&#038;interval=total&#038;perCapita=true&#038;smoothing=0&#038;pickerMetric=population&#038;pickerSort=desc loading=\"lazy\" style=\"width: 100%; height: 600px; border: 0px none;\"><\/iframe>\n\n\n\n<h2 class=\"wp-block-heading\"><strong>Der Restart in Portugal<\/strong><\/h2>\n\n\n\n<p>Zeitlich sehr wichtig war der 14. M\u00e4rz, als Portugal vom deutschen Robert-Koch-Institut endlich von der \u201eVirusvarianten-Liste\u201c genommen wurde.<br \/>An diesem Tag wurden die Regionen in Portugal in zwei Gebiete eingeteilt:<\/p>\n<ol>\n<li><strong>Risikogebiete:<\/strong> Dies bedeutet, dass man bei Reiser\u00fcckkehr einerseits die <a href=\"https:\/\/www.einreiseanmeldung.de\/#\/\" rel=\"noopener\">Einreiseanmeldung<\/a> ausf\u00fcllen und andererseits 48h vor R\u00fcckreise bis 24h nach R\u00fcckreise einen Schnelltest machen muss.<\/li>\n<li><strong>Kein Risikogebiet:<\/strong> Hier kann man frei, also ohne Anmeldung und ohne Corona-Tests zur\u00fcck nach Deutschland reisen.<\/li>\n<\/ol>\n<p>Als \u201eRisikogebiete\u201c in Portugal wurden am 14. M\u00e4rz Madeira, der Gro\u00dfraum Lissabon sowie die Algarve eingeteilt. Als \u201ekein Risikogebiet\u201c gelten seit dem 14. M\u00e4rz die portugiesischen Regionen <a href=\"https:\/\/www.olimar.de\/portugal\/der-norden\/\" rel=\"noopener\">Nordportugal<\/a>, <a href=\"https:\/\/www.olimar.de\/portugal\/die-mitte\/\" rel=\"noopener\">Centro<\/a> (Mittelportugal)und <a href=\"https:\/\/www.olimar.de\/portugal\/alentejo\/\" rel=\"noopener\">Alentejo.<\/a> Auch ein <a href=\"https:\/\/www.olimar.de\/portugal\/azoren\/\" rel=\"noopener\">Azoren Urlaub <\/a>ist theoretisch wieder m\u00f6glich.<\/p>\n<p>Heute (19. M\u00e4rz) wurde verk\u00fcndet, dass ab dem 21. M\u00e4rz die <a href=\"https:\/\/www.olimar.de\/portugal\/algarve\/\" rel=\"noopener\">Algarve<\/a> in Portugal kein Risikigebiet mehr ist. Somit verbleiben zun\u00e4chst die Region \u201eLissabon und das Tejo-Tal\u201c, sowie Madeira auf der \u201eRisikoliste\u201c . Mit Stand 19.03. hat Lissabon eine Inzidenz von 50, in der Tendenz leicht fallend. Insofern sollte auch Lissabon in ca. 1-3 Wochen \u201erisikofrei\u201c werden.<\/p>\n\n\n<div class=\"wp-block-image\">\n<figure class=\"aligncenter size-large is-resized\"><img loading=\"lazy\" decoding=\"async\" width=\"1024\" height=\"683\" src=\"https:\/\/blog.olimar.de\/wp-content\/uploads\/2021\/03\/PT-Algarve-PraiadaRocha-Strand-c-FN04176-1024x683.jpg\" alt=\"Praia da Rocha an der Algarve - buchbar bei OLIMAR Reisen\" class=\"wp-image-16022\" style=\"width:482px;height:321px\" srcset=\"https:\/\/blog.olimar.de\/wp-content\/uploads\/2021\/03\/PT-Algarve-PraiadaRocha-Strand-c-FN04176-1024x683.jpg 1024w, https:\/\/blog.olimar.de\/wp-content\/uploads\/2021\/03\/PT-Algarve-PraiadaRocha-Strand-c-FN04176-300x200.jpg 300w, https:\/\/blog.olimar.de\/wp-content\/uploads\/2021\/03\/PT-Algarve-PraiadaRocha-Strand-c-FN04176-768x512.jpg 768w, https:\/\/blog.olimar.de\/wp-content\/uploads\/2021\/03\/PT-Algarve-PraiadaRocha-Strand-c-FN04176-1536x1025.jpg 1536w, https:\/\/blog.olimar.de\/wp-content\/uploads\/2021\/03\/PT-Algarve-PraiadaRocha-Strand-c-FN04176-840x560.jpg 840w, https:\/\/blog.olimar.de\/wp-content\/uploads\/2021\/03\/PT-Algarve-PraiadaRocha-Strand-c-FN04176-1200x800.jpg 1200w, https:\/\/blog.olimar.de\/wp-content\/uploads\/2021\/03\/PT-Algarve-PraiadaRocha-Strand-c-FN04176.jpg 1619w\" sizes=\"auto, (max-width: 1024px) 100vw, 1024px\" \/><figcaption class=\"wp-element-caption\">Die Algarve hat &#8220;Corona&#8221; zun\u00e4chst \u00fcberstanden<\/figcaption><\/figure>\n<\/div>\n\n\n<h2 class=\"wp-block-heading\"><strong>Kann der Tourismus nach Portugal also jetzt losgehen?<\/strong><\/h2>\n\n\n\n<p>Nun, hierzu m\u00fcssen wir uns um es ganz genau zu wissen noch bis Montagabend gedulden, denn am Montag tagt die n\u00e4chste Ministerpr\u00e4sidentenkonferenz, wo \u00fcber weitere \u00d6ffnungsstrategien und vor allem \u00fcber das Reisen und den Tourismus beraten werden soll.<\/p>\n<p>Aber schon jetzt: wie ich Anfang M\u00e4rz schon im <a href=\"https:\/\/www.olimar.de\/blog\/portugal-reisen-2021\/\" rel=\"noopener\">Blog<\/a> geschrieben habe, wird das problemlose Reisen ab Mai\/Juni m\u00f6glich sein. Wir d\u00fcrfen hier ja nicht nur auf die deutschen \u201eVerordnungen\u201c schauen, sondern vor allem auch auf die portugiesischen Beschl\u00fcsse.<\/p>\n<p>In dem (vorl\u00e4ufigen) Fahrplan f\u00fcr Portugal, der am 11. M\u00e4rz verk\u00fcndet wurde, sieht man differenzierte \u00d6ffnungsschritte, diese m\u00fcssen allerdings noch von der Regierung abgesegnet werden.<\/p>\n\n\n\n<h2 class=\"wp-block-heading\"><strong>Die \u00d6ffnungsschritte in Portugal<\/strong><\/h2>\n\n\n\n<p>Bitte beachten Sie, dass bis 21.03. und zwischen dem 26.03. und 05.04. (Osterwochenende!) der Bezirk in dem man wohnt nicht verlassen darf. An diesen Tagen ist die Bewegungsfreiheit sehr eingeschr\u00e4nkt.<\/p>\n<p><strong>Seit Januar bis 15. M\u00e4rz:<\/strong> <\/p>\n<ul>\n<li>HomeOffice sollte wahrgenommen werden<\/li>\n<li>\u00d6ffnungszeiten von Gesch\u00e4ften, die \u00f6ffnen d\u00fcrfen: in der Woche bis 21 Uhr, am Wochenende und an Feiertagen bis 13h (Superm\u00e4rkte bis 19h)<\/li>\n<\/ul>\n<p><strong>Seit dem 15. M\u00e4rz:<\/strong><\/p>\n<ul>\n<li>Kinderg\u00e4rten, Grundschulen und Abschlussklassen haben wieder Pr\u00e4senzunterricht<\/li>\n<li>B\u00fcchereichen sind ge\u00f6ffnet<\/li>\n<li>Friseure, Manik\u00fcre, etc. haben ge\u00f6ffnet<\/li>\n<li>Schreibwarenl\u00e4den, Autoh\u00e4user und Immobilienvermittlungen haben ge\u00f6ffnet<\/li>\n<\/ul>\n<p><strong>Ab 05. April \u00f6ffnen wie folgt:<\/strong><\/p>\n<ul>\n<li>weitere Schulklassen haben Pr\u00e4senzunterricht<\/li>\n<li>soziale Einrichtungen f\u00fcr Behinderte<\/li>\n<li>Museen, Denkm\u00e4ler, Pal\u00e4ste, Galerien, und \u00e4hnliches<br>Sport ohne Ansteckungsrisiko drau\u00dfen f\u00fcr bis zu 4 Personen<\/li>\n<li>Gesch\u00e4fte bis 200qm, sofern eine direkte Eingangst\u00fcre nach drau\u00dfen existiert (also nicht Einkaufszentren)<\/li>\n<li>Restaurants \u2013 nur Au\u00dfengastornomie f\u00fcr maximal 4 Personen pro Tisch \u2013 zu o.g. Zeiten!<\/li>\n<li>lokale M\u00e4rkte (das wird allerdings auch lokal entschieden)<\/li>\n<\/ul>\n<p><strong>Ab 19. April werden die \u00d6ffnungsschritte erweitert:<\/strong><\/p>\n<ul>\n<li>ab hier d\u00fcrfen alle Sch\u00fcler zur\u00fcck in den Unterricht<br>Kinos, Theater, etc.<\/li>\n<li>Hochzeiten (bis 25% der \u00fcblichen\/zugelassenen Gr\u00f6\u00dfe)<\/li>\n<li>Sportarten mit mittlerem Ansrteckungsrisiko bis 6 Personen<\/li>\n<li>B\u00fcrgerb\u00fcros<\/li>\n<li>alle Gesch\u00e4fts und Einkaufszentren<\/li>\n<li>Au\u00dfen-Events mit minimiertem Publikum<\/li>\n<li>Restaurants, Cafes, \u201ePastelarias\u201c \u2013 4 Personen drinnen oder 6 Personen au\u00dfen (je Tisch) bis 22h in der Woche oder bis 13h am Wochenende oder Feiertagen<\/li>\n<\/ul>\n<p><strong>Ab 03. Mai \u00f6ffnen auch:<\/strong><\/p>\n<ul>\n<li>Restaurants, Cafes, Pastelarias (max. 6 Personen innen oder 10 Personen au\u00dfen \u2013 je Tisch\/Gruppe) ohne Einschr\u00e4nkung der \u00d6ffnungszeiten<\/li>\n<li>alle Sportarten und Sporthallen<\/li>\n<li>Gro\u00dfevents \u2013 hier zun\u00e4chst mit Limitierung der Zuschauer<br>Hochzeiten mit 50% \u201eAuslastung\u201c<\/li>\n<\/ul>\n\n\n\n<p>Jetzt stellt sich nat\u00fcrlich f\u00fcr jeden einzelnen die Frage, was man im Portugalurlaub machen m\u00f6chte und was man erwartet. Sicherlich geh\u00f6rt (nicht nur) ein Restaurantbesuch dazu, dies ist vor dem 05. April nicht m\u00f6glich. Die Bewegungsfreiheit (bis 05.04. nur im eigenen Bezirk) wird auch erst ab \u201enach Ostern\u201c gelockert. Ist das Wetter mal nicht so gut, so kann man Cafes und Restaurants \u201einnen\u201c erst ab 19. April betreten.<\/p>\n<p>Insofern bleiben wir immer noch bei unserer Meinung: ja, wir finden die \u00d6ffnungsschritte in Portugal gut (um nicht ein zweites Weihnachten (damals gingen die Zahlen nach oben) zu erleben). Ein richtiges Urlaubsgef\u00fchl wird wohl erst nach Ostern aufkommen, eher Mitte April bis Mai \u2013 je nachdem wie man das sieht.<\/p>\n<p>M\u00f6chten Sie also endlich mal wieder raus? Buchen Sie gerne schon jetzt ihren Urlaub bei uns f\u00fcr Mai oder sp\u00e4ter. Gerne beraten wir Sie.<\/p>\n\n\n\n<h2 class=\"wp-block-heading\"><strong>Unterst\u00fctzung der Kampagne &#8220;#PerspektiveJetzt&#8221;<\/strong><\/h2>\n\n\n\n<p>Die deutsche Touristik hat nach einem Jahr Lockdown (bis auf Ausnahmen im letzten Sommer) die Kampagne <a href=\"https:\/\/www.drv.de\/perspektivejetzt\/\" rel=\"noopener\">#PerspektiveJetzt<\/a> gestartet, die wir unterst\u00fctzen. &#8220;PerspektiveJetzt steht f\u00fcr \u2013 Reisen: Sicher und verantwortungsvoll&#8221;. Die Sicherheit und Verantwortung sind oberste Gebote f\u00fcr uns als Reisebranche in der Pandemie. Aber der Tourismus braucht eine \u00d6ffnungsstrategie.<\/p>\n<p>Diese Aktion ist eine gemeinsame Verb\u00e4ndeinitiative von: <br \/>Deutscher Tourismusverband (DTV), Deutsche Reiseverband (DRV), Deutsche Hotel- und Gastst\u00e4ttenverband (DEHOGA), Hotelverband Deutschland (IHA), Bundesverband der Deutschen Tourismuswirtschaft (BTW), Allianz selbstst\u00e4ndiger Reiseunternehmen (asr), Verband Internet Reisevertrieb (VIR) und RDA Internationaler Bustouristik Verband.<\/p>\n","protected":false},"excerpt":{"rendered":"<p>F\u00fcr die Algarve entf\u00e4llt ab dem 21. M\u00e4rz die Reisewarnung des Ausw\u00e4rtigen Amtes. \u00dcber die aktuelle Situation in Portugal und den touristischen Neustart erz\u00e4hlt der OLIMAR Gesch\u00e4ftsf\u00fchrer Pascal Zahn.<\/p>\n","protected":false},"author":27,"featured_media":16019,"comment_status":"open","ping_status":"open","sticky":false,"template":"","format":"standard","meta":{"_crdt_document":"","_lmt_disableupdate":"","_lmt_disable":"","footnotes":""},"categories":[1,31,216],"tags":[22,24,23,25,21,145,34,20],"class_list":["post-16009","post","type-post","status-publish","format-standard","has-post-thumbnail","hentry","category-allgemein","category-land-leute","category-sicher-reisen","tag-alentejo","tag-algarve","tag-azoren","tag-lissabon","tag-madeira","tag-nordportugal","tag-portugal","tag-slider"],"yoast_head":"<!-- This site is optimized with the Yoast SEO plugin v26.9 - https:\/\/yoast.com\/product\/yoast-seo-wordpress\/ -->\n<title>Endlich wieder Strandurlaub -<\/title>\n<meta name=\"description\" content=\"Die Algarve ist kein Risikogebiet mehr. \u00dcber die aktuelle Entwicklung der Corona-Situation in Portugal und touristischen Neustart berichtet Pascal Zahn\" \/>\n<meta name=\"robots\" content=\"index, follow, max-snippet:-1, max-image-preview:large, max-video-preview:-1\" \/>\n<link rel=\"canonical\" href=\"https:\/\/blog.olimar.de\/algarve-nach-corona-lockdown-aktuelle-zahlen-maerz21\/\" \/>\n<meta property=\"og:locale\" content=\"de_DE\" \/>\n<meta property=\"og:type\" content=\"article\" \/>\n<meta property=\"og:title\" content=\"Endlich wieder Strandurlaub -\" \/>\n<meta property=\"og:description\" content=\"Die Algarve ist kein Risikogebiet mehr. \u00dcber die aktuelle Entwicklung der Corona-Situation in Portugal und touristischen Neustart berichtet Pascal Zahn\" \/>\n<meta property=\"og:url\" content=\"https:\/\/blog.olimar.de\/algarve-nach-corona-lockdown-aktuelle-zahlen-maerz21\/\" \/>\n<meta property=\"article:publisher\" content=\"https:\/\/www.facebook.com\/OlimarReisen\" \/>\n<meta property=\"article:published_time\" content=\"2021-03-19T20:05:38+00:00\" \/>\n<meta property=\"article:modified_time\" content=\"2024-11-25T09:41:03+00:00\" \/>\n<meta property=\"og:image\" content=\"https:\/\/blog.olimar.de\/wp-content\/uploads\/2021\/03\/PT-Algarve-PraiadaMarinha-c-FN-05930.jpg\" \/>\n\t<meta property=\"og:image:width\" content=\"1628\" \/>\n\t<meta property=\"og:image:height\" content=\"1080\" \/>\n\t<meta property=\"og:image:type\" content=\"image\/jpeg\" \/>\n<meta name=\"author\" content=\"Pascal Zahn\" \/>\n<meta name=\"twitter:label1\" content=\"Verfasst von\" \/>\n\t<meta name=\"twitter:data1\" content=\"Pascal Zahn\" \/>\n\t<meta name=\"twitter:label2\" content=\"Gesch\u00e4tzte Lesezeit\" \/>\n\t<meta name=\"twitter:data2\" content=\"6\u00a0Minuten\" \/>\n<script type=\"application\/ld+json\" class=\"yoast-schema-graph\">{\"@context\":\"https:\/\/schema.org\",\"@graph\":[{\"@type\":\"WebPage\",\"@id\":\"https:\/\/blog.olimar.de\/algarve-nach-corona-lockdown-aktuelle-zahlen-maerz21\/\",\"url\":\"https:\/\/blog.olimar.de\/algarve-nach-corona-lockdown-aktuelle-zahlen-maerz21\/\",\"name\":\"Endlich wieder Strandurlaub -\",\"isPartOf\":{\"@id\":\"https:\/\/blog.olimar.de\/#website\"},\"primaryImageOfPage\":{\"@id\":\"https:\/\/blog.olimar.de\/algarve-nach-corona-lockdown-aktuelle-zahlen-maerz21\/#primaryimage\"},\"image\":{\"@id\":\"https:\/\/blog.olimar.de\/algarve-nach-corona-lockdown-aktuelle-zahlen-maerz21\/#primaryimage\"},\"thumbnailUrl\":\"https:\/\/blog.olimar.de\/wp-content\/uploads\/2021\/03\/PT-Algarve-PraiadaMarinha-c-FN-05930.jpg\",\"datePublished\":\"2021-03-19T20:05:38+00:00\",\"dateModified\":\"2024-11-25T09:41:03+00:00\",\"description\":\"Die Algarve ist kein Risikogebiet mehr. \u00dcber die aktuelle Entwicklung der Corona-Situation in Portugal und touristischen Neustart berichtet Pascal Zahn\",\"breadcrumb\":{\"@id\":\"https:\/\/blog.olimar.de\/algarve-nach-corona-lockdown-aktuelle-zahlen-maerz21\/#breadcrumb\"},\"inLanguage\":\"de\",\"potentialAction\":[{\"@type\":\"ReadAction\",\"target\":[\"https:\/\/blog.olimar.de\/algarve-nach-corona-lockdown-aktuelle-zahlen-maerz21\/\"]}]},{\"@type\":\"ImageObject\",\"inLanguage\":\"de\",\"@id\":\"https:\/\/blog.olimar.de\/algarve-nach-corona-lockdown-aktuelle-zahlen-maerz21\/#primaryimage\",\"url\":\"https:\/\/blog.olimar.de\/wp-content\/uploads\/2021\/03\/PT-Algarve-PraiadaMarinha-c-FN-05930.jpg\",\"contentUrl\":\"https:\/\/blog.olimar.de\/wp-content\/uploads\/2021\/03\/PT-Algarve-PraiadaMarinha-c-FN-05930.jpg\",\"width\":1628,\"height\":1080,\"caption\":\"Algarve Praia da Marinha Strand\"},{\"@type\":\"BreadcrumbList\",\"@id\":\"https:\/\/blog.olimar.de\/algarve-nach-corona-lockdown-aktuelle-zahlen-maerz21\/#breadcrumb\",\"itemListElement\":[{\"@type\":\"ListItem\",\"position\":1,\"name\":\"Home\",\"item\":\"https:\/\/blog.olimar.de\/\"},{\"@type\":\"ListItem\",\"position\":2,\"name\":\"Alentejo\",\"item\":\"https:\/\/blog.olimar.de\/tag\/alentejo\/\"},{\"@type\":\"ListItem\",\"position\":3,\"name\":\"Endlich wieder Strandurlaub\"}]},{\"@type\":\"WebSite\",\"@id\":\"https:\/\/blog.olimar.de\/#website\",\"url\":\"https:\/\/blog.olimar.de\/\",\"name\":\"OLIMAR.com\",\"description\":\"\",\"publisher\":{\"@id\":\"https:\/\/blog.olimar.de\/#organization\"},\"potentialAction\":[{\"@type\":\"SearchAction\",\"target\":{\"@type\":\"EntryPoint\",\"urlTemplate\":\"https:\/\/blog.olimar.de\/?s={search_term_string}\"},\"query-input\":{\"@type\":\"PropertyValueSpecification\",\"valueRequired\":true,\"valueName\":\"search_term_string\"}}],\"inLanguage\":\"de\"},{\"@type\":\"Organization\",\"@id\":\"https:\/\/blog.olimar.de\/#organization\",\"name\":\"OLIMAR Reisen\",\"url\":\"https:\/\/blog.olimar.de\/\",\"logo\":{\"@type\":\"ImageObject\",\"inLanguage\":\"de\",\"@id\":\"https:\/\/blog.olimar.de\/#\/schema\/logo\/image\/\",\"url\":\"https:\/\/blog.olimar.de\/wp-content\/uploads\/2021\/01\/OLIMAR_Logo_COLOR.png\",\"contentUrl\":\"https:\/\/blog.olimar.de\/wp-content\/uploads\/2021\/01\/OLIMAR_Logo_COLOR.png\",\"width\":2000,\"height\":986,\"caption\":\"OLIMAR Reisen\"},\"image\":{\"@id\":\"https:\/\/blog.olimar.de\/#\/schema\/logo\/image\/\"},\"sameAs\":[\"https:\/\/www.facebook.com\/OlimarReisen\",\"https:\/\/x.com\/olimarrreisen\",\"https:\/\/www.instagram.com\/olimarreisen\",\"https:\/\/www.youtube.com\/user\/olimarreisen\"]}]}<\/script>\n<!-- \/ Yoast SEO plugin. -->","yoast_head_json":{"title":"Endlich wieder Strandurlaub -","description":"Die Algarve ist kein Risikogebiet mehr. \u00dcber die aktuelle Entwicklung der Corona-Situation in Portugal und touristischen Neustart berichtet Pascal Zahn","robots":{"index":"index","follow":"follow","max-snippet":"max-snippet:-1","max-image-preview":"max-image-preview:large","max-video-preview":"max-video-preview:-1"},"canonical":"https:\/\/blog.olimar.de\/algarve-nach-corona-lockdown-aktuelle-zahlen-maerz21\/","og_locale":"de_DE","og_type":"article","og_title":"Endlich wieder Strandurlaub -","og_description":"Die Algarve ist kein Risikogebiet mehr. \u00dcber die aktuelle Entwicklung der Corona-Situation in Portugal und touristischen Neustart berichtet Pascal Zahn","og_url":"https:\/\/blog.olimar.de\/algarve-nach-corona-lockdown-aktuelle-zahlen-maerz21\/","article_publisher":"https:\/\/www.facebook.com\/OlimarReisen","article_published_time":"2021-03-19T20:05:38+00:00","article_modified_time":"2024-11-25T09:41:03+00:00","og_image":[{"width":1628,"height":1080,"url":"https:\/\/blog.olimar.de\/wp-content\/uploads\/2021\/03\/PT-Algarve-PraiadaMarinha-c-FN-05930.jpg","type":"image\/jpeg"}],"author":"Pascal Zahn","twitter_misc":{"Verfasst von":"Pascal Zahn","Gesch\u00e4tzte Lesezeit":"6\u00a0Minuten"},"schema":{"@context":"https:\/\/schema.org","@graph":[{"@type":"WebPage","@id":"https:\/\/blog.olimar.de\/algarve-nach-corona-lockdown-aktuelle-zahlen-maerz21\/","url":"https:\/\/blog.olimar.de\/algarve-nach-corona-lockdown-aktuelle-zahlen-maerz21\/","name":"Endlich wieder Strandurlaub -","isPartOf":{"@id":"https:\/\/blog.olimar.de\/#website"},"primaryImageOfPage":{"@id":"https:\/\/blog.olimar.de\/algarve-nach-corona-lockdown-aktuelle-zahlen-maerz21\/#primaryimage"},"image":{"@id":"https:\/\/blog.olimar.de\/algarve-nach-corona-lockdown-aktuelle-zahlen-maerz21\/#primaryimage"},"thumbnailUrl":"https:\/\/blog.olimar.de\/wp-content\/uploads\/2021\/03\/PT-Algarve-PraiadaMarinha-c-FN-05930.jpg","datePublished":"2021-03-19T20:05:38+00:00","dateModified":"2024-11-25T09:41:03+00:00","description":"Die Algarve ist kein Risikogebiet mehr. \u00dcber die aktuelle Entwicklung der Corona-Situation in Portugal und touristischen Neustart berichtet Pascal Zahn","breadcrumb":{"@id":"https:\/\/blog.olimar.de\/algarve-nach-corona-lockdown-aktuelle-zahlen-maerz21\/#breadcrumb"},"inLanguage":"de","potentialAction":[{"@type":"ReadAction","target":["https:\/\/blog.olimar.de\/algarve-nach-corona-lockdown-aktuelle-zahlen-maerz21\/"]}]},{"@type":"ImageObject","inLanguage":"de","@id":"https:\/\/blog.olimar.de\/algarve-nach-corona-lockdown-aktuelle-zahlen-maerz21\/#primaryimage","url":"https:\/\/blog.olimar.de\/wp-content\/uploads\/2021\/03\/PT-Algarve-PraiadaMarinha-c-FN-05930.jpg","contentUrl":"https:\/\/blog.olimar.de\/wp-content\/uploads\/2021\/03\/PT-Algarve-PraiadaMarinha-c-FN-05930.jpg","width":1628,"height":1080,"caption":"Algarve Praia da Marinha Strand"},{"@type":"BreadcrumbList","@id":"https:\/\/blog.olimar.de\/algarve-nach-corona-lockdown-aktuelle-zahlen-maerz21\/#breadcrumb","itemListElement":[{"@type":"ListItem","position":1,"name":"Home","item":"https:\/\/blog.olimar.de\/"},{"@type":"ListItem","position":2,"name":"Alentejo","item":"https:\/\/blog.olimar.de\/tag\/alentejo\/"},{"@type":"ListItem","position":3,"name":"Endlich wieder Strandurlaub"}]},{"@type":"WebSite","@id":"https:\/\/blog.olimar.de\/#website","url":"https:\/\/blog.olimar.de\/","name":"OLIMAR.com","description":"","publisher":{"@id":"https:\/\/blog.olimar.de\/#organization"},"potentialAction":[{"@type":"SearchAction","target":{"@type":"EntryPoint","urlTemplate":"https:\/\/blog.olimar.de\/?s={search_term_string}"},"query-input":{"@type":"PropertyValueSpecification","valueRequired":true,"valueName":"search_term_string"}}],"inLanguage":"de"},{"@type":"Organization","@id":"https:\/\/blog.olimar.de\/#organization","name":"OLIMAR Reisen","url":"https:\/\/blog.olimar.de\/","logo":{"@type":"ImageObject","inLanguage":"de","@id":"https:\/\/blog.olimar.de\/#\/schema\/logo\/image\/","url":"https:\/\/blog.olimar.de\/wp-content\/uploads\/2021\/01\/OLIMAR_Logo_COLOR.png","contentUrl":"https:\/\/blog.olimar.de\/wp-content\/uploads\/2021\/01\/OLIMAR_Logo_COLOR.png","width":2000,"height":986,"caption":"OLIMAR Reisen"},"image":{"@id":"https:\/\/blog.olimar.de\/#\/schema\/logo\/image\/"},"sameAs":["https:\/\/www.facebook.com\/OlimarReisen","https:\/\/x.com\/olimarrreisen","https:\/\/www.instagram.com\/olimarreisen","https:\/\/www.youtube.com\/user\/olimarreisen"]}]}},"modified_by":"Julia Windh\u00f6vel","jetpack_featured_media_url":"https:\/\/blog.olimar.de\/wp-content\/uploads\/2021\/03\/PT-Algarve-PraiadaMarinha-c-FN-05930.jpg","_links":{"self":[{"href":"https:\/\/blog.olimar.de\/wp-json\/wp\/v2\/posts\/16009","targetHints":{"allow":["GET"]}}],"collection":[{"href":"https:\/\/blog.olimar.de\/wp-json\/wp\/v2\/posts"}],"about":[{"href":"https:\/\/blog.olimar.de\/wp-json\/wp\/v2\/types\/post"}],"author":[{"embeddable":true,"href":"https:\/\/blog.olimar.de\/wp-json\/wp\/v2\/users\/27"}],"replies":[{"embeddable":true,"href":"https:\/\/blog.olimar.de\/wp-json\/wp\/v2\/comments?post=16009"}],"version-history":[{"count":26,"href":"https:\/\/blog.olimar.de\/wp-json\/wp\/v2\/posts\/16009\/revisions"}],"predecessor-version":[{"id":28272,"href":"https:\/\/blog.olimar.de\/wp-json\/wp\/v2\/posts\/16009\/revisions\/28272"}],"wp:featuredmedia":[{"embeddable":true,"href":"https:\/\/blog.olimar.de\/wp-json\/wp\/v2\/media\/16019"}],"wp:attachment":[{"href":"https:\/\/blog.olimar.de\/wp-json\/wp\/v2\/media?parent=16009"}],"wp:term":[{"taxonomy":"category","embeddable":true,"href":"https:\/\/blog.olimar.de\/wp-json\/wp\/v2\/categories?post=16009"},{"taxonomy":"post_tag","embeddable":true,"href":"https:\/\/blog.olimar.de\/wp-json\/wp\/v2\/tags?post=16009"}],"curies":[{"name":"wp","href":"https:\/\/api.w.org\/{rel}","templated":true}]}}