{"id":16631,"date":"2021-04-30T12:13:25","date_gmt":"2021-04-30T11:13:25","guid":{"rendered":"https:\/\/blog.olimar.de\/?p=16631"},"modified":"2022-12-09T12:39:21","modified_gmt":"2022-12-09T11:39:21","slug":"wissenswertes-urlaub-in-portugal","status":"publish","type":"post","link":"https:\/\/blog.olimar.de\/wissenswertes-urlaub-in-portugal\/","title":{"rendered":"Urlaub in Portugal: Was Sie \u00fcber Einreise und Aufenthalt wissen m\u00fcssen"},"content":{"rendered":"\n<p><strong>Wir haben Gesch\u00e4ftsf\u00fchrer Pascal Zahn zum Thema Urlaub in Portugal interviewt und ihn befragt, was Sie derzeit \u00fcber die Einreise und Aufenthalt im Land wissen m\u00fcssen.&nbsp;<\/strong><\/p>\n\n\n\n<div class=\"wp-block-buttons is-layout-flex wp-block-buttons-is-layout-flex\">\n<div class=\"wp-block-button is-style-outline is-style-outline--1\"><a class=\"wp-block-button__link has-white-color has-text-color has-background wp-element-button\" href=\"https:\/\/www.olimar.de\/portugal\/\" style=\"background-color:#008c87\">Portugal Reiseangebote und Hoteltipps entdecken<\/a><\/div>\n<\/div>\n\n\n\n<div style=\"height:50px\" aria-hidden=\"true\" class=\"wp-block-spacer\"><\/div>\n\n\n\n<h5 class=\"wp-block-heading\"><strong>Pascal, du bist im April beruflich an die Algarve geflogen. Wo hast Du Dich vor Anreise testen lassen? Welche Art von Test war notwendig, um das Flugzeug zu betreten?&nbsp;&nbsp;<\/strong><\/h5>\n\n\n\n<p>Ja, ich durfte wieder nach Portugal reisen. Ich bin allerdings nach Lissabon geflogen, weil es dort t\u00e4glich Fl\u00fcge hingibt (was jetzt im April f\u00fcr die Algarve noch nicht gilt) und habe mir dann einen Mietwagen genommen.<br \/>Vor dem Flug nach Portugal braucht es einen PCR-Test, den man 72 Stunden vor Abflug durchf\u00fchren kann. Diesen habe ich bei einer <a href=\"https:\/\/www.centogene.com\/de\/covid-19\/test-centers\/testen-am-koelner-flughafen.html\" rel=\"noopener\">Testfirma im Flughafen K\u00f6ln\/Bonn<\/a> gemacht. Er hat 69 Euro gekostet und das Ergebnis war wie versprochen innerhalb von 24 Stunden da \u2013 genauer gesagt viel schneller. Man muss nicht zum Flughafen fahren, es reicht eine normale Teststation f\u00fcr PCR-Tests.<\/p>\n\n\n\n<div class=\"wp-block-jetpack-tiled-gallery aligncenter is-style-rectangular\"><div class=\"tiled-gallery__gallery\"><div class=\"tiled-gallery__row\"><div class=\"tiled-gallery__col\" style=\"flex-basis:66.74718%\"><figure class=\"tiled-gallery__item\"><img decoding=\"async\" alt=\"Europcar Abholung Mietwagen\" data-height=\"1200\" data-id=\"16651\" data-link=\"https:\/\/blog.olimar.de\/europcar_abholung-mietwagen_algarve4_2021\/\" data-url=\"https:\/\/blog.olimar.de\/wp-content\/uploads\/2021\/04\/Europcar_Abholung-Mietwagen_Algarve4_2021.jpg\" data-width=\"1200\" src=\"https:\/\/i0.wp.com\/blog.olimar.de\/wp-content\/uploads\/2021\/04\/Europcar_Abholung-Mietwagen_Algarve4_2021.jpg?ssl=1\" data-amp-layout=\"responsive\"\/><\/figure><\/div><div class=\"tiled-gallery__col\" style=\"flex-basis:33.25282%\"><figure class=\"tiled-gallery__item\"><img decoding=\"async\" alt=\"Europcar Abholung Mietwagen\" data-height=\"1200\" data-id=\"16652\" data-link=\"https:\/\/blog.olimar.de\/europcar_abholung-mietwagen_algarve5_2021\/\" data-url=\"https:\/\/blog.olimar.de\/wp-content\/uploads\/2021\/04\/Europcar_Abholung-Mietwagen_Algarve5_2021.jpg\" data-width=\"1200\" src=\"https:\/\/i2.wp.com\/blog.olimar.de\/wp-content\/uploads\/2021\/04\/Europcar_Abholung-Mietwagen_Algarve5_2021.jpg?ssl=1\" data-amp-layout=\"responsive\"\/><\/figure><figure class=\"tiled-gallery__item\"><img decoding=\"async\" alt=\"Europcar Abholung Mietwagen Clean &amp; Safe\" data-height=\"1200\" data-id=\"16650\" data-link=\"https:\/\/blog.olimar.de\/europcar_abholung-mietwagen_algarve2_2021\/\" data-url=\"https:\/\/blog.olimar.de\/wp-content\/uploads\/2021\/04\/Europcar_Abholung-Mietwagen_Algarve2_2021.jpg\" data-width=\"1200\" src=\"https:\/\/i1.wp.com\/blog.olimar.de\/wp-content\/uploads\/2021\/04\/Europcar_Abholung-Mietwagen_Algarve2_2021.jpg?ssl=1\" data-amp-layout=\"responsive\"\/><\/figure><\/div><\/div><\/div><\/div>\n\n\n\n<h5 class=\"wp-block-heading\"><strong>Neben einem negativen PCR-Test ben\u00f6tigen Touristen eine Passenger Locator Card. Was hat es damit auf sich?<\/strong><\/h5>\n\n\n\n<p>Dies ist quasi das Pendent der deutschen \u201edigitalen Einreiseanmeldung\u201c (dazu sp\u00e4ter mehr). Die <a href=\"https:\/\/portugalcleanandsafe.pt\/en\/passenger-locator-card\" rel=\"noopener\">Passenger Locator Card<\/a> (PLC) kann man digital vor Abflug ausf\u00fcllen. Dort hinterlegt man seine Daten (Adresse, E-Mail, Handy), wie man eingereist ist, auf welchem Platz in welchem Flieger man sa\u00df und wo man in Portugal wohnt.<br \/>Die Portugiesen wollen im Fall der F\u00e4lle schnell die m\u00f6glichen Kontakte vorliegen haben. Wer die Karte noch nicht ausgef\u00fcllt hat, kann dies auch noch im Flugzeug offline machen. Am Flughafen in Lissabon wurden wir von Polizisten kontrolliert, ob der PCR-Test aktuell ist und ob die PLC ausgef\u00fcllt wurde.<\/p>\n\n\n\n<h5 class=\"wp-block-heading\"><strong>Wie hast Du den Flug nach Portugal wahrgenommen? Welche Unterschiede hast Du abgesehen von der Test- und Maskenpflicht festgestellt, die das Reisen sicherer machen?<\/strong><\/h5>\n\n\n\n<p>Nun ja. Derzeit sind die wenigen Fl\u00fcge nicht ausgebucht. Man merkt dennoch, so war es auch schon letzten Sommer, dass selbst am Flughafen mehr Abstand genommen wird. \u00dcberall gibt es Desinfektionsmittelspender, das Borden geht deutlich geordneter zu und auch das Aussteigen verl\u00e4uft nach Sitzreihe \u2013 die Leute halten sich erstaunlich gut daran. Im Flieger selbst gilt eine Pflicht zum Tragen von medizinischen Masken. Auch hier gibt es Desinfektionst\u00fccher, es wird weniger durch die Reihen gelaufen.<\/p>\n\n\n\n<div class=\"wp-block-jetpack-tiled-gallery aligncenter is-style-rectangular\"><div class=\"tiled-gallery__gallery\"><div class=\"tiled-gallery__row\"><div class=\"tiled-gallery__col\" style=\"flex-basis:42.86460%\"><figure class=\"tiled-gallery__item\"><img decoding=\"async\" alt=\"Flug Blick aus Fenster\" data-height=\"1067\" data-id=\"16649\" data-link=\"https:\/\/blog.olimar.de\/algarve_flug_blick-aus-dem-fenster-72021\/\" data-url=\"https:\/\/blog.olimar.de\/wp-content\/uploads\/2021\/04\/Algarve_Flug_Blick-aus-dem-Fenster-72021.jpg\" data-width=\"800\" src=\"https:\/\/i2.wp.com\/blog.olimar.de\/wp-content\/uploads\/2021\/04\/Algarve_Flug_Blick-aus-dem-Fenster-72021.jpg?ssl=1\" data-amp-layout=\"responsive\"\/><\/figure><\/div><div class=\"tiled-gallery__col\" style=\"flex-basis:57.13540%\"><figure class=\"tiled-gallery__item\"><img decoding=\"async\" alt=\"Flug Eurowings\" data-height=\"800\" data-id=\"16653\" data-link=\"https:\/\/blog.olimar.de\/flug-eurowings_service_algarve_2_2021\/\" data-url=\"https:\/\/blog.olimar.de\/wp-content\/uploads\/2021\/04\/Flug-Eurowings_Service_Algarve_2_2021.jpg\" data-width=\"800\" src=\"https:\/\/i2.wp.com\/blog.olimar.de\/wp-content\/uploads\/2021\/04\/Flug-Eurowings_Service_Algarve_2_2021.jpg?ssl=1\" data-amp-layout=\"responsive\"\/><\/figure><\/div><\/div><\/div><\/div>\n\n\n\n<p>Hinzu kommt: Jeder Fluggast ist sp\u00e4testens 72 Stunden vorher negativ auf Covid-19 getestet worden. Durch den st\u00e4ndigen Luftaustausch im Flugzeug \u00fcber die Klimaanlagen, die &#8211; anders als sonst &#8211; auch beim Stehen des Flugzeuges am Flughafen laufen, f\u00fchlt man sich sicher.<\/p>\n\n\n\n<figure class=\"wp-block-embed is-type-video is-provider-youtube wp-block-embed-youtube wp-embed-aspect-16-9 wp-has-aspect-ratio\"><div class=\"wp-block-embed__wrapper\">\n<iframe loading=\"lazy\" title=\"Interview mit Eurowings Piloten zum Thema &quot;Sicher Reisen&quot;\" width=\"840\" height=\"473\" src=\"https:\/\/www.youtube.com\/embed\/twnBFk25TRA?feature=oembed\" frameborder=\"0\" allow=\"accelerometer; autoplay; clipboard-write; encrypted-media; gyroscope; picture-in-picture; web-share\" allowfullscreen><\/iframe>\n<\/div><figcaption class=\"wp-element-caption\">Interview mit dem Piloten Peter Hufschmied (Eurowings), April 2021<\/figcaption><\/figure>\n\n\n\n<h5 class=\"wp-block-heading\"><strong>Du hast beruflich wie privat schon h\u00e4ufiger Touristenorte in der Vorsaison besucht. Wie erlebst Du die Algarve derzeit?<\/strong><\/h5>\n\n\n\n<p>Jetzt war ich letzte Woche, Mitte April, beruflich vor Ort. Die <a href=\"https:\/\/www.olimar.de\/blog\/tag\/algarve\/\" rel=\"noopener\">Algarve<\/a> galt aus deutscher Sicht als \u201eRisikogebiet\u201c, die Portugiesen selbst haben \u00fcber ein Dekret kommuniziert, dass sie touristische Reisen im April nicht erlauben. Demnach war es ziemlich leer an der Algarve. Die Restaurants durften nach einem monatelangen harten Lockdown erst zwei Wochen vorher wieder \u00f6ffnen \u2013 und das beschr\u00e4nkt. F\u00fcr mich als einer, der vom Tourismus lebt, ist das nat\u00fcrlich sehr traurig anzusehen. Man darf auch nicht vergessen, dass die Hilfen in den s\u00fcdeurop\u00e4ischen L\u00e4ndern deutlich geringer ausfallen als hier \u2013 diese L\u00e4nder brauchen ganz dringend den Tourismus \u2013 umso trauriger ist man, diese \u201eLeere\u201c zu sehen. Aber ich bin optimistisch, dass es im Mai wieder langsam losgeht \u2013 siehe hierzu auch mein <a href=\"https:\/\/www.olimar.de\/blog\/algarve-nach-corona-lockdown-aktuelle-zahlen-maerz21\/\" rel=\"noopener\">Bericht<\/a> aus Ende M\u00e4rz.<\/p>\n\n\n<div class=\"wp-block-image\">\n<figure class=\"aligncenter is-resized\"><img loading=\"lazy\" decoding=\"async\" src=\"https:\/\/blog.olimar.de\/wp-content\/uploads\/2021\/04\/Algarve-Kellnerin-Schild.jpg\" alt=\"Algarve Schild Thank You\" class=\"wp-image-16642\" width=\"299\" height=\"450\" srcset=\"https:\/\/blog.olimar.de\/wp-content\/uploads\/2021\/04\/Algarve-Kellnerin-Schild.jpg 1200w, https:\/\/blog.olimar.de\/wp-content\/uploads\/2021\/04\/Algarve-Kellnerin-Schild-200x300.jpg 200w, https:\/\/blog.olimar.de\/wp-content\/uploads\/2021\/04\/Algarve-Kellnerin-Schild-768x1152.jpg 768w, https:\/\/blog.olimar.de\/wp-content\/uploads\/2021\/04\/Algarve-Kellnerin-Schild-1024x1536.jpg 1024w\" sizes=\"auto, (max-width: 299px) 100vw, 299px\" \/><figcaption class=\"wp-element-caption\">Portugiesische Herzlichkeit!<\/figcaption><\/figure>\n<\/div>\n\n\n<h5 class=\"wp-block-heading\"><strong>Wie bereiten sich die Hotels und Freizeiteinrichtungen auf die kommende Sommersaison vor?<\/strong><\/h5>\n\n\n\n<p>Nun, die Hotels in Portugal hatten (wie in eigentlich allen L\u00e4ndern au\u00dfer in Deutschland) nie ein \u00d6ffnungsverbot. Allerdings haben nat\u00fcrlich viele geschlossen, da einfach keine Touristen vor Ort waren und sind.<br \/>Auch hier ist es so, dass derzeit nur ca. zehn Prozent aller Hotels ge\u00f6ffnet sind. Allerdings werden zum 1. Mai mehr Hotels \u00f6ffnen, im Juni soll es f\u00fcr die meisten anderen Hotels losgehen. Bei den Freizeiteinrichtungen ist das \u00e4hnlich, wenngleich hier das Gesch\u00e4ft wohl erst im Juni losgeht.<\/p>\n\n\n\n<h5 class=\"wp-block-heading\"><strong>Welche Angebote erm\u00f6glichen die Hoteliers, die einen Aufenthalt vor Ort noch sicherer machen? Kannst Du ein paar Beispiele nennen?<\/strong><\/h5>\n\n\n\n<p>Nun, in Portugal gibt es das <a href=\"https:\/\/portugalcleanandsafe.com\/en\" rel=\"noopener\">Clean &amp; Safe-Siegel<\/a>. Um dies zu erhalten \u2013 im \u00dcbrigen die Voraussetzung, um sein Hotel zu \u00f6ffnen \u2013 bedarf es diverser Schutzma\u00dfnahmen, um die Pandemie einzud\u00e4mmen. Neben Abstandsregeln, Hygienespendern, regelm\u00e4\u00dfigen Reinigungen und getrennte Ein- und Ausg\u00e4nge wird es wohl diesen Sommer noch kein Fr\u00fchst\u00fcck in Buffetform geben \u2013 und wenn, dann nur indem das Hotelpersonal einem die Speisen auf einem Teller reicht. Auch Liegen am Pool werden \u201epersonalisiert\u201c sein.<\/p>\n\n\n<div class=\"wp-block-image\">\n<figure class=\"aligncenter size-large is-resized\"><img loading=\"lazy\" decoding=\"async\" src=\"https:\/\/blog.olimar.de\/wp-content\/uploads\/2021\/04\/Hygienesiegel_Hotel_NAU_2021-628x1024.jpg\" alt=\"Hygienesiegel Clean&amp;Safe\" class=\"wp-image-16654\" width=\"301\" height=\"490\" srcset=\"https:\/\/blog.olimar.de\/wp-content\/uploads\/2021\/04\/Hygienesiegel_Hotel_NAU_2021-628x1024.jpg 628w, https:\/\/blog.olimar.de\/wp-content\/uploads\/2021\/04\/Hygienesiegel_Hotel_NAU_2021-184x300.jpg 184w, https:\/\/blog.olimar.de\/wp-content\/uploads\/2021\/04\/Hygienesiegel_Hotel_NAU_2021.jpg 736w\" sizes=\"auto, (max-width: 301px) 100vw, 301px\" \/><figcaption class=\"wp-element-caption\">Clean &amp; Safe-Siegel an der Zimmert\u00fcr<\/figcaption><\/figure>\n<\/div>\n\n\n<h5 class=\"wp-block-heading\"><strong>Welche Touristen reisen aktuell an die Algarve? Welche Art von Urlaub machen diese?<\/strong><\/h5>\n\n\n\n<p>Aktuell, also Mitte April, sind es nur ganz wenige. Wenn ihr mich fragt: viel zu wenige. Denn: Das Reisen an sich ist sicher, das hat das RKI nun zweimal dargelegt (leider wird kaum dar\u00fcber gesprochen). Und mit einer Inzidenz in Portugal von im Schnitt ca. 35 ist es wohl deutlich sicherer als bei uns, wo sie aktuell bei ca. 160 liegt.<br>Ich habe letzte Woche Menschen gesehen, die einfach mal raus wollten. Wieder ins Restaurant gehen wollten, am Strand spazieren.<\/p>\n\n\n\n<h5 class=\"wp-block-heading\"><strong>Welche Natursch\u00f6nheiten erlebt man derzeit an der Algarve, die im Hochsommer weniger frei zug\u00e4nglich bzw. einsehbar sind?<\/strong><\/h5>\n\n\n\n<p>Ein tolles Beispiel ist die \u201eGrotte von Benagil\u201c. Leider im Hochsommer ein v\u00f6llig \u00fcberlaufener Hotspot f\u00fcr Instagrammer und Co. Derzeit kann man nahezu alleine in dieser Grotte sein und entsprechende Fotos machen.<br>Ich denke aber, dass man alle Hotspots auch diesen Sommer problemlos besuchen kann. Im Sommer werden wohl ca. 50 bis 70 Prozent der Touristen erwartet, die in 2019 an der Algarve waren.<\/p>\n\n\n<div class=\"wp-block-image\">\n<figure class=\"aligncenter is-resized\"><img loading=\"lazy\" decoding=\"async\" src=\"https:\/\/blog.olimar.de\/wp-content\/uploads\/2021\/04\/Algarve_Ponta-da-Piedada_1200x800.jpg\" alt=\"Ponta da Piedade\" class=\"wp-image-16639\" width=\"510\" height=\"340\" srcset=\"https:\/\/blog.olimar.de\/wp-content\/uploads\/2021\/04\/Algarve_Ponta-da-Piedada_1200x800.jpg 1200w, https:\/\/blog.olimar.de\/wp-content\/uploads\/2021\/04\/Algarve_Ponta-da-Piedada_1200x800-300x200.jpg 300w, https:\/\/blog.olimar.de\/wp-content\/uploads\/2021\/04\/Algarve_Ponta-da-Piedada_1200x800-1024x683.jpg 1024w, https:\/\/blog.olimar.de\/wp-content\/uploads\/2021\/04\/Algarve_Ponta-da-Piedada_1200x800-768x512.jpg 768w, https:\/\/blog.olimar.de\/wp-content\/uploads\/2021\/04\/Algarve_Ponta-da-Piedada_1200x800-840x560.jpg 840w\" sizes=\"auto, (max-width: 510px) 100vw, 510px\" \/><figcaption class=\"wp-element-caption\">Ponta da Piedade<\/figcaption><\/figure>\n<\/div>\n\n\n<h5 class=\"wp-block-heading\"><strong>Wie empfindest Du die Situation der Restaurants an der Algarve?&nbsp;Finden sich genug freie Pl\u00e4tze auf den Au\u00dfenterrassen? Werden Abstandsregeln eingehalten?<\/strong><\/h5>\n\n\n\n<p>Ab Mai darf man dann drau\u00dfen mit zehn Personen am Tisch sitzen und drinnen mit sechs Personen \u2013 die Restaurants d\u00fcrfen dann bis 22.30 Uhr ge\u00f6ffnet sein. Das war im April deutlich eingeschr\u00e4nkter, hier gab es am Wochenende noch Einschr\u00e4nkungen, zum Beispiel mussten die Restaurants schon um 13 Uhr schlie\u00dfen. Wenn man seinen Tisch verl\u00e4sst, muss man eine Maske tragen, die auch die KellnerInnen immer aufhaben. Nachbartische haben einen gr\u00f6\u00dferen Abstand.<\/p>\n\n\n\n<div class=\"wp-block-jetpack-tiled-gallery aligncenter is-style-rectangular\"><div class=\"tiled-gallery__gallery\"><div class=\"tiled-gallery__row\"><div class=\"tiled-gallery__col\" style=\"flex-basis:30.81955%\"><figure class=\"tiled-gallery__item\"><img decoding=\"async\" alt=\"Algarve Kellnerin Essen\" data-height=\"1200\" data-id=\"16641\" data-link=\"https:\/\/blog.olimar.de\/algarve-kellnerin-essen\/\" data-url=\"https:\/\/blog.olimar.de\/wp-content\/uploads\/2021\/04\/Algarve-Kellnerin-Essen.jpg\" data-width=\"800\" src=\"https:\/\/i2.wp.com\/blog.olimar.de\/wp-content\/uploads\/2021\/04\/Algarve-Kellnerin-Essen.jpg?ssl=1\" data-amp-layout=\"responsive\"\/><\/figure><\/div><div class=\"tiled-gallery__col\" style=\"flex-basis:69.18045%\"><figure class=\"tiled-gallery__item\"><img decoding=\"async\" alt=\"Algarve Gedeckter Tisch\" data-height=\"800\" data-id=\"16640\" data-link=\"https:\/\/blog.olimar.de\/algarve-gedeckter-tisch\/\" data-url=\"https:\/\/blog.olimar.de\/wp-content\/uploads\/2021\/04\/Algarve-gedeckter-Tisch.jpg\" data-width=\"1200\" src=\"https:\/\/i2.wp.com\/blog.olimar.de\/wp-content\/uploads\/2021\/04\/Algarve-gedeckter-Tisch.jpg?ssl=1\" data-amp-layout=\"responsive\"\/><\/figure><\/div><\/div><\/div><\/div>\n\n\n\n<h5 class=\"wp-block-heading\"><strong>Maximal 48h vor Ankunftszeit in Deutschland ist bei Abreise in Portugal ein neuer Corona-Test notwendig. Wo hast Du Dich testen lassen? Welche Teststationen sind an der Algarve noch m\u00f6glich? Wie kommt man an einen Termin und wieviel kostet der Test?<\/strong><\/h5>\n\n\n\n<p>Ich habe mich an einer SynLab Teststation in Lagoa testen lassen. Das ging recht einfach. Sie ben\u00f6tigen Name, Adresse, Handynummer und Emailadresse, des Weiteren 30 Euro. Nach einer Stunde kommt das Testergebnis per SMS und per E-Mail. Wichtig ist hier, dass das Ergebnis auf Englisch sein muss \u2013 das bieten aber die meisten Teststationen. Eine \u00dcbersicht \u00fcber die verf\u00fcgbaren Teststationen haben wir auf <a href=\"https:\/\/www.olimar.de\/aktuelles\/\" rel=\"noopener\">olimar.de\/aktuelles<\/a> hinterlegt.<br \/>Diese Regelung ist derzeit bis zum 12. Mai angesetzt. Hier m\u00fcssen wir leider abwarten, was die Bundesregierung entscheidet. Urspr\u00fcnglich dachte man, dass Urlauber aus Mallorca Virusvarianten mit nach Hause nehmen, was nachweislich nicht der Fall war.<\/p>\n\n\n\n<h5 class=\"wp-block-heading\"><strong>F\u00fcr die Algarve besteht derzeit noch eine Quarant\u00e4ne-Pflicht bei R\u00fcckreise. F\u00fcr welche Bundesl\u00e4nder gilt diese? Und kann man sich \u00fcberall nach f\u00fcnf Tagen von der Pflicht befreien, wenn man einen zweiten Negativtest vorweist?<\/strong><\/h5>\n\n\n\n<p>Die Algarve bleibt erstaunlicherweise zun\u00e4chst aus deutscher Sicht ein Risikogebiet. In Quarant\u00e4ne muss man daher in einigen Bundesl\u00e4ndern, wenn man die letzten zehn Tage in solch einem Risikogebiet war. In Portugal sind derzeit noch die Regionen Madeira und Azoren und die Algarve (gestern lag die Inzidenz bei 35) ein Risikogebiet. Auf unserer <a href=\"https:\/\/www.olimar.de\/inzidenz-nach-region-in-portugal\/\" rel=\"noopener\">Website<\/a> haben wir eine \u00dcbersicht hinterlegt, wie die Zahlen tagesaktuell in jeder Region Portugals aussehen.<\/p>\n<p>Ich bin erstaunt, dass die Algarve noch nicht von der Liste kommt, wenn die Zahlen aber weiterhin stabil bleiben, bin ich sicher, dass die Algarve am 9. Mai nicht mehr als Risikogebiet eingestuft wird. Bei Madeira und den Azoren wird es wohl mindestens bis zum 15. Mai dauern \u2013 so ehrlich muss man sein. Wenngleich zu hinterfragen ist, warum Gebiete mit einer Inzidenz um die 50 (wie es Madeira und die Azoren sind) ein \u201cRisikogebiet\u201d sind, wenn hier in Deutschland von 412 Landkreisen nur zehn unter 50 sind oder anders: 325 \u00fcber 100.<\/p>\n<p>Zur\u00fcck aber zur Quarant\u00e4ne: Wer mit dem Flieger zum Beispiel aus Madeira nach NRW zur\u00fcckfliegt (und dort auch wohnt), hat mit seinem verpflichtenden Schnelltest vor R\u00fcckflug schon seine Quarant\u00e4ne aufgehoben. Hier muss man also nicht in Quarant\u00e4ne. Anders sieht das noch in allen anderen Bundesl\u00e4ndern aus. Auch wenn das nicht nur aus meiner Sicht v\u00f6llig verfehlt ist: Kommt man aus einer ca. 55er Inzidenz (wie auf Madeira oder den Azoren) und fliegt zur\u00fcck nach Sachsen, wo aktuell die Inzidenzen gr\u00f6\u00dfer als 200 sind, muss man in Quarant\u00e4ne \u2013 dabei ist man vor R\u00fcckflug negativ getestet worden.<\/p>\n\n\n\n<h5 class=\"wp-block-heading\"><strong>Welche Pl\u00e4ne hat Portugal f\u00fcr geimpfte Touristen?<\/strong><\/h5>\n\n\n\n<p>Nun, auf Madeira kann man schon jetzt mit einem Impfnachweis einreisen ohne den dort verpflichtenden Test zu machen. Diese Regelung soll wohl mit dem neuen EU-Impfpass \u00fcbernommen werden.<\/p>\n<p>Zun\u00e4chst ist ja mal wichtig: Wann muss wer getestet werden und wann nicht mehr. Denn die Tests kosten einerseits Geld und andererseits hat man immer ein mulmiges Gef\u00fchl. \u201eVollst\u00e4ndig\u201c Geimpfte (plus 14 Tage danach) erhalten den EU-Impfpass und werden wohl ohne Tests ein- und ausreisen d\u00fcrfen. Wer nur eine Impfung hat ist nach neusten Studien ja auch erheblich sicherer \u201enegativ\u201c. Hier sollte man also das \u201emulmige\u201c Gef\u00fchl ablegen k\u00f6nnen. Die Regelungen f\u00fcr Geimpfte werden sicherlich auch bei Besuchen von Museen oder sonstigen Denkm\u00e4lern helfen. Eine genaue und verbindliche Regelung dazu soll im Mai ver\u00f6ffentlicht werden.<\/p>\n\n\n<div class=\"wp-block-image\">\n<figure class=\"aligncenter size-large is-resized\"><img loading=\"lazy\" decoding=\"async\" src=\"https:\/\/blog.olimar.de\/wp-content\/uploads\/2021\/04\/Pascal-Algarve-1024x683.jpg\" alt=\"Pascal Zahn Gesch\u00e4ftsf\u00fchrer OLIMAR\" class=\"wp-image-16662\" width=\"473\" height=\"315\" srcset=\"https:\/\/blog.olimar.de\/wp-content\/uploads\/2021\/04\/Pascal-Algarve-1024x683.jpg 1024w, https:\/\/blog.olimar.de\/wp-content\/uploads\/2021\/04\/Pascal-Algarve-300x200.jpg 300w, https:\/\/blog.olimar.de\/wp-content\/uploads\/2021\/04\/Pascal-Algarve-768x512.jpg 768w, https:\/\/blog.olimar.de\/wp-content\/uploads\/2021\/04\/Pascal-Algarve-840x560.jpg 840w, https:\/\/blog.olimar.de\/wp-content\/uploads\/2021\/04\/Pascal-Algarve.jpg 1200w\" sizes=\"auto, (max-width: 473px) 100vw, 473px\" \/><figcaption class=\"wp-element-caption\">Pascal Zahn an der Algarve<\/figcaption><\/figure>\n<\/div>\n\n\n<p>Darf ich abschlie\u00dfend noch etwas loswerden:<br \/>Ich war an der Algarve, ich war mit meinen F\u00fc\u00dfen im Sand, kurz im (noch kalten) Atlantik schwimmen. Ich war in Restaurants essen. Und das bei einer 40-45er-Inzidenz vor Ort (inzwischen 35). Diese Gef\u00fchle, zu Essen, am Strand zu sein, zu schwimmen. Jeder der diese Zeilen liest: Reist nach <a href=\"https:\/\/www.olimar.de\/blog\/tag\/portugal\/\" rel=\"noopener\">Portugal<\/a>! Es ist diesmal mehr als wundersch\u00f6n dort. Die Portugiesen freuen sich und nat\u00fcrlich ist das auch f\u00fcr die Wirtschaft dort wichtig. Gerne stehen wir <a href=\"https:\/\/www.olimar.de\/hilfe\/\" rel=\"noopener\">auf allen Kan\u00e4len<\/a> zur Verf\u00fcgung, um alle bestm\u00f6glich zu beraten und Buchungen entgegen zu nehmen. Oder lassen Sie sich in Ihrem Reiseb\u00fcro beraten.<\/p>\n\n\n<div class=\"wp-block-image\">\n<figure class=\"aligncenter size-large is-resized\"><img loading=\"lazy\" decoding=\"async\" src=\"https:\/\/blog.olimar.de\/wp-content\/uploads\/2021\/04\/Algarve-Strand-1024x395.jpg\" alt=\"Algarve Strand 2021\" class=\"wp-image-16663\" width=\"737\" height=\"284\" srcset=\"https:\/\/blog.olimar.de\/wp-content\/uploads\/2021\/04\/Algarve-Strand-1024x395.jpg 1024w, https:\/\/blog.olimar.de\/wp-content\/uploads\/2021\/04\/Algarve-Strand-300x116.jpg 300w, https:\/\/blog.olimar.de\/wp-content\/uploads\/2021\/04\/Algarve-Strand-768x296.jpg 768w, https:\/\/blog.olimar.de\/wp-content\/uploads\/2021\/04\/Algarve-Strand.jpg 1200w\" sizes=\"auto, (max-width: 737px) 100vw, 737px\" \/><figcaption class=\"wp-element-caption\">Endlich wieder mit den F\u00fc\u00dfen im Sand<\/figcaption><\/figure>\n<\/div>\n\n\n<div class=\"wp-block-buttons is-layout-flex wp-block-buttons-is-layout-flex\">\n<div class=\"wp-block-button is-style-outline is-style-outline--2\"><a class=\"wp-block-button__link has-white-color has-text-color has-background wp-element-button\" href=\"https:\/\/www.olimar.de\/hotellistung\/\" style=\"background-color:#008c87\">Jetzt Urlaubsangebote finden und buchen<\/a><\/div>\n<\/div>\n\n\n\n<div style=\"height:100px\" aria-hidden=\"true\" class=\"wp-block-spacer\"><\/div>\n\n\n","protected":false},"excerpt":{"rendered":"<p>Wir haben Gesch\u00e4ftsf\u00fchrer Pascal Zahn zum Thema Urlaub in Portugal interviewt und ihn befragt, was Sie derzeit \u00fcber die Einreise und Aufenthalt im Land wissen m\u00fcssen.&nbsp; Pascal, du bist im April beruflich an die Algarve geflogen. Wo hast Du Dich vor Anreise testen lassen? Welche Art von Test war notwendig, um das Flugzeug zu betreten?&nbsp;&nbsp; Ja, ich durfte wieder nach Portugal reisen. Ich bin allerdings nach Lissabon geflogen, weil es dort t\u00e4glich Fl\u00fcge hingibt (was jetzt im April f\u00fcr die Algarve noch nicht gilt) und habe mir dann einen Mietwagen genommen.Vor dem Flug nach Portugal braucht es einen PCR-Test, den man &hellip;<\/p>\n","protected":false},"author":27,"featured_media":16677,"comment_status":"open","ping_status":"open","sticky":false,"template":"","format":"standard","meta":{"_crdt_document":"","_lmt_disableupdate":"","_lmt_disable":"","footnotes":""},"categories":[1,31,216],"tags":[24,25,34,20],"class_list":["post-16631","post","type-post","status-publish","format-standard","has-post-thumbnail","hentry","category-allgemein","category-land-leute","category-sicher-reisen","tag-algarve","tag-lissabon","tag-portugal","tag-slider"],"yoast_head":"<!-- This site is optimized with the Yoast SEO plugin v26.9 - https:\/\/yoast.com\/product\/yoast-seo-wordpress\/ -->\n<title>Urlaub in Portugal: Was Sie \u00fcber Einreise und Aufenthalt wissen m\u00fcssen<\/title>\n<meta name=\"description\" content=\"Wir haben Pascal Zahn zum Thema Urlaub in Portugal interviewt und ihn befragt, was Sie \u00fcber die Einreise und Aufenthalt wissen m\u00fcssen.\u00a0\" \/>\n<meta name=\"robots\" content=\"index, follow, max-snippet:-1, max-image-preview:large, max-video-preview:-1\" \/>\n<link rel=\"canonical\" href=\"https:\/\/blog.olimar.de\/wissenswertes-urlaub-in-portugal\/\" \/>\n<meta property=\"og:locale\" content=\"de_DE\" \/>\n<meta property=\"og:type\" content=\"article\" \/>\n<meta property=\"og:title\" content=\"Urlaub in Portugal: Was Sie \u00fcber Einreise und Aufenthalt wissen m\u00fcssen\" \/>\n<meta property=\"og:description\" content=\"Wir haben Pascal Zahn zum Thema Urlaub in Portugal interviewt und ihn befragt, was Sie \u00fcber die Einreise und Aufenthalt wissen m\u00fcssen.\u00a0\" \/>\n<meta property=\"og:url\" content=\"https:\/\/blog.olimar.de\/wissenswertes-urlaub-in-portugal\/\" \/>\n<meta property=\"article:publisher\" content=\"https:\/\/www.facebook.com\/OlimarReisen\" \/>\n<meta property=\"article:published_time\" content=\"2021-04-30T11:13:25+00:00\" \/>\n<meta property=\"article:modified_time\" content=\"2022-12-09T11:39:21+00:00\" \/>\n<meta property=\"og:image\" content=\"https:\/\/blog.olimar.de\/wp-content\/uploads\/2021\/04\/Bild-Algarve1.jpg\" \/>\n\t<meta property=\"og:image:width\" content=\"1568\" \/>\n\t<meta property=\"og:image:height\" content=\"988\" \/>\n\t<meta property=\"og:image:type\" content=\"image\/jpeg\" \/>\n<meta name=\"author\" content=\"Pascal Zahn\" \/>\n<meta name=\"twitter:label1\" content=\"Verfasst von\" \/>\n\t<meta name=\"twitter:data1\" content=\"Pascal Zahn\" \/>\n\t<meta name=\"twitter:label2\" content=\"Gesch\u00e4tzte Lesezeit\" \/>\n\t<meta name=\"twitter:data2\" content=\"12\u00a0Minuten\" \/>\n<script type=\"application\/ld+json\" class=\"yoast-schema-graph\">{\"@context\":\"https:\/\/schema.org\",\"@graph\":[{\"@type\":\"WebPage\",\"@id\":\"https:\/\/blog.olimar.de\/wissenswertes-urlaub-in-portugal\/\",\"url\":\"https:\/\/blog.olimar.de\/wissenswertes-urlaub-in-portugal\/\",\"name\":\"Urlaub in Portugal: Was Sie \u00fcber Einreise und Aufenthalt wissen m\u00fcssen\",\"isPartOf\":{\"@id\":\"https:\/\/blog.olimar.de\/#website\"},\"primaryImageOfPage\":{\"@id\":\"https:\/\/blog.olimar.de\/wissenswertes-urlaub-in-portugal\/#primaryimage\"},\"image\":{\"@id\":\"https:\/\/blog.olimar.de\/wissenswertes-urlaub-in-portugal\/#primaryimage\"},\"thumbnailUrl\":\"https:\/\/blog.olimar.de\/wp-content\/uploads\/2021\/04\/Bild-Algarve1.jpg\",\"datePublished\":\"2021-04-30T11:13:25+00:00\",\"dateModified\":\"2022-12-09T11:39:21+00:00\",\"description\":\"Wir haben Pascal Zahn zum Thema Urlaub in Portugal interviewt und ihn befragt, was Sie \u00fcber die Einreise und Aufenthalt wissen m\u00fcssen.\u00a0\",\"breadcrumb\":{\"@id\":\"https:\/\/blog.olimar.de\/wissenswertes-urlaub-in-portugal\/#breadcrumb\"},\"inLanguage\":\"de\",\"potentialAction\":[{\"@type\":\"ReadAction\",\"target\":[\"https:\/\/blog.olimar.de\/wissenswertes-urlaub-in-portugal\/\"]}]},{\"@type\":\"ImageObject\",\"inLanguage\":\"de\",\"@id\":\"https:\/\/blog.olimar.de\/wissenswertes-urlaub-in-portugal\/#primaryimage\",\"url\":\"https:\/\/blog.olimar.de\/wp-content\/uploads\/2021\/04\/Bild-Algarve1.jpg\",\"contentUrl\":\"https:\/\/blog.olimar.de\/wp-content\/uploads\/2021\/04\/Bild-Algarve1.jpg\",\"width\":1568,\"height\":988,\"caption\":\"Algarve K\u00fcste\"},{\"@type\":\"BreadcrumbList\",\"@id\":\"https:\/\/blog.olimar.de\/wissenswertes-urlaub-in-portugal\/#breadcrumb\",\"itemListElement\":[{\"@type\":\"ListItem\",\"position\":1,\"name\":\"Home\",\"item\":\"https:\/\/blog.olimar.de\/\"},{\"@type\":\"ListItem\",\"position\":2,\"name\":\"Algarve\",\"item\":\"https:\/\/blog.olimar.de\/tag\/algarve\/\"},{\"@type\":\"ListItem\",\"position\":3,\"name\":\"Urlaub in Portugal: Was Sie \u00fcber Einreise und Aufenthalt wissen m\u00fcssen\"}]},{\"@type\":\"WebSite\",\"@id\":\"https:\/\/blog.olimar.de\/#website\",\"url\":\"https:\/\/blog.olimar.de\/\",\"name\":\"OLIMAR.com\",\"description\":\"\",\"publisher\":{\"@id\":\"https:\/\/blog.olimar.de\/#organization\"},\"potentialAction\":[{\"@type\":\"SearchAction\",\"target\":{\"@type\":\"EntryPoint\",\"urlTemplate\":\"https:\/\/blog.olimar.de\/?s={search_term_string}\"},\"query-input\":{\"@type\":\"PropertyValueSpecification\",\"valueRequired\":true,\"valueName\":\"search_term_string\"}}],\"inLanguage\":\"de\"},{\"@type\":\"Organization\",\"@id\":\"https:\/\/blog.olimar.de\/#organization\",\"name\":\"OLIMAR Reisen\",\"url\":\"https:\/\/blog.olimar.de\/\",\"logo\":{\"@type\":\"ImageObject\",\"inLanguage\":\"de\",\"@id\":\"https:\/\/blog.olimar.de\/#\/schema\/logo\/image\/\",\"url\":\"https:\/\/blog.olimar.de\/wp-content\/uploads\/2021\/01\/OLIMAR_Logo_COLOR.png\",\"contentUrl\":\"https:\/\/blog.olimar.de\/wp-content\/uploads\/2021\/01\/OLIMAR_Logo_COLOR.png\",\"width\":2000,\"height\":986,\"caption\":\"OLIMAR Reisen\"},\"image\":{\"@id\":\"https:\/\/blog.olimar.de\/#\/schema\/logo\/image\/\"},\"sameAs\":[\"https:\/\/www.facebook.com\/OlimarReisen\",\"https:\/\/x.com\/olimarrreisen\",\"https:\/\/www.instagram.com\/olimarreisen\",\"https:\/\/www.youtube.com\/user\/olimarreisen\"]}]}<\/script>\n<!-- \/ Yoast SEO plugin. -->","yoast_head_json":{"title":"Urlaub in Portugal: Was Sie \u00fcber Einreise und Aufenthalt wissen m\u00fcssen","description":"Wir haben Pascal Zahn zum Thema Urlaub in Portugal interviewt und ihn befragt, was Sie \u00fcber die Einreise und Aufenthalt wissen m\u00fcssen.\u00a0","robots":{"index":"index","follow":"follow","max-snippet":"max-snippet:-1","max-image-preview":"max-image-preview:large","max-video-preview":"max-video-preview:-1"},"canonical":"https:\/\/blog.olimar.de\/wissenswertes-urlaub-in-portugal\/","og_locale":"de_DE","og_type":"article","og_title":"Urlaub in Portugal: Was Sie \u00fcber Einreise und Aufenthalt wissen m\u00fcssen","og_description":"Wir haben Pascal Zahn zum Thema Urlaub in Portugal interviewt und ihn befragt, was Sie \u00fcber die Einreise und Aufenthalt wissen m\u00fcssen.\u00a0","og_url":"https:\/\/blog.olimar.de\/wissenswertes-urlaub-in-portugal\/","article_publisher":"https:\/\/www.facebook.com\/OlimarReisen","article_published_time":"2021-04-30T11:13:25+00:00","article_modified_time":"2022-12-09T11:39:21+00:00","og_image":[{"width":1568,"height":988,"url":"https:\/\/blog.olimar.de\/wp-content\/uploads\/2021\/04\/Bild-Algarve1.jpg","type":"image\/jpeg"}],"author":"Pascal Zahn","twitter_misc":{"Verfasst von":"Pascal Zahn","Gesch\u00e4tzte Lesezeit":"12\u00a0Minuten"},"schema":{"@context":"https:\/\/schema.org","@graph":[{"@type":"WebPage","@id":"https:\/\/blog.olimar.de\/wissenswertes-urlaub-in-portugal\/","url":"https:\/\/blog.olimar.de\/wissenswertes-urlaub-in-portugal\/","name":"Urlaub in Portugal: Was Sie \u00fcber Einreise und Aufenthalt wissen m\u00fcssen","isPartOf":{"@id":"https:\/\/blog.olimar.de\/#website"},"primaryImageOfPage":{"@id":"https:\/\/blog.olimar.de\/wissenswertes-urlaub-in-portugal\/#primaryimage"},"image":{"@id":"https:\/\/blog.olimar.de\/wissenswertes-urlaub-in-portugal\/#primaryimage"},"thumbnailUrl":"https:\/\/blog.olimar.de\/wp-content\/uploads\/2021\/04\/Bild-Algarve1.jpg","datePublished":"2021-04-30T11:13:25+00:00","dateModified":"2022-12-09T11:39:21+00:00","description":"Wir haben Pascal Zahn zum Thema Urlaub in Portugal interviewt und ihn befragt, was Sie \u00fcber die Einreise und Aufenthalt wissen m\u00fcssen.\u00a0","breadcrumb":{"@id":"https:\/\/blog.olimar.de\/wissenswertes-urlaub-in-portugal\/#breadcrumb"},"inLanguage":"de","potentialAction":[{"@type":"ReadAction","target":["https:\/\/blog.olimar.de\/wissenswertes-urlaub-in-portugal\/"]}]},{"@type":"ImageObject","inLanguage":"de","@id":"https:\/\/blog.olimar.de\/wissenswertes-urlaub-in-portugal\/#primaryimage","url":"https:\/\/blog.olimar.de\/wp-content\/uploads\/2021\/04\/Bild-Algarve1.jpg","contentUrl":"https:\/\/blog.olimar.de\/wp-content\/uploads\/2021\/04\/Bild-Algarve1.jpg","width":1568,"height":988,"caption":"Algarve K\u00fcste"},{"@type":"BreadcrumbList","@id":"https:\/\/blog.olimar.de\/wissenswertes-urlaub-in-portugal\/#breadcrumb","itemListElement":[{"@type":"ListItem","position":1,"name":"Home","item":"https:\/\/blog.olimar.de\/"},{"@type":"ListItem","position":2,"name":"Algarve","item":"https:\/\/blog.olimar.de\/tag\/algarve\/"},{"@type":"ListItem","position":3,"name":"Urlaub in Portugal: Was Sie \u00fcber Einreise und Aufenthalt wissen m\u00fcssen"}]},{"@type":"WebSite","@id":"https:\/\/blog.olimar.de\/#website","url":"https:\/\/blog.olimar.de\/","name":"OLIMAR.com","description":"","publisher":{"@id":"https:\/\/blog.olimar.de\/#organization"},"potentialAction":[{"@type":"SearchAction","target":{"@type":"EntryPoint","urlTemplate":"https:\/\/blog.olimar.de\/?s={search_term_string}"},"query-input":{"@type":"PropertyValueSpecification","valueRequired":true,"valueName":"search_term_string"}}],"inLanguage":"de"},{"@type":"Organization","@id":"https:\/\/blog.olimar.de\/#organization","name":"OLIMAR Reisen","url":"https:\/\/blog.olimar.de\/","logo":{"@type":"ImageObject","inLanguage":"de","@id":"https:\/\/blog.olimar.de\/#\/schema\/logo\/image\/","url":"https:\/\/blog.olimar.de\/wp-content\/uploads\/2021\/01\/OLIMAR_Logo_COLOR.png","contentUrl":"https:\/\/blog.olimar.de\/wp-content\/uploads\/2021\/01\/OLIMAR_Logo_COLOR.png","width":2000,"height":986,"caption":"OLIMAR Reisen"},"image":{"@id":"https:\/\/blog.olimar.de\/#\/schema\/logo\/image\/"},"sameAs":["https:\/\/www.facebook.com\/OlimarReisen","https:\/\/x.com\/olimarrreisen","https:\/\/www.instagram.com\/olimarreisen","https:\/\/www.youtube.com\/user\/olimarreisen"]}]}},"modified_by":"Lena Radermacher","jetpack_featured_media_url":"https:\/\/blog.olimar.de\/wp-content\/uploads\/2021\/04\/Bild-Algarve1.jpg","_links":{"self":[{"href":"https:\/\/blog.olimar.de\/wp-json\/wp\/v2\/posts\/16631","targetHints":{"allow":["GET"]}}],"collection":[{"href":"https:\/\/blog.olimar.de\/wp-json\/wp\/v2\/posts"}],"about":[{"href":"https:\/\/blog.olimar.de\/wp-json\/wp\/v2\/types\/post"}],"author":[{"embeddable":true,"href":"https:\/\/blog.olimar.de\/wp-json\/wp\/v2\/users\/27"}],"replies":[{"embeddable":true,"href":"https:\/\/blog.olimar.de\/wp-json\/wp\/v2\/comments?post=16631"}],"version-history":[{"count":30,"href":"https:\/\/blog.olimar.de\/wp-json\/wp\/v2\/posts\/16631\/revisions"}],"predecessor-version":[{"id":21654,"href":"https:\/\/blog.olimar.de\/wp-json\/wp\/v2\/posts\/16631\/revisions\/21654"}],"wp:featuredmedia":[{"embeddable":true,"href":"https:\/\/blog.olimar.de\/wp-json\/wp\/v2\/media\/16677"}],"wp:attachment":[{"href":"https:\/\/blog.olimar.de\/wp-json\/wp\/v2\/media?parent=16631"}],"wp:term":[{"taxonomy":"category","embeddable":true,"href":"https:\/\/blog.olimar.de\/wp-json\/wp\/v2\/categories?post=16631"},{"taxonomy":"post_tag","embeddable":true,"href":"https:\/\/blog.olimar.de\/wp-json\/wp\/v2\/tags?post=16631"}],"curies":[{"name":"wp","href":"https:\/\/api.w.org\/{rel}","templated":true}]}}