{"id":16713,"date":"2021-05-04T08:21:41","date_gmt":"2021-05-04T07:21:41","guid":{"rendered":"https:\/\/blog.olimar.de\/?p=16713"},"modified":"2024-02-28T17:00:20","modified_gmt":"2024-02-28T16:00:20","slug":"biker-und-hiker","status":"publish","type":"post","link":"https:\/\/blog.olimar.de\/biker-und-hiker\/","title":{"rendered":"Wandern und Fahrradfahren in Nordportugal"},"content":{"rendered":"\n<p><strong>Efeubewachsene Burgen, romanische Kirchen, wappenverzierte Adelsh\u00e4user: Portugals Norden gilt nicht umsonst als die Wiege der Nation. In der Regi\u00e3o Norte finden Urlauber einen Mix aus historischen Sehensw\u00fcrdigkeiten und hinrei\u00dfender Natur \u2013 dazu Wege an der K\u00fcste und im Hinterland, die optimale Bedingungen zum Fahrradfahren und Wandern bieten. Wir stellen einige der sch\u00f6nsten Radreisen und Wanderreisen aus unserem aktuellem Rundreiseprogramm vor.<\/strong><\/p>\n\n\n\n<div class=\"wp-block-buttons is-layout-flex wp-block-buttons-is-layout-flex\">\n<div class=\"wp-block-button\"><a class=\"wp-block-button__link wp-element-button\" href=\"https:\/\/www.olimar.de\/portugal\/der-norden\/\">Nordportugal Reiseangebote und Hoteltipps entdecken<\/a><\/div>\n<\/div>\n\n\n\n<div style=\"height:50px\" aria-hidden=\"true\" class=\"wp-block-spacer\"><\/div>\n\n\n\n<p>Nordportugal ist geradezu pr\u00e4destiniert f\u00fcr eine Rundreise: Es gibt h\u00fcbsche St\u00e4dte wie Braga, Guimar\u00e3es, Viana do Castelo oder Chaves, vertr\u00e4umte Landsitze, endlose Atlantikstr\u00e4nde, Portugals einzigen Nationalpark <a href=\"https:\/\/www.olimar.de\/blog\/naturparks-portugal\/\" rel=\"noopener\">Peneda-Ger\u00eas<\/a> und nat\u00fcrlich \u00fcppige Weinberge. Aus Nordportugal stammen der ber\u00fchmte Portwein, der leicht prickelnde Wei\u00dfwein Vinho Verde sowie weitere gute Rot- und Wei\u00dfweine. Seit dem 14. M\u00e4rz 2021 z\u00e4hlt Nordportugal nicht mehr als Corona-Risikogebiet. Somit entfallen alle Quarant\u00e4ne-Regeln sowohl bei der <a href=\"https:\/\/www.olimar.de\/aktuelles\/\" rel=\"noopener\">Einreise nach Portugal<\/a> sowie nach der R\u00fcckreise nach Deutschland.<\/p>\n\n\n\n<h2 class=\"wp-block-heading\"><strong>Wanderreise: Auf dem Jakobsweg von Porto nach Santiago<\/strong><\/h2>\n\n\n\n<p>Am Atlantik entlang, individuell, mit \u00dcbernachtung in rustikal-charmanten Unterk\u00fcnften und Gep\u00e4cktransport durch OLIMAR k\u00f6nnen Wanderer in zwei Wochen das Pilgerziel Santiago de Compostela in Galicien erreichen. Der portugiesische Jakobsweg ist noch ein echter Geheimtipp, da hier weniger Pilger als auf dem klassischen franz\u00f6sischen Weg durch Nordspanien unterwegs sind. Zwischen Porto und Vigo wandert man haupts\u00e4chlich an der K\u00fcste entlang weitl\u00e4ufiger D\u00fcnenstr\u00e4nde und Steilk\u00fcsten. Eine Pilgermuschel und ein Pilgerausweis zum Abstempeln an den Etappen sowie eine Pilgerurkunde im Pilgerb\u00fcro von Santiago d\u00fcrfen nat\u00fcrlich nicht fehlen. Weitere Details zur Wanderreise auf dem portugiesischen Jakobsweg finden sich auf unserer <a href=\"https:\/\/rms.olimar.de\/code\/opox09\" rel=\"noopener\">Webseite<\/a>.<\/p>\n\n\n\n<div class=\"wp-block-jetpack-tiled-gallery aligncenter is-style-rectangular\"><div class=\"tiled-gallery__gallery\"><div class=\"tiled-gallery__row\"><div class=\"tiled-gallery__col\" style=\"flex-basis:50.16105%\"><figure class=\"tiled-gallery__item\"><img decoding=\"async\" alt=\"Nordportugal Panorama Porto\" data-height=\"618\" data-id=\"16721\" data-link=\"https:\/\/blog.olimar.de\/nordportugal_porto\/\" data-url=\"https:\/\/blog.olimar.de\/wp-content\/uploads\/2021\/05\/Nordportugal_Porto.jpg\" data-width=\"931\" src=\"https:\/\/i1.wp.com\/blog.olimar.de\/wp-content\/uploads\/2021\/05\/Nordportugal_Porto.jpg?ssl=1\" data-amp-layout=\"responsive\"><\/figure><\/div><div class=\"tiled-gallery__col\" style=\"flex-basis:49.83895%\"><figure class=\"tiled-gallery__item\"><img decoding=\"async\" alt=\"Nordportugal Ponte de Lima \u00a9 andrelimasa\" data-height=\"618\" data-id=\"16722\" data-link=\"https:\/\/blog.olimar.de\/pt-nordportugal-pontedelima-hikerscrossingromanbridge-c-andrelimasa-shutterstock2020-1393300523\/\" data-url=\"https:\/\/blog.olimar.de\/wp-content\/uploads\/2021\/05\/pt-nordportugal-pontedelima-hikerscrossingromanbridge-c-andrelimasa-shutterstock2020-1393300523.jpg\" data-width=\"925\" src=\"https:\/\/i0.wp.com\/blog.olimar.de\/wp-content\/uploads\/2021\/05\/pt-nordportugal-pontedelima-hikerscrossingromanbridge-c-andrelimasa-shutterstock2020-1393300523.jpg?ssl=1\" data-amp-layout=\"responsive\"><\/figure><\/div><\/div><\/div><\/div>\n\n\n\n<h2 class=\"wp-block-heading\"><strong>Radreisen: An der Atlantikk\u00fcste bis nach Galicien oder durchs gr\u00fcne Hinterland<\/strong><\/h2>\n\n\n\n<p>Der Nationalpark, die Minho-Region sowie die Atlantikk\u00fcste eignen sich auch f\u00fcr Fahrradtouren. Ausgestattet mit modernen E-Bikes, GPS-Ger\u00e4t, Info- und Kartenmaterial steuern Radreisende bei OLIMAR jeden Tag ein neues Ziel an, wobei ihr Gep\u00e4ck von einem Ort zum n\u00e4chsten bef\u00f6rdert wird. \u00dcbernachtet wird in kleinen, charmanten Romantik- und Design-Hotels (\u201e<a href=\"https:\/\/www.olimar.com\/opox88\/\" rel=\"noopener\">Gr\u00fcner geht nicht<\/a>\u201c). M\u00f6glich ist auch, den Norden Portugals mit der ganzen Familie zu entdecken. Die Kinder sollten hierf\u00fcr mindestens sechs Jahre alt sein und gut Fahrradfahren k\u00f6nnen. Damit die Tour f\u00fcr alle erholsam bleibt, sind nur zwei feste Tourentage vorgesehen. Die \u00fcbrige Zeit bleibt zum Entspannen und f\u00fcr individuelle Erlebnisse auf Ausfl\u00fcgen. Die Bikes stehen sechs Tage lang bereit (<a href=\"https:\/\/www.olimar.com\/opox89\/\" rel=\"noopener\">Familienbike-Reise<\/a>). Weitere E-Bike-Touren bietet OLIMAR z. B. auf dem <a href=\"https:\/\/www.olimar.com\/opox81\/\" rel=\"noopener\">portugiesischen Jakobsweg<\/a> von Porto bis nach Santiago in Galicien oder umgekehrt von <a href=\"https:\/\/www.olimar.com\/opox82\/\" rel=\"noopener\">S\u00fcdgalicien<\/a> an der K\u00fcste entlang bis nach Porto.<\/p>\n\n\n\n<div class=\"wp-block-jetpack-tiled-gallery aligncenter is-style-rectangular\"><div class=\"tiled-gallery__gallery\"><div class=\"tiled-gallery__row\"><div class=\"tiled-gallery__col\" style=\"flex-basis:48.53950%\"><figure class=\"tiled-gallery__item\"><img decoding=\"async\" alt=\"Portugal Minho Region Sonnenuntergang\" data-height=\"800\" data-id=\"16724\" data-link=\"https:\/\/blog.olimar.de\/portugal_minho_region\/\" data-url=\"https:\/\/blog.olimar.de\/wp-content\/uploads\/2021\/05\/Portugal_Minho_Region.jpg\" data-width=\"1200\" src=\"https:\/\/i0.wp.com\/blog.olimar.de\/wp-content\/uploads\/2021\/05\/Portugal_Minho_Region.jpg?ssl=1\" data-amp-layout=\"responsive\"><\/figure><\/div><div class=\"tiled-gallery__col\" style=\"flex-basis:51.46050%\"><figure class=\"tiled-gallery__item\"><img decoding=\"async\" alt=\"E-Bike in Portugal\" data-height=\"618\" data-id=\"16726\" data-link=\"https:\/\/blog.olimar.de\/bior40-mountainbiker2021b\/\" data-url=\"https:\/\/blog.olimar.de\/wp-content\/uploads\/2021\/05\/bior40-mountainbiker2021b.jpg\" data-width=\"983\" src=\"https:\/\/i2.wp.com\/blog.olimar.de\/wp-content\/uploads\/2021\/05\/bior40-mountainbiker2021b.jpg?ssl=1\" data-amp-layout=\"responsive\"><\/figure><\/div><\/div><\/div><\/div>\n\n\n\n<div class=\"wp-block-buttons is-layout-flex wp-block-buttons-is-layout-flex\">\n<div class=\"wp-block-button\"><a class=\"wp-block-button__link wp-element-button\" href=\"https:\/\/www.olimar.de\/hotellistung\/\">Jetzt Urlaubsangebote finden und buchen<\/a><\/div>\n<\/div>\n\n\n\n<div style=\"height:100px\" aria-hidden=\"true\" class=\"wp-block-spacer\"><\/div>\n","protected":false},"excerpt":{"rendered":"<p>Efeubewachsene Burgen, romanische Kirchen, wappenverzierte Adelsh\u00e4user: Portugals Norden gilt nicht umsonst als die Wiege der Nation. In der Regi\u00e3o Norte finden Urlauber einen Mix aus historischen Sehensw\u00fcrdigkeiten und hinrei\u00dfender Natur \u2013 dazu Wege an der K\u00fcste und im Hinterland, die optimale Bedingungen zum Fahrradfahren und Wandern bieten.<\/p>\n","protected":false},"author":3,"featured_media":16732,"comment_status":"open","ping_status":"open","sticky":false,"template":"","format":"standard","meta":{"_crdt_document":"","_lmt_disableupdate":"","_lmt_disable":"","footnotes":""},"categories":[29],"tags":[145,34,20],"class_list":["post-16713","post","type-post","status-publish","format-standard","has-post-thumbnail","hentry","category-aktiv-natur","tag-nordportugal","tag-portugal","tag-slider"],"yoast_head":"<!-- This site is optimized with the Yoast SEO plugin v26.9 - https:\/\/yoast.com\/product\/yoast-seo-wordpress\/ -->\n<title>Wandern und Fahrradfahren in Nordportugal: Unsere Aktivreisen-Tipps<\/title>\n<meta name=\"description\" content=\"In Nordportugal finden Urlauber optimale Bedingungen zum Fahrradfahren und Wandern. Wir stellen zwei Radreisen und Wanderreisen vor.\" \/>\n<meta name=\"robots\" content=\"index, follow, max-snippet:-1, max-image-preview:large, max-video-preview:-1\" \/>\n<link rel=\"canonical\" href=\"https:\/\/blog.olimar.de\/biker-und-hiker\/\" \/>\n<meta property=\"og:locale\" content=\"de_DE\" \/>\n<meta property=\"og:type\" content=\"article\" \/>\n<meta property=\"og:title\" content=\"Wandern und Fahrradfahren in Nordportugal: Unsere Aktivreisen-Tipps\" \/>\n<meta property=\"og:description\" content=\"In Nordportugal finden Urlauber optimale Bedingungen zum Fahrradfahren und Wandern. Wir stellen zwei Radreisen und Wanderreisen vor.\" \/>\n<meta property=\"og:url\" content=\"https:\/\/blog.olimar.de\/biker-und-hiker\/\" \/>\n<meta property=\"article:publisher\" content=\"https:\/\/www.facebook.com\/OlimarReisen\" \/>\n<meta property=\"article:published_time\" content=\"2021-05-04T07:21:41+00:00\" \/>\n<meta property=\"article:modified_time\" content=\"2024-02-28T16:00:20+00:00\" \/>\n<meta property=\"og:image\" content=\"https:\/\/blog.olimar.de\/wp-content\/uploads\/2021\/05\/BIOR40-Mountainbiker2021_verkleinert.jpg\" \/>\n\t<meta property=\"og:image:width\" content=\"1568\" \/>\n\t<meta property=\"og:image:height\" content=\"988\" \/>\n\t<meta property=\"og:image:type\" content=\"image\/jpeg\" \/>\n<meta name=\"author\" content=\"Evelyn Steinbach\" \/>\n<meta name=\"twitter:label1\" content=\"Verfasst von\" \/>\n\t<meta name=\"twitter:data1\" content=\"Evelyn Steinbach\" \/>\n\t<meta name=\"twitter:label2\" content=\"Gesch\u00e4tzte Lesezeit\" \/>\n\t<meta name=\"twitter:data2\" content=\"4\u00a0Minuten\" \/>\n<script type=\"application\/ld+json\" class=\"yoast-schema-graph\">{\"@context\":\"https:\/\/schema.org\",\"@graph\":[{\"@type\":\"WebPage\",\"@id\":\"https:\/\/blog.olimar.de\/biker-und-hiker\/\",\"url\":\"https:\/\/blog.olimar.de\/biker-und-hiker\/\",\"name\":\"Wandern und Fahrradfahren in Nordportugal: Unsere Aktivreisen-Tipps\",\"isPartOf\":{\"@id\":\"https:\/\/blog.olimar.de\/#website\"},\"primaryImageOfPage\":{\"@id\":\"https:\/\/blog.olimar.de\/biker-und-hiker\/#primaryimage\"},\"image\":{\"@id\":\"https:\/\/blog.olimar.de\/biker-und-hiker\/#primaryimage\"},\"thumbnailUrl\":\"https:\/\/blog.olimar.de\/wp-content\/uploads\/2021\/05\/BIOR40-Mountainbiker2021_verkleinert.jpg\",\"datePublished\":\"2021-05-04T07:21:41+00:00\",\"dateModified\":\"2024-02-28T16:00:20+00:00\",\"description\":\"In Nordportugal finden Urlauber optimale Bedingungen zum Fahrradfahren und Wandern. Wir stellen zwei Radreisen und Wanderreisen vor.\",\"breadcrumb\":{\"@id\":\"https:\/\/blog.olimar.de\/biker-und-hiker\/#breadcrumb\"},\"inLanguage\":\"de\",\"potentialAction\":[{\"@type\":\"ReadAction\",\"target\":[\"https:\/\/blog.olimar.de\/biker-und-hiker\/\"]}]},{\"@type\":\"ImageObject\",\"inLanguage\":\"de\",\"@id\":\"https:\/\/blog.olimar.de\/biker-und-hiker\/#primaryimage\",\"url\":\"https:\/\/blog.olimar.de\/wp-content\/uploads\/2021\/05\/BIOR40-Mountainbiker2021_verkleinert.jpg\",\"contentUrl\":\"https:\/\/blog.olimar.de\/wp-content\/uploads\/2021\/05\/BIOR40-Mountainbiker2021_verkleinert.jpg\",\"width\":1568,\"height\":988,\"caption\":\"Radfahrer Natur\"},{\"@type\":\"BreadcrumbList\",\"@id\":\"https:\/\/blog.olimar.de\/biker-und-hiker\/#breadcrumb\",\"itemListElement\":[{\"@type\":\"ListItem\",\"position\":1,\"name\":\"Home\",\"item\":\"https:\/\/blog.olimar.de\/\"},{\"@type\":\"ListItem\",\"position\":2,\"name\":\"Nordportugal\",\"item\":\"https:\/\/blog.olimar.de\/tag\/nordportugal\/\"},{\"@type\":\"ListItem\",\"position\":3,\"name\":\"Wandern und Fahrradfahren in Nordportugal\"}]},{\"@type\":\"WebSite\",\"@id\":\"https:\/\/blog.olimar.de\/#website\",\"url\":\"https:\/\/blog.olimar.de\/\",\"name\":\"OLIMAR.com\",\"description\":\"\",\"publisher\":{\"@id\":\"https:\/\/blog.olimar.de\/#organization\"},\"potentialAction\":[{\"@type\":\"SearchAction\",\"target\":{\"@type\":\"EntryPoint\",\"urlTemplate\":\"https:\/\/blog.olimar.de\/?s={search_term_string}\"},\"query-input\":{\"@type\":\"PropertyValueSpecification\",\"valueRequired\":true,\"valueName\":\"search_term_string\"}}],\"inLanguage\":\"de\"},{\"@type\":\"Organization\",\"@id\":\"https:\/\/blog.olimar.de\/#organization\",\"name\":\"OLIMAR Reisen\",\"url\":\"https:\/\/blog.olimar.de\/\",\"logo\":{\"@type\":\"ImageObject\",\"inLanguage\":\"de\",\"@id\":\"https:\/\/blog.olimar.de\/#\/schema\/logo\/image\/\",\"url\":\"https:\/\/blog.olimar.de\/wp-content\/uploads\/2021\/01\/OLIMAR_Logo_COLOR.png\",\"contentUrl\":\"https:\/\/blog.olimar.de\/wp-content\/uploads\/2021\/01\/OLIMAR_Logo_COLOR.png\",\"width\":2000,\"height\":986,\"caption\":\"OLIMAR Reisen\"},\"image\":{\"@id\":\"https:\/\/blog.olimar.de\/#\/schema\/logo\/image\/\"},\"sameAs\":[\"https:\/\/www.facebook.com\/OlimarReisen\",\"https:\/\/x.com\/olimarrreisen\",\"https:\/\/www.instagram.com\/olimarreisen\",\"https:\/\/www.youtube.com\/user\/olimarreisen\"]}]}<\/script>\n<!-- \/ Yoast SEO plugin. -->","yoast_head_json":{"title":"Wandern und Fahrradfahren in Nordportugal: Unsere Aktivreisen-Tipps","description":"In Nordportugal finden Urlauber optimale Bedingungen zum Fahrradfahren und Wandern. Wir stellen zwei Radreisen und Wanderreisen vor.","robots":{"index":"index","follow":"follow","max-snippet":"max-snippet:-1","max-image-preview":"max-image-preview:large","max-video-preview":"max-video-preview:-1"},"canonical":"https:\/\/blog.olimar.de\/biker-und-hiker\/","og_locale":"de_DE","og_type":"article","og_title":"Wandern und Fahrradfahren in Nordportugal: Unsere Aktivreisen-Tipps","og_description":"In Nordportugal finden Urlauber optimale Bedingungen zum Fahrradfahren und Wandern. Wir stellen zwei Radreisen und Wanderreisen vor.","og_url":"https:\/\/blog.olimar.de\/biker-und-hiker\/","article_publisher":"https:\/\/www.facebook.com\/OlimarReisen","article_published_time":"2021-05-04T07:21:41+00:00","article_modified_time":"2024-02-28T16:00:20+00:00","og_image":[{"width":1568,"height":988,"url":"https:\/\/blog.olimar.de\/wp-content\/uploads\/2021\/05\/BIOR40-Mountainbiker2021_verkleinert.jpg","type":"image\/jpeg"}],"author":"Evelyn Steinbach","twitter_misc":{"Verfasst von":"Evelyn Steinbach","Gesch\u00e4tzte Lesezeit":"4\u00a0Minuten"},"schema":{"@context":"https:\/\/schema.org","@graph":[{"@type":"WebPage","@id":"https:\/\/blog.olimar.de\/biker-und-hiker\/","url":"https:\/\/blog.olimar.de\/biker-und-hiker\/","name":"Wandern und Fahrradfahren in Nordportugal: Unsere Aktivreisen-Tipps","isPartOf":{"@id":"https:\/\/blog.olimar.de\/#website"},"primaryImageOfPage":{"@id":"https:\/\/blog.olimar.de\/biker-und-hiker\/#primaryimage"},"image":{"@id":"https:\/\/blog.olimar.de\/biker-und-hiker\/#primaryimage"},"thumbnailUrl":"https:\/\/blog.olimar.de\/wp-content\/uploads\/2021\/05\/BIOR40-Mountainbiker2021_verkleinert.jpg","datePublished":"2021-05-04T07:21:41+00:00","dateModified":"2024-02-28T16:00:20+00:00","description":"In Nordportugal finden Urlauber optimale Bedingungen zum Fahrradfahren und Wandern. Wir stellen zwei Radreisen und Wanderreisen vor.","breadcrumb":{"@id":"https:\/\/blog.olimar.de\/biker-und-hiker\/#breadcrumb"},"inLanguage":"de","potentialAction":[{"@type":"ReadAction","target":["https:\/\/blog.olimar.de\/biker-und-hiker\/"]}]},{"@type":"ImageObject","inLanguage":"de","@id":"https:\/\/blog.olimar.de\/biker-und-hiker\/#primaryimage","url":"https:\/\/blog.olimar.de\/wp-content\/uploads\/2021\/05\/BIOR40-Mountainbiker2021_verkleinert.jpg","contentUrl":"https:\/\/blog.olimar.de\/wp-content\/uploads\/2021\/05\/BIOR40-Mountainbiker2021_verkleinert.jpg","width":1568,"height":988,"caption":"Radfahrer Natur"},{"@type":"BreadcrumbList","@id":"https:\/\/blog.olimar.de\/biker-und-hiker\/#breadcrumb","itemListElement":[{"@type":"ListItem","position":1,"name":"Home","item":"https:\/\/blog.olimar.de\/"},{"@type":"ListItem","position":2,"name":"Nordportugal","item":"https:\/\/blog.olimar.de\/tag\/nordportugal\/"},{"@type":"ListItem","position":3,"name":"Wandern und Fahrradfahren in Nordportugal"}]},{"@type":"WebSite","@id":"https:\/\/blog.olimar.de\/#website","url":"https:\/\/blog.olimar.de\/","name":"OLIMAR.com","description":"","publisher":{"@id":"https:\/\/blog.olimar.de\/#organization"},"potentialAction":[{"@type":"SearchAction","target":{"@type":"EntryPoint","urlTemplate":"https:\/\/blog.olimar.de\/?s={search_term_string}"},"query-input":{"@type":"PropertyValueSpecification","valueRequired":true,"valueName":"search_term_string"}}],"inLanguage":"de"},{"@type":"Organization","@id":"https:\/\/blog.olimar.de\/#organization","name":"OLIMAR Reisen","url":"https:\/\/blog.olimar.de\/","logo":{"@type":"ImageObject","inLanguage":"de","@id":"https:\/\/blog.olimar.de\/#\/schema\/logo\/image\/","url":"https:\/\/blog.olimar.de\/wp-content\/uploads\/2021\/01\/OLIMAR_Logo_COLOR.png","contentUrl":"https:\/\/blog.olimar.de\/wp-content\/uploads\/2021\/01\/OLIMAR_Logo_COLOR.png","width":2000,"height":986,"caption":"OLIMAR Reisen"},"image":{"@id":"https:\/\/blog.olimar.de\/#\/schema\/logo\/image\/"},"sameAs":["https:\/\/www.facebook.com\/OlimarReisen","https:\/\/x.com\/olimarrreisen","https:\/\/www.instagram.com\/olimarreisen","https:\/\/www.youtube.com\/user\/olimarreisen"]}]}},"modified_by":"Wiebke Fix","jetpack_featured_media_url":"https:\/\/blog.olimar.de\/wp-content\/uploads\/2021\/05\/BIOR40-Mountainbiker2021_verkleinert.jpg","_links":{"self":[{"href":"https:\/\/blog.olimar.de\/wp-json\/wp\/v2\/posts\/16713","targetHints":{"allow":["GET"]}}],"collection":[{"href":"https:\/\/blog.olimar.de\/wp-json\/wp\/v2\/posts"}],"about":[{"href":"https:\/\/blog.olimar.de\/wp-json\/wp\/v2\/types\/post"}],"author":[{"embeddable":true,"href":"https:\/\/blog.olimar.de\/wp-json\/wp\/v2\/users\/3"}],"replies":[{"embeddable":true,"href":"https:\/\/blog.olimar.de\/wp-json\/wp\/v2\/comments?post=16713"}],"version-history":[{"count":15,"href":"https:\/\/blog.olimar.de\/wp-json\/wp\/v2\/posts\/16713\/revisions"}],"predecessor-version":[{"id":27458,"href":"https:\/\/blog.olimar.de\/wp-json\/wp\/v2\/posts\/16713\/revisions\/27458"}],"wp:featuredmedia":[{"embeddable":true,"href":"https:\/\/blog.olimar.de\/wp-json\/wp\/v2\/media\/16732"}],"wp:attachment":[{"href":"https:\/\/blog.olimar.de\/wp-json\/wp\/v2\/media?parent=16713"}],"wp:term":[{"taxonomy":"category","embeddable":true,"href":"https:\/\/blog.olimar.de\/wp-json\/wp\/v2\/categories?post=16713"},{"taxonomy":"post_tag","embeddable":true,"href":"https:\/\/blog.olimar.de\/wp-json\/wp\/v2\/tags?post=16713"}],"curies":[{"name":"wp","href":"https:\/\/api.w.org\/{rel}","templated":true}]}}