{"id":16733,"date":"2021-05-04T11:41:58","date_gmt":"2021-05-04T10:41:58","guid":{"rendered":"https:\/\/blog.olimar.de\/?p=16733"},"modified":"2024-02-21T08:42:30","modified_gmt":"2024-02-21T07:42:30","slug":"langste-fussgaenger-hangebruecke","status":"publish","type":"post","link":"https:\/\/blog.olimar.de\/langste-fussgaenger-hangebruecke\/","title":{"rendered":"516 Arouca: L\u00e4ngste Fu\u00dfg\u00e4nger-H\u00e4ngebr\u00fccke der Welt er\u00f6ffnet"},"content":{"rendered":"\n<p>Die Stadt Arouca in Mittelportugal, ca. 1,5 Stunden mit dem Auto von Porto entfernt, hat am 2. Mai die l\u00e4ngste Fu\u00dfg\u00e4nger-H\u00e4ngebr\u00fccke der Welt eingeweiht. Die Br\u00fccke &#8220;516 Arouca&#8221; befindet sich in 175 Meter H\u00f6he \u00fcber dem Fluss Paiva, hat eine Spannweite von 516 Metern und ist 1,2 Meter breit. Von hier aus k\u00f6nnen Besucher die Region um den Paiva, den spektakul\u00e4ren Holzwandersteg &#8220;Passadi\u00e7os do Paiva&#8221; und das Panorama des Arouca Geoparks \u00fcberblicken.<\/p>\n\n\n\n<p>Weitere Informationen und Bilder zur H\u00e4ngebr\u00fccke finden Sie auf: <a href=\"https:\/\/ponte516arouca.com\/en\/\" target=\"_blank\" rel=\"noopener\">https:\/\/ponte516arouca.com\/en\/<\/a><\/p>\n","protected":false},"excerpt":{"rendered":"<p>Die Stadt Arouca in Mittelportugal, ca. 1,5 Stunden mit dem Auto von Porto entfernt, hat am 2. Mai die l\u00e4ngste Fu\u00dfg\u00e4nger-H\u00e4ngebr\u00fccke der Welt eingeweiht. Die Br\u00fccke &#8220;516 Arouca&#8221; befindet sich in 175 Meter H\u00f6he \u00fcber dem Fluss Paiva, hat eine Spannweite von 516 Metern und ist 1,2 Meter breit.<\/p>\n","protected":false},"author":9,"featured_media":16736,"comment_status":"open","ping_status":"open","sticky":false,"template":"","format":"standard","meta":{"_crdt_document":"","_lmt_disableupdate":"","_lmt_disable":"","footnotes":""},"categories":[1,195],"tags":[135,34],"class_list":["post-16733","post","type-post","status-publish","format-standard","has-post-thumbnail","hentry","category-allgemein","category-reisenews","tag-mittelportugal","tag-portugal"],"yoast_head":"<!-- This site is optimized with the Yoast SEO plugin v26.9 - https:\/\/yoast.com\/product\/yoast-seo-wordpress\/ -->\n<title>516 Arouca: L\u00e4ngste Fu\u00dfg\u00e4nger-H\u00e4ngebr\u00fccke der Welt er\u00f6ffnet<\/title>\n<meta name=\"description\" content=\"Die Stadt Arouca hat am 2. Mai die l\u00e4ngste Fu\u00dfg\u00e4nger-H\u00e4ngebr\u00fccke der Welt eingeweiht, die eine Spannweite von 516 Metern hat.\" \/>\n<meta name=\"robots\" content=\"index, follow, max-snippet:-1, max-image-preview:large, max-video-preview:-1\" \/>\n<link rel=\"canonical\" href=\"https:\/\/blog.olimar.de\/langste-fussgaenger-hangebruecke\/\" \/>\n<meta property=\"og:locale\" content=\"de_DE\" \/>\n<meta property=\"og:type\" content=\"article\" \/>\n<meta property=\"og:title\" content=\"516 Arouca: L\u00e4ngste Fu\u00dfg\u00e4nger-H\u00e4ngebr\u00fccke der Welt er\u00f6ffnet\" \/>\n<meta property=\"og:description\" content=\"Die Stadt Arouca hat am 2. Mai die l\u00e4ngste Fu\u00dfg\u00e4nger-H\u00e4ngebr\u00fccke der Welt eingeweiht, die eine Spannweite von 516 Metern hat.\" \/>\n<meta property=\"og:url\" content=\"https:\/\/blog.olimar.de\/langste-fussgaenger-hangebruecke\/\" \/>\n<meta property=\"article:publisher\" content=\"https:\/\/www.facebook.com\/OlimarReisen\" \/>\n<meta property=\"article:published_time\" content=\"2021-05-04T10:41:58+00:00\" \/>\n<meta property=\"article:modified_time\" content=\"2024-02-21T07:42:30+00:00\" \/>\n<meta property=\"og:image\" content=\"https:\/\/blog.olimar.de\/wp-content\/uploads\/2021\/05\/PT-Nordportugal_Ponte_516_Arouca.jpg\" \/>\n\t<meta property=\"og:image:width\" content=\"1240\" \/>\n\t<meta property=\"og:image:height\" content=\"743\" \/>\n\t<meta property=\"og:image:type\" content=\"image\/jpeg\" \/>\n<meta name=\"author\" content=\"OLIMAR Redaktionsteam\" \/>\n<meta name=\"twitter:label1\" content=\"Verfasst von\" \/>\n\t<meta name=\"twitter:data1\" content=\"OLIMAR Redaktionsteam\" \/>\n\t<meta name=\"twitter:label2\" content=\"Gesch\u00e4tzte Lesezeit\" \/>\n\t<meta name=\"twitter:data2\" content=\"1\u00a0Minute\" \/>\n<script type=\"application\/ld+json\" class=\"yoast-schema-graph\">{\"@context\":\"https:\/\/schema.org\",\"@graph\":[{\"@type\":\"WebPage\",\"@id\":\"https:\/\/blog.olimar.de\/langste-fussgaenger-hangebruecke\/\",\"url\":\"https:\/\/blog.olimar.de\/langste-fussgaenger-hangebruecke\/\",\"name\":\"516 Arouca: L\u00e4ngste Fu\u00dfg\u00e4nger-H\u00e4ngebr\u00fccke der Welt er\u00f6ffnet\",\"isPartOf\":{\"@id\":\"https:\/\/blog.olimar.de\/#website\"},\"primaryImageOfPage\":{\"@id\":\"https:\/\/blog.olimar.de\/langste-fussgaenger-hangebruecke\/#primaryimage\"},\"image\":{\"@id\":\"https:\/\/blog.olimar.de\/langste-fussgaenger-hangebruecke\/#primaryimage\"},\"thumbnailUrl\":\"https:\/\/blog.olimar.de\/wp-content\/uploads\/2021\/05\/PT-Nordportugal_Ponte_516_Arouca.jpg\",\"datePublished\":\"2021-05-04T10:41:58+00:00\",\"dateModified\":\"2024-02-21T07:42:30+00:00\",\"description\":\"Die Stadt Arouca hat am 2. Mai die l\u00e4ngste Fu\u00dfg\u00e4nger-H\u00e4ngebr\u00fccke der Welt eingeweiht, die eine Spannweite von 516 Metern hat.\",\"breadcrumb\":{\"@id\":\"https:\/\/blog.olimar.de\/langste-fussgaenger-hangebruecke\/#breadcrumb\"},\"inLanguage\":\"de\",\"potentialAction\":[{\"@type\":\"ReadAction\",\"target\":[\"https:\/\/blog.olimar.de\/langste-fussgaenger-hangebruecke\/\"]}]},{\"@type\":\"ImageObject\",\"inLanguage\":\"de\",\"@id\":\"https:\/\/blog.olimar.de\/langste-fussgaenger-hangebruecke\/#primaryimage\",\"url\":\"https:\/\/blog.olimar.de\/wp-content\/uploads\/2021\/05\/PT-Nordportugal_Ponte_516_Arouca.jpg\",\"contentUrl\":\"https:\/\/blog.olimar.de\/wp-content\/uploads\/2021\/05\/PT-Nordportugal_Ponte_516_Arouca.jpg\",\"width\":1240,\"height\":743,\"caption\":\"\u00a9 516 Arouca\"},{\"@type\":\"BreadcrumbList\",\"@id\":\"https:\/\/blog.olimar.de\/langste-fussgaenger-hangebruecke\/#breadcrumb\",\"itemListElement\":[{\"@type\":\"ListItem\",\"position\":1,\"name\":\"Home\",\"item\":\"https:\/\/blog.olimar.de\/\"},{\"@type\":\"ListItem\",\"position\":2,\"name\":\"Mittelportugal\",\"item\":\"https:\/\/blog.olimar.de\/tag\/mittelportugal\/\"},{\"@type\":\"ListItem\",\"position\":3,\"name\":\"516 Arouca: L\u00e4ngste Fu\u00dfg\u00e4nger-H\u00e4ngebr\u00fccke der Welt er\u00f6ffnet\"}]},{\"@type\":\"WebSite\",\"@id\":\"https:\/\/blog.olimar.de\/#website\",\"url\":\"https:\/\/blog.olimar.de\/\",\"name\":\"OLIMAR.com\",\"description\":\"\",\"publisher\":{\"@id\":\"https:\/\/blog.olimar.de\/#organization\"},\"potentialAction\":[{\"@type\":\"SearchAction\",\"target\":{\"@type\":\"EntryPoint\",\"urlTemplate\":\"https:\/\/blog.olimar.de\/?s={search_term_string}\"},\"query-input\":{\"@type\":\"PropertyValueSpecification\",\"valueRequired\":true,\"valueName\":\"search_term_string\"}}],\"inLanguage\":\"de\"},{\"@type\":\"Organization\",\"@id\":\"https:\/\/blog.olimar.de\/#organization\",\"name\":\"OLIMAR Reisen\",\"url\":\"https:\/\/blog.olimar.de\/\",\"logo\":{\"@type\":\"ImageObject\",\"inLanguage\":\"de\",\"@id\":\"https:\/\/blog.olimar.de\/#\/schema\/logo\/image\/\",\"url\":\"https:\/\/blog.olimar.de\/wp-content\/uploads\/2021\/01\/OLIMAR_Logo_COLOR.png\",\"contentUrl\":\"https:\/\/blog.olimar.de\/wp-content\/uploads\/2021\/01\/OLIMAR_Logo_COLOR.png\",\"width\":2000,\"height\":986,\"caption\":\"OLIMAR Reisen\"},\"image\":{\"@id\":\"https:\/\/blog.olimar.de\/#\/schema\/logo\/image\/\"},\"sameAs\":[\"https:\/\/www.facebook.com\/OlimarReisen\",\"https:\/\/x.com\/olimarrreisen\",\"https:\/\/www.instagram.com\/olimarreisen\",\"https:\/\/www.youtube.com\/user\/olimarreisen\"]}]}<\/script>\n<!-- \/ Yoast SEO plugin. -->","yoast_head_json":{"title":"516 Arouca: L\u00e4ngste Fu\u00dfg\u00e4nger-H\u00e4ngebr\u00fccke der Welt er\u00f6ffnet","description":"Die Stadt Arouca hat am 2. Mai die l\u00e4ngste Fu\u00dfg\u00e4nger-H\u00e4ngebr\u00fccke der Welt eingeweiht, die eine Spannweite von 516 Metern hat.","robots":{"index":"index","follow":"follow","max-snippet":"max-snippet:-1","max-image-preview":"max-image-preview:large","max-video-preview":"max-video-preview:-1"},"canonical":"https:\/\/blog.olimar.de\/langste-fussgaenger-hangebruecke\/","og_locale":"de_DE","og_type":"article","og_title":"516 Arouca: L\u00e4ngste Fu\u00dfg\u00e4nger-H\u00e4ngebr\u00fccke der Welt er\u00f6ffnet","og_description":"Die Stadt Arouca hat am 2. Mai die l\u00e4ngste Fu\u00dfg\u00e4nger-H\u00e4ngebr\u00fccke der Welt eingeweiht, die eine Spannweite von 516 Metern hat.","og_url":"https:\/\/blog.olimar.de\/langste-fussgaenger-hangebruecke\/","article_publisher":"https:\/\/www.facebook.com\/OlimarReisen","article_published_time":"2021-05-04T10:41:58+00:00","article_modified_time":"2024-02-21T07:42:30+00:00","og_image":[{"width":1240,"height":743,"url":"https:\/\/blog.olimar.de\/wp-content\/uploads\/2021\/05\/PT-Nordportugal_Ponte_516_Arouca.jpg","type":"image\/jpeg"}],"author":"OLIMAR Redaktionsteam","twitter_misc":{"Verfasst von":"OLIMAR Redaktionsteam","Gesch\u00e4tzte Lesezeit":"1\u00a0Minute"},"schema":{"@context":"https:\/\/schema.org","@graph":[{"@type":"WebPage","@id":"https:\/\/blog.olimar.de\/langste-fussgaenger-hangebruecke\/","url":"https:\/\/blog.olimar.de\/langste-fussgaenger-hangebruecke\/","name":"516 Arouca: L\u00e4ngste Fu\u00dfg\u00e4nger-H\u00e4ngebr\u00fccke der Welt er\u00f6ffnet","isPartOf":{"@id":"https:\/\/blog.olimar.de\/#website"},"primaryImageOfPage":{"@id":"https:\/\/blog.olimar.de\/langste-fussgaenger-hangebruecke\/#primaryimage"},"image":{"@id":"https:\/\/blog.olimar.de\/langste-fussgaenger-hangebruecke\/#primaryimage"},"thumbnailUrl":"https:\/\/blog.olimar.de\/wp-content\/uploads\/2021\/05\/PT-Nordportugal_Ponte_516_Arouca.jpg","datePublished":"2021-05-04T10:41:58+00:00","dateModified":"2024-02-21T07:42:30+00:00","description":"Die Stadt Arouca hat am 2. Mai die l\u00e4ngste Fu\u00dfg\u00e4nger-H\u00e4ngebr\u00fccke der Welt eingeweiht, die eine Spannweite von 516 Metern hat.","breadcrumb":{"@id":"https:\/\/blog.olimar.de\/langste-fussgaenger-hangebruecke\/#breadcrumb"},"inLanguage":"de","potentialAction":[{"@type":"ReadAction","target":["https:\/\/blog.olimar.de\/langste-fussgaenger-hangebruecke\/"]}]},{"@type":"ImageObject","inLanguage":"de","@id":"https:\/\/blog.olimar.de\/langste-fussgaenger-hangebruecke\/#primaryimage","url":"https:\/\/blog.olimar.de\/wp-content\/uploads\/2021\/05\/PT-Nordportugal_Ponte_516_Arouca.jpg","contentUrl":"https:\/\/blog.olimar.de\/wp-content\/uploads\/2021\/05\/PT-Nordportugal_Ponte_516_Arouca.jpg","width":1240,"height":743,"caption":"\u00a9 516 Arouca"},{"@type":"BreadcrumbList","@id":"https:\/\/blog.olimar.de\/langste-fussgaenger-hangebruecke\/#breadcrumb","itemListElement":[{"@type":"ListItem","position":1,"name":"Home","item":"https:\/\/blog.olimar.de\/"},{"@type":"ListItem","position":2,"name":"Mittelportugal","item":"https:\/\/blog.olimar.de\/tag\/mittelportugal\/"},{"@type":"ListItem","position":3,"name":"516 Arouca: L\u00e4ngste Fu\u00dfg\u00e4nger-H\u00e4ngebr\u00fccke der Welt er\u00f6ffnet"}]},{"@type":"WebSite","@id":"https:\/\/blog.olimar.de\/#website","url":"https:\/\/blog.olimar.de\/","name":"OLIMAR.com","description":"","publisher":{"@id":"https:\/\/blog.olimar.de\/#organization"},"potentialAction":[{"@type":"SearchAction","target":{"@type":"EntryPoint","urlTemplate":"https:\/\/blog.olimar.de\/?s={search_term_string}"},"query-input":{"@type":"PropertyValueSpecification","valueRequired":true,"valueName":"search_term_string"}}],"inLanguage":"de"},{"@type":"Organization","@id":"https:\/\/blog.olimar.de\/#organization","name":"OLIMAR Reisen","url":"https:\/\/blog.olimar.de\/","logo":{"@type":"ImageObject","inLanguage":"de","@id":"https:\/\/blog.olimar.de\/#\/schema\/logo\/image\/","url":"https:\/\/blog.olimar.de\/wp-content\/uploads\/2021\/01\/OLIMAR_Logo_COLOR.png","contentUrl":"https:\/\/blog.olimar.de\/wp-content\/uploads\/2021\/01\/OLIMAR_Logo_COLOR.png","width":2000,"height":986,"caption":"OLIMAR Reisen"},"image":{"@id":"https:\/\/blog.olimar.de\/#\/schema\/logo\/image\/"},"sameAs":["https:\/\/www.facebook.com\/OlimarReisen","https:\/\/x.com\/olimarrreisen","https:\/\/www.instagram.com\/olimarreisen","https:\/\/www.youtube.com\/user\/olimarreisen"]}]}},"modified_by":"Wiebke Fix","jetpack_featured_media_url":"https:\/\/blog.olimar.de\/wp-content\/uploads\/2021\/05\/PT-Nordportugal_Ponte_516_Arouca.jpg","_links":{"self":[{"href":"https:\/\/blog.olimar.de\/wp-json\/wp\/v2\/posts\/16733","targetHints":{"allow":["GET"]}}],"collection":[{"href":"https:\/\/blog.olimar.de\/wp-json\/wp\/v2\/posts"}],"about":[{"href":"https:\/\/blog.olimar.de\/wp-json\/wp\/v2\/types\/post"}],"author":[{"embeddable":true,"href":"https:\/\/blog.olimar.de\/wp-json\/wp\/v2\/users\/9"}],"replies":[{"embeddable":true,"href":"https:\/\/blog.olimar.de\/wp-json\/wp\/v2\/comments?post=16733"}],"version-history":[{"count":6,"href":"https:\/\/blog.olimar.de\/wp-json\/wp\/v2\/posts\/16733\/revisions"}],"predecessor-version":[{"id":27335,"href":"https:\/\/blog.olimar.de\/wp-json\/wp\/v2\/posts\/16733\/revisions\/27335"}],"wp:featuredmedia":[{"embeddable":true,"href":"https:\/\/blog.olimar.de\/wp-json\/wp\/v2\/media\/16736"}],"wp:attachment":[{"href":"https:\/\/blog.olimar.de\/wp-json\/wp\/v2\/media?parent=16733"}],"wp:term":[{"taxonomy":"category","embeddable":true,"href":"https:\/\/blog.olimar.de\/wp-json\/wp\/v2\/categories?post=16733"},{"taxonomy":"post_tag","embeddable":true,"href":"https:\/\/blog.olimar.de\/wp-json\/wp\/v2\/tags?post=16733"}],"curies":[{"name":"wp","href":"https:\/\/api.w.org\/{rel}","templated":true}]}}