{"id":16744,"date":"2021-05-05T08:42:15","date_gmt":"2021-05-05T07:42:15","guid":{"rendered":"https:\/\/blog.olimar.de\/?p=16744"},"modified":"2022-12-17T10:34:15","modified_gmt":"2022-12-17T09:34:15","slug":"palmela-neuer-weinwanderweg","status":"publish","type":"post","link":"https:\/\/blog.olimar.de\/palmela-neuer-weinwanderweg\/","title":{"rendered":"Palmela hat einen neuen Weinwanderweg"},"content":{"rendered":"\n<p>Die Stadt Palmela s\u00fcdlich von Lissabon hat am 1. Mai einen neuen Wanderweg f\u00fcr Weinliebhaber er\u00f6ffnet. Im &#8220;Jardim de Vinhas&#8221; \u00fcbersetzt &#8220;Weingarten&#8221; auf der Halbinsel Set\u00fabal k\u00f6nnen Wanderer f\u00fcnf Weinerzeuger besuchen und auf einer ausf\u00fchrlich beschilderten Route die Rebsorten des Landes kennenlernen.<\/p>\n\n\n\n<div class=\"wp-block-buttons is-layout-flex wp-block-buttons-is-layout-flex\">\n<div class=\"wp-block-button\"><a class=\"wp-block-button__link wp-element-button\" href=\"https:\/\/www.olimar.de\/portugal\/die-kueste\/\">Die K\u00fcste Lissabons Reiseangebote und Hoteltipps entdecken<\/a><\/div>\n<\/div>\n\n\n\n<h2 class=\"wp-block-heading\"><strong>Unsere Hoteltipps in der Region<\/strong><\/h2>\n\n\n\n<h5><strong>Pousada Castelo Palmela &#8211; Historic Hotel<\/strong><\/h5>\n<p>Wohnen Sie wie einst die Ritter des Santiago-Ordens in den ehemaligen, mit zeitgem\u00e4\u00dfem Komfort ausgestatteten R\u00e4umlichkeiten des angeschlossenen Klosterkonvents, dessen Ausstattung sich klassisch-gediegen mit historischen Steinw\u00e4nden, Holzbalkendecken, Stilm\u00f6beln, L\u00fcstern und alten Gem\u00e4lden pr\u00e4sentiert. Die <a href=\"https:\/\/rms.olimar.de\/code\/lisp32\" rel=\"noopener\">Pousada Castelo Palmela<\/a> besitzt nur 28 G\u00e4stezimmer. Das Fr\u00fchst\u00fcck oder Abendessen genie\u00dfen Sie im fr\u00fcheren Kreuzgang mit Blick auf den \u201e(Innen-)Hof der Orangenb\u00e4ume\u201c. Unvergesslich ist auch der Sonnenuntergang auf der Aussichtsterrasse \u201eP\u00e1tio do Pessegueiro\u201c.<\/p>\n\n\n\n<div class=\"wp-block-jetpack-tiled-gallery aligncenter is-style-rectangular\"><div class=\"tiled-gallery__gallery\"><div class=\"tiled-gallery__row\"><div class=\"tiled-gallery__col\" style=\"flex-basis:54.27840%\"><figure class=\"tiled-gallery__item\"><img decoding=\"async\" alt=\"Pousada Castelo Palmela - Historic Hotel Weitblick\" data-height=\"618\" data-id=\"16754\" data-link=\"https:\/\/blog.olimar.de\/lisp32-a-exterior2016a\/\" data-url=\"https:\/\/blog.olimar.de\/wp-content\/uploads\/2021\/05\/lisp32-a-exterior2016a.jpg\" data-width=\"928\" src=\"https:\/\/i1.wp.com\/blog.olimar.de\/wp-content\/uploads\/2021\/05\/lisp32-a-exterior2016a.jpg?ssl=1\" data-amp-layout=\"responsive\"\/><\/figure><figure class=\"tiled-gallery__item\"><img decoding=\"async\" alt=\"Pousada Castelo Palmela - Suite\" data-height=\"618\" data-id=\"16753\" data-link=\"https:\/\/blog.olimar.de\/lisp32-z-suite2020a\/\" data-url=\"https:\/\/blog.olimar.de\/wp-content\/uploads\/2021\/05\/lisp32-z-suite2020a.jpg\" data-width=\"1047\" src=\"https:\/\/i1.wp.com\/blog.olimar.de\/wp-content\/uploads\/2021\/05\/lisp32-z-suite2020a.jpg?ssl=1\" data-amp-layout=\"responsive\"\/><\/figure><\/div><div class=\"tiled-gallery__col\" style=\"flex-basis:45.72160%\"><figure class=\"tiled-gallery__item\"><img decoding=\"async\" alt=\"Pousada Castelo Palmela - Eingang\" data-height=\"618\" data-id=\"16752\" data-link=\"https:\/\/blog.olimar.de\/lisp32-i-interior2016b\/\" data-url=\"https:\/\/blog.olimar.de\/wp-content\/uploads\/2021\/05\/lisp32-i-interior2016b.jpg\" data-width=\"411\" src=\"https:\/\/i2.wp.com\/blog.olimar.de\/wp-content\/uploads\/2021\/05\/lisp32-i-interior2016b.jpg?ssl=1\" data-amp-layout=\"responsive\"\/><\/figure><\/div><\/div><\/div><\/div>\n\n\n\n<h5><strong>Hotel Casa Palmela<\/strong><\/h5>\n<p>Ein Hideaway im Herzen des Natur- und Nationalparks der Serra da \u00c1rrabida, auf etwa halbem Weg zwischen Set\u00fabal und Azeit\u00e3o, ist dieses stilvolle <a href=\"https:\/\/rms.olimar.de\/code\/lis711\" rel=\"noopener\">Landhotel<\/a>. Schon bei der Zufahrt zum Anwesen passieren Sie ausgedehnte Weing\u00e4rten, in denen u.a. die Trauben f\u00fcr den renommierten \u201eMoscatel de Set\u00fabal\u201c reifen. In dieser Umgebung genie\u00dfen Sie hohen Wohnkomfort und Erholung vom Feinsten &#8211; imposante Marmortreppen, mit pr\u00e4chtigen historischen Azulejos verzierte W\u00e4nde und Antiquit\u00e4ten gehen Hand in Hand mit zeitgem\u00e4\u00dfen Annehmlichkeiten. Die nur 23 G\u00e4stezimmer verteilen sich auf das Hauptgeb\u00e4ude und einen Gartenfl\u00fcgel. Das Landgut l\u00e4dt zu ausgiebigen Spazierg\u00e4ngen ein, auch werden Fahrr\u00e4der verliehen, Wein- und K\u00e4sedegustationen, Ausritte hoch zu Ross und Bootstouren entlang der nahen K\u00fcste angeboten. Mit einem Mietwagen, der hier unverzichtbar ist, sind Sie in einer knappen halben Autostunde am n\u00e4chsten Strand oder in entgegengesetzter Richtung, rund 15 Minuten l\u00e4nger, in der Hauptstadt Lissabon.<\/p>\n\n\n\n<div class=\"wp-block-jetpack-tiled-gallery aligncenter is-style-rectangular\"><div class=\"tiled-gallery__gallery\"><div class=\"tiled-gallery__row\"><div class=\"tiled-gallery__col\" style=\"flex-basis:66.78744%\"><figure class=\"tiled-gallery__item\"><img decoding=\"async\" alt=\"Hotel Casa Palmela Au\u00dfen am Weinwanderweg\" data-height=\"618\" data-id=\"16751\" data-link=\"https:\/\/blog.olimar.de\/lis711-a-area2017a\/\" data-url=\"https:\/\/blog.olimar.de\/wp-content\/uploads\/2021\/05\/lis711-a-area2017a.jpg\" data-width=\"927\" src=\"https:\/\/i1.wp.com\/blog.olimar.de\/wp-content\/uploads\/2021\/05\/lis711-a-area2017a.jpg?ssl=1\" data-amp-layout=\"responsive\"\/><\/figure><\/div><div class=\"tiled-gallery__col\" style=\"flex-basis:33.21256%\"><figure class=\"tiled-gallery__item\"><img decoding=\"async\" alt=\"Hotel Casa Palmela Pool\" data-height=\"618\" data-id=\"16750\" data-link=\"https:\/\/blog.olimar.de\/lis711-p-poola2019\/\" data-url=\"https:\/\/blog.olimar.de\/wp-content\/uploads\/2021\/05\/lis711-p-poola2019.jpg\" data-width=\"927\" src=\"https:\/\/i0.wp.com\/blog.olimar.de\/wp-content\/uploads\/2021\/05\/lis711-p-poola2019.jpg?ssl=1\" data-amp-layout=\"responsive\"\/><\/figure><figure class=\"tiled-gallery__item\"><img decoding=\"async\" alt=\"Hotel Casa Palmela Zimmer\" data-height=\"618\" data-id=\"16749\" data-link=\"https:\/\/blog.olimar.de\/lis711-z-superior2019\/\" data-url=\"https:\/\/blog.olimar.de\/wp-content\/uploads\/2021\/05\/lis711-z-superior2019.jpg\" data-width=\"927\" src=\"https:\/\/i1.wp.com\/blog.olimar.de\/wp-content\/uploads\/2021\/05\/lis711-z-superior2019.jpg?ssl=1\" data-amp-layout=\"responsive\"\/><\/figure><\/div><\/div><\/div><\/div>\n\n\n\n<div style=\"height:25px\" aria-hidden=\"true\" class=\"wp-block-spacer\"><\/div>\n\n\n\n<div class=\"wp-block-buttons is-layout-flex wp-block-buttons-is-layout-flex\">\n<div class=\"wp-block-button\"><a class=\"wp-block-button__link wp-element-button\" href=\"https:\/\/www.olimar.de\/hotellistung\/\">Jetzt Urlaubsangebote finden und buchen<\/a><\/div>\n<\/div>\n\n\n\n<div style=\"height:100px\" aria-hidden=\"true\" class=\"wp-block-spacer\"><\/div>\n","protected":false},"excerpt":{"rendered":"<p>Die Stadt Palmela s\u00fcdlich von Lissabon hat am 1. Mai einen neuen Wanderweg f\u00fcr Weinliebhaber er\u00f6ffnet. Im &#8220;Jardim de Vinhas&#8221; \u00fcbersetzt &#8220;Weingarten&#8221; auf der Halbinsel Set\u00fabal k\u00f6nnen Wanderer f\u00fcnf Weinerzeuger besuchen und auf einer ausf\u00fchrlich beschilderten Route die Rebsorten des Landes kennenlernen. Unsere Hoteltipps in der Region Pousada Castelo Palmela &#8211; Historic Hotel Wohnen Sie wie einst die Ritter des Santiago-Ordens in den ehemaligen, mit zeitgem\u00e4\u00dfem Komfort ausgestatteten R\u00e4umlichkeiten des angeschlossenen Klosterkonvents, dessen Ausstattung sich klassisch-gediegen mit historischen Steinw\u00e4nden, Holzbalkendecken, Stilm\u00f6beln, L\u00fcstern und alten Gem\u00e4lden pr\u00e4sentiert. Die Pousada Castelo Palmela besitzt nur 28 G\u00e4stezimmer. Das Fr\u00fchst\u00fcck oder Abendessen genie\u00dfen Sie im &hellip;<\/p>\n","protected":false},"author":9,"featured_media":16757,"comment_status":"open","ping_status":"open","sticky":false,"template":"","format":"standard","meta":{"_crdt_document":"","_lmt_disableupdate":"","_lmt_disable":"","footnotes":""},"categories":[1,195],"tags":[56,34],"class_list":["post-16744","post","type-post","status-publish","format-standard","has-post-thumbnail","hentry","category-allgemein","category-reisenews","tag-lissabons-kuesten","tag-portugal"],"yoast_head":"<!-- This site is optimized with the Yoast SEO plugin v26.9 - https:\/\/yoast.com\/product\/yoast-seo-wordpress\/ -->\n<title>Lissabons K\u00fcste: Palmela hat einen neuen Weinwanderweg<\/title>\n<meta name=\"description\" content=\"Die Stadt Palmela hat einen neuen Wanderweg f\u00fcr Weinliebhaber er\u00f6ffnet, bei dem Wanderer auf einer Route die Rebsorten kennenlernen.\" \/>\n<meta name=\"robots\" content=\"index, follow, max-snippet:-1, max-image-preview:large, max-video-preview:-1\" \/>\n<link rel=\"canonical\" href=\"https:\/\/blog.olimar.de\/palmela-neuer-weinwanderweg\/\" \/>\n<meta property=\"og:locale\" content=\"de_DE\" \/>\n<meta property=\"og:type\" content=\"article\" \/>\n<meta property=\"og:title\" content=\"Lissabons K\u00fcste: Palmela hat einen neuen Weinwanderweg\" \/>\n<meta property=\"og:description\" content=\"Die Stadt Palmela hat einen neuen Wanderweg f\u00fcr Weinliebhaber er\u00f6ffnet, bei dem Wanderer auf einer Route die Rebsorten kennenlernen.\" \/>\n<meta property=\"og:url\" content=\"https:\/\/blog.olimar.de\/palmela-neuer-weinwanderweg\/\" \/>\n<meta property=\"article:publisher\" content=\"https:\/\/www.facebook.com\/OlimarReisen\" \/>\n<meta property=\"article:published_time\" content=\"2021-05-05T07:42:15+00:00\" \/>\n<meta property=\"article:modified_time\" content=\"2022-12-17T09:34:15+00:00\" \/>\n<meta property=\"og:image\" content=\"https:\/\/blog.olimar.de\/wp-content\/uploads\/2021\/05\/Weinwanderung-Palmela.jpg\" \/>\n\t<meta property=\"og:image:width\" content=\"1538\" \/>\n\t<meta property=\"og:image:height\" content=\"988\" \/>\n\t<meta property=\"og:image:type\" content=\"image\/jpeg\" \/>\n<meta name=\"author\" content=\"OLIMAR Redaktionsteam\" \/>\n<meta name=\"twitter:label1\" content=\"Verfasst von\" \/>\n\t<meta name=\"twitter:data1\" content=\"OLIMAR Redaktionsteam\" \/>\n\t<meta name=\"twitter:label2\" content=\"Gesch\u00e4tzte Lesezeit\" \/>\n\t<meta name=\"twitter:data2\" content=\"3\u00a0Minuten\" \/>\n<script type=\"application\/ld+json\" class=\"yoast-schema-graph\">{\"@context\":\"https:\/\/schema.org\",\"@graph\":[{\"@type\":\"WebPage\",\"@id\":\"https:\/\/blog.olimar.de\/palmela-neuer-weinwanderweg\/\",\"url\":\"https:\/\/blog.olimar.de\/palmela-neuer-weinwanderweg\/\",\"name\":\"Lissabons K\u00fcste: Palmela hat einen neuen Weinwanderweg\",\"isPartOf\":{\"@id\":\"https:\/\/blog.olimar.de\/#website\"},\"primaryImageOfPage\":{\"@id\":\"https:\/\/blog.olimar.de\/palmela-neuer-weinwanderweg\/#primaryimage\"},\"image\":{\"@id\":\"https:\/\/blog.olimar.de\/palmela-neuer-weinwanderweg\/#primaryimage\"},\"thumbnailUrl\":\"https:\/\/blog.olimar.de\/wp-content\/uploads\/2021\/05\/Weinwanderung-Palmela.jpg\",\"datePublished\":\"2021-05-05T07:42:15+00:00\",\"dateModified\":\"2022-12-17T09:34:15+00:00\",\"description\":\"Die Stadt Palmela hat einen neuen Wanderweg f\u00fcr Weinliebhaber er\u00f6ffnet, bei dem Wanderer auf einer Route die Rebsorten kennenlernen.\",\"breadcrumb\":{\"@id\":\"https:\/\/blog.olimar.de\/palmela-neuer-weinwanderweg\/#breadcrumb\"},\"inLanguage\":\"de\",\"potentialAction\":[{\"@type\":\"ReadAction\",\"target\":[\"https:\/\/blog.olimar.de\/palmela-neuer-weinwanderweg\/\"]}]},{\"@type\":\"ImageObject\",\"inLanguage\":\"de\",\"@id\":\"https:\/\/blog.olimar.de\/palmela-neuer-weinwanderweg\/#primaryimage\",\"url\":\"https:\/\/blog.olimar.de\/wp-content\/uploads\/2021\/05\/Weinwanderung-Palmela.jpg\",\"contentUrl\":\"https:\/\/blog.olimar.de\/wp-content\/uploads\/2021\/05\/Weinwanderung-Palmela.jpg\",\"width\":1538,\"height\":988,\"caption\":\"Weinwanderweg Palmela\"},{\"@type\":\"BreadcrumbList\",\"@id\":\"https:\/\/blog.olimar.de\/palmela-neuer-weinwanderweg\/#breadcrumb\",\"itemListElement\":[{\"@type\":\"ListItem\",\"position\":1,\"name\":\"Home\",\"item\":\"https:\/\/blog.olimar.de\/\"},{\"@type\":\"ListItem\",\"position\":2,\"name\":\"Lissabons K\u00fcsten\",\"item\":\"https:\/\/blog.olimar.de\/tag\/lissabons-kuesten\/\"},{\"@type\":\"ListItem\",\"position\":3,\"name\":\"Palmela hat einen neuen Weinwanderweg\"}]},{\"@type\":\"WebSite\",\"@id\":\"https:\/\/blog.olimar.de\/#website\",\"url\":\"https:\/\/blog.olimar.de\/\",\"name\":\"OLIMAR.com\",\"description\":\"\",\"publisher\":{\"@id\":\"https:\/\/blog.olimar.de\/#organization\"},\"potentialAction\":[{\"@type\":\"SearchAction\",\"target\":{\"@type\":\"EntryPoint\",\"urlTemplate\":\"https:\/\/blog.olimar.de\/?s={search_term_string}\"},\"query-input\":{\"@type\":\"PropertyValueSpecification\",\"valueRequired\":true,\"valueName\":\"search_term_string\"}}],\"inLanguage\":\"de\"},{\"@type\":\"Organization\",\"@id\":\"https:\/\/blog.olimar.de\/#organization\",\"name\":\"OLIMAR Reisen\",\"url\":\"https:\/\/blog.olimar.de\/\",\"logo\":{\"@type\":\"ImageObject\",\"inLanguage\":\"de\",\"@id\":\"https:\/\/blog.olimar.de\/#\/schema\/logo\/image\/\",\"url\":\"https:\/\/blog.olimar.de\/wp-content\/uploads\/2021\/01\/OLIMAR_Logo_COLOR.png\",\"contentUrl\":\"https:\/\/blog.olimar.de\/wp-content\/uploads\/2021\/01\/OLIMAR_Logo_COLOR.png\",\"width\":2000,\"height\":986,\"caption\":\"OLIMAR Reisen\"},\"image\":{\"@id\":\"https:\/\/blog.olimar.de\/#\/schema\/logo\/image\/\"},\"sameAs\":[\"https:\/\/www.facebook.com\/OlimarReisen\",\"https:\/\/x.com\/olimarrreisen\",\"https:\/\/www.instagram.com\/olimarreisen\",\"https:\/\/www.youtube.com\/user\/olimarreisen\"]}]}<\/script>\n<!-- \/ Yoast SEO plugin. -->","yoast_head_json":{"title":"Lissabons K\u00fcste: Palmela hat einen neuen Weinwanderweg","description":"Die Stadt Palmela hat einen neuen Wanderweg f\u00fcr Weinliebhaber er\u00f6ffnet, bei dem Wanderer auf einer Route die Rebsorten kennenlernen.","robots":{"index":"index","follow":"follow","max-snippet":"max-snippet:-1","max-image-preview":"max-image-preview:large","max-video-preview":"max-video-preview:-1"},"canonical":"https:\/\/blog.olimar.de\/palmela-neuer-weinwanderweg\/","og_locale":"de_DE","og_type":"article","og_title":"Lissabons K\u00fcste: Palmela hat einen neuen Weinwanderweg","og_description":"Die Stadt Palmela hat einen neuen Wanderweg f\u00fcr Weinliebhaber er\u00f6ffnet, bei dem Wanderer auf einer Route die Rebsorten kennenlernen.","og_url":"https:\/\/blog.olimar.de\/palmela-neuer-weinwanderweg\/","article_publisher":"https:\/\/www.facebook.com\/OlimarReisen","article_published_time":"2021-05-05T07:42:15+00:00","article_modified_time":"2022-12-17T09:34:15+00:00","og_image":[{"width":1538,"height":988,"url":"https:\/\/blog.olimar.de\/wp-content\/uploads\/2021\/05\/Weinwanderung-Palmela.jpg","type":"image\/jpeg"}],"author":"OLIMAR Redaktionsteam","twitter_misc":{"Verfasst von":"OLIMAR Redaktionsteam","Gesch\u00e4tzte Lesezeit":"3\u00a0Minuten"},"schema":{"@context":"https:\/\/schema.org","@graph":[{"@type":"WebPage","@id":"https:\/\/blog.olimar.de\/palmela-neuer-weinwanderweg\/","url":"https:\/\/blog.olimar.de\/palmela-neuer-weinwanderweg\/","name":"Lissabons K\u00fcste: Palmela hat einen neuen Weinwanderweg","isPartOf":{"@id":"https:\/\/blog.olimar.de\/#website"},"primaryImageOfPage":{"@id":"https:\/\/blog.olimar.de\/palmela-neuer-weinwanderweg\/#primaryimage"},"image":{"@id":"https:\/\/blog.olimar.de\/palmela-neuer-weinwanderweg\/#primaryimage"},"thumbnailUrl":"https:\/\/blog.olimar.de\/wp-content\/uploads\/2021\/05\/Weinwanderung-Palmela.jpg","datePublished":"2021-05-05T07:42:15+00:00","dateModified":"2022-12-17T09:34:15+00:00","description":"Die Stadt Palmela hat einen neuen Wanderweg f\u00fcr Weinliebhaber er\u00f6ffnet, bei dem Wanderer auf einer Route die Rebsorten kennenlernen.","breadcrumb":{"@id":"https:\/\/blog.olimar.de\/palmela-neuer-weinwanderweg\/#breadcrumb"},"inLanguage":"de","potentialAction":[{"@type":"ReadAction","target":["https:\/\/blog.olimar.de\/palmela-neuer-weinwanderweg\/"]}]},{"@type":"ImageObject","inLanguage":"de","@id":"https:\/\/blog.olimar.de\/palmela-neuer-weinwanderweg\/#primaryimage","url":"https:\/\/blog.olimar.de\/wp-content\/uploads\/2021\/05\/Weinwanderung-Palmela.jpg","contentUrl":"https:\/\/blog.olimar.de\/wp-content\/uploads\/2021\/05\/Weinwanderung-Palmela.jpg","width":1538,"height":988,"caption":"Weinwanderweg Palmela"},{"@type":"BreadcrumbList","@id":"https:\/\/blog.olimar.de\/palmela-neuer-weinwanderweg\/#breadcrumb","itemListElement":[{"@type":"ListItem","position":1,"name":"Home","item":"https:\/\/blog.olimar.de\/"},{"@type":"ListItem","position":2,"name":"Lissabons K\u00fcsten","item":"https:\/\/blog.olimar.de\/tag\/lissabons-kuesten\/"},{"@type":"ListItem","position":3,"name":"Palmela hat einen neuen Weinwanderweg"}]},{"@type":"WebSite","@id":"https:\/\/blog.olimar.de\/#website","url":"https:\/\/blog.olimar.de\/","name":"OLIMAR.com","description":"","publisher":{"@id":"https:\/\/blog.olimar.de\/#organization"},"potentialAction":[{"@type":"SearchAction","target":{"@type":"EntryPoint","urlTemplate":"https:\/\/blog.olimar.de\/?s={search_term_string}"},"query-input":{"@type":"PropertyValueSpecification","valueRequired":true,"valueName":"search_term_string"}}],"inLanguage":"de"},{"@type":"Organization","@id":"https:\/\/blog.olimar.de\/#organization","name":"OLIMAR Reisen","url":"https:\/\/blog.olimar.de\/","logo":{"@type":"ImageObject","inLanguage":"de","@id":"https:\/\/blog.olimar.de\/#\/schema\/logo\/image\/","url":"https:\/\/blog.olimar.de\/wp-content\/uploads\/2021\/01\/OLIMAR_Logo_COLOR.png","contentUrl":"https:\/\/blog.olimar.de\/wp-content\/uploads\/2021\/01\/OLIMAR_Logo_COLOR.png","width":2000,"height":986,"caption":"OLIMAR Reisen"},"image":{"@id":"https:\/\/blog.olimar.de\/#\/schema\/logo\/image\/"},"sameAs":["https:\/\/www.facebook.com\/OlimarReisen","https:\/\/x.com\/olimarrreisen","https:\/\/www.instagram.com\/olimarreisen","https:\/\/www.youtube.com\/user\/olimarreisen"]}]}},"modified_by":"Lena Radermacher","jetpack_featured_media_url":"https:\/\/blog.olimar.de\/wp-content\/uploads\/2021\/05\/Weinwanderung-Palmela.jpg","_links":{"self":[{"href":"https:\/\/blog.olimar.de\/wp-json\/wp\/v2\/posts\/16744","targetHints":{"allow":["GET"]}}],"collection":[{"href":"https:\/\/blog.olimar.de\/wp-json\/wp\/v2\/posts"}],"about":[{"href":"https:\/\/blog.olimar.de\/wp-json\/wp\/v2\/types\/post"}],"author":[{"embeddable":true,"href":"https:\/\/blog.olimar.de\/wp-json\/wp\/v2\/users\/9"}],"replies":[{"embeddable":true,"href":"https:\/\/blog.olimar.de\/wp-json\/wp\/v2\/comments?post=16744"}],"version-history":[{"count":15,"href":"https:\/\/blog.olimar.de\/wp-json\/wp\/v2\/posts\/16744\/revisions"}],"predecessor-version":[{"id":22301,"href":"https:\/\/blog.olimar.de\/wp-json\/wp\/v2\/posts\/16744\/revisions\/22301"}],"wp:featuredmedia":[{"embeddable":true,"href":"https:\/\/blog.olimar.de\/wp-json\/wp\/v2\/media\/16757"}],"wp:attachment":[{"href":"https:\/\/blog.olimar.de\/wp-json\/wp\/v2\/media?parent=16744"}],"wp:term":[{"taxonomy":"category","embeddable":true,"href":"https:\/\/blog.olimar.de\/wp-json\/wp\/v2\/categories?post=16744"},{"taxonomy":"post_tag","embeddable":true,"href":"https:\/\/blog.olimar.de\/wp-json\/wp\/v2\/tags?post=16744"}],"curies":[{"name":"wp","href":"https:\/\/api.w.org\/{rel}","templated":true}]}}