{"id":16904,"date":"2021-05-11T10:00:20","date_gmt":"2021-05-11T09:00:20","guid":{"rendered":"https:\/\/blog.olimar.de\/?p=16904"},"modified":"2022-12-11T21:28:17","modified_gmt":"2022-12-11T20:28:17","slug":"portugal-erwacht-aus-dem-dornroeschenschlaf","status":"publish","type":"post","link":"https:\/\/blog.olimar.de\/portugal-erwacht-aus-dem-dornroeschenschlaf\/","title":{"rendered":"Portugal erwacht aus dem Dornr\u00f6schenschlaf"},"content":{"rendered":"\n<p><strong>Kann man in Portugal wieder Urlaub machen und wenn ja, was erwartet mich vor Ort? <br><\/strong><\/p>\n\n\n\n<p>Normalerweise f\u00e4llt es mir leicht, einen passenden Einstieg in einen Artikel zu finden. Dieses Mal war das mein gr\u00f6\u00dfter Knackpunkt. Lesen \u00fcber das Reisen in der tristen Zeit des Lockdowns w\u00e4hrend der ersten, zweiten und auch dritten Welle konnte man viel. Was also berichten, wor\u00fcber nicht schon bereits x-fach geschrieben wurde?<\/p>\n\n\n\n<div class=\"wp-block-buttons is-layout-flex wp-block-buttons-is-layout-flex\">\n<div class=\"wp-block-button\"><a class=\"wp-block-button__link wp-element-button\" href=\"https:\/\/www.olimar.de\/portugal\/\">Portugal Reiseangebote und Hoteltipps entdecken<\/a><\/div>\n<\/div>\n\n\n\n<h2 class=\"wp-block-heading\"><strong>Aktuelle \u00d6ffnungen erm\u00f6glichen Urlaubsfeeling<\/strong><\/h2>\n\n\n\n<p>Als ich vor nicht einmal drei Wochen las, dass sich Portugal mit der schrittweisen \u00d6ffnung nach dem rigorosen Lockdown (seit Dezember!) auf den Beginn der Touristen-Saison vorbereitet und somit vor Ort auch wieder \u201erichtiges\u201c Urlaubsfeeling m\u00f6glich sein w\u00fcrde, habe ich mich spontan f\u00fcr einen Kurztrip entschieden. Aufgrund der fragilen Situation buchte ich zwei Fl\u00fcge nach Lissabon. Die Wahrscheinlichkeit, dass ein Lufthansa-Linienflug aufgrund geringer Auslastung abgesagt werden w\u00fcrde, sch\u00e4tzte ich im Vergleich zu Faro (die Algarve galt zu dem Zeitpunkt laut RKI erneut als Risikogebiet) bei nahezu Null ein. <br><em>Hinweis: die Einstufung wurde am 09.05. aufgehoben.<\/em><\/p>\n<p>F\u00fcr den Flugantritt sind aktuell ein negativer PCR-Test erforderlich, den man 72 Stunden vor Abflug durchf\u00fchren kann sowie die Registrierung \u00fcber die <a href=\"https:\/\/portugalcleanandsafe.pt\/en\/passenger-locator-card\">Passenger Locator Card<\/a> des portugiesischen Gesundheitsamtes. Das war\u2019s auch schon. Detaillierte Informationen zum Fliegen und zur Einreise nach Portugal finden Sie <a href=\"https:\/\/www.olimar.de\/blog\/wissenswertes-urlaub-in-portugal\/\" rel=\"noopener\">hier<\/a>.<\/p>\n<p>Offiziell m\u00f6chte Portugal aufgrund der bei uns nach wie vor hohen Inzidenzzahlen bis Mitte Mai von deutschen Touristen absehen, tats\u00e4chlich ist die Einreise, auch f\u00fcr touristische Zwecke, aber nicht verboten!<\/p>\n\n\n<div class=\"wp-block-image\">\n<figure class=\"aligncenter size-large is-resized\"><img loading=\"lazy\" decoding=\"async\" src=\"https:\/\/blog.olimar.de\/wp-content\/uploads\/2021\/05\/Algarve_Strand.jpg\" alt=\"Algarve weitl\u00e4ufiger Strand\" class=\"wp-image-16948\" width=\"548\" height=\"411\" srcset=\"https:\/\/blog.olimar.de\/wp-content\/uploads\/2021\/05\/Algarve_Strand.jpg 1000w, https:\/\/blog.olimar.de\/wp-content\/uploads\/2021\/05\/Algarve_Strand-300x225.jpg 300w, https:\/\/blog.olimar.de\/wp-content\/uploads\/2021\/05\/Algarve_Strand-768x576.jpg 768w\" sizes=\"auto, (max-width: 548px) 100vw, 548px\" \/><figcaption class=\"wp-element-caption\">Strand von Salgados &#8211; menschenleer&#8230;.!<\/figcaption><\/figure>\n<\/div>\n\n\n<h2 class=\"wp-block-heading\"><strong>Ist Reisen eine Gewissensfrage?<\/strong><\/h2>\n\n\n\n<p>Ob man grunds\u00e4tzlich aktuell reisen m\u00f6chte, muss letztendlich &#8211; wie bei allen Dingen des Lebens &#8211; jeder f\u00fcr sich selbst entscheiden. Die vielen Diskussion rund um Mallorca und die Osterfeiertage als m\u00f6gliches \u201eSuperspreader Event\u201c haben sich im Nachhinein als unn\u00f6tig erwiesen. Reisen ins Ausland sind mit Bedacht durchaus m\u00f6glich.<\/p>\n<p>F\u00fcr manch einen ist es eine Gewissensfrage, \u201esein Geld im Ausland zu lassen\u201c, w\u00e4hrend das innerdeutsche Hotel- und Gastronomiegewerbe nach wie vor stark unter der Pandemie leidet. Ich pers\u00f6nlich denke, das eine hat mit dem anderen nichts zu tun. Man bedenke, dass die meisten Urlaubsl\u00e4nder seitens ihrer Regierung weit weniger oder auch gar nicht finanziell unterst\u00fctzt wurden als das hierzulande der Fall ist. F\u00fcr die meisten von uns vollkommen unvorstellbar, aber manche Existenz dort ist derart bedroht, dass es tats\u00e4chlich ums nackte \u00dcberleben geht.<\/p>\n<p>Im Rahmen der Pandemiebek\u00e4mpfung wurden alleine in den EU-L\u00e4ndern ganz unterschiedliche Strategien verfolgt &#8211; die einen \u00f6ffnen fr\u00fchzeitig und probieren ausgekl\u00fcgelte Konzepte aus, andere \u00fcben sich im Dauer-Lockdown. Die daraus resultierenden Erfolge oder auch Misserfolge hat und wird man weiterhin nat\u00fcrlich erst im Nachhinein bewerten k\u00f6nnen. Doch L\u00e4nder, die extrem vom Tourismus abh\u00e4ngig sind quasi abzustrafen, indem man das Reisen dorthin verteufelt oder schlicht untersagt, finde ich pers\u00f6nlich weder fair noch richtig. Also sind wir gereist.<\/p>\n\n\n\n<h2 class=\"wp-block-heading\"><strong>Willkommen in Portugal<\/strong><\/h2>\n\n\n\n<p>Bei Ankunft in Lissabon wird noch einmal kontrolliert, ob Testart und Ergebnis den aktuellen Einreiseanforderungen entsprechen. Ist auch aus portugiesischer Sicht alles in Ordnung, ist der Weg frei zum Gep\u00e4ckband. Wie auch schon im vergangenen Jahr, wird beim Verlassen des zollfreien Bereiches die Temperatur gemessen. Springt der Sensor nicht an, hei\u00dft es Bem-Vindo em Portugal!<\/p>\n<p>Anders als bei uns sind in Portugal die Gesch\u00e4fte, Restaurants, Bistros, Kneipen wieder ge\u00f6ffnet (in den meisten Concelhos aktuell bis 22.30h). So auch am Flughafen, was dem Ganzen beinahe ein Gef\u00fchl der uns bekannten und lange vermissten Normalit\u00e4t verleiht. Es ist deutlich ruhiger, dennoch ist das Flughafen-Gewusel auch auf kleinem Niveau erkennbar. Sch\u00f6n!<\/p>\n<p>Ein positiver Nebeneffekt des geringen Reiseaufkommens ist, dass man sehr schnell mit allen Formalit\u00e4ten durch ist, so auch mit der Mietwagenanmietung. Und so war innerhalb von nur 20 Minuten der Koffer vom Band, der Vertrag unterschrieben, der Wagen gecheckt und wir quasi mit einem Reifen auf der Ponte de Vasco da Gama Richtung S\u00fcden an die Algarve. Die Temperaturanzeige signalisiert 26 Grad, die Sonne strahlt von einem wolkenlosen Himmel. Happiness pur&#8230;! \ud83d\ude42<br>Die Autobahn ist frei, was auch schon vor der Pandemie normal war, so dass wir ganz gem\u00fctlich innerhalb knapp zweieinhalb Stunden unser Ziel erreicht haben.<\/p>\n\n\n\n<h2 class=\"wp-block-heading\"><strong>Die Algarve bereitet sich auf den Sommer vor <\/strong><\/h2>\n\n\n\n<p><a href=\"https:\/\/www.olimar.de\/portugal\/algarve\/carvoeiro\/\" rel=\"noopener\">Carvoeiro<\/a>, ein ehemaliges verschlafenes Fischer\u00f6rtchen, das in den letzten Jahrzehnten nicht zuletzt aufgrund des Tourismus nat\u00fcrlich stark angewachsen ist. Verschlafen ist es jetzt wieder oder besser: noch. Man sp\u00fcrt deutlich, dass die englischen G\u00e4ste nach wie vor nicht reisen d\u00fcrfen und so ist es insgesamt f\u00fcr Anfang Mai sehr ruhig. Nat\u00fcrlich sieht man nach \u00fcber einem Jahr Pandemie die Spuren, die Corona bereits jetzt hinterlassen hat. Es tun sich diverse Leerst\u00e4nde auf, wo fr\u00fcher kleine L\u00e4den, Restaurants, Kneipen o.\u00e4. ihre Ware angeboten und G\u00e4ste angelockt haben. Ebenso verschwunden sind bis auf weiteres die Stra\u00dfenh\u00e4ndler, an deren Verkaufsst\u00e4nden man Souvenirs jeglicher Art und Korkwaren kaufen konnte. Doch auch wenn alldem eine gewisse Wehmut mitmischt, so ist auch durchaus Positives zu verzeichnen. Es wird viel geh\u00e4mmert, gemauert, verputzt, gestrichen. Die Portugiesen nutzen die Zeit, sich auf den Sommer vorzubereiten und sich ihren G\u00e4sten in K\u00fcrze wieder im besten Gewand zu pr\u00e4sentieren.<\/p>\n<p>Nach langen Monaten der Entbehrung freuen sie sich \u00fcber die wenigen Touristen, die schon heute wieder Fu\u00df in ihre kleine Welt setzen. So wird man \u00fcberall mit offenen Armen empfangen.<\/p>\n<p>Auf der Stra\u00dfe ist keine Maske verpflichtend zu tragen, doch die meisten Portugiesen halten sich nach wie vor daran. Beim Betreten der Restaurants oder sonstigen Einrichtungen ist diese nat\u00fcrlich obligatorisch, wie auch bei uns zu Hause. Davon abgesehen kann man sich v\u00f6llig normal bewegen. Hier ist kein Tagestest erforderlich.<\/p>\n\n\n<div class=\"wp-block-image\">\n<figure class=\"aligncenter is-resized\"><img loading=\"lazy\" decoding=\"async\" src=\"https:\/\/blog.olimar.de\/wp-content\/uploads\/2021\/05\/PT-Algarve_Strand.jpg\" alt=\"Portugal verzaubert mit Traumstr\u00e4nden\" class=\"wp-image-16956\" width=\"585\" height=\"413\" srcset=\"https:\/\/blog.olimar.de\/wp-content\/uploads\/2021\/05\/PT-Algarve_Strand.jpg 1000w, https:\/\/blog.olimar.de\/wp-content\/uploads\/2021\/05\/PT-Algarve_Strand-300x212.jpg 300w, https:\/\/blog.olimar.de\/wp-content\/uploads\/2021\/05\/PT-Algarve_Strand-768x544.jpg 768w\" sizes=\"auto, (max-width: 585px) 100vw, 585px\" \/><figcaption class=\"wp-element-caption\">Strand von Caneiros<\/figcaption><\/figure>\n<\/div>\n\n\n<p>Die Str\u00e4nde sind leer und mitunter gibt es (noch) keinen Bademeisterservice, womit auch die Strandliegen und fest montierten Sonnenschirme wegfallen. Ich pers\u00f6nlich liege ohnehin viel lieber direkt im warmen Sand, von daher versp\u00fcre ich keinerlei Einbu\u00dfen. Reservierungen in den Restaurants sind, zumindest an der Algarve, aktuell unn\u00f6tig.<\/p>\n<p>Neben vereinzelt deutschsprachigen G\u00e4sten, h\u00f6rt man vor allem Holl\u00e4nder und Franzosen, was mich tats\u00e4chlich verwundert, sind die Inzidenzen in diesen beiden L\u00e4ndern weit h\u00f6her als in Deutschland (so viel zum Thema Reiseverbot!).<\/p>\n\n\n<div class=\"wp-block-image\">\n<figure class=\"aligncenter is-resized\"><img loading=\"lazy\" decoding=\"async\" src=\"https:\/\/blog.olimar.de\/wp-content\/uploads\/2021\/05\/PT-Algarve_Caneiros.jpg\" alt=\"Algarve Caneiros\" class=\"wp-image-16954\" width=\"478\" height=\"358\" srcset=\"https:\/\/blog.olimar.de\/wp-content\/uploads\/2021\/05\/PT-Algarve_Caneiros.jpg 1000w, https:\/\/blog.olimar.de\/wp-content\/uploads\/2021\/05\/PT-Algarve_Caneiros-300x225.jpg 300w, https:\/\/blog.olimar.de\/wp-content\/uploads\/2021\/05\/PT-Algarve_Caneiros-768x576.jpg 768w\" sizes=\"auto, (max-width: 478px) 100vw, 478px\" \/><\/figure>\n<\/div>\n\n\n<h2 class=\"wp-block-heading\"><strong>Die Portugiesen sind vorsichtig<\/strong><\/h2>\n\n\n\n<p>Die Portugiesen sind sehr vorsichtig und achten \u2013 egal wo \u2013 noch viel genauer als bei uns auf die Einhaltung der Hygienema\u00dfnahmen. \u00dcberall stehen Desinfektionsspender und man wird vom Personal bei Eintritt (egal ob Gesch\u00e4ft, Restaurant oder Hotel) aufgefordert, sich die H\u00e4nde zu desinfizieren. Die Hotels haben nach wie vor eine geringe Auslastung, so dass sich prinzipiell schon mal nichts knubbeln kann.<\/p>\n\n\n\n<div class=\"wp-block-jetpack-tiled-gallery aligncenter is-style-rectangular\"><div class=\"tiled-gallery__gallery\"><div class=\"tiled-gallery__row\"><div class=\"tiled-gallery__col\" style=\"flex-basis:63.73910%\"><figure class=\"tiled-gallery__item\"><img decoding=\"async\" alt=\"Algarve Hotel Tivoli Beleuchtung\" data-height=\"1000\" data-id=\"16952\" data-link=\"https:\/\/blog.olimar.de\/algarve_tivoli\/\" data-url=\"https:\/\/blog.olimar.de\/wp-content\/uploads\/2021\/05\/Algarve_Tivoli.jpg\" data-width=\"1000\" src=\"https:\/\/i0.wp.com\/blog.olimar.de\/wp-content\/uploads\/2021\/05\/Algarve_Tivoli.jpg?ssl=1\" data-amp-layout=\"responsive\"\/><\/figure><\/div><div class=\"tiled-gallery__col\" style=\"flex-basis:36.26090%\"><figure class=\"tiled-gallery__item\"><img decoding=\"async\" alt=\"Algarve Hotel Tivoli Terrasse Portugal\" data-height=\"750\" data-id=\"16951\" data-link=\"https:\/\/blog.olimar.de\/algarve_tivoli-4\/\" data-url=\"https:\/\/blog.olimar.de\/wp-content\/uploads\/2021\/05\/Algarve_Tivoli-4.jpg\" data-width=\"1000\" src=\"https:\/\/i0.wp.com\/blog.olimar.de\/wp-content\/uploads\/2021\/05\/Algarve_Tivoli-4.jpg?ssl=1\" data-amp-layout=\"responsive\"\/><\/figure><figure class=\"tiled-gallery__item\"><img decoding=\"async\" alt=\"Algarve Hotel Tivoli Strandblick\" data-height=\"1000\" data-id=\"16950\" data-link=\"https:\/\/blog.olimar.de\/algarve_tivoli-3\/\" data-url=\"https:\/\/blog.olimar.de\/wp-content\/uploads\/2021\/05\/Algarve_Tivoli-3.jpg\" data-width=\"1000\" src=\"https:\/\/i2.wp.com\/blog.olimar.de\/wp-content\/uploads\/2021\/05\/Algarve_Tivoli-3.jpg?ssl=1\" data-amp-layout=\"responsive\"\/><\/figure><\/div><\/div><div class=\"tiled-gallery__row\"><div class=\"tiled-gallery__col\" style=\"flex-basis:100.00000%\"><figure class=\"tiled-gallery__item\"><img decoding=\"async\" alt=\"Ausblick Tivoli Carvoeiro\" data-height=\"750\" data-id=\"16957\" data-link=\"https:\/\/blog.olimar.de\/pt-algarve_tivoli-2\/\" data-url=\"https:\/\/blog.olimar.de\/wp-content\/uploads\/2021\/05\/PT-Algarve_Tivoli-2.jpg\" data-width=\"1000\" src=\"https:\/\/i1.wp.com\/blog.olimar.de\/wp-content\/uploads\/2021\/05\/PT-Algarve_Tivoli-2.jpg?ssl=1\" data-amp-layout=\"responsive\"\/><\/figure><\/div><\/div><\/div><\/div>\n\n\n\n<p>Wir bleiben einige Tage im <a href=\"https:\/\/rms.olimar.de\/code\/FAO471\" rel=\"noopener\">Tivoli Carvoeiro<\/a>. Das Hotel besticht alleine durch seine spektakul\u00e4re Lage auf den Klippen oberhalb des Praia de Vale Covo. Die Tische stehen beim Fr\u00fchst\u00fcck mindestens 2 Meter voneinander entfernt, so dass man &#8211; obendrein an der frischen Luft &#8211; ganz sicher keiner Aerosol-Gefahr ausgesetzt ist. Um die Maske w\u00e4hrend des Essens auf dem Tisch ablegen zu k\u00f6nnen, werden den G\u00e4sten Papierbeutel gereicht. Hier wurde wirklich an alles gedacht! An jedem B\u00fcffetstand gibt es Personal, das einem die gew\u00fcnschten Speisen auf einem Teller serviert, so dass es auch hier zu keinerlei Kontakten kommt. Die Tische und St\u00fchle werden jedes Mal nach Verlassen der G\u00e4ste gereinigt und desinfiziert (im \u00dcbrigen erhalten auch die Mietwagen ein <a href=\"https:\/\/portugalcleanandsafe.com\/en\" rel=\"noopener\">Clean&amp;Safe-Siegel<\/a> der portugiesischen Tourismusbeh\u00f6rde). Ich m\u00f6chte behaupten, dass die Wahrscheinlichkeit, sich hier anzustecken, mit Sicherheit weitaus geringer ist als im allt\u00e4glichen Trubel unserer Superm\u00e4rkte.<\/p>\n<p><em>\u00dcbrigens: Das Tivoli Carvoeiro hat eine Kooperation mit einer Privatklinik in Loul\u00e9. Auf Wunsch kommen die \u00c4rzte zum erforderlichen Corona-Schnelltest f\u00fcr den R\u00fcckflug ins Hotel, um den Test vor Ort durchzuf\u00fchren. Die Kosten f\u00fcr den Service liegen bei ca. 80\u20ac pro Person.<\/em><\/p>\n\n\n\n<h2 class=\"wp-block-heading\"><strong>Fr\u00fchlingsgef\u00fchle im Alentejo<\/strong><\/h2>\n\n\n\n<p>Unsere Fahrt zur\u00fcck nach <a href=\"https:\/\/www.olimar.de\/blog\/tag\/lissabon\/\" rel=\"noopener\">Lissabon<\/a> geht durch den <a href=\"https:\/\/www.olimar.de\/portugal\/alentejo\/\" rel=\"noopener\">Alentejo<\/a>. Der Mai ist f\u00fcr mich generell einer der sch\u00f6nsten Monate um zu reisen, nicht nur in Portugal. Die Landschaft ist unsagbar gr\u00fcn. Selbst in sonst kargen, verdorrten Ebenen sprie\u00dfen vereinzelte Farbtupfer. Und wo man auch hinguckt: St\u00f6rche, die ihre Nester h\u00fcten und sich um den Nachwuchs k\u00fcmmern. Ja, auch die Natur erwacht wieder zum Leben&#8230;<\/p>\n\n\n\n<div class=\"wp-block-jetpack-tiled-gallery aligncenter is-style-rectangular\"><div class=\"tiled-gallery__gallery\"><div class=\"tiled-gallery__row\"><div class=\"tiled-gallery__col\" style=\"flex-basis:50.00000%\"><figure class=\"tiled-gallery__item\"><img decoding=\"async\" alt=\"St\u00f6rche in Comporta in Portugal\" data-height=\"750\" data-id=\"16959\" data-link=\"https:\/\/blog.olimar.de\/pt-comporta_stoerche\/\" data-url=\"https:\/\/blog.olimar.de\/wp-content\/uploads\/2021\/05\/PT-Comporta_Stoerche.jpg\" data-width=\"1000\" src=\"https:\/\/i1.wp.com\/blog.olimar.de\/wp-content\/uploads\/2021\/05\/PT-Comporta_Stoerche.jpg?ssl=1\" data-amp-layout=\"responsive\"\/><\/figure><\/div><div class=\"tiled-gallery__col\" style=\"flex-basis:50.00000%\"><figure class=\"tiled-gallery__item\"><img decoding=\"async\" alt=\"Strand von Comporta\" data-height=\"750\" data-id=\"16958\" data-link=\"https:\/\/blog.olimar.de\/pt-comporta\/\" data-url=\"https:\/\/blog.olimar.de\/wp-content\/uploads\/2021\/05\/PT-Comporta.jpg\" data-width=\"1000\" src=\"https:\/\/i1.wp.com\/blog.olimar.de\/wp-content\/uploads\/2021\/05\/PT-Comporta.jpg?ssl=1\" data-amp-layout=\"responsive\"\/><\/figure><\/div><\/div><\/div><\/div>\n\n\n\n<p>Bevor wir in die Stadt fahren, unternehmen wir einen kurzen Abstecher nach Comporta, einer aufstrebenden Region im n\u00f6rdlichen Alentejo. Durch unendlich erscheinende Pinienw\u00e4lder Richtung Meer und vorbei an gro\u00dffl\u00e4chigen Reisfeldern, erreichen wir den Praia de Carvalhal. Ein Teilabschnitt des insgesamt 60 Kilometer langen wei\u00dfen Feinsandstrandes, der sich von der Halbinsel Tro\u00eda bis nach Sines erstreckt. Auch hier geht es gem\u00e4\u00dfigt zu, doch die Strandrestaurants haben seit wenigen Tagen wieder ge\u00f6ffnet. Wir kehren ein im Restaurante \u201e<a href=\"https:\/\/comporta.biz\/restaurants\/dinis-carvalhal-beach\/\">O Dinis<\/a>\u201c, einem klassischen Strandlokal mit authentischer portugiesischer K\u00fcche. Gleich nebenan hat auch der etwas exklusivere <a href=\"https:\/\/www.sublimecomportabeachclub.pt\">Sublime Beach Club<\/a> seine Pforten ge\u00f6ffnet, der mich ein wenig an die Sansibar auf Sylt erinnert. Ohne Zweifel ebenfalls eine Top-Location, am liebsten jedoch am Abend mit Sundowner-Drink in der Hand und den F\u00fc\u00dfen im Sand&#8230;<\/p>\n\n\n\n<p>Am Nachmittag nehmen wir die F\u00e4hre von Tro\u00eda nach Set\u00fabal (Kosten f\u00fcr die \u00dcberfahrt mit einem Wagen, Fahrer und zus\u00e4tzlicher Person 23,10\u20ac). Die \u00dcberfahrt dauert 30 Minuten. Von dort aus ist es nur noch ein Katzensprung in die Hauptstadt. <br><em>Hinweis: Nicht vergessen, das Ticket vorab am Automaten bzw. am Kassenh\u00e4uschen zu kaufen, auf der F\u00e4hre selber kann man nichts mehr l\u00f6sen!<\/em><\/p>\n\n\n\n<h2 class=\"wp-block-heading\"><strong>Lissabon und viel Saudade<\/strong><\/h2>\n\n\n\n<p>Lissabon, die wei\u00dfe Stadt am Tejo bildet einen wundervollen Abschluss unseres Kurztrips. Die Stadt pr\u00e4sentiert sich im Sonnenlicht strahlend wei\u00df und im Vergleich zu den vergangen Jahren des Overtourism angenehm ruhig. Nirgendwo Menschenmassen, keinerlei Anstehen und es sind hauptsachlich Locals, die unterwegs sind und ihre Stadt f\u00fcr sich (zur\u00fcck)erobern. Wir schlendern durch die Gassen der Baixa bis hin zum Pra\u00e7a do Com\u00e9rcio, der sich weitl\u00e4ufig \u00fcberblicken l\u00e4sst. Von dort aus hoch durchs Chiado Viertel und Bairro Alto, dann wieder runter zum Fluss&#8230; Das bunte Treiben auf den Stra\u00dfen bringt richtig gute Laune und erscheint uns, die nur noch ausgestorbene Innenst\u00e4dte gewohnt sind, irgendwie surreal.<\/p>\n\n\n\n<div class=\"wp-block-jetpack-tiled-gallery aligncenter is-style-rectangular\"><div class=\"tiled-gallery__gallery\"><div class=\"tiled-gallery__row\"><div class=\"tiled-gallery__col\" style=\"flex-basis:63.96477%\"><figure class=\"tiled-gallery__item\"><img decoding=\"async\" alt=\"Lissabon Pra\u00e7a do Com\u00e9rcio\" data-height=\"750\" data-id=\"16963\" data-link=\"https:\/\/blog.olimar.de\/pt-lissabon-praca-do-comercio\/\" data-url=\"https:\/\/blog.olimar.de\/wp-content\/uploads\/2021\/05\/PT-Lissabon-Praca-do-Comercio.jpg\" data-width=\"1000\" src=\"https:\/\/i0.wp.com\/blog.olimar.de\/wp-content\/uploads\/2021\/05\/PT-Lissabon-Praca-do-Comercio.jpg?ssl=1\" data-amp-layout=\"responsive\"\/><\/figure><\/div><div class=\"tiled-gallery__col\" style=\"flex-basis:36.03523%\"><figure class=\"tiled-gallery__item\"><img decoding=\"async\" alt=\"Elevador de Santa Justa Lissabon\" data-height=\"1000\" data-id=\"16962\" data-link=\"https:\/\/blog.olimar.de\/pt-lissabon-elevador-de-santa-justa\/\" data-url=\"https:\/\/blog.olimar.de\/wp-content\/uploads\/2021\/05\/PT-Lissabon-Elevador-de-Santa-Justa.jpg\" data-width=\"750\" src=\"https:\/\/i2.wp.com\/blog.olimar.de\/wp-content\/uploads\/2021\/05\/PT-Lissabon-Elevador-de-Santa-Justa.jpg?ssl=1\" data-amp-layout=\"responsive\"\/><\/figure><\/div><\/div><\/div><\/div>\n\n\n\n<p>Auch wenn beliebte Touristenmagnete wie bspw. der Mercado da Ribeira (<a href=\"https:\/\/www.timeoutmarket.com\/lisboa\/en\">Timeout Market<\/a>) nach wie vor geschlossen sind, sind die Restaurants allgemein durchaus gut besucht. Zumindest an den Wochenenden empfiehlt sich daher eine Reservierung. Wir nehmen die Wartezeit auf einen begehrten Tisch gerne in Kauf&#8230;<\/p>\n<p>F\u00fcr unseren R\u00fcckflug nach Deutschland ben\u00f6tigen wir einen negativen Corona Schnelltest (max. 48h alt). Dieser kann in verschiedenen Apotheken der Stadt durchgef\u00fchrt werden (Kosten 45\u20ac p.P.). <br><em>Hinweis: Nicht alle Apotheken f\u00fchren den Test auch am Wochenende durch, daher bestenfalls nicht erst in letzter Minute loslaufen!<\/em><\/p>\n\n\n\n<div class=\"wp-block-jetpack-tiled-gallery aligncenter is-style-rectangular\"><div class=\"tiled-gallery__gallery\"><div class=\"tiled-gallery__row\"><div class=\"tiled-gallery__col\" style=\"flex-basis:46.90519%\"><figure class=\"tiled-gallery__item\"><img decoding=\"async\" alt=\"Lissabon Streetlife\" data-height=\"750\" data-id=\"16961\" data-link=\"https:\/\/blog.olimar.de\/pt-lissabon-eindruecke-aus-der-stadt\/\" data-url=\"https:\/\/blog.olimar.de\/wp-content\/uploads\/2021\/05\/PT-Lissabon-Eindruecke-aus-der-Stadt.jpg\" data-width=\"1000\" src=\"https:\/\/i2.wp.com\/blog.olimar.de\/wp-content\/uploads\/2021\/05\/PT-Lissabon-Eindruecke-aus-der-Stadt.jpg?ssl=1\" data-amp-layout=\"responsive\"\/><\/figure><figure class=\"tiled-gallery__item\"><img decoding=\"async\" alt=\"Lissabon Streetlife\" data-height=\"750\" data-id=\"16960\" data-link=\"https:\/\/blog.olimar.de\/pt-lissabon\/\" data-url=\"https:\/\/blog.olimar.de\/wp-content\/uploads\/2021\/05\/PT-Lissabon.jpg\" data-width=\"1000\" src=\"https:\/\/i0.wp.com\/blog.olimar.de\/wp-content\/uploads\/2021\/05\/PT-Lissabon.jpg?ssl=1\" data-amp-layout=\"responsive\"\/><\/figure><\/div><div class=\"tiled-gallery__col\" style=\"flex-basis:53.09481%\"><figure class=\"tiled-gallery__item\"><img decoding=\"async\" alt=\"Lissabon Streetlife\" data-height=\"1000\" data-id=\"16953\" data-link=\"https:\/\/blog.olimar.de\/lis_streetlife\/\" data-url=\"https:\/\/blog.olimar.de\/wp-content\/uploads\/2021\/05\/LIS_Streetlife.jpg\" data-width=\"750\" src=\"https:\/\/i1.wp.com\/blog.olimar.de\/wp-content\/uploads\/2021\/05\/LIS_Streetlife.jpg?ssl=1\" data-amp-layout=\"responsive\"\/><\/figure><\/div><\/div><\/div><\/div>\n\n\n\n<p>Wir kr\u00f6nen unsere Reise mit einem letzten Drink auf der Rooftop Bar des zentral gelegenen <a href=\"https:\/\/rms.olimar.de\/code\/lis124\" rel=\"noopener\">Hotel Mundial<\/a> und genie\u00dfen von der 9. Etage aus die wundervolle Aussicht \u00fcber die D\u00e4cher der Stadt bis hin zum Tejo. Von weitem erkennt man die illuminierte Jesus Statue, die ihre Arme scheinbar besch\u00fctzend \u00fcber die Stadt h\u00e4lt. Ich dr\u00fccke den Portugiesen und uns allen die Daumen, dass wir Corona endlich \u00fcberstanden haben und Reisen wieder ein selbstverst\u00e4ndlicher Teil unseres Lebens wird!<\/p>\n\n\n\n<p><u><em>Kulinarische Tipps:<\/em><\/u><\/p>\n<ul>\n<li><a href=\"https:\/\/casa-algarvia.com\/\">Casa Algarvia<\/a><\/li>\n<li><a href=\"https:\/\/www.restaurantereidaspraias.com\/\">O Rei das Praias<\/a><\/li>\n<li><a href=\"http:\/\/www.marisqueirarui.pt\/\">Marisqueira Rui<\/a><\/li>\n<li><a href=\"https:\/\/ossalgados.pt\/\">Os Salgados<\/a><\/li>\n<li><a href=\"https:\/\/de-de.facebook.com\/opescadorbenagil\/\">O Pescador<\/a><\/li>\n<li><a href=\"https:\/\/comporta.biz\/restaurants\/dinis-carvalhal-beach\/\">O Dinis<\/a><\/li>\n<li><a href=\"https:\/\/www.restaurantepinoquio.pt\/\">Cervejaria Pinoquiu<\/a><\/li>\n<li><a href=\"https:\/\/www.montemar.pt\/en\/Menu\/Restaurants\/Lisbon-Restaurant.aspx\">Monte Mar<\/a><\/li>\n<li><a href=\"https:\/\/www.bairrodoavillez.pt\/en\/\">Bairro de Avillez<\/a><\/li>\n<\/ul>\n\n\n\n<div class=\"wp-block-buttons is-layout-flex wp-block-buttons-is-layout-flex\">\n<div class=\"wp-block-button\"><a class=\"wp-block-button__link wp-element-button\" href=\"https:\/\/www.olimar.de\/hotellistung\/\">Jetzt Urlaubsangebote finden und buchen<\/a><\/div>\n<\/div>\n\n\n\n<div style=\"height:100px\" aria-hidden=\"true\" class=\"wp-block-spacer\"><\/div>\n","protected":false},"excerpt":{"rendered":"<p>Kann man in Portugal wieder Urlaub machen und wenn ja, was erwartet mich vor Ort? Normalerweise f\u00e4llt es mir leicht, einen passenden Einstieg in einen Artikel zu finden. Dieses Mal war das mein gr\u00f6\u00dfter Knackpunkt. Lesen \u00fcber das Reisen in der tristen Zeit des Lockdowns w\u00e4hrend der ersten, zweiten und auch dritten Welle konnte man viel. Was also berichten, wor\u00fcber nicht schon bereits x-fach geschrieben wurde? Aktuelle \u00d6ffnungen erm\u00f6glichen Urlaubsfeeling Als ich vor nicht einmal drei Wochen las, dass sich Portugal mit der schrittweisen \u00d6ffnung nach dem rigorosen Lockdown (seit Dezember!) auf den Beginn der Touristen-Saison vorbereitet und somit vor Ort &hellip;<\/p>\n","protected":false},"author":29,"featured_media":16955,"comment_status":"open","ping_status":"open","sticky":false,"template":"","format":"standard","meta":{"_crdt_document":"","_lmt_disableupdate":"","_lmt_disable":"","footnotes":""},"categories":[31,216],"tags":[22,24,25,34],"class_list":["post-16904","post","type-post","status-publish","format-standard","has-post-thumbnail","hentry","category-land-leute","category-sicher-reisen","tag-alentejo","tag-algarve","tag-lissabon","tag-portugal"],"yoast_head":"<!-- This site is optimized with the Yoast SEO plugin v26.9 - https:\/\/yoast.com\/product\/yoast-seo-wordpress\/ -->\n<title>Portugal erwacht aus dem Dornr\u00f6schenschlaf - Meine Reiseerfahrung<\/title>\n<meta name=\"description\" content=\"Nach Monaten des strikten Lockdowns erwacht Portugal aus dem Dornr\u00f6schenschlaf und bereitet sich auf den Sommer vor. Ein Kurztrip dorthin.\" \/>\n<meta name=\"robots\" content=\"index, follow, max-snippet:-1, max-image-preview:large, max-video-preview:-1\" \/>\n<link rel=\"canonical\" href=\"https:\/\/blog.olimar.de\/portugal-erwacht-aus-dem-dornroeschenschlaf\/\" \/>\n<meta property=\"og:locale\" content=\"de_DE\" \/>\n<meta property=\"og:type\" content=\"article\" \/>\n<meta property=\"og:title\" content=\"Portugal erwacht aus dem Dornr\u00f6schenschlaf - Meine Reiseerfahrung\" \/>\n<meta property=\"og:description\" content=\"Nach Monaten des strikten Lockdowns erwacht Portugal aus dem Dornr\u00f6schenschlaf und bereitet sich auf den Sommer vor. Ein Kurztrip dorthin.\" \/>\n<meta property=\"og:url\" content=\"https:\/\/blog.olimar.de\/portugal-erwacht-aus-dem-dornroeschenschlaf\/\" \/>\n<meta property=\"article:publisher\" content=\"https:\/\/www.facebook.com\/OlimarReisen\" \/>\n<meta property=\"article:published_time\" content=\"2021-05-11T09:00:20+00:00\" \/>\n<meta property=\"article:modified_time\" content=\"2022-12-11T20:28:17+00:00\" \/>\n<meta property=\"og:image\" content=\"https:\/\/blog.olimar.de\/wp-content\/uploads\/2021\/05\/PT-Algarve_Carvoeiro.jpg\" \/>\n\t<meta property=\"og:image:width\" content=\"1000\" \/>\n\t<meta property=\"og:image:height\" content=\"750\" \/>\n\t<meta property=\"og:image:type\" content=\"image\/jpeg\" \/>\n<meta name=\"author\" content=\"Natalie Zahn\" \/>\n<meta name=\"twitter:label1\" content=\"Verfasst von\" \/>\n\t<meta name=\"twitter:data1\" content=\"Natalie Zahn\" \/>\n\t<meta name=\"twitter:label2\" content=\"Gesch\u00e4tzte Lesezeit\" \/>\n\t<meta name=\"twitter:data2\" content=\"13\u00a0Minuten\" \/>\n<script type=\"application\/ld+json\" class=\"yoast-schema-graph\">{\"@context\":\"https:\/\/schema.org\",\"@graph\":[{\"@type\":\"WebPage\",\"@id\":\"https:\/\/blog.olimar.de\/portugal-erwacht-aus-dem-dornroeschenschlaf\/\",\"url\":\"https:\/\/blog.olimar.de\/portugal-erwacht-aus-dem-dornroeschenschlaf\/\",\"name\":\"Portugal erwacht aus dem Dornr\u00f6schenschlaf - Meine Reiseerfahrung\",\"isPartOf\":{\"@id\":\"https:\/\/blog.olimar.de\/#website\"},\"primaryImageOfPage\":{\"@id\":\"https:\/\/blog.olimar.de\/portugal-erwacht-aus-dem-dornroeschenschlaf\/#primaryimage\"},\"image\":{\"@id\":\"https:\/\/blog.olimar.de\/portugal-erwacht-aus-dem-dornroeschenschlaf\/#primaryimage\"},\"thumbnailUrl\":\"https:\/\/blog.olimar.de\/wp-content\/uploads\/2021\/05\/PT-Algarve_Carvoeiro.jpg\",\"datePublished\":\"2021-05-11T09:00:20+00:00\",\"dateModified\":\"2022-12-11T20:28:17+00:00\",\"description\":\"Nach Monaten des strikten Lockdowns erwacht Portugal aus dem Dornr\u00f6schenschlaf und bereitet sich auf den Sommer vor. Ein Kurztrip dorthin.\",\"breadcrumb\":{\"@id\":\"https:\/\/blog.olimar.de\/portugal-erwacht-aus-dem-dornroeschenschlaf\/#breadcrumb\"},\"inLanguage\":\"de\",\"potentialAction\":[{\"@type\":\"ReadAction\",\"target\":[\"https:\/\/blog.olimar.de\/portugal-erwacht-aus-dem-dornroeschenschlaf\/\"]}]},{\"@type\":\"ImageObject\",\"inLanguage\":\"de\",\"@id\":\"https:\/\/blog.olimar.de\/portugal-erwacht-aus-dem-dornroeschenschlaf\/#primaryimage\",\"url\":\"https:\/\/blog.olimar.de\/wp-content\/uploads\/2021\/05\/PT-Algarve_Carvoeiro.jpg\",\"contentUrl\":\"https:\/\/blog.olimar.de\/wp-content\/uploads\/2021\/05\/PT-Algarve_Carvoeiro.jpg\",\"width\":1000,\"height\":750,\"caption\":\"Algarve Carvoeiro\"},{\"@type\":\"BreadcrumbList\",\"@id\":\"https:\/\/blog.olimar.de\/portugal-erwacht-aus-dem-dornroeschenschlaf\/#breadcrumb\",\"itemListElement\":[{\"@type\":\"ListItem\",\"position\":1,\"name\":\"Home\",\"item\":\"https:\/\/blog.olimar.de\/\"},{\"@type\":\"ListItem\",\"position\":2,\"name\":\"Alentejo\",\"item\":\"https:\/\/blog.olimar.de\/tag\/alentejo\/\"},{\"@type\":\"ListItem\",\"position\":3,\"name\":\"Portugal erwacht aus dem Dornr\u00f6schenschlaf\"}]},{\"@type\":\"WebSite\",\"@id\":\"https:\/\/blog.olimar.de\/#website\",\"url\":\"https:\/\/blog.olimar.de\/\",\"name\":\"OLIMAR.com\",\"description\":\"\",\"publisher\":{\"@id\":\"https:\/\/blog.olimar.de\/#organization\"},\"potentialAction\":[{\"@type\":\"SearchAction\",\"target\":{\"@type\":\"EntryPoint\",\"urlTemplate\":\"https:\/\/blog.olimar.de\/?s={search_term_string}\"},\"query-input\":{\"@type\":\"PropertyValueSpecification\",\"valueRequired\":true,\"valueName\":\"search_term_string\"}}],\"inLanguage\":\"de\"},{\"@type\":\"Organization\",\"@id\":\"https:\/\/blog.olimar.de\/#organization\",\"name\":\"OLIMAR Reisen\",\"url\":\"https:\/\/blog.olimar.de\/\",\"logo\":{\"@type\":\"ImageObject\",\"inLanguage\":\"de\",\"@id\":\"https:\/\/blog.olimar.de\/#\/schema\/logo\/image\/\",\"url\":\"https:\/\/blog.olimar.de\/wp-content\/uploads\/2021\/01\/OLIMAR_Logo_COLOR.png\",\"contentUrl\":\"https:\/\/blog.olimar.de\/wp-content\/uploads\/2021\/01\/OLIMAR_Logo_COLOR.png\",\"width\":2000,\"height\":986,\"caption\":\"OLIMAR Reisen\"},\"image\":{\"@id\":\"https:\/\/blog.olimar.de\/#\/schema\/logo\/image\/\"},\"sameAs\":[\"https:\/\/www.facebook.com\/OlimarReisen\",\"https:\/\/x.com\/olimarrreisen\",\"https:\/\/www.instagram.com\/olimarreisen\",\"https:\/\/www.youtube.com\/user\/olimarreisen\"]}]}<\/script>\n<!-- \/ Yoast SEO plugin. -->","yoast_head_json":{"title":"Portugal erwacht aus dem Dornr\u00f6schenschlaf - Meine Reiseerfahrung","description":"Nach Monaten des strikten Lockdowns erwacht Portugal aus dem Dornr\u00f6schenschlaf und bereitet sich auf den Sommer vor. Ein Kurztrip dorthin.","robots":{"index":"index","follow":"follow","max-snippet":"max-snippet:-1","max-image-preview":"max-image-preview:large","max-video-preview":"max-video-preview:-1"},"canonical":"https:\/\/blog.olimar.de\/portugal-erwacht-aus-dem-dornroeschenschlaf\/","og_locale":"de_DE","og_type":"article","og_title":"Portugal erwacht aus dem Dornr\u00f6schenschlaf - Meine Reiseerfahrung","og_description":"Nach Monaten des strikten Lockdowns erwacht Portugal aus dem Dornr\u00f6schenschlaf und bereitet sich auf den Sommer vor. Ein Kurztrip dorthin.","og_url":"https:\/\/blog.olimar.de\/portugal-erwacht-aus-dem-dornroeschenschlaf\/","article_publisher":"https:\/\/www.facebook.com\/OlimarReisen","article_published_time":"2021-05-11T09:00:20+00:00","article_modified_time":"2022-12-11T20:28:17+00:00","og_image":[{"width":1000,"height":750,"url":"https:\/\/blog.olimar.de\/wp-content\/uploads\/2021\/05\/PT-Algarve_Carvoeiro.jpg","type":"image\/jpeg"}],"author":"Natalie Zahn","twitter_misc":{"Verfasst von":"Natalie Zahn","Gesch\u00e4tzte Lesezeit":"13\u00a0Minuten"},"schema":{"@context":"https:\/\/schema.org","@graph":[{"@type":"WebPage","@id":"https:\/\/blog.olimar.de\/portugal-erwacht-aus-dem-dornroeschenschlaf\/","url":"https:\/\/blog.olimar.de\/portugal-erwacht-aus-dem-dornroeschenschlaf\/","name":"Portugal erwacht aus dem Dornr\u00f6schenschlaf - Meine Reiseerfahrung","isPartOf":{"@id":"https:\/\/blog.olimar.de\/#website"},"primaryImageOfPage":{"@id":"https:\/\/blog.olimar.de\/portugal-erwacht-aus-dem-dornroeschenschlaf\/#primaryimage"},"image":{"@id":"https:\/\/blog.olimar.de\/portugal-erwacht-aus-dem-dornroeschenschlaf\/#primaryimage"},"thumbnailUrl":"https:\/\/blog.olimar.de\/wp-content\/uploads\/2021\/05\/PT-Algarve_Carvoeiro.jpg","datePublished":"2021-05-11T09:00:20+00:00","dateModified":"2022-12-11T20:28:17+00:00","description":"Nach Monaten des strikten Lockdowns erwacht Portugal aus dem Dornr\u00f6schenschlaf und bereitet sich auf den Sommer vor. Ein Kurztrip dorthin.","breadcrumb":{"@id":"https:\/\/blog.olimar.de\/portugal-erwacht-aus-dem-dornroeschenschlaf\/#breadcrumb"},"inLanguage":"de","potentialAction":[{"@type":"ReadAction","target":["https:\/\/blog.olimar.de\/portugal-erwacht-aus-dem-dornroeschenschlaf\/"]}]},{"@type":"ImageObject","inLanguage":"de","@id":"https:\/\/blog.olimar.de\/portugal-erwacht-aus-dem-dornroeschenschlaf\/#primaryimage","url":"https:\/\/blog.olimar.de\/wp-content\/uploads\/2021\/05\/PT-Algarve_Carvoeiro.jpg","contentUrl":"https:\/\/blog.olimar.de\/wp-content\/uploads\/2021\/05\/PT-Algarve_Carvoeiro.jpg","width":1000,"height":750,"caption":"Algarve Carvoeiro"},{"@type":"BreadcrumbList","@id":"https:\/\/blog.olimar.de\/portugal-erwacht-aus-dem-dornroeschenschlaf\/#breadcrumb","itemListElement":[{"@type":"ListItem","position":1,"name":"Home","item":"https:\/\/blog.olimar.de\/"},{"@type":"ListItem","position":2,"name":"Alentejo","item":"https:\/\/blog.olimar.de\/tag\/alentejo\/"},{"@type":"ListItem","position":3,"name":"Portugal erwacht aus dem Dornr\u00f6schenschlaf"}]},{"@type":"WebSite","@id":"https:\/\/blog.olimar.de\/#website","url":"https:\/\/blog.olimar.de\/","name":"OLIMAR.com","description":"","publisher":{"@id":"https:\/\/blog.olimar.de\/#organization"},"potentialAction":[{"@type":"SearchAction","target":{"@type":"EntryPoint","urlTemplate":"https:\/\/blog.olimar.de\/?s={search_term_string}"},"query-input":{"@type":"PropertyValueSpecification","valueRequired":true,"valueName":"search_term_string"}}],"inLanguage":"de"},{"@type":"Organization","@id":"https:\/\/blog.olimar.de\/#organization","name":"OLIMAR Reisen","url":"https:\/\/blog.olimar.de\/","logo":{"@type":"ImageObject","inLanguage":"de","@id":"https:\/\/blog.olimar.de\/#\/schema\/logo\/image\/","url":"https:\/\/blog.olimar.de\/wp-content\/uploads\/2021\/01\/OLIMAR_Logo_COLOR.png","contentUrl":"https:\/\/blog.olimar.de\/wp-content\/uploads\/2021\/01\/OLIMAR_Logo_COLOR.png","width":2000,"height":986,"caption":"OLIMAR Reisen"},"image":{"@id":"https:\/\/blog.olimar.de\/#\/schema\/logo\/image\/"},"sameAs":["https:\/\/www.facebook.com\/OlimarReisen","https:\/\/x.com\/olimarrreisen","https:\/\/www.instagram.com\/olimarreisen","https:\/\/www.youtube.com\/user\/olimarreisen"]}]}},"modified_by":"Lena Radermacher","jetpack_featured_media_url":"https:\/\/blog.olimar.de\/wp-content\/uploads\/2021\/05\/PT-Algarve_Carvoeiro.jpg","_links":{"self":[{"href":"https:\/\/blog.olimar.de\/wp-json\/wp\/v2\/posts\/16904","targetHints":{"allow":["GET"]}}],"collection":[{"href":"https:\/\/blog.olimar.de\/wp-json\/wp\/v2\/posts"}],"about":[{"href":"https:\/\/blog.olimar.de\/wp-json\/wp\/v2\/types\/post"}],"author":[{"embeddable":true,"href":"https:\/\/blog.olimar.de\/wp-json\/wp\/v2\/users\/29"}],"replies":[{"embeddable":true,"href":"https:\/\/blog.olimar.de\/wp-json\/wp\/v2\/comments?post=16904"}],"version-history":[{"count":56,"href":"https:\/\/blog.olimar.de\/wp-json\/wp\/v2\/posts\/16904\/revisions"}],"predecessor-version":[{"id":21777,"href":"https:\/\/blog.olimar.de\/wp-json\/wp\/v2\/posts\/16904\/revisions\/21777"}],"wp:featuredmedia":[{"embeddable":true,"href":"https:\/\/blog.olimar.de\/wp-json\/wp\/v2\/media\/16955"}],"wp:attachment":[{"href":"https:\/\/blog.olimar.de\/wp-json\/wp\/v2\/media?parent=16904"}],"wp:term":[{"taxonomy":"category","embeddable":true,"href":"https:\/\/blog.olimar.de\/wp-json\/wp\/v2\/categories?post=16904"},{"taxonomy":"post_tag","embeddable":true,"href":"https:\/\/blog.olimar.de\/wp-json\/wp\/v2\/tags?post=16904"}],"curies":[{"name":"wp","href":"https:\/\/api.w.org\/{rel}","templated":true}]}}