{"id":17021,"date":"2021-05-21T08:13:20","date_gmt":"2021-05-21T07:13:20","guid":{"rendered":"https:\/\/blog.olimar.de\/?p=17021"},"modified":"2024-09-25T11:50:35","modified_gmt":"2024-09-25T10:50:35","slug":"aussergewoehnliche-quintas-madeira","status":"publish","type":"post","link":"https:\/\/blog.olimar.de\/aussergewoehnliche-quintas-madeira\/","title":{"rendered":"Sch\u00f6ner Schlafen auf Madeira: 3 au\u00dfergew\u00f6hnliche Quintas"},"content":{"rendered":"\n<p><strong>Bereits seit dem 17. Jahrhundert empfangen die Quintas, ehemalige Herren- oder Gutsh\u00e4user auf Madeira, Besucher aus aller Welt. Urspr\u00fcnglich nutzten vor allem wohlhabende Kaufleute auf ihrem Weg \u00fcber den Atlantik, aber auch Kranke auf der Suche nach heilsamer Luft die pr\u00e4chtigen l\u00e4ndlichen Anwesen zum N\u00e4chtigen und Kurieren. Noch heute sind die Quintas beliebte Orte zum \u00dcbernachten, dienen sie doch als R\u00fcckzugsort f\u00fcr alle jene, die eingebettet in \u00fcppige Blumeng\u00e4rten, jahrhundertealte B\u00e4ume, Teiche und Gr\u00fcnfl\u00e4chen stilvoll lustwandeln und in den Charme vergangener Zeiten eintauchen m\u00f6chten.<\/strong><\/p>\n\n\n\n<div class=\"wp-block-buttons is-layout-flex wp-block-buttons-is-layout-flex\">\n<div class=\"wp-block-button\"><a class=\"wp-block-button__link has-background wp-element-button\" href=\"https:\/\/www.olimar.de\/portugal\/madeira\/\" style=\"background-color:#008c87\">Madeira Urlaubsangebote<\/a><\/div>\n<\/div>\n\n\n\n<div style=\"height:15px\" aria-hidden=\"true\" class=\"wp-block-spacer\"><\/div>\n\n\n\n<h2 class=\"wp-block-heading\"><strong>Quinta da Casa Branca: Wo Herrenh\u00e4user auf modernes Design treffen<\/strong><\/h2>\n\n\n\n<p>Mitte des 19. Jahrhundert auf einer sechs Hektar gro\u00dfen Plantage errichtet, machte sich die <strong>Quinta da Casa Branca<\/strong> schnell einen Namen auf der Insel \u2013 weniger durch die angebauten Bananen, sondern vielmehr durch die <strong>Produktion von <a href=\"https:\/\/www.olimar.de\/blog\/madeirawein\/\" rel=\"noopener\">Madeirawein<\/a><\/strong>. Die Nachkommen des bekannten Weinh\u00e4ndlers John Leacock, der den Weinhandel mit England Mitte des 18. Jahrhunderts vorantrieb, machten aus der Familie bis 1925 einen der <strong>gr\u00f6\u00dften Produzenten der Insel<\/strong>. Bis heute geh\u00f6rt der Leacock\u00b4s zu den beliebtesten Marken und wird international vertrieben. Nicht nur das altehrw\u00fcrdige Herrenhaus, sondern auch sein moderner Anbau dienen heutzutage als Hotel mit Meerblick. Dessen preisgekr\u00f6ntes Glasdesign \u2013 inspiriert durch Frank Lloyd Wright \u2013 steht im starken Kontrast zur nat\u00fcrlichen Umgebung gespickt mit zahlreichen<strong> endemischen und exotischen Pflanzen<\/strong> wie Bambus, <a href=\"https:\/\/www.olimar.de\/blog\/bananenplantage-auf-madeira\/\" rel=\"noopener\">Bananenstauden<\/a>, meterhohen indischen Gummib\u00e4umen, Palmen oder farbenfrohe Blumen. Auch heute noch darf eine Bananenplantage nicht fehlen. Seit 2003 z\u00e4hlt die Quinta zu den \u201eSmall Luxury Hotels of the World\u201c.<\/p>\n<p>Zur Hotelseite der <a href=\"https:\/\/www.olimar.com\/fnc194\/\" target=\"_blank\" rel=\"noopener\">Quinta da Casa Branca<\/a>.<\/p>\n\n\n\n<div class=\"wp-block-jetpack-tiled-gallery aligncenter is-style-rectangular\"><div class=\"tiled-gallery__gallery\"><div class=\"tiled-gallery__row\"><div class=\"tiled-gallery__col\" style=\"flex-basis:67.48948%\"><figure class=\"tiled-gallery__item\"><img decoding=\"async\" alt=\"Quinta da Casa Branca\" data-height=\"801\" data-id=\"17033\" data-link=\"https:\/\/blog.olimar.de\/manor_house_at_quinta_da_casa_branca_2-c-quinta-da-casa-branca\/\" data-url=\"https:\/\/blog.olimar.de\/wp-content\/uploads\/2021\/05\/Manor_House_at_Quinta_da_Casa_Branca_2-c-Quinta-da-Casa-Branca.jpg\" data-width=\"1200\" src=\"https:\/\/i1.wp.com\/blog.olimar.de\/wp-content\/uploads\/2021\/05\/Manor_House_at_Quinta_da_Casa_Branca_2-c-Quinta-da-Casa-Branca.jpg?ssl=1\" data-amp-layout=\"responsive\"><\/figure><\/div><div class=\"tiled-gallery__col\" style=\"flex-basis:32.51052%\"><figure class=\"tiled-gallery__item\"><img decoding=\"async\" alt=\"The Manor House Suites Eingangshalle\" data-height=\"618\" data-id=\"17032\" data-link=\"https:\/\/blog.olimar.de\/fnc198-i-hall2016\/\" data-url=\"https:\/\/blog.olimar.de\/wp-content\/uploads\/2021\/05\/fnc198-i-hall2016.jpg\" data-width=\"869\" src=\"https:\/\/i2.wp.com\/blog.olimar.de\/wp-content\/uploads\/2021\/05\/fnc198-i-hall2016.jpg?ssl=1\" data-amp-layout=\"responsive\"><\/figure><figure class=\"tiled-gallery__item\"><img decoding=\"async\" alt=\"Quinta da Casa Branca\" data-height=\"618\" data-id=\"17027\" data-link=\"https:\/\/blog.olimar.de\/fnc194-p-adultspool2016b\/\" data-url=\"https:\/\/blog.olimar.de\/wp-content\/uploads\/2021\/05\/fnc194-p-adultspool2016b.jpg\" data-width=\"926\" src=\"https:\/\/i2.wp.com\/blog.olimar.de\/wp-content\/uploads\/2021\/05\/fnc194-p-adultspool2016b.jpg?ssl=1\" data-amp-layout=\"responsive\"><\/figure><\/div><\/div><\/div><\/div>\n\n\n\n<h2 class=\"wp-block-heading\"><strong>Quinta do Fur\u00e3o: Wo der Wein noch mit den F\u00fc\u00dfen getreten wird<\/strong><\/h2>\n\n\n\n<p>Hoch oben auf einer Klippe an der Nordostk\u00fcste bei der Ortschaft <a href=\"https:\/\/www.olimar.de\/blog\/ein-tag-wandern-auf-madeira\/\" rel=\"noopener\">Santana<\/a> gelegen, thront die <strong>Quinta do Fur\u00e3o<\/strong> majest\u00e4tisch und wacht \u00fcber den Atlantischen Ozean, perfekt f\u00fcr einen <a href=\"https:\/\/www.olimar.de\/portugal\/madeira\/\">Madeira Urlaub<\/a> mit unglaublichen Aussichten. Drei der f\u00fcnf Hektar Land sind mit Gem\u00fcse und Kr\u00e4utern bepflanzt, doch auch <strong>Bio-Weinreben<\/strong> sind hier zu finden, darunter die Rebsorten Arnsburger, Nacional Touriga, Verdelho und Tinta Roriz. Jedes Jahr im September d\u00fcrfen die Hotelg\u00e4ste im Rahmen des <strong>Madeira Wine Festivals<\/strong> nicht nur bei der Lese mithelfen, sondern die Trauben auch direkt mit den eigenen F\u00fc\u00dfen stampfen und die gro\u00dfe Schaupresse bedienen \u2013 und zum Dank den ein oder anderen edlen Tropfen verkosten. Damit der Wein nicht zu schnell zu Kopf steigt, wird <strong>traditionelles S\u00fc\u00dfkartoffel-Bauernbrot<\/strong> gereicht, das auf der Quinta jeden Tag im gro\u00dfen Steinofen frisch gebacken wird. Sind Hunger und Durst erst einmal gestillt, locken einige der sch\u00f6nsten Wanderwege der Insel durch die \u00fcppig-gr\u00fcne Vegetation rund um das Gel\u00e4nde.<\/p>\n<p>In der Quinta do Fur\u00e3o wird z. B. auf der Wanderreise \u201eTrekking von Quinta zu Quinta\u201c \u00fcbernachtet. Kontaktiere uns bei Interesse.<\/p>\n\n\n\n<div class=\"wp-block-jetpack-tiled-gallery aligncenter is-style-rectangular\"><div class=\"tiled-gallery__gallery\"><div class=\"tiled-gallery__row\"><div class=\"tiled-gallery__col\" style=\"flex-basis:66.64953%\"><figure class=\"tiled-gallery__item\"><img decoding=\"async\" alt=\"Quinta do Fur\u00e3o Lage\" data-height=\"805\" data-id=\"17035\" data-link=\"https:\/\/blog.olimar.de\/quinta-do-furao_1\/\" data-url=\"https:\/\/blog.olimar.de\/wp-content\/uploads\/2021\/05\/Quinta-do-Furao_1.jpg\" data-width=\"1200\" src=\"https:\/\/i0.wp.com\/blog.olimar.de\/wp-content\/uploads\/2021\/05\/Quinta-do-Furao_1.jpg?ssl=1\" data-amp-layout=\"responsive\"><\/figure><\/div><div class=\"tiled-gallery__col\" style=\"flex-basis:33.35047%\"><figure class=\"tiled-gallery__item\"><img decoding=\"async\" alt=\"Quinta do Fur\u00e3o Panoramablick\" data-height=\"800\" data-id=\"17036\" data-link=\"https:\/\/blog.olimar.de\/quinta-do-furao_2\/\" data-url=\"https:\/\/blog.olimar.de\/wp-content\/uploads\/2021\/05\/Quinta-do-Furao_2.jpg\" data-width=\"1200\" src=\"https:\/\/i1.wp.com\/blog.olimar.de\/wp-content\/uploads\/2021\/05\/Quinta-do-Furao_2.jpg?ssl=1\" data-amp-layout=\"responsive\"><\/figure><figure class=\"tiled-gallery__item\"><img decoding=\"async\" alt=\"Quinta do Fur\u00e3o Garten\" data-height=\"800\" data-id=\"17037\" data-link=\"https:\/\/blog.olimar.de\/quinta-do-furao_3\/\" data-url=\"https:\/\/blog.olimar.de\/wp-content\/uploads\/2021\/05\/Quinta-do-Furao_3.jpg\" data-width=\"1200\" src=\"https:\/\/i1.wp.com\/blog.olimar.de\/wp-content\/uploads\/2021\/05\/Quinta-do-Furao_3.jpg?ssl=1\" data-amp-layout=\"responsive\"><\/figure><\/div><\/div><\/div><\/div>\n\n\n\n<h2 class=\"wp-block-heading\"><strong>Quinta do Monte Panoramic Gardens: Per Seilbahn in den Schlaf<\/strong><\/h2>\n\n\n\n<p>Inmitten des historischen Stadtteils Monte gelegen, gelangen G\u00e4ste von der Altstadt <a href=\"https:\/\/blog.olimar.de\/tag-in-funchal\/\" target=\"_blank\" rel=\"noopener\">Funchals<\/a> aus mit einer Seilbahn zur Quinta do Monte Panoramic Gardens. Im Inneren des Areals begeben sie sich auf eine <strong>Sinnesreise durch jahrhundertealte B\u00e4ume<\/strong>, subtropische Pflanzen und dem einzigartigen madeirensischen Lorbeerwald, der seit 1999 zum <strong>UNESCO-Weltnaturerbe<\/strong> z\u00e4hlt. Bis heute hat sich das ehemalige Herrenhaus seinen traditionellen Einrichtungsstil mit antiken M\u00f6beln und eleganten Teppichen erhalten, <strong>moderne Erweiterungen<\/strong> wie ein \u00fcberdachter Pool und ein Wintergarten mit Blick auf den Ozean, sorgen f\u00fcr frischen Wind. So au\u00dfergew\u00f6hnlich wie die Anfahrt zur Quinta ist auch der Abstieg, gelangen G\u00e4ste wahlweise auf rasante Art mit den bekannten<strong> Korbschlitten von Monte wieder zur\u00fcck<\/strong> in die Altstadt Funchals.<\/p>\n<p>Bei Interesse eines Aufenthaltes in der Quinta do Monte Panoramic Gardens, kontaktiere uns direkt.<\/p>\n\n\n\n<div class=\"wp-block-jetpack-tiled-gallery aligncenter is-style-rectangular\"><div class=\"tiled-gallery__gallery\"><div class=\"tiled-gallery__row\"><div class=\"tiled-gallery__col\" style=\"flex-basis:66.78744%\"><figure class=\"tiled-gallery__item\"><img decoding=\"async\" alt=\"Quinta do Monte Panoramic Gardens Eingang\" data-height=\"618\" data-id=\"17028\" data-link=\"https:\/\/blog.olimar.de\/fnc196-a-outside2018c\/\" data-url=\"https:\/\/blog.olimar.de\/wp-content\/uploads\/2021\/05\/fnc196-a-outside2018c.jpg\" data-width=\"927\" src=\"https:\/\/i2.wp.com\/blog.olimar.de\/wp-content\/uploads\/2021\/05\/fnc196-a-outside2018c.jpg?ssl=1\" data-amp-layout=\"responsive\"><\/figure><\/div><div class=\"tiled-gallery__col\" style=\"flex-basis:33.21256%\"><figure class=\"tiled-gallery__item\"><img decoding=\"async\" alt=\"Quinta do Monte Panoramic Gardens Garten\" data-height=\"618\" data-id=\"17029\" data-link=\"https:\/\/blog.olimar.de\/fnc196-a-outside2018d\/\" data-url=\"https:\/\/blog.olimar.de\/wp-content\/uploads\/2021\/05\/fnc196-a-outside2018d.jpg\" data-width=\"927\" src=\"https:\/\/i1.wp.com\/blog.olimar.de\/wp-content\/uploads\/2021\/05\/fnc196-a-outside2018d.jpg?ssl=1\" data-amp-layout=\"responsive\"><\/figure><figure class=\"tiled-gallery__item\"><img decoding=\"async\" alt=\"Quinta do Monte Panoramic Gardens Ausblick\" data-height=\"618\" data-id=\"17030\" data-link=\"https:\/\/blog.olimar.de\/fnc196-x-surroundings2018c\/\" data-url=\"https:\/\/blog.olimar.de\/wp-content\/uploads\/2021\/05\/fnc196-x-surroundings2018c.jpg\" data-width=\"927\" src=\"https:\/\/i1.wp.com\/blog.olimar.de\/wp-content\/uploads\/2021\/05\/fnc196-x-surroundings2018c.jpg?ssl=1\" data-amp-layout=\"responsive\"><\/figure><\/div><\/div><\/div><\/div>\n\n\n\n<h2 class=\"wp-block-heading\"><strong>Der besondere Tipp von OLIMAR<\/strong><\/h2>\n\n\n\n<p><strong>Trekking von Quinta zu Quinta<\/strong>: Bei dieser einw\u00f6chigen Wanderreise \u00fcbernachtest Du in ausgew\u00e4hlten Quintas auf Madeira. F\u00fcnf ausgew\u00e4hlte Wanderungen im Schwierigkeitsgrad 3 sind bereits inkludiert.<\/p>\n\n\n<div class=\"wp-block-image\">\n<figure class=\"aligncenter size-large is-resized\"><img loading=\"lazy\" decoding=\"async\" width=\"1024\" height=\"684\" src=\"https:\/\/blog.olimar.de\/wp-content\/uploads\/2021\/05\/PT-Madeira-WalkingTour-CaminhoRealDaEncumeada2017APM-1024x684.jpg\" alt=\"Madeira Trekking\" class=\"wp-image-17034\" style=\"width:520px;height:347px\" srcset=\"https:\/\/blog.olimar.de\/wp-content\/uploads\/2021\/05\/PT-Madeira-WalkingTour-CaminhoRealDaEncumeada2017APM-1024x684.jpg 1024w, https:\/\/blog.olimar.de\/wp-content\/uploads\/2021\/05\/PT-Madeira-WalkingTour-CaminhoRealDaEncumeada2017APM-300x200.jpg 300w, https:\/\/blog.olimar.de\/wp-content\/uploads\/2021\/05\/PT-Madeira-WalkingTour-CaminhoRealDaEncumeada2017APM-768x513.jpg 768w, https:\/\/blog.olimar.de\/wp-content\/uploads\/2021\/05\/PT-Madeira-WalkingTour-CaminhoRealDaEncumeada2017APM-840x560.jpg 840w, https:\/\/blog.olimar.de\/wp-content\/uploads\/2021\/05\/PT-Madeira-WalkingTour-CaminhoRealDaEncumeada2017APM.jpg 1200w\" sizes=\"auto, (max-width: 1024px) 100vw, 1024px\" \/><figcaption class=\"wp-element-caption\">Trekking von Quinta zu Quinta<\/figcaption><\/figure>\n<\/div>\n\n\n<div style=\"height:50px\" aria-hidden=\"true\" class=\"wp-block-spacer\"><\/div>\n\n\n\n<div class=\"wp-block-buttons is-layout-flex wp-block-buttons-is-layout-flex\">\n<div class=\"wp-block-button\"><a class=\"wp-block-button__link has-background wp-element-button\" href=\"https:\/\/www.olimar.de\/hotellistung\/\" style=\"background-color:#008c87\">Jetzt Urlaubsangebote finden und buchen<\/a><\/div>\n<\/div>\n\n\n\n<div style=\"height:100px\" aria-hidden=\"true\" class=\"wp-block-spacer\"><\/div>\n","protected":false},"excerpt":{"rendered":"<p>Bereits seit dem 17. Jahrhundert empfangen die Quintas, ehemalige Herren- oder Gutsh\u00e4user auf Madeira, Besucher aus aller Welt. Urspr\u00fcnglich nutzten vor allem wohlhabende Kaufleute auf ihrem Weg \u00fcber den Atlantik, aber auch Kranke auf der Suche nach heilsamer Luft die pr\u00e4chtigen l\u00e4ndlichen Anwesen zum N\u00e4chtigen und Kurieren. Noch heute sind die Quintas beliebte Orte zum \u00dcbernachten, dienen sie doch als R\u00fcckzugsort f\u00fcr alle jene, die eingebettet in \u00fcppige Blumeng\u00e4rten, jahrhundertealte B\u00e4ume, Teiche und Gr\u00fcnfl\u00e4chen stilvoll lustwandeln und in den Charme vergangener Zeiten eintauchen m\u00f6chten. Quinta da Casa Branca: Wo Herrenh\u00e4user auf modernes Design treffen Mitte des 19. Jahrhundert auf einer sechs &hellip;<\/p>\n","protected":false},"author":9,"featured_media":17038,"comment_status":"open","ping_status":"open","sticky":false,"template":"","format":"standard","meta":{"_crdt_document":"","_lmt_disableupdate":"","_lmt_disable":"","footnotes":""},"categories":[1,32],"tags":[21,34,20],"class_list":["post-17021","post","type-post","status-publish","format-standard","has-post-thumbnail","hentry","category-allgemein","category-hoteltipps","tag-madeira","tag-portugal","tag-slider"],"yoast_head":"<!-- This site is optimized with the Yoast SEO plugin v26.9 - https:\/\/yoast.com\/product\/yoast-seo-wordpress\/ -->\n<title>Sch\u00f6ner Schlafen auf Madeira: 3 au\u00dfergew\u00f6hnliche Quintas<\/title>\n<meta name=\"description\" content=\"Bereits seit dem 17. Jahrhundert empfangen die Quintas, ehemalige Herren- oder Gutsh\u00e4user auf Madeira, Besucher aus aller Welt.\" \/>\n<meta name=\"robots\" content=\"index, follow, max-snippet:-1, max-image-preview:large, max-video-preview:-1\" \/>\n<link rel=\"canonical\" href=\"https:\/\/blog.olimar.de\/aussergewoehnliche-quintas-madeira\/\" \/>\n<meta property=\"og:locale\" content=\"de_DE\" \/>\n<meta property=\"og:type\" content=\"article\" \/>\n<meta property=\"og:title\" content=\"Sch\u00f6ner Schlafen auf Madeira: 3 au\u00dfergew\u00f6hnliche Quintas\" \/>\n<meta property=\"og:description\" content=\"Bereits seit dem 17. Jahrhundert empfangen die Quintas, ehemalige Herren- oder Gutsh\u00e4user auf Madeira, Besucher aus aller Welt.\" \/>\n<meta property=\"og:url\" content=\"https:\/\/blog.olimar.de\/aussergewoehnliche-quintas-madeira\/\" \/>\n<meta property=\"article:publisher\" content=\"https:\/\/www.facebook.com\/OlimarReisen\" \/>\n<meta property=\"article:published_time\" content=\"2021-05-21T07:13:20+00:00\" \/>\n<meta property=\"article:modified_time\" content=\"2024-09-25T10:50:35+00:00\" \/>\n<meta property=\"og:image\" content=\"https:\/\/blog.olimar.de\/wp-content\/uploads\/2021\/05\/The_Manor_House_at_Quinta_da_Casa_Branca-c-Quinta-da-Casa-Branca.jpg\" \/>\n\t<meta property=\"og:image:width\" content=\"1568\" \/>\n\t<meta property=\"og:image:height\" content=\"988\" \/>\n\t<meta property=\"og:image:type\" content=\"image\/jpeg\" \/>\n<meta name=\"author\" content=\"OLIMAR Redaktionsteam\" \/>\n<meta name=\"twitter:label1\" content=\"Verfasst von\" \/>\n\t<meta name=\"twitter:data1\" content=\"OLIMAR Redaktionsteam\" \/>\n\t<meta name=\"twitter:label2\" content=\"Gesch\u00e4tzte Lesezeit\" \/>\n\t<meta name=\"twitter:data2\" content=\"6\u00a0Minuten\" \/>\n<script type=\"application\/ld+json\" class=\"yoast-schema-graph\">{\"@context\":\"https:\/\/schema.org\",\"@graph\":[{\"@type\":\"WebPage\",\"@id\":\"https:\/\/blog.olimar.de\/aussergewoehnliche-quintas-madeira\/\",\"url\":\"https:\/\/blog.olimar.de\/aussergewoehnliche-quintas-madeira\/\",\"name\":\"Sch\u00f6ner Schlafen auf Madeira: 3 au\u00dfergew\u00f6hnliche Quintas\",\"isPartOf\":{\"@id\":\"https:\/\/blog.olimar.de\/#website\"},\"primaryImageOfPage\":{\"@id\":\"https:\/\/blog.olimar.de\/aussergewoehnliche-quintas-madeira\/#primaryimage\"},\"image\":{\"@id\":\"https:\/\/blog.olimar.de\/aussergewoehnliche-quintas-madeira\/#primaryimage\"},\"thumbnailUrl\":\"https:\/\/blog.olimar.de\/wp-content\/uploads\/2021\/05\/The_Manor_House_at_Quinta_da_Casa_Branca-c-Quinta-da-Casa-Branca.jpg\",\"datePublished\":\"2021-05-21T07:13:20+00:00\",\"dateModified\":\"2024-09-25T10:50:35+00:00\",\"description\":\"Bereits seit dem 17. Jahrhundert empfangen die Quintas, ehemalige Herren- oder Gutsh\u00e4user auf Madeira, Besucher aus aller Welt.\",\"breadcrumb\":{\"@id\":\"https:\/\/blog.olimar.de\/aussergewoehnliche-quintas-madeira\/#breadcrumb\"},\"inLanguage\":\"de\",\"potentialAction\":[{\"@type\":\"ReadAction\",\"target\":[\"https:\/\/blog.olimar.de\/aussergewoehnliche-quintas-madeira\/\"]}]},{\"@type\":\"ImageObject\",\"inLanguage\":\"de\",\"@id\":\"https:\/\/blog.olimar.de\/aussergewoehnliche-quintas-madeira\/#primaryimage\",\"url\":\"https:\/\/blog.olimar.de\/wp-content\/uploads\/2021\/05\/The_Manor_House_at_Quinta_da_Casa_Branca-c-Quinta-da-Casa-Branca.jpg\",\"contentUrl\":\"https:\/\/blog.olimar.de\/wp-content\/uploads\/2021\/05\/The_Manor_House_at_Quinta_da_Casa_Branca-c-Quinta-da-Casa-Branca.jpg\",\"width\":1568,\"height\":988,\"caption\":\"Quinta da Casa Branca Ansicht\"},{\"@type\":\"BreadcrumbList\",\"@id\":\"https:\/\/blog.olimar.de\/aussergewoehnliche-quintas-madeira\/#breadcrumb\",\"itemListElement\":[{\"@type\":\"ListItem\",\"position\":1,\"name\":\"Home\",\"item\":\"https:\/\/blog.olimar.de\/\"},{\"@type\":\"ListItem\",\"position\":2,\"name\":\"Madeira\",\"item\":\"https:\/\/blog.olimar.de\/tag\/madeira\/\"},{\"@type\":\"ListItem\",\"position\":3,\"name\":\"Sch\u00f6ner Schlafen auf Madeira: 3 au\u00dfergew\u00f6hnliche Quintas\"}]},{\"@type\":\"WebSite\",\"@id\":\"https:\/\/blog.olimar.de\/#website\",\"url\":\"https:\/\/blog.olimar.de\/\",\"name\":\"OLIMAR.com\",\"description\":\"\",\"publisher\":{\"@id\":\"https:\/\/blog.olimar.de\/#organization\"},\"potentialAction\":[{\"@type\":\"SearchAction\",\"target\":{\"@type\":\"EntryPoint\",\"urlTemplate\":\"https:\/\/blog.olimar.de\/?s={search_term_string}\"},\"query-input\":{\"@type\":\"PropertyValueSpecification\",\"valueRequired\":true,\"valueName\":\"search_term_string\"}}],\"inLanguage\":\"de\"},{\"@type\":\"Organization\",\"@id\":\"https:\/\/blog.olimar.de\/#organization\",\"name\":\"OLIMAR Reisen\",\"url\":\"https:\/\/blog.olimar.de\/\",\"logo\":{\"@type\":\"ImageObject\",\"inLanguage\":\"de\",\"@id\":\"https:\/\/blog.olimar.de\/#\/schema\/logo\/image\/\",\"url\":\"https:\/\/blog.olimar.de\/wp-content\/uploads\/2021\/01\/OLIMAR_Logo_COLOR.png\",\"contentUrl\":\"https:\/\/blog.olimar.de\/wp-content\/uploads\/2021\/01\/OLIMAR_Logo_COLOR.png\",\"width\":2000,\"height\":986,\"caption\":\"OLIMAR Reisen\"},\"image\":{\"@id\":\"https:\/\/blog.olimar.de\/#\/schema\/logo\/image\/\"},\"sameAs\":[\"https:\/\/www.facebook.com\/OlimarReisen\",\"https:\/\/x.com\/olimarrreisen\",\"https:\/\/www.instagram.com\/olimarreisen\",\"https:\/\/www.youtube.com\/user\/olimarreisen\"]}]}<\/script>\n<!-- \/ Yoast SEO plugin. -->","yoast_head_json":{"title":"Sch\u00f6ner Schlafen auf Madeira: 3 au\u00dfergew\u00f6hnliche Quintas","description":"Bereits seit dem 17. Jahrhundert empfangen die Quintas, ehemalige Herren- oder Gutsh\u00e4user auf Madeira, Besucher aus aller Welt.","robots":{"index":"index","follow":"follow","max-snippet":"max-snippet:-1","max-image-preview":"max-image-preview:large","max-video-preview":"max-video-preview:-1"},"canonical":"https:\/\/blog.olimar.de\/aussergewoehnliche-quintas-madeira\/","og_locale":"de_DE","og_type":"article","og_title":"Sch\u00f6ner Schlafen auf Madeira: 3 au\u00dfergew\u00f6hnliche Quintas","og_description":"Bereits seit dem 17. Jahrhundert empfangen die Quintas, ehemalige Herren- oder Gutsh\u00e4user auf Madeira, Besucher aus aller Welt.","og_url":"https:\/\/blog.olimar.de\/aussergewoehnliche-quintas-madeira\/","article_publisher":"https:\/\/www.facebook.com\/OlimarReisen","article_published_time":"2021-05-21T07:13:20+00:00","article_modified_time":"2024-09-25T10:50:35+00:00","og_image":[{"width":1568,"height":988,"url":"https:\/\/blog.olimar.de\/wp-content\/uploads\/2021\/05\/The_Manor_House_at_Quinta_da_Casa_Branca-c-Quinta-da-Casa-Branca.jpg","type":"image\/jpeg"}],"author":"OLIMAR Redaktionsteam","twitter_misc":{"Verfasst von":"OLIMAR Redaktionsteam","Gesch\u00e4tzte Lesezeit":"6\u00a0Minuten"},"schema":{"@context":"https:\/\/schema.org","@graph":[{"@type":"WebPage","@id":"https:\/\/blog.olimar.de\/aussergewoehnliche-quintas-madeira\/","url":"https:\/\/blog.olimar.de\/aussergewoehnliche-quintas-madeira\/","name":"Sch\u00f6ner Schlafen auf Madeira: 3 au\u00dfergew\u00f6hnliche Quintas","isPartOf":{"@id":"https:\/\/blog.olimar.de\/#website"},"primaryImageOfPage":{"@id":"https:\/\/blog.olimar.de\/aussergewoehnliche-quintas-madeira\/#primaryimage"},"image":{"@id":"https:\/\/blog.olimar.de\/aussergewoehnliche-quintas-madeira\/#primaryimage"},"thumbnailUrl":"https:\/\/blog.olimar.de\/wp-content\/uploads\/2021\/05\/The_Manor_House_at_Quinta_da_Casa_Branca-c-Quinta-da-Casa-Branca.jpg","datePublished":"2021-05-21T07:13:20+00:00","dateModified":"2024-09-25T10:50:35+00:00","description":"Bereits seit dem 17. Jahrhundert empfangen die Quintas, ehemalige Herren- oder Gutsh\u00e4user auf Madeira, Besucher aus aller Welt.","breadcrumb":{"@id":"https:\/\/blog.olimar.de\/aussergewoehnliche-quintas-madeira\/#breadcrumb"},"inLanguage":"de","potentialAction":[{"@type":"ReadAction","target":["https:\/\/blog.olimar.de\/aussergewoehnliche-quintas-madeira\/"]}]},{"@type":"ImageObject","inLanguage":"de","@id":"https:\/\/blog.olimar.de\/aussergewoehnliche-quintas-madeira\/#primaryimage","url":"https:\/\/blog.olimar.de\/wp-content\/uploads\/2021\/05\/The_Manor_House_at_Quinta_da_Casa_Branca-c-Quinta-da-Casa-Branca.jpg","contentUrl":"https:\/\/blog.olimar.de\/wp-content\/uploads\/2021\/05\/The_Manor_House_at_Quinta_da_Casa_Branca-c-Quinta-da-Casa-Branca.jpg","width":1568,"height":988,"caption":"Quinta da Casa Branca Ansicht"},{"@type":"BreadcrumbList","@id":"https:\/\/blog.olimar.de\/aussergewoehnliche-quintas-madeira\/#breadcrumb","itemListElement":[{"@type":"ListItem","position":1,"name":"Home","item":"https:\/\/blog.olimar.de\/"},{"@type":"ListItem","position":2,"name":"Madeira","item":"https:\/\/blog.olimar.de\/tag\/madeira\/"},{"@type":"ListItem","position":3,"name":"Sch\u00f6ner Schlafen auf Madeira: 3 au\u00dfergew\u00f6hnliche Quintas"}]},{"@type":"WebSite","@id":"https:\/\/blog.olimar.de\/#website","url":"https:\/\/blog.olimar.de\/","name":"OLIMAR.com","description":"","publisher":{"@id":"https:\/\/blog.olimar.de\/#organization"},"potentialAction":[{"@type":"SearchAction","target":{"@type":"EntryPoint","urlTemplate":"https:\/\/blog.olimar.de\/?s={search_term_string}"},"query-input":{"@type":"PropertyValueSpecification","valueRequired":true,"valueName":"search_term_string"}}],"inLanguage":"de"},{"@type":"Organization","@id":"https:\/\/blog.olimar.de\/#organization","name":"OLIMAR Reisen","url":"https:\/\/blog.olimar.de\/","logo":{"@type":"ImageObject","inLanguage":"de","@id":"https:\/\/blog.olimar.de\/#\/schema\/logo\/image\/","url":"https:\/\/blog.olimar.de\/wp-content\/uploads\/2021\/01\/OLIMAR_Logo_COLOR.png","contentUrl":"https:\/\/blog.olimar.de\/wp-content\/uploads\/2021\/01\/OLIMAR_Logo_COLOR.png","width":2000,"height":986,"caption":"OLIMAR Reisen"},"image":{"@id":"https:\/\/blog.olimar.de\/#\/schema\/logo\/image\/"},"sameAs":["https:\/\/www.facebook.com\/OlimarReisen","https:\/\/x.com\/olimarrreisen","https:\/\/www.instagram.com\/olimarreisen","https:\/\/www.youtube.com\/user\/olimarreisen"]}]}},"modified_by":"Julia Windh\u00f6vel","jetpack_featured_media_url":"https:\/\/blog.olimar.de\/wp-content\/uploads\/2021\/05\/The_Manor_House_at_Quinta_da_Casa_Branca-c-Quinta-da-Casa-Branca.jpg","_links":{"self":[{"href":"https:\/\/blog.olimar.de\/wp-json\/wp\/v2\/posts\/17021","targetHints":{"allow":["GET"]}}],"collection":[{"href":"https:\/\/blog.olimar.de\/wp-json\/wp\/v2\/posts"}],"about":[{"href":"https:\/\/blog.olimar.de\/wp-json\/wp\/v2\/types\/post"}],"author":[{"embeddable":true,"href":"https:\/\/blog.olimar.de\/wp-json\/wp\/v2\/users\/9"}],"replies":[{"embeddable":true,"href":"https:\/\/blog.olimar.de\/wp-json\/wp\/v2\/comments?post=17021"}],"version-history":[{"count":17,"href":"https:\/\/blog.olimar.de\/wp-json\/wp\/v2\/posts\/17021\/revisions"}],"predecessor-version":[{"id":27821,"href":"https:\/\/blog.olimar.de\/wp-json\/wp\/v2\/posts\/17021\/revisions\/27821"}],"wp:featuredmedia":[{"embeddable":true,"href":"https:\/\/blog.olimar.de\/wp-json\/wp\/v2\/media\/17038"}],"wp:attachment":[{"href":"https:\/\/blog.olimar.de\/wp-json\/wp\/v2\/media?parent=17021"}],"wp:term":[{"taxonomy":"category","embeddable":true,"href":"https:\/\/blog.olimar.de\/wp-json\/wp\/v2\/categories?post=17021"},{"taxonomy":"post_tag","embeddable":true,"href":"https:\/\/blog.olimar.de\/wp-json\/wp\/v2\/tags?post=17021"}],"curies":[{"name":"wp","href":"https:\/\/api.w.org\/{rel}","templated":true}]}}