{"id":17061,"date":"2021-05-26T07:39:23","date_gmt":"2021-05-26T06:39:23","guid":{"rendered":"https:\/\/blog.olimar.de\/?p=17061"},"modified":"2024-02-28T16:47:47","modified_gmt":"2024-02-28T15:47:47","slug":"ab-herbst-wieder-nach-porto-santo","status":"publish","type":"post","link":"https:\/\/blog.olimar.de\/ab-herbst-wieder-nach-porto-santo\/","title":{"rendered":"OLIMAR fliegt im September und Oktober seine G\u00e4ste wieder nach Porto Santo"},"content":{"rendered":"\n<p><strong>Porto Santo, das kleine, charmante Nachbareiland von Madeira, ist seit sieben Jahren der Geheimtipp f\u00fcr Strandfans und Ruhesuchende, f\u00fcr den wir uns besonders einsetzen. Auch dieses Jahr wird es f\u00fcr Reisende wieder leichter, die Insel zu erreichen. Du brauchst einen Porto-Santo-Flug? Ab Ende September sind ab D\u00fcsseldorf und Frankfurt neue Fl\u00fcge mit TAP Portugal via Lissabon, direkt nach Porto Santo m\u00f6glich. Derzeit kann Porto Santo nur per F\u00e4hre oder Regionalflug ab Madeira erreicht werden. Hier Informationen zu Deinem Porto-Santo-Flug!<\/strong><\/p>\n\n\n\n<div class=\"wp-block-buttons is-layout-flex wp-block-buttons-is-layout-flex\">\n<div class=\"wp-block-button\"><a class=\"wp-block-button__link wp-element-button\" href=\"https:\/\/www.olimar.de\/portugal\/porto-santo\/\">Porto Santo Reiseangebote und Hoteltipps entdecken<\/a><\/div>\n<\/div>\n\n\n\n<div style=\"height:25px\" aria-hidden=\"true\" class=\"wp-block-spacer\"><\/div>\n\n\n\n<p>Die Fl\u00fcge ab D\u00fcsseldorf (3.10., 10.10. und 17.10.), sowie ab Frankfurt (24.9., 4.10., 11.10.), sind ab sofort bei uns zusammen mit einer <strong>Pauschalreise nach Porto Santo<\/strong> buchbar. Nach derzeitigem Stand, wird bei Einreise ein PCR-Test ben\u00f6tigt. Und zwar ist dieser selbst zu zahlen. Bei der R\u00fcckreise, \u00fcbernimmt die Kosten des PCR-Tests, die Inselregierung von Madeira. Fast alle Hotels auf Porto Santo, liegen direkt am neun Kilometer langen Sandstrand. Derzeit ist eine Woche mit Flug, Transfer und \u00dcbernachtung z. B. im <a href=\"https:\/\/rms.olimar.de\/code\/pxo503\" rel=\"noopener\">Aparthotel Luamar<\/a> ab 653 Euro pro Person buchbar. Weitere Hotels und Angebote findest Du auf der Seite <a href=\"https:\/\/www.olimar.de\" target=\"_blank\" rel=\"noopener\">www.olimar.de<\/a>, sowie auf unserer Porto Santo <a href=\"https:\/\/www.olimar.de\/portugal\/porto-santo\/\" rel=\"noopener\">Informationsseite<\/a>. Hier haben wir einige Informationen rund um Deinen Aufenthalt zusammengestellt. Was Reisende \u00fcber Porto Santo berichten, liest Du hier im <a href=\"https:\/\/www.olimar.de\/blog\/tag\/porto-santo\/\" rel=\"noopener\">Blog<\/a>.<\/p>\n\n\n\n<div class=\"wp-block-jetpack-tiled-gallery aligncenter is-style-rectangular\"><div class=\"tiled-gallery__gallery\"><div class=\"tiled-gallery__row\"><div class=\"tiled-gallery__col\" style=\"flex-basis:57.30245%\"><figure class=\"tiled-gallery__item\"><img decoding=\"async\" alt=\"Porto Santo Flug Weitblick\" data-height=\"1200\" data-id=\"17064\" data-link=\"https:\/\/blog.olimar.de\/porto-santo002henrique-seruca_1200x1200\/\" data-url=\"https:\/\/blog.olimar.de\/wp-content\/uploads\/2021\/05\/Porto-Santo002Henrique-Seruca_1200x1200-1024x1024.jpg\" data-width=\"1200\" src=\"https:\/\/i0.wp.com\/blog.olimar.de\/wp-content\/uploads\/2021\/05\/Porto-Santo002Henrique-Seruca_1200x1200-1024x1024.jpg?ssl=1\" data-amp-layout=\"responsive\"\/><\/figure><\/div><div class=\"tiled-gallery__col\" style=\"flex-basis:42.69755%\"><figure class=\"tiled-gallery__item\"><img decoding=\"async\" alt=\"Porto Santo Miradouro\" data-height=\"800\" data-id=\"17065\" data-link=\"https:\/\/blog.olimar.de\/porto-santo010henrique-seruca\/\" data-url=\"https:\/\/blog.olimar.de\/wp-content\/uploads\/2021\/05\/Porto-Santo010Henrique-Seruca-1024x683.jpg\" data-width=\"1200\" src=\"https:\/\/i2.wp.com\/blog.olimar.de\/wp-content\/uploads\/2021\/05\/Porto-Santo010Henrique-Seruca-1024x683.jpg?ssl=1\" data-amp-layout=\"responsive\"\/><\/figure><figure class=\"tiled-gallery__item\"><img decoding=\"async\" alt=\"Porto Santo Flug - Miradouro das Flores\" data-height=\"800\" data-id=\"17063\" data-link=\"https:\/\/blog.olimar.de\/miradouro-das-floresjacksongroves\/\" data-url=\"https:\/\/blog.olimar.de\/wp-content\/uploads\/2021\/05\/Miradouro-das-Flores\u00a9JacksonGroves-1024x683.jpg\" data-width=\"1200\" src=\"https:\/\/i1.wp.com\/blog.olimar.de\/wp-content\/uploads\/2021\/05\/Miradouro-das-Flores%C2%A9JacksonGroves-1024x683.jpg?ssl=1\" data-amp-layout=\"responsive\"\/><\/figure><\/div><\/div><\/div><\/div>\n\n\n\n<div style=\"height:50px\" aria-hidden=\"true\" class=\"wp-block-spacer\"><\/div>\n\n\n\n<div class=\"wp-block-buttons is-layout-flex wp-block-buttons-is-layout-flex\">\n<div class=\"wp-block-button\"><a class=\"wp-block-button__link wp-element-button\" href=\"https:\/\/www.olimar.de\/hotellistung\/\">Jetzt Urlaubsangebote finden und buchen<\/a><\/div>\n<\/div>\n\n\n\n<div style=\"height:100px\" aria-hidden=\"true\" class=\"wp-block-spacer\"><\/div>\n","protected":false},"excerpt":{"rendered":"<p>Porto Santo, das kleine, charmante Nachbareiland von Madeira, ist seit sieben Jahren der Geheimtipp f\u00fcr Strandfans und Ruhesuchende, f\u00fcr den wir uns besonders einsetzen. Auch dieses Jahr wird es f\u00fcr Reisende wieder leichter, die Insel zu erreichen. Du brauchst einen Porto-Santo-Flug? Ab Ende September sind ab D\u00fcsseldorf und Frankfurt neue Fl\u00fcge mit TAP Portugal via Lissabon, direkt nach Porto Santo m\u00f6glich.<\/p>\n","protected":false},"author":9,"featured_media":17066,"comment_status":"open","ping_status":"open","sticky":false,"template":"","format":"standard","meta":{"_crdt_document":"","_lmt_disableupdate":"","_lmt_disable":"","footnotes":""},"categories":[1,195],"tags":[58,34,20],"class_list":["post-17061","post","type-post","status-publish","format-standard","has-post-thumbnail","hentry","category-allgemein","category-reisenews","tag-porto-santo","tag-portugal","tag-slider"],"yoast_head":"<!-- This site is optimized with the Yoast SEO plugin v26.9 - https:\/\/yoast.com\/product\/yoast-seo-wordpress\/ -->\n<title>Im September und Oktober 2021 wieder nach Porto Santo<\/title>\n<meta name=\"description\" content=\"Ab Ende September fliegen ab D\u00fcsseldorf und Frankfurt neue Fl\u00fcge mit TAP Portugal via Lissabon direkt nach Porto Santo. Ein Porto-Santo-Flug!\" \/>\n<meta name=\"robots\" content=\"index, follow, max-snippet:-1, max-image-preview:large, max-video-preview:-1\" \/>\n<link rel=\"canonical\" href=\"https:\/\/blog.olimar.de\/ab-herbst-wieder-nach-porto-santo\/\" \/>\n<meta property=\"og:locale\" content=\"de_DE\" \/>\n<meta property=\"og:type\" content=\"article\" \/>\n<meta property=\"og:title\" content=\"Im September und Oktober 2021 wieder nach Porto Santo\" \/>\n<meta property=\"og:description\" content=\"Ab Ende September fliegen ab D\u00fcsseldorf und Frankfurt neue Fl\u00fcge mit TAP Portugal via Lissabon direkt nach Porto Santo. Ein Porto-Santo-Flug!\" \/>\n<meta property=\"og:url\" content=\"https:\/\/blog.olimar.de\/ab-herbst-wieder-nach-porto-santo\/\" \/>\n<meta property=\"article:publisher\" content=\"https:\/\/www.facebook.com\/OlimarReisen\" \/>\n<meta property=\"article:published_time\" content=\"2021-05-26T06:39:23+00:00\" \/>\n<meta property=\"article:modified_time\" content=\"2024-02-28T15:47:47+00:00\" \/>\n<meta property=\"og:image\" content=\"https:\/\/blog.olimar.de\/wp-content\/uploads\/2021\/05\/Praia-do-Porto-Santo\u00a9ILHAVISAO-MULTIMEDIA.jpg\" \/>\n\t<meta property=\"og:image:width\" content=\"1568\" \/>\n\t<meta property=\"og:image:height\" content=\"988\" \/>\n\t<meta property=\"og:image:type\" content=\"image\/jpeg\" \/>\n<meta name=\"author\" content=\"OLIMAR Redaktionsteam\" \/>\n<meta name=\"twitter:label1\" content=\"Verfasst von\" \/>\n\t<meta name=\"twitter:data1\" content=\"OLIMAR Redaktionsteam\" \/>\n\t<meta name=\"twitter:label2\" content=\"Gesch\u00e4tzte Lesezeit\" \/>\n\t<meta name=\"twitter:data2\" content=\"2\u00a0Minuten\" \/>\n<script type=\"application\/ld+json\" class=\"yoast-schema-graph\">{\"@context\":\"https:\/\/schema.org\",\"@graph\":[{\"@type\":\"WebPage\",\"@id\":\"https:\/\/blog.olimar.de\/ab-herbst-wieder-nach-porto-santo\/\",\"url\":\"https:\/\/blog.olimar.de\/ab-herbst-wieder-nach-porto-santo\/\",\"name\":\"Im September und Oktober 2021 wieder nach Porto Santo\",\"isPartOf\":{\"@id\":\"https:\/\/blog.olimar.de\/#website\"},\"primaryImageOfPage\":{\"@id\":\"https:\/\/blog.olimar.de\/ab-herbst-wieder-nach-porto-santo\/#primaryimage\"},\"image\":{\"@id\":\"https:\/\/blog.olimar.de\/ab-herbst-wieder-nach-porto-santo\/#primaryimage\"},\"thumbnailUrl\":\"https:\/\/blog.olimar.de\/wp-content\/uploads\/2021\/05\/Praia-do-Porto-Santo\u00a9ILHAVISAO-MULTIMEDIA.jpg\",\"datePublished\":\"2021-05-26T06:39:23+00:00\",\"dateModified\":\"2024-02-28T15:47:47+00:00\",\"description\":\"Ab Ende September fliegen ab D\u00fcsseldorf und Frankfurt neue Fl\u00fcge mit TAP Portugal via Lissabon direkt nach Porto Santo. Ein Porto-Santo-Flug!\",\"breadcrumb\":{\"@id\":\"https:\/\/blog.olimar.de\/ab-herbst-wieder-nach-porto-santo\/#breadcrumb\"},\"inLanguage\":\"de\",\"potentialAction\":[{\"@type\":\"ReadAction\",\"target\":[\"https:\/\/blog.olimar.de\/ab-herbst-wieder-nach-porto-santo\/\"]}]},{\"@type\":\"ImageObject\",\"inLanguage\":\"de\",\"@id\":\"https:\/\/blog.olimar.de\/ab-herbst-wieder-nach-porto-santo\/#primaryimage\",\"url\":\"https:\/\/blog.olimar.de\/wp-content\/uploads\/2021\/05\/Praia-do-Porto-Santo\u00a9ILHAVISAO-MULTIMEDIA.jpg\",\"contentUrl\":\"https:\/\/blog.olimar.de\/wp-content\/uploads\/2021\/05\/Praia-do-Porto-Santo\u00a9ILHAVISAO-MULTIMEDIA.jpg\",\"width\":1568,\"height\":988,\"caption\":\"Porto Santo Strand\"},{\"@type\":\"BreadcrumbList\",\"@id\":\"https:\/\/blog.olimar.de\/ab-herbst-wieder-nach-porto-santo\/#breadcrumb\",\"itemListElement\":[{\"@type\":\"ListItem\",\"position\":1,\"name\":\"Home\",\"item\":\"https:\/\/blog.olimar.de\/\"},{\"@type\":\"ListItem\",\"position\":2,\"name\":\"Porto Santo\",\"item\":\"https:\/\/blog.olimar.de\/tag\/porto-santo\/\"},{\"@type\":\"ListItem\",\"position\":3,\"name\":\"OLIMAR fliegt im September und Oktober seine G\u00e4ste wieder nach Porto Santo\"}]},{\"@type\":\"WebSite\",\"@id\":\"https:\/\/blog.olimar.de\/#website\",\"url\":\"https:\/\/blog.olimar.de\/\",\"name\":\"OLIMAR.com\",\"description\":\"\",\"publisher\":{\"@id\":\"https:\/\/blog.olimar.de\/#organization\"},\"potentialAction\":[{\"@type\":\"SearchAction\",\"target\":{\"@type\":\"EntryPoint\",\"urlTemplate\":\"https:\/\/blog.olimar.de\/?s={search_term_string}\"},\"query-input\":{\"@type\":\"PropertyValueSpecification\",\"valueRequired\":true,\"valueName\":\"search_term_string\"}}],\"inLanguage\":\"de\"},{\"@type\":\"Organization\",\"@id\":\"https:\/\/blog.olimar.de\/#organization\",\"name\":\"OLIMAR Reisen\",\"url\":\"https:\/\/blog.olimar.de\/\",\"logo\":{\"@type\":\"ImageObject\",\"inLanguage\":\"de\",\"@id\":\"https:\/\/blog.olimar.de\/#\/schema\/logo\/image\/\",\"url\":\"https:\/\/blog.olimar.de\/wp-content\/uploads\/2021\/01\/OLIMAR_Logo_COLOR.png\",\"contentUrl\":\"https:\/\/blog.olimar.de\/wp-content\/uploads\/2021\/01\/OLIMAR_Logo_COLOR.png\",\"width\":2000,\"height\":986,\"caption\":\"OLIMAR Reisen\"},\"image\":{\"@id\":\"https:\/\/blog.olimar.de\/#\/schema\/logo\/image\/\"},\"sameAs\":[\"https:\/\/www.facebook.com\/OlimarReisen\",\"https:\/\/x.com\/olimarrreisen\",\"https:\/\/www.instagram.com\/olimarreisen\",\"https:\/\/www.youtube.com\/user\/olimarreisen\"]}]}<\/script>\n<!-- \/ Yoast SEO plugin. -->","yoast_head_json":{"title":"Im September und Oktober 2021 wieder nach Porto Santo","description":"Ab Ende September fliegen ab D\u00fcsseldorf und Frankfurt neue Fl\u00fcge mit TAP Portugal via Lissabon direkt nach Porto Santo. Ein Porto-Santo-Flug!","robots":{"index":"index","follow":"follow","max-snippet":"max-snippet:-1","max-image-preview":"max-image-preview:large","max-video-preview":"max-video-preview:-1"},"canonical":"https:\/\/blog.olimar.de\/ab-herbst-wieder-nach-porto-santo\/","og_locale":"de_DE","og_type":"article","og_title":"Im September und Oktober 2021 wieder nach Porto Santo","og_description":"Ab Ende September fliegen ab D\u00fcsseldorf und Frankfurt neue Fl\u00fcge mit TAP Portugal via Lissabon direkt nach Porto Santo. Ein Porto-Santo-Flug!","og_url":"https:\/\/blog.olimar.de\/ab-herbst-wieder-nach-porto-santo\/","article_publisher":"https:\/\/www.facebook.com\/OlimarReisen","article_published_time":"2021-05-26T06:39:23+00:00","article_modified_time":"2024-02-28T15:47:47+00:00","og_image":[{"width":1568,"height":988,"url":"https:\/\/blog.olimar.de\/wp-content\/uploads\/2021\/05\/Praia-do-Porto-Santo\u00a9ILHAVISAO-MULTIMEDIA.jpg","type":"image\/jpeg"}],"author":"OLIMAR Redaktionsteam","twitter_misc":{"Verfasst von":"OLIMAR Redaktionsteam","Gesch\u00e4tzte Lesezeit":"2\u00a0Minuten"},"schema":{"@context":"https:\/\/schema.org","@graph":[{"@type":"WebPage","@id":"https:\/\/blog.olimar.de\/ab-herbst-wieder-nach-porto-santo\/","url":"https:\/\/blog.olimar.de\/ab-herbst-wieder-nach-porto-santo\/","name":"Im September und Oktober 2021 wieder nach Porto Santo","isPartOf":{"@id":"https:\/\/blog.olimar.de\/#website"},"primaryImageOfPage":{"@id":"https:\/\/blog.olimar.de\/ab-herbst-wieder-nach-porto-santo\/#primaryimage"},"image":{"@id":"https:\/\/blog.olimar.de\/ab-herbst-wieder-nach-porto-santo\/#primaryimage"},"thumbnailUrl":"https:\/\/blog.olimar.de\/wp-content\/uploads\/2021\/05\/Praia-do-Porto-Santo\u00a9ILHAVISAO-MULTIMEDIA.jpg","datePublished":"2021-05-26T06:39:23+00:00","dateModified":"2024-02-28T15:47:47+00:00","description":"Ab Ende September fliegen ab D\u00fcsseldorf und Frankfurt neue Fl\u00fcge mit TAP Portugal via Lissabon direkt nach Porto Santo. Ein Porto-Santo-Flug!","breadcrumb":{"@id":"https:\/\/blog.olimar.de\/ab-herbst-wieder-nach-porto-santo\/#breadcrumb"},"inLanguage":"de","potentialAction":[{"@type":"ReadAction","target":["https:\/\/blog.olimar.de\/ab-herbst-wieder-nach-porto-santo\/"]}]},{"@type":"ImageObject","inLanguage":"de","@id":"https:\/\/blog.olimar.de\/ab-herbst-wieder-nach-porto-santo\/#primaryimage","url":"https:\/\/blog.olimar.de\/wp-content\/uploads\/2021\/05\/Praia-do-Porto-Santo\u00a9ILHAVISAO-MULTIMEDIA.jpg","contentUrl":"https:\/\/blog.olimar.de\/wp-content\/uploads\/2021\/05\/Praia-do-Porto-Santo\u00a9ILHAVISAO-MULTIMEDIA.jpg","width":1568,"height":988,"caption":"Porto Santo Strand"},{"@type":"BreadcrumbList","@id":"https:\/\/blog.olimar.de\/ab-herbst-wieder-nach-porto-santo\/#breadcrumb","itemListElement":[{"@type":"ListItem","position":1,"name":"Home","item":"https:\/\/blog.olimar.de\/"},{"@type":"ListItem","position":2,"name":"Porto Santo","item":"https:\/\/blog.olimar.de\/tag\/porto-santo\/"},{"@type":"ListItem","position":3,"name":"OLIMAR fliegt im September und Oktober seine G\u00e4ste wieder nach Porto Santo"}]},{"@type":"WebSite","@id":"https:\/\/blog.olimar.de\/#website","url":"https:\/\/blog.olimar.de\/","name":"OLIMAR.com","description":"","publisher":{"@id":"https:\/\/blog.olimar.de\/#organization"},"potentialAction":[{"@type":"SearchAction","target":{"@type":"EntryPoint","urlTemplate":"https:\/\/blog.olimar.de\/?s={search_term_string}"},"query-input":{"@type":"PropertyValueSpecification","valueRequired":true,"valueName":"search_term_string"}}],"inLanguage":"de"},{"@type":"Organization","@id":"https:\/\/blog.olimar.de\/#organization","name":"OLIMAR Reisen","url":"https:\/\/blog.olimar.de\/","logo":{"@type":"ImageObject","inLanguage":"de","@id":"https:\/\/blog.olimar.de\/#\/schema\/logo\/image\/","url":"https:\/\/blog.olimar.de\/wp-content\/uploads\/2021\/01\/OLIMAR_Logo_COLOR.png","contentUrl":"https:\/\/blog.olimar.de\/wp-content\/uploads\/2021\/01\/OLIMAR_Logo_COLOR.png","width":2000,"height":986,"caption":"OLIMAR Reisen"},"image":{"@id":"https:\/\/blog.olimar.de\/#\/schema\/logo\/image\/"},"sameAs":["https:\/\/www.facebook.com\/OlimarReisen","https:\/\/x.com\/olimarrreisen","https:\/\/www.instagram.com\/olimarreisen","https:\/\/www.youtube.com\/user\/olimarreisen"]}]}},"modified_by":"Wiebke Fix","jetpack_featured_media_url":"https:\/\/blog.olimar.de\/wp-content\/uploads\/2021\/05\/Praia-do-Porto-Santo\u00a9ILHAVISAO-MULTIMEDIA.jpg","_links":{"self":[{"href":"https:\/\/blog.olimar.de\/wp-json\/wp\/v2\/posts\/17061","targetHints":{"allow":["GET"]}}],"collection":[{"href":"https:\/\/blog.olimar.de\/wp-json\/wp\/v2\/posts"}],"about":[{"href":"https:\/\/blog.olimar.de\/wp-json\/wp\/v2\/types\/post"}],"author":[{"embeddable":true,"href":"https:\/\/blog.olimar.de\/wp-json\/wp\/v2\/users\/9"}],"replies":[{"embeddable":true,"href":"https:\/\/blog.olimar.de\/wp-json\/wp\/v2\/comments?post=17061"}],"version-history":[{"count":12,"href":"https:\/\/blog.olimar.de\/wp-json\/wp\/v2\/posts\/17061\/revisions"}],"predecessor-version":[{"id":27453,"href":"https:\/\/blog.olimar.de\/wp-json\/wp\/v2\/posts\/17061\/revisions\/27453"}],"wp:featuredmedia":[{"embeddable":true,"href":"https:\/\/blog.olimar.de\/wp-json\/wp\/v2\/media\/17066"}],"wp:attachment":[{"href":"https:\/\/blog.olimar.de\/wp-json\/wp\/v2\/media?parent=17061"}],"wp:term":[{"taxonomy":"category","embeddable":true,"href":"https:\/\/blog.olimar.de\/wp-json\/wp\/v2\/categories?post=17061"},{"taxonomy":"post_tag","embeddable":true,"href":"https:\/\/blog.olimar.de\/wp-json\/wp\/v2\/tags?post=17061"}],"curies":[{"name":"wp","href":"https:\/\/api.w.org\/{rel}","templated":true}]}}