{"id":17221,"date":"2021-06-19T16:48:10","date_gmt":"2021-06-19T15:48:10","guid":{"rendered":"https:\/\/blog.olimar.de\/?p=17221"},"modified":"2022-12-21T20:08:46","modified_gmt":"2022-12-21T19:08:46","slug":"delta-variante-in-lissabon","status":"publish","type":"post","link":"https:\/\/blog.olimar.de\/delta-variante-in-lissabon\/","title":{"rendered":"Alles zur Delta-Variante in Lissabon"},"content":{"rendered":"\n<p><strong>Am Freitag titelten die deutschen Medien etwas einmaliges \u2013 weltweit. Es ging um die Delta-Variante, die offensichtlich vor allem in Lissabon grassiert.<\/strong><\/p>\n\n\n\n<div class=\"wp-block-buttons is-layout-flex wp-block-buttons-is-layout-flex\"><\/div>\n\n\n\n<p>Jetzt bin ich als Touristik-Unternehmer, gebeutelt durch Corona wie alle anderen Touristikunternehmen, sicherlich nicht der Objektivste. Geh\u00f6re ich doch obendrein zu den ganz wenigen, die einen bedeutend hohen Umsatzanteil \u201emit Portugal\u201c haben. Ich m\u00f6chten dennoch Fakten liefern und zeigen.<\/p>\n\n\n\n<h2 class=\"wp-block-heading\">Delta-Variante in Lissabon: Wie ist die Lage wirklich?<\/h2>\n\n\n\n<p>Fakt eins: Ja, in Portugal gibt es F\u00e4lle der (indischen) Delta-Variante. <br \/>Fakt zwei: Ja, die portugiesische Regierung hatte kurzfristig beschlossen, dass Einwohner der \u201eMetropolregion Lissabon\u201c dieses Wochenende (von Freitag, 15h bis Montag, 06h) ihre Region nicht verlassen d\u00fcrfen und eine Einreise dahin auch untersagt ist. Ausgenommen von diesem Reiseverbot sind all die, die von oder nach Lissabon fliegen. Und all die, die dort nicht ihren Wohnsitz haben, aber z.B. eine Unterkunftsreservierung nachweisen k\u00f6nnen. Kurzum: deutsche Touristen betraf das Verbot nicht.<\/p>\n<p>Gerne zitiere ich den Gesetzestext, was in der Metropolregion Lissabon dieses Wochenende erlaubt ist, was nicht:<br \/>\u201e\u00c1rea Metropolitana de Lisboa (AML)\u2013 pela sua situa\u00e7\u00e3o epidemiol\u00f3gica \u00e9 prevista uma proibi\u00e7\u00e3o de circula\u00e7\u00e3o de e para a AML entre as 15h00 do dia 18.06 e as 06h00 do dia 21.06 Sem preju\u00edzo das excep\u00e7\u00f5es previstas no artigo 11 do Decreto 9\/2020 de 21.11, que s\u00e3o: Al\u00ednea g) \u00e0s desloca\u00e7\u00f5es necess\u00e1rias para sa\u00edda do territ\u00f3rio nacional continental Al\u00ednea h) \u00e0s desloca\u00e7\u00f5es de cidad\u00e3os n\u00e3o residentes para locais de perman\u00eancia comprovada\u201c (<a href=\"https:\/\/dre.pt\/web\/guest\/home\/-\/dre\/165373331\/details\/maximized\">Quelle<\/a>)<\/p>\n<p>So gab es eine Pressekonferenz der Regierung, in der unter anderem \u00fcber die steigenden Corona-Zahlen, vor allem im Umland von Lissabon berichtet wurde und dass die Delta-Variante auf dem Vormarsch ist. Tags darauf kamen in Deutschland erste Schlagzeilen zu diesem Thema. Kaum titelte die erste Zeitung \u201eDelta-Variante: Lissabon abgeriegelt\u201c, machte diese Schlagzeile ihren Lauf. Selbst touristische Fachmedien in Deutschland titelten: \u201ePortugal riegelt Hauptstadt Lissabon ab\u201c! Schwierig, so eine Nachricht an Reiseb\u00fcros und Co. zu verbreiten, die sicherlich ihren Kunden immer objektiv erz\u00e4hlen m\u00f6chten, was denn wirklich Sache ist (siehe oben). Diese \u00dcberschrift wurde dann, nachdem ich diesem Fachmedium die Gesetzeslage erkl\u00e4rte, ge\u00e4ndert in \u201eReiseverbot f\u00fcr Portugals Hauptstadt Lissabon\u201c. Immerhin.<\/p>\n\n\n\n<h2 class=\"wp-block-heading\">Wie zeigt sich das Infektionsgeschehen in Portugal aktuell?<\/h2>\n\n\n\n<p>Nun steigen die Zahlen in Portugal ja wieder, unbestritten. Wir ver\u00f6ffentlichen die <a href=\"https:\/\/www.olimar.de\/inzidenz-nach-region-in-portugal\/\">Inzidenzen nach Region in Portugal<\/a> t\u00e4glich auf unserer Website.<br \/>Und ja, auch in Portugal ist die Delta-Variante angekommen. Gestern Abend wurden diese Zahlen (wie jeden Freitag einmal w\u00f6chentlich in Portugal) dann ver\u00f6ffentlicht (zur Info: auch Deutschland ver\u00f6ffentlicht solche Zahlen einmal w\u00f6chentlich, allerdings mittwochs).\u00a0<a href=\"https:\/\/covid19.min-saude.pt\/\/\">Hier<\/a> kann man sie nachlesen.<\/p>\n<p>Es folgt die \u00dcbersetzung der &#8220;monitoriza\u00e7\u00e3o das linhas vermelhas&#8221; mit deepl:<\/p>\n<ul>\n<li>Die Zahl der neuen F\u00e4lle von SARS-CoV-2\/COVID-19-Infektionen pro 100 000 Einwohner, die in den letzten 14 Tagen kumuliert wurden, betrug 105 F\u00e4lle, mit einer steigenden Tendenz auf nationaler Ebene.<\/li>\n<li>Der Rt-Wert liegt landesweit (1,14) und in allen Gesundheitsregionen \u00fcber 1, was auf einen steigenden Trend hindeutet. Dieser steigende Trend ist in der Region Lissabon und Tejo-Tal (LVT) mit einem Rt von 1,20 st\u00e4rker ausgepr\u00e4gt.<\/li>\n<li>Wenn diese Steigerungsrate beibehalten wird, betr\u00e4gt die Zeit bis zum Erreichen der 14-t\u00e4gigen kumulativen Inzidenzrate von 120 F\u00e4llen\/100.000 Einwohner weniger als 15 Tage f\u00fcr die nationale Ebene und in der Region Algarve, und dieser Schwellenwert wurde bereits in LVT \u00fcberschritten, das die 14-t\u00e4gige kumulative Inzidenzrate von 240 F\u00e4llen pro 100.000 Einwohner in weniger als 15 Tagen \u00fcberschreiten k\u00f6nnte.<\/li>\n<li>Die t\u00e4gliche Anzahl der COVID-19-F\u00e4lle, die auf den Intensivstationen (ICUs) des Kontinents aufgenommen wurden, zeigte einen steigenden Trend und entsprach 36 % (letzte Woche 29 %) des definierten kritischen Wertes von 245 belegten Betten.<\/li>\n<li>Auf nationaler Ebene lag der Anteil der positiv auf SARS-CoV-2 getesteten Personen bei 2,3 % (letzte Woche 1,3 %), was weiterhin unter, aber n\u00e4her am definierten Schwellenwert von 4 % liegt. Die Anzahl der in den letzten sieben Tagen durchgef\u00fchrten Tests auf SARS-CoV-2 ist gesunken.<\/li>\n<li>Der Anteil der best\u00e4tigten F\u00e4lle, die mit einer Verz\u00f6gerung gemeldet wurden, lag bei 9,6 % (letzte Woche 7,5 %) und blieb damit unter, aber sehr nahe an der 10 %-Schwelle.<\/li>\n<li>In den vergangenen sieben Tagen wurden 83 % der SARS-CoV-2\/COVID-19-Infektionsf\u00e4lle innerhalb von 24 Stunden nach der Meldung isoliert, und 78 % ihrer Kontaktpersonen wurden untersucht und isoliert.<\/li>\n<li>Die Alpha-Variante (B.1.1.7 oder assoziiert mit Gro\u00dfbritannien) war im Mai die dominante Variante, und es wird gesch\u00e4tzt, dass sich die Delta-Variante (B.1.617.2 oder assoziiert mit Indien) in den kommenden Wochen mit ihr \u00fcberschneiden k\u00f6nnte.<\/li>\n<li>Vom ersten Auftreten bis zum 16. Juni waren 157 F\u00e4lle des Delta-Stammes identifiziert worden. Es gibt eine gemeinschaftliche \u00dcbertragung dieser Variante, am deutlichsten in der LVT-Region (77,7%)<\/li>\n<li>Vom ersten Auftreten bis zum 16. Juni wurden 113 F\u00e4lle der Beta-Variante (B.1.351 oder in Verbindung mit S\u00fcdafrika) durch Laborbest\u00e4tigung identifiziert. Es gibt eine gemeinschaftliche \u00dcbertragung dieser Variante.<\/li>\n<li>Vom ersten Auftreten bis zum 16. Juni wurden 146 F\u00e4lle der Gamma-Variante (P.1 oder in Verbindung mit Manaus, Brasilien) durch Laborbest\u00e4tigung identifiziert. F\u00fcr diese Variante gibt es eine Ger\u00e4te\u00fcbertragung.<\/li>\n<li>Die Analyse der verschiedenen Indikatoren zeigt eine gemeinschaftliche \u00dcbertragung des SARS-CoV-2-Virus mit zunehmender Intensit\u00e4t und Druck auf die Gesundheitsdienste, insbesondere in der LVT-Region.<\/li>\n<li>Angesichts der erh\u00f6hten H\u00e4ufigkeit der Delta-Variante, wahrscheinlich mit gr\u00f6\u00dferer \u00dcbertragbarkeit, dem erwarteten Zeitintervall zwischen dem Anstieg der Anzahl der Infektionen und der Anzahl der Aufnahmen auf der Intensivstation, dem zunehmenden Trend der verschiedenen Indikatoren auf nationaler Ebene und ihrer Ann\u00e4herung an die Schwellenwerte der &#8220;roten Linien&#8221;, sollte der Entwicklung der Inzidenz-, virologischen und Auswirkungsindikatoren sowie der erh\u00f6hten Bereitschaft der Ressourcen auf regionaler und subregionaler Ebene zur Kontrolle und Abschw\u00e4chung der Epidemie in Portugal gr\u00f6\u00dfere Aufmerksamkeit geschenkt werden, insbesondere in der nicht geimpften Bev\u00f6lkerung oder in der Bev\u00f6lkerung ohne vollst\u00e4ndiges Impfschema.<\/li>\n<\/ul>\n<p>Vielen Dank hier f\u00fcr die Hilfe und Unterst\u00fctzung von <a href=\"https:\/\/www.facebook.com\/groups\/278229252217742\">Christina Zacker und Sim\u00e3o Caetano<\/a>.<\/p>\n\n\n\n<h2 class=\"wp-block-heading\">Die Pandemie ist nicht vorbei<\/h2>\n\n\n\n<p>Bevor ich zum Ende komme, m\u00f6chte ich noch eins loswerden: die Pandemie ist nicht vorbei. Schauen Sie sich die das folgende Diagramm an:<\/p>\n\n\n\n<iframe src=\"https:\/\/ourworldindata.org\/explorers\/coronavirus-data-explorer?zoomToSelection=true&amp;time=2021-01-01..latest&amp;pickerSort=desc&amp;pickerMetric=new_cases_smoothed_per_million&amp;Metric=Confirmed+cases&amp;Interval=7-day+rolling+average&amp;Relative+to+Population=true&amp;Align+outbreaks=false&amp;country=PRT~ESP~ITA~GRC~TUR~TUN~CYP\" loading=\"lazy\" style=\"width: 100%; height: 600px; border: 0px none;\"><\/iframe>\n\n\n\n<p>Hier habe ich relevante Mittelmeerl\u00e4nder wie Spanien, Italien, Griechenland, T\u00fcrkei, Tunesien, Zypern plus Portugal eingegeben. Noch Anfang des Monats war Portugal (was die Covid-F\u00e4lle betrifft) das sicherste Land all dieser. Anfang Mai war es dies im \u00dcbrigen mit gro\u00dfem Abstand.&nbsp;<\/p>\n\n\n\n<p><strong>Anbei noch zwei Quellen:<\/strong><\/p>\n<ul>\n<li>Auf <a href=\"https:\/\/twitter.com\/search?q=%23portugal%20%23delta\">Twitter<\/a> findet man mit den Hashtags #portugal und #delta deutsche Medien, ein paar ausl\u00e4ndische Twitter-User zitieren ebendiese deutschen Medien.<\/li>\n<li><a href=\"https:\/\/www.bing.com\/news\/search?q=portugal+delta\">Hier<\/a> eine \u00dcbersicht der Medien mit drastischen \u00dcberschriften<\/li>\n<\/ul>\n<p>Hoffen wir alle, dass Lissabon und Portugal (sowie alle anderen auch) verschont bleiben!<\/p>\n","protected":false},"excerpt":{"rendered":"<p>Am Freitag titelten die deutschen Medien etwas einmaliges \u2013 weltweit. Es ging um die Delta-Variante, die offensichtlich vor allem in Lissabon grassiert. Jetzt bin ich als Touristik-Unternehmer, gebeutelt durch Corona wie alle anderen Touristikunternehmen, sicherlich nicht der Objektivste. Geh\u00f6re ich doch obendrein zu den ganz wenigen, die einen bedeutend hohen Umsatzanteil \u201emit Portugal\u201c haben. Ich m\u00f6chten dennoch Fakten liefern und zeigen. Delta-Variante in Lissabon: Wie ist die Lage wirklich? Fakt eins: Ja, in Portugal gibt es F\u00e4lle der (indischen) Delta-Variante. Fakt zwei: Ja, die portugiesische Regierung hatte kurzfristig beschlossen, dass Einwohner der \u201eMetropolregion Lissabon\u201c dieses Wochenende (von Freitag, 15h bis Montag, &hellip;<\/p>\n","protected":false},"author":27,"featured_media":16963,"comment_status":"open","ping_status":"open","sticky":false,"template":"","format":"standard","meta":{"_crdt_document":"","_lmt_disableupdate":"","_lmt_disable":"","footnotes":""},"categories":[1,216],"tags":[25,34,20],"class_list":["post-17221","post","type-post","status-publish","format-standard","has-post-thumbnail","hentry","category-allgemein","category-sicher-reisen","tag-lissabon","tag-portugal","tag-slider"],"yoast_head":"<!-- This site is optimized with the Yoast SEO plugin v26.9 - https:\/\/yoast.com\/product\/yoast-seo-wordpress\/ -->\n<title>Die wichtigsten Informationen zur Delta-Variante in Lissabon<\/title>\n<meta name=\"description\" content=\"Am Freitag titelten die deutschen Medien etwas einmaliges \u2013 weltweit. Es ging um die Delta-Variante, die vor allem in Lissabon grassiert.\" \/>\n<meta name=\"robots\" content=\"index, follow, max-snippet:-1, max-image-preview:large, max-video-preview:-1\" \/>\n<link rel=\"canonical\" href=\"https:\/\/blog.olimar.de\/delta-variante-in-lissabon\/\" \/>\n<meta property=\"og:locale\" content=\"de_DE\" \/>\n<meta property=\"og:type\" content=\"article\" \/>\n<meta property=\"og:title\" content=\"Die wichtigsten Informationen zur Delta-Variante in Lissabon\" \/>\n<meta property=\"og:description\" content=\"Am Freitag titelten die deutschen Medien etwas einmaliges \u2013 weltweit. Es ging um die Delta-Variante, die vor allem in Lissabon grassiert.\" \/>\n<meta property=\"og:url\" content=\"https:\/\/blog.olimar.de\/delta-variante-in-lissabon\/\" \/>\n<meta property=\"article:publisher\" content=\"https:\/\/www.facebook.com\/OlimarReisen\" \/>\n<meta property=\"article:published_time\" content=\"2021-06-19T15:48:10+00:00\" \/>\n<meta property=\"article:modified_time\" content=\"2022-12-21T19:08:46+00:00\" \/>\n<meta property=\"og:image\" content=\"https:\/\/blog.olimar.de\/wp-content\/uploads\/2021\/05\/PT-Lissabon-Praca-do-Comercio.jpg\" \/>\n\t<meta property=\"og:image:width\" content=\"1000\" \/>\n\t<meta property=\"og:image:height\" content=\"750\" \/>\n\t<meta property=\"og:image:type\" content=\"image\/jpeg\" \/>\n<meta name=\"author\" content=\"Pascal Zahn\" \/>\n<meta name=\"twitter:label1\" content=\"Verfasst von\" \/>\n\t<meta name=\"twitter:data1\" content=\"Pascal Zahn\" \/>\n\t<meta name=\"twitter:label2\" content=\"Gesch\u00e4tzte Lesezeit\" \/>\n\t<meta name=\"twitter:data2\" content=\"6\u00a0Minuten\" \/>\n<script type=\"application\/ld+json\" class=\"yoast-schema-graph\">{\"@context\":\"https:\/\/schema.org\",\"@graph\":[{\"@type\":\"WebPage\",\"@id\":\"https:\/\/blog.olimar.de\/delta-variante-in-lissabon\/\",\"url\":\"https:\/\/blog.olimar.de\/delta-variante-in-lissabon\/\",\"name\":\"Die wichtigsten Informationen zur Delta-Variante in Lissabon\",\"isPartOf\":{\"@id\":\"https:\/\/blog.olimar.de\/#website\"},\"primaryImageOfPage\":{\"@id\":\"https:\/\/blog.olimar.de\/delta-variante-in-lissabon\/#primaryimage\"},\"image\":{\"@id\":\"https:\/\/blog.olimar.de\/delta-variante-in-lissabon\/#primaryimage\"},\"thumbnailUrl\":\"https:\/\/blog.olimar.de\/wp-content\/uploads\/2021\/05\/PT-Lissabon-Praca-do-Comercio.jpg\",\"datePublished\":\"2021-06-19T15:48:10+00:00\",\"dateModified\":\"2022-12-21T19:08:46+00:00\",\"description\":\"Am Freitag titelten die deutschen Medien etwas einmaliges \u2013 weltweit. Es ging um die Delta-Variante, die vor allem in Lissabon grassiert.\",\"breadcrumb\":{\"@id\":\"https:\/\/blog.olimar.de\/delta-variante-in-lissabon\/#breadcrumb\"},\"inLanguage\":\"de\",\"potentialAction\":[{\"@type\":\"ReadAction\",\"target\":[\"https:\/\/blog.olimar.de\/delta-variante-in-lissabon\/\"]}]},{\"@type\":\"ImageObject\",\"inLanguage\":\"de\",\"@id\":\"https:\/\/blog.olimar.de\/delta-variante-in-lissabon\/#primaryimage\",\"url\":\"https:\/\/blog.olimar.de\/wp-content\/uploads\/2021\/05\/PT-Lissabon-Praca-do-Comercio.jpg\",\"contentUrl\":\"https:\/\/blog.olimar.de\/wp-content\/uploads\/2021\/05\/PT-Lissabon-Praca-do-Comercio.jpg\",\"width\":1000,\"height\":750,\"caption\":\"Praca do Comercio\"},{\"@type\":\"BreadcrumbList\",\"@id\":\"https:\/\/blog.olimar.de\/delta-variante-in-lissabon\/#breadcrumb\",\"itemListElement\":[{\"@type\":\"ListItem\",\"position\":1,\"name\":\"Home\",\"item\":\"https:\/\/blog.olimar.de\/\"},{\"@type\":\"ListItem\",\"position\":2,\"name\":\"Lissabon\",\"item\":\"https:\/\/blog.olimar.de\/tag\/lissabon\/\"},{\"@type\":\"ListItem\",\"position\":3,\"name\":\"Alles zur Delta-Variante in Lissabon\"}]},{\"@type\":\"WebSite\",\"@id\":\"https:\/\/blog.olimar.de\/#website\",\"url\":\"https:\/\/blog.olimar.de\/\",\"name\":\"OLIMAR.com\",\"description\":\"\",\"publisher\":{\"@id\":\"https:\/\/blog.olimar.de\/#organization\"},\"potentialAction\":[{\"@type\":\"SearchAction\",\"target\":{\"@type\":\"EntryPoint\",\"urlTemplate\":\"https:\/\/blog.olimar.de\/?s={search_term_string}\"},\"query-input\":{\"@type\":\"PropertyValueSpecification\",\"valueRequired\":true,\"valueName\":\"search_term_string\"}}],\"inLanguage\":\"de\"},{\"@type\":\"Organization\",\"@id\":\"https:\/\/blog.olimar.de\/#organization\",\"name\":\"OLIMAR Reisen\",\"url\":\"https:\/\/blog.olimar.de\/\",\"logo\":{\"@type\":\"ImageObject\",\"inLanguage\":\"de\",\"@id\":\"https:\/\/blog.olimar.de\/#\/schema\/logo\/image\/\",\"url\":\"https:\/\/blog.olimar.de\/wp-content\/uploads\/2021\/01\/OLIMAR_Logo_COLOR.png\",\"contentUrl\":\"https:\/\/blog.olimar.de\/wp-content\/uploads\/2021\/01\/OLIMAR_Logo_COLOR.png\",\"width\":2000,\"height\":986,\"caption\":\"OLIMAR Reisen\"},\"image\":{\"@id\":\"https:\/\/blog.olimar.de\/#\/schema\/logo\/image\/\"},\"sameAs\":[\"https:\/\/www.facebook.com\/OlimarReisen\",\"https:\/\/x.com\/olimarrreisen\",\"https:\/\/www.instagram.com\/olimarreisen\",\"https:\/\/www.youtube.com\/user\/olimarreisen\"]}]}<\/script>\n<!-- \/ Yoast SEO plugin. -->","yoast_head_json":{"title":"Die wichtigsten Informationen zur Delta-Variante in Lissabon","description":"Am Freitag titelten die deutschen Medien etwas einmaliges \u2013 weltweit. Es ging um die Delta-Variante, die vor allem in Lissabon grassiert.","robots":{"index":"index","follow":"follow","max-snippet":"max-snippet:-1","max-image-preview":"max-image-preview:large","max-video-preview":"max-video-preview:-1"},"canonical":"https:\/\/blog.olimar.de\/delta-variante-in-lissabon\/","og_locale":"de_DE","og_type":"article","og_title":"Die wichtigsten Informationen zur Delta-Variante in Lissabon","og_description":"Am Freitag titelten die deutschen Medien etwas einmaliges \u2013 weltweit. Es ging um die Delta-Variante, die vor allem in Lissabon grassiert.","og_url":"https:\/\/blog.olimar.de\/delta-variante-in-lissabon\/","article_publisher":"https:\/\/www.facebook.com\/OlimarReisen","article_published_time":"2021-06-19T15:48:10+00:00","article_modified_time":"2022-12-21T19:08:46+00:00","og_image":[{"width":1000,"height":750,"url":"https:\/\/blog.olimar.de\/wp-content\/uploads\/2021\/05\/PT-Lissabon-Praca-do-Comercio.jpg","type":"image\/jpeg"}],"author":"Pascal Zahn","twitter_misc":{"Verfasst von":"Pascal Zahn","Gesch\u00e4tzte Lesezeit":"6\u00a0Minuten"},"schema":{"@context":"https:\/\/schema.org","@graph":[{"@type":"WebPage","@id":"https:\/\/blog.olimar.de\/delta-variante-in-lissabon\/","url":"https:\/\/blog.olimar.de\/delta-variante-in-lissabon\/","name":"Die wichtigsten Informationen zur Delta-Variante in Lissabon","isPartOf":{"@id":"https:\/\/blog.olimar.de\/#website"},"primaryImageOfPage":{"@id":"https:\/\/blog.olimar.de\/delta-variante-in-lissabon\/#primaryimage"},"image":{"@id":"https:\/\/blog.olimar.de\/delta-variante-in-lissabon\/#primaryimage"},"thumbnailUrl":"https:\/\/blog.olimar.de\/wp-content\/uploads\/2021\/05\/PT-Lissabon-Praca-do-Comercio.jpg","datePublished":"2021-06-19T15:48:10+00:00","dateModified":"2022-12-21T19:08:46+00:00","description":"Am Freitag titelten die deutschen Medien etwas einmaliges \u2013 weltweit. Es ging um die Delta-Variante, die vor allem in Lissabon grassiert.","breadcrumb":{"@id":"https:\/\/blog.olimar.de\/delta-variante-in-lissabon\/#breadcrumb"},"inLanguage":"de","potentialAction":[{"@type":"ReadAction","target":["https:\/\/blog.olimar.de\/delta-variante-in-lissabon\/"]}]},{"@type":"ImageObject","inLanguage":"de","@id":"https:\/\/blog.olimar.de\/delta-variante-in-lissabon\/#primaryimage","url":"https:\/\/blog.olimar.de\/wp-content\/uploads\/2021\/05\/PT-Lissabon-Praca-do-Comercio.jpg","contentUrl":"https:\/\/blog.olimar.de\/wp-content\/uploads\/2021\/05\/PT-Lissabon-Praca-do-Comercio.jpg","width":1000,"height":750,"caption":"Praca do Comercio"},{"@type":"BreadcrumbList","@id":"https:\/\/blog.olimar.de\/delta-variante-in-lissabon\/#breadcrumb","itemListElement":[{"@type":"ListItem","position":1,"name":"Home","item":"https:\/\/blog.olimar.de\/"},{"@type":"ListItem","position":2,"name":"Lissabon","item":"https:\/\/blog.olimar.de\/tag\/lissabon\/"},{"@type":"ListItem","position":3,"name":"Alles zur Delta-Variante in Lissabon"}]},{"@type":"WebSite","@id":"https:\/\/blog.olimar.de\/#website","url":"https:\/\/blog.olimar.de\/","name":"OLIMAR.com","description":"","publisher":{"@id":"https:\/\/blog.olimar.de\/#organization"},"potentialAction":[{"@type":"SearchAction","target":{"@type":"EntryPoint","urlTemplate":"https:\/\/blog.olimar.de\/?s={search_term_string}"},"query-input":{"@type":"PropertyValueSpecification","valueRequired":true,"valueName":"search_term_string"}}],"inLanguage":"de"},{"@type":"Organization","@id":"https:\/\/blog.olimar.de\/#organization","name":"OLIMAR Reisen","url":"https:\/\/blog.olimar.de\/","logo":{"@type":"ImageObject","inLanguage":"de","@id":"https:\/\/blog.olimar.de\/#\/schema\/logo\/image\/","url":"https:\/\/blog.olimar.de\/wp-content\/uploads\/2021\/01\/OLIMAR_Logo_COLOR.png","contentUrl":"https:\/\/blog.olimar.de\/wp-content\/uploads\/2021\/01\/OLIMAR_Logo_COLOR.png","width":2000,"height":986,"caption":"OLIMAR Reisen"},"image":{"@id":"https:\/\/blog.olimar.de\/#\/schema\/logo\/image\/"},"sameAs":["https:\/\/www.facebook.com\/OlimarReisen","https:\/\/x.com\/olimarrreisen","https:\/\/www.instagram.com\/olimarreisen","https:\/\/www.youtube.com\/user\/olimarreisen"]}]}},"modified_by":"Lena Radermacher","jetpack_featured_media_url":"https:\/\/blog.olimar.de\/wp-content\/uploads\/2021\/05\/PT-Lissabon-Praca-do-Comercio.jpg","_links":{"self":[{"href":"https:\/\/blog.olimar.de\/wp-json\/wp\/v2\/posts\/17221","targetHints":{"allow":["GET"]}}],"collection":[{"href":"https:\/\/blog.olimar.de\/wp-json\/wp\/v2\/posts"}],"about":[{"href":"https:\/\/blog.olimar.de\/wp-json\/wp\/v2\/types\/post"}],"author":[{"embeddable":true,"href":"https:\/\/blog.olimar.de\/wp-json\/wp\/v2\/users\/27"}],"replies":[{"embeddable":true,"href":"https:\/\/blog.olimar.de\/wp-json\/wp\/v2\/comments?post=17221"}],"version-history":[{"count":3,"href":"https:\/\/blog.olimar.de\/wp-json\/wp\/v2\/posts\/17221\/revisions"}],"predecessor-version":[{"id":22828,"href":"https:\/\/blog.olimar.de\/wp-json\/wp\/v2\/posts\/17221\/revisions\/22828"}],"wp:featuredmedia":[{"embeddable":true,"href":"https:\/\/blog.olimar.de\/wp-json\/wp\/v2\/media\/16963"}],"wp:attachment":[{"href":"https:\/\/blog.olimar.de\/wp-json\/wp\/v2\/media?parent=17221"}],"wp:term":[{"taxonomy":"category","embeddable":true,"href":"https:\/\/blog.olimar.de\/wp-json\/wp\/v2\/categories?post=17221"},{"taxonomy":"post_tag","embeddable":true,"href":"https:\/\/blog.olimar.de\/wp-json\/wp\/v2\/tags?post=17221"}],"curies":[{"name":"wp","href":"https:\/\/api.w.org\/{rel}","templated":true}]}}