{"id":17425,"date":"2021-08-26T11:58:33","date_gmt":"2021-08-26T10:58:33","guid":{"rendered":"https:\/\/blog.olimar.de\/?p=17425"},"modified":"2023-05-24T18:35:38","modified_gmt":"2023-05-24T17:35:38","slug":"111-orte-im-alentejo","status":"publish","type":"post","link":"https:\/\/blog.olimar.de\/111-orte-im-alentejo\/","title":{"rendered":"111 Orte im Alentejo, die man gesehen haben muss: Nahaufnahme vom Schreibtisch"},"content":{"rendered":"\n<p><strong>Abenteuer Autorenleben im Lockdown &#8211; \u00bbBei diesem Buch lief alles anders\u00ab gesteht Catrin George Ponciano, und erz\u00e4hlt von ihrer Arbeit w\u00e4hrend der Pandemie an ihrem neuen Reisebuch \u00fcber den Alentejo.<\/strong><\/p>\n\n\n\n<p style=\"text-align: left;\">Die Neuerscheinung \u201e<a href=\"https:\/\/www.emons-verlag.com\/programm\/111-orte-im-alentejo-die-man-gesehen-haben-muss\"><strong>111 Orte im Alentejo die man gesehen haben muss<\/strong><\/a>\u201c ist ein Pandemie Buch. Das Manuskript habe ich w\u00e4hrend des 2. Lockdowns in Portugal geschrieben. Zwischen Weihnachten 2020 und dem 1. Mai 2021.<br>120 Tage Schreibtisch. 120 Tage lang darauf warten, loszufahren. So wie immer, wenn es um einen Text \u00fcber einen Ort oder eine St\u00e4tte im Alentejo geht, \u00fcber den ich schreiben soll. F\u00fcr einen Bericht, oder f\u00fcr ein Interview mit Menschen, verantwortlich f\u00fcr ein Museum, eine Werkstatt, oder die im Chor Weltkulturerbe singen.<br>Ich gestehe, der Alentejo ist mein zweites zuhause, mein R\u00fcckzugsort, selbst bei anstrengenden Rechercheausfl\u00fcgen, selbst nach vielen Stunden Arbeit, sinkt die stille Weite der Natur in mich ein &#8211; und ich sp\u00fcre Frieden in mir. <br>Nun sollte ich dar\u00fcberschreiben \u2013 ohne dort zu sein. Seit 15 Jahren schreibe ich \u00fcber Portugal. Journalistische Artikel, Blogs, Reiseb\u00fccher, Kriminalroman, Essay. Ich schreibe \u00fcber was ich kenne. Wo ich f\u00fcr ein Gespr\u00e4ch am Stra\u00dfenrand, auf einem Bauernhof, in einem Tante-Emma-L\u00e4dchen innegehalten habe. Und mein Ohr den Menschen leihe, um ihre Sicht auf die Dinge des Lebens und des Universums zu erfahren. Das ist das Elixier meines Schreibens.<br>Dann der Super Gau. Frau Unterwegs wurde ins B\u00fcro verbannt. \u00bbMein Alentejo\u00ab blieb monatelang unerreichbar.<\/p>\n\n\n\n<h2 class=\"wp-block-heading\">Ein Buch der Erinnerung<\/h2>\n\n\n\n<p>Nie zuvor habe ich mich mehr nach meiner Lieblingsregion gesehnt. Nie zuvor habe ich mich dem Alentejo gedanklich n\u00e4her gef\u00fchlt. Denn mein Erinnerungsalbum brachte mich \u00fcberall hin, wohin ich die Lesenden und Reisenden gedanklich hin einladen m\u00f6chte. Die jahrelang gesammelten Impressionen leiteten mich. Mein Reiser\u00fcckblick funktioniert wie eine innere Landkarte. Auf Anhieb abrufbar. Wo steht welche Burg, wie komme ich dorthin, was gibt es Leckeres in der N\u00e4he zu essen. Kann ich beantworten. Aus dem Effeff. Also habe ich mir w\u00e4hrend des Schreibens ein eigenes Bild gemalt habe. In kalkwei\u00df, gerahmt von blauen und roten T\u00fcr- und Fensterrahmen, so wie im mittleren Alentejo, und von safrangelben im oberen. Von der Schieferburg in Monsaraz und der Weltkulturerbe Festung in Elvas. Von den endlos pudrig hellen Sandstr\u00e4nden an der Blauen K\u00fcste, vom gr\u00fcnen Reisfeldteppich bei Alc\u00e1cer do Sal, von den Kastanienw\u00e4ldern in der Serra de S\u00e3o Mamede, vom purpurnen Wasserspiegel am Alqueva. <br>Doch\u2026 erinnerte ich mich richtig? An den richtigen Duft? Das faszinierende rosarote Licht im Morgengrauen? An das Summen des Windes im Chor mit den Zikaden? Erinnerte ich mich genug, um den St\u00e4tten in meinem Buch Gestalt zu verleihen und -, um ihnen Poesie einzuhauchen? Die einzigartige z\u00e4rtliche Poesie der Provinz ohne Schatten &#8211; wie Einheimische ihre Heimat nennen &#8211; die sich zwischen die spanisch\/portugiesische Grenze bis an die wild zerkl\u00fcftete K\u00fcste des einstigen Lusitaniens an den Atlantik schmiegt. <br>Gel\u00e4nge es mir, das emblematische Stillleben der Natur mit seinen abertausenden Korkeichen, Olivenb\u00e4umen, und Getreidefeldern, die bis in den Himmel wachsen, allein aus meiner Erinnerung in ein Buch zu bringen? Wie sollte ich blo\u00df aus all den vielen hundert sehenswerten Orten, die ich kenne, die spannendsten, sch\u00f6nsten, skurrilsten 111 Ziele f\u00fcr mein Buch aussuchen?<\/p>\n\n\n\n<div class=\"wp-block-jetpack-tiled-gallery aligncenter is-style-rectangular\"><div class=\"tiled-gallery__gallery\"><div class=\"tiled-gallery__row\"><div class=\"tiled-gallery__col\" style=\"flex-basis:50.00000%\"><figure class=\"tiled-gallery__item\"><img decoding=\"async\" alt=\"Blaue K\u00fcste Alentejo\" data-height=\"960\" data-id=\"17429\" data-link=\"https:\/\/blog.olimar.de\/blaue-kueste\/\" data-url=\"https:\/\/blog.olimar.de\/wp-content\/uploads\/2021\/08\/Blaue-Kueste-e1629972193757.jpg\" data-width=\"1280\" src=\"https:\/\/i1.wp.com\/blog.olimar.de\/wp-content\/uploads\/2021\/08\/Blaue-Kueste-e1629972193757.jpg?ssl=1\" data-amp-layout=\"responsive\"><\/figure><\/div><div class=\"tiled-gallery__col\" style=\"flex-basis:50.00000%\"><figure class=\"tiled-gallery__item\"><img decoding=\"async\" alt=\"Elvas Ausblick\" data-height=\"960\" data-id=\"17432\" data-link=\"https:\/\/blog.olimar.de\/elvas-2\/\" data-url=\"https:\/\/blog.olimar.de\/wp-content\/uploads\/2021\/08\/Elvas-2-scaled-e1629972941600.jpg\" data-width=\"1280\" src=\"https:\/\/i1.wp.com\/blog.olimar.de\/wp-content\/uploads\/2021\/08\/Elvas-2-scaled-e1629972941600.jpg?ssl=1\" data-amp-layout=\"responsive\"><\/figure><\/div><\/div><\/div><\/div>\n\n\n\n<h2 class=\"wp-block-heading\">Recherchearbeit per Telefon<\/h2>\n\n\n\n<p>Wo sonst meine Augen unterwegs meine besten Begleiter sind, wurde es f\u00fcr dieses Buch mein Ohr. Ich telefonierte. Mit Gl\u00f3ria in Castelo de Vide, mit Nelson in Montemor-o-Novo, mit Rita in Santiago Escoural, mit Maria in \u00c9vora, mit Luis in Elvas, mit Guilherme in Alc\u00e1\u00e7ovas. Und noch vielen anderen. Sie alle waren die Stellvertreter meiner Augen. Sie erz\u00e4hlten mir, was ich fern des Alentejo nicht sehen, nicht wissen, nicht sp\u00fcren konnte.<br>Stunden verbrachte ich am Telefon, h\u00f6rte zu, fragte nach, schrieb eifrig Notizen, mit der Hand. Und gewann durch die Worte derjenigen, die ihren Heimatort besser als ich kennen, und die mir davon erz\u00e4hlt haben, was ihnen wichtig ist, neue Perspektiven, Telefonkomplizen nenne ich sie, denen es genauso wie mir wichtig ist, dass Reisende unseren Alentejo mit dem Herzen sehen werden. <br>Damit Sie, liebe Besucher und Lesende, Spa\u00df haben werden, unterwegs und neugierig, was es wohl hinter der n\u00e4chsten Hausecke alles noch zu erkunden gibt. Damit es Ihnen schmeckt im Alentejo \u2013 kurzum, damit Sie sich wohlf\u00fchlen.<\/p>\n\n\n\n<div class=\"wp-block-jetpack-tiled-gallery aligncenter is-style-rectangular\"><div class=\"tiled-gallery__gallery\"><div class=\"tiled-gallery__row\"><div class=\"tiled-gallery__col\" style=\"flex-basis:33.33333%\"><figure class=\"tiled-gallery__item\"><img decoding=\"async\" alt=\"Cabe\u00e7o de Vide Stra\u00dfe\" data-height=\"1280\" data-id=\"17430\" data-link=\"https:\/\/blog.olimar.de\/cabeco-de-vide\/\" data-url=\"https:\/\/blog.olimar.de\/wp-content\/uploads\/2021\/08\/Cabeco-de-Vide-scaled-e1629972865984.jpg\" data-width=\"960\" src=\"https:\/\/i0.wp.com\/blog.olimar.de\/wp-content\/uploads\/2021\/08\/Cabeco-de-Vide-scaled-e1629972865984.jpg?ssl=1\" data-amp-layout=\"responsive\"><\/figure><\/div><div class=\"tiled-gallery__col\" style=\"flex-basis:33.33333%\"><figure class=\"tiled-gallery__item\"><img decoding=\"async\" alt=\"Crato Alentejo\" data-height=\"1280\" data-id=\"17431\" data-link=\"https:\/\/blog.olimar.de\/crato\/\" data-url=\"https:\/\/blog.olimar.de\/wp-content\/uploads\/2021\/08\/Crato-scaled-e1629972901839.jpg\" data-width=\"960\" src=\"https:\/\/i1.wp.com\/blog.olimar.de\/wp-content\/uploads\/2021\/08\/Crato-scaled-e1629972901839.jpg?ssl=1\" data-amp-layout=\"responsive\"><\/figure><\/div><div class=\"tiled-gallery__col\" style=\"flex-basis:33.33333%\"><figure class=\"tiled-gallery__item\"><img decoding=\"async\" alt=\"Portel Reiter Denkmal\" data-height=\"1280\" data-id=\"17435\" data-link=\"https:\/\/blog.olimar.de\/portel\/\" data-url=\"https:\/\/blog.olimar.de\/wp-content\/uploads\/2021\/08\/Portel-scaled-e1629973078471.jpg\" data-width=\"960\" src=\"https:\/\/i2.wp.com\/blog.olimar.de\/wp-content\/uploads\/2021\/08\/Portel-scaled-e1629973078471.jpg?ssl=1\" data-amp-layout=\"responsive\"><\/figure><\/div><\/div><div class=\"tiled-gallery__row\"><div class=\"tiled-gallery__col\" style=\"flex-basis:51.84980%\"><figure class=\"tiled-gallery__item\"><img decoding=\"async\" alt=\"Carrasqueira Boote am Strand\" data-height=\"960\" data-id=\"17438\" data-link=\"https:\/\/blog.olimar.de\/carrasqueira\/\" data-url=\"https:\/\/blog.olimar.de\/wp-content\/uploads\/2021\/08\/Carrasqueira-e1629973140643.jpg\" data-width=\"1280\" src=\"https:\/\/i0.wp.com\/blog.olimar.de\/wp-content\/uploads\/2021\/08\/Carrasqueira-e1629973140643.jpg?ssl=1\" data-amp-layout=\"responsive\"><\/figure><\/div><div class=\"tiled-gallery__col\" style=\"flex-basis:48.15020%\"><figure class=\"tiled-gallery__item\"><img decoding=\"async\" alt=\"K\u00f6nigin Santa Isabel Azulejos Kacheln\" data-height=\"1034\" data-id=\"17437\" data-link=\"https:\/\/blog.olimar.de\/koenigin-santa-isabel-2\/\" data-url=\"https:\/\/blog.olimar.de\/wp-content\/uploads\/2021\/08\/Koenigin-Santa-Isabel-1-scaled-e1629973111663.jpg\" data-width=\"1280\" src=\"https:\/\/i1.wp.com\/blog.olimar.de\/wp-content\/uploads\/2021\/08\/Koenigin-Santa-Isabel-1-scaled-e1629973111663.jpg?ssl=1\" data-amp-layout=\"responsive\"><\/figure><\/div><\/div><\/div><\/div>\n\n\n\n<h2 class=\"wp-block-heading\">Endlich unterwegs<\/h2>\n\n\n\n<p>Ab dem 1. Mai wurde der Lockdown aufgehoben. Es konnte losgehen. Endlich! Zum Fotoshooting.<br>Die Vorfreude auf jedes Ziel wuchs, je n\u00e4her wir ihm kamen. Das vage Bangen, ob sich jede St\u00e4tte in echt tats\u00e4chlich so anf\u00fchlen m\u00f6ge, wie von mir beschrieben, ebenso. <br>Jede Ankunft dann, ein atemloser Moment. 111-mal atemlos \u2013 und erleichtert. Von Tag Eins bis Tag Dreizehn. 5000 Kilometer weit bis das letzte Bild geknipst war und der letzte Ort besucht. Bis wir mit Gl\u00f3ria, Nelson, Rita, Maria, Guilherme, Luis und all den anderen Telefonkomplizen eine \u00bbbica\u00ab getrunken haben, bis das gemeinsam froh dar\u00fcber sein, dass das zuhause bleiben ein Ende hat, uns f\u00fcr immer eint. Kein Blind Date k\u00f6nnte aufregender sein. Ausatmen. Jede St\u00e4tte steht an ihrem Platz. 111-mal Gl\u00fcckstaumel. Endlich wieder unterwegs. Im Alentejo.<\/p>\n\n\n\n<div class=\"wp-block-media-text alignwide is-stacked-on-mobile\" style=\"grid-template-columns:36% auto\"><figure class=\"wp-block-media-text__media\"><img loading=\"lazy\" decoding=\"async\" width=\"208\" height=\"316\" src=\"https:\/\/blog.olimar.de\/wp-content\/uploads\/2021\/08\/978-3-7408-1067-2_418.jpg\" alt=\"Buchcover 111 Orte im Alentejo\" class=\"wp-image-17427 size-full\" srcset=\"https:\/\/blog.olimar.de\/wp-content\/uploads\/2021\/08\/978-3-7408-1067-2_418.jpg 208w, https:\/\/blog.olimar.de\/wp-content\/uploads\/2021\/08\/978-3-7408-1067-2_418-197x300.jpg 197w\" sizes=\"auto, (max-width: 208px) 100vw, 208px\" \/><\/figure><div class=\"wp-block-media-text__content\">\n<h2 class=\"wp-block-heading\"><a href=\"https:\/\/www.emons-verlag.com\/programm\/111-orte-im-alentejo-die-man-gesehen-haben-muss\">111 Orte im Alentejo, die man gesehen haben muss<\/a><\/h2>\n\n\n\n<p class=\"wp-block-paragraph\">Catrin George Ponciano&nbsp;<\/p>\n\n\n\n<p class=\"wp-block-paragraph\">Der Alentejo ist Portugals letzte geheime Region und schmiegt sich zwischen die wild raue Atlantikk\u00fcste und die spanische Extremadura. Das Land ohne Schatten, nennen die Einheimischen ihre Heimat s\u00fcdlich des Tejo, ist touristisch ganz und gar untersch\u00e4tzt. Gut so! So geh\u00f6ren die liebliche Landschaft mit ihren Korkeichen, all die mittelalterlichen Ritterbastionen in nostalgischen Kleinst\u00e4dten, abgelegene Fischerenklaven und von der Zeit vergessene Burgd\u00f6rfer den behaglich Reisenden auf F\u00e4hrtensuche zu fl\u00fcsternden Megalithen, in k\u00f6nigliche Schlafgem\u00e4cher oder dorthin, wo die Erde aufrei\u00dft und Neunaugen laichen \u2013 unvergessliche Momente mit Brauchtum und Leute inbegriffen.  <\/p>\n\n\n\n<p class=\"wp-block-paragraph\">Mit zahlreichen Fotografien <br>240 Seiten <br>ISBN<tcxspan tcxhref=\"9783740810672\" title=\"Call  978-3-7408-1067-2  via 3CX\"> 978-3-7408-1067-2 <\/tcxspan><br>erschienen am 26.08.2021<\/p>\n\n\n\n\n\n<div style=\"height:100px\" aria-hidden=\"true\" class=\"wp-block-spacer\"><\/div>\n<\/div><\/div>\n","protected":false},"excerpt":{"rendered":"<p>Abenteuer Autorenleben im Lockdown &#8211; \u00bbBei diesem Buch lief alles anders\u00ab gesteht Catrin George Ponciano, und erz\u00e4hlt von ihrer Arbeit w\u00e4hrend der Pandemie an ihrem neuen Reisebuch \u00fcber den Alentejo. Die Neuerscheinung \u201e111 Orte im Alentejo die man gesehen haben muss\u201c ist ein Pandemie Buch. Das Manuskript habe ich w\u00e4hrend des 2. Lockdowns in Portugal geschrieben. Zwischen Weihnachten 2020 und dem 1. Mai 2021.120 Tage Schreibtisch. 120 Tage lang darauf warten, loszufahren. So wie immer, wenn es um einen Text \u00fcber einen Ort oder eine St\u00e4tte im Alentejo geht, \u00fcber den ich schreiben soll. F\u00fcr einen Bericht, oder f\u00fcr ein Interview &hellip;<\/p>\n","protected":false},"author":70,"featured_media":17439,"comment_status":"open","ping_status":"open","sticky":false,"template":"","format":"standard","meta":{"_crdt_document":"","_lmt_disableupdate":"","_lmt_disable":"","footnotes":""},"categories":[1,28],"tags":[22,34,20],"class_list":["post-17425","post","type-post","status-publish","format-standard","has-post-thumbnail","hentry","category-allgemein","category-kunst-kultur","tag-alentejo","tag-portugal","tag-slider"],"yoast_head":"<!-- This site is optimized with the Yoast SEO plugin v26.9 - https:\/\/yoast.com\/product\/yoast-seo-wordpress\/ -->\n<title>111 Orte im Alentejo, die man gesehen haben muss<\/title>\n<meta name=\"description\" content=\"Autorin Catrin George Ponciano erz\u00e4hlt von ihrer Arbeit w\u00e4hrend der Pandemie an ihrem neuen Reisebuch \u00fcber den Alentejo .\" \/>\n<meta name=\"robots\" content=\"index, follow, max-snippet:-1, max-image-preview:large, max-video-preview:-1\" \/>\n<link rel=\"canonical\" href=\"https:\/\/blog.olimar.de\/111-orte-im-alentejo\/\" \/>\n<meta property=\"og:locale\" content=\"de_DE\" \/>\n<meta property=\"og:type\" content=\"article\" \/>\n<meta property=\"og:title\" content=\"111 Orte im Alentejo, die man gesehen haben muss\" \/>\n<meta property=\"og:description\" content=\"Autorin Catrin George Ponciano erz\u00e4hlt von ihrer Arbeit w\u00e4hrend der Pandemie an ihrem neuen Reisebuch \u00fcber den Alentejo .\" \/>\n<meta property=\"og:url\" content=\"https:\/\/blog.olimar.de\/111-orte-im-alentejo\/\" \/>\n<meta property=\"article:publisher\" content=\"https:\/\/www.facebook.com\/OlimarReisen\" \/>\n<meta property=\"article:published_time\" content=\"2021-08-26T10:58:33+00:00\" \/>\n<meta property=\"article:modified_time\" content=\"2023-05-24T17:35:38+00:00\" \/>\n<meta property=\"og:image\" content=\"https:\/\/blog.olimar.de\/wp-content\/uploads\/2021\/08\/joao-luis-21-Ca3JGcU-unsplash-scaled-e1629973308840.jpg\" \/>\n\t<meta property=\"og:image:width\" content=\"1280\" \/>\n\t<meta property=\"og:image:height\" content=\"854\" \/>\n\t<meta property=\"og:image:type\" content=\"image\/jpeg\" \/>\n<meta name=\"author\" content=\"Catrin Ponciano\" \/>\n<meta name=\"twitter:label1\" content=\"Verfasst von\" \/>\n\t<meta name=\"twitter:data1\" content=\"Catrin Ponciano\" \/>\n\t<meta name=\"twitter:label2\" content=\"Gesch\u00e4tzte Lesezeit\" \/>\n\t<meta name=\"twitter:data2\" content=\"7\u00a0Minuten\" \/>\n<script type=\"application\/ld+json\" class=\"yoast-schema-graph\">{\"@context\":\"https:\/\/schema.org\",\"@graph\":[{\"@type\":\"WebPage\",\"@id\":\"https:\/\/blog.olimar.de\/111-orte-im-alentejo\/\",\"url\":\"https:\/\/blog.olimar.de\/111-orte-im-alentejo\/\",\"name\":\"111 Orte im Alentejo, die man gesehen haben muss\",\"isPartOf\":{\"@id\":\"https:\/\/blog.olimar.de\/#website\"},\"primaryImageOfPage\":{\"@id\":\"https:\/\/blog.olimar.de\/111-orte-im-alentejo\/#primaryimage\"},\"image\":{\"@id\":\"https:\/\/blog.olimar.de\/111-orte-im-alentejo\/#primaryimage\"},\"thumbnailUrl\":\"https:\/\/blog.olimar.de\/wp-content\/uploads\/2021\/08\/joao-luis-21-Ca3JGcU-unsplash-scaled-e1629973308840.jpg\",\"datePublished\":\"2021-08-26T10:58:33+00:00\",\"dateModified\":\"2023-05-24T17:35:38+00:00\",\"description\":\"Autorin Catrin George Ponciano erz\u00e4hlt von ihrer Arbeit w\u00e4hrend der Pandemie an ihrem neuen Reisebuch \u00fcber den Alentejo .\",\"breadcrumb\":{\"@id\":\"https:\/\/blog.olimar.de\/111-orte-im-alentejo\/#breadcrumb\"},\"inLanguage\":\"de\",\"potentialAction\":[{\"@type\":\"ReadAction\",\"target\":[\"https:\/\/blog.olimar.de\/111-orte-im-alentejo\/\"]}]},{\"@type\":\"ImageObject\",\"inLanguage\":\"de\",\"@id\":\"https:\/\/blog.olimar.de\/111-orte-im-alentejo\/#primaryimage\",\"url\":\"https:\/\/blog.olimar.de\/wp-content\/uploads\/2021\/08\/joao-luis-21-Ca3JGcU-unsplash-scaled-e1629973308840.jpg\",\"contentUrl\":\"https:\/\/blog.olimar.de\/wp-content\/uploads\/2021\/08\/joao-luis-21-Ca3JGcU-unsplash-scaled-e1629973308840.jpg\",\"width\":1280,\"height\":854,\"caption\":\"Alentejo Landschaft\"},{\"@type\":\"BreadcrumbList\",\"@id\":\"https:\/\/blog.olimar.de\/111-orte-im-alentejo\/#breadcrumb\",\"itemListElement\":[{\"@type\":\"ListItem\",\"position\":1,\"name\":\"Home\",\"item\":\"https:\/\/blog.olimar.de\/\"},{\"@type\":\"ListItem\",\"position\":2,\"name\":\"Alentejo\",\"item\":\"https:\/\/blog.olimar.de\/tag\/alentejo\/\"},{\"@type\":\"ListItem\",\"position\":3,\"name\":\"111 Orte im Alentejo, die man gesehen haben muss: Nahaufnahme vom Schreibtisch\"}]},{\"@type\":\"WebSite\",\"@id\":\"https:\/\/blog.olimar.de\/#website\",\"url\":\"https:\/\/blog.olimar.de\/\",\"name\":\"OLIMAR.com\",\"description\":\"\",\"publisher\":{\"@id\":\"https:\/\/blog.olimar.de\/#organization\"},\"potentialAction\":[{\"@type\":\"SearchAction\",\"target\":{\"@type\":\"EntryPoint\",\"urlTemplate\":\"https:\/\/blog.olimar.de\/?s={search_term_string}\"},\"query-input\":{\"@type\":\"PropertyValueSpecification\",\"valueRequired\":true,\"valueName\":\"search_term_string\"}}],\"inLanguage\":\"de\"},{\"@type\":\"Organization\",\"@id\":\"https:\/\/blog.olimar.de\/#organization\",\"name\":\"OLIMAR Reisen\",\"url\":\"https:\/\/blog.olimar.de\/\",\"logo\":{\"@type\":\"ImageObject\",\"inLanguage\":\"de\",\"@id\":\"https:\/\/blog.olimar.de\/#\/schema\/logo\/image\/\",\"url\":\"https:\/\/blog.olimar.de\/wp-content\/uploads\/2021\/01\/OLIMAR_Logo_COLOR.png\",\"contentUrl\":\"https:\/\/blog.olimar.de\/wp-content\/uploads\/2021\/01\/OLIMAR_Logo_COLOR.png\",\"width\":2000,\"height\":986,\"caption\":\"OLIMAR Reisen\"},\"image\":{\"@id\":\"https:\/\/blog.olimar.de\/#\/schema\/logo\/image\/\"},\"sameAs\":[\"https:\/\/www.facebook.com\/OlimarReisen\",\"https:\/\/x.com\/olimarrreisen\",\"https:\/\/www.instagram.com\/olimarreisen\",\"https:\/\/www.youtube.com\/user\/olimarreisen\"]}]}<\/script>\n<!-- \/ Yoast SEO plugin. -->","yoast_head_json":{"title":"111 Orte im Alentejo, die man gesehen haben muss","description":"Autorin Catrin George Ponciano erz\u00e4hlt von ihrer Arbeit w\u00e4hrend der Pandemie an ihrem neuen Reisebuch \u00fcber den Alentejo .","robots":{"index":"index","follow":"follow","max-snippet":"max-snippet:-1","max-image-preview":"max-image-preview:large","max-video-preview":"max-video-preview:-1"},"canonical":"https:\/\/blog.olimar.de\/111-orte-im-alentejo\/","og_locale":"de_DE","og_type":"article","og_title":"111 Orte im Alentejo, die man gesehen haben muss","og_description":"Autorin Catrin George Ponciano erz\u00e4hlt von ihrer Arbeit w\u00e4hrend der Pandemie an ihrem neuen Reisebuch \u00fcber den Alentejo .","og_url":"https:\/\/blog.olimar.de\/111-orte-im-alentejo\/","article_publisher":"https:\/\/www.facebook.com\/OlimarReisen","article_published_time":"2021-08-26T10:58:33+00:00","article_modified_time":"2023-05-24T17:35:38+00:00","og_image":[{"width":1280,"height":854,"url":"https:\/\/blog.olimar.de\/wp-content\/uploads\/2021\/08\/joao-luis-21-Ca3JGcU-unsplash-scaled-e1629973308840.jpg","type":"image\/jpeg"}],"author":"Catrin Ponciano","twitter_misc":{"Verfasst von":"Catrin Ponciano","Gesch\u00e4tzte Lesezeit":"7\u00a0Minuten"},"schema":{"@context":"https:\/\/schema.org","@graph":[{"@type":"WebPage","@id":"https:\/\/blog.olimar.de\/111-orte-im-alentejo\/","url":"https:\/\/blog.olimar.de\/111-orte-im-alentejo\/","name":"111 Orte im Alentejo, die man gesehen haben muss","isPartOf":{"@id":"https:\/\/blog.olimar.de\/#website"},"primaryImageOfPage":{"@id":"https:\/\/blog.olimar.de\/111-orte-im-alentejo\/#primaryimage"},"image":{"@id":"https:\/\/blog.olimar.de\/111-orte-im-alentejo\/#primaryimage"},"thumbnailUrl":"https:\/\/blog.olimar.de\/wp-content\/uploads\/2021\/08\/joao-luis-21-Ca3JGcU-unsplash-scaled-e1629973308840.jpg","datePublished":"2021-08-26T10:58:33+00:00","dateModified":"2023-05-24T17:35:38+00:00","description":"Autorin Catrin George Ponciano erz\u00e4hlt von ihrer Arbeit w\u00e4hrend der Pandemie an ihrem neuen Reisebuch \u00fcber den Alentejo .","breadcrumb":{"@id":"https:\/\/blog.olimar.de\/111-orte-im-alentejo\/#breadcrumb"},"inLanguage":"de","potentialAction":[{"@type":"ReadAction","target":["https:\/\/blog.olimar.de\/111-orte-im-alentejo\/"]}]},{"@type":"ImageObject","inLanguage":"de","@id":"https:\/\/blog.olimar.de\/111-orte-im-alentejo\/#primaryimage","url":"https:\/\/blog.olimar.de\/wp-content\/uploads\/2021\/08\/joao-luis-21-Ca3JGcU-unsplash-scaled-e1629973308840.jpg","contentUrl":"https:\/\/blog.olimar.de\/wp-content\/uploads\/2021\/08\/joao-luis-21-Ca3JGcU-unsplash-scaled-e1629973308840.jpg","width":1280,"height":854,"caption":"Alentejo Landschaft"},{"@type":"BreadcrumbList","@id":"https:\/\/blog.olimar.de\/111-orte-im-alentejo\/#breadcrumb","itemListElement":[{"@type":"ListItem","position":1,"name":"Home","item":"https:\/\/blog.olimar.de\/"},{"@type":"ListItem","position":2,"name":"Alentejo","item":"https:\/\/blog.olimar.de\/tag\/alentejo\/"},{"@type":"ListItem","position":3,"name":"111 Orte im Alentejo, die man gesehen haben muss: Nahaufnahme vom Schreibtisch"}]},{"@type":"WebSite","@id":"https:\/\/blog.olimar.de\/#website","url":"https:\/\/blog.olimar.de\/","name":"OLIMAR.com","description":"","publisher":{"@id":"https:\/\/blog.olimar.de\/#organization"},"potentialAction":[{"@type":"SearchAction","target":{"@type":"EntryPoint","urlTemplate":"https:\/\/blog.olimar.de\/?s={search_term_string}"},"query-input":{"@type":"PropertyValueSpecification","valueRequired":true,"valueName":"search_term_string"}}],"inLanguage":"de"},{"@type":"Organization","@id":"https:\/\/blog.olimar.de\/#organization","name":"OLIMAR Reisen","url":"https:\/\/blog.olimar.de\/","logo":{"@type":"ImageObject","inLanguage":"de","@id":"https:\/\/blog.olimar.de\/#\/schema\/logo\/image\/","url":"https:\/\/blog.olimar.de\/wp-content\/uploads\/2021\/01\/OLIMAR_Logo_COLOR.png","contentUrl":"https:\/\/blog.olimar.de\/wp-content\/uploads\/2021\/01\/OLIMAR_Logo_COLOR.png","width":2000,"height":986,"caption":"OLIMAR Reisen"},"image":{"@id":"https:\/\/blog.olimar.de\/#\/schema\/logo\/image\/"},"sameAs":["https:\/\/www.facebook.com\/OlimarReisen","https:\/\/x.com\/olimarrreisen","https:\/\/www.instagram.com\/olimarreisen","https:\/\/www.youtube.com\/user\/olimarreisen"]}]}},"modified_by":"Lena Radermacher","jetpack_featured_media_url":"https:\/\/blog.olimar.de\/wp-content\/uploads\/2021\/08\/joao-luis-21-Ca3JGcU-unsplash-scaled-e1629973308840.jpg","_links":{"self":[{"href":"https:\/\/blog.olimar.de\/wp-json\/wp\/v2\/posts\/17425","targetHints":{"allow":["GET"]}}],"collection":[{"href":"https:\/\/blog.olimar.de\/wp-json\/wp\/v2\/posts"}],"about":[{"href":"https:\/\/blog.olimar.de\/wp-json\/wp\/v2\/types\/post"}],"author":[{"embeddable":true,"href":"https:\/\/blog.olimar.de\/wp-json\/wp\/v2\/users\/70"}],"replies":[{"embeddable":true,"href":"https:\/\/blog.olimar.de\/wp-json\/wp\/v2\/comments?post=17425"}],"version-history":[{"count":8,"href":"https:\/\/blog.olimar.de\/wp-json\/wp\/v2\/posts\/17425\/revisions"}],"predecessor-version":[{"id":25429,"href":"https:\/\/blog.olimar.de\/wp-json\/wp\/v2\/posts\/17425\/revisions\/25429"}],"wp:featuredmedia":[{"embeddable":true,"href":"https:\/\/blog.olimar.de\/wp-json\/wp\/v2\/media\/17439"}],"wp:attachment":[{"href":"https:\/\/blog.olimar.de\/wp-json\/wp\/v2\/media?parent=17425"}],"wp:term":[{"taxonomy":"category","embeddable":true,"href":"https:\/\/blog.olimar.de\/wp-json\/wp\/v2\/categories?post=17425"},{"taxonomy":"post_tag","embeddable":true,"href":"https:\/\/blog.olimar.de\/wp-json\/wp\/v2\/tags?post=17425"}],"curies":[{"name":"wp","href":"https:\/\/api.w.org\/{rel}","templated":true}]}}