{"id":17515,"date":"2021-11-19T13:37:02","date_gmt":"2021-11-19T12:37:02","guid":{"rendered":"https:\/\/blog.olimar.de\/?p=17515"},"modified":"2024-02-21T10:50:06","modified_gmt":"2024-02-21T09:50:06","slug":"genalguacil-kunst-ronda","status":"publish","type":"post","link":"https:\/\/blog.olimar.de\/genalguacil-kunst-ronda\/","title":{"rendered":"Genalguacil: K\u00fcnstlerdorf in den Bergen von Ronda"},"content":{"rendered":"\n<p><strong>Bei einem Ausflug ins K\u00fcnstlerdorf Genalguacil verschwimmen die Grenzen zwischen Tradition, Kunst und Natur.<\/strong><\/p>\n\n\n\n<div class=\"wp-block-buttons is-layout-flex wp-block-buttons-is-layout-flex\">\n<div class=\"wp-block-button\"><a class=\"wp-block-button__link wp-element-button\" href=\"https:\/\/www.olimar.de\/spanien\/nordspanien\/\">Nordpspanien Reiseangebote und Hoteltipps entdecken<\/a><\/div>\n<\/div>\n\n\n\n<div style=\"height:25px\" aria-hidden=\"true\" class=\"wp-block-spacer\"><\/div>\n\n\n\n<p>Jede Kurve ein Genuss: Die MA-8301 schl\u00e4ngelt sich von der K\u00fcste durch die Sierra Bermeja durch schattige W\u00e4lder mit Korkeichen, Kastanien, Pinien und der seltenen Pinsapo-Tanne. Zwischen den hohen B\u00e4umen ragen rostbraune Felsen aus dem Boden, hier und da glitzert und rauscht ein Wasserfall. Am Aussichtspunkt Los Reales gleitet der Blick \u00fcber das Naturschutzgebiet hinweg bis zur Serran\u00eda de Ronda. In der Ferne schimmert an einem Berghang ein wei\u00dfer Fleck: Genalguacil im Tal des Rio Genal, das Ziel unseres Ausflugs.<\/p>\n\n\n\n<p>Die Fahrt von Estepona dauert knapp eine Stunde. An der Einfahrt des Dorfes, das rund 400 Meter \u00fcber dem Meeresspiegel liegt, gr\u00fc\u00dfen zwei Schilder: \u201ePueblo Museo\u201c und \u201eGenalguacil \u2013 Los Pueblos M\u00e1s Bonitos de Espa\u00f1a\u201c. Letzteres weist darauf hin, dass der Ort seit kurzem auch offiziell zu den \u201esch\u00f6nsten D\u00f6rfern Spaniens\u201c z\u00e4hlt. Gleich am Parkplatz das erste Kunstwerk: eine Skulptur aus braunem, fein marmoriertem Naturstein, ein Baum, vielleicht eine Pinsapo-Tanne.<\/p>\n\n\n\n<figure class=\"wp-block-image size-large is-resized\"><img loading=\"lazy\" decoding=\"async\" src=\"https:\/\/blog.olimar.de\/wp-content\/uploads\/2021\/11\/YE4B7483-1024x731.jpg\" alt=\"Genalguacil Pueblo Museo\" class=\"wp-image-17761\" width=\"768\" height=\"548\" srcset=\"https:\/\/blog.olimar.de\/wp-content\/uploads\/2021\/11\/YE4B7483-1024x731.jpg 1024w, https:\/\/blog.olimar.de\/wp-content\/uploads\/2021\/11\/YE4B7483-300x214.jpg 300w, https:\/\/blog.olimar.de\/wp-content\/uploads\/2021\/11\/YE4B7483-768x548.jpg 768w, https:\/\/blog.olimar.de\/wp-content\/uploads\/2021\/11\/YE4B7483-1536x1096.jpg 1536w, https:\/\/blog.olimar.de\/wp-content\/uploads\/2021\/11\/YE4B7483.jpg 1600w\" sizes=\"auto, (max-width: 768px) 100vw, 768px\" \/><figcaption class=\"wp-element-caption\">Genaguacil Pueblo Museo<\/figcaption><\/figure>\n\n\n\n<h2 class=\"wp-block-heading\">Die G\u00e4rten des Wesirs<\/h2>\n\n\n\n<p>Das Objekt ist eines von 200 Kunstwerken, die in dem 500 Einwohner-Dorf ausgestellt sind. Sie sind das materielle Ergebnis der Encuentros de Arte, eines mehrw\u00f6chigen Treffens zwischen Einheimischen und K\u00fcnstlern, das seit 1994 alle zwei Jahre stattfindet. Was die Maler, Bildhauer, Fotografen und Videok\u00fcnstler aus Spanien und dem Ausland w\u00e4hrend ihres Aufenthaltes in Genalguacil schaffen, wird ins Ortsbild integriert. In engen Gassen, an schneewei\u00dfen H\u00e4userw\u00e4nden, an Treppenaufg\u00e4ngen, Haust\u00fcren und auf Ziegeld\u00e4chern wird der Betrachter mit abstrakten und figurativen Werken konfrontiert, die einen Bezug zur Umgebung herstellen. Viele sind aus Materialien, die aus der Gegend stammen: Baumst\u00fcmpfe, Kork, Bl\u00fcten, Keramik, Korbweide. Andere besch\u00e4ftigen sich konzeptuell mit dem Ort, mit seinen Einwohnern von heute und gestern, mit den maurischen Wurzeln von Gema-Al Wacir (\u201eG\u00e4rten des Wesirs\u201c). Ein wichtiges Thema ist die Natur.<\/p>\n\n\n\n<figure class=\"wp-block-image size-large is-resized\"><img loading=\"lazy\" decoding=\"async\" src=\"https:\/\/blog.olimar.de\/wp-content\/uploads\/2021\/11\/Oliver-Sdrojek-Telereal-Ralf-Kiwus-1024x768.jpg\" alt=\"Ralf Kiwus: \u201eTelereal\u201c \" class=\"wp-image-17758\" width=\"768\" height=\"576\" srcset=\"https:\/\/blog.olimar.de\/wp-content\/uploads\/2021\/11\/Oliver-Sdrojek-Telereal-Ralf-Kiwus-1024x768.jpg 1024w, https:\/\/blog.olimar.de\/wp-content\/uploads\/2021\/11\/Oliver-Sdrojek-Telereal-Ralf-Kiwus-300x225.jpg 300w, https:\/\/blog.olimar.de\/wp-content\/uploads\/2021\/11\/Oliver-Sdrojek-Telereal-Ralf-Kiwus-768x576.jpg 768w, https:\/\/blog.olimar.de\/wp-content\/uploads\/2021\/11\/Oliver-Sdrojek-Telereal-Ralf-Kiwus-1536x1152.jpg 1536w, https:\/\/blog.olimar.de\/wp-content\/uploads\/2021\/11\/Oliver-Sdrojek-Telereal-Ralf-Kiwus.jpg 2036w\" sizes=\"auto, (max-width: 768px) 100vw, 768px\" \/><figcaption class=\"wp-element-caption\">Ralf Kiwus: \u201eTelereal\u201c (2010), Bild: Oliver Sdrojek<\/figcaption><\/figure>\n\n\n\n<p><strong>\u201eTelereal\u201c<\/strong> hei\u00dft die Skulptur aus Holz, Keramik und Mauerwerk. Sie stellt eine Figur im Sessel vor dem Fernseher dar. Das Programm: der weite Ausblick in die Berge &#8211; hyperreal. Das fotogene Werk wurde von dem aus S\u00fcddeutschland stammenden Bildhauer Ralf Kiwus f\u00fcr die Biennale 2010 geschaffen und ist wirkungsvoll in einen Aussichtspunkt integriert.<\/p>\n\n\n\n<figure class=\"wp-block-image size-large is-resized\"><img loading=\"lazy\" decoding=\"async\" src=\"https:\/\/blog.olimar.de\/wp-content\/uploads\/2021\/11\/Genalguacil_Holzkoepfe-1024x768.jpg\" alt=\"Genalguacil Holzk\u00f6pfe\" class=\"wp-image-17756\" width=\"768\" height=\"576\" srcset=\"https:\/\/blog.olimar.de\/wp-content\/uploads\/2021\/11\/Genalguacil_Holzkoepfe-1024x768.jpg 1024w, https:\/\/blog.olimar.de\/wp-content\/uploads\/2021\/11\/Genalguacil_Holzkoepfe-300x225.jpg 300w, https:\/\/blog.olimar.de\/wp-content\/uploads\/2021\/11\/Genalguacil_Holzkoepfe-768x576.jpg 768w, https:\/\/blog.olimar.de\/wp-content\/uploads\/2021\/11\/Genalguacil_Holzkoepfe-1536x1152.jpg 1536w, https:\/\/blog.olimar.de\/wp-content\/uploads\/2021\/11\/Genalguacil_Holzkoepfe.jpg 1600w\" sizes=\"auto, (max-width: 768px) 100vw, 768px\" \/><figcaption class=\"wp-element-caption\">Sofia Ostos und Rafael Oca\u00f1a: \u201eRa\u00edces\u201c, Bild: Oliver Sdrojek<\/figcaption><\/figure>\n\n\n\n<p>Sofia Ostos und Rafael Oca\u00f1a haben aus den freigelegten Wurzeln eines uralten Olivenbaums expressive Gesichter geschnitzt. An einer Bushaltestelle trifft man auf den franz\u00f6sischen Filmkomiker Jacques Tati (\u201eDie Ferien des Monsieur Hulot\u201c).<\/p>\n\n\n\n<figure class=\"wp-block-image size-large is-resized\"><img loading=\"lazy\" decoding=\"async\" src=\"https:\/\/blog.olimar.de\/wp-content\/uploads\/2021\/11\/YE4B7462-1024x732.jpg\" alt=\"Juan Ram\u00f3n Gimeno \u201eAc\u00e9milas\u201c \" class=\"wp-image-17760\" width=\"768\" height=\"549\" srcset=\"https:\/\/blog.olimar.de\/wp-content\/uploads\/2021\/11\/YE4B7462-1024x732.jpg 1024w, https:\/\/blog.olimar.de\/wp-content\/uploads\/2021\/11\/YE4B7462-300x214.jpg 300w, https:\/\/blog.olimar.de\/wp-content\/uploads\/2021\/11\/YE4B7462-768x549.jpg 768w, https:\/\/blog.olimar.de\/wp-content\/uploads\/2021\/11\/YE4B7462-1536x1097.jpg 1536w, https:\/\/blog.olimar.de\/wp-content\/uploads\/2021\/11\/YE4B7462.jpg 1600w\" sizes=\"auto, (max-width: 768px) 100vw, 768px\" \/><figcaption class=\"wp-element-caption\">Juan Ram\u00f3n Gimeno: \u201eAc\u00e9milas\u201c (1999), Bild: Genaguacil Pueblo Museo<\/figcaption><\/figure>\n\n\n\n<p>Am alten Dorfbrunnen flie\u00dft das Wasser aus den M\u00e4ulern dreier Esel, ein Werk des Bildhauers Juan Ram\u00f3n Gimeno. Zwischen zwei Dachsimsen spannt sich ein Bogen aus ausrangierten St\u00fchlen, Fahrr\u00e4dern und Blasinstrumenten. Die Installation \u201eArco de Viento\u201c (\u201eWindbogen\u201c), 2016 von Isidro Lopez-Aparicio in Kooperation mit \u00e4lteren Dorfbewohnern gefertigt, kreist um das Thema Erinnerungen.<\/p>\n\n\n\n<h2 class=\"wp-block-heading\">Kultureller Hotspot<\/h2>\n\n\n\n<p>Was nicht wetterfest ist, kommt ins <strong>Museo de Arte Contempor\u00e1neo MAC<\/strong>. Das Museum mit \u00fcber 1000 Quadratmeter Ausstellungsfl\u00e4che ist nach Fernando Centeno L\u00f3pez benannt, dem fr\u00fcheren B\u00fcrgermeister, der die Idee des K\u00fcnstlerdorfes vorantrieb. Die im Museum pr\u00e4sentierten Werke sind multidisziplin\u00e4r. So verbinden zum Beispiel die Franz\u00f6sin Fran\u00e7oise Vanneraud und der Katalane Jos\u00e9 Medina Galeote Zeichnungen und Fotografien in einem Gemeinschaftswerk f\u00fcr die Biennale 2018. Es kreist thematisch um die Dorfgemeinschaft und die Landschaft des Genal-Tals. Einen ganzen Raum f\u00fcllt die filigrane, schwebeleichte Installation \u201eThe Twins\u201c von Lola Guerrera. Sie ist aus Hunderten getrockneten Bl\u00fcten gefertigt ist und bildet je nach Blickwinkel Kreise, Spiralen und andere dynamische Formen. In anderen R\u00e4umen sind Keramikarbeiten, Lichtinstallationen und Videos zu sehen.<\/p>\n\n\n\n<figure class=\"wp-block-image size-large is-resized\"><img loading=\"lazy\" decoding=\"async\" src=\"https:\/\/blog.olimar.de\/wp-content\/uploads\/2021\/11\/MG_9950-1024x732.jpg\" alt=\"Lola Guerrera: \u201eThe Twins\u201c (2020)\" class=\"wp-image-17754\" width=\"768\" height=\"549\" srcset=\"https:\/\/blog.olimar.de\/wp-content\/uploads\/2021\/11\/MG_9950-1024x732.jpg 1024w, https:\/\/blog.olimar.de\/wp-content\/uploads\/2021\/11\/MG_9950-300x214.jpg 300w, https:\/\/blog.olimar.de\/wp-content\/uploads\/2021\/11\/MG_9950-768x549.jpg 768w, https:\/\/blog.olimar.de\/wp-content\/uploads\/2021\/11\/MG_9950-1536x1097.jpg 1536w, https:\/\/blog.olimar.de\/wp-content\/uploads\/2021\/11\/MG_9950.jpg 1600w\" sizes=\"auto, (max-width: 768px) 100vw, 768px\" \/><figcaption class=\"wp-element-caption\">Lola Guerrera: \u201eThe Twins\u201c (2020), Bild: Genaguacil Pueblo Museo<\/figcaption><\/figure>\n\n\n\n<p>Kunst der Gegenwart in einem abgelegenen Dorf, das wie so viele andere im Hinterland der Costa del Sol von \u00dcberalterung und Abwanderung bedroht ist: In Genalguacil geht das Konzept auf. Die renommierte Stiftung \u201eFundaci\u00f3n Contempor\u00e1nea\u201c hat Genalguacil in die Liste der 100 kulturellen Hotspots Spanien aufgenommen. Vor der ersten Biennale von 1994 z\u00e4hlte das Dorf, das 125 km von M\u00e1laga und 45 km von Ronda entfernt liegt, kaum 300 Einwohner. Besucher gab es damals nur wenige. Drei Jahrzehnte sp\u00e4ter kommen Menschen aus aller Welt nach Genalguacil, die Anzahl der Einwohner w\u00e4chst. Einige K\u00fcnstler haben sich permanent angesiedelt. Zu ihnen geh\u00f6rt der aus Argentinien stammende Maler Carlos Re, der 25 Jahre in Amsterdam gelebt hat. Sein Lieblingsplatz in seiner neuen Wahlheimat ist das Fenster seines Ateliers, von dem aus er \u00fcber das Genal-Tal bis zum Felsen von Gibraltar blicken kann. Besucher sind willkommen.<\/p>\n\n\n\n<figure class=\"wp-block-image size-large is-resized\"><img loading=\"lazy\" decoding=\"async\" src=\"https:\/\/blog.olimar.de\/wp-content\/uploads\/2021\/11\/DJI_0303-1024x731.jpg\" alt=\"Genaguacil Pueblo Museo\" class=\"wp-image-17755\" width=\"768\" height=\"548\" srcset=\"https:\/\/blog.olimar.de\/wp-content\/uploads\/2021\/11\/DJI_0303-1024x731.jpg 1024w, https:\/\/blog.olimar.de\/wp-content\/uploads\/2021\/11\/DJI_0303-300x214.jpg 300w, https:\/\/blog.olimar.de\/wp-content\/uploads\/2021\/11\/DJI_0303-768x548.jpg 768w, https:\/\/blog.olimar.de\/wp-content\/uploads\/2021\/11\/DJI_0303-1536x1097.jpg 1536w, https:\/\/blog.olimar.de\/wp-content\/uploads\/2021\/11\/DJI_0303.jpg 2000w\" sizes=\"auto, (max-width: 768px) 100vw, 768px\" \/><figcaption class=\"wp-element-caption\">Genalguacil Pueblo Museo<\/figcaption><\/figure>\n\n\n\n<h2>OLIMAR Tipp<\/h2>\n\n\n\n<p>F\u00fcr alle die sich einmal selbst von der Sch\u00f6nheit dieses Dorfes \u00fcberzeugen wollen haben wir einige Hotel- und Rundreise Tipps. Am besten erkundet man es vom <a href=\"https:\/\/rms.olimar.de\/code\/AGPP05\" rel=\"noopener\">HOTEL PARADOR RONDA<\/a> im Zentrum von Ronda. Auch wenn es eine Autostunde von Genalguacil entfernt ist, bietet dieses Hotel einen idealen Startpunkt f\u00fcr verschiedene andere Touren durch die Altstadt und die umliegende Bergwelt der Serran\u00eda de Ronda.<\/p>\n\n\n\n<div style=\"height:25px\" aria-hidden=\"true\" class=\"wp-block-spacer\"><\/div>\n\n\n\n<div class=\"wp-block-buttons is-layout-flex wp-block-buttons-is-layout-flex\">\n<div class=\"wp-block-button\"><a class=\"wp-block-button__link wp-element-button\" href=\"https:\/\/www.olimar.de\/hotellistung\/\" target=\"_blank\" rel=\"noreferrer noopener\">Jetzt Urlaubsangebote finden und buchen<\/a><\/div>\n<\/div>\n\n\n\n<div style=\"height:100px\" aria-hidden=\"true\" class=\"wp-block-spacer\"><\/div>\n","protected":false},"excerpt":{"rendered":"<p>Jede Kurve ein Genuss: Die MA-8301 schl\u00e4ngelt sich von der K\u00fcste durch die Sierra Bermeja durch schattige W\u00e4lder mit Korkeichen, Kastanien, Pinien und der seltenen Pinsapo-Tanne. Zwischen den hohen B\u00e4umen ragen rostbraune Felsen aus dem Boden, hier und da glitzert und rauscht ein Wasserfall. Am Aussichtspunkt Los Reales gleitet der Blick \u00fcber das Naturschutzgebiet hinweg bis zur Serran\u00eda de Ronda.<\/p>\n","protected":false},"author":80,"featured_media":17605,"comment_status":"open","ping_status":"open","sticky":false,"template":"","format":"standard","meta":{"_crdt_document":"","_lmt_disableupdate":"","_lmt_disable":"","footnotes":""},"categories":[28],"tags":[63,224,217,225,20,62],"class_list":["post-17515","post","type-post","status-publish","format-standard","has-post-thumbnail","hentry","category-kunst-kultur","tag-andalusien","tag-genalguacil","tag-kunst-und-kultur","tag-land-und-leute","tag-slider","tag-spanien"],"yoast_head":"<!-- This site is optimized with the Yoast SEO plugin v26.9 - https:\/\/yoast.com\/product\/yoast-seo-wordpress\/ -->\n<title>Genalguacil: K\u00fcnstlerdorf in den Bergen von Ronda<\/title>\n<meta name=\"description\" content=\"Genalguacil ist eine Ode an die Kunst wo Tradition und Natur miteinander verschmelzen. Das macht es zu einem der sch\u00f6nsten D\u00f6rfer Spaniens.\" \/>\n<meta name=\"robots\" content=\"index, follow, max-snippet:-1, max-image-preview:large, max-video-preview:-1\" \/>\n<link rel=\"canonical\" href=\"https:\/\/blog.olimar.de\/genalguacil-kunst-ronda\/\" \/>\n<meta property=\"og:locale\" content=\"de_DE\" \/>\n<meta property=\"og:type\" content=\"article\" \/>\n<meta property=\"og:title\" content=\"Genalguacil: K\u00fcnstlerdorf in den Bergen von Ronda\" \/>\n<meta property=\"og:description\" content=\"Genalguacil ist eine Ode an die Kunst wo Tradition und Natur miteinander verschmelzen. Das macht es zu einem der sch\u00f6nsten D\u00f6rfer Spaniens.\" \/>\n<meta property=\"og:url\" content=\"https:\/\/blog.olimar.de\/genalguacil-kunst-ronda\/\" \/>\n<meta property=\"article:publisher\" content=\"https:\/\/www.facebook.com\/OlimarReisen\" \/>\n<meta property=\"article:published_time\" content=\"2021-11-19T12:37:02+00:00\" \/>\n<meta property=\"article:modified_time\" content=\"2024-02-21T09:50:06+00:00\" \/>\n<meta property=\"og:image\" content=\"https:\/\/blog.olimar.de\/wp-content\/uploads\/2021\/10\/Genalguacil-Pueblo-Museo-Juan-Zamora-La-sombra-del-Buitre.jpg\" \/>\n\t<meta property=\"og:image:width\" content=\"1600\" \/>\n\t<meta property=\"og:image:height\" content=\"1143\" \/>\n\t<meta property=\"og:image:type\" content=\"image\/jpeg\" \/>\n<meta name=\"author\" content=\"Oliver Sdrojek\" \/>\n<meta name=\"twitter:label1\" content=\"Verfasst von\" \/>\n\t<meta name=\"twitter:data1\" content=\"Oliver Sdrojek\" \/>\n\t<meta name=\"twitter:label2\" content=\"Gesch\u00e4tzte Lesezeit\" \/>\n\t<meta name=\"twitter:data2\" content=\"6\u00a0Minuten\" \/>\n<script type=\"application\/ld+json\" class=\"yoast-schema-graph\">{\"@context\":\"https:\/\/schema.org\",\"@graph\":[{\"@type\":\"WebPage\",\"@id\":\"https:\/\/blog.olimar.de\/genalguacil-kunst-ronda\/\",\"url\":\"https:\/\/blog.olimar.de\/genalguacil-kunst-ronda\/\",\"name\":\"Genalguacil: K\u00fcnstlerdorf in den Bergen von Ronda\",\"isPartOf\":{\"@id\":\"https:\/\/blog.olimar.de\/#website\"},\"primaryImageOfPage\":{\"@id\":\"https:\/\/blog.olimar.de\/genalguacil-kunst-ronda\/#primaryimage\"},\"image\":{\"@id\":\"https:\/\/blog.olimar.de\/genalguacil-kunst-ronda\/#primaryimage\"},\"thumbnailUrl\":\"https:\/\/blog.olimar.de\/wp-content\/uploads\/2021\/10\/Genalguacil-Pueblo-Museo-Juan-Zamora-La-sombra-del-Buitre.jpg\",\"datePublished\":\"2021-11-19T12:37:02+00:00\",\"dateModified\":\"2024-02-21T09:50:06+00:00\",\"description\":\"Genalguacil ist eine Ode an die Kunst wo Tradition und Natur miteinander verschmelzen. Das macht es zu einem der sch\u00f6nsten D\u00f6rfer Spaniens.\",\"breadcrumb\":{\"@id\":\"https:\/\/blog.olimar.de\/genalguacil-kunst-ronda\/#breadcrumb\"},\"inLanguage\":\"de\",\"potentialAction\":[{\"@type\":\"ReadAction\",\"target\":[\"https:\/\/blog.olimar.de\/genalguacil-kunst-ronda\/\"]}]},{\"@type\":\"ImageObject\",\"inLanguage\":\"de\",\"@id\":\"https:\/\/blog.olimar.de\/genalguacil-kunst-ronda\/#primaryimage\",\"url\":\"https:\/\/blog.olimar.de\/wp-content\/uploads\/2021\/10\/Genalguacil-Pueblo-Museo-Juan-Zamora-La-sombra-del-Buitre.jpg\",\"contentUrl\":\"https:\/\/blog.olimar.de\/wp-content\/uploads\/2021\/10\/Genalguacil-Pueblo-Museo-Juan-Zamora-La-sombra-del-Buitre.jpg\",\"width\":1600,\"height\":1143,\"caption\":\"Genalguacil Pueblo Museo Juan Zamora La sombra del Buitre\"},{\"@type\":\"BreadcrumbList\",\"@id\":\"https:\/\/blog.olimar.de\/genalguacil-kunst-ronda\/#breadcrumb\",\"itemListElement\":[{\"@type\":\"ListItem\",\"position\":1,\"name\":\"Home\",\"item\":\"https:\/\/blog.olimar.de\/\"},{\"@type\":\"ListItem\",\"position\":2,\"name\":\"Andalusien\",\"item\":\"https:\/\/blog.olimar.de\/tag\/andalusien\/\"},{\"@type\":\"ListItem\",\"position\":3,\"name\":\"Genalguacil: K\u00fcnstlerdorf in den Bergen von Ronda\"}]},{\"@type\":\"WebSite\",\"@id\":\"https:\/\/blog.olimar.de\/#website\",\"url\":\"https:\/\/blog.olimar.de\/\",\"name\":\"OLIMAR.com\",\"description\":\"\",\"publisher\":{\"@id\":\"https:\/\/blog.olimar.de\/#organization\"},\"potentialAction\":[{\"@type\":\"SearchAction\",\"target\":{\"@type\":\"EntryPoint\",\"urlTemplate\":\"https:\/\/blog.olimar.de\/?s={search_term_string}\"},\"query-input\":{\"@type\":\"PropertyValueSpecification\",\"valueRequired\":true,\"valueName\":\"search_term_string\"}}],\"inLanguage\":\"de\"},{\"@type\":\"Organization\",\"@id\":\"https:\/\/blog.olimar.de\/#organization\",\"name\":\"OLIMAR Reisen\",\"url\":\"https:\/\/blog.olimar.de\/\",\"logo\":{\"@type\":\"ImageObject\",\"inLanguage\":\"de\",\"@id\":\"https:\/\/blog.olimar.de\/#\/schema\/logo\/image\/\",\"url\":\"https:\/\/blog.olimar.de\/wp-content\/uploads\/2021\/01\/OLIMAR_Logo_COLOR.png\",\"contentUrl\":\"https:\/\/blog.olimar.de\/wp-content\/uploads\/2021\/01\/OLIMAR_Logo_COLOR.png\",\"width\":2000,\"height\":986,\"caption\":\"OLIMAR Reisen\"},\"image\":{\"@id\":\"https:\/\/blog.olimar.de\/#\/schema\/logo\/image\/\"},\"sameAs\":[\"https:\/\/www.facebook.com\/OlimarReisen\",\"https:\/\/x.com\/olimarrreisen\",\"https:\/\/www.instagram.com\/olimarreisen\",\"https:\/\/www.youtube.com\/user\/olimarreisen\"]}]}<\/script>\n<!-- \/ Yoast SEO plugin. -->","yoast_head_json":{"title":"Genalguacil: K\u00fcnstlerdorf in den Bergen von Ronda","description":"Genalguacil ist eine Ode an die Kunst wo Tradition und Natur miteinander verschmelzen. Das macht es zu einem der sch\u00f6nsten D\u00f6rfer Spaniens.","robots":{"index":"index","follow":"follow","max-snippet":"max-snippet:-1","max-image-preview":"max-image-preview:large","max-video-preview":"max-video-preview:-1"},"canonical":"https:\/\/blog.olimar.de\/genalguacil-kunst-ronda\/","og_locale":"de_DE","og_type":"article","og_title":"Genalguacil: K\u00fcnstlerdorf in den Bergen von Ronda","og_description":"Genalguacil ist eine Ode an die Kunst wo Tradition und Natur miteinander verschmelzen. Das macht es zu einem der sch\u00f6nsten D\u00f6rfer Spaniens.","og_url":"https:\/\/blog.olimar.de\/genalguacil-kunst-ronda\/","article_publisher":"https:\/\/www.facebook.com\/OlimarReisen","article_published_time":"2021-11-19T12:37:02+00:00","article_modified_time":"2024-02-21T09:50:06+00:00","og_image":[{"width":1600,"height":1143,"url":"https:\/\/blog.olimar.de\/wp-content\/uploads\/2021\/10\/Genalguacil-Pueblo-Museo-Juan-Zamora-La-sombra-del-Buitre.jpg","type":"image\/jpeg"}],"author":"Oliver Sdrojek","twitter_misc":{"Verfasst von":"Oliver Sdrojek","Gesch\u00e4tzte Lesezeit":"6\u00a0Minuten"},"schema":{"@context":"https:\/\/schema.org","@graph":[{"@type":"WebPage","@id":"https:\/\/blog.olimar.de\/genalguacil-kunst-ronda\/","url":"https:\/\/blog.olimar.de\/genalguacil-kunst-ronda\/","name":"Genalguacil: K\u00fcnstlerdorf in den Bergen von Ronda","isPartOf":{"@id":"https:\/\/blog.olimar.de\/#website"},"primaryImageOfPage":{"@id":"https:\/\/blog.olimar.de\/genalguacil-kunst-ronda\/#primaryimage"},"image":{"@id":"https:\/\/blog.olimar.de\/genalguacil-kunst-ronda\/#primaryimage"},"thumbnailUrl":"https:\/\/blog.olimar.de\/wp-content\/uploads\/2021\/10\/Genalguacil-Pueblo-Museo-Juan-Zamora-La-sombra-del-Buitre.jpg","datePublished":"2021-11-19T12:37:02+00:00","dateModified":"2024-02-21T09:50:06+00:00","description":"Genalguacil ist eine Ode an die Kunst wo Tradition und Natur miteinander verschmelzen. Das macht es zu einem der sch\u00f6nsten D\u00f6rfer Spaniens.","breadcrumb":{"@id":"https:\/\/blog.olimar.de\/genalguacil-kunst-ronda\/#breadcrumb"},"inLanguage":"de","potentialAction":[{"@type":"ReadAction","target":["https:\/\/blog.olimar.de\/genalguacil-kunst-ronda\/"]}]},{"@type":"ImageObject","inLanguage":"de","@id":"https:\/\/blog.olimar.de\/genalguacil-kunst-ronda\/#primaryimage","url":"https:\/\/blog.olimar.de\/wp-content\/uploads\/2021\/10\/Genalguacil-Pueblo-Museo-Juan-Zamora-La-sombra-del-Buitre.jpg","contentUrl":"https:\/\/blog.olimar.de\/wp-content\/uploads\/2021\/10\/Genalguacil-Pueblo-Museo-Juan-Zamora-La-sombra-del-Buitre.jpg","width":1600,"height":1143,"caption":"Genalguacil Pueblo Museo Juan Zamora La sombra del Buitre"},{"@type":"BreadcrumbList","@id":"https:\/\/blog.olimar.de\/genalguacil-kunst-ronda\/#breadcrumb","itemListElement":[{"@type":"ListItem","position":1,"name":"Home","item":"https:\/\/blog.olimar.de\/"},{"@type":"ListItem","position":2,"name":"Andalusien","item":"https:\/\/blog.olimar.de\/tag\/andalusien\/"},{"@type":"ListItem","position":3,"name":"Genalguacil: K\u00fcnstlerdorf in den Bergen von Ronda"}]},{"@type":"WebSite","@id":"https:\/\/blog.olimar.de\/#website","url":"https:\/\/blog.olimar.de\/","name":"OLIMAR.com","description":"","publisher":{"@id":"https:\/\/blog.olimar.de\/#organization"},"potentialAction":[{"@type":"SearchAction","target":{"@type":"EntryPoint","urlTemplate":"https:\/\/blog.olimar.de\/?s={search_term_string}"},"query-input":{"@type":"PropertyValueSpecification","valueRequired":true,"valueName":"search_term_string"}}],"inLanguage":"de"},{"@type":"Organization","@id":"https:\/\/blog.olimar.de\/#organization","name":"OLIMAR Reisen","url":"https:\/\/blog.olimar.de\/","logo":{"@type":"ImageObject","inLanguage":"de","@id":"https:\/\/blog.olimar.de\/#\/schema\/logo\/image\/","url":"https:\/\/blog.olimar.de\/wp-content\/uploads\/2021\/01\/OLIMAR_Logo_COLOR.png","contentUrl":"https:\/\/blog.olimar.de\/wp-content\/uploads\/2021\/01\/OLIMAR_Logo_COLOR.png","width":2000,"height":986,"caption":"OLIMAR Reisen"},"image":{"@id":"https:\/\/blog.olimar.de\/#\/schema\/logo\/image\/"},"sameAs":["https:\/\/www.facebook.com\/OlimarReisen","https:\/\/x.com\/olimarrreisen","https:\/\/www.instagram.com\/olimarreisen","https:\/\/www.youtube.com\/user\/olimarreisen"]}]}},"modified_by":"Wiebke Fix","jetpack_featured_media_url":"https:\/\/blog.olimar.de\/wp-content\/uploads\/2021\/10\/Genalguacil-Pueblo-Museo-Juan-Zamora-La-sombra-del-Buitre.jpg","_links":{"self":[{"href":"https:\/\/blog.olimar.de\/wp-json\/wp\/v2\/posts\/17515","targetHints":{"allow":["GET"]}}],"collection":[{"href":"https:\/\/blog.olimar.de\/wp-json\/wp\/v2\/posts"}],"about":[{"href":"https:\/\/blog.olimar.de\/wp-json\/wp\/v2\/types\/post"}],"author":[{"embeddable":true,"href":"https:\/\/blog.olimar.de\/wp-json\/wp\/v2\/users\/80"}],"replies":[{"embeddable":true,"href":"https:\/\/blog.olimar.de\/wp-json\/wp\/v2\/comments?post=17515"}],"version-history":[{"count":21,"href":"https:\/\/blog.olimar.de\/wp-json\/wp\/v2\/posts\/17515\/revisions"}],"predecessor-version":[{"id":27346,"href":"https:\/\/blog.olimar.de\/wp-json\/wp\/v2\/posts\/17515\/revisions\/27346"}],"wp:featuredmedia":[{"embeddable":true,"href":"https:\/\/blog.olimar.de\/wp-json\/wp\/v2\/media\/17605"}],"wp:attachment":[{"href":"https:\/\/blog.olimar.de\/wp-json\/wp\/v2\/media?parent=17515"}],"wp:term":[{"taxonomy":"category","embeddable":true,"href":"https:\/\/blog.olimar.de\/wp-json\/wp\/v2\/categories?post=17515"},{"taxonomy":"post_tag","embeddable":true,"href":"https:\/\/blog.olimar.de\/wp-json\/wp\/v2\/tags?post=17515"}],"curies":[{"name":"wp","href":"https:\/\/api.w.org\/{rel}","templated":true}]}}