{"id":17627,"date":"2021-10-18T16:37:25","date_gmt":"2021-10-18T15:37:25","guid":{"rendered":"https:\/\/blog.olimar.de\/?p=17627"},"modified":"2024-02-21T10:57:44","modified_gmt":"2024-02-21T09:57:44","slug":"interview-flamenco-museum","status":"publish","type":"post","link":"https:\/\/blog.olimar.de\/interview-flamenco-museum\/","title":{"rendered":"Interview mit dem Direktor des Flamenco Tanz Museums in Sevilla"},"content":{"rendered":"\n<h2 class=\"wp-block-heading\">Feuer und Flamme f\u00fcr Carmen<\/h2>\n\n\n\n<p>Im Herzen der andalusischen Hauptstadt hat man im \u201eMuseo del Baile Flamenco\u201c, dem Flamenco Museum Sevillas, die Gelegenheit, <a href=\"https:\/\/www.olimar.de\/spanien\/\">Spaniens<\/a> ber\u00fchmteste Form der Darstellenden Kunst in all ihren Facetten zu entdecken. Die kulturelle Einrichtung ist die Kr\u00f6nung des Lebenswerks der renommierten T\u00e4nzerin und Choreografin Cristina Hoyos und wird von dem geb\u00fcrtigen Franken Kurt Gr\u00f6tsch geleitet. Der Direktor, 1954 in F\u00fcrth geboren, empf\u00e4ngt uns in der Altstadt von Sevilla in seinem ger\u00e4umigen B\u00fcro im zweiten Stock des Museums, das in einem Stadtpalast aus dem 18. Jahrhundert liegt und nach einer 18 Monate langen Corona-Pause jetzt wieder Besucher empf\u00e4ngt.<\/p>\n\n\n\n<div class=\"wp-block-buttons is-layout-flex wp-block-buttons-is-layout-flex\">\n<div class=\"wp-block-button\"><a class=\"wp-block-button__link wp-element-button\" href=\"https:\/\/www.olimar.de\/spanien\/andalusien\/sevilla\/\">Sevilla Reiseangebote und Hoteltipps entdecken<\/a><\/div>\n<\/div>\n\n\n\n<div style=\"height:25px\" aria-hidden=\"true\" class=\"wp-block-spacer\"><\/div>\n\n\n\n<figure class=\"wp-block-image size-full is-resized\"><img loading=\"lazy\" decoding=\"async\" src=\"https:\/\/blog.olimar.de\/wp-content\/uploads\/2021\/10\/Kurt-Groetsch-Kai-Woo-byn_MG_1187-2.jpg\" alt=\"Kurt Gr\u00f6tsch\" class=\"wp-image-17624\" width=\"500\" height=\"750\" srcset=\"https:\/\/blog.olimar.de\/wp-content\/uploads\/2021\/10\/Kurt-Groetsch-Kai-Woo-byn_MG_1187-2.jpg 666w, https:\/\/blog.olimar.de\/wp-content\/uploads\/2021\/10\/Kurt-Groetsch-Kai-Woo-byn_MG_1187-2-200x300.jpg 200w\" sizes=\"auto, (max-width: 500px) 100vw, 500px\" \/><figcaption class=\"wp-element-caption\">Kurt Gr\u00f6tsch<\/figcaption><\/figure>\n\n\n\n<h6 class=\"wp-block-heading\">Herr Gr\u00f6tsch, tanzen Sie selbst Flamenco?<\/h6>\n\n\n\n<p><strong>Kurt Gr\u00f6tsch:<\/strong> Nein, auch keinen Walzer oder \u00e4hnliches, da mein Rhythmusgef\u00fchl 15 Minuten sp\u00e4ter nach der Musik einsetzt, ich bin dann wohl hoffnungslos aus dem Takt. Ich h\u00f6re und sehe lieber zu. Ich habe in den letzten Jahren rund 7000 Auff\u00fchrungen genossen und mich dabei kein einziges Mal gelangweilt, da jede Flamencodarbietung anders ist.<\/p>\n\n\n\n<h6 class=\"wp-block-heading\">Der Direktor des weltweit einzigen Flamenco-Tanzmuseums ist ein Deutscher. Wie kam es dazu?<\/h6>\n\n\n\n<p><strong>Kurt Gr\u00f6tsch:<\/strong> In den 1980er Jahren war ich Dozent f\u00fcr Hispanistik an der Uni Erlangen. Damals sah ich den Film \u201eCarmen\u201c von Carlos Saura. Ein Freund sagte mir: \u201eSchau nicht nur auf die junge T\u00e4nzerin. Schau auf die andere. Die tanzt besser\u201c. Und das war Cristina Hoyos. Ihre Ausdruckskraft machte einen tiefen Eindruck auf mich. Erst durch den Film erfuhr ich, dass Cristina Hoyos Spaniens ber\u00fchmteste T\u00e4nzerin war. Wenige Jahre darauf ging ich nach Madrid, wo ich einen Master f\u00fcr Business Administration machte und die Tandem-Sprachschulen leitete. \u00dcber kulturelle Aktivit\u00e4ten mit dem Goethe-Institut lernte ich meine heutige Frau kennen. Sie stammt aus Sevilla und managte damals das Ballett von Antonio Gades. Erst als ich nach Sevilla zog, stellte sich heraus, dass sie die Nichte von Cristina Hoyos war.<\/p>\n\n\n\n<figure class=\"wp-block-image size-full is-resized\"><img loading=\"lazy\" decoding=\"async\" src=\"https:\/\/blog.olimar.de\/wp-content\/uploads\/2021\/10\/Cristina-Hoyos-by-Prieto.jpg\" alt=\"Cristina Hoyos by Prieto\" class=\"wp-image-17623\" width=\"600\" height=\"750\" srcset=\"https:\/\/blog.olimar.de\/wp-content\/uploads\/2021\/10\/Cristina-Hoyos-by-Prieto.jpg 800w, https:\/\/blog.olimar.de\/wp-content\/uploads\/2021\/10\/Cristina-Hoyos-by-Prieto-240x300.jpg 240w, https:\/\/blog.olimar.de\/wp-content\/uploads\/2021\/10\/Cristina-Hoyos-by-Prieto-768x960.jpg 768w\" sizes=\"auto, (max-width: 600px) 100vw, 600px\" \/><figcaption class=\"wp-element-caption\">Cristina Hoyos<\/figcaption><\/figure>\n\n\n\n<h6 class=\"wp-block-heading\">Was f\u00fcr ein Zufall. Zu jener Zeit waren Antonio Gades und Cristina Hoyos Spaniens ber\u00fchmteste Tanzinterpreten. Beide feierten Triumphe auf internationalen B\u00fchnen, wirkten in den Filmen von Carlos Saura mit.<\/h6>\n\n\n\n<p><strong>Kurt Gr\u00f6tsch:<\/strong> Cristina Hoyos, 1946 in Sevilla geboren, trat damals mit ihrem Ballett als erste Flamencot\u00e4nzerin in der Oper von Paris auf und schuf eine Carmen-Choreografie f\u00fcr das Londoner Opernhaus mit Zubin Metha am Dirigentenpult. In dieser Zeit ging ich nach Sevilla, um an der Vorbereitung der Weltausstellung Expo 92 mitzuwirken. Im Sommer 1992 trat Cristina Hoyos bei der Er\u00f6ffnungszeremonie der Olympischen Spiele von Barcelona auf. Ich bemerkte, dass vor allem Andalusien, aber auch Spanien im Allgemeinen, mit Flamenco identifiziert wird, sich mit Flamenco darstellt, Flamenco verkauft, es aber an einer inhaltlichen Aufbereitung fehlte. Als Kulturgut war Flamenco vernachl\u00e4ssigt. Daraus entstand die \u00dcberlegung, den Besuchern Andalusiens mehr \u00fcber Flamenco zu erz\u00e4hlen. Zum Beispiel, dass die Urgeschichte des Tanzes vor 3000 Jahren begann. Zusammen mit Cristina Hoyos und meiner Frau reifte die Idee, ein Museum in Sevilla zu gr\u00fcnden.<\/p>\n\n\n\n<div class=\"wp-block-jetpack-tiled-gallery aligncenter is-style-rectangular\"><div class=\"tiled-gallery__gallery\"><div class=\"tiled-gallery__row\"><div class=\"tiled-gallery__col\" style=\"flex-basis:44.93940%\"><figure class=\"tiled-gallery__item\"><img decoding=\"async\" alt=\"Museo del Baile Flamenco Sevilla\" data-height=\"1000\" data-id=\"17622\" data-link=\"https:\/\/blog.olimar.de\/seleccion-3\/\" data-url=\"https:\/\/blog.olimar.de\/wp-content\/uploads\/2021\/10\/Seleccion-3.jpg\" data-width=\"1221\" src=\"https:\/\/i1.wp.com\/blog.olimar.de\/wp-content\/uploads\/2021\/10\/Seleccion-3.jpg?ssl=1\" data-amp-layout=\"responsive\"\/><\/figure><\/div><div class=\"tiled-gallery__col\" style=\"flex-basis:55.06060%\"><figure class=\"tiled-gallery__item\"><img decoding=\"async\" alt=\"Museo del Baile Flamenco Sevilla\" data-height=\"1000\" data-id=\"17619\" data-link=\"https:\/\/blog.olimar.de\/museo-del-baile-flamenco-sevilla-_b\/\" data-url=\"https:\/\/blog.olimar.de\/wp-content\/uploads\/2021\/10\/Museo-del-Baile-Flamenco-Sevilla-_b.jpg\" data-width=\"1497\" src=\"https:\/\/i0.wp.com\/blog.olimar.de\/wp-content\/uploads\/2021\/10\/Museo-del-Baile-Flamenco-Sevilla-_b.jpg?ssl=1\" data-amp-layout=\"responsive\"\/><\/figure><\/div><\/div><\/div><\/div>\n\n\n\n<h6 class=\"wp-block-heading\">Das war lange bevor die UNESCO den Flamenco zum immateriellen Kulturerbe der Menschheit erkl\u00e4rte.<\/h6>\n\n\n\n<p><strong>Kurt Gr\u00f6tsch:<\/strong> Diese Anerkennung gibt es seit 2010. Mit unseren Planungen f\u00fcr das Museum hatten wir 15 Jahre vorher begonnen. Von Anfang an wollten wir den touristischen Aspekt miteinbeziehen. Wir begaben uns auf die Suche nach einem repr\u00e4sentativen Geb\u00e4ude nahe der Kathedrale von Sevilla. Wir entschieden uns f\u00fcr einen typisch andalusischen Stadtpalast mit Patio und hohen Decken. Der war damals eine Ruine und durfte nur f\u00fcr kulturelle Zwecke restauriert werden. 2002 bildeten wir ein Team mit Spezialisten. Mit dabei waren Forscher vom Zentrum f\u00fcr Flamenco-Studien in Jerez. Nach einer langwierigen Restaurierung konnten wir das Museum 2006 er\u00f6ffnen.<\/p>\n\n\n\n<figure class=\"wp-block-image size-large\"><img loading=\"lazy\" decoding=\"async\" width=\"1024\" height=\"683\" src=\"https:\/\/blog.olimar.de\/wp-content\/uploads\/2021\/10\/Museo-del-Baile-Flamenco-Sevilla-_c-1024x683.jpg\" alt=\"Museo del Baile Flamenco Sevilla\" class=\"wp-image-17620\" srcset=\"https:\/\/blog.olimar.de\/wp-content\/uploads\/2021\/10\/Museo-del-Baile-Flamenco-Sevilla-_c-1024x683.jpg 1024w, https:\/\/blog.olimar.de\/wp-content\/uploads\/2021\/10\/Museo-del-Baile-Flamenco-Sevilla-_c-300x200.jpg 300w, https:\/\/blog.olimar.de\/wp-content\/uploads\/2021\/10\/Museo-del-Baile-Flamenco-Sevilla-_c-768x512.jpg 768w, https:\/\/blog.olimar.de\/wp-content\/uploads\/2021\/10\/Museo-del-Baile-Flamenco-Sevilla-_c-840x560.jpg 840w, https:\/\/blog.olimar.de\/wp-content\/uploads\/2021\/10\/Museo-del-Baile-Flamenco-Sevilla-_c-1200x800.jpg 1200w, https:\/\/blog.olimar.de\/wp-content\/uploads\/2021\/10\/Museo-del-Baile-Flamenco-Sevilla-_c.jpg 1368w\" sizes=\"auto, (max-width: 1024px) 100vw, 1024px\" \/><figcaption class=\"wp-element-caption\">Museo del Baile Flamenco Sevilla<\/figcaption><\/figure>\n\n\n\n<h6 class=\"wp-block-heading\">Das Museum ist eine private Einrichtung. Wie wurde es finanziert?<\/h6>\n\n\n\n<p><strong>Kurt Gr\u00f6tsch:<\/strong> Mit Mitteln, die Cristina Hoyos bereitstellte, und \u00fcber einen Bankkredit. Die Gesamtinvestition betr\u00e4gt 5,5 Millionen Euro, zuz\u00fcglich der laufenden Kosten. Das muss erwirtschaftet werden. Die EU hat einen Beitrag von 8% geleistet. Vom Land Andalusien und der Stadt Sevilla kamen keine Mittel. Die Entstehung des Museums war vor allem eine unternehmerische Leistung von Cristina Hoyos.<\/p>\n\n\n\n<h6 class=\"wp-block-heading\">Wie ist die Bilanz nach 15 Jahren? Wurden Ihre Erwartungen erf\u00fcllt?<\/h6>\n\n\n\n<p><strong>Kurt Gr\u00f6tsch: <\/strong>Die ersten Jahre waren hart, auch wegen politischer Intrigen und Widerst\u00e4nde. Ab 2018 ging es sehr gut voran, ab diesen Jahren erreichten wir knapp 200.000 Besucher j\u00e4hrlich. In unseren Shows, bis zu 8 Shows pro Tag, wollen wir die Substanz des Flamencogef\u00fchls erlebbar machen. In Ausstellungen zeigten wir, welche Einfl\u00fcsse der Flamenco auf andere Kunstformen wie Malerei hat. Wir haben uns eigentlich nie als ein klassisches Museum verstanden, sondern als ein Kulturdienstleistungsunternehmen, das einen Beitrag zur Profilierung, Ausbildung und Professionalisierung der Flamencoszene leistet. Deshalb stiften wir einen Preis, der an Unternehmen geht, die den Flamenco begleiten und auch wirtschaftlich m\u00f6glich machen, zum Beispiel den Online-Shop \u201eFlamenco Tickets\u201d. Zusammen mit Psychologen aus Spanien und dem Ausland helfen wir psychisch kranken Menschen mit Flamenco-Therapie.<\/p>\n\n\n\n<figure class=\"wp-block-image size-large is-resized\"><img loading=\"lazy\" decoding=\"async\" src=\"https:\/\/blog.olimar.de\/wp-content\/uploads\/2021\/10\/Museo-del-Baile-Flamenco-Sevilla-_a-1024x689.jpg\" alt=\"Museo del Baile Flamenco Sevilla\" class=\"wp-image-17618\" width=\"768\" height=\"517\" srcset=\"https:\/\/blog.olimar.de\/wp-content\/uploads\/2021\/10\/Museo-del-Baile-Flamenco-Sevilla-_a-1024x689.jpg 1024w, https:\/\/blog.olimar.de\/wp-content\/uploads\/2021\/10\/Museo-del-Baile-Flamenco-Sevilla-_a-300x202.jpg 300w, https:\/\/blog.olimar.de\/wp-content\/uploads\/2021\/10\/Museo-del-Baile-Flamenco-Sevilla-_a-768x516.jpg 768w, https:\/\/blog.olimar.de\/wp-content\/uploads\/2021\/10\/Museo-del-Baile-Flamenco-Sevilla-_a.jpg 1487w\" sizes=\"auto, (max-width: 768px) 100vw, 768px\" \/><figcaption class=\"wp-element-caption\">Museo del Baile Flamenco Sevilla<\/figcaption><\/figure>\n\n\n\n<h6 class=\"wp-block-heading\">Flamenco als Therapie?<\/h6>\n\n\n\n<p><strong>Kurt Gr\u00f6tsch:<\/strong> Flamenco ist tief emotional. Der Tanz hilft Menschen zum Beispiel mit Autismus, und anderen schweren psychischen Problemen. Unsere Workshops in Kooperation mit den Kliniken Sevillas sind das Ergebnis der Zusammenarbeit von Tanzlehrern und Psychologen.<\/p>\n\n\n\n<h6 class=\"wp-block-heading\">Inzwischen sieht man in Sevilla wieder viele Besucher aus dem Ausland. Wie haben Sie diese schwierige Zeit fast ohne internationale Touristen \u00fcberstanden?<\/h6>\n\n\n\n<p><strong>Kurt Gr\u00f6tsch:<\/strong> Die Flamenco-Szene in ganz Spanien leidet. Wir haben es mit einer \u00f6konomischen, aber auch schweren k\u00fcnstlerischen Krise zu tun. Viele Musiker und T\u00e4nzer sind verarmt. Sie leben am Rand der Gesellschaft und haben keine sozialversicherungspflichtigen Arbeitsverh\u00e4ltnisse. Vor Corona gab es in Spanien 96 Tablaos, also B\u00fchnen mit regelm\u00e4\u00dfigem Spielbetrieb, die meisten in Sevilla, Madrid, Barcelona, Granada, C\u00f3rdoba und C\u00e1diz. Einige haben f\u00fcr immer zugemacht.<\/p>\n\n\n\n<h6 class=\"wp-block-heading\">Wie sieht es mit staatlicher Unterst\u00fctzung aus?<\/h6>\n\n\n\n<p><strong>Kurt Gr\u00f6tsch:<\/strong> Unterst\u00fctzung gab es nicht. Corona zeigt: Flamenco ist noch immer Underground in Spanien. Es wurde kein einziges Hilfsprogramm aufgelegt. Deshalb wurde auf Grund meiner Initiative der Verband der spanischen Flamenco-Lokale gegr\u00fcndet. Wir fordern Hilfe f\u00fcr eine Branche, die vor Corona rund 6 Millionen Besucher aus dem Ausland bedient hat und von offizieller Seite gern als Aush\u00e4ngeschild benutzt wird, als Bestandteil der \u201eMarke Spanien\u201c.<\/p>\n\n\n\n<h6 class=\"wp-block-heading\">Das hei\u00dft also, die Branche ist auf den Tourismus angewiesen. Wie ist das Verh\u00e4ltnis der Spanier zum Flamenco?<\/h6>\n\n\n\n<p><strong>Kurt Gr\u00f6tsch:<\/strong> Man muss da unterscheiden zwischen Andalusien und dem Rest des Landes. Hier in S\u00fcdspanien sind Volksfeste ohne Flamenco nicht zu denken. Das ist gelebte Tradition, die ist tief verwurzelt und braucht keine professionellen K\u00fcnstler. Dass da mal jemand sagt: Heute Abend g\u00f6nne ich mir guten Flamenco, das findet eigentlich kaum statt in Spanien. Eher noch in Madrid, Barcelona als in Sevilla. Aber normalerweise geht ein Spanier nicht in einen Tablao.<\/p>\n\n\n\n<h6 class=\"wp-block-heading\">Sie sagen, es handele sich nicht nur um eine wirtschaftliche, sondern auch k\u00fcnstlerische Krise. Warum?<\/h6>\n\n\n\n<p><strong>Kurt Gr\u00f6tsch:<\/strong> Vor allem die T\u00e4nzer brauchen die Tablaos. Ohne die Lokale k\u00f6nnen sie nicht trainieren. Flamenco-T\u00e4nzer sind Hochleistungssportler, ohne regelm\u00e4\u00dfiges Training verlieren sie Kraft, Schnelligkeit und Flexibilit\u00e4t. Professionelles Training ist zuhause nicht m\u00f6glich, allein schon aus Platzgr\u00fcnden und wegen der Nachbarn. T\u00e4nzer brauchen das Gegen\u00fcber, den Partner. Flamenco ist Paartanz, auch wenn die T\u00e4nzer sich nicht ber\u00fchren. Nat\u00fcrlich haben auch Gitarristen und S\u00e4nger ein Problem, wenn die Probest\u00e4tten geschlossen sind, aber weniger als die T\u00e4nzer.<\/p>\n\n\n\n<figure class=\"wp-block-image size-large is-resized\"><img loading=\"lazy\" decoding=\"async\" src=\"https:\/\/blog.olimar.de\/wp-content\/uploads\/2021\/10\/Patio-Ecijano-foto-5-1024x683.jpg\" alt=\"Museo del Baile Flamenco Sevilla\" class=\"wp-image-17621\" width=\"768\" height=\"512\" srcset=\"https:\/\/blog.olimar.de\/wp-content\/uploads\/2021\/10\/Patio-Ecijano-foto-5-1024x683.jpg 1024w, https:\/\/blog.olimar.de\/wp-content\/uploads\/2021\/10\/Patio-Ecijano-foto-5-300x200.jpg 300w, https:\/\/blog.olimar.de\/wp-content\/uploads\/2021\/10\/Patio-Ecijano-foto-5-768x512.jpg 768w, https:\/\/blog.olimar.de\/wp-content\/uploads\/2021\/10\/Patio-Ecijano-foto-5-840x560.jpg 840w, https:\/\/blog.olimar.de\/wp-content\/uploads\/2021\/10\/Patio-Ecijano-foto-5-1200x800.jpg 1200w, https:\/\/blog.olimar.de\/wp-content\/uploads\/2021\/10\/Patio-Ecijano-foto-5.jpg 1499w\" sizes=\"auto, (max-width: 768px) 100vw, 768px\" \/><figcaption class=\"wp-element-caption\">Museo del Baile Flamenco Sevilla<\/figcaption><\/figure>\n\n\n\n<h6 class=\"wp-block-heading\">Flamenco gilt als Ausdrucksform der Gitanos, der spanischen Zigeuner. Muss man Gitano sein, um gut Flamenco zu tanzen?<\/h6>\n\n\n\n<p><strong>Kurt Gr\u00f6tsch:<\/strong> 60 bis 70 Prozent der T\u00e4nzerinnen sind nicht Zigeuner. Das hat \u00f6konomische Gr\u00fcnde: Eine professionelle Tanzausbildung ist teuer. Die T\u00e4nzer bezahlen ihre Ausbildung selbst. Eine besondere Investition ist die Zusammenarbeit mit einem Maestro, um eine eigene Choreografie zu entwickeln. Ein T\u00e4nzer braucht mindestens 10.000 Trainingsstunden, um ein professionelles Niveau zu erlangen. Singen ist billiger, auch Gitarre. Man lernt es in der Familie. Deshalb sind auch heute noch die meisten Musiker Gitanos, die T\u00e4nzer und T\u00e4nzerinnen aber nicht. Trotzdem, die herausragenden Flamenco K\u00fcnstler sind Andalusier. Das Umfeld, die lokalen Kulturen, die K\u00fcnstlerfamilien schaffen dieses Lebensgef\u00fchl, das man nicht in Schulen vermitteln kann, man wird in ihm geboren.<\/p>\n\n\n\n<h6 class=\"wp-block-heading\">Wie geht es jetzt weiter mit dem Museum?<\/h6>\n\n\n\n<p><strong>Kurt Gr\u00f6tsch:<\/strong> Wir haben die lange Zeit der Schlie\u00dfung genutzt und neue Technologien installiert. Zum Beispiel Touchscreens und eine 13 Meter lange LED-Wall, die ein noch intensiveres, interaktives Kulturerlebnis erm\u00f6glichen. In der ersten Phase der \u00d6ffnung wird es jeden Tag eine Show geben. Wir hoffen, dass wir ab 2022 dann wieder mit mehreren Shows pro Tag starten k\u00f6nnen. Doch bis ein regul\u00e4rer Betrieb m\u00f6glich ist, werden wir weitere Reserven mobilisieren m\u00fcssen, um durchzuhalten.<\/p>\n\n\n\n<h2 class=\"wp-block-heading\">OLIMAR Tipp<\/h2>\n\n\n\n<p>Sevilla ist nicht nur der Ursprungsort des Flamenco sondern bietet auch die k\u00f6stlichsten Tapas. Au\u00dferdem wartet die gr\u00f6\u00dfte Stadt Andalusiens mit zahlreichen Kulturdenkm\u00e4lern und architektonischen Highlights auf. Hier empfehlen wir die Rundreise <a href=\"https:\/\/rms.olimar.de\/code\/GMZ103?travelType=roundtrip\">Andalusien mit dem Hochgeschwindigkeitszug AVE<\/a>, bei der sie auch Zwischenstation in Sevilla machen. Dabei l\u00e4sst sich die Stadt zum Beispiel wunderbar mit einer Kutschfahrt durch die Gassen des Barrio Santa Cruz und den Parque Maria Luisa erkunden. Bei einem l\u00e4ngeren Aufenthalt erleben Sie die beeindruckende Architektur Sevillas am besten im <a href=\"https:\/\/rms.olimar.de\/code\/SVQ133?travelType=hotel&amp;tab=details\">H10 CASA DE LA PLATA<\/a>, das sich harmonisch in die historische Umgebung einf\u00fcgt. Die zahlreichen Tapasbars, die, unserer Meinung nach, auf jeden Fall einmal besucht werden sollten, liegen nur einige Fu\u00dfminuten entfernt. F\u00fcr ein besonders authentisch andalusisches Erlebnis \u00fcbernachten Sie im <a href=\"https:\/\/rms.olimar.de\/code\/SVQP00\">PARADOR DE CARMONA<\/a>. Als einer der zahlreichen Paradores in Spanien besticht das besondere Hotel im Innenland zwischen Sevilla und C\u00f3rdoba mit weitl\u00e4ufigen R\u00e4umlichkeiten im maurisch-spanischen Stil und einer gro\u00dfen Gartenanlage mit Swimmingpool.<\/p>\n\n\n\n<div class=\"wp-block-jetpack-tiled-gallery aligncenter is-style-rectangular\"><div class=\"tiled-gallery__gallery\"><div class=\"tiled-gallery__row\"><div class=\"tiled-gallery__col\" style=\"flex-basis:66.16145%\"><figure class=\"tiled-gallery__item\"><img decoding=\"async\" alt=\"Parador de Carmona Patio\" data-height=\"618\" data-id=\"17652\" data-link=\"https:\/\/blog.olimar.de\/svqp00-a-carmona-03\/\" data-url=\"https:\/\/blog.olimar.de\/wp-content\/uploads\/2021\/10\/svqp00-a-carmona-03.jpg\" data-width=\"908\" src=\"https:\/\/i1.wp.com\/blog.olimar.de\/wp-content\/uploads\/2021\/10\/svqp00-a-carmona-03.jpg?ssl=1\" data-amp-layout=\"responsive\"\/><\/figure><\/div><div class=\"tiled-gallery__col\" style=\"flex-basis:33.83855%\"><figure class=\"tiled-gallery__item\"><img decoding=\"async\" alt=\"Sevilla Plaza de Espa\u00f1a\" data-height=\"1000\" data-id=\"17651\" data-link=\"https:\/\/blog.olimar.de\/v2f-zsgzdg_owlk-unsplash\/\" data-url=\"https:\/\/blog.olimar.de\/wp-content\/uploads\/2021\/10\/v2f-zsgZDg_OwLk-unsplash.jpg\" data-width=\"750\" src=\"https:\/\/i2.wp.com\/blog.olimar.de\/wp-content\/uploads\/2021\/10\/v2f-zsgZDg_OwLk-unsplash.jpg?ssl=1\" data-amp-layout=\"responsive\"\/><\/figure><\/div><\/div><\/div><\/div>\n\n\n\n<div style=\"height:25px\" aria-hidden=\"true\" class=\"wp-block-spacer\"><\/div>\n\n\n\n<div class=\"wp-block-buttons is-layout-flex wp-block-buttons-is-layout-flex\">\n<div class=\"wp-block-button\"><a class=\"wp-block-button__link wp-element-button\" href=\"https:\/\/www.olimar.de\/hotellistung\/\">Jetzt Urlaubsangebote finden und buchen<\/a><\/div>\n<\/div>\n\n\n\n<div style=\"height:100px\" aria-hidden=\"true\" class=\"wp-block-spacer\"><\/div>\n","protected":false},"excerpt":{"rendered":"<p>Im Herzen der andalusischen Hauptstadt hat man im \u201eMuseo del Baile Flamenco\u201c, dem Flamenco Museum Sevillas, die Gelegenheit, Spaniens ber\u00fchmteste Form der Darstellenden Kunst in all ihren Facetten zu entdecken. Die kulturelle Einrichtung ist die Kr\u00f6nung des Lebenswerks der renommierten T\u00e4nzerin und Choreografin Cristina Hoyos und wird von dem geb\u00fcrtigen Franken Kurt Gr\u00f6tsch geleitet.<\/p>\n","protected":false},"author":80,"featured_media":17625,"comment_status":"open","ping_status":"open","sticky":false,"template":"","format":"standard","meta":{"_crdt_document":"","_lmt_disableupdate":"","_lmt_disable":"","footnotes":""},"categories":[28,31],"tags":[63,233,217,225,234,20,62],"class_list":["post-17627","post","type-post","status-publish","format-standard","has-post-thumbnail","hentry","category-kunst-kultur","category-land-leute","tag-andalusien","tag-flamenco","tag-kunst-und-kultur","tag-land-und-leute","tag-sevilla","tag-slider","tag-spanien"],"yoast_head":"<!-- This site is optimized with the Yoast SEO plugin v26.9 - https:\/\/yoast.com\/product\/yoast-seo-wordpress\/ -->\n<title>Interview mit dem Direktor des Flamenco Tanz Museums in Sevilla<\/title>\n<meta name=\"description\" content=\"Im Interview erz\u00e4hlt er \u00fcber die Entstehung des Flamenco Museums in Sevilla und gibt Einblicke in die Beziehung Spaniens zum Flamenco.\" \/>\n<meta name=\"robots\" content=\"index, follow, max-snippet:-1, max-image-preview:large, max-video-preview:-1\" \/>\n<link rel=\"canonical\" href=\"https:\/\/blog.olimar.de\/interview-flamenco-museum\/\" \/>\n<meta property=\"og:locale\" content=\"de_DE\" \/>\n<meta property=\"og:type\" content=\"article\" \/>\n<meta property=\"og:title\" content=\"Interview mit dem Direktor des Flamenco Tanz Museums in Sevilla\" \/>\n<meta property=\"og:description\" content=\"Im Interview erz\u00e4hlt er \u00fcber die Entstehung des Flamenco Museums in Sevilla und gibt Einblicke in die Beziehung Spaniens zum Flamenco.\" \/>\n<meta property=\"og:url\" content=\"https:\/\/blog.olimar.de\/interview-flamenco-museum\/\" \/>\n<meta property=\"article:publisher\" content=\"https:\/\/www.facebook.com\/OlimarReisen\" \/>\n<meta property=\"article:published_time\" content=\"2021-10-18T15:37:25+00:00\" \/>\n<meta property=\"article:modified_time\" content=\"2024-02-21T09:57:44+00:00\" \/>\n<meta property=\"og:image\" content=\"https:\/\/blog.olimar.de\/wp-content\/uploads\/2021\/10\/Museo-del-Baile-Flamenco-Sevilla-_6994-2.jpg\" \/>\n\t<meta property=\"og:image:width\" content=\"1396\" \/>\n\t<meta property=\"og:image:height\" content=\"928\" \/>\n\t<meta property=\"og:image:type\" content=\"image\/jpeg\" \/>\n<meta name=\"author\" content=\"Oliver Sdrojek\" \/>\n<meta name=\"twitter:label1\" content=\"Verfasst von\" \/>\n\t<meta name=\"twitter:data1\" content=\"Oliver Sdrojek\" \/>\n\t<meta name=\"twitter:label2\" content=\"Gesch\u00e4tzte Lesezeit\" \/>\n\t<meta name=\"twitter:data2\" content=\"11\u00a0Minuten\" \/>\n<script type=\"application\/ld+json\" class=\"yoast-schema-graph\">{\"@context\":\"https:\/\/schema.org\",\"@graph\":[{\"@type\":\"WebPage\",\"@id\":\"https:\/\/blog.olimar.de\/interview-flamenco-museum\/\",\"url\":\"https:\/\/blog.olimar.de\/interview-flamenco-museum\/\",\"name\":\"Interview mit dem Direktor des Flamenco Tanz Museums in Sevilla\",\"isPartOf\":{\"@id\":\"https:\/\/blog.olimar.de\/#website\"},\"primaryImageOfPage\":{\"@id\":\"https:\/\/blog.olimar.de\/interview-flamenco-museum\/#primaryimage\"},\"image\":{\"@id\":\"https:\/\/blog.olimar.de\/interview-flamenco-museum\/#primaryimage\"},\"thumbnailUrl\":\"https:\/\/blog.olimar.de\/wp-content\/uploads\/2021\/10\/Museo-del-Baile-Flamenco-Sevilla-_6994-2.jpg\",\"datePublished\":\"2021-10-18T15:37:25+00:00\",\"dateModified\":\"2024-02-21T09:57:44+00:00\",\"description\":\"Im Interview erz\u00e4hlt er \u00fcber die Entstehung des Flamenco Museums in Sevilla und gibt Einblicke in die Beziehung Spaniens zum Flamenco.\",\"breadcrumb\":{\"@id\":\"https:\/\/blog.olimar.de\/interview-flamenco-museum\/#breadcrumb\"},\"inLanguage\":\"de\",\"potentialAction\":[{\"@type\":\"ReadAction\",\"target\":[\"https:\/\/blog.olimar.de\/interview-flamenco-museum\/\"]}]},{\"@type\":\"ImageObject\",\"inLanguage\":\"de\",\"@id\":\"https:\/\/blog.olimar.de\/interview-flamenco-museum\/#primaryimage\",\"url\":\"https:\/\/blog.olimar.de\/wp-content\/uploads\/2021\/10\/Museo-del-Baile-Flamenco-Sevilla-_6994-2.jpg\",\"contentUrl\":\"https:\/\/blog.olimar.de\/wp-content\/uploads\/2021\/10\/Museo-del-Baile-Flamenco-Sevilla-_6994-2.jpg\",\"width\":1396,\"height\":928,\"caption\":\"Museo del Baile Flamenco Sevilla\"},{\"@type\":\"BreadcrumbList\",\"@id\":\"https:\/\/blog.olimar.de\/interview-flamenco-museum\/#breadcrumb\",\"itemListElement\":[{\"@type\":\"ListItem\",\"position\":1,\"name\":\"Home\",\"item\":\"https:\/\/blog.olimar.de\/\"},{\"@type\":\"ListItem\",\"position\":2,\"name\":\"Andalusien\",\"item\":\"https:\/\/blog.olimar.de\/tag\/andalusien\/\"},{\"@type\":\"ListItem\",\"position\":3,\"name\":\"Interview mit dem Direktor des Flamenco Tanz Museums in Sevilla\"}]},{\"@type\":\"WebSite\",\"@id\":\"https:\/\/blog.olimar.de\/#website\",\"url\":\"https:\/\/blog.olimar.de\/\",\"name\":\"OLIMAR.com\",\"description\":\"\",\"publisher\":{\"@id\":\"https:\/\/blog.olimar.de\/#organization\"},\"potentialAction\":[{\"@type\":\"SearchAction\",\"target\":{\"@type\":\"EntryPoint\",\"urlTemplate\":\"https:\/\/blog.olimar.de\/?s={search_term_string}\"},\"query-input\":{\"@type\":\"PropertyValueSpecification\",\"valueRequired\":true,\"valueName\":\"search_term_string\"}}],\"inLanguage\":\"de\"},{\"@type\":\"Organization\",\"@id\":\"https:\/\/blog.olimar.de\/#organization\",\"name\":\"OLIMAR Reisen\",\"url\":\"https:\/\/blog.olimar.de\/\",\"logo\":{\"@type\":\"ImageObject\",\"inLanguage\":\"de\",\"@id\":\"https:\/\/blog.olimar.de\/#\/schema\/logo\/image\/\",\"url\":\"https:\/\/blog.olimar.de\/wp-content\/uploads\/2021\/01\/OLIMAR_Logo_COLOR.png\",\"contentUrl\":\"https:\/\/blog.olimar.de\/wp-content\/uploads\/2021\/01\/OLIMAR_Logo_COLOR.png\",\"width\":2000,\"height\":986,\"caption\":\"OLIMAR Reisen\"},\"image\":{\"@id\":\"https:\/\/blog.olimar.de\/#\/schema\/logo\/image\/\"},\"sameAs\":[\"https:\/\/www.facebook.com\/OlimarReisen\",\"https:\/\/x.com\/olimarrreisen\",\"https:\/\/www.instagram.com\/olimarreisen\",\"https:\/\/www.youtube.com\/user\/olimarreisen\"]}]}<\/script>\n<!-- \/ Yoast SEO plugin. -->","yoast_head_json":{"title":"Interview mit dem Direktor des Flamenco Tanz Museums in Sevilla","description":"Im Interview erz\u00e4hlt er \u00fcber die Entstehung des Flamenco Museums in Sevilla und gibt Einblicke in die Beziehung Spaniens zum Flamenco.","robots":{"index":"index","follow":"follow","max-snippet":"max-snippet:-1","max-image-preview":"max-image-preview:large","max-video-preview":"max-video-preview:-1"},"canonical":"https:\/\/blog.olimar.de\/interview-flamenco-museum\/","og_locale":"de_DE","og_type":"article","og_title":"Interview mit dem Direktor des Flamenco Tanz Museums in Sevilla","og_description":"Im Interview erz\u00e4hlt er \u00fcber die Entstehung des Flamenco Museums in Sevilla und gibt Einblicke in die Beziehung Spaniens zum Flamenco.","og_url":"https:\/\/blog.olimar.de\/interview-flamenco-museum\/","article_publisher":"https:\/\/www.facebook.com\/OlimarReisen","article_published_time":"2021-10-18T15:37:25+00:00","article_modified_time":"2024-02-21T09:57:44+00:00","og_image":[{"width":1396,"height":928,"url":"https:\/\/blog.olimar.de\/wp-content\/uploads\/2021\/10\/Museo-del-Baile-Flamenco-Sevilla-_6994-2.jpg","type":"image\/jpeg"}],"author":"Oliver Sdrojek","twitter_misc":{"Verfasst von":"Oliver Sdrojek","Gesch\u00e4tzte Lesezeit":"11\u00a0Minuten"},"schema":{"@context":"https:\/\/schema.org","@graph":[{"@type":"WebPage","@id":"https:\/\/blog.olimar.de\/interview-flamenco-museum\/","url":"https:\/\/blog.olimar.de\/interview-flamenco-museum\/","name":"Interview mit dem Direktor des Flamenco Tanz Museums in Sevilla","isPartOf":{"@id":"https:\/\/blog.olimar.de\/#website"},"primaryImageOfPage":{"@id":"https:\/\/blog.olimar.de\/interview-flamenco-museum\/#primaryimage"},"image":{"@id":"https:\/\/blog.olimar.de\/interview-flamenco-museum\/#primaryimage"},"thumbnailUrl":"https:\/\/blog.olimar.de\/wp-content\/uploads\/2021\/10\/Museo-del-Baile-Flamenco-Sevilla-_6994-2.jpg","datePublished":"2021-10-18T15:37:25+00:00","dateModified":"2024-02-21T09:57:44+00:00","description":"Im Interview erz\u00e4hlt er \u00fcber die Entstehung des Flamenco Museums in Sevilla und gibt Einblicke in die Beziehung Spaniens zum Flamenco.","breadcrumb":{"@id":"https:\/\/blog.olimar.de\/interview-flamenco-museum\/#breadcrumb"},"inLanguage":"de","potentialAction":[{"@type":"ReadAction","target":["https:\/\/blog.olimar.de\/interview-flamenco-museum\/"]}]},{"@type":"ImageObject","inLanguage":"de","@id":"https:\/\/blog.olimar.de\/interview-flamenco-museum\/#primaryimage","url":"https:\/\/blog.olimar.de\/wp-content\/uploads\/2021\/10\/Museo-del-Baile-Flamenco-Sevilla-_6994-2.jpg","contentUrl":"https:\/\/blog.olimar.de\/wp-content\/uploads\/2021\/10\/Museo-del-Baile-Flamenco-Sevilla-_6994-2.jpg","width":1396,"height":928,"caption":"Museo del Baile Flamenco Sevilla"},{"@type":"BreadcrumbList","@id":"https:\/\/blog.olimar.de\/interview-flamenco-museum\/#breadcrumb","itemListElement":[{"@type":"ListItem","position":1,"name":"Home","item":"https:\/\/blog.olimar.de\/"},{"@type":"ListItem","position":2,"name":"Andalusien","item":"https:\/\/blog.olimar.de\/tag\/andalusien\/"},{"@type":"ListItem","position":3,"name":"Interview mit dem Direktor des Flamenco Tanz Museums in Sevilla"}]},{"@type":"WebSite","@id":"https:\/\/blog.olimar.de\/#website","url":"https:\/\/blog.olimar.de\/","name":"OLIMAR.com","description":"","publisher":{"@id":"https:\/\/blog.olimar.de\/#organization"},"potentialAction":[{"@type":"SearchAction","target":{"@type":"EntryPoint","urlTemplate":"https:\/\/blog.olimar.de\/?s={search_term_string}"},"query-input":{"@type":"PropertyValueSpecification","valueRequired":true,"valueName":"search_term_string"}}],"inLanguage":"de"},{"@type":"Organization","@id":"https:\/\/blog.olimar.de\/#organization","name":"OLIMAR Reisen","url":"https:\/\/blog.olimar.de\/","logo":{"@type":"ImageObject","inLanguage":"de","@id":"https:\/\/blog.olimar.de\/#\/schema\/logo\/image\/","url":"https:\/\/blog.olimar.de\/wp-content\/uploads\/2021\/01\/OLIMAR_Logo_COLOR.png","contentUrl":"https:\/\/blog.olimar.de\/wp-content\/uploads\/2021\/01\/OLIMAR_Logo_COLOR.png","width":2000,"height":986,"caption":"OLIMAR Reisen"},"image":{"@id":"https:\/\/blog.olimar.de\/#\/schema\/logo\/image\/"},"sameAs":["https:\/\/www.facebook.com\/OlimarReisen","https:\/\/x.com\/olimarrreisen","https:\/\/www.instagram.com\/olimarreisen","https:\/\/www.youtube.com\/user\/olimarreisen"]}]}},"modified_by":"Wiebke Fix","jetpack_featured_media_url":"https:\/\/blog.olimar.de\/wp-content\/uploads\/2021\/10\/Museo-del-Baile-Flamenco-Sevilla-_6994-2.jpg","_links":{"self":[{"href":"https:\/\/blog.olimar.de\/wp-json\/wp\/v2\/posts\/17627","targetHints":{"allow":["GET"]}}],"collection":[{"href":"https:\/\/blog.olimar.de\/wp-json\/wp\/v2\/posts"}],"about":[{"href":"https:\/\/blog.olimar.de\/wp-json\/wp\/v2\/types\/post"}],"author":[{"embeddable":true,"href":"https:\/\/blog.olimar.de\/wp-json\/wp\/v2\/users\/80"}],"replies":[{"embeddable":true,"href":"https:\/\/blog.olimar.de\/wp-json\/wp\/v2\/comments?post=17627"}],"version-history":[{"count":25,"href":"https:\/\/blog.olimar.de\/wp-json\/wp\/v2\/posts\/17627\/revisions"}],"predecessor-version":[{"id":27353,"href":"https:\/\/blog.olimar.de\/wp-json\/wp\/v2\/posts\/17627\/revisions\/27353"}],"wp:featuredmedia":[{"embeddable":true,"href":"https:\/\/blog.olimar.de\/wp-json\/wp\/v2\/media\/17625"}],"wp:attachment":[{"href":"https:\/\/blog.olimar.de\/wp-json\/wp\/v2\/media?parent=17627"}],"wp:term":[{"taxonomy":"category","embeddable":true,"href":"https:\/\/blog.olimar.de\/wp-json\/wp\/v2\/categories?post=17627"},{"taxonomy":"post_tag","embeddable":true,"href":"https:\/\/blog.olimar.de\/wp-json\/wp\/v2\/tags?post=17627"}],"curies":[{"name":"wp","href":"https:\/\/api.w.org\/{rel}","templated":true}]}}