{"id":17771,"date":"2021-12-03T12:59:58","date_gmt":"2021-12-03T11:59:58","guid":{"rendered":"https:\/\/blog.olimar.de\/?p=17771"},"modified":"2022-12-14T22:03:42","modified_gmt":"2022-12-14T21:03:42","slug":"oasen-in-der-stadt","status":"publish","type":"post","link":"https:\/\/blog.olimar.de\/oasen-in-der-stadt\/","title":{"rendered":"Gr\u00fcne Oasen in Lissabon"},"content":{"rendered":"\n<p class=\"wp-block-paragraph\"><strong>Bei einem St\u00e4dtetrip nach <a href=\"https:\/\/www.olimar.de\/portugal\/metropolen\/lissabon\/\">Lissabon<\/a> liegt das Augenmerk klar auf der Erkundung der zahlreichen Sehensw\u00fcrdigkeiten in den verschiedenen Stadtvierteln, wie z.B. Alfama, Baixa, Bairro Alto und Bel\u00e9m. Doch auch wer sich zwischendurch im Gr\u00fcnen vom Trubel der Stadt erholen m\u00f6chte, kommt im Lissabon Urlaub auf seine Kosten.<\/strong><\/p>\n\n\n\n<div class=\"wp-block-buttons is-layout-flex wp-block-buttons-is-layout-flex\">\n<div class=\"wp-block-button\"><a class=\"wp-block-button__link wp-element-button\" href=\"https:\/\/www.olimar.de\/portugal\/metropolen\/lissabon\/\">Lissabon Reiseangebote und Hoteltipps entdecken<\/a><\/div>\n<\/div>\n\n\n\n<div style=\"height:25px\" aria-hidden=\"true\" class=\"wp-block-spacer\"><\/div>\n\n\n\n<p>In unmittelbarer N\u00e4he zu Lissabons lebhaftem Zentrum gibt es viele gr\u00fcne Oasen zu entdecken und jede Einzelne zeichnet sich durch ganz besondere Highlights aus. Bei Tourist:innen und Portugies:innen gleicherma\u00dfen beliebt, laden die verschiedenen Parkanlagen Lissabons zum Spazieren, Verweilen, Freunde treffen, Picknicken und Durchatmen ein. Oft finden hier auch Veranstaltungen statt, wie zum Beispiel Yoga Kurse, Konzerte und mehr.<\/p>\n\n\n\n<h2 class=\"wp-block-heading\">Neuzugang unter den Gr\u00fcnanlagen<\/h2>\n\n\n\n<p>Lissabons Neuzugang unter den Gr\u00fcnanlagen ist der <a href=\"https:\/\/www.google.com\/maps\/place\/Jardim+da+Cerca+da+Gra%C3%A7a\/@38.7174635,-9.1320694,15z\/data=!4m5!3m4!1s0x0:0x8f42d3c7b452afb3!8m2!3d38.7174635!4d-9.1320694\">Jardim da Cerca da Gra\u00e7a<\/a>. \u00dcber 1,7 Hektar erstreckt sich der 2015 er\u00f6ffnete Park mitten im Herzen der Stadt unterhalb des Gra\u00e7a Klosters. Der Jardim da Cerca da Gra\u00e7a hat viel zu bieten, wie z.B. eine gute Mischung aus sonnigen Pl\u00e4tzen und schattigen Pl\u00e4tzen unter Obstb\u00e4umen, einen Kinderspielplatz und einen Picknick Bereich. Zudem ist er Park und Aussichtspunkt zugleich und er\u00f6ffnet einen traumhaften Blick auf das Castelo S\u00e3o Jorge und den Tejo. Vom bekannten <a href=\"https:\/\/rms.olimar.de\/code\/LIS124?travelType=hotel&amp;tab=details\">HOTEL MUNDIAL<\/a> ist der Jardim da Cerca da Gra\u00e7a in 10 Minuten zu Fu\u00df zu erreichen.<\/p>\n\n\n\n<figure class=\"wp-block-image size-large is-resized\"><img loading=\"lazy\" decoding=\"async\" src=\"https:\/\/blog.olimar.de\/wp-content\/uploads\/2021\/12\/tomas-halajcik-LhKyOBza_ko-unsplash-1024x764.jpg\" alt=\"Cerca da Graca\" class=\"wp-image-17776\" width=\"768\" height=\"573\" srcset=\"https:\/\/blog.olimar.de\/wp-content\/uploads\/2021\/12\/tomas-halajcik-LhKyOBza_ko-unsplash-1024x764.jpg 1024w, https:\/\/blog.olimar.de\/wp-content\/uploads\/2021\/12\/tomas-halajcik-LhKyOBza_ko-unsplash-300x224.jpg 300w, https:\/\/blog.olimar.de\/wp-content\/uploads\/2021\/12\/tomas-halajcik-LhKyOBza_ko-unsplash-768x573.jpg 768w, https:\/\/blog.olimar.de\/wp-content\/uploads\/2021\/12\/tomas-halajcik-LhKyOBza_ko-unsplash.jpg 1341w\" sizes=\"auto, (max-width: 768px) 100vw, 768px\" \/><\/figure>\n\n\n\n<h2 class=\"wp-block-heading\">Ber\u00fchmtester Park Lissabons<\/h2>\n\n\n\n<p>Der wohl ber\u00fchmteste Park Lissabons ist der <a href=\"https:\/\/www.google.com\/maps\/place\/Parque+Eduardo+VII\/@38.7283001,-9.1526828,15z\/data=!4m2!3m1!1s0x0:0xa9b00861ee1aa2c2?sa=X&amp;ved=2ahUKEwiv9qbWyMf0AhWdhP0HHZ_RCt0Q_BJ6BAhTEAU\">Parque Eduardo VII,<\/a> direkt am Marqu\u00eas de Pombal gelegen, quasi als Verl\u00e4ngerung der Prunkstra\u00dfe Avenida da Liberdade. Hier kann man nicht nur bei einem Spaziergang oder verweilend auf einer der zahlreichen B\u00e4nke oder Gr\u00fcnfl\u00e4chen die Seele baumeln lassen, denn der Park hat auch dem Auge einiges zu bieten. \u00dcber die zentrale Wiese erstrecken sich symmetrisch gepflanzte Hecken und vom h\u00f6chsten Punkt des Parks hat man eine fabelhafte Aussicht von der Statue des Marqu\u00eas de Pombals, \u00fcber die Baixa, bis hin zum Tejo. Oft finden im Parque Eduardo VII auch Veranstaltungen statt, wie zum Beispiel die Buchmesse \u201eFeira do Livro\u201c oder ein gro\u00dfer Weihnachtsmarkt inklusive Riesenrad. Fu\u00dfl\u00e4ufig ist der Park in 13 Minuten vom <a href=\"https:\/\/rms.olimar.de\/code\/LIS127?travelType=hotel&amp;tab=details\">HOTEL LISBOA PLAZA<\/a> zu erreichen \u2013 buchbar bei OLIMAR.<\/p>\n\n\n\n<figure class=\"wp-block-image size-large is-resized\"><img loading=\"lazy\" decoding=\"async\" src=\"https:\/\/blog.olimar.de\/wp-content\/uploads\/2021\/12\/kit-suman-jVbL5jpufcw-unsplash-1024x683.jpg\" alt=\"Parque Eduardo VII\" class=\"wp-image-17774\" width=\"768\" height=\"512\" srcset=\"https:\/\/blog.olimar.de\/wp-content\/uploads\/2021\/12\/kit-suman-jVbL5jpufcw-unsplash-1024x683.jpg 1024w, https:\/\/blog.olimar.de\/wp-content\/uploads\/2021\/12\/kit-suman-jVbL5jpufcw-unsplash-300x200.jpg 300w, https:\/\/blog.olimar.de\/wp-content\/uploads\/2021\/12\/kit-suman-jVbL5jpufcw-unsplash-768x512.jpg 768w, https:\/\/blog.olimar.de\/wp-content\/uploads\/2021\/12\/kit-suman-jVbL5jpufcw-unsplash-840x560.jpg 840w, https:\/\/blog.olimar.de\/wp-content\/uploads\/2021\/12\/kit-suman-jVbL5jpufcw-unsplash-1200x800.jpg 1200w, https:\/\/blog.olimar.de\/wp-content\/uploads\/2021\/12\/kit-suman-jVbL5jpufcw-unsplash.jpg 1500w\" sizes=\"auto, (max-width: 768px) 100vw, 768px\" \/><figcaption class=\"wp-element-caption\">Parque Eduardo VII in Lissabon<\/figcaption><\/figure>\n\n\n\n<h2 class=\"wp-block-heading\">Schmuckst\u00fcck in idyllischer Umgebung<\/h2>\n\n\n\n<p>Ein besonderes Schmuckst\u00fcck ist der Jardim da Estrela, auch <a href=\"https:\/\/www.google.com\/maps\/place\/Guerra+Junqueiro+Garden\/@38.7147753,-9.1592661,15z\/data=!4m5!3m4!1s0x0:0x2bd79101bf03e891!8m2!3d38.7147753!4d-9.1592661\">Jardim Guerra Junqueiro<\/a> genannt. Im Lapa Viertel unweit der Bas\u00edlica de Estrela gelegen, besticht der Park mit seiner reichen Flora und Fauna. Der Park wurde im Stil des englischen Gartens angelegt und besitzt einen Reichtum an verschiedenen Pflanzenarten. Man findet hier zudem mehrere Teiche, einen Pavillon, einen Kinderspielplatz und einen Kiosk mit Esplanade, an dem man in idyllischer Umgebung einen Kaffee genie\u00dfen kann. In nur 15 Minuten sind sie vom besonderen <a href=\"https:\/\/rms.olimar.de\/code\/LIS111?travelType=hotel&amp;tab=details\">HOTEL YORK HOUSE<\/a> zu Fu\u00df im Jardim da Estrela.<\/p>\n\n\n\n<figure class=\"wp-block-image size-large is-resized\"><img loading=\"lazy\" decoding=\"async\" src=\"https:\/\/blog.olimar.de\/wp-content\/uploads\/2021\/12\/jc-bonassin-fNa-_liwVMU-unsplash-1024x705.jpg\" alt=\"Wasserbrunnen Tauben Lissabon\" class=\"wp-image-17778\" width=\"768\" height=\"529\" srcset=\"https:\/\/blog.olimar.de\/wp-content\/uploads\/2021\/12\/jc-bonassin-fNa-_liwVMU-unsplash-1024x705.jpg 1024w, https:\/\/blog.olimar.de\/wp-content\/uploads\/2021\/12\/jc-bonassin-fNa-_liwVMU-unsplash-300x206.jpg 300w, https:\/\/blog.olimar.de\/wp-content\/uploads\/2021\/12\/jc-bonassin-fNa-_liwVMU-unsplash-768x529.jpg 768w, https:\/\/blog.olimar.de\/wp-content\/uploads\/2021\/12\/jc-bonassin-fNa-_liwVMU-unsplash.jpg 1453w\" sizes=\"auto, (max-width: 768px) 100vw, 768px\" \/><figcaption class=\"wp-element-caption\">Idylle mitten in Lissabon<\/figcaption><\/figure>\n\n\n\n<p>Allerdings stehen die Gr\u00fcnfl\u00e4chen Lissabons nicht nur f\u00fcr sich allein, sondern lassen sich hervorragend mit bekannten Sehensw\u00fcrdigkeiten verbinden und sind sogar Teil von ihnen. Der <a href=\"https:\/\/www.google.com\/maps\/place\/Bel%C3%A9m+Tower+Garden\/@38.6927205,-9.2157104,15z\/data=!4m2!3m1!1s0x0:0x5d831dda7479607d?sa=X&amp;ved=2ahUKEwjWgIODycf0AhWYg_0HHUbuCd0Q_BJ6BAg_EAU\">Jardim da Torre de Bel\u00e9m,<\/a> zum Beispiel, befindet sich direkt neben einem der Wahrzeichen der Stadt und eignet sich perfekt f\u00fcr eine Verschnaufpause zwischen den Besichtigungen von Hieronymuskloster, Seefahrerdenkmal und eben dem Torre de Bel\u00e9m. Die Gr\u00fcnfl\u00e4che unweit des Tejo-Ufers ist au\u00dferdem ein beliebter Ort f\u00fcr Veranstaltungen, wie Yoga- und Meditationsevents oder Jazz Konzerte.<\/p>\n\n\n\n<div class=\"wp-block-jetpack-tiled-gallery aligncenter is-style-rectangular\"><div class=\"tiled-gallery__gallery\"><div class=\"tiled-gallery__row\"><div class=\"tiled-gallery__col\" style=\"flex-basis:51.97208%\"><figure class=\"tiled-gallery__item\"><img decoding=\"async\" alt=\"Jardim de Belem\" data-height=\"1000\" data-id=\"17777\" data-link=\"https:\/\/blog.olimar.de\/isabel-galvez-qwq694d-xuu-unsplash\/\" data-url=\"https:\/\/blog.olimar.de\/wp-content\/uploads\/2021\/12\/isabel-galvez-QWq694D-xuU-unsplash-1024x629.jpg\" data-width=\"1628\" src=\"https:\/\/i0.wp.com\/blog.olimar.de\/wp-content\/uploads\/2021\/12\/isabel-galvez-QWq694D-xuU-unsplash-1024x629.jpg?ssl=1\" data-amp-layout=\"responsive\"\/><\/figure><\/div><div class=\"tiled-gallery__col\" style=\"flex-basis:48.02792%\"><figure class=\"tiled-gallery__item\"><img decoding=\"async\" alt=\"Torre de Bel\u00e9m\" data-height=\"1000\" data-id=\"17779\" data-link=\"https:\/\/blog.olimar.de\/rui-photography-i-8zsobtjpe-unsplash\/\" data-url=\"https:\/\/blog.olimar.de\/wp-content\/uploads\/2021\/12\/rui-photography-i-8zSoBtJPE-unsplash-1024x681.jpg\" data-width=\"1504\" src=\"https:\/\/i0.wp.com\/blog.olimar.de\/wp-content\/uploads\/2021\/12\/rui-photography-i-8zSoBtJPE-unsplash-1024x681.jpg?ssl=1\" data-amp-layout=\"responsive\"\/><\/figure><\/div><\/div><\/div><\/div>\n\n\n\n<p>Fehlt nur noch der Jardim da Funda\u00e7\u00e3o Calouste Gulbenkian, der, wie es der Name verr\u00e4t, zu Gulbenkian Stiftung und Museum geh\u00f6rt. Hier findet man viele liebevoll angelegte Pl\u00e4tze, um durchzuatmen, wie zum Beispiel den Rosengarten oder den gro\u00dfen Teich im Zentrum des Parks. Zudem gibt es im Gulbenkian Park ein Freiluft-Amphitheater mit Platz f\u00fcr ca. 1000 Personen, in dem immer wieder Veranstaltungen stattfinden.<\/p>\n\n\n\n<p>Damit Sie die gr\u00fcnen Oasen der dynamischen Metropole live erleben k\u00f6nnen, hat OLIMAR f\u00fcr Sie attraktive Angebote f\u00fcr eine <a href=\"https:\/\/www.olimar.de\/portugal\/metropolen\/lissabon\/\">St\u00e4dtereise nach Lissabon <\/a>zusammengestellt.<\/p>\n\n\n\n<div class=\"wp-block-buttons is-layout-flex wp-block-buttons-is-layout-flex\">\n<div class=\"wp-block-button\"><a class=\"wp-block-button__link wp-element-button\" href=\"https:\/\/www.olimar.de\/hotellistung\/\">Jetzt Urlaubsangebote finden und buchen<\/a><\/div>\n<\/div>\n\n\n\n<div style=\"height:100px\" aria-hidden=\"true\" class=\"wp-block-spacer\"><\/div>\n","protected":false},"excerpt":{"rendered":"<p>Bei einem St\u00e4dtetrip nach Lissabon liegt das Augenmerk klar auf der Erkundung der zahlreichen Sehensw\u00fcrdigkeiten in den verschiedenen Stadtvierteln, wie z.B. Alfama, Baixa, Bairro Alto und Bel\u00e9m. Doch auch wer sich zwischendurch im Gr\u00fcnen vom Trubel der Stadt erholen m\u00f6chte, kommt im Lissabon Urlaub auf seine Kosten. In unmittelbarer N\u00e4he zu Lissabons lebhaftem Zentrum gibt es viele gr\u00fcne Oasen zu entdecken und jede Einzelne zeichnet sich durch ganz besondere Highlights aus. Bei Tourist:innen und Portugies:innen gleicherma\u00dfen beliebt, laden die verschiedenen Parkanlagen Lissabons zum Spazieren, Verweilen, Freunde treffen, Picknicken und Durchatmen ein. Oft finden hier auch Veranstaltungen statt, wie zum Beispiel Yoga &hellip;<\/p>\n","protected":false},"author":9,"featured_media":17780,"comment_status":"open","ping_status":"open","sticky":false,"template":"","format":"standard","meta":{"_crdt_document":"","_lmt_disableupdate":"","_lmt_disable":"","footnotes":""},"categories":[29,61],"tags":[25,243,34,20,244],"class_list":["post-17771","post","type-post","status-publish","format-standard","has-post-thumbnail","hentry","category-aktiv-natur","category-ein-tag-in","tag-lissabon","tag-parks","tag-portugal","tag-slider","tag-staedtereisen"],"yoast_head":"<!-- This site is optimized with the Yoast SEO plugin v26.9 - https:\/\/yoast.com\/product\/yoast-seo-wordpress\/ -->\n<title>Gr\u00fcne Oasen in Lissabon<\/title>\n<meta name=\"description\" content=\"Bei einer Reise nach Lissabon liegt der Fokus oft auf Sightseeing, doch auch f\u00fcr Erholung bietet die Metropole zahlreiche Gelegenheiten.\" \/>\n<meta name=\"robots\" content=\"index, follow, max-snippet:-1, max-image-preview:large, max-video-preview:-1\" \/>\n<link rel=\"canonical\" href=\"https:\/\/blog.olimar.de\/oasen-in-der-stadt\/\" \/>\n<meta property=\"og:locale\" content=\"de_DE\" \/>\n<meta property=\"og:type\" content=\"article\" \/>\n<meta property=\"og:title\" content=\"Gr\u00fcne Oasen in Lissabon\" \/>\n<meta property=\"og:description\" content=\"Bei einer Reise nach Lissabon liegt der Fokus oft auf Sightseeing, doch auch f\u00fcr Erholung bietet die Metropole zahlreiche Gelegenheiten.\" \/>\n<meta property=\"og:url\" content=\"https:\/\/blog.olimar.de\/oasen-in-der-stadt\/\" \/>\n<meta property=\"article:publisher\" content=\"https:\/\/www.facebook.com\/OlimarReisen\" \/>\n<meta property=\"article:published_time\" content=\"2021-12-03T11:59:58+00:00\" \/>\n<meta property=\"article:modified_time\" content=\"2022-12-14T21:03:42+00:00\" \/>\n<meta property=\"og:image\" content=\"https:\/\/blog.olimar.de\/wp-content\/uploads\/2021\/12\/frank-nurnberger-_EJiLrozJww-unsplash.jpg\" \/>\n\t<meta property=\"og:image:width\" content=\"1499\" \/>\n\t<meta property=\"og:image:height\" content=\"1000\" \/>\n\t<meta property=\"og:image:type\" content=\"image\/jpeg\" \/>\n<meta name=\"author\" content=\"OLIMAR Redaktionsteam\" \/>\n<meta name=\"twitter:label1\" content=\"Verfasst von\" \/>\n\t<meta name=\"twitter:data1\" content=\"OLIMAR Redaktionsteam\" \/>\n\t<meta name=\"twitter:label2\" content=\"Gesch\u00e4tzte Lesezeit\" \/>\n\t<meta name=\"twitter:data2\" content=\"5\u00a0Minuten\" \/>\n<script type=\"application\/ld+json\" class=\"yoast-schema-graph\">{\"@context\":\"https:\/\/schema.org\",\"@graph\":[{\"@type\":\"WebPage\",\"@id\":\"https:\/\/blog.olimar.de\/oasen-in-der-stadt\/\",\"url\":\"https:\/\/blog.olimar.de\/oasen-in-der-stadt\/\",\"name\":\"Gr\u00fcne Oasen in Lissabon\",\"isPartOf\":{\"@id\":\"https:\/\/blog.olimar.de\/#website\"},\"primaryImageOfPage\":{\"@id\":\"https:\/\/blog.olimar.de\/oasen-in-der-stadt\/#primaryimage\"},\"image\":{\"@id\":\"https:\/\/blog.olimar.de\/oasen-in-der-stadt\/#primaryimage\"},\"thumbnailUrl\":\"https:\/\/blog.olimar.de\/wp-content\/uploads\/2021\/12\/frank-nurnberger-_EJiLrozJww-unsplash.jpg\",\"datePublished\":\"2021-12-03T11:59:58+00:00\",\"dateModified\":\"2022-12-14T21:03:42+00:00\",\"description\":\"Bei einer Reise nach Lissabon liegt der Fokus oft auf Sightseeing, doch auch f\u00fcr Erholung bietet die Metropole zahlreiche Gelegenheiten.\",\"breadcrumb\":{\"@id\":\"https:\/\/blog.olimar.de\/oasen-in-der-stadt\/#breadcrumb\"},\"inLanguage\":\"de\",\"potentialAction\":[{\"@type\":\"ReadAction\",\"target\":[\"https:\/\/blog.olimar.de\/oasen-in-der-stadt\/\"]}]},{\"@type\":\"ImageObject\",\"inLanguage\":\"de\",\"@id\":\"https:\/\/blog.olimar.de\/oasen-in-der-stadt\/#primaryimage\",\"url\":\"https:\/\/blog.olimar.de\/wp-content\/uploads\/2021\/12\/frank-nurnberger-_EJiLrozJww-unsplash.jpg\",\"contentUrl\":\"https:\/\/blog.olimar.de\/wp-content\/uploads\/2021\/12\/frank-nurnberger-_EJiLrozJww-unsplash.jpg\",\"width\":1499,\"height\":1000,\"caption\":\"Mosteiro dos Jer\u00f3nimos Lissabon\"},{\"@type\":\"BreadcrumbList\",\"@id\":\"https:\/\/blog.olimar.de\/oasen-in-der-stadt\/#breadcrumb\",\"itemListElement\":[{\"@type\":\"ListItem\",\"position\":1,\"name\":\"Home\",\"item\":\"https:\/\/blog.olimar.de\/\"},{\"@type\":\"ListItem\",\"position\":2,\"name\":\"Lissabon\",\"item\":\"https:\/\/blog.olimar.de\/tag\/lissabon\/\"},{\"@type\":\"ListItem\",\"position\":3,\"name\":\"Gr\u00fcne Oasen in Lissabon\"}]},{\"@type\":\"WebSite\",\"@id\":\"https:\/\/blog.olimar.de\/#website\",\"url\":\"https:\/\/blog.olimar.de\/\",\"name\":\"OLIMAR.com\",\"description\":\"\",\"publisher\":{\"@id\":\"https:\/\/blog.olimar.de\/#organization\"},\"potentialAction\":[{\"@type\":\"SearchAction\",\"target\":{\"@type\":\"EntryPoint\",\"urlTemplate\":\"https:\/\/blog.olimar.de\/?s={search_term_string}\"},\"query-input\":{\"@type\":\"PropertyValueSpecification\",\"valueRequired\":true,\"valueName\":\"search_term_string\"}}],\"inLanguage\":\"de\"},{\"@type\":\"Organization\",\"@id\":\"https:\/\/blog.olimar.de\/#organization\",\"name\":\"OLIMAR Reisen\",\"url\":\"https:\/\/blog.olimar.de\/\",\"logo\":{\"@type\":\"ImageObject\",\"inLanguage\":\"de\",\"@id\":\"https:\/\/blog.olimar.de\/#\/schema\/logo\/image\/\",\"url\":\"https:\/\/blog.olimar.de\/wp-content\/uploads\/2021\/01\/OLIMAR_Logo_COLOR.png\",\"contentUrl\":\"https:\/\/blog.olimar.de\/wp-content\/uploads\/2021\/01\/OLIMAR_Logo_COLOR.png\",\"width\":2000,\"height\":986,\"caption\":\"OLIMAR Reisen\"},\"image\":{\"@id\":\"https:\/\/blog.olimar.de\/#\/schema\/logo\/image\/\"},\"sameAs\":[\"https:\/\/www.facebook.com\/OlimarReisen\",\"https:\/\/x.com\/olimarrreisen\",\"https:\/\/www.instagram.com\/olimarreisen\",\"https:\/\/www.youtube.com\/user\/olimarreisen\"]}]}<\/script>\n<!-- \/ Yoast SEO plugin. -->","yoast_head_json":{"title":"Gr\u00fcne Oasen in Lissabon","description":"Bei einer Reise nach Lissabon liegt der Fokus oft auf Sightseeing, doch auch f\u00fcr Erholung bietet die Metropole zahlreiche Gelegenheiten.","robots":{"index":"index","follow":"follow","max-snippet":"max-snippet:-1","max-image-preview":"max-image-preview:large","max-video-preview":"max-video-preview:-1"},"canonical":"https:\/\/blog.olimar.de\/oasen-in-der-stadt\/","og_locale":"de_DE","og_type":"article","og_title":"Gr\u00fcne Oasen in Lissabon","og_description":"Bei einer Reise nach Lissabon liegt der Fokus oft auf Sightseeing, doch auch f\u00fcr Erholung bietet die Metropole zahlreiche Gelegenheiten.","og_url":"https:\/\/blog.olimar.de\/oasen-in-der-stadt\/","article_publisher":"https:\/\/www.facebook.com\/OlimarReisen","article_published_time":"2021-12-03T11:59:58+00:00","article_modified_time":"2022-12-14T21:03:42+00:00","og_image":[{"width":1499,"height":1000,"url":"https:\/\/blog.olimar.de\/wp-content\/uploads\/2021\/12\/frank-nurnberger-_EJiLrozJww-unsplash.jpg","type":"image\/jpeg"}],"author":"OLIMAR Redaktionsteam","twitter_misc":{"Verfasst von":"OLIMAR Redaktionsteam","Gesch\u00e4tzte Lesezeit":"5\u00a0Minuten"},"schema":{"@context":"https:\/\/schema.org","@graph":[{"@type":"WebPage","@id":"https:\/\/blog.olimar.de\/oasen-in-der-stadt\/","url":"https:\/\/blog.olimar.de\/oasen-in-der-stadt\/","name":"Gr\u00fcne Oasen in Lissabon","isPartOf":{"@id":"https:\/\/blog.olimar.de\/#website"},"primaryImageOfPage":{"@id":"https:\/\/blog.olimar.de\/oasen-in-der-stadt\/#primaryimage"},"image":{"@id":"https:\/\/blog.olimar.de\/oasen-in-der-stadt\/#primaryimage"},"thumbnailUrl":"https:\/\/blog.olimar.de\/wp-content\/uploads\/2021\/12\/frank-nurnberger-_EJiLrozJww-unsplash.jpg","datePublished":"2021-12-03T11:59:58+00:00","dateModified":"2022-12-14T21:03:42+00:00","description":"Bei einer Reise nach Lissabon liegt der Fokus oft auf Sightseeing, doch auch f\u00fcr Erholung bietet die Metropole zahlreiche Gelegenheiten.","breadcrumb":{"@id":"https:\/\/blog.olimar.de\/oasen-in-der-stadt\/#breadcrumb"},"inLanguage":"de","potentialAction":[{"@type":"ReadAction","target":["https:\/\/blog.olimar.de\/oasen-in-der-stadt\/"]}]},{"@type":"ImageObject","inLanguage":"de","@id":"https:\/\/blog.olimar.de\/oasen-in-der-stadt\/#primaryimage","url":"https:\/\/blog.olimar.de\/wp-content\/uploads\/2021\/12\/frank-nurnberger-_EJiLrozJww-unsplash.jpg","contentUrl":"https:\/\/blog.olimar.de\/wp-content\/uploads\/2021\/12\/frank-nurnberger-_EJiLrozJww-unsplash.jpg","width":1499,"height":1000,"caption":"Mosteiro dos Jer\u00f3nimos Lissabon"},{"@type":"BreadcrumbList","@id":"https:\/\/blog.olimar.de\/oasen-in-der-stadt\/#breadcrumb","itemListElement":[{"@type":"ListItem","position":1,"name":"Home","item":"https:\/\/blog.olimar.de\/"},{"@type":"ListItem","position":2,"name":"Lissabon","item":"https:\/\/blog.olimar.de\/tag\/lissabon\/"},{"@type":"ListItem","position":3,"name":"Gr\u00fcne Oasen in Lissabon"}]},{"@type":"WebSite","@id":"https:\/\/blog.olimar.de\/#website","url":"https:\/\/blog.olimar.de\/","name":"OLIMAR.com","description":"","publisher":{"@id":"https:\/\/blog.olimar.de\/#organization"},"potentialAction":[{"@type":"SearchAction","target":{"@type":"EntryPoint","urlTemplate":"https:\/\/blog.olimar.de\/?s={search_term_string}"},"query-input":{"@type":"PropertyValueSpecification","valueRequired":true,"valueName":"search_term_string"}}],"inLanguage":"de"},{"@type":"Organization","@id":"https:\/\/blog.olimar.de\/#organization","name":"OLIMAR Reisen","url":"https:\/\/blog.olimar.de\/","logo":{"@type":"ImageObject","inLanguage":"de","@id":"https:\/\/blog.olimar.de\/#\/schema\/logo\/image\/","url":"https:\/\/blog.olimar.de\/wp-content\/uploads\/2021\/01\/OLIMAR_Logo_COLOR.png","contentUrl":"https:\/\/blog.olimar.de\/wp-content\/uploads\/2021\/01\/OLIMAR_Logo_COLOR.png","width":2000,"height":986,"caption":"OLIMAR Reisen"},"image":{"@id":"https:\/\/blog.olimar.de\/#\/schema\/logo\/image\/"},"sameAs":["https:\/\/www.facebook.com\/OlimarReisen","https:\/\/x.com\/olimarrreisen","https:\/\/www.instagram.com\/olimarreisen","https:\/\/www.youtube.com\/user\/olimarreisen"]}]}},"modified_by":"Lena Radermacher","jetpack_featured_media_url":"https:\/\/blog.olimar.de\/wp-content\/uploads\/2021\/12\/frank-nurnberger-_EJiLrozJww-unsplash.jpg","_links":{"self":[{"href":"https:\/\/blog.olimar.de\/wp-json\/wp\/v2\/posts\/17771","targetHints":{"allow":["GET"]}}],"collection":[{"href":"https:\/\/blog.olimar.de\/wp-json\/wp\/v2\/posts"}],"about":[{"href":"https:\/\/blog.olimar.de\/wp-json\/wp\/v2\/types\/post"}],"author":[{"embeddable":true,"href":"https:\/\/blog.olimar.de\/wp-json\/wp\/v2\/users\/9"}],"replies":[{"embeddable":true,"href":"https:\/\/blog.olimar.de\/wp-json\/wp\/v2\/comments?post=17771"}],"version-history":[{"count":11,"href":"https:\/\/blog.olimar.de\/wp-json\/wp\/v2\/posts\/17771\/revisions"}],"predecessor-version":[{"id":22206,"href":"https:\/\/blog.olimar.de\/wp-json\/wp\/v2\/posts\/17771\/revisions\/22206"}],"wp:featuredmedia":[{"embeddable":true,"href":"https:\/\/blog.olimar.de\/wp-json\/wp\/v2\/media\/17780"}],"wp:attachment":[{"href":"https:\/\/blog.olimar.de\/wp-json\/wp\/v2\/media?parent=17771"}],"wp:term":[{"taxonomy":"category","embeddable":true,"href":"https:\/\/blog.olimar.de\/wp-json\/wp\/v2\/categories?post=17771"},{"taxonomy":"post_tag","embeddable":true,"href":"https:\/\/blog.olimar.de\/wp-json\/wp\/v2\/tags?post=17771"}],"curies":[{"name":"wp","href":"https:\/\/api.w.org\/{rel}","templated":true}]}}