{"id":17786,"date":"2021-12-08T13:23:25","date_gmt":"2021-12-08T12:23:25","guid":{"rendered":"https:\/\/blog.olimar.de\/?p=17786"},"modified":"2022-12-17T09:37:03","modified_gmt":"2022-12-17T08:37:03","slug":"manuelinik","status":"publish","type":"post","link":"https:\/\/blog.olimar.de\/manuelinik\/","title":{"rendered":"Von der Gotik zur Manuelinik: Portugiesische Kronjuwelen der Architektur"},"content":{"rendered":"\n<p><strong>Die W\u00e4nde in Portugals Heiligt\u00fcmern sprechen eine ganz eigene Sprache, eine, die jeder Mensch mit den Augen und Fingern verstehen kann: die Manuelinik.<\/strong><\/p>\n\n\n\n<div class=\"wp-block-buttons is-layout-flex wp-block-buttons-is-layout-flex\">\n<div class=\"wp-block-button\"><a class=\"wp-block-button__link wp-element-button\" href=\"https:\/\/www.olimar.de\/portugal\/\">Portugal Reiseangebote und Hoteltipps entdecken<\/a><\/div>\n<\/div>\n\n\n\n<div style=\"height:50px\" aria-hidden=\"true\" class=\"wp-block-spacer\"><\/div>\n\n\n\n<p>Im sp\u00e4ten Mittelalter konnten Matrosen weder lesen noch schreiben, beobachten konnten sie daf\u00fcr sehr gut und merkten sich alles, was sie auf Gro\u00dfer Fahrt \u00fcber die Weltmeere und ferne L\u00e4nder gesehen, geh\u00f6rt, geschmeckt, geschnuppert und erlebt haben.<\/p>\n<p>Heimgekehrt zu ihren Familien ging es am Abend in die Taverne. Dort wartete bereits die gesamte Nachbarschaft neugierig auf Geschichten aus dem Orient, vom Amazonas, aus der W\u00fcste, von den Mohren und aus dem exotischen Japan und China. Ein Schoppen Wein l\u00f6ste die Zungen der Matrosen und sie erz\u00e4hlten ihrem staunenden Publikum von den Tieren, den Menschen und von den Pflanzen, die sie auf gro\u00dfer Fahrt gesehen haben. Zum Beispiel vom Tier mit riesigen Ohren, Z\u00e4hnen und R\u00fcssel, und von denen mit zwei H\u00f6ckern auf dem R\u00fccken, von gestreiften Pferden und badenden Riesenschweinen, von gefleckten Katzen so gro\u00df wie Ponys, von sprechenden bunten V\u00f6geln, von Menschenaffen.<\/p>\n<p>Sie schw\u00e4rmten von anmutenden Tempelt\u00e4nzerinnen, hypnotischen Derwischen oder von halbnackten Frauen. Ehrf\u00fcrchtig leise fl\u00fcsterten sie von Schlangenbeschw\u00f6rern, von verschleierten Frauen, von Krumms\u00e4beln. In einem Wort: Seemannsgarn. Die Geschichten der Matrosen glichen jenen der Offiziere und gelangten manchmal bis an den k\u00f6niglichen Hof und an das Ohr des K\u00f6nigs.<\/p>\n\n\n\n<div class=\"wp-block-jetpack-tiled-gallery aligncenter is-style-rectangular\"><div class=\"tiled-gallery__gallery\"><div class=\"tiled-gallery__row\"><div class=\"tiled-gallery__col\" style=\"flex-basis:49.79959%\"><figure class=\"tiled-gallery__item\"><img decoding=\"async\" alt=\"Kapitelle Mosteiro dos Jer\u00f3nimos Lissabon\" data-height=\"1000\" data-id=\"17797\" data-link=\"https:\/\/blog.olimar.de\/2-kapitelle-mosteiro-dos-jeronimos-lissabon-cgp\/\" data-url=\"https:\/\/blog.olimar.de\/wp-content\/uploads\/2021\/12\/2-Kapitelle-Mosteiro-dos-Jeronimos-Lissabon-CGP.jpg\" data-width=\"750\" src=\"https:\/\/i0.wp.com\/blog.olimar.de\/wp-content\/uploads\/2021\/12\/2-Kapitelle-Mosteiro-dos-Jeronimos-Lissabon-CGP.jpg?ssl=1\" data-amp-layout=\"responsive\"\/><\/figure><\/div><div class=\"tiled-gallery__col\" style=\"flex-basis:50.20041%\"><figure class=\"tiled-gallery__item\"><img decoding=\"async\" alt=\"TOMAR Figur\" data-height=\"1000\" data-id=\"17802\" data-link=\"https:\/\/blog.olimar.de\/figur-aus-der-gotik-tomar-cgp\/\" data-url=\"https:\/\/blog.olimar.de\/wp-content\/uploads\/2021\/12\/Figur-aus-der-Gotik-Tomar-CGP-1024x576.jpg\" data-width=\"1777\" src=\"https:\/\/i0.wp.com\/blog.olimar.de\/wp-content\/uploads\/2021\/12\/Figur-aus-der-Gotik-Tomar-CGP-1024x576.jpg?ssl=1\" data-amp-layout=\"responsive\"\/><\/figure><figure class=\"tiled-gallery__item\"><img decoding=\"async\" alt=\"Manuelinisches Detail Mosteiro dos Jeronimos Lissabon\" data-height=\"1000\" data-id=\"17800\" data-link=\"https:\/\/blog.olimar.de\/5-manuelinisches-detail-mosteiro-dos-jeronimos-lissabon-cgp\/\" data-url=\"https:\/\/blog.olimar.de\/wp-content\/uploads\/2021\/12\/5-Manuelinisches-Detail-Mosteiro-dos-Jeronimos-Lissabon-CGP-1024x768.jpg\" data-width=\"1333\" src=\"https:\/\/i1.wp.com\/blog.olimar.de\/wp-content\/uploads\/2021\/12\/5-Manuelinisches-Detail-Mosteiro-dos-Jeronimos-Lissabon-CGP-1024x768.jpg?ssl=1\" data-amp-layout=\"responsive\"\/><\/figure><\/div><\/div><\/div><\/div>\n\n\n\n<h2 class=\"wp-block-heading\">Der gl\u00fcckliche K\u00f6nig, sein Volk und seine Kunstidee<\/h2>\n\n\n\n<p>Auf der Bugwelle der Entdeckerepoche regierte K\u00f6nig D. Manuel I (O Venturoso, der Gl\u00fcckliche) von 1495 bis 1521. Die einen behaupten, gl\u00fccklich w\u00e4re er wegen seiner drei bildh\u00fcbschen Ehefrauen gewesen. Oder wegen der unermesslichen Reicht\u00fcmer, die ihren Weg aus drei Kontinenten \u00fcber das Meer nach Portugal fanden.<\/p>\n\n\n\n<p>Gl\u00fccklich sch\u00e4tzt sich heute besonders die Nachwelt, denn K\u00f6nig Manuel I h\u00f6rte sich das Seemannsgarn sehr aufmerksam an und fasste einen kunsthistorisch nachhaltigen Entschluss: Unabh\u00e4ngig vom Bildungsniveau oder der Muttersprache, sollte alles Fremde aus anderen Kulturen f\u00fcr alle Menschen verst\u00e4ndlich sichtbar gemacht werden und f\u00fcr ewig sichtbar bleiben, damit man sich selbst viele Jahrhunderte sp\u00e4ter an die glorreichen Entdeckerfahrten der Portugiesen erinnert.<\/p>\n<p>So klopften und gravierten in den folgenden 400 Jahren hunderte Bildhauer, Skulpteure und Steinmetze die Geschichte Portugals in Sandstein an die Fassaden von Heiligt\u00fcmern, Pal\u00e4sten, Universit\u00e4ten und anderen offiziellen Geb\u00e4uden und setzten ihrem K\u00f6nig damit auch ein Denkmal.<\/p>\n\n\n\n<div class=\"wp-block-jetpack-tiled-gallery aligncenter is-style-rectangular\"><div class=\"tiled-gallery__gallery\"><div class=\"tiled-gallery__row\"><div class=\"tiled-gallery__col\" style=\"flex-basis:50.00000%\"><figure class=\"tiled-gallery__item\"><img decoding=\"async\" alt=\"Mosteiro dos Jeronimos\" data-height=\"1000\" data-id=\"17788\" data-link=\"https:\/\/blog.olimar.de\/6-mosteiro-dos-jeronimos-lissabon-cgp\/\" data-url=\"https:\/\/blog.olimar.de\/wp-content\/uploads\/2021\/12\/6-Mosteiro-dos-Jeronimos-Lissabon-CGP.jpg\" data-width=\"750\" src=\"https:\/\/i1.wp.com\/blog.olimar.de\/wp-content\/uploads\/2021\/12\/6-Mosteiro-dos-Jeronimos-Lissabon-CGP.jpg?ssl=1\" data-amp-layout=\"responsive\"\/><\/figure><\/div><div class=\"tiled-gallery__col\" style=\"flex-basis:50.00000%\"><figure class=\"tiled-gallery__item\"><img decoding=\"async\" alt=\"Arkade S\u00e4ulen Pinokel Figuren Atrium Kreuzganz Mosteiro dos Jeronimos\" data-height=\"1000\" data-id=\"17799\" data-link=\"https:\/\/blog.olimar.de\/4-arkade-saeulen-pinokel-figuren-im-atrium-kreuzganz-mosteiro-dos-jeronimos-lissabon-cgp\/\" data-url=\"https:\/\/blog.olimar.de\/wp-content\/uploads\/2021\/12\/4-Arkade-Saeulen-Pinokel-Figuren-im-Atrium-Kreuzganz-Mosteiro-dos-jeronimos-Lissabon-CGP.jpg\" data-width=\"750\" src=\"https:\/\/i2.wp.com\/blog.olimar.de\/wp-content\/uploads\/2021\/12\/4-Arkade-Saeulen-Pinokel-Figuren-im-Atrium-Kreuzganz-Mosteiro-dos-jeronimos-Lissabon-CGP.jpg?ssl=1\" data-amp-layout=\"responsive\"\/><\/figure><\/div><\/div><\/div><\/div>\n\n\n\n<p>Zuvor widmeten sich seit \u00fcber 200 Jahren bereits die Steinmetze des Ornamentierens in Portugals Heiligt\u00fcmern, und haben Ma\u00dfwerk, S\u00e4ulen und Kapitele, Kreuzgew\u00f6lbe, Portalb\u00f6gen und Fenstereinfassungen nach gotischer Manier dekoriert. Weniger naturalistisch detailverliebt, daf\u00fcr symbolisch mystisch und geometrisch klar liniert.<\/p>\n\n\n\n<figure class=\"wp-block-image size-full is-resized\"><img loading=\"lazy\" decoding=\"async\" src=\"https:\/\/blog.olimar.de\/wp-content\/uploads\/2021\/12\/11-Spitzbogen-Gotik-Masswerk-manuelinisch-Mosteiro-da-Batalha-CGP.jpg\" alt=\"Spitzbogen Gotik Mosteiro da Batalha\" class=\"wp-image-17792\" width=\"563\" height=\"750\" srcset=\"https:\/\/blog.olimar.de\/wp-content\/uploads\/2021\/12\/11-Spitzbogen-Gotik-Masswerk-manuelinisch-Mosteiro-da-Batalha-CGP.jpg 750w, https:\/\/blog.olimar.de\/wp-content\/uploads\/2021\/12\/11-Spitzbogen-Gotik-Masswerk-manuelinisch-Mosteiro-da-Batalha-CGP-225x300.jpg 225w, https:\/\/blog.olimar.de\/wp-content\/uploads\/2021\/12\/11-Spitzbogen-Gotik-Masswerk-manuelinisch-Mosteiro-da-Batalha-CGP-420x560.jpg 420w\" sizes=\"auto, (max-width: 563px) 100vw, 563px\" \/><figcaption class=\"wp-element-caption\">Spitzbogen Mosteiro da Batalha &#8211; gotisch und manuelinisch<\/figcaption><\/figure>\n\n\n\n<h2 class=\"wp-block-heading\">Manuelinik und der Einzug von Bilderb\u00fcchern in Stein<\/h2>\n\n\n\n<p>Mit dem Einzug der Manuelinik ver\u00e4nderte sich die Darstellungsform des Ornamentierens von formaler zur bildhaft k\u00fcnstlerischer Sprache, als w\u00e4re der Stein ein Bilderbuch und jedes Motiv eine eigene Seite darin, die sich nirgends wiederholt. Die Manuelinik spricht zum Betrachter \u2013 ganz ohne Worte. Sogar mit geschlossenen Augen erkennen Fingerkuppen beim Entlangstreichen \u00fcber den glattgeschliffenen Stein jedes Motiv, jedes Gesicht.<\/p>\n\n\n\n<p>Der \u00dcbergang von der Gotik zur Sp\u00e4tgotik und zur Manuelinik vollzog sich allm\u00e4hlich. Etliche Denkmale in Portugal vereinen alle Kunststile, ein Beispiel hierf\u00fcr ist das Weltkulturerbe Abtei Mosteiro de Santa Maria da Vit\u00f3ria in Batalha. Insignien wie Christusritterkreuz und K\u00f6nigliches Wappen, fragil gearbeitete Fenstergitter, die an Kl\u00f6ppelarbeiten oder filigranen Silberschmuck erinnern, geometrische Figuren mit spiritueller Bedeutung sowie Fratzen heidnischer D\u00e4monen bebildern die Ma\u00dfwerk im alten Kreuzgang und Kapitelsaal, w\u00e4hrend der Besucher im neuen Kreuzgang sowie in der unvollendeten Kapelle hinter dem Hochaltar bereits \u00fcppig auf Elemente der Manuelinik st\u00f6\u00dft.<\/p>\n\n\n\n<div class=\"wp-block-jetpack-tiled-gallery aligncenter is-style-rectangular\"><div class=\"tiled-gallery__gallery\"><div class=\"tiled-gallery__row\"><div class=\"tiled-gallery__col\" style=\"flex-basis:33.33056%\"><figure class=\"tiled-gallery__item\"><img decoding=\"async\" alt=\"Eingang Klosterkirche Santa Maria Mosteiro dos Jeronimos\" data-height=\"1000\" data-id=\"17796\" data-link=\"https:\/\/blog.olimar.de\/1-eingang-klosterkirche-santa-maria-am-mosteiro-dos-jeronimos-lissabon-cgp\/\" data-url=\"https:\/\/blog.olimar.de\/wp-content\/uploads\/2021\/12\/1-Eingang-Klosterkirche-Santa-Maria-am-Mosteiro-dos-Jeronimos-Lissabon-CGP.jpg\" data-width=\"750\" src=\"https:\/\/i1.wp.com\/blog.olimar.de\/wp-content\/uploads\/2021\/12\/1-Eingang-Klosterkirche-Santa-Maria-am-Mosteiro-dos-Jeronimos-Lissabon-CGP.jpg?ssl=1\" data-amp-layout=\"responsive\"\/><\/figure><\/div><div class=\"tiled-gallery__col\" style=\"flex-basis:33.33056%\"><figure class=\"tiled-gallery__item\"><img decoding=\"async\" alt=\"Eingang unvollendete Kapelle Klosterkirche Santa Maria Mosteiro dos Jeronimos\" data-height=\"1000\" data-id=\"17789\" data-link=\"https:\/\/blog.olimar.de\/8-eingang-zur-unvollendeten-kapelle-unten-gotik-oben-manuelinik-mosteiro-da-batalha-cgp\/\" data-url=\"https:\/\/blog.olimar.de\/wp-content\/uploads\/2021\/12\/8-Eingang-zur-unvollendeten-Kapelle-unten-Gotik-oben-Manuelinik-Mosteiro-da-Batalha-CGP.jpg\" data-width=\"750\" src=\"https:\/\/i1.wp.com\/blog.olimar.de\/wp-content\/uploads\/2021\/12\/8-Eingang-zur-unvollendeten-Kapelle-unten-Gotik-oben-Manuelinik-Mosteiro-da-Batalha-CGP.jpg?ssl=1\" data-amp-layout=\"responsive\"\/><\/figure><\/div><div class=\"tiled-gallery__col\" style=\"flex-basis:33.33887%\"><figure class=\"tiled-gallery__item\"><img decoding=\"async\" alt=\"Kuppel Klosterkirche Santa Maria Mosteiro dos Jeronimos\" data-height=\"1333\" data-id=\"17790\" data-link=\"https:\/\/blog.olimar.de\/9-kuppel-in-der-grablegekapelle-avis-mosteiro-da-batalha-cgp\/\" data-url=\"https:\/\/blog.olimar.de\/wp-content\/uploads\/2021\/12\/9-Kuppel-in-der-Grablegekapelle-AVIS-Mosteiro-da-Batalha-CGP-768x1024.jpg\" data-width=\"1000\" src=\"https:\/\/i0.wp.com\/blog.olimar.de\/wp-content\/uploads\/2021\/12\/9-Kuppel-in-der-Grablegekapelle-AVIS-Mosteiro-da-Batalha-CGP-768x1024.jpg?ssl=1\" data-amp-layout=\"responsive\"\/><\/figure><\/div><\/div><\/div><\/div>\n\n\n\n<h2 class=\"wp-block-heading\">Manuelinik im Christuskloster von Tomar<\/h2>\n\n\n\n<p>Das kunsthistorische Kronjuwel der portugiesischen Architektur-Epochen steht in Tomar. Die 1983 zum Weltkulturerbe erhobene Christusritterburg mit Kloster Convento do Cristo und einstige Templerburg Portugals ist \u00fcber 850 Jahre alt. S\u00e4mtliche Burgherren haben sich mit einer Bauerweiterung der Festung ein eigenes Andenken gesetzt.<\/p>\n<p>Die st\u00e4ndige Ver\u00e4nderung der Bastion f\u00fchrte zu einem imposanten bauhistorischen Mosaik auf einer Gesamtfl\u00e4che von \u00fcber 50.000 Quadratmeter. In etlichen Kreuzg\u00e4ngen breiten sich romanische, gotische, barocke sowie Stilelemente aus der Renaissance aus, aber vor allem die weltweit einzigartige Manuelinik-Architektur. Kraken-Tentakel und Schiffstaue st\u00fctzen Gew\u00f6lbe, Kuppeln, Spitz- oder Hufeisenb\u00f6gen.<\/p>\n<p>Korallen wachsen aus Ma\u00dfwerk und Arkaden. L\u00f6wen, Elefanten, Kamele, Antilopen stolzieren \u00fcber S\u00e4ulen, Fabelwesen schauen von den Kapitellen herab. Bl\u00fcten, Bl\u00e4tter, Fruchtst\u00e4nde, symbolisieren den Paradiesgarten. Am ber\u00fchmtesten Fenster Portugals, an der Fassade der Klosterkirche, vereinigen sich sogar s\u00e4mtliche Hauptelemente des kunstgeschichtlichen Weltkulturerbes und nach K\u00f6nig D. Manuel I. benannten Kunststils.<\/p>\n<p>Gekr\u00f6nt vom Ordenskreuz der Christusritter, darunter das Wappen der K\u00f6nigsfamilie mit Krone, links und rechts die Armillarsph\u00e4re, oben aufgesetzt die g\u00f6ttliche Fackel mit ewigem Licht und Seilschlingen mit Bojen schm\u00fccken das Fenster. Rechts daneben w\u00e4chst ein zum Schiffstau stilisierter Pfeiler empor, dessen steinerne Schn\u00fcre symbolisch f\u00fcr den imperialistischen H\u00f6hepunkt in der Entdeckerepoche Portugals mit dem G\u00fcrtel des K\u00f6nigs zusammengehalten werden.<\/p>\n\n\n\n<div class=\"wp-block-jetpack-tiled-gallery aligncenter is-style-rectangular\"><div class=\"tiled-gallery__gallery\"><div class=\"tiled-gallery__row\"><div class=\"tiled-gallery__col\" style=\"flex-basis:50.00000%\"><figure class=\"tiled-gallery__item\"><img decoding=\"async\" alt=\"Der G\u00fcrtel TOMAR\" data-height=\"1000\" data-id=\"17801\" data-link=\"https:\/\/blog.olimar.de\/der-guertel-d-manuel-i-tomar-cgp\/\" data-url=\"https:\/\/blog.olimar.de\/wp-content\/uploads\/2021\/12\/Der-Guertel-D.-Manuel-I-TOMAR-CGP.jpg\" data-width=\"562\" src=\"https:\/\/i1.wp.com\/blog.olimar.de\/wp-content\/uploads\/2021\/12\/Der-Guertel-D.-Manuel-I-TOMAR-CGP.jpg?ssl=1\" data-amp-layout=\"responsive\"\/><\/figure><\/div><div class=\"tiled-gallery__col\" style=\"flex-basis:50.00000%\"><figure class=\"tiled-gallery__item\"><img decoding=\"async\" alt=\"Das br\u00fchmteste Fenster Portugals TOMAR\" data-height=\"1000\" data-id=\"17803\" data-link=\"https:\/\/blog.olimar.de\/das-beruehmteste-fenster-portugals-tomar-cgp\/\" data-url=\"https:\/\/blog.olimar.de\/wp-content\/uploads\/2021\/12\/Das-beruehmteste-Fenster-Portugals-TOMAR-CGP.jpg\" data-width=\"562\" src=\"https:\/\/i0.wp.com\/blog.olimar.de\/wp-content\/uploads\/2021\/12\/Das-beruehmteste-Fenster-Portugals-TOMAR-CGP.jpg?ssl=1\" data-amp-layout=\"responsive\"\/><\/figure><\/div><\/div><\/div><\/div>\n\n\n\n<h2 class=\"wp-block-heading\">Hieronymuskloster in Lissabon<\/h2>\n\n\n\n<p>Ein imposantes, wenn nicht das imposanteste Werk der Manuelinik steht in <a href=\"https:\/\/www.olimar.de\/portugal\/metropolen\/lissabon\/\">Lissabon<\/a>: das Mosteiro dos Jer\u00f3nimos (auch Mosteiro de Bel\u00e9m). Hier kommen steinreiche Bildhauer-Symphonie mit erg\u00f6tzender Ikonografie zusammen. Es ist das nachhaltigste Erbe des gl\u00fccklichen K\u00f6nigs, der gleichzeitig Entdeckergeschichte und Kunstgeschichte geschrieben hat.<\/p>\n\n\n\n<figure class=\"wp-block-image size-full is-resized\"><img loading=\"lazy\" decoding=\"async\" src=\"https:\/\/blog.olimar.de\/wp-content\/uploads\/2021\/12\/3-Masswerk-Kreuzgang-Mosteiro-dos-Jeronimos-Lissabon-CGP.jpg\" alt=\"Kreuzgang Mosteiro dos Jer\u00f3nimos \" class=\"wp-image-17798\" width=\"563\" height=\"750\" srcset=\"https:\/\/blog.olimar.de\/wp-content\/uploads\/2021\/12\/3-Masswerk-Kreuzgang-Mosteiro-dos-Jeronimos-Lissabon-CGP.jpg 750w, https:\/\/blog.olimar.de\/wp-content\/uploads\/2021\/12\/3-Masswerk-Kreuzgang-Mosteiro-dos-Jeronimos-Lissabon-CGP-225x300.jpg 225w, https:\/\/blog.olimar.de\/wp-content\/uploads\/2021\/12\/3-Masswerk-Kreuzgang-Mosteiro-dos-Jeronimos-Lissabon-CGP-420x560.jpg 420w\" sizes=\"auto, (max-width: 563px) 100vw, 563px\" \/><figcaption class=\"wp-element-caption\">Kreuzgang Mosteiro dos Jer\u00f3nimos  <\/figcaption><\/figure>\n\n\n\n<h2 class=\"wp-block-heading\">OLIMAR Tipp<\/h2>\n\n\n\n<p>Bei einer Reise in die Vergangenheit auf der sich zahlreiche architektonische Meisterwerke bewundern lassen, geht selbstverst\u00e4ndlich nichts \u00fcber eine gute Unterkunft, in der man sich am Abend von den Rundg\u00e4ngen in der Stadt erholen kann.<\/p>\n<p>Daf\u00fcr empfehlen wir das <a href=\"https:\/\/rms.olimar.de\/code\/LIS124\" rel=\"noopener\">HOTEL MUNDIAL<\/a> direkt im Herzen der Stadt zwischen den Pl\u00e4tzen Pra\u00e7a Martim Moniz und Pra\u00e7a da Figueira. Fu\u00dfl\u00e4ufig von hier lassen sich zudem viele weitere Attraktionen Lissabons erkunden und das Restaurant Varanda de Lisboa verw\u00f6hnt seine G\u00e4ste mit erstklassiger K\u00fcche und herrlicher Aussicht \u00fcber die Altstadtd\u00e4cher.<\/p>\n<p>Au\u00dferdem bietet sich das <a href=\"https:\/\/rms.olimar.de\/code\/LIS154\" rel=\"noopener\">HF FENIX URBAN<\/a> in unmittelbarer N\u00e4he zu Lissabons prachtvoller Einkaufsstra\u00dfe Avenida da Liberdade sowie dem gr\u00f6\u00dften Stadtpark Eduardo VII an.<\/p>\n\n\n\n<div class=\"wp-block-buttons is-layout-flex wp-block-buttons-is-layout-flex\">\n<div class=\"wp-block-button\"><a class=\"wp-block-button__link wp-element-button\" href=\"https:\/\/www.olimar.de\/hotellistung\/\">Jetzt Urlaubsangebote finden und buchen <\/a><\/div>\n<\/div>\n\n\n\n<div style=\"height:100px\" aria-hidden=\"true\" class=\"wp-block-spacer\"><\/div>\n","protected":false},"excerpt":{"rendered":"<p>Die W\u00e4nde in Portugals Heiligt\u00fcmern sprechen eine ganz eigene Sprache, eine, die jeder Mensch mit den Augen und Fingern verstehen kann: die Manuelinik. Im sp\u00e4ten Mittelalter konnten Matrosen weder lesen noch schreiben, beobachten konnten sie daf\u00fcr sehr gut und merkten sich alles, was sie auf Gro\u00dfer Fahrt \u00fcber die Weltmeere und ferne L\u00e4nder gesehen, geh\u00f6rt, geschmeckt, geschnuppert und erlebt haben. Heimgekehrt zu ihren Familien ging es am Abend in die Taverne. Dort wartete bereits die gesamte Nachbarschaft neugierig auf Geschichten aus dem Orient, vom Amazonas, aus der W\u00fcste, von den Mohren und aus dem exotischen Japan und China. Ein Schoppen Wein &hellip;<\/p>\n","protected":false},"author":70,"featured_media":17834,"comment_status":"open","ping_status":"open","sticky":false,"template":"","format":"standard","meta":{"_crdt_document":"","_lmt_disableupdate":"","_lmt_disable":"","footnotes":""},"categories":[28],"tags":[245,246,217,34,20],"class_list":["post-17786","post","type-post","status-publish","format-standard","has-post-thumbnail","hentry","category-kunst-kultur","tag-architektur","tag-geschichte","tag-kunst-und-kultur","tag-portugal","tag-slider"],"yoast_head":"<!-- This site is optimized with the Yoast SEO plugin v26.9 - https:\/\/yoast.com\/product\/yoast-seo-wordpress\/ -->\n<title>Von der Gotik zur Manuelinik: Portugiesische Kronjuwelen der Architektur<\/title>\n<meta name=\"description\" content=\"Die Manuelinik spricht eine ganz eigene Sprache, eine, die jeder Mensch mit den Augen und Fingern verstehen kann.\" \/>\n<meta name=\"robots\" content=\"index, follow, max-snippet:-1, max-image-preview:large, max-video-preview:-1\" \/>\n<link rel=\"canonical\" href=\"https:\/\/blog.olimar.de\/manuelinik\/\" \/>\n<meta property=\"og:locale\" content=\"de_DE\" \/>\n<meta property=\"og:type\" content=\"article\" \/>\n<meta property=\"og:title\" content=\"Von der Gotik zur Manuelinik: Portugiesische Kronjuwelen der Architektur\" \/>\n<meta property=\"og:description\" content=\"Die Manuelinik spricht eine ganz eigene Sprache, eine, die jeder Mensch mit den Augen und Fingern verstehen kann.\" \/>\n<meta property=\"og:url\" content=\"https:\/\/blog.olimar.de\/manuelinik\/\" \/>\n<meta property=\"article:publisher\" content=\"https:\/\/www.facebook.com\/OlimarReisen\" \/>\n<meta property=\"article:published_time\" content=\"2021-12-08T12:23:25+00:00\" \/>\n<meta property=\"article:modified_time\" content=\"2022-12-17T08:37:03+00:00\" \/>\n<meta property=\"og:image\" content=\"https:\/\/blog.olimar.de\/wp-content\/uploads\/2021\/12\/15-Manuelinisches-Detail-Mosteiro-dos-Jeronimos-Lissabon-CGP-1-scaled.jpg\" \/>\n\t<meta property=\"og:image:width\" content=\"2560\" \/>\n\t<meta property=\"og:image:height\" content=\"1920\" \/>\n\t<meta property=\"og:image:type\" content=\"image\/jpeg\" \/>\n<meta name=\"author\" content=\"Catrin Ponciano\" \/>\n<meta name=\"twitter:label1\" content=\"Verfasst von\" \/>\n\t<meta name=\"twitter:data1\" content=\"Catrin Ponciano\" \/>\n\t<meta name=\"twitter:label2\" content=\"Gesch\u00e4tzte Lesezeit\" \/>\n\t<meta name=\"twitter:data2\" content=\"8\u00a0Minuten\" \/>\n<script type=\"application\/ld+json\" class=\"yoast-schema-graph\">{\"@context\":\"https:\/\/schema.org\",\"@graph\":[{\"@type\":\"WebPage\",\"@id\":\"https:\/\/blog.olimar.de\/manuelinik\/\",\"url\":\"https:\/\/blog.olimar.de\/manuelinik\/\",\"name\":\"Von der Gotik zur Manuelinik: Portugiesische Kronjuwelen der Architektur\",\"isPartOf\":{\"@id\":\"https:\/\/blog.olimar.de\/#website\"},\"primaryImageOfPage\":{\"@id\":\"https:\/\/blog.olimar.de\/manuelinik\/#primaryimage\"},\"image\":{\"@id\":\"https:\/\/blog.olimar.de\/manuelinik\/#primaryimage\"},\"thumbnailUrl\":\"https:\/\/blog.olimar.de\/wp-content\/uploads\/2021\/12\/15-Manuelinisches-Detail-Mosteiro-dos-Jeronimos-Lissabon-CGP-1-scaled.jpg\",\"datePublished\":\"2021-12-08T12:23:25+00:00\",\"dateModified\":\"2022-12-17T08:37:03+00:00\",\"description\":\"Die Manuelinik spricht eine ganz eigene Sprache, eine, die jeder Mensch mit den Augen und Fingern verstehen kann.\",\"breadcrumb\":{\"@id\":\"https:\/\/blog.olimar.de\/manuelinik\/#breadcrumb\"},\"inLanguage\":\"de\",\"potentialAction\":[{\"@type\":\"ReadAction\",\"target\":[\"https:\/\/blog.olimar.de\/manuelinik\/\"]}]},{\"@type\":\"ImageObject\",\"inLanguage\":\"de\",\"@id\":\"https:\/\/blog.olimar.de\/manuelinik\/#primaryimage\",\"url\":\"https:\/\/blog.olimar.de\/wp-content\/uploads\/2021\/12\/15-Manuelinisches-Detail-Mosteiro-dos-Jeronimos-Lissabon-CGP-1-scaled.jpg\",\"contentUrl\":\"https:\/\/blog.olimar.de\/wp-content\/uploads\/2021\/12\/15-Manuelinisches-Detail-Mosteiro-dos-Jeronimos-Lissabon-CGP-1-scaled.jpg\",\"width\":2560,\"height\":1920,\"caption\":\"Mosteiro dos Jer\u00f3nimos\"},{\"@type\":\"BreadcrumbList\",\"@id\":\"https:\/\/blog.olimar.de\/manuelinik\/#breadcrumb\",\"itemListElement\":[{\"@type\":\"ListItem\",\"position\":1,\"name\":\"Home\",\"item\":\"https:\/\/blog.olimar.de\/\"},{\"@type\":\"ListItem\",\"position\":2,\"name\":\"Architektur\",\"item\":\"https:\/\/blog.olimar.de\/tag\/architektur\/\"},{\"@type\":\"ListItem\",\"position\":3,\"name\":\"Von der Gotik zur Manuelinik: Portugiesische Kronjuwelen der Architektur\"}]},{\"@type\":\"WebSite\",\"@id\":\"https:\/\/blog.olimar.de\/#website\",\"url\":\"https:\/\/blog.olimar.de\/\",\"name\":\"OLIMAR.com\",\"description\":\"\",\"publisher\":{\"@id\":\"https:\/\/blog.olimar.de\/#organization\"},\"potentialAction\":[{\"@type\":\"SearchAction\",\"target\":{\"@type\":\"EntryPoint\",\"urlTemplate\":\"https:\/\/blog.olimar.de\/?s={search_term_string}\"},\"query-input\":{\"@type\":\"PropertyValueSpecification\",\"valueRequired\":true,\"valueName\":\"search_term_string\"}}],\"inLanguage\":\"de\"},{\"@type\":\"Organization\",\"@id\":\"https:\/\/blog.olimar.de\/#organization\",\"name\":\"OLIMAR Reisen\",\"url\":\"https:\/\/blog.olimar.de\/\",\"logo\":{\"@type\":\"ImageObject\",\"inLanguage\":\"de\",\"@id\":\"https:\/\/blog.olimar.de\/#\/schema\/logo\/image\/\",\"url\":\"https:\/\/blog.olimar.de\/wp-content\/uploads\/2021\/01\/OLIMAR_Logo_COLOR.png\",\"contentUrl\":\"https:\/\/blog.olimar.de\/wp-content\/uploads\/2021\/01\/OLIMAR_Logo_COLOR.png\",\"width\":2000,\"height\":986,\"caption\":\"OLIMAR Reisen\"},\"image\":{\"@id\":\"https:\/\/blog.olimar.de\/#\/schema\/logo\/image\/\"},\"sameAs\":[\"https:\/\/www.facebook.com\/OlimarReisen\",\"https:\/\/x.com\/olimarrreisen\",\"https:\/\/www.instagram.com\/olimarreisen\",\"https:\/\/www.youtube.com\/user\/olimarreisen\"]}]}<\/script>\n<!-- \/ Yoast SEO plugin. -->","yoast_head_json":{"title":"Von der Gotik zur Manuelinik: Portugiesische Kronjuwelen der Architektur","description":"Die Manuelinik spricht eine ganz eigene Sprache, eine, die jeder Mensch mit den Augen und Fingern verstehen kann.","robots":{"index":"index","follow":"follow","max-snippet":"max-snippet:-1","max-image-preview":"max-image-preview:large","max-video-preview":"max-video-preview:-1"},"canonical":"https:\/\/blog.olimar.de\/manuelinik\/","og_locale":"de_DE","og_type":"article","og_title":"Von der Gotik zur Manuelinik: Portugiesische Kronjuwelen der Architektur","og_description":"Die Manuelinik spricht eine ganz eigene Sprache, eine, die jeder Mensch mit den Augen und Fingern verstehen kann.","og_url":"https:\/\/blog.olimar.de\/manuelinik\/","article_publisher":"https:\/\/www.facebook.com\/OlimarReisen","article_published_time":"2021-12-08T12:23:25+00:00","article_modified_time":"2022-12-17T08:37:03+00:00","og_image":[{"width":2560,"height":1920,"url":"https:\/\/blog.olimar.de\/wp-content\/uploads\/2021\/12\/15-Manuelinisches-Detail-Mosteiro-dos-Jeronimos-Lissabon-CGP-1-scaled.jpg","type":"image\/jpeg"}],"author":"Catrin Ponciano","twitter_misc":{"Verfasst von":"Catrin Ponciano","Gesch\u00e4tzte Lesezeit":"8\u00a0Minuten"},"schema":{"@context":"https:\/\/schema.org","@graph":[{"@type":"WebPage","@id":"https:\/\/blog.olimar.de\/manuelinik\/","url":"https:\/\/blog.olimar.de\/manuelinik\/","name":"Von der Gotik zur Manuelinik: Portugiesische Kronjuwelen der Architektur","isPartOf":{"@id":"https:\/\/blog.olimar.de\/#website"},"primaryImageOfPage":{"@id":"https:\/\/blog.olimar.de\/manuelinik\/#primaryimage"},"image":{"@id":"https:\/\/blog.olimar.de\/manuelinik\/#primaryimage"},"thumbnailUrl":"https:\/\/blog.olimar.de\/wp-content\/uploads\/2021\/12\/15-Manuelinisches-Detail-Mosteiro-dos-Jeronimos-Lissabon-CGP-1-scaled.jpg","datePublished":"2021-12-08T12:23:25+00:00","dateModified":"2022-12-17T08:37:03+00:00","description":"Die Manuelinik spricht eine ganz eigene Sprache, eine, die jeder Mensch mit den Augen und Fingern verstehen kann.","breadcrumb":{"@id":"https:\/\/blog.olimar.de\/manuelinik\/#breadcrumb"},"inLanguage":"de","potentialAction":[{"@type":"ReadAction","target":["https:\/\/blog.olimar.de\/manuelinik\/"]}]},{"@type":"ImageObject","inLanguage":"de","@id":"https:\/\/blog.olimar.de\/manuelinik\/#primaryimage","url":"https:\/\/blog.olimar.de\/wp-content\/uploads\/2021\/12\/15-Manuelinisches-Detail-Mosteiro-dos-Jeronimos-Lissabon-CGP-1-scaled.jpg","contentUrl":"https:\/\/blog.olimar.de\/wp-content\/uploads\/2021\/12\/15-Manuelinisches-Detail-Mosteiro-dos-Jeronimos-Lissabon-CGP-1-scaled.jpg","width":2560,"height":1920,"caption":"Mosteiro dos Jer\u00f3nimos"},{"@type":"BreadcrumbList","@id":"https:\/\/blog.olimar.de\/manuelinik\/#breadcrumb","itemListElement":[{"@type":"ListItem","position":1,"name":"Home","item":"https:\/\/blog.olimar.de\/"},{"@type":"ListItem","position":2,"name":"Architektur","item":"https:\/\/blog.olimar.de\/tag\/architektur\/"},{"@type":"ListItem","position":3,"name":"Von der Gotik zur Manuelinik: Portugiesische Kronjuwelen der Architektur"}]},{"@type":"WebSite","@id":"https:\/\/blog.olimar.de\/#website","url":"https:\/\/blog.olimar.de\/","name":"OLIMAR.com","description":"","publisher":{"@id":"https:\/\/blog.olimar.de\/#organization"},"potentialAction":[{"@type":"SearchAction","target":{"@type":"EntryPoint","urlTemplate":"https:\/\/blog.olimar.de\/?s={search_term_string}"},"query-input":{"@type":"PropertyValueSpecification","valueRequired":true,"valueName":"search_term_string"}}],"inLanguage":"de"},{"@type":"Organization","@id":"https:\/\/blog.olimar.de\/#organization","name":"OLIMAR Reisen","url":"https:\/\/blog.olimar.de\/","logo":{"@type":"ImageObject","inLanguage":"de","@id":"https:\/\/blog.olimar.de\/#\/schema\/logo\/image\/","url":"https:\/\/blog.olimar.de\/wp-content\/uploads\/2021\/01\/OLIMAR_Logo_COLOR.png","contentUrl":"https:\/\/blog.olimar.de\/wp-content\/uploads\/2021\/01\/OLIMAR_Logo_COLOR.png","width":2000,"height":986,"caption":"OLIMAR Reisen"},"image":{"@id":"https:\/\/blog.olimar.de\/#\/schema\/logo\/image\/"},"sameAs":["https:\/\/www.facebook.com\/OlimarReisen","https:\/\/x.com\/olimarrreisen","https:\/\/www.instagram.com\/olimarreisen","https:\/\/www.youtube.com\/user\/olimarreisen"]}]}},"modified_by":"Lena Radermacher","jetpack_featured_media_url":"https:\/\/blog.olimar.de\/wp-content\/uploads\/2021\/12\/15-Manuelinisches-Detail-Mosteiro-dos-Jeronimos-Lissabon-CGP-1-scaled.jpg","_links":{"self":[{"href":"https:\/\/blog.olimar.de\/wp-json\/wp\/v2\/posts\/17786","targetHints":{"allow":["GET"]}}],"collection":[{"href":"https:\/\/blog.olimar.de\/wp-json\/wp\/v2\/posts"}],"about":[{"href":"https:\/\/blog.olimar.de\/wp-json\/wp\/v2\/types\/post"}],"author":[{"embeddable":true,"href":"https:\/\/blog.olimar.de\/wp-json\/wp\/v2\/users\/70"}],"replies":[{"embeddable":true,"href":"https:\/\/blog.olimar.de\/wp-json\/wp\/v2\/comments?post=17786"}],"version-history":[{"count":14,"href":"https:\/\/blog.olimar.de\/wp-json\/wp\/v2\/posts\/17786\/revisions"}],"predecessor-version":[{"id":22248,"href":"https:\/\/blog.olimar.de\/wp-json\/wp\/v2\/posts\/17786\/revisions\/22248"}],"wp:featuredmedia":[{"embeddable":true,"href":"https:\/\/blog.olimar.de\/wp-json\/wp\/v2\/media\/17834"}],"wp:attachment":[{"href":"https:\/\/blog.olimar.de\/wp-json\/wp\/v2\/media?parent=17786"}],"wp:term":[{"taxonomy":"category","embeddable":true,"href":"https:\/\/blog.olimar.de\/wp-json\/wp\/v2\/categories?post=17786"},{"taxonomy":"post_tag","embeddable":true,"href":"https:\/\/blog.olimar.de\/wp-json\/wp\/v2\/tags?post=17786"}],"curies":[{"name":"wp","href":"https:\/\/api.w.org\/{rel}","templated":true}]}}