{"id":17816,"date":"2021-12-13T10:26:10","date_gmt":"2021-12-13T09:26:10","guid":{"rendered":"https:\/\/blog.olimar.de\/?p=17816"},"modified":"2024-02-28T14:07:11","modified_gmt":"2024-02-28T13:07:11","slug":"passadicos","status":"publish","type":"post","link":"https:\/\/blog.olimar.de\/passadicos\/","title":{"rendered":"Passadi\u00e7os in Portugal: Der h\u00f6lzerne Boom"},"content":{"rendered":"\n<p><strong>Am Rand steiler Klippen und Schluchten, \u00fcber D\u00fcnen an endlosen Str\u00e4nden, durch verwunschene Berg- und Tallandschaften: Der neueste Outdoor-Trend in <a href=\"https:\/\/www.olimar.de\/portugal\/\">Portugal<\/a> erschlie\u00dft auf Passadi\u00e7os, Holzbohlenwegen, einige der faszinierendsten Naturr\u00e4ume des Landes. Und das eben nicht nur <a href=\"https:\/\/www.olimar.de\/aktivurlaub\/wanderreisen\/\">Wanderern<\/a>, sondern einem breiten Publikum.<\/strong><\/p>\n\n\n\n<div class=\"wp-block-buttons is-layout-flex wp-block-buttons-is-layout-flex\">\n<div class=\"wp-block-button\"><a class=\"wp-block-button__link wp-element-button\" href=\"https:\/\/www.olimar.de\/portugal\/\">Portugal Reiseangebote und Hoteltipps entdecken<\/a><\/div>\n<\/div>\n\n\n\n<div style=\"height:25px\" aria-hidden=\"true\" class=\"wp-block-spacer\"><\/div>\n\n\n\n<p>Den UNESCO Global Geopark Arouca in der wildromantischen Bergwelt der <strong>Serra da Freita<\/strong>, rund 75 km s\u00fcd\u00f6stlich von <a href=\"https:\/\/www.olimar.de\/portugal\/metropolen\/porto\/\">Porto<\/a>, hatten bis 2015 auch eingefleischte Portugal-Liebhabende nicht auf dem Schirm. 41 Geofundorte mit seltenen Erscheinungen wie<strong> \u00bbgeb\u00e4renden Steinen\u00ab und Riesentrilobiten<\/strong> sind bemerkenswert, aber kein Touristenmagnet. Das \u00e4nderte sich mit den <a href=\"http:\/\/www.passadicosdopaiva.pt\/\">Passadi\u00e7os do Paiva<\/a>. Entlang der <strong>Steilschlucht des Rio Paiva<\/strong>, schuf man einen 8,7 km langen, spektakul\u00e4r in die Felskulisse installierten Holzweg, der sich teils im <strong>Zickzackkurs mit \u00fcber 1.000 Stufen<\/strong> aus den Tiefen zweier Flussstr\u00e4nde heraus- und wieder hinunterwindet. Die reine Gehzeit betr\u00e4gt 2,5 Stunden. Seit dem Fr\u00fchjahr 2021 ist die einmalige Szenerie um ein weiteres Highlight reicher: 175 m hoch \u00fcber dem Fluss \u00fcberspannt die st\u00e4hlerne <strong>Gangway der 516 Arouca<\/strong> die Schlucht. Diese gilt als die <strong>l\u00e4ngste Fu\u00dfg\u00e4nger-H\u00e4ngebr\u00fccke<\/strong> der Welt. Lies hierzu gerne auch unseren Artikel <a href=\"https:\/\/www.olimar.de\/blog\/516-arouca-unterwegs-auf-der-laengsten-fussgaenger-haengebruecke-der-welt\/\">516 Arouca: Unterwegs auf der l\u00e4ngsten Fu\u00dfg\u00e4nger-H\u00e4ngebr\u00fccke der Welt<\/a>.<\/p>\n\n\n\n<figure class=\"wp-block-image size-large is-resized\"><img loading=\"lazy\" decoding=\"async\" width=\"1024\" height=\"683\" src=\"https:\/\/blog.olimar.de\/wp-content\/uploads\/2021\/12\/PT-Norte-PassadicosdoPaiva2020A-c-TiagoMartins_1200x800-1024x683.jpg\" alt=\"Nordportugal Passadicos do Paiva\" class=\"wp-image-17820\" style=\"width:768px;height:512px\" srcset=\"https:\/\/blog.olimar.de\/wp-content\/uploads\/2021\/12\/PT-Norte-PassadicosdoPaiva2020A-c-TiagoMartins_1200x800-1024x683.jpg 1024w, https:\/\/blog.olimar.de\/wp-content\/uploads\/2021\/12\/PT-Norte-PassadicosdoPaiva2020A-c-TiagoMartins_1200x800-300x200.jpg 300w, https:\/\/blog.olimar.de\/wp-content\/uploads\/2021\/12\/PT-Norte-PassadicosdoPaiva2020A-c-TiagoMartins_1200x800-768x512.jpg 768w, https:\/\/blog.olimar.de\/wp-content\/uploads\/2021\/12\/PT-Norte-PassadicosdoPaiva2020A-c-TiagoMartins_1200x800-840x560.jpg 840w, https:\/\/blog.olimar.de\/wp-content\/uploads\/2021\/12\/PT-Norte-PassadicosdoPaiva2020A-c-TiagoMartins_1200x800.jpg 1200w\" sizes=\"auto, (max-width: 1024px) 100vw, 1024px\" \/><figcaption class=\"wp-element-caption\">Passadi\u00e7os do Paiva in Nordportugal<\/figcaption><\/figure>\n\n\n\n<h2>Passadi\u00e7os in Portugal &#8211; Wer hat\u2019s erfunden und wieso<\/h2>\n<p>Die <strong>Passadi\u00e7os do Paiva<\/strong> sind vielleicht die beeindruckendsten, aber nicht die ersten. Den Anfang machte in den 1980ern die Stadt <a href=\"https:\/\/www.olimar.de\/portugal\/die-mitte\/\">Aveiro<\/a>. Und das mit einem <strong>Holzbohlenweg im Naturschutzgebiet<\/strong> der D\u00fcnen von S\u00e3o Jacinto. Zum einen musste eine Feuchtzone der hiesigen Haff- und Lagunenlandschaft \u00fcberbr\u00fcckt werden. Zum anderen galt es zu verhindern, dass Hinz und Kunz auf ihrem Weg zum Strand querfeldein das empfindliche \u00d6kosystem zertrampeln. Nach und nach, vor allem ab der Jahrtausendwende, folgten viele St\u00e4dte und Gemeinden am Meer diesem Beispiel \u2013 auch, wenn es sich oft nur um kurze Strandzug\u00e4nge handelt.<\/p>\n\n\n\n<figure class=\"wp-block-image size-large is-resized\"><img loading=\"lazy\" decoding=\"async\" width=\"1024\" height=\"683\" src=\"https:\/\/blog.olimar.de\/wp-content\/uploads\/2021\/12\/PT-Centro_PassadicosdaFozdoArelho_01-c-JoaoPombeiro_1200x800-1024x683.jpg\" alt=\"Portugal Centro Passadicos da Foz do Arelho\" class=\"wp-image-17823\" style=\"width:768px;height:512px\" srcset=\"https:\/\/blog.olimar.de\/wp-content\/uploads\/2021\/12\/PT-Centro_PassadicosdaFozdoArelho_01-c-JoaoPombeiro_1200x800-1024x683.jpg 1024w, https:\/\/blog.olimar.de\/wp-content\/uploads\/2021\/12\/PT-Centro_PassadicosdaFozdoArelho_01-c-JoaoPombeiro_1200x800-300x200.jpg 300w, https:\/\/blog.olimar.de\/wp-content\/uploads\/2021\/12\/PT-Centro_PassadicosdaFozdoArelho_01-c-JoaoPombeiro_1200x800-768x512.jpg 768w, https:\/\/blog.olimar.de\/wp-content\/uploads\/2021\/12\/PT-Centro_PassadicosdaFozdoArelho_01-c-JoaoPombeiro_1200x800-840x560.jpg 840w, https:\/\/blog.olimar.de\/wp-content\/uploads\/2021\/12\/PT-Centro_PassadicosdaFozdoArelho_01-c-JoaoPombeiro_1200x800.jpg 1200w\" sizes=\"auto, (max-width: 1024px) 100vw, 1024px\" \/><figcaption class=\"wp-element-caption\">Passadi\u00e7os da Foz do Arelho in Mittelportugal<\/figcaption><\/figure>\n\n\n\n<p>Ein echtes Vorzeigeprojekt sind die von der <strong>Landschaftsarchitektin N\u00e1dia Schilling<\/strong> von 2012 bis 2014 gestalteten <strong>Passadi\u00e7os da Foz do Arelho<\/strong>. Die ohnehin erosionsgef\u00e4hrdete Felsk\u00fcste, n\u00f6rdlich des mittelportugiesischen Badeorts, wurde zuvor von Wohnmobilisten auf der Suche nach dem besten Sundowner-Stellplatz f\u00f6rmlich \u00fcberrollt. Heute \u00bbFu\u00dfg\u00e4ngerzone\u00ab, verbindet die teils kunstvoll in Spiralformen angelegte Konstruktion, sieben aussichtsreiche Plateaus. Zugleich sorgt dies f\u00fcr gen\u00fcgend Abstand zu Abbruchkanten und renaturierten Bereichen.<\/p>\n\n\n\n<figure class=\"wp-block-image size-large is-resized\"><img loading=\"lazy\" decoding=\"async\" width=\"1024\" height=\"724\" src=\"https:\/\/blog.olimar.de\/wp-content\/uploads\/2021\/12\/PT-Alentejo-PassadicosdoAlamal_01-c-ERTAlentejo_1200x849-1024x724.jpg\" alt=\"Alentejo Passadicos do Alamal\" class=\"wp-image-17821\" style=\"width:768px;height:543px\" srcset=\"https:\/\/blog.olimar.de\/wp-content\/uploads\/2021\/12\/PT-Alentejo-PassadicosdoAlamal_01-c-ERTAlentejo_1200x849-1024x724.jpg 1024w, https:\/\/blog.olimar.de\/wp-content\/uploads\/2021\/12\/PT-Alentejo-PassadicosdoAlamal_01-c-ERTAlentejo_1200x849-300x212.jpg 300w, https:\/\/blog.olimar.de\/wp-content\/uploads\/2021\/12\/PT-Alentejo-PassadicosdoAlamal_01-c-ERTAlentejo_1200x849-768x543.jpg 768w, https:\/\/blog.olimar.de\/wp-content\/uploads\/2021\/12\/PT-Alentejo-PassadicosdoAlamal_01-c-ERTAlentejo_1200x849.jpg 1200w\" sizes=\"auto, (max-width: 1024px) 100vw, 1024px\" \/><figcaption class=\"wp-element-caption\">Passadi\u00e7os do Alamal im Alentejo<\/figcaption><\/figure>\n\n\n\n<h2>Das ganze Land ist auf dem Holzweg<\/h2>\n<p>Im vergangenen Jahrzehnt erkannte man den enormen <strong>Freizeitwert dieser besonderen Spazierwege<\/strong>, die auch ohne Wanderschuhe und \u2013 die beiden Arouca-Attraktionen ausgenommen \u2013 kostenlos zug\u00e4nglich sind. Jedes Jahr wurden und werden<strong> neue Passadi\u00e7os er\u00f6ffnet<\/strong>, zunehmend im Hinterland. Aveiro ist heute regelrecht umzingelt von h\u00f6lzernen Routen, die auch Biker in ihren Bann ziehen.<\/p>\n\n\n\n<figure class=\"wp-block-image size-large is-resized\"><img loading=\"lazy\" decoding=\"async\" width=\"1024\" height=\"683\" src=\"https:\/\/blog.olimar.de\/wp-content\/uploads\/2021\/12\/PT-Centro-PassadicosdoPenedoFurado20-c-Camara_Municipal_de_Vila_de_Rei_1200x800-1024x683.jpg\" alt=\"Passadicos do Penedo Furado\" class=\"wp-image-17819\" style=\"width:768px;height:512px\" srcset=\"https:\/\/blog.olimar.de\/wp-content\/uploads\/2021\/12\/PT-Centro-PassadicosdoPenedoFurado20-c-Camara_Municipal_de_Vila_de_Rei_1200x800-1024x683.jpg 1024w, https:\/\/blog.olimar.de\/wp-content\/uploads\/2021\/12\/PT-Centro-PassadicosdoPenedoFurado20-c-Camara_Municipal_de_Vila_de_Rei_1200x800-300x200.jpg 300w, https:\/\/blog.olimar.de\/wp-content\/uploads\/2021\/12\/PT-Centro-PassadicosdoPenedoFurado20-c-Camara_Municipal_de_Vila_de_Rei_1200x800-768x512.jpg 768w, https:\/\/blog.olimar.de\/wp-content\/uploads\/2021\/12\/PT-Centro-PassadicosdoPenedoFurado20-c-Camara_Municipal_de_Vila_de_Rei_1200x800-840x560.jpg 840w, https:\/\/blog.olimar.de\/wp-content\/uploads\/2021\/12\/PT-Centro-PassadicosdoPenedoFurado20-c-Camara_Municipal_de_Vila_de_Rei_1200x800.jpg 1200w\" sizes=\"auto, (max-width: 1024px) 100vw, 1024px\" \/><figcaption class=\"wp-element-caption\">Passadi\u00e7os do Penedo Furado in Mittelportugal<\/figcaption><\/figure>\n\n\n\n<p>N\u00f6rdlich von <a href=\"https:\/\/www.olimar.de\/portugal\/metropolen\/porto\/\">Porto<\/a> f\u00fchrt einer der Portugiesischen Jakobswege, kilometerlang auf Holzbohlen am Atlantik entlang. Auf den<strong> Passadi\u00e7os das Fragas de S\u00e3o Sim\u00e3o<\/strong> s\u00fcdlich von Coimbra, l\u00e4uft man von einem pittoresken Schieferdorf durch M\u00e4rchenw\u00e4lder zu Wasserf\u00e4llen. Auf den 600 Meter kurzen, sogar beleuchteten <strong>Passadi\u00e7os do Carvoeiro<\/strong> hoch \u00fcber dem t\u00fcrkisfarbenen Meer der Algarve, geben sich gerne Jogger ein Stelldichein.<\/p>\n\n\n\n<h2>OLIMAR Tipp<\/h2>\n<p>F\u00fcr den <strong>perfekten Wanderurlaub<\/strong> oder einfach f\u00fcr alle, die gerne zwischendurch die Sch\u00f6nheit der portugiesischen Natur erleben wollen, haben wir einige passende Hotelempfehlungen. Unabh\u00e4ngigkeit ist Dir nicht nur beim Wandern wichtig? Dann ist das <a href=\"https:\/\/rms.olimar.de\/code\/LIS228?travelType=hotel&amp;tab=details\">HOTEL PRAIA D&#8217;EL REY &#8211; THE VILLAGE<\/a> genau das Richtige f\u00fcr Dich. Die erstklassig ausgestatteten Ferienwohnungen, Reihenh\u00e4user und Poolvillen des First-Class Hotels sind sehr ger\u00e4umig, elegant-zeitgem\u00e4\u00df gestaltet. Und das teils <strong>direkt am Strand<\/strong> gelegen. Die gr\u00fcne Sch\u00f6nheit Nordportugals l\u00e4sst sich \u00fcbrigens auch ausgezeichnet mit dem E-Bike erkunden.<\/p>\n<p>Daher m\u00f6chten wir Dir auch unsere<strong> Rundreise<\/strong> <a href=\"https:\/\/rms.olimar.de\/code\/OPOX88?travelType=roundtrip\">GR\u00dcNER WIRD\u00b4S NICHT<\/a> nicht vorenthalten. Ausgestattet mit allem n\u00f6tigen Zubeh\u00f6r, <strong>entdeckst Du mit E-Bikes<\/strong> der neuesten Generation, auf eigene Faust Portugals gr\u00f6\u00dften Nationalpark. Und auch die zauberhafte Minho-Region, die Atlantikk\u00fcste und nicht zuletzt die faszinierende Nordmetropole, Porto lassen sich gut erkunden.<\/p>\n<p>Wer sich nicht nur an der <strong>Natur<\/strong>, sondern auch an <strong>historischen Gem\u00e4uern<\/strong> erfreut, f\u00fcr den ist das <a href=\"https:\/\/rms.olimar.de\/code\/OPOS84?travelType=hotel&amp;tab=details\">HOTEL SOLAR SAMPAIO E MELO<\/a> wie geschaffen. Das aus dem 17. Jahrhundert stammende Herrenhaus liegt im historischen Zentrum des<strong> mittelalterlichen Dorfs Trancoso<\/strong>. Nach einer aufw\u00e4ndigen Restaurierung, wurde auch das Mobiliar des klassischen Stils der ehemals dort lebenden Familie mit modernen Elementen kombiniert und eine komfortable, elegante Atmosph\u00e4re geschaffen.<\/p>\n<p>Unser Fazit: Es ist alle Male eine Reise wert, um die Passadi\u00e7os in Portugal zu entdecken!!\u00a0<\/p>\n\n\n\n<div style=\"height:50px\" aria-hidden=\"true\" class=\"wp-block-spacer\"><\/div>\n\n\n\n<div class=\"wp-block-buttons is-layout-flex wp-block-buttons-is-layout-flex\">\n<div class=\"wp-block-button\"><a class=\"wp-block-button__link wp-element-button\" href=\"https:\/\/www.olimar.de\/hotellistung\/\">Jetzt Urlaubsangebote und Hoteltipps entdecken<\/a><\/div>\n<\/div>\n\n\n\n<div style=\"height:100px\" aria-hidden=\"true\" class=\"wp-block-spacer\"><\/div>\n","protected":false},"excerpt":{"rendered":"<p>Am Rand steiler Klippen und Schluchten, \u00fcber D\u00fcnen an endlosen Str\u00e4nden, durch verwunschene Berg- und Tallandschaften: Der neueste Outdoor-Trend in Portugal erschlie\u00dft auf Passadi\u00e7os, Holzbohlenwegen, einige der faszinierendsten Naturr\u00e4ume des Landes. Und das eben nicht nur Wanderern, sondern einem breiten Publikum.<\/p>\n","protected":false},"author":83,"featured_media":17821,"comment_status":"open","ping_status":"open","sticky":false,"template":"","format":"standard","meta":{"_crdt_document":"","_lmt_disableupdate":"","_lmt_disable":"","footnotes":""},"categories":[29,1],"tags":[210,172,34,20,205],"class_list":["post-17816","post","type-post","status-publish","format-standard","has-post-thumbnail","hentry","category-aktiv-natur","category-allgemein","tag-aktiv","tag-natur","tag-portugal","tag-slider","tag-wandern"],"yoast_head":"<!-- This site is optimized with the Yoast SEO plugin v26.9 - https:\/\/yoast.com\/product\/yoast-seo-wordpress\/ -->\n<title>Passadi\u00e7os in Portugal: Der H\u00f6lzerne Boom<\/title>\n<meta name=\"description\" content=\"Der neueste Trend in Portugal erschlie\u00dft auf Holzbohlenwegen - Passadi\u00e7os - einige der faszinierendsten Naturr\u00e4ume des Landes.\" \/>\n<meta name=\"robots\" content=\"index, follow, max-snippet:-1, max-image-preview:large, max-video-preview:-1\" \/>\n<link rel=\"canonical\" href=\"https:\/\/blog.olimar.de\/passadicos\/\" \/>\n<meta property=\"og:locale\" content=\"de_DE\" \/>\n<meta property=\"og:type\" content=\"article\" \/>\n<meta property=\"og:title\" content=\"Passadi\u00e7os in Portugal: Der H\u00f6lzerne Boom\" \/>\n<meta property=\"og:description\" content=\"Der neueste Trend in Portugal erschlie\u00dft auf Holzbohlenwegen - Passadi\u00e7os - einige der faszinierendsten Naturr\u00e4ume des Landes.\" \/>\n<meta property=\"og:url\" content=\"https:\/\/blog.olimar.de\/passadicos\/\" \/>\n<meta property=\"article:publisher\" content=\"https:\/\/www.facebook.com\/OlimarReisen\" \/>\n<meta property=\"article:published_time\" content=\"2021-12-13T09:26:10+00:00\" \/>\n<meta property=\"article:modified_time\" content=\"2024-02-28T13:07:11+00:00\" \/>\n<meta property=\"og:image\" content=\"https:\/\/blog.olimar.de\/wp-content\/uploads\/2021\/12\/PT-Alentejo-PassadicosdoAlamal_01-c-ERTAlentejo_1200x849.jpg\" \/>\n\t<meta property=\"og:image:width\" content=\"1200\" \/>\n\t<meta property=\"og:image:height\" content=\"849\" \/>\n\t<meta property=\"og:image:type\" content=\"image\/jpeg\" \/>\n<meta name=\"author\" content=\"Gustav Wittich\" \/>\n<meta name=\"twitter:label1\" content=\"Verfasst von\" \/>\n\t<meta name=\"twitter:data1\" content=\"Gustav Wittich\" \/>\n\t<meta name=\"twitter:label2\" content=\"Gesch\u00e4tzte Lesezeit\" \/>\n\t<meta name=\"twitter:data2\" content=\"5\u00a0Minuten\" \/>\n<script type=\"application\/ld+json\" class=\"yoast-schema-graph\">{\"@context\":\"https:\/\/schema.org\",\"@graph\":[{\"@type\":\"WebPage\",\"@id\":\"https:\/\/blog.olimar.de\/passadicos\/\",\"url\":\"https:\/\/blog.olimar.de\/passadicos\/\",\"name\":\"Passadi\u00e7os in Portugal: Der H\u00f6lzerne Boom\",\"isPartOf\":{\"@id\":\"https:\/\/blog.olimar.de\/#website\"},\"primaryImageOfPage\":{\"@id\":\"https:\/\/blog.olimar.de\/passadicos\/#primaryimage\"},\"image\":{\"@id\":\"https:\/\/blog.olimar.de\/passadicos\/#primaryimage\"},\"thumbnailUrl\":\"https:\/\/blog.olimar.de\/wp-content\/uploads\/2021\/12\/PT-Alentejo-PassadicosdoAlamal_01-c-ERTAlentejo_1200x849.jpg\",\"datePublished\":\"2021-12-13T09:26:10+00:00\",\"dateModified\":\"2024-02-28T13:07:11+00:00\",\"description\":\"Der neueste Trend in Portugal erschlie\u00dft auf Holzbohlenwegen - Passadi\u00e7os - einige der faszinierendsten Naturr\u00e4ume des Landes.\",\"breadcrumb\":{\"@id\":\"https:\/\/blog.olimar.de\/passadicos\/#breadcrumb\"},\"inLanguage\":\"de\",\"potentialAction\":[{\"@type\":\"ReadAction\",\"target\":[\"https:\/\/blog.olimar.de\/passadicos\/\"]}]},{\"@type\":\"ImageObject\",\"inLanguage\":\"de\",\"@id\":\"https:\/\/blog.olimar.de\/passadicos\/#primaryimage\",\"url\":\"https:\/\/blog.olimar.de\/wp-content\/uploads\/2021\/12\/PT-Alentejo-PassadicosdoAlamal_01-c-ERTAlentejo_1200x849.jpg\",\"contentUrl\":\"https:\/\/blog.olimar.de\/wp-content\/uploads\/2021\/12\/PT-Alentejo-PassadicosdoAlamal_01-c-ERTAlentejo_1200x849.jpg\",\"width\":1200,\"height\":849,\"caption\":\"Alentejo Passadicos do Alamal\"},{\"@type\":\"BreadcrumbList\",\"@id\":\"https:\/\/blog.olimar.de\/passadicos\/#breadcrumb\",\"itemListElement\":[{\"@type\":\"ListItem\",\"position\":1,\"name\":\"Home\",\"item\":\"https:\/\/blog.olimar.de\/\"},{\"@type\":\"ListItem\",\"position\":2,\"name\":\"Aktiv\",\"item\":\"https:\/\/blog.olimar.de\/tag\/aktiv\/\"},{\"@type\":\"ListItem\",\"position\":3,\"name\":\"Passadi\u00e7os in Portugal: Der h\u00f6lzerne Boom\"}]},{\"@type\":\"WebSite\",\"@id\":\"https:\/\/blog.olimar.de\/#website\",\"url\":\"https:\/\/blog.olimar.de\/\",\"name\":\"OLIMAR.com\",\"description\":\"\",\"publisher\":{\"@id\":\"https:\/\/blog.olimar.de\/#organization\"},\"potentialAction\":[{\"@type\":\"SearchAction\",\"target\":{\"@type\":\"EntryPoint\",\"urlTemplate\":\"https:\/\/blog.olimar.de\/?s={search_term_string}\"},\"query-input\":{\"@type\":\"PropertyValueSpecification\",\"valueRequired\":true,\"valueName\":\"search_term_string\"}}],\"inLanguage\":\"de\"},{\"@type\":\"Organization\",\"@id\":\"https:\/\/blog.olimar.de\/#organization\",\"name\":\"OLIMAR Reisen\",\"url\":\"https:\/\/blog.olimar.de\/\",\"logo\":{\"@type\":\"ImageObject\",\"inLanguage\":\"de\",\"@id\":\"https:\/\/blog.olimar.de\/#\/schema\/logo\/image\/\",\"url\":\"https:\/\/blog.olimar.de\/wp-content\/uploads\/2021\/01\/OLIMAR_Logo_COLOR.png\",\"contentUrl\":\"https:\/\/blog.olimar.de\/wp-content\/uploads\/2021\/01\/OLIMAR_Logo_COLOR.png\",\"width\":2000,\"height\":986,\"caption\":\"OLIMAR Reisen\"},\"image\":{\"@id\":\"https:\/\/blog.olimar.de\/#\/schema\/logo\/image\/\"},\"sameAs\":[\"https:\/\/www.facebook.com\/OlimarReisen\",\"https:\/\/x.com\/olimarrreisen\",\"https:\/\/www.instagram.com\/olimarreisen\",\"https:\/\/www.youtube.com\/user\/olimarreisen\"]}]}<\/script>\n<!-- \/ Yoast SEO plugin. -->","yoast_head_json":{"title":"Passadi\u00e7os in Portugal: Der H\u00f6lzerne Boom","description":"Der neueste Trend in Portugal erschlie\u00dft auf Holzbohlenwegen - Passadi\u00e7os - einige der faszinierendsten Naturr\u00e4ume des Landes.","robots":{"index":"index","follow":"follow","max-snippet":"max-snippet:-1","max-image-preview":"max-image-preview:large","max-video-preview":"max-video-preview:-1"},"canonical":"https:\/\/blog.olimar.de\/passadicos\/","og_locale":"de_DE","og_type":"article","og_title":"Passadi\u00e7os in Portugal: Der H\u00f6lzerne Boom","og_description":"Der neueste Trend in Portugal erschlie\u00dft auf Holzbohlenwegen - Passadi\u00e7os - einige der faszinierendsten Naturr\u00e4ume des Landes.","og_url":"https:\/\/blog.olimar.de\/passadicos\/","article_publisher":"https:\/\/www.facebook.com\/OlimarReisen","article_published_time":"2021-12-13T09:26:10+00:00","article_modified_time":"2024-02-28T13:07:11+00:00","og_image":[{"width":1200,"height":849,"url":"https:\/\/blog.olimar.de\/wp-content\/uploads\/2021\/12\/PT-Alentejo-PassadicosdoAlamal_01-c-ERTAlentejo_1200x849.jpg","type":"image\/jpeg"}],"author":"Gustav Wittich","twitter_misc":{"Verfasst von":"Gustav Wittich","Gesch\u00e4tzte Lesezeit":"5\u00a0Minuten"},"schema":{"@context":"https:\/\/schema.org","@graph":[{"@type":"WebPage","@id":"https:\/\/blog.olimar.de\/passadicos\/","url":"https:\/\/blog.olimar.de\/passadicos\/","name":"Passadi\u00e7os in Portugal: Der H\u00f6lzerne Boom","isPartOf":{"@id":"https:\/\/blog.olimar.de\/#website"},"primaryImageOfPage":{"@id":"https:\/\/blog.olimar.de\/passadicos\/#primaryimage"},"image":{"@id":"https:\/\/blog.olimar.de\/passadicos\/#primaryimage"},"thumbnailUrl":"https:\/\/blog.olimar.de\/wp-content\/uploads\/2021\/12\/PT-Alentejo-PassadicosdoAlamal_01-c-ERTAlentejo_1200x849.jpg","datePublished":"2021-12-13T09:26:10+00:00","dateModified":"2024-02-28T13:07:11+00:00","description":"Der neueste Trend in Portugal erschlie\u00dft auf Holzbohlenwegen - Passadi\u00e7os - einige der faszinierendsten Naturr\u00e4ume des Landes.","breadcrumb":{"@id":"https:\/\/blog.olimar.de\/passadicos\/#breadcrumb"},"inLanguage":"de","potentialAction":[{"@type":"ReadAction","target":["https:\/\/blog.olimar.de\/passadicos\/"]}]},{"@type":"ImageObject","inLanguage":"de","@id":"https:\/\/blog.olimar.de\/passadicos\/#primaryimage","url":"https:\/\/blog.olimar.de\/wp-content\/uploads\/2021\/12\/PT-Alentejo-PassadicosdoAlamal_01-c-ERTAlentejo_1200x849.jpg","contentUrl":"https:\/\/blog.olimar.de\/wp-content\/uploads\/2021\/12\/PT-Alentejo-PassadicosdoAlamal_01-c-ERTAlentejo_1200x849.jpg","width":1200,"height":849,"caption":"Alentejo Passadicos do Alamal"},{"@type":"BreadcrumbList","@id":"https:\/\/blog.olimar.de\/passadicos\/#breadcrumb","itemListElement":[{"@type":"ListItem","position":1,"name":"Home","item":"https:\/\/blog.olimar.de\/"},{"@type":"ListItem","position":2,"name":"Aktiv","item":"https:\/\/blog.olimar.de\/tag\/aktiv\/"},{"@type":"ListItem","position":3,"name":"Passadi\u00e7os in Portugal: Der h\u00f6lzerne Boom"}]},{"@type":"WebSite","@id":"https:\/\/blog.olimar.de\/#website","url":"https:\/\/blog.olimar.de\/","name":"OLIMAR.com","description":"","publisher":{"@id":"https:\/\/blog.olimar.de\/#organization"},"potentialAction":[{"@type":"SearchAction","target":{"@type":"EntryPoint","urlTemplate":"https:\/\/blog.olimar.de\/?s={search_term_string}"},"query-input":{"@type":"PropertyValueSpecification","valueRequired":true,"valueName":"search_term_string"}}],"inLanguage":"de"},{"@type":"Organization","@id":"https:\/\/blog.olimar.de\/#organization","name":"OLIMAR Reisen","url":"https:\/\/blog.olimar.de\/","logo":{"@type":"ImageObject","inLanguage":"de","@id":"https:\/\/blog.olimar.de\/#\/schema\/logo\/image\/","url":"https:\/\/blog.olimar.de\/wp-content\/uploads\/2021\/01\/OLIMAR_Logo_COLOR.png","contentUrl":"https:\/\/blog.olimar.de\/wp-content\/uploads\/2021\/01\/OLIMAR_Logo_COLOR.png","width":2000,"height":986,"caption":"OLIMAR Reisen"},"image":{"@id":"https:\/\/blog.olimar.de\/#\/schema\/logo\/image\/"},"sameAs":["https:\/\/www.facebook.com\/OlimarReisen","https:\/\/x.com\/olimarrreisen","https:\/\/www.instagram.com\/olimarreisen","https:\/\/www.youtube.com\/user\/olimarreisen"]}]}},"modified_by":"Wiebke Fix","jetpack_featured_media_url":"https:\/\/blog.olimar.de\/wp-content\/uploads\/2021\/12\/PT-Alentejo-PassadicosdoAlamal_01-c-ERTAlentejo_1200x849.jpg","_links":{"self":[{"href":"https:\/\/blog.olimar.de\/wp-json\/wp\/v2\/posts\/17816","targetHints":{"allow":["GET"]}}],"collection":[{"href":"https:\/\/blog.olimar.de\/wp-json\/wp\/v2\/posts"}],"about":[{"href":"https:\/\/blog.olimar.de\/wp-json\/wp\/v2\/types\/post"}],"author":[{"embeddable":true,"href":"https:\/\/blog.olimar.de\/wp-json\/wp\/v2\/users\/83"}],"replies":[{"embeddable":true,"href":"https:\/\/blog.olimar.de\/wp-json\/wp\/v2\/comments?post=17816"}],"version-history":[{"count":20,"href":"https:\/\/blog.olimar.de\/wp-json\/wp\/v2\/posts\/17816\/revisions"}],"predecessor-version":[{"id":27442,"href":"https:\/\/blog.olimar.de\/wp-json\/wp\/v2\/posts\/17816\/revisions\/27442"}],"wp:featuredmedia":[{"embeddable":true,"href":"https:\/\/blog.olimar.de\/wp-json\/wp\/v2\/media\/17821"}],"wp:attachment":[{"href":"https:\/\/blog.olimar.de\/wp-json\/wp\/v2\/media?parent=17816"}],"wp:term":[{"taxonomy":"category","embeddable":true,"href":"https:\/\/blog.olimar.de\/wp-json\/wp\/v2\/categories?post=17816"},{"taxonomy":"post_tag","embeddable":true,"href":"https:\/\/blog.olimar.de\/wp-json\/wp\/v2\/tags?post=17816"}],"curies":[{"name":"wp","href":"https:\/\/api.w.org\/{rel}","templated":true}]}}