{"id":17842,"date":"2021-12-20T10:33:23","date_gmt":"2021-12-20T09:33:23","guid":{"rendered":"https:\/\/blog.olimar.de\/?p=17842"},"modified":"2023-02-28T11:37:53","modified_gmt":"2023-02-28T10:37:53","slug":"50-jahre-olimar-neuer-magalog-portugal","status":"publish","type":"post","link":"https:\/\/blog.olimar.de\/50-jahre-olimar-neuer-magalog-portugal\/","title":{"rendered":"50 Jahre OLIMAR Reisen: Wir feiern Jubil\u00e4um und pr\u00e4sentieren unseren neuen Magalog \u201eDas ist Portugal!\u201c"},"content":{"rendered":"\n<p><strong>Besondere Hotels, landestypische Unterk\u00fcnfte, individuelle Mietwagen-Rundreisen und Erlebnistouren.<\/strong><\/p>\n\n\n\n<p>P\u00fcnktlich zum Jubil\u00e4umsjahr in 2022 erscheint unser neuer Magalog \u201eDas ist Portugal!\u201c \u2013 eine Mischung aus Magazin und Katalog mit modernem und ansprechendem Design. Auf insgesamt 160 Seiten finden Sie ein Portugal-Programm mit einer qualitativ hochwertigen und sehr pers\u00f6nlichen Auswahl an Hotels, Ferienresorts, landestypischen Unterk\u00fcnften und Rundreisen sowie viele interessante Geschichten und Tipps, kurzweilige Stories und Erfahrungsberichte. Denn OLIMAR Reisen blickt auf 50 Jahre <a href=\"https:\/\/www.olimar.de\/portugal\/\" target=\"_blank\" rel=\"noopener\">Portugal<\/a> Know-how zur\u00fcck und feiert im kommenden Jahr einen runden Geburtstag. Das Komplettangebot finden Sie in Reiseb\u00fcros und auf olimar.de.<\/p>\n\n\n\n<figure class=\"wp-block-image size-large is-resized\"><img loading=\"lazy\" decoding=\"async\" src=\"https:\/\/blog.olimar.de\/wp-content\/uploads\/2021\/12\/Das-ist-Portugal-2022-50-Jahre-OLIMAR-Screen-1024x683.jpg\" alt=\"OLIMAR Portugal Magalog 2022\" class=\"wp-image-17852\" width=\"768\" height=\"512\" srcset=\"https:\/\/blog.olimar.de\/wp-content\/uploads\/2021\/12\/Das-ist-Portugal-2022-50-Jahre-OLIMAR-Screen-1024x683.jpg 1024w, https:\/\/blog.olimar.de\/wp-content\/uploads\/2021\/12\/Das-ist-Portugal-2022-50-Jahre-OLIMAR-Screen-300x200.jpg 300w, https:\/\/blog.olimar.de\/wp-content\/uploads\/2021\/12\/Das-ist-Portugal-2022-50-Jahre-OLIMAR-Screen-768x512.jpg 768w, https:\/\/blog.olimar.de\/wp-content\/uploads\/2021\/12\/Das-ist-Portugal-2022-50-Jahre-OLIMAR-Screen-1536x1024.jpg 1536w, https:\/\/blog.olimar.de\/wp-content\/uploads\/2021\/12\/Das-ist-Portugal-2022-50-Jahre-OLIMAR-Screen-2048x1366.jpg 2048w, https:\/\/blog.olimar.de\/wp-content\/uploads\/2021\/12\/Das-ist-Portugal-2022-50-Jahre-OLIMAR-Screen-840x560.jpg 840w, https:\/\/blog.olimar.de\/wp-content\/uploads\/2021\/12\/Das-ist-Portugal-2022-50-Jahre-OLIMAR-Screen-1200x800.jpg 1200w\" sizes=\"auto, (max-width: 768px) 100vw, 768px\" \/><\/figure>\n\n\n\n<h2 class=\"wp-block-heading\">Die Nummer 1 f\u00fcr Portugal \u2013 weiterhin das mit Abstand gr\u00f6\u00dfte und vielseitigste Angebot<\/h2>\n\n\n\n<p>Als L\u00e4nderspezialist Nummer 1 f\u00fcr Portugal organisieren wir seit 1972 Reisen in alle Regionen Portugals inklusive den Inseln <a href=\"https:\/\/www.olimar.de\/portugal\/madeira\/\">Madeira<\/a>, <a href=\"https:\/\/www.olimar.de\/portugal\/porto-santo\/\">Porto Santo<\/a> und <a href=\"https:\/\/www.olimar.de\/portugal\/azoren\/\">Azoren<\/a> \u2013 und bieten das umfangreichste Programm f\u00fcr das Land auf dem deutschsprachigen Reisemarkt.<\/p>\n<p>\u00dcber 100 <a href=\"https:\/\/www.olimar.de\/rund--und-erlebnisreisen\/\">Rund- und Erlebnisreisen<\/a> stehen bereit, darunter Touren, die quer durchs Land gehen oder sich auf tiefe Einblicke in geschichtstr\u00e4chtige Regionen des Hinterlandes konzentrieren. Denn wir haben nicht nur die beliebten Ziele <a href=\"https:\/\/www.olimar.de\/portugal\/algarve\/\">Algarve<\/a> und Madeira im Programm, sondern auch authentische Reisen in weitestgehend noch wenig bekannte Regionen abseits der Massen \u2013 etwa in <a href=\"https:\/\/www.olimar.de\/portugal\/der-norden\/\">Nord<\/a>&#8211; und <a href=\"https:\/\/www.olimar.de\/portugal\/die-mitte\/\">Mittelportugal<\/a> sowie im <a href=\"https:\/\/www.olimar.de\/portugal\/alentejo\/\">Alentejo<\/a>.<\/p>\n<p>Bei der selektiven Auswahl der Angebote greifen wir auf unsere 50-j\u00e4hrige Erfahrung zur\u00fcck. <a href=\"https:\/\/www.olimar.de\/aktivurlaub\/wanderreisen\/\">Wanderreisen<\/a>, ein ausf\u00fchrliches <a href=\"https:\/\/www.olimar.de\/golf\/\">Golfprogramm<\/a>, vielseitige Rundreisen, St\u00e4dte-Trips, \u00dcbernachtungen in historischen Herrenh\u00e4usern sowie ausgew\u00e4hlte Strandhotels und Flussreisen auf dem Douro sind Teil unseres vielseitigen Portugal-Programms. Vorgeplante Rundreisen verbinden beispielsweise Wandern mit <a href=\"https:\/\/www.olimar.de\/kulinarische-reisen\/\">kulinarischen Erlebnissen<\/a> oder kulturelle mit landschaftlichen H\u00f6hepunkten des Landes.<\/p>\n\n\n\n<p>Ein besonderes Highlight sind unsere einzigartigen und individuellen <a href=\"https:\/\/www.olimar.de\/auto-mietwagenrundreisen\/\">Mietwagen-Rundreisen<\/a>, die auch im neuen Magalog nicht fehlen d\u00fcrfen. Entdecken Sie ganz individuell das Land bei einem Roadtrip durch Portugal, gestalten Sie die Tagesabl\u00e4ufe nach Ihrem eigenen Geschmack und genie\u00dfen Sie dabei den gewohnten OLIMAR-Service. Sie k\u00f6nnen zwischen Rundreisen mit gef\u00fchrten Touren und vielen Sehensw\u00fcrdigkeiten oder \u201eentschleunigten\u201c Reisen mit reichlich Zeit zwischendurch w\u00e4hlen. Die Hotels und Unterk\u00fcnfte werden vorab ausgesucht und von uns fest reserviert.<\/p>\n\n\n\n<p>Rund 900 pers\u00f6nlich ausgew\u00e4hlte Hotels und Unterk\u00fcnfte halten wir als der Spezialist in Portugal bereit. Neu hinzugekommen sind beispielsweise 20 Hotels, darunter das futuristische F\u00fcnf-Sterne THE LODGE WINE &amp; BUSINESS HOTEL in Vila Nova de Gaia, dem trendigen Portwein-Viertel von <a href=\"https:\/\/www.olimar.de\/portugal\/metropolen\/porto\/\">Porto<\/a>. Mit dieser Stadt empfinden wir eine tiefe Verbundenheit \u2013 denn nach Porto starteten wir 1972 unsere ersten Portugalreisen.<\/p>\n<p>Au\u00dferdem bieten wir im neuen Jahr ab Frankfurt per Lufthansa Direktfl\u00fcge auf die Insel <a href=\"https:\/\/www.olimar.de\/portugal\/porto-santo\/\">Porto Santo<\/a>. Nonstop geht es auch auf die <a href=\"https:\/\/www.olimar.de\/portugal\/azoren\/\">Azoren<\/a>. Neben den Direktfl\u00fcgen ab Frankfurt mit Lufthansa geht es in 2022 mit SATA ab D\u00fcsseldorf auf die Inselgruppe mitten im Atlantik.<\/p>\n<p>Exklusiv bei OLIMAR buchbar, ist die <a href=\"https:\/\/www.olimar.de\/detailseite\/vila-palmeira--lagos--portugal\/\" rel=\"noopener\">VILA PALMEIRA<\/a> bei <a href=\"https:\/\/www.olimar.de\/portugal\/algarve\/lagos\/\">Lagos<\/a> an der Algarve. Diese ruhige Vier-Sterne Ferienanlage unter deutsch-portugiesischer Leitung mit nur 42 sehr ger\u00e4umigen, geschmackvoll und sehr gut ausgestatteten Appartements z\u00e4hlt zu den besten und beliebtesten Adressen und liegt abseits der \u00fcblichen Touristenstr\u00f6me.<\/p>\n\n\n\n<p>Alle Fl\u00fcge, Mietwagen, Transfers, Hotels und Reisen sind ab sofort im Reiseb\u00fcro und direkt bei uns telefonisch und auf der Seite olimar.de buchbar. Auch k\u00f6nnen pauschale Urlaubspakete sowie einzelne Reiseleistungen flexibel und nach individuellen W\u00fcnschen zusammengestellt und gebucht werden.<\/p>\n\n\n\n<p>Wir blicken mit Optimismus ins Jubil\u00e4umsjahr. \u201eF\u00fcr 2022 erwarten wir eine gute Nachfrage f\u00fcr Portugal und unsere s\u00fcdeurop\u00e4ischen Ziele. Gerade f\u00fcr Portugal, wo unsere Unternehmensgeschichte vor 50 Jahren begann, bieten wir auch mit dem neuen Magalog die bew\u00e4hrten OLIMAR-Vorteile, pers\u00f6nliche Empfehlungen, unser langj\u00e4hriges Know-how, Qualit\u00e4t und Individualit\u00e4t sowie die flexible Buchbarkeit&#8221;, so Markus Zahn, Marketing-Gesch\u00e4ftsf\u00fchrer bei OLIMAR Reisen.<\/p>\n\n\n\n<h2 class=\"wp-block-heading\">OLIMAR Tipp<\/h2>\n\n\n\n<p>Als der Experte f\u00fcr Portugal bieten wir f\u00fcr jeden Typ das passende Hotel, die perfekte Rundreise oder das individuelle Gesamtpaket f\u00fcr Ihren Urlaub. Ein Tipp von unseren Experten ist das ungew\u00f6hnliche <a href=\"https:\/\/www.olimar.de\/detailseite\/quinta-da-lagoa--mira--portugal\/\" rel=\"noopener\">HOTEL QUINTA DA LAGOA VILLAS<\/a> mit S\u00fcdsee-Flair. Umgeben vom Wald und der Hafflandschaft Ria de Aveiros logiert man hier direkt an einem See mit sch\u00f6nem Sandstrand auf einer Insel. Daher eignet sich das Hotel besonders gut f\u00fcr Familien mit Kindern.<\/p>\n<p>Ein besonderes Erlebnis beschert Ihnen zum Beispiel auch unsere Rundreise <a href=\"https:\/\/www.olimar.de\/detailseite\/vom-garten-eden-zum-feuersee\/\" target=\"_blank\" rel=\"noopener\">VOM GARTEN EDEN ZUM FEUERSEE<\/a>. Mit detailliertem Infomaterial erwandern Sie auf teils leicht, teils mittelschweren Rundwanderwegen die vielseitigste Insel der Azoren, S\u00e3o Miguel, und genie\u00dfen dabei herrliche Panoramen.<\/p>\n\n\n\n<div style=\"height:50px\" aria-hidden=\"true\" class=\"wp-block-spacer\"><\/div>\n\n\n\n<div class=\"wp-block-buttons is-layout-flex wp-block-buttons-is-layout-flex\">\n<div class=\"wp-block-button\"><a class=\"wp-block-button__link wp-element-button\" href=\"https:\/\/www.olimar.de\/hotellistung\/\">Jetzt Urlaubsangebote finden und buchen <\/a><\/div>\n<\/div>\n\n\n\n<div style=\"height:100px\" aria-hidden=\"true\" class=\"wp-block-spacer\"><\/div>\n","protected":false},"excerpt":{"rendered":"<p>Besondere Hotels, landestypische Unterk\u00fcnfte, individuelle Mietwagen-Rundreisen und Erlebnistouren. P\u00fcnktlich zum Jubil\u00e4umsjahr in 2022 erscheint unser neuer Magalog \u201eDas ist Portugal!\u201c \u2013 eine Mischung aus Magazin und Katalog mit modernem und ansprechendem Design. Auf insgesamt 160 Seiten finden Sie ein Portugal-Programm mit einer qualitativ hochwertigen und sehr pers\u00f6nlichen Auswahl an Hotels, Ferienresorts, landestypischen Unterk\u00fcnften und Rundreisen sowie viele interessante Geschichten und Tipps, kurzweilige Stories und Erfahrungsberichte. Denn OLIMAR Reisen blickt auf 50 Jahre Portugal Know-how zur\u00fcck und feiert im kommenden Jahr einen runden Geburtstag. Das Komplettangebot finden Sie in Reiseb\u00fcros und auf olimar.de. Die Nummer 1 f\u00fcr Portugal \u2013 weiterhin das mit &hellip;<\/p>\n","protected":false},"author":9,"featured_media":17851,"comment_status":"open","ping_status":"open","sticky":false,"template":"","format":"standard","meta":{"_crdt_document":"","_lmt_disableupdate":"","_lmt_disable":"","footnotes":""},"categories":[1,48],"tags":[254,253,252,34,20],"class_list":["post-17842","post","type-post","status-publish","format-standard","has-post-thumbnail","hentry","category-allgemein","category-neues-bei-olimar","tag-50-jahre","tag-jubilaeum","tag-magalog","tag-portugal","tag-slider"],"yoast_head":"<!-- This site is optimized with the Yoast SEO plugin v26.9 - https:\/\/yoast.com\/product\/yoast-seo-wordpress\/ -->\n<title>OLIMAR feiert 50-j\u00e4hriges Jubil\u00e4um und pr\u00e4sentiert neuen Magalog<\/title>\n<meta name=\"description\" content=\"Zum 50. Jubil\u00e4um bringt OLIMAR seinen neuen Magalog heraus \u2013 eine Mischung aus Magazin und Katalog mit modernem und ansprechendem Design.\" \/>\n<meta name=\"robots\" content=\"index, follow, max-snippet:-1, max-image-preview:large, max-video-preview:-1\" \/>\n<link rel=\"canonical\" href=\"https:\/\/blog.olimar.de\/50-jahre-olimar-neuer-magalog-portugal\/\" \/>\n<meta property=\"og:locale\" content=\"de_DE\" \/>\n<meta property=\"og:type\" content=\"article\" \/>\n<meta property=\"og:title\" content=\"OLIMAR feiert 50-j\u00e4hriges Jubil\u00e4um und pr\u00e4sentiert neuen Magalog\" \/>\n<meta property=\"og:description\" content=\"Zum 50. Jubil\u00e4um bringt OLIMAR seinen neuen Magalog heraus \u2013 eine Mischung aus Magazin und Katalog mit modernem und ansprechendem Design.\" \/>\n<meta property=\"og:url\" content=\"https:\/\/blog.olimar.de\/50-jahre-olimar-neuer-magalog-portugal\/\" \/>\n<meta property=\"article:publisher\" content=\"https:\/\/www.facebook.com\/OlimarReisen\" \/>\n<meta property=\"article:published_time\" content=\"2021-12-20T09:33:23+00:00\" \/>\n<meta property=\"article:modified_time\" content=\"2023-02-28T10:37:53+00:00\" \/>\n<meta property=\"og:image\" content=\"https:\/\/blog.olimar.de\/wp-content\/uploads\/2021\/12\/Das-ist-Portugal-2022-50-Jahre-OLIMAR-II-Screen.jpg\" \/>\n\t<meta property=\"og:image:width\" content=\"2500\" \/>\n\t<meta property=\"og:image:height\" content=\"1667\" \/>\n\t<meta property=\"og:image:type\" content=\"image\/jpeg\" \/>\n<meta name=\"author\" content=\"OLIMAR Redaktionsteam\" \/>\n<meta name=\"twitter:label1\" content=\"Verfasst von\" \/>\n\t<meta name=\"twitter:data1\" content=\"OLIMAR Redaktionsteam\" \/>\n\t<meta name=\"twitter:label2\" content=\"Gesch\u00e4tzte Lesezeit\" \/>\n\t<meta name=\"twitter:data2\" content=\"5\u00a0Minuten\" \/>\n<script type=\"application\/ld+json\" class=\"yoast-schema-graph\">{\"@context\":\"https:\/\/schema.org\",\"@graph\":[{\"@type\":\"WebPage\",\"@id\":\"https:\/\/blog.olimar.de\/50-jahre-olimar-neuer-magalog-portugal\/\",\"url\":\"https:\/\/blog.olimar.de\/50-jahre-olimar-neuer-magalog-portugal\/\",\"name\":\"OLIMAR feiert 50-j\u00e4hriges Jubil\u00e4um und pr\u00e4sentiert neuen Magalog\",\"isPartOf\":{\"@id\":\"https:\/\/blog.olimar.de\/#website\"},\"primaryImageOfPage\":{\"@id\":\"https:\/\/blog.olimar.de\/50-jahre-olimar-neuer-magalog-portugal\/#primaryimage\"},\"image\":{\"@id\":\"https:\/\/blog.olimar.de\/50-jahre-olimar-neuer-magalog-portugal\/#primaryimage\"},\"thumbnailUrl\":\"https:\/\/blog.olimar.de\/wp-content\/uploads\/2021\/12\/Das-ist-Portugal-2022-50-Jahre-OLIMAR-II-Screen.jpg\",\"datePublished\":\"2021-12-20T09:33:23+00:00\",\"dateModified\":\"2023-02-28T10:37:53+00:00\",\"description\":\"Zum 50. Jubil\u00e4um bringt OLIMAR seinen neuen Magalog heraus \u2013 eine Mischung aus Magazin und Katalog mit modernem und ansprechendem Design.\",\"breadcrumb\":{\"@id\":\"https:\/\/blog.olimar.de\/50-jahre-olimar-neuer-magalog-portugal\/#breadcrumb\"},\"inLanguage\":\"de\",\"potentialAction\":[{\"@type\":\"ReadAction\",\"target\":[\"https:\/\/blog.olimar.de\/50-jahre-olimar-neuer-magalog-portugal\/\"]}]},{\"@type\":\"ImageObject\",\"inLanguage\":\"de\",\"@id\":\"https:\/\/blog.olimar.de\/50-jahre-olimar-neuer-magalog-portugal\/#primaryimage\",\"url\":\"https:\/\/blog.olimar.de\/wp-content\/uploads\/2021\/12\/Das-ist-Portugal-2022-50-Jahre-OLIMAR-II-Screen.jpg\",\"contentUrl\":\"https:\/\/blog.olimar.de\/wp-content\/uploads\/2021\/12\/Das-ist-Portugal-2022-50-Jahre-OLIMAR-II-Screen.jpg\",\"width\":2500,\"height\":1667,\"caption\":\"OLIMAR Portugal Magalog 2022\"},{\"@type\":\"BreadcrumbList\",\"@id\":\"https:\/\/blog.olimar.de\/50-jahre-olimar-neuer-magalog-portugal\/#breadcrumb\",\"itemListElement\":[{\"@type\":\"ListItem\",\"position\":1,\"name\":\"Home\",\"item\":\"https:\/\/blog.olimar.de\/\"},{\"@type\":\"ListItem\",\"position\":2,\"name\":\"50 Jahre\",\"item\":\"https:\/\/blog.olimar.de\/tag\/50-jahre\/\"},{\"@type\":\"ListItem\",\"position\":3,\"name\":\"50 Jahre OLIMAR Reisen: Wir feiern Jubil\u00e4um und pr\u00e4sentieren unseren neuen Magalog \u201eDas ist Portugal!\u201c\"}]},{\"@type\":\"WebSite\",\"@id\":\"https:\/\/blog.olimar.de\/#website\",\"url\":\"https:\/\/blog.olimar.de\/\",\"name\":\"OLIMAR.com\",\"description\":\"\",\"publisher\":{\"@id\":\"https:\/\/blog.olimar.de\/#organization\"},\"potentialAction\":[{\"@type\":\"SearchAction\",\"target\":{\"@type\":\"EntryPoint\",\"urlTemplate\":\"https:\/\/blog.olimar.de\/?s={search_term_string}\"},\"query-input\":{\"@type\":\"PropertyValueSpecification\",\"valueRequired\":true,\"valueName\":\"search_term_string\"}}],\"inLanguage\":\"de\"},{\"@type\":\"Organization\",\"@id\":\"https:\/\/blog.olimar.de\/#organization\",\"name\":\"OLIMAR Reisen\",\"url\":\"https:\/\/blog.olimar.de\/\",\"logo\":{\"@type\":\"ImageObject\",\"inLanguage\":\"de\",\"@id\":\"https:\/\/blog.olimar.de\/#\/schema\/logo\/image\/\",\"url\":\"https:\/\/blog.olimar.de\/wp-content\/uploads\/2021\/01\/OLIMAR_Logo_COLOR.png\",\"contentUrl\":\"https:\/\/blog.olimar.de\/wp-content\/uploads\/2021\/01\/OLIMAR_Logo_COLOR.png\",\"width\":2000,\"height\":986,\"caption\":\"OLIMAR Reisen\"},\"image\":{\"@id\":\"https:\/\/blog.olimar.de\/#\/schema\/logo\/image\/\"},\"sameAs\":[\"https:\/\/www.facebook.com\/OlimarReisen\",\"https:\/\/x.com\/olimarrreisen\",\"https:\/\/www.instagram.com\/olimarreisen\",\"https:\/\/www.youtube.com\/user\/olimarreisen\"]}]}<\/script>\n<!-- \/ Yoast SEO plugin. -->","yoast_head_json":{"title":"OLIMAR feiert 50-j\u00e4hriges Jubil\u00e4um und pr\u00e4sentiert neuen Magalog","description":"Zum 50. Jubil\u00e4um bringt OLIMAR seinen neuen Magalog heraus \u2013 eine Mischung aus Magazin und Katalog mit modernem und ansprechendem Design.","robots":{"index":"index","follow":"follow","max-snippet":"max-snippet:-1","max-image-preview":"max-image-preview:large","max-video-preview":"max-video-preview:-1"},"canonical":"https:\/\/blog.olimar.de\/50-jahre-olimar-neuer-magalog-portugal\/","og_locale":"de_DE","og_type":"article","og_title":"OLIMAR feiert 50-j\u00e4hriges Jubil\u00e4um und pr\u00e4sentiert neuen Magalog","og_description":"Zum 50. Jubil\u00e4um bringt OLIMAR seinen neuen Magalog heraus \u2013 eine Mischung aus Magazin und Katalog mit modernem und ansprechendem Design.","og_url":"https:\/\/blog.olimar.de\/50-jahre-olimar-neuer-magalog-portugal\/","article_publisher":"https:\/\/www.facebook.com\/OlimarReisen","article_published_time":"2021-12-20T09:33:23+00:00","article_modified_time":"2023-02-28T10:37:53+00:00","og_image":[{"width":2500,"height":1667,"url":"https:\/\/blog.olimar.de\/wp-content\/uploads\/2021\/12\/Das-ist-Portugal-2022-50-Jahre-OLIMAR-II-Screen.jpg","type":"image\/jpeg"}],"author":"OLIMAR Redaktionsteam","twitter_misc":{"Verfasst von":"OLIMAR Redaktionsteam","Gesch\u00e4tzte Lesezeit":"5\u00a0Minuten"},"schema":{"@context":"https:\/\/schema.org","@graph":[{"@type":"WebPage","@id":"https:\/\/blog.olimar.de\/50-jahre-olimar-neuer-magalog-portugal\/","url":"https:\/\/blog.olimar.de\/50-jahre-olimar-neuer-magalog-portugal\/","name":"OLIMAR feiert 50-j\u00e4hriges Jubil\u00e4um und pr\u00e4sentiert neuen Magalog","isPartOf":{"@id":"https:\/\/blog.olimar.de\/#website"},"primaryImageOfPage":{"@id":"https:\/\/blog.olimar.de\/50-jahre-olimar-neuer-magalog-portugal\/#primaryimage"},"image":{"@id":"https:\/\/blog.olimar.de\/50-jahre-olimar-neuer-magalog-portugal\/#primaryimage"},"thumbnailUrl":"https:\/\/blog.olimar.de\/wp-content\/uploads\/2021\/12\/Das-ist-Portugal-2022-50-Jahre-OLIMAR-II-Screen.jpg","datePublished":"2021-12-20T09:33:23+00:00","dateModified":"2023-02-28T10:37:53+00:00","description":"Zum 50. Jubil\u00e4um bringt OLIMAR seinen neuen Magalog heraus \u2013 eine Mischung aus Magazin und Katalog mit modernem und ansprechendem Design.","breadcrumb":{"@id":"https:\/\/blog.olimar.de\/50-jahre-olimar-neuer-magalog-portugal\/#breadcrumb"},"inLanguage":"de","potentialAction":[{"@type":"ReadAction","target":["https:\/\/blog.olimar.de\/50-jahre-olimar-neuer-magalog-portugal\/"]}]},{"@type":"ImageObject","inLanguage":"de","@id":"https:\/\/blog.olimar.de\/50-jahre-olimar-neuer-magalog-portugal\/#primaryimage","url":"https:\/\/blog.olimar.de\/wp-content\/uploads\/2021\/12\/Das-ist-Portugal-2022-50-Jahre-OLIMAR-II-Screen.jpg","contentUrl":"https:\/\/blog.olimar.de\/wp-content\/uploads\/2021\/12\/Das-ist-Portugal-2022-50-Jahre-OLIMAR-II-Screen.jpg","width":2500,"height":1667,"caption":"OLIMAR Portugal Magalog 2022"},{"@type":"BreadcrumbList","@id":"https:\/\/blog.olimar.de\/50-jahre-olimar-neuer-magalog-portugal\/#breadcrumb","itemListElement":[{"@type":"ListItem","position":1,"name":"Home","item":"https:\/\/blog.olimar.de\/"},{"@type":"ListItem","position":2,"name":"50 Jahre","item":"https:\/\/blog.olimar.de\/tag\/50-jahre\/"},{"@type":"ListItem","position":3,"name":"50 Jahre OLIMAR Reisen: Wir feiern Jubil\u00e4um und pr\u00e4sentieren unseren neuen Magalog \u201eDas ist Portugal!\u201c"}]},{"@type":"WebSite","@id":"https:\/\/blog.olimar.de\/#website","url":"https:\/\/blog.olimar.de\/","name":"OLIMAR.com","description":"","publisher":{"@id":"https:\/\/blog.olimar.de\/#organization"},"potentialAction":[{"@type":"SearchAction","target":{"@type":"EntryPoint","urlTemplate":"https:\/\/blog.olimar.de\/?s={search_term_string}"},"query-input":{"@type":"PropertyValueSpecification","valueRequired":true,"valueName":"search_term_string"}}],"inLanguage":"de"},{"@type":"Organization","@id":"https:\/\/blog.olimar.de\/#organization","name":"OLIMAR Reisen","url":"https:\/\/blog.olimar.de\/","logo":{"@type":"ImageObject","inLanguage":"de","@id":"https:\/\/blog.olimar.de\/#\/schema\/logo\/image\/","url":"https:\/\/blog.olimar.de\/wp-content\/uploads\/2021\/01\/OLIMAR_Logo_COLOR.png","contentUrl":"https:\/\/blog.olimar.de\/wp-content\/uploads\/2021\/01\/OLIMAR_Logo_COLOR.png","width":2000,"height":986,"caption":"OLIMAR Reisen"},"image":{"@id":"https:\/\/blog.olimar.de\/#\/schema\/logo\/image\/"},"sameAs":["https:\/\/www.facebook.com\/OlimarReisen","https:\/\/x.com\/olimarrreisen","https:\/\/www.instagram.com\/olimarreisen","https:\/\/www.youtube.com\/user\/olimarreisen"]}]}},"modified_by":"Lena Radermacher","jetpack_featured_media_url":"https:\/\/blog.olimar.de\/wp-content\/uploads\/2021\/12\/Das-ist-Portugal-2022-50-Jahre-OLIMAR-II-Screen.jpg","_links":{"self":[{"href":"https:\/\/blog.olimar.de\/wp-json\/wp\/v2\/posts\/17842","targetHints":{"allow":["GET"]}}],"collection":[{"href":"https:\/\/blog.olimar.de\/wp-json\/wp\/v2\/posts"}],"about":[{"href":"https:\/\/blog.olimar.de\/wp-json\/wp\/v2\/types\/post"}],"author":[{"embeddable":true,"href":"https:\/\/blog.olimar.de\/wp-json\/wp\/v2\/users\/9"}],"replies":[{"embeddable":true,"href":"https:\/\/blog.olimar.de\/wp-json\/wp\/v2\/comments?post=17842"}],"version-history":[{"count":22,"href":"https:\/\/blog.olimar.de\/wp-json\/wp\/v2\/posts\/17842\/revisions"}],"predecessor-version":[{"id":24688,"href":"https:\/\/blog.olimar.de\/wp-json\/wp\/v2\/posts\/17842\/revisions\/24688"}],"wp:featuredmedia":[{"embeddable":true,"href":"https:\/\/blog.olimar.de\/wp-json\/wp\/v2\/media\/17851"}],"wp:attachment":[{"href":"https:\/\/blog.olimar.de\/wp-json\/wp\/v2\/media?parent=17842"}],"wp:term":[{"taxonomy":"category","embeddable":true,"href":"https:\/\/blog.olimar.de\/wp-json\/wp\/v2\/categories?post=17842"},{"taxonomy":"post_tag","embeddable":true,"href":"https:\/\/blog.olimar.de\/wp-json\/wp\/v2\/tags?post=17842"}],"curies":[{"name":"wp","href":"https:\/\/api.w.org\/{rel}","templated":true}]}}