{"id":17979,"date":"2021-12-23T09:55:47","date_gmt":"2021-12-23T08:55:47","guid":{"rendered":"https:\/\/blog.olimar.de\/?p=17979"},"modified":"2024-03-05T09:58:36","modified_gmt":"2024-03-05T08:58:36","slug":"natur-kultur-algarve","status":"publish","type":"post","link":"https:\/\/blog.olimar.de\/natur-kultur-algarve\/","title":{"rendered":"Natur &#038; Kultur an der Algarve: Spaziergang auf der \u201ePonta do Medo\u201c"},"content":{"rendered":"\n<p><strong>Der idyllische Fischerort Alvor konnte sich seinen Charme erhalten, obwohl das quirlige Touristenziel l\u00e4ngst zu den Lieblingsorten der Algarve-Urlauber z\u00e4hlt.<\/strong><\/p>\n\n\n\n<div class=\"wp-block-buttons is-layout-flex wp-block-buttons-is-layout-flex\">\n<div class=\"wp-block-button\"><a class=\"wp-block-button__link wp-element-button\" href=\"https:\/\/www.olimar.de\/portugal\/algarve\/\">Algarve Reiseangebote und Hoteltipps entdecken<\/a><\/div>\n<\/div>\n\n\n\n<div style=\"height:25px\" aria-hidden=\"true\" class=\"wp-block-spacer\"><\/div>\n\n\n\n<p>Die \u201eSpitze der Angst\u201c haben die Fischer von Alvor die D\u00fcne genannt. Von dort schaut man bis zur Hafenstadt Lagos. Das D\u00fcnenatoll erhebt sich wie ein Schutzwall aus dem Meer. Es sch\u00fctzt den Fischerhafen und Ort Alvor vor Sturm und Brandung, und umarmt die Ria de Alvor. Die Lagune ist ein mehrere Quadratkilometer gro\u00dfes Biotop f\u00fcr Wasserv\u00f6gel und Schaltiere. Sie dehnt sich aus bis zur Flussm\u00fcndung, begrenzt durch Wellenbrecher an beiden Uferseiten, und markiert mit unbemannten Leuchtt\u00fcrmchen.<\/p>\n\n\n\n<figure class=\"wp-block-image size-full is-resized\"><img loading=\"lazy\" decoding=\"async\" width=\"999\" height=\"806\" src=\"https:\/\/blog.olimar.de\/wp-content\/uploads\/2021\/12\/Blick-auf-Wellenbrecher-zum-farolim-Leuchtturm-1.jpg\" alt=\"Wellenbrecher am farolim Leuchtturm\" class=\"wp-image-17992\" style=\"width:749px;height:605px\" srcset=\"https:\/\/blog.olimar.de\/wp-content\/uploads\/2021\/12\/Blick-auf-Wellenbrecher-zum-farolim-Leuchtturm-1.jpg 999w, https:\/\/blog.olimar.de\/wp-content\/uploads\/2021\/12\/Blick-auf-Wellenbrecher-zum-farolim-Leuchtturm-1-300x242.jpg 300w, https:\/\/blog.olimar.de\/wp-content\/uploads\/2021\/12\/Blick-auf-Wellenbrecher-zum-farolim-Leuchtturm-1-768x620.jpg 768w\" sizes=\"auto, (max-width: 999px) 100vw, 999px\" \/><figcaption class=\"wp-element-caption\">Wellenbrecher<\/figcaption><\/figure>\n\n\n\n<p>Die sogenannten Farolim blinken rot und gr\u00fcn sobald es dunkelt und zeigen den Fischern den Weg in die Lagune \u2013 oder hinaus. Sobald man die Farolim passiert, verlassen die Boote ruhiges Gew\u00e4sser und die Str\u00f6mung an der Ausfahrt ist t\u00fcckisch. Die Fischer wissen das. Sie nehmen die Wogen bei jeder Ausfahrt wieder ernst, als b\u00e4ndigten sie ein bockiges Pferd.<\/p>\n\n\n\n<h2 class=\"wp-block-heading\">Barfus oder bequem mit Schuhwerk<\/h2>\n\n\n\n<p>Die D\u00fcnenhalbinsel trennt den \u00fcber vier Kilometer langen Sandstrand Praia de Alvor von der Lagune und l\u00e4dt ein zum Spazierengehen. Das geht barfu\u00df an der Wasserlinie entlang oder bequem mit Schuhwerk zu jeder Jahreszeit und Tageszeit \u00fcber den Steg, der am Strand oben entlang \u00fcber Stelzen bis zu den Sandsteinklippen am \u00f6stlichen Ende f\u00fchrt. Bis zur Flussm\u00fcndung an der Spitze der D\u00fcne gen Westen gelangt man ebenso bequem zu Fu\u00df \u00fcber Holzdielen auf Stelzen. Seit 2006 beschert der Naturlehrpfad PR2PTM Ao Sabor do Mar\u00e9 Spazierg\u00e4ngern einen erholsamen Rundgang, um frische Brise sowie das naturbelassene Ambiente zu genie\u00dfen oder um spektakul\u00e4re Fotos von der Lagune und ihrer Vogelvielfalt zu schie\u00dfen. Parken kann man bequem gleich am Fischerhafen, wo die Rundroute \u201eauf der F\u00e4hrte der Gezeiten\u201c beginnt und endet.<\/p>\n\n\n\n<figure class=\"wp-block-image size-large is-resized\"><img loading=\"lazy\" decoding=\"async\" width=\"1024\" height=\"879\" src=\"https:\/\/blog.olimar.de\/wp-content\/uploads\/2021\/12\/Stelezenweg-Lagune-Duene_kleiner-1024x879.jpg\" alt=\"Stelzenweg auf der D\u00fcne\" class=\"wp-image-17993\" style=\"width:768px;height:659px\" srcset=\"https:\/\/blog.olimar.de\/wp-content\/uploads\/2021\/12\/Stelezenweg-Lagune-Duene_kleiner-1024x879.jpg 1024w, https:\/\/blog.olimar.de\/wp-content\/uploads\/2021\/12\/Stelezenweg-Lagune-Duene_kleiner-300x258.jpg 300w, https:\/\/blog.olimar.de\/wp-content\/uploads\/2021\/12\/Stelezenweg-Lagune-Duene_kleiner-768x660.jpg 768w, https:\/\/blog.olimar.de\/wp-content\/uploads\/2021\/12\/Stelezenweg-Lagune-Duene_kleiner-1536x1319.jpg 1536w, https:\/\/blog.olimar.de\/wp-content\/uploads\/2021\/12\/Stelezenweg-Lagune-Duene_kleiner-2048x1759.jpg 2048w\" sizes=\"auto, (max-width: 1024px) 100vw, 1024px\" \/><figcaption class=\"wp-element-caption\">Stelzenweg auf der D\u00fcne<\/figcaption><\/figure>\n\n\n\n<p>Die Ria de Alvor ist ein ausgewiesener Schutzraum f\u00fcr Wasserv\u00f6gel und ein spannender Beobachtungsposten f\u00fcr Ornithologen. Graum\u00f6we, Silberreiher, Zwergseeschwalbe, Haubenlerche, Austernfischer, oder Kormorane kann man hier ganzj\u00e4hrig in ihrem Habitat beobachten &#8211; im Herbst sogar Flamingos.<\/p>\n\n\n\n<h2 class=\"wp-block-heading\">Naturschauspiel von Ebbe und Flut<\/h2>\n\n\n\n<p>Das Flussbett sieht zu jeder Stunde des Tages anders aus. Daf\u00fcr sorgen die Gezeiten. Zweimal am Tag kommt und geht das Meer, wie die Fischer sagen, und verwandeln die Lagune in einen Wasserspiegel oder in ein Biotop mit D\u00fcneninseln und Prielen. So entstand der Name \u201eF\u00e4hrte der Gezeiten\u201c f\u00fcr den Spazierweg, schenkt der stetig wechselnde Tidestand dem Spazierg\u00e4nger st\u00fcndlich ein anderes landschaftliches Panorama. Bei Vollmond kann der Tidehub sogar f\u00fcnf Meter betragen.<\/p>\n\n\n\n<div class=\"wp-block-jetpack-tiled-gallery aligncenter is-style-rectangular\"><div class=\"tiled-gallery__gallery\"><div class=\"tiled-gallery__row\"><div class=\"tiled-gallery__col\" style=\"flex-basis:50.00000%\"><figure class=\"tiled-gallery__item\"><img decoding=\"async\" alt=\"Lagune bei Flut\" data-height=\"1000\" data-id=\"17990\" data-link=\"https:\/\/blog.olimar.de\/ende-des-steges-an-der-lagune-bei-flut\/\" data-url=\"https:\/\/blog.olimar.de\/wp-content\/uploads\/2021\/12\/Ende-des-Steges-an-der-LAgune-bei-Flut-1024x768.jpg\" data-width=\"1333\" src=\"https:\/\/i2.wp.com\/blog.olimar.de\/wp-content\/uploads\/2021\/12\/Ende-des-Steges-an-der-LAgune-bei-Flut-1024x768.jpg?ssl=1\" data-amp-layout=\"responsive\"><\/figure><\/div><div class=\"tiled-gallery__col\" style=\"flex-basis:50.00000%\"><figure class=\"tiled-gallery__item\"><img decoding=\"async\" alt=\"Lagune bei Ebbe\" data-height=\"1000\" data-id=\"17982\" data-link=\"https:\/\/blog.olimar.de\/lagune-bei-ebbe-2\/\" data-url=\"https:\/\/blog.olimar.de\/wp-content\/uploads\/2021\/12\/Lagune-bei-Ebbe-2-1024x768.jpg\" data-width=\"1333\" src=\"https:\/\/i1.wp.com\/blog.olimar.de\/wp-content\/uploads\/2021\/12\/Lagune-bei-Ebbe-2-1024x768.jpg?ssl=1\" data-amp-layout=\"responsive\"><\/figure><\/div><\/div><\/div><\/div>\n\n\n\n<p>Sobald das Meer sich zur\u00fcckzieht, brechen Muschelfarmer auf und laufen mit Eimer und Muschelhacke ausgestattet am Sp\u00fclsaum entlang bis zu den Muschelb\u00e4nken. Geb\u00fcckt buddeln sie mit blo\u00dfen H\u00e4nden St\u00fcck um St\u00fcck Herzmuscheln, Scheidenmuscheln, und Dreiecksmuscheln aus, ernten Miesmuscheln und Austern, oder fangen Flusskrebse. Ihre Kollegen, die Fischer, arbeiten an Bord am Arbeitsplatz Meer. Sie fischen mit Langleine, Reusen und Grundnetz. In der warmen Jahreszeit fischen sie Sardinen und Makrelen, und unterliegen der jeweiligen Quotenregelung f\u00fcr ihren Hafen. Edelfische wie Wolfsbarsch, Brasse und \u00c4sche, Dorsch, fangen sie mit der zweieinhalb Kilometer langen Langleine, an der bis zu 4000 Haken geknotet, best\u00fcckt mit K\u00f6derfisch h\u00e4ngen. Auf sandigem Grund in K\u00fcstenn\u00e4he gehen vor allem Seeteufel und Butts ins Netz. Reusen werden an Bojen aufgeh\u00e4ngt zu Wasser gelassen und mittels Lebendk\u00f6der Kraken und Kalmar in die Falle gelockt.<\/p>\n\n\n\n<figure class=\"wp-block-image size-large is-resized\"><img loading=\"lazy\" decoding=\"async\" width=\"950\" height=\"1024\" src=\"https:\/\/blog.olimar.de\/wp-content\/uploads\/2021\/12\/Reusen-950x1024.jpg\" alt=\"Reusen\" class=\"wp-image-17994\" style=\"width:713px;height:768px\" srcset=\"https:\/\/blog.olimar.de\/wp-content\/uploads\/2021\/12\/Reusen-950x1024.jpg 950w, https:\/\/blog.olimar.de\/wp-content\/uploads\/2021\/12\/Reusen-278x300.jpg 278w, https:\/\/blog.olimar.de\/wp-content\/uploads\/2021\/12\/Reusen-768x828.jpg 768w, https:\/\/blog.olimar.de\/wp-content\/uploads\/2021\/12\/Reusen-1425x1536.jpg 1425w, https:\/\/blog.olimar.de\/wp-content\/uploads\/2021\/12\/Reusen.jpg 1689w\" sizes=\"auto, (max-width: 950px) 100vw, 950px\" \/><figcaption class=\"wp-element-caption\">Reusen<\/figcaption><\/figure>\n\n\n\n<h2 class=\"wp-block-heading\">Fischfang als Tradition<\/h2>\n\n\n\n<p>Der Fischfang in Alvor hat \u00fcber 2000 Jahre Tradition und findet weiter statt. Den Fischern an Land kann man im Fischerhafen bei ihrer Arbeit zuschauen. So wundert es kaum, dass das Wahrzeichen des Ortes ein steinernes Fischerdenkmal mit Barsch in der Hand ist. Die meterhohe Marmor Skulptur des Meisterskulpteurs Jo\u00e3o Cutileiro geschaffen, steht an der Promenade gegen\u00fcber der ehemaligen Fischversteigerungshalle lota. Hier am Pier legten die Fischer bis 2004 mit ihren Kutterbooten an, als die gesamte Promenade am Hafengel\u00e4nde entlang, wo jetzt schicke Restaurants ihre G\u00e4ste mit Blick auf die Lagune mit feinen Speisen und Weinen verw\u00f6hnen, noch Sandbank gewesen ist.<\/p>\n\n\n\n<figure class=\"wp-block-image size-large is-resized\"><img loading=\"lazy\" decoding=\"async\" width=\"1024\" height=\"768\" src=\"https:\/\/blog.olimar.de\/wp-content\/uploads\/2021\/12\/Fischerstatue-von-Alvor-1024x768.jpg\" alt=\"Fischerstatue von Alvor\" class=\"wp-image-17981\" style=\"width:768px;height:576px\" srcset=\"https:\/\/blog.olimar.de\/wp-content\/uploads\/2021\/12\/Fischerstatue-von-Alvor-1024x768.jpg 1024w, https:\/\/blog.olimar.de\/wp-content\/uploads\/2021\/12\/Fischerstatue-von-Alvor-300x225.jpg 300w, https:\/\/blog.olimar.de\/wp-content\/uploads\/2021\/12\/Fischerstatue-von-Alvor-768x576.jpg 768w, https:\/\/blog.olimar.de\/wp-content\/uploads\/2021\/12\/Fischerstatue-von-Alvor.jpg 1333w\" sizes=\"auto, (max-width: 1024px) 100vw, 1024px\" \/><figcaption class=\"wp-element-caption\">Fischerstatue von Alvor<\/figcaption><\/figure>\n\n\n\n<h2 class=\"wp-block-heading\">Pfarrkirche im manuelistischen Stil<\/h2>\n\n\n\n<p>Am Rettungsbootshaus vorbei gelangt man bergauf und dann nach links zur \u00fcber 500 Jahre alten Pfarrkirche, deren pr\u00e4chtig manuelinisch mit Oktopus Tentakel und Schiffstauen ornamentiertes Hauptportal zu den sch\u00f6nsten an der Algarve z\u00e4hlt. Lesen Sie zu dem Thema gern auch unseren Artikel <a href=\"https:\/\/www.olimar.de\/blog\/manuelinik\/\">Von der Gotik zur Manuelinik: Portugiesische Kronjuwelen der Architektur<\/a>. Im August findet an Mari\u00e4 Himmelfahrt eine Prozession durch den Ort zu Ehren des Bom Jesus de Alvor statt, die am Hafen im Wasser endet.<\/p>\n\n\n\n<div class=\"wp-block-jetpack-tiled-gallery aligncenter is-style-rectangular\"><div class=\"tiled-gallery__gallery\"><div class=\"tiled-gallery__row\"><div class=\"tiled-gallery__col\" style=\"flex-basis:50.00000%\"><figure class=\"tiled-gallery__item\"><img decoding=\"async\" alt=\"Manuelinisches Portal der Kirche von Alvor\" data-height=\"1333\" data-id=\"17983\" data-link=\"https:\/\/blog.olimar.de\/portal-manuelinik-kirche-alvor\/\" data-url=\"https:\/\/blog.olimar.de\/wp-content\/uploads\/2021\/12\/Portal-manuelinik-Kirche-Alvor-768x1024.jpg\" data-width=\"1000\" src=\"https:\/\/i1.wp.com\/blog.olimar.de\/wp-content\/uploads\/2021\/12\/Portal-manuelinik-Kirche-Alvor-768x1024.jpg?ssl=1\" data-amp-layout=\"responsive\"><\/figure><\/div><div class=\"tiled-gallery__col\" style=\"flex-basis:50.00000%\"><figure class=\"tiled-gallery__item\"><img decoding=\"async\" alt=\"Manuelinisches Seitenportal der Kirche von Alvor\" data-height=\"1333\" data-id=\"17995\" data-link=\"https:\/\/blog.olimar.de\/seitenportal-kirche-alvor\/\" data-url=\"https:\/\/blog.olimar.de\/wp-content\/uploads\/2021\/12\/Seitenportal-Kirche-Alvor-768x1024.jpg\" data-width=\"1000\" src=\"https:\/\/i2.wp.com\/blog.olimar.de\/wp-content\/uploads\/2021\/12\/Seitenportal-Kirche-Alvor-768x1024.jpg?ssl=1\" data-amp-layout=\"responsive\"><\/figure><\/div><\/div><\/div><\/div>\n\n\n\n<p>Auch historisch ist Alvor portugalweit bekannt. Der ber\u00fchmteste Besucher des Ortes war n\u00e4mlich K\u00f6nig D. Jo\u00e3o II, der mit p\u00e4pstlichem Segen im Vertrag von Tordesillas 1494 die Herrschaft \u00fcber die Weltmeere geografisch zugunsten <a href=\"https:\/\/www.olimar.de\/portugal\/\">Portugals<\/a> ausgehandelt hat, weswegen Brasilien unter Portugiesische Kolonialhoheit fiel. Bei seinem letzten k\u00f6niglichen Stelldichein in Alvor im Oktober 1495, beim Burggrafen, dessen Tochter Catarina mit Vasco da Gama verheiratet gewesen ist, erlag K\u00f6nig D. Jo\u00e3o II nach gen\u00fcsslicher Appetitlust auf Meeresfr\u00fcchte einer Fischvergiftung \u2013 und verstarb. An ihn erinnert an der Rotunde am Taxistand in Alvor ein Denkmal.<\/p>\n\n\n\n<h2 class=\"wp-block-heading\">OLIMAR Tipp<\/h2>\n\n\n\n<p>Die Algarve wartet mit verschiedenen Highlights auf, bei denen f\u00fcr jeden Urlaubstyp etwas dabei ist. Wir empfehlen zum Beispiel\u00a0die Traditionsadresse an der Algarve: das <a href=\"https:\/\/rms.olimar.de\/code\/FAO395\" rel=\"noopener\">PESTANA ALVOR PRAIA PREMIUM BEACH &amp; GOLF RESORT<\/a>. Dank seiner unweit gelegenen Golfpl\u00e4tze und attraktiven Konditionen eignet sich dieses Hotel besonders gut f\u00fcr Golf-Fans. Noch ein Highlight: Eingebettet in eine sehr gepflegte Parkanlage, beherrscht es die felsumrahmte Badebucht des feinsandigen Praia dos Tr\u00eas Irm\u00e3os am Ende der 7 km langen Strandzone von Alvor \u2013 direkt vom Hotel aus zu erreichen \u00fcber Treppen oder einen Aufzug.<\/p>\n<p>Das Erleben der Sch\u00f6nheit der Algarve l\u00e4sst sich \u00fcbrigens perfekt kombinieren mit einer Tour durch den \u00fcppigen Norden Portugals und die Weite des Alentejo &#8211; auf unserer Rundreise <a href=\"https:\/\/rms.olimar.de\/code\/FAO395\" rel=\"noopener\">PESTANA ALVOR PRAIA PREMIUM BEACH &amp; GOLF RESORT<\/a>. Im Rahmen dieser 10-t\u00e4gigen Mietwagen-Rundreise ab\/bis Lissabon k\u00f6nnen Sie wenigstens 10 UNESCO-Weltkulturerbest\u00e4tten in diesen Regionen des Landes bewundern.<\/p>\n\n\n\n<div style=\"height:25px\" aria-hidden=\"true\" class=\"wp-block-spacer\"><\/div>\n\n\n\n<div class=\"wp-block-buttons is-layout-flex wp-block-buttons-is-layout-flex\">\n<div class=\"wp-block-button\"><a class=\"wp-block-button__link wp-element-button\" href=\"https:\/\/www.olimar.de\/hotellistung\/\">Jetzt Urlaubsangebote finden und buchen<\/a><\/div>\n<\/div>\n\n\n\n<div style=\"height:100px\" aria-hidden=\"true\" class=\"wp-block-spacer\"><\/div>\n","protected":false},"excerpt":{"rendered":"<p>Der idyllische Fischerort Alvor konnte sich seinen Charme erhalten, obwohl das quirlige Touristenziel l\u00e4ngst zu den Lieblingsorten der Algarve-Urlauber z\u00e4hlt.<\/p>\n","protected":false},"author":70,"featured_media":17985,"comment_status":"open","ping_status":"open","sticky":false,"template":"","format":"standard","meta":{"_crdt_document":"","_lmt_disableupdate":"","_lmt_disable":"","footnotes":""},"categories":[29],"tags":[210,24,172,34,20,237],"class_list":["post-17979","post","type-post","status-publish","format-standard","has-post-thumbnail","hentry","category-aktiv-natur","tag-aktiv","tag-algarve","tag-natur","tag-portugal","tag-slider","tag-strand"],"yoast_head":"<!-- This site is optimized with the Yoast SEO plugin v26.9 - https:\/\/yoast.com\/product\/yoast-seo-wordpress\/ -->\n<title>Natur und Kultur an der Algarve: Spaziergang auf der \u201ePonta do Medo\u201c<\/title>\n<meta name=\"description\" content=\"Einen Tag unter dem Motto Natur und Kultur im idyllischen Fischerort Alvor empfiehlt uns Autorin Catrin George Ponciano.\" \/>\n<meta name=\"robots\" content=\"index, follow, max-snippet:-1, max-image-preview:large, max-video-preview:-1\" \/>\n<link rel=\"canonical\" href=\"https:\/\/blog.olimar.de\/natur-kultur-algarve\/\" \/>\n<meta property=\"og:locale\" content=\"de_DE\" \/>\n<meta property=\"og:type\" content=\"article\" \/>\n<meta property=\"og:title\" content=\"Natur und Kultur an der Algarve: Spaziergang auf der \u201ePonta do Medo\u201c\" \/>\n<meta property=\"og:description\" content=\"Einen Tag unter dem Motto Natur und Kultur im idyllischen Fischerort Alvor empfiehlt uns Autorin Catrin George Ponciano.\" \/>\n<meta property=\"og:url\" content=\"https:\/\/blog.olimar.de\/natur-kultur-algarve\/\" \/>\n<meta property=\"article:publisher\" content=\"https:\/\/www.facebook.com\/OlimarReisen\" \/>\n<meta property=\"article:published_time\" content=\"2021-12-23T08:55:47+00:00\" \/>\n<meta property=\"article:modified_time\" content=\"2024-03-05T08:58:36+00:00\" \/>\n<meta property=\"og:image\" content=\"https:\/\/blog.olimar.de\/wp-content\/uploads\/2021\/12\/Strand-von-Alvor-mit-Blick-yu-sandsteinklippen-nach-OSten.jpg\" \/>\n\t<meta property=\"og:image:width\" content=\"1333\" \/>\n\t<meta property=\"og:image:height\" content=\"1000\" \/>\n\t<meta property=\"og:image:type\" content=\"image\/jpeg\" \/>\n<meta name=\"author\" content=\"Catrin Ponciano\" \/>\n<meta name=\"twitter:label1\" content=\"Verfasst von\" \/>\n\t<meta name=\"twitter:data1\" content=\"Catrin Ponciano\" \/>\n\t<meta name=\"twitter:label2\" content=\"Gesch\u00e4tzte Lesezeit\" \/>\n\t<meta name=\"twitter:data2\" content=\"8\u00a0Minuten\" \/>\n<script type=\"application\/ld+json\" class=\"yoast-schema-graph\">{\"@context\":\"https:\/\/schema.org\",\"@graph\":[{\"@type\":\"WebPage\",\"@id\":\"https:\/\/blog.olimar.de\/natur-kultur-algarve\/\",\"url\":\"https:\/\/blog.olimar.de\/natur-kultur-algarve\/\",\"name\":\"Natur und Kultur an der Algarve: Spaziergang auf der \u201ePonta do Medo\u201c\",\"isPartOf\":{\"@id\":\"https:\/\/blog.olimar.de\/#website\"},\"primaryImageOfPage\":{\"@id\":\"https:\/\/blog.olimar.de\/natur-kultur-algarve\/#primaryimage\"},\"image\":{\"@id\":\"https:\/\/blog.olimar.de\/natur-kultur-algarve\/#primaryimage\"},\"thumbnailUrl\":\"https:\/\/blog.olimar.de\/wp-content\/uploads\/2021\/12\/Strand-von-Alvor-mit-Blick-yu-sandsteinklippen-nach-OSten.jpg\",\"datePublished\":\"2021-12-23T08:55:47+00:00\",\"dateModified\":\"2024-03-05T08:58:36+00:00\",\"description\":\"Einen Tag unter dem Motto Natur und Kultur im idyllischen Fischerort Alvor empfiehlt uns Autorin Catrin George Ponciano.\",\"breadcrumb\":{\"@id\":\"https:\/\/blog.olimar.de\/natur-kultur-algarve\/#breadcrumb\"},\"inLanguage\":\"de\",\"potentialAction\":[{\"@type\":\"ReadAction\",\"target\":[\"https:\/\/blog.olimar.de\/natur-kultur-algarve\/\"]}]},{\"@type\":\"ImageObject\",\"inLanguage\":\"de\",\"@id\":\"https:\/\/blog.olimar.de\/natur-kultur-algarve\/#primaryimage\",\"url\":\"https:\/\/blog.olimar.de\/wp-content\/uploads\/2021\/12\/Strand-von-Alvor-mit-Blick-yu-sandsteinklippen-nach-OSten.jpg\",\"contentUrl\":\"https:\/\/blog.olimar.de\/wp-content\/uploads\/2021\/12\/Strand-von-Alvor-mit-Blick-yu-sandsteinklippen-nach-OSten.jpg\",\"width\":1333,\"height\":1000,\"caption\":\"Strand von Alvor mit Blick auf Sandsteinklippen nach Osten\"},{\"@type\":\"BreadcrumbList\",\"@id\":\"https:\/\/blog.olimar.de\/natur-kultur-algarve\/#breadcrumb\",\"itemListElement\":[{\"@type\":\"ListItem\",\"position\":1,\"name\":\"Home\",\"item\":\"https:\/\/blog.olimar.de\/\"},{\"@type\":\"ListItem\",\"position\":2,\"name\":\"Aktiv\",\"item\":\"https:\/\/blog.olimar.de\/tag\/aktiv\/\"},{\"@type\":\"ListItem\",\"position\":3,\"name\":\"Natur &#038; Kultur an der Algarve: Spaziergang auf der \u201ePonta do Medo\u201c\"}]},{\"@type\":\"WebSite\",\"@id\":\"https:\/\/blog.olimar.de\/#website\",\"url\":\"https:\/\/blog.olimar.de\/\",\"name\":\"OLIMAR.com\",\"description\":\"\",\"publisher\":{\"@id\":\"https:\/\/blog.olimar.de\/#organization\"},\"potentialAction\":[{\"@type\":\"SearchAction\",\"target\":{\"@type\":\"EntryPoint\",\"urlTemplate\":\"https:\/\/blog.olimar.de\/?s={search_term_string}\"},\"query-input\":{\"@type\":\"PropertyValueSpecification\",\"valueRequired\":true,\"valueName\":\"search_term_string\"}}],\"inLanguage\":\"de\"},{\"@type\":\"Organization\",\"@id\":\"https:\/\/blog.olimar.de\/#organization\",\"name\":\"OLIMAR Reisen\",\"url\":\"https:\/\/blog.olimar.de\/\",\"logo\":{\"@type\":\"ImageObject\",\"inLanguage\":\"de\",\"@id\":\"https:\/\/blog.olimar.de\/#\/schema\/logo\/image\/\",\"url\":\"https:\/\/blog.olimar.de\/wp-content\/uploads\/2021\/01\/OLIMAR_Logo_COLOR.png\",\"contentUrl\":\"https:\/\/blog.olimar.de\/wp-content\/uploads\/2021\/01\/OLIMAR_Logo_COLOR.png\",\"width\":2000,\"height\":986,\"caption\":\"OLIMAR Reisen\"},\"image\":{\"@id\":\"https:\/\/blog.olimar.de\/#\/schema\/logo\/image\/\"},\"sameAs\":[\"https:\/\/www.facebook.com\/OlimarReisen\",\"https:\/\/x.com\/olimarrreisen\",\"https:\/\/www.instagram.com\/olimarreisen\",\"https:\/\/www.youtube.com\/user\/olimarreisen\"]}]}<\/script>\n<!-- \/ Yoast SEO plugin. -->","yoast_head_json":{"title":"Natur und Kultur an der Algarve: Spaziergang auf der \u201ePonta do Medo\u201c","description":"Einen Tag unter dem Motto Natur und Kultur im idyllischen Fischerort Alvor empfiehlt uns Autorin Catrin George Ponciano.","robots":{"index":"index","follow":"follow","max-snippet":"max-snippet:-1","max-image-preview":"max-image-preview:large","max-video-preview":"max-video-preview:-1"},"canonical":"https:\/\/blog.olimar.de\/natur-kultur-algarve\/","og_locale":"de_DE","og_type":"article","og_title":"Natur und Kultur an der Algarve: Spaziergang auf der \u201ePonta do Medo\u201c","og_description":"Einen Tag unter dem Motto Natur und Kultur im idyllischen Fischerort Alvor empfiehlt uns Autorin Catrin George Ponciano.","og_url":"https:\/\/blog.olimar.de\/natur-kultur-algarve\/","article_publisher":"https:\/\/www.facebook.com\/OlimarReisen","article_published_time":"2021-12-23T08:55:47+00:00","article_modified_time":"2024-03-05T08:58:36+00:00","og_image":[{"width":1333,"height":1000,"url":"https:\/\/blog.olimar.de\/wp-content\/uploads\/2021\/12\/Strand-von-Alvor-mit-Blick-yu-sandsteinklippen-nach-OSten.jpg","type":"image\/jpeg"}],"author":"Catrin Ponciano","twitter_misc":{"Verfasst von":"Catrin Ponciano","Gesch\u00e4tzte Lesezeit":"8\u00a0Minuten"},"schema":{"@context":"https:\/\/schema.org","@graph":[{"@type":"WebPage","@id":"https:\/\/blog.olimar.de\/natur-kultur-algarve\/","url":"https:\/\/blog.olimar.de\/natur-kultur-algarve\/","name":"Natur und Kultur an der Algarve: Spaziergang auf der \u201ePonta do Medo\u201c","isPartOf":{"@id":"https:\/\/blog.olimar.de\/#website"},"primaryImageOfPage":{"@id":"https:\/\/blog.olimar.de\/natur-kultur-algarve\/#primaryimage"},"image":{"@id":"https:\/\/blog.olimar.de\/natur-kultur-algarve\/#primaryimage"},"thumbnailUrl":"https:\/\/blog.olimar.de\/wp-content\/uploads\/2021\/12\/Strand-von-Alvor-mit-Blick-yu-sandsteinklippen-nach-OSten.jpg","datePublished":"2021-12-23T08:55:47+00:00","dateModified":"2024-03-05T08:58:36+00:00","description":"Einen Tag unter dem Motto Natur und Kultur im idyllischen Fischerort Alvor empfiehlt uns Autorin Catrin George Ponciano.","breadcrumb":{"@id":"https:\/\/blog.olimar.de\/natur-kultur-algarve\/#breadcrumb"},"inLanguage":"de","potentialAction":[{"@type":"ReadAction","target":["https:\/\/blog.olimar.de\/natur-kultur-algarve\/"]}]},{"@type":"ImageObject","inLanguage":"de","@id":"https:\/\/blog.olimar.de\/natur-kultur-algarve\/#primaryimage","url":"https:\/\/blog.olimar.de\/wp-content\/uploads\/2021\/12\/Strand-von-Alvor-mit-Blick-yu-sandsteinklippen-nach-OSten.jpg","contentUrl":"https:\/\/blog.olimar.de\/wp-content\/uploads\/2021\/12\/Strand-von-Alvor-mit-Blick-yu-sandsteinklippen-nach-OSten.jpg","width":1333,"height":1000,"caption":"Strand von Alvor mit Blick auf Sandsteinklippen nach Osten"},{"@type":"BreadcrumbList","@id":"https:\/\/blog.olimar.de\/natur-kultur-algarve\/#breadcrumb","itemListElement":[{"@type":"ListItem","position":1,"name":"Home","item":"https:\/\/blog.olimar.de\/"},{"@type":"ListItem","position":2,"name":"Aktiv","item":"https:\/\/blog.olimar.de\/tag\/aktiv\/"},{"@type":"ListItem","position":3,"name":"Natur &#038; Kultur an der Algarve: Spaziergang auf der \u201ePonta do Medo\u201c"}]},{"@type":"WebSite","@id":"https:\/\/blog.olimar.de\/#website","url":"https:\/\/blog.olimar.de\/","name":"OLIMAR.com","description":"","publisher":{"@id":"https:\/\/blog.olimar.de\/#organization"},"potentialAction":[{"@type":"SearchAction","target":{"@type":"EntryPoint","urlTemplate":"https:\/\/blog.olimar.de\/?s={search_term_string}"},"query-input":{"@type":"PropertyValueSpecification","valueRequired":true,"valueName":"search_term_string"}}],"inLanguage":"de"},{"@type":"Organization","@id":"https:\/\/blog.olimar.de\/#organization","name":"OLIMAR Reisen","url":"https:\/\/blog.olimar.de\/","logo":{"@type":"ImageObject","inLanguage":"de","@id":"https:\/\/blog.olimar.de\/#\/schema\/logo\/image\/","url":"https:\/\/blog.olimar.de\/wp-content\/uploads\/2021\/01\/OLIMAR_Logo_COLOR.png","contentUrl":"https:\/\/blog.olimar.de\/wp-content\/uploads\/2021\/01\/OLIMAR_Logo_COLOR.png","width":2000,"height":986,"caption":"OLIMAR Reisen"},"image":{"@id":"https:\/\/blog.olimar.de\/#\/schema\/logo\/image\/"},"sameAs":["https:\/\/www.facebook.com\/OlimarReisen","https:\/\/x.com\/olimarrreisen","https:\/\/www.instagram.com\/olimarreisen","https:\/\/www.youtube.com\/user\/olimarreisen"]}]}},"modified_by":"Wiebke Fix","jetpack_featured_media_url":"https:\/\/blog.olimar.de\/wp-content\/uploads\/2021\/12\/Strand-von-Alvor-mit-Blick-yu-sandsteinklippen-nach-OSten.jpg","_links":{"self":[{"href":"https:\/\/blog.olimar.de\/wp-json\/wp\/v2\/posts\/17979","targetHints":{"allow":["GET"]}}],"collection":[{"href":"https:\/\/blog.olimar.de\/wp-json\/wp\/v2\/posts"}],"about":[{"href":"https:\/\/blog.olimar.de\/wp-json\/wp\/v2\/types\/post"}],"author":[{"embeddable":true,"href":"https:\/\/blog.olimar.de\/wp-json\/wp\/v2\/users\/70"}],"replies":[{"embeddable":true,"href":"https:\/\/blog.olimar.de\/wp-json\/wp\/v2\/comments?post=17979"}],"version-history":[{"count":16,"href":"https:\/\/blog.olimar.de\/wp-json\/wp\/v2\/posts\/17979\/revisions"}],"predecessor-version":[{"id":27480,"href":"https:\/\/blog.olimar.de\/wp-json\/wp\/v2\/posts\/17979\/revisions\/27480"}],"wp:featuredmedia":[{"embeddable":true,"href":"https:\/\/blog.olimar.de\/wp-json\/wp\/v2\/media\/17985"}],"wp:attachment":[{"href":"https:\/\/blog.olimar.de\/wp-json\/wp\/v2\/media?parent=17979"}],"wp:term":[{"taxonomy":"category","embeddable":true,"href":"https:\/\/blog.olimar.de\/wp-json\/wp\/v2\/categories?post=17979"},{"taxonomy":"post_tag","embeddable":true,"href":"https:\/\/blog.olimar.de\/wp-json\/wp\/v2\/tags?post=17979"}],"curies":[{"name":"wp","href":"https:\/\/api.w.org\/{rel}","templated":true}]}}