{"id":18095,"date":"2022-01-13T11:47:36","date_gmt":"2022-01-13T10:47:36","guid":{"rendered":"https:\/\/blog.olimar.de\/?p=18095"},"modified":"2024-10-15T12:31:52","modified_gmt":"2024-10-15T11:31:52","slug":"liebe-italienische-kueche","status":"publish","type":"post","link":"https:\/\/blog.olimar.de\/liebe-italienische-kueche\/","title":{"rendered":"Eine Liebesgeschichte am italienischen K\u00fcchenhimmel"},"content":{"rendered":"\n<p><strong>Ab 2022 werden bei OLIMAR zwei neue 5-Sterne Unterk\u00fcnfte am idyllischen Orta See buchbar sein: Das <a href=\"https:\/\/rms.olimar.de\/code\/MXP101\">RELAIS VILLA CRESPI<\/a> und das Aparthotel <a href=\"https:\/\/rms.olimar.de\/code\/MXP102\">LAQUA BY THE LAKE<\/a>. Beide geh\u00f6ren dem Sternepaar am aktuellen italienischen K\u00fcchenhimmel, Cinzia Primatesta und Antonino Cannavacciuolo, sie geb\u00fcrtig vom Orta See, er waschechter Neapolitaner, eine sehr interessante Mischung.<\/strong><\/p>\n\n\n\n<p>Die beeindruckende Gestalt des Medienstars Cannavacciuolo sehe ich inzwischen oft in Kochsendungen und Produktwerbungen des italienischen Fernsehens. Da wollte ich doch ein bisschen mehr wissen und habe die neue Zusammenarbeit als Anlass genommen, etwas hinter die Kulissen zu schauen.<\/p>\n\n\n\n<div class=\"wp-block-jetpack-tiled-gallery aligncenter is-style-rectangular\"><div class=\"tiled-gallery__gallery\"><div class=\"tiled-gallery__row\"><div class=\"tiled-gallery__col\" style=\"flex-basis:51.03285%\"><figure class=\"tiled-gallery__item\"><img decoding=\"async\" alt=\"Antonino Cannavacciuolo\" data-height=\"1000\" data-id=\"18099\" data-link=\"https:\/\/blog.olimar.de\/cannavacciuolo\/\" data-url=\"https:\/\/blog.olimar.de\/wp-content\/uploads\/2022\/01\/Antonino-Cannavacciuolo1.jpg\" data-width=\"666\" src=\"https:\/\/i2.wp.com\/blog.olimar.de\/wp-content\/uploads\/2022\/01\/Antonino-Cannavacciuolo1.jpg?ssl=1\" data-amp-layout=\"responsive\"><\/figure><\/div><div class=\"tiled-gallery__col\" style=\"flex-basis:48.96715%\"><figure class=\"tiled-gallery__item\"><img decoding=\"async\" alt=\"Cinzia Primatesta \" data-height=\"1000\" data-id=\"18100\" data-link=\"https:\/\/blog.olimar.de\/cinzia-primatesta-cannavacciuolo-maitre-de-maison\/\" data-url=\"https:\/\/blog.olimar.de\/wp-content\/uploads\/2022\/01\/Cinzia-Primatesta-Cannavacciuolo-Maitre-de-maison.jpg\" data-width=\"639\" src=\"https:\/\/i1.wp.com\/blog.olimar.de\/wp-content\/uploads\/2022\/01\/Cinzia-Primatesta-Cannavacciuolo-Maitre-de-maison.jpg?ssl=1\" data-amp-layout=\"responsive\"><\/figure><\/div><\/div><\/div><\/div>\n\n\n\n<h2 class=\"wp-block-heading\">Zuf\u00e4llige Begegnung oder doch Schicksal?<\/h2>\n\n\n\n<p>Cinzia ist in Omegna am Orta See in einer Hoteliers Familie geboren, schon ihr Gro\u00dfvater hatte in Pettenasco das Hotel und Restaurant Il Giardinetto er\u00f6ffnet. Nach dem Abschluss der Hotelfachschule in Varallo Sesia arbeitete sie im Ausland, nach ihrer R\u00fcckkehr begann sie ihre Karriere im Hotel L\u2019Approdo in Pettenasco (hatte OLIMAR bis 2015 unter Vertrag).<\/p>\n\n\n\n<p>Antonino dagegen stammt aus Vico Equense (bei Sorrent) und einer Familie, die das Kochen im Blut hat: Der Vater war Lehrer an der Hotelfachschule in Vico Equense und dazu K\u00fcchenchef in verschiedenen Restaurants der Umgebung. Auch Antonino soll sich nach dem Schulabschluss weiterbilden und die Wahl f\u00e4llt auf <a href=\"https:\/\/www.olimar.de\/italien\/norden\/\">Norditalien<\/a>, ausgerechnet auf das Hotel L\u2019Approdo am Orta See. <br>Schicksal? Zufall?<\/p>\n\n\n\n<figure class=\"wp-block-image size-full is-resized\"><img loading=\"lazy\" decoding=\"async\" width=\"597\" height=\"893\" src=\"https:\/\/blog.olimar.de\/wp-content\/uploads\/2022\/01\/Paar.png\" alt=\"Cinzia und Antonino\" class=\"wp-image-18105\" style=\"width:597px;height:893px\" srcset=\"https:\/\/blog.olimar.de\/wp-content\/uploads\/2022\/01\/Paar.png 597w, https:\/\/blog.olimar.de\/wp-content\/uploads\/2022\/01\/Paar-201x300.png 201w\" sizes=\"auto, (max-width: 597px) 100vw, 597px\" \/><figcaption class=\"wp-element-caption\">Cinzia und Antonino<\/figcaption><\/figure>\n\n\n\n<h2 class=\"wp-block-heading\">Der feurige S\u00fcden und der besonnene Norden<\/h2>\n\n\n\n<p>Egal, denn hier beginnt diese sch\u00f6ne Liebesgeschichte, zwischen zwei jungen Menschen, die den feurigen <a href=\"https:\/\/www.olimar.de\/italien\/sueditalien\/\">S\u00fcden Italiens<\/a> mit dem besonnenen Norden zusammenbringt, ein Bund zwischen Hotel und K\u00fcche mit dem gemeinsamen Nenner der sprichw\u00f6rtlich italienischen Gastlichkeit. 1999 beschlie\u00dfen sie gemeinsam den gro\u00dfen Schritt zu wagen und er\u00f6ffnen das Relais Villa Crespi.<\/p>\n\n\n\n<figure class=\"wp-block-image size-full is-resized\"><img loading=\"lazy\" decoding=\"async\" width=\"940\" height=\"788\" src=\"https:\/\/blog.olimar.de\/wp-content\/uploads\/2022\/01\/Relais-Villa-Crespi.png\" alt=\"Relais Villa Crespi\" class=\"wp-image-18102\" style=\"width:705px;height:591px\" srcset=\"https:\/\/blog.olimar.de\/wp-content\/uploads\/2022\/01\/Relais-Villa-Crespi.png 940w, https:\/\/blog.olimar.de\/wp-content\/uploads\/2022\/01\/Relais-Villa-Crespi-300x251.png 300w, https:\/\/blog.olimar.de\/wp-content\/uploads\/2022\/01\/Relais-Villa-Crespi-768x644.png 768w\" sizes=\"auto, (max-width: 940px) 100vw, 940px\" \/><figcaption class=\"wp-element-caption\">Relais Villa Crespi<\/figcaption><\/figure>\n\n\n\n<p>Auf die Frage ob einer von ihnen je daran gedacht h\u00e4tte etwas anderes zu machen, antworten sie kategorisch: nein. Dieser Beruf macht ihre Pers\u00f6nlichkeit aus, daher konnte es keine zweite Wahl geben. Auch die Eltern h\u00e4tten sie beide in ihrer Wahl unterst\u00fctzt und immer an ihre Pl\u00e4ne geglaubt.<\/p>\n\n\n\n<h2 class=\"wp-block-heading\">Konkurrenz in der K\u00fcche?<\/h2>\n\n\n\n<p>So lange die Liebe Norden und S\u00fcden vereinigt ist das romantisch, aber wie geht das in der K\u00fcche? Neugierig will ich nat\u00fcrlich wissen wie man die K\u00fcche aus <a href=\"https:\/\/www.olimar.de\/italien\/kampanien\/\">Kampanien<\/a> mit den Geschm\u00e4ckern und Rezepten aus dem <a href=\"https:\/\/www.olimar.de\/italien\/norden\/piemont\/\">Piemont<\/a> kombiniert. Also doch Konkurrenz in der K\u00fcche? L\u00e4ssiges Kampanien gegen cooles Piemont \u2013 mediterrane Klippen gegen alpine H\u00f6hen &#8211; Meer gegen See? Das haben sie nicht n\u00f6tig, denn jeder hat den anderen immer bei Aufenthalten am jeweiligen Herkunftsort begleitet und sich die Lebensart und Mentalit\u00e4t regelrecht zu Eigen gemacht. Und so sind auch die Zutaten und Rezepte miteinander verschmolzen, ohne dass eine Gegend die andere beherrscht.<\/p>\n\n\n\n<div class=\"wp-block-jetpack-tiled-gallery aligncenter is-style-rectangular\"><div class=\"tiled-gallery__gallery\"><div class=\"tiled-gallery__row\"><div class=\"tiled-gallery__col\" style=\"flex-basis:47.25431%\"><figure class=\"tiled-gallery__item\"><img decoding=\"async\" alt=\"Linguina Calamaretti\" data-height=\"1000\" data-id=\"18101\" data-link=\"https:\/\/blog.olimar.de\/linguina-calamaretti\/\" data-url=\"https:\/\/blog.olimar.de\/wp-content\/uploads\/2022\/01\/Linguina-calamaretti.jpg\" data-width=\"1000\" src=\"https:\/\/i2.wp.com\/blog.olimar.de\/wp-content\/uploads\/2022\/01\/Linguina-calamaretti.jpg?ssl=1\" data-amp-layout=\"responsive\"><\/figure><figure class=\"tiled-gallery__item\"><img decoding=\"async\" alt=\"Kulinarik Orta See\" data-height=\"1000\" data-id=\"18097\" data-link=\"https:\/\/blog.olimar.de\/3t1a9338\/\" data-url=\"https:\/\/blog.olimar.de\/wp-content\/uploads\/2022\/01\/3T1A9338-1024x683.jpg\" data-width=\"1500\" src=\"https:\/\/i2.wp.com\/blog.olimar.de\/wp-content\/uploads\/2022\/01\/3T1A9338-1024x683.jpg?ssl=1\" data-amp-layout=\"responsive\"><\/figure><\/div><div class=\"tiled-gallery__col\" style=\"flex-basis:52.74569%\"><figure class=\"tiled-gallery__item\"><img decoding=\"async\" alt=\"Kulinarik Orta See\" data-height=\"1000\" data-id=\"18103\" data-link=\"https:\/\/blog.olimar.de\/3t1a8888\/\" data-url=\"https:\/\/blog.olimar.de\/wp-content\/uploads\/2022\/01\/3T1A8888.jpg\" data-width=\"666\" src=\"https:\/\/i0.wp.com\/blog.olimar.de\/wp-content\/uploads\/2022\/01\/3T1A8888.jpg?ssl=1\" data-amp-layout=\"responsive\"><\/figure><\/div><\/div><\/div><\/div>\n\n\n\n<p>Sowohl in <a href=\"https:\/\/www.olimar.de\/italien\/\">Italien<\/a> als auch in Deutschland gibt es Probleme wegen mangelnden Nachwuchses bei K\u00f6chen. Wir fragen was Cinzia und Antonino jungen Leuten, die sich f\u00fcr diesen Beruf interessieren mit auf den Weg geben m\u00f6chten: Nie mit der Stoppuhr an die Arbeit gehen, denn es z\u00e4hlt nicht die Zeit, die aufgewendet wird, sondern das Endergebnis. Wenn man sich mit echter \u00dcberzeugung einbringt wird einen das Resultat f\u00fcr die aufgewendete Zeit und Kraft entsch\u00e4digen. Wenn man zum Schluss sagen kann \u00abes hat sich gelohnt\u00bb dann ist man auf dem richtigen Weg.<\/p>\n\n\n\n<figure class=\"wp-block-image size-full is-resized\"><img loading=\"lazy\" decoding=\"async\" width=\"750\" height=\"1000\" src=\"https:\/\/blog.olimar.de\/wp-content\/uploads\/2022\/01\/0009_Viaa-17.jpg\" alt=\"Cocktail\" class=\"wp-image-18098\" style=\"width:563px;height:750px\" srcset=\"https:\/\/blog.olimar.de\/wp-content\/uploads\/2022\/01\/0009_Viaa-17.jpg 750w, https:\/\/blog.olimar.de\/wp-content\/uploads\/2022\/01\/0009_Viaa-17-225x300.jpg 225w, https:\/\/blog.olimar.de\/wp-content\/uploads\/2022\/01\/0009_Viaa-17-420x560.jpg 420w\" sizes=\"auto, (max-width: 750px) 100vw, 750px\" \/><\/figure>\n\n\n\n<p>Wer etwas von dieser Geschichte und der Philosophie der Gastlichkeit erfahren m\u00f6chte der ist im Relais Villa Crespi und Laqua by the Lake bestens aufgehoben. Der Orta See liegt nur ca. 60 km hinter der Schweizer Grenze zu Italien und ist damit bequem aus der ganzen Westschweiz und aus S\u00fcdwestdeutschland mit dem Auto erreichbar. Mit dem Eurocity ab Basel und einmal umsteigen in italienischen Regionalverkehr kann man den Bahnhof in Pettenasco in knapp 4,5 Stunden anfahren.<\/p>\n\n\n\n<h2 class=\"wp-block-heading\">OLIMAR Tipp<\/h2>\n\n\n\n<p>Die <a href=\"https:\/\/www.olimar.de\/italien\/norden\/oberitalienische-seen\/\">Oberitalienischen Seen<\/a> verzaubern mit einer malerischen Wasser- und Landschaftssch\u00f6nheit. Besonders reizvoll ist neben dem Orta See auch der Comer See. N\u00f6rdlich des Gew\u00e4ssers, am \u00f6stlichen Ortsrand von Gravedona, erwartet Sie das <a href=\"https:\/\/rms.olimar.de\/code\/MXP250\">HOTEL REGINA<\/a>. Erst vor Kurzem wurde das von der Besitzerfamilie pers\u00f6nlich gef\u00fchrte Boutique-Hotel umfassend renoviert. Das charmante Haus zeichnet sich vor allem durch seine traumhafte Panoramalage direkt am Seeufer mit eigenem Privatstrand aus. Ganz besondere Ferien verbringt man auch am Lago Maggiore im <a href=\"https:\/\/rms.olimar.de\/code\/MXP013\">GLAMPING IL BORGO DELLE ARTI<\/a>. Wer Ruhe abseits der Massen sucht, hat mit diesem Haus den perfekten Ort gefunden denn: es ist inmitten der wundersch\u00f6nen Kulisse der Berge des Piemont und genau auf der Landzunge zwischen dem Lago Maggiore und dem kleinen und unbekannten Lago di Mergozzo gelegen. Hier befindet man sich au\u00dferhalb der meistbesuchten und vollen Orte des Lago Maggiore. Ein weiteres Hotel, das wir empfehlen, ist das <a href=\"https:\/\/rms.olimar.de\/code\/VRN205\">HOTEL RELAIS CORTE CAVALLI<\/a> am Gardasee. Das restaurierte Landgut aus dem 18. Jahrhundert punktet mit Charme und vor allem absoluter Ruhe. Umgeben von Feldern und Weinbergen, logiert man hier im sanften H\u00fcgelland der Lugana. Beim Sonnenbad am Swimmingpool l\u00e4sst sich der Blick auf gr\u00fcne H\u00fcgel ringsum genie\u00dfen.\u00a0<\/p>\n","protected":false},"excerpt":{"rendered":"<p>Seit 2022 sind bei OLIMAR zwei neue 5-Sterne Unterk\u00fcnfte am idyllischen Orta See buchbar: Das RELAIS VILLA CRESPI und das Aparthotel LAQUA BY THE LAKE. Beide geh\u00f6ren dem Sternepaar am aktuellen italienischen K\u00fcchenhimmel, Cinzia Primatesta und Antonino Cannavacciuolo.<\/p>\n","protected":false},"author":18,"featured_media":18116,"comment_status":"open","ping_status":"open","sticky":false,"template":"","format":"standard","meta":{"_crdt_document":"","_lmt_disableupdate":"","_lmt_disable":"","footnotes":""},"categories":[31],"tags":[208,225,258,149,20],"class_list":["post-18095","post","type-post","status-publish","format-standard","has-post-thumbnail","hentry","category-land-leute","tag-kulinarik","tag-land-und-leute","tag-norditalien","tag-oberitalienische-seen","tag-slider"],"yoast_head":"<!-- This site is optimized with the Yoast SEO plugin v26.9 - https:\/\/yoast.com\/product\/yoast-seo-wordpress\/ -->\n<title>Eine Liebesgeschichte am italienischen K\u00fcchenhimmel<\/title>\n<meta name=\"description\" content=\"Ab 2022 sind bei OLIMAR zwei neue 5-Sterne Unterk\u00fcnfte am Orta See buchbar. Beide geh\u00f6ren dem Sternepaar am italienischen K\u00fcchenhimmel.\" \/>\n<meta name=\"robots\" content=\"index, follow, max-snippet:-1, max-image-preview:large, max-video-preview:-1\" \/>\n<link rel=\"canonical\" href=\"https:\/\/blog.olimar.de\/liebe-italienische-kueche\/\" \/>\n<meta property=\"og:locale\" content=\"de_DE\" \/>\n<meta property=\"og:type\" content=\"article\" \/>\n<meta property=\"og:title\" content=\"Eine Liebesgeschichte am italienischen K\u00fcchenhimmel\" \/>\n<meta property=\"og:description\" content=\"Ab 2022 sind bei OLIMAR zwei neue 5-Sterne Unterk\u00fcnfte am Orta See buchbar. Beide geh\u00f6ren dem Sternepaar am italienischen K\u00fcchenhimmel.\" \/>\n<meta property=\"og:url\" content=\"https:\/\/blog.olimar.de\/liebe-italienische-kueche\/\" \/>\n<meta property=\"article:publisher\" content=\"https:\/\/www.facebook.com\/OlimarReisen\" \/>\n<meta property=\"article:published_time\" content=\"2022-01-13T10:47:36+00:00\" \/>\n<meta property=\"article:modified_time\" content=\"2024-10-15T11:31:52+00:00\" \/>\n<meta property=\"og:image\" content=\"https:\/\/blog.olimar.de\/wp-content\/uploads\/2022\/01\/IT-OberitalienischeSeen-Ortasee-32837822-c-Wira91-Fotolia.jpg\" \/>\n\t<meta property=\"og:image:width\" content=\"1370\" \/>\n\t<meta property=\"og:image:height\" content=\"1000\" \/>\n\t<meta property=\"og:image:type\" content=\"image\/jpeg\" \/>\n<meta name=\"author\" content=\"Viorica Schmidinger\" \/>\n<meta name=\"twitter:label1\" content=\"Verfasst von\" \/>\n\t<meta name=\"twitter:data1\" content=\"Viorica Schmidinger\" \/>\n\t<meta name=\"twitter:label2\" content=\"Gesch\u00e4tzte Lesezeit\" \/>\n\t<meta name=\"twitter:data2\" content=\"6\u00a0Minuten\" \/>\n<script type=\"application\/ld+json\" class=\"yoast-schema-graph\">{\"@context\":\"https:\/\/schema.org\",\"@graph\":[{\"@type\":\"WebPage\",\"@id\":\"https:\/\/blog.olimar.de\/liebe-italienische-kueche\/\",\"url\":\"https:\/\/blog.olimar.de\/liebe-italienische-kueche\/\",\"name\":\"Eine Liebesgeschichte am italienischen K\u00fcchenhimmel\",\"isPartOf\":{\"@id\":\"https:\/\/blog.olimar.de\/#website\"},\"primaryImageOfPage\":{\"@id\":\"https:\/\/blog.olimar.de\/liebe-italienische-kueche\/#primaryimage\"},\"image\":{\"@id\":\"https:\/\/blog.olimar.de\/liebe-italienische-kueche\/#primaryimage\"},\"thumbnailUrl\":\"https:\/\/blog.olimar.de\/wp-content\/uploads\/2022\/01\/IT-OberitalienischeSeen-Ortasee-32837822-c-Wira91-Fotolia.jpg\",\"datePublished\":\"2022-01-13T10:47:36+00:00\",\"dateModified\":\"2024-10-15T11:31:52+00:00\",\"description\":\"Ab 2022 sind bei OLIMAR zwei neue 5-Sterne Unterk\u00fcnfte am Orta See buchbar. Beide geh\u00f6ren dem Sternepaar am italienischen K\u00fcchenhimmel.\",\"breadcrumb\":{\"@id\":\"https:\/\/blog.olimar.de\/liebe-italienische-kueche\/#breadcrumb\"},\"inLanguage\":\"de\",\"potentialAction\":[{\"@type\":\"ReadAction\",\"target\":[\"https:\/\/blog.olimar.de\/liebe-italienische-kueche\/\"]}]},{\"@type\":\"ImageObject\",\"inLanguage\":\"de\",\"@id\":\"https:\/\/blog.olimar.de\/liebe-italienische-kueche\/#primaryimage\",\"url\":\"https:\/\/blog.olimar.de\/wp-content\/uploads\/2022\/01\/IT-OberitalienischeSeen-Ortasee-32837822-c-Wira91-Fotolia.jpg\",\"contentUrl\":\"https:\/\/blog.olimar.de\/wp-content\/uploads\/2022\/01\/IT-OberitalienischeSeen-Ortasee-32837822-c-Wira91-Fotolia.jpg\",\"width\":1370,\"height\":1000,\"caption\":\"Orta See Norditalien\"},{\"@type\":\"BreadcrumbList\",\"@id\":\"https:\/\/blog.olimar.de\/liebe-italienische-kueche\/#breadcrumb\",\"itemListElement\":[{\"@type\":\"ListItem\",\"position\":1,\"name\":\"Home\",\"item\":\"https:\/\/blog.olimar.de\/\"},{\"@type\":\"ListItem\",\"position\":2,\"name\":\"Kulinarik\",\"item\":\"https:\/\/blog.olimar.de\/tag\/kulinarik\/\"},{\"@type\":\"ListItem\",\"position\":3,\"name\":\"Eine Liebesgeschichte am italienischen K\u00fcchenhimmel\"}]},{\"@type\":\"WebSite\",\"@id\":\"https:\/\/blog.olimar.de\/#website\",\"url\":\"https:\/\/blog.olimar.de\/\",\"name\":\"OLIMAR.com\",\"description\":\"\",\"publisher\":{\"@id\":\"https:\/\/blog.olimar.de\/#organization\"},\"potentialAction\":[{\"@type\":\"SearchAction\",\"target\":{\"@type\":\"EntryPoint\",\"urlTemplate\":\"https:\/\/blog.olimar.de\/?s={search_term_string}\"},\"query-input\":{\"@type\":\"PropertyValueSpecification\",\"valueRequired\":true,\"valueName\":\"search_term_string\"}}],\"inLanguage\":\"de\"},{\"@type\":\"Organization\",\"@id\":\"https:\/\/blog.olimar.de\/#organization\",\"name\":\"OLIMAR Reisen\",\"url\":\"https:\/\/blog.olimar.de\/\",\"logo\":{\"@type\":\"ImageObject\",\"inLanguage\":\"de\",\"@id\":\"https:\/\/blog.olimar.de\/#\/schema\/logo\/image\/\",\"url\":\"https:\/\/blog.olimar.de\/wp-content\/uploads\/2021\/01\/OLIMAR_Logo_COLOR.png\",\"contentUrl\":\"https:\/\/blog.olimar.de\/wp-content\/uploads\/2021\/01\/OLIMAR_Logo_COLOR.png\",\"width\":2000,\"height\":986,\"caption\":\"OLIMAR Reisen\"},\"image\":{\"@id\":\"https:\/\/blog.olimar.de\/#\/schema\/logo\/image\/\"},\"sameAs\":[\"https:\/\/www.facebook.com\/OlimarReisen\",\"https:\/\/x.com\/olimarrreisen\",\"https:\/\/www.instagram.com\/olimarreisen\",\"https:\/\/www.youtube.com\/user\/olimarreisen\"]}]}<\/script>\n<!-- \/ Yoast SEO plugin. -->","yoast_head_json":{"title":"Eine Liebesgeschichte am italienischen K\u00fcchenhimmel","description":"Ab 2022 sind bei OLIMAR zwei neue 5-Sterne Unterk\u00fcnfte am Orta See buchbar. Beide geh\u00f6ren dem Sternepaar am italienischen K\u00fcchenhimmel.","robots":{"index":"index","follow":"follow","max-snippet":"max-snippet:-1","max-image-preview":"max-image-preview:large","max-video-preview":"max-video-preview:-1"},"canonical":"https:\/\/blog.olimar.de\/liebe-italienische-kueche\/","og_locale":"de_DE","og_type":"article","og_title":"Eine Liebesgeschichte am italienischen K\u00fcchenhimmel","og_description":"Ab 2022 sind bei OLIMAR zwei neue 5-Sterne Unterk\u00fcnfte am Orta See buchbar. Beide geh\u00f6ren dem Sternepaar am italienischen K\u00fcchenhimmel.","og_url":"https:\/\/blog.olimar.de\/liebe-italienische-kueche\/","article_publisher":"https:\/\/www.facebook.com\/OlimarReisen","article_published_time":"2022-01-13T10:47:36+00:00","article_modified_time":"2024-10-15T11:31:52+00:00","og_image":[{"width":1370,"height":1000,"url":"https:\/\/blog.olimar.de\/wp-content\/uploads\/2022\/01\/IT-OberitalienischeSeen-Ortasee-32837822-c-Wira91-Fotolia.jpg","type":"image\/jpeg"}],"author":"Viorica Schmidinger","twitter_misc":{"Verfasst von":"Viorica Schmidinger","Gesch\u00e4tzte Lesezeit":"6\u00a0Minuten"},"schema":{"@context":"https:\/\/schema.org","@graph":[{"@type":"WebPage","@id":"https:\/\/blog.olimar.de\/liebe-italienische-kueche\/","url":"https:\/\/blog.olimar.de\/liebe-italienische-kueche\/","name":"Eine Liebesgeschichte am italienischen K\u00fcchenhimmel","isPartOf":{"@id":"https:\/\/blog.olimar.de\/#website"},"primaryImageOfPage":{"@id":"https:\/\/blog.olimar.de\/liebe-italienische-kueche\/#primaryimage"},"image":{"@id":"https:\/\/blog.olimar.de\/liebe-italienische-kueche\/#primaryimage"},"thumbnailUrl":"https:\/\/blog.olimar.de\/wp-content\/uploads\/2022\/01\/IT-OberitalienischeSeen-Ortasee-32837822-c-Wira91-Fotolia.jpg","datePublished":"2022-01-13T10:47:36+00:00","dateModified":"2024-10-15T11:31:52+00:00","description":"Ab 2022 sind bei OLIMAR zwei neue 5-Sterne Unterk\u00fcnfte am Orta See buchbar. Beide geh\u00f6ren dem Sternepaar am italienischen K\u00fcchenhimmel.","breadcrumb":{"@id":"https:\/\/blog.olimar.de\/liebe-italienische-kueche\/#breadcrumb"},"inLanguage":"de","potentialAction":[{"@type":"ReadAction","target":["https:\/\/blog.olimar.de\/liebe-italienische-kueche\/"]}]},{"@type":"ImageObject","inLanguage":"de","@id":"https:\/\/blog.olimar.de\/liebe-italienische-kueche\/#primaryimage","url":"https:\/\/blog.olimar.de\/wp-content\/uploads\/2022\/01\/IT-OberitalienischeSeen-Ortasee-32837822-c-Wira91-Fotolia.jpg","contentUrl":"https:\/\/blog.olimar.de\/wp-content\/uploads\/2022\/01\/IT-OberitalienischeSeen-Ortasee-32837822-c-Wira91-Fotolia.jpg","width":1370,"height":1000,"caption":"Orta See Norditalien"},{"@type":"BreadcrumbList","@id":"https:\/\/blog.olimar.de\/liebe-italienische-kueche\/#breadcrumb","itemListElement":[{"@type":"ListItem","position":1,"name":"Home","item":"https:\/\/blog.olimar.de\/"},{"@type":"ListItem","position":2,"name":"Kulinarik","item":"https:\/\/blog.olimar.de\/tag\/kulinarik\/"},{"@type":"ListItem","position":3,"name":"Eine Liebesgeschichte am italienischen K\u00fcchenhimmel"}]},{"@type":"WebSite","@id":"https:\/\/blog.olimar.de\/#website","url":"https:\/\/blog.olimar.de\/","name":"OLIMAR.com","description":"","publisher":{"@id":"https:\/\/blog.olimar.de\/#organization"},"potentialAction":[{"@type":"SearchAction","target":{"@type":"EntryPoint","urlTemplate":"https:\/\/blog.olimar.de\/?s={search_term_string}"},"query-input":{"@type":"PropertyValueSpecification","valueRequired":true,"valueName":"search_term_string"}}],"inLanguage":"de"},{"@type":"Organization","@id":"https:\/\/blog.olimar.de\/#organization","name":"OLIMAR Reisen","url":"https:\/\/blog.olimar.de\/","logo":{"@type":"ImageObject","inLanguage":"de","@id":"https:\/\/blog.olimar.de\/#\/schema\/logo\/image\/","url":"https:\/\/blog.olimar.de\/wp-content\/uploads\/2021\/01\/OLIMAR_Logo_COLOR.png","contentUrl":"https:\/\/blog.olimar.de\/wp-content\/uploads\/2021\/01\/OLIMAR_Logo_COLOR.png","width":2000,"height":986,"caption":"OLIMAR Reisen"},"image":{"@id":"https:\/\/blog.olimar.de\/#\/schema\/logo\/image\/"},"sameAs":["https:\/\/www.facebook.com\/OlimarReisen","https:\/\/x.com\/olimarrreisen","https:\/\/www.instagram.com\/olimarreisen","https:\/\/www.youtube.com\/user\/olimarreisen"]}]}},"modified_by":"Wiebke Fix","jetpack_featured_media_url":"https:\/\/blog.olimar.de\/wp-content\/uploads\/2022\/01\/IT-OberitalienischeSeen-Ortasee-32837822-c-Wira91-Fotolia.jpg","_links":{"self":[{"href":"https:\/\/blog.olimar.de\/wp-json\/wp\/v2\/posts\/18095","targetHints":{"allow":["GET"]}}],"collection":[{"href":"https:\/\/blog.olimar.de\/wp-json\/wp\/v2\/posts"}],"about":[{"href":"https:\/\/blog.olimar.de\/wp-json\/wp\/v2\/types\/post"}],"author":[{"embeddable":true,"href":"https:\/\/blog.olimar.de\/wp-json\/wp\/v2\/users\/18"}],"replies":[{"embeddable":true,"href":"https:\/\/blog.olimar.de\/wp-json\/wp\/v2\/comments?post=18095"}],"version-history":[{"count":15,"href":"https:\/\/blog.olimar.de\/wp-json\/wp\/v2\/posts\/18095\/revisions"}],"predecessor-version":[{"id":28022,"href":"https:\/\/blog.olimar.de\/wp-json\/wp\/v2\/posts\/18095\/revisions\/28022"}],"wp:featuredmedia":[{"embeddable":true,"href":"https:\/\/blog.olimar.de\/wp-json\/wp\/v2\/media\/18116"}],"wp:attachment":[{"href":"https:\/\/blog.olimar.de\/wp-json\/wp\/v2\/media?parent=18095"}],"wp:term":[{"taxonomy":"category","embeddable":true,"href":"https:\/\/blog.olimar.de\/wp-json\/wp\/v2\/categories?post=18095"},{"taxonomy":"post_tag","embeddable":true,"href":"https:\/\/blog.olimar.de\/wp-json\/wp\/v2\/tags?post=18095"}],"curies":[{"name":"wp","href":"https:\/\/api.w.org\/{rel}","templated":true}]}}