{"id":18197,"date":"2022-02-02T10:46:37","date_gmt":"2022-02-02T09:46:37","guid":{"rendered":"https:\/\/blog.olimar.de\/?p=18197"},"modified":"2024-03-12T17:11:39","modified_gmt":"2024-03-12T16:11:39","slug":"biken-katalonien","status":"publish","type":"post","link":"https:\/\/blog.olimar.de\/biken-katalonien\/","title":{"rendered":"Biken in den Bergen Kataloniens"},"content":{"rendered":"\n<p><strong>Eine Radtour in den katalanischen Pyren\u00e4en begleitet von Radprofi Gerard ist ein echter Genuss. Die Touren rund um die Bergd\u00f6rfer machen richtig Spa\u00df. Nur f\u00fcr das Highlight, den Nationalpark Aig\u00fcestortes, m\u00fcssen die Bikes drau\u00dfen bleiben.<\/strong><\/p>\n\n\n\n<div class=\"wp-block-buttons is-layout-flex wp-block-buttons-is-layout-flex\">\n<div class=\"wp-block-button\"><a class=\"wp-block-button__link wp-element-button\" href=\"https:\/\/www.olimar.de\/spanien\/katalonien\/\">Katalonien Reiseangebote und Hoteltipps entdecken<\/a><\/div>\n<\/div>\n\n\n\n<h2>Training am See Ivars<\/h2>\n\n\n\n<p>Weite Fl\u00e4che soweit das Auge reicht. Auf den \u00c4sten toter B\u00e4ume sonnen sich Haubentaucher und Rohrs\u00e4nger. Im Wasser schwimmen fette Karpfen. Und an der H\u00fctte f\u00fcr Vogelbeobachtungen haben Biker ihre R\u00e4der abgestellt und stellen fest: Es ist Oktober, die St\u00f6rche sind schon weiter nach S\u00fcden gezogen.<\/p>\n\n\n\n<p>Uns dagegen zieht es nach Norden. Mitten in die Bergwelt der katalanischen Pyren\u00e4en. Und daf\u00fcr ist so ein Aufw\u00e4rmtraining am Ivars-See ziemlich gut. Der Estany d&#8217;Ivars ist zwar der gr\u00f6\u00dfte Binnensee <a href=\"https:\/\/www.olimar.de\/spanien\/katalonien\/\">Kataloniens<\/a>, aber mit dem Fahrrad hat man ihn nach gut sechs Kilometern umrundet. Die Tour ist flach und vor allem mit dem E-Bike leicht. Doch weiter oben, ab Pobla de Segur, geht es zur Sache.<\/p>\n\n\n\n<figure class=\"wp-block-image size-large is-resized\"><img loading=\"lazy\" decoding=\"async\" src=\"https:\/\/blog.olimar.de\/wp-content\/uploads\/2022\/02\/ES-Barcelona-SagradaFamilia-c-41069127-MasterLu-Fotolia_Silversurfer7-1024x683.jpg\" alt=\"Sagrada Familia Barcelona\" class=\"wp-image-18212\" width=\"768\" height=\"512\" srcset=\"https:\/\/blog.olimar.de\/wp-content\/uploads\/2022\/02\/ES-Barcelona-SagradaFamilia-c-41069127-MasterLu-Fotolia_Silversurfer7-1024x683.jpg 1024w, https:\/\/blog.olimar.de\/wp-content\/uploads\/2022\/02\/ES-Barcelona-SagradaFamilia-c-41069127-MasterLu-Fotolia_Silversurfer7-300x200.jpg 300w, https:\/\/blog.olimar.de\/wp-content\/uploads\/2022\/02\/ES-Barcelona-SagradaFamilia-c-41069127-MasterLu-Fotolia_Silversurfer7-768x512.jpg 768w, https:\/\/blog.olimar.de\/wp-content\/uploads\/2022\/02\/ES-Barcelona-SagradaFamilia-c-41069127-MasterLu-Fotolia_Silversurfer7-1536x1024.jpg 1536w, https:\/\/blog.olimar.de\/wp-content\/uploads\/2022\/02\/ES-Barcelona-SagradaFamilia-c-41069127-MasterLu-Fotolia_Silversurfer7-2048x1365.jpg 2048w, https:\/\/blog.olimar.de\/wp-content\/uploads\/2022\/02\/ES-Barcelona-SagradaFamilia-c-41069127-MasterLu-Fotolia_Silversurfer7-840x560.jpg 840w, https:\/\/blog.olimar.de\/wp-content\/uploads\/2022\/02\/ES-Barcelona-SagradaFamilia-c-41069127-MasterLu-Fotolia_Silversurfer7-1200x800.jpg 1200w\" sizes=\"auto, (max-width: 768px) 100vw, 768px\" \/><\/figure>\n\n\n\n<p>Guide Gerard aus der katalanischen Stadt Vic ist unser Begleiter. Wir waren nach <a href=\"https:\/\/www.olimar.de\/spanien\/barcelona\/\">Barcelona<\/a> geflogen und hatten nach einer \u00dcbernachtung und Visite der Sagrada Familia das unternommen, was Barcelonesen selber gerne tun: Frische Pyren\u00e4enluft schnuppern auf einer Fahrradtour.<\/p>\n\n\n\n<h2>Touren ab Pobla de Segur<\/h2>\n\n\n\n<p>Pobla de Segur, eine kleine Gemeinde am Fu\u00df der Pyren\u00e4enberge, ist ein besonders sch\u00f6ner Startpunkt f\u00fcr Touren durch die Katalanischen Pyren\u00e4en. Der Bergort, in dem der Fu\u00dfballer Carles Puyol zur Welt kam, hat einen Bahnanschluss und vor allem ein wunderbares Museum, in dem Gro\u00df und Klein einen \u00dcberblick \u00fcber die Natur bekommen. \u00dcber die Birken, Waldkiefern und Tannenw\u00e4lder, durch die wir gleich mit Gerard fahren werden, w\u00e4hrend am Wegrand die Dohlen mit ihren gelblichen Schn\u00e4beln aufflattern. \u00dcber die Steinadler im nahen Nationalpark Aig\u00fcestortes und \u00fcber die D\u00f6rfer und Quellen, die wir besuchen werden.<\/p>\n\n\n\n<h2 class=\"wp-block-heading\">Gerards Team<\/h2>\n\n\n\n<p>Gerard hat uns E-Bikes zur Verf\u00fcgung gestellt, mit Bosch-Antrieb, jedes einzelne Rad rund 10.000 Euro teuer. Und auch wenn wir ge\u00fcbte Radfahrer sind, die guten Wege zu den umliegenden Orten Torallola und Sensui haben ganz ordentliche H\u00f6henunterschiede. Wir schalten gleich mal auf \u201eSport\u201c.<\/p>\n\n\n\n<p>Vor 65 Millionen Jahren war es zur sogenannten Alpinischen Gebirgsbildungsphase gekommen, deren Ergebnis wir heute per Rad erkunden &#8211; mit den hohen Gipfeln der Provinzen Huesca und Lleida zur rechten.<\/p>\n\n\n\n<figure class=\"wp-block-image size-large is-resized\"><img loading=\"lazy\" decoding=\"async\" src=\"https:\/\/blog.olimar.de\/wp-content\/uploads\/2022\/02\/manuel-lopez-yYgLn2mMcM0-unsplash-1024x684.jpg\" alt=\"Huesca Spanien\" class=\"wp-image-18216\" width=\"768\" height=\"513\" srcset=\"https:\/\/blog.olimar.de\/wp-content\/uploads\/2022\/02\/manuel-lopez-yYgLn2mMcM0-unsplash-1024x684.jpg 1024w, https:\/\/blog.olimar.de\/wp-content\/uploads\/2022\/02\/manuel-lopez-yYgLn2mMcM0-unsplash-300x200.jpg 300w, https:\/\/blog.olimar.de\/wp-content\/uploads\/2022\/02\/manuel-lopez-yYgLn2mMcM0-unsplash-768x513.jpg 768w, https:\/\/blog.olimar.de\/wp-content\/uploads\/2022\/02\/manuel-lopez-yYgLn2mMcM0-unsplash-840x560.jpg 840w, https:\/\/blog.olimar.de\/wp-content\/uploads\/2022\/02\/manuel-lopez-yYgLn2mMcM0-unsplash-1200x800.jpg 1200w, https:\/\/blog.olimar.de\/wp-content\/uploads\/2022\/02\/manuel-lopez-yYgLn2mMcM0-unsplash.jpg 1498w\" sizes=\"auto, (max-width: 768px) 100vw, 768px\" \/><figcaption class=\"wp-element-caption\">Die an Katalonien angrenzende Provinz Huesca im Arag\u00f3n<\/figcaption><\/figure>\n\n\n\n<p>Jetzt stehe ich mit meinem Guide am Wegrand und trinke erst einmal einen Schluck aus dem eiskalten, glasklaren Quellwasser. Der Katalane, der wie seine Kollegen hervorragend Englisch spricht, sagt: \u201eWei\u00dft Du Tobias, das Tolle hier sind die Bergp\u00e4sse, die verkehrsarmen, gut ausgebauten Stra\u00dfen, das gute Wetter von April bis Oktober, und nat\u00fcrlich unsere wunderbare Gastronomie\u201c. Er reicht mir ein St\u00fcck Fuet-Wurst und witzelt: \u201eDu bist \u00fcbrigens nicht der \u00e4lteste Kunde, den ich je begleitet habe. Der Jahrgang 1946 war auch schon dabei. Wir haben f\u00fcr alle etwas im Angebot, f\u00fcr Anf\u00e4nger und Profis, f\u00fcr Jung und Alt\u201c.<\/p>\n\n\n\n<figure class=\"wp-block-image size-large is-resized\"><img loading=\"lazy\" decoding=\"async\" src=\"https:\/\/blog.olimar.de\/wp-content\/uploads\/2022\/02\/manuel-torres-garcia-ff32zKDgzY0-unsplash-1024x683.jpg\" alt=\"Wasserfall im Nationalpark Aig\u00fcastortes\" class=\"wp-image-18208\" width=\"768\" height=\"512\" srcset=\"https:\/\/blog.olimar.de\/wp-content\/uploads\/2022\/02\/manuel-torres-garcia-ff32zKDgzY0-unsplash-1024x683.jpg 1024w, https:\/\/blog.olimar.de\/wp-content\/uploads\/2022\/02\/manuel-torres-garcia-ff32zKDgzY0-unsplash-300x200.jpg 300w, https:\/\/blog.olimar.de\/wp-content\/uploads\/2022\/02\/manuel-torres-garcia-ff32zKDgzY0-unsplash-768x512.jpg 768w, https:\/\/blog.olimar.de\/wp-content\/uploads\/2022\/02\/manuel-torres-garcia-ff32zKDgzY0-unsplash-840x560.jpg 840w, https:\/\/blog.olimar.de\/wp-content\/uploads\/2022\/02\/manuel-torres-garcia-ff32zKDgzY0-unsplash-1200x800.jpg 1200w, https:\/\/blog.olimar.de\/wp-content\/uploads\/2022\/02\/manuel-torres-garcia-ff32zKDgzY0-unsplash.jpg 1499w\" sizes=\"auto, (max-width: 768px) 100vw, 768px\" \/><figcaption class=\"wp-element-caption\">Wasserfall im Nationalpark Aig\u00fcastortes<\/figcaption><\/figure>\n\n\n\n<p>Gerard und sein Team bieten verschiedene <a href=\"https:\/\/cataloniabiketours.com\/\">Touren<\/a> an. Sie k\u00fcmmern sich dabei nicht nur um die professionelle Begleitung im modernen Transporter-Bus, sondern reservieren auch die urigsten Restaurants und die Bergunterk\u00fcnfte. Und das zu Preisen, von denen man in den Alpen nur tr\u00e4umen kann. Ihr Ruf ist so gut, dass sogar das Katalanische Fremdenverkehrsamt in Frankfurt die Dienste in Anspruch nimmt.<\/p>\n\n\n\n<h2 class=\"wp-block-heading\">Am Routenrand<\/h2>\n\n\n\n<p>Nach der vierst\u00fcndigen Tour hat das Team Gerhard Hunger, es gibt Snacks und Getr\u00e4nke. Sp\u00e4ter kommen wir an dem Bergort <a href=\"https:\/\/www.spanien-reisemagazin.de\/kunst-und-kultur\/der-helm-des-quijote.html\">Sal\u00e0s de Pallars<\/a> vorbei, einem der sch\u00f6nsten Bergd\u00f6rfer der Provinz Lleida. Eine Visite macht schon deshalb Spa\u00df, weil rund um den Hauptplatz buchst\u00e4blich alles noch aussieht wie vor 100 Jahren.<\/p>\n\n\n\n<p>Der Friseursalon, die Apotheke, der Tante-Emma-Laden sind nicht zum Haare schneiden, Aspirin oder Seife kaufen da. Vielmehr zeigen sie als Minimuseen die Produkte und Ger\u00e4tschaften aus einer Zeit, als das Leben in den Hochpyren\u00e4en zwar hart war, es aber schon Zigarren aus Kuba gab.<\/p>\n\n\n\n<p>Biken und Sightseeing machen hungrig. Und so kommen wir gegen 14 Uhr zur typischen Mittagsesszeit in Spanien in ein wunderbares Restaurant am See: Im <a href=\"http:\/\/www.hotelterradets.com\/en\/restaurant\">Restaurant Terradets <\/a>probieren wir Schnecken, die Nudelpaella Fideu\u00e0 und trockenen Rotwein aus der Traube Pinot Noir. Gerard stellt sich nun auch noch als kulinarischer Fachmann heraus: \u201eDie katalanische K\u00fcche lebt von Oliven\u00f6l und Wein im \u00dcberfluss. Und ich selber liebe unser typisches Brot mit Tomate und Wurst und die leckeren Bohnen aus Santa Pau.\u201c<\/p>\n\n\n\n<figure class=\"wp-block-image size-large is-resized\"><img loading=\"lazy\" decoding=\"async\" src=\"https:\/\/blog.olimar.de\/wp-content\/uploads\/2022\/02\/guide-gerard-in-aktion-1024x683.jpg\" alt=\"Guide Gerard in Aktion\" class=\"wp-image-18202\" width=\"768\" height=\"512\" srcset=\"https:\/\/blog.olimar.de\/wp-content\/uploads\/2022\/02\/guide-gerard-in-aktion-1024x683.jpg 1024w, https:\/\/blog.olimar.de\/wp-content\/uploads\/2022\/02\/guide-gerard-in-aktion-300x200.jpg 300w, https:\/\/blog.olimar.de\/wp-content\/uploads\/2022\/02\/guide-gerard-in-aktion-768x512.jpg 768w, https:\/\/blog.olimar.de\/wp-content\/uploads\/2022\/02\/guide-gerard-in-aktion-1536x1024.jpg 1536w, https:\/\/blog.olimar.de\/wp-content\/uploads\/2022\/02\/guide-gerard-in-aktion-2048x1365.jpg 2048w, https:\/\/blog.olimar.de\/wp-content\/uploads\/2022\/02\/guide-gerard-in-aktion-840x560.jpg 840w, https:\/\/blog.olimar.de\/wp-content\/uploads\/2022\/02\/guide-gerard-in-aktion-1200x800.jpg 1200w\" sizes=\"auto, (max-width: 768px) 100vw, 768px\" \/><\/figure>\n\n\n\n<h2 class=\"wp-block-heading\">Zu Fu\u00df durch Aig\u00fcestortes<\/h2>\n\n\n\n<p>Nur ist ausgerechnet das Highlight der katalanischen Pyren\u00e4en f\u00fcr Radfahrer tabu: Der Nationalpark Aig\u00fcestortes etwas weiter oberhalb. Besuchen sollte ihn trotzdem, wer vor Ort ist. Wegen seiner \u00fcber 300 Bergseen hei\u00dft die gesch\u00fctzte Region \u201eOrt der gewundenen Wasser\u201c.<br>Auch f\u00fcr Biker.<\/p>\n\n\n\n<figure class=\"wp-block-image size-large is-resized\"><img loading=\"lazy\" decoding=\"async\" src=\"https:\/\/blog.olimar.de\/wp-content\/uploads\/2022\/02\/sascha-nau-0Pw_rkRlDmY-unsplash-1024x683.jpg\" alt=\"Aig\u00fcestortes Spanien\" class=\"wp-image-18209\" width=\"768\" height=\"512\" srcset=\"https:\/\/blog.olimar.de\/wp-content\/uploads\/2022\/02\/sascha-nau-0Pw_rkRlDmY-unsplash-1024x683.jpg 1024w, https:\/\/blog.olimar.de\/wp-content\/uploads\/2022\/02\/sascha-nau-0Pw_rkRlDmY-unsplash-300x200.jpg 300w, https:\/\/blog.olimar.de\/wp-content\/uploads\/2022\/02\/sascha-nau-0Pw_rkRlDmY-unsplash-768x512.jpg 768w, https:\/\/blog.olimar.de\/wp-content\/uploads\/2022\/02\/sascha-nau-0Pw_rkRlDmY-unsplash-840x560.jpg 840w, https:\/\/blog.olimar.de\/wp-content\/uploads\/2022\/02\/sascha-nau-0Pw_rkRlDmY-unsplash-1200x800.jpg 1200w, https:\/\/blog.olimar.de\/wp-content\/uploads\/2022\/02\/sascha-nau-0Pw_rkRlDmY-unsplash.jpg 1499w\" sizes=\"auto, (max-width: 768px) 100vw, 768px\" \/><\/figure>\n\n\n\n<p>Einer der besten Ausgangspunkte ist Boi, wo Victoria herkommt. Aig\u00fcestortes ist ein regelrechter Kr\u00e4utergarten: im Fr\u00fchjahr bl\u00fchen Enzian und blaue Glockenblumen. Und ganzj\u00e4hrig sind hier Rebh\u00fchner, F\u00fcchse, Steinadler und G\u00e4nsegeier unterwegs. Etwa sechs Stunden sind es von Boi bis zum Bergsee Estany Llong und zur\u00fcck. Eine wunderbare Wandertour.<\/p>\n\n\n\n<h2 class=\"wp-block-heading\">OLIMAR Tipp<\/h2>\n\n\n\n<p>Wie schon erw\u00e4hnt, hat Katalonien nicht nur f\u00fcr Fahrrad-Fans einiges zu bieten &#8211; auch Gourmets und Weinliebhaber kommen hier voll auf ihre Kosten. Sehr zu empfehlen ist da zum Beispiel das <a href=\"https:\/\/www.olimar.de\/detailseite\/parador-de-lleida--lleida--spanien\/\">HOTEL PARADOR DE LLEIDA<\/a>. Dieses Hotel in einem ehemaligen Kloster aus dem 17. Jahrhundert punktet nicht nur mit historischer Atmosph\u00e4re sondern auch mit einem herrlichen Ausblick auf die Stadt und die Ebene der Region Segre. Neben zahlreichen Kellereien lassen sich hier auch ein interessanter botanischer Garten und die Kathedrale sowie die sch\u00f6ne Altstadt erkunden. Selbstverst\u00e4ndlich ist auch die gro\u00dfe Metropole Kataloniens Barcelona ein Muss. Ganz in der N\u00e4he des Jachthafens Port Vell und unmittelbar fu\u00dfl\u00e4ufig erreichbar von den ber\u00fchmten Ramblas befindet sich das <a href=\"https:\/\/www.olimar.de\/detailseite\/h10-port-vell--barcelona--spanien\/\">HOTEL H10 Port Vell<\/a>. In der warmen Jahreszeit lockt dieses moderne Hotel mit Panoramablick bis zum Olympiahafen au\u00dferdem mit einer Dachterrasse mit Sonnenliegen und kleinem Plansch-Pool.<\/p>\n\n\n\n<div class=\"wp-block-buttons is-layout-flex wp-block-buttons-is-layout-flex\">\n<div class=\"wp-block-button\"><a class=\"wp-block-button__link wp-element-button\" href=\"https:\/\/www.olimar.de\/hotellistung\/\">Jetzt Urlaubsangebote finden und buchen<\/a><\/div>\n<\/div>\n\n\n\n<div style=\"height:100px\" aria-hidden=\"true\" class=\"wp-block-spacer\"><\/div>\n","protected":false},"excerpt":{"rendered":"<p>Eine Radtour in den katalanischen Pyren\u00e4en begleitet von Radprofi Gerard ist ein echter Genuss. Die Touren rund um die Bergd\u00f6rfer machen richtig Spa\u00df. Nur f\u00fcr das Highlight, den Nationalpark Aig\u00fcestortes, m\u00fcssen die Bikes drau\u00dfen bleiben.<\/p>\n","protected":false},"author":43,"featured_media":18211,"comment_status":"open","ping_status":"open","sticky":false,"template":"","format":"standard","meta":{"_crdt_document":"","_lmt_disableupdate":"","_lmt_disable":"","footnotes":""},"categories":[29],"tags":[260,263,64,20,62],"class_list":["post-18197","post","type-post","status-publish","format-standard","has-post-thumbnail","hentry","category-aktiv-natur","tag-aktiv-und-natur","tag-e-bike","tag-katalonien","tag-slider","tag-spanien"],"yoast_head":"<!-- This site is optimized with the Yoast SEO plugin v26.9 - https:\/\/yoast.com\/product\/yoast-seo-wordpress\/ -->\n<title>Biken in den Bergen Kataloniens<\/title>\n<meta name=\"description\" content=\"Eine Radtour in den katalanischen Pyren\u00e4en ist ein echter Genuss. Nur im Nationalpark Aig\u00fcestortes muss das Rad drau\u00dfen bleiben.\" \/>\n<meta name=\"robots\" content=\"index, follow, max-snippet:-1, max-image-preview:large, max-video-preview:-1\" \/>\n<link rel=\"canonical\" href=\"https:\/\/blog.olimar.de\/biken-katalonien\/\" \/>\n<meta property=\"og:locale\" content=\"de_DE\" \/>\n<meta property=\"og:type\" content=\"article\" \/>\n<meta property=\"og:title\" content=\"Biken in den Bergen Kataloniens\" \/>\n<meta property=\"og:description\" content=\"Eine Radtour in den katalanischen Pyren\u00e4en ist ein echter Genuss. Nur im Nationalpark Aig\u00fcestortes muss das Rad drau\u00dfen bleiben.\" \/>\n<meta property=\"og:url\" content=\"https:\/\/blog.olimar.de\/biken-katalonien\/\" \/>\n<meta property=\"article:publisher\" content=\"https:\/\/www.facebook.com\/OlimarReisen\" \/>\n<meta property=\"article:published_time\" content=\"2022-02-02T09:46:37+00:00\" \/>\n<meta property=\"article:modified_time\" content=\"2024-03-12T16:11:39+00:00\" \/>\n<meta property=\"og:image\" content=\"https:\/\/blog.olimar.de\/wp-content\/uploads\/2022\/02\/jan-padilla-GI1LspJmz6o-kopie.jpg\" \/>\n\t<meta property=\"og:image:width\" content=\"1260\" \/>\n\t<meta property=\"og:image:height\" content=\"796\" \/>\n\t<meta property=\"og:image:type\" content=\"image\/jpeg\" \/>\n<meta name=\"author\" content=\"Tobias B\u00fcscher\" \/>\n<meta name=\"twitter:label1\" content=\"Verfasst von\" \/>\n\t<meta name=\"twitter:data1\" content=\"Tobias B\u00fcscher\" \/>\n\t<meta name=\"twitter:label2\" content=\"Gesch\u00e4tzte Lesezeit\" \/>\n\t<meta name=\"twitter:data2\" content=\"7\u00a0Minuten\" \/>\n<script type=\"application\/ld+json\" class=\"yoast-schema-graph\">{\"@context\":\"https:\/\/schema.org\",\"@graph\":[{\"@type\":\"WebPage\",\"@id\":\"https:\/\/blog.olimar.de\/biken-katalonien\/\",\"url\":\"https:\/\/blog.olimar.de\/biken-katalonien\/\",\"name\":\"Biken in den Bergen Kataloniens\",\"isPartOf\":{\"@id\":\"https:\/\/blog.olimar.de\/#website\"},\"primaryImageOfPage\":{\"@id\":\"https:\/\/blog.olimar.de\/biken-katalonien\/#primaryimage\"},\"image\":{\"@id\":\"https:\/\/blog.olimar.de\/biken-katalonien\/#primaryimage\"},\"thumbnailUrl\":\"https:\/\/blog.olimar.de\/wp-content\/uploads\/2022\/02\/jan-padilla-GI1LspJmz6o-kopie.jpg\",\"datePublished\":\"2022-02-02T09:46:37+00:00\",\"dateModified\":\"2024-03-12T16:11:39+00:00\",\"description\":\"Eine Radtour in den katalanischen Pyren\u00e4en ist ein echter Genuss. Nur im Nationalpark Aig\u00fcestortes muss das Rad drau\u00dfen bleiben.\",\"breadcrumb\":{\"@id\":\"https:\/\/blog.olimar.de\/biken-katalonien\/#breadcrumb\"},\"inLanguage\":\"de\",\"potentialAction\":[{\"@type\":\"ReadAction\",\"target\":[\"https:\/\/blog.olimar.de\/biken-katalonien\/\"]}]},{\"@type\":\"ImageObject\",\"inLanguage\":\"de\",\"@id\":\"https:\/\/blog.olimar.de\/biken-katalonien\/#primaryimage\",\"url\":\"https:\/\/blog.olimar.de\/wp-content\/uploads\/2022\/02\/jan-padilla-GI1LspJmz6o-kopie.jpg\",\"contentUrl\":\"https:\/\/blog.olimar.de\/wp-content\/uploads\/2022\/02\/jan-padilla-GI1LspJmz6o-kopie.jpg\",\"width\":1260,\"height\":796,\"caption\":\"Nationalpark Aig\u00fcestortes Spanien\"},{\"@type\":\"BreadcrumbList\",\"@id\":\"https:\/\/blog.olimar.de\/biken-katalonien\/#breadcrumb\",\"itemListElement\":[{\"@type\":\"ListItem\",\"position\":1,\"name\":\"Home\",\"item\":\"https:\/\/blog.olimar.de\/\"},{\"@type\":\"ListItem\",\"position\":2,\"name\":\"Aktiv und Natur\",\"item\":\"https:\/\/blog.olimar.de\/tag\/aktiv-und-natur\/\"},{\"@type\":\"ListItem\",\"position\":3,\"name\":\"Biken in den Bergen Kataloniens\"}]},{\"@type\":\"WebSite\",\"@id\":\"https:\/\/blog.olimar.de\/#website\",\"url\":\"https:\/\/blog.olimar.de\/\",\"name\":\"OLIMAR.com\",\"description\":\"\",\"publisher\":{\"@id\":\"https:\/\/blog.olimar.de\/#organization\"},\"potentialAction\":[{\"@type\":\"SearchAction\",\"target\":{\"@type\":\"EntryPoint\",\"urlTemplate\":\"https:\/\/blog.olimar.de\/?s={search_term_string}\"},\"query-input\":{\"@type\":\"PropertyValueSpecification\",\"valueRequired\":true,\"valueName\":\"search_term_string\"}}],\"inLanguage\":\"de\"},{\"@type\":\"Organization\",\"@id\":\"https:\/\/blog.olimar.de\/#organization\",\"name\":\"OLIMAR Reisen\",\"url\":\"https:\/\/blog.olimar.de\/\",\"logo\":{\"@type\":\"ImageObject\",\"inLanguage\":\"de\",\"@id\":\"https:\/\/blog.olimar.de\/#\/schema\/logo\/image\/\",\"url\":\"https:\/\/blog.olimar.de\/wp-content\/uploads\/2021\/01\/OLIMAR_Logo_COLOR.png\",\"contentUrl\":\"https:\/\/blog.olimar.de\/wp-content\/uploads\/2021\/01\/OLIMAR_Logo_COLOR.png\",\"width\":2000,\"height\":986,\"caption\":\"OLIMAR Reisen\"},\"image\":{\"@id\":\"https:\/\/blog.olimar.de\/#\/schema\/logo\/image\/\"},\"sameAs\":[\"https:\/\/www.facebook.com\/OlimarReisen\",\"https:\/\/x.com\/olimarrreisen\",\"https:\/\/www.instagram.com\/olimarreisen\",\"https:\/\/www.youtube.com\/user\/olimarreisen\"]}]}<\/script>\n<!-- \/ Yoast SEO plugin. -->","yoast_head_json":{"title":"Biken in den Bergen Kataloniens","description":"Eine Radtour in den katalanischen Pyren\u00e4en ist ein echter Genuss. Nur im Nationalpark Aig\u00fcestortes muss das Rad drau\u00dfen bleiben.","robots":{"index":"index","follow":"follow","max-snippet":"max-snippet:-1","max-image-preview":"max-image-preview:large","max-video-preview":"max-video-preview:-1"},"canonical":"https:\/\/blog.olimar.de\/biken-katalonien\/","og_locale":"de_DE","og_type":"article","og_title":"Biken in den Bergen Kataloniens","og_description":"Eine Radtour in den katalanischen Pyren\u00e4en ist ein echter Genuss. Nur im Nationalpark Aig\u00fcestortes muss das Rad drau\u00dfen bleiben.","og_url":"https:\/\/blog.olimar.de\/biken-katalonien\/","article_publisher":"https:\/\/www.facebook.com\/OlimarReisen","article_published_time":"2022-02-02T09:46:37+00:00","article_modified_time":"2024-03-12T16:11:39+00:00","og_image":[{"width":1260,"height":796,"url":"https:\/\/blog.olimar.de\/wp-content\/uploads\/2022\/02\/jan-padilla-GI1LspJmz6o-kopie.jpg","type":"image\/jpeg"}],"author":"Tobias B\u00fcscher","twitter_misc":{"Verfasst von":"Tobias B\u00fcscher","Gesch\u00e4tzte Lesezeit":"7\u00a0Minuten"},"schema":{"@context":"https:\/\/schema.org","@graph":[{"@type":"WebPage","@id":"https:\/\/blog.olimar.de\/biken-katalonien\/","url":"https:\/\/blog.olimar.de\/biken-katalonien\/","name":"Biken in den Bergen Kataloniens","isPartOf":{"@id":"https:\/\/blog.olimar.de\/#website"},"primaryImageOfPage":{"@id":"https:\/\/blog.olimar.de\/biken-katalonien\/#primaryimage"},"image":{"@id":"https:\/\/blog.olimar.de\/biken-katalonien\/#primaryimage"},"thumbnailUrl":"https:\/\/blog.olimar.de\/wp-content\/uploads\/2022\/02\/jan-padilla-GI1LspJmz6o-kopie.jpg","datePublished":"2022-02-02T09:46:37+00:00","dateModified":"2024-03-12T16:11:39+00:00","description":"Eine Radtour in den katalanischen Pyren\u00e4en ist ein echter Genuss. Nur im Nationalpark Aig\u00fcestortes muss das Rad drau\u00dfen bleiben.","breadcrumb":{"@id":"https:\/\/blog.olimar.de\/biken-katalonien\/#breadcrumb"},"inLanguage":"de","potentialAction":[{"@type":"ReadAction","target":["https:\/\/blog.olimar.de\/biken-katalonien\/"]}]},{"@type":"ImageObject","inLanguage":"de","@id":"https:\/\/blog.olimar.de\/biken-katalonien\/#primaryimage","url":"https:\/\/blog.olimar.de\/wp-content\/uploads\/2022\/02\/jan-padilla-GI1LspJmz6o-kopie.jpg","contentUrl":"https:\/\/blog.olimar.de\/wp-content\/uploads\/2022\/02\/jan-padilla-GI1LspJmz6o-kopie.jpg","width":1260,"height":796,"caption":"Nationalpark Aig\u00fcestortes Spanien"},{"@type":"BreadcrumbList","@id":"https:\/\/blog.olimar.de\/biken-katalonien\/#breadcrumb","itemListElement":[{"@type":"ListItem","position":1,"name":"Home","item":"https:\/\/blog.olimar.de\/"},{"@type":"ListItem","position":2,"name":"Aktiv und Natur","item":"https:\/\/blog.olimar.de\/tag\/aktiv-und-natur\/"},{"@type":"ListItem","position":3,"name":"Biken in den Bergen Kataloniens"}]},{"@type":"WebSite","@id":"https:\/\/blog.olimar.de\/#website","url":"https:\/\/blog.olimar.de\/","name":"OLIMAR.com","description":"","publisher":{"@id":"https:\/\/blog.olimar.de\/#organization"},"potentialAction":[{"@type":"SearchAction","target":{"@type":"EntryPoint","urlTemplate":"https:\/\/blog.olimar.de\/?s={search_term_string}"},"query-input":{"@type":"PropertyValueSpecification","valueRequired":true,"valueName":"search_term_string"}}],"inLanguage":"de"},{"@type":"Organization","@id":"https:\/\/blog.olimar.de\/#organization","name":"OLIMAR Reisen","url":"https:\/\/blog.olimar.de\/","logo":{"@type":"ImageObject","inLanguage":"de","@id":"https:\/\/blog.olimar.de\/#\/schema\/logo\/image\/","url":"https:\/\/blog.olimar.de\/wp-content\/uploads\/2021\/01\/OLIMAR_Logo_COLOR.png","contentUrl":"https:\/\/blog.olimar.de\/wp-content\/uploads\/2021\/01\/OLIMAR_Logo_COLOR.png","width":2000,"height":986,"caption":"OLIMAR Reisen"},"image":{"@id":"https:\/\/blog.olimar.de\/#\/schema\/logo\/image\/"},"sameAs":["https:\/\/www.facebook.com\/OlimarReisen","https:\/\/x.com\/olimarrreisen","https:\/\/www.instagram.com\/olimarreisen","https:\/\/www.youtube.com\/user\/olimarreisen"]}]}},"modified_by":"Wiebke Fix","jetpack_featured_media_url":"https:\/\/blog.olimar.de\/wp-content\/uploads\/2022\/02\/jan-padilla-GI1LspJmz6o-kopie.jpg","_links":{"self":[{"href":"https:\/\/blog.olimar.de\/wp-json\/wp\/v2\/posts\/18197","targetHints":{"allow":["GET"]}}],"collection":[{"href":"https:\/\/blog.olimar.de\/wp-json\/wp\/v2\/posts"}],"about":[{"href":"https:\/\/blog.olimar.de\/wp-json\/wp\/v2\/types\/post"}],"author":[{"embeddable":true,"href":"https:\/\/blog.olimar.de\/wp-json\/wp\/v2\/users\/43"}],"replies":[{"embeddable":true,"href":"https:\/\/blog.olimar.de\/wp-json\/wp\/v2\/comments?post=18197"}],"version-history":[{"count":23,"href":"https:\/\/blog.olimar.de\/wp-json\/wp\/v2\/posts\/18197\/revisions"}],"predecessor-version":[{"id":27518,"href":"https:\/\/blog.olimar.de\/wp-json\/wp\/v2\/posts\/18197\/revisions\/27518"}],"wp:featuredmedia":[{"embeddable":true,"href":"https:\/\/blog.olimar.de\/wp-json\/wp\/v2\/media\/18211"}],"wp:attachment":[{"href":"https:\/\/blog.olimar.de\/wp-json\/wp\/v2\/media?parent=18197"}],"wp:term":[{"taxonomy":"category","embeddable":true,"href":"https:\/\/blog.olimar.de\/wp-json\/wp\/v2\/categories?post=18197"},{"taxonomy":"post_tag","embeddable":true,"href":"https:\/\/blog.olimar.de\/wp-json\/wp\/v2\/tags?post=18197"}],"curies":[{"name":"wp","href":"https:\/\/api.w.org\/{rel}","templated":true}]}}