{"id":18301,"date":"2022-05-04T10:45:16","date_gmt":"2022-05-04T09:45:16","guid":{"rendered":"https:\/\/blog.olimar.de\/?p=18301"},"modified":"2024-03-12T17:10:49","modified_gmt":"2024-03-12T16:10:49","slug":"kueche-kataloniens","status":"publish","type":"post","link":"https:\/\/blog.olimar.de\/kueche-kataloniens\/","title":{"rendered":"Die K\u00fcche Kataloniens"},"content":{"rendered":"\n<p><strong>Es ist ein lauwarmer Abend mitten in Barcelona. In der Taverne El Viti herrscht Hochbetrieb. Die G\u00e4ste haben zum Schaumwein Auberginen mit Blauschimmelk\u00e4se und trockenen Fr\u00fcchten bestellt, Avocado an rotem Thunfisch und kandiertes Spanferkel. F\u00fcr sie gibt es kein besseres Restaurant als das am Passeig de Sant Joan, wo sie selber wohnen. Und f\u00fcr Feinschmecker gibt es kaum eine attraktivere kulinarische Region als Katalonien selbst.<\/strong><\/p>\n\n\n\n<div class=\"wp-block-buttons is-layout-flex wp-block-buttons-is-layout-flex\">\n<div class=\"wp-block-button\"><a class=\"wp-block-button__link wp-element-button\" href=\"https:\/\/www.olimar.de\/spanien\/katalonien\/\">Katalonien Reiseangebote und Hoteltipps entdecken<\/a><\/div>\n<\/div>\n\n\n\n<div style=\"height:25px\" aria-hidden=\"true\" class=\"wp-block-spacer\"><\/div>\n\n\n\n<figure class=\"wp-block-image size-large is-resized\"><img loading=\"lazy\" decoding=\"async\" src=\"https:\/\/blog.olimar.de\/wp-content\/uploads\/2022\/05\/ES-Barcelona-SagradaFamilia-c-41069127-MasterLu-Fotolia_M-1024x682.jpg\" alt=\"Barcelona Sagrada Familia\" class=\"wp-image-18309\" width=\"768\" height=\"512\" srcset=\"https:\/\/blog.olimar.de\/wp-content\/uploads\/2022\/05\/ES-Barcelona-SagradaFamilia-c-41069127-MasterLu-Fotolia_M-1024x682.jpg 1024w, https:\/\/blog.olimar.de\/wp-content\/uploads\/2022\/05\/ES-Barcelona-SagradaFamilia-c-41069127-MasterLu-Fotolia_M-300x200.jpg 300w, https:\/\/blog.olimar.de\/wp-content\/uploads\/2022\/05\/ES-Barcelona-SagradaFamilia-c-41069127-MasterLu-Fotolia_M-768x512.jpg 768w, https:\/\/blog.olimar.de\/wp-content\/uploads\/2022\/05\/ES-Barcelona-SagradaFamilia-c-41069127-MasterLu-Fotolia_M-840x560.jpg 840w, https:\/\/blog.olimar.de\/wp-content\/uploads\/2022\/05\/ES-Barcelona-SagradaFamilia-c-41069127-MasterLu-Fotolia_M-1200x800.jpg 1200w, https:\/\/blog.olimar.de\/wp-content\/uploads\/2022\/05\/ES-Barcelona-SagradaFamilia-c-41069127-MasterLu-Fotolia_M.jpg 1400w\" sizes=\"auto, (max-width: 768px) 100vw, 768px\" \/><figcaption class=\"wp-element-caption\">Sagrada Familia in Barcelona<\/figcaption><\/figure>\n\n\n\n<p>Wer sich \u00fcberzeugen m\u00f6chte, muss einfach nur ein paar Haltestellen weiter Richtung Hafen fahren. Wenn in der Markthalle Sant Josep an den Rambles morgens die Gitter der gusseisernen Markthalle hochfahren, geht der Vorhang zu Kataloniens Spezialit\u00e4ten auf. Boquer\u00eda hei\u00dft die ber\u00fchmteste Halle des Hauptstadt Kataloniens, der sogenannte \u201eBauch von Barcelona\u201c.<\/p>\n\n\n\n<p>An den St\u00e4nden gibt es W\u00fcrste aus Vic, Schafsk\u00e4se aus den Pyren\u00e4en und Tr\u00fcffel aus Girona. Hier kaufen die Anwohner nicht Fisch oder Fleisch, sondern beides. Mar y Muntanya hei\u00dft das Zauberwort jedes katalanischen Kochs und Hobbykochs: Meer und Berge. H\u00fchnerfleisch vom Dorf kommt mit Oliven\u00f6l, Fleischtomaten und Langusten in die Pfanne, zum Fischtopf gibt es Schnecken und zu Steinpilzen Seeteufel.<\/p>\n\n\n\n<figure class=\"wp-block-image size-large is-resized\"><img loading=\"lazy\" decoding=\"async\" src=\"https:\/\/blog.olimar.de\/wp-content\/uploads\/2022\/05\/Mar-i-Muntanya-\u00a9-Imagen-M.A.S-1024x1021.jpg\" alt=\"Mar y Muntanya\" class=\"wp-image-18310\" width=\"768\" height=\"766\" srcset=\"https:\/\/blog.olimar.de\/wp-content\/uploads\/2022\/05\/Mar-i-Muntanya-\u00a9-Imagen-M.A.S-1024x1021.jpg 1024w, https:\/\/blog.olimar.de\/wp-content\/uploads\/2022\/05\/Mar-i-Muntanya-\u00a9-Imagen-M.A.S-300x300.jpg 300w, https:\/\/blog.olimar.de\/wp-content\/uploads\/2022\/05\/Mar-i-Muntanya-\u00a9-Imagen-M.A.S-150x150.jpg 150w, https:\/\/blog.olimar.de\/wp-content\/uploads\/2022\/05\/Mar-i-Muntanya-\u00a9-Imagen-M.A.S-768x765.jpg 768w, https:\/\/blog.olimar.de\/wp-content\/uploads\/2022\/05\/Mar-i-Muntanya-\u00a9-Imagen-M.A.S-1536x1531.jpg 1536w, https:\/\/blog.olimar.de\/wp-content\/uploads\/2022\/05\/Mar-i-Muntanya-\u00a9-Imagen-M.A.S-2048x2041.jpg 2048w, https:\/\/blog.olimar.de\/wp-content\/uploads\/2022\/05\/Mar-i-Muntanya-\u00a9-Imagen-M.A.S-120x120.jpg 120w\" sizes=\"auto, (max-width: 768px) 100vw, 768px\" \/><figcaption class=\"wp-element-caption\">Mar i Muntanya<\/figcaption><\/figure>\n\n\n\n<h2 class=\"wp-block-heading\">Kochen kann so einfach sein<\/h2>\n\n\n\n<p>Dabei sind die Katalanen auch daf\u00fcr bekannt, sehr einfach zu kochen. Und sehr lecker. Eine klassische Vorspeise ist ger\u00f6stetes Wei\u00dfbrot, bestrichen mit Knoblauch, reifen Tomaten und Oliven\u00f6l aus dem Empord\u00e0. Knoblauch und \u00d6l findet sich auch in Alioli wieder, angereichert mit Eigelb und etwas Zitronensaft. Und legend\u00e4r ist der Faible der Katalanen f\u00fcr Fr\u00fchlingszwiebeln. Cal\u00e7otada hei\u00dft die Technik, das ger\u00f6stete Wintergem\u00fcse mit einem Dipp Mandelsauce regelrecht zu verschlingen. Ein Highlight ist dabei die Cal\u00e7otada von Valls, wo am letzten Sonntag im Januar ein Wettessen steigt. In 45 Minuten vertilgen die sportlichen Gourmets dort so viele Cal\u00e7ots wie nur m\u00f6glich. Manche schaffen \u00fcber 200 St\u00fcck, also rund drei Kilo.<\/p>\n\n\n\n<figure class=\"wp-block-image size-large is-resized\"><img loading=\"lazy\" decoding=\"async\" src=\"https:\/\/blog.olimar.de\/wp-content\/uploads\/2022\/05\/ES-Allgemein-Restaurants-VV-2018B_M-1024x764.jpg\" alt=\"Brot und Schinken Tapas Spanien\" class=\"wp-image-18306\" width=\"768\" height=\"573\" srcset=\"https:\/\/blog.olimar.de\/wp-content\/uploads\/2022\/05\/ES-Allgemein-Restaurants-VV-2018B_M-1024x764.jpg 1024w, https:\/\/blog.olimar.de\/wp-content\/uploads\/2022\/05\/ES-Allgemein-Restaurants-VV-2018B_M-300x224.jpg 300w, https:\/\/blog.olimar.de\/wp-content\/uploads\/2022\/05\/ES-Allgemein-Restaurants-VV-2018B_M-768x573.jpg 768w, https:\/\/blog.olimar.de\/wp-content\/uploads\/2022\/05\/ES-Allgemein-Restaurants-VV-2018B_M.jpg 1400w\" sizes=\"auto, (max-width: 768px) 100vw, 768px\" \/><figcaption class=\"wp-element-caption\">Brot mit Knoblauch, Tomaten und Schinken<\/figcaption><\/figure>\n\n\n\n<h2 class=\"wp-block-heading\">Echter Reizker, der Star unter den Pilzen<\/h2>\n\n\n\n<p>Katalanen sind Pilzfreaks, im Hinterland gibt es f\u00fcr sie nichts Sch\u00f6neres, als mit Korb und scharfem Messer Austernseidlinge, Ritterlinge, Steinpilze und den besonders beliebten echten Reizker zu suchen. Ged\u00fcnstet oder gebraten sind Pilze eine wertvolle Zutat f\u00fcr Rezepte zu Reispfannen, zum Gericht Pilze mit Kichererbsen (Setas con Garbanzos) und der beliebten Nudelpaella Fideu\u00e0. Selbst die katalanische Regierung gibt online Tipps dazu, worauf Pilzsucher im Wald beim Sammeln von Steinpilzen achten sollten.<\/p>\n\n\n\n<h2 class=\"wp-block-heading\">Ausflug in die Pyren\u00e4en<\/h2>\n\n\n\n<p>In Barcelona ist die Taverne El Viti ein Klassiker, doch auch wer in die Bergwelt der Pyren\u00e4en f\u00e4hrt, hat seine Vorlieben. Eines der attraktivsten Restaurants liegt 110 km weiter nordwestlich in der katalanischen Bergwelt der Provinzhauptstadt Lleida. Es ist das Restaurant Terradets direkt an einem Bergsee.<\/p>\n\n\n\n<p>Zum Blick auf das glasklare Wasser gibt es Lamm mit Tr\u00fcffelsauce, Pyren\u00e4en-Entrec\u00f4te mit karamelisierten Zwiebeln und zum Nachtisch den Ziegenfrischk\u00e4se Mat\u00f3, den Fruchsalat \u201eJune\u201c und Eiscreme oder nat\u00fcrlich auch Crema Catalana. Die \u201ekatalanische Creme\u201c aus Zucker, Eigelb, Zimt, Milch und geriebener Zitrone, sagt jeder Katalane, ist eine h\u00f6chst eigene Erfindung, da sollen die Franzosen sich mit ihrer Cr\u00e8me Brull\u00e9e mal richtig zur\u00fcckhalten.<\/p>\n\n\n\n<h2 class=\"wp-block-heading\">Cava und mehr<\/h2>\n\n\n\n<p>\u00dcberhaupt, der Einfluss des Nachbarlands, vor allem des Roussillons, ist offensichtlich. Das gilt auch f\u00fcr den Cava, der nat\u00fcrlich nicht Champagner hei\u00dfen darf, doch mindestens so gut prickelt. Cordon\u00edu war im 19. Jahrhundert die erste Bodega, welche die Methode der Flascheng\u00e4rung entwickelte. Heute sind \u00fcber zwei Dutzend Hersteller in Aktion, darunter Cavas Rovellats, Castellblanch, Freixenet und Can Paixano aus Barcelona, der sich sogar in K\u00f6ln ganz gut trinken l\u00e4sst: in der Bar La Barra am Barbarossa-Platz.<\/p>\n\n\n\n<figure class=\"wp-block-image size-large\"><img loading=\"lazy\" decoding=\"async\" width=\"1024\" height=\"576\" src=\"https:\/\/blog.olimar.de\/wp-content\/uploads\/2022\/05\/ES-Allgemein-Wein-Rioja2018B_M-1024x576.jpg\" alt=\"Rioja Wein Spanien\" class=\"wp-image-18312\" srcset=\"https:\/\/blog.olimar.de\/wp-content\/uploads\/2022\/05\/ES-Allgemein-Wein-Rioja2018B_M-1024x576.jpg 1024w, https:\/\/blog.olimar.de\/wp-content\/uploads\/2022\/05\/ES-Allgemein-Wein-Rioja2018B_M-300x169.jpg 300w, https:\/\/blog.olimar.de\/wp-content\/uploads\/2022\/05\/ES-Allgemein-Wein-Rioja2018B_M-768x432.jpg 768w, https:\/\/blog.olimar.de\/wp-content\/uploads\/2022\/05\/ES-Allgemein-Wein-Rioja2018B_M.jpg 1400w\" sizes=\"auto, (max-width: 1024px) 100vw, 1024px\" \/><\/figure>\n\n\n\n<p>Nat\u00fcrlich ist auch die Weinkultur in Katalonien beachtlich, von den fruchtigen Wei\u00dfweinen der D.O. Terra Alta nahe der Grenze zu <a href=\"https:\/\/www.olimar.de\/spanien\/valencia-und-costa-blanca\/valencia\/\">Valencia<\/a> bis hin zu den Hochpyren\u00e4en, mit seinem Weingebiet D.O. Costers del Segre. In den trockenen H\u00f6henlagen am Fluss Segre entstehen kr\u00e4ftige Rotweine aus den Trauben Cabernet Sauvignon, Sirah und Pinot Noir. Besonders sch\u00f6n gelegen ist die Bodega Mas Garc\u00eda Muret, gef\u00fchrt von einem jungen Paar und mit bester Aussicht auf die Pyren\u00e4enberge.<\/p>\n\n\n\n<h2 class=\"wp-block-heading\">Bullipedia statt Wikipaella<\/h2>\n\n\n\n<p>Die katalanische K\u00fcche ist also teils sehr schlicht, teils kurios komponiert und immer frisch, weshalb ausl\u00e4ndische Restaurants kaum eine Chance haben, von den Japanern abgesehen. Doch Katalonien hat nat\u00fcrlich auch ihn: Starkoch Ferran Adri\u00e0. Vor zehn Jahren hat er das Restaurant El Bulli geschlossen, das einst als bestes Restaurant auf Erden galt. Damals machte er die sogenannte Molekulark\u00fcche zum Ma\u00df aller Dinge, heute besch\u00e4ftigt sich der Koch mit Steinzeitk\u00fcche. W\u00e4hrend die Reispuristen aus Valencia wikipaella gegr\u00fcndet haben, betreibt Adri\u00e0 jetzt die Webseite Bullipedia und besch\u00e4ftigt sich mit dem Sinn des Kochens.<\/p>\n\n\n\n<p>Paleo also statt Prunkt. Verst\u00e4ndlich ist das, denn inzwischen ist das chemische Zisch-Kochen aus der Mode gekommen. Und auch Adri\u00e0 wei\u00df, dass es einfach eben am besten schmeckt. Brot mit Tomaten, Lauchzwiebeln, Alioli, was braucht man mehr.<\/p>\n\n\n\n<figure class=\"wp-block-image size-large is-resized\"><img loading=\"lazy\" decoding=\"async\" src=\"https:\/\/blog.olimar.de\/wp-content\/uploads\/2022\/05\/ES-Allgemein-SpanischePinchos-40966084-c-nito-Fotolia_M-1024x1024.jpg\" alt=\"Spanische Pinchos\" class=\"wp-image-18307\" width=\"768\" height=\"768\" srcset=\"https:\/\/blog.olimar.de\/wp-content\/uploads\/2022\/05\/ES-Allgemein-SpanischePinchos-40966084-c-nito-Fotolia_M-1024x1024.jpg 1024w, https:\/\/blog.olimar.de\/wp-content\/uploads\/2022\/05\/ES-Allgemein-SpanischePinchos-40966084-c-nito-Fotolia_M-300x300.jpg 300w, https:\/\/blog.olimar.de\/wp-content\/uploads\/2022\/05\/ES-Allgemein-SpanischePinchos-40966084-c-nito-Fotolia_M-150x150.jpg 150w, https:\/\/blog.olimar.de\/wp-content\/uploads\/2022\/05\/ES-Allgemein-SpanischePinchos-40966084-c-nito-Fotolia_M-768x768.jpg 768w, https:\/\/blog.olimar.de\/wp-content\/uploads\/2022\/05\/ES-Allgemein-SpanischePinchos-40966084-c-nito-Fotolia_M-120x120.jpg 120w, https:\/\/blog.olimar.de\/wp-content\/uploads\/2022\/05\/ES-Allgemein-SpanischePinchos-40966084-c-nito-Fotolia_M.jpg 1400w\" sizes=\"auto, (max-width: 768px) 100vw, 768px\" \/><\/figure>\n\n\n\n<p>\u00dcbrigens. Auf die Frage, was die beste Erfindung in der kulinarischen Welt jemals war, sagte der Starkoch: \u201eMayonnaise\u201c. Die haben allerdings nicht die Katalanen erfunden, sondern die Bewohner der nahegelegenen Insel Menorca. Der Name, sagen sie dort, leite sich von ihrer Hauptstadt Mah\u00f3n ab.<\/p>\n\n\n\n<h2 class=\"wp-block-heading\">OLIMAR Tipp<\/h2>\n\n\n\n<p>Neben der erstklassigen Gourmetk\u00fcche \u00fcberzeugt Katalonien au\u00dferdem mit seinem kulturellen und architektonischen Reichtum, den man vor allem in der Metropolenstadt Barcelona erleben kann. Hier m\u00f6chten wir Euch das <a href=\"https:\/\/rms.olimar.de\/code\/BCN172\" rel=\"noopener\">HOTEL H10 ART GALLERY<\/a> ans Herz legen. In der N\u00e4he des Prachtboulevards Passeig de Gr\u00e0cia gelegen steht dieses gehobene Komforthotel ganz im Zeichen der zeitgen\u00f6ssischen spanischen Kunst. Hier ist jede Etage eine Hommage an einen renommierten K\u00fcnstler der spanischen Moderne und Gegenwartskunst. Das Highlight ist die Terrasse im Innenhof mit einem \u00fcber 100 Jahre alten Olivenbaum als Blickfang. Ein weiterer hei\u00dfer Tipp &#8211; insbesondere f\u00fcr Wanderfreunde und Fans von Aktiv-Reisen ist der <a href=\"https:\/\/rms.olimar.de\/code\/BCNP00\" rel=\"noopener\">PARADOR DE VIC-SAU<\/a> rund 80 km n\u00f6rdlich von Barcelona. In abgeschiedener und exponierter Lage direkt \u00fcber dem Stausee von Sau genie\u00dfen G\u00e4ste hier ein tolles Panorama \u00fcber die bewaldete Bergkette Guiller\u00edas und himmlische Ruhe. Die stilvoll eingerichteten Zimmer sowie der gepflegte Garten samt Swimmingpool und das Wassersport-Angebot auf dem Stausee runden jeden Aufenhalt ab.<\/p>\n\n\n\n<div style=\"height:25px\" aria-hidden=\"true\" class=\"wp-block-spacer\"><\/div>\n\n\n\n<div class=\"wp-block-buttons is-layout-flex wp-block-buttons-is-layout-flex\">\n<div class=\"wp-block-button\"><a class=\"wp-block-button__link wp-element-button\" href=\"https:\/\/www.olimar.de\/hotellistung\/\">Jetzt Urlaubsangebote finden und buchen <\/a><\/div>\n<\/div>\n\n\n\n<div style=\"height:100px\" aria-hidden=\"true\" class=\"wp-block-spacer\"><\/div>\n","protected":false},"excerpt":{"rendered":"<p>Es ist ein lauwarmer Abend mitten in Barcelona. In der Taverne El Viti herrscht Hochbetrieb. Die G\u00e4ste haben zum Schaumwein Auberginen mit Blauschimmelk\u00e4se und trockenen Fr\u00fcchten bestellt, Avocado an rotem Thunfisch und kandiertes Spanferkel.<\/p>\n","protected":false},"author":43,"featured_media":18320,"comment_status":"open","ping_status":"open","sticky":false,"template":"","format":"standard","meta":{"_crdt_document":"","_lmt_disableupdate":"","_lmt_disable":"","footnotes":""},"categories":[30],"tags":[64,229,20,62],"class_list":["post-18301","post","type-post","status-publish","format-standard","has-post-thumbnail","hentry","category-kulinarik-genuss","tag-katalonien","tag-kulinarik-und-genuss","tag-slider","tag-spanien"],"yoast_head":"<!-- This site is optimized with the Yoast SEO plugin v26.9 - https:\/\/yoast.com\/product\/yoast-seo-wordpress\/ -->\n<title>Die K\u00fcche Kataloniens<\/title>\n<meta name=\"description\" content=\"Es ist ein lauwarmer Abend mitten in Barcelona. In der Taverne El Viti herrscht Hochbetrieb. F\u00fcr die G\u00e4ste gibt es kein besseres Restaurant.\" \/>\n<meta name=\"robots\" content=\"index, follow, max-snippet:-1, max-image-preview:large, max-video-preview:-1\" \/>\n<link rel=\"canonical\" href=\"https:\/\/blog.olimar.de\/kueche-kataloniens\/\" \/>\n<meta property=\"og:locale\" content=\"de_DE\" \/>\n<meta property=\"og:type\" content=\"article\" \/>\n<meta property=\"og:title\" content=\"Die K\u00fcche Kataloniens\" \/>\n<meta property=\"og:description\" content=\"Es ist ein lauwarmer Abend mitten in Barcelona. In der Taverne El Viti herrscht Hochbetrieb. F\u00fcr die G\u00e4ste gibt es kein besseres Restaurant.\" \/>\n<meta property=\"og:url\" content=\"https:\/\/blog.olimar.de\/kueche-kataloniens\/\" \/>\n<meta property=\"article:publisher\" content=\"https:\/\/www.facebook.com\/OlimarReisen\" \/>\n<meta property=\"article:published_time\" content=\"2022-05-04T09:45:16+00:00\" \/>\n<meta property=\"article:modified_time\" content=\"2024-03-12T16:10:49+00:00\" \/>\n<meta property=\"og:image\" content=\"https:\/\/blog.olimar.de\/wp-content\/uploads\/2022\/05\/martin-becker-Of6BddUs1C8-unsplash-scaled.jpg\" \/>\n\t<meta property=\"og:image:width\" content=\"2560\" \/>\n\t<meta property=\"og:image:height\" content=\"1806\" \/>\n\t<meta property=\"og:image:type\" content=\"image\/jpeg\" \/>\n<meta name=\"author\" content=\"Tobias B\u00fcscher\" \/>\n<meta name=\"twitter:label1\" content=\"Verfasst von\" \/>\n\t<meta name=\"twitter:data1\" content=\"Tobias B\u00fcscher\" \/>\n\t<meta name=\"twitter:label2\" content=\"Gesch\u00e4tzte Lesezeit\" \/>\n\t<meta name=\"twitter:data2\" content=\"7\u00a0Minuten\" \/>\n<script type=\"application\/ld+json\" class=\"yoast-schema-graph\">{\"@context\":\"https:\/\/schema.org\",\"@graph\":[{\"@type\":\"WebPage\",\"@id\":\"https:\/\/blog.olimar.de\/kueche-kataloniens\/\",\"url\":\"https:\/\/blog.olimar.de\/kueche-kataloniens\/\",\"name\":\"Die K\u00fcche Kataloniens\",\"isPartOf\":{\"@id\":\"https:\/\/blog.olimar.de\/#website\"},\"primaryImageOfPage\":{\"@id\":\"https:\/\/blog.olimar.de\/kueche-kataloniens\/#primaryimage\"},\"image\":{\"@id\":\"https:\/\/blog.olimar.de\/kueche-kataloniens\/#primaryimage\"},\"thumbnailUrl\":\"https:\/\/blog.olimar.de\/wp-content\/uploads\/2022\/05\/martin-becker-Of6BddUs1C8-unsplash-scaled.jpg\",\"datePublished\":\"2022-05-04T09:45:16+00:00\",\"dateModified\":\"2024-03-12T16:10:49+00:00\",\"description\":\"Es ist ein lauwarmer Abend mitten in Barcelona. In der Taverne El Viti herrscht Hochbetrieb. F\u00fcr die G\u00e4ste gibt es kein besseres Restaurant.\",\"breadcrumb\":{\"@id\":\"https:\/\/blog.olimar.de\/kueche-kataloniens\/#breadcrumb\"},\"inLanguage\":\"de\",\"potentialAction\":[{\"@type\":\"ReadAction\",\"target\":[\"https:\/\/blog.olimar.de\/kueche-kataloniens\/\"]}]},{\"@type\":\"ImageObject\",\"inLanguage\":\"de\",\"@id\":\"https:\/\/blog.olimar.de\/kueche-kataloniens\/#primaryimage\",\"url\":\"https:\/\/blog.olimar.de\/wp-content\/uploads\/2022\/05\/martin-becker-Of6BddUs1C8-unsplash-scaled.jpg\",\"contentUrl\":\"https:\/\/blog.olimar.de\/wp-content\/uploads\/2022\/05\/martin-becker-Of6BddUs1C8-unsplash-scaled.jpg\",\"width\":2560,\"height\":1806,\"caption\":\"Spanische Paella mit Muscheln\"},{\"@type\":\"BreadcrumbList\",\"@id\":\"https:\/\/blog.olimar.de\/kueche-kataloniens\/#breadcrumb\",\"itemListElement\":[{\"@type\":\"ListItem\",\"position\":1,\"name\":\"Home\",\"item\":\"https:\/\/blog.olimar.de\/\"},{\"@type\":\"ListItem\",\"position\":2,\"name\":\"Katalonien\",\"item\":\"https:\/\/blog.olimar.de\/tag\/katalonien\/\"},{\"@type\":\"ListItem\",\"position\":3,\"name\":\"Die K\u00fcche Kataloniens\"}]},{\"@type\":\"WebSite\",\"@id\":\"https:\/\/blog.olimar.de\/#website\",\"url\":\"https:\/\/blog.olimar.de\/\",\"name\":\"OLIMAR.com\",\"description\":\"\",\"publisher\":{\"@id\":\"https:\/\/blog.olimar.de\/#organization\"},\"potentialAction\":[{\"@type\":\"SearchAction\",\"target\":{\"@type\":\"EntryPoint\",\"urlTemplate\":\"https:\/\/blog.olimar.de\/?s={search_term_string}\"},\"query-input\":{\"@type\":\"PropertyValueSpecification\",\"valueRequired\":true,\"valueName\":\"search_term_string\"}}],\"inLanguage\":\"de\"},{\"@type\":\"Organization\",\"@id\":\"https:\/\/blog.olimar.de\/#organization\",\"name\":\"OLIMAR Reisen\",\"url\":\"https:\/\/blog.olimar.de\/\",\"logo\":{\"@type\":\"ImageObject\",\"inLanguage\":\"de\",\"@id\":\"https:\/\/blog.olimar.de\/#\/schema\/logo\/image\/\",\"url\":\"https:\/\/blog.olimar.de\/wp-content\/uploads\/2021\/01\/OLIMAR_Logo_COLOR.png\",\"contentUrl\":\"https:\/\/blog.olimar.de\/wp-content\/uploads\/2021\/01\/OLIMAR_Logo_COLOR.png\",\"width\":2000,\"height\":986,\"caption\":\"OLIMAR Reisen\"},\"image\":{\"@id\":\"https:\/\/blog.olimar.de\/#\/schema\/logo\/image\/\"},\"sameAs\":[\"https:\/\/www.facebook.com\/OlimarReisen\",\"https:\/\/x.com\/olimarrreisen\",\"https:\/\/www.instagram.com\/olimarreisen\",\"https:\/\/www.youtube.com\/user\/olimarreisen\"]}]}<\/script>\n<!-- \/ Yoast SEO plugin. -->","yoast_head_json":{"title":"Die K\u00fcche Kataloniens","description":"Es ist ein lauwarmer Abend mitten in Barcelona. In der Taverne El Viti herrscht Hochbetrieb. F\u00fcr die G\u00e4ste gibt es kein besseres Restaurant.","robots":{"index":"index","follow":"follow","max-snippet":"max-snippet:-1","max-image-preview":"max-image-preview:large","max-video-preview":"max-video-preview:-1"},"canonical":"https:\/\/blog.olimar.de\/kueche-kataloniens\/","og_locale":"de_DE","og_type":"article","og_title":"Die K\u00fcche Kataloniens","og_description":"Es ist ein lauwarmer Abend mitten in Barcelona. In der Taverne El Viti herrscht Hochbetrieb. F\u00fcr die G\u00e4ste gibt es kein besseres Restaurant.","og_url":"https:\/\/blog.olimar.de\/kueche-kataloniens\/","article_publisher":"https:\/\/www.facebook.com\/OlimarReisen","article_published_time":"2022-05-04T09:45:16+00:00","article_modified_time":"2024-03-12T16:10:49+00:00","og_image":[{"width":2560,"height":1806,"url":"https:\/\/blog.olimar.de\/wp-content\/uploads\/2022\/05\/martin-becker-Of6BddUs1C8-unsplash-scaled.jpg","type":"image\/jpeg"}],"author":"Tobias B\u00fcscher","twitter_misc":{"Verfasst von":"Tobias B\u00fcscher","Gesch\u00e4tzte Lesezeit":"7\u00a0Minuten"},"schema":{"@context":"https:\/\/schema.org","@graph":[{"@type":"WebPage","@id":"https:\/\/blog.olimar.de\/kueche-kataloniens\/","url":"https:\/\/blog.olimar.de\/kueche-kataloniens\/","name":"Die K\u00fcche Kataloniens","isPartOf":{"@id":"https:\/\/blog.olimar.de\/#website"},"primaryImageOfPage":{"@id":"https:\/\/blog.olimar.de\/kueche-kataloniens\/#primaryimage"},"image":{"@id":"https:\/\/blog.olimar.de\/kueche-kataloniens\/#primaryimage"},"thumbnailUrl":"https:\/\/blog.olimar.de\/wp-content\/uploads\/2022\/05\/martin-becker-Of6BddUs1C8-unsplash-scaled.jpg","datePublished":"2022-05-04T09:45:16+00:00","dateModified":"2024-03-12T16:10:49+00:00","description":"Es ist ein lauwarmer Abend mitten in Barcelona. In der Taverne El Viti herrscht Hochbetrieb. F\u00fcr die G\u00e4ste gibt es kein besseres Restaurant.","breadcrumb":{"@id":"https:\/\/blog.olimar.de\/kueche-kataloniens\/#breadcrumb"},"inLanguage":"de","potentialAction":[{"@type":"ReadAction","target":["https:\/\/blog.olimar.de\/kueche-kataloniens\/"]}]},{"@type":"ImageObject","inLanguage":"de","@id":"https:\/\/blog.olimar.de\/kueche-kataloniens\/#primaryimage","url":"https:\/\/blog.olimar.de\/wp-content\/uploads\/2022\/05\/martin-becker-Of6BddUs1C8-unsplash-scaled.jpg","contentUrl":"https:\/\/blog.olimar.de\/wp-content\/uploads\/2022\/05\/martin-becker-Of6BddUs1C8-unsplash-scaled.jpg","width":2560,"height":1806,"caption":"Spanische Paella mit Muscheln"},{"@type":"BreadcrumbList","@id":"https:\/\/blog.olimar.de\/kueche-kataloniens\/#breadcrumb","itemListElement":[{"@type":"ListItem","position":1,"name":"Home","item":"https:\/\/blog.olimar.de\/"},{"@type":"ListItem","position":2,"name":"Katalonien","item":"https:\/\/blog.olimar.de\/tag\/katalonien\/"},{"@type":"ListItem","position":3,"name":"Die K\u00fcche Kataloniens"}]},{"@type":"WebSite","@id":"https:\/\/blog.olimar.de\/#website","url":"https:\/\/blog.olimar.de\/","name":"OLIMAR.com","description":"","publisher":{"@id":"https:\/\/blog.olimar.de\/#organization"},"potentialAction":[{"@type":"SearchAction","target":{"@type":"EntryPoint","urlTemplate":"https:\/\/blog.olimar.de\/?s={search_term_string}"},"query-input":{"@type":"PropertyValueSpecification","valueRequired":true,"valueName":"search_term_string"}}],"inLanguage":"de"},{"@type":"Organization","@id":"https:\/\/blog.olimar.de\/#organization","name":"OLIMAR Reisen","url":"https:\/\/blog.olimar.de\/","logo":{"@type":"ImageObject","inLanguage":"de","@id":"https:\/\/blog.olimar.de\/#\/schema\/logo\/image\/","url":"https:\/\/blog.olimar.de\/wp-content\/uploads\/2021\/01\/OLIMAR_Logo_COLOR.png","contentUrl":"https:\/\/blog.olimar.de\/wp-content\/uploads\/2021\/01\/OLIMAR_Logo_COLOR.png","width":2000,"height":986,"caption":"OLIMAR Reisen"},"image":{"@id":"https:\/\/blog.olimar.de\/#\/schema\/logo\/image\/"},"sameAs":["https:\/\/www.facebook.com\/OlimarReisen","https:\/\/x.com\/olimarrreisen","https:\/\/www.instagram.com\/olimarreisen","https:\/\/www.youtube.com\/user\/olimarreisen"]}]}},"modified_by":"Wiebke Fix","jetpack_featured_media_url":"https:\/\/blog.olimar.de\/wp-content\/uploads\/2022\/05\/martin-becker-Of6BddUs1C8-unsplash-scaled.jpg","_links":{"self":[{"href":"https:\/\/blog.olimar.de\/wp-json\/wp\/v2\/posts\/18301","targetHints":{"allow":["GET"]}}],"collection":[{"href":"https:\/\/blog.olimar.de\/wp-json\/wp\/v2\/posts"}],"about":[{"href":"https:\/\/blog.olimar.de\/wp-json\/wp\/v2\/types\/post"}],"author":[{"embeddable":true,"href":"https:\/\/blog.olimar.de\/wp-json\/wp\/v2\/users\/43"}],"replies":[{"embeddable":true,"href":"https:\/\/blog.olimar.de\/wp-json\/wp\/v2\/comments?post=18301"}],"version-history":[{"count":17,"href":"https:\/\/blog.olimar.de\/wp-json\/wp\/v2\/posts\/18301\/revisions"}],"predecessor-version":[{"id":27517,"href":"https:\/\/blog.olimar.de\/wp-json\/wp\/v2\/posts\/18301\/revisions\/27517"}],"wp:featuredmedia":[{"embeddable":true,"href":"https:\/\/blog.olimar.de\/wp-json\/wp\/v2\/media\/18320"}],"wp:attachment":[{"href":"https:\/\/blog.olimar.de\/wp-json\/wp\/v2\/media?parent=18301"}],"wp:term":[{"taxonomy":"category","embeddable":true,"href":"https:\/\/blog.olimar.de\/wp-json\/wp\/v2\/categories?post=18301"},{"taxonomy":"post_tag","embeddable":true,"href":"https:\/\/blog.olimar.de\/wp-json\/wp\/v2\/tags?post=18301"}],"curies":[{"name":"wp","href":"https:\/\/api.w.org\/{rel}","templated":true}]}}