{"id":19277,"date":"2026-04-08T10:39:19","date_gmt":"2026-04-08T09:39:19","guid":{"rendered":"https:\/\/blog.olimar.de\/?p=19277"},"modified":"2026-04-08T10:39:27","modified_gmt":"2026-04-08T09:39:27","slug":"straende-algarve","status":"publish","type":"post","link":"https:\/\/blog.olimar.de\/straende-algarve\/","title":{"rendered":"So sch\u00f6n! Diese 14 Str\u00e4nde an der Algarve musst du gesehen haben"},"content":{"rendered":"\n<p><strong>Die Algarve im S\u00fcden Portugals ist l\u00e4ngst kein Geheimtipp mehr. Touristen und Touristinnen aus ganz unterschiedlichen L\u00e4ndern tummeln sich hier genauso an den Str\u00e4nden wie urlaubsreife Einheimische und Zugezogene. Und das zu Recht, denn die Str\u00e4nde der Algarve k\u00f6nnen sich wirklich sehen lassen. Hier kommen 14, denen du bei deinem n\u00e4chsten Urlaub an Portugals Traumk\u00fcste unbedingt einen Besuch abstatten musst!<\/strong><\/p>\n\n\n\n<div class=\"wp-block-buttons is-layout-flex wp-block-buttons-is-layout-flex\">\n<div class=\"wp-block-button\"><a class=\"wp-block-button__link wp-element-button\" href=\"https:\/\/www.olimar.de\/portugal\/algarve\/\" target=\"_blank\" rel=\"noreferrer noopener\">Angebote &amp; Hotels f\u00fcr deinen Algarve Urlaub<\/a><\/div>\n<\/div>\n\n\n\n<div style=\"height:12px\" aria-hidden=\"true\" class=\"wp-block-spacer\"><\/div>\n\n\n\n<h2>1. Praia de Benagil<\/h2>\n\n\n\n<figure class=\"wp-block-image size-large\"><img loading=\"lazy\" decoding=\"async\" width=\"1024\" height=\"584\" src=\"https:\/\/blog.olimar.de\/wp-content\/uploads\/2019\/10\/PT-Algarve-BenagilCave-PIXABAY3029665-1024x584.jpg\" alt=\"Str\u00e4nde Algarve Praia de Benagil\" class=\"wp-image-12353\" srcset=\"https:\/\/blog.olimar.de\/wp-content\/uploads\/2019\/10\/PT-Algarve-BenagilCave-PIXABAY3029665-1024x584.jpg 1024w, https:\/\/blog.olimar.de\/wp-content\/uploads\/2019\/10\/PT-Algarve-BenagilCave-PIXABAY3029665-300x171.jpg 300w, https:\/\/blog.olimar.de\/wp-content\/uploads\/2019\/10\/PT-Algarve-BenagilCave-PIXABAY3029665-768x438.jpg 768w, https:\/\/blog.olimar.de\/wp-content\/uploads\/2019\/10\/PT-Algarve-BenagilCave-PIXABAY3029665.jpg 1895w\" sizes=\"auto, (max-width: 1024px) 100vw, 1024px\" \/><figcaption class=\"wp-element-caption\">Praia de Benagil<\/figcaption><\/figure>\n\n\n\n<p>Einer der bekanntesten Str\u00e4nde der Algarve ist der Strand von Benagil. Die einzigartige H\u00f6hlen- und Felsformation lockt jedes Jahr viele Urlauber und Urlauberinnen an und versetzen sie in Staunen. Was einst ein kleines Dorf war, ist heute durch Instagram und Co. ein weltber\u00fchmter Touristenmagnet. Zu der H\u00f6hle selbst, die neben dem Strand von Benagil liegt, solltest du am besten per <a href=\"https:\/\/www.olimar.de\/blog\/bootsausfluge-an-der-algarve\/\" target=\"_blank\" rel=\"noopener\">Boot<\/a> fahren (entweder vom Hauptstrand in Benagil selbst oder per Bootstour zum Beispiel von Carvoeiro aus). Schwimmen ist aufgrund von Str\u00f6mungen und Gezeiten meist zu gef\u00e4hrlich.<\/p>\n<p><strong>Achtung<\/strong>: Zur Hauptsaison kann es am Strand von Benagil sehr voll werden. Dann ist es besser, ein Boot aus einem anderen Ort zu nehmen, um die H\u00f6hle und weitere H\u00f6hlen in der Umgebung zu entdecken.<\/p>\n<ul>\n<li>Parkplatz<\/li>\n<li>Duschen am Strand<\/li>\n<li>Restaurant\/ Bar<\/li>\n<li>Bootsverleih am Strand<\/li>\n<li>Rettungsschwimmer<\/li>\n<\/ul>\n\n\n\n\n\n<div class=\"wp-block-buttons is-layout-flex wp-block-buttons-is-layout-flex\">\n<div class=\"wp-block-button\"><a class=\"wp-block-button__link wp-element-button\" href=\"https:\/\/www.olimar.de\/portugal\/algarve\/carvoeiro\/\" target=\"_blank\" rel=\"noreferrer noopener\">Angebote f\u00fcr den Carvoeiro Uraub<\/a><\/div>\n<\/div>\n\n\n\n<div style=\"height:12px\" aria-hidden=\"true\" class=\"wp-block-spacer\"><\/div>\n\n\n\n<h2>2. Praia dos Tr\u00eas Irm\u00e3os<\/h2>\n\n\n\n<figure class=\"wp-block-image size-large\"><img loading=\"lazy\" decoding=\"async\" width=\"1024\" height=\"576\" src=\"https:\/\/blog.olimar.de\/wp-content\/uploads\/2022\/07\/staende_algarve_praia_tres_irmaos-1024x576.jpg\" alt=\"Str\u00e4nde Algarve Praia dos Tr\u00eas Irm\u00e3os\" class=\"wp-image-19291\" srcset=\"https:\/\/blog.olimar.de\/wp-content\/uploads\/2022\/07\/staende_algarve_praia_tres_irmaos-1024x576.jpg 1024w, https:\/\/blog.olimar.de\/wp-content\/uploads\/2022\/07\/staende_algarve_praia_tres_irmaos-300x169.jpg 300w, https:\/\/blog.olimar.de\/wp-content\/uploads\/2022\/07\/staende_algarve_praia_tres_irmaos-768x432.jpg 768w, https:\/\/blog.olimar.de\/wp-content\/uploads\/2022\/07\/staende_algarve_praia_tres_irmaos-1536x864.jpg 1536w, https:\/\/blog.olimar.de\/wp-content\/uploads\/2022\/07\/staende_algarve_praia_tres_irmaos.jpg 1600w\" sizes=\"auto, (max-width: 1024px) 100vw, 1024px\" \/><figcaption class=\"wp-element-caption\">Praia dos Tr\u00eas Irm\u00e3os<\/figcaption><\/figure>\n\n\n\n<p>Gut f\u00fcr Familien mit kleinen Kindern geeignet, aber auch f\u00fcr alle, die nicht gern steile Treppen oder lange Wege gehen wollen, ist die Praia dos Tr\u00eas Irm\u00e3os. Die kleine Bucht liegt am \u00f6stlichen Rand des langen Strands von Alvor. H\u00f6hlen begeistern Gro\u00df und Klein, der feinsandige Strand f\u00e4llt flach ab und l\u00e4dt zum Baden ein. Der Strand ist mit der <a href=\"https:\/\/de.wikipedia.org\/wiki\/Blaue_Flagge_(G%C3%BCtezeichen)\" target=\"_blank\" rel=\"noopener\">Blauen Flagge<\/a> ausgezeichnet.<\/p>\n<ul>\n<li>Blaue Flagge<\/li>\n<li>Parkplatz<\/li>\n<li>Duschen am Strand<\/li>\n<li>Restaurant\/ Bar<\/li>\n<li>Bootsverleih am Strand<\/li>\n<li>Liegen- und Sonnenschirme gegen Geb\u00fchr<\/li>\n<li>Rettungsschwimmer<\/li>\n<\/ul>\n\n\n\n\n\n<div class=\"wp-block-buttons is-layout-flex wp-block-buttons-is-layout-flex\">\n<div class=\"wp-block-button\"><a class=\"wp-block-button__link wp-element-button\" href=\"https:\/\/www.olimar.de\/portugal\/algarve\/alvor\/\" target=\"_blank\" rel=\"noreferrer noopener\">Angebote f\u00fcr den Alvor Urlaub<\/a><\/div>\n<\/div>\n\n\n\n<div style=\"height:12px\" aria-hidden=\"true\" class=\"wp-block-spacer\"><\/div>\n\n\n\n<h2>3. Praia da Marinha<\/h2>\n\n\n\n<figure class=\"wp-block-image size-large\"><img loading=\"lazy\" decoding=\"async\" width=\"1024\" height=\"576\" src=\"https:\/\/blog.olimar.de\/wp-content\/uploads\/2022\/07\/straende_algarve_praia_marinha-1024x576.jpg\" alt=\"Str\u00e4nde Algarve Praia da Marinha\" class=\"wp-image-19297\" srcset=\"https:\/\/blog.olimar.de\/wp-content\/uploads\/2022\/07\/straende_algarve_praia_marinha-1024x576.jpg 1024w, https:\/\/blog.olimar.de\/wp-content\/uploads\/2022\/07\/straende_algarve_praia_marinha-300x169.jpg 300w, https:\/\/blog.olimar.de\/wp-content\/uploads\/2022\/07\/straende_algarve_praia_marinha-768x432.jpg 768w, https:\/\/blog.olimar.de\/wp-content\/uploads\/2022\/07\/straende_algarve_praia_marinha-1536x864.jpg 1536w, https:\/\/blog.olimar.de\/wp-content\/uploads\/2022\/07\/straende_algarve_praia_marinha.jpg 1600w\" sizes=\"auto, (max-width: 1024px) 100vw, 1024px\" \/><figcaption class=\"wp-element-caption\">Praia da Marinha<\/figcaption><\/figure>\n\n\n\n<p>Der Weg hinunter zum Strand ist ziemlich steil \u2013 daf\u00fcr genie\u00dft du aber oben eine atemberaubende Aussicht auf die wundersch\u00f6ne Klippenlandschaft und das Meer. Unten erwartet dich einer der sch\u00f6nsten Str\u00e4nde der Algarve mit feinem Sand, seichtem Wasser und bizarren, typischen Sandsteinformationen. Die n\u00e4chstgelegenen gr\u00f6\u00dferen Urlaubsorte sind Carvoeiro und Arma\u00e7\u00e3o de P\u00eara.<\/p>\n<ul>\n<li>Parkplatz<\/li>\n<li>Duschen am Strand<\/li>\n<li>Restaurant\/ Bar<\/li>\n<li>Bootsverleih am Strand<\/li>\n<li>Liegen- und Sonnenschirme gegen Geb\u00fchr<\/li>\n<li>Rettungsschwimmer<\/li>\n<\/ul>\n\n\n\n\n\n<div class=\"wp-block-buttons is-layout-flex wp-block-buttons-is-layout-flex\">\n<div class=\"wp-block-button\"><a class=\"wp-block-button__link wp-element-button\" href=\"https:\/\/www.olimar.de\/portugal\/algarve\/armacao-de-pera\/\" target=\"_blank\" rel=\"noreferrer noopener\">Angebote f\u00fcr den Arma\u00e7\u00e3o de P\u00eara Urlaub<\/a><\/div>\n<\/div>\n\n\n\n<div style=\"height:12px\" aria-hidden=\"true\" class=\"wp-block-spacer\"><\/div>\n\n\n\n<h2>4. Praia da Arrifana<\/h2>\n\n\n\n<figure class=\"wp-block-image size-large\"><img loading=\"lazy\" decoding=\"async\" width=\"1024\" height=\"576\" src=\"https:\/\/blog.olimar.de\/wp-content\/uploads\/2022\/07\/straende_algarve_praia_arrifana-1024x576.jpg\" alt=\"Str\u00e4nde Algarve Praia da Arrifana\" class=\"wp-image-19299\" srcset=\"https:\/\/blog.olimar.de\/wp-content\/uploads\/2022\/07\/straende_algarve_praia_arrifana-1024x576.jpg 1024w, https:\/\/blog.olimar.de\/wp-content\/uploads\/2022\/07\/straende_algarve_praia_arrifana-300x169.jpg 300w, https:\/\/blog.olimar.de\/wp-content\/uploads\/2022\/07\/straende_algarve_praia_arrifana-768x432.jpg 768w, https:\/\/blog.olimar.de\/wp-content\/uploads\/2022\/07\/straende_algarve_praia_arrifana-1536x864.jpg 1536w, https:\/\/blog.olimar.de\/wp-content\/uploads\/2022\/07\/straende_algarve_praia_arrifana.jpg 1600w\" sizes=\"auto, (max-width: 1024px) 100vw, 1024px\" \/><figcaption class=\"wp-element-caption\">Praia da Arrifana<\/figcaption><\/figure>\n\n\n\n<p>Ein Paradies f\u00fcr Surfer und Bodyboarder, aber auch f\u00fcr alle, die den Mix aus rauher Natur und von H\u00e4uschen ges\u00e4umten H\u00fcgeln lieben: Die Praia da Arrifana ist ein von hohen Klippen umgebener Strand unweit von Aljezur und n\u00f6rdlich von Sagres und Villa do Bispo gelegen.<\/p>\n<ul>\n<li>Blaue Flagge<\/li>\n<li>Parkplatz<\/li>\n<li>Restaurant\/ Bar<\/li>\n<li>Rettungsschwimmer<\/li>\n<\/ul>\n\n\n\n\n\n<div class=\"wp-block-buttons is-layout-flex wp-block-buttons-is-layout-flex\">\n<div class=\"wp-block-button\"><a class=\"wp-block-button__link wp-element-button\" href=\"https:\/\/www.olimar.com\/FAO049\" target=\"_blank\" rel=\"noreferrer noopener\">Angebote f\u00fcr den Aljezur Urlaub<\/a><\/div>\n<\/div>\n\n\n\n<div style=\"height:12px\" aria-hidden=\"true\" class=\"wp-block-spacer\"><\/div>\n\n\n\n<h2>5. Meia Praia<\/h2>\n\n\n\n<figure class=\"wp-block-image size-large\"><img loading=\"lazy\" decoding=\"async\" width=\"1024\" height=\"762\" src=\"https:\/\/blog.olimar.de\/wp-content\/uploads\/2020\/09\/Meia-Praia-1024x762.jpg\" alt=\"Str\u00e4nde Algarve Algarve Meia Praia\" class=\"wp-image-16118\" srcset=\"https:\/\/blog.olimar.de\/wp-content\/uploads\/2020\/09\/Meia-Praia-1024x762.jpg 1024w, https:\/\/blog.olimar.de\/wp-content\/uploads\/2020\/09\/Meia-Praia-300x223.jpg 300w, https:\/\/blog.olimar.de\/wp-content\/uploads\/2020\/09\/Meia-Praia-768x571.jpg 768w, https:\/\/blog.olimar.de\/wp-content\/uploads\/2020\/09\/Meia-Praia-1536x1142.jpg 1536w, https:\/\/blog.olimar.de\/wp-content\/uploads\/2020\/09\/Meia-Praia-2048x1523.jpg 2048w\" sizes=\"auto, (max-width: 1024px) 100vw, 1024px\" \/><figcaption class=\"wp-element-caption\">Meia Praia<\/figcaption><\/figure>\n\n\n\n<p>In der N\u00e4he einer kleinen Bahnstation gelegen, ist der Strand Meia Praia bei Lagos auch ohne Auto gut erreichbar. Auf gut f\u00fcnf Kilometern L\u00e4nge erstreckt sich dieser feinsandige, flache Strand zwischen dem Jachthafen von Lagos und der Ria de Alvor und erinnert an die Str\u00e4nde der <a href=\"https:\/\/www.olimar.de\/blog\/sandalgarve\/\" target=\"_blank\" rel=\"noopener\">Sandalgarve<\/a>. Dank seiner Gr\u00f6\u00dfe ist er selbst zur Hochsaison nicht zu voll und ist f\u00fcr den Besuch mit Kindern bestens geeignet.<\/p>\n<ul>\n<li>Blaue Flagge<\/li>\n<li>Parkplatz<\/li>\n<li>Duschen am Strand<\/li>\n<li>Restaurant\/ Bar<\/li>\n<li>Verleih von Leichtbooten am Strand<\/li>\n<li>Liegen- und Sonnenschirme gegen Geb\u00fchr<\/li>\n<li>Rettungsschwimmer<\/li>\n<\/ul>\n<p><strong>Tipp:<\/strong> Wenige Schritte von der Meia Praia entfernt liegt die Vila Palmeira, die du exklusiv \u00fcber OLIMAR buchen kannst. Die ruhige 4-Sterne-Ferienanlage unter deutsch-portugiesischer Leitung verf\u00fcgt \u00fcber 42 sehr gut ausgestattete Apartments. Der pers\u00f6nliche Komfort, der freundliche und famili\u00e4ren Service, die gepflegte Gartenanlage sowie der gro\u00dfe, salzwasserhaltige und beheizbare Swimmingpool machen den Urlaub perfekt.<\/p>\n\n\n\n\n\n<div class=\"wp-block-buttons is-layout-flex wp-block-buttons-is-layout-flex\">\n<div class=\"wp-block-button\"><a class=\"wp-block-button__link wp-element-button\" href=\"https:\/\/www.olimar.com\/FAO207\" target=\"_blank\" rel=\"noreferrer noopener\">Angebebote f\u00fcr einen Urlaub in der Vila Palmeira (Lagos)<\/a><\/div>\n<\/div>\n\n\n\n<div style=\"height:12px\" aria-hidden=\"true\" class=\"wp-block-spacer\"><\/div>\n\n\n\n<h2>6. Praia da Fal\u00e9sia<\/h2>\n\n\n\n<figure class=\"wp-block-image size-large\"><img loading=\"lazy\" decoding=\"async\" width=\"1024\" height=\"683\" src=\"https:\/\/blog.olimar.de\/wp-content\/uploads\/2024\/05\/falesia-1024x683.jpg\" alt=\"\" class=\"wp-image-27756\" srcset=\"https:\/\/blog.olimar.de\/wp-content\/uploads\/2024\/05\/falesia-1024x683.jpg 1024w, https:\/\/blog.olimar.de\/wp-content\/uploads\/2024\/05\/falesia-300x200.jpg 300w, https:\/\/blog.olimar.de\/wp-content\/uploads\/2024\/05\/falesia-768x512.jpg 768w, https:\/\/blog.olimar.de\/wp-content\/uploads\/2024\/05\/falesia-1536x1024.jpg 1536w, https:\/\/blog.olimar.de\/wp-content\/uploads\/2024\/05\/falesia-840x560.jpg 840w, https:\/\/blog.olimar.de\/wp-content\/uploads\/2024\/05\/falesia-1200x800.jpg 1200w, https:\/\/blog.olimar.de\/wp-content\/uploads\/2024\/05\/falesia.jpg 1920w\" sizes=\"auto, (max-width: 1024px) 100vw, 1024px\" \/><figcaption class=\"wp-element-caption\">Praia da Fal\u00e9sia<\/figcaption><\/figure>\n\n\n\n<p>Der kilometerlange Strand Praia da Fal\u00e9sia bei Albufeira ist ein wahres Paradies f\u00fcr Strandfans. Er bietet alles, was man sich von einem perfekten Strandtag erhofft. Mit den wundersch\u00f6nen roten Klippen, dem kristallklaren Wasser und vielf\u00e4ltigen Angeboten ist dieser Strand ein ideales Ziel f\u00fcr Familien, Wassersportler, Wanderer und Naturfreunde. Die Praia da Fal\u00e9sia erreichst du \u00fcber verschiedenen Zug\u00e4nge an verschiedenen Orten entweder \u00fcber Treppen vom Klippenrand hinunter zum Strand oder durch Aufz\u00fcge (diese geh\u00f6ren aber meistens zu Hotels) und Holzstege durch die Klippenlandschaft.<\/p>\n<ul>\n<li data-sourcepos=\"23:1-23:142\">Blaue Flagge<\/li>\n<li data-sourcepos=\"24:1-24:60\">Parkpl\u00e4tze<\/li>\n<li data-sourcepos=\"25:1-25:88\">Duschen am Strand<\/li>\n<li data-sourcepos=\"26:1-26:107\">Restaurants\/Bars<\/li>\n<li data-sourcepos=\"26:1-26:107\">Verleih von Leichtbooten:<\/li>\n<li data-sourcepos=\"28:1-28:94\">Liegen- und Sonnenschirme gegen Geb\u00fchr<\/li>\n<li data-sourcepos=\"28:1-28:94\">Rettungsschwimmer<\/li>\n<\/ul>\n\n\n\n\n\n<div class=\"wp-block-buttons is-layout-flex wp-block-buttons-is-layout-flex\">\n<div class=\"wp-block-button\"><a class=\"wp-block-button__link wp-element-button\" href=\"https:\/\/www.olimar.de\/portugal\/algarve\/albufeira\/\" target=\"_blank\" rel=\"noreferrer noopener\">Angebote f\u00fcr den Albufeira Urlaub<\/a><\/div>\n<\/div>\n\n\n\n<div style=\"height:15px\" aria-hidden=\"true\" class=\"wp-block-spacer\"><\/div>\n\n\n\n<h2>7. Praia do Camilo<\/h2>\n\n\n\n<figure class=\"wp-block-image size-full\"><img loading=\"lazy\" decoding=\"async\" width=\"800\" height=\"800\" src=\"https:\/\/blog.olimar.de\/wp-content\/uploads\/2021\/05\/PT-Algarve-Lagos-PraiadoCamilo-c-FN04041_verkleinert.jpg\" alt=\"Str\u00e4nde Algarve Praia do Camilo\" class=\"wp-image-17082\" srcset=\"https:\/\/blog.olimar.de\/wp-content\/uploads\/2021\/05\/PT-Algarve-Lagos-PraiadoCamilo-c-FN04041_verkleinert.jpg 800w, https:\/\/blog.olimar.de\/wp-content\/uploads\/2021\/05\/PT-Algarve-Lagos-PraiadoCamilo-c-FN04041_verkleinert-300x300.jpg 300w, https:\/\/blog.olimar.de\/wp-content\/uploads\/2021\/05\/PT-Algarve-Lagos-PraiadoCamilo-c-FN04041_verkleinert-150x150.jpg 150w, https:\/\/blog.olimar.de\/wp-content\/uploads\/2021\/05\/PT-Algarve-Lagos-PraiadoCamilo-c-FN04041_verkleinert-768x768.jpg 768w, https:\/\/blog.olimar.de\/wp-content\/uploads\/2021\/05\/PT-Algarve-Lagos-PraiadoCamilo-c-FN04041_verkleinert-120x120.jpg 120w\" sizes=\"auto, (max-width: 800px) 100vw, 800px\" \/><figcaption class=\"wp-element-caption\">Praia do Camilo<\/figcaption><\/figure>\n\n\n\n<p>Eine recht steile, lange Treppe f\u00fchrt mit rund 200 Stufen hinunter zu einer versteckten Bucht der <a href=\"https:\/\/www.olimar.de\/blog\/felsalgarve-straende-buchten\/\" target=\"_blank\" rel=\"noopener\">Felsalgarve<\/a> direkt bei Lagos. Genie\u00dfe beim Abstieg den Blick auf die einzigartige Landschaft, bevor du dich, am Strand angekommen, in die seichten Wellen werfen kannst. Zwischen den zerkl\u00fcfteten Klippen kann es zur Hochsaison sehr voll werden, denn der Strand ist nicht gerade gro\u00df. Auf einer Bootstour kannst du die vielen, kleinen und versteckten Sandbuchten entdecken sowie das Innere der ber\u00fchmten H\u00f6hlen erkunden.<\/p>\n<ul>\n<li>Parkplatz<\/li>\n<li>Restaurant\/ Bar<\/li>\n<\/ul>\n\n\n\n\n\n<div class=\"wp-block-buttons is-layout-flex wp-block-buttons-is-layout-flex\">\n<div class=\"wp-block-button\"><a class=\"wp-block-button__link wp-element-button\" href=\"https:\/\/www.olimar.de\/portugal\/algarve\/lagos\/\" target=\"_blank\" rel=\"noreferrer noopener\">Angebote f\u00fcr den Lagos Urlaub<\/a><\/div>\n<\/div>\n\n\n\n<div style=\"height:12px\" aria-hidden=\"true\" class=\"wp-block-spacer\"><\/div>\n\n\n\n<h2>8. Praia de Odeceixe<\/h2>\n\n\n\n<figure class=\"wp-block-image size-large\"><img loading=\"lazy\" decoding=\"async\" width=\"1024\" height=\"332\" src=\"https:\/\/blog.olimar.de\/wp-content\/uploads\/2016\/10\/Panorama-Praia-Odeceixe-1-1024x332.jpg\" alt=\"Str\u00e4nde Algarve Praia Odeceixe\" class=\"wp-image-7530\" srcset=\"https:\/\/blog.olimar.de\/wp-content\/uploads\/2016\/10\/Panorama-Praia-Odeceixe-1-1024x332.jpg 1024w, https:\/\/blog.olimar.de\/wp-content\/uploads\/2016\/10\/Panorama-Praia-Odeceixe-1-300x97.jpg 300w, https:\/\/blog.olimar.de\/wp-content\/uploads\/2016\/10\/Panorama-Praia-Odeceixe-1-768x249.jpg 768w\" sizes=\"auto, (max-width: 1024px) 100vw, 1024px\" \/><figcaption class=\"wp-element-caption\">Praia de Odeceixe<\/figcaption><\/figure>\n\n\n\n<p>Ein ganz besonderer Strand ist die Praia de Odeceixe: Du kannst dir aussuchen, ob du lieber im Meer oder im Fluss baden m\u00f6chtest, denn hier m\u00fcndet der Ribeira de Seixe in den Atlantik. Besonders f\u00fcr Kinder sind die kleinen Lagunen, die sich bei Ebbe bilden, ein toller Naturspielplatz. Wer mag, findet hier auch ein super Revier f\u00fcr Kanu- und Bootstouren.<\/p>\n<ul>\n<li>Blaue Flagge<\/li>\n<li>Parkplatz<\/li>\n<li>Restaurant\/ Bar<\/li>\n<li>Rettungsschwimmer<\/li>\n<\/ul>\n\n\n\n\n\n<div class=\"wp-block-buttons is-layout-flex wp-block-buttons-is-layout-flex\">\n<div class=\"wp-block-button\"><a class=\"wp-block-button__link wp-element-button\" href=\"https:\/\/www.olimar.com\/FAO051\" target=\"_blank\" rel=\"noreferrer noopener\">Angebote f\u00fcr den Odeceixe Urlaub<\/a><\/div>\n<\/div>\n\n\n\n<div style=\"height:12px\" aria-hidden=\"true\" class=\"wp-block-spacer\"><\/div>\n\n\n\n<h2>9. Praia do Burgau<\/h2>\n\n\n\n<figure class=\"wp-block-image size-large\"><img loading=\"lazy\" decoding=\"async\" width=\"1024\" height=\"636\" src=\"https:\/\/blog.olimar.de\/wp-content\/uploads\/2017\/06\/travelonboards-Algarve-14-Burgos-1024x636.jpg\" alt=\"Str\u00e4nde Algarve Praia do Burgau\" class=\"wp-image-8666\" srcset=\"https:\/\/blog.olimar.de\/wp-content\/uploads\/2017\/06\/travelonboards-Algarve-14-Burgos-1024x636.jpg 1024w, https:\/\/blog.olimar.de\/wp-content\/uploads\/2017\/06\/travelonboards-Algarve-14-Burgos-300x186.jpg 300w, https:\/\/blog.olimar.de\/wp-content\/uploads\/2017\/06\/travelonboards-Algarve-14-Burgos-768x477.jpg 768w, https:\/\/blog.olimar.de\/wp-content\/uploads\/2017\/06\/travelonboards-Algarve-14-Burgos.jpg 1030w\" sizes=\"auto, (max-width: 1024px) 100vw, 1024px\" \/><figcaption class=\"wp-element-caption\">Praia do Burgau<\/figcaption><\/figure>\n\n\n\n<p>Einst ein Fischerhafen, ist die Praia do Burgau heute zu einem beliebten Badespot f\u00fcr Einheimische und Urlauber geworden. Am \u00f6stlichen Strandabschnitt existiert noch immer ein kleiner Hafen, der dem Strand seinen besonderen Charme verleiht. Von Bodyboardern bis zu Familien mit Kindern werden hier alle gl\u00fccklich.<\/p>\n<ul>\n<li>Blaue Flagge<\/li>\n<li>Parkplatz<\/li>\n<li>Duschen am Strand<\/li>\n<li>Restaurant\/ Bar<\/li>\n<li>Liegen- und Sonnenschirme gegen Geb\u00fchr<\/li>\n<li>Rettungsschwimmer<\/li>\n<\/ul>\n\n\n\n\n\n<div class=\"wp-block-buttons is-layout-flex wp-block-buttons-is-layout-flex\">\n<div class=\"wp-block-button\"><a class=\"wp-block-button__link wp-element-button\" href=\"https:\/\/www.olimar.com\/FAO161\" target=\"_blank\" rel=\"noreferrer noopener\">Angebote f\u00fcr den Burgau Urlaub<\/a><\/div>\n<\/div>\n\n\n\n<div style=\"height:12px\" aria-hidden=\"true\" class=\"wp-block-spacer\"><\/div>\n\n\n\n<h2>10. Praia dos Caneiros<\/h2>\n\n\n\n<figure class=\"wp-block-image size-large\"><img loading=\"lazy\" decoding=\"async\" width=\"1024\" height=\"588\" src=\"https:\/\/blog.olimar.de\/wp-content\/uploads\/2019\/07\/PT-Algarve-Ferragudo-PraiadoCaneiros-c-FN04128-1024x588.jpg\" alt=\"Str\u00e4nde Algarve Praia do Caneiros\" class=\"wp-image-11567\" srcset=\"https:\/\/blog.olimar.de\/wp-content\/uploads\/2019\/07\/PT-Algarve-Ferragudo-PraiadoCaneiros-c-FN04128-1024x588.jpg 1024w, https:\/\/blog.olimar.de\/wp-content\/uploads\/2019\/07\/PT-Algarve-Ferragudo-PraiadoCaneiros-c-FN04128-300x172.jpg 300w, https:\/\/blog.olimar.de\/wp-content\/uploads\/2019\/07\/PT-Algarve-Ferragudo-PraiadoCaneiros-c-FN04128-768x441.jpg 768w, https:\/\/blog.olimar.de\/wp-content\/uploads\/2019\/07\/PT-Algarve-Ferragudo-PraiadoCaneiros-c-FN04128.jpg 1881w\" sizes=\"auto, (max-width: 1024px) 100vw, 1024px\" \/><figcaption class=\"wp-element-caption\">Praia dos Caneiros<\/figcaption><\/figure>\n\n\n\n<p>Umgeben von wundersch\u00f6nen Klippen und ca. drei Kilometer vom h\u00fcbschen Ort Ferragudo entfernt, l\u00e4dt die Praia dos Caneiros gro\u00dfe und kleine G\u00e4ste zu unbeschwerten Badestunden ein. Aufpassen solltest du mit den gewaltigen, nicht ungef\u00e4hrlichen Klippen: Suche nie den Schatten der Felsen auf, es k\u00f6nnen sich kleine Steine und gro\u00dfe Felsbrocken l\u00f6sen. Das gilt \u00fcbrigens f\u00fcr alle Str\u00e4nde der Algarve, die von Felsen umgeben sind!<\/p>\n<ul>\n<li>Blaue Flagge<\/li>\n<li>Parkplatz<\/li>\n<li>Duschen am Strand<\/li>\n<li>Restaurant\/ Bar<\/li>\n<li>Verleih von Leichtbooten am Strand<\/li>\n<li>Liegen- und Sonnenschirme gegen Geb\u00fchr<\/li>\n<li>Rettungsschwimmer<\/li>\n<\/ul>\n\n\n\n\n\n<div class=\"wp-block-buttons is-layout-flex wp-block-buttons-is-layout-flex\">\n<div class=\"wp-block-button\"><a class=\"wp-block-button__link wp-element-button\" href=\"https:\/\/www.olimar.com\/FAO495\" target=\"_blank\" rel=\"noreferrer noopener\">Angebote f\u00fcr den Ferragudo Urlaub<\/a><\/div>\n<\/div>\n\n\n\n<div style=\"height:12px\" aria-hidden=\"true\" class=\"wp-block-spacer\"><\/div>\n\n\n\n<h2>11. Praia do Castelejo<\/h2>\n\n\n\n<figure class=\"wp-block-image size-large\"><img loading=\"lazy\" decoding=\"async\" width=\"1024\" height=\"683\" src=\"https:\/\/blog.olimar.de\/wp-content\/uploads\/2022\/07\/straende_algarve_praia_castelejo-1024x683.jpg\" alt=\"Str\u00e4nde Algarve Praia do Castelejo\" class=\"wp-image-19310\" srcset=\"https:\/\/blog.olimar.de\/wp-content\/uploads\/2022\/07\/straende_algarve_praia_castelejo-1024x683.jpg 1024w, https:\/\/blog.olimar.de\/wp-content\/uploads\/2022\/07\/straende_algarve_praia_castelejo-300x200.jpg 300w, https:\/\/blog.olimar.de\/wp-content\/uploads\/2022\/07\/straende_algarve_praia_castelejo-768x512.jpg 768w, https:\/\/blog.olimar.de\/wp-content\/uploads\/2022\/07\/straende_algarve_praia_castelejo-1536x1024.jpg 1536w, https:\/\/blog.olimar.de\/wp-content\/uploads\/2022\/07\/straende_algarve_praia_castelejo-840x560.jpg 840w, https:\/\/blog.olimar.de\/wp-content\/uploads\/2022\/07\/straende_algarve_praia_castelejo-1200x800.jpg 1200w, https:\/\/blog.olimar.de\/wp-content\/uploads\/2022\/07\/straende_algarve_praia_castelejo.jpg 1920w\" sizes=\"auto, (max-width: 1024px) 100vw, 1024px\" \/><figcaption class=\"wp-element-caption\">Praia do Castelejo<\/figcaption><\/figure>\n\n\n\n<p>Dunkle Schieferfelsen und goldener Sand, dazu die Lage in einem Naturpark: Die Praia do Castelejo ist ein Paradies f\u00fcr <a href=\"https:\/\/www.olimar.de\/badeurlaub-algarve\/\" target=\"_blank\" rel=\"noopener\">Badeurlauber<\/a>. Die Wellen hier sind stark, was den Strand zu einem tollen Spot f\u00fcr Bodyboarder und Surfer macht! Nordwestlich von Vila do Bispo gelegen schl\u00e4ngelt sich ein Weg durch ein Tal vom Parkplatz bis zum Strand.<\/p>\n<ul>\n<li>Blaue Flagge<\/li>\n<li>Parkplatz<\/li>\n<li>Restaurant\/ Bar<\/li>\n<li>Rettungsschwimmer<\/li>\n<\/ul>\n\n\n\n\n\n<div class=\"wp-block-buttons is-layout-flex wp-block-buttons-is-layout-flex\">\n<div class=\"wp-block-button\"><a class=\"wp-block-button__link wp-element-button\" href=\"https:\/\/www.olimar.com\/FAO123\" target=\"_blank\" rel=\"noreferrer noopener\">Angebote f\u00fcr den Vila do Bispo Urlaub<\/a><\/div>\n<\/div>\n\n\n\n<div style=\"height:12px\" aria-hidden=\"true\" class=\"wp-block-spacer\"><\/div>\n\n\n\n<h2>12. Praia do Zavial<\/h2>\n\n\n\n<figure class=\"wp-block-image size-large\"><img loading=\"lazy\" decoding=\"async\" width=\"1024\" height=\"683\" src=\"https:\/\/blog.olimar.de\/wp-content\/uploads\/2022\/08\/praia_do_zavial-1024x683.jpg\" alt=\"Str\u00e4nde Algarve Praia do Zavial\" class=\"wp-image-19342\" srcset=\"https:\/\/blog.olimar.de\/wp-content\/uploads\/2022\/08\/praia_do_zavial-1024x683.jpg 1024w, https:\/\/blog.olimar.de\/wp-content\/uploads\/2022\/08\/praia_do_zavial-300x200.jpg 300w, https:\/\/blog.olimar.de\/wp-content\/uploads\/2022\/08\/praia_do_zavial-768x512.jpg 768w, https:\/\/blog.olimar.de\/wp-content\/uploads\/2022\/08\/praia_do_zavial-1536x1024.jpg 1536w, https:\/\/blog.olimar.de\/wp-content\/uploads\/2022\/08\/praia_do_zavial-840x560.jpg 840w, https:\/\/blog.olimar.de\/wp-content\/uploads\/2022\/08\/praia_do_zavial-1200x800.jpg 1200w, https:\/\/blog.olimar.de\/wp-content\/uploads\/2022\/08\/praia_do_zavial.jpg 1920w\" sizes=\"auto, (max-width: 1024px) 100vw, 1024px\" \/><figcaption class=\"wp-element-caption\">Praia do Zavial<\/figcaption><\/figure>\n\n\n\n<p>Umgeben von hohen, teils gr\u00fcnen, teils schroffen Klippen, ist die Praia do Zavial vor starken Winden gut gesch\u00fctzt. Der beliebte Badestrand f\u00e4llt flach ab ins Meer und ist so f\u00fcr einen Badetag mit Kindern gut geeignet. Auch Bodyboarder und Surfer werden hier ihren Spa\u00df haben!<\/p>\n<ul>\n<li>Blaue Flagge<\/li>\n<li>Parkplatz<\/li>\n<li>Restaurant\/ Bar<\/li>\n<li>Rettungsschwimmer<\/li>\n<\/ul>\n\n\n\n\n\n<div class=\"wp-block-buttons is-layout-flex wp-block-buttons-is-layout-flex\">\n<div class=\"wp-block-button\"><a class=\"wp-block-button__link wp-element-button\" href=\"https:\/\/www.olimar.com\/FAO125\" target=\"_blank\" rel=\"noreferrer noopener\">Urlaub Angebote in der N\u00e4he entdecken<\/a><\/div>\n<\/div>\n\n\n\n<div style=\"height:12px\" aria-hidden=\"true\" class=\"wp-block-spacer\"><\/div>\n\n\n\n<h2>13. Praia Verde<\/h2>\n\n\n\n<figure class=\"wp-block-image size-large\"><img loading=\"lazy\" decoding=\"async\" width=\"1024\" height=\"683\" src=\"https:\/\/blog.olimar.de\/wp-content\/uploads\/2018\/02\/Der-Weg-zur-Praia-Verde-fuehrt-durch-einen-Pinienwald-1024x683.jpg\" alt=\"Holzsteg Praia Verde Algarve Urlaub mit Kindern\" class=\"wp-image-9331\" srcset=\"https:\/\/blog.olimar.de\/wp-content\/uploads\/2018\/02\/Der-Weg-zur-Praia-Verde-fuehrt-durch-einen-Pinienwald-1024x683.jpg 1024w, https:\/\/blog.olimar.de\/wp-content\/uploads\/2018\/02\/Der-Weg-zur-Praia-Verde-fuehrt-durch-einen-Pinienwald-300x200.jpg 300w, https:\/\/blog.olimar.de\/wp-content\/uploads\/2018\/02\/Der-Weg-zur-Praia-Verde-fuehrt-durch-einen-Pinienwald-768x512.jpg 768w, https:\/\/blog.olimar.de\/wp-content\/uploads\/2018\/02\/Der-Weg-zur-Praia-Verde-fuehrt-durch-einen-Pinienwald-840x560.jpg 840w, https:\/\/blog.olimar.de\/wp-content\/uploads\/2018\/02\/Der-Weg-zur-Praia-Verde-fuehrt-durch-einen-Pinienwald-1200x800.jpg 1200w\" sizes=\"auto, (max-width: 1024px) 100vw, 1024px\" \/><figcaption class=\"wp-element-caption\">Praia Verde<\/figcaption><\/figure>\n\n\n\n<p>Der Strand Praia Verde liegt im Osten der Algarve, in der Gemeinde Castro Marim. Umgeben von Kiefernw\u00e4ldern und D\u00fcnen bietet er einen einzigartigen Mix aus Strandidylle und Naturerlebnis. Durch die D\u00fcnenlandschaft f\u00fchren Holzstege, die den Strand bequem zu Fu\u00df erreichbar machen. Der Praia Verde ist ideal f\u00fcr Ruhesuchende und Naturliebhaber und bietet viel Platz zum Entspannen und Sonnenbaden.<\/p>\n<ul>\n<li data-sourcepos=\"22:1-22:47\">Blaue Flagge<\/li>\n<li data-sourcepos=\"23:1-23:60\">Parkplatz<\/li>\n<li data-sourcepos=\"27:1-27:94\">Liegen- und Sonnenschirme gegen Geb\u00fchr<\/li>\n<li data-sourcepos=\"28:1-29:0\">Rettungsschwimmer<\/li>\n<\/ul>\n\n\n\n\n\n<div class=\"wp-block-buttons is-layout-flex wp-block-buttons-is-layout-flex\">\n<div class=\"wp-block-button\"><a class=\"wp-block-button__link wp-element-button\" href=\"https:\/\/www.olimar.de\/portugal\/algarve\/tavira\/\" target=\"_blank\" rel=\"noreferrer noopener\">Angebote f\u00fcr einen Urlaub an der Ostalgarve<\/a><\/div>\n<\/div>\n\n\n\n<h2>14. Praia do Barril (Ilha de Tavira)<\/h2>\n\n\n\n<figure class=\"wp-block-image size-large\"><img loading=\"lazy\" decoding=\"async\" width=\"1024\" height=\"576\" src=\"https:\/\/blog.olimar.de\/wp-content\/uploads\/2025\/03\/praia_do_barril_unsplash-1024x576.jpg\" alt=\"Praia do Barril Ankerfriedhof\" class=\"wp-image-28754\" srcset=\"https:\/\/blog.olimar.de\/wp-content\/uploads\/2025\/03\/praia_do_barril_unsplash-1024x576.jpg 1024w, https:\/\/blog.olimar.de\/wp-content\/uploads\/2025\/03\/praia_do_barril_unsplash-300x169.jpg 300w, https:\/\/blog.olimar.de\/wp-content\/uploads\/2025\/03\/praia_do_barril_unsplash-768x432.jpg 768w, https:\/\/blog.olimar.de\/wp-content\/uploads\/2025\/03\/praia_do_barril_unsplash-1536x864.jpg 1536w, https:\/\/blog.olimar.de\/wp-content\/uploads\/2025\/03\/praia_do_barril_unsplash.jpg 1920w\" sizes=\"auto, (max-width: 1024px) 100vw, 1024px\" \/><figcaption class=\"wp-element-caption\">Ankerfriedhof am Praia do Barril<\/figcaption><\/figure>\n\n\n\n<p>Dieser Strand ist einer der sch\u00f6nsten Str\u00e4nde an der Ostalgarve, die in Faro beginnt und sich bis zur spanischen Grenze am Rio Guadiana erstreckt. Er befindet sich auf einer der Stadt\u00a0<a href=\"https:\/\/www.olimar.de\/portugal\/algarve\/tavira\/\">Tavira<\/a> vorgelagerten Insel, der Ilha de Tavira. Der Strand mit einem Friedhof f\u00fcr alte Anker ist mit einer Schmalspurbahn erreichbar \u2013 ein toller Spa\u00df f\u00fcr Gro\u00df und Klein!<\/p>\n<p>Interessant und gut zu wissen: Die Praia do Barril ist einer von vielen Str\u00e4nden, die auch f\u00fcr Menschen mit eingeschr\u00e4nkter Mobilit\u00e4t zug\u00e4nglich sind.\u00a0<\/p>\n<ul>\n<li data-sourcepos=\"22:1-22:138\">Blaue Flagge<\/li>\n<li data-sourcepos=\"23:1-23:83\">Parkplatz an der Schmalspurbahn (kostenpflichtig)<\/li>\n<li data-sourcepos=\"23:1-23:83\">Restaurant\/ Bar<\/li>\n<li data-sourcepos=\"27:1-27:15\">Liegen- und Sonnenschirme gegen Geb\u00fchr<\/li>\n<li data-sourcepos=\"27:1-27:15\">Rettungsschwimmer<\/li>\n<\/ul>\n\n\n\n\n\n<div style=\"height:12px\" aria-hidden=\"true\" class=\"wp-block-spacer\"><\/div>\n\n\n\n<div class=\"wp-block-buttons is-layout-flex wp-block-buttons-is-layout-flex\">\n<div class=\"wp-block-button\"><a class=\"wp-block-button__link wp-element-button\" href=\"https:\/\/www.olimar.de\/blog\/strandhotels-algarve\/\" target=\"_blank\" rel=\"noreferrer noopener\">Die sch\u00f6nsten Strandhotels an der Algarve<\/a><\/div>\n<\/div>\n\n\n\n<div class=\"wp-block-buttons is-layout-flex wp-block-buttons-is-layout-flex\">\n<div class=\"wp-block-button\"><a class=\"wp-block-button__link wp-element-button\" href=\"https:\/\/www.olimar.de\/hotellistung\/\" target=\"_blank\" rel=\"noreferrer noopener\">Weitere Angebote f\u00fcr Urlaub in Portugal &amp; S\u00fcdeuropa finden<\/a><\/div>\n<\/div>\n\n\n\n<div style=\"height:100px\" aria-hidden=\"true\" class=\"wp-block-spacer\"><\/div>\n","protected":false},"excerpt":{"rendered":"<p>Bei Touristen und Einheimischen gleicherma\u00dfen beliebt, ist die Algarve l\u00e4ngst kein Geheimtipp mehr. Ein Besuch lohnt sich trotzdem immer \u2013unter anderem wegen dieser 14 Traumstr\u00e4nde, die du nicht verpassen solltest!<\/p>\n","protected":false},"author":87,"featured_media":17077,"comment_status":"open","ping_status":"open","sticky":false,"template":"","format":"standard","meta":{"_crdt_document":"","_lmt_disableupdate":"","_lmt_disable":"","footnotes":""},"categories":[31],"tags":[24,34,20,250],"class_list":["post-19277","post","type-post","status-publish","format-standard","has-post-thumbnail","hentry","category-land-leute","tag-algarve","tag-portugal","tag-slider","tag-straende"],"yoast_head":"<!-- This site is optimized with the Yoast SEO plugin v26.9 - https:\/\/yoast.com\/product\/yoast-seo-wordpress\/ -->\n<title>Diese 14 Str\u00e4nde der Algarve musst du gesehen haben!<\/title>\n<meta name=\"description\" content=\"Die Str\u00e4nde der Algarve k\u00f6nnen sich wirklich sehen lassen! Hier kommen 14, die du auf keinen Fall verpassen solltest!\" \/>\n<meta name=\"robots\" content=\"index, follow, max-snippet:-1, max-image-preview:large, max-video-preview:-1\" \/>\n<link rel=\"canonical\" href=\"https:\/\/blog.olimar.de\/straende-algarve\/\" \/>\n<meta property=\"og:locale\" content=\"de_DE\" \/>\n<meta property=\"og:type\" content=\"article\" \/>\n<meta property=\"og:title\" content=\"Diese 14 Str\u00e4nde der Algarve musst du gesehen haben!\" \/>\n<meta property=\"og:description\" content=\"Die Str\u00e4nde der Algarve k\u00f6nnen sich wirklich sehen lassen! Hier kommen 14, die du auf keinen Fall verpassen solltest!\" \/>\n<meta property=\"og:url\" content=\"https:\/\/blog.olimar.de\/straende-algarve\/\" \/>\n<meta property=\"article:publisher\" content=\"https:\/\/www.facebook.com\/OlimarReisen\" \/>\n<meta property=\"article:published_time\" content=\"2026-04-08T09:39:19+00:00\" \/>\n<meta property=\"article:modified_time\" content=\"2026-04-08T09:39:27+00:00\" \/>\n<meta property=\"og:image\" content=\"https:\/\/blog.olimar.de\/wp-content\/uploads\/2021\/05\/PRAIA-DO-CAMILO-PT-Algarve-Lagos-PraiaDoCamilo2020_verkleinert.jpg\" \/>\n\t<meta property=\"og:image:width\" content=\"1837\" \/>\n\t<meta property=\"og:image:height\" content=\"2046\" \/>\n\t<meta property=\"og:image:type\" content=\"image\/jpeg\" \/>\n<meta name=\"author\" content=\"Julia Windh\u00f6vel\" \/>\n<meta name=\"twitter:label1\" content=\"Verfasst von\" \/>\n\t<meta name=\"twitter:data1\" content=\"Julia Windh\u00f6vel\" \/>\n\t<meta name=\"twitter:label2\" content=\"Gesch\u00e4tzte Lesezeit\" \/>\n\t<meta name=\"twitter:data2\" content=\"11\u00a0Minuten\" \/>\n<script type=\"application\/ld+json\" class=\"yoast-schema-graph\">{\"@context\":\"https:\/\/schema.org\",\"@graph\":[{\"@type\":\"WebPage\",\"@id\":\"https:\/\/blog.olimar.de\/straende-algarve\/\",\"url\":\"https:\/\/blog.olimar.de\/straende-algarve\/\",\"name\":\"Diese 14 Str\u00e4nde der Algarve musst du gesehen haben!\",\"isPartOf\":{\"@id\":\"https:\/\/blog.olimar.de\/#website\"},\"primaryImageOfPage\":{\"@id\":\"https:\/\/blog.olimar.de\/straende-algarve\/#primaryimage\"},\"image\":{\"@id\":\"https:\/\/blog.olimar.de\/straende-algarve\/#primaryimage\"},\"thumbnailUrl\":\"https:\/\/blog.olimar.de\/wp-content\/uploads\/2021\/05\/PRAIA-DO-CAMILO-PT-Algarve-Lagos-PraiaDoCamilo2020_verkleinert.jpg\",\"datePublished\":\"2026-04-08T09:39:19+00:00\",\"dateModified\":\"2026-04-08T09:39:27+00:00\",\"description\":\"Die Str\u00e4nde der Algarve k\u00f6nnen sich wirklich sehen lassen! Hier kommen 14, die du auf keinen Fall verpassen solltest!\",\"breadcrumb\":{\"@id\":\"https:\/\/blog.olimar.de\/straende-algarve\/#breadcrumb\"},\"inLanguage\":\"de\",\"potentialAction\":[{\"@type\":\"ReadAction\",\"target\":[\"https:\/\/blog.olimar.de\/straende-algarve\/\"]}]},{\"@type\":\"ImageObject\",\"inLanguage\":\"de\",\"@id\":\"https:\/\/blog.olimar.de\/straende-algarve\/#primaryimage\",\"url\":\"https:\/\/blog.olimar.de\/wp-content\/uploads\/2021\/05\/PRAIA-DO-CAMILO-PT-Algarve-Lagos-PraiaDoCamilo2020_verkleinert.jpg\",\"contentUrl\":\"https:\/\/blog.olimar.de\/wp-content\/uploads\/2021\/05\/PRAIA-DO-CAMILO-PT-Algarve-Lagos-PraiaDoCamilo2020_verkleinert.jpg\",\"width\":1837,\"height\":2046,\"caption\":\"Str\u00e4nde Algarve\"},{\"@type\":\"BreadcrumbList\",\"@id\":\"https:\/\/blog.olimar.de\/straende-algarve\/#breadcrumb\",\"itemListElement\":[{\"@type\":\"ListItem\",\"position\":1,\"name\":\"Home\",\"item\":\"https:\/\/blog.olimar.de\/\"},{\"@type\":\"ListItem\",\"position\":2,\"name\":\"Algarve\",\"item\":\"https:\/\/blog.olimar.de\/tag\/algarve\/\"},{\"@type\":\"ListItem\",\"position\":3,\"name\":\"So sch\u00f6n! Diese 14 Str\u00e4nde an der Algarve musst du gesehen haben\"}]},{\"@type\":\"WebSite\",\"@id\":\"https:\/\/blog.olimar.de\/#website\",\"url\":\"https:\/\/blog.olimar.de\/\",\"name\":\"OLIMAR.com\",\"description\":\"\",\"publisher\":{\"@id\":\"https:\/\/blog.olimar.de\/#organization\"},\"potentialAction\":[{\"@type\":\"SearchAction\",\"target\":{\"@type\":\"EntryPoint\",\"urlTemplate\":\"https:\/\/blog.olimar.de\/?s={search_term_string}\"},\"query-input\":{\"@type\":\"PropertyValueSpecification\",\"valueRequired\":true,\"valueName\":\"search_term_string\"}}],\"inLanguage\":\"de\"},{\"@type\":\"Organization\",\"@id\":\"https:\/\/blog.olimar.de\/#organization\",\"name\":\"OLIMAR Reisen\",\"url\":\"https:\/\/blog.olimar.de\/\",\"logo\":{\"@type\":\"ImageObject\",\"inLanguage\":\"de\",\"@id\":\"https:\/\/blog.olimar.de\/#\/schema\/logo\/image\/\",\"url\":\"https:\/\/blog.olimar.de\/wp-content\/uploads\/2021\/01\/OLIMAR_Logo_COLOR.png\",\"contentUrl\":\"https:\/\/blog.olimar.de\/wp-content\/uploads\/2021\/01\/OLIMAR_Logo_COLOR.png\",\"width\":2000,\"height\":986,\"caption\":\"OLIMAR Reisen\"},\"image\":{\"@id\":\"https:\/\/blog.olimar.de\/#\/schema\/logo\/image\/\"},\"sameAs\":[\"https:\/\/www.facebook.com\/OlimarReisen\",\"https:\/\/x.com\/olimarrreisen\",\"https:\/\/www.instagram.com\/olimarreisen\",\"https:\/\/www.youtube.com\/user\/olimarreisen\"]}]}<\/script>\n<!-- \/ Yoast SEO plugin. -->","yoast_head_json":{"title":"Diese 14 Str\u00e4nde der Algarve musst du gesehen haben!","description":"Die Str\u00e4nde der Algarve k\u00f6nnen sich wirklich sehen lassen! Hier kommen 14, die du auf keinen Fall verpassen solltest!","robots":{"index":"index","follow":"follow","max-snippet":"max-snippet:-1","max-image-preview":"max-image-preview:large","max-video-preview":"max-video-preview:-1"},"canonical":"https:\/\/blog.olimar.de\/straende-algarve\/","og_locale":"de_DE","og_type":"article","og_title":"Diese 14 Str\u00e4nde der Algarve musst du gesehen haben!","og_description":"Die Str\u00e4nde der Algarve k\u00f6nnen sich wirklich sehen lassen! Hier kommen 14, die du auf keinen Fall verpassen solltest!","og_url":"https:\/\/blog.olimar.de\/straende-algarve\/","article_publisher":"https:\/\/www.facebook.com\/OlimarReisen","article_published_time":"2026-04-08T09:39:19+00:00","article_modified_time":"2026-04-08T09:39:27+00:00","og_image":[{"width":1837,"height":2046,"url":"https:\/\/blog.olimar.de\/wp-content\/uploads\/2021\/05\/PRAIA-DO-CAMILO-PT-Algarve-Lagos-PraiaDoCamilo2020_verkleinert.jpg","type":"image\/jpeg"}],"author":"Julia Windh\u00f6vel","twitter_misc":{"Verfasst von":"Julia Windh\u00f6vel","Gesch\u00e4tzte Lesezeit":"11\u00a0Minuten"},"schema":{"@context":"https:\/\/schema.org","@graph":[{"@type":"WebPage","@id":"https:\/\/blog.olimar.de\/straende-algarve\/","url":"https:\/\/blog.olimar.de\/straende-algarve\/","name":"Diese 14 Str\u00e4nde der Algarve musst du gesehen haben!","isPartOf":{"@id":"https:\/\/blog.olimar.de\/#website"},"primaryImageOfPage":{"@id":"https:\/\/blog.olimar.de\/straende-algarve\/#primaryimage"},"image":{"@id":"https:\/\/blog.olimar.de\/straende-algarve\/#primaryimage"},"thumbnailUrl":"https:\/\/blog.olimar.de\/wp-content\/uploads\/2021\/05\/PRAIA-DO-CAMILO-PT-Algarve-Lagos-PraiaDoCamilo2020_verkleinert.jpg","datePublished":"2026-04-08T09:39:19+00:00","dateModified":"2026-04-08T09:39:27+00:00","description":"Die Str\u00e4nde der Algarve k\u00f6nnen sich wirklich sehen lassen! Hier kommen 14, die du auf keinen Fall verpassen solltest!","breadcrumb":{"@id":"https:\/\/blog.olimar.de\/straende-algarve\/#breadcrumb"},"inLanguage":"de","potentialAction":[{"@type":"ReadAction","target":["https:\/\/blog.olimar.de\/straende-algarve\/"]}]},{"@type":"ImageObject","inLanguage":"de","@id":"https:\/\/blog.olimar.de\/straende-algarve\/#primaryimage","url":"https:\/\/blog.olimar.de\/wp-content\/uploads\/2021\/05\/PRAIA-DO-CAMILO-PT-Algarve-Lagos-PraiaDoCamilo2020_verkleinert.jpg","contentUrl":"https:\/\/blog.olimar.de\/wp-content\/uploads\/2021\/05\/PRAIA-DO-CAMILO-PT-Algarve-Lagos-PraiaDoCamilo2020_verkleinert.jpg","width":1837,"height":2046,"caption":"Str\u00e4nde Algarve"},{"@type":"BreadcrumbList","@id":"https:\/\/blog.olimar.de\/straende-algarve\/#breadcrumb","itemListElement":[{"@type":"ListItem","position":1,"name":"Home","item":"https:\/\/blog.olimar.de\/"},{"@type":"ListItem","position":2,"name":"Algarve","item":"https:\/\/blog.olimar.de\/tag\/algarve\/"},{"@type":"ListItem","position":3,"name":"So sch\u00f6n! Diese 14 Str\u00e4nde an der Algarve musst du gesehen haben"}]},{"@type":"WebSite","@id":"https:\/\/blog.olimar.de\/#website","url":"https:\/\/blog.olimar.de\/","name":"OLIMAR.com","description":"","publisher":{"@id":"https:\/\/blog.olimar.de\/#organization"},"potentialAction":[{"@type":"SearchAction","target":{"@type":"EntryPoint","urlTemplate":"https:\/\/blog.olimar.de\/?s={search_term_string}"},"query-input":{"@type":"PropertyValueSpecification","valueRequired":true,"valueName":"search_term_string"}}],"inLanguage":"de"},{"@type":"Organization","@id":"https:\/\/blog.olimar.de\/#organization","name":"OLIMAR Reisen","url":"https:\/\/blog.olimar.de\/","logo":{"@type":"ImageObject","inLanguage":"de","@id":"https:\/\/blog.olimar.de\/#\/schema\/logo\/image\/","url":"https:\/\/blog.olimar.de\/wp-content\/uploads\/2021\/01\/OLIMAR_Logo_COLOR.png","contentUrl":"https:\/\/blog.olimar.de\/wp-content\/uploads\/2021\/01\/OLIMAR_Logo_COLOR.png","width":2000,"height":986,"caption":"OLIMAR Reisen"},"image":{"@id":"https:\/\/blog.olimar.de\/#\/schema\/logo\/image\/"},"sameAs":["https:\/\/www.facebook.com\/OlimarReisen","https:\/\/x.com\/olimarrreisen","https:\/\/www.instagram.com\/olimarreisen","https:\/\/www.youtube.com\/user\/olimarreisen"]}]}},"modified_by":"Julia Windh\u00f6vel","jetpack_featured_media_url":"https:\/\/blog.olimar.de\/wp-content\/uploads\/2021\/05\/PRAIA-DO-CAMILO-PT-Algarve-Lagos-PraiaDoCamilo2020_verkleinert.jpg","_links":{"self":[{"href":"https:\/\/blog.olimar.de\/wp-json\/wp\/v2\/posts\/19277","targetHints":{"allow":["GET"]}}],"collection":[{"href":"https:\/\/blog.olimar.de\/wp-json\/wp\/v2\/posts"}],"about":[{"href":"https:\/\/blog.olimar.de\/wp-json\/wp\/v2\/types\/post"}],"author":[{"embeddable":true,"href":"https:\/\/blog.olimar.de\/wp-json\/wp\/v2\/users\/87"}],"replies":[{"embeddable":true,"href":"https:\/\/blog.olimar.de\/wp-json\/wp\/v2\/comments?post=19277"}],"version-history":[{"count":70,"href":"https:\/\/blog.olimar.de\/wp-json\/wp\/v2\/posts\/19277\/revisions"}],"predecessor-version":[{"id":29284,"href":"https:\/\/blog.olimar.de\/wp-json\/wp\/v2\/posts\/19277\/revisions\/29284"}],"wp:featuredmedia":[{"embeddable":true,"href":"https:\/\/blog.olimar.de\/wp-json\/wp\/v2\/media\/17077"}],"wp:attachment":[{"href":"https:\/\/blog.olimar.de\/wp-json\/wp\/v2\/media?parent=19277"}],"wp:term":[{"taxonomy":"category","embeddable":true,"href":"https:\/\/blog.olimar.de\/wp-json\/wp\/v2\/categories?post=19277"},{"taxonomy":"post_tag","embeddable":true,"href":"https:\/\/blog.olimar.de\/wp-json\/wp\/v2\/tags?post=19277"}],"curies":[{"name":"wp","href":"https:\/\/api.w.org\/{rel}","templated":true}]}}