{"id":20317,"date":"2022-10-19T13:22:18","date_gmt":"2022-10-19T12:22:18","guid":{"rendered":"https:\/\/blog.olimar.de\/?p=20317"},"modified":"2023-03-14T12:40:10","modified_gmt":"2023-03-14T11:40:10","slug":"highlights-rundreisen-erlebnisreisen-katalog-2023","status":"publish","type":"post","link":"https:\/\/blog.olimar.de\/highlights-rundreisen-erlebnisreisen-katalog-2023\/","title":{"rendered":"Die 7 Top-Highlights aus unserem Rund- und Erlebnisreisen Katalog 2023!"},"content":{"rendered":"\n<p><strong>Urlaub ist eine magische Zeit im Jahr. Raus aus dem Alltag, neue Orte entdecken, in fremde Kulturen eintauchen und gutes Essen genie\u00dfen \u2013 alles wird intensiver, alles tiefer erlebt. Eine der sch\u00f6nsten Arten, die freien Tage zu zelebrieren, sind f\u00fcr uns von OLIMAR unsere Rund- und Erlebnisreisen. Es gibt wohl kaum eine Reiseform, mit der man so angenehm geplant und gleichzeitig v\u00f6llig ungezwungen das Besondere, Urspr\u00fcngliche und Authentische Ihres Traumreiselands erleben kann. Hier kommen die sieben Highlights 2023!<\/strong><\/p>\n\n\n\n<div class=\"wp-block-buttons is-layout-flex wp-block-buttons-is-layout-flex\">\n<div class=\"wp-block-button\"><a class=\"wp-block-button__link wp-element-button\" href=\"https:\/\/www.olimar.de\/rund--und-erlebnisreisen\/\" target=\"_blank\" rel=\"noreferrer noopener\">Rund- und Erlebnisreisen Reiseangebote und Hoteltipps entdecken<\/a><\/div>\n<\/div>\n\n\n\n<div style=\"height:50px\" aria-hidden=\"true\" class=\"wp-block-spacer\"><\/div>\n\n\n\n<h2>1. Portugal deluxe! Exklusive Rundreise im Minibus von Porto bis an die Algarve<\/h2>\n\n\n\n<p>Auf dieser OLIMAR Reise erlebst du ein Rundum-Paket der Extraklasse! Mit maximal 14 Personen reist du von Porto bis an die Algarve und erlebst dabei die sch\u00f6nsten Highlights aus ganz Portugal. Freue dich auf einen Pastel de nata Workshop, Weinverkostungen, imposante Bibliotheken, Kirchen und UNESCO gesch\u00fctzte Kultursch\u00e4tze. Neben einem Besuch von Porto steht nat\u00fcrlich auch Lissabon auf dem Zettel! Weiter geht es dann \u00fcber \u00c9vora im Alentejo an die Algarve, wo du deinen Urlaub entspannt ausklingen lassen kannst.<\/p>\n<p><strong>Preis:<\/strong> ab 1.762 \u20ac\/ Person<br><strong>Reisedauer:<\/strong> 11 Tage\/ 10 \u00dcbernachtungen<br><strong>Reistermine 2023:<\/strong> Anreise m\u00f6glich am 30.04.\/ 14.05.\/ 04.06.\/ 10.09. oder 01.10.<\/p>\n\n\n\n<div class=\"wp-block-buttons is-layout-flex wp-block-buttons-is-layout-flex\">\n<div class=\"wp-block-button\"><a class=\"wp-block-button__link wp-element-button\" href=\"https:\/\/www.olimar.com\/OPOX41\" target=\"_blank\" rel=\"noreferrer noopener\">Portugal deluxe: Weitere Infos &amp; Buchung<\/a><\/div>\n<\/div>\n\n\n\n<div style=\"height:25px\" aria-hidden=\"true\" class=\"wp-block-spacer\"><\/div>\n\n\n\n<figure class=\"wp-block-image size-large\"><img loading=\"lazy\" decoding=\"async\" width=\"1024\" height=\"576\" src=\"https:\/\/blog.olimar.de\/wp-content\/uploads\/2022\/10\/highlights-rundreisen-erlebnisreisen-katalog-2023_coimbra-1024x576.jpg\" alt=\"Die Universit\u00e4tsstadt Coimbra\" class=\"wp-image-20331\" srcset=\"https:\/\/blog.olimar.de\/wp-content\/uploads\/2022\/10\/highlights-rundreisen-erlebnisreisen-katalog-2023_coimbra-1024x576.jpg 1024w, https:\/\/blog.olimar.de\/wp-content\/uploads\/2022\/10\/highlights-rundreisen-erlebnisreisen-katalog-2023_coimbra-300x169.jpg 300w, https:\/\/blog.olimar.de\/wp-content\/uploads\/2022\/10\/highlights-rundreisen-erlebnisreisen-katalog-2023_coimbra-768x432.jpg 768w, https:\/\/blog.olimar.de\/wp-content\/uploads\/2022\/10\/highlights-rundreisen-erlebnisreisen-katalog-2023_coimbra-1536x864.jpg 1536w, https:\/\/blog.olimar.de\/wp-content\/uploads\/2022\/10\/highlights-rundreisen-erlebnisreisen-katalog-2023_coimbra.jpg 1600w\" sizes=\"auto, (max-width: 1024px) 100vw, 1024px\" \/><figcaption class=\"wp-element-caption\">Die Universit\u00e4tsstadt Coimbra<\/figcaption><\/figure>\n\n\n\n<h2>2. Prickelndes Norditalien: Rundreise mit dem eigenen Wagen durch Italiens ber\u00fchmte Schaum- und Perlwein Region<\/h2>\n\n\n\n<p>Hast du schon mal von den unterirdischen WeinKathedralen geh\u00f6rt? Im Norden Italiens erstrecken sich wundersch\u00f6ne Gebiete, in denen es wirklich Einzigartiges zu entdecken gibt! Vor allem Liebhaber edler Tropfen werden bei unserer Rundreise durch Italiens ber\u00fchmte Schaum- und Perlwein-Regionen voll auf ihre Kosten kommen. Von der piemontesischen Region Langhe \u00fcber die Lombardei samt Iseo-See bis nach Venetien verkostest du hier Spumante, Franciacorta und Prosecco im sch\u00f6nsten Ambiente und erf\u00e4hrst dabei viel Wissenswertes rund um die Reben. Neben kulinarischen Highlights erwarten dich auch gr\u00f6\u00dfere und kleinere Orte \u2013 wie zum Beispiel Alba mit den ber\u00fchmten Tr\u00fcffeln, das mittelalterliche Asti, Iseo am gleichnamigen See, Bassano und nat\u00fcrlich Treviso.<\/p>\n<p><strong>Preis:<\/strong> ab 905 \u20ac\/ Person<br><strong>Reisedauer:<\/strong> 8 Tage\/ 7 \u00dcbernachtungen<br><strong>Reisetermine 2023:<\/strong> Anreise t\u00e4glich m\u00f6glich zwischen dem 15.03. und 15.11.<\/p>\n\n\n\n<div class=\"wp-block-buttons is-layout-flex wp-block-buttons-is-layout-flex\">\n<div class=\"wp-block-button\"><a class=\"wp-block-button__link wp-element-button\" href=\"https:\/\/www.olimar.com\/TRNX08\" target=\"_blank\" rel=\"noreferrer noopener\">Prickelndes Norditalien: Weitere Infos &amp; Buchung<\/a><\/div>\n<\/div>\n\n\n\n<div style=\"height:25px\" aria-hidden=\"true\" class=\"wp-block-spacer\"><\/div>\n\n\n\n<figure class=\"wp-block-image size-large\"><img loading=\"lazy\" decoding=\"async\" width=\"1024\" height=\"576\" src=\"https:\/\/blog.olimar.de\/wp-content\/uploads\/2022\/10\/highlights_rundreisen_erlebnisreisen_magalog_2023_norditalien-1-1024x576.jpg\" alt=\"Die Kircheninsel Monte Isola im Iseo See\" class=\"wp-image-20334\" srcset=\"https:\/\/blog.olimar.de\/wp-content\/uploads\/2022\/10\/highlights_rundreisen_erlebnisreisen_magalog_2023_norditalien-1-1024x576.jpg 1024w, https:\/\/blog.olimar.de\/wp-content\/uploads\/2022\/10\/highlights_rundreisen_erlebnisreisen_magalog_2023_norditalien-1-300x169.jpg 300w, https:\/\/blog.olimar.de\/wp-content\/uploads\/2022\/10\/highlights_rundreisen_erlebnisreisen_magalog_2023_norditalien-1-768x432.jpg 768w, https:\/\/blog.olimar.de\/wp-content\/uploads\/2022\/10\/highlights_rundreisen_erlebnisreisen_magalog_2023_norditalien-1-1536x864.jpg 1536w, https:\/\/blog.olimar.de\/wp-content\/uploads\/2022\/10\/highlights_rundreisen_erlebnisreisen_magalog_2023_norditalien-1.jpg 1600w\" sizes=\"auto, (max-width: 1024px) 100vw, 1024px\" \/><figcaption class=\"wp-element-caption\">Die Kircheninsel Monte Isola im Iseo See<\/figcaption><\/figure>\n\n\n\n<h2>3. Wandern auf dem Jakobsweg in Galicien: Mit Guide auf dem Camino Franc\u00e9s<\/h2>\n\n\n\n<p>In einer Gruppe mit maximal 20 Teilnehmern wanderst du in f\u00fcnf Tagen durch die gr\u00fcnen Landschaften Galiciens. Die gef\u00fchrte Wanderreise von Sarria nach Santiago de Compostela in Begleitung eines ortskundigen, deutschsprachigen Jakobsweg-Guides verl\u00e4uft auf den letzten 100 Kilometern des Franz\u00f6sischen Wegs, dem \u201eCamino Franc\u00e9s&#8221;. \u00dcbernachte in einfachen, aber gem\u00fctlichen Zimmern mit eigenem Bad. Alle Unterk\u00fcnfte liegen direkt am Weg und sind bequem zu Fu\u00df zu erreichen. Der Gep\u00e4cktransport sowie Fr\u00fchst\u00fcck und Abendessen sind inklusive. Zum Schluss deiner Reise lernst du Santiago de Compostela kennen: Zu den unvergesslichen Erlebnissen dort geh\u00f6ren die Teilnahme am Pilgergottesdienst in der Kathedrale mit dem Grabmal des Heiligen Apostels Jakobus, ein gef\u00fchrter Rundgang durch die Altstadt sowie ein Abschieds-Abendessen mit typischen Spezialit\u00e4ten.<\/p>\n<p><strong>Preis:<\/strong> ab 858 \u20ac\/ Person<br><strong>Reisedauer:<\/strong> 8 Tage\/ 7 \u00dcbernachtungen<br><strong>Reisetermine 2023:<\/strong> Anreise t\u00e4glich m\u00f6glich<\/p>\n\n\n\n<div class=\"wp-block-buttons is-layout-flex wp-block-buttons-is-layout-flex\">\n<div class=\"wp-block-button\"><a class=\"wp-block-button__link wp-element-button\" href=\"https:\/\/www.olimar.com\/SCQX22\" target=\"_blank\" rel=\"noreferrer noopener\">Jakobsweg in Galicien: Weitere Infos &amp; Buchung<\/a><\/div>\n<\/div>\n\n\n\n<div style=\"height:25px\" aria-hidden=\"true\" class=\"wp-block-spacer\"><\/div>\n\n\n\n<figure class=\"wp-block-image size-large\"><img loading=\"lazy\" decoding=\"async\" width=\"1024\" height=\"576\" src=\"https:\/\/blog.olimar.de\/wp-content\/uploads\/2022\/10\/highlights-rundreisen-erlebnisreisen-katalog-2023_santiago-1024x576.jpg\" alt=\"Die Kathedrale von Santiago de Compostela\" class=\"wp-image-20335\" srcset=\"https:\/\/blog.olimar.de\/wp-content\/uploads\/2022\/10\/highlights-rundreisen-erlebnisreisen-katalog-2023_santiago-1024x576.jpg 1024w, https:\/\/blog.olimar.de\/wp-content\/uploads\/2022\/10\/highlights-rundreisen-erlebnisreisen-katalog-2023_santiago-300x169.jpg 300w, https:\/\/blog.olimar.de\/wp-content\/uploads\/2022\/10\/highlights-rundreisen-erlebnisreisen-katalog-2023_santiago-768x432.jpg 768w, https:\/\/blog.olimar.de\/wp-content\/uploads\/2022\/10\/highlights-rundreisen-erlebnisreisen-katalog-2023_santiago-1536x864.jpg 1536w, https:\/\/blog.olimar.de\/wp-content\/uploads\/2022\/10\/highlights-rundreisen-erlebnisreisen-katalog-2023_santiago.jpg 1600w\" sizes=\"auto, (max-width: 1024px) 100vw, 1024px\" \/><figcaption class=\"wp-element-caption\">Die Kathedrale von Santiago de Compostela<\/figcaption><\/figure>\n\n\n\n<h2>4. Familien-Aktivurlaub auf Madeira: Sportlich unterwegs mit Gro\u00df und Klein<\/h2>\n\n\n\n<p>Madeira bietet das ganze Jahr \u00fcber ideale Voraussetzungen f\u00fcr einen spannenden Aktivurlaub mit der ganzen Familie. Wir haben f\u00fcr dich ein abwechslungsreiches Programm an verschiedenen Aktivit\u00e4ten zusammengestellt. Entdecke die Natursch\u00f6nheiten der Insel bei einer Mountainbike-Tour, lasse dein Adrenalin bei einer Canyoning-Tour durch Schluchten und B\u00e4che in die H\u00f6he schnellen und entdecke die faszinierende Unterwasserwelt Madeiras auf einem Schnorchel-Trip. Was nat\u00fcrlich nicht fehlen darf: eine Levada-Wanderung sowie ein Besuch des Meereswasser-Naturschwimmbeckens von Porto Moniz! Die Ausfl\u00fcge finden meist vormittags statt, sodass nachmittags ausreichend Zeit f\u00fcr Entspannung am Pool oder Kiesstrand bleibt.<\/p>\n<p><strong>Preis:<\/strong> ab 814 \u20ac\/ Person<br><strong>Reisedauer:<\/strong> 8 Tage\/ 7 \u00dcbernachtungen<br><strong>Reisetermine 2023:<\/strong> Anreise t\u00e4glich m\u00f6glich<\/p>\n\n\n\n<div class=\"wp-block-buttons is-layout-flex wp-block-buttons-is-layout-flex\">\n<div class=\"wp-block-button\"><a class=\"wp-block-button__link wp-element-button\" href=\"https:\/\/www.olimar.com\/FNCR11\" target=\"_blank\" rel=\"noreferrer noopener\">Familien-Aktivurlaub auf Madeira: Weitere Infos &amp; Buchung<\/a><\/div>\n<\/div>\n\n\n\n<div style=\"height:25px\" aria-hidden=\"true\" class=\"wp-block-spacer\"><\/div>\n\n\n\n<figure class=\"wp-block-image size-large\"><img loading=\"lazy\" decoding=\"async\" width=\"1024\" height=\"576\" src=\"https:\/\/blog.olimar.de\/wp-content\/uploads\/2022\/10\/highlights-rundreisen-erlebnisreisen-katalog-2023_madeira-1024x576.jpg\" alt=\"Mit dem Bike sportlich unterwegs auf Madeira\" class=\"wp-image-20337\" srcset=\"https:\/\/blog.olimar.de\/wp-content\/uploads\/2022\/10\/highlights-rundreisen-erlebnisreisen-katalog-2023_madeira-1024x576.jpg 1024w, https:\/\/blog.olimar.de\/wp-content\/uploads\/2022\/10\/highlights-rundreisen-erlebnisreisen-katalog-2023_madeira-300x169.jpg 300w, https:\/\/blog.olimar.de\/wp-content\/uploads\/2022\/10\/highlights-rundreisen-erlebnisreisen-katalog-2023_madeira-768x432.jpg 768w, https:\/\/blog.olimar.de\/wp-content\/uploads\/2022\/10\/highlights-rundreisen-erlebnisreisen-katalog-2023_madeira-1536x864.jpg 1536w, https:\/\/blog.olimar.de\/wp-content\/uploads\/2022\/10\/highlights-rundreisen-erlebnisreisen-katalog-2023_madeira.jpg 1600w\" sizes=\"auto, (max-width: 1024px) 100vw, 1024px\" \/><figcaption class=\"wp-element-caption\">Mit dem Bike sportlich unterwegs auf Madeira<\/figcaption><\/figure>\n\n\n\n<h2>5. Liparische Inseln in Italien: Unvergessliche Erlebnisse auf dem Geheimtipp-Archipel vor Sizilien<\/h2>\n\n\n\n<p>Einen wirklich ganz besonderen Urlaub kannst du auf den Liparischen Inseln n\u00f6rdlich vom sizilianischen Festland genie\u00dfen. Der Archipel im Mittelmeer ist vor allem durch Bilder vom feuerspeienden Vulkan vor schwarzem Nachthimmel bekannt \u2013 ein beeindruckendes Naturschauspiel, das zweifelsohne ein Highlight deiner Reise sein wird. Und das ist l\u00e4ngst nicht alles! Vor allem f\u00fcr Aktivurlauber und Wassersportfreunde, aber auch f\u00fcr alle, die gern Abenteuer erleben und Neues entdecken, sind die Liparischen Inseln ein echter Geheimtipp. Freue dich auf unvergessliche Eindr\u00fccke! Bei OLIMAR hast du die freie Wahl, wie du die Liparen erkunden m\u00f6chtest: Wir halten verschiedene Inselkombinationen bereit, die dir sowohl individuelle als auch Gruppenreisen erm\u00f6glichen.<\/p>\n<p><strong>Preis:<\/strong> ab 704 \u20ac\/ Person<br><strong>Reisedauer:<\/strong> 8 Tage\/ 7 \u00dcbernachtungen<br><strong>Reisetermine 2023:<\/strong> Anreise t\u00e4glich m\u00f6glich<\/p>\n\n\n\n<div class=\"wp-block-buttons is-layout-flex wp-block-buttons-is-layout-flex\">\n<div class=\"wp-block-button\"><a class=\"wp-block-button__link wp-element-button\" href=\"https:\/\/www.olimar.de\/italien\/liparische-inseln\/\" target=\"_blank\" rel=\"noreferrer noopener\">Rundreise Liparische Inseln: Weitere Infos &amp; Buchung<\/a><\/div>\n<\/div>\n\n\n\n<div style=\"height:25px\" aria-hidden=\"true\" class=\"wp-block-spacer\"><\/div>\n\n\n\n<figure class=\"wp-block-image size-large\"><img loading=\"lazy\" decoding=\"async\" width=\"1024\" height=\"768\" src=\"https:\/\/blog.olimar.de\/wp-content\/uploads\/2020\/04\/IT-Liparen-Salina-MarinadiSalina2019B-c-DAN-1024x768.jpg\" alt=\"Liparen Salina Marina di Salina\" class=\"wp-image-13806\" srcset=\"https:\/\/blog.olimar.de\/wp-content\/uploads\/2020\/04\/IT-Liparen-Salina-MarinadiSalina2019B-c-DAN-1024x768.jpg 1024w, https:\/\/blog.olimar.de\/wp-content\/uploads\/2020\/04\/IT-Liparen-Salina-MarinadiSalina2019B-c-DAN-300x225.jpg 300w, https:\/\/blog.olimar.de\/wp-content\/uploads\/2020\/04\/IT-Liparen-Salina-MarinadiSalina2019B-c-DAN-768x576.jpg 768w, https:\/\/blog.olimar.de\/wp-content\/uploads\/2020\/04\/IT-Liparen-Salina-MarinadiSalina2019B-c-DAN.jpg 1440w\" sizes=\"auto, (max-width: 1024px) 100vw, 1024px\" \/><figcaption class=\"wp-element-caption\">Die Insel Salina auf dem Liparen Archipel<\/figcaption><\/figure>\n\n\n\n<h2>6. Schnell, p\u00fcnktlich, umweltfreundlich: Mit der Bahn durch Andalusien<\/h2>\n\n\n\n<p>Lehne dich zur\u00fcck, lasse traumhafte Landschaften an dir vorbeiziehen, steige nach ein bis zwei Stunden Fahrt im Stadtzentrum aus: Die Reise mit den komfortablen AVE- und AVANT-Z\u00fcgen der Bahngesellschaft \u201eRenfe&#8221; ist genau das Richtige, wenn Mietwagen oder Bus f\u00fcr dich nicht in Frage kommen. Ohne Benzinkosten, Stau und Parkplatzsuche reist du auf reservierten Sitzpl\u00e4tzen g\u00fcnstig, umweltfreundlich und stressfrei. Die modernen, gepflegten Z\u00fcge verkehren auf eigenen Trassen, unabh\u00e4ngig vom \u00fcbrigen Schienenverkehr. Aus diesem Grund kommt es praktisch nie zu Versp\u00e4tungen. Die Reise beginnt und endet in M\u00e1laga, wo du an insgesamt drei Tagen Zeit f\u00fcr Strand, Picasso-Museum und andere Sehensw\u00fcrdigkeiten hast. Jeweils zwei Tage verbringst du in den Welterbe-St\u00e4dten Granada und C\u00f3rdoba. Die ber\u00fchmte Alhambra lernst du bei einer gef\u00fchrten Besichtigung kennen. In Sevilla verbringst du drei Tage: So kannst du das Weltkulturerbe der andalusischen Hauptstadt in aller Ruhe besichtigen, hast Mu\u00dfe f\u00fcr Flamenco und interessante Erkundungen auch abseits der Touristen-Hotspots.<\/p>\n<p><strong>Preis:<\/strong> ab 1.384 \u20ac\/ Person<br><strong>Reisedauer:<\/strong> 11 Tage\/ 10 \u00dcbernachtungen<br><strong>Reisetermine 2023:<\/strong> Anreise t\u00e4glich m\u00f6glich<\/p>\n\n\n\n<div class=\"wp-block-buttons is-layout-flex wp-block-buttons-is-layout-flex\">\n<div class=\"wp-block-button\"><a class=\"wp-block-button__link wp-element-button\" href=\"https:\/\/www.olimar.com\/AGPX12\" target=\"_blank\" rel=\"noreferrer noopener\">Bahnreise durch Andalusien: Weitere Infos &amp; Buchung<\/a><\/div>\n<\/div>\n\n\n\n<div style=\"height:25px\" aria-hidden=\"true\" class=\"wp-block-spacer\"><\/div>\n\n\n\n<figure class=\"wp-block-image size-full\"><img loading=\"lazy\" decoding=\"async\" width=\"1000\" height=\"665\" src=\"https:\/\/blog.olimar.de\/wp-content\/uploads\/2015\/03\/ES-Andalusien-Malaga-MuelleUno-c-AreadeTurismo.AyuntamientodeMalaga.jpg\" alt=\"Shopping-Center Muelle Uno am Hafen von M\u00e1laga\" class=\"wp-image-1412\" srcset=\"https:\/\/blog.olimar.de\/wp-content\/uploads\/2015\/03\/ES-Andalusien-Malaga-MuelleUno-c-AreadeTurismo.AyuntamientodeMalaga.jpg 1000w, https:\/\/blog.olimar.de\/wp-content\/uploads\/2015\/03\/ES-Andalusien-Malaga-MuelleUno-c-AreadeTurismo.AyuntamientodeMalaga-300x200.jpg 300w, https:\/\/blog.olimar.de\/wp-content\/uploads\/2015\/03\/ES-Andalusien-Malaga-MuelleUno-c-AreadeTurismo.AyuntamientodeMalaga-840x560.jpg 840w\" sizes=\"auto, (max-width: 1000px) 100vw, 1000px\" \/><figcaption class=\"wp-element-caption\">M\u00e1laga im spanischen Andalusien<\/figcaption><\/figure>\n\n\n\n<h2>7. L\u00e4nderkombination: Dreil\u00e4ndereck an der Adria<\/h2>\n\n\n\n<p>In nur acht Tagen drei L\u00e4nder bereisen? Kein Problem! Auf dieser Rundreise entdeckst du Italien, Slowenien und Kroatien mit dem Mietwagen oder dem eigenen Pkw. Freue dich auf ganz unterschiedliche gr\u00f6\u00dfere und kleinere Orte im Dreil\u00e4ndereck, unter diesen zum Beispiel der f\u00fcr seine Teufelsbr\u00fccke ber\u00fchmte Ort Cividale, die Grotten von Postojna und nat\u00fcrlich auch Ljubljana, die Hauptstadt Sloweniens. Ein Besuch in Kroatiens Hauptstadt Zagreb, den am Meer gelegen Ort Opatija sowie auf der Insel Krk und eine Fahrt durch Istrien in Richtung Pula runden das Programm perfekt ab. Zwischendurch bleibt immer genug Zeit f\u00fcr den ein oder anderen Abstecher in kleine D\u00f6rfer oder Badebuchten, denn neben den kulturellen Highlights soll nat\u00fcrlich auch die Erholung nicht zu kurz kommen.<\/p>\n<p><strong>Preis:<\/strong> ab 544 \u20ac\/ Person<br><strong>Reisedauer:<\/strong> 8 Tage\/ 7 \u00dcbernachtungen<br><strong>Reisetermine 2023:<\/strong> Januar bis Oktober, Anreise t\u00e4glich m\u00f6glich<\/p>\n\n\n\n<div class=\"wp-block-buttons is-layout-flex wp-block-buttons-is-layout-flex\">\n<div class=\"wp-block-button\"><a class=\"wp-block-button__link wp-element-button\" href=\"https:\/\/www.olimar.com\/TRSR02\" target=\"_blank\" rel=\"noreferrer noopener\">L\u00e4nderkombination: Weitere Infos &amp; Buchung<\/a><\/div>\n<\/div>\n\n\n\n<div style=\"height:25px\" aria-hidden=\"true\" class=\"wp-block-spacer\"><\/div>\n\n\n\n<figure class=\"wp-block-image size-large\"><img loading=\"lazy\" decoding=\"async\" width=\"1024\" height=\"768\" src=\"https:\/\/blog.olimar.de\/wp-content\/uploads\/2019\/04\/Krka-Wasserf\u00e4lle-1024x768.jpg\" alt=\"Blick auf Wasserfall Krk\" class=\"wp-image-10875\" srcset=\"https:\/\/blog.olimar.de\/wp-content\/uploads\/2019\/04\/Krka-Wasserf\u00e4lle-1024x768.jpg 1024w, https:\/\/blog.olimar.de\/wp-content\/uploads\/2019\/04\/Krka-Wasserf\u00e4lle-300x225.jpg 300w, https:\/\/blog.olimar.de\/wp-content\/uploads\/2019\/04\/Krka-Wasserf\u00e4lle-768x576.jpg 768w, https:\/\/blog.olimar.de\/wp-content\/uploads\/2019\/04\/Krka-Wasserf\u00e4lle.jpg 1883w\" sizes=\"auto, (max-width: 1024px) 100vw, 1024px\" \/><figcaption class=\"wp-element-caption\">Ein Wasserfall auf der kroatischen Insel Krk<\/figcaption><\/figure>\n\n\n\n<h2>Der OLIMAR Rund- und Erlebnisreisen Magalog 2023: Jetzt weitere Highlights entdecken!<\/h2>\n\n\n\n<figure class=\"wp-block-image size-large\"><a href=\"https:\/\/www.olimar.de\/kataloge\/\"><img decoding=\"async\" src=\"https:\/\/www.olimar.de\/assets\/-%20Magalog\/OLIMAR-Rund-und-Erlebnisreien-2023-800px.jpg\" alt=\"Der OLIMAR Rund- und Erlebnisreisen Magalog 2023\"\/><\/a><figcaption class=\"wp-element-caption\">Der OLIMAR Rund- und Erlebnisreisen Katalog 2023<\/figcaption><\/figure>\n\n\n\n<div style=\"height:100px\" aria-hidden=\"true\" class=\"wp-block-spacer\"><\/div>\n\n\n\n<div class=\"wp-block-buttons is-layout-flex wp-block-buttons-is-layout-flex\">\n<div class=\"wp-block-button\"><a class=\"wp-block-button__link wp-element-button\" href=\"https:\/\/www.olimar.de\/hotellistung\/\" target=\"_blank\" rel=\"noreferrer noopener\">Jetzt Urlaubsangebote finden und buchen<\/a><\/div>\n<\/div>\n\n\n\n\n","protected":false},"excerpt":{"rendered":"<p>Lust auf einen ganz besonderen Urlaub? Dann komm mit auf eine unserer gro\u00dfartigen Rund- und Erlebnisreisen!<\/p>\n","protected":false},"author":87,"featured_media":20344,"comment_status":"open","ping_status":"open","sticky":false,"template":"","format":"standard","meta":{"_crdt_document":"","_lmt_disableupdate":"","_lmt_disable":"","footnotes":""},"categories":[1,48,49,165],"tags":[35,21,34,20,62],"class_list":["post-20317","post","type-post","status-publish","format-standard","has-post-thumbnail","hentry","category-allgemein","category-neues-bei-olimar","category-olimar-inside","category-reisethemen","tag-italien","tag-madeira","tag-portugal","tag-slider","tag-spanien"],"yoast_head":"<!-- This site is optimized with the Yoast SEO plugin v26.9 - https:\/\/yoast.com\/product\/yoast-seo-wordpress\/ -->\n<title>Die 7 Top-Highlights aus unserem Rund- und Erlebnisreisen Katalog 2023!<\/title>\n<meta name=\"description\" content=\"Lust auf einen ganz besonderen Urlaub? Hier kommen sieben Highlights aus unserem neuen Rund- und Erlebnisreisen Katalog f\u00fcr das Jahr 2023!\" \/>\n<meta name=\"robots\" content=\"index, follow, max-snippet:-1, max-image-preview:large, max-video-preview:-1\" \/>\n<link rel=\"canonical\" href=\"https:\/\/blog.olimar.de\/highlights-rundreisen-erlebnisreisen-katalog-2023\/\" \/>\n<meta property=\"og:locale\" content=\"de_DE\" \/>\n<meta property=\"og:type\" content=\"article\" \/>\n<meta property=\"og:title\" content=\"Die 7 Top-Highlights aus unserem Rund- und Erlebnisreisen Katalog 2023!\" \/>\n<meta property=\"og:description\" content=\"Lust auf einen ganz besonderen Urlaub? Hier kommen sieben Highlights aus unserem neuen Rund- und Erlebnisreisen Katalog f\u00fcr das Jahr 2023!\" \/>\n<meta property=\"og:url\" content=\"https:\/\/blog.olimar.de\/highlights-rundreisen-erlebnisreisen-katalog-2023\/\" \/>\n<meta property=\"article:publisher\" content=\"https:\/\/www.facebook.com\/OlimarReisen\" \/>\n<meta property=\"article:published_time\" content=\"2022-10-19T12:22:18+00:00\" \/>\n<meta property=\"article:modified_time\" content=\"2023-03-14T11:40:10+00:00\" \/>\n<meta property=\"og:image\" content=\"https:\/\/blog.olimar.de\/wp-content\/uploads\/2022\/10\/rundreisen_erlebnisreisen_katalog_highlights_2023.jpg\" \/>\n\t<meta property=\"og:image:width\" content=\"1920\" \/>\n\t<meta property=\"og:image:height\" content=\"1280\" \/>\n\t<meta property=\"og:image:type\" content=\"image\/jpeg\" \/>\n<meta name=\"author\" content=\"Julia Windh\u00f6vel\" \/>\n<meta name=\"twitter:label1\" content=\"Verfasst von\" \/>\n\t<meta name=\"twitter:data1\" content=\"Julia Windh\u00f6vel\" \/>\n\t<meta name=\"twitter:label2\" content=\"Gesch\u00e4tzte Lesezeit\" \/>\n\t<meta name=\"twitter:data2\" content=\"8\u00a0Minuten\" \/>\n<script type=\"application\/ld+json\" class=\"yoast-schema-graph\">{\"@context\":\"https:\/\/schema.org\",\"@graph\":[{\"@type\":\"WebPage\",\"@id\":\"https:\/\/blog.olimar.de\/highlights-rundreisen-erlebnisreisen-katalog-2023\/\",\"url\":\"https:\/\/blog.olimar.de\/highlights-rundreisen-erlebnisreisen-katalog-2023\/\",\"name\":\"Die 7 Top-Highlights aus unserem Rund- und Erlebnisreisen Katalog 2023!\",\"isPartOf\":{\"@id\":\"https:\/\/blog.olimar.de\/#website\"},\"primaryImageOfPage\":{\"@id\":\"https:\/\/blog.olimar.de\/highlights-rundreisen-erlebnisreisen-katalog-2023\/#primaryimage\"},\"image\":{\"@id\":\"https:\/\/blog.olimar.de\/highlights-rundreisen-erlebnisreisen-katalog-2023\/#primaryimage\"},\"thumbnailUrl\":\"https:\/\/blog.olimar.de\/wp-content\/uploads\/2022\/10\/rundreisen_erlebnisreisen_katalog_highlights_2023.jpg\",\"datePublished\":\"2022-10-19T12:22:18+00:00\",\"dateModified\":\"2023-03-14T11:40:10+00:00\",\"description\":\"Lust auf einen ganz besonderen Urlaub? Hier kommen sieben Highlights aus unserem neuen Rund- und Erlebnisreisen Katalog f\u00fcr das Jahr 2023!\",\"breadcrumb\":{\"@id\":\"https:\/\/blog.olimar.de\/highlights-rundreisen-erlebnisreisen-katalog-2023\/#breadcrumb\"},\"inLanguage\":\"de\",\"potentialAction\":[{\"@type\":\"ReadAction\",\"target\":[\"https:\/\/blog.olimar.de\/highlights-rundreisen-erlebnisreisen-katalog-2023\/\"]}]},{\"@type\":\"ImageObject\",\"inLanguage\":\"de\",\"@id\":\"https:\/\/blog.olimar.de\/highlights-rundreisen-erlebnisreisen-katalog-2023\/#primaryimage\",\"url\":\"https:\/\/blog.olimar.de\/wp-content\/uploads\/2022\/10\/rundreisen_erlebnisreisen_katalog_highlights_2023.jpg\",\"contentUrl\":\"https:\/\/blog.olimar.de\/wp-content\/uploads\/2022\/10\/rundreisen_erlebnisreisen_katalog_highlights_2023.jpg\",\"width\":1920,\"height\":1280,\"caption\":\"Rundreisen Erlebnisreisen Katalog Highlights 2023\"},{\"@type\":\"BreadcrumbList\",\"@id\":\"https:\/\/blog.olimar.de\/highlights-rundreisen-erlebnisreisen-katalog-2023\/#breadcrumb\",\"itemListElement\":[{\"@type\":\"ListItem\",\"position\":1,\"name\":\"Home\",\"item\":\"https:\/\/blog.olimar.de\/\"},{\"@type\":\"ListItem\",\"position\":2,\"name\":\"Italien\",\"item\":\"https:\/\/blog.olimar.de\/tag\/italien\/\"},{\"@type\":\"ListItem\",\"position\":3,\"name\":\"Die 7 Top-Highlights aus unserem Rund- und Erlebnisreisen Katalog 2023!\"}]},{\"@type\":\"WebSite\",\"@id\":\"https:\/\/blog.olimar.de\/#website\",\"url\":\"https:\/\/blog.olimar.de\/\",\"name\":\"OLIMAR.com\",\"description\":\"\",\"publisher\":{\"@id\":\"https:\/\/blog.olimar.de\/#organization\"},\"potentialAction\":[{\"@type\":\"SearchAction\",\"target\":{\"@type\":\"EntryPoint\",\"urlTemplate\":\"https:\/\/blog.olimar.de\/?s={search_term_string}\"},\"query-input\":{\"@type\":\"PropertyValueSpecification\",\"valueRequired\":true,\"valueName\":\"search_term_string\"}}],\"inLanguage\":\"de\"},{\"@type\":\"Organization\",\"@id\":\"https:\/\/blog.olimar.de\/#organization\",\"name\":\"OLIMAR Reisen\",\"url\":\"https:\/\/blog.olimar.de\/\",\"logo\":{\"@type\":\"ImageObject\",\"inLanguage\":\"de\",\"@id\":\"https:\/\/blog.olimar.de\/#\/schema\/logo\/image\/\",\"url\":\"https:\/\/blog.olimar.de\/wp-content\/uploads\/2021\/01\/OLIMAR_Logo_COLOR.png\",\"contentUrl\":\"https:\/\/blog.olimar.de\/wp-content\/uploads\/2021\/01\/OLIMAR_Logo_COLOR.png\",\"width\":2000,\"height\":986,\"caption\":\"OLIMAR Reisen\"},\"image\":{\"@id\":\"https:\/\/blog.olimar.de\/#\/schema\/logo\/image\/\"},\"sameAs\":[\"https:\/\/www.facebook.com\/OlimarReisen\",\"https:\/\/x.com\/olimarrreisen\",\"https:\/\/www.instagram.com\/olimarreisen\",\"https:\/\/www.youtube.com\/user\/olimarreisen\"]}]}<\/script>\n<!-- \/ Yoast SEO plugin. -->","yoast_head_json":{"title":"Die 7 Top-Highlights aus unserem Rund- und Erlebnisreisen Katalog 2023!","description":"Lust auf einen ganz besonderen Urlaub? Hier kommen sieben Highlights aus unserem neuen Rund- und Erlebnisreisen Katalog f\u00fcr das Jahr 2023!","robots":{"index":"index","follow":"follow","max-snippet":"max-snippet:-1","max-image-preview":"max-image-preview:large","max-video-preview":"max-video-preview:-1"},"canonical":"https:\/\/blog.olimar.de\/highlights-rundreisen-erlebnisreisen-katalog-2023\/","og_locale":"de_DE","og_type":"article","og_title":"Die 7 Top-Highlights aus unserem Rund- und Erlebnisreisen Katalog 2023!","og_description":"Lust auf einen ganz besonderen Urlaub? Hier kommen sieben Highlights aus unserem neuen Rund- und Erlebnisreisen Katalog f\u00fcr das Jahr 2023!","og_url":"https:\/\/blog.olimar.de\/highlights-rundreisen-erlebnisreisen-katalog-2023\/","article_publisher":"https:\/\/www.facebook.com\/OlimarReisen","article_published_time":"2022-10-19T12:22:18+00:00","article_modified_time":"2023-03-14T11:40:10+00:00","og_image":[{"width":1920,"height":1280,"url":"https:\/\/blog.olimar.de\/wp-content\/uploads\/2022\/10\/rundreisen_erlebnisreisen_katalog_highlights_2023.jpg","type":"image\/jpeg"}],"author":"Julia Windh\u00f6vel","twitter_misc":{"Verfasst von":"Julia Windh\u00f6vel","Gesch\u00e4tzte Lesezeit":"8\u00a0Minuten"},"schema":{"@context":"https:\/\/schema.org","@graph":[{"@type":"WebPage","@id":"https:\/\/blog.olimar.de\/highlights-rundreisen-erlebnisreisen-katalog-2023\/","url":"https:\/\/blog.olimar.de\/highlights-rundreisen-erlebnisreisen-katalog-2023\/","name":"Die 7 Top-Highlights aus unserem Rund- und Erlebnisreisen Katalog 2023!","isPartOf":{"@id":"https:\/\/blog.olimar.de\/#website"},"primaryImageOfPage":{"@id":"https:\/\/blog.olimar.de\/highlights-rundreisen-erlebnisreisen-katalog-2023\/#primaryimage"},"image":{"@id":"https:\/\/blog.olimar.de\/highlights-rundreisen-erlebnisreisen-katalog-2023\/#primaryimage"},"thumbnailUrl":"https:\/\/blog.olimar.de\/wp-content\/uploads\/2022\/10\/rundreisen_erlebnisreisen_katalog_highlights_2023.jpg","datePublished":"2022-10-19T12:22:18+00:00","dateModified":"2023-03-14T11:40:10+00:00","description":"Lust auf einen ganz besonderen Urlaub? Hier kommen sieben Highlights aus unserem neuen Rund- und Erlebnisreisen Katalog f\u00fcr das Jahr 2023!","breadcrumb":{"@id":"https:\/\/blog.olimar.de\/highlights-rundreisen-erlebnisreisen-katalog-2023\/#breadcrumb"},"inLanguage":"de","potentialAction":[{"@type":"ReadAction","target":["https:\/\/blog.olimar.de\/highlights-rundreisen-erlebnisreisen-katalog-2023\/"]}]},{"@type":"ImageObject","inLanguage":"de","@id":"https:\/\/blog.olimar.de\/highlights-rundreisen-erlebnisreisen-katalog-2023\/#primaryimage","url":"https:\/\/blog.olimar.de\/wp-content\/uploads\/2022\/10\/rundreisen_erlebnisreisen_katalog_highlights_2023.jpg","contentUrl":"https:\/\/blog.olimar.de\/wp-content\/uploads\/2022\/10\/rundreisen_erlebnisreisen_katalog_highlights_2023.jpg","width":1920,"height":1280,"caption":"Rundreisen Erlebnisreisen Katalog Highlights 2023"},{"@type":"BreadcrumbList","@id":"https:\/\/blog.olimar.de\/highlights-rundreisen-erlebnisreisen-katalog-2023\/#breadcrumb","itemListElement":[{"@type":"ListItem","position":1,"name":"Home","item":"https:\/\/blog.olimar.de\/"},{"@type":"ListItem","position":2,"name":"Italien","item":"https:\/\/blog.olimar.de\/tag\/italien\/"},{"@type":"ListItem","position":3,"name":"Die 7 Top-Highlights aus unserem Rund- und Erlebnisreisen Katalog 2023!"}]},{"@type":"WebSite","@id":"https:\/\/blog.olimar.de\/#website","url":"https:\/\/blog.olimar.de\/","name":"OLIMAR.com","description":"","publisher":{"@id":"https:\/\/blog.olimar.de\/#organization"},"potentialAction":[{"@type":"SearchAction","target":{"@type":"EntryPoint","urlTemplate":"https:\/\/blog.olimar.de\/?s={search_term_string}"},"query-input":{"@type":"PropertyValueSpecification","valueRequired":true,"valueName":"search_term_string"}}],"inLanguage":"de"},{"@type":"Organization","@id":"https:\/\/blog.olimar.de\/#organization","name":"OLIMAR Reisen","url":"https:\/\/blog.olimar.de\/","logo":{"@type":"ImageObject","inLanguage":"de","@id":"https:\/\/blog.olimar.de\/#\/schema\/logo\/image\/","url":"https:\/\/blog.olimar.de\/wp-content\/uploads\/2021\/01\/OLIMAR_Logo_COLOR.png","contentUrl":"https:\/\/blog.olimar.de\/wp-content\/uploads\/2021\/01\/OLIMAR_Logo_COLOR.png","width":2000,"height":986,"caption":"OLIMAR Reisen"},"image":{"@id":"https:\/\/blog.olimar.de\/#\/schema\/logo\/image\/"},"sameAs":["https:\/\/www.facebook.com\/OlimarReisen","https:\/\/x.com\/olimarrreisen","https:\/\/www.instagram.com\/olimarreisen","https:\/\/www.youtube.com\/user\/olimarreisen"]}]}},"modified_by":"Julia Windh\u00f6vel","jetpack_featured_media_url":"https:\/\/blog.olimar.de\/wp-content\/uploads\/2022\/10\/rundreisen_erlebnisreisen_katalog_highlights_2023.jpg","_links":{"self":[{"href":"https:\/\/blog.olimar.de\/wp-json\/wp\/v2\/posts\/20317","targetHints":{"allow":["GET"]}}],"collection":[{"href":"https:\/\/blog.olimar.de\/wp-json\/wp\/v2\/posts"}],"about":[{"href":"https:\/\/blog.olimar.de\/wp-json\/wp\/v2\/types\/post"}],"author":[{"embeddable":true,"href":"https:\/\/blog.olimar.de\/wp-json\/wp\/v2\/users\/87"}],"replies":[{"embeddable":true,"href":"https:\/\/blog.olimar.de\/wp-json\/wp\/v2\/comments?post=20317"}],"version-history":[{"count":25,"href":"https:\/\/blog.olimar.de\/wp-json\/wp\/v2\/posts\/20317\/revisions"}],"predecessor-version":[{"id":24918,"href":"https:\/\/blog.olimar.de\/wp-json\/wp\/v2\/posts\/20317\/revisions\/24918"}],"wp:featuredmedia":[{"embeddable":true,"href":"https:\/\/blog.olimar.de\/wp-json\/wp\/v2\/media\/20344"}],"wp:attachment":[{"href":"https:\/\/blog.olimar.de\/wp-json\/wp\/v2\/media?parent=20317"}],"wp:term":[{"taxonomy":"category","embeddable":true,"href":"https:\/\/blog.olimar.de\/wp-json\/wp\/v2\/categories?post=20317"},{"taxonomy":"post_tag","embeddable":true,"href":"https:\/\/blog.olimar.de\/wp-json\/wp\/v2\/tags?post=20317"}],"curies":[{"name":"wp","href":"https:\/\/api.w.org\/{rel}","templated":true}]}}