{"id":20748,"date":"2022-11-14T12:16:37","date_gmt":"2022-11-14T11:16:37","guid":{"rendered":"https:\/\/blog.olimar.de\/?p=20748"},"modified":"2022-11-14T12:18:32","modified_gmt":"2022-11-14T11:18:32","slug":"italien-herbst-winter-gardasee","status":"publish","type":"post","link":"https:\/\/blog.olimar.de\/italien-herbst-winter-gardasee\/","title":{"rendered":"Italien im Herbst &#038; Winter: 4 wundersch\u00f6ne Orte rund um den Gardasee"},"content":{"rendered":"\n<p class=\"p1\"><strong>Die Tage werden k\u00fcrzer, die B\u00e4ume verlieren ihre Bl\u00e4tter und das Wetter in Deutschland ist grau in grau. Der beste Zeitpunkt also, um trotz Herbst und Winter nach Italien an den Gardasee zu reisen und sich hier die Sonne ins Gesicht scheinen zu lassen. Nat\u00fcrlich ist auch hier kein Badewetter mehr, das Klima ist k\u00fchl \u2013 aber dennoch mild mit viel Sonnenschein! Vor allem ein St\u00e4dtetrip in die folgenden vier h\u00fcbschen Orte mit mediterranem Flair rund um den Gardasee bieten sich in der dunkleren Jahreszeit geradezu an.<\/strong><\/p>\n\n\n\n<div class=\"wp-block-buttons is-layout-flex wp-block-buttons-is-layout-flex\">\n<div class=\"wp-block-button\"><a class=\"wp-block-button__link\" href=\"https:\/\/www.olimar.de\/italien\/norden\/oberitalienische-seen\/\">Oberitalienische Seen Reiseangebote und Hoteltipps entdecken<\/a><\/div>\n<\/div>\n\n\n\n<div style=\"height:50px\" aria-hidden=\"true\" class=\"wp-block-spacer\"><\/div>\n\n\n\n<h2>1. Arco<\/h2>\n\n\n\n<p class=\"p1\">Das \u00d6rtchen Arco im Trentino mit ca. 18.000 Einwohnern liegt ein St\u00fcck n\u00f6rdlich des Gardasees am Fluss Sarca. Das Stadtbild wird vor allem durch die hoch aufragende Burg Arco gepr\u00e4gt, welche auf einem schmalen, steinigen Felsen \u00fcber der Stadt thront. Ein gem\u00fctlicher Spaziergang von ungef\u00e4hr eineinhalb Stunden von der Altstadt bis hinauf zur Festung mit gro\u00dfartigem Blick bis hinunter zum Gardasee ist besonders im Herbst zu empfehlen.<span class=\"Apple-converted-space\">&nbsp;<\/span><\/p>\n\n\n\n<p class=\"p1\">Neben dem 1000 Jahre alten Kastell, besticht Arco durch seine Attraktivit\u00e4t f\u00fcr Kletterer und Mountainbiker. Weltweit bekannt ist hier vor allem der senkrecht aufragende Kletterfelsen der Colodri-Wand, welche einen spektakul\u00e4ren Anblick bietet. Die umliegende Bergwelt mit Blick auf den <a href=\"https:\/\/www.olimar.de\/blog\/gardasee\/\">Gardasee<\/a> ist zudem ein Eldorado f\u00fcr alle Outdoorfans!<\/p>\n\n\n\n<figure class=\"wp-block-image size-full\"><img loading=\"lazy\" decoding=\"async\" width=\"800\" height=\"600\" src=\"https:\/\/blog.olimar.de\/wp-content\/uploads\/2022\/11\/italien_herbst_winter_gardasee_arco.jpg\" alt=\"Italien Herbst Winter Gardasee Arco\" class=\"wp-image-20753\" srcset=\"https:\/\/blog.olimar.de\/wp-content\/uploads\/2022\/11\/italien_herbst_winter_gardasee_arco.jpg 800w, https:\/\/blog.olimar.de\/wp-content\/uploads\/2022\/11\/italien_herbst_winter_gardasee_arco-300x225.jpg 300w, https:\/\/blog.olimar.de\/wp-content\/uploads\/2022\/11\/italien_herbst_winter_gardasee_arco-768x576.jpg 768w\" sizes=\"auto, (max-width: 800px) 100vw, 800px\" \/><figcaption>Italien im Herbst &amp; Winter: Arco am Gardasee. Bild: <strong>\u00a9<\/strong>Tatjana Kopel<\/figcaption><\/figure>\n\n\n\n<h3>Malerische Altstadt mit verwinkelten G\u00e4sschen<\/h3>\n<p class=\"p1\">Aber auch abseits der sportlichen Pfade hat Arco einiges zu bieten. Sei es die malerische Altstadt mit seinen verwinkelten G\u00e4sschen, die kulinarischen Highlights und Feinkostl\u00e4den am Wegesrand oder die traditionsreiche Geschichte mit sehenswerten Kirchen und Denkm\u00e4lern. Wer mag, genie\u00dft die n\u00e4here Umgebung, radelt am Fluss Sarca entlang bis an das Nordufer des Gardasees nach Torbole und fr\u00f6nt dort den diversen Wassersportarten oder macht einen Ausflug in die Weinberge bei einem Ausritt mit dem Pferd. Die M\u00f6glichkeiten der Freizeitgestaltung sind hier in Arco auch au\u00dferhalb der Sommermonate schier unendlich!<span class=\"Apple-converted-space\">&nbsp;<\/span><\/p>\n\n\n\n<h2>2. Nago-Torbole<\/h2>\n\n\n\n<p class=\"p1\">Die attraktive Lage des Ortes Torbole am Nordufer des Gardasees mit seinen best\u00e4ndigen Winden l\u00e4sst vor allem das Herz von Wind- und Segelsportlern h\u00f6her schlagen. Gro\u00dfe Bereiche des Strandes sind haupts\u00e4chlich den Wassersportlern vorbehalten, Motorboote sind hier verboten. Daher ist es nicht ungew\u00f6hnlich, alle m\u00f6glichen Sportler, von SUP, Windsurfern, Kitern und Seglern an einem Ort anzutreffen. Wer selbst nicht aktiv werden m\u00f6chte, kann bei einem Spaziergang entlang der Strandpromenade das Schauspiel auf dem Wasser wunderbar beobachten. Am sch\u00f6nsten ist hier der Abschnitt rund um die Bar Segnana mit Grasfl\u00e4che, Palmen und Panoramablick!<\/p>\n\n\n\n<h3>Ehemaliges Fischer- und Holzf\u00e4llerdorf<\/h3>\n<p class=\"p1\">Die Stadt selbst besteht aus drei kleinen Ortschaften: Nago, etwas oberhalb des Sees gelegen, mit einer ehemaligen Zitadelle und s\u00fcdlich von Torbole ein paar H\u00e4userreihen der Ortschaft Tempesta.<span class=\"Apple-converted-space\">&nbsp;<\/span>Das sch\u00f6ne, alte Dorfzentrum mit seinen verwinkelten Gassen und kleinen Souvenirl\u00e4den l\u00e4dt zum Verweilen ein und der kleine Hafen mit seinen typischen Geb\u00e4uden aus dem 15. Jahrhundert l\u00e4sst die Vergangenheit als Fischer- und Holzf\u00e4llerdorf noch erahnen.<\/p>\n\n\n\n<figure class=\"wp-block-image size-full\"><img loading=\"lazy\" decoding=\"async\" width=\"800\" height=\"600\" src=\"https:\/\/blog.olimar.de\/wp-content\/uploads\/2022\/11\/italien_herbst_winter_gardasee_torbole-1.jpg\" alt=\"\" class=\"wp-image-20757\" srcset=\"https:\/\/blog.olimar.de\/wp-content\/uploads\/2022\/11\/italien_herbst_winter_gardasee_torbole-1.jpg 800w, https:\/\/blog.olimar.de\/wp-content\/uploads\/2022\/11\/italien_herbst_winter_gardasee_torbole-1-300x225.jpg 300w, https:\/\/blog.olimar.de\/wp-content\/uploads\/2022\/11\/italien_herbst_winter_gardasee_torbole-1-768x576.jpg 768w\" sizes=\"auto, (max-width: 800px) 100vw, 800px\" \/><figcaption>Italien im Herbst &amp; Winter: Torbole am Gardasee. Bild: <strong>\u00a9<\/strong>Unsplash<\/figcaption><\/figure>\n\n\n\n<h2>3. Limone<\/h2>\n\n\n\n<p class=\"p1\">Der 1000-Einwohner-Ort Limone sul Garda liegt in der Provinz Brescia in der Lombardei und am n\u00f6rdlichen Westufer des Gardasees. Das einstige Fischerdorf ist heute eine Touristenattraktion aufgrund seiner spektakul\u00e4ren Lage am Fu\u00dfe eines steilen Berghanges. Alles ist blumengeschm\u00fcckt, die verwinkelten Gassen und H\u00e4user kleben f\u00f6rmlich an der Felswand und der Anblick ist fantastisch!<\/p>\n\n\n\n<h3>Einst Grenze zwischen Italien und \u00d6sterreich<\/h3>\n<p class=\"p1\">Heute bekannt f\u00fcr seine Zitroneng\u00e4rten, ist der Name \u201eLimone\u201c allerdings irref\u00fchrend. Dieser bedeutet eigentlich \u201eGrenze\u201c, da hier lange Zeit die Grenze zwischen \u00d6sterreich und Italien verlief. Dennoch ist die Zitrone das Wahrzeichen der Stadt, und ein kleiner Rundgang entlang der Uferpromenade mit ihren Ananas-Palmen und durch die pittoresken Seiteng\u00e4sschen der Altstadt hindurch bis zum Zitronengew\u00e4chshaus \u201eDel Cast\u00e9l\u201c l\u00e4sst die Zitrone lebendig werden.<\/p>\n\n\n\n<figure class=\"wp-block-image size-full\"><img loading=\"lazy\" decoding=\"async\" width=\"800\" height=\"600\" src=\"https:\/\/blog.olimar.de\/wp-content\/uploads\/2022\/11\/italien_herbst_winter_gardasee_limone.jpg\" alt=\"Italien Herbst Winter Gardasee Limone\" class=\"wp-image-20759\" srcset=\"https:\/\/blog.olimar.de\/wp-content\/uploads\/2022\/11\/italien_herbst_winter_gardasee_limone.jpg 800w, https:\/\/blog.olimar.de\/wp-content\/uploads\/2022\/11\/italien_herbst_winter_gardasee_limone-300x225.jpg 300w, https:\/\/blog.olimar.de\/wp-content\/uploads\/2022\/11\/italien_herbst_winter_gardasee_limone-768x576.jpg 768w\" sizes=\"auto, (max-width: 800px) 100vw, 800px\" \/><figcaption>Italien im Herbst &amp; Winter: Limone am Gardasee. Bild: <strong>\u00a9<\/strong>Unsplash<\/figcaption><\/figure>\n\n\n\n<h2>4. Gargnano<\/h2>\n\n\n\n<p class=\"p1\">Der eher unbekannte Ort Gargnano in der Mitte des Westufers des Lago di Garda besticht vor allem durch seinen pittoresken Hafen, einem Pfad \u00fcber das Wasser und dem perfekten Badeplatz! Hier ist die Welt noch in Ordnung und alles ist ruhig und malerisch. Vom S\u00fcden kommend, l\u00e4sst man das Auto am besten im Parkhaus kurz vor dem Centro stehen und begibt sich zu Fu\u00df auf die Via Roma. Vorbei an ein paar Gesch\u00e4ften und Souvenir-St\u00e4nden, f\u00fchrt der Weg unter einem Haus hindurch hinunter zum See. Ein breiter Holzsteg, der \u00fcber das Wasser gebaut wurde, f\u00fchrt nun vorbei an kleinen Caf\u00e9s und netten Restaurants hinunter zum Hafen. Es f\u00fchlt sich ein bisschen an wie \u201eKlein-Venedig\u201c \u2013 und das Bergpanorama tut sein \u00dcbriges.<\/p>\n\n\n\n<h3>Entspannen unter Olivenb\u00e4umen<\/h3>\n\n\n\n<p class=\"wp-block-paragraph\">Der h\u00fcbsche Hafen wird von bunten H\u00e4usern ges\u00e4umt und l\u00e4dt mit einem Eis in der Hand zum Verweilen ein. Sehenswert sind au\u00dferdem der Kreuzgang der Kirche San Francesco, der Glockenturm der Kirche San Martino, die Villa Feltrinelli, die heutzutage das Grand Hotel a Villa Feltrinelli ist und die Villa Bettoni mit ihrem artenreichen Garten. Wer einfach die Seele baumeln lassen m\u00f6chte, begibt sich an den idyllischen Badeplatz beim Restaurant La Fontanelle etwas n\u00f6rdlich der Stadt. Dort gibt es einen kleinen Parkplatz, einen Surf-Verleih und eine wundersch\u00f6ne Liegewiese unter Olivenb\u00e4umen!<\/p>\n\n\n\n<figure class=\"wp-block-image size-full\"><img loading=\"lazy\" decoding=\"async\" width=\"800\" height=\"600\" src=\"https:\/\/blog.olimar.de\/wp-content\/uploads\/2022\/11\/italien_herbst_winter_gardasee_gargnano.jpg\" alt=\"Italien Herbst Winter Gardasee Gargnano\" class=\"wp-image-20761\" srcset=\"https:\/\/blog.olimar.de\/wp-content\/uploads\/2022\/11\/italien_herbst_winter_gardasee_gargnano.jpg 800w, https:\/\/blog.olimar.de\/wp-content\/uploads\/2022\/11\/italien_herbst_winter_gardasee_gargnano-300x225.jpg 300w, https:\/\/blog.olimar.de\/wp-content\/uploads\/2022\/11\/italien_herbst_winter_gardasee_gargnano-768x576.jpg 768w\" sizes=\"auto, (max-width: 800px) 100vw, 800px\" \/><figcaption>Italien im Herbst &amp; Winter: Gargnano am Gardasee. Bild: <strong>\u00a9<\/strong>Tatjana Kopel<\/figcaption><\/figure>\n\n\n\n<div style=\"height:50px\" aria-hidden=\"true\" class=\"wp-block-spacer\"><\/div>\n\n\n\n<div class=\"wp-block-buttons is-layout-flex wp-block-buttons-is-layout-flex\">\n<div class=\"wp-block-button\"><a class=\"wp-block-button__link\" href=\"https:\/\/www.olimar.de\/hotellistung\/\">Jetzt Urlaubsangebote finden und buchen<\/a><\/div>\n<\/div>\n","protected":false},"excerpt":{"rendered":"<p>Graue Tage, Nieselwetter? Zeit f\u00fcr ein paar wundersch\u00f6ne Urlaubstage am Gardasee! In Italiens Norden erwarten dich auch im Herbst und Winter oft noch milde Temperaturen und jede Menge Sonnenschein.<\/p>\n","protected":false},"author":75,"featured_media":20765,"comment_status":"open","ping_status":"open","sticky":false,"template":"","format":"standard","meta":{"_crdt_document":"","_lmt_disableupdate":"","_lmt_disable":"","footnotes":""},"categories":[165],"tags":[148,300,35,20,301],"class_list":["post-20748","post","type-post","status-publish","format-standard","has-post-thumbnail","hentry","category-reisethemen","tag-gardasee","tag-herbst","tag-italien","tag-slider","tag-winter"],"yoast_head":"<!-- This site is optimized with the Yoast SEO plugin v26.9 - https:\/\/yoast.com\/product\/yoast-seo-wordpress\/ -->\n<title>Italien im Herbst &amp; Winter: 4 wundersch\u00f6ne Orte am Gardasee<\/title>\n<meta name=\"description\" content=\"Italien ist auch im Herbst und Winter eine Reise wert! Der Gardasee im Norden ist ein Garant f\u00fcr herrliche Spazierg\u00e4nge und vieles mehr!\" \/>\n<meta name=\"robots\" content=\"index, follow, max-snippet:-1, max-image-preview:large, max-video-preview:-1\" \/>\n<link rel=\"canonical\" href=\"https:\/\/blog.olimar.de\/italien-herbst-winter-gardasee\/\" \/>\n<meta property=\"og:locale\" content=\"de_DE\" \/>\n<meta property=\"og:type\" content=\"article\" \/>\n<meta property=\"og:title\" content=\"Italien im Herbst &amp; Winter: 4 wundersch\u00f6ne Orte am Gardasee\" \/>\n<meta property=\"og:description\" content=\"Italien ist auch im Herbst und Winter eine Reise wert! Der Gardasee im Norden ist ein Garant f\u00fcr herrliche Spazierg\u00e4nge und vieles mehr!\" \/>\n<meta property=\"og:url\" content=\"https:\/\/blog.olimar.de\/italien-herbst-winter-gardasee\/\" \/>\n<meta property=\"article:publisher\" content=\"https:\/\/www.facebook.com\/OlimarReisen\" \/>\n<meta property=\"article:published_time\" content=\"2022-11-14T11:16:37+00:00\" \/>\n<meta property=\"article:modified_time\" content=\"2022-11-14T11:18:32+00:00\" \/>\n<meta property=\"og:image\" content=\"https:\/\/blog.olimar.de\/wp-content\/uploads\/2022\/11\/italien_herbst_winter_gardasee.jpg\" \/>\n\t<meta property=\"og:image:width\" content=\"2400\" \/>\n\t<meta property=\"og:image:height\" content=\"1800\" \/>\n\t<meta property=\"og:image:type\" content=\"image\/jpeg\" \/>\n<meta name=\"author\" content=\"Tatjana Kopel\" \/>\n<meta name=\"twitter:label1\" content=\"Verfasst von\" \/>\n\t<meta name=\"twitter:data1\" content=\"Tatjana Kopel\" \/>\n\t<meta name=\"twitter:label2\" content=\"Gesch\u00e4tzte Lesezeit\" \/>\n\t<meta name=\"twitter:data2\" content=\"6\u00a0Minuten\" \/>\n<script type=\"application\/ld+json\" class=\"yoast-schema-graph\">{\"@context\":\"https:\/\/schema.org\",\"@graph\":[{\"@type\":\"WebPage\",\"@id\":\"https:\/\/blog.olimar.de\/italien-herbst-winter-gardasee\/\",\"url\":\"https:\/\/blog.olimar.de\/italien-herbst-winter-gardasee\/\",\"name\":\"Italien im Herbst & Winter: 4 wundersch\u00f6ne Orte am Gardasee\",\"isPartOf\":{\"@id\":\"https:\/\/blog.olimar.de\/#website\"},\"primaryImageOfPage\":{\"@id\":\"https:\/\/blog.olimar.de\/italien-herbst-winter-gardasee\/#primaryimage\"},\"image\":{\"@id\":\"https:\/\/blog.olimar.de\/italien-herbst-winter-gardasee\/#primaryimage\"},\"thumbnailUrl\":\"https:\/\/blog.olimar.de\/wp-content\/uploads\/2022\/11\/italien_herbst_winter_gardasee.jpg\",\"datePublished\":\"2022-11-14T11:16:37+00:00\",\"dateModified\":\"2022-11-14T11:18:32+00:00\",\"description\":\"Italien ist auch im Herbst und Winter eine Reise wert! Der Gardasee im Norden ist ein Garant f\u00fcr herrliche Spazierg\u00e4nge und vieles mehr!\",\"breadcrumb\":{\"@id\":\"https:\/\/blog.olimar.de\/italien-herbst-winter-gardasee\/#breadcrumb\"},\"inLanguage\":\"de\",\"potentialAction\":[{\"@type\":\"ReadAction\",\"target\":[\"https:\/\/blog.olimar.de\/italien-herbst-winter-gardasee\/\"]}]},{\"@type\":\"ImageObject\",\"inLanguage\":\"de\",\"@id\":\"https:\/\/blog.olimar.de\/italien-herbst-winter-gardasee\/#primaryimage\",\"url\":\"https:\/\/blog.olimar.de\/wp-content\/uploads\/2022\/11\/italien_herbst_winter_gardasee.jpg\",\"contentUrl\":\"https:\/\/blog.olimar.de\/wp-content\/uploads\/2022\/11\/italien_herbst_winter_gardasee.jpg\",\"width\":2400,\"height\":1800,\"caption\":\"Italien Herbst Winter Gardasee Limone\"},{\"@type\":\"BreadcrumbList\",\"@id\":\"https:\/\/blog.olimar.de\/italien-herbst-winter-gardasee\/#breadcrumb\",\"itemListElement\":[{\"@type\":\"ListItem\",\"position\":1,\"name\":\"Home\",\"item\":\"https:\/\/blog.olimar.de\/\"},{\"@type\":\"ListItem\",\"position\":2,\"name\":\"Gardasee\",\"item\":\"https:\/\/blog.olimar.de\/tag\/gardasee\/\"},{\"@type\":\"ListItem\",\"position\":3,\"name\":\"Italien im Herbst &#038; Winter: 4 wundersch\u00f6ne Orte rund um den Gardasee\"}]},{\"@type\":\"WebSite\",\"@id\":\"https:\/\/blog.olimar.de\/#website\",\"url\":\"https:\/\/blog.olimar.de\/\",\"name\":\"OLIMAR.com\",\"description\":\"\",\"publisher\":{\"@id\":\"https:\/\/blog.olimar.de\/#organization\"},\"potentialAction\":[{\"@type\":\"SearchAction\",\"target\":{\"@type\":\"EntryPoint\",\"urlTemplate\":\"https:\/\/blog.olimar.de\/?s={search_term_string}\"},\"query-input\":{\"@type\":\"PropertyValueSpecification\",\"valueRequired\":true,\"valueName\":\"search_term_string\"}}],\"inLanguage\":\"de\"},{\"@type\":\"Organization\",\"@id\":\"https:\/\/blog.olimar.de\/#organization\",\"name\":\"OLIMAR Reisen\",\"url\":\"https:\/\/blog.olimar.de\/\",\"logo\":{\"@type\":\"ImageObject\",\"inLanguage\":\"de\",\"@id\":\"https:\/\/blog.olimar.de\/#\/schema\/logo\/image\/\",\"url\":\"https:\/\/blog.olimar.de\/wp-content\/uploads\/2021\/01\/OLIMAR_Logo_COLOR.png\",\"contentUrl\":\"https:\/\/blog.olimar.de\/wp-content\/uploads\/2021\/01\/OLIMAR_Logo_COLOR.png\",\"width\":2000,\"height\":986,\"caption\":\"OLIMAR Reisen\"},\"image\":{\"@id\":\"https:\/\/blog.olimar.de\/#\/schema\/logo\/image\/\"},\"sameAs\":[\"https:\/\/www.facebook.com\/OlimarReisen\",\"https:\/\/x.com\/olimarrreisen\",\"https:\/\/www.instagram.com\/olimarreisen\",\"https:\/\/www.youtube.com\/user\/olimarreisen\"]}]}<\/script>\n<!-- \/ Yoast SEO plugin. -->","yoast_head_json":{"title":"Italien im Herbst & Winter: 4 wundersch\u00f6ne Orte am Gardasee","description":"Italien ist auch im Herbst und Winter eine Reise wert! Der Gardasee im Norden ist ein Garant f\u00fcr herrliche Spazierg\u00e4nge und vieles mehr!","robots":{"index":"index","follow":"follow","max-snippet":"max-snippet:-1","max-image-preview":"max-image-preview:large","max-video-preview":"max-video-preview:-1"},"canonical":"https:\/\/blog.olimar.de\/italien-herbst-winter-gardasee\/","og_locale":"de_DE","og_type":"article","og_title":"Italien im Herbst & Winter: 4 wundersch\u00f6ne Orte am Gardasee","og_description":"Italien ist auch im Herbst und Winter eine Reise wert! Der Gardasee im Norden ist ein Garant f\u00fcr herrliche Spazierg\u00e4nge und vieles mehr!","og_url":"https:\/\/blog.olimar.de\/italien-herbst-winter-gardasee\/","article_publisher":"https:\/\/www.facebook.com\/OlimarReisen","article_published_time":"2022-11-14T11:16:37+00:00","article_modified_time":"2022-11-14T11:18:32+00:00","og_image":[{"width":2400,"height":1800,"url":"https:\/\/blog.olimar.de\/wp-content\/uploads\/2022\/11\/italien_herbst_winter_gardasee.jpg","type":"image\/jpeg"}],"author":"Tatjana Kopel","twitter_misc":{"Verfasst von":"Tatjana Kopel","Gesch\u00e4tzte Lesezeit":"6\u00a0Minuten"},"schema":{"@context":"https:\/\/schema.org","@graph":[{"@type":"WebPage","@id":"https:\/\/blog.olimar.de\/italien-herbst-winter-gardasee\/","url":"https:\/\/blog.olimar.de\/italien-herbst-winter-gardasee\/","name":"Italien im Herbst & Winter: 4 wundersch\u00f6ne Orte am Gardasee","isPartOf":{"@id":"https:\/\/blog.olimar.de\/#website"},"primaryImageOfPage":{"@id":"https:\/\/blog.olimar.de\/italien-herbst-winter-gardasee\/#primaryimage"},"image":{"@id":"https:\/\/blog.olimar.de\/italien-herbst-winter-gardasee\/#primaryimage"},"thumbnailUrl":"https:\/\/blog.olimar.de\/wp-content\/uploads\/2022\/11\/italien_herbst_winter_gardasee.jpg","datePublished":"2022-11-14T11:16:37+00:00","dateModified":"2022-11-14T11:18:32+00:00","description":"Italien ist auch im Herbst und Winter eine Reise wert! Der Gardasee im Norden ist ein Garant f\u00fcr herrliche Spazierg\u00e4nge und vieles mehr!","breadcrumb":{"@id":"https:\/\/blog.olimar.de\/italien-herbst-winter-gardasee\/#breadcrumb"},"inLanguage":"de","potentialAction":[{"@type":"ReadAction","target":["https:\/\/blog.olimar.de\/italien-herbst-winter-gardasee\/"]}]},{"@type":"ImageObject","inLanguage":"de","@id":"https:\/\/blog.olimar.de\/italien-herbst-winter-gardasee\/#primaryimage","url":"https:\/\/blog.olimar.de\/wp-content\/uploads\/2022\/11\/italien_herbst_winter_gardasee.jpg","contentUrl":"https:\/\/blog.olimar.de\/wp-content\/uploads\/2022\/11\/italien_herbst_winter_gardasee.jpg","width":2400,"height":1800,"caption":"Italien Herbst Winter Gardasee Limone"},{"@type":"BreadcrumbList","@id":"https:\/\/blog.olimar.de\/italien-herbst-winter-gardasee\/#breadcrumb","itemListElement":[{"@type":"ListItem","position":1,"name":"Home","item":"https:\/\/blog.olimar.de\/"},{"@type":"ListItem","position":2,"name":"Gardasee","item":"https:\/\/blog.olimar.de\/tag\/gardasee\/"},{"@type":"ListItem","position":3,"name":"Italien im Herbst &#038; Winter: 4 wundersch\u00f6ne Orte rund um den Gardasee"}]},{"@type":"WebSite","@id":"https:\/\/blog.olimar.de\/#website","url":"https:\/\/blog.olimar.de\/","name":"OLIMAR.com","description":"","publisher":{"@id":"https:\/\/blog.olimar.de\/#organization"},"potentialAction":[{"@type":"SearchAction","target":{"@type":"EntryPoint","urlTemplate":"https:\/\/blog.olimar.de\/?s={search_term_string}"},"query-input":{"@type":"PropertyValueSpecification","valueRequired":true,"valueName":"search_term_string"}}],"inLanguage":"de"},{"@type":"Organization","@id":"https:\/\/blog.olimar.de\/#organization","name":"OLIMAR Reisen","url":"https:\/\/blog.olimar.de\/","logo":{"@type":"ImageObject","inLanguage":"de","@id":"https:\/\/blog.olimar.de\/#\/schema\/logo\/image\/","url":"https:\/\/blog.olimar.de\/wp-content\/uploads\/2021\/01\/OLIMAR_Logo_COLOR.png","contentUrl":"https:\/\/blog.olimar.de\/wp-content\/uploads\/2021\/01\/OLIMAR_Logo_COLOR.png","width":2000,"height":986,"caption":"OLIMAR Reisen"},"image":{"@id":"https:\/\/blog.olimar.de\/#\/schema\/logo\/image\/"},"sameAs":["https:\/\/www.facebook.com\/OlimarReisen","https:\/\/x.com\/olimarrreisen","https:\/\/www.instagram.com\/olimarreisen","https:\/\/www.youtube.com\/user\/olimarreisen"]}]}},"modified_by":"Julia Windh\u00f6vel","jetpack_featured_media_url":"https:\/\/blog.olimar.de\/wp-content\/uploads\/2022\/11\/italien_herbst_winter_gardasee.jpg","_links":{"self":[{"href":"https:\/\/blog.olimar.de\/wp-json\/wp\/v2\/posts\/20748","targetHints":{"allow":["GET"]}}],"collection":[{"href":"https:\/\/blog.olimar.de\/wp-json\/wp\/v2\/posts"}],"about":[{"href":"https:\/\/blog.olimar.de\/wp-json\/wp\/v2\/types\/post"}],"author":[{"embeddable":true,"href":"https:\/\/blog.olimar.de\/wp-json\/wp\/v2\/users\/75"}],"replies":[{"embeddable":true,"href":"https:\/\/blog.olimar.de\/wp-json\/wp\/v2\/comments?post=20748"}],"version-history":[{"count":9,"href":"https:\/\/blog.olimar.de\/wp-json\/wp\/v2\/posts\/20748\/revisions"}],"predecessor-version":[{"id":20923,"href":"https:\/\/blog.olimar.de\/wp-json\/wp\/v2\/posts\/20748\/revisions\/20923"}],"wp:featuredmedia":[{"embeddable":true,"href":"https:\/\/blog.olimar.de\/wp-json\/wp\/v2\/media\/20765"}],"wp:attachment":[{"href":"https:\/\/blog.olimar.de\/wp-json\/wp\/v2\/media?parent=20748"}],"wp:term":[{"taxonomy":"category","embeddable":true,"href":"https:\/\/blog.olimar.de\/wp-json\/wp\/v2\/categories?post=20748"},{"taxonomy":"post_tag","embeddable":true,"href":"https:\/\/blog.olimar.de\/wp-json\/wp\/v2\/tags?post=20748"}],"curies":[{"name":"wp","href":"https:\/\/api.w.org\/{rel}","templated":true}]}}