{"id":20924,"date":"2022-11-17T13:03:10","date_gmt":"2022-11-17T12:03:10","guid":{"rendered":"https:\/\/blog.olimar.de\/?p=20924"},"modified":"2022-11-17T13:09:49","modified_gmt":"2022-11-17T12:09:49","slug":"urlaub-land-portugal-alentejo-norte-centro","status":"publish","type":"post","link":"https:\/\/blog.olimar.de\/urlaub-land-portugal-alentejo-norte-centro\/","title":{"rendered":"Urlaub auf dem Land in Portugal: 7 wundersch\u00f6ne Unterk\u00fcnfte f\u00fcr Erholung pur"},"content":{"rendered":"\n<p class=\"wp-block-paragraph\"><strong>Die k\u00fchleren Jahreszeiten sind die perfekte Reisezeit, um in Portugals l\u00e4ndlichen Gegenden mal so richtig die Seele baumeln zu lassen. Wenn das Wetter in Deutschland l\u00e4ngst grau und nass ist, kannst du dich in den Regionen Norte, Centro und Alentejo noch immer auf viele Stunden Sonnenschein und angenehm warme Temperaturen freuen. Hier kommen sieben wundersch\u00f6ne Unterk\u00fcnfte der Hotelvereinigungen \u201eHeran\u00e7as do Alentejo&#8221; und \u201eHot\u00e9is Rurais<\/strong>&#8220;<strong> f\u00fcr deine wohlverdiente Auszeit vom Nieselwetter.<\/strong>\u00a0<\/p>\n\n\n\n<div class=\"wp-block-buttons is-layout-flex wp-block-buttons-is-layout-flex\">\n<div class=\"wp-block-button\"><a class=\"wp-block-button__link\" href=\"https:\/\/www.olimar.de\/portugal\/alentejo\/\">Alentejo Reisenangebote und Hoteltipps entdecken<\/a><\/div>\n<\/div>\n\n\n\n<div style=\"height:50px\" aria-hidden=\"true\" class=\"wp-block-spacer\"><\/div>\n\n\n\n<h2>1. MONTE DA ESTRELA COUNTRY HOUSE &amp; SPA<\/h2>\n\n\n\n<p>Inmitten eines neun Hektar gro\u00dfen Anwesens samt Olivenhainen, Weinbergen, Feldern und einem See erwartet dich am S\u00fcdufer des ber\u00fchmten Alqueva-Stausees dieses wundersch\u00f6ne Landhotel, das dich direkt verzaubern wird. Es verf\u00fcgt \u00fcber sieben charmant eingerichtete G\u00e4stezimmer mit tollem Komfort wie einer Fu\u00dfbodenheizung und einem eleganten Bad. Freue dich auf den pers\u00f6nlichen Service der herzlichen Eigent\u00fcmer, die sehr viel Wert auf ein gro\u00dfartiges Fr\u00fchst\u00fcck und eine ausgezeichnete Regionalk\u00fcche mit Gem\u00fcse und Kr\u00e4utern aus dem eigenen Bio-Garten legen.<\/p>\n<p>Lasse die Seele auf der eigenen Terrasse in der H\u00e4ngematte baumeln oder entspanne dich im hauseigenen Wellness-Bereich mit Sauna, Whirlpool, Dampfbad sowie einem Fitness- und Massage-Raum. Nicht zu vergessen: Wenn es dunkel wird, erwartet dich ein Sternhimmel, wie du ihn vielleicht noch nie gesehen hast. Das Anwesen liegt mitten in der sogenannten \u201eAlqueva Dark Sky Reserve&#8221;, einem anerkannten Dark Sky-Schutzgebiet. Hier ist die Luft so sauber und der Himmel so klar, dass du bei gutem Wetter einen atemberaubenden Sternenhimmel samt Milchstra\u00dfe bewundern kannst.<\/p>\n<ul>\n<li><strong>7 Tage Flug\/ Hotel\/ Fr\u00fchst\u00fcck ab 711 \u20ac p.P.<\/strong><\/li>\n<li><strong>7 Tage Hotel\/ Fr\u00fchst\u00fcck ab 468 \u20ac p.P.<\/strong><\/li>\n<\/ul>\n\n\n\n<figure class=\"wp-block-gallery has-nested-images columns-default is-cropped wp-block-gallery-1 is-layout-flex wp-block-gallery-is-layout-flex\">\n<figure class=\"wp-block-image size-large\"><a href=\"https:\/\/www.olimar.com\/LIS071\/\"><img loading=\"lazy\" decoding=\"async\" width=\"1024\" height=\"768\" data-id=\"20927\" src=\"https:\/\/blog.olimar.de\/wp-content\/uploads\/2022\/11\/monte_da_estrela_country_house_spa_1-1-1024x768.jpeg\" alt=\"\" class=\"wp-image-20927\" srcset=\"https:\/\/blog.olimar.de\/wp-content\/uploads\/2022\/11\/monte_da_estrela_country_house_spa_1-1-1024x768.jpeg 1024w, https:\/\/blog.olimar.de\/wp-content\/uploads\/2022\/11\/monte_da_estrela_country_house_spa_1-1-300x225.jpeg 300w, https:\/\/blog.olimar.de\/wp-content\/uploads\/2022\/11\/monte_da_estrela_country_house_spa_1-1-768x576.jpeg 768w, https:\/\/blog.olimar.de\/wp-content\/uploads\/2022\/11\/monte_da_estrela_country_house_spa_1-1.jpeg 1440w\" sizes=\"auto, (max-width: 1024px) 100vw, 1024px\" \/><\/a><figcaption>Monte da Estrela Country House &amp; Spa<\/figcaption><\/figure>\n\n\n\n<figure class=\"wp-block-image size-large\"><a href=\"https:\/\/www.olimar.com\/LIS071\/\"><img loading=\"lazy\" decoding=\"async\" width=\"1024\" height=\"678\" data-id=\"20928\" src=\"https:\/\/blog.olimar.de\/wp-content\/uploads\/2022\/11\/monte_da_estrela_country_house_spa_2-1024x678.jpeg\" alt=\"\" class=\"wp-image-20928\" srcset=\"https:\/\/blog.olimar.de\/wp-content\/uploads\/2022\/11\/monte_da_estrela_country_house_spa_2-1024x678.jpeg 1024w, https:\/\/blog.olimar.de\/wp-content\/uploads\/2022\/11\/monte_da_estrela_country_house_spa_2-300x199.jpeg 300w, https:\/\/blog.olimar.de\/wp-content\/uploads\/2022\/11\/monte_da_estrela_country_house_spa_2-768x509.jpeg 768w, https:\/\/blog.olimar.de\/wp-content\/uploads\/2022\/11\/monte_da_estrela_country_house_spa_2-1536x1017.jpeg 1536w, https:\/\/blog.olimar.de\/wp-content\/uploads\/2022\/11\/monte_da_estrela_country_house_spa_2.jpeg 1631w\" sizes=\"auto, (max-width: 1024px) 100vw, 1024px\" \/><\/a><figcaption>Monte da Estrela Country House &amp; Spa<\/figcaption><\/figure>\n<\/figure>\n\n\n\n<div style=\"height:25px\" aria-hidden=\"true\" class=\"wp-block-spacer\"><\/div>\n\n\n\n<div class=\"wp-block-buttons is-layout-flex wp-block-buttons-is-layout-flex\">\n<div class=\"wp-block-button\"><a class=\"wp-block-button__link\" href=\"https:\/\/www.olimar.com\/LIS071\/\">MONTE DA ESTRELA COUNTRY HOUSE &amp; SPA: Infos &amp; Buchung<\/a><\/div>\n<\/div>\n\n\n\n<h2>2. THE NEST BY COOKING AND NATURE<\/h2>\n\n\n\n<p>Elf individuell gestaltete und in warmen Holzt\u00f6nen gehaltene G\u00e4stezimmer und Apartments erwarten dich in dieser 2020 erbauten Anlage inmitten des Naturparks \u201eSerras de Aire e Candeeiros&#8221; n\u00f6rdlich von Lissabon. Freue dich auf ein Restaurant mit frischen Zutaten aus der Region und zum Teil sogar aus dem eigenen Garten. Auf Wander- und Radwegen kannst du die wundersch\u00f6ne Natur entdecken und an der frischen Luft mal wieder so richtig Kraft tanken.<\/p>\n<ul>\n<li><strong>7 Tage\u00a0 Flug\/ Hotel\/ Fr\u00fchst\u00fcck ab 725 \u20ac p.P.<\/strong><\/li>\n<li><strong>7 Tage Hotel\/ Fr\u00fchst\u00fcck ab 488 \u20ac p.P.<\/strong><\/li>\n<\/ul>\n\n\n\n<figure class=\"wp-block-gallery has-nested-images columns-default is-cropped wp-block-gallery-2 is-layout-flex wp-block-gallery-is-layout-flex\">\n<figure class=\"wp-block-image size-large\"><a href=\"https:\/\/www.olimar.com\/LIS758\/\"><img loading=\"lazy\" decoding=\"async\" width=\"1024\" height=\"683\" data-id=\"20929\" src=\"https:\/\/blog.olimar.de\/wp-content\/uploads\/2022\/11\/the_nest_by_cooking_and_nature_1-1024x683.jpeg\" alt=\"\" class=\"wp-image-20929\" srcset=\"https:\/\/blog.olimar.de\/wp-content\/uploads\/2022\/11\/the_nest_by_cooking_and_nature_1-1024x683.jpeg 1024w, https:\/\/blog.olimar.de\/wp-content\/uploads\/2022\/11\/the_nest_by_cooking_and_nature_1-300x200.jpeg 300w, https:\/\/blog.olimar.de\/wp-content\/uploads\/2022\/11\/the_nest_by_cooking_and_nature_1-768x512.jpeg 768w, https:\/\/blog.olimar.de\/wp-content\/uploads\/2022\/11\/the_nest_by_cooking_and_nature_1-1536x1024.jpeg 1536w, https:\/\/blog.olimar.de\/wp-content\/uploads\/2022\/11\/the_nest_by_cooking_and_nature_1-840x560.jpeg 840w, https:\/\/blog.olimar.de\/wp-content\/uploads\/2022\/11\/the_nest_by_cooking_and_nature_1-1200x800.jpeg 1200w, https:\/\/blog.olimar.de\/wp-content\/uploads\/2022\/11\/the_nest_by_cooking_and_nature_1.jpeg 1620w\" sizes=\"auto, (max-width: 1024px) 100vw, 1024px\" \/><\/a><figcaption>The Nest by Cooking and Nature<\/figcaption><\/figure>\n\n\n\n<figure class=\"wp-block-image size-large\"><a href=\"https:\/\/www.olimar.com\/LIS758\/\"><img loading=\"lazy\" decoding=\"async\" width=\"1024\" height=\"768\" data-id=\"20930\" src=\"https:\/\/blog.olimar.de\/wp-content\/uploads\/2022\/11\/the_nest_by_cooking_and_nature_2-1024x768.jpeg\" alt=\"\" class=\"wp-image-20930\" srcset=\"https:\/\/blog.olimar.de\/wp-content\/uploads\/2022\/11\/the_nest_by_cooking_and_nature_2-1024x768.jpeg 1024w, https:\/\/blog.olimar.de\/wp-content\/uploads\/2022\/11\/the_nest_by_cooking_and_nature_2-300x225.jpeg 300w, https:\/\/blog.olimar.de\/wp-content\/uploads\/2022\/11\/the_nest_by_cooking_and_nature_2-768x576.jpeg 768w, https:\/\/blog.olimar.de\/wp-content\/uploads\/2022\/11\/the_nest_by_cooking_and_nature_2.jpeg 1440w\" sizes=\"auto, (max-width: 1024px) 100vw, 1024px\" \/><\/a><figcaption>The Nest by Cooking and Nature<\/figcaption><\/figure>\n<\/figure>\n\n\n\n<div style=\"height:25px\" aria-hidden=\"true\" class=\"wp-block-spacer\"><\/div>\n\n\n\n<div class=\"wp-block-buttons is-layout-flex wp-block-buttons-is-layout-flex\">\n<div class=\"wp-block-button\"><a class=\"wp-block-button__link\" href=\"https:\/\/www.olimar.com\/LIS758\/\">THE NEST BY COOKING AND NATURE: Infos &amp; Buchung<\/a><\/div>\n<\/div>\n\n\n\n<h2>3. CASAS NOVAS COUNTRYSIDE HOTEL SPA<\/h2>\n\n\n\n<p>Im hohen Norden Portugals, in der Abgeschiedenheit der Region \u201eTr\u00e1s-os-Montes&#8221;, auf halbem Weg zwischen Chaves und dem vertr\u00e4umten Thermalkurort Vidago, erwartet dich dieses stilvolle Hideaway. Der barocke Adelssitz aus dem Jahre 1749 liegt inmitten eines \u00fcber zwei Hektar gro\u00dfen Anwesen, wurde aufw\u00e4ndig restauriert und um einen elegant-modernen Anbau sowie zahlreiche zeitgem\u00e4\u00dfe Einrichtungen wie einen Swimmingpool und einen Spa-Bereich erg\u00e4nzt.<\/p>\n<ul>\n<li><strong>7 Tage Flug\/ Hotel\/ Fr\u00fchst\u00fcck ab 496 \u20ac p.P.<\/strong><\/li>\n<li><strong>7 Tage Hotel\/ Fr\u00fchst\u00fcck ab 226 \u20ac p.P.<\/strong><\/li>\n<\/ul>\n\n\n\n<figure class=\"wp-block-gallery has-nested-images columns-default is-cropped wp-block-gallery-3 is-layout-flex wp-block-gallery-is-layout-flex\">\n<figure class=\"wp-block-image size-large\"><a href=\"https:\/\/www.olimar.com\/OPO361\/\"><img loading=\"lazy\" decoding=\"async\" width=\"934\" height=\"621\" data-id=\"20931\" src=\"https:\/\/blog.olimar.de\/wp-content\/uploads\/2022\/11\/casas_novas_1.jpeg\" alt=\"\" class=\"wp-image-20931\" srcset=\"https:\/\/blog.olimar.de\/wp-content\/uploads\/2022\/11\/casas_novas_1.jpeg 934w, https:\/\/blog.olimar.de\/wp-content\/uploads\/2022\/11\/casas_novas_1-300x199.jpeg 300w, https:\/\/blog.olimar.de\/wp-content\/uploads\/2022\/11\/casas_novas_1-768x511.jpeg 768w, https:\/\/blog.olimar.de\/wp-content\/uploads\/2022\/11\/casas_novas_1-840x560.jpeg 840w\" sizes=\"auto, (max-width: 934px) 100vw, 934px\" \/><\/a><figcaption>Casas Novas Countryside Hotel Spa<\/figcaption><\/figure>\n\n\n\n<figure class=\"wp-block-image size-large\"><a href=\"https:\/\/www.olimar.com\/OPO361\/\"><img loading=\"lazy\" decoding=\"async\" width=\"992\" height=\"621\" data-id=\"20932\" src=\"https:\/\/blog.olimar.de\/wp-content\/uploads\/2022\/11\/casas_novas_2.jpeg\" alt=\"\" class=\"wp-image-20932\" srcset=\"https:\/\/blog.olimar.de\/wp-content\/uploads\/2022\/11\/casas_novas_2.jpeg 992w, https:\/\/blog.olimar.de\/wp-content\/uploads\/2022\/11\/casas_novas_2-300x188.jpeg 300w, https:\/\/blog.olimar.de\/wp-content\/uploads\/2022\/11\/casas_novas_2-768x481.jpeg 768w\" sizes=\"auto, (max-width: 992px) 100vw, 992px\" \/><\/a><figcaption>Casas Novas Countryside Hotel Spa<\/figcaption><\/figure>\n<\/figure>\n\n\n\n<div style=\"height:25px\" aria-hidden=\"true\" class=\"wp-block-spacer\"><\/div>\n\n\n\n<div class=\"wp-block-buttons is-layout-flex wp-block-buttons-is-layout-flex\">\n<div class=\"wp-block-button\"><a class=\"wp-block-button__link\" href=\"https:\/\/www.olimar.com\/OPO361\/\">CASAS NOVAS COUNTRYSIDE HOTEL SPA: Infos &amp; Buchung<\/a><\/div>\n<\/div>\n\n\n\n<h2>4. PURAL\u00c3 &#8211; WOOL VALLEY HOTEL &amp; SPA<\/h2>\n\n\n\n<p>Inspiriert von der Wollindustrie der Stadt Covilha, finden sich verschiedene Hommagen an diese in vielen Ecken des h\u00fcbschen Boutique-Hotels und dessen Design wieder. Freue dich auf harmonisch eingerichtete Zimmer in Naturt\u00f6nen, ein hauseigenes Restaurant sowie einen Spa-Bereich mit Pool, Sauna, Hammam und Massagen. Entspannung pur garantiert!<\/p>\n<ul>\n<li><strong>7 Tage Flug\/ Hotel\/ Fr\u00fchst\u00fcck ab 485 \u20ac p.P.<\/strong><\/li>\n<li><strong>7 Tage Hotel\/ Fr\u00fchst\u00fcck ab 254 \u20ac p.P.<\/strong><\/li>\n<\/ul>\n\n\n\n<figure class=\"wp-block-gallery has-nested-images columns-default is-cropped wp-block-gallery-4 is-layout-flex wp-block-gallery-is-layout-flex\">\n<figure class=\"wp-block-image size-large\"><a href=\"https:\/\/www.olimar.com\/OPO671\/\"><img loading=\"lazy\" decoding=\"async\" width=\"1024\" height=\"683\" data-id=\"20934\" src=\"https:\/\/blog.olimar.de\/wp-content\/uploads\/2022\/11\/purala_2-1024x683.jpeg\" alt=\"\" class=\"wp-image-20934\" srcset=\"https:\/\/blog.olimar.de\/wp-content\/uploads\/2022\/11\/purala_2-1024x683.jpeg 1024w, https:\/\/blog.olimar.de\/wp-content\/uploads\/2022\/11\/purala_2-300x200.jpeg 300w, https:\/\/blog.olimar.de\/wp-content\/uploads\/2022\/11\/purala_2-768x512.jpeg 768w, https:\/\/blog.olimar.de\/wp-content\/uploads\/2022\/11\/purala_2-1536x1024.jpeg 1536w, https:\/\/blog.olimar.de\/wp-content\/uploads\/2022\/11\/purala_2-840x560.jpeg 840w, https:\/\/blog.olimar.de\/wp-content\/uploads\/2022\/11\/purala_2-1200x800.jpeg 1200w, https:\/\/blog.olimar.de\/wp-content\/uploads\/2022\/11\/purala_2.jpeg 1620w\" sizes=\"auto, (max-width: 1024px) 100vw, 1024px\" \/><\/a><figcaption>Pural\u00e3 &#8211; Wool Valley Hotel &amp; Spa<\/figcaption><\/figure>\n\n\n\n<figure class=\"wp-block-image size-large\"><a href=\"https:\/\/www.olimar.com\/OPO671\/\"><img loading=\"lazy\" decoding=\"async\" width=\"1024\" height=\"409\" data-id=\"20935\" src=\"https:\/\/blog.olimar.de\/wp-content\/uploads\/2022\/11\/purala_1-1024x409.jpeg\" alt=\"\" class=\"wp-image-20935\" srcset=\"https:\/\/blog.olimar.de\/wp-content\/uploads\/2022\/11\/purala_1-1024x409.jpeg 1024w, https:\/\/blog.olimar.de\/wp-content\/uploads\/2022\/11\/purala_1-300x120.jpeg 300w, https:\/\/blog.olimar.de\/wp-content\/uploads\/2022\/11\/purala_1-768x307.jpeg 768w, https:\/\/blog.olimar.de\/wp-content\/uploads\/2022\/11\/purala_1-1536x613.jpeg 1536w, https:\/\/blog.olimar.de\/wp-content\/uploads\/2022\/11\/purala_1-2048x817.jpeg 2048w\" sizes=\"auto, (max-width: 1024px) 100vw, 1024px\" \/><\/a><figcaption>Pural\u00e3 &#8211; Wool Valley Hotel &amp; Spa<\/figcaption><\/figure>\n<\/figure>\n\n\n\n<div style=\"height:25px\" aria-hidden=\"true\" class=\"wp-block-spacer\"><\/div>\n\n\n\n<div class=\"wp-block-buttons is-layout-flex wp-block-buttons-is-layout-flex\">\n<div class=\"wp-block-button\"><a class=\"wp-block-button__link\" href=\"https:\/\/www.olimar.com\/OPO671\/\">PURAL\u00c3 &#8211; WOOL VALLEY HOTEL &amp; SPA: Infos &amp; Buchung<\/a><\/div>\n<\/div>\n\n\n\n<h2>5. HOTEL MELIA CASTELO BRANCO<\/h2>\n<div class=\"lynxIbeDetailOlimar-description-rating\">\n<div class=\"rqnStarRating rqnStarRating--large rqnStarRating--label\">\n<div class=\"rqnStarRating-inner\">\n<p>Unweit der historischen Altstadt von Castelo Branco und mit einem herrlichen Panoramablick \u00fcber den Ort, thront das moderne Komforthotel auf einer Anh\u00f6he und verf\u00fcgt \u00fcber rund 100 gem\u00fctliche Zimmer. Lasse es dir im hoteleigenen Spa bei diversen Massage- und Beauty-Anwendungen gut gehen und entspanne dich im Wellnessbereich mit Sauna, Whirlpool, Schwimmbad und t\u00fcrkischem Bad. Au\u00dferdem mit dabei: ein hauseigenes Restaurant, das regionale Spezialit\u00e4ten serviert sowie eine Cocktailbar.<\/p>\n<ul>\n<li><strong>7 Tage Flug\/ Hotel\/ Fr\u00fchst\u00fcck ab 523 \u20ac p.P.<\/strong><\/li>\n<li><strong>7 Tage Hotel\/ Fr\u00fchst\u00fcck ab 263 \u20ac p.P.<\/strong><\/li>\n<\/ul>\n<\/div>\n<\/div>\n<\/div>\n\n\n\n<figure class=\"wp-block-gallery has-nested-images columns-default is-cropped wp-block-gallery-5 is-layout-flex wp-block-gallery-is-layout-flex\">\n<figure class=\"wp-block-image size-large\"><a href=\"https:\/\/www.olimar.com\/OPO637\/\"><img loading=\"lazy\" decoding=\"async\" width=\"1024\" height=\"683\" data-id=\"20936\" src=\"https:\/\/blog.olimar.de\/wp-content\/uploads\/2022\/11\/melia_1-1024x683.jpeg\" alt=\"\" class=\"wp-image-20936\" srcset=\"https:\/\/blog.olimar.de\/wp-content\/uploads\/2022\/11\/melia_1-1024x683.jpeg 1024w, https:\/\/blog.olimar.de\/wp-content\/uploads\/2022\/11\/melia_1-300x200.jpeg 300w, https:\/\/blog.olimar.de\/wp-content\/uploads\/2022\/11\/melia_1-768x512.jpeg 768w, https:\/\/blog.olimar.de\/wp-content\/uploads\/2022\/11\/melia_1-1536x1024.jpeg 1536w, https:\/\/blog.olimar.de\/wp-content\/uploads\/2022\/11\/melia_1-840x560.jpeg 840w, https:\/\/blog.olimar.de\/wp-content\/uploads\/2022\/11\/melia_1-1200x800.jpeg 1200w, https:\/\/blog.olimar.de\/wp-content\/uploads\/2022\/11\/melia_1.jpeg 1620w\" sizes=\"auto, (max-width: 1024px) 100vw, 1024px\" \/><\/a><figcaption>Hotel Melia Castelo Branco<\/figcaption><\/figure>\n\n\n\n<figure class=\"wp-block-image size-large\"><a href=\"https:\/\/www.olimar.com\/OPO637\/\"><img loading=\"lazy\" decoding=\"async\" width=\"1024\" height=\"683\" data-id=\"20937\" src=\"https:\/\/blog.olimar.de\/wp-content\/uploads\/2022\/11\/melia_2-1024x683.jpeg\" alt=\"\" class=\"wp-image-20937\" srcset=\"https:\/\/blog.olimar.de\/wp-content\/uploads\/2022\/11\/melia_2-1024x683.jpeg 1024w, https:\/\/blog.olimar.de\/wp-content\/uploads\/2022\/11\/melia_2-300x200.jpeg 300w, https:\/\/blog.olimar.de\/wp-content\/uploads\/2022\/11\/melia_2-768x512.jpeg 768w, https:\/\/blog.olimar.de\/wp-content\/uploads\/2022\/11\/melia_2-1536x1024.jpeg 1536w, https:\/\/blog.olimar.de\/wp-content\/uploads\/2022\/11\/melia_2-840x560.jpeg 840w, https:\/\/blog.olimar.de\/wp-content\/uploads\/2022\/11\/melia_2-1200x800.jpeg 1200w, https:\/\/blog.olimar.de\/wp-content\/uploads\/2022\/11\/melia_2.jpeg 1620w\" sizes=\"auto, (max-width: 1024px) 100vw, 1024px\" \/><\/a><figcaption>Hotel Melia Castelo Branco<\/figcaption><\/figure>\n<\/figure>\n\n\n\n<div style=\"height:25px\" aria-hidden=\"true\" class=\"wp-block-spacer\"><\/div>\n\n\n\n<div class=\"wp-block-buttons is-layout-flex wp-block-buttons-is-layout-flex\">\n<div class=\"wp-block-button\"><a class=\"wp-block-button__link\" href=\"https:\/\/www.olimar.com\/OPO637\/\">HOTEL MELIA CASTELO BRANCO: Infos &amp; Buchung<\/a><\/div>\n<\/div>\n\n\n\n<h2>6. MONTE DO ZAMBUJEIRO<\/h2>\n\n\n\n<p>Im Herzen des Naturparks \u201eS\u00fcdwestlicher Alentejo&#8221; erwartet dich dieses aufw\u00e4ndig restaurierte Landgut. Das famili\u00e4r und liebevoll gef\u00fchrte Anwesen liegt himmlisch ruhig in einem rund 70 Hektar gro\u00dfen Areal und bietet einen herrlichen Panoramablick \u00fcber die weiten Ebenen und den Fluss. Eine ideale Unterkunft, um die wildromantische Westk\u00fcste abseits des touristischen Trubels der s\u00fcdlichen Algarve zu entdecken. Freue dich auf f\u00fcnf komfortabel-gem\u00fctliche Ferienwohnungen und vier elegante Suiten, die sich auf mehrere H\u00e4user verteilen. Nicht zu vergessen die wundersch\u00f6ne Gartenanlage mit Swimmingpool.<\/p>\n<ul>\n<li><strong>7 Tage Flug\/ Hotel\/ Fr\u00fchst\u00fcck ab 529 \u20ac p.P.<\/strong><\/li>\n<li><strong>7 Tage Hotel\/ Fr\u00fchst\u00fcck ab 158 \u20ac p.P.<\/strong><\/li>\n<\/ul>\n\n\n\n<figure class=\"wp-block-gallery has-nested-images columns-default is-cropped wp-block-gallery-6 is-layout-flex wp-block-gallery-is-layout-flex\">\n<figure class=\"wp-block-image size-large\"><a href=\"https:\/\/www.olimar.com\/FAOS12\/\"><img loading=\"lazy\" decoding=\"async\" width=\"1024\" height=\"768\" data-id=\"20939\" src=\"https:\/\/blog.olimar.de\/wp-content\/uploads\/2022\/11\/monte_1-1024x768.jpeg\" alt=\"\" class=\"wp-image-20939\" srcset=\"https:\/\/blog.olimar.de\/wp-content\/uploads\/2022\/11\/monte_1-1024x768.jpeg 1024w, https:\/\/blog.olimar.de\/wp-content\/uploads\/2022\/11\/monte_1-300x225.jpeg 300w, https:\/\/blog.olimar.de\/wp-content\/uploads\/2022\/11\/monte_1-768x576.jpeg 768w, https:\/\/blog.olimar.de\/wp-content\/uploads\/2022\/11\/monte_1.jpeg 1440w\" sizes=\"auto, (max-width: 1024px) 100vw, 1024px\" \/><\/a><figcaption>Monte de Zambujeiro<\/figcaption><\/figure>\n\n\n\n<figure class=\"wp-block-image size-large\"><a href=\"https:\/\/www.olimar.com\/FAOS12\/\"><img loading=\"lazy\" decoding=\"async\" width=\"1024\" height=\"768\" data-id=\"20940\" src=\"https:\/\/blog.olimar.de\/wp-content\/uploads\/2022\/11\/monte_2-1024x768.jpeg\" alt=\"\" class=\"wp-image-20940\" srcset=\"https:\/\/blog.olimar.de\/wp-content\/uploads\/2022\/11\/monte_2-1024x768.jpeg 1024w, https:\/\/blog.olimar.de\/wp-content\/uploads\/2022\/11\/monte_2-300x225.jpeg 300w, https:\/\/blog.olimar.de\/wp-content\/uploads\/2022\/11\/monte_2-768x576.jpeg 768w, https:\/\/blog.olimar.de\/wp-content\/uploads\/2022\/11\/monte_2.jpeg 1440w\" sizes=\"auto, (max-width: 1024px) 100vw, 1024px\" \/><\/a><figcaption>Monte de Zambujeiro<\/figcaption><\/figure>\n<\/figure>\n\n\n\n<div style=\"height:25px\" aria-hidden=\"true\" class=\"wp-block-spacer\"><\/div>\n\n\n\n<div class=\"wp-block-buttons is-layout-flex wp-block-buttons-is-layout-flex\">\n<div class=\"wp-block-button\"><a class=\"wp-block-button__link\" href=\"https:\/\/www.olimar.com\/FAOS12\/\">MONTE DO ZAMBUJEIRO: Infos &amp; Buchung<\/a><\/div>\n<\/div>\n\n\n\n<h2>7. HOTEL CASINO DE CHAVES<\/h2>\n<div class=\"lynxIbeDetailOlimar-description-rating\">\n<div class=\"rqnStarRating rqnStarRating--large rqnStarRating--label\">\n<div class=\"rqnStarRating-inner\">\n<p>Auf einer Anh\u00f6he au\u00dferhalb des Zentrums von Chaves gelegen und mit herrlicher Ruhe und wundersch\u00f6ner Aussicht, empf\u00e4ngt dich dieses Hotel keine acht Kilometer von der portugiesisch-spanischen Grenze entfernt. Es ist dein perfekter Ausgangspunkt f\u00fcr das Erkunden der heilsamen Thermalquellen, aber auch f\u00fcr eine Rundreise durch Nordportugal generell. Freue dich auf eine gro\u00dfz\u00fcgige Poolanlage, ein Gourmetrestaurant sowie ein Casino, das dem Hotel seinen Namen gegeben hat. Ein Wellness- sowie Sport-Bereich runden das Urlaubsangebot perfekt ab.<\/p>\n<ul>\n<li><strong>7 Tage Flug\/ Hotel\/ Fr\u00fchst\u00fcck ab 536 \u20ac p.P.<\/strong><\/li>\n<li><strong>7 Tage Hotel\/ Fr\u00fchst\u00fcck ab 301 \u20ac p.P.<\/strong><\/li>\n<\/ul>\n<\/div>\n<\/div>\n<\/div>\n\n\n\n<figure class=\"wp-block-gallery has-nested-images columns-default is-cropped wp-block-gallery-7 is-layout-flex wp-block-gallery-is-layout-flex\">\n<figure class=\"wp-block-image size-large\"><a href=\"https:\/\/www.olimar.com\/OPO379\/\"><img loading=\"lazy\" decoding=\"async\" width=\"1024\" height=\"683\" data-id=\"20941\" src=\"https:\/\/blog.olimar.de\/wp-content\/uploads\/2022\/11\/casino_1-1024x683.jpeg\" alt=\"\" class=\"wp-image-20941\" srcset=\"https:\/\/blog.olimar.de\/wp-content\/uploads\/2022\/11\/casino_1-1024x683.jpeg 1024w, https:\/\/blog.olimar.de\/wp-content\/uploads\/2022\/11\/casino_1-300x200.jpeg 300w, https:\/\/blog.olimar.de\/wp-content\/uploads\/2022\/11\/casino_1-768x512.jpeg 768w, https:\/\/blog.olimar.de\/wp-content\/uploads\/2022\/11\/casino_1-1536x1024.jpeg 1536w, https:\/\/blog.olimar.de\/wp-content\/uploads\/2022\/11\/casino_1-840x560.jpeg 840w, https:\/\/blog.olimar.de\/wp-content\/uploads\/2022\/11\/casino_1-1200x800.jpeg 1200w, https:\/\/blog.olimar.de\/wp-content\/uploads\/2022\/11\/casino_1.jpeg 1620w\" sizes=\"auto, (max-width: 1024px) 100vw, 1024px\" \/><\/a><figcaption>Hotel Casino de Chaves<\/figcaption><\/figure>\n\n\n\n<figure class=\"wp-block-image size-large\"><a href=\"https:\/\/www.olimar.com\/OPO379\/\"><img loading=\"lazy\" decoding=\"async\" width=\"1024\" height=\"683\" data-id=\"20942\" src=\"https:\/\/blog.olimar.de\/wp-content\/uploads\/2022\/11\/casino_2-1024x683.jpeg\" alt=\"\" class=\"wp-image-20942\" srcset=\"https:\/\/blog.olimar.de\/wp-content\/uploads\/2022\/11\/casino_2-1024x683.jpeg 1024w, https:\/\/blog.olimar.de\/wp-content\/uploads\/2022\/11\/casino_2-300x200.jpeg 300w, https:\/\/blog.olimar.de\/wp-content\/uploads\/2022\/11\/casino_2-768x512.jpeg 768w, https:\/\/blog.olimar.de\/wp-content\/uploads\/2022\/11\/casino_2-1536x1024.jpeg 1536w, https:\/\/blog.olimar.de\/wp-content\/uploads\/2022\/11\/casino_2-840x560.jpeg 840w, https:\/\/blog.olimar.de\/wp-content\/uploads\/2022\/11\/casino_2-1200x800.jpeg 1200w, https:\/\/blog.olimar.de\/wp-content\/uploads\/2022\/11\/casino_2.jpeg 1620w\" sizes=\"auto, (max-width: 1024px) 100vw, 1024px\" \/><\/a><figcaption>Hotel Casino de Chaves<\/figcaption><\/figure>\n<\/figure>\n\n\n\n<div style=\"height:25px\" aria-hidden=\"true\" class=\"wp-block-spacer\"><\/div>\n\n\n\n<div class=\"wp-block-buttons is-layout-flex wp-block-buttons-is-layout-flex\">\n<div class=\"wp-block-button\"><a class=\"wp-block-button__link\" href=\"https:\/\/www.olimar.com\/OPO379\/\">HOTEL CASINO DE CHAVES: Infos &amp; Buchung<\/a><\/div>\n<\/div>\n\n\n\n<div style=\"height:50px\" aria-hidden=\"true\" class=\"wp-block-spacer\"><\/div>\n\n\n\n<p>Lust auf noch mehr Urlaubsideen und Hoteltipps?<\/p>\n\n\n\n<div class=\"wp-block-buttons is-layout-flex wp-block-buttons-is-layout-flex\">\n<div class=\"wp-block-button\"><a class=\"wp-block-button__link\" href=\"https:\/\/www.olimar.de\/hotellistung\/\">Jetzt Urlaubsangebote finden und buchen<\/a><\/div>\n<\/div>\n","protected":false},"excerpt":{"rendered":"<p>Lust auf ein bisschen Sonne und milde Temperaturen? Dann plane jetzt deinen Portugal-Urlaub auf dem Land in einer dieser 7 wundersch\u00f6nen Unterk\u00fcnfte mit Erholungsgarantie!<\/p>\n","protected":false},"author":87,"featured_media":20950,"comment_status":"open","ping_status":"open","sticky":false,"template":"","format":"standard","meta":{"_crdt_document":"","_lmt_disableupdate":"","_lmt_disable":"","footnotes":""},"categories":[32,165],"tags":[22,201,302,34,20,266],"class_list":["post-20924","post","type-post","status-publish","format-standard","has-post-thumbnail","hentry","category-hoteltipps","category-reisethemen","tag-alentejo","tag-centro","tag-norte","tag-portugal","tag-slider","tag-wellness"],"yoast_head":"<!-- This site is optimized with the Yoast SEO plugin v26.9 - https:\/\/yoast.com\/product\/yoast-seo-wordpress\/ -->\n<title>Urlaub auf dem Land in Portugal: 7 wundersch\u00f6ne Unterk\u00fcnfte<\/title>\n<meta name=\"description\" content=\"Raus aus dem Nieselwetter, rein in Portugals sch\u00f6nste Unterk\u00fcnfte auf dem Land. Hier kommen 7 Hotels mit Wohlf\u00fchlfaktor und Erholung pur!\" \/>\n<meta name=\"robots\" content=\"index, follow, max-snippet:-1, max-image-preview:large, max-video-preview:-1\" \/>\n<link rel=\"canonical\" href=\"https:\/\/blog.olimar.de\/urlaub-land-portugal-alentejo-norte-centro\/\" \/>\n<meta property=\"og:locale\" content=\"de_DE\" \/>\n<meta property=\"og:type\" content=\"article\" \/>\n<meta property=\"og:title\" content=\"Urlaub auf dem Land in Portugal: 7 wundersch\u00f6ne Unterk\u00fcnfte\" \/>\n<meta property=\"og:description\" content=\"Raus aus dem Nieselwetter, rein in Portugals sch\u00f6nste Unterk\u00fcnfte auf dem Land. Hier kommen 7 Hotels mit Wohlf\u00fchlfaktor und Erholung pur!\" \/>\n<meta property=\"og:url\" content=\"https:\/\/blog.olimar.de\/urlaub-land-portugal-alentejo-norte-centro\/\" \/>\n<meta property=\"article:publisher\" content=\"https:\/\/www.facebook.com\/OlimarReisen\" \/>\n<meta property=\"article:published_time\" content=\"2022-11-17T12:03:10+00:00\" \/>\n<meta property=\"article:modified_time\" content=\"2022-11-17T12:09:49+00:00\" \/>\n<meta property=\"og:image\" content=\"https:\/\/i0.wp.com\/blog.olimar.de\/wp-content\/uploads\/2022\/11\/urlaub_portugal_alentejo_norte_centro.jpeg?fit=1440%2C1080&ssl=1\" \/>\n\t<meta property=\"og:image:width\" content=\"1440\" \/>\n\t<meta property=\"og:image:height\" content=\"1080\" \/>\n\t<meta property=\"og:image:type\" content=\"image\/jpeg\" \/>\n<meta name=\"author\" content=\"Julia Windh\u00f6vel\" \/>\n<meta name=\"twitter:label1\" content=\"Verfasst von\" \/>\n\t<meta name=\"twitter:data1\" content=\"Julia Windh\u00f6vel\" \/>\n\t<meta name=\"twitter:label2\" content=\"Gesch\u00e4tzte Lesezeit\" \/>\n\t<meta name=\"twitter:data2\" content=\"8\u00a0Minuten\" \/>\n<script type=\"application\/ld+json\" class=\"yoast-schema-graph\">{\"@context\":\"https:\/\/schema.org\",\"@graph\":[{\"@type\":\"WebPage\",\"@id\":\"https:\/\/blog.olimar.de\/urlaub-land-portugal-alentejo-norte-centro\/\",\"url\":\"https:\/\/blog.olimar.de\/urlaub-land-portugal-alentejo-norte-centro\/\",\"name\":\"Urlaub auf dem Land in Portugal: 7 wundersch\u00f6ne Unterk\u00fcnfte\",\"isPartOf\":{\"@id\":\"https:\/\/blog.olimar.de\/#website\"},\"primaryImageOfPage\":{\"@id\":\"https:\/\/blog.olimar.de\/urlaub-land-portugal-alentejo-norte-centro\/#primaryimage\"},\"image\":{\"@id\":\"https:\/\/blog.olimar.de\/urlaub-land-portugal-alentejo-norte-centro\/#primaryimage\"},\"thumbnailUrl\":\"https:\/\/blog.olimar.de\/wp-content\/uploads\/2022\/11\/urlaub_portugal_alentejo_norte_centro.jpeg\",\"datePublished\":\"2022-11-17T12:03:10+00:00\",\"dateModified\":\"2022-11-17T12:09:49+00:00\",\"description\":\"Raus aus dem Nieselwetter, rein in Portugals sch\u00f6nste Unterk\u00fcnfte auf dem Land. Hier kommen 7 Hotels mit Wohlf\u00fchlfaktor und Erholung pur!\",\"breadcrumb\":{\"@id\":\"https:\/\/blog.olimar.de\/urlaub-land-portugal-alentejo-norte-centro\/#breadcrumb\"},\"inLanguage\":\"de\",\"potentialAction\":[{\"@type\":\"ReadAction\",\"target\":[\"https:\/\/blog.olimar.de\/urlaub-land-portugal-alentejo-norte-centro\/\"]}]},{\"@type\":\"ImageObject\",\"inLanguage\":\"de\",\"@id\":\"https:\/\/blog.olimar.de\/urlaub-land-portugal-alentejo-norte-centro\/#primaryimage\",\"url\":\"https:\/\/blog.olimar.de\/wp-content\/uploads\/2022\/11\/urlaub_portugal_alentejo_norte_centro.jpeg\",\"contentUrl\":\"https:\/\/blog.olimar.de\/wp-content\/uploads\/2022\/11\/urlaub_portugal_alentejo_norte_centro.jpeg\",\"width\":1440,\"height\":1080,\"caption\":\"Urlaub Portugal Alentejo Norte Centro\"},{\"@type\":\"BreadcrumbList\",\"@id\":\"https:\/\/blog.olimar.de\/urlaub-land-portugal-alentejo-norte-centro\/#breadcrumb\",\"itemListElement\":[{\"@type\":\"ListItem\",\"position\":1,\"name\":\"Home\",\"item\":\"https:\/\/blog.olimar.de\/\"},{\"@type\":\"ListItem\",\"position\":2,\"name\":\"Alentejo\",\"item\":\"https:\/\/blog.olimar.de\/tag\/alentejo\/\"},{\"@type\":\"ListItem\",\"position\":3,\"name\":\"Urlaub auf dem Land in Portugal: 7 wundersch\u00f6ne Unterk\u00fcnfte f\u00fcr Erholung pur\"}]},{\"@type\":\"WebSite\",\"@id\":\"https:\/\/blog.olimar.de\/#website\",\"url\":\"https:\/\/blog.olimar.de\/\",\"name\":\"OLIMAR.com\",\"description\":\"\",\"publisher\":{\"@id\":\"https:\/\/blog.olimar.de\/#organization\"},\"potentialAction\":[{\"@type\":\"SearchAction\",\"target\":{\"@type\":\"EntryPoint\",\"urlTemplate\":\"https:\/\/blog.olimar.de\/?s={search_term_string}\"},\"query-input\":{\"@type\":\"PropertyValueSpecification\",\"valueRequired\":true,\"valueName\":\"search_term_string\"}}],\"inLanguage\":\"de\"},{\"@type\":\"Organization\",\"@id\":\"https:\/\/blog.olimar.de\/#organization\",\"name\":\"OLIMAR Reisen\",\"url\":\"https:\/\/blog.olimar.de\/\",\"logo\":{\"@type\":\"ImageObject\",\"inLanguage\":\"de\",\"@id\":\"https:\/\/blog.olimar.de\/#\/schema\/logo\/image\/\",\"url\":\"https:\/\/blog.olimar.de\/wp-content\/uploads\/2021\/01\/OLIMAR_Logo_COLOR.png\",\"contentUrl\":\"https:\/\/blog.olimar.de\/wp-content\/uploads\/2021\/01\/OLIMAR_Logo_COLOR.png\",\"width\":2000,\"height\":986,\"caption\":\"OLIMAR Reisen\"},\"image\":{\"@id\":\"https:\/\/blog.olimar.de\/#\/schema\/logo\/image\/\"},\"sameAs\":[\"https:\/\/www.facebook.com\/OlimarReisen\",\"https:\/\/x.com\/olimarrreisen\",\"https:\/\/www.instagram.com\/olimarreisen\",\"https:\/\/www.youtube.com\/user\/olimarreisen\"]}]}<\/script>\n<!-- \/ Yoast SEO plugin. -->","yoast_head_json":{"title":"Urlaub auf dem Land in Portugal: 7 wundersch\u00f6ne Unterk\u00fcnfte","description":"Raus aus dem Nieselwetter, rein in Portugals sch\u00f6nste Unterk\u00fcnfte auf dem Land. Hier kommen 7 Hotels mit Wohlf\u00fchlfaktor und Erholung pur!","robots":{"index":"index","follow":"follow","max-snippet":"max-snippet:-1","max-image-preview":"max-image-preview:large","max-video-preview":"max-video-preview:-1"},"canonical":"https:\/\/blog.olimar.de\/urlaub-land-portugal-alentejo-norte-centro\/","og_locale":"de_DE","og_type":"article","og_title":"Urlaub auf dem Land in Portugal: 7 wundersch\u00f6ne Unterk\u00fcnfte","og_description":"Raus aus dem Nieselwetter, rein in Portugals sch\u00f6nste Unterk\u00fcnfte auf dem Land. Hier kommen 7 Hotels mit Wohlf\u00fchlfaktor und Erholung pur!","og_url":"https:\/\/blog.olimar.de\/urlaub-land-portugal-alentejo-norte-centro\/","article_publisher":"https:\/\/www.facebook.com\/OlimarReisen","article_published_time":"2022-11-17T12:03:10+00:00","article_modified_time":"2022-11-17T12:09:49+00:00","og_image":[{"width":1440,"height":1080,"url":"https:\/\/i0.wp.com\/blog.olimar.de\/wp-content\/uploads\/2022\/11\/urlaub_portugal_alentejo_norte_centro.jpeg?fit=1440%2C1080&ssl=1","type":"image\/jpeg"}],"author":"Julia Windh\u00f6vel","twitter_misc":{"Verfasst von":"Julia Windh\u00f6vel","Gesch\u00e4tzte Lesezeit":"8\u00a0Minuten"},"schema":{"@context":"https:\/\/schema.org","@graph":[{"@type":"WebPage","@id":"https:\/\/blog.olimar.de\/urlaub-land-portugal-alentejo-norte-centro\/","url":"https:\/\/blog.olimar.de\/urlaub-land-portugal-alentejo-norte-centro\/","name":"Urlaub auf dem Land in Portugal: 7 wundersch\u00f6ne Unterk\u00fcnfte","isPartOf":{"@id":"https:\/\/blog.olimar.de\/#website"},"primaryImageOfPage":{"@id":"https:\/\/blog.olimar.de\/urlaub-land-portugal-alentejo-norte-centro\/#primaryimage"},"image":{"@id":"https:\/\/blog.olimar.de\/urlaub-land-portugal-alentejo-norte-centro\/#primaryimage"},"thumbnailUrl":"https:\/\/blog.olimar.de\/wp-content\/uploads\/2022\/11\/urlaub_portugal_alentejo_norte_centro.jpeg","datePublished":"2022-11-17T12:03:10+00:00","dateModified":"2022-11-17T12:09:49+00:00","description":"Raus aus dem Nieselwetter, rein in Portugals sch\u00f6nste Unterk\u00fcnfte auf dem Land. Hier kommen 7 Hotels mit Wohlf\u00fchlfaktor und Erholung pur!","breadcrumb":{"@id":"https:\/\/blog.olimar.de\/urlaub-land-portugal-alentejo-norte-centro\/#breadcrumb"},"inLanguage":"de","potentialAction":[{"@type":"ReadAction","target":["https:\/\/blog.olimar.de\/urlaub-land-portugal-alentejo-norte-centro\/"]}]},{"@type":"ImageObject","inLanguage":"de","@id":"https:\/\/blog.olimar.de\/urlaub-land-portugal-alentejo-norte-centro\/#primaryimage","url":"https:\/\/blog.olimar.de\/wp-content\/uploads\/2022\/11\/urlaub_portugal_alentejo_norte_centro.jpeg","contentUrl":"https:\/\/blog.olimar.de\/wp-content\/uploads\/2022\/11\/urlaub_portugal_alentejo_norte_centro.jpeg","width":1440,"height":1080,"caption":"Urlaub Portugal Alentejo Norte Centro"},{"@type":"BreadcrumbList","@id":"https:\/\/blog.olimar.de\/urlaub-land-portugal-alentejo-norte-centro\/#breadcrumb","itemListElement":[{"@type":"ListItem","position":1,"name":"Home","item":"https:\/\/blog.olimar.de\/"},{"@type":"ListItem","position":2,"name":"Alentejo","item":"https:\/\/blog.olimar.de\/tag\/alentejo\/"},{"@type":"ListItem","position":3,"name":"Urlaub auf dem Land in Portugal: 7 wundersch\u00f6ne Unterk\u00fcnfte f\u00fcr Erholung pur"}]},{"@type":"WebSite","@id":"https:\/\/blog.olimar.de\/#website","url":"https:\/\/blog.olimar.de\/","name":"OLIMAR.com","description":"","publisher":{"@id":"https:\/\/blog.olimar.de\/#organization"},"potentialAction":[{"@type":"SearchAction","target":{"@type":"EntryPoint","urlTemplate":"https:\/\/blog.olimar.de\/?s={search_term_string}"},"query-input":{"@type":"PropertyValueSpecification","valueRequired":true,"valueName":"search_term_string"}}],"inLanguage":"de"},{"@type":"Organization","@id":"https:\/\/blog.olimar.de\/#organization","name":"OLIMAR Reisen","url":"https:\/\/blog.olimar.de\/","logo":{"@type":"ImageObject","inLanguage":"de","@id":"https:\/\/blog.olimar.de\/#\/schema\/logo\/image\/","url":"https:\/\/blog.olimar.de\/wp-content\/uploads\/2021\/01\/OLIMAR_Logo_COLOR.png","contentUrl":"https:\/\/blog.olimar.de\/wp-content\/uploads\/2021\/01\/OLIMAR_Logo_COLOR.png","width":2000,"height":986,"caption":"OLIMAR Reisen"},"image":{"@id":"https:\/\/blog.olimar.de\/#\/schema\/logo\/image\/"},"sameAs":["https:\/\/www.facebook.com\/OlimarReisen","https:\/\/x.com\/olimarrreisen","https:\/\/www.instagram.com\/olimarreisen","https:\/\/www.youtube.com\/user\/olimarreisen"]}]}},"modified_by":"Julia Windh\u00f6vel","jetpack_featured_media_url":"https:\/\/blog.olimar.de\/wp-content\/uploads\/2022\/11\/urlaub_portugal_alentejo_norte_centro.jpeg","_links":{"self":[{"href":"https:\/\/blog.olimar.de\/wp-json\/wp\/v2\/posts\/20924","targetHints":{"allow":["GET"]}}],"collection":[{"href":"https:\/\/blog.olimar.de\/wp-json\/wp\/v2\/posts"}],"about":[{"href":"https:\/\/blog.olimar.de\/wp-json\/wp\/v2\/types\/post"}],"author":[{"embeddable":true,"href":"https:\/\/blog.olimar.de\/wp-json\/wp\/v2\/users\/87"}],"replies":[{"embeddable":true,"href":"https:\/\/blog.olimar.de\/wp-json\/wp\/v2\/comments?post=20924"}],"version-history":[{"count":21,"href":"https:\/\/blog.olimar.de\/wp-json\/wp\/v2\/posts\/20924\/revisions"}],"predecessor-version":[{"id":21089,"href":"https:\/\/blog.olimar.de\/wp-json\/wp\/v2\/posts\/20924\/revisions\/21089"}],"wp:featuredmedia":[{"embeddable":true,"href":"https:\/\/blog.olimar.de\/wp-json\/wp\/v2\/media\/20950"}],"wp:attachment":[{"href":"https:\/\/blog.olimar.de\/wp-json\/wp\/v2\/media?parent=20924"}],"wp:term":[{"taxonomy":"category","embeddable":true,"href":"https:\/\/blog.olimar.de\/wp-json\/wp\/v2\/categories?post=20924"},{"taxonomy":"post_tag","embeddable":true,"href":"https:\/\/blog.olimar.de\/wp-json\/wp\/v2\/tags?post=20924"}],"curies":[{"name":"wp","href":"https:\/\/api.w.org\/{rel}","templated":true}]}}