{"id":25036,"date":"2023-04-19T13:37:45","date_gmt":"2023-04-19T12:37:45","guid":{"rendered":"https:\/\/blog.olimar.de\/?p=25036"},"modified":"2023-04-19T13:37:46","modified_gmt":"2023-04-19T12:37:46","slug":"aktivurlaub-alentejo","status":"publish","type":"post","link":"https:\/\/blog.olimar.de\/aktivurlaub-alentejo\/","title":{"rendered":"Aktivurlaub im Alentejo: Die sch\u00f6nsten Touren, Ausfl\u00fcge &#038; Hotels in Portugals Traumregion"},"content":{"rendered":"\n<p><strong>Der Fr\u00fchling und die ersten warmen Tage des Sommers sind die beste Zeit f\u00fcr einen Aktivurlaub im Alentejo mit abwechslungsreichen Wanderungen, ausgedehnten Bike-Touren und genussvollen Schlemmer-Routen. Hier kommen unsere Programm-Highlights und sch\u00f6nsten Hotels in der Region im \u00dcberblick.<\/strong><\/p>\n\n\n\n<div class=\"wp-block-buttons is-layout-flex wp-block-buttons-is-layout-flex\">\n<div class=\"wp-block-button\"><a class=\"wp-block-button__link wp-element-button\" href=\"https:\/\/www.olimar.de\/portugal\/alentejo\/\" target=\"_blank\" rel=\"noreferrer noopener\">Alentejo Reiseangebote und Hoteltipps entdecken<\/a><\/div>\n<\/div>\n\n\n\n<div style=\"height:24px\" aria-hidden=\"true\" class=\"wp-block-spacer\"><\/div>\n\n\n\n<p>\u201eAlentejo&#8221; \u2013 das bedeutet frei \u00fcbersetzt etwa \u201ejenseits des Tejo&#8221; und beschreibt eine wundersch\u00f6ne Region im S\u00fcden Portugals mit schroffer K\u00fcstenlandschaft, gr\u00fcnen Weinbergen, endlosen Weiten und pittoresken D\u00f6rfern. Durch die N\u00e4he zu Lissabon im Westen und der Algarve im S\u00fcden ist der Alentejo wunderbar zu erreichen und gerade im Fr\u00fchling, Fr\u00fchsommer und Herbst eine perfekte Destination f\u00fcr Aktivurlauber. Wir haben die sch\u00f6nsten Touren f\u00fcr dich gefunden, die alle eines gemeinsam haben: es wird nicht langweilig! Unser Tipp: Wer im Anschluss noch etwas entspannen m\u00f6chte, kann in einem unserer Hotels im Alentejo die Seele baumeln lassen, bevor es wieder zur\u00fcck nach Hause geht.<\/p>\n\n\n\n<h2>Alentejo Hideaways \u2013 endlich Ruhe!<\/h2>\n\n\n\n<p>Der Alentejo bietet per se eine Vielzahl an Orten und Pl\u00e4tzen, um in Ruhe abschalten zu k\u00f6nnen. Es gibt aber auch Flecken, die das Erlebnis von Weite und Stille geradezu perfektionieren \u2013 vor allem im abgeschiedenen Hinterland. Drei Stationen mit jeweils zwei \u00dcbernachtungen in einem romantischen Landgut bzw. Herrenhaus haben wir f\u00fcr dich zu einer individuellen Mietwagenreise ausgearbeitet.<\/p>\n<p>In jeder Unterkunft erwartet dich ein ureigenes, komfortables Ambiente und vor allem die gelebte Gastfreundschaft der Eigent\u00fcmer, die deinen Urlaub mit Kostproben aus K\u00fcche und Keller sowie gef\u00fchrten Touren und Ausfl\u00fcgen bereichern werden.<\/p>\n\n\n\n<figure class=\"wp-block-gallery has-nested-images columns-default is-cropped wp-block-gallery-1 is-layout-flex wp-block-gallery-is-layout-flex\">\n<figure class=\"wp-block-image size-large\"><img loading=\"lazy\" decoding=\"async\" width=\"1024\" height=\"714\" data-id=\"25073\" src=\"https:\/\/blog.olimar.de\/wp-content\/uploads\/2023\/04\/PT-Alentejo-Mertola2020-c-Turismo_do_Alentejo_ERT-1024x714.jpg\" alt=\"Blick auf die Stadt Mertola\" class=\"wp-image-25073\" srcset=\"https:\/\/blog.olimar.de\/wp-content\/uploads\/2023\/04\/PT-Alentejo-Mertola2020-c-Turismo_do_Alentejo_ERT-1024x714.jpg 1024w, https:\/\/blog.olimar.de\/wp-content\/uploads\/2023\/04\/PT-Alentejo-Mertola2020-c-Turismo_do_Alentejo_ERT-300x209.jpg 300w, https:\/\/blog.olimar.de\/wp-content\/uploads\/2023\/04\/PT-Alentejo-Mertola2020-c-Turismo_do_Alentejo_ERT-768x535.jpg 768w, https:\/\/blog.olimar.de\/wp-content\/uploads\/2023\/04\/PT-Alentejo-Mertola2020-c-Turismo_do_Alentejo_ERT-1536x1071.jpg 1536w, https:\/\/blog.olimar.de\/wp-content\/uploads\/2023\/04\/PT-Alentejo-Mertola2020-c-Turismo_do_Alentejo_ERT.jpg 1549w\" sizes=\"auto, (max-width: 1024px) 100vw, 1024px\" \/><\/figure>\n\n\n\n<figure class=\"wp-block-image size-large\"><img loading=\"lazy\" decoding=\"async\" width=\"1024\" height=\"629\" data-id=\"25072\" src=\"https:\/\/blog.olimar.de\/wp-content\/uploads\/2023\/04\/PT-Alentejo-TypicalMontadoLandscape-c-ERT-Alentejo-1024x629.jpg\" alt=\"Alentejo Sonnenuntergang\" class=\"wp-image-25072\" srcset=\"https:\/\/blog.olimar.de\/wp-content\/uploads\/2023\/04\/PT-Alentejo-TypicalMontadoLandscape-c-ERT-Alentejo-1024x629.jpg 1024w, https:\/\/blog.olimar.de\/wp-content\/uploads\/2023\/04\/PT-Alentejo-TypicalMontadoLandscape-c-ERT-Alentejo-300x184.jpg 300w, https:\/\/blog.olimar.de\/wp-content\/uploads\/2023\/04\/PT-Alentejo-TypicalMontadoLandscape-c-ERT-Alentejo-768x472.jpg 768w, https:\/\/blog.olimar.de\/wp-content\/uploads\/2023\/04\/PT-Alentejo-TypicalMontadoLandscape-c-ERT-Alentejo-1536x943.jpg 1536w, https:\/\/blog.olimar.de\/wp-content\/uploads\/2023\/04\/PT-Alentejo-TypicalMontadoLandscape-c-ERT-Alentejo.jpg 1759w\" sizes=\"auto, (max-width: 1024px) 100vw, 1024px\" \/><\/figure>\n<\/figure>\n\n\n\n<div class=\"wp-block-buttons is-layout-flex wp-block-buttons-is-layout-flex\">\n<div class=\"wp-block-button\"><a class=\"wp-block-button__link wp-element-button\" href=\"https:\/\/www.olimar.de\/faor02\/\" target=\"_blank\" rel=\"noreferrer noopener\">Individuelle Romantiktour \u201eAlentejo Hideaways&#8221;: mehr Infos &amp; Buchung<\/a><\/div>\n<\/div>\n\n\n\n<div style=\"height:24px\" aria-hidden=\"true\" class=\"wp-block-spacer\"><\/div>\n\n\n\n<h2>Panorama-Biken auf der Rota Vicentina \u2013 der Klassiker mal anders<\/h2>\n\n\n\n<p>Der bekannte Weitwanderweg im S\u00fcdwesten Portugals ist nicht umsonst eine der beliebtesten Wanderrouten der Region und umfasst insgesamt rund 400 Wanderkilometer in der Region des \u201eNaturparks do Sudoeste Alentejano e Costa Vicentina\u201d. Was das jetzt mit Biken zu tun haben soll? Viel! Denn auf einer 260 Kilometer langen Radtour hat man die M\u00f6glichkeit, eine der sch\u00f6nsten und unber\u00fchrtesten K\u00fcsten Europas auch auf zwei R\u00e4dern zu erkunden.<\/p>\n<p>Die Reise mit dem Mountainbike verl\u00e4uft zu 82 Prozent auf Asphalt und zu 18 Prozent auf Lehm-, Ger\u00f6ll- und Gesteinsb\u00f6den und startet in der herrlichen K\u00fcstenlandschaft der Serra da Arr\u00e1bida. Die Tour endet am ber\u00fchmten Cabo de S\u00e3o Vicente mit unvergesslichen Eindr\u00fccken und bleibenden Erinnerungen im Gep\u00e4ck. Der Clou: Mit einer Roadbook-App ausgestattet, kannst du die Route individuell in deinem ganz pers\u00f6nlichen Tempo absolvieren, w\u00e4hrend dein Gep\u00e4ck ganz entspannt zu deiner n\u00e4chsten, bereits f\u00fcr dich reservierten Unterkunft transportiert wird.<\/p>\n\n\n\n<div class=\"wp-block-buttons is-layout-flex wp-block-buttons-is-layout-flex\">\n<div class=\"wp-block-button\"><a class=\"wp-block-button__link wp-element-button\" href=\"https:\/\/www.olimar.de\/lisx50\/\" target=\"_blank\" rel=\"noreferrer noopener\">Individuelle Radreise \u201ePanoramabiken auf der Rota Vicentina&#8221; : mehr Infos &amp; Buchung<\/a><\/div>\n<\/div>\n\n\n\n<div style=\"height:24px\" aria-hidden=\"true\" class=\"wp-block-spacer\"><\/div>\n\n\n\n<figure class=\"wp-block-gallery has-nested-images columns-default is-cropped wp-block-gallery-2 is-layout-flex wp-block-gallery-is-layout-flex\">\n<figure class=\"wp-block-image size-large\"><img loading=\"lazy\" decoding=\"async\" width=\"1024\" height=\"768\" data-id=\"7497\" src=\"https:\/\/blog.olimar.de\/wp-content\/uploads\/2016\/10\/Wegweiser-Rota-Vicentina-Fischerpfad-1024x768.jpg\" alt=\"Wegweiser Rota Vicentina Fischerpfad\" class=\"wp-image-7497\" srcset=\"https:\/\/blog.olimar.de\/wp-content\/uploads\/2016\/10\/Wegweiser-Rota-Vicentina-Fischerpfad-1024x768.jpg 1024w, https:\/\/blog.olimar.de\/wp-content\/uploads\/2016\/10\/Wegweiser-Rota-Vicentina-Fischerpfad-300x225.jpg 300w, https:\/\/blog.olimar.de\/wp-content\/uploads\/2016\/10\/Wegweiser-Rota-Vicentina-Fischerpfad-768x576.jpg 768w\" sizes=\"auto, (max-width: 1024px) 100vw, 1024px\" \/><\/figure>\n\n\n\n<figure class=\"wp-block-image size-large\"><img loading=\"lazy\" decoding=\"async\" width=\"1024\" height=\"683\" data-id=\"15355\" src=\"https:\/\/blog.olimar.de\/wp-content\/uploads\/2020\/12\/\u00a9-RotaVicentina\u00ae_MTB_13-1024x683.jpg\" alt=\"Portugal Rota Vi\u00e7entina\" class=\"wp-image-15355\" srcset=\"https:\/\/blog.olimar.de\/wp-content\/uploads\/2020\/12\/\u00a9-RotaVicentina\u00ae_MTB_13-1024x683.jpg 1024w, https:\/\/blog.olimar.de\/wp-content\/uploads\/2020\/12\/\u00a9-RotaVicentina\u00ae_MTB_13-300x200.jpg 300w, https:\/\/blog.olimar.de\/wp-content\/uploads\/2020\/12\/\u00a9-RotaVicentina\u00ae_MTB_13-768x512.jpg 768w, https:\/\/blog.olimar.de\/wp-content\/uploads\/2020\/12\/\u00a9-RotaVicentina\u00ae_MTB_13-840x560.jpg 840w, https:\/\/blog.olimar.de\/wp-content\/uploads\/2020\/12\/\u00a9-RotaVicentina\u00ae_MTB_13.jpg 1200w\" sizes=\"auto, (max-width: 1024px) 100vw, 1024px\" \/><\/figure>\n<\/figure>\n\n\n\n<h2>Alentejo f\u00fcr Genie\u00dfer \u2013 Liebe geht durch den Magen<\/h2>\n\n\n\n<p>Diese einw\u00f6chige Mietwagen-Rundreise ist eine kulinarische Genie\u00dfertour durch den malerischen Alentejo mit Besuch renommierter Weing\u00fcter inklusive Weinproben. Hier gibt es Einblicke in die hervorragende K\u00fcche und erstklassige Weinkultur des Landes gepaart mit charmanten Hotels.<\/p>\n<p>Ganz nach dem Motto \u201eSlow Travel\u201c verbringst du \u00fcberwiegend zwei N\u00e4chte an einem Ort und es m\u00fcssen nie mehr als 130 Kilometer zum n\u00e4chsten Etappenziel zur\u00fcckgelegt werden. Vier Abendessen und ein Weinkellerei-Besuch inklusive Verkostung sind im Preis enthalten. Die magische Stille des Hinterlandes, den beeindruckenden Naturpark der Serra de S\u00e3o Mamede sowie die sch\u00f6nste und unber\u00fchrteste K\u00fcstenlandschaft Europas gibt es auf der Route kostenlos dazu.<\/p>\n\n\n\n<div class=\"wp-block-buttons is-layout-flex wp-block-buttons-is-layout-flex\">\n<div class=\"wp-block-button\"><a class=\"wp-block-button__link wp-element-button\" href=\"https:\/\/www.olimar.de\/lisr10\/\" target=\"_blank\" rel=\"noreferrer noopener\">Mietwagen-Rundreise \u201eAlentejo f\u00fcr Genie\u00dfer&#8221;: mehr Infos &amp; Buchung<\/a><\/div>\n<\/div>\n\n\n\n<div style=\"height:24px\" aria-hidden=\"true\" class=\"wp-block-spacer\"><\/div>\n\n\n\n<figure class=\"wp-block-gallery has-nested-images columns-default is-cropped wp-block-gallery-3 is-layout-flex wp-block-gallery-is-layout-flex\">\n<figure class=\"wp-block-image size-large\"><img loading=\"lazy\" decoding=\"async\" width=\"681\" height=\"1024\" data-id=\"18278\" src=\"https:\/\/blog.olimar.de\/wp-content\/uploads\/2022\/03\/PT-Alentejo-CasteloDeVide-43918922-c-maxbaer-Fotolia_MOD_M-681x1024.jpg\" alt=\"Castelo de Video Alentejo Altstadt Gasse H\u00e4user\" class=\"wp-image-18278\" srcset=\"https:\/\/blog.olimar.de\/wp-content\/uploads\/2022\/03\/PT-Alentejo-CasteloDeVide-43918922-c-maxbaer-Fotolia_MOD_M-681x1024.jpg 681w, https:\/\/blog.olimar.de\/wp-content\/uploads\/2022\/03\/PT-Alentejo-CasteloDeVide-43918922-c-maxbaer-Fotolia_MOD_M-200x300.jpg 200w, https:\/\/blog.olimar.de\/wp-content\/uploads\/2022\/03\/PT-Alentejo-CasteloDeVide-43918922-c-maxbaer-Fotolia_MOD_M-768x1155.jpg 768w, https:\/\/blog.olimar.de\/wp-content\/uploads\/2022\/03\/PT-Alentejo-CasteloDeVide-43918922-c-maxbaer-Fotolia_MOD_M.jpg 931w\" sizes=\"auto, (max-width: 681px) 100vw, 681px\" \/><\/figure>\n\n\n\n<figure class=\"wp-block-image size-large\"><img loading=\"lazy\" decoding=\"async\" width=\"1024\" height=\"679\" data-id=\"11654\" src=\"https:\/\/blog.olimar.de\/wp-content\/uploads\/2019\/07\/PT-Alentejo-Food1-1024x679.jpg\" alt=\"Typisches Gericht aus dem Alentejo: Schweinefleisch mit Muscheln\" class=\"wp-image-11654\" srcset=\"https:\/\/blog.olimar.de\/wp-content\/uploads\/2019\/07\/PT-Alentejo-Food1-1024x679.jpg 1024w, https:\/\/blog.olimar.de\/wp-content\/uploads\/2019\/07\/PT-Alentejo-Food1-300x199.jpg 300w, https:\/\/blog.olimar.de\/wp-content\/uploads\/2019\/07\/PT-Alentejo-Food1-768x509.jpg 768w, https:\/\/blog.olimar.de\/wp-content\/uploads\/2019\/07\/PT-Alentejo-Food1.jpg 1200w\" sizes=\"auto, (max-width: 1024px) 100vw, 1024px\" \/><\/figure>\n<\/figure>\n\n\n\n<h2>Wundersch\u00f6ne Hotels in der Alentejo-Region zum Entspannen<\/h2>\n\n\n\n<h3>Sublime Comporta<\/h3>\n\n\n\n<p>Das 5-Sterne-Refugium liegt im k\u00fcstennahen Hinterland der Halbinsel Tr\u00f3ia und obwohl nur eine Autostunde von Lissabon entfernt, f\u00fchlt es sich an wie in einer anderen Welt. Umgeben von Pinienw\u00e4ldern, Weing\u00e4rten und Feldern ist dieser R\u00fcckzugsort nur wenige Fahrminuten von den wei\u00dfen Sandstr\u00e4nden von Comporta, Carvalhal und Pego mit seinen kilometerlangen D\u00fcnenarealen entfernt. Alles ist elegant-modern ausgestattet und es \u00f6ffnen sich raumhohe Fensterfronten zu gro\u00dfz\u00fcgigen Privatterrassen. Der sch\u00f6ne Au\u00dfenpool und die Wellnessoase mit Sauna, Dampfbad, Jacuzzi und Massagen laden zum Entspannen ein. Das ausgezeichnete \u00c0-la-carte-Restaurant serviert lokale K\u00f6stlichkeiten, w\u00e4hrend man an der Lounge-Bar bei einem guten Drink den Abend ausklingen lassen kann.<\/p>\n\n\n\n<figure class=\"wp-block-image size-large\"><img loading=\"lazy\" decoding=\"async\" width=\"1024\" height=\"576\" src=\"https:\/\/blog.olimar.de\/wp-content\/uploads\/2023\/04\/LIS057-z-Villa2022K-1024x576.jpg\" alt=\"Sublime Comporta Zimmerbeispiel mit Pool\" class=\"wp-image-25047\" srcset=\"https:\/\/blog.olimar.de\/wp-content\/uploads\/2023\/04\/LIS057-z-Villa2022K-1024x576.jpg 1024w, https:\/\/blog.olimar.de\/wp-content\/uploads\/2023\/04\/LIS057-z-Villa2022K-300x169.jpg 300w, https:\/\/blog.olimar.de\/wp-content\/uploads\/2023\/04\/LIS057-z-Villa2022K-768x432.jpg 768w, https:\/\/blog.olimar.de\/wp-content\/uploads\/2023\/04\/LIS057-z-Villa2022K.jpg 1280w\" sizes=\"auto, (max-width: 1024px) 100vw, 1024px\" \/><\/figure>\n\n\n\n<div style=\"height:24px\" aria-hidden=\"true\" class=\"wp-block-spacer\"><\/div>\n\n\n\n<div class=\"wp-block-buttons is-layout-flex wp-block-buttons-is-layout-flex\">\n<div class=\"wp-block-button\"><a class=\"wp-block-button__link wp-element-button\" href=\"https:\/\/www.olimar.de\/lis057\/\" target=\"_blank\" rel=\"noreferrer noopener\">Sublime Comporta:  mehr Infos &amp; Buchung<\/a><\/div>\n<\/div>\n\n\n\n<h3>Sines Sea View Business &amp; Leisure Hotel<\/h3>\n\n\n\n<p>S\u00fcd\u00f6stlich der Stadt Sines gelegen mit einer starken Bindung an die lokale Kultur, besticht das Hotel mit einer gelungenen Kombination aus Modernit\u00e4t, Komfort und Eleganz, eingebettet in eine einmalige Umgebung aus Strand und Meer. Moderne Zimmer mit Balkon, das Restaurant \u201e\u00c0 volta do Mar&#8221; mit zeitgem\u00e4\u00dfem Men\u00fc und portugiesischer Weinauswahl sowie ein kleiner Spa Bereich und die Dachterrasse mit einem 360\u00ba Blick auf das Meer und die Stadt lassen keine W\u00fcnsche offen.<\/p>\n\n\n\n<figure class=\"wp-block-image size-large\"><img loading=\"lazy\" decoding=\"async\" width=\"1024\" height=\"769\" src=\"https:\/\/blog.olimar.de\/wp-content\/uploads\/2023\/04\/LIS083-a-Hotel2022A-1024x769.jpg\" alt=\"Sines Sea View Hotel Ansicht und Meerblick\" class=\"wp-image-25048\" srcset=\"https:\/\/blog.olimar.de\/wp-content\/uploads\/2023\/04\/LIS083-a-Hotel2022A-1024x769.jpg 1024w, https:\/\/blog.olimar.de\/wp-content\/uploads\/2023\/04\/LIS083-a-Hotel2022A-300x225.jpg 300w, https:\/\/blog.olimar.de\/wp-content\/uploads\/2023\/04\/LIS083-a-Hotel2022A-768x576.jpg 768w, https:\/\/blog.olimar.de\/wp-content\/uploads\/2023\/04\/LIS083-a-Hotel2022A.jpg 1439w\" sizes=\"auto, (max-width: 1024px) 100vw, 1024px\" \/><\/figure>\n\n\n\n<div style=\"height:24px\" aria-hidden=\"true\" class=\"wp-block-spacer\"><\/div>\n\n\n\n<div class=\"wp-block-buttons is-layout-flex wp-block-buttons-is-layout-flex\">\n<div class=\"wp-block-button\"><a class=\"wp-block-button__link wp-element-button\" href=\"https:\/\/www.olimar.de\/lis083\" target=\"_blank\" rel=\"noreferrer noopener\">Sines Sea View Business &amp; Leisure Hotel: mehr Infos &amp; Buchung<\/a><\/div>\n<\/div>\n\n\n\n<h3>Monte da Estrela Country House &amp; Spa<\/h3>\n\n\n\n<p>Ein wahres Schmuckst\u00fcck ist dieses au\u00dfergew\u00f6hnliche Anwesen auf einer Anh\u00f6he am S\u00fcdufer des Alqueva-Stausees inmitten seines 9ha gro\u00dfen Guts gelegen und umgeben von Olivenhainen, Weinbergen, Feldern und eigenem kleinen See. Das charmante Landhotel mit seinen nur sieben G\u00e4stezimmern ist der Inbegriff eines Hideaways mit pers\u00f6nlichem Service, ausgezeichneter Regionalk\u00fcche mit Gem\u00fcse und Kr\u00e4utern aus dem Bio-Garten und hauseigenem Wein. Ein kleiner Wellnessbereich mit Whirlpool, Sauna, Dampfbad, Fitness- und Massageraum laden zum Entspannen ein. Das Highlight ist hier die Sternenbeobachtung von einer eigens daf\u00fcr geschaffenen Aussichtsterrasse mit Blick auf einen atemberaubenden Sternenhimmel samt Milchstra\u00dfe.<\/p>\n\n\n\n<figure class=\"wp-block-image size-large\"><img loading=\"lazy\" decoding=\"async\" width=\"1024\" height=\"684\" src=\"https:\/\/blog.olimar.de\/wp-content\/uploads\/2023\/04\/LIS071-a-MonteDaEstrelaC2019-1024x684.jpg\" alt=\"Sternenhimmel \u00fcber dem Monte da Estrela Country House &amp; Spa Hotel\" class=\"wp-image-25049\" srcset=\"https:\/\/blog.olimar.de\/wp-content\/uploads\/2023\/04\/LIS071-a-MonteDaEstrelaC2019-1024x684.jpg 1024w, https:\/\/blog.olimar.de\/wp-content\/uploads\/2023\/04\/LIS071-a-MonteDaEstrelaC2019-300x200.jpg 300w, https:\/\/blog.olimar.de\/wp-content\/uploads\/2023\/04\/LIS071-a-MonteDaEstrelaC2019-768x513.jpg 768w, https:\/\/blog.olimar.de\/wp-content\/uploads\/2023\/04\/LIS071-a-MonteDaEstrelaC2019-1536x1026.jpg 1536w, https:\/\/blog.olimar.de\/wp-content\/uploads\/2023\/04\/LIS071-a-MonteDaEstrelaC2019-840x560.jpg 840w, https:\/\/blog.olimar.de\/wp-content\/uploads\/2023\/04\/LIS071-a-MonteDaEstrelaC2019-1200x800.jpg 1200w, https:\/\/blog.olimar.de\/wp-content\/uploads\/2023\/04\/LIS071-a-MonteDaEstrelaC2019.jpg 1617w\" sizes=\"auto, (max-width: 1024px) 100vw, 1024px\" \/><\/figure>\n\n\n\n<div style=\"height:24px\" aria-hidden=\"true\" class=\"wp-block-spacer\"><\/div>\n\n\n\n<div class=\"wp-block-buttons is-layout-flex wp-block-buttons-is-layout-flex\">\n<div class=\"wp-block-button\"><a class=\"wp-block-button__link wp-element-button\" href=\"https:\/\/www.olimar.de\/lis071\/\" target=\"_blank\" rel=\"noreferrer noopener\">Monte da Estrela Country House &amp; Spa: mehr Infos &amp; Buchung<\/a><\/div>\n<\/div>\n\n\n\n<div style=\"height:24px\" aria-hidden=\"true\" class=\"wp-block-spacer\"><\/div>\n\n\n\n<div class=\"wp-block-buttons is-layout-flex wp-block-buttons-is-layout-flex\">\n<div class=\"wp-block-button\"><a class=\"wp-block-button__link wp-element-button\" href=\"https:\/\/www.olimar.de\/hotellistung\/\">Jetzt Urlaubsangebote finden und buchen<\/a><\/div>\n<\/div>\n","protected":false},"excerpt":{"rendered":"<p>Der Fr\u00fchling und die ersten warmen Sommertage sind die sch\u00f6nste Zeit f\u00fcr einen Aktivurlaub im Alentejo mit abwechslungsreichen Wanderungen, ausgedehnten Bike-Touren und genussvollen Schlemmer-Routen.<\/p>\n","protected":false},"author":75,"featured_media":25070,"comment_status":"open","ping_status":"open","sticky":false,"template":"","format":"standard","meta":{"_crdt_document":"","_lmt_disableupdate":"","_lmt_disable":"","footnotes":""},"categories":[29,1,32,165],"tags":[324,22,20],"class_list":["post-25036","post","type-post","status-publish","format-standard","has-post-thumbnail","hentry","category-aktiv-natur","category-allgemein","category-hoteltipps","category-reisethemen","tag-aktivurlaub","tag-alentejo","tag-slider"],"yoast_head":"<!-- This site is optimized with the Yoast SEO plugin v26.9 - https:\/\/yoast.com\/product\/yoast-seo-wordpress\/ -->\n<title>Aktivurlaub im Alentejo: Die sch\u00f6nsten Touren, Ausfl\u00fcge &amp; Hotels<\/title>\n<meta name=\"description\" content=\"Ein Aktivurlaub im Alentejo ist perfekt f\u00fcr alle, die gern unterwegs sind und bei denen dabei Genuss und Komfort nicht zu kurz kommen d\u00fcrfen.\" \/>\n<meta name=\"robots\" content=\"index, follow, max-snippet:-1, max-image-preview:large, max-video-preview:-1\" \/>\n<link rel=\"canonical\" href=\"https:\/\/blog.olimar.de\/aktivurlaub-alentejo\/\" \/>\n<meta property=\"og:locale\" content=\"de_DE\" \/>\n<meta property=\"og:type\" content=\"article\" \/>\n<meta property=\"og:title\" content=\"Aktivurlaub im Alentejo: Die sch\u00f6nsten Touren, Ausfl\u00fcge &amp; Hotels\" \/>\n<meta property=\"og:description\" content=\"Ein Aktivurlaub im Alentejo ist perfekt f\u00fcr alle, die gern unterwegs sind und bei denen dabei Genuss und Komfort nicht zu kurz kommen d\u00fcrfen.\" \/>\n<meta property=\"og:url\" content=\"https:\/\/blog.olimar.de\/aktivurlaub-alentejo\/\" \/>\n<meta property=\"article:publisher\" content=\"https:\/\/www.facebook.com\/OlimarReisen\" \/>\n<meta property=\"article:published_time\" content=\"2023-04-19T12:37:45+00:00\" \/>\n<meta property=\"article:modified_time\" content=\"2023-04-19T12:37:46+00:00\" \/>\n<meta property=\"og:image\" content=\"https:\/\/blog.olimar.de\/wp-content\/uploads\/2023\/04\/aktivurlaub_alentejo.jpg\" \/>\n\t<meta property=\"og:image:width\" content=\"1920\" \/>\n\t<meta property=\"og:image:height\" content=\"1280\" \/>\n\t<meta property=\"og:image:type\" content=\"image\/jpeg\" \/>\n<meta name=\"author\" content=\"Tatjana Kopel\" \/>\n<meta name=\"twitter:label1\" content=\"Verfasst von\" \/>\n\t<meta name=\"twitter:data1\" content=\"Tatjana Kopel\" \/>\n\t<meta name=\"twitter:label2\" content=\"Gesch\u00e4tzte Lesezeit\" \/>\n\t<meta name=\"twitter:data2\" content=\"7\u00a0Minuten\" \/>\n<script type=\"application\/ld+json\" class=\"yoast-schema-graph\">{\"@context\":\"https:\/\/schema.org\",\"@graph\":[{\"@type\":\"WebPage\",\"@id\":\"https:\/\/blog.olimar.de\/aktivurlaub-alentejo\/\",\"url\":\"https:\/\/blog.olimar.de\/aktivurlaub-alentejo\/\",\"name\":\"Aktivurlaub im Alentejo: Die sch\u00f6nsten Touren, Ausfl\u00fcge & Hotels\",\"isPartOf\":{\"@id\":\"https:\/\/blog.olimar.de\/#website\"},\"primaryImageOfPage\":{\"@id\":\"https:\/\/blog.olimar.de\/aktivurlaub-alentejo\/#primaryimage\"},\"image\":{\"@id\":\"https:\/\/blog.olimar.de\/aktivurlaub-alentejo\/#primaryimage\"},\"thumbnailUrl\":\"https:\/\/blog.olimar.de\/wp-content\/uploads\/2023\/04\/aktivurlaub_alentejo.jpg\",\"datePublished\":\"2023-04-19T12:37:45+00:00\",\"dateModified\":\"2023-04-19T12:37:46+00:00\",\"description\":\"Ein Aktivurlaub im Alentejo ist perfekt f\u00fcr alle, die gern unterwegs sind und bei denen dabei Genuss und Komfort nicht zu kurz kommen d\u00fcrfen.\",\"breadcrumb\":{\"@id\":\"https:\/\/blog.olimar.de\/aktivurlaub-alentejo\/#breadcrumb\"},\"inLanguage\":\"de\",\"potentialAction\":[{\"@type\":\"ReadAction\",\"target\":[\"https:\/\/blog.olimar.de\/aktivurlaub-alentejo\/\"]}]},{\"@type\":\"ImageObject\",\"inLanguage\":\"de\",\"@id\":\"https:\/\/blog.olimar.de\/aktivurlaub-alentejo\/#primaryimage\",\"url\":\"https:\/\/blog.olimar.de\/wp-content\/uploads\/2023\/04\/aktivurlaub_alentejo.jpg\",\"contentUrl\":\"https:\/\/blog.olimar.de\/wp-content\/uploads\/2023\/04\/aktivurlaub_alentejo.jpg\",\"width\":1920,\"height\":1280,\"caption\":\"Alentejo Blick auf die Stadt Elvas\"},{\"@type\":\"BreadcrumbList\",\"@id\":\"https:\/\/blog.olimar.de\/aktivurlaub-alentejo\/#breadcrumb\",\"itemListElement\":[{\"@type\":\"ListItem\",\"position\":1,\"name\":\"Home\",\"item\":\"https:\/\/blog.olimar.de\/\"},{\"@type\":\"ListItem\",\"position\":2,\"name\":\"aktivurlaub\",\"item\":\"https:\/\/blog.olimar.de\/tag\/aktivurlaub\/\"},{\"@type\":\"ListItem\",\"position\":3,\"name\":\"Aktivurlaub im Alentejo: Die sch\u00f6nsten Touren, Ausfl\u00fcge &#038; Hotels in Portugals Traumregion\"}]},{\"@type\":\"WebSite\",\"@id\":\"https:\/\/blog.olimar.de\/#website\",\"url\":\"https:\/\/blog.olimar.de\/\",\"name\":\"OLIMAR.com\",\"description\":\"\",\"publisher\":{\"@id\":\"https:\/\/blog.olimar.de\/#organization\"},\"potentialAction\":[{\"@type\":\"SearchAction\",\"target\":{\"@type\":\"EntryPoint\",\"urlTemplate\":\"https:\/\/blog.olimar.de\/?s={search_term_string}\"},\"query-input\":{\"@type\":\"PropertyValueSpecification\",\"valueRequired\":true,\"valueName\":\"search_term_string\"}}],\"inLanguage\":\"de\"},{\"@type\":\"Organization\",\"@id\":\"https:\/\/blog.olimar.de\/#organization\",\"name\":\"OLIMAR Reisen\",\"url\":\"https:\/\/blog.olimar.de\/\",\"logo\":{\"@type\":\"ImageObject\",\"inLanguage\":\"de\",\"@id\":\"https:\/\/blog.olimar.de\/#\/schema\/logo\/image\/\",\"url\":\"https:\/\/blog.olimar.de\/wp-content\/uploads\/2021\/01\/OLIMAR_Logo_COLOR.png\",\"contentUrl\":\"https:\/\/blog.olimar.de\/wp-content\/uploads\/2021\/01\/OLIMAR_Logo_COLOR.png\",\"width\":2000,\"height\":986,\"caption\":\"OLIMAR Reisen\"},\"image\":{\"@id\":\"https:\/\/blog.olimar.de\/#\/schema\/logo\/image\/\"},\"sameAs\":[\"https:\/\/www.facebook.com\/OlimarReisen\",\"https:\/\/x.com\/olimarrreisen\",\"https:\/\/www.instagram.com\/olimarreisen\",\"https:\/\/www.youtube.com\/user\/olimarreisen\"]}]}<\/script>\n<!-- \/ Yoast SEO plugin. -->","yoast_head_json":{"title":"Aktivurlaub im Alentejo: Die sch\u00f6nsten Touren, Ausfl\u00fcge & Hotels","description":"Ein Aktivurlaub im Alentejo ist perfekt f\u00fcr alle, die gern unterwegs sind und bei denen dabei Genuss und Komfort nicht zu kurz kommen d\u00fcrfen.","robots":{"index":"index","follow":"follow","max-snippet":"max-snippet:-1","max-image-preview":"max-image-preview:large","max-video-preview":"max-video-preview:-1"},"canonical":"https:\/\/blog.olimar.de\/aktivurlaub-alentejo\/","og_locale":"de_DE","og_type":"article","og_title":"Aktivurlaub im Alentejo: Die sch\u00f6nsten Touren, Ausfl\u00fcge & Hotels","og_description":"Ein Aktivurlaub im Alentejo ist perfekt f\u00fcr alle, die gern unterwegs sind und bei denen dabei Genuss und Komfort nicht zu kurz kommen d\u00fcrfen.","og_url":"https:\/\/blog.olimar.de\/aktivurlaub-alentejo\/","article_publisher":"https:\/\/www.facebook.com\/OlimarReisen","article_published_time":"2023-04-19T12:37:45+00:00","article_modified_time":"2023-04-19T12:37:46+00:00","og_image":[{"width":1920,"height":1280,"url":"https:\/\/blog.olimar.de\/wp-content\/uploads\/2023\/04\/aktivurlaub_alentejo.jpg","type":"image\/jpeg"}],"author":"Tatjana Kopel","twitter_misc":{"Verfasst von":"Tatjana Kopel","Gesch\u00e4tzte Lesezeit":"7\u00a0Minuten"},"schema":{"@context":"https:\/\/schema.org","@graph":[{"@type":"WebPage","@id":"https:\/\/blog.olimar.de\/aktivurlaub-alentejo\/","url":"https:\/\/blog.olimar.de\/aktivurlaub-alentejo\/","name":"Aktivurlaub im Alentejo: Die sch\u00f6nsten Touren, Ausfl\u00fcge & Hotels","isPartOf":{"@id":"https:\/\/blog.olimar.de\/#website"},"primaryImageOfPage":{"@id":"https:\/\/blog.olimar.de\/aktivurlaub-alentejo\/#primaryimage"},"image":{"@id":"https:\/\/blog.olimar.de\/aktivurlaub-alentejo\/#primaryimage"},"thumbnailUrl":"https:\/\/blog.olimar.de\/wp-content\/uploads\/2023\/04\/aktivurlaub_alentejo.jpg","datePublished":"2023-04-19T12:37:45+00:00","dateModified":"2023-04-19T12:37:46+00:00","description":"Ein Aktivurlaub im Alentejo ist perfekt f\u00fcr alle, die gern unterwegs sind und bei denen dabei Genuss und Komfort nicht zu kurz kommen d\u00fcrfen.","breadcrumb":{"@id":"https:\/\/blog.olimar.de\/aktivurlaub-alentejo\/#breadcrumb"},"inLanguage":"de","potentialAction":[{"@type":"ReadAction","target":["https:\/\/blog.olimar.de\/aktivurlaub-alentejo\/"]}]},{"@type":"ImageObject","inLanguage":"de","@id":"https:\/\/blog.olimar.de\/aktivurlaub-alentejo\/#primaryimage","url":"https:\/\/blog.olimar.de\/wp-content\/uploads\/2023\/04\/aktivurlaub_alentejo.jpg","contentUrl":"https:\/\/blog.olimar.de\/wp-content\/uploads\/2023\/04\/aktivurlaub_alentejo.jpg","width":1920,"height":1280,"caption":"Alentejo Blick auf die Stadt Elvas"},{"@type":"BreadcrumbList","@id":"https:\/\/blog.olimar.de\/aktivurlaub-alentejo\/#breadcrumb","itemListElement":[{"@type":"ListItem","position":1,"name":"Home","item":"https:\/\/blog.olimar.de\/"},{"@type":"ListItem","position":2,"name":"aktivurlaub","item":"https:\/\/blog.olimar.de\/tag\/aktivurlaub\/"},{"@type":"ListItem","position":3,"name":"Aktivurlaub im Alentejo: Die sch\u00f6nsten Touren, Ausfl\u00fcge &#038; Hotels in Portugals Traumregion"}]},{"@type":"WebSite","@id":"https:\/\/blog.olimar.de\/#website","url":"https:\/\/blog.olimar.de\/","name":"OLIMAR.com","description":"","publisher":{"@id":"https:\/\/blog.olimar.de\/#organization"},"potentialAction":[{"@type":"SearchAction","target":{"@type":"EntryPoint","urlTemplate":"https:\/\/blog.olimar.de\/?s={search_term_string}"},"query-input":{"@type":"PropertyValueSpecification","valueRequired":true,"valueName":"search_term_string"}}],"inLanguage":"de"},{"@type":"Organization","@id":"https:\/\/blog.olimar.de\/#organization","name":"OLIMAR Reisen","url":"https:\/\/blog.olimar.de\/","logo":{"@type":"ImageObject","inLanguage":"de","@id":"https:\/\/blog.olimar.de\/#\/schema\/logo\/image\/","url":"https:\/\/blog.olimar.de\/wp-content\/uploads\/2021\/01\/OLIMAR_Logo_COLOR.png","contentUrl":"https:\/\/blog.olimar.de\/wp-content\/uploads\/2021\/01\/OLIMAR_Logo_COLOR.png","width":2000,"height":986,"caption":"OLIMAR Reisen"},"image":{"@id":"https:\/\/blog.olimar.de\/#\/schema\/logo\/image\/"},"sameAs":["https:\/\/www.facebook.com\/OlimarReisen","https:\/\/x.com\/olimarrreisen","https:\/\/www.instagram.com\/olimarreisen","https:\/\/www.youtube.com\/user\/olimarreisen"]}]}},"modified_by":"Julia Windh\u00f6vel","jetpack_featured_media_url":"https:\/\/blog.olimar.de\/wp-content\/uploads\/2023\/04\/aktivurlaub_alentejo.jpg","_links":{"self":[{"href":"https:\/\/blog.olimar.de\/wp-json\/wp\/v2\/posts\/25036","targetHints":{"allow":["GET"]}}],"collection":[{"href":"https:\/\/blog.olimar.de\/wp-json\/wp\/v2\/posts"}],"about":[{"href":"https:\/\/blog.olimar.de\/wp-json\/wp\/v2\/types\/post"}],"author":[{"embeddable":true,"href":"https:\/\/blog.olimar.de\/wp-json\/wp\/v2\/users\/75"}],"replies":[{"embeddable":true,"href":"https:\/\/blog.olimar.de\/wp-json\/wp\/v2\/comments?post=25036"}],"version-history":[{"count":19,"href":"https:\/\/blog.olimar.de\/wp-json\/wp\/v2\/posts\/25036\/revisions"}],"predecessor-version":[{"id":25076,"href":"https:\/\/blog.olimar.de\/wp-json\/wp\/v2\/posts\/25036\/revisions\/25076"}],"wp:featuredmedia":[{"embeddable":true,"href":"https:\/\/blog.olimar.de\/wp-json\/wp\/v2\/media\/25070"}],"wp:attachment":[{"href":"https:\/\/blog.olimar.de\/wp-json\/wp\/v2\/media?parent=25036"}],"wp:term":[{"taxonomy":"category","embeddable":true,"href":"https:\/\/blog.olimar.de\/wp-json\/wp\/v2\/categories?post=25036"},{"taxonomy":"post_tag","embeddable":true,"href":"https:\/\/blog.olimar.de\/wp-json\/wp\/v2\/tags?post=25036"}],"curies":[{"name":"wp","href":"https:\/\/api.w.org\/{rel}","templated":true}]}}