{"id":25160,"date":"2023-05-24T12:06:09","date_gmt":"2023-05-24T11:06:09","guid":{"rendered":"https:\/\/blog.olimar.de\/?p=25160"},"modified":"2023-06-01T10:17:11","modified_gmt":"2023-06-01T09:17:11","slug":"bergamo-brescia-kulturhauptstaedte-italien-2023","status":"publish","type":"post","link":"https:\/\/blog.olimar.de\/bergamo-brescia-kulturhauptstaedte-italien-2023\/","title":{"rendered":"Bergamo &#038; Brescia: Die besten Tipps &#038; sch\u00f6nsten Hotels in Italiens Kulturhauptst\u00e4dten 2023"},"content":{"rendered":"\n<p><strong>Bergamo und Brescia wurden zu den Kulturhauptst\u00e4dten von Italien 2023 ernannt \u2013 und das gleich aus mehreren guten Gr\u00fcnden. Denn die St\u00e4dte sind nicht nur wundersch\u00f6n und durch und durch charmant, sondern haben w\u00e4hrend der Corona-Pandemie auch ein besonders schweres Schicksal erfahren. Wir nehmen dich mit auf eine Reise in den Norden Italiens und verraten dir, warum du Bergamo und Brescia unbedingt einmal besuchen solltest!<\/strong><\/p>\n\n\n\n<div class=\"wp-block-buttons is-layout-flex wp-block-buttons-is-layout-flex\">\n<div class=\"wp-block-button\"><a class=\"wp-block-button__link wp-element-button\" href=\"https:\/\/www.olimar.de\/italien\/\" target=\"_blank\" rel=\"noreferrer noopener\">Italien Reiseangebote und Hoteltipps entdecken<\/a><\/div>\n<\/div>\n\n\n\n<div style=\"height:15px\" aria-hidden=\"true\" class=\"wp-block-spacer\"><\/div>\n\n\n\n<p>Sowohl Bergamo als auch Brescia, beides Kleinst\u00e4dte mit rund 120.000 Einwohnern, sind bisher nur einem begrenzten touristischen Publikum bekannt \u2013 Bergamo meist wegen des Airports mit dem K\u00fcrzel \u201eBGY&#8221;, den die Fluggesellschaft Ryanair zu einer beliebten Alternative zu den \u00fcberf\u00fcllten Flugh\u00e4fen Mailands gemacht hat. Brescia kennen Rennsportfreunde wegen des historischen Autorennens \u201eMille Miglia&#8221; bzw. Weinkenner wegen des Franciacorta Gebietes, das gleich hinter der Stadt beginnt.<\/p>\n\n\n\n<p>Bis zu dem Zeitpunkt, an dem beide St\u00e4dte zu den Kulturhauptst\u00e4dten Italiens 2023 ernannt wurden, hatten sie nicht viel gemeinsam und noch weniger miteinander zu tun. Der sprichw\u00f6rtliche italienische Lokalpatriotismus trennte sie, man sah sich schief an und stritt sogar um die Herkunft der typischen gef\u00fcllten \u201ePasta Casoncelli&#8221;. Doch mit der gemeinsamen Ernennung kam die Zusammenarbeit: Jetzt wird fieberhaft zusammengearbeitet, um die vielen Aufgaben, die der Ehrentitel mit sich bringt, noch rechtzeitig zu erledigen.<\/p>\n\n\n\n<h2>Was sollte man in Bergamo nicht verpassen?<\/h2>\n<p>Bergamo ist eine wundersch\u00f6ne Stadt, die jederzeit einen Besuch wert ist. Die historische Oberstadt \u201ecitt\u00e0 alta&#8221; ist von UNESCO-gesch\u00fctzten venezianischen Mauern umgeben. Verpasse auch nicht die stimmungsvolle \u201ePiazza Vecchia&#8221;, die Kathedrale \u201eSanta Maria Maggiore&#8221; und die reich verzierte \u201eColleoni-Kapelle&#8221;.<\/p>\n\n\n\n<figure class=\"wp-block-gallery has-nested-images columns-default is-cropped wp-block-gallery-1 is-layout-flex wp-block-gallery-is-layout-flex\">\n<figure class=\"wp-block-image size-large\"><img loading=\"lazy\" decoding=\"async\" width=\"683\" height=\"1024\" data-id=\"25312\" src=\"https:\/\/blog.olimar.de\/wp-content\/uploads\/2023\/05\/Bergamo-tom-podmore-4N9LFES4h-w-unsplash-683x1024.jpg\" alt=\"Altstadt Bergamo\" class=\"wp-image-25312\" srcset=\"https:\/\/blog.olimar.de\/wp-content\/uploads\/2023\/05\/Bergamo-tom-podmore-4N9LFES4h-w-unsplash-683x1024.jpg 683w, https:\/\/blog.olimar.de\/wp-content\/uploads\/2023\/05\/Bergamo-tom-podmore-4N9LFES4h-w-unsplash-200x300.jpg 200w, https:\/\/blog.olimar.de\/wp-content\/uploads\/2023\/05\/Bergamo-tom-podmore-4N9LFES4h-w-unsplash-768x1152.jpg 768w, https:\/\/blog.olimar.de\/wp-content\/uploads\/2023\/05\/Bergamo-tom-podmore-4N9LFES4h-w-unsplash-1024x1536.jpg 1024w, https:\/\/blog.olimar.de\/wp-content\/uploads\/2023\/05\/Bergamo-tom-podmore-4N9LFES4h-w-unsplash-1365x2048.jpg 1365w, https:\/\/blog.olimar.de\/wp-content\/uploads\/2023\/05\/Bergamo-tom-podmore-4N9LFES4h-w-unsplash-scaled.jpg 1707w\" sizes=\"auto, (max-width: 683px) 100vw, 683px\" \/><\/figure>\n\n\n\n<figure class=\"wp-block-image size-large\"><img loading=\"lazy\" decoding=\"async\" width=\"1024\" height=\"683\" data-id=\"25311\" src=\"https:\/\/blog.olimar.de\/wp-content\/uploads\/2023\/05\/Bergamo-Altstadt-1024x683.jpg\" alt=\"Altstadt Bergamo\" class=\"wp-image-25311\" srcset=\"https:\/\/blog.olimar.de\/wp-content\/uploads\/2023\/05\/Bergamo-Altstadt-1024x683.jpg 1024w, https:\/\/blog.olimar.de\/wp-content\/uploads\/2023\/05\/Bergamo-Altstadt-300x200.jpg 300w, https:\/\/blog.olimar.de\/wp-content\/uploads\/2023\/05\/Bergamo-Altstadt-768x512.jpg 768w, https:\/\/blog.olimar.de\/wp-content\/uploads\/2023\/05\/Bergamo-Altstadt-1536x1024.jpg 1536w, https:\/\/blog.olimar.de\/wp-content\/uploads\/2023\/05\/Bergamo-Altstadt-2048x1365.jpg 2048w, https:\/\/blog.olimar.de\/wp-content\/uploads\/2023\/05\/Bergamo-Altstadt-840x560.jpg 840w, https:\/\/blog.olimar.de\/wp-content\/uploads\/2023\/05\/Bergamo-Altstadt-1200x800.jpg 1200w\" sizes=\"auto, (max-width: 1024px) 100vw, 1024px\" \/><\/figure>\n<\/figure>\n\n\n\n<h2>Was sollte man in Brescia nicht verpassen?<\/h2>\n\n\n\n<p>Ein Besuch in Brescia ist eine echte Zeitreise. Auf vier Pl\u00e4tzen kannst du vier Epochen Stadtgeschichte durchqueren: die r\u00f6mische Epoche mit dem Forum Romanum, das Mittelalter auf der \u201ePiazza Paolo VI&#8221;, die Renaissance auf der eleganten venezianischen \u201ePiazza della Loggia&#8221; und den Faschismus auf der \u201ePiazza della Vittoria&#8221;. Das ist Geschichte zum Anfassen, die durch das spannende Museum \u201eSanta Giulia&#8221; im Klosterkomplex \u201eSan Salvatore&#8221; bereichert wird. \u00dcbrigens: Brescia ist die kleinste Stadt Europas, die eine einzige vollautomatische U-Bahn-Linie besitzt.<\/p>\n<p>Und dann ist da nat\u00fcrlich noch der Wein aus dem Franciacorta-Gebiet, das mit kleinen und gro\u00dfen, rustikalen und noblen Weing\u00fctern zum Probieren und Verkosten einl\u00e4dt. Hier findest du auch unz\u00e4hlige Radwanderwege, der Iseosee und der Gardasee sind gleich um die Ecke und die sch\u00f6nen T\u00e4ler Val Seriana und Valle Brembana locken mit einem gro\u00dfen Angebot Aktivurlauber an.<\/p>\n\n\n\n<figure class=\"wp-block-gallery has-nested-images columns-default is-cropped wp-block-gallery-2 is-layout-flex wp-block-gallery-is-layout-flex\">\n<figure class=\"wp-block-image size-large\"><img loading=\"lazy\" decoding=\"async\" width=\"1024\" height=\"1024\" data-id=\"25307\" src=\"https:\/\/blog.olimar.de\/wp-content\/uploads\/2023\/05\/Brescia-Covid-Monument-1-3-1024x1024.jpg\" alt=\"\u201eIl peso del tempo perduto&quot; - Ein Monument in Gedenken an das Engagement der Einheimischen und die Verstorbenen w\u00e4hrend der Pandemie \" class=\"wp-image-25307\" srcset=\"https:\/\/blog.olimar.de\/wp-content\/uploads\/2023\/05\/Brescia-Covid-Monument-1-3-1024x1024.jpg 1024w, https:\/\/blog.olimar.de\/wp-content\/uploads\/2023\/05\/Brescia-Covid-Monument-1-3-300x300.jpg 300w, https:\/\/blog.olimar.de\/wp-content\/uploads\/2023\/05\/Brescia-Covid-Monument-1-3-150x150.jpg 150w, https:\/\/blog.olimar.de\/wp-content\/uploads\/2023\/05\/Brescia-Covid-Monument-1-3-768x768.jpg 768w, https:\/\/blog.olimar.de\/wp-content\/uploads\/2023\/05\/Brescia-Covid-Monument-1-3-1536x1536.jpg 1536w, https:\/\/blog.olimar.de\/wp-content\/uploads\/2023\/05\/Brescia-Covid-Monument-1-3-120x120.jpg 120w, https:\/\/blog.olimar.de\/wp-content\/uploads\/2023\/05\/Brescia-Covid-Monument-1-3.jpg 1726w\" sizes=\"auto, (max-width: 1024px) 100vw, 1024px\" \/><figcaption class=\"wp-element-caption\">\u201eIl peso del tempo perduto&#8221; &#8211; \u201eDas Gewicht der verlorenen Zeit&#8221;: Das Monument wurde in Gedenken an das Engagement der Einheimischen und die Verstorbenen w\u00e4hrend der Pandemie in Brescia installiert<\/figcaption><\/figure>\n\n\n\n<figure class=\"wp-block-image size-large\"><img loading=\"lazy\" decoding=\"async\" width=\"1024\" height=\"1024\" data-id=\"25308\" src=\"https:\/\/blog.olimar.de\/wp-content\/uploads\/2023\/05\/Brescia-zwei-Dome-1-1024x1024.jpg\" alt=\"Brescia - zwei Dome\" class=\"wp-image-25308\" srcset=\"https:\/\/blog.olimar.de\/wp-content\/uploads\/2023\/05\/Brescia-zwei-Dome-1-1024x1024.jpg 1024w, https:\/\/blog.olimar.de\/wp-content\/uploads\/2023\/05\/Brescia-zwei-Dome-1-300x300.jpg 300w, https:\/\/blog.olimar.de\/wp-content\/uploads\/2023\/05\/Brescia-zwei-Dome-1-150x150.jpg 150w, https:\/\/blog.olimar.de\/wp-content\/uploads\/2023\/05\/Brescia-zwei-Dome-1-768x768.jpg 768w, https:\/\/blog.olimar.de\/wp-content\/uploads\/2023\/05\/Brescia-zwei-Dome-1-1536x1536.jpg 1536w, https:\/\/blog.olimar.de\/wp-content\/uploads\/2023\/05\/Brescia-zwei-Dome-1-2048x2048.jpg 2048w, https:\/\/blog.olimar.de\/wp-content\/uploads\/2023\/05\/Brescia-zwei-Dome-1-120x120.jpg 120w\" sizes=\"auto, (max-width: 1024px) 100vw, 1024px\" \/><\/figure>\n<\/figure>\n\n\n\n<div style=\"height:15px\" aria-hidden=\"true\" class=\"wp-block-spacer\"><\/div>\n\n\n\n<p>Hast du Lust bekommen, Bergamo und Brescia zu entdecken? Du kannst beide sehr gut und im Sinne der Nachhaltigkeit per Zug (trenord.it oder trenitalia.com\/it) beispielsweise von Venedig oder Mailand aus erreichen. Wer gerne \u00fcber Nacht bleiben m\u00f6chte, dem empfehlen wir folgende Hotels:<\/p>\n\n\n\n<h2>Unsere Hotel-Tipps f\u00fcr Bergamo &amp; Umgebung<\/h2>\n\n\n\n<h3>Borgo Romantico<\/h3>\n\n\n\n<p>Das 4-Sterne-Hotel <span class=\"ILfuVd\" lang=\"de\"><span class=\"hgKElc\">\u201e<\/span><\/span>Borgo Romantico&#8221; l\u00e4dt dich zum Entspannen ein! Umgeben von Weinreben und Olivenb\u00e4umen kann man hier hervorragend die l\u00e4ndliche Idylle genie\u00dfen. Neben Ruhesuchenden kommen hier insbesondere Aktivreisende auf ihre Kosten. Das Hotel ist n\u00e4mlich ein idealer Ausgangspunkt f\u00fcr diverse Outdoor-Aktivit\u00e4ten. Am besten gelangst du mit einem Mietwagen nach Bergamo, die Fahrzeit betr\u00e4gt etwas mehr als eine Stunde. Perfekt also f\u00fcr einen Tagesausflug!<\/p>\n\n\n\n<figure class=\"wp-block-gallery has-nested-images columns-default is-cropped wp-block-gallery-3 is-layout-flex wp-block-gallery-is-layout-flex\">\n<figure class=\"wp-block-image size-large\"><img loading=\"lazy\" decoding=\"async\" width=\"1024\" height=\"576\" data-id=\"25279\" src=\"https:\/\/blog.olimar.de\/wp-content\/uploads\/2023\/05\/VRN192-a-Luftaufnahme2021-1024x576.jpg\" alt=\"Hotel Borgo Romantico mit Gartenanlage und Pool\" class=\"wp-image-25279\" srcset=\"https:\/\/blog.olimar.de\/wp-content\/uploads\/2023\/05\/VRN192-a-Luftaufnahme2021-1024x576.jpg 1024w, https:\/\/blog.olimar.de\/wp-content\/uploads\/2023\/05\/VRN192-a-Luftaufnahme2021-300x169.jpg 300w, https:\/\/blog.olimar.de\/wp-content\/uploads\/2023\/05\/VRN192-a-Luftaufnahme2021-768x432.jpg 768w, https:\/\/blog.olimar.de\/wp-content\/uploads\/2023\/05\/VRN192-a-Luftaufnahme2021-1536x864.jpg 1536w, https:\/\/blog.olimar.de\/wp-content\/uploads\/2023\/05\/VRN192-a-Luftaufnahme2021.jpg 1920w\" sizes=\"auto, (max-width: 1024px) 100vw, 1024px\" \/><\/figure>\n\n\n\n<figure class=\"wp-block-image size-large\"><img loading=\"lazy\" decoding=\"async\" width=\"1024\" height=\"652\" data-id=\"25278\" src=\"https:\/\/blog.olimar.de\/wp-content\/uploads\/2023\/05\/VRN192-z-Superior2021a-1024x652.jpg\" alt=\"Hotel Borgo Romantico Zimmerbeispiel\" class=\"wp-image-25278\" srcset=\"https:\/\/blog.olimar.de\/wp-content\/uploads\/2023\/05\/VRN192-z-Superior2021a-1024x652.jpg 1024w, https:\/\/blog.olimar.de\/wp-content\/uploads\/2023\/05\/VRN192-z-Superior2021a-300x191.jpg 300w, https:\/\/blog.olimar.de\/wp-content\/uploads\/2023\/05\/VRN192-z-Superior2021a-768x489.jpg 768w, https:\/\/blog.olimar.de\/wp-content\/uploads\/2023\/05\/VRN192-z-Superior2021a-1536x978.jpg 1536w, https:\/\/blog.olimar.de\/wp-content\/uploads\/2023\/05\/VRN192-z-Superior2021a.jpg 1696w\" sizes=\"auto, (max-width: 1024px) 100vw, 1024px\" \/><\/figure>\n<\/figure>\n\n\n\n<div style=\"height:15px\" aria-hidden=\"true\" class=\"wp-block-spacer\"><\/div>\n\n\n\n<div class=\"wp-block-buttons is-layout-flex wp-block-buttons-is-layout-flex\">\n<div class=\"wp-block-button\"><a class=\"wp-block-button__link wp-element-button\" href=\"https:\/\/www.olimar.de\/vrn192\/\" target=\"_blank\" rel=\"noreferrer noopener\">Borgo Romantico: mehr Infos &amp; Buchung<\/a><\/div>\n<\/div>\n\n\n\n<div style=\"height:15px\" aria-hidden=\"true\" class=\"wp-block-spacer\"><\/div>\n\n\n\n<h3>Hotel Milano<\/h3>\n\n\n\n<p>Die liebevoll restaurierte Jugendstilvilla besticht durch einen traumhaften Ausblick \u00fcber den Gardasee. Das 4-Sterne-Boutique-Hotel befindet sich unweit des Badestrandes, welcher zum Verweilen und Schwimmen einl\u00e4dt. Hier kannst du dich voll und ganz entspannen und den Alltagsstress vergessen. Mit dem Auto erreichst du Bergamo in rund eineinhalb Stunden.<\/p>\n\n\n\n<figure class=\"wp-block-gallery has-nested-images columns-default is-cropped wp-block-gallery-4 is-layout-flex wp-block-gallery-is-layout-flex\">\n<figure class=\"wp-block-image size-large\"><img loading=\"lazy\" decoding=\"async\" width=\"1019\" height=\"621\" data-id=\"25293\" src=\"https:\/\/blog.olimar.de\/wp-content\/uploads\/2023\/05\/VRN151-a-FassadeMitPool.jpg\" alt=\"Au\u00dfenansicht Hotel Milano mit Pool und Blick auf den Gardasee\" class=\"wp-image-25293\" srcset=\"https:\/\/blog.olimar.de\/wp-content\/uploads\/2023\/05\/VRN151-a-FassadeMitPool.jpg 1019w, https:\/\/blog.olimar.de\/wp-content\/uploads\/2023\/05\/VRN151-a-FassadeMitPool-300x183.jpg 300w, https:\/\/blog.olimar.de\/wp-content\/uploads\/2023\/05\/VRN151-a-FassadeMitPool-768x468.jpg 768w\" sizes=\"auto, (max-width: 1019px) 100vw, 1019px\" \/><\/figure>\n\n\n\n<figure class=\"wp-block-image size-large\"><img loading=\"lazy\" decoding=\"async\" width=\"449\" height=\"621\" data-id=\"25292\" src=\"https:\/\/blog.olimar.de\/wp-content\/uploads\/2023\/05\/VRN151-z-ZimmerbalkonMitPoolblick.jpg\" alt=\"Hotel Milano Balkon mit Blick auf den Gardasee\" class=\"wp-image-25292\" srcset=\"https:\/\/blog.olimar.de\/wp-content\/uploads\/2023\/05\/VRN151-z-ZimmerbalkonMitPoolblick.jpg 449w, https:\/\/blog.olimar.de\/wp-content\/uploads\/2023\/05\/VRN151-z-ZimmerbalkonMitPoolblick-217x300.jpg 217w\" sizes=\"auto, (max-width: 449px) 100vw, 449px\" \/><\/figure>\n<\/figure>\n\n\n\n<div style=\"height:15px\" aria-hidden=\"true\" class=\"wp-block-spacer\"><\/div>\n\n\n\n<div class=\"wp-block-buttons is-layout-flex wp-block-buttons-is-layout-flex\">\n<div class=\"wp-block-button\"><a class=\"wp-block-button__link wp-element-button\" href=\"https:\/\/www.olimar.de\/vrn151\/\" target=\"_blank\" rel=\"noreferrer noopener\">Hotel Milano: mehr Infos &amp; Buchung<\/a><\/div>\n<\/div>\n\n\n\n<div style=\"height:15px\" aria-hidden=\"true\" class=\"wp-block-spacer\"><\/div>\n\n\n\n<h3>Relais Corte Cavalli<\/h3>\n\n\n\n<p>Das restaurierte Landgut punktet vor allem mit Charme und absoluter Ruhe. Inmitten von Feldern und Weinbergen kannst du hier optimal die Seele baumeln lassen. Auch das leibliche Wohl kommt hier nicht zu kurz, denn dieses 4-Sterne-Hotel bietet eine Vielfalt an regionalen Spezialit\u00e4ten und Weinen. Bergamo erreichst du mit dem Auto innerhalb von einer Stunde.<\/p>\n\n\n\n<figure class=\"wp-block-gallery has-nested-images columns-default is-cropped wp-block-gallery-5 is-layout-flex wp-block-gallery-is-layout-flex\">\n<figure class=\"wp-block-image size-large\"><img loading=\"lazy\" decoding=\"async\" width=\"1024\" height=\"485\" data-id=\"25297\" src=\"https:\/\/blog.olimar.de\/wp-content\/uploads\/2023\/05\/VRN205-p-Pool2-1024x485.jpg\" alt=\"Hotel Relais Corte Cavalli Au\u00dfenansicht und Pool\" class=\"wp-image-25297\" srcset=\"https:\/\/blog.olimar.de\/wp-content\/uploads\/2023\/05\/VRN205-p-Pool2-1024x485.jpg 1024w, https:\/\/blog.olimar.de\/wp-content\/uploads\/2023\/05\/VRN205-p-Pool2-300x142.jpg 300w, https:\/\/blog.olimar.de\/wp-content\/uploads\/2023\/05\/VRN205-p-Pool2-768x364.jpg 768w, https:\/\/blog.olimar.de\/wp-content\/uploads\/2023\/05\/VRN205-p-Pool2.jpg 1291w\" sizes=\"auto, (max-width: 1024px) 100vw, 1024px\" \/><\/figure>\n\n\n\n<figure class=\"wp-block-image\"><img decoding=\"async\" src=\"https:\/\/blog.olimar.de\/wp-content\/uploads\/2023\/05\/VRN205-i-Weinkeller.jpg\" alt=\"Hotel Relais Corte Cavalli Weinkeller\"\/><\/figure>\n<\/figure>\n\n\n\n<div style=\"height:15px\" aria-hidden=\"true\" class=\"wp-block-spacer\"><\/div>\n\n\n\n<div class=\"wp-block-buttons is-layout-flex wp-block-buttons-is-layout-flex\">\n<div class=\"wp-block-button\"><a class=\"wp-block-button__link wp-element-button\" href=\"https:\/\/www.olimar.de\/vrn205\/\" target=\"_blank\" rel=\"noreferrer noopener\">Relais Corte Cavalli: mehr Infos &amp; Buchung<\/a><\/div>\n<\/div>\n\n\n\n<div style=\"height:15px\" aria-hidden=\"true\" class=\"wp-block-spacer\"><\/div>\n\n\n\n<h2>Unsere Hotel-Tipps f\u00fcr Brescia &amp; Umgebung<\/h2>\n\n\n\n<h3>Hotel Villa Rosa<\/h3>\n\n\n\n<p>Das <span class=\"ILfuVd\" lang=\"de\"><span class=\"hgKElc\">\u201e<\/span><\/span>Hotel Villa Rose&#8221; \u00fcberzeugt mit einem traumhaften Panoramablick \u00fcber den Gardasee. Das luxuri\u00f6se 4-Sterne-Haus bietet eine hochwertige Ausstattung, in welcher sich Materialien wie wei\u00dfer Marmor oder Leder wiederfinden. In der nahegelegene Stadt <span class=\"ILfuVd\" lang=\"de\"><span class=\"hgKElc\">\u201e<\/span><\/span>Desenzano&#8221; kannst du durch die diversen Ladenlokale schlendern oder die italienische K\u00fcche in einem der Restaurants genie\u00dfen. Hier befindet sich auch der Bahnhof, von welchem du Brescia innerhalb von 20 Minuten ganz komfortabel erreichst.<\/p>\n\n\n\n<figure class=\"wp-block-gallery has-nested-images columns-default is-cropped wp-block-gallery-6 is-layout-flex wp-block-gallery-is-layout-flex\">\n<figure class=\"wp-block-image size-large\"><img loading=\"lazy\" decoding=\"async\" width=\"1024\" height=\"683\" data-id=\"25277\" src=\"https:\/\/blog.olimar.de\/wp-content\/uploads\/2023\/05\/VRN106-a-Aussenansicht2018-1024x683.jpg\" alt=\"Au\u00dfenansicht Hotel Villa Rosa\" class=\"wp-image-25277\" srcset=\"https:\/\/blog.olimar.de\/wp-content\/uploads\/2023\/05\/VRN106-a-Aussenansicht2018-1024x683.jpg 1024w, https:\/\/blog.olimar.de\/wp-content\/uploads\/2023\/05\/VRN106-a-Aussenansicht2018-300x200.jpg 300w, https:\/\/blog.olimar.de\/wp-content\/uploads\/2023\/05\/VRN106-a-Aussenansicht2018-768x512.jpg 768w, https:\/\/blog.olimar.de\/wp-content\/uploads\/2023\/05\/VRN106-a-Aussenansicht2018-1536x1024.jpg 1536w, https:\/\/blog.olimar.de\/wp-content\/uploads\/2023\/05\/VRN106-a-Aussenansicht2018-840x560.jpg 840w, https:\/\/blog.olimar.de\/wp-content\/uploads\/2023\/05\/VRN106-a-Aussenansicht2018-1200x800.jpg 1200w, https:\/\/blog.olimar.de\/wp-content\/uploads\/2023\/05\/VRN106-a-Aussenansicht2018.jpg 1620w\" sizes=\"auto, (max-width: 1024px) 100vw, 1024px\" \/><\/figure>\n\n\n\n<figure class=\"wp-block-image size-large\"><img loading=\"lazy\" decoding=\"async\" width=\"1024\" height=\"683\" data-id=\"25276\" src=\"https:\/\/blog.olimar.de\/wp-content\/uploads\/2023\/05\/VRN106-p-Pool2021-1024x683.jpg\" alt=\"Hotel Villa Rosa Pool\" class=\"wp-image-25276\" srcset=\"https:\/\/blog.olimar.de\/wp-content\/uploads\/2023\/05\/VRN106-p-Pool2021-1024x683.jpg 1024w, https:\/\/blog.olimar.de\/wp-content\/uploads\/2023\/05\/VRN106-p-Pool2021-300x200.jpg 300w, https:\/\/blog.olimar.de\/wp-content\/uploads\/2023\/05\/VRN106-p-Pool2021-768x512.jpg 768w, https:\/\/blog.olimar.de\/wp-content\/uploads\/2023\/05\/VRN106-p-Pool2021-1536x1024.jpg 1536w, https:\/\/blog.olimar.de\/wp-content\/uploads\/2023\/05\/VRN106-p-Pool2021-840x560.jpg 840w, https:\/\/blog.olimar.de\/wp-content\/uploads\/2023\/05\/VRN106-p-Pool2021-1200x800.jpg 1200w, https:\/\/blog.olimar.de\/wp-content\/uploads\/2023\/05\/VRN106-p-Pool2021.jpg 1620w\" sizes=\"auto, (max-width: 1024px) 100vw, 1024px\" \/><\/figure>\n<\/figure>\n\n\n\n<div style=\"height:15px\" aria-hidden=\"true\" class=\"wp-block-spacer\"><\/div>\n\n\n\n<div class=\"wp-block-buttons is-layout-flex wp-block-buttons-is-layout-flex\">\n<div class=\"wp-block-button\"><a class=\"wp-block-button__link wp-element-button\" href=\"https:\/\/www.olimar.de\/vrn106\/\" target=\"_blank\" rel=\"noreferrer noopener\">Hotel Villa Rosa: mehr Infos &amp; Buchung<\/a><\/div>\n<\/div>\n\n\n\n<div style=\"height:15px\" aria-hidden=\"true\" class=\"wp-block-spacer\"><\/div>\n\n\n\n<h3><span lang=\"en-US\">Hotel Splendido Bay Luxury and Spa Resort<\/span><\/h3>\n\n\n\n<p>Das 5-Sterne Domizil <span class=\"ILfuVd\" lang=\"de\"><span class=\"hgKElc\">\u201e<\/span><\/span><span lang=\"en-US\">Hotel Splendido Bay Luxury and Spa Resort&#8221; <\/span>befindet sich direkt am Ufer des Gardasees. Die Unterkunft besticht durch eine moderne Einrichtung und drei au\u00dfergew\u00f6hnlich hochwertige Gourmet-Restaurants. Hier bleiben keine deiner W\u00fcnsche offen! Den Ort Desenzano erreichst du nach vier Kilometern. Von hier bringt dich der Zug in 20 Minuten nach Brescia.<\/p>\n\n\n\n<figure class=\"wp-block-gallery has-nested-images columns-default is-cropped wp-block-gallery-7 is-layout-flex wp-block-gallery-is-layout-flex\">\n<figure class=\"wp-block-image size-large\"><img loading=\"lazy\" decoding=\"async\" width=\"1024\" height=\"683\" data-id=\"25285\" src=\"https:\/\/blog.olimar.de\/wp-content\/uploads\/2023\/05\/VRN218-p-PoolThaiStyle2019-1-1024x683.jpg\" alt=\"Hotel Splendido Bay Luxury and Spa Resort Pool\" class=\"wp-image-25285\" srcset=\"https:\/\/blog.olimar.de\/wp-content\/uploads\/2023\/05\/VRN218-p-PoolThaiStyle2019-1-1024x683.jpg 1024w, https:\/\/blog.olimar.de\/wp-content\/uploads\/2023\/05\/VRN218-p-PoolThaiStyle2019-1-300x200.jpg 300w, https:\/\/blog.olimar.de\/wp-content\/uploads\/2023\/05\/VRN218-p-PoolThaiStyle2019-1-768x512.jpg 768w, https:\/\/blog.olimar.de\/wp-content\/uploads\/2023\/05\/VRN218-p-PoolThaiStyle2019-1-1536x1025.jpg 1536w, https:\/\/blog.olimar.de\/wp-content\/uploads\/2023\/05\/VRN218-p-PoolThaiStyle2019-1-840x560.jpg 840w, https:\/\/blog.olimar.de\/wp-content\/uploads\/2023\/05\/VRN218-p-PoolThaiStyle2019-1-1200x800.jpg 1200w, https:\/\/blog.olimar.de\/wp-content\/uploads\/2023\/05\/VRN218-p-PoolThaiStyle2019-1.jpg 1619w\" sizes=\"auto, (max-width: 1024px) 100vw, 1024px\" \/><\/figure>\n\n\n\n<figure class=\"wp-block-image size-large\"><img loading=\"lazy\" decoding=\"async\" width=\"1024\" height=\"683\" data-id=\"25284\" src=\"https:\/\/blog.olimar.de\/wp-content\/uploads\/2023\/05\/VRN218-z-JuniorSuiteC2017-1-1024x683.jpg\" alt=\"Hotel Splendido Bay Luxury and Spa Resort Zimmerbeispiel\" class=\"wp-image-25284\" srcset=\"https:\/\/blog.olimar.de\/wp-content\/uploads\/2023\/05\/VRN218-z-JuniorSuiteC2017-1-1024x683.jpg 1024w, https:\/\/blog.olimar.de\/wp-content\/uploads\/2023\/05\/VRN218-z-JuniorSuiteC2017-1-300x200.jpg 300w, https:\/\/blog.olimar.de\/wp-content\/uploads\/2023\/05\/VRN218-z-JuniorSuiteC2017-1-768x512.jpg 768w, https:\/\/blog.olimar.de\/wp-content\/uploads\/2023\/05\/VRN218-z-JuniorSuiteC2017-1-1536x1024.jpg 1536w, https:\/\/blog.olimar.de\/wp-content\/uploads\/2023\/05\/VRN218-z-JuniorSuiteC2017-1-840x560.jpg 840w, https:\/\/blog.olimar.de\/wp-content\/uploads\/2023\/05\/VRN218-z-JuniorSuiteC2017-1-1200x800.jpg 1200w, https:\/\/blog.olimar.de\/wp-content\/uploads\/2023\/05\/VRN218-z-JuniorSuiteC2017-1.jpg 1620w\" sizes=\"auto, (max-width: 1024px) 100vw, 1024px\" \/><\/figure>\n<\/figure>\n\n\n\n<div style=\"height:15px\" aria-hidden=\"true\" class=\"wp-block-spacer\"><\/div>\n\n\n\n<div class=\"wp-block-buttons is-layout-flex wp-block-buttons-is-layout-flex\">\n<div class=\"wp-block-button\"><a class=\"wp-block-button__link wp-element-button\" href=\"https:\/\/www.olimar.de\/vrn218\/\" target=\"_blank\" rel=\"noreferrer noopener\">Hotel Splendido Bay Luxury and Spa Resort: mehr Infos &amp; Buchung<\/a><\/div>\n<\/div>\n\n\n\n<div style=\"height:15px\" aria-hidden=\"true\" class=\"wp-block-spacer\"><\/div>\n\n\n\n<h3>Active Hotel Paradiso &amp; Golf<\/h3>\n\n\n\n<p>Golfliebhaber kommen in diesem 4-Sterne-Hotel voll auf ihre Kosten. Direkt neben dem Hotel befindet sich n\u00e4mlich der 800.000 m<sup>2 <\/sup>gro\u00dfe Golf Club <span class=\"ILfuVd\" lang=\"de\"><span class=\"hgKElc\">\u201e<\/span><\/span>Paradiso del Garda&#8221;. Zus\u00e4tzlich ist die Unterkunft eine ideale Ausgangslage f\u00fcr Outdoor-Aktivit\u00e4ten aller Art von Rad- bis Wassersport. Das Stadtzentrum von Peschiera erreichst du innerhalb von vier Kilometern. Von hier aus bringt dich der Zug in 20 Minuten nach Brescia<\/p>\n\n\n\n<figure class=\"wp-block-gallery has-nested-images columns-default is-cropped wp-block-gallery-8 is-layout-flex wp-block-gallery-is-layout-flex\">\n<figure class=\"wp-block-image size-large\"><img loading=\"lazy\" decoding=\"async\" width=\"1024\" height=\"768\" data-id=\"25288\" src=\"https:\/\/blog.olimar.de\/wp-content\/uploads\/2023\/05\/VRN190-a-Eingangsbereich2021-1024x768.jpg\" alt=\"Active Hotel Paradiso &amp; Golf Au\u00dfenansicht\" class=\"wp-image-25288\" srcset=\"https:\/\/blog.olimar.de\/wp-content\/uploads\/2023\/05\/VRN190-a-Eingangsbereich2021-1024x768.jpg 1024w, https:\/\/blog.olimar.de\/wp-content\/uploads\/2023\/05\/VRN190-a-Eingangsbereich2021-300x225.jpg 300w, https:\/\/blog.olimar.de\/wp-content\/uploads\/2023\/05\/VRN190-a-Eingangsbereich2021-768x576.jpg 768w, https:\/\/blog.olimar.de\/wp-content\/uploads\/2023\/05\/VRN190-a-Eingangsbereich2021.jpg 1440w\" sizes=\"auto, (max-width: 1024px) 100vw, 1024px\" \/><\/figure>\n\n\n\n<figure class=\"wp-block-image size-large\"><img loading=\"lazy\" decoding=\"async\" width=\"1024\" height=\"768\" data-id=\"25289\" src=\"https:\/\/blog.olimar.de\/wp-content\/uploads\/2023\/05\/VRN190-p-Pool2021-1024x768.jpg\" alt=\"Active Hotel Paradiso &amp; Golf Pool\" class=\"wp-image-25289\" srcset=\"https:\/\/blog.olimar.de\/wp-content\/uploads\/2023\/05\/VRN190-p-Pool2021-1024x768.jpg 1024w, https:\/\/blog.olimar.de\/wp-content\/uploads\/2023\/05\/VRN190-p-Pool2021-300x225.jpg 300w, https:\/\/blog.olimar.de\/wp-content\/uploads\/2023\/05\/VRN190-p-Pool2021-768x576.jpg 768w, https:\/\/blog.olimar.de\/wp-content\/uploads\/2023\/05\/VRN190-p-Pool2021.jpg 1440w\" sizes=\"auto, (max-width: 1024px) 100vw, 1024px\" \/><\/figure>\n<\/figure>\n\n\n\n<div style=\"height:15px\" aria-hidden=\"true\" class=\"wp-block-spacer\"><\/div>\n\n\n\n<div class=\"wp-block-buttons is-layout-flex wp-block-buttons-is-layout-flex\">\n<div class=\"wp-block-button\"><a class=\"wp-block-button__link wp-element-button\" href=\"https:\/\/www.olimar.de\/vrn190\/\" target=\"_blank\" rel=\"noreferrer noopener\">Active Hotel Paradiso &amp; Golf: mehr Infos &amp; Buchung<\/a><\/div>\n<\/div>\n\n\n\n<div style=\"height:15px\" aria-hidden=\"true\" class=\"wp-block-spacer\"><\/div>\n\n\n\n<h2>Unser Tipp f\u00fcr Schaumwein-Liebhaber<\/h2>\n<p>OLIMAR hat eine Rundreise mit dem Titel <a href=\"https:\/\/www.olimar.de\/trnx08\/\">\u201ePrickelndes Norditalien&#8221;<\/a> im Programm, die dir rund um den Iseosee den Franciacorta Schaumwein auf sch\u00f6nste Art und Weise n\u00e4her bringt.<\/p>\n\n\n\n<div class=\"wp-block-buttons is-layout-flex wp-block-buttons-is-layout-flex\">\n<div class=\"wp-block-button\"><a class=\"wp-block-button__link wp-element-button\" href=\"https:\/\/www.olimar.de\/hotellistung\/\" target=\"_blank\" rel=\"noreferrer noopener\">Jetzt Urlaubsangebote finden und buchen<\/a><\/div>\n<\/div>\n\n\n","protected":false},"excerpt":{"rendered":"<p>Komm mit uns auf eine Reise in diese zwei wundersch\u00f6nen St\u00e4dte Norditaliens, die aus mehreren guten Gr\u00fcnden 2023 ins Rampenlicht r\u00fccken!<\/p>\n","protected":false},"author":18,"featured_media":25324,"comment_status":"open","ping_status":"open","sticky":false,"template":"","format":"standard","meta":{"_crdt_document":"","_lmt_disableupdate":"","_lmt_disable":"","footnotes":""},"categories":[1,32,28,195,165],"tags":[326,327,35,20],"class_list":["post-25160","post","type-post","status-publish","format-standard","has-post-thumbnail","hentry","category-allgemein","category-hoteltipps","category-kunst-kultur","category-reisenews","category-reisethemen","tag-bergamo","tag-brescia","tag-italien","tag-slider"],"yoast_head":"<!-- This site is optimized with the Yoast SEO plugin v26.9 - https:\/\/yoast.com\/product\/yoast-seo-wordpress\/ -->\n<title>Tipps f\u00fcr Bergamo &amp; Brescia: Kulturhauptst\u00e4dte von Italien 2023<\/title>\n<meta name=\"description\" content=\"Bergamo und Brescia sind die Kulturhauptst\u00e4dte von Italien im Jahr 2023. Was du dort nicht verpassen solltest, verraten wir dir hier!\" \/>\n<meta name=\"robots\" content=\"index, follow, max-snippet:-1, max-image-preview:large, max-video-preview:-1\" \/>\n<link rel=\"canonical\" href=\"https:\/\/blog.olimar.de\/bergamo-brescia-kulturhauptstaedte-italien-2023\/\" \/>\n<meta property=\"og:locale\" content=\"de_DE\" \/>\n<meta property=\"og:type\" content=\"article\" \/>\n<meta property=\"og:title\" content=\"Tipps f\u00fcr Bergamo &amp; Brescia: Kulturhauptst\u00e4dte von Italien 2023\" \/>\n<meta property=\"og:description\" content=\"Bergamo und Brescia sind die Kulturhauptst\u00e4dte von Italien im Jahr 2023. Was du dort nicht verpassen solltest, verraten wir dir hier!\" \/>\n<meta property=\"og:url\" content=\"https:\/\/blog.olimar.de\/bergamo-brescia-kulturhauptstaedte-italien-2023\/\" \/>\n<meta property=\"article:publisher\" content=\"https:\/\/www.facebook.com\/OlimarReisen\" \/>\n<meta property=\"article:published_time\" content=\"2023-05-24T11:06:09+00:00\" \/>\n<meta property=\"article:modified_time\" content=\"2023-06-01T09:17:11+00:00\" \/>\n<meta property=\"og:image\" content=\"https:\/\/blog.olimar.de\/wp-content\/uploads\/2023\/05\/bergamo-brescia-kulturhauptstaedte-italien-2023.jpg\" \/>\n\t<meta property=\"og:image:width\" content=\"1280\" \/>\n\t<meta property=\"og:image:height\" content=\"720\" \/>\n\t<meta property=\"og:image:type\" content=\"image\/jpeg\" \/>\n<meta name=\"author\" content=\"Viorica Schmidinger\" \/>\n<meta name=\"twitter:label1\" content=\"Verfasst von\" \/>\n\t<meta name=\"twitter:data1\" content=\"Viorica Schmidinger\" \/>\n\t<meta name=\"twitter:label2\" content=\"Gesch\u00e4tzte Lesezeit\" \/>\n\t<meta name=\"twitter:data2\" content=\"9\u00a0Minuten\" \/>\n<script type=\"application\/ld+json\" class=\"yoast-schema-graph\">{\"@context\":\"https:\/\/schema.org\",\"@graph\":[{\"@type\":\"WebPage\",\"@id\":\"https:\/\/blog.olimar.de\/bergamo-brescia-kulturhauptstaedte-italien-2023\/\",\"url\":\"https:\/\/blog.olimar.de\/bergamo-brescia-kulturhauptstaedte-italien-2023\/\",\"name\":\"Tipps f\u00fcr Bergamo & Brescia: Kulturhauptst\u00e4dte von Italien 2023\",\"isPartOf\":{\"@id\":\"https:\/\/blog.olimar.de\/#website\"},\"primaryImageOfPage\":{\"@id\":\"https:\/\/blog.olimar.de\/bergamo-brescia-kulturhauptstaedte-italien-2023\/#primaryimage\"},\"image\":{\"@id\":\"https:\/\/blog.olimar.de\/bergamo-brescia-kulturhauptstaedte-italien-2023\/#primaryimage\"},\"thumbnailUrl\":\"https:\/\/blog.olimar.de\/wp-content\/uploads\/2023\/05\/bergamo-brescia-kulturhauptstaedte-italien-2023.jpg\",\"datePublished\":\"2023-05-24T11:06:09+00:00\",\"dateModified\":\"2023-06-01T09:17:11+00:00\",\"description\":\"Bergamo und Brescia sind die Kulturhauptst\u00e4dte von Italien im Jahr 2023. Was du dort nicht verpassen solltest, verraten wir dir hier!\",\"breadcrumb\":{\"@id\":\"https:\/\/blog.olimar.de\/bergamo-brescia-kulturhauptstaedte-italien-2023\/#breadcrumb\"},\"inLanguage\":\"de\",\"potentialAction\":[{\"@type\":\"ReadAction\",\"target\":[\"https:\/\/blog.olimar.de\/bergamo-brescia-kulturhauptstaedte-italien-2023\/\"]}]},{\"@type\":\"ImageObject\",\"inLanguage\":\"de\",\"@id\":\"https:\/\/blog.olimar.de\/bergamo-brescia-kulturhauptstaedte-italien-2023\/#primaryimage\",\"url\":\"https:\/\/blog.olimar.de\/wp-content\/uploads\/2023\/05\/bergamo-brescia-kulturhauptstaedte-italien-2023.jpg\",\"contentUrl\":\"https:\/\/blog.olimar.de\/wp-content\/uploads\/2023\/05\/bergamo-brescia-kulturhauptstaedte-italien-2023.jpg\",\"width\":1280,\"height\":720,\"caption\":\"Bergamo und Brescia sind die Kulturhauptst\u00e4dte Italiens 2023\"},{\"@type\":\"BreadcrumbList\",\"@id\":\"https:\/\/blog.olimar.de\/bergamo-brescia-kulturhauptstaedte-italien-2023\/#breadcrumb\",\"itemListElement\":[{\"@type\":\"ListItem\",\"position\":1,\"name\":\"Home\",\"item\":\"https:\/\/blog.olimar.de\/\"},{\"@type\":\"ListItem\",\"position\":2,\"name\":\"Bergamo\",\"item\":\"https:\/\/blog.olimar.de\/tag\/bergamo\/\"},{\"@type\":\"ListItem\",\"position\":3,\"name\":\"Bergamo &#038; Brescia: Die besten Tipps &#038; sch\u00f6nsten Hotels in Italiens Kulturhauptst\u00e4dten 2023\"}]},{\"@type\":\"WebSite\",\"@id\":\"https:\/\/blog.olimar.de\/#website\",\"url\":\"https:\/\/blog.olimar.de\/\",\"name\":\"OLIMAR.com\",\"description\":\"\",\"publisher\":{\"@id\":\"https:\/\/blog.olimar.de\/#organization\"},\"potentialAction\":[{\"@type\":\"SearchAction\",\"target\":{\"@type\":\"EntryPoint\",\"urlTemplate\":\"https:\/\/blog.olimar.de\/?s={search_term_string}\"},\"query-input\":{\"@type\":\"PropertyValueSpecification\",\"valueRequired\":true,\"valueName\":\"search_term_string\"}}],\"inLanguage\":\"de\"},{\"@type\":\"Organization\",\"@id\":\"https:\/\/blog.olimar.de\/#organization\",\"name\":\"OLIMAR Reisen\",\"url\":\"https:\/\/blog.olimar.de\/\",\"logo\":{\"@type\":\"ImageObject\",\"inLanguage\":\"de\",\"@id\":\"https:\/\/blog.olimar.de\/#\/schema\/logo\/image\/\",\"url\":\"https:\/\/blog.olimar.de\/wp-content\/uploads\/2021\/01\/OLIMAR_Logo_COLOR.png\",\"contentUrl\":\"https:\/\/blog.olimar.de\/wp-content\/uploads\/2021\/01\/OLIMAR_Logo_COLOR.png\",\"width\":2000,\"height\":986,\"caption\":\"OLIMAR Reisen\"},\"image\":{\"@id\":\"https:\/\/blog.olimar.de\/#\/schema\/logo\/image\/\"},\"sameAs\":[\"https:\/\/www.facebook.com\/OlimarReisen\",\"https:\/\/x.com\/olimarrreisen\",\"https:\/\/www.instagram.com\/olimarreisen\",\"https:\/\/www.youtube.com\/user\/olimarreisen\"]}]}<\/script>\n<!-- \/ Yoast SEO plugin. -->","yoast_head_json":{"title":"Tipps f\u00fcr Bergamo & Brescia: Kulturhauptst\u00e4dte von Italien 2023","description":"Bergamo und Brescia sind die Kulturhauptst\u00e4dte von Italien im Jahr 2023. Was du dort nicht verpassen solltest, verraten wir dir hier!","robots":{"index":"index","follow":"follow","max-snippet":"max-snippet:-1","max-image-preview":"max-image-preview:large","max-video-preview":"max-video-preview:-1"},"canonical":"https:\/\/blog.olimar.de\/bergamo-brescia-kulturhauptstaedte-italien-2023\/","og_locale":"de_DE","og_type":"article","og_title":"Tipps f\u00fcr Bergamo & Brescia: Kulturhauptst\u00e4dte von Italien 2023","og_description":"Bergamo und Brescia sind die Kulturhauptst\u00e4dte von Italien im Jahr 2023. Was du dort nicht verpassen solltest, verraten wir dir hier!","og_url":"https:\/\/blog.olimar.de\/bergamo-brescia-kulturhauptstaedte-italien-2023\/","article_publisher":"https:\/\/www.facebook.com\/OlimarReisen","article_published_time":"2023-05-24T11:06:09+00:00","article_modified_time":"2023-06-01T09:17:11+00:00","og_image":[{"width":1280,"height":720,"url":"https:\/\/blog.olimar.de\/wp-content\/uploads\/2023\/05\/bergamo-brescia-kulturhauptstaedte-italien-2023.jpg","type":"image\/jpeg"}],"author":"Viorica Schmidinger","twitter_misc":{"Verfasst von":"Viorica Schmidinger","Gesch\u00e4tzte Lesezeit":"9\u00a0Minuten"},"schema":{"@context":"https:\/\/schema.org","@graph":[{"@type":"WebPage","@id":"https:\/\/blog.olimar.de\/bergamo-brescia-kulturhauptstaedte-italien-2023\/","url":"https:\/\/blog.olimar.de\/bergamo-brescia-kulturhauptstaedte-italien-2023\/","name":"Tipps f\u00fcr Bergamo & Brescia: Kulturhauptst\u00e4dte von Italien 2023","isPartOf":{"@id":"https:\/\/blog.olimar.de\/#website"},"primaryImageOfPage":{"@id":"https:\/\/blog.olimar.de\/bergamo-brescia-kulturhauptstaedte-italien-2023\/#primaryimage"},"image":{"@id":"https:\/\/blog.olimar.de\/bergamo-brescia-kulturhauptstaedte-italien-2023\/#primaryimage"},"thumbnailUrl":"https:\/\/blog.olimar.de\/wp-content\/uploads\/2023\/05\/bergamo-brescia-kulturhauptstaedte-italien-2023.jpg","datePublished":"2023-05-24T11:06:09+00:00","dateModified":"2023-06-01T09:17:11+00:00","description":"Bergamo und Brescia sind die Kulturhauptst\u00e4dte von Italien im Jahr 2023. Was du dort nicht verpassen solltest, verraten wir dir hier!","breadcrumb":{"@id":"https:\/\/blog.olimar.de\/bergamo-brescia-kulturhauptstaedte-italien-2023\/#breadcrumb"},"inLanguage":"de","potentialAction":[{"@type":"ReadAction","target":["https:\/\/blog.olimar.de\/bergamo-brescia-kulturhauptstaedte-italien-2023\/"]}]},{"@type":"ImageObject","inLanguage":"de","@id":"https:\/\/blog.olimar.de\/bergamo-brescia-kulturhauptstaedte-italien-2023\/#primaryimage","url":"https:\/\/blog.olimar.de\/wp-content\/uploads\/2023\/05\/bergamo-brescia-kulturhauptstaedte-italien-2023.jpg","contentUrl":"https:\/\/blog.olimar.de\/wp-content\/uploads\/2023\/05\/bergamo-brescia-kulturhauptstaedte-italien-2023.jpg","width":1280,"height":720,"caption":"Bergamo und Brescia sind die Kulturhauptst\u00e4dte Italiens 2023"},{"@type":"BreadcrumbList","@id":"https:\/\/blog.olimar.de\/bergamo-brescia-kulturhauptstaedte-italien-2023\/#breadcrumb","itemListElement":[{"@type":"ListItem","position":1,"name":"Home","item":"https:\/\/blog.olimar.de\/"},{"@type":"ListItem","position":2,"name":"Bergamo","item":"https:\/\/blog.olimar.de\/tag\/bergamo\/"},{"@type":"ListItem","position":3,"name":"Bergamo &#038; Brescia: Die besten Tipps &#038; sch\u00f6nsten Hotels in Italiens Kulturhauptst\u00e4dten 2023"}]},{"@type":"WebSite","@id":"https:\/\/blog.olimar.de\/#website","url":"https:\/\/blog.olimar.de\/","name":"OLIMAR.com","description":"","publisher":{"@id":"https:\/\/blog.olimar.de\/#organization"},"potentialAction":[{"@type":"SearchAction","target":{"@type":"EntryPoint","urlTemplate":"https:\/\/blog.olimar.de\/?s={search_term_string}"},"query-input":{"@type":"PropertyValueSpecification","valueRequired":true,"valueName":"search_term_string"}}],"inLanguage":"de"},{"@type":"Organization","@id":"https:\/\/blog.olimar.de\/#organization","name":"OLIMAR Reisen","url":"https:\/\/blog.olimar.de\/","logo":{"@type":"ImageObject","inLanguage":"de","@id":"https:\/\/blog.olimar.de\/#\/schema\/logo\/image\/","url":"https:\/\/blog.olimar.de\/wp-content\/uploads\/2021\/01\/OLIMAR_Logo_COLOR.png","contentUrl":"https:\/\/blog.olimar.de\/wp-content\/uploads\/2021\/01\/OLIMAR_Logo_COLOR.png","width":2000,"height":986,"caption":"OLIMAR Reisen"},"image":{"@id":"https:\/\/blog.olimar.de\/#\/schema\/logo\/image\/"},"sameAs":["https:\/\/www.facebook.com\/OlimarReisen","https:\/\/x.com\/olimarrreisen","https:\/\/www.instagram.com\/olimarreisen","https:\/\/www.youtube.com\/user\/olimarreisen"]}]}},"modified_by":"Julia Windh\u00f6vel","jetpack_featured_media_url":"https:\/\/blog.olimar.de\/wp-content\/uploads\/2023\/05\/bergamo-brescia-kulturhauptstaedte-italien-2023.jpg","_links":{"self":[{"href":"https:\/\/blog.olimar.de\/wp-json\/wp\/v2\/posts\/25160","targetHints":{"allow":["GET"]}}],"collection":[{"href":"https:\/\/blog.olimar.de\/wp-json\/wp\/v2\/posts"}],"about":[{"href":"https:\/\/blog.olimar.de\/wp-json\/wp\/v2\/types\/post"}],"author":[{"embeddable":true,"href":"https:\/\/blog.olimar.de\/wp-json\/wp\/v2\/users\/18"}],"replies":[{"embeddable":true,"href":"https:\/\/blog.olimar.de\/wp-json\/wp\/v2\/comments?post=25160"}],"version-history":[{"count":54,"href":"https:\/\/blog.olimar.de\/wp-json\/wp\/v2\/posts\/25160\/revisions"}],"predecessor-version":[{"id":25787,"href":"https:\/\/blog.olimar.de\/wp-json\/wp\/v2\/posts\/25160\/revisions\/25787"}],"wp:featuredmedia":[{"embeddable":true,"href":"https:\/\/blog.olimar.de\/wp-json\/wp\/v2\/media\/25324"}],"wp:attachment":[{"href":"https:\/\/blog.olimar.de\/wp-json\/wp\/v2\/media?parent=25160"}],"wp:term":[{"taxonomy":"category","embeddable":true,"href":"https:\/\/blog.olimar.de\/wp-json\/wp\/v2\/categories?post=25160"},{"taxonomy":"post_tag","embeddable":true,"href":"https:\/\/blog.olimar.de\/wp-json\/wp\/v2\/tags?post=25160"}],"curies":[{"name":"wp","href":"https:\/\/api.w.org\/{rel}","templated":true}]}}