{"id":2594,"date":"2015-09-18T15:09:25","date_gmt":"2015-09-18T13:09:25","guid":{"rendered":"https:\/\/blog.olimar.de\/?p=2594"},"modified":"2016-07-29T17:40:42","modified_gmt":"2016-07-29T15:40:42","slug":"wein-kunst-algarve","status":"publish","type":"post","link":"https:\/\/blog.olimar.de\/wein-kunst-algarve\/","title":{"rendered":"Wein trifft Kunst an der Algarve"},"content":{"rendered":"<p class=\"intro\">Ob Rotwein, Wei\u00dfwein oder Ros\u00e9: Auf der Quinta dos Vales k\u00f6nnen Besucher die Produktion von neuen Algarve-Weinen kennenlernen. Ihr Entwickler Karl-Heinz Stock hat sich auf das Experimentieren mit edlen Rebsorten spezialisiert. Und kreiert gleich die passende Kunst dazu: Auf dem Grundst\u00fcck befinden sich zahlreiche Skulpturen aus der eigenen Manufaktur.<\/p>\n<p>Karl-Heinz Stock lebt mit seiner Familie seit 1996 an der <a href=\"https:\/\/www.olimar.de\/portugal\/algarve\/\" target=\"_blank\">Algarve<\/a>. Den ehemaligen Banker, Bauprojektleiter und Chef eines \u00d6lunternehmens hat es wegen der Ruhe, der Natur und den Menschen nach Portugal gezogen, sagt er, aber auch wegen einer neuen \u201eChallenge\u201c \u2013 dem Weinanbau in einer hierf\u00fcr weniger bekannten Region.<\/p>\n<p><strong>Sonnenseiten-Redakteurin Evelyn Steinbach sprach mit ihm \u00fcber sein neues Projekt.<\/strong><\/p>\n<p>&nbsp;<\/p>\n<p><strong>Was ist das Besondere an Algarve-Weinen im Vergleich zu bekannten Sorten aus dem Alentejo und Nordportugal?<\/strong><\/p>\n<p><em>Zum einen ist es das Klima und die unterschiedliche Bodenzusammensetzung. Im Norden von Portugal ist es k\u00e4lter und regenreicher. Der Douro-Fluss hat eine gleich bleibende Temperatur, w\u00e4hrend die H\u00e4nge je nach Jahreszeit aufheizen oder abk\u00fchlen. Dies bringt wiederum Winde mit sich, die die Entwicklung der Trauben beeinflussen. Die Weinbauer sind sehr routiniert darin, mit den Gegebenheiten guten Wein herzustellen.<\/em><br \/>\n<em> In der Mitte Portugals, vor allem im Alentejo, ist es hei\u00dfer im Sommer und k\u00e4lter im Winter. Das bringt sehr fruchtige und schwere Weine mit sich, die die Region ber\u00fchmt gemacht haben.<\/em><br \/>\n<em> Die Algarve schafft gute M\u00f6glichkeiten f\u00fcr au\u00dferordentliche Weine. Verk\u00fcrzt ist dies auf die Meeresn\u00e4he mit permanent frischen Brisen zur\u00fcckzuf\u00fchren, die eine zu starke Aufheizung der Weinst\u00f6cke verhindern. Sowie das Monchique-Gebirge, das die Zentral-Algarve vor den harten und kalten St\u00fcrmen des Nordens sch\u00fctzt.<\/em><\/p>\n<p><em>Unter den guten Weinbauern an der Algarve finden sich heute eher Entrepreneur, die etwas Neues schaffen wollen. Das ist aus meiner Sicht die wesentliche Abgrenzung der Weine aus unserer Region zu anderen.<\/em><\/p>\n<p><strong>Unabh\u00e4ngig vom Label. Woran erkennt der Kenner einen Wein von der Algarve?<\/strong><\/p>\n<p><em>Was die Spitzenweine der Algarve anders macht ist die Experimentierfreudigkeit der neuen Weinproduzenten. Einer meiner Konkurrenten baut seine Weine sehr stark auf franz\u00f6sische Art aus und hat bewusst auf schieferhaltigen B\u00f6den angepflanzt, was einen sehr mineralreichen Wein erzeugt. Ein anderer l\u00e4sst seine Weine l\u00e4nger als gew\u00f6hnlich auf der Maische liegen, um damit mehr Gerbstoffe und Farbe aus den Schalen zu ziehen. Meine Weine liegen eher dazwischen, da ich versuche, m\u00f6glichst wenig einzugreifen und sie eher naturbelassen ausbaue. Unter meinen 15 unterschiedlichen Weinen gibt es nur wenige, die frucht\u00fcberladen sind, zu viele Termine haben, oder \u00fcberm\u00e4\u00dfigen Alkohol. Die Eigenheiten der einzelnen Rebsorten soll man noch herausschmecken k\u00f6nnen. So sind die meisten meiner Weine Graces, also rebsortenreine Weine, oder Weine aus zwei Rebsorten der DUO-Reihe.<\/em><\/p>\n<p><strong>Vor allem im S\u00fcden Portugals wird traditionell der Rotwein bevorzugt. Wie reagieren die Portugiesen auf Ihre Wei\u00dfweine?<\/strong><\/p>\n<p><em>Da bin ich schon etwas stolz, denn vor meiner Zeit waren Wei\u00dfweine der Algarve nicht gerade ber\u00fchmt. Wir haben bereits im zweiten Jahr unseres Bestehens die erste internationale Goldmedaille f\u00fcr einen Wei\u00dfwein bekommen. Ich war immer davon \u00fcberzeugt, dass dies m\u00f6glich sein sollte und zwar ausschlie\u00dflich durch die entsprechende Qualit\u00e4tsauslese sowohl in den Weinbergen als auch im Weinkeller und eine strikte temperaturkontrollierte Ernte.<\/em><\/p>\n<p><strong>Sie pr\u00e4sentieren einige au\u00dfergew\u00f6hnliche Skulpturen auf Ihrem Weingut. Wie passen Wein und Kunst zusammen?<\/strong><\/p>\n<p><em>Kunst und Wein haben eigentlich schon immer eine Symbiose gebildet. Von Seiten des Verbrauchers ist es der Genuss von hoffentlich etwas Au\u00dfergew\u00f6hnlichem, von Seiten des Schaffenden macht es keinen gro\u00dfen Unterschied, ob man ein Kunstwerk schafft oder einen au\u00dfergew\u00f6hnlichen Wein. Beides erfordert eine intensive Planung mit einer klaren Zielvorstellung.<\/em><\/p>\n<p><strong>Wie w\u00e4hlen Sie die Kunstwerke aus?<\/strong><\/p>\n<p><em>Eigentlich w\u00e4hle ich die Kunstwerke nicht aus, da die meisten der auf der Farm ausgestellten Arbeiten von mir entwickelt wurden. Erst die Idee und danach die \u00dcberlegung, wie diese umgesetzt werden kann. In diesem Sinne sind unsere Skulpturen nicht nach einem bestimmten Schema ausgew\u00e4hlt sondern das Ergebnis meiner Erfahrungen.<\/em><\/p>\n<div class=\"green-box\">Quinta dos Vales<br \/>\nSitio dos Vales, Caixa Postal 112<br \/>\n8400-031 Estombar, Lagoa<br \/>\nPortugal (Algarve)<br \/>\n<a href=\"http:\/\/www.quintadosvales.eu\">www.quintadosvales.eu<\/a> <\/div>\n<div id='gallery-1' class='gallery galleryid-2594 gallery-columns-3 gallery-size-thumbnail'><dl class='gallery-item'>\n\t\t\t<dt class='gallery-icon landscape'>\n\t\t\t\t<img loading=\"lazy\" decoding=\"async\" width=\"150\" height=\"150\" src=\"https:\/\/blog.olimar.de\/wp-content\/uploads\/2015\/08\/khs_photo_with_cow_1-150x150.jpg\" class=\"attachment-thumbnail size-thumbnail\" alt=\"Karl-Heinz Stock vor einer seiner Skulpturen\" srcset=\"https:\/\/blog.olimar.de\/wp-content\/uploads\/2015\/08\/khs_photo_with_cow_1-150x150.jpg 150w, https:\/\/blog.olimar.de\/wp-content\/uploads\/2015\/08\/khs_photo_with_cow_1-120x120.jpg 120w\" sizes=\"auto, (max-width: 150px) 100vw, 150px\" \/>\n\t\t\t<\/dt><\/dl><dl class='gallery-item'>\n\t\t\t<dt class='gallery-icon landscape'>\n\t\t\t\t<img loading=\"lazy\" decoding=\"async\" width=\"150\" height=\"150\" src=\"https:\/\/blog.olimar.de\/wp-content\/uploads\/2015\/08\/IMG_5650_2-150x150.jpg\" class=\"attachment-thumbnail size-thumbnail\" alt=\"Weinauswahl von Algarve-Weinen\" srcset=\"https:\/\/blog.olimar.de\/wp-content\/uploads\/2015\/08\/IMG_5650_2-150x150.jpg 150w, https:\/\/blog.olimar.de\/wp-content\/uploads\/2015\/08\/IMG_5650_2-120x120.jpg 120w\" sizes=\"auto, (max-width: 150px) 100vw, 150px\" \/>\n\t\t\t<\/dt><\/dl><dl class='gallery-item'>\n\t\t\t<dt class='gallery-icon landscape'>\n\t\t\t\t<img loading=\"lazy\" decoding=\"async\" width=\"150\" height=\"150\" src=\"https:\/\/blog.olimar.de\/wp-content\/uploads\/2015\/08\/Quinta_dos_Vales_by_Helio_Ramos_08-2010_5878-150x150.jpg\" class=\"attachment-thumbnail size-thumbnail\" alt=\"Skulpturengarten von Karl-Heinz Stock an der Algarve\" srcset=\"https:\/\/blog.olimar.de\/wp-content\/uploads\/2015\/08\/Quinta_dos_Vales_by_Helio_Ramos_08-2010_5878-150x150.jpg 150w, https:\/\/blog.olimar.de\/wp-content\/uploads\/2015\/08\/Quinta_dos_Vales_by_Helio_Ramos_08-2010_5878-120x120.jpg 120w\" sizes=\"auto, (max-width: 150px) 100vw, 150px\" \/>\n\t\t\t<\/dt><\/dl><br style=\"clear: both\" \/>\n\t\t<\/div>\n\n","protected":false},"excerpt":{"rendered":"<p>Ob Rotwein, Wei\u00dfwein oder Ros\u00e9: Auf der Quinta dos Vales k\u00f6nnen Besucher die Produktion von neuen Algarve-Weinen kennenlernen. Ihr Entwickler Karl-Heinz Stock hat sich auf das Experimentieren mit edlen Rebsorten spezialisiert. Und kreiert gleich die passende Kunst dazu: Auf dem Grundst\u00fcck befinden sich zahlreiche Skulpturen aus der eigenen Manufaktur. Karl-Heinz Stock lebt mit seiner Familie seit 1996 an der Algarve. Den ehemaligen Banker, Bauprojektleiter und Chef eines \u00d6lunternehmens hat es wegen der Ruhe, der Natur und den Menschen nach Portugal gezogen, sagt er, aber auch wegen einer neuen \u201eChallenge\u201c \u2013 dem Weinanbau in einer hierf\u00fcr weniger bekannten Region. Sonnenseiten-Redakteurin Evelyn Steinbach &hellip;<\/p>\n","protected":false},"author":3,"featured_media":3025,"comment_status":"open","ping_status":"open","sticky":false,"template":"","format":"standard","meta":{"_crdt_document":"","_lmt_disableupdate":"","_lmt_disable":"","footnotes":""},"categories":[30,28],"tags":[24,34],"class_list":["post-2594","post","type-post","status-publish","format-standard","has-post-thumbnail","hentry","category-kulinarik-genuss","category-kunst-kultur","tag-algarve","tag-portugal"],"yoast_head":"<!-- This site is optimized with the Yoast SEO plugin v26.9 - https:\/\/yoast.com\/product\/yoast-seo-wordpress\/ -->\n<title>Wein trifft Kunst an der Algarve -<\/title>\n<meta name=\"description\" content=\"Auf der Quinta dos Vales an der Algarve erz\u00e4hlt Karl-Heinz Storck wie Kunst und Wein zusammenpassen und vieles Spannendes mehr.\" \/>\n<meta name=\"robots\" content=\"index, follow, max-snippet:-1, max-image-preview:large, max-video-preview:-1\" \/>\n<link rel=\"canonical\" href=\"https:\/\/blog.olimar.de\/wein-kunst-algarve\/\" \/>\n<meta property=\"og:locale\" content=\"de_DE\" \/>\n<meta property=\"og:type\" content=\"article\" \/>\n<meta property=\"og:title\" content=\"Wein trifft Kunst an der Algarve -\" \/>\n<meta property=\"og:description\" content=\"Auf der Quinta dos Vales an der Algarve erz\u00e4hlt Karl-Heinz Storck wie Kunst und Wein zusammenpassen und vieles Spannendes mehr.\" \/>\n<meta property=\"og:url\" content=\"https:\/\/blog.olimar.de\/wein-kunst-algarve\/\" \/>\n<meta property=\"article:publisher\" content=\"https:\/\/www.facebook.com\/OlimarReisen\" \/>\n<meta property=\"article:published_time\" content=\"2015-09-18T13:09:25+00:00\" \/>\n<meta property=\"article:modified_time\" content=\"2016-07-29T15:40:42+00:00\" \/>\n<meta property=\"og:image\" content=\"https:\/\/i1.wp.com\/blog.olimar.de\/wp-content\/uploads\/2015\/09\/Quinta_dos_Vales_by_Helio_Ramos_08-2010_5878.jpg?fit=900%2C578&ssl=1\" \/>\n\t<meta property=\"og:image:width\" content=\"900\" \/>\n\t<meta property=\"og:image:height\" content=\"578\" \/>\n\t<meta property=\"og:image:type\" content=\"image\/jpeg\" \/>\n<meta name=\"author\" content=\"Evelyn Steinbach\" \/>\n<meta name=\"twitter:label1\" content=\"Verfasst von\" \/>\n\t<meta name=\"twitter:data1\" content=\"Evelyn Steinbach\" \/>\n\t<meta name=\"twitter:label2\" content=\"Gesch\u00e4tzte Lesezeit\" \/>\n\t<meta name=\"twitter:data2\" content=\"3\u00a0Minuten\" \/>\n<script type=\"application\/ld+json\" class=\"yoast-schema-graph\">{\"@context\":\"https:\/\/schema.org\",\"@graph\":[{\"@type\":\"WebPage\",\"@id\":\"https:\/\/blog.olimar.de\/wein-kunst-algarve\/\",\"url\":\"https:\/\/blog.olimar.de\/wein-kunst-algarve\/\",\"name\":\"Wein trifft Kunst an der Algarve -\",\"isPartOf\":{\"@id\":\"https:\/\/blog.olimar.de\/#website\"},\"primaryImageOfPage\":{\"@id\":\"https:\/\/blog.olimar.de\/wein-kunst-algarve\/#primaryimage\"},\"image\":{\"@id\":\"https:\/\/blog.olimar.de\/wein-kunst-algarve\/#primaryimage\"},\"thumbnailUrl\":\"https:\/\/blog.olimar.de\/wp-content\/uploads\/2015\/09\/Quinta_dos_Vales_by_Helio_Ramos_08-2010_5878.jpg\",\"datePublished\":\"2015-09-18T13:09:25+00:00\",\"dateModified\":\"2016-07-29T15:40:42+00:00\",\"description\":\"Auf der Quinta dos Vales an der Algarve erz\u00e4hlt Karl-Heinz Storck wie Kunst und Wein zusammenpassen und vieles Spannendes mehr.\",\"breadcrumb\":{\"@id\":\"https:\/\/blog.olimar.de\/wein-kunst-algarve\/#breadcrumb\"},\"inLanguage\":\"de\",\"potentialAction\":[{\"@type\":\"ReadAction\",\"target\":[\"https:\/\/blog.olimar.de\/wein-kunst-algarve\/\"]}]},{\"@type\":\"ImageObject\",\"inLanguage\":\"de\",\"@id\":\"https:\/\/blog.olimar.de\/wein-kunst-algarve\/#primaryimage\",\"url\":\"https:\/\/blog.olimar.de\/wp-content\/uploads\/2015\/09\/Quinta_dos_Vales_by_Helio_Ramos_08-2010_5878.jpg\",\"contentUrl\":\"https:\/\/blog.olimar.de\/wp-content\/uploads\/2015\/09\/Quinta_dos_Vales_by_Helio_Ramos_08-2010_5878.jpg\",\"width\":900,\"height\":578,\"caption\":\"Quinta dos Vales by Helio Ramos Statuen\"},{\"@type\":\"BreadcrumbList\",\"@id\":\"https:\/\/blog.olimar.de\/wein-kunst-algarve\/#breadcrumb\",\"itemListElement\":[{\"@type\":\"ListItem\",\"position\":1,\"name\":\"Home\",\"item\":\"https:\/\/blog.olimar.de\/\"},{\"@type\":\"ListItem\",\"position\":2,\"name\":\"Algarve\",\"item\":\"https:\/\/blog.olimar.de\/tag\/algarve\/\"},{\"@type\":\"ListItem\",\"position\":3,\"name\":\"Wein trifft Kunst an der Algarve\"}]},{\"@type\":\"WebSite\",\"@id\":\"https:\/\/blog.olimar.de\/#website\",\"url\":\"https:\/\/blog.olimar.de\/\",\"name\":\"OLIMAR.com\",\"description\":\"\",\"publisher\":{\"@id\":\"https:\/\/blog.olimar.de\/#organization\"},\"potentialAction\":[{\"@type\":\"SearchAction\",\"target\":{\"@type\":\"EntryPoint\",\"urlTemplate\":\"https:\/\/blog.olimar.de\/?s={search_term_string}\"},\"query-input\":{\"@type\":\"PropertyValueSpecification\",\"valueRequired\":true,\"valueName\":\"search_term_string\"}}],\"inLanguage\":\"de\"},{\"@type\":\"Organization\",\"@id\":\"https:\/\/blog.olimar.de\/#organization\",\"name\":\"OLIMAR Reisen\",\"url\":\"https:\/\/blog.olimar.de\/\",\"logo\":{\"@type\":\"ImageObject\",\"inLanguage\":\"de\",\"@id\":\"https:\/\/blog.olimar.de\/#\/schema\/logo\/image\/\",\"url\":\"https:\/\/blog.olimar.de\/wp-content\/uploads\/2021\/01\/OLIMAR_Logo_COLOR.png\",\"contentUrl\":\"https:\/\/blog.olimar.de\/wp-content\/uploads\/2021\/01\/OLIMAR_Logo_COLOR.png\",\"width\":2000,\"height\":986,\"caption\":\"OLIMAR Reisen\"},\"image\":{\"@id\":\"https:\/\/blog.olimar.de\/#\/schema\/logo\/image\/\"},\"sameAs\":[\"https:\/\/www.facebook.com\/OlimarReisen\",\"https:\/\/x.com\/olimarrreisen\",\"https:\/\/www.instagram.com\/olimarreisen\",\"https:\/\/www.youtube.com\/user\/olimarreisen\"]}]}<\/script>\n<!-- \/ Yoast SEO plugin. -->","yoast_head_json":{"title":"Wein trifft Kunst an der Algarve -","description":"Auf der Quinta dos Vales an der Algarve erz\u00e4hlt Karl-Heinz Storck wie Kunst und Wein zusammenpassen und vieles Spannendes mehr.","robots":{"index":"index","follow":"follow","max-snippet":"max-snippet:-1","max-image-preview":"max-image-preview:large","max-video-preview":"max-video-preview:-1"},"canonical":"https:\/\/blog.olimar.de\/wein-kunst-algarve\/","og_locale":"de_DE","og_type":"article","og_title":"Wein trifft Kunst an der Algarve -","og_description":"Auf der Quinta dos Vales an der Algarve erz\u00e4hlt Karl-Heinz Storck wie Kunst und Wein zusammenpassen und vieles Spannendes mehr.","og_url":"https:\/\/blog.olimar.de\/wein-kunst-algarve\/","article_publisher":"https:\/\/www.facebook.com\/OlimarReisen","article_published_time":"2015-09-18T13:09:25+00:00","article_modified_time":"2016-07-29T15:40:42+00:00","og_image":[{"width":900,"height":578,"url":"https:\/\/i1.wp.com\/blog.olimar.de\/wp-content\/uploads\/2015\/09\/Quinta_dos_Vales_by_Helio_Ramos_08-2010_5878.jpg?fit=900%2C578&ssl=1","type":"image\/jpeg"}],"author":"Evelyn Steinbach","twitter_misc":{"Verfasst von":"Evelyn Steinbach","Gesch\u00e4tzte Lesezeit":"3\u00a0Minuten"},"schema":{"@context":"https:\/\/schema.org","@graph":[{"@type":"WebPage","@id":"https:\/\/blog.olimar.de\/wein-kunst-algarve\/","url":"https:\/\/blog.olimar.de\/wein-kunst-algarve\/","name":"Wein trifft Kunst an der Algarve -","isPartOf":{"@id":"https:\/\/blog.olimar.de\/#website"},"primaryImageOfPage":{"@id":"https:\/\/blog.olimar.de\/wein-kunst-algarve\/#primaryimage"},"image":{"@id":"https:\/\/blog.olimar.de\/wein-kunst-algarve\/#primaryimage"},"thumbnailUrl":"https:\/\/blog.olimar.de\/wp-content\/uploads\/2015\/09\/Quinta_dos_Vales_by_Helio_Ramos_08-2010_5878.jpg","datePublished":"2015-09-18T13:09:25+00:00","dateModified":"2016-07-29T15:40:42+00:00","description":"Auf der Quinta dos Vales an der Algarve erz\u00e4hlt Karl-Heinz Storck wie Kunst und Wein zusammenpassen und vieles Spannendes mehr.","breadcrumb":{"@id":"https:\/\/blog.olimar.de\/wein-kunst-algarve\/#breadcrumb"},"inLanguage":"de","potentialAction":[{"@type":"ReadAction","target":["https:\/\/blog.olimar.de\/wein-kunst-algarve\/"]}]},{"@type":"ImageObject","inLanguage":"de","@id":"https:\/\/blog.olimar.de\/wein-kunst-algarve\/#primaryimage","url":"https:\/\/blog.olimar.de\/wp-content\/uploads\/2015\/09\/Quinta_dos_Vales_by_Helio_Ramos_08-2010_5878.jpg","contentUrl":"https:\/\/blog.olimar.de\/wp-content\/uploads\/2015\/09\/Quinta_dos_Vales_by_Helio_Ramos_08-2010_5878.jpg","width":900,"height":578,"caption":"Quinta dos Vales by Helio Ramos Statuen"},{"@type":"BreadcrumbList","@id":"https:\/\/blog.olimar.de\/wein-kunst-algarve\/#breadcrumb","itemListElement":[{"@type":"ListItem","position":1,"name":"Home","item":"https:\/\/blog.olimar.de\/"},{"@type":"ListItem","position":2,"name":"Algarve","item":"https:\/\/blog.olimar.de\/tag\/algarve\/"},{"@type":"ListItem","position":3,"name":"Wein trifft Kunst an der Algarve"}]},{"@type":"WebSite","@id":"https:\/\/blog.olimar.de\/#website","url":"https:\/\/blog.olimar.de\/","name":"OLIMAR.com","description":"","publisher":{"@id":"https:\/\/blog.olimar.de\/#organization"},"potentialAction":[{"@type":"SearchAction","target":{"@type":"EntryPoint","urlTemplate":"https:\/\/blog.olimar.de\/?s={search_term_string}"},"query-input":{"@type":"PropertyValueSpecification","valueRequired":true,"valueName":"search_term_string"}}],"inLanguage":"de"},{"@type":"Organization","@id":"https:\/\/blog.olimar.de\/#organization","name":"OLIMAR Reisen","url":"https:\/\/blog.olimar.de\/","logo":{"@type":"ImageObject","inLanguage":"de","@id":"https:\/\/blog.olimar.de\/#\/schema\/logo\/image\/","url":"https:\/\/blog.olimar.de\/wp-content\/uploads\/2021\/01\/OLIMAR_Logo_COLOR.png","contentUrl":"https:\/\/blog.olimar.de\/wp-content\/uploads\/2021\/01\/OLIMAR_Logo_COLOR.png","width":2000,"height":986,"caption":"OLIMAR Reisen"},"image":{"@id":"https:\/\/blog.olimar.de\/#\/schema\/logo\/image\/"},"sameAs":["https:\/\/www.facebook.com\/OlimarReisen","https:\/\/x.com\/olimarrreisen","https:\/\/www.instagram.com\/olimarreisen","https:\/\/www.youtube.com\/user\/olimarreisen"]}]}},"modified_by":"Katharina","jetpack_featured_media_url":"https:\/\/blog.olimar.de\/wp-content\/uploads\/2015\/09\/Quinta_dos_Vales_by_Helio_Ramos_08-2010_5878.jpg","_links":{"self":[{"href":"https:\/\/blog.olimar.de\/wp-json\/wp\/v2\/posts\/2594","targetHints":{"allow":["GET"]}}],"collection":[{"href":"https:\/\/blog.olimar.de\/wp-json\/wp\/v2\/posts"}],"about":[{"href":"https:\/\/blog.olimar.de\/wp-json\/wp\/v2\/types\/post"}],"author":[{"embeddable":true,"href":"https:\/\/blog.olimar.de\/wp-json\/wp\/v2\/users\/3"}],"replies":[{"embeddable":true,"href":"https:\/\/blog.olimar.de\/wp-json\/wp\/v2\/comments?post=2594"}],"version-history":[{"count":15,"href":"https:\/\/blog.olimar.de\/wp-json\/wp\/v2\/posts\/2594\/revisions"}],"predecessor-version":[{"id":4508,"href":"https:\/\/blog.olimar.de\/wp-json\/wp\/v2\/posts\/2594\/revisions\/4508"}],"wp:featuredmedia":[{"embeddable":true,"href":"https:\/\/blog.olimar.de\/wp-json\/wp\/v2\/media\/3025"}],"wp:attachment":[{"href":"https:\/\/blog.olimar.de\/wp-json\/wp\/v2\/media?parent=2594"}],"wp:term":[{"taxonomy":"category","embeddable":true,"href":"https:\/\/blog.olimar.de\/wp-json\/wp\/v2\/categories?post=2594"},{"taxonomy":"post_tag","embeddable":true,"href":"https:\/\/blog.olimar.de\/wp-json\/wp\/v2\/tags?post=2594"}],"curies":[{"name":"wp","href":"https:\/\/api.w.org\/{rel}","templated":true}]}}