{"id":26170,"date":"2023-07-19T12:04:18","date_gmt":"2023-07-19T11:04:18","guid":{"rendered":"https:\/\/blog.olimar.de\/?p=26170"},"modified":"2023-07-19T12:04:19","modified_gmt":"2023-07-19T11:04:19","slug":"familienurlaub-im-alentejo","status":"publish","type":"post","link":"https:\/\/blog.olimar.de\/familienurlaub-im-alentejo\/","title":{"rendered":"Familienurlaub im Alentejo: 5 Ausflugsziele f\u00fcr Gro\u00df und Klein\u00a0\u00a0"},"content":{"rendered":"\n<p class=\"wp-block-paragraph\"><strong>Der Alentejo im S\u00fcden Portugals ist der Inbegriff von \u201eSlow-Travel&#8221;, einer besonders umweltfreundlichen, <a href=\"https:\/\/www.olimar.de\/blog\/nachhaltig-reisen\/\" target=\"_blank\" rel=\"noreferrer noopener\">nachhaltigen<\/a> Form des Tourismus. Hier gibt es traumhafte Weiten, ganz viel Natur und wundersch\u00f6ne Str\u00e4nde zu entdecken. Zun\u00e4chst klingt das vermutlich nicht nach der passenden Region f\u00fcr einen <a href=\"https:\/\/www.olimar.de\/blog\/urlaub-mit-kindern-tipps-hotels\/\" target=\"_blank\" rel=\"noreferrer noopener\">Familienurlaub mit Kindern<\/a>. Doch der erste Eindruck tr\u00fcgt, denn hier erwarten dich viele spannende Aktivit\u00e4ten f\u00fcr Gro\u00df und Klein. Beste Voraussetzungen also f\u00fcr einen gelungenen Familienurlaub im Alentejo!&nbsp;<\/strong><\/p>\n\n\n\n<div class=\"wp-block-buttons is-layout-flex wp-block-buttons-is-layout-flex\">\n<div class=\"wp-block-button\"><a class=\"wp-block-button__link wp-element-button\" href=\"https:\/\/www.olimar.de\/portugal\/alentejo\/\" target=\"_blank\" rel=\"noreferrer noopener\">Alentejo Angebote &amp; Hoteltipps entdecken <\/a><\/div>\n<\/div>\n\n\n\n<h2><span data-contrast=\"auto\">1. Kajak- oder Kanutour<\/span><span data-ccp-props=\"{&quot;201341983&quot;:0,&quot;335559739&quot;:160,&quot;335559740&quot;:259}\">&nbsp;<\/span><\/h2>\n<p><span data-contrast=\"auto\">Wer mit Jugendlichen verreist, sollte sich eine Kajak- oder Kanutour nicht entgehen lassen. Gemeinsam mit der Gruppe erkundest du versteckte Buchten und H\u00f6hlen. Dabei erlebst du so manches Abenteuer! Je nach Interessen und Altersklasse der Kinder gibt es hier entlang der K\u00fcste ganz verschiedene Anbieter f\u00fcr deinen perfekten Familienausflug. <a href=\"https:\/\/www.olimar.de\/blog\/aktivurlaub-alentejo\/\">Spa\u00df und Action<\/a> f\u00fcr die ganze Familie garantiert!<\/span><span data-ccp-props=\"{&quot;201341983&quot;:0,&quot;335559739&quot;:160,&quot;335559740&quot;:259}\">&nbsp;<\/span><\/p>\n\n\n\n<figure class=\"wp-block-image size-large\"><img loading=\"lazy\" decoding=\"async\" width=\"1024\" height=\"684\" src=\"https:\/\/blog.olimar.de\/wp-content\/uploads\/2023\/07\/artem-zhukov-CuqRCto5zrA-unsplash-1024x684.jpg\" alt=\"Kajaks auf dem Meer\" class=\"wp-image-26270\" srcset=\"https:\/\/blog.olimar.de\/wp-content\/uploads\/2023\/07\/artem-zhukov-CuqRCto5zrA-unsplash-1024x684.jpg 1024w, https:\/\/blog.olimar.de\/wp-content\/uploads\/2023\/07\/artem-zhukov-CuqRCto5zrA-unsplash-300x200.jpg 300w, https:\/\/blog.olimar.de\/wp-content\/uploads\/2023\/07\/artem-zhukov-CuqRCto5zrA-unsplash-768x513.jpg 768w, https:\/\/blog.olimar.de\/wp-content\/uploads\/2023\/07\/artem-zhukov-CuqRCto5zrA-unsplash-1536x1025.jpg 1536w, https:\/\/blog.olimar.de\/wp-content\/uploads\/2023\/07\/artem-zhukov-CuqRCto5zrA-unsplash-2048x1367.jpg 2048w, https:\/\/blog.olimar.de\/wp-content\/uploads\/2023\/07\/artem-zhukov-CuqRCto5zrA-unsplash-840x560.jpg 840w, https:\/\/blog.olimar.de\/wp-content\/uploads\/2023\/07\/artem-zhukov-CuqRCto5zrA-unsplash-1200x800.jpg 1200w\" sizes=\"auto, (max-width: 1024px) 100vw, 1024px\" \/><\/figure>\n\n\n\n<h2>Unser Hoteltipp: Duna Parque Beach Club<\/h2>\n<p>Diese 3-Sterne-Anlage ist ideal f\u00fcr Familien, die im Urlaub gerne flexibel und unabh\u00e4ngig bleiben m\u00f6chten. Die modernen Apartments sind gro\u00dfz\u00fcgig geschnitten und bieten ausreichend Platz zum Wohlf\u00fchlen. Hier entscheidest du, ob ihr lieber ausw\u00e4rts essen m\u00f6chtet oder gemeinsam in der K\u00fcche kochen m\u00f6chtet. Den Strand erreichst du ebenso wie das Stadtzentrum innerhalb weniger Gehminuten.<\/p>\n<div class=\"lynxIbeDetailOlimar-description-rating\">\n<div class=\"rqnStarRating rqnStarRating--large rqnStarRating--label\">\n<div class=\"rqnStarRating-inner\">\n<div class=\"rqnStarRating-label\">&nbsp;<\/div>\n<\/div>\n<\/div>\n<\/div>\n\n\n\n<figure class=\"wp-block-gallery has-nested-images columns-default is-cropped wp-block-gallery-1 is-layout-flex wp-block-gallery-is-layout-flex\">\n<figure class=\"wp-block-image size-large\"><a href=\"https:\/\/www.olimar.de\/fao059\/\" target=\"_blank\" rel=\"noreferrer noopener\"><img loading=\"lazy\" decoding=\"async\" width=\"1024\" height=\"683\" data-id=\"26244\" src=\"https:\/\/blog.olimar.de\/wp-content\/uploads\/2023\/07\/FAO059-p-Pool2022A-1024x683.jpg\" alt=\"Duna Parque Beach Club Poolanlage\" class=\"wp-image-26244\" srcset=\"https:\/\/blog.olimar.de\/wp-content\/uploads\/2023\/07\/FAO059-p-Pool2022A-1024x683.jpg 1024w, https:\/\/blog.olimar.de\/wp-content\/uploads\/2023\/07\/FAO059-p-Pool2022A-300x200.jpg 300w, https:\/\/blog.olimar.de\/wp-content\/uploads\/2023\/07\/FAO059-p-Pool2022A-768x512.jpg 768w, https:\/\/blog.olimar.de\/wp-content\/uploads\/2023\/07\/FAO059-p-Pool2022A-1536x1025.jpg 1536w, https:\/\/blog.olimar.de\/wp-content\/uploads\/2023\/07\/FAO059-p-Pool2022A-840x560.jpg 840w, https:\/\/blog.olimar.de\/wp-content\/uploads\/2023\/07\/FAO059-p-Pool2022A-1200x800.jpg 1200w, https:\/\/blog.olimar.de\/wp-content\/uploads\/2023\/07\/FAO059-p-Pool2022A.jpg 1619w\" sizes=\"auto, (max-width: 1024px) 100vw, 1024px\" \/><\/a><\/figure>\n\n\n\n<figure class=\"wp-block-image size-large\"><a href=\"https:\/\/www.olimar.de\/fao059\/\" target=\"_blank\" rel=\"noreferrer noopener\"><img loading=\"lazy\" decoding=\"async\" width=\"1024\" height=\"683\" data-id=\"26245\" src=\"https:\/\/blog.olimar.de\/wp-content\/uploads\/2023\/07\/FAO059-z-App1Schlafzimmer2022B-1024x683.jpg\" alt=\"Duna Parque Beach Club Zimmerbeispiel\" class=\"wp-image-26245\" srcset=\"https:\/\/blog.olimar.de\/wp-content\/uploads\/2023\/07\/FAO059-z-App1Schlafzimmer2022B-1024x683.jpg 1024w, https:\/\/blog.olimar.de\/wp-content\/uploads\/2023\/07\/FAO059-z-App1Schlafzimmer2022B-300x200.jpg 300w, https:\/\/blog.olimar.de\/wp-content\/uploads\/2023\/07\/FAO059-z-App1Schlafzimmer2022B-768x512.jpg 768w, https:\/\/blog.olimar.de\/wp-content\/uploads\/2023\/07\/FAO059-z-App1Schlafzimmer2022B-1536x1024.jpg 1536w, https:\/\/blog.olimar.de\/wp-content\/uploads\/2023\/07\/FAO059-z-App1Schlafzimmer2022B-840x560.jpg 840w, https:\/\/blog.olimar.de\/wp-content\/uploads\/2023\/07\/FAO059-z-App1Schlafzimmer2022B-1200x800.jpg 1200w, https:\/\/blog.olimar.de\/wp-content\/uploads\/2023\/07\/FAO059-z-App1Schlafzimmer2022B.jpg 1620w\" sizes=\"auto, (max-width: 1024px) 100vw, 1024px\" \/><\/a><\/figure>\n<\/figure>\n\n\n\n<div style=\"height:15px\" aria-hidden=\"true\" class=\"wp-block-spacer\"><\/div>\n\n\n\n<div class=\"wp-block-buttons is-layout-flex wp-block-buttons-is-layout-flex\">\n<div class=\"wp-block-button\"><a class=\"wp-block-button__link wp-element-button\" href=\"https:\/\/www.olimar.de\/fao059\/\" target=\"_blank\" rel=\"noreferrer noopener\">Duna Parque Beach Club: mehr Infos &amp; Buchung<\/a><\/div>\n<\/div>\n\n\n\n<h2><span data-contrast=\"auto\">2. Santo Andr\u00e9<\/span><span data-ccp-props=\"{&quot;201341983&quot;:0,&quot;335559739&quot;:160,&quot;335559740&quot;:259}\">&nbsp;<\/span><\/h2>\n<p><span data-contrast=\"auto\">Dieser traumhafte Strand befindet sich direkt im Naturschutzgebiet \u201ePraia da Costa de Santo Andr\u00e9&#8221;. Auf der einen Seite des Strandes befindet sich der Atlantik, auf der anderen eine ruhige Lagune. Der Atlantik eignet sich hervorragend, um sich sportlich beim Surfen zu verausgaben. In den ruhigen Gew\u00e4ssern der Lagune l\u00e4sst es sich bestens plantschen und baden, perfekt also f\u00fcr Familien mit kleineren Kindern. Au\u00dferdem kann man an diesem traumhaften <a href=\"https:\/\/www.olimar.de\/blog\/portugals-straende\/\" target=\"_blank\" rel=\"noopener\">Sandstrand<\/a> auch lange Spazierg\u00e4nge unternehmen und dabei die Sch\u00f6nheit des Alentejos bewundern.<\/span><\/p>\n\n\n\n<figure class=\"wp-block-image size-large\"><img loading=\"lazy\" decoding=\"async\" width=\"1024\" height=\"682\" src=\"https:\/\/blog.olimar.de\/wp-content\/uploads\/2023\/07\/PT-Alentejo-LagoonOfSantoAndreNatureReserve-c-ERT_Silversurfer7-1024x682.jpg\" alt=\"Strand von Santo Andr\u00e9\" class=\"wp-image-26231\" srcset=\"https:\/\/blog.olimar.de\/wp-content\/uploads\/2023\/07\/PT-Alentejo-LagoonOfSantoAndreNatureReserve-c-ERT_Silversurfer7-1024x682.jpg 1024w, https:\/\/blog.olimar.de\/wp-content\/uploads\/2023\/07\/PT-Alentejo-LagoonOfSantoAndreNatureReserve-c-ERT_Silversurfer7-300x200.jpg 300w, https:\/\/blog.olimar.de\/wp-content\/uploads\/2023\/07\/PT-Alentejo-LagoonOfSantoAndreNatureReserve-c-ERT_Silversurfer7-768x512.jpg 768w, https:\/\/blog.olimar.de\/wp-content\/uploads\/2023\/07\/PT-Alentejo-LagoonOfSantoAndreNatureReserve-c-ERT_Silversurfer7-1536x1024.jpg 1536w, https:\/\/blog.olimar.de\/wp-content\/uploads\/2023\/07\/PT-Alentejo-LagoonOfSantoAndreNatureReserve-c-ERT_Silversurfer7-840x560.jpg 840w, https:\/\/blog.olimar.de\/wp-content\/uploads\/2023\/07\/PT-Alentejo-LagoonOfSantoAndreNatureReserve-c-ERT_Silversurfer7-1200x800.jpg 1200w, https:\/\/blog.olimar.de\/wp-content\/uploads\/2023\/07\/PT-Alentejo-LagoonOfSantoAndreNatureReserve-c-ERT_Silversurfer7.jpg 1772w\" sizes=\"auto, (max-width: 1024px) 100vw, 1024px\" \/><\/figure>\n\n\n\n<h2>Unser Hoteltipp: Porto Covo Praia Hotel &amp; Spa<\/h2>\n<p>F\u00fcr Familien mit Jugendlichen bietet dieses 4-Sterne-Hotel beste Voraussetzungen f\u00fcr einen perfekten Urlaub. Die moderne Hotelanlage bietet dir direkten Zugang zum Strand, und auch das Stadtzentrum von Sines erreichst du innerhalb weniger Gehminuten. Santo Andr\u00e9 erreichst du mit dem Auto innerhalb von 30 Minuten. Wenn du mit j\u00fcngeren Kindern unterwegs bist, ist das <a href=\"https:\/\/www.olimar.de\/lis037\/\" target=\"_blank\" rel=\"noopener\">Hotel Vila Park<\/a> eine hervorragende Adresse, um das Naturschutzgebiet zu erkunden. Mehr Infos zu diesem Hotel findest du weiter unten.<\/p>\n\n\n\n<figure class=\"wp-block-gallery has-nested-images columns-default is-cropped wp-block-gallery-2 is-layout-flex wp-block-gallery-is-layout-flex\">\n<figure class=\"wp-block-image size-large\"><a href=\"https:\/\/www.olimar.de\/lis056\/\" target=\"_blank\" rel=\"noreferrer noopener\"><img loading=\"lazy\" decoding=\"async\" width=\"819\" height=\"1024\" data-id=\"26247\" src=\"https:\/\/blog.olimar.de\/wp-content\/uploads\/2023\/07\/LIS056-r-Restaurant2022B-819x1024.jpg\" alt=\"Porto Covo Praia Hotel &amp; Spa Restaurant mit Blick auf den Pool\" class=\"wp-image-26247\" srcset=\"https:\/\/blog.olimar.de\/wp-content\/uploads\/2023\/07\/LIS056-r-Restaurant2022B-819x1024.jpg 819w, https:\/\/blog.olimar.de\/wp-content\/uploads\/2023\/07\/LIS056-r-Restaurant2022B-240x300.jpg 240w, https:\/\/blog.olimar.de\/wp-content\/uploads\/2023\/07\/LIS056-r-Restaurant2022B-768x960.jpg 768w, https:\/\/blog.olimar.de\/wp-content\/uploads\/2023\/07\/LIS056-r-Restaurant2022B.jpg 864w\" sizes=\"auto, (max-width: 819px) 100vw, 819px\" \/><\/a><\/figure>\n\n\n\n<figure class=\"wp-block-image size-large\"><a href=\"https:\/\/www.olimar.de\/lis056\/\" target=\"_blank\" rel=\"noreferrer noopener\"><img loading=\"lazy\" decoding=\"async\" width=\"1024\" height=\"683\" data-id=\"26249\" src=\"https:\/\/blog.olimar.de\/wp-content\/uploads\/2023\/07\/LIS056-z-Standard2022A-1024x683.jpg\" alt=\"Porto Covo Praia Hotel &amp; Spa Zimmerbeispiel\" class=\"wp-image-26249\" srcset=\"https:\/\/blog.olimar.de\/wp-content\/uploads\/2023\/07\/LIS056-z-Standard2022A-1024x683.jpg 1024w, https:\/\/blog.olimar.de\/wp-content\/uploads\/2023\/07\/LIS056-z-Standard2022A-300x200.jpg 300w, https:\/\/blog.olimar.de\/wp-content\/uploads\/2023\/07\/LIS056-z-Standard2022A-768x512.jpg 768w, https:\/\/blog.olimar.de\/wp-content\/uploads\/2023\/07\/LIS056-z-Standard2022A-1536x1024.jpg 1536w, https:\/\/blog.olimar.de\/wp-content\/uploads\/2023\/07\/LIS056-z-Standard2022A-840x560.jpg 840w, https:\/\/blog.olimar.de\/wp-content\/uploads\/2023\/07\/LIS056-z-Standard2022A-1200x800.jpg 1200w, https:\/\/blog.olimar.de\/wp-content\/uploads\/2023\/07\/LIS056-z-Standard2022A.jpg 1620w\" sizes=\"auto, (max-width: 1024px) 100vw, 1024px\" \/><\/a><\/figure>\n<\/figure>\n\n\n\n<div style=\"height:15px\" aria-hidden=\"true\" class=\"wp-block-spacer\"><\/div>\n\n\n\n<div class=\"wp-block-buttons is-layout-flex wp-block-buttons-is-layout-flex\">\n<div class=\"wp-block-button\"><a class=\"wp-block-button__link wp-element-button\" href=\"https:\/\/www.olimar.de\/lis056\/\" target=\"_blank\" rel=\"noreferrer noopener\">Porto Covo Praia Hotel &amp; Spa: mehr Infos &amp; Buchung<\/a><\/div>\n<\/div>\n\n\n\n<h2><span data-contrast=\"auto\">3. Alqueva Stausee<\/span><span data-ccp-props=\"{&quot;201341983&quot;:0,&quot;335559739&quot;:160,&quot;335559740&quot;:259}\">&nbsp;<\/span><\/h2>\n<p><span data-contrast=\"auto\"> Im Osten des Alentejos befindet sich mit dem <a href=\"https:\/\/www.olimar.de\/blog\/alqueva-stausee\/\" target=\"_blank\" rel=\"noopener\">Alqueva Stausee<\/a> der gr\u00f6\u00dfte k\u00fcnstliche See Europas, der eine Vielzahl an Unternehmungsm\u00f6glichkeiten f\u00fcr die ganze Familie bietet. Vor allem das Wassersportangebot rund um Wakeboarding und Wasserski ist ein beliebter Familienmagnet. Wer es lieber etwas ruhiger mag, kann auf einer Bootstour viel \u00fcber die Natur und die Entstehung der Gegend lernen. <a href=\"https:\/\/www.olimar.de\/ausfluege\/alentejo\/\" target=\"_blank\" rel=\"noopener\">Diesen Ausflug kannst du ganz einfach \u00fcber OLIMAR buchen<\/a>!<\/span><span data-ccp-props=\"{&quot;201341983&quot;:0,&quot;335559685&quot;:0,&quot;335559739&quot;:160,&quot;335559740&quot;:259}\">&nbsp;<\/span><\/p>\n<p><strong>Unser Tipp:<\/strong> Wenn du weit weg vom Meer trotzdem gern am Strand liegen m\u00f6chtest, unternehmt doch mal einen Ausflug zu den Sch\u00f6nen Str\u00e4nden rund um den Alqueva See. Sie hei\u00dfen \u201epraia fluvial&#8221; und sind oft mit Liegen, Sonnenschirmen, Caf\u00e9 und Parkplatz ausgestattet.<\/p>\n\n\n\n<figure class=\"wp-block-gallery has-nested-images columns-default is-cropped wp-block-gallery-3 is-layout-flex wp-block-gallery-is-layout-flex\">\n<figure class=\"wp-block-image size-large\"><img loading=\"lazy\" decoding=\"async\" width=\"1024\" height=\"513\" data-id=\"26175\" src=\"https:\/\/blog.olimar.de\/wp-content\/uploads\/2023\/07\/PT-Alentejo-BarragemDeAlquever-c-ARPTA_Silversurfer7-1024x513.jpg\" alt=\"Blick auf Alqueva Stausee\" class=\"wp-image-26175\" srcset=\"https:\/\/blog.olimar.de\/wp-content\/uploads\/2023\/07\/PT-Alentejo-BarragemDeAlquever-c-ARPTA_Silversurfer7-1024x513.jpg 1024w, https:\/\/blog.olimar.de\/wp-content\/uploads\/2023\/07\/PT-Alentejo-BarragemDeAlquever-c-ARPTA_Silversurfer7-300x150.jpg 300w, https:\/\/blog.olimar.de\/wp-content\/uploads\/2023\/07\/PT-Alentejo-BarragemDeAlquever-c-ARPTA_Silversurfer7-768x385.jpg 768w, https:\/\/blog.olimar.de\/wp-content\/uploads\/2023\/07\/PT-Alentejo-BarragemDeAlquever-c-ARPTA_Silversurfer7-1536x769.jpg 1536w, https:\/\/blog.olimar.de\/wp-content\/uploads\/2023\/07\/PT-Alentejo-BarragemDeAlquever-c-ARPTA_Silversurfer7-2048x1026.jpg 2048w\" sizes=\"auto, (max-width: 1024px) 100vw, 1024px\" \/><\/figure>\n<\/figure>\n\n\n\n<h2>Unser Hoteltipp: \u00c9vora Hotel<\/h2>\n<p>In diesem 4-Sterne-Hotel kommen insbesondere sportbegeisterte Familien voll auf ihre Kosten, denn hier erwartet dich ein 2,5 Hektar gro\u00dfes Naturareal mit mehreren Outdoor-Parcours. Den Alqueva Stausee erreichst du in rund 45 Minuten mit dem Mietwagen. Perfekt also, um auf einem Tagesausflug diversen sportlichen Aktivit\u00e4ten rund um den See nachzugehen oder um eine Runde am Strand zu entspannen.<\/p>\n\n\n\n<figure class=\"wp-block-gallery has-nested-images columns-default is-cropped wp-block-gallery-4 is-layout-flex wp-block-gallery-is-layout-flex\">\n<figure class=\"wp-block-image size-large\"><a href=\"https:\/\/www.olimar.de\/lis026\/\" target=\"_blank\" rel=\"noreferrer noopener\"><img loading=\"lazy\" decoding=\"async\" width=\"932\" height=\"621\" data-id=\"26235\" src=\"https:\/\/blog.olimar.de\/wp-content\/uploads\/2023\/07\/LIS026-p-PoolB.jpg\" alt=\"\u00c9vora Hotel Poolanlage\" class=\"wp-image-26235\" srcset=\"https:\/\/blog.olimar.de\/wp-content\/uploads\/2023\/07\/LIS026-p-PoolB.jpg 932w, https:\/\/blog.olimar.de\/wp-content\/uploads\/2023\/07\/LIS026-p-PoolB-300x200.jpg 300w, https:\/\/blog.olimar.de\/wp-content\/uploads\/2023\/07\/LIS026-p-PoolB-768x512.jpg 768w, https:\/\/blog.olimar.de\/wp-content\/uploads\/2023\/07\/LIS026-p-PoolB-840x560.jpg 840w\" sizes=\"auto, (max-width: 932px) 100vw, 932px\" \/><\/a><\/figure>\n\n\n\n<figure class=\"wp-block-image size-large\"><a href=\"https:\/\/www.olimar.de\/lis026\/\" target=\"_blank\" rel=\"noreferrer noopener\"><img loading=\"lazy\" decoding=\"async\" width=\"932\" height=\"621\" data-id=\"26234\" src=\"https:\/\/blog.olimar.de\/wp-content\/uploads\/2023\/07\/LIS026-z-SuiteA.jpg\" alt=\"\u00c9vora Hotel Zimmerbeispiel\" class=\"wp-image-26234\" srcset=\"https:\/\/blog.olimar.de\/wp-content\/uploads\/2023\/07\/LIS026-z-SuiteA.jpg 932w, https:\/\/blog.olimar.de\/wp-content\/uploads\/2023\/07\/LIS026-z-SuiteA-300x200.jpg 300w, https:\/\/blog.olimar.de\/wp-content\/uploads\/2023\/07\/LIS026-z-SuiteA-768x512.jpg 768w, https:\/\/blog.olimar.de\/wp-content\/uploads\/2023\/07\/LIS026-z-SuiteA-840x560.jpg 840w\" sizes=\"auto, (max-width: 932px) 100vw, 932px\" \/><\/a><\/figure>\n<\/figure>\n\n\n\n<div style=\"height:15px\" aria-hidden=\"true\" class=\"wp-block-spacer\"><\/div>\n\n\n\n<div class=\"wp-block-buttons is-layout-flex wp-block-buttons-is-layout-flex\">\n<div class=\"wp-block-button\"><a class=\"wp-block-button__link wp-element-button\" href=\"https:\/\/www.olimar.de\/lis026\/\" target=\"_blank\" rel=\"noreferrer noopener\">\u00c9vora Hotel: mehr Infos &amp; Buchung<\/a><\/div>\n<\/div>\n\n\n\n<h2><span data-contrast=\"auto\">4. Sterne beobachten im \u201eAlqueva-Dark-Sky-Reservat&#8221;<\/span><span data-ccp-props=\"{&quot;201341983&quot;:0,&quot;335559739&quot;:160,&quot;335559740&quot;:259}\">&nbsp;<\/span><\/h2>\n<p><span data-contrast=\"auto\">Die Region rund um den Alqueva Stausee ist dank der geringen Lichtverschmutzung eine ideale Adresse, um nachts bei wolkenlosem Himmel tausende Sterne zu bewundern. Das \u201e<a href=\"https:\/\/www.olimar.de\/blog\/portugals-sternenpark\/\" target=\"_blank\" rel=\"noopener\">Dark-Sky-Reservat<\/a>&#8221; umfasst rund 3000 km\u00b2 und bietet dir einen einmaligen Ausblick auf die Sterne. Wem das noch nicht reicht, der kann entweder in der Sternwarte dem Weltall ganz nah kommen oder gemeinsam mit einem Guide auf die Suche nach den versteckten Sternbildern gehen. Ein absolutes Highlight f\u00fcr die ganze Familie!<\/span><span data-ccp-props=\"{&quot;201341983&quot;:0,&quot;335559739&quot;:160,&quot;335559740&quot;:259}\">&nbsp;<\/span><\/p>\n\n\n\n<figure class=\"wp-block-image size-large\"><img loading=\"lazy\" decoding=\"async\" width=\"1024\" height=\"767\" src=\"https:\/\/blog.olimar.de\/wp-content\/uploads\/2023\/07\/igor-lerias-Rqp6mTkpb_M-unsplash-1024x767.jpg\" alt=\"Blick auf den Sternenhimmel im Alqueva-Dark-Sky-Reservats\" class=\"wp-image-26256\" srcset=\"https:\/\/blog.olimar.de\/wp-content\/uploads\/2023\/07\/igor-lerias-Rqp6mTkpb_M-unsplash-1024x767.jpg 1024w, https:\/\/blog.olimar.de\/wp-content\/uploads\/2023\/07\/igor-lerias-Rqp6mTkpb_M-unsplash-300x225.jpg 300w, https:\/\/blog.olimar.de\/wp-content\/uploads\/2023\/07\/igor-lerias-Rqp6mTkpb_M-unsplash-768x575.jpg 768w, https:\/\/blog.olimar.de\/wp-content\/uploads\/2023\/07\/igor-lerias-Rqp6mTkpb_M-unsplash-1536x1150.jpg 1536w, https:\/\/blog.olimar.de\/wp-content\/uploads\/2023\/07\/igor-lerias-Rqp6mTkpb_M-unsplash-2048x1534.jpg 2048w\" sizes=\"auto, (max-width: 1024px) 100vw, 1024px\" \/><\/figure>\n\n\n\n<h2>Unser Hoteltipp: Monte da Estrela Country House &amp; Spa<\/h2>\n<p>Wer mit Jugendlichen unterwegs ist, ist in diesem 4-Sterne-Haus an der richtigen Adresse. Inmitten der Natur des traumhaften <span data-contrast=\"auto\">\u201cAlqueva-Dark-Sky-Reservats&#8221;<\/span><span data-ccp-props=\"{&quot;201341983&quot;:0,&quot;335559739&quot;:160,&quot;335559740&quot;:259}\">&nbsp;<\/span>gelegen, kann man hier nachts hervorragend die Sterne beobachten und die Weite des Alentejos genie\u00dfen.<\/p>\n\n\n\n<figure class=\"wp-block-gallery has-nested-images columns-default is-cropped wp-block-gallery-5 is-layout-flex wp-block-gallery-is-layout-flex\">\n<figure class=\"wp-block-image size-large\"><a href=\"https:\/\/www.olimar\/lis071\/\" target=\"_blank\" rel=\"noreferrer noopener\"><img loading=\"lazy\" decoding=\"async\" width=\"1000\" height=\"668\" data-id=\"26240\" src=\"https:\/\/blog.olimar.de\/wp-content\/uploads\/2023\/07\/LIS071-a-MonteDaEstrelaC2019_Silversurfer7.jpg\" alt=\"Monte da Estrela Country House &amp; Spa Ausblick auf den Sternenhimmel\" class=\"wp-image-26240\" srcset=\"https:\/\/blog.olimar.de\/wp-content\/uploads\/2023\/07\/LIS071-a-MonteDaEstrelaC2019_Silversurfer7.jpg 1000w, https:\/\/blog.olimar.de\/wp-content\/uploads\/2023\/07\/LIS071-a-MonteDaEstrelaC2019_Silversurfer7-300x200.jpg 300w, https:\/\/blog.olimar.de\/wp-content\/uploads\/2023\/07\/LIS071-a-MonteDaEstrelaC2019_Silversurfer7-768x513.jpg 768w, https:\/\/blog.olimar.de\/wp-content\/uploads\/2023\/07\/LIS071-a-MonteDaEstrelaC2019_Silversurfer7-840x560.jpg 840w\" sizes=\"auto, (max-width: 1000px) 100vw, 1000px\" \/><\/a><\/figure>\n\n\n\n<figure class=\"wp-block-image size-large\"><a href=\"https:\/\/www.olimar\/lis071\/\" target=\"_blank\" rel=\"noreferrer noopener\"><img loading=\"lazy\" decoding=\"async\" width=\"1024\" height=\"768\" data-id=\"26241\" src=\"https:\/\/blog.olimar.de\/wp-content\/uploads\/2023\/07\/LIS071-z-Room2018A_Silversurfer7-1024x768.jpg\" alt=\"Monte da Estrela Country House &amp; Spa Zimmerbeispiel\" class=\"wp-image-26241\" srcset=\"https:\/\/blog.olimar.de\/wp-content\/uploads\/2023\/07\/LIS071-z-Room2018A_Silversurfer7-1024x768.jpg 1024w, https:\/\/blog.olimar.de\/wp-content\/uploads\/2023\/07\/LIS071-z-Room2018A_Silversurfer7-300x225.jpg 300w, https:\/\/blog.olimar.de\/wp-content\/uploads\/2023\/07\/LIS071-z-Room2018A_Silversurfer7-768x576.jpg 768w, https:\/\/blog.olimar.de\/wp-content\/uploads\/2023\/07\/LIS071-z-Room2018A_Silversurfer7-1536x1152.jpg 1536w, https:\/\/blog.olimar.de\/wp-content\/uploads\/2023\/07\/LIS071-z-Room2018A_Silversurfer7-2048x1536.jpg 2048w\" sizes=\"auto, (max-width: 1024px) 100vw, 1024px\" \/><\/a><\/figure>\n<\/figure>\n\n\n\n<div style=\"height:15px\" aria-hidden=\"true\" class=\"wp-block-spacer\"><\/div>\n\n\n\n<div class=\"wp-block-buttons is-layout-flex wp-block-buttons-is-layout-flex\">\n<div class=\"wp-block-button\"><a class=\"wp-block-button__link wp-element-button\" href=\"https:\/\/www.olimar\/lis071\/\" target=\"_blank\" rel=\"noreferrer noopener\">Monte da Estrela Country House &amp; Spa: mehr Infos &amp; Buchung<\/a><\/div>\n<\/div>\n\n\n\n<h2><span data-contrast=\"auto\">5. Badoca Safaripark<\/span><span data-ccp-props=\"{&quot;201341983&quot;:0,&quot;335559739&quot;:160,&quot;335559740&quot;:259}\">\u00a0<\/span><\/h2>\n<p><span data-contrast=\"auto\">Tierfreunde aufgepasst! Im Westen des Alentejos befindet sich dieser Safaripark, welcher sowohl bei Kindern als auch Erwachsenen f\u00fcr eine Menge Wow-Momente sorgen wird. Auf einem Jeep geht es f\u00fcr dich durch das riesige Gel\u00e4nde auf der Suche nach Giraffen, B\u00fcffeln und Strau\u00dfen. Hier begr\u00fc\u00dft dich so mancher tierischer Freund, der sich \u00fcber deinen Besuch freut. Neben der Safaritour warten auf dem Gel\u00e4nde noch viele weitere tolle Aktivit\u00e4ten und insgesamt rund 450 Tiere auf dich!<\/span><span data-ccp-props=\"{&quot;201341983&quot;:0,&quot;335559739&quot;:160,&quot;335559740&quot;:259}\">\u00a0<\/span><\/p>\n\n\n\n<figure class=\"wp-block-image size-large\"><img loading=\"lazy\" decoding=\"async\" width=\"1024\" height=\"576\" src=\"https:\/\/blog.olimar.de\/wp-content\/uploads\/2023\/07\/jackie-park-PEisg_c_VDg-unsplash-1024x576.jpg\" alt=\"Giraffe\" class=\"wp-image-26230\" srcset=\"https:\/\/blog.olimar.de\/wp-content\/uploads\/2023\/07\/jackie-park-PEisg_c_VDg-unsplash-1024x576.jpg 1024w, https:\/\/blog.olimar.de\/wp-content\/uploads\/2023\/07\/jackie-park-PEisg_c_VDg-unsplash-300x169.jpg 300w, https:\/\/blog.olimar.de\/wp-content\/uploads\/2023\/07\/jackie-park-PEisg_c_VDg-unsplash-768x432.jpg 768w, https:\/\/blog.olimar.de\/wp-content\/uploads\/2023\/07\/jackie-park-PEisg_c_VDg-unsplash-1536x864.jpg 1536w, https:\/\/blog.olimar.de\/wp-content\/uploads\/2023\/07\/jackie-park-PEisg_c_VDg-unsplash-2048x1152.jpg 2048w\" sizes=\"auto, (max-width: 1024px) 100vw, 1024px\" \/><\/figure>\n\n\n\n<h2>Unser Hoteltipp: Hotel Vila Park<\/h2>\n<p>Dieses 3,5-Sterne-Hotel ist eine ideale Unterkunft f\u00fcr Familien mit j\u00fcngeren Kindern. Den Safaripark erreichst du in rund zehn Fahrminuten, aber auch das Naturschutzgebiet und der Lagunenstrand \u201eLagoa de Santo Andr\u00e9&#8221; liegen direkt vor der T\u00fcr. Nach einem erlebnisreichen Tag k\u00f6nnen sich die Kids im Pool oder auf dem Spielplatz des Hotels austoben.<\/p>\n\n\n\n<figure class=\"wp-block-gallery has-nested-images columns-default is-cropped wp-block-gallery-6 is-layout-flex wp-block-gallery-is-layout-flex\">\n<figure class=\"wp-block-image size-large\"><a href=\"https:\/\/www.olimar.de\/lis037\/\" target=\"_blank\" rel=\"noreferrer noopener\"><img loading=\"lazy\" decoding=\"async\" width=\"1024\" height=\"478\" data-id=\"26253\" src=\"https:\/\/blog.olimar.de\/wp-content\/uploads\/2023\/07\/LIS037-a-Piscina2017a-1024x478.jpg\" alt=\"Hotel Vila Park Poolanlage\" class=\"wp-image-26253\" srcset=\"https:\/\/blog.olimar.de\/wp-content\/uploads\/2023\/07\/LIS037-a-Piscina2017a-1024x478.jpg 1024w, https:\/\/blog.olimar.de\/wp-content\/uploads\/2023\/07\/LIS037-a-Piscina2017a-300x140.jpg 300w, https:\/\/blog.olimar.de\/wp-content\/uploads\/2023\/07\/LIS037-a-Piscina2017a-768x358.jpg 768w, https:\/\/blog.olimar.de\/wp-content\/uploads\/2023\/07\/LIS037-a-Piscina2017a-1536x717.jpg 1536w, https:\/\/blog.olimar.de\/wp-content\/uploads\/2023\/07\/LIS037-a-Piscina2017a-2048x955.jpg 2048w\" sizes=\"auto, (max-width: 1024px) 100vw, 1024px\" \/><\/a><\/figure>\n\n\n\n<figure class=\"wp-block-image size-large\"><a href=\"https:\/\/www.olimar.de\/lis037\/\" target=\"_blank\" rel=\"noreferrer noopener\"><img loading=\"lazy\" decoding=\"async\" width=\"1024\" height=\"683\" data-id=\"26252\" src=\"https:\/\/blog.olimar.de\/wp-content\/uploads\/2023\/07\/LIS037-z-Double2017b-1024x683.jpg\" alt=\"Hotel Vila Park Zimmerbeispiel\" class=\"wp-image-26252\" srcset=\"https:\/\/blog.olimar.de\/wp-content\/uploads\/2023\/07\/LIS037-z-Double2017b-1024x683.jpg 1024w, https:\/\/blog.olimar.de\/wp-content\/uploads\/2023\/07\/LIS037-z-Double2017b-300x200.jpg 300w, https:\/\/blog.olimar.de\/wp-content\/uploads\/2023\/07\/LIS037-z-Double2017b-768x512.jpg 768w, https:\/\/blog.olimar.de\/wp-content\/uploads\/2023\/07\/LIS037-z-Double2017b-1536x1024.jpg 1536w, https:\/\/blog.olimar.de\/wp-content\/uploads\/2023\/07\/LIS037-z-Double2017b-840x560.jpg 840w, https:\/\/blog.olimar.de\/wp-content\/uploads\/2023\/07\/LIS037-z-Double2017b-1200x800.jpg 1200w, https:\/\/blog.olimar.de\/wp-content\/uploads\/2023\/07\/LIS037-z-Double2017b.jpg 1620w\" sizes=\"auto, (max-width: 1024px) 100vw, 1024px\" \/><\/a><\/figure>\n<\/figure>\n\n\n\n<div style=\"height:15px\" aria-hidden=\"true\" class=\"wp-block-spacer\"><\/div>\n\n\n\n<div class=\"wp-block-buttons is-layout-flex wp-block-buttons-is-layout-flex\">\n<div class=\"wp-block-button\"><a class=\"wp-block-button__link wp-element-button\" href=\"https:\/\/www.olimar.de\/lis037\/\" target=\"_blank\" rel=\"noreferrer noopener\">Hotel Vila Park: mehr Infos &amp; Buchung<\/a><\/div>\n<\/div>\n\n\n\n<div style=\"height:15px\" aria-hidden=\"true\" class=\"wp-block-spacer\"><\/div>\n\n\n\n<div class=\"wp-block-buttons is-layout-flex wp-block-buttons-is-layout-flex\">\n<div class=\"wp-block-button\"><a class=\"wp-block-button__link wp-element-button\" href=\"https:\/\/www.olimar.de\/hotellistung\/\" target=\"_blank\" rel=\"noreferrer noopener\">Jetzt Urlaubsangebote finden und buchen<\/a><\/div>\n<\/div>\n","protected":false},"excerpt":{"rendered":"<p>Der Alentejo ist nicht nur eine hervorragende Adresse f\u00fcr einen Aktivurlaub, sondern auch f\u00fcr erholsame Tage mit der Familie. Hier erwarten dich n\u00e4mlich tolle Aktivit\u00e4ten f\u00fcr Kinder jeden Alters. <\/p>\n","protected":false},"author":90,"featured_media":26318,"comment_status":"open","ping_status":"open","sticky":false,"template":"","format":"standard","meta":{"_crdt_document":"","_lmt_disableupdate":"","_lmt_disable":"","footnotes":""},"categories":[29,1,32,31],"tags":[22,314,312,34,20],"class_list":["post-26170","post","type-post","status-publish","format-standard","has-post-thumbnail","hentry","category-aktiv-natur","category-allgemein","category-hoteltipps","category-land-leute","tag-alentejo","tag-familienhotels","tag-familienurlaub","tag-portugal","tag-slider"],"yoast_head":"<!-- This site is optimized with the Yoast SEO plugin v26.9 - https:\/\/yoast.com\/product\/yoast-seo-wordpress\/ -->\n<title>Familienurlaub im Alentejo: 5 Ausflugsziele f\u00fcr Gro\u00df &amp; Klein<\/title>\n<meta name=\"description\" content=\"Ein Familienurlaub im Alentejo verspricht nicht nur jede Menge wundersch\u00f6ne Natur, sondern auch tolle Erlebnisse f\u00fcr Gro\u00df und Klein!\" \/>\n<meta name=\"robots\" content=\"index, follow, max-snippet:-1, max-image-preview:large, max-video-preview:-1\" \/>\n<link rel=\"canonical\" href=\"https:\/\/blog.olimar.de\/familienurlaub-im-alentejo\/\" \/>\n<meta property=\"og:locale\" content=\"de_DE\" \/>\n<meta property=\"og:type\" content=\"article\" \/>\n<meta property=\"og:title\" content=\"Familienurlaub im Alentejo: 5 Ausflugsziele f\u00fcr Gro\u00df &amp; Klein\" \/>\n<meta property=\"og:description\" content=\"Ein Familienurlaub im Alentejo verspricht nicht nur jede Menge wundersch\u00f6ne Natur, sondern auch tolle Erlebnisse f\u00fcr Gro\u00df und Klein!\" \/>\n<meta property=\"og:url\" content=\"https:\/\/blog.olimar.de\/familienurlaub-im-alentejo\/\" \/>\n<meta property=\"article:publisher\" content=\"https:\/\/www.facebook.com\/OlimarReisen\" \/>\n<meta property=\"article:published_time\" content=\"2023-07-19T11:04:18+00:00\" \/>\n<meta property=\"article:modified_time\" content=\"2023-07-19T11:04:19+00:00\" \/>\n<meta property=\"og:image\" content=\"https:\/\/blog.olimar.de\/wp-content\/uploads\/2023\/07\/familienurlaub-im-alentejo.jpg\" \/>\n\t<meta property=\"og:image:width\" content=\"1280\" \/>\n\t<meta property=\"og:image:height\" content=\"720\" \/>\n\t<meta property=\"og:image:type\" content=\"image\/jpeg\" \/>\n<meta name=\"author\" content=\"Kim Obermann\" \/>\n<meta name=\"twitter:label1\" content=\"Verfasst von\" \/>\n\t<meta name=\"twitter:data1\" content=\"Kim Obermann\" \/>\n\t<meta name=\"twitter:label2\" content=\"Gesch\u00e4tzte Lesezeit\" \/>\n\t<meta name=\"twitter:data2\" content=\"8\u00a0Minuten\" \/>\n<script type=\"application\/ld+json\" class=\"yoast-schema-graph\">{\"@context\":\"https:\/\/schema.org\",\"@graph\":[{\"@type\":\"WebPage\",\"@id\":\"https:\/\/blog.olimar.de\/familienurlaub-im-alentejo\/\",\"url\":\"https:\/\/blog.olimar.de\/familienurlaub-im-alentejo\/\",\"name\":\"Familienurlaub im Alentejo: 5 Ausflugsziele f\u00fcr Gro\u00df & Klein\",\"isPartOf\":{\"@id\":\"https:\/\/blog.olimar.de\/#website\"},\"primaryImageOfPage\":{\"@id\":\"https:\/\/blog.olimar.de\/familienurlaub-im-alentejo\/#primaryimage\"},\"image\":{\"@id\":\"https:\/\/blog.olimar.de\/familienurlaub-im-alentejo\/#primaryimage\"},\"thumbnailUrl\":\"https:\/\/blog.olimar.de\/wp-content\/uploads\/2023\/07\/familienurlaub-im-alentejo.jpg\",\"datePublished\":\"2023-07-19T11:04:18+00:00\",\"dateModified\":\"2023-07-19T11:04:19+00:00\",\"description\":\"Ein Familienurlaub im Alentejo verspricht nicht nur jede Menge wundersch\u00f6ne Natur, sondern auch tolle Erlebnisse f\u00fcr Gro\u00df und Klein!\",\"breadcrumb\":{\"@id\":\"https:\/\/blog.olimar.de\/familienurlaub-im-alentejo\/#breadcrumb\"},\"inLanguage\":\"de\",\"potentialAction\":[{\"@type\":\"ReadAction\",\"target\":[\"https:\/\/blog.olimar.de\/familienurlaub-im-alentejo\/\"]}]},{\"@type\":\"ImageObject\",\"inLanguage\":\"de\",\"@id\":\"https:\/\/blog.olimar.de\/familienurlaub-im-alentejo\/#primaryimage\",\"url\":\"https:\/\/blog.olimar.de\/wp-content\/uploads\/2023\/07\/familienurlaub-im-alentejo.jpg\",\"contentUrl\":\"https:\/\/blog.olimar.de\/wp-content\/uploads\/2023\/07\/familienurlaub-im-alentejo.jpg\",\"width\":1280,\"height\":720,\"caption\":\"Familienurlaub im Alentejo\"},{\"@type\":\"BreadcrumbList\",\"@id\":\"https:\/\/blog.olimar.de\/familienurlaub-im-alentejo\/#breadcrumb\",\"itemListElement\":[{\"@type\":\"ListItem\",\"position\":1,\"name\":\"Home\",\"item\":\"https:\/\/blog.olimar.de\/\"},{\"@type\":\"ListItem\",\"position\":2,\"name\":\"Alentejo\",\"item\":\"https:\/\/blog.olimar.de\/tag\/alentejo\/\"},{\"@type\":\"ListItem\",\"position\":3,\"name\":\"Familienurlaub im Alentejo: 5 Ausflugsziele f\u00fcr Gro\u00df und Klein\u00a0\u00a0\"}]},{\"@type\":\"WebSite\",\"@id\":\"https:\/\/blog.olimar.de\/#website\",\"url\":\"https:\/\/blog.olimar.de\/\",\"name\":\"OLIMAR.com\",\"description\":\"\",\"publisher\":{\"@id\":\"https:\/\/blog.olimar.de\/#organization\"},\"potentialAction\":[{\"@type\":\"SearchAction\",\"target\":{\"@type\":\"EntryPoint\",\"urlTemplate\":\"https:\/\/blog.olimar.de\/?s={search_term_string}\"},\"query-input\":{\"@type\":\"PropertyValueSpecification\",\"valueRequired\":true,\"valueName\":\"search_term_string\"}}],\"inLanguage\":\"de\"},{\"@type\":\"Organization\",\"@id\":\"https:\/\/blog.olimar.de\/#organization\",\"name\":\"OLIMAR Reisen\",\"url\":\"https:\/\/blog.olimar.de\/\",\"logo\":{\"@type\":\"ImageObject\",\"inLanguage\":\"de\",\"@id\":\"https:\/\/blog.olimar.de\/#\/schema\/logo\/image\/\",\"url\":\"https:\/\/blog.olimar.de\/wp-content\/uploads\/2021\/01\/OLIMAR_Logo_COLOR.png\",\"contentUrl\":\"https:\/\/blog.olimar.de\/wp-content\/uploads\/2021\/01\/OLIMAR_Logo_COLOR.png\",\"width\":2000,\"height\":986,\"caption\":\"OLIMAR Reisen\"},\"image\":{\"@id\":\"https:\/\/blog.olimar.de\/#\/schema\/logo\/image\/\"},\"sameAs\":[\"https:\/\/www.facebook.com\/OlimarReisen\",\"https:\/\/x.com\/olimarrreisen\",\"https:\/\/www.instagram.com\/olimarreisen\",\"https:\/\/www.youtube.com\/user\/olimarreisen\"]}]}<\/script>\n<!-- \/ Yoast SEO plugin. -->","yoast_head_json":{"title":"Familienurlaub im Alentejo: 5 Ausflugsziele f\u00fcr Gro\u00df & Klein","description":"Ein Familienurlaub im Alentejo verspricht nicht nur jede Menge wundersch\u00f6ne Natur, sondern auch tolle Erlebnisse f\u00fcr Gro\u00df und Klein!","robots":{"index":"index","follow":"follow","max-snippet":"max-snippet:-1","max-image-preview":"max-image-preview:large","max-video-preview":"max-video-preview:-1"},"canonical":"https:\/\/blog.olimar.de\/familienurlaub-im-alentejo\/","og_locale":"de_DE","og_type":"article","og_title":"Familienurlaub im Alentejo: 5 Ausflugsziele f\u00fcr Gro\u00df & Klein","og_description":"Ein Familienurlaub im Alentejo verspricht nicht nur jede Menge wundersch\u00f6ne Natur, sondern auch tolle Erlebnisse f\u00fcr Gro\u00df und Klein!","og_url":"https:\/\/blog.olimar.de\/familienurlaub-im-alentejo\/","article_publisher":"https:\/\/www.facebook.com\/OlimarReisen","article_published_time":"2023-07-19T11:04:18+00:00","article_modified_time":"2023-07-19T11:04:19+00:00","og_image":[{"width":1280,"height":720,"url":"https:\/\/blog.olimar.de\/wp-content\/uploads\/2023\/07\/familienurlaub-im-alentejo.jpg","type":"image\/jpeg"}],"author":"Kim Obermann","twitter_misc":{"Verfasst von":"Kim Obermann","Gesch\u00e4tzte Lesezeit":"8\u00a0Minuten"},"schema":{"@context":"https:\/\/schema.org","@graph":[{"@type":"WebPage","@id":"https:\/\/blog.olimar.de\/familienurlaub-im-alentejo\/","url":"https:\/\/blog.olimar.de\/familienurlaub-im-alentejo\/","name":"Familienurlaub im Alentejo: 5 Ausflugsziele f\u00fcr Gro\u00df & Klein","isPartOf":{"@id":"https:\/\/blog.olimar.de\/#website"},"primaryImageOfPage":{"@id":"https:\/\/blog.olimar.de\/familienurlaub-im-alentejo\/#primaryimage"},"image":{"@id":"https:\/\/blog.olimar.de\/familienurlaub-im-alentejo\/#primaryimage"},"thumbnailUrl":"https:\/\/blog.olimar.de\/wp-content\/uploads\/2023\/07\/familienurlaub-im-alentejo.jpg","datePublished":"2023-07-19T11:04:18+00:00","dateModified":"2023-07-19T11:04:19+00:00","description":"Ein Familienurlaub im Alentejo verspricht nicht nur jede Menge wundersch\u00f6ne Natur, sondern auch tolle Erlebnisse f\u00fcr Gro\u00df und Klein!","breadcrumb":{"@id":"https:\/\/blog.olimar.de\/familienurlaub-im-alentejo\/#breadcrumb"},"inLanguage":"de","potentialAction":[{"@type":"ReadAction","target":["https:\/\/blog.olimar.de\/familienurlaub-im-alentejo\/"]}]},{"@type":"ImageObject","inLanguage":"de","@id":"https:\/\/blog.olimar.de\/familienurlaub-im-alentejo\/#primaryimage","url":"https:\/\/blog.olimar.de\/wp-content\/uploads\/2023\/07\/familienurlaub-im-alentejo.jpg","contentUrl":"https:\/\/blog.olimar.de\/wp-content\/uploads\/2023\/07\/familienurlaub-im-alentejo.jpg","width":1280,"height":720,"caption":"Familienurlaub im Alentejo"},{"@type":"BreadcrumbList","@id":"https:\/\/blog.olimar.de\/familienurlaub-im-alentejo\/#breadcrumb","itemListElement":[{"@type":"ListItem","position":1,"name":"Home","item":"https:\/\/blog.olimar.de\/"},{"@type":"ListItem","position":2,"name":"Alentejo","item":"https:\/\/blog.olimar.de\/tag\/alentejo\/"},{"@type":"ListItem","position":3,"name":"Familienurlaub im Alentejo: 5 Ausflugsziele f\u00fcr Gro\u00df und Klein\u00a0\u00a0"}]},{"@type":"WebSite","@id":"https:\/\/blog.olimar.de\/#website","url":"https:\/\/blog.olimar.de\/","name":"OLIMAR.com","description":"","publisher":{"@id":"https:\/\/blog.olimar.de\/#organization"},"potentialAction":[{"@type":"SearchAction","target":{"@type":"EntryPoint","urlTemplate":"https:\/\/blog.olimar.de\/?s={search_term_string}"},"query-input":{"@type":"PropertyValueSpecification","valueRequired":true,"valueName":"search_term_string"}}],"inLanguage":"de"},{"@type":"Organization","@id":"https:\/\/blog.olimar.de\/#organization","name":"OLIMAR Reisen","url":"https:\/\/blog.olimar.de\/","logo":{"@type":"ImageObject","inLanguage":"de","@id":"https:\/\/blog.olimar.de\/#\/schema\/logo\/image\/","url":"https:\/\/blog.olimar.de\/wp-content\/uploads\/2021\/01\/OLIMAR_Logo_COLOR.png","contentUrl":"https:\/\/blog.olimar.de\/wp-content\/uploads\/2021\/01\/OLIMAR_Logo_COLOR.png","width":2000,"height":986,"caption":"OLIMAR Reisen"},"image":{"@id":"https:\/\/blog.olimar.de\/#\/schema\/logo\/image\/"},"sameAs":["https:\/\/www.facebook.com\/OlimarReisen","https:\/\/x.com\/olimarrreisen","https:\/\/www.instagram.com\/olimarreisen","https:\/\/www.youtube.com\/user\/olimarreisen"]}]}},"modified_by":"Julia Windh\u00f6vel","jetpack_featured_media_url":"https:\/\/blog.olimar.de\/wp-content\/uploads\/2023\/07\/familienurlaub-im-alentejo.jpg","_links":{"self":[{"href":"https:\/\/blog.olimar.de\/wp-json\/wp\/v2\/posts\/26170","targetHints":{"allow":["GET"]}}],"collection":[{"href":"https:\/\/blog.olimar.de\/wp-json\/wp\/v2\/posts"}],"about":[{"href":"https:\/\/blog.olimar.de\/wp-json\/wp\/v2\/types\/post"}],"author":[{"embeddable":true,"href":"https:\/\/blog.olimar.de\/wp-json\/wp\/v2\/users\/90"}],"replies":[{"embeddable":true,"href":"https:\/\/blog.olimar.de\/wp-json\/wp\/v2\/comments?post=26170"}],"version-history":[{"count":50,"href":"https:\/\/blog.olimar.de\/wp-json\/wp\/v2\/posts\/26170\/revisions"}],"predecessor-version":[{"id":26329,"href":"https:\/\/blog.olimar.de\/wp-json\/wp\/v2\/posts\/26170\/revisions\/26329"}],"wp:featuredmedia":[{"embeddable":true,"href":"https:\/\/blog.olimar.de\/wp-json\/wp\/v2\/media\/26318"}],"wp:attachment":[{"href":"https:\/\/blog.olimar.de\/wp-json\/wp\/v2\/media?parent=26170"}],"wp:term":[{"taxonomy":"category","embeddable":true,"href":"https:\/\/blog.olimar.de\/wp-json\/wp\/v2\/categories?post=26170"},{"taxonomy":"post_tag","embeddable":true,"href":"https:\/\/blog.olimar.de\/wp-json\/wp\/v2\/tags?post=26170"}],"curies":[{"name":"wp","href":"https:\/\/api.w.org\/{rel}","templated":true}]}}