{"id":2619,"date":"2015-12-17T12:39:32","date_gmt":"2015-12-17T10:39:32","guid":{"rendered":"https:\/\/blog.olimar.de\/?p=2619"},"modified":"2024-03-12T17:12:58","modified_gmt":"2024-03-12T16:12:58","slug":"mittelalterliche-juwele-in-katalonien-besalu-und-beget","status":"publish","type":"post","link":"https:\/\/blog.olimar.de\/mittelalterliche-juwele-in-katalonien-besalu-und-beget\/","title":{"rendered":"Mittelalterliche Juwele in Katalonien: Besal\u00fa und Beget"},"content":{"rendered":"<p class=\"intro\">Lust auf einen Ausflug ins Mittelalter? Dann folgen Sie mir auf einen Rundgang durch Besal\u00fa und Beget, zwei kleine, sehenswerte Juwele im Norden <a href=\"https:\/\/www.olimar.de\/spanien\/katalonien\/\" target=\"_blank\" rel=\"noopener noreferrer\">Kataloniens<\/a>. Aus gutem Grund z\u00e4hlen sie zu den sch\u00f6nsten mittelalterlichen Orten der Region.<\/p>\n<h3><strong>Besal\u00fa &#8211; wie im M\u00e4rchen<\/strong><\/h3>\n<p>Besal\u00fa ist ein echtes Schmuckst\u00fcck, z\u00e4hlt aber noch immer zu den touristischen Geheimtipps Kataloniens. Die Stadt mit ca. 2500 Einwohnern liegt im Vulkangebiet Garrotxa und ist umgeben von Natur pur.<br \/>\nWer sich nach Schatten und Ruhe sehnt, findet beides in den vielen umliegenden W\u00e4ldern. Besal\u00fa selber beeindruckt mich direkt mit einem gro\u00dfartigen Ausblick von der Br\u00fccke \u00fcber den Rio Fluvi\u00e0 aus auf die mittelalterlichen Fassaden.<\/p>\n<div id='gallery-1' class='gallery galleryid-2619 gallery-columns-3 gallery-size-thumbnail'><dl class='gallery-item'>\n\t\t\t<dt class='gallery-icon landscape'>\n\t\t\t\t<img loading=\"lazy\" decoding=\"async\" width=\"150\" height=\"150\" src=\"https:\/\/blog.olimar.de\/wp-content\/uploads\/2015\/08\/Br\u00fccke-in-Besalu-150x150.jpg\" class=\"attachment-thumbnail size-thumbnail\" alt=\"Br\u00fccke \u00fcber den Rio Fluvi\u00e0 in Besal\u00fa\" srcset=\"https:\/\/blog.olimar.de\/wp-content\/uploads\/2015\/08\/Br\u00fccke-in-Besalu-150x150.jpg 150w, https:\/\/blog.olimar.de\/wp-content\/uploads\/2015\/08\/Br\u00fccke-in-Besalu-120x120.jpg 120w\" sizes=\"auto, (max-width: 150px) 100vw, 150px\" \/>\n\t\t\t<\/dt><\/dl><dl class='gallery-item'>\n\t\t\t<dt class='gallery-icon landscape'>\n\t\t\t\t<img loading=\"lazy\" decoding=\"async\" width=\"150\" height=\"150\" src=\"https:\/\/blog.olimar.de\/wp-content\/uploads\/2015\/08\/Br\u00fccke-Fluvia-150x150.jpg\" class=\"attachment-thumbnail size-thumbnail\" alt=\"Historische Br\u00fccke \u00fcber den R\u00edo Fluvi\u00e0\" srcset=\"https:\/\/blog.olimar.de\/wp-content\/uploads\/2015\/08\/Br\u00fccke-Fluvia-150x150.jpg 150w, https:\/\/blog.olimar.de\/wp-content\/uploads\/2015\/08\/Br\u00fccke-Fluvia-120x120.jpg 120w\" sizes=\"auto, (max-width: 150px) 100vw, 150px\" \/>\n\t\t\t<\/dt><\/dl>\n\t\t\t<br style='clear: both' \/>\n\t\t<\/div>\n\n<p><strong>Ein Spaziergang in eine andere Zeit<\/strong><br \/>\nIn den kleinen Gassen schlendere ich vorbei an malerischen H\u00e4usern, in denen unterschiedlichste Gesch\u00e4fte untergebracht sind. Hier gibt es alles, von regionalen Produkten und Spezialit\u00e4ten bis hin zu kunstvollen Souvenirs. Die historischen Geb\u00e4ude erzeugen einen ganz besonderen Charme, der mich zur\u00fcck in eine andere Zeit versetzt.<br \/>\nUnd auch solche Kuriosit\u00e4ten gibt es hier zu entdecken: Eine Palme, die sich elegant mit dem Mauerwerk verbindet.<\/p>\n<div id='gallery-2' class='gallery galleryid-2619 gallery-columns-3 gallery-size-thumbnail'><dl class='gallery-item'>\n\t\t\t<dt class='gallery-icon portrait'>\n\t\t\t\t<img loading=\"lazy\" decoding=\"async\" width=\"150\" height=\"150\" src=\"https:\/\/blog.olimar.de\/wp-content\/uploads\/2015\/08\/Gasse-mit-Kopfsteinpflaster-150x150.jpg\" class=\"attachment-thumbnail size-thumbnail\" alt=\"Gasse mit Kopfsteinpflaster in Besal\u00fa\" srcset=\"https:\/\/blog.olimar.de\/wp-content\/uploads\/2015\/08\/Gasse-mit-Kopfsteinpflaster-150x150.jpg 150w, https:\/\/blog.olimar.de\/wp-content\/uploads\/2015\/08\/Gasse-mit-Kopfsteinpflaster-120x120.jpg 120w\" sizes=\"auto, (max-width: 150px) 100vw, 150px\" \/>\n\t\t\t<\/dt><\/dl><dl class='gallery-item'>\n\t\t\t<dt class='gallery-icon portrait'>\n\t\t\t\t<img loading=\"lazy\" decoding=\"async\" width=\"150\" height=\"150\" src=\"https:\/\/blog.olimar.de\/wp-content\/uploads\/2015\/08\/Palme-aus-Mauer-150x150.jpg\" class=\"attachment-thumbnail size-thumbnail\" alt=\"Kleine Gasse mit Palme in Besal\u00f9\" srcset=\"https:\/\/blog.olimar.de\/wp-content\/uploads\/2015\/08\/Palme-aus-Mauer-150x150.jpg 150w, https:\/\/blog.olimar.de\/wp-content\/uploads\/2015\/08\/Palme-aus-Mauer-120x120.jpg 120w\" sizes=\"auto, (max-width: 150px) 100vw, 150px\" \/>\n\t\t\t<\/dt><\/dl>\n\t\t\t<br style='clear: both' \/>\n\t\t<\/div>\n\n<p><strong>Pause mit wundervollem Panorama<\/strong><br \/>\nNach so vielen Eindr\u00fccken erfrische ich mich bei einem k\u00fchlen Getr\u00e4nk in einem kleine Caf\u00e9 au\u00dferhalb der Fu\u00dfg\u00e4ngerzone. Der ungest\u00f6rte Blick auf die Br\u00fccke, den Fluss und das satte Gr\u00fcn drumherum sind ein Genuss f\u00fcrs Auge.<\/p>\n<div id='gallery-3' class='gallery galleryid-2619 gallery-columns-3 gallery-size-thumbnail'><dl class='gallery-item'>\n\t\t\t<dt class='gallery-icon landscape'>\n\t\t\t\t<img loading=\"lazy\" decoding=\"async\" width=\"150\" height=\"150\" src=\"https:\/\/blog.olimar.de\/wp-content\/uploads\/2015\/08\/Cafe-150x150.jpg\" class=\"attachment-thumbnail size-thumbnail\" alt=\"gem\u00fctliches Caf\u00e9 in Besal\u00fa\" srcset=\"https:\/\/blog.olimar.de\/wp-content\/uploads\/2015\/08\/Cafe-150x150.jpg 150w, https:\/\/blog.olimar.de\/wp-content\/uploads\/2015\/08\/Cafe-120x120.jpg 120w\" sizes=\"auto, (max-width: 150px) 100vw, 150px\" \/>\n\t\t\t<\/dt><\/dl><dl class='gallery-item'>\n\t\t\t<dt class='gallery-icon landscape'>\n\t\t\t\t<img loading=\"lazy\" decoding=\"async\" width=\"150\" height=\"150\" src=\"https:\/\/blog.olimar.de\/wp-content\/uploads\/2015\/08\/Br\u00fccke-in-Besalu-150x150.jpg\" class=\"attachment-thumbnail size-thumbnail\" alt=\"Br\u00fccke \u00fcber den Rio Fluvi\u00e0 in Besal\u00fa\" srcset=\"https:\/\/blog.olimar.de\/wp-content\/uploads\/2015\/08\/Br\u00fccke-in-Besalu-150x150.jpg 150w, https:\/\/blog.olimar.de\/wp-content\/uploads\/2015\/08\/Br\u00fccke-in-Besalu-120x120.jpg 120w\" sizes=\"auto, (max-width: 150px) 100vw, 150px\" \/>\n\t\t\t<\/dt><\/dl>\n\t\t\t<br style='clear: both' \/>\n\t\t<\/div>\n\n<p><strong>Tipp: Mittelalterfest in Besal\u00fa<\/strong><br \/>\nJedes Jahr Ende August findet in Besal\u00fa ein gro\u00dfes Mittelalterfest statt, bei dem es bunt hergeht. K\u00fcnstler, Musiker, Schausteller und T\u00e4nzer lassen alte Zeiten wieder aufleben. Prunkvolle Kost\u00fcme und liebevoll geschm\u00fcckte St\u00e4nde mit leckeren regionale Spezialit\u00e4ten runden das Fest ab. Wenn Sie zu dieser Zeit in der Region sind, sollten Sie sich dieses Spektakel auf keinen Fall entgehen lassen.<\/p>\n<h3><strong>Sehenswertes in der Umgebung: Beget<\/strong><\/h3>\n<p>Nur knapp 50 km entfernt liegt mitten in den katalanischen Pyren\u00e4en das urige Dorf <strong>Beget<\/strong>.<br \/>\nHier hei\u00dft es: Autos m\u00fcssen drau\u00dfen bleiben und so parkt man seinen Wagen auf einem Parkplatz direkt vor Beget.<br \/>\nDer Ort wirkt mit seinem Kopfsteinpflaster und den pr\u00e4chtigen alten H\u00e4usern wie aus dem Bilderbuch. Ein gem\u00fctlicher Spaziergang durch Beget dauert ca. 45 Minuten bis 1 Stunde. \u00dcberall laden B\u00e4nke ein, sich auszuruhen und die Seele baumeln zu lassen. Und wenn Sie die katalanische K\u00fcche kennenlernen m\u00f6chten, dann bieten Ihnen verschiedene traditionelle Restaurants im Ort dazu die besten M\u00f6glichkeiten.<\/p>\n<div id='gallery-4' class='gallery galleryid-2619 gallery-columns-3 gallery-size-thumbnail'><dl class='gallery-item'>\n\t\t\t<dt class='gallery-icon portrait'>\n\t\t\t\t<img loading=\"lazy\" decoding=\"async\" width=\"150\" height=\"150\" src=\"https:\/\/blog.olimar.de\/wp-content\/uploads\/2015\/08\/Altes-Haus-in-Beget-150x150.jpg\" class=\"attachment-thumbnail size-thumbnail\" alt=\"Altes Haus mit Blumen vor den Fenstern in Beget\" srcset=\"https:\/\/blog.olimar.de\/wp-content\/uploads\/2015\/08\/Altes-Haus-in-Beget-150x150.jpg 150w, https:\/\/blog.olimar.de\/wp-content\/uploads\/2015\/08\/Altes-Haus-in-Beget-120x120.jpg 120w\" sizes=\"auto, (max-width: 150px) 100vw, 150px\" \/>\n\t\t\t<\/dt><\/dl><dl class='gallery-item'>\n\t\t\t<dt class='gallery-icon landscape'>\n\t\t\t\t<img loading=\"lazy\" decoding=\"async\" width=\"150\" height=\"150\" src=\"https:\/\/blog.olimar.de\/wp-content\/uploads\/2015\/08\/Kirche-in-Beget-150x150.jpg\" class=\"attachment-thumbnail size-thumbnail\" alt=\"Historische Kirche in Beget, Katalonien\" srcset=\"https:\/\/blog.olimar.de\/wp-content\/uploads\/2015\/08\/Kirche-in-Beget-150x150.jpg 150w, https:\/\/blog.olimar.de\/wp-content\/uploads\/2015\/08\/Kirche-in-Beget-120x120.jpg 120w\" sizes=\"auto, (max-width: 150px) 100vw, 150px\" \/>\n\t\t\t<\/dt><\/dl><dl class='gallery-item'>\n\t\t\t<dt class='gallery-icon portrait'>\n\t\t\t\t<img loading=\"lazy\" decoding=\"async\" width=\"150\" height=\"150\" src=\"https:\/\/blog.olimar.de\/wp-content\/uploads\/2015\/08\/Beget-150x150.jpg\" class=\"attachment-thumbnail size-thumbnail\" alt=\"Historische Gasse mit Haus in Beget\" srcset=\"https:\/\/blog.olimar.de\/wp-content\/uploads\/2015\/08\/Beget-150x150.jpg 150w, https:\/\/blog.olimar.de\/wp-content\/uploads\/2015\/08\/Beget-120x120.jpg 120w\" sizes=\"auto, (max-width: 150px) 100vw, 150px\" \/>\n\t\t\t<\/dt><\/dl><br style=\"clear: both\" \/>\n\t\t<\/div>\n\n<p>Nur 130 km entfernt von Barcelona treffen Sie in Beget und Besal\u00fa auf das Mittelalter in seiner sch\u00f6nsten Form. Ideal f\u00fcr einen Tagesausflug oder als Zwischenstopp bei einer Rundreise, denn selten verbinden sich Mittelalter und Neuzeit so sch\u00f6n wie hier.<\/p>\n<div class=\"green-box\"><strong>OLIMAR Tipps<\/strong><\/p>\n<p><strong>Anreise: <\/strong>Mit dem Flugzeug nach Girona (50 km) oder Barcelona (130 km)<br \/>\nVon dort weiter mit dem Mietwagen.<br \/>\n<strong>\u00dcbernachten:<\/strong> In Figueres, z.B. im Hotel Empord\u00e0<br \/>\n<strong>Ausgehen:<\/strong> Mittelalterfest, immer Ende August<br \/>\n<strong>Reisezeit:<\/strong> Von M\u00e4rz bis November<\/p>\n<\/div>\n","protected":false},"excerpt":{"rendered":"<p>Lust auf einen Ausflug ins Mittelalter? Dann folgen Sie mir auf einen Rundgang durch Besal\u00fa und Beget, zwei kleine, sehenswerte Juwele im Norden Kataloniens. Aus gutem Grund z\u00e4hlen sie zu den sch\u00f6nsten mittelalterlichen Orten der Region.<\/p>\n","protected":false},"author":15,"featured_media":2622,"comment_status":"open","ping_status":"open","sticky":false,"template":"","format":"standard","meta":{"_crdt_document":"","_lmt_disableupdate":"","_lmt_disable":"","footnotes":""},"categories":[28],"tags":[64,62],"class_list":["post-2619","post","type-post","status-publish","format-standard","has-post-thumbnail","hentry","category-kunst-kultur","tag-katalonien","tag-spanien"],"yoast_head":"<!-- This site is optimized with the Yoast SEO plugin v26.9 - https:\/\/yoast.com\/product\/yoast-seo-wordpress\/ -->\n<title>Mittelalterliche Juwele in Katalonien: Besal\u00fa und Beget<\/title>\n<meta name=\"description\" content=\"Besal\u00fa, eine kleine Stadt im Norden Kataloniens ist ein echter Geheimtipp mit mittelalterlichen Charme. Es bezaubert durch malerische H\u00e4user und Gassen.\" \/>\n<meta name=\"robots\" content=\"index, follow, max-snippet:-1, max-image-preview:large, max-video-preview:-1\" \/>\n<link rel=\"canonical\" href=\"https:\/\/blog.olimar.de\/mittelalterliche-juwele-in-katalonien-besalu-und-beget\/\" \/>\n<meta property=\"og:locale\" content=\"de_DE\" \/>\n<meta property=\"og:type\" content=\"article\" \/>\n<meta property=\"og:title\" content=\"Mittelalterliche Juwele in Katalonien: Besal\u00fa und Beget\" \/>\n<meta property=\"og:description\" content=\"Besal\u00fa, eine kleine Stadt im Norden Kataloniens ist ein echter Geheimtipp mit mittelalterlichen Charme. Es bezaubert durch malerische H\u00e4user und Gassen.\" \/>\n<meta property=\"og:url\" content=\"https:\/\/blog.olimar.de\/mittelalterliche-juwele-in-katalonien-besalu-und-beget\/\" \/>\n<meta property=\"article:publisher\" content=\"https:\/\/www.facebook.com\/OlimarReisen\" \/>\n<meta property=\"article:published_time\" content=\"2015-12-17T10:39:32+00:00\" \/>\n<meta property=\"article:modified_time\" content=\"2024-03-12T16:12:58+00:00\" \/>\n<meta property=\"og:image\" content=\"https:\/\/blog.olimar.de\/wp-content\/uploads\/2015\/08\/Ausblick-auf-Besalu.jpg\" \/>\n\t<meta property=\"og:image:width\" content=\"1000\" \/>\n\t<meta property=\"og:image:height\" content=\"518\" \/>\n\t<meta property=\"og:image:type\" content=\"image\/jpeg\" \/>\n<meta name=\"author\" content=\"Nima\" \/>\n<meta name=\"twitter:label1\" content=\"Verfasst von\" \/>\n\t<meta name=\"twitter:data1\" content=\"Nima\" \/>\n\t<meta name=\"twitter:label2\" content=\"Gesch\u00e4tzte Lesezeit\" \/>\n\t<meta name=\"twitter:data2\" content=\"3\u00a0Minuten\" \/>\n<script type=\"application\/ld+json\" class=\"yoast-schema-graph\">{\"@context\":\"https:\/\/schema.org\",\"@graph\":[{\"@type\":\"WebPage\",\"@id\":\"https:\/\/blog.olimar.de\/mittelalterliche-juwele-in-katalonien-besalu-und-beget\/\",\"url\":\"https:\/\/blog.olimar.de\/mittelalterliche-juwele-in-katalonien-besalu-und-beget\/\",\"name\":\"Mittelalterliche Juwele in Katalonien: Besal\u00fa und Beget\",\"isPartOf\":{\"@id\":\"https:\/\/blog.olimar.de\/#website\"},\"primaryImageOfPage\":{\"@id\":\"https:\/\/blog.olimar.de\/mittelalterliche-juwele-in-katalonien-besalu-und-beget\/#primaryimage\"},\"image\":{\"@id\":\"https:\/\/blog.olimar.de\/mittelalterliche-juwele-in-katalonien-besalu-und-beget\/#primaryimage\"},\"thumbnailUrl\":\"https:\/\/blog.olimar.de\/wp-content\/uploads\/2015\/08\/Ausblick-auf-Besalu.jpg\",\"datePublished\":\"2015-12-17T10:39:32+00:00\",\"dateModified\":\"2024-03-12T16:12:58+00:00\",\"description\":\"Besal\u00fa, eine kleine Stadt im Norden Kataloniens ist ein echter Geheimtipp mit mittelalterlichen Charme. Es bezaubert durch malerische H\u00e4user und Gassen.\",\"breadcrumb\":{\"@id\":\"https:\/\/blog.olimar.de\/mittelalterliche-juwele-in-katalonien-besalu-und-beget\/#breadcrumb\"},\"inLanguage\":\"de\",\"potentialAction\":[{\"@type\":\"ReadAction\",\"target\":[\"https:\/\/blog.olimar.de\/mittelalterliche-juwele-in-katalonien-besalu-und-beget\/\"]}]},{\"@type\":\"ImageObject\",\"inLanguage\":\"de\",\"@id\":\"https:\/\/blog.olimar.de\/mittelalterliche-juwele-in-katalonien-besalu-und-beget\/#primaryimage\",\"url\":\"https:\/\/blog.olimar.de\/wp-content\/uploads\/2015\/08\/Ausblick-auf-Besalu.jpg\",\"contentUrl\":\"https:\/\/blog.olimar.de\/wp-content\/uploads\/2015\/08\/Ausblick-auf-Besalu.jpg\",\"width\":1000,\"height\":518,\"caption\":\"Ausblick auf Besal\u00fa in Katalonien\"},{\"@type\":\"BreadcrumbList\",\"@id\":\"https:\/\/blog.olimar.de\/mittelalterliche-juwele-in-katalonien-besalu-und-beget\/#breadcrumb\",\"itemListElement\":[{\"@type\":\"ListItem\",\"position\":1,\"name\":\"Home\",\"item\":\"https:\/\/blog.olimar.de\/\"},{\"@type\":\"ListItem\",\"position\":2,\"name\":\"Katalonien\",\"item\":\"https:\/\/blog.olimar.de\/tag\/katalonien\/\"},{\"@type\":\"ListItem\",\"position\":3,\"name\":\"Mittelalterliche Juwele in Katalonien: Besal\u00fa und Beget\"}]},{\"@type\":\"WebSite\",\"@id\":\"https:\/\/blog.olimar.de\/#website\",\"url\":\"https:\/\/blog.olimar.de\/\",\"name\":\"OLIMAR.com\",\"description\":\"\",\"publisher\":{\"@id\":\"https:\/\/blog.olimar.de\/#organization\"},\"potentialAction\":[{\"@type\":\"SearchAction\",\"target\":{\"@type\":\"EntryPoint\",\"urlTemplate\":\"https:\/\/blog.olimar.de\/?s={search_term_string}\"},\"query-input\":{\"@type\":\"PropertyValueSpecification\",\"valueRequired\":true,\"valueName\":\"search_term_string\"}}],\"inLanguage\":\"de\"},{\"@type\":\"Organization\",\"@id\":\"https:\/\/blog.olimar.de\/#organization\",\"name\":\"OLIMAR Reisen\",\"url\":\"https:\/\/blog.olimar.de\/\",\"logo\":{\"@type\":\"ImageObject\",\"inLanguage\":\"de\",\"@id\":\"https:\/\/blog.olimar.de\/#\/schema\/logo\/image\/\",\"url\":\"https:\/\/blog.olimar.de\/wp-content\/uploads\/2021\/01\/OLIMAR_Logo_COLOR.png\",\"contentUrl\":\"https:\/\/blog.olimar.de\/wp-content\/uploads\/2021\/01\/OLIMAR_Logo_COLOR.png\",\"width\":2000,\"height\":986,\"caption\":\"OLIMAR Reisen\"},\"image\":{\"@id\":\"https:\/\/blog.olimar.de\/#\/schema\/logo\/image\/\"},\"sameAs\":[\"https:\/\/www.facebook.com\/OlimarReisen\",\"https:\/\/x.com\/olimarrreisen\",\"https:\/\/www.instagram.com\/olimarreisen\",\"https:\/\/www.youtube.com\/user\/olimarreisen\"]}]}<\/script>\n<!-- \/ Yoast SEO plugin. -->","yoast_head_json":{"title":"Mittelalterliche Juwele in Katalonien: Besal\u00fa und Beget","description":"Besal\u00fa, eine kleine Stadt im Norden Kataloniens ist ein echter Geheimtipp mit mittelalterlichen Charme. Es bezaubert durch malerische H\u00e4user und Gassen.","robots":{"index":"index","follow":"follow","max-snippet":"max-snippet:-1","max-image-preview":"max-image-preview:large","max-video-preview":"max-video-preview:-1"},"canonical":"https:\/\/blog.olimar.de\/mittelalterliche-juwele-in-katalonien-besalu-und-beget\/","og_locale":"de_DE","og_type":"article","og_title":"Mittelalterliche Juwele in Katalonien: Besal\u00fa und Beget","og_description":"Besal\u00fa, eine kleine Stadt im Norden Kataloniens ist ein echter Geheimtipp mit mittelalterlichen Charme. Es bezaubert durch malerische H\u00e4user und Gassen.","og_url":"https:\/\/blog.olimar.de\/mittelalterliche-juwele-in-katalonien-besalu-und-beget\/","article_publisher":"https:\/\/www.facebook.com\/OlimarReisen","article_published_time":"2015-12-17T10:39:32+00:00","article_modified_time":"2024-03-12T16:12:58+00:00","og_image":[{"width":1000,"height":518,"url":"https:\/\/blog.olimar.de\/wp-content\/uploads\/2015\/08\/Ausblick-auf-Besalu.jpg","type":"image\/jpeg"}],"author":"Nima","twitter_misc":{"Verfasst von":"Nima","Gesch\u00e4tzte Lesezeit":"3\u00a0Minuten"},"schema":{"@context":"https:\/\/schema.org","@graph":[{"@type":"WebPage","@id":"https:\/\/blog.olimar.de\/mittelalterliche-juwele-in-katalonien-besalu-und-beget\/","url":"https:\/\/blog.olimar.de\/mittelalterliche-juwele-in-katalonien-besalu-und-beget\/","name":"Mittelalterliche Juwele in Katalonien: Besal\u00fa und Beget","isPartOf":{"@id":"https:\/\/blog.olimar.de\/#website"},"primaryImageOfPage":{"@id":"https:\/\/blog.olimar.de\/mittelalterliche-juwele-in-katalonien-besalu-und-beget\/#primaryimage"},"image":{"@id":"https:\/\/blog.olimar.de\/mittelalterliche-juwele-in-katalonien-besalu-und-beget\/#primaryimage"},"thumbnailUrl":"https:\/\/blog.olimar.de\/wp-content\/uploads\/2015\/08\/Ausblick-auf-Besalu.jpg","datePublished":"2015-12-17T10:39:32+00:00","dateModified":"2024-03-12T16:12:58+00:00","description":"Besal\u00fa, eine kleine Stadt im Norden Kataloniens ist ein echter Geheimtipp mit mittelalterlichen Charme. Es bezaubert durch malerische H\u00e4user und Gassen.","breadcrumb":{"@id":"https:\/\/blog.olimar.de\/mittelalterliche-juwele-in-katalonien-besalu-und-beget\/#breadcrumb"},"inLanguage":"de","potentialAction":[{"@type":"ReadAction","target":["https:\/\/blog.olimar.de\/mittelalterliche-juwele-in-katalonien-besalu-und-beget\/"]}]},{"@type":"ImageObject","inLanguage":"de","@id":"https:\/\/blog.olimar.de\/mittelalterliche-juwele-in-katalonien-besalu-und-beget\/#primaryimage","url":"https:\/\/blog.olimar.de\/wp-content\/uploads\/2015\/08\/Ausblick-auf-Besalu.jpg","contentUrl":"https:\/\/blog.olimar.de\/wp-content\/uploads\/2015\/08\/Ausblick-auf-Besalu.jpg","width":1000,"height":518,"caption":"Ausblick auf Besal\u00fa in Katalonien"},{"@type":"BreadcrumbList","@id":"https:\/\/blog.olimar.de\/mittelalterliche-juwele-in-katalonien-besalu-und-beget\/#breadcrumb","itemListElement":[{"@type":"ListItem","position":1,"name":"Home","item":"https:\/\/blog.olimar.de\/"},{"@type":"ListItem","position":2,"name":"Katalonien","item":"https:\/\/blog.olimar.de\/tag\/katalonien\/"},{"@type":"ListItem","position":3,"name":"Mittelalterliche Juwele in Katalonien: Besal\u00fa und Beget"}]},{"@type":"WebSite","@id":"https:\/\/blog.olimar.de\/#website","url":"https:\/\/blog.olimar.de\/","name":"OLIMAR.com","description":"","publisher":{"@id":"https:\/\/blog.olimar.de\/#organization"},"potentialAction":[{"@type":"SearchAction","target":{"@type":"EntryPoint","urlTemplate":"https:\/\/blog.olimar.de\/?s={search_term_string}"},"query-input":{"@type":"PropertyValueSpecification","valueRequired":true,"valueName":"search_term_string"}}],"inLanguage":"de"},{"@type":"Organization","@id":"https:\/\/blog.olimar.de\/#organization","name":"OLIMAR Reisen","url":"https:\/\/blog.olimar.de\/","logo":{"@type":"ImageObject","inLanguage":"de","@id":"https:\/\/blog.olimar.de\/#\/schema\/logo\/image\/","url":"https:\/\/blog.olimar.de\/wp-content\/uploads\/2021\/01\/OLIMAR_Logo_COLOR.png","contentUrl":"https:\/\/blog.olimar.de\/wp-content\/uploads\/2021\/01\/OLIMAR_Logo_COLOR.png","width":2000,"height":986,"caption":"OLIMAR Reisen"},"image":{"@id":"https:\/\/blog.olimar.de\/#\/schema\/logo\/image\/"},"sameAs":["https:\/\/www.facebook.com\/OlimarReisen","https:\/\/x.com\/olimarrreisen","https:\/\/www.instagram.com\/olimarreisen","https:\/\/www.youtube.com\/user\/olimarreisen"]}]}},"modified_by":"Wiebke Fix","jetpack_featured_media_url":"https:\/\/blog.olimar.de\/wp-content\/uploads\/2015\/08\/Ausblick-auf-Besalu.jpg","_links":{"self":[{"href":"https:\/\/blog.olimar.de\/wp-json\/wp\/v2\/posts\/2619","targetHints":{"allow":["GET"]}}],"collection":[{"href":"https:\/\/blog.olimar.de\/wp-json\/wp\/v2\/posts"}],"about":[{"href":"https:\/\/blog.olimar.de\/wp-json\/wp\/v2\/types\/post"}],"author":[{"embeddable":true,"href":"https:\/\/blog.olimar.de\/wp-json\/wp\/v2\/users\/15"}],"replies":[{"embeddable":true,"href":"https:\/\/blog.olimar.de\/wp-json\/wp\/v2\/comments?post=2619"}],"version-history":[{"count":20,"href":"https:\/\/blog.olimar.de\/wp-json\/wp\/v2\/posts\/2619\/revisions"}],"predecessor-version":[{"id":27519,"href":"https:\/\/blog.olimar.de\/wp-json\/wp\/v2\/posts\/2619\/revisions\/27519"}],"wp:featuredmedia":[{"embeddable":true,"href":"https:\/\/blog.olimar.de\/wp-json\/wp\/v2\/media\/2622"}],"wp:attachment":[{"href":"https:\/\/blog.olimar.de\/wp-json\/wp\/v2\/media?parent=2619"}],"wp:term":[{"taxonomy":"category","embeddable":true,"href":"https:\/\/blog.olimar.de\/wp-json\/wp\/v2\/categories?post=2619"},{"taxonomy":"post_tag","embeddable":true,"href":"https:\/\/blog.olimar.de\/wp-json\/wp\/v2\/tags?post=2619"}],"curies":[{"name":"wp","href":"https:\/\/api.w.org\/{rel}","templated":true}]}}