{"id":2634,"date":"2015-09-18T16:55:15","date_gmt":"2015-09-18T14:55:15","guid":{"rendered":"https:\/\/blog.olimar.de\/?p=2634"},"modified":"2023-11-30T14:19:21","modified_gmt":"2023-11-30T13:19:21","slug":"maspalomas-duenen","status":"publish","type":"post","link":"https:\/\/blog.olimar.de\/maspalomas-duenen\/","title":{"rendered":"Einst nur Kakteen und Sand: Maspalomas D\u00fcnen und ihre Geschichte"},"content":{"rendered":"\n<p><strong>Gold-gelber Sand und bizarre H\u00fcgel, die bei jedem Windsto\u00df ein neues Bild in die Landschaft zeichnen: Auf Gran Canarias gr\u00f6\u00dfter D\u00fcne f\u00fchlt man sich in die Sahara versetzt. Mit einem Unterschied: Nach dem Areal er\u00f6ffnet sich ein langer Strand wie aus dem Bilderbuch. Ein Traum f\u00fcr jeden Strandl\u00e4ufer und Badeurlauber, der hier \u2013 an einem der bekanntesten Ferienorte in Europa \u2013 wahr wird.<\/strong><\/p>\n\n\n\n<div class=\"wp-block-buttons is-layout-flex wp-block-buttons-is-layout-flex\">\n<div class=\"wp-block-button\"><a class=\"wp-block-button__link wp-element-button\" href=\"https:\/\/www.olimar.de\/spanien\/kanaren\/\" target=\"_blank\" rel=\"noreferrer noopener\">Kanaren Reiseangebote und Hoteltipps entdecken<\/a><\/div>\n<\/div>\n\n\n\n<div style=\"height:25px\" aria-hidden=\"true\" class=\"wp-block-spacer\"><\/div>\n\n\n<p>Maspalomas ist das \u00e4teste Feriengebiet an der S\u00fcdk\u00fcste Gran Canarias. Bereits im 15. Jahrhundert wurde der Name \u201eMaspalomas\u201c urkundlich erw\u00e4hnt. Damals erstreckte sich der K\u00fcstenabschnitt der Calmas de Maspalomas vom Castillo Romeral bis zur Punton in Santa Agueda \u2013 ohne die Bucht der D\u00fcnen (Arguineguin) einzuschlie\u00dfen. Im Laufe der Jahre trat der Name Maspalomas immer wieder in verschiedenen Aufzeichnungen und Karten auf. So wurden die S\u00fcdspitze, der Strand und das Volk als Maspalomas bezeichnet. Arguineguin bzw. das ehemalige Dorf Juan Grande wurde als \u201eTor zur W\u00fcste\u201c bezeichnet, da sich hier bereits eine breite D\u00fcnenlandschaft gebildet hatte mit M\u00fcndung zum Meer. Dahinter, also dort wo sich heute Hotels, Restaurants und Einkaufsl\u00e4den befinden, zeigte sich der Landstrich \u00e4u\u00dferst trocken und felsig. Lediglich Kakteen und Wolfsmilchpflanzen wuchsen hier. So lebten die Ureinwohner von Maspalomas an der K\u00fcste der Punta de Mujeres, in Meloneras oder in bergigen Regionen.<br \/>Mit der Eroberung Gran Canarias im Jahr 1478 wurden Land und Wasser an die katholischen K\u00f6nige in Spanien verteilt. Die Str\u00e4nde in Maspalomas wurden fortan als H\u00e4fen benutzt, an denen zum Beispiel Holz oder Fisch auf Boote geladen wurden, um sie zu anderen Inselh\u00e4fen zu bringen. Die Ver\u00e4nderungen an der K\u00fcste hatten zur Folge, dass die Einwohner in die bergigen Regionen der Inselmitte flohen. Erst im 17. und 18. Jahrhundert wurde Maspalomas wieder neu besiedelt. Das <strong>Bauernhaus der Familie Cond\u00e9<\/strong> ging in die Geschichte Maspalomas ein. Dem Conde de la Vega geh\u00f6rten Ende des 19. Jahrhunderts gut ein Drittel der Gemeinde San Bartolom\u00e9 de Tirajana, zu der auch Maspalomas geh\u00f6rt. Da der Conde de la Vega durch seine vielen Besitzt\u00fcmer die Entwicklung Maspalomas beeinflussen konnte, \u00fcberlegte er sich, wie er seine Einnahmen vergr\u00f6\u00dfern k\u00f6nnte. Seine Idee war die <strong>Costa Canaria<\/strong>, deren Zentrum der Ort Maspalomas bilden sollte. Im Jahr 1961 wurde ein Wettbewerb f\u00fcr das Projekt der Costa Canaria ausgeschrieben. Es gewann eine franz\u00f6sische Firma, deren Vorhaben als das umweltfreundlichste eingestuft wurde. Das Bauprojekt bedeutete den <strong>Beginn des Touristenbooms im S\u00fcden von Gran Canaria<\/strong> und das Ende der traditionellen Agrarregion.<\/p>\n<div id='gallery-1' class='gallery galleryid-2634 gallery-columns-3 gallery-size-medium'><dl class='gallery-item'>\n\t\t\t<dt class='gallery-icon landscape'>\n\t\t\t\t<img loading=\"lazy\" decoding=\"async\" width=\"300\" height=\"225\" src=\"https:\/\/blog.olimar.de\/wp-content\/uploads\/2015\/08\/D\u00fcnen-von-Maspalomas-1--300x225.jpg\" class=\"attachment-medium size-medium\" alt=\"Sandweg durch die D\u00fcnen von Maspalomas auf Gran Canaria\" srcset=\"https:\/\/blog.olimar.de\/wp-content\/uploads\/2015\/08\/D\u00fcnen-von-Maspalomas-1--300x225.jpg 300w, https:\/\/blog.olimar.de\/wp-content\/uploads\/2015\/08\/D\u00fcnen-von-Maspalomas-1--1024x768.jpg 1024w\" sizes=\"auto, (max-width: 300px) 100vw, 300px\" \/>\n\t\t\t<\/dt><\/dl><dl class='gallery-item'>\n\t\t\t<dt class='gallery-icon landscape'>\n\t\t\t\t<img loading=\"lazy\" decoding=\"async\" width=\"300\" height=\"225\" src=\"https:\/\/blog.olimar.de\/wp-content\/uploads\/2015\/08\/D\u00fcnen-von-Maspalomas-2-300x225.jpg\" class=\"attachment-medium size-medium\" alt=\"Nahaufnahme der D\u00fcnen von Maspalomas auf Gran Canaria\" srcset=\"https:\/\/blog.olimar.de\/wp-content\/uploads\/2015\/08\/D\u00fcnen-von-Maspalomas-2-300x225.jpg 300w, https:\/\/blog.olimar.de\/wp-content\/uploads\/2015\/08\/D\u00fcnen-von-Maspalomas-2-1024x768.jpg 1024w\" sizes=\"auto, (max-width: 300px) 100vw, 300px\" \/>\n\t\t\t<\/dt><\/dl><dl class='gallery-item'>\n\t\t\t<dt class='gallery-icon landscape'>\n\t\t\t\t<img loading=\"lazy\" decoding=\"async\" width=\"300\" height=\"225\" src=\"https:\/\/blog.olimar.de\/wp-content\/uploads\/2015\/08\/D\u00fcnen-von-Maspalomas-3-300x225.jpg\" class=\"attachment-medium size-medium\" alt=\"D\u00fcnen von Maspalomas auf Gran Canaria\" srcset=\"https:\/\/blog.olimar.de\/wp-content\/uploads\/2015\/08\/D\u00fcnen-von-Maspalomas-3-300x225.jpg 300w, https:\/\/blog.olimar.de\/wp-content\/uploads\/2015\/08\/D\u00fcnen-von-Maspalomas-3-1024x768.jpg 1024w\" sizes=\"auto, (max-width: 300px) 100vw, 300px\" \/>\n\t\t\t<\/dt><\/dl><br style=\"clear: both\" \/>\n\t\t<\/div>\n\n<p>Maspalomas ist heute \u00fcber die Autobahn GC-1 und mit dem Bus gut zu erreichen. Mehrmals am Tag fahren verschiedene Busse vom Flughafen oder von der Hauptstadt Las Palmas ab, die in Maspalomas halten. Der <strong>sechs Kilometer lange D\u00fcneng\u00fcrtel<\/strong> an der S\u00fcdspitze ist ein wahres Paradies f\u00fcr Naturfreunde. In den Wintermonaten kann man barfu\u00df durch die D\u00fcnenlandschaft wandern und die sich immer wieder ver\u00e4ndernden Sandformationen beobachten. Im Sommer w\u00fcrde der Sand unter den F\u00fc\u00dfen brennen, daher sind feste Schuhe ein absolutes Muss. Zudem sollten D\u00fcnenwanderer die Mittagshitze meiden und ausreichend Sonnenschutz und Wasser mitnehmen. Wer nicht wandern m\u00f6chte, kann auch an einem Kamelritt durch die D\u00fcnen teilnehmen. Die Touren werden im S\u00fcdwesten in der N\u00e4he der Lagune angeboten.<br \/>Im Westen gibt es einen Salzwassert\u00fcmpel \u201eEl Charco\u201c zu sehen, in den der kleine Fluss \u201eBarranco de Maspalomas\u201c m\u00fcndet. Schilfrohr, Dornlattichstrauch und Dattelpalmen wachsen hier. Unweit entfernt gedeihen \u00fcppige Palmenhaine. Die Oase ist zudem der Lebensraum von vielen Eidechsen, Fr\u00f6schen sowie Wasser- und Zugv\u00f6geln.<\/p>\n<div class=\"green-box\"><strong>OLIMAR Tipps<\/strong><\/p>\n<p><strong>Ausgehen:<\/strong><br \/><strong>BoneyM,<\/strong> Avenida de Tirajana, H\u00f6he Plaza Teror. Tanzmusik aller Jahrzehnte in einer der \u00e4ltesten Diskotheken Gran Canarias.<\/p>\n<p><strong>Pach\u00e1<\/strong>, Avenida de Tirajana 16, C.C. Plaza, Aptos. Maritim. Edle Bar und Diskothek f\u00fcr Einheimische und internationale G\u00e4ste. Musik: R&amp;B, Funky, Top40, Dance, House.<\/p>\n<p><strong>Sunset Boulevard im C.C. Plaza Maspalomas:<\/strong> Bar mit Musik und Tanzm\u00f6glichkeit (Top 40, Latino, Dance).<\/p>\n<p><strong>Feste:<\/strong><br \/>Februar\/M\u00e4rz &#8211; Karneval: Ausgehend von der Hauptstadt Las Palmas werden auch im S\u00fcden Karnevalsfeiern \u00e1 la Rio de Janeiro veranstaltet. Die Termine werden jedes Jahr mit den Inselgemeinden abgestimmt.<\/p>\n<p><strong>Essen:<\/strong><br \/>Restaurant <strong>La Bodega<\/strong>, Paseo del faro (in der N\u00e4he des Leuchtturms): Spezialit\u00e4ten sind Paella und weitere Reisgerichte mit Fisch oder Meeresfr\u00fcchten.<br \/><strong>Bodega Justus Frantz,<\/strong> Monte Le\u00f3n, Casa de los musicos: Inhaber ist der bekannte Musiker und Komponist Justus Frantz, der hier typisch kanarische K\u00fcche anbietet.<\/p>\n<p><strong>Golfen:<\/strong><br \/>Die Tradition des Golfsports geht hier bis ins Jahr 1891 zur\u00fcck, als der allererste Golfclub Spaniens auf Gran Canaria er\u00f6ffnet wurde. Heute liegen in einem Umkreis von rund 50 km sieben abwechslungsreiche und von Top-Architekten entworfene Pl\u00e4tze mit bester Ausstattung.<br \/><a href=\"https:\/\/www.olimar.de\/golf\/\">www.olimar.de\/golf\/<\/a><\/p>\n<p><strong>\u00dcbernachten:<\/strong><br \/><strong>Lopesan Villa Del Conde Resort &amp; Corallium Thalasso:<\/strong> Elegantes Hotel in bester Lage am Meer und nahe des Leuchtturms von Maspaloma. Imposante Architektur im kanarischen Kolonialstil und ausgedehnte Gartenanlage mit Pools. Ein gro\u00dfer Wellness-Bereich, ein vielf\u00e4ltiges Angebot an Restaurants, Bars und Gesch\u00e4ften sowie ein Casino geh\u00f6ren ebenso zum Service-Angebot wie Live-Musik am Abend, das Sportprogramm (u. a. Yoga, Wasserball, Pilates) sowie der Kinderclub . Ab 80\u20ac p. P. im Doppelzimmer. <a href=\"https:\/\/rms.olimar.de\/code\/LPA100\">www.olimar.de\/LPA100\/<\/a><\/p>\n<p><strong>Sheraton Gran Canaria Salobre Golf Resort:<\/strong> Direkt am 36-Loch-Golfplatz Salobre, in ruhiger Umgebung und nur eine kurze Fahrt von Maspalomas entfernt, erwartet Sie dieses Luxushotel, das nicht nur Golfer anspricht. Das terrassenf\u00f6rmig erbaute Resort schmiegt sich an einen Berghang und bietet einen grandiosen Blick bis zur K\u00fcste. Die Kr\u00f6nung ist die Dachterrasse im 11. Stock: Dort locken ein Infinity-Pool mit balinesischen Betten, H\u00e4ngemattten und Sunset-Bar (bei guter Sicht Panoramablick bis Teneriffa). www.olimar.de\/lpa103<\/p>\n<\/div>\n\n\n<div style=\"height:50px\" aria-hidden=\"true\" class=\"wp-block-spacer\"><\/div>\n\n\n\n<div class=\"wp-block-buttons is-layout-flex wp-block-buttons-is-layout-flex\">\n<div class=\"wp-block-button\"><a class=\"wp-block-button__link wp-element-button\" href=\"https:\/\/www.olimar.de\/hotellistung\/\">Jetzt Urlaubsangebote finden und buchen<\/a><\/div>\n<\/div>\n\n\n\n<div style=\"height:100px\" aria-hidden=\"true\" class=\"wp-block-spacer\"><\/div>\n","protected":false},"excerpt":{"rendered":"<p>Gold-gelber Sand und bizarre H\u00fcgel, die bei jedem Windsto\u00df ein neues Bild in die Landschaft zeichnen: Auf Gran Canarias gr\u00f6\u00dfter D\u00fcne f\u00fchlt man sich in die Sahara versetzt. Mit einem Unterschied: Nach dem Areal er\u00f6ffnet sich ein langer Strand wie aus dem Bilderbuch. Ein Traum f\u00fcr jeden Strandl\u00e4ufer und Badeurlauber, der hier \u2013 an einem der bekanntesten Ferienorte in Europa \u2013 wahr wird. Maspalomas ist das \u00e4teste Feriengebiet an der S\u00fcdk\u00fcste Gran Canarias. Bereits im 15. Jahrhundert wurde der Name \u201eMaspalomas\u201c urkundlich erw\u00e4hnt. Damals erstreckte sich der K\u00fcstenabschnitt der Calmas de Maspalomas vom Castillo Romeral bis zur Punton in Santa Agueda &hellip;<\/p>\n","protected":false},"author":3,"featured_media":2635,"comment_status":"open","ping_status":"open","sticky":false,"template":"","format":"standard","meta":{"_crdt_document":"","_lmt_disableupdate":"","_lmt_disable":"","footnotes":""},"categories":[31],"tags":[133,115,62],"class_list":["post-2634","post","type-post","status-publish","format-standard","has-post-thumbnail","hentry","category-land-leute","tag-gran-canaria","tag-kanaren","tag-spanien"],"yoast_head":"<!-- This site is optimized with the Yoast SEO plugin v26.9 - https:\/\/yoast.com\/product\/yoast-seo-wordpress\/ -->\n<title>Maspalomas D\u00fcnen und ihre Geschichte<\/title>\n<meta name=\"description\" content=\"Auf Gran Canaria erstrecken sind wundersch\u00f6ne D\u00fcnenlandschaften. Unsere Autorin berichtet hier \u00fcber deren Entstehung sowie die unterschiedliche Nutzung.\" \/>\n<meta name=\"robots\" content=\"index, follow, max-snippet:-1, max-image-preview:large, max-video-preview:-1\" \/>\n<link rel=\"canonical\" href=\"https:\/\/blog.olimar.de\/maspalomas-duenen\/\" \/>\n<meta property=\"og:locale\" content=\"de_DE\" \/>\n<meta property=\"og:type\" content=\"article\" \/>\n<meta property=\"og:title\" content=\"Maspalomas D\u00fcnen und ihre Geschichte\" \/>\n<meta property=\"og:description\" content=\"Auf Gran Canaria erstrecken sind wundersch\u00f6ne D\u00fcnenlandschaften. Unsere Autorin berichtet hier \u00fcber deren Entstehung sowie die unterschiedliche Nutzung.\" \/>\n<meta property=\"og:url\" content=\"https:\/\/blog.olimar.de\/maspalomas-duenen\/\" \/>\n<meta property=\"article:publisher\" content=\"https:\/\/www.facebook.com\/OlimarReisen\" \/>\n<meta property=\"article:published_time\" content=\"2015-09-18T14:55:15+00:00\" \/>\n<meta property=\"article:modified_time\" content=\"2023-11-30T13:19:21+00:00\" \/>\n<meta property=\"og:image\" content=\"https:\/\/blog.olimar.de\/wp-content\/uploads\/2015\/08\/Dunas_Maspalomas_9_c_EST.jpg\" \/>\n\t<meta property=\"og:image:width\" content=\"1824\" \/>\n\t<meta property=\"og:image:height\" content=\"1368\" \/>\n\t<meta property=\"og:image:type\" content=\"image\/jpeg\" \/>\n<meta name=\"author\" content=\"Evelyn Steinbach\" \/>\n<meta name=\"twitter:label1\" content=\"Verfasst von\" \/>\n\t<meta name=\"twitter:data1\" content=\"Evelyn Steinbach\" \/>\n\t<meta name=\"twitter:label2\" content=\"Gesch\u00e4tzte Lesezeit\" \/>\n\t<meta name=\"twitter:data2\" content=\"5\u00a0Minuten\" \/>\n<script type=\"application\/ld+json\" class=\"yoast-schema-graph\">{\"@context\":\"https:\/\/schema.org\",\"@graph\":[{\"@type\":\"WebPage\",\"@id\":\"https:\/\/blog.olimar.de\/maspalomas-duenen\/\",\"url\":\"https:\/\/blog.olimar.de\/maspalomas-duenen\/\",\"name\":\"Maspalomas D\u00fcnen und ihre Geschichte\",\"isPartOf\":{\"@id\":\"https:\/\/blog.olimar.de\/#website\"},\"primaryImageOfPage\":{\"@id\":\"https:\/\/blog.olimar.de\/maspalomas-duenen\/#primaryimage\"},\"image\":{\"@id\":\"https:\/\/blog.olimar.de\/maspalomas-duenen\/#primaryimage\"},\"thumbnailUrl\":\"https:\/\/blog.olimar.de\/wp-content\/uploads\/2015\/08\/Dunas_Maspalomas_9_c_EST.jpg\",\"datePublished\":\"2015-09-18T14:55:15+00:00\",\"dateModified\":\"2023-11-30T13:19:21+00:00\",\"description\":\"Auf Gran Canaria erstrecken sind wundersch\u00f6ne D\u00fcnenlandschaften. Unsere Autorin berichtet hier \u00fcber deren Entstehung sowie die unterschiedliche Nutzung.\",\"breadcrumb\":{\"@id\":\"https:\/\/blog.olimar.de\/maspalomas-duenen\/#breadcrumb\"},\"inLanguage\":\"de\",\"potentialAction\":[{\"@type\":\"ReadAction\",\"target\":[\"https:\/\/blog.olimar.de\/maspalomas-duenen\/\"]}]},{\"@type\":\"ImageObject\",\"inLanguage\":\"de\",\"@id\":\"https:\/\/blog.olimar.de\/maspalomas-duenen\/#primaryimage\",\"url\":\"https:\/\/blog.olimar.de\/wp-content\/uploads\/2015\/08\/Dunas_Maspalomas_9_c_EST.jpg\",\"contentUrl\":\"https:\/\/blog.olimar.de\/wp-content\/uploads\/2015\/08\/Dunas_Maspalomas_9_c_EST.jpg\",\"width\":1824,\"height\":1368,\"caption\":\"Wind fegt \u00fcber die Maspalomas D\u00fcnen auf Gran Canaria\"},{\"@type\":\"BreadcrumbList\",\"@id\":\"https:\/\/blog.olimar.de\/maspalomas-duenen\/#breadcrumb\",\"itemListElement\":[{\"@type\":\"ListItem\",\"position\":1,\"name\":\"Home\",\"item\":\"https:\/\/blog.olimar.de\/\"},{\"@type\":\"ListItem\",\"position\":2,\"name\":\"Gran Canaria\",\"item\":\"https:\/\/blog.olimar.de\/tag\/gran-canaria\/\"},{\"@type\":\"ListItem\",\"position\":3,\"name\":\"Einst nur Kakteen und Sand: Maspalomas D\u00fcnen und ihre Geschichte\"}]},{\"@type\":\"WebSite\",\"@id\":\"https:\/\/blog.olimar.de\/#website\",\"url\":\"https:\/\/blog.olimar.de\/\",\"name\":\"OLIMAR.com\",\"description\":\"\",\"publisher\":{\"@id\":\"https:\/\/blog.olimar.de\/#organization\"},\"potentialAction\":[{\"@type\":\"SearchAction\",\"target\":{\"@type\":\"EntryPoint\",\"urlTemplate\":\"https:\/\/blog.olimar.de\/?s={search_term_string}\"},\"query-input\":{\"@type\":\"PropertyValueSpecification\",\"valueRequired\":true,\"valueName\":\"search_term_string\"}}],\"inLanguage\":\"de\"},{\"@type\":\"Organization\",\"@id\":\"https:\/\/blog.olimar.de\/#organization\",\"name\":\"OLIMAR Reisen\",\"url\":\"https:\/\/blog.olimar.de\/\",\"logo\":{\"@type\":\"ImageObject\",\"inLanguage\":\"de\",\"@id\":\"https:\/\/blog.olimar.de\/#\/schema\/logo\/image\/\",\"url\":\"https:\/\/blog.olimar.de\/wp-content\/uploads\/2021\/01\/OLIMAR_Logo_COLOR.png\",\"contentUrl\":\"https:\/\/blog.olimar.de\/wp-content\/uploads\/2021\/01\/OLIMAR_Logo_COLOR.png\",\"width\":2000,\"height\":986,\"caption\":\"OLIMAR Reisen\"},\"image\":{\"@id\":\"https:\/\/blog.olimar.de\/#\/schema\/logo\/image\/\"},\"sameAs\":[\"https:\/\/www.facebook.com\/OlimarReisen\",\"https:\/\/x.com\/olimarrreisen\",\"https:\/\/www.instagram.com\/olimarreisen\",\"https:\/\/www.youtube.com\/user\/olimarreisen\"]}]}<\/script>\n<!-- \/ Yoast SEO plugin. -->","yoast_head_json":{"title":"Maspalomas D\u00fcnen und ihre Geschichte","description":"Auf Gran Canaria erstrecken sind wundersch\u00f6ne D\u00fcnenlandschaften. Unsere Autorin berichtet hier \u00fcber deren Entstehung sowie die unterschiedliche Nutzung.","robots":{"index":"index","follow":"follow","max-snippet":"max-snippet:-1","max-image-preview":"max-image-preview:large","max-video-preview":"max-video-preview:-1"},"canonical":"https:\/\/blog.olimar.de\/maspalomas-duenen\/","og_locale":"de_DE","og_type":"article","og_title":"Maspalomas D\u00fcnen und ihre Geschichte","og_description":"Auf Gran Canaria erstrecken sind wundersch\u00f6ne D\u00fcnenlandschaften. Unsere Autorin berichtet hier \u00fcber deren Entstehung sowie die unterschiedliche Nutzung.","og_url":"https:\/\/blog.olimar.de\/maspalomas-duenen\/","article_publisher":"https:\/\/www.facebook.com\/OlimarReisen","article_published_time":"2015-09-18T14:55:15+00:00","article_modified_time":"2023-11-30T13:19:21+00:00","og_image":[{"width":1824,"height":1368,"url":"https:\/\/blog.olimar.de\/wp-content\/uploads\/2015\/08\/Dunas_Maspalomas_9_c_EST.jpg","type":"image\/jpeg"}],"author":"Evelyn Steinbach","twitter_misc":{"Verfasst von":"Evelyn Steinbach","Gesch\u00e4tzte Lesezeit":"5\u00a0Minuten"},"schema":{"@context":"https:\/\/schema.org","@graph":[{"@type":"WebPage","@id":"https:\/\/blog.olimar.de\/maspalomas-duenen\/","url":"https:\/\/blog.olimar.de\/maspalomas-duenen\/","name":"Maspalomas D\u00fcnen und ihre Geschichte","isPartOf":{"@id":"https:\/\/blog.olimar.de\/#website"},"primaryImageOfPage":{"@id":"https:\/\/blog.olimar.de\/maspalomas-duenen\/#primaryimage"},"image":{"@id":"https:\/\/blog.olimar.de\/maspalomas-duenen\/#primaryimage"},"thumbnailUrl":"https:\/\/blog.olimar.de\/wp-content\/uploads\/2015\/08\/Dunas_Maspalomas_9_c_EST.jpg","datePublished":"2015-09-18T14:55:15+00:00","dateModified":"2023-11-30T13:19:21+00:00","description":"Auf Gran Canaria erstrecken sind wundersch\u00f6ne D\u00fcnenlandschaften. Unsere Autorin berichtet hier \u00fcber deren Entstehung sowie die unterschiedliche Nutzung.","breadcrumb":{"@id":"https:\/\/blog.olimar.de\/maspalomas-duenen\/#breadcrumb"},"inLanguage":"de","potentialAction":[{"@type":"ReadAction","target":["https:\/\/blog.olimar.de\/maspalomas-duenen\/"]}]},{"@type":"ImageObject","inLanguage":"de","@id":"https:\/\/blog.olimar.de\/maspalomas-duenen\/#primaryimage","url":"https:\/\/blog.olimar.de\/wp-content\/uploads\/2015\/08\/Dunas_Maspalomas_9_c_EST.jpg","contentUrl":"https:\/\/blog.olimar.de\/wp-content\/uploads\/2015\/08\/Dunas_Maspalomas_9_c_EST.jpg","width":1824,"height":1368,"caption":"Wind fegt \u00fcber die Maspalomas D\u00fcnen auf Gran Canaria"},{"@type":"BreadcrumbList","@id":"https:\/\/blog.olimar.de\/maspalomas-duenen\/#breadcrumb","itemListElement":[{"@type":"ListItem","position":1,"name":"Home","item":"https:\/\/blog.olimar.de\/"},{"@type":"ListItem","position":2,"name":"Gran Canaria","item":"https:\/\/blog.olimar.de\/tag\/gran-canaria\/"},{"@type":"ListItem","position":3,"name":"Einst nur Kakteen und Sand: Maspalomas D\u00fcnen und ihre Geschichte"}]},{"@type":"WebSite","@id":"https:\/\/blog.olimar.de\/#website","url":"https:\/\/blog.olimar.de\/","name":"OLIMAR.com","description":"","publisher":{"@id":"https:\/\/blog.olimar.de\/#organization"},"potentialAction":[{"@type":"SearchAction","target":{"@type":"EntryPoint","urlTemplate":"https:\/\/blog.olimar.de\/?s={search_term_string}"},"query-input":{"@type":"PropertyValueSpecification","valueRequired":true,"valueName":"search_term_string"}}],"inLanguage":"de"},{"@type":"Organization","@id":"https:\/\/blog.olimar.de\/#organization","name":"OLIMAR Reisen","url":"https:\/\/blog.olimar.de\/","logo":{"@type":"ImageObject","inLanguage":"de","@id":"https:\/\/blog.olimar.de\/#\/schema\/logo\/image\/","url":"https:\/\/blog.olimar.de\/wp-content\/uploads\/2021\/01\/OLIMAR_Logo_COLOR.png","contentUrl":"https:\/\/blog.olimar.de\/wp-content\/uploads\/2021\/01\/OLIMAR_Logo_COLOR.png","width":2000,"height":986,"caption":"OLIMAR Reisen"},"image":{"@id":"https:\/\/blog.olimar.de\/#\/schema\/logo\/image\/"},"sameAs":["https:\/\/www.facebook.com\/OlimarReisen","https:\/\/x.com\/olimarrreisen","https:\/\/www.instagram.com\/olimarreisen","https:\/\/www.youtube.com\/user\/olimarreisen"]}]}},"modified_by":"Julia Windh\u00f6vel","jetpack_featured_media_url":"https:\/\/blog.olimar.de\/wp-content\/uploads\/2015\/08\/Dunas_Maspalomas_9_c_EST.jpg","_links":{"self":[{"href":"https:\/\/blog.olimar.de\/wp-json\/wp\/v2\/posts\/2634","targetHints":{"allow":["GET"]}}],"collection":[{"href":"https:\/\/blog.olimar.de\/wp-json\/wp\/v2\/posts"}],"about":[{"href":"https:\/\/blog.olimar.de\/wp-json\/wp\/v2\/types\/post"}],"author":[{"embeddable":true,"href":"https:\/\/blog.olimar.de\/wp-json\/wp\/v2\/users\/3"}],"replies":[{"embeddable":true,"href":"https:\/\/blog.olimar.de\/wp-json\/wp\/v2\/comments?post=2634"}],"version-history":[{"count":12,"href":"https:\/\/blog.olimar.de\/wp-json\/wp\/v2\/posts\/2634\/revisions"}],"predecessor-version":[{"id":27026,"href":"https:\/\/blog.olimar.de\/wp-json\/wp\/v2\/posts\/2634\/revisions\/27026"}],"wp:featuredmedia":[{"embeddable":true,"href":"https:\/\/blog.olimar.de\/wp-json\/wp\/v2\/media\/2635"}],"wp:attachment":[{"href":"https:\/\/blog.olimar.de\/wp-json\/wp\/v2\/media?parent=2634"}],"wp:term":[{"taxonomy":"category","embeddable":true,"href":"https:\/\/blog.olimar.de\/wp-json\/wp\/v2\/categories?post=2634"},{"taxonomy":"post_tag","embeddable":true,"href":"https:\/\/blog.olimar.de\/wp-json\/wp\/v2\/tags?post=2634"}],"curies":[{"name":"wp","href":"https:\/\/api.w.org\/{rel}","templated":true}]}}