{"id":2644,"date":"2015-09-18T16:38:36","date_gmt":"2015-09-18T14:38:36","guid":{"rendered":"https:\/\/blog.olimar.de\/?p=2644"},"modified":"2023-01-02T18:48:56","modified_gmt":"2023-01-02T17:48:56","slug":"teneriffas-norden","status":"publish","type":"post","link":"https:\/\/blog.olimar.de\/teneriffas-norden\/","title":{"rendered":"Teneriffas Norden: Fiestas, G\u00e4rten und ein Vulkan"},"content":{"rendered":"\n<p><strong>Gr\u00fcne und bl\u00fchende Landschaften, beeindruckende Kolonialbauten, rauschende Feste und der h\u00f6chste Berg Spaniens. Das ist der Norden Teneriffas. Diese facettenreiche Region rund um Puerto de la Cruz fasziniert und ist nicht umsonst eine der beliebtesten Ecken Teneriffas.<\/strong><\/p>\n\n\n\n<div class=\"wp-block-buttons is-layout-flex wp-block-buttons-is-layout-flex\">\n<div class=\"wp-block-button\"><a class=\"wp-block-button__link wp-element-button\" href=\"https:\/\/www.olimar.de\/spanien\/kanaren\/teneriffa\/\">Teneriffa Reiseangebote und Hoteltipps entdecken<\/a><\/div>\n<\/div>\n\n\n\n<div style=\"height:25px\" aria-hidden=\"true\" class=\"wp-block-spacer\"><\/div>\n\n\n<h2 class=\"intro\">Puerto de la Cruz<\/h2>\n<p>Puerto de la Cruz atmet ruhig, pulsiert harmonisch und erfrischt durch authentische spanische Lebensart. Ein \u00fcber Jahrhunderte gewachsener Ort voller Geschichten, gelebten Alltag und manch einer Fiesta. W\u00e4hrend des Festes zur Johannisnacht, der Noche de San Juan, herrscht eine ausgelassene und freudige Atmosph\u00e4re in der Stadt und an den Str\u00e4nden. Unz\u00e4hlige Sonnwendfeuer brennen und verabschieden nach altem Brauch alles Schlechte und begr\u00fc\u00dfen helllodernd das Gute. Ein faszinierendes Erlebnis ist das in den Morgenstunden stattfindende traditionelle Bad der Ziegen am Hafen, das nach dem Glauben aus fr\u00fcherer Zeit den tierischen Nachwuchs f\u00f6rdern sollte.<br \/>Erholung und sonnige Entspannung nach durchfeierter Nacht versprechen der eindrucksvoll gestaltete Badekomplex Costa Marti\u00e1nez, des kanarischen K\u00fcnstler C\u00e9sar Manrique (s. auch Artikel <a href=\"https:\/\/blog.olimar.de\/cesar-manrique-auf-lanzarote\/\">&#8220;Der K\u00fcnstler und seine Lava&#8221;<\/a>) und die ebenfalls von ihm gestalteten Playa Jardin mit ihrer riesigen Gartenfl\u00e4che.<\/p>\n<div id=\"attachment_3044\" style=\"width: 1010px\" class=\"wp-caption alignleft\"><img loading=\"lazy\" decoding=\"async\" aria-describedby=\"caption-attachment-3044\" class=\"size-full wp-image-3044\" src=\"https:\/\/blog.olimar.de\/wp-content\/uploads\/2015\/09\/185TF-Puerto-de-la-Cruz-Lago-Marti\u00e1nez_3801163.jpg\" alt=\"Meeresschwimmbecken Lago Marti\u00e1nez in Puerto de la Cruz\" width=\"1000\" height=\"664\" srcset=\"https:\/\/blog.olimar.de\/wp-content\/uploads\/2015\/09\/185TF-Puerto-de-la-Cruz-Lago-Marti\u00e1nez_3801163.jpg 1000w, https:\/\/blog.olimar.de\/wp-content\/uploads\/2015\/09\/185TF-Puerto-de-la-Cruz-Lago-Marti\u00e1nez_3801163-300x199.jpg 300w\" sizes=\"auto, (max-width: 1000px) 100vw, 1000px\" \/><p id=\"caption-attachment-3044\" class=\"wp-caption-text\">Meeresschwimmbecken Lago Marti\u00e1nez in Puerto de la Cruz<\/p><\/div>\n<p>Nach ausgiebiger Siesta belebt sich langsam das Fischerviertel La Ranilla mit seinen Restaurants und der typisch kanarischen K\u00fcche. K\u00f6stlich der potaje de berros, ein Brunnenkresse-Eintopf mit viel Gem\u00fcse und Schweinfleisch. Men\u00fc-abschlie\u00dfend sei als Gaumenschmaus die aromatische und s\u00fc\u00dfe kanarische Banane in all ihren Nachtisch-Variationen empfohlen. Sp\u00e4ter am Abend offenbart sich der angrenzenden Plaza del Charco als idealer Treffpunkt, um in einer der diversen Bars den Tag bei einem k\u00fchlen Bier oder einem fruchtigen Wei\u00dfwein aus Teneriffa entspannt ausklingen zu lassen.<\/p>\n<h2>La Orotava<\/h2>\n<p>Richtung Berge, nur eine kurze Fahrstrecke von der Metropole des Nordens entfernt, breitet sich das Orotavatal mit der charmanten Altstadt von La Orotava aus. Wundersch\u00f6ne, denkmalgesch\u00fctzte Patrizierh\u00e4user mit Holzbalkonen wie die Casa de los balcones aus dem 17. Jahrhundert schm\u00fccken die oft steilen Gassen.<\/p>\n<p><img loading=\"lazy\" decoding=\"async\" class=\"alignleft size-full wp-image-3043\" src=\"https:\/\/blog.olimar.de\/wp-content\/uploads\/2015\/09\/Orotava_H\u00e4user.jpg\" alt=\"Orotava_H\u00e4user\" width=\"1000\" height=\"750\" srcset=\"https:\/\/blog.olimar.de\/wp-content\/uploads\/2015\/09\/Orotava_H\u00e4user.jpg 1000w, https:\/\/blog.olimar.de\/wp-content\/uploads\/2015\/09\/Orotava_H\u00e4user-300x225.jpg 300w\" sizes=\"auto, (max-width: 1000px) 100vw, 1000px\" \/><\/p>\n<p>Herz des Ortes ist die Plaza de la Constituci\u00f3n mit ihrem kunstvoll gestalteten Caf\u00e9pavillon und einer Aussicht auf die h\u00fcgelige Umgebung und die Stadt, die ihresgleichen sucht. In der Adventszeit bei milden winterlichen Temperaturen schlendert man \u00fcber den dortigen stimmungsvollen Weihnachtsmarkt, dem \u201eMercadillo de Navidad\u201c. Kurz vor dem nahenden Fr\u00fchling feiern der Ort und seine Menschen bunt und vergn\u00fcgt mit Umz\u00fcgen den Karneval und \u201ebeerdigen\u201c unter theatralischem Wehklagen am Aschermittwoch die Sardine, eine aus Lumpen gefertigter Fischattrappe. Ein typisch kanarisches Ritual.<\/p>\n<h2>Der Teide &#8211; Spaniens h\u00f6chster Berg<\/h2>\n<p>Einige Serpentinen und Stra\u00dfenkilometer sp\u00e4ter wandelt sich das Aussehen der Region zusehends. Natur pur und ein unvergessliches Erlebnis verhei\u00dft der 3.718 hohe Teide, Spaniens h\u00f6chster Berg und der ihn umgebende von der UNESCO zum Weltnatur-Erbe geadelt gleichnamige Nationalpark. Das \u00fcppige und satte Gr\u00fcn weicht einer eher kargen Vulkanlandschaft mit bizarren Felsformationen und einer trotz alledem einzigartigen Pflanzenwelt. Je nach Jahreszeit offenbart sich das Farbenspiel von Teide-Ginster oder Teide-Rauke. Einmalig gestaltet sich die Seilbahnfahrt auf den Teide. Von der Talstation auf knapp 2400 Meter dauert die Reise hinauf auf 3.555 Meter zur Bergstation nur acht Minuten.<\/p>\n<p>Wer die H\u00f6henluft gut vertr\u00e4gt, wandert zum Aussichtspunkt La Fortaleza oder wagt den anstrengenden Aufstieg auf den Teide-Krater. F\u00fcr letztgenannte Wanderung ist jedoch aus Umweltschutzgr\u00fcnden eine kostenlose und auch online erh\u00e4ltliche Erlaubnis der Parkverwaltung von N\u00f6ten. F\u00fcr Freunde alpiner Erlebnisse ist eine \u00dcbernachtung in der Bergh\u00fctte Altavista del Teide inmitten des Nationalparks Parque Nacional del Teide auf einer H\u00f6he von 3.260 Metern garantiert unvergesslich, wie so vieles bei einer Tour durch den Norden Teneriffas.<\/p>\n<p><img loading=\"lazy\" decoding=\"async\" class=\"alignleft size-full wp-image-3047\" src=\"https:\/\/blog.olimar.de\/wp-content\/uploads\/2015\/09\/Teneriffa_Teide.jpg\" alt=\"Teneriffa_Teide\" width=\"1000\" height=\"750\" srcset=\"https:\/\/blog.olimar.de\/wp-content\/uploads\/2015\/09\/Teneriffa_Teide.jpg 1000w, https:\/\/blog.olimar.de\/wp-content\/uploads\/2015\/09\/Teneriffa_Teide-300x225.jpg 300w\" sizes=\"auto, (max-width: 1000px) 100vw, 1000px\" \/><\/p>\n<h2>OLIMAR Tipps<\/h2>\n<p><strong>Anreisen: <\/strong>Mit Iberia, Air Berlin, TuiFly, Lufthansa und anderen Fluggesellschaften ab vielen deutschen Flugh\u00e4fen nach Teneriffa. Buchbar \u00fcber OLIMAR Reisen.<\/p>\n<p><strong>\u00dcbernachten im <\/strong><a href=\"https:\/\/rms.olimar.de\/code\/TFSP00\"><strong>Parador Ca\u00f1adas del Teide<\/strong><\/a>: Gem\u00fctlich \u00dcbernachten auf 2.150 m H\u00f6he im Teide-Nationalpark mit besten Ausblicken auf die grandiose Landschaft.<\/p>\n<p><strong>Essen: <\/strong>Restaurante<strong> La Carta<\/strong> (C\/ San Felipe, 53. Puerto de la Cruz): Kleines gem\u00fctliches Restaurant mit typisch spanischer K\u00fcche in der Altstadt.<br \/>Bodegon el Reloj (Camino Los Frontones 37, La Orotava): Rustikales Restaurant mit lokaler K\u00fcche und herrlicher Terrasse mit Blick \u00fcber das Tal.<\/p>\n<p><strong>Beste Reisezeit: <\/strong>Ganzj\u00e4hriges Reiseziel mit milden Durchschnittstemperaturen. Mai bis September kaum Niederschlag bei Temperaturen bis knapp 30\u00b0 Grad im August.<\/p>\n\n\n<div style=\"height:50px\" aria-hidden=\"true\" class=\"wp-block-spacer\"><\/div>\n\n\n\n<div class=\"wp-block-buttons is-layout-flex wp-block-buttons-is-layout-flex\">\n<div class=\"wp-block-button\"><a class=\"wp-block-button__link wp-element-button\" href=\"https:\/\/www.olimar.de\/hotellistung\/\">Jetzt Urlaubsangebote finden und buchen<\/a><\/div>\n<\/div>\n\n\n\n<div style=\"height:100px\" aria-hidden=\"true\" class=\"wp-block-spacer\"><\/div>\n","protected":false},"excerpt":{"rendered":"<p>Gr\u00fcne und bl\u00fchende Landschaften, beeindruckende Kolonialbauten, rauschende Feste und der h\u00f6chste Berg Spaniens. Das ist der Norden Teneriffas. Diese facettenreiche Region rund um Puerto de la Cruz fasziniert und ist nicht umsonst eine der beliebtesten Ecken Teneriffas. Puerto de la Cruz Puerto de la Cruz atmet ruhig, pulsiert harmonisch und erfrischt durch authentische spanische Lebensart. Ein \u00fcber Jahrhunderte gewachsener Ort voller Geschichten, gelebten Alltag und manch einer Fiesta. W\u00e4hrend des Festes zur Johannisnacht, der Noche de San Juan, herrscht eine ausgelassene und freudige Atmosph\u00e4re in der Stadt und an den Str\u00e4nden. Unz\u00e4hlige Sonnwendfeuer brennen und verabschieden nach altem Brauch alles Schlechte &hellip;<\/p>\n","protected":false},"author":25,"featured_media":3048,"comment_status":"open","ping_status":"open","sticky":false,"template":"","format":"standard","meta":{"_crdt_document":"","_lmt_disableupdate":"","_lmt_disable":"","footnotes":""},"categories":[31],"tags":[115,62,66],"class_list":["post-2644","post","type-post","status-publish","format-standard","has-post-thumbnail","hentry","category-land-leute","tag-kanaren","tag-spanien","tag-teneriffa"],"yoast_head":"<!-- This site is optimized with the Yoast SEO plugin v26.9 - https:\/\/yoast.com\/product\/yoast-seo-wordpress\/ -->\n<title>Teneriffas Norden: Fiestas, G\u00e4rten und ein Vulkan<\/title>\n<meta name=\"description\" content=\"Teneriffas Norden ist vielf\u00e4ltig und spannend, besonders die Region Puerto de la Cruz. Warum? Das m\u00f6chten Ihnen unsere Autoren vermitteln.\" \/>\n<meta name=\"robots\" content=\"index, follow, max-snippet:-1, max-image-preview:large, max-video-preview:-1\" \/>\n<link rel=\"canonical\" href=\"https:\/\/blog.olimar.de\/teneriffas-norden\/\" \/>\n<meta property=\"og:locale\" content=\"de_DE\" \/>\n<meta property=\"og:type\" content=\"article\" \/>\n<meta property=\"og:title\" content=\"Teneriffas Norden: Fiestas, G\u00e4rten und ein Vulkan\" \/>\n<meta property=\"og:description\" content=\"Teneriffas Norden ist vielf\u00e4ltig und spannend, besonders die Region Puerto de la Cruz. Warum? Das m\u00f6chten Ihnen unsere Autoren vermitteln.\" \/>\n<meta property=\"og:url\" content=\"https:\/\/blog.olimar.de\/teneriffas-norden\/\" \/>\n<meta property=\"article:publisher\" content=\"https:\/\/www.facebook.com\/OlimarReisen\" \/>\n<meta property=\"article:published_time\" content=\"2015-09-18T14:38:36+00:00\" \/>\n<meta property=\"article:modified_time\" content=\"2023-01-02T17:48:56+00:00\" \/>\n<meta property=\"og:image\" content=\"https:\/\/blog.olimar.de\/wp-content\/uploads\/2015\/09\/Teneriffa_Teide_1200x800-e1446644073891.jpg\" \/>\n\t<meta property=\"og:image:width\" content=\"900\" \/>\n\t<meta property=\"og:image:height\" content=\"600\" \/>\n\t<meta property=\"og:image:type\" content=\"image\/jpeg\" \/>\n<meta name=\"author\" content=\"Thilo\" \/>\n<meta name=\"twitter:label1\" content=\"Verfasst von\" \/>\n\t<meta name=\"twitter:data1\" content=\"Thilo\" \/>\n\t<meta name=\"twitter:label2\" content=\"Gesch\u00e4tzte Lesezeit\" \/>\n\t<meta name=\"twitter:data2\" content=\"5\u00a0Minuten\" \/>\n<script type=\"application\/ld+json\" class=\"yoast-schema-graph\">{\"@context\":\"https:\/\/schema.org\",\"@graph\":[{\"@type\":\"WebPage\",\"@id\":\"https:\/\/blog.olimar.de\/teneriffas-norden\/\",\"url\":\"https:\/\/blog.olimar.de\/teneriffas-norden\/\",\"name\":\"Teneriffas Norden: Fiestas, G\u00e4rten und ein Vulkan\",\"isPartOf\":{\"@id\":\"https:\/\/blog.olimar.de\/#website\"},\"primaryImageOfPage\":{\"@id\":\"https:\/\/blog.olimar.de\/teneriffas-norden\/#primaryimage\"},\"image\":{\"@id\":\"https:\/\/blog.olimar.de\/teneriffas-norden\/#primaryimage\"},\"thumbnailUrl\":\"https:\/\/blog.olimar.de\/wp-content\/uploads\/2015\/09\/Teneriffa_Teide_1200x800-e1446644073891.jpg\",\"datePublished\":\"2015-09-18T14:38:36+00:00\",\"dateModified\":\"2023-01-02T17:48:56+00:00\",\"description\":\"Teneriffas Norden ist vielf\u00e4ltig und spannend, besonders die Region Puerto de la Cruz. Warum? Das m\u00f6chten Ihnen unsere Autoren vermitteln.\",\"breadcrumb\":{\"@id\":\"https:\/\/blog.olimar.de\/teneriffas-norden\/#breadcrumb\"},\"inLanguage\":\"de\",\"potentialAction\":[{\"@type\":\"ReadAction\",\"target\":[\"https:\/\/blog.olimar.de\/teneriffas-norden\/\"]}]},{\"@type\":\"ImageObject\",\"inLanguage\":\"de\",\"@id\":\"https:\/\/blog.olimar.de\/teneriffas-norden\/#primaryimage\",\"url\":\"https:\/\/blog.olimar.de\/wp-content\/uploads\/2015\/09\/Teneriffa_Teide_1200x800-e1446644073891.jpg\",\"contentUrl\":\"https:\/\/blog.olimar.de\/wp-content\/uploads\/2015\/09\/Teneriffa_Teide_1200x800-e1446644073891.jpg\",\"width\":900,\"height\":600,\"caption\":\"Panorama Teneriffa Teide und Wald\"},{\"@type\":\"BreadcrumbList\",\"@id\":\"https:\/\/blog.olimar.de\/teneriffas-norden\/#breadcrumb\",\"itemListElement\":[{\"@type\":\"ListItem\",\"position\":1,\"name\":\"Home\",\"item\":\"https:\/\/blog.olimar.de\/\"},{\"@type\":\"ListItem\",\"position\":2,\"name\":\"Kanaren\",\"item\":\"https:\/\/blog.olimar.de\/tag\/kanaren\/\"},{\"@type\":\"ListItem\",\"position\":3,\"name\":\"Teneriffas Norden: Fiestas, G\u00e4rten und ein Vulkan\"}]},{\"@type\":\"WebSite\",\"@id\":\"https:\/\/blog.olimar.de\/#website\",\"url\":\"https:\/\/blog.olimar.de\/\",\"name\":\"OLIMAR.com\",\"description\":\"\",\"publisher\":{\"@id\":\"https:\/\/blog.olimar.de\/#organization\"},\"potentialAction\":[{\"@type\":\"SearchAction\",\"target\":{\"@type\":\"EntryPoint\",\"urlTemplate\":\"https:\/\/blog.olimar.de\/?s={search_term_string}\"},\"query-input\":{\"@type\":\"PropertyValueSpecification\",\"valueRequired\":true,\"valueName\":\"search_term_string\"}}],\"inLanguage\":\"de\"},{\"@type\":\"Organization\",\"@id\":\"https:\/\/blog.olimar.de\/#organization\",\"name\":\"OLIMAR Reisen\",\"url\":\"https:\/\/blog.olimar.de\/\",\"logo\":{\"@type\":\"ImageObject\",\"inLanguage\":\"de\",\"@id\":\"https:\/\/blog.olimar.de\/#\/schema\/logo\/image\/\",\"url\":\"https:\/\/blog.olimar.de\/wp-content\/uploads\/2021\/01\/OLIMAR_Logo_COLOR.png\",\"contentUrl\":\"https:\/\/blog.olimar.de\/wp-content\/uploads\/2021\/01\/OLIMAR_Logo_COLOR.png\",\"width\":2000,\"height\":986,\"caption\":\"OLIMAR Reisen\"},\"image\":{\"@id\":\"https:\/\/blog.olimar.de\/#\/schema\/logo\/image\/\"},\"sameAs\":[\"https:\/\/www.facebook.com\/OlimarReisen\",\"https:\/\/x.com\/olimarrreisen\",\"https:\/\/www.instagram.com\/olimarreisen\",\"https:\/\/www.youtube.com\/user\/olimarreisen\"]}]}<\/script>\n<!-- \/ Yoast SEO plugin. -->","yoast_head_json":{"title":"Teneriffas Norden: Fiestas, G\u00e4rten und ein Vulkan","description":"Teneriffas Norden ist vielf\u00e4ltig und spannend, besonders die Region Puerto de la Cruz. Warum? Das m\u00f6chten Ihnen unsere Autoren vermitteln.","robots":{"index":"index","follow":"follow","max-snippet":"max-snippet:-1","max-image-preview":"max-image-preview:large","max-video-preview":"max-video-preview:-1"},"canonical":"https:\/\/blog.olimar.de\/teneriffas-norden\/","og_locale":"de_DE","og_type":"article","og_title":"Teneriffas Norden: Fiestas, G\u00e4rten und ein Vulkan","og_description":"Teneriffas Norden ist vielf\u00e4ltig und spannend, besonders die Region Puerto de la Cruz. Warum? Das m\u00f6chten Ihnen unsere Autoren vermitteln.","og_url":"https:\/\/blog.olimar.de\/teneriffas-norden\/","article_publisher":"https:\/\/www.facebook.com\/OlimarReisen","article_published_time":"2015-09-18T14:38:36+00:00","article_modified_time":"2023-01-02T17:48:56+00:00","og_image":[{"width":900,"height":600,"url":"https:\/\/blog.olimar.de\/wp-content\/uploads\/2015\/09\/Teneriffa_Teide_1200x800-e1446644073891.jpg","type":"image\/jpeg"}],"author":"Thilo","twitter_misc":{"Verfasst von":"Thilo","Gesch\u00e4tzte Lesezeit":"5\u00a0Minuten"},"schema":{"@context":"https:\/\/schema.org","@graph":[{"@type":"WebPage","@id":"https:\/\/blog.olimar.de\/teneriffas-norden\/","url":"https:\/\/blog.olimar.de\/teneriffas-norden\/","name":"Teneriffas Norden: Fiestas, G\u00e4rten und ein Vulkan","isPartOf":{"@id":"https:\/\/blog.olimar.de\/#website"},"primaryImageOfPage":{"@id":"https:\/\/blog.olimar.de\/teneriffas-norden\/#primaryimage"},"image":{"@id":"https:\/\/blog.olimar.de\/teneriffas-norden\/#primaryimage"},"thumbnailUrl":"https:\/\/blog.olimar.de\/wp-content\/uploads\/2015\/09\/Teneriffa_Teide_1200x800-e1446644073891.jpg","datePublished":"2015-09-18T14:38:36+00:00","dateModified":"2023-01-02T17:48:56+00:00","description":"Teneriffas Norden ist vielf\u00e4ltig und spannend, besonders die Region Puerto de la Cruz. Warum? Das m\u00f6chten Ihnen unsere Autoren vermitteln.","breadcrumb":{"@id":"https:\/\/blog.olimar.de\/teneriffas-norden\/#breadcrumb"},"inLanguage":"de","potentialAction":[{"@type":"ReadAction","target":["https:\/\/blog.olimar.de\/teneriffas-norden\/"]}]},{"@type":"ImageObject","inLanguage":"de","@id":"https:\/\/blog.olimar.de\/teneriffas-norden\/#primaryimage","url":"https:\/\/blog.olimar.de\/wp-content\/uploads\/2015\/09\/Teneriffa_Teide_1200x800-e1446644073891.jpg","contentUrl":"https:\/\/blog.olimar.de\/wp-content\/uploads\/2015\/09\/Teneriffa_Teide_1200x800-e1446644073891.jpg","width":900,"height":600,"caption":"Panorama Teneriffa Teide und Wald"},{"@type":"BreadcrumbList","@id":"https:\/\/blog.olimar.de\/teneriffas-norden\/#breadcrumb","itemListElement":[{"@type":"ListItem","position":1,"name":"Home","item":"https:\/\/blog.olimar.de\/"},{"@type":"ListItem","position":2,"name":"Kanaren","item":"https:\/\/blog.olimar.de\/tag\/kanaren\/"},{"@type":"ListItem","position":3,"name":"Teneriffas Norden: Fiestas, G\u00e4rten und ein Vulkan"}]},{"@type":"WebSite","@id":"https:\/\/blog.olimar.de\/#website","url":"https:\/\/blog.olimar.de\/","name":"OLIMAR.com","description":"","publisher":{"@id":"https:\/\/blog.olimar.de\/#organization"},"potentialAction":[{"@type":"SearchAction","target":{"@type":"EntryPoint","urlTemplate":"https:\/\/blog.olimar.de\/?s={search_term_string}"},"query-input":{"@type":"PropertyValueSpecification","valueRequired":true,"valueName":"search_term_string"}}],"inLanguage":"de"},{"@type":"Organization","@id":"https:\/\/blog.olimar.de\/#organization","name":"OLIMAR Reisen","url":"https:\/\/blog.olimar.de\/","logo":{"@type":"ImageObject","inLanguage":"de","@id":"https:\/\/blog.olimar.de\/#\/schema\/logo\/image\/","url":"https:\/\/blog.olimar.de\/wp-content\/uploads\/2021\/01\/OLIMAR_Logo_COLOR.png","contentUrl":"https:\/\/blog.olimar.de\/wp-content\/uploads\/2021\/01\/OLIMAR_Logo_COLOR.png","width":2000,"height":986,"caption":"OLIMAR Reisen"},"image":{"@id":"https:\/\/blog.olimar.de\/#\/schema\/logo\/image\/"},"sameAs":["https:\/\/www.facebook.com\/OlimarReisen","https:\/\/x.com\/olimarrreisen","https:\/\/www.instagram.com\/olimarreisen","https:\/\/www.youtube.com\/user\/olimarreisen"]}]}},"modified_by":"Lena Radermacher","jetpack_featured_media_url":"https:\/\/blog.olimar.de\/wp-content\/uploads\/2015\/09\/Teneriffa_Teide_1200x800-e1446644073891.jpg","_links":{"self":[{"href":"https:\/\/blog.olimar.de\/wp-json\/wp\/v2\/posts\/2644","targetHints":{"allow":["GET"]}}],"collection":[{"href":"https:\/\/blog.olimar.de\/wp-json\/wp\/v2\/posts"}],"about":[{"href":"https:\/\/blog.olimar.de\/wp-json\/wp\/v2\/types\/post"}],"author":[{"embeddable":true,"href":"https:\/\/blog.olimar.de\/wp-json\/wp\/v2\/users\/25"}],"replies":[{"embeddable":true,"href":"https:\/\/blog.olimar.de\/wp-json\/wp\/v2\/comments?post=2644"}],"version-history":[{"count":19,"href":"https:\/\/blog.olimar.de\/wp-json\/wp\/v2\/posts\/2644\/revisions"}],"predecessor-version":[{"id":23293,"href":"https:\/\/blog.olimar.de\/wp-json\/wp\/v2\/posts\/2644\/revisions\/23293"}],"wp:featuredmedia":[{"embeddable":true,"href":"https:\/\/blog.olimar.de\/wp-json\/wp\/v2\/media\/3048"}],"wp:attachment":[{"href":"https:\/\/blog.olimar.de\/wp-json\/wp\/v2\/media?parent=2644"}],"wp:term":[{"taxonomy":"category","embeddable":true,"href":"https:\/\/blog.olimar.de\/wp-json\/wp\/v2\/categories?post=2644"},{"taxonomy":"post_tag","embeddable":true,"href":"https:\/\/blog.olimar.de\/wp-json\/wp\/v2\/tags?post=2644"}],"curies":[{"name":"wp","href":"https:\/\/api.w.org\/{rel}","templated":true}]}}