{"id":2653,"date":"2015-09-18T12:42:30","date_gmt":"2015-09-18T10:42:30","guid":{"rendered":"https:\/\/blog.olimar.de\/?p=2653"},"modified":"2025-02-05T11:19:17","modified_gmt":"2025-02-05T10:19:17","slug":"la-palma-und-el-hierro-inseln-fuer-traeumer","status":"publish","type":"post","link":"https:\/\/blog.olimar.de\/la-palma-und-el-hierro-inseln-fuer-traeumer\/","title":{"rendered":"La Palma und El Hierro: Inseln f\u00fcr Tr\u00e4umer"},"content":{"rendered":"\n<p><strong>La Palma, f\u00fcr viele die sch\u00f6nste der <a href=\"https:\/\/www.olimar.de\/spanien\/kanaren\/\" rel=\"noopener\">Kanaren<\/a>, und das ruhige El Hierro sind wahre Natursch\u00f6nheiten. Zerklu\u0308ftete Bergketten, tiefe Schluchten und unz\u00e4hlige T\u00e4ler ziehen sich von den Bergen bis zum Meer \u2013 ideal f\u00fcr Romantiker, Abenteurer und Wanderfreunde. Hier einige Tipps.<\/strong><\/p>\n\n\n\n<div class=\"wp-block-buttons is-layout-flex wp-block-buttons-is-layout-flex\">\n<div class=\"wp-block-button\"><a class=\"wp-block-button__link wp-element-button\" href=\"https:\/\/www.olimar.de\/spanien\/kanaren\/\">Kanaren Reiseangebote und Hoteltipps entdecken<\/a><\/div>\n<\/div>\n\n\n<p><span class=\"dropcap\">L<\/span><strong>a Palma<\/strong> nennen ihre Bewohner liebevoll \u201eLa Isla Bonita\u201c. Und das zu recht: Auf der sch\u00f6nen Insel l\u00e4sst sich der Winter wunderbar genie\u00dfen, w\u00e4hrend der Blick \u00fcber die atemberaubende Landschaft des gigantischen Vulkankraters Caldera de Taburiente schweift. Auf La Palma gibt es viele kleine, unbekannte Str\u00e4nde wie Puerto Naos, Bujar\u00e9n und Los Cancajos, ideal zum Entspannen nach einer Inselwanderung. Empfehlenswert ist auch ein Bad im Natur-Schwimmbecken \u201eCharco Azul\u201c. Die touristische Attraktion liegt im Norden der Insel inmitten eines Lorberwaldes der Stadt San Andr\u00e9s y Sauces.<br \/>Eine weitere Besonderheit auf La Palma ist der Sternenhimmel. Wo l\u00e4sst es sich an Weihnachten besser nach dem Stern von Bethlehem Ausschau halten als vom Berg \u201eLomo de Caballos\u201c, oder auf dem Gipfel des Roque de los Muchachos, wo die Luft sauber und klar ist!?<\/p>\n<p><img loading=\"lazy\" decoding=\"async\" class=\"alignleft size-full wp-image-3001\" src=\"https:\/\/blog.olimar.de\/wp-content\/uploads\/2015\/09\/LaPalma-Garafia-Observatorium-c-Turespana.jpg\" alt=\"LaPalma-Garafia-Observatorium-c-Turespana\" width=\"1000\" height=\"729\" srcset=\"https:\/\/blog.olimar.de\/wp-content\/uploads\/2015\/09\/LaPalma-Garafia-Observatorium-c-Turespana.jpg 1000w, https:\/\/blog.olimar.de\/wp-content\/uploads\/2015\/09\/LaPalma-Garafia-Observatorium-c-Turespana-300x219.jpg 300w\" sizes=\"auto, (max-width: 1000px) 100vw, 1000px\" \/> <img loading=\"lazy\" decoding=\"async\" class=\"alignleft size-full wp-image-3003\" src=\"https:\/\/blog.olimar.de\/wp-content\/uploads\/2015\/09\/LaPalma-NationalparkCalderadeTaburiente-alt-c-Turespana.jpg\" alt=\"LaPalma-NationalparkCalderadeTaburiente-alt-c-Turespana\" width=\"1000\" height=\"804\" srcset=\"https:\/\/blog.olimar.de\/wp-content\/uploads\/2015\/09\/LaPalma-NationalparkCalderadeTaburiente-alt-c-Turespana.jpg 1000w, https:\/\/blog.olimar.de\/wp-content\/uploads\/2015\/09\/LaPalma-NationalparkCalderadeTaburiente-alt-c-Turespana-300x241.jpg 300w\" sizes=\"auto, (max-width: 1000px) 100vw, 1000px\" \/> <img loading=\"lazy\" decoding=\"async\" class=\"alignleft size-full wp-image-3004\" src=\"https:\/\/blog.olimar.de\/wp-content\/uploads\/2015\/09\/LaPalma-NationalparkCalderadeTaburiente-c-Turespana.jpg\" alt=\"LaPalma-NationalparkCalderadeTaburiente-c-Turespana\" width=\"1000\" height=\"765\" srcset=\"https:\/\/blog.olimar.de\/wp-content\/uploads\/2015\/09\/LaPalma-NationalparkCalderadeTaburiente-c-Turespana.jpg 1000w, https:\/\/blog.olimar.de\/wp-content\/uploads\/2015\/09\/LaPalma-NationalparkCalderadeTaburiente-c-Turespana-300x230.jpg 300w\" sizes=\"auto, (max-width: 1000px) 100vw, 1000px\" \/> <img loading=\"lazy\" decoding=\"async\" class=\"alignleft size-full wp-image-3005\" src=\"https:\/\/blog.olimar.de\/wp-content\/uploads\/2015\/09\/LaPalma-PuertoNaos-c-Turespana.jpg\" alt=\"LaPalma-PuertoNaos-c-Turespana\" width=\"1000\" height=\"667\" srcset=\"https:\/\/blog.olimar.de\/wp-content\/uploads\/2015\/09\/LaPalma-PuertoNaos-c-Turespana.jpg 1000w, https:\/\/blog.olimar.de\/wp-content\/uploads\/2015\/09\/LaPalma-PuertoNaos-c-Turespana-300x200.jpg 300w, https:\/\/blog.olimar.de\/wp-content\/uploads\/2015\/09\/LaPalma-PuertoNaos-c-Turespana-840x560.jpg 840w\" sizes=\"auto, (max-width: 1000px) 100vw, 1000px\" \/><br \/>Und wer Lust auf ein bisschen Bummeln hat, wird auch auf La Palma f\u00fcndig. Auf dem Puntagorda Markt im Norden finden sich preisgekr\u00f6nte \u00f6kologische Produkte. Die vierzig St\u00e4nde bieten K\u00e4se, Wein, die beru\u0308hmten Makronen und andere landwirtschaftliche und handwerkliche Waren an. Der Markt ist nicht wie \u00fcblich in der Stadt zu finden sondern am Wald El Fayal, inmitten einer natu\u0308rlichen Umgebung.<\/p>\n<p>Ein Tipp f\u00fcr die Hotel\u00fcbernachtung auf La Palma ist die <strong><a href=\"https:\/\/rms.olimar.de\/code\/spc127\">Hacienda de Abajo by Vikhotels<\/a><\/strong> an der kaum vom Tourismus ber\u00fchrten Westk\u00fcste. Die auf den Kanaren einzigartige Unterkunft befindet sich auf einem restaurierten Zuckerrohr-Gutshof aus dem 17. Jahrhundert, der noch heute im Besitz einer alten Adelsfamilie ist.<\/p>\n<div id='gallery-1' class='gallery galleryid-2653 gallery-columns-3 gallery-size-medium'><dl class='gallery-item'>\n\t\t\t<dt class='gallery-icon landscape'>\n\t\t\t\t<img loading=\"lazy\" decoding=\"async\" width=\"300\" height=\"200\" src=\"https:\/\/blog.olimar.de\/wp-content\/uploads\/2015\/09\/SPC127-a-ViewB-300x200.jpg\" class=\"attachment-medium size-medium\" alt=\"Ausblick D\u00e4cher und Palmen Hacienda de Abajo La Palma\" srcset=\"https:\/\/blog.olimar.de\/wp-content\/uploads\/2015\/09\/SPC127-a-ViewB-300x200.jpg 300w, https:\/\/blog.olimar.de\/wp-content\/uploads\/2015\/09\/SPC127-a-ViewB-840x560.jpg 840w, https:\/\/blog.olimar.de\/wp-content\/uploads\/2015\/09\/SPC127-a-ViewB.jpg 1000w\" sizes=\"auto, (max-width: 300px) 100vw, 300px\" \/>\n\t\t\t<\/dt><\/dl><dl class='gallery-item'>\n\t\t\t<dt class='gallery-icon landscape'>\n\t\t\t\t<img loading=\"lazy\" decoding=\"async\" width=\"300\" height=\"200\" src=\"https:\/\/blog.olimar.de\/wp-content\/uploads\/2015\/09\/SPC127-p-Poolarea-300x200.jpg\" class=\"attachment-medium size-medium\" alt=\"Poolarea der Hacienda de Abajo by Vikhotels\" srcset=\"https:\/\/blog.olimar.de\/wp-content\/uploads\/2015\/09\/SPC127-p-Poolarea-300x200.jpg 300w, https:\/\/blog.olimar.de\/wp-content\/uploads\/2015\/09\/SPC127-p-Poolarea-840x560.jpg 840w, https:\/\/blog.olimar.de\/wp-content\/uploads\/2015\/09\/SPC127-p-Poolarea.jpg 1000w\" sizes=\"auto, (max-width: 300px) 100vw, 300px\" \/>\n\t\t\t<\/dt><\/dl><dl class='gallery-item'>\n\t\t\t<dt class='gallery-icon landscape'>\n\t\t\t\t<img loading=\"lazy\" decoding=\"async\" width=\"300\" height=\"200\" src=\"https:\/\/blog.olimar.de\/wp-content\/uploads\/2015\/09\/SPC127-z-RoomC-300x200.jpg\" class=\"attachment-medium size-medium\" alt=\"Doppelzimmer der Hacienda de Abajo by Vikhotels\" srcset=\"https:\/\/blog.olimar.de\/wp-content\/uploads\/2015\/09\/SPC127-z-RoomC-300x200.jpg 300w, https:\/\/blog.olimar.de\/wp-content\/uploads\/2015\/09\/SPC127-z-RoomC-840x560.jpg 840w, https:\/\/blog.olimar.de\/wp-content\/uploads\/2015\/09\/SPC127-z-RoomC.jpg 1000w\" sizes=\"auto, (max-width: 300px) 100vw, 300px\" \/>\n\t\t\t<\/dt><\/dl><br style=\"clear: both\" \/>\n\t\t<\/div>\n\n<p><span class=\"dropcap\">E<\/span>l Hierro, die kleinste und westlichste Kanareninsel, ist nur 30 Kilometer lang und z\u00e4hlt knapp\u00a0 10000 Einwohner. Viel Ruhe und idyllische Natur pr\u00e4gen auch dieses vulkanische Eiland. Von kargen Lavaw\u00fcsten \u00fcber mystischen Nebelwald, weit laufende Ananas- und Bananenplantagen bis hin zum glitzernden Meer, das vor allem Tauchern ein Paradies ist. Denn der glasklare Atlantik l\u00e4dt gerade dazu ein, die Unterwasserwelt zu erforschen. An Land ist die Insel besonders bei Wanderern beliebt. Die abwechslungsreiche Landschaft l\u00e4sst sich auf den ausgewiesenen Wanderwegen am besten kennenlernen.<\/p>\n<p>Besonders spektakul\u00e4r ist auch der Besuch einer vulkanischen H\u00f6hle, wie die <strong>Cueva de Don Justo<\/strong> im S\u00fcden der Insel, die aus einem weit verzweigten System von Lavatunneln besteht. Auf El Hierro befinden sich noch heute einige gro\u00dfe H\u00f6hlen. Manche dienten bereits den Guanchen, den Ureinwohnern der Kanaren, als Unterkunft oder Grabst\u00e4tte. Die Orte El Monacal und Valverde lohnen auf El Hierro einen Besuch, die gr\u00f6\u00dften Attraktionen der Insel sind aber die Gegend um <strong>Las Playas<\/strong> und <strong>Sabinar de la Dehesa<\/strong> mit ihrem einzigartigen Wacholdergebiet. Einzigartig ist auch der Panoramablick vom Aussichtsturm La Pe\u00f1a, errichtet von C\u00e9sar Manrique. Der Platz ist wie geschaffen fu\u0308r einen romantischen Sonnenuntergang. Wenn es um das Thema Nachhaltigkeit geht, \u00fcberrascht die Insel ebenfalls. Seit 2014 gewinnen die Einwohner ihren Strom selbst durch Windenergie.<\/p>\n<p><img loading=\"lazy\" decoding=\"async\" class=\"alignleft size-full wp-image-2998\" src=\"https:\/\/blog.olimar.de\/wp-content\/uploads\/2015\/09\/ElHierro-Guarazoca-AussichtspunktLaPena-c-Turespana.jpg\" alt=\"ElHierro-Guarazoca-AussichtspunktLaPena-c-Turespana\" width=\"1000\" height=\"822\" srcset=\"https:\/\/blog.olimar.de\/wp-content\/uploads\/2015\/09\/ElHierro-Guarazoca-AussichtspunktLaPena-c-Turespana.jpg 1000w, https:\/\/blog.olimar.de\/wp-content\/uploads\/2015\/09\/ElHierro-Guarazoca-AussichtspunktLaPena-c-Turespana-300x247.jpg 300w\" sizes=\"auto, (max-width: 1000px) 100vw, 1000px\" \/> <img loading=\"lazy\" decoding=\"async\" class=\"alignleft size-full wp-image-2999\" src=\"https:\/\/blog.olimar.de\/wp-content\/uploads\/2015\/09\/ElHierro-SanAndres-ComarcaDeJinama-Turespana.jpg\" alt=\"ElHierro-SanAndres-ComarcaDeJinama-Turespana\" width=\"1000\" height=\"763\" srcset=\"https:\/\/blog.olimar.de\/wp-content\/uploads\/2015\/09\/ElHierro-SanAndres-ComarcaDeJinama-Turespana.jpg 1000w, https:\/\/blog.olimar.de\/wp-content\/uploads\/2015\/09\/ElHierro-SanAndres-ComarcaDeJinama-Turespana-300x229.jpg 300w\" sizes=\"auto, (max-width: 1000px) 100vw, 1000px\" \/> <img loading=\"lazy\" decoding=\"async\" class=\"alignleft size-full wp-image-3000\" src=\"https:\/\/blog.olimar.de\/wp-content\/uploads\/2015\/09\/ELHierro-Valverde-KircheLaConcepcion-c-Turespana.jpg\" alt=\"ELHierro-Valverde-KircheLaConcepcion-c-Turespana\" width=\"1000\" height=\"825\" srcset=\"https:\/\/blog.olimar.de\/wp-content\/uploads\/2015\/09\/ELHierro-Valverde-KircheLaConcepcion-c-Turespana.jpg 1000w, https:\/\/blog.olimar.de\/wp-content\/uploads\/2015\/09\/ELHierro-Valverde-KircheLaConcepcion-c-Turespana-300x248.jpg 300w\" sizes=\"auto, (max-width: 1000px) 100vw, 1000px\" \/><br \/>Zum \u00dcbernachten gibt es nur wenige Hotels sowie ein paar Pensionen und private Ferienh\u00e4user. Sehr empfehlenswert ist der <strong><a href=\"https:\/\/rms.olimar.de\/code\/vdep00\">Parador von El Hierro<\/a><\/strong>. Er liegt einsam und abgeschieden an der Ostk\u00fcste, an einer Badebucht vor imposanter Bergkulisse.<\/p>\n<p><img loading=\"lazy\" decoding=\"async\" class=\"alignleft size-full wp-image-3010\" src=\"https:\/\/blog.olimar.de\/wp-content\/uploads\/2015\/09\/VDEP00-a-Aussenansicht.jpg\" alt=\"VDEP00-a-Aussenansicht\" width=\"1000\" height=\"1006\" srcset=\"https:\/\/blog.olimar.de\/wp-content\/uploads\/2015\/09\/VDEP00-a-Aussenansicht.jpg 1000w, https:\/\/blog.olimar.de\/wp-content\/uploads\/2015\/09\/VDEP00-a-Aussenansicht-150x150.jpg 150w, https:\/\/blog.olimar.de\/wp-content\/uploads\/2015\/09\/VDEP00-a-Aussenansicht-298x300.jpg 298w, https:\/\/blog.olimar.de\/wp-content\/uploads\/2015\/09\/VDEP00-a-Aussenansicht-120x120.jpg 120w\" sizes=\"auto, (max-width: 1000px) 100vw, 1000px\" \/> <img loading=\"lazy\" decoding=\"async\" class=\"alignleft size-full wp-image-3009\" src=\"https:\/\/blog.olimar.de\/wp-content\/uploads\/2015\/09\/VDEP00-a-FassadeA.jpg\" alt=\"VDEP00-a-FassadeA\" width=\"1000\" height=\"1010\" srcset=\"https:\/\/blog.olimar.de\/wp-content\/uploads\/2015\/09\/VDEP00-a-FassadeA.jpg 1000w, https:\/\/blog.olimar.de\/wp-content\/uploads\/2015\/09\/VDEP00-a-FassadeA-297x300.jpg 297w, https:\/\/blog.olimar.de\/wp-content\/uploads\/2015\/09\/VDEP00-a-FassadeA-120x120.jpg 120w\" sizes=\"auto, (max-width: 1000px) 100vw, 1000px\" \/><\/p>\n\n\n<div style=\"height:25px\" aria-hidden=\"true\" class=\"wp-block-spacer\"><\/div>\n\n\n\n<div class=\"wp-block-buttons is-layout-flex wp-block-buttons-is-layout-flex\">\n<div class=\"wp-block-button\"><a class=\"wp-block-button__link wp-element-button\" href=\"https:\/\/www.olimar.de\/hotellistung\/\">Jetzt Urlaubsangebote finden und buchen<\/a><\/div>\n<\/div>\n\n\n\n<div style=\"height:100px\" aria-hidden=\"true\" class=\"wp-block-spacer\"><\/div>\n","protected":false},"excerpt":{"rendered":"<p>La Palma, f\u00fcr viele die sch\u00f6nste der Kanaren, und das ruhige El Hierro sind wahre Natursch\u00f6nheiten. Zerklu\u0308ftete Bergketten, tiefe Schluchten und unz\u00e4hlige T\u00e4ler ziehen sich von den Bergen bis zum Meer \u2013 ideal f\u00fcr Romantiker, Abenteurer und Wanderfreunde. Hier einige Tipps.<\/p>\n","protected":false},"author":3,"featured_media":3002,"comment_status":"open","ping_status":"open","sticky":false,"template":"","format":"standard","meta":{"_crdt_document":"","_lmt_disableupdate":"","_lmt_disable":"","footnotes":""},"categories":[31],"tags":[125,115,124,62],"class_list":["post-2653","post","type-post","status-publish","format-standard","has-post-thumbnail","hentry","category-land-leute","tag-el-hierro","tag-kanaren","tag-la-palma","tag-spanien"],"yoast_head":"<!-- This site is optimized with the Yoast SEO plugin v26.9 - https:\/\/yoast.com\/product\/yoast-seo-wordpress\/ -->\n<title>La Palma und El Hierro: Inseln f\u00fcr Tr\u00e4umer<\/title>\n<meta name=\"description\" content=\"La Palma und El Hierro sind eher kleine Kanaren-Inseln und dennoch f\u00fcr viele die sch\u00f6nsten. Lesen Sie, was diese Faszination ausmacht.\" \/>\n<meta name=\"robots\" content=\"index, follow, max-snippet:-1, max-image-preview:large, max-video-preview:-1\" \/>\n<link rel=\"canonical\" href=\"https:\/\/blog.olimar.de\/la-palma-und-el-hierro-inseln-fuer-traeumer\/\" \/>\n<meta property=\"og:locale\" content=\"de_DE\" \/>\n<meta property=\"og:type\" content=\"article\" \/>\n<meta property=\"og:title\" content=\"La Palma und El Hierro: Inseln f\u00fcr Tr\u00e4umer\" \/>\n<meta property=\"og:description\" content=\"La Palma und El Hierro sind eher kleine Kanaren-Inseln und dennoch f\u00fcr viele die sch\u00f6nsten. Lesen Sie, was diese Faszination ausmacht.\" \/>\n<meta property=\"og:url\" content=\"https:\/\/blog.olimar.de\/la-palma-und-el-hierro-inseln-fuer-traeumer\/\" \/>\n<meta property=\"article:publisher\" content=\"https:\/\/www.facebook.com\/OlimarReisen\" \/>\n<meta property=\"article:published_time\" content=\"2015-09-18T10:42:30+00:00\" \/>\n<meta property=\"article:modified_time\" content=\"2025-02-05T10:19:17+00:00\" \/>\n<meta property=\"og:image\" content=\"https:\/\/blog.olimar.de\/wp-content\/uploads\/2015\/09\/LaPalma-NationalparkCalderadeTaburiente_1200x800.jpg\" \/>\n\t<meta property=\"og:image:width\" content=\"1200\" \/>\n\t<meta property=\"og:image:height\" content=\"800\" \/>\n\t<meta property=\"og:image:type\" content=\"image\/jpeg\" \/>\n<meta name=\"author\" content=\"Evelyn Steinbach\" \/>\n<meta name=\"twitter:label1\" content=\"Verfasst von\" \/>\n\t<meta name=\"twitter:data1\" content=\"Evelyn Steinbach\" \/>\n\t<meta name=\"twitter:label2\" content=\"Gesch\u00e4tzte Lesezeit\" \/>\n\t<meta name=\"twitter:data2\" content=\"5\u00a0Minuten\" \/>\n<script type=\"application\/ld+json\" class=\"yoast-schema-graph\">{\"@context\":\"https:\/\/schema.org\",\"@graph\":[{\"@type\":\"WebPage\",\"@id\":\"https:\/\/blog.olimar.de\/la-palma-und-el-hierro-inseln-fuer-traeumer\/\",\"url\":\"https:\/\/blog.olimar.de\/la-palma-und-el-hierro-inseln-fuer-traeumer\/\",\"name\":\"La Palma und El Hierro: Inseln f\u00fcr Tr\u00e4umer\",\"isPartOf\":{\"@id\":\"https:\/\/blog.olimar.de\/#website\"},\"primaryImageOfPage\":{\"@id\":\"https:\/\/blog.olimar.de\/la-palma-und-el-hierro-inseln-fuer-traeumer\/#primaryimage\"},\"image\":{\"@id\":\"https:\/\/blog.olimar.de\/la-palma-und-el-hierro-inseln-fuer-traeumer\/#primaryimage\"},\"thumbnailUrl\":\"https:\/\/blog.olimar.de\/wp-content\/uploads\/2015\/09\/LaPalma-NationalparkCalderadeTaburiente_1200x800.jpg\",\"datePublished\":\"2015-09-18T10:42:30+00:00\",\"dateModified\":\"2025-02-05T10:19:17+00:00\",\"description\":\"La Palma und El Hierro sind eher kleine Kanaren-Inseln und dennoch f\u00fcr viele die sch\u00f6nsten. Lesen Sie, was diese Faszination ausmacht.\",\"breadcrumb\":{\"@id\":\"https:\/\/blog.olimar.de\/la-palma-und-el-hierro-inseln-fuer-traeumer\/#breadcrumb\"},\"inLanguage\":\"de\",\"potentialAction\":[{\"@type\":\"ReadAction\",\"target\":[\"https:\/\/blog.olimar.de\/la-palma-und-el-hierro-inseln-fuer-traeumer\/\"]}]},{\"@type\":\"ImageObject\",\"inLanguage\":\"de\",\"@id\":\"https:\/\/blog.olimar.de\/la-palma-und-el-hierro-inseln-fuer-traeumer\/#primaryimage\",\"url\":\"https:\/\/blog.olimar.de\/wp-content\/uploads\/2015\/09\/LaPalma-NationalparkCalderadeTaburiente_1200x800.jpg\",\"contentUrl\":\"https:\/\/blog.olimar.de\/wp-content\/uploads\/2015\/09\/LaPalma-NationalparkCalderadeTaburiente_1200x800.jpg\",\"width\":1200,\"height\":800,\"caption\":\"Panorama mit Wolken vom Vulkan Caldera de Taburiente\"},{\"@type\":\"BreadcrumbList\",\"@id\":\"https:\/\/blog.olimar.de\/la-palma-und-el-hierro-inseln-fuer-traeumer\/#breadcrumb\",\"itemListElement\":[{\"@type\":\"ListItem\",\"position\":1,\"name\":\"Home\",\"item\":\"https:\/\/blog.olimar.de\/\"},{\"@type\":\"ListItem\",\"position\":2,\"name\":\"El Hierro\",\"item\":\"https:\/\/blog.olimar.de\/tag\/el-hierro\/\"},{\"@type\":\"ListItem\",\"position\":3,\"name\":\"La Palma und El Hierro: Inseln f\u00fcr Tr\u00e4umer\"}]},{\"@type\":\"WebSite\",\"@id\":\"https:\/\/blog.olimar.de\/#website\",\"url\":\"https:\/\/blog.olimar.de\/\",\"name\":\"OLIMAR.com\",\"description\":\"\",\"publisher\":{\"@id\":\"https:\/\/blog.olimar.de\/#organization\"},\"potentialAction\":[{\"@type\":\"SearchAction\",\"target\":{\"@type\":\"EntryPoint\",\"urlTemplate\":\"https:\/\/blog.olimar.de\/?s={search_term_string}\"},\"query-input\":{\"@type\":\"PropertyValueSpecification\",\"valueRequired\":true,\"valueName\":\"search_term_string\"}}],\"inLanguage\":\"de\"},{\"@type\":\"Organization\",\"@id\":\"https:\/\/blog.olimar.de\/#organization\",\"name\":\"OLIMAR Reisen\",\"url\":\"https:\/\/blog.olimar.de\/\",\"logo\":{\"@type\":\"ImageObject\",\"inLanguage\":\"de\",\"@id\":\"https:\/\/blog.olimar.de\/#\/schema\/logo\/image\/\",\"url\":\"https:\/\/blog.olimar.de\/wp-content\/uploads\/2021\/01\/OLIMAR_Logo_COLOR.png\",\"contentUrl\":\"https:\/\/blog.olimar.de\/wp-content\/uploads\/2021\/01\/OLIMAR_Logo_COLOR.png\",\"width\":2000,\"height\":986,\"caption\":\"OLIMAR Reisen\"},\"image\":{\"@id\":\"https:\/\/blog.olimar.de\/#\/schema\/logo\/image\/\"},\"sameAs\":[\"https:\/\/www.facebook.com\/OlimarReisen\",\"https:\/\/x.com\/olimarrreisen\",\"https:\/\/www.instagram.com\/olimarreisen\",\"https:\/\/www.youtube.com\/user\/olimarreisen\"]}]}<\/script>\n<!-- \/ Yoast SEO plugin. -->","yoast_head_json":{"title":"La Palma und El Hierro: Inseln f\u00fcr Tr\u00e4umer","description":"La Palma und El Hierro sind eher kleine Kanaren-Inseln und dennoch f\u00fcr viele die sch\u00f6nsten. Lesen Sie, was diese Faszination ausmacht.","robots":{"index":"index","follow":"follow","max-snippet":"max-snippet:-1","max-image-preview":"max-image-preview:large","max-video-preview":"max-video-preview:-1"},"canonical":"https:\/\/blog.olimar.de\/la-palma-und-el-hierro-inseln-fuer-traeumer\/","og_locale":"de_DE","og_type":"article","og_title":"La Palma und El Hierro: Inseln f\u00fcr Tr\u00e4umer","og_description":"La Palma und El Hierro sind eher kleine Kanaren-Inseln und dennoch f\u00fcr viele die sch\u00f6nsten. Lesen Sie, was diese Faszination ausmacht.","og_url":"https:\/\/blog.olimar.de\/la-palma-und-el-hierro-inseln-fuer-traeumer\/","article_publisher":"https:\/\/www.facebook.com\/OlimarReisen","article_published_time":"2015-09-18T10:42:30+00:00","article_modified_time":"2025-02-05T10:19:17+00:00","og_image":[{"width":1200,"height":800,"url":"https:\/\/blog.olimar.de\/wp-content\/uploads\/2015\/09\/LaPalma-NationalparkCalderadeTaburiente_1200x800.jpg","type":"image\/jpeg"}],"author":"Evelyn Steinbach","twitter_misc":{"Verfasst von":"Evelyn Steinbach","Gesch\u00e4tzte Lesezeit":"5\u00a0Minuten"},"schema":{"@context":"https:\/\/schema.org","@graph":[{"@type":"WebPage","@id":"https:\/\/blog.olimar.de\/la-palma-und-el-hierro-inseln-fuer-traeumer\/","url":"https:\/\/blog.olimar.de\/la-palma-und-el-hierro-inseln-fuer-traeumer\/","name":"La Palma und El Hierro: Inseln f\u00fcr Tr\u00e4umer","isPartOf":{"@id":"https:\/\/blog.olimar.de\/#website"},"primaryImageOfPage":{"@id":"https:\/\/blog.olimar.de\/la-palma-und-el-hierro-inseln-fuer-traeumer\/#primaryimage"},"image":{"@id":"https:\/\/blog.olimar.de\/la-palma-und-el-hierro-inseln-fuer-traeumer\/#primaryimage"},"thumbnailUrl":"https:\/\/blog.olimar.de\/wp-content\/uploads\/2015\/09\/LaPalma-NationalparkCalderadeTaburiente_1200x800.jpg","datePublished":"2015-09-18T10:42:30+00:00","dateModified":"2025-02-05T10:19:17+00:00","description":"La Palma und El Hierro sind eher kleine Kanaren-Inseln und dennoch f\u00fcr viele die sch\u00f6nsten. Lesen Sie, was diese Faszination ausmacht.","breadcrumb":{"@id":"https:\/\/blog.olimar.de\/la-palma-und-el-hierro-inseln-fuer-traeumer\/#breadcrumb"},"inLanguage":"de","potentialAction":[{"@type":"ReadAction","target":["https:\/\/blog.olimar.de\/la-palma-und-el-hierro-inseln-fuer-traeumer\/"]}]},{"@type":"ImageObject","inLanguage":"de","@id":"https:\/\/blog.olimar.de\/la-palma-und-el-hierro-inseln-fuer-traeumer\/#primaryimage","url":"https:\/\/blog.olimar.de\/wp-content\/uploads\/2015\/09\/LaPalma-NationalparkCalderadeTaburiente_1200x800.jpg","contentUrl":"https:\/\/blog.olimar.de\/wp-content\/uploads\/2015\/09\/LaPalma-NationalparkCalderadeTaburiente_1200x800.jpg","width":1200,"height":800,"caption":"Panorama mit Wolken vom Vulkan Caldera de Taburiente"},{"@type":"BreadcrumbList","@id":"https:\/\/blog.olimar.de\/la-palma-und-el-hierro-inseln-fuer-traeumer\/#breadcrumb","itemListElement":[{"@type":"ListItem","position":1,"name":"Home","item":"https:\/\/blog.olimar.de\/"},{"@type":"ListItem","position":2,"name":"El Hierro","item":"https:\/\/blog.olimar.de\/tag\/el-hierro\/"},{"@type":"ListItem","position":3,"name":"La Palma und El Hierro: Inseln f\u00fcr Tr\u00e4umer"}]},{"@type":"WebSite","@id":"https:\/\/blog.olimar.de\/#website","url":"https:\/\/blog.olimar.de\/","name":"OLIMAR.com","description":"","publisher":{"@id":"https:\/\/blog.olimar.de\/#organization"},"potentialAction":[{"@type":"SearchAction","target":{"@type":"EntryPoint","urlTemplate":"https:\/\/blog.olimar.de\/?s={search_term_string}"},"query-input":{"@type":"PropertyValueSpecification","valueRequired":true,"valueName":"search_term_string"}}],"inLanguage":"de"},{"@type":"Organization","@id":"https:\/\/blog.olimar.de\/#organization","name":"OLIMAR Reisen","url":"https:\/\/blog.olimar.de\/","logo":{"@type":"ImageObject","inLanguage":"de","@id":"https:\/\/blog.olimar.de\/#\/schema\/logo\/image\/","url":"https:\/\/blog.olimar.de\/wp-content\/uploads\/2021\/01\/OLIMAR_Logo_COLOR.png","contentUrl":"https:\/\/blog.olimar.de\/wp-content\/uploads\/2021\/01\/OLIMAR_Logo_COLOR.png","width":2000,"height":986,"caption":"OLIMAR Reisen"},"image":{"@id":"https:\/\/blog.olimar.de\/#\/schema\/logo\/image\/"},"sameAs":["https:\/\/www.facebook.com\/OlimarReisen","https:\/\/x.com\/olimarrreisen","https:\/\/www.instagram.com\/olimarreisen","https:\/\/www.youtube.com\/user\/olimarreisen"]}]}},"modified_by":"Wiebke Fix","jetpack_featured_media_url":"https:\/\/blog.olimar.de\/wp-content\/uploads\/2015\/09\/LaPalma-NationalparkCalderadeTaburiente_1200x800.jpg","_links":{"self":[{"href":"https:\/\/blog.olimar.de\/wp-json\/wp\/v2\/posts\/2653","targetHints":{"allow":["GET"]}}],"collection":[{"href":"https:\/\/blog.olimar.de\/wp-json\/wp\/v2\/posts"}],"about":[{"href":"https:\/\/blog.olimar.de\/wp-json\/wp\/v2\/types\/post"}],"author":[{"embeddable":true,"href":"https:\/\/blog.olimar.de\/wp-json\/wp\/v2\/users\/3"}],"replies":[{"embeddable":true,"href":"https:\/\/blog.olimar.de\/wp-json\/wp\/v2\/comments?post=2653"}],"version-history":[{"count":22,"href":"https:\/\/blog.olimar.de\/wp-json\/wp\/v2\/posts\/2653\/revisions"}],"predecessor-version":[{"id":28647,"href":"https:\/\/blog.olimar.de\/wp-json\/wp\/v2\/posts\/2653\/revisions\/28647"}],"wp:featuredmedia":[{"embeddable":true,"href":"https:\/\/blog.olimar.de\/wp-json\/wp\/v2\/media\/3002"}],"wp:attachment":[{"href":"https:\/\/blog.olimar.de\/wp-json\/wp\/v2\/media?parent=2653"}],"wp:term":[{"taxonomy":"category","embeddable":true,"href":"https:\/\/blog.olimar.de\/wp-json\/wp\/v2\/categories?post=2653"},{"taxonomy":"post_tag","embeddable":true,"href":"https:\/\/blog.olimar.de\/wp-json\/wp\/v2\/tags?post=2653"}],"curies":[{"name":"wp","href":"https:\/\/api.w.org\/{rel}","templated":true}]}}