{"id":2663,"date":"2015-09-18T15:45:12","date_gmt":"2015-09-18T13:45:12","guid":{"rendered":"https:\/\/blog.olimar.de\/?p=2663"},"modified":"2023-11-30T14:18:52","modified_gmt":"2023-11-30T13:18:52","slug":"fuerteventura","status":"publish","type":"post","link":"https:\/\/blog.olimar.de\/fuerteventura\/","title":{"rendered":"Fuerteventura \u2013 die Insel der Winde im ewigen Fr\u00fchling"},"content":{"rendered":"\n<p><strong>Es ist nie Liebe auf den ersten Blick. Wer Fuerteventura das erste Mal sieht, findet nicht viel, um sich zu verlieben. Doch diese Insel ist der Beweis daf\u00fcr, dass der zweite Blick manchmal extrem lohnenswert sein kann.<\/strong><\/p>\n\n\n\n<div class=\"wp-block-buttons is-layout-flex wp-block-buttons-is-layout-flex\">\n<div class=\"wp-block-button\"><a class=\"wp-block-button__link wp-element-button\" href=\"https:\/\/www.olimar.de\/spanien\/kanaren\/\" target=\"_blank\" rel=\"noreferrer noopener\">Kanaren Reiseangebote und Hoteltipps entdecken<\/a><\/div>\n<\/div>\n\n\n\n<div style=\"height:25px\" aria-hidden=\"true\" class=\"wp-block-spacer\"><\/div>\n\n\n<p><span class=\"dropcap\">F<\/span>uerteventura liegt nur etwa 100 Kilometer westlich von der K\u00fcste Afrikas entfernt. Die Mischung aus afrikanischer Sonne und dem ganzj\u00e4hrig wehenden Passatwind macht das Klima dieser Insel aus \u2013 ein ewig anhaltender Fr\u00fchling.<\/p>\n<p>Wer Fuerteventura kennenlernt wird schnell feststellen, dass diese Insel viel mehr zu bieten hat, als nur Sand und Vulkangestein. Fuerteventura hat vor allem eins: Charakter. Erlebbar in den mal schroffen, mal weichen Formen und Linien, die von der Natur hier gezeichnet werden. Von steil abfallenden Felsk\u00fcsten \u00fcber sanft ansteigende W\u00fcstenberge bis zu den endlosen goldgelben Str\u00e4nden, f\u00fcr die diese Insel ber\u00fchmt ist. Doch der Charakter dieser Insel zeigt sich auch im Stolz und der Gastfreundschaft der Einheimischen.<\/p>\n<h3><strong>Mit dem Fahrrad auf Entdeckungstour auf Fuerteventura<br \/><\/strong><\/h3>\n<p>Eine Sportart, die hier gro\u00df im Kommen ist, ist das Fahrradfahren. Verschiedene Radstrecken, von Flachlandstrecken bis zu Bergtouren, teilweise mit bis zu 600 zu \u00fcberwindenden H\u00f6henmetern, bieten f\u00fcr jeden Fitnessstand die richtige Tour. Fahrr\u00e4der unterschiedlicher Art kann man \u00fcberall auf der Insel ausleihen. Einige Hotels haben auch einen eigenen Fahrradverleih und bieten oftmals gef\u00fchrte Touren an.<\/p>\n<p>Besonders empfehlenswert sind die Touren in die Berge rund um die ehemalige Inselhauptstadt <strong>Betancuria<\/strong>. Hier bietet vor allem Ajuy, wo in der schmalen von steil abfallenden Felsklippen begrenzten Bucht ein beeindruckender, tiefschwarzer Sandstrand darauf wartet, entdeckt zu werden, einen perfekten Ausgangspunkt. Aufgrund der starken Str\u00f6mungen sollte man hier \u00fcbrigens nur als ge\u00fcbter Schwimmer ins Wasser gehen. Bei Ebbe kann man, direkt von der Bucht von Ajuy aus, auch einige H\u00f6hlen besichtigen, die einst Piraten als Unterschlupf gedient haben sollen. Direkt am Strand gelegen wartet mit dem <strong>La Jaula de Oro<\/strong> ein wunderbares Fischrestaurant darauf, G\u00e4ste mit frischen Spezialit\u00e4ten zu verw\u00f6hnen. Hier werden in der Regel f\u00fcnf Fischgerichte aus dem t\u00e4glich frischen Fang der Fischer angeboten. Die Karte wechselt entsprechend regelm\u00e4\u00dfig.<\/p>\n<div id=\"attachment_3031\" style=\"width: 310px\" class=\"wp-caption alignleft\"><img loading=\"lazy\" decoding=\"async\" aria-describedby=\"caption-attachment-3031\" class=\"wp-image-3031 size-medium\" src=\"https:\/\/blog.olimar.de\/wp-content\/uploads\/2015\/09\/ES-Kanaren-Fuerteventura-Betancuria-300x237.jpg\" alt=\"Betancuria - die fr\u00fchere Inselhauptstadt Fuerteventuras\" width=\"300\" height=\"237\" srcset=\"https:\/\/blog.olimar.de\/wp-content\/uploads\/2015\/09\/ES-Kanaren-Fuerteventura-Betancuria-300x237.jpg 300w, https:\/\/blog.olimar.de\/wp-content\/uploads\/2015\/09\/ES-Kanaren-Fuerteventura-Betancuria.jpg 1000w\" sizes=\"auto, (max-width: 300px) 100vw, 300px\" \/><p id=\"caption-attachment-3031\" class=\"wp-caption-text\">Betancuria &#8211; die fr\u00fchere Inselhauptstadt Fuerteventuras<\/p><\/div>\n<p>Perfekter Zielpunkt einer hier startenden Fahrradtour ist <strong>Betancuria<\/strong>, die ehemalige Hauptstadt Fuerteventuras. Die Strecke f\u00fchrt mitten durch die Berge mit H\u00f6henunterschieden von mehreren hundert Metern, \u00fcber Serpentinen und Bergstra\u00dfen, von denen dem Fahrradfahrer ein wundersch\u00f6ner Ausblick \u00fcber Berge und T\u00e4ler bis zum Meer hinab verg\u00f6nnt ist.<\/p>\n<h3>\u00a0<\/h3>\n<h3><img loading=\"lazy\" decoding=\"async\" class=\"alignleft size-full wp-image-2671\" src=\"https:\/\/blog.olimar.de\/wp-content\/uploads\/2015\/08\/5DVQnNarzmQxgFGt0NLnd6CO3vuikqfSS3yyAsing.jpg\" alt=\"--5DVQnNarzmQxgFGt0NLnd6CO3vuikqfSS3yyAsing\" width=\"1280\" height=\"960\" srcset=\"https:\/\/blog.olimar.de\/wp-content\/uploads\/2015\/08\/5DVQnNarzmQxgFGt0NLnd6CO3vuikqfSS3yyAsing.jpg 1280w, https:\/\/blog.olimar.de\/wp-content\/uploads\/2015\/08\/5DVQnNarzmQxgFGt0NLnd6CO3vuikqfSS3yyAsing-300x225.jpg 300w, https:\/\/blog.olimar.de\/wp-content\/uploads\/2015\/08\/5DVQnNarzmQxgFGt0NLnd6CO3vuikqfSS3yyAsing-1024x768.jpg 1024w\" sizes=\"auto, (max-width: 1280px) 100vw, 1280px\" \/><\/h3>\n<h3>\u00a0<\/h3>\n<h3><strong class=\"wp-caption-dd\">Von den Bergt\u00e4lern Betancurias zu den Str\u00e4nden Fuerteventuras<br \/><\/strong><\/h3>\n<p>Weniger trainierte Radfahrer haben die M\u00f6glichkeit, sich von Kleinbussen zu einem Aussichtspunkt in den Bergen bringen zu lassen und dann in einer gef\u00fchrten Tour die Bergstra\u00dfen mit dem Fahrrad hinunter in Richtung Meer zu fahren. Wunderbare Ausblicke auf den t\u00fcrkisblauen Atlantik und die mal schroffen K\u00fcstenfelsen, mal traumhaften Sandstr\u00e4nde der Insel inklusive. Der beliebteste Strand der Insel ist der <strong>Bilderbuchstrand von Jandia<\/strong>, ein kilometerlanger, breiter Sandstrand, der von seiner Feinheit und seiner F\u00e4rbung her an Str\u00e4nde in der Karibik erinnert. Und mit der Stadt Jandia hat man hier direkt das lebhafteste Touristenziel der Insel. In Jandia kann man bis sp\u00e4t in die Nacht \u00fcber die Einkaufsmeile flanieren und in den verschiedenen Bars den ein oder anderen Cocktail genie\u00dfen. Wer es lieber etwas ruhiger mag, kann den nahezu genauso sch\u00f6nen, wenn auch bei Weitem nicht so langen, aber auch nicht so vollen, Strand von <strong>El Cotillo<\/strong> im Westen der Insel anfahren.<\/p>\n<p>Doch nat\u00fcrlich darf man nicht vergessen, was Fuerteventura in den letzten zwei Jahrzehnten zu einer der beliebtesten <a href=\"https:\/\/www.olimar.de\/spanien\/kanaren\/\" target=\"_blank\" rel=\"noopener noreferrer\">Kanaren<\/a>-Inseln f\u00fcr Wassersportler ausgezeichnet hat: Der Wind, der vor allem bei <strong>Surfern und Kiteboardern<\/strong> beliebt ist. Dank zahllosen Surfschulen in jedem Ort mit Sandstrand kann hier jeder seine ersten Erfahrungen in diesen Sportarten machen. Und wie k\u00f6nnte man die Eindr\u00fccke einer berauschenden Radfahrt durch die Berge besser verarbeiten, als auf einem Surfbrett stehend, den Wind im Segel sp\u00fcrend und die Freiheit des Meeres genie\u00dfend.<\/p>\n<div class=\"green-box\"><strong>OLIMAR Tipps<\/strong><\/p>\n<p><strong>\u00dcbernachten:\u00a0\u00a0 \u00a0<\/strong><\/p>\n<p><strong>Sheraton Fuerteventura Beach Golf &amp; Spa:<\/strong> F\u00fcnf-Sterne-Luxushaus unmittelbar am feinen Sandstrand von Caleta de Fuste. 18-Loch-Golfplatz in direkter N\u00e4he. Sieben Tage \u00dcbernachtung mit Fr\u00fchst\u00fcck bereits ab 1071 \u20ac p. P. <a href=\"https:\/\/rms.olimar.de\/code\/fue100\">www.olimar.de\/fue100<\/a><\/p>\n<p><strong>Besichtigen:<\/strong><br \/>Betancuria: die ehemalige Hauptstadt der Insel mit ihrem historischen Stadtkern und dem Museum sakraler Kunst in der alten Kirche.<br \/>Die Wanderd\u00fcnen im Norden Fuerteventuras.<br \/>Der schwarze Strand und die H\u00f6hlen von Ajuy.<\/div>\n\n\n<div style=\"height:25px\" aria-hidden=\"true\" class=\"wp-block-spacer\"><\/div>\n\n\n\n<div class=\"wp-block-buttons is-layout-flex wp-block-buttons-is-layout-flex\">\n<div class=\"wp-block-button\"><a class=\"wp-block-button__link wp-element-button\" href=\"https:\/\/www.olimar.de\/hotellistung\/\">Jetzt Urlaubsangebote finden und buchen<\/a><\/div>\n<\/div>\n\n\n\n<div style=\"height:100px\" aria-hidden=\"true\" class=\"wp-block-spacer\"><\/div>\n","protected":false},"excerpt":{"rendered":"<p>Es ist nie Liebe auf den ersten Blick. Wer Fuerteventura das erste Mal sieht, findet nicht viel, um sich zu verlieben. Doch diese Insel ist der Beweis daf\u00fcr, dass der zweite Blick manchmal extrem lohnenswert sein kann. Fuerteventura liegt nur etwa 100 Kilometer westlich von der K\u00fcste Afrikas entfernt. Die Mischung aus afrikanischer Sonne und dem ganzj\u00e4hrig wehenden Passatwind macht das Klima dieser Insel aus \u2013 ein ewig anhaltender Fr\u00fchling. Wer Fuerteventura kennenlernt wird schnell feststellen, dass diese Insel viel mehr zu bieten hat, als nur Sand und Vulkangestein. Fuerteventura hat vor allem eins: Charakter. Erlebbar in den mal schroffen, mal &hellip;<\/p>\n","protected":false},"author":24,"featured_media":3030,"comment_status":"open","ping_status":"open","sticky":false,"template":"","format":"standard","meta":{"_crdt_document":"","_lmt_disableupdate":"","_lmt_disable":"","footnotes":""},"categories":[29],"tags":[126,115,62],"class_list":["post-2663","post","type-post","status-publish","format-standard","has-post-thumbnail","hentry","category-aktiv-natur","tag-fuerteventura","tag-kanaren","tag-spanien"],"yoast_head":"<!-- This site is optimized with the Yoast SEO plugin v26.9 - https:\/\/yoast.com\/product\/yoast-seo-wordpress\/ -->\n<title>Fuerteventura \u2013 die Insel der Winde im ewigen Fr\u00fchling<\/title>\n<meta name=\"description\" content=\"Mit ganzj\u00e4hrig angenehmen Temperaturen, sanft ansteigenden W\u00fcstenbergen und goldgelben Str\u00e4nden zieht die Insel Sie in ihren Bann.\" \/>\n<meta name=\"robots\" content=\"index, follow, max-snippet:-1, max-image-preview:large, max-video-preview:-1\" \/>\n<link rel=\"canonical\" href=\"https:\/\/blog.olimar.de\/fuerteventura\/\" \/>\n<meta property=\"og:locale\" content=\"de_DE\" \/>\n<meta property=\"og:type\" content=\"article\" \/>\n<meta property=\"og:title\" content=\"Fuerteventura \u2013 die Insel der Winde im ewigen Fr\u00fchling\" \/>\n<meta property=\"og:description\" content=\"Mit ganzj\u00e4hrig angenehmen Temperaturen, sanft ansteigenden W\u00fcstenbergen und goldgelben Str\u00e4nden zieht die Insel Sie in ihren Bann.\" \/>\n<meta property=\"og:url\" content=\"https:\/\/blog.olimar.de\/fuerteventura\/\" \/>\n<meta property=\"article:publisher\" content=\"https:\/\/www.facebook.com\/OlimarReisen\" \/>\n<meta property=\"article:published_time\" content=\"2015-09-18T13:45:12+00:00\" \/>\n<meta property=\"article:modified_time\" content=\"2023-11-30T13:18:52+00:00\" \/>\n<meta property=\"og:image\" content=\"https:\/\/blog.olimar.de\/wp-content\/uploads\/2015\/09\/ES-Kanaren-Fuerteventura-Strand.jpg\" \/>\n\t<meta property=\"og:image:width\" content=\"1000\" \/>\n\t<meta property=\"og:image:height\" content=\"715\" \/>\n\t<meta property=\"og:image:type\" content=\"image\/jpeg\" \/>\n<meta name=\"author\" content=\"Jean-Pierre\" \/>\n<meta name=\"twitter:label1\" content=\"Verfasst von\" \/>\n\t<meta name=\"twitter:data1\" content=\"Jean-Pierre\" \/>\n\t<meta name=\"twitter:label2\" content=\"Gesch\u00e4tzte Lesezeit\" \/>\n\t<meta name=\"twitter:data2\" content=\"5\u00a0Minuten\" \/>\n<script type=\"application\/ld+json\" class=\"yoast-schema-graph\">{\"@context\":\"https:\/\/schema.org\",\"@graph\":[{\"@type\":\"WebPage\",\"@id\":\"https:\/\/blog.olimar.de\/fuerteventura\/\",\"url\":\"https:\/\/blog.olimar.de\/fuerteventura\/\",\"name\":\"Fuerteventura \u2013 die Insel der Winde im ewigen Fr\u00fchling\",\"isPartOf\":{\"@id\":\"https:\/\/blog.olimar.de\/#website\"},\"primaryImageOfPage\":{\"@id\":\"https:\/\/blog.olimar.de\/fuerteventura\/#primaryimage\"},\"image\":{\"@id\":\"https:\/\/blog.olimar.de\/fuerteventura\/#primaryimage\"},\"thumbnailUrl\":\"https:\/\/blog.olimar.de\/wp-content\/uploads\/2015\/09\/ES-Kanaren-Fuerteventura-Strand.jpg\",\"datePublished\":\"2015-09-18T13:45:12+00:00\",\"dateModified\":\"2023-11-30T13:18:52+00:00\",\"description\":\"Mit ganzj\u00e4hrig angenehmen Temperaturen, sanft ansteigenden W\u00fcstenbergen und goldgelben Str\u00e4nden zieht die Insel Sie in ihren Bann.\",\"breadcrumb\":{\"@id\":\"https:\/\/blog.olimar.de\/fuerteventura\/#breadcrumb\"},\"inLanguage\":\"de\",\"potentialAction\":[{\"@type\":\"ReadAction\",\"target\":[\"https:\/\/blog.olimar.de\/fuerteventura\/\"]}]},{\"@type\":\"ImageObject\",\"inLanguage\":\"de\",\"@id\":\"https:\/\/blog.olimar.de\/fuerteventura\/#primaryimage\",\"url\":\"https:\/\/blog.olimar.de\/wp-content\/uploads\/2015\/09\/ES-Kanaren-Fuerteventura-Strand.jpg\",\"contentUrl\":\"https:\/\/blog.olimar.de\/wp-content\/uploads\/2015\/09\/ES-Kanaren-Fuerteventura-Strand.jpg\",\"width\":1000,\"height\":715,\"caption\":\"Panorama Sandstrand und Meer auf Fuerteventura\"},{\"@type\":\"BreadcrumbList\",\"@id\":\"https:\/\/blog.olimar.de\/fuerteventura\/#breadcrumb\",\"itemListElement\":[{\"@type\":\"ListItem\",\"position\":1,\"name\":\"Home\",\"item\":\"https:\/\/blog.olimar.de\/\"},{\"@type\":\"ListItem\",\"position\":2,\"name\":\"Fuerteventura\",\"item\":\"https:\/\/blog.olimar.de\/tag\/fuerteventura\/\"},{\"@type\":\"ListItem\",\"position\":3,\"name\":\"Fuerteventura \u2013 die Insel der Winde im ewigen Fr\u00fchling\"}]},{\"@type\":\"WebSite\",\"@id\":\"https:\/\/blog.olimar.de\/#website\",\"url\":\"https:\/\/blog.olimar.de\/\",\"name\":\"OLIMAR.com\",\"description\":\"\",\"publisher\":{\"@id\":\"https:\/\/blog.olimar.de\/#organization\"},\"potentialAction\":[{\"@type\":\"SearchAction\",\"target\":{\"@type\":\"EntryPoint\",\"urlTemplate\":\"https:\/\/blog.olimar.de\/?s={search_term_string}\"},\"query-input\":{\"@type\":\"PropertyValueSpecification\",\"valueRequired\":true,\"valueName\":\"search_term_string\"}}],\"inLanguage\":\"de\"},{\"@type\":\"Organization\",\"@id\":\"https:\/\/blog.olimar.de\/#organization\",\"name\":\"OLIMAR Reisen\",\"url\":\"https:\/\/blog.olimar.de\/\",\"logo\":{\"@type\":\"ImageObject\",\"inLanguage\":\"de\",\"@id\":\"https:\/\/blog.olimar.de\/#\/schema\/logo\/image\/\",\"url\":\"https:\/\/blog.olimar.de\/wp-content\/uploads\/2021\/01\/OLIMAR_Logo_COLOR.png\",\"contentUrl\":\"https:\/\/blog.olimar.de\/wp-content\/uploads\/2021\/01\/OLIMAR_Logo_COLOR.png\",\"width\":2000,\"height\":986,\"caption\":\"OLIMAR Reisen\"},\"image\":{\"@id\":\"https:\/\/blog.olimar.de\/#\/schema\/logo\/image\/\"},\"sameAs\":[\"https:\/\/www.facebook.com\/OlimarReisen\",\"https:\/\/x.com\/olimarrreisen\",\"https:\/\/www.instagram.com\/olimarreisen\",\"https:\/\/www.youtube.com\/user\/olimarreisen\"]}]}<\/script>\n<!-- \/ Yoast SEO plugin. -->","yoast_head_json":{"title":"Fuerteventura \u2013 die Insel der Winde im ewigen Fr\u00fchling","description":"Mit ganzj\u00e4hrig angenehmen Temperaturen, sanft ansteigenden W\u00fcstenbergen und goldgelben Str\u00e4nden zieht die Insel Sie in ihren Bann.","robots":{"index":"index","follow":"follow","max-snippet":"max-snippet:-1","max-image-preview":"max-image-preview:large","max-video-preview":"max-video-preview:-1"},"canonical":"https:\/\/blog.olimar.de\/fuerteventura\/","og_locale":"de_DE","og_type":"article","og_title":"Fuerteventura \u2013 die Insel der Winde im ewigen Fr\u00fchling","og_description":"Mit ganzj\u00e4hrig angenehmen Temperaturen, sanft ansteigenden W\u00fcstenbergen und goldgelben Str\u00e4nden zieht die Insel Sie in ihren Bann.","og_url":"https:\/\/blog.olimar.de\/fuerteventura\/","article_publisher":"https:\/\/www.facebook.com\/OlimarReisen","article_published_time":"2015-09-18T13:45:12+00:00","article_modified_time":"2023-11-30T13:18:52+00:00","og_image":[{"width":1000,"height":715,"url":"https:\/\/blog.olimar.de\/wp-content\/uploads\/2015\/09\/ES-Kanaren-Fuerteventura-Strand.jpg","type":"image\/jpeg"}],"author":"Jean-Pierre","twitter_misc":{"Verfasst von":"Jean-Pierre","Gesch\u00e4tzte Lesezeit":"5\u00a0Minuten"},"schema":{"@context":"https:\/\/schema.org","@graph":[{"@type":"WebPage","@id":"https:\/\/blog.olimar.de\/fuerteventura\/","url":"https:\/\/blog.olimar.de\/fuerteventura\/","name":"Fuerteventura \u2013 die Insel der Winde im ewigen Fr\u00fchling","isPartOf":{"@id":"https:\/\/blog.olimar.de\/#website"},"primaryImageOfPage":{"@id":"https:\/\/blog.olimar.de\/fuerteventura\/#primaryimage"},"image":{"@id":"https:\/\/blog.olimar.de\/fuerteventura\/#primaryimage"},"thumbnailUrl":"https:\/\/blog.olimar.de\/wp-content\/uploads\/2015\/09\/ES-Kanaren-Fuerteventura-Strand.jpg","datePublished":"2015-09-18T13:45:12+00:00","dateModified":"2023-11-30T13:18:52+00:00","description":"Mit ganzj\u00e4hrig angenehmen Temperaturen, sanft ansteigenden W\u00fcstenbergen und goldgelben Str\u00e4nden zieht die Insel Sie in ihren Bann.","breadcrumb":{"@id":"https:\/\/blog.olimar.de\/fuerteventura\/#breadcrumb"},"inLanguage":"de","potentialAction":[{"@type":"ReadAction","target":["https:\/\/blog.olimar.de\/fuerteventura\/"]}]},{"@type":"ImageObject","inLanguage":"de","@id":"https:\/\/blog.olimar.de\/fuerteventura\/#primaryimage","url":"https:\/\/blog.olimar.de\/wp-content\/uploads\/2015\/09\/ES-Kanaren-Fuerteventura-Strand.jpg","contentUrl":"https:\/\/blog.olimar.de\/wp-content\/uploads\/2015\/09\/ES-Kanaren-Fuerteventura-Strand.jpg","width":1000,"height":715,"caption":"Panorama Sandstrand und Meer auf Fuerteventura"},{"@type":"BreadcrumbList","@id":"https:\/\/blog.olimar.de\/fuerteventura\/#breadcrumb","itemListElement":[{"@type":"ListItem","position":1,"name":"Home","item":"https:\/\/blog.olimar.de\/"},{"@type":"ListItem","position":2,"name":"Fuerteventura","item":"https:\/\/blog.olimar.de\/tag\/fuerteventura\/"},{"@type":"ListItem","position":3,"name":"Fuerteventura \u2013 die Insel der Winde im ewigen Fr\u00fchling"}]},{"@type":"WebSite","@id":"https:\/\/blog.olimar.de\/#website","url":"https:\/\/blog.olimar.de\/","name":"OLIMAR.com","description":"","publisher":{"@id":"https:\/\/blog.olimar.de\/#organization"},"potentialAction":[{"@type":"SearchAction","target":{"@type":"EntryPoint","urlTemplate":"https:\/\/blog.olimar.de\/?s={search_term_string}"},"query-input":{"@type":"PropertyValueSpecification","valueRequired":true,"valueName":"search_term_string"}}],"inLanguage":"de"},{"@type":"Organization","@id":"https:\/\/blog.olimar.de\/#organization","name":"OLIMAR Reisen","url":"https:\/\/blog.olimar.de\/","logo":{"@type":"ImageObject","inLanguage":"de","@id":"https:\/\/blog.olimar.de\/#\/schema\/logo\/image\/","url":"https:\/\/blog.olimar.de\/wp-content\/uploads\/2021\/01\/OLIMAR_Logo_COLOR.png","contentUrl":"https:\/\/blog.olimar.de\/wp-content\/uploads\/2021\/01\/OLIMAR_Logo_COLOR.png","width":2000,"height":986,"caption":"OLIMAR Reisen"},"image":{"@id":"https:\/\/blog.olimar.de\/#\/schema\/logo\/image\/"},"sameAs":["https:\/\/www.facebook.com\/OlimarReisen","https:\/\/x.com\/olimarrreisen","https:\/\/www.instagram.com\/olimarreisen","https:\/\/www.youtube.com\/user\/olimarreisen"]}]}},"modified_by":"Julia Windh\u00f6vel","jetpack_featured_media_url":"https:\/\/blog.olimar.de\/wp-content\/uploads\/2015\/09\/ES-Kanaren-Fuerteventura-Strand.jpg","_links":{"self":[{"href":"https:\/\/blog.olimar.de\/wp-json\/wp\/v2\/posts\/2663","targetHints":{"allow":["GET"]}}],"collection":[{"href":"https:\/\/blog.olimar.de\/wp-json\/wp\/v2\/posts"}],"about":[{"href":"https:\/\/blog.olimar.de\/wp-json\/wp\/v2\/types\/post"}],"author":[{"embeddable":true,"href":"https:\/\/blog.olimar.de\/wp-json\/wp\/v2\/users\/24"}],"replies":[{"embeddable":true,"href":"https:\/\/blog.olimar.de\/wp-json\/wp\/v2\/comments?post=2663"}],"version-history":[{"count":22,"href":"https:\/\/blog.olimar.de\/wp-json\/wp\/v2\/posts\/2663\/revisions"}],"predecessor-version":[{"id":27025,"href":"https:\/\/blog.olimar.de\/wp-json\/wp\/v2\/posts\/2663\/revisions\/27025"}],"wp:featuredmedia":[{"embeddable":true,"href":"https:\/\/blog.olimar.de\/wp-json\/wp\/v2\/media\/3030"}],"wp:attachment":[{"href":"https:\/\/blog.olimar.de\/wp-json\/wp\/v2\/media?parent=2663"}],"wp:term":[{"taxonomy":"category","embeddable":true,"href":"https:\/\/blog.olimar.de\/wp-json\/wp\/v2\/categories?post=2663"},{"taxonomy":"post_tag","embeddable":true,"href":"https:\/\/blog.olimar.de\/wp-json\/wp\/v2\/tags?post=2663"}],"curies":[{"name":"wp","href":"https:\/\/api.w.org\/{rel}","templated":true}]}}