{"id":26824,"date":"2023-11-13T13:59:00","date_gmt":"2023-11-13T12:59:00","guid":{"rendered":"https:\/\/blog.olimar.de\/?p=26824"},"modified":"2024-10-14T12:17:21","modified_gmt":"2024-10-14T11:17:21","slug":"erlebnisreisen-2024-katalog-highlights","status":"publish","type":"post","link":"https:\/\/blog.olimar.de\/erlebnisreisen-2024-katalog-highlights\/","title":{"rendered":"Lust auf Urlaub? 11 Highlights aus dem neuen \u201eErlebnisreisen 2024&#8243;-Katalog"},"content":{"rendered":"\n<p><strong>Eine der sch\u00f6nsten Arten, die freien Tage zu zelebrieren, sind unsere OLIMAR Erlebnisreisen. Es gibt wohl kaum eine Reiseform, mit der du so angenehm geplant und gleichzeitig v\u00f6llig ungezwungen das Besondere, Urspr\u00fcngliche und Authentische des&nbsp; pers\u00f6nlichen Traumreiselandes entdecken kannst.<\/strong><\/p>\n\n\n\n<p>In unserem neuen \u201e<a href=\"https:\/\/www.olimar.de\/kataloge\/\" target=\"_blank\" rel=\"noopener\">Erlebnisreisen 2024&#8243;-Katalog<\/a> findest du auf 180 Seiten zahlreiche Reiseangebote f\u00fcr einzigartige Erlebnisreisen aus <a href=\"https:\/\/www.olimar.com\/portugal\/\" target=\"_blank\" rel=\"noopener\">Portugal<\/a> (inkl. <a href=\"https:\/\/www.olimar.com\/portugal\/madeira\/\" target=\"_blank\" rel=\"noopener\">Madeira<\/a> und <a href=\"https:\/\/www.olimar.com\/portugal\/azoren\/\" target=\"_blank\" rel=\"noopener\">Azoren<\/a>), <a href=\"https:\/\/www.olimar.com\/spanien\/\" target=\"_blank\" rel=\"noopener\">Spanien<\/a>, <a href=\"https:\/\/www.olimar.com\/italien\/\" target=\"_blank\" rel=\"noopener\">Italien<\/a>, <a href=\"https:\/\/www.olimar.com\/griechenland\/\" target=\"_blank\" rel=\"noopener\">Griechenland<\/a>, <a href=\"https:\/\/www.olimar.com\/kroatien\/\" target=\"_blank\" rel=\"noopener\">Kroatien<\/a>, <a href=\"https:\/\/www.olimar.com\/malta\/\" target=\"_blank\" rel=\"noopener\">Malta<\/a> und den <a href=\"https:\/\/www.olimar.de\/kapverden\/\" target=\"_blank\" rel=\"noopener\">Kapverden<\/a>. Erg\u00e4nzt werden diese durch spannende Fakten und inspirierende Geschichten aus den Themenbereichen Kultur, Kulinarik und Geschichte, die diesem ganz besonderen Katalog das gewisse Etwas verleihen. Hier kommen elf Highlights.<\/p>\n\n\n\n<h2>1. \u201ePortugal Deluxe&#8221;<\/h2>\n\n\n\n<p>Ein Rundum-Paket der Extraklasse: Genie\u00dfe eine exklusive Gruppenreise im Minibus von der Nordmetropole <a href=\"https:\/\/www.olimar.de\/blog\/ein-tag-in-porto\/\" target=\"_blank\" rel=\"noopener\">Porto<\/a> bis an die sonnige <a href=\"https:\/\/www.olimar.de\/blog\/straende-algarve\/\" target=\"_blank\" rel=\"noopener\">Algarve<\/a>, auf der dich die sch\u00f6nsten Highlights Portugals erwarten. Nach deiner Ankunft in Porto kannst du dich nicht nur auf eine Tour durch diese wunderbare Stadt freuen, sondern auch in einem Workshop die Herstellung von Portugals ber\u00fchmten Puddingt\u00f6rtchen, den \u201ePast\u00e9is de Nata&#8221;, erlernen. \u00dcberquere die zweitgr\u00f6\u00dfte Fu\u00dfg\u00e4nger-H\u00e4ngebr\u00fccke Europas und genie\u00dfe ein Gl\u00e4schen Vinho Verde bei einer Verkostung.<\/p>\n<p>In Coimbra wird dich die Alma Mater mit ihrer goldverzierten Barockbibliothek ins Staunen versetzen, bevor es \u00fcber Batalha in die Hauptstadt <a href=\"https:\/\/www.olimar.de\/blog\/aussichtspunkte-lissabon\/\" target=\"_blank\" rel=\"noopener\">Lissabon<\/a> geht. Lasse diese facettenreiche Stadt zwischen faszinierender Geschichte und moderner, pulsierender Weltoffenheit auf dich wirken. Im Anschluss f\u00fchrt dich deine Reise in den <a href=\"https:\/\/www.olimar.de\/blog\/111-orte-im-alentejo\/\" target=\"_blank\" rel=\"noopener\">Alentejo<\/a> nach <a href=\"https:\/\/www.olimar.de\/blog\/evora\/\" target=\"_blank\" rel=\"noopener\">\u00c9vora<\/a>, wo es viel zu bestaunen und entdecken gibt. Aufgeladen mit den sch\u00f6nsten Erlebnissen und Erinnerungen deiner bisherigen Reise genie\u00dft du deine letzten Urlaubstag an der Algarve.<\/p>\n\n\n\n<figure class=\"wp-block-gallery has-nested-images columns-default is-cropped wp-block-gallery-1 is-layout-flex wp-block-gallery-is-layout-flex\">\n<figure class=\"wp-block-image size-large\"><img loading=\"lazy\" decoding=\"async\" width=\"932\" height=\"621\" data-id=\"26833\" src=\"https:\/\/blog.olimar.de\/wp-content\/uploads\/2023\/11\/PT-Nordportugal-Dourotal-c-georgekuna-Fotolia-57902262.jpg\" alt=\"Dourotal\" class=\"wp-image-26833\" srcset=\"https:\/\/blog.olimar.de\/wp-content\/uploads\/2023\/11\/PT-Nordportugal-Dourotal-c-georgekuna-Fotolia-57902262.jpg 932w, https:\/\/blog.olimar.de\/wp-content\/uploads\/2023\/11\/PT-Nordportugal-Dourotal-c-georgekuna-Fotolia-57902262-300x200.jpg 300w, https:\/\/blog.olimar.de\/wp-content\/uploads\/2023\/11\/PT-Nordportugal-Dourotal-c-georgekuna-Fotolia-57902262-768x512.jpg 768w, https:\/\/blog.olimar.de\/wp-content\/uploads\/2023\/11\/PT-Nordportugal-Dourotal-c-georgekuna-Fotolia-57902262-840x560.jpg 840w\" sizes=\"auto, (max-width: 932px) 100vw, 932px\" \/><\/figure>\n\n\n\n<figure class=\"wp-block-image size-large\"><img loading=\"lazy\" decoding=\"async\" width=\"1024\" height=\"772\" data-id=\"26835\" src=\"https:\/\/blog.olimar.de\/wp-content\/uploads\/2023\/11\/PT-Mittelportugal-Batalha-MonasterySantaMariadaVitoria-c-Oleg_Znamenskiy-shutterstock-1024x772.jpg\" alt=\"Batalha Kloster\" class=\"wp-image-26835\" srcset=\"https:\/\/blog.olimar.de\/wp-content\/uploads\/2023\/11\/PT-Mittelportugal-Batalha-MonasterySantaMariadaVitoria-c-Oleg_Znamenskiy-shutterstock-1024x772.jpg 1024w, https:\/\/blog.olimar.de\/wp-content\/uploads\/2023\/11\/PT-Mittelportugal-Batalha-MonasterySantaMariadaVitoria-c-Oleg_Znamenskiy-shutterstock-300x226.jpg 300w, https:\/\/blog.olimar.de\/wp-content\/uploads\/2023\/11\/PT-Mittelportugal-Batalha-MonasterySantaMariadaVitoria-c-Oleg_Znamenskiy-shutterstock-768x579.jpg 768w, https:\/\/blog.olimar.de\/wp-content\/uploads\/2023\/11\/PT-Mittelportugal-Batalha-MonasterySantaMariadaVitoria-c-Oleg_Znamenskiy-shutterstock.jpg 1433w\" sizes=\"auto, (max-width: 1024px) 100vw, 1024px\" \/><\/figure>\n\n\n\n<figure class=\"wp-block-image size-large\"><img loading=\"lazy\" decoding=\"async\" width=\"900\" height=\"600\" data-id=\"26225\" src=\"https:\/\/blog.olimar.de\/wp-content\/uploads\/2023\/07\/PT-Lissabon-Skyline-c-SeanPavonePhoto-fotolia-78707930_M.webp\" alt=\"Skyline Lissabons\" class=\"wp-image-26225\" srcset=\"https:\/\/blog.olimar.de\/wp-content\/uploads\/2023\/07\/PT-Lissabon-Skyline-c-SeanPavonePhoto-fotolia-78707930_M.webp 900w, https:\/\/blog.olimar.de\/wp-content\/uploads\/2023\/07\/PT-Lissabon-Skyline-c-SeanPavonePhoto-fotolia-78707930_M-300x200.webp 300w, https:\/\/blog.olimar.de\/wp-content\/uploads\/2023\/07\/PT-Lissabon-Skyline-c-SeanPavonePhoto-fotolia-78707930_M-768x512.webp 768w, https:\/\/blog.olimar.de\/wp-content\/uploads\/2023\/07\/PT-Lissabon-Skyline-c-SeanPavonePhoto-fotolia-78707930_M-840x560.webp 840w\" sizes=\"auto, (max-width: 900px) 100vw, 900px\" \/><\/figure>\n\n\n\n<figure class=\"wp-block-image size-large\"><img loading=\"lazy\" decoding=\"async\" width=\"1024\" height=\"671\" data-id=\"26834\" src=\"https:\/\/blog.olimar.de\/wp-content\/uploads\/2023\/11\/Bildschirm\u00adfoto-2023-11-09-um-13.04.36-1024x671.png\" alt=\"Karte Rundreise Portugal\" class=\"wp-image-26834\" srcset=\"https:\/\/blog.olimar.de\/wp-content\/uploads\/2023\/11\/Bildschirm\u00adfoto-2023-11-09-um-13.04.36-1024x671.png 1024w, https:\/\/blog.olimar.de\/wp-content\/uploads\/2023\/11\/Bildschirm\u00adfoto-2023-11-09-um-13.04.36-300x196.png 300w, https:\/\/blog.olimar.de\/wp-content\/uploads\/2023\/11\/Bildschirm\u00adfoto-2023-11-09-um-13.04.36-768x503.png 768w, https:\/\/blog.olimar.de\/wp-content\/uploads\/2023\/11\/Bildschirm\u00adfoto-2023-11-09-um-13.04.36.png 1194w\" sizes=\"auto, (max-width: 1024px) 100vw, 1024px\" \/><\/figure>\n<\/figure>\n\n\n\n<div style=\"height:15px\" aria-hidden=\"true\" class=\"wp-block-spacer\"><\/div>\n\n\n\n<div class=\"wp-block-buttons is-layout-flex wp-block-buttons-is-layout-flex\">\n<div class=\"wp-block-button\"><a class=\"wp-block-button__link wp-element-button\" href=\"https:\/\/www.olimar.com\/opox41\/\" target=\"_blank\" rel=\"noreferrer noopener\">Mehr Infos &amp; Buchung<\/a><\/div>\n<\/div>\n\n\n\n<h2>2. \u201eExklusive Wellness- und Gourmetwoche auf Madeira&#8221;<\/h2>\n\n\n\n<p>Diese Mietwagen-Erlebnisreise bietet eine Kombination aus h\u00f6chstem Genuss f\u00fcr Auge und Gaumen sowie Ruhe und Erholung in stilvollen, hoteleigenen Wellnessbereichen der besten Hotels der \u201eSavoy Signature&#8221;-Gruppe. Freue dich auf eine Tea-Time-Zeremonie, verkoste hervorragende Weine und erlebe zwei unvergessliche 5-G\u00e4nge-Gourmetmen\u00fcs in den Spitzenrestaurants deiner Unterk\u00fcnfte. Entspannung und Genuss in einem luxuri\u00f6sen Ambiente sowie Natur pur werden auf dieser Reise gro\u00dfgeschrieben!<\/p>\n\n\n\n<figure class=\"wp-block-gallery has-nested-images columns-default is-cropped wp-block-gallery-2 is-layout-flex wp-block-gallery-is-layout-flex\">\n<figure class=\"wp-block-image size-large\"><img loading=\"lazy\" decoding=\"async\" width=\"1024\" height=\"657\" data-id=\"26837\" src=\"https:\/\/blog.olimar.de\/wp-content\/uploads\/2023\/11\/FNC176-w-LaureaSpa2019B-1024x657.jpg\" alt=\"Hotelpool im Spabereich\" class=\"wp-image-26837\" srcset=\"https:\/\/blog.olimar.de\/wp-content\/uploads\/2023\/11\/FNC176-w-LaureaSpa2019B-1024x657.jpg 1024w, https:\/\/blog.olimar.de\/wp-content\/uploads\/2023\/11\/FNC176-w-LaureaSpa2019B-300x193.jpg 300w, https:\/\/blog.olimar.de\/wp-content\/uploads\/2023\/11\/FNC176-w-LaureaSpa2019B-768x493.jpg 768w, https:\/\/blog.olimar.de\/wp-content\/uploads\/2023\/11\/FNC176-w-LaureaSpa2019B-1536x986.jpg 1536w, https:\/\/blog.olimar.de\/wp-content\/uploads\/2023\/11\/FNC176-w-LaureaSpa2019B.jpg 1683w\" sizes=\"auto, (max-width: 1024px) 100vw, 1024px\" \/><\/figure>\n\n\n\n<figure class=\"wp-block-image size-large\"><img loading=\"lazy\" decoding=\"async\" width=\"930\" height=\"621\" data-id=\"26839\" src=\"https:\/\/blog.olimar.de\/wp-content\/uploads\/2023\/11\/FNC319-p-PoolB.jpg\" alt=\"Infinity Pool\" class=\"wp-image-26839\" srcset=\"https:\/\/blog.olimar.de\/wp-content\/uploads\/2023\/11\/FNC319-p-PoolB.jpg 930w, https:\/\/blog.olimar.de\/wp-content\/uploads\/2023\/11\/FNC319-p-PoolB-300x200.jpg 300w, https:\/\/blog.olimar.de\/wp-content\/uploads\/2023\/11\/FNC319-p-PoolB-768x513.jpg 768w, https:\/\/blog.olimar.de\/wp-content\/uploads\/2023\/11\/FNC319-p-PoolB-840x560.jpg 840w\" sizes=\"auto, (max-width: 930px) 100vw, 930px\" \/><\/figure>\n\n\n\n<figure class=\"wp-block-image size-large\"><img loading=\"lazy\" decoding=\"async\" width=\"931\" height=\"621\" data-id=\"26838\" src=\"https:\/\/blog.olimar.de\/wp-content\/uploads\/2023\/11\/FNC319-r-AlambiqueRestaurantA.jpg\" alt=\"Restaurant\" class=\"wp-image-26838\" srcset=\"https:\/\/blog.olimar.de\/wp-content\/uploads\/2023\/11\/FNC319-r-AlambiqueRestaurantA.jpg 931w, https:\/\/blog.olimar.de\/wp-content\/uploads\/2023\/11\/FNC319-r-AlambiqueRestaurantA-300x200.jpg 300w, https:\/\/blog.olimar.de\/wp-content\/uploads\/2023\/11\/FNC319-r-AlambiqueRestaurantA-768x512.jpg 768w, https:\/\/blog.olimar.de\/wp-content\/uploads\/2023\/11\/FNC319-r-AlambiqueRestaurantA-840x560.jpg 840w\" sizes=\"auto, (max-width: 931px) 100vw, 931px\" \/><\/figure>\n\n\n\n<figure class=\"wp-block-image size-large\"><img loading=\"lazy\" decoding=\"async\" width=\"1024\" height=\"660\" data-id=\"26840\" src=\"https:\/\/blog.olimar.de\/wp-content\/uploads\/2023\/11\/Bildschirm\u00adfoto-2023-11-09-um-13.30.09-1024x660.png\" alt=\"Karte Rundreise Madeira\" class=\"wp-image-26840\" srcset=\"https:\/\/blog.olimar.de\/wp-content\/uploads\/2023\/11\/Bildschirm\u00adfoto-2023-11-09-um-13.30.09-1024x660.png 1024w, https:\/\/blog.olimar.de\/wp-content\/uploads\/2023\/11\/Bildschirm\u00adfoto-2023-11-09-um-13.30.09-300x193.png 300w, https:\/\/blog.olimar.de\/wp-content\/uploads\/2023\/11\/Bildschirm\u00adfoto-2023-11-09-um-13.30.09-768x495.png 768w, https:\/\/blog.olimar.de\/wp-content\/uploads\/2023\/11\/Bildschirm\u00adfoto-2023-11-09-um-13.30.09.png 1214w\" sizes=\"auto, (max-width: 1024px) 100vw, 1024px\" \/><\/figure>\n<\/figure>\n\n\n\n<div style=\"height:15px\" aria-hidden=\"true\" class=\"wp-block-spacer\"><\/div>\n\n\n\n<div class=\"wp-block-buttons is-layout-flex wp-block-buttons-is-layout-flex\">\n<div class=\"wp-block-button\"><a class=\"wp-block-button__link wp-element-button\" href=\"https:\/\/www.olimar.com\/fncr14\/\" target=\"_blank\" rel=\"noreferrer noopener\">Mehr Infos &amp; Buchung<\/a><\/div>\n<\/div>\n\n\n\n<h2>3. \u201eDie gro\u00dfe Azoren-Rundreise&#8221;<\/h2>\n\n\n\n<p>Auf dieser individuellen Mietwagenreise lernst du innerhalb von elf Tagen die f\u00fcnf bedeutendsten Inseln der Azoren kennen: <a href=\"https:\/\/www.olimar.com\/portugal\/azoren\/sao-miguel\/\" target=\"_blank\" rel=\"noopener\">S\u00e3o Miguel<\/a>, <a href=\"https:\/\/www.olimar.com\/portugal\/azoren\/sao-jorge\/\" target=\"_blank\" rel=\"noopener\">S\u00e3o Jorge<\/a>, <a href=\"https:\/\/www.olimar.com\/portugal\/azoren\/faial\/\" target=\"_blank\" rel=\"noopener\">Faial<\/a>, <a href=\"https:\/\/www.olimar.com\/portugal\/azoren\/pico\/\" target=\"_blank\" rel=\"noopener\">Pico<\/a> und <a href=\"https:\/\/www.olimar.com\/portugal\/azoren\/terceira\/\" target=\"_blank\" rel=\"noopener\">Terceira<\/a> sind gut untereinander vernetzt, sodass ein Besuch aller f\u00fcnf auch mit relativ wenig Zeit problemlos m\u00f6glich ist.<\/p>\n<p>Freuen dich auf wirklich einzigartige Naturerlebnisse! Bestaune die ber\u00fchmten Kraterseen und hei\u00dfen Schwefelquellen auf S\u00e3o Miguel und erkunde Europas letzte Teeplantage. Lasse die Landschaft von S\u00e3o Jorge auf dich wirken: Die gr\u00fcne Steilk\u00fcste und die einzigartige Natur werden dich verzaubern. Auf Pico erwartet dich neben dem ber\u00fchmten Vulkan schwarze Lavafelder und ein Walfangmuseum. Auf Faial genie\u00dft du auf Wunsch den klassischen Gin Tonic im weltber\u00fchmten \u201ePeter Caf\u00e9 Sport&#8221;. Auf Terceira empfehlen wir dir eine Inselrundfahrt sowie einen Besuch im Weinmuseum. Auch das historische Stadtzentrum von Angra do Hero\u00edsmo ist einen Ausflug wert!<\/p>\n<p>Von ausgew\u00e4hlten Unterk\u00fcnften \u00fcber Inlandsfl\u00fcge bis hin zu F\u00e4hrtickets, Mietwagen auf jeder Insel und vielem mehr ist bei dieser Reise f\u00fcr alles gesorgt und das meiste bereits im Preis inkludiert. So hast du genug Zeit, um dich auf die \u00fcberw\u00e4ltigende Sch\u00f6nheit dieses wirklich besonderen Reiseziels einzulassen.<\/p>\n\n\n\n<figure class=\"wp-block-gallery has-nested-images columns-default is-cropped wp-block-gallery-3 is-layout-flex wp-block-gallery-is-layout-flex\">\n<figure class=\"wp-block-image size-large\"><img loading=\"lazy\" decoding=\"async\" width=\"1000\" height=\"667\" data-id=\"26844\" src=\"https:\/\/blog.olimar.de\/wp-content\/uploads\/2023\/11\/PT-Azoren-SaoMiguel-CoastalPathHortensien-c-peresanz-shutterstock-407231290.jpg\" alt=\"Wanderweg\" class=\"wp-image-26844\" srcset=\"https:\/\/blog.olimar.de\/wp-content\/uploads\/2023\/11\/PT-Azoren-SaoMiguel-CoastalPathHortensien-c-peresanz-shutterstock-407231290.jpg 1000w, https:\/\/blog.olimar.de\/wp-content\/uploads\/2023\/11\/PT-Azoren-SaoMiguel-CoastalPathHortensien-c-peresanz-shutterstock-407231290-300x200.jpg 300w, https:\/\/blog.olimar.de\/wp-content\/uploads\/2023\/11\/PT-Azoren-SaoMiguel-CoastalPathHortensien-c-peresanz-shutterstock-407231290-768x512.jpg 768w, https:\/\/blog.olimar.de\/wp-content\/uploads\/2023\/11\/PT-Azoren-SaoMiguel-CoastalPathHortensien-c-peresanz-shutterstock-407231290-840x560.jpg 840w\" sizes=\"auto, (max-width: 1000px) 100vw, 1000px\" \/><\/figure>\n\n\n\n<figure class=\"wp-block-image size-large\"><img loading=\"lazy\" decoding=\"async\" width=\"1024\" height=\"768\" data-id=\"26846\" src=\"https:\/\/blog.olimar.de\/wp-content\/uploads\/2023\/11\/PT-Azoren-SaoMiguel-LagoadasSeteCidades-c-Pat_Santos-shutterstock-1024x768.jpg\" alt=\"Sete Cidades Kratersee\" class=\"wp-image-26846\" srcset=\"https:\/\/blog.olimar.de\/wp-content\/uploads\/2023\/11\/PT-Azoren-SaoMiguel-LagoadasSeteCidades-c-Pat_Santos-shutterstock-1024x768.jpg 1024w, https:\/\/blog.olimar.de\/wp-content\/uploads\/2023\/11\/PT-Azoren-SaoMiguel-LagoadasSeteCidades-c-Pat_Santos-shutterstock-300x225.jpg 300w, https:\/\/blog.olimar.de\/wp-content\/uploads\/2023\/11\/PT-Azoren-SaoMiguel-LagoadasSeteCidades-c-Pat_Santos-shutterstock-768x576.jpg 768w, https:\/\/blog.olimar.de\/wp-content\/uploads\/2023\/11\/PT-Azoren-SaoMiguel-LagoadasSeteCidades-c-Pat_Santos-shutterstock.jpg 1440w\" sizes=\"auto, (max-width: 1024px) 100vw, 1024px\" \/><\/figure>\n\n\n\n<figure class=\"wp-block-image size-large\"><img loading=\"lazy\" decoding=\"async\" width=\"933\" height=\"621\" data-id=\"26845\" src=\"https:\/\/blog.olimar.de\/wp-content\/uploads\/2023\/11\/PT-Azoren-Terceira-AngraDoHeroismo-BayView-c-Visitazores.jpg\" alt=\"Angra do Hero\u00edsmo\" class=\"wp-image-26845\" srcset=\"https:\/\/blog.olimar.de\/wp-content\/uploads\/2023\/11\/PT-Azoren-Terceira-AngraDoHeroismo-BayView-c-Visitazores.jpg 933w, https:\/\/blog.olimar.de\/wp-content\/uploads\/2023\/11\/PT-Azoren-Terceira-AngraDoHeroismo-BayView-c-Visitazores-300x200.jpg 300w, https:\/\/blog.olimar.de\/wp-content\/uploads\/2023\/11\/PT-Azoren-Terceira-AngraDoHeroismo-BayView-c-Visitazores-768x511.jpg 768w, https:\/\/blog.olimar.de\/wp-content\/uploads\/2023\/11\/PT-Azoren-Terceira-AngraDoHeroismo-BayView-c-Visitazores-840x560.jpg 840w\" sizes=\"auto, (max-width: 933px) 100vw, 933px\" \/><\/figure>\n\n\n\n<figure class=\"wp-block-image size-large\"><img loading=\"lazy\" decoding=\"async\" width=\"1024\" height=\"762\" data-id=\"26843\" src=\"https:\/\/blog.olimar.de\/wp-content\/uploads\/2023\/11\/PDLR05-k-202008-1024x762.jpg\" alt=\"Karte Rundreise Azoren\" class=\"wp-image-26843\" srcset=\"https:\/\/blog.olimar.de\/wp-content\/uploads\/2023\/11\/PDLR05-k-202008-1024x762.jpg 1024w, https:\/\/blog.olimar.de\/wp-content\/uploads\/2023\/11\/PDLR05-k-202008-300x223.jpg 300w, https:\/\/blog.olimar.de\/wp-content\/uploads\/2023\/11\/PDLR05-k-202008-768x571.jpg 768w, https:\/\/blog.olimar.de\/wp-content\/uploads\/2023\/11\/PDLR05-k-202008.jpg 1452w\" sizes=\"auto, (max-width: 1024px) 100vw, 1024px\" \/><\/figure>\n<\/figure>\n\n\n\n<div style=\"height:15px\" aria-hidden=\"true\" class=\"wp-block-spacer\"><\/div>\n\n\n\n<div class=\"wp-block-buttons is-layout-flex wp-block-buttons-is-layout-flex\">\n<div class=\"wp-block-button\"><a class=\"wp-block-button__link wp-element-button\" href=\"https:\/\/www.olimar.com\/pdlx05\/\" target=\"_blank\" rel=\"noreferrer noopener\">Mehr Infos &amp; Buchung<\/a><\/div>\n<\/div>\n\n\n\n<h2>4. \u201eDer Bilbao Effekt&#8221;<\/h2>\n\n\n\n<p>Frank Gehrys Meisterwerk der dekonstruktivistischen Baukunst ist der unschlagbare Besuchermagnet, aber l\u00e4ngst nicht der einzige Grund f\u00fcr eine Reise nach <a href=\"https:\/\/www.olimar.de\/blog\/ein-tag-in-bilbao\/\" target=\"_blank\" rel=\"noopener\">Bilbao<\/a>. Lasse dich am Ufer des Nervi\u00f3n von den wahrgewordenen Visionen internationaler Stararchitekten \u00fcberraschen, flaniere auf Boulevards mit prachtvollen Bauten von Belle \u00c9poque bis Art Deco und genie\u00dfe 4-Sterne-Komfort im Herzen der Stadt \u2013 und nat\u00fcrlich Pintxos, die nordspanische Antwort auf Tapas.<\/p>\n\n\n\n<figure class=\"wp-block-gallery has-nested-images columns-default is-cropped wp-block-gallery-4 is-layout-flex wp-block-gallery-is-layout-flex\">\n<figure class=\"wp-block-image size-large\"><img loading=\"lazy\" decoding=\"async\" width=\"1024\" height=\"607\" data-id=\"26849\" src=\"https:\/\/blog.olimar.de\/wp-content\/uploads\/2023\/11\/ES-Baskenland-Bilbao-Guggenheim2018-1024x607.jpg\" alt=\"Guggenheim Museum\" class=\"wp-image-26849\" srcset=\"https:\/\/blog.olimar.de\/wp-content\/uploads\/2023\/11\/ES-Baskenland-Bilbao-Guggenheim2018-1024x607.jpg 1024w, https:\/\/blog.olimar.de\/wp-content\/uploads\/2023\/11\/ES-Baskenland-Bilbao-Guggenheim2018-300x178.jpg 300w, https:\/\/blog.olimar.de\/wp-content\/uploads\/2023\/11\/ES-Baskenland-Bilbao-Guggenheim2018-768x455.jpg 768w, https:\/\/blog.olimar.de\/wp-content\/uploads\/2023\/11\/ES-Baskenland-Bilbao-Guggenheim2018-1536x910.jpg 1536w, https:\/\/blog.olimar.de\/wp-content\/uploads\/2023\/11\/ES-Baskenland-Bilbao-Guggenheim2018.jpg 1822w\" sizes=\"auto, (max-width: 1024px) 100vw, 1024px\" \/><\/figure>\n\n\n\n<figure class=\"wp-block-image size-large\"><img loading=\"lazy\" decoding=\"async\" width=\"1024\" height=\"614\" data-id=\"26847\" src=\"https:\/\/blog.olimar.de\/wp-content\/uploads\/2023\/11\/BIO114-a-Terrace2021-1024x614.jpg\" alt=\"Hotelterrasse\" class=\"wp-image-26847\" srcset=\"https:\/\/blog.olimar.de\/wp-content\/uploads\/2023\/11\/BIO114-a-Terrace2021-1024x614.jpg 1024w, https:\/\/blog.olimar.de\/wp-content\/uploads\/2023\/11\/BIO114-a-Terrace2021-300x180.jpg 300w, https:\/\/blog.olimar.de\/wp-content\/uploads\/2023\/11\/BIO114-a-Terrace2021-768x461.jpg 768w, https:\/\/blog.olimar.de\/wp-content\/uploads\/2023\/11\/BIO114-a-Terrace2021-1536x922.jpg 1536w, https:\/\/blog.olimar.de\/wp-content\/uploads\/2023\/11\/BIO114-a-Terrace2021.jpg 1800w\" sizes=\"auto, (max-width: 1024px) 100vw, 1024px\" \/><\/figure>\n\n\n\n<figure class=\"wp-block-image size-large\"><img loading=\"lazy\" decoding=\"async\" width=\"1024\" height=\"683\" data-id=\"26848\" src=\"https:\/\/blog.olimar.de\/wp-content\/uploads\/2023\/11\/ES-Baskenland-Bilbao-Panorama2022-c-Bilbao_Turismo-1024x683.jpg\" alt=\"Blick auf Bilbao\" class=\"wp-image-26848\" srcset=\"https:\/\/blog.olimar.de\/wp-content\/uploads\/2023\/11\/ES-Baskenland-Bilbao-Panorama2022-c-Bilbao_Turismo-1024x683.jpg 1024w, https:\/\/blog.olimar.de\/wp-content\/uploads\/2023\/11\/ES-Baskenland-Bilbao-Panorama2022-c-Bilbao_Turismo-300x200.jpg 300w, https:\/\/blog.olimar.de\/wp-content\/uploads\/2023\/11\/ES-Baskenland-Bilbao-Panorama2022-c-Bilbao_Turismo-768x512.jpg 768w, https:\/\/blog.olimar.de\/wp-content\/uploads\/2023\/11\/ES-Baskenland-Bilbao-Panorama2022-c-Bilbao_Turismo-1536x1025.jpg 1536w, https:\/\/blog.olimar.de\/wp-content\/uploads\/2023\/11\/ES-Baskenland-Bilbao-Panorama2022-c-Bilbao_Turismo-840x560.jpg 840w, https:\/\/blog.olimar.de\/wp-content\/uploads\/2023\/11\/ES-Baskenland-Bilbao-Panorama2022-c-Bilbao_Turismo-1200x800.jpg 1200w, https:\/\/blog.olimar.de\/wp-content\/uploads\/2023\/11\/ES-Baskenland-Bilbao-Panorama2022-c-Bilbao_Turismo.jpg 1619w\" sizes=\"auto, (max-width: 1024px) 100vw, 1024px\" \/><\/figure>\n<\/figure>\n\n\n\n<div style=\"height:15px\" aria-hidden=\"true\" class=\"wp-block-spacer\"><\/div>\n\n\n\n<div class=\"wp-block-buttons is-layout-flex wp-block-buttons-is-layout-flex\">\n<div class=\"wp-block-button\"><a class=\"wp-block-button__link wp-element-button\" href=\"https:\/\/www.olimar.com\/biox12\/\" target=\"_blank\" rel=\"noreferrer noopener\">Mehr Infos &amp; Buchung<\/a><\/div>\n<\/div>\n\n\n\n<h2>5. \u201eIm siebsten Himmel auf La Gomera&#8221;<\/h2>\n\n\n\n<p>Klein, aber gewaltig: <a href=\"https:\/\/www.olimar.com\/spanien\/kanaren\/la-gomera\/\" target=\"_blank\" rel=\"noopener\">La Gomera<\/a>, etwa so gro\u00df wie Usedom, strahlt eine ganz besondere Magie aus. Dank der \u00f6kologischen und geologischen Vielfalt ist die Insel UNESCO-Biosph\u00e4renreservat. Entdecke mit uns die zweitkleinste <a href=\"https:\/\/www.olimar.com\/spanien\/kanaren\/\" target=\"_blank\" rel=\"noopener\">Kanaren<\/a>-Insel im Rahmen dieser Aktivreise mit Standort an der sonnigen Westk\u00fcste! Vom beliebten Urlaubsort Valle Gran Rey ist es nicht weit bis zu den nebelverhangenen Lorbeerw\u00e4ldern mit ihren uralten, von Moosen und Flechten \u00fcberzogenen B\u00e4umen. Rund um den 1.487 m hohen Pico de Garajonay und auf dem Skywalk an der Nordk\u00fcste kannst du deinen Blick \u00fcber die Wolken und den Ozean schweifen lassen.<\/p>\n<p>Die Wanderreise mit sieben \u00dcbernachtungen direkt am Meer beinhaltet eine Inselrundfahrt und vier gef\u00fchrte Wanderungen. In kleinen Gruppen (max. 18 Teilnehmer) \u2013 gef\u00fchrt von qualifizierten, deutschsprachigen Guides, die dich mit Insiderwissen versorgen \u2013 stehen neben Natur auch Geselligkeit, Erholung und Spa\u00df im Vordergrund. Du lernst Land und Leute kennen, erhlst Einblicke in Botanik, Geologie und Geschichte. Alle Touren starten morgens gleich gegen\u00fcber vom Hotel. Jeweils ab 17 Uhr sowie an einem freien Tag hast du Zeit f\u00fcr Entspannung am Lavastrand und Hotelpool.<\/p>\n\n\n\n<figure class=\"wp-block-gallery has-nested-images columns-default is-cropped wp-block-gallery-5 is-layout-flex wp-block-gallery-is-layout-flex\">\n<figure class=\"wp-block-image size-large\"><img loading=\"lazy\" decoding=\"async\" width=\"1024\" height=\"683\" data-id=\"26852\" src=\"https:\/\/blog.olimar.de\/wp-content\/uploads\/2023\/11\/ES-Kanaren-LaGomera-AguloTeide-138477566-fotolia17-c-TK-1024x683.jpg\" alt=\"Bergblick \u00fcber Stadt und Meer\" class=\"wp-image-26852\" srcset=\"https:\/\/blog.olimar.de\/wp-content\/uploads\/2023\/11\/ES-Kanaren-LaGomera-AguloTeide-138477566-fotolia17-c-TK-1024x683.jpg 1024w, https:\/\/blog.olimar.de\/wp-content\/uploads\/2023\/11\/ES-Kanaren-LaGomera-AguloTeide-138477566-fotolia17-c-TK-300x200.jpg 300w, https:\/\/blog.olimar.de\/wp-content\/uploads\/2023\/11\/ES-Kanaren-LaGomera-AguloTeide-138477566-fotolia17-c-TK-768x512.jpg 768w, https:\/\/blog.olimar.de\/wp-content\/uploads\/2023\/11\/ES-Kanaren-LaGomera-AguloTeide-138477566-fotolia17-c-TK-1536x1024.jpg 1536w, https:\/\/blog.olimar.de\/wp-content\/uploads\/2023\/11\/ES-Kanaren-LaGomera-AguloTeide-138477566-fotolia17-c-TK-840x560.jpg 840w, https:\/\/blog.olimar.de\/wp-content\/uploads\/2023\/11\/ES-Kanaren-LaGomera-AguloTeide-138477566-fotolia17-c-TK-1200x800.jpg 1200w, https:\/\/blog.olimar.de\/wp-content\/uploads\/2023\/11\/ES-Kanaren-LaGomera-AguloTeide-138477566-fotolia17-c-TK.jpg 1620w\" sizes=\"auto, (max-width: 1024px) 100vw, 1024px\" \/><\/figure>\n\n\n\n<figure class=\"wp-block-image size-large\"><img loading=\"lazy\" decoding=\"async\" width=\"931\" height=\"621\" data-id=\"26850\" src=\"https:\/\/blog.olimar.de\/wp-content\/uploads\/2023\/11\/GMZ106-p-PoolSeaviewA.jpg\" alt=\"Hotelpool\" class=\"wp-image-26850\" srcset=\"https:\/\/blog.olimar.de\/wp-content\/uploads\/2023\/11\/GMZ106-p-PoolSeaviewA.jpg 931w, https:\/\/blog.olimar.de\/wp-content\/uploads\/2023\/11\/GMZ106-p-PoolSeaviewA-300x200.jpg 300w, https:\/\/blog.olimar.de\/wp-content\/uploads\/2023\/11\/GMZ106-p-PoolSeaviewA-768x512.jpg 768w, https:\/\/blog.olimar.de\/wp-content\/uploads\/2023\/11\/GMZ106-p-PoolSeaviewA-840x560.jpg 840w\" sizes=\"auto, (max-width: 931px) 100vw, 931px\" \/><\/figure>\n\n\n\n<figure class=\"wp-block-image size-large\"><img loading=\"lazy\" decoding=\"async\" width=\"1024\" height=\"682\" data-id=\"26851\" src=\"https:\/\/blog.olimar.de\/wp-content\/uploads\/2023\/11\/ES-Kanaren-LaGomera-ElCedro2019-1024x682.jpg\" alt=\"Wanderweg\" class=\"wp-image-26851\" srcset=\"https:\/\/blog.olimar.de\/wp-content\/uploads\/2023\/11\/ES-Kanaren-LaGomera-ElCedro2019-1024x682.jpg 1024w, https:\/\/blog.olimar.de\/wp-content\/uploads\/2023\/11\/ES-Kanaren-LaGomera-ElCedro2019-300x200.jpg 300w, https:\/\/blog.olimar.de\/wp-content\/uploads\/2023\/11\/ES-Kanaren-LaGomera-ElCedro2019-768x512.jpg 768w, https:\/\/blog.olimar.de\/wp-content\/uploads\/2023\/11\/ES-Kanaren-LaGomera-ElCedro2019-1536x1023.jpg 1536w, https:\/\/blog.olimar.de\/wp-content\/uploads\/2023\/11\/ES-Kanaren-LaGomera-ElCedro2019-840x560.jpg 840w, https:\/\/blog.olimar.de\/wp-content\/uploads\/2023\/11\/ES-Kanaren-LaGomera-ElCedro2019-1200x800.jpg 1200w, https:\/\/blog.olimar.de\/wp-content\/uploads\/2023\/11\/ES-Kanaren-LaGomera-ElCedro2019.jpg 1621w\" sizes=\"auto, (max-width: 1024px) 100vw, 1024px\" \/><\/figure>\n<\/figure>\n\n\n\n<div style=\"height:15px\" aria-hidden=\"true\" class=\"wp-block-spacer\"><\/div>\n\n\n\n<div class=\"wp-block-buttons is-layout-flex wp-block-buttons-is-layout-flex\">\n<div class=\"wp-block-button\"><a class=\"wp-block-button__link wp-element-button\" href=\"https:\/\/www.olimar.com\/gmzr01\/\" target=\"_blank\" rel=\"noreferrer noopener\">Mehr Infos &amp; Buchung<\/a><\/div>\n<\/div>\n\n\n\n<h2>6. \u201eSlow Umbria \u2013 Umbriens ganze Vielfalt&#8221;<\/h2>\n\n\n\n<p>Auf dieser Reise stehen alle Zeichen auf Slow-Tourismus \u2013 ganz im Sinne der Nachhaltigkeit und Wertsch\u00e4tzung des Gastlandes. Genie\u00dfe sechs Tage in <a href=\"https:\/\/www.olimar.com\/italien\/umbrien\/\" target=\"_blank\" rel=\"noopener\">Umbrien<\/a>, mit Unterk\u00fcnften in einem Agriturismo bei Assisi und in einem kleinen Charmehotel in Spoleto.<\/p>\n<p>Freue dich auf die umbrische Slow-Food K\u00fcche, die du bei einem Kochkurs kennenlernen kannst sowie auf eine private F\u00fchrung in Assisi. Au\u00dfer der mittelalterlichen Universit\u00e4tsstadt Perugia wirst du auch kleinere sehenswerte Orte wie Gubbio oder Bevagna entdecken.<\/p>\n\n\n\n<figure class=\"wp-block-gallery has-nested-images columns-default is-cropped wp-block-gallery-6 is-layout-flex wp-block-gallery-is-layout-flex\">\n<figure class=\"wp-block-image size-large\"><img loading=\"lazy\" decoding=\"async\" width=\"1024\" height=\"682\" data-id=\"26856\" src=\"https:\/\/blog.olimar.de\/wp-content\/uploads\/2023\/11\/IT-Umbrien-Spoleto-c-alerioMei-shutterstock2020-490148305-1024x682.jpg\" alt=\"Burg\" class=\"wp-image-26856\" srcset=\"https:\/\/blog.olimar.de\/wp-content\/uploads\/2023\/11\/IT-Umbrien-Spoleto-c-alerioMei-shutterstock2020-490148305-1024x682.jpg 1024w, https:\/\/blog.olimar.de\/wp-content\/uploads\/2023\/11\/IT-Umbrien-Spoleto-c-alerioMei-shutterstock2020-490148305-300x200.jpg 300w, https:\/\/blog.olimar.de\/wp-content\/uploads\/2023\/11\/IT-Umbrien-Spoleto-c-alerioMei-shutterstock2020-490148305-768x511.jpg 768w, https:\/\/blog.olimar.de\/wp-content\/uploads\/2023\/11\/IT-Umbrien-Spoleto-c-alerioMei-shutterstock2020-490148305-1536x1023.jpg 1536w, https:\/\/blog.olimar.de\/wp-content\/uploads\/2023\/11\/IT-Umbrien-Spoleto-c-alerioMei-shutterstock2020-490148305-840x560.jpg 840w, https:\/\/blog.olimar.de\/wp-content\/uploads\/2023\/11\/IT-Umbrien-Spoleto-c-alerioMei-shutterstock2020-490148305-1200x800.jpg 1200w, https:\/\/blog.olimar.de\/wp-content\/uploads\/2023\/11\/IT-Umbrien-Spoleto-c-alerioMei-shutterstock2020-490148305.jpg 1622w\" sizes=\"auto, (max-width: 1024px) 100vw, 1024px\" \/><\/figure>\n\n\n\n<figure class=\"wp-block-image size-large\"><img loading=\"lazy\" decoding=\"async\" width=\"1000\" height=\"659\" data-id=\"26854\" src=\"https:\/\/blog.olimar.de\/wp-content\/uploads\/2023\/11\/IT-Umbrien-Assisi-c-55965835-LianeM-Fotolia.jpg\" alt=\"Blick auf Stadt\" class=\"wp-image-26854\" srcset=\"https:\/\/blog.olimar.de\/wp-content\/uploads\/2023\/11\/IT-Umbrien-Assisi-c-55965835-LianeM-Fotolia.jpg 1000w, https:\/\/blog.olimar.de\/wp-content\/uploads\/2023\/11\/IT-Umbrien-Assisi-c-55965835-LianeM-Fotolia-300x198.jpg 300w, https:\/\/blog.olimar.de\/wp-content\/uploads\/2023\/11\/IT-Umbrien-Assisi-c-55965835-LianeM-Fotolia-768x506.jpg 768w\" sizes=\"auto, (max-width: 1000px) 100vw, 1000px\" \/><\/figure>\n\n\n\n<figure class=\"wp-block-image size-large\"><img loading=\"lazy\" decoding=\"async\" width=\"1000\" height=\"667\" data-id=\"26855\" src=\"https:\/\/blog.olimar.de\/wp-content\/uploads\/2023\/11\/IT-Umbrien-MarmoresFalls-c-MattiaATH-shutterstock-106518188.jpg\" alt=\"Wasserfall\" class=\"wp-image-26855\" srcset=\"https:\/\/blog.olimar.de\/wp-content\/uploads\/2023\/11\/IT-Umbrien-MarmoresFalls-c-MattiaATH-shutterstock-106518188.jpg 1000w, https:\/\/blog.olimar.de\/wp-content\/uploads\/2023\/11\/IT-Umbrien-MarmoresFalls-c-MattiaATH-shutterstock-106518188-300x200.jpg 300w, https:\/\/blog.olimar.de\/wp-content\/uploads\/2023\/11\/IT-Umbrien-MarmoresFalls-c-MattiaATH-shutterstock-106518188-768x512.jpg 768w, https:\/\/blog.olimar.de\/wp-content\/uploads\/2023\/11\/IT-Umbrien-MarmoresFalls-c-MattiaATH-shutterstock-106518188-840x560.jpg 840w\" sizes=\"auto, (max-width: 1000px) 100vw, 1000px\" \/><\/figure>\n\n\n\n<figure class=\"wp-block-image size-large\"><img loading=\"lazy\" decoding=\"async\" width=\"1024\" height=\"762\" data-id=\"26853\" src=\"https:\/\/blog.olimar.de\/wp-content\/uploads\/2023\/11\/PEGR01-k-202208x-1024x762.jpg\" alt=\"Karte Rundreise Umbrien\" class=\"wp-image-26853\" srcset=\"https:\/\/blog.olimar.de\/wp-content\/uploads\/2023\/11\/PEGR01-k-202208x-1024x762.jpg 1024w, https:\/\/blog.olimar.de\/wp-content\/uploads\/2023\/11\/PEGR01-k-202208x-300x223.jpg 300w, https:\/\/blog.olimar.de\/wp-content\/uploads\/2023\/11\/PEGR01-k-202208x-768x571.jpg 768w, https:\/\/blog.olimar.de\/wp-content\/uploads\/2023\/11\/PEGR01-k-202208x.jpg 1452w\" sizes=\"auto, (max-width: 1024px) 100vw, 1024px\" \/><\/figure>\n<\/figure>\n\n\n\n<div style=\"height:15px\" aria-hidden=\"true\" class=\"wp-block-spacer\"><\/div>\n\n\n\n<div class=\"wp-block-buttons is-layout-flex wp-block-buttons-is-layout-flex\">\n<div class=\"wp-block-button\"><a class=\"wp-block-button__link wp-element-button\" href=\"https:\/\/www.olimar.com\/pegr01\/\" target=\"_blank\" rel=\"noreferrer noopener\">Mehr Infos &amp; Buchung<\/a><\/div>\n<\/div>\n\n\n\n<h2>7. \u201eVon Hof zu Hof im l\u00e4ndlichen Sardinien&#8221;<\/h2>\n\n\n\n<p><a href=\"https:\/\/www.olimar.com\/italien\/sardinien\/\" target=\"_blank\" rel=\"noopener\">Sardinien<\/a> ist nicht nur die zweitgr\u00f6\u00dfte Insel des Mittelmeers \u2013 ber\u00fchmt f\u00fcr ihre mond\u00e4ne Nordk\u00fcste, an denen die Yachten der Reichen vor Anker liegen \u2013 sondern auch f\u00fcr ihre einzigartige Natur und Landschaft. Neben den feinsandigen, karibisch-anmutenden Sandstr\u00e4nden lohnt sich vor allem eine Reise in Sardiniens Hinterland.<\/p>\n<p>Auf dieser individuellen <a href=\"https:\/\/www.olimar.com\/mietwagen\/\" target=\"_blank\" rel=\"noopener\">Mietwagen<\/a>-Erlebnisreise entdeckst du die l\u00e4ndliche Seite im Inselinneren und tauchst ein in eine wundersch\u00f6ne Natur- und Kulturvielfalt. Es erwarten dich urspr\u00fcngliche, teilweise archaische Landschaften mit einer vielf\u00e4ltigen Tier- und Pflanzenwelt, die du auf einer ganzt\u00e4gigen Wandertour mit einem professionellen Wanderf\u00fchrer entdecken kannst.<\/p>\n<p>Du \u00fcbernachtest in liebevoll ausgew\u00e4hlten Agriturismi mit eigener landwirtschaftlicher Produktion. Probiere unbedingt einmal das sardische Oliven\u00f6l sowie den hervorragenden Wein und den K\u00e4se! Selbstverst\u00e4ndlich kommt neben ganz viel Landschaft und Kultur auch ein wenig Strand- und Badezeit auf dieser Reise nicht zu kurz.<\/p>\n\n\n\n<figure class=\"wp-block-gallery has-nested-images columns-default is-cropped wp-block-gallery-7 is-layout-flex wp-block-gallery-is-layout-flex\">\n<figure class=\"wp-block-image size-large\"><img loading=\"lazy\" decoding=\"async\" width=\"1024\" height=\"683\" data-id=\"26859\" src=\"https:\/\/blog.olimar.de\/wp-content\/uploads\/2023\/11\/OLBX06-x-Sonnenuntergang2019-1024x683.jpg\" alt=\"Blick aufs Meer\" class=\"wp-image-26859\" srcset=\"https:\/\/blog.olimar.de\/wp-content\/uploads\/2023\/11\/OLBX06-x-Sonnenuntergang2019-1024x683.jpg 1024w, https:\/\/blog.olimar.de\/wp-content\/uploads\/2023\/11\/OLBX06-x-Sonnenuntergang2019-300x200.jpg 300w, https:\/\/blog.olimar.de\/wp-content\/uploads\/2023\/11\/OLBX06-x-Sonnenuntergang2019-768x512.jpg 768w, https:\/\/blog.olimar.de\/wp-content\/uploads\/2023\/11\/OLBX06-x-Sonnenuntergang2019-1536x1024.jpg 1536w, https:\/\/blog.olimar.de\/wp-content\/uploads\/2023\/11\/OLBX06-x-Sonnenuntergang2019-840x560.jpg 840w, https:\/\/blog.olimar.de\/wp-content\/uploads\/2023\/11\/OLBX06-x-Sonnenuntergang2019-1200x800.jpg 1200w, https:\/\/blog.olimar.de\/wp-content\/uploads\/2023\/11\/OLBX06-x-Sonnenuntergang2019.jpg 1620w\" sizes=\"auto, (max-width: 1024px) 100vw, 1024px\" \/><\/figure>\n\n\n\n<figure class=\"wp-block-image size-large\"><img loading=\"lazy\" decoding=\"async\" width=\"1024\" height=\"768\" data-id=\"26858\" src=\"https:\/\/blog.olimar.de\/wp-content\/uploads\/2023\/11\/OLBX06-x-Wanderung2019b-1024x768.jpg\" alt=\"Sonnenuntergang\" class=\"wp-image-26858\" srcset=\"https:\/\/blog.olimar.de\/wp-content\/uploads\/2023\/11\/OLBX06-x-Wanderung2019b-1024x768.jpg 1024w, https:\/\/blog.olimar.de\/wp-content\/uploads\/2023\/11\/OLBX06-x-Wanderung2019b-300x225.jpg 300w, https:\/\/blog.olimar.de\/wp-content\/uploads\/2023\/11\/OLBX06-x-Wanderung2019b-768x576.jpg 768w, https:\/\/blog.olimar.de\/wp-content\/uploads\/2023\/11\/OLBX06-x-Wanderung2019b.jpg 1440w\" sizes=\"auto, (max-width: 1024px) 100vw, 1024px\" \/><\/figure>\n\n\n\n<figure class=\"wp-block-image size-large\"><img loading=\"lazy\" decoding=\"async\" width=\"1024\" height=\"768\" data-id=\"26860\" src=\"https:\/\/blog.olimar.de\/wp-content\/uploads\/2023\/11\/OLBX06-x-Wanderung2019-1024x768.jpg\" alt=\"Blick auf die K\u00fcste und das Meer\" class=\"wp-image-26860\" srcset=\"https:\/\/blog.olimar.de\/wp-content\/uploads\/2023\/11\/OLBX06-x-Wanderung2019-1024x768.jpg 1024w, https:\/\/blog.olimar.de\/wp-content\/uploads\/2023\/11\/OLBX06-x-Wanderung2019-300x225.jpg 300w, https:\/\/blog.olimar.de\/wp-content\/uploads\/2023\/11\/OLBX06-x-Wanderung2019-768x576.jpg 768w, https:\/\/blog.olimar.de\/wp-content\/uploads\/2023\/11\/OLBX06-x-Wanderung2019.jpg 1440w\" sizes=\"auto, (max-width: 1024px) 100vw, 1024px\" \/><\/figure>\n\n\n\n<figure class=\"wp-block-image size-large\"><img loading=\"lazy\" decoding=\"async\" width=\"1024\" height=\"683\" data-id=\"26857\" src=\"https:\/\/blog.olimar.de\/wp-content\/uploads\/2023\/11\/OLBX06-k-202306-1024x683.jpg\" alt=\"Karte Rundreise Sardinien\" class=\"wp-image-26857\" srcset=\"https:\/\/blog.olimar.de\/wp-content\/uploads\/2023\/11\/OLBX06-k-202306-1024x683.jpg 1024w, https:\/\/blog.olimar.de\/wp-content\/uploads\/2023\/11\/OLBX06-k-202306-300x200.jpg 300w, https:\/\/blog.olimar.de\/wp-content\/uploads\/2023\/11\/OLBX06-k-202306-768x512.jpg 768w, https:\/\/blog.olimar.de\/wp-content\/uploads\/2023\/11\/OLBX06-k-202306-1536x1024.jpg 1536w, https:\/\/blog.olimar.de\/wp-content\/uploads\/2023\/11\/OLBX06-k-202306-840x560.jpg 840w, https:\/\/blog.olimar.de\/wp-content\/uploads\/2023\/11\/OLBX06-k-202306-1200x800.jpg 1200w, https:\/\/blog.olimar.de\/wp-content\/uploads\/2023\/11\/OLBX06-k-202306.jpg 1620w\" sizes=\"auto, (max-width: 1024px) 100vw, 1024px\" \/><\/figure>\n<\/figure>\n\n\n\n<div style=\"height:15px\" aria-hidden=\"true\" class=\"wp-block-spacer\"><\/div>\n\n\n\n<div class=\"wp-block-buttons is-layout-flex wp-block-buttons-is-layout-flex\">\n<div class=\"wp-block-button\"><a class=\"wp-block-button__link wp-element-button\" href=\"https:\/\/www.olimar.com\/olbx06\/\" target=\"_blank\" rel=\"noreferrer noopener\">Mehr Infos &amp; Buchung<\/a><\/div>\n<\/div>\n\n\n\n<h2>8. \u201eMalta pur: Valletta und Mdina&#8221;<\/h2>\n\n\n\n<p>Inmitten der historischen Festung Vallettas residierst du im charmanten Hotel Osborne, einem fr\u00fcheren Palast des Malteser-Ritterordens, samt Dachterrasse und herrlichem Ausblick. Auf den im Preis inkludierten privaten F\u00fchrungen tauchst du ein in die faszinierende Geschichte des Inselstaates. In Mdina, der fr\u00fcheren Hauptstadt von <a href=\"https:\/\/www.olimar.com\/malta\/\" target=\"_blank\" rel=\"noopener\">Malta<\/a>, besichtigst du die bedeutendsten Bauten und Kunstsch\u00e4tze und hast nat\u00fcrlich auch gen\u00fcgend Zeit f\u00fcr Entdeckungen auf eigene Faust.<\/p>\n\n\n\n<figure class=\"wp-block-gallery has-nested-images columns-default is-cropped wp-block-gallery-8 is-layout-flex wp-block-gallery-is-layout-flex\">\n<figure class=\"wp-block-image size-large\"><img loading=\"lazy\" decoding=\"async\" width=\"819\" height=\"1024\" data-id=\"26862\" src=\"https:\/\/blog.olimar.de\/wp-content\/uploads\/2023\/11\/MT-Valletta-StPaulsProCathedralandBasilicaOurLadyofMountCarmel-c-VisitMalta-819x1024.jpg\" alt=\"Blick auf die Stadt durch ein Tor\" class=\"wp-image-26862\" srcset=\"https:\/\/blog.olimar.de\/wp-content\/uploads\/2023\/11\/MT-Valletta-StPaulsProCathedralandBasilicaOurLadyofMountCarmel-c-VisitMalta-819x1024.jpg 819w, https:\/\/blog.olimar.de\/wp-content\/uploads\/2023\/11\/MT-Valletta-StPaulsProCathedralandBasilicaOurLadyofMountCarmel-c-VisitMalta-240x300.jpg 240w, https:\/\/blog.olimar.de\/wp-content\/uploads\/2023\/11\/MT-Valletta-StPaulsProCathedralandBasilicaOurLadyofMountCarmel-c-VisitMalta-768x960.jpg 768w, https:\/\/blog.olimar.de\/wp-content\/uploads\/2023\/11\/MT-Valletta-StPaulsProCathedralandBasilicaOurLadyofMountCarmel-c-VisitMalta.jpg 864w\" sizes=\"auto, (max-width: 819px) 100vw, 819px\" \/><\/figure>\n\n\n\n<figure class=\"wp-block-image size-large\"><img loading=\"lazy\" decoding=\"async\" width=\"450\" height=\"300\" data-id=\"26861\" src=\"https:\/\/blog.olimar.de\/wp-content\/uploads\/2023\/11\/MT-Allgemein-DoorKnockerMalteseCross-c-VisitMalta.webp\" alt=\"Detail einer  Haust\u00fcr\" class=\"wp-image-26861\" srcset=\"https:\/\/blog.olimar.de\/wp-content\/uploads\/2023\/11\/MT-Allgemein-DoorKnockerMalteseCross-c-VisitMalta.webp 450w, https:\/\/blog.olimar.de\/wp-content\/uploads\/2023\/11\/MT-Allgemein-DoorKnockerMalteseCross-c-VisitMalta-300x200.webp 300w\" sizes=\"auto, (max-width: 450px) 100vw, 450px\" \/><\/figure>\n\n\n\n<figure class=\"wp-block-image size-large\"><img loading=\"lazy\" decoding=\"async\" width=\"1024\" height=\"683\" data-id=\"26863\" src=\"https:\/\/blog.olimar.de\/wp-content\/uploads\/2023\/11\/MT-Valetta-Balkone-c-WikimediaImages-pixabay895055-1024x683.jpg\" alt=\"Palast\" class=\"wp-image-26863\" srcset=\"https:\/\/blog.olimar.de\/wp-content\/uploads\/2023\/11\/MT-Valetta-Balkone-c-WikimediaImages-pixabay895055-1024x683.jpg 1024w, https:\/\/blog.olimar.de\/wp-content\/uploads\/2023\/11\/MT-Valetta-Balkone-c-WikimediaImages-pixabay895055-300x200.jpg 300w, https:\/\/blog.olimar.de\/wp-content\/uploads\/2023\/11\/MT-Valetta-Balkone-c-WikimediaImages-pixabay895055-768x512.jpg 768w, https:\/\/blog.olimar.de\/wp-content\/uploads\/2023\/11\/MT-Valetta-Balkone-c-WikimediaImages-pixabay895055-1536x1025.jpg 1536w, https:\/\/blog.olimar.de\/wp-content\/uploads\/2023\/11\/MT-Valetta-Balkone-c-WikimediaImages-pixabay895055-840x560.jpg 840w, https:\/\/blog.olimar.de\/wp-content\/uploads\/2023\/11\/MT-Valetta-Balkone-c-WikimediaImages-pixabay895055-1200x800.jpg 1200w, https:\/\/blog.olimar.de\/wp-content\/uploads\/2023\/11\/MT-Valetta-Balkone-c-WikimediaImages-pixabay895055.jpg 1619w\" sizes=\"auto, (max-width: 1024px) 100vw, 1024px\" \/><\/figure>\n<\/figure>\n\n\n\n<div style=\"height:15px\" aria-hidden=\"true\" class=\"wp-block-spacer\"><\/div>\n\n\n\n<div class=\"wp-block-buttons is-layout-flex wp-block-buttons-is-layout-flex\">\n<div class=\"wp-block-button\"><a class=\"wp-block-button__link wp-element-button\" href=\"https:\/\/www.olimar.com\/mlax10\/\" target=\"_blank\" rel=\"noreferrer noopener\">Mehr Infos &amp; Buchung<\/a><\/div>\n<\/div>\n\n\n\n<h2>9. \u201eDeluxe Kreuzfahrt mit der Adriatic Princess&#8221;<\/h2>\n\n\n\n<p>Entdecke an Bord der MS Adriatic Princess die sch\u00f6nsten Inseln Mittel- und S\u00fcddalmatiens und genie\u00dfe das kristallklare, t\u00fcrkisblaue Meer. Erkunde <a href=\"https:\/\/www.olimar.de\/blog\/boutique-hotels-italien-kroatien-staedtetrip\/\" target=\"_blank\" rel=\"noopener\">Split<\/a>, die gr\u00f6\u00dfte Stadt Dalmatiens, deren ber\u00fchmter Diokletianpalast zu einem der am besten erhaltenen Denkm\u00e4ler r\u00f6mischer Baukunst z\u00e4hlt. Entdecke die Natursch\u00f6nheiten des Nationalparks Mljet und spaziere in Dubrovnik durch die selben Stra\u00dfen wie die Darsteller von \u201eGame of Thrones&#8221;, \u201eStar Wars&#8221; und \u201eRobin Hood&#8221;. Besuche den ElaphitenArchipel mit seinen unber\u00fchrten Inseln und die ehemalige venezianische Hochburg Kor\u010dula, die angebliche Heimat des weltber\u00fchmten Reisenden Marco Polo.<\/p>\n<p>Das moderne, 45 Meter lange Schiff MS Adriatic Princess wurde 2019 komplett renoviert und hat eine Kapazit\u00e4t von 40 Personen. Es beeindruckt mit 18 geschmackvoll eingerichteten Kabinen, welche sich auf dem Haupt- oder Unterdeck befinden und \u00fcber ein Fenster oder ein Bullauge verf\u00fcgen. Das gem\u00fctliche Restaurant erwartet dich mit internationalen K\u00f6stlichkeiten, w\u00e4hrend das Sonnendeck mit Jacuzzi und komfortablen Liegest\u00fchlen zum Verweilen einl\u00e4dt.<\/p>\n\n\n\n<figure class=\"wp-block-gallery has-nested-images columns-default is-cropped wp-block-gallery-9 is-layout-flex wp-block-gallery-is-layout-flex\">\n<figure class=\"wp-block-image size-large\"><img loading=\"lazy\" decoding=\"async\" width=\"1000\" height=\"667\" data-id=\"26866\" src=\"https:\/\/blog.olimar.de\/wp-content\/uploads\/2023\/11\/HR-Dalmatien-Split-c-xbrchx-shutterstock311158274.jpg\" alt=\"Blick \u00fcber Stadt auf Bucht und Meer\" class=\"wp-image-26866\" srcset=\"https:\/\/blog.olimar.de\/wp-content\/uploads\/2023\/11\/HR-Dalmatien-Split-c-xbrchx-shutterstock311158274.jpg 1000w, https:\/\/blog.olimar.de\/wp-content\/uploads\/2023\/11\/HR-Dalmatien-Split-c-xbrchx-shutterstock311158274-300x200.jpg 300w, https:\/\/blog.olimar.de\/wp-content\/uploads\/2023\/11\/HR-Dalmatien-Split-c-xbrchx-shutterstock311158274-768x512.jpg 768w, https:\/\/blog.olimar.de\/wp-content\/uploads\/2023\/11\/HR-Dalmatien-Split-c-xbrchx-shutterstock311158274-840x560.jpg 840w\" sizes=\"auto, (max-width: 1000px) 100vw, 1000px\" \/><\/figure>\n\n\n\n<figure class=\"wp-block-image size-large\"><img loading=\"lazy\" decoding=\"async\" width=\"1024\" height=\"683\" data-id=\"26865\" src=\"https:\/\/blog.olimar.de\/wp-content\/uploads\/2023\/11\/SPUX19-a-AdriaticPrincess2021A-1024x683.jpg\" alt=\"Schiff Adriatic Princess\" class=\"wp-image-26865\" srcset=\"https:\/\/blog.olimar.de\/wp-content\/uploads\/2023\/11\/SPUX19-a-AdriaticPrincess2021A-1024x683.jpg 1024w, https:\/\/blog.olimar.de\/wp-content\/uploads\/2023\/11\/SPUX19-a-AdriaticPrincess2021A-300x200.jpg 300w, https:\/\/blog.olimar.de\/wp-content\/uploads\/2023\/11\/SPUX19-a-AdriaticPrincess2021A-768x512.jpg 768w, https:\/\/blog.olimar.de\/wp-content\/uploads\/2023\/11\/SPUX19-a-AdriaticPrincess2021A-1536x1024.jpg 1536w, https:\/\/blog.olimar.de\/wp-content\/uploads\/2023\/11\/SPUX19-a-AdriaticPrincess2021A-840x560.jpg 840w, https:\/\/blog.olimar.de\/wp-content\/uploads\/2023\/11\/SPUX19-a-AdriaticPrincess2021A-1200x800.jpg 1200w, https:\/\/blog.olimar.de\/wp-content\/uploads\/2023\/11\/SPUX19-a-AdriaticPrincess2021A.jpg 1620w\" sizes=\"auto, (max-width: 1024px) 100vw, 1024px\" \/><\/figure>\n\n\n\n<figure class=\"wp-block-image size-large\"><img loading=\"lazy\" decoding=\"async\" width=\"1000\" height=\"667\" data-id=\"26867\" src=\"https:\/\/blog.olimar.de\/wp-content\/uploads\/2023\/11\/HR-Omis-Panorama-c-alexdrim-shutterstock-106570517.jpg\" alt=\"Blick auf Stadt\" class=\"wp-image-26867\" srcset=\"https:\/\/blog.olimar.de\/wp-content\/uploads\/2023\/11\/HR-Omis-Panorama-c-alexdrim-shutterstock-106570517.jpg 1000w, https:\/\/blog.olimar.de\/wp-content\/uploads\/2023\/11\/HR-Omis-Panorama-c-alexdrim-shutterstock-106570517-300x200.jpg 300w, https:\/\/blog.olimar.de\/wp-content\/uploads\/2023\/11\/HR-Omis-Panorama-c-alexdrim-shutterstock-106570517-768x512.jpg 768w, https:\/\/blog.olimar.de\/wp-content\/uploads\/2023\/11\/HR-Omis-Panorama-c-alexdrim-shutterstock-106570517-840x560.jpg 840w\" sizes=\"auto, (max-width: 1000px) 100vw, 1000px\" \/><\/figure>\n\n\n\n<figure class=\"wp-block-image size-large\"><img loading=\"lazy\" decoding=\"async\" width=\"1024\" height=\"683\" data-id=\"26864\" src=\"https:\/\/blog.olimar.de\/wp-content\/uploads\/2023\/11\/SPUX19-k-202306-1024x683.jpg\" alt=\"Karte Rundreise Kroatien\" class=\"wp-image-26864\" srcset=\"https:\/\/blog.olimar.de\/wp-content\/uploads\/2023\/11\/SPUX19-k-202306-1024x683.jpg 1024w, https:\/\/blog.olimar.de\/wp-content\/uploads\/2023\/11\/SPUX19-k-202306-300x200.jpg 300w, https:\/\/blog.olimar.de\/wp-content\/uploads\/2023\/11\/SPUX19-k-202306-768x512.jpg 768w, https:\/\/blog.olimar.de\/wp-content\/uploads\/2023\/11\/SPUX19-k-202306-1536x1024.jpg 1536w, https:\/\/blog.olimar.de\/wp-content\/uploads\/2023\/11\/SPUX19-k-202306-840x560.jpg 840w, https:\/\/blog.olimar.de\/wp-content\/uploads\/2023\/11\/SPUX19-k-202306-1200x800.jpg 1200w, https:\/\/blog.olimar.de\/wp-content\/uploads\/2023\/11\/SPUX19-k-202306.jpg 1620w\" sizes=\"auto, (max-width: 1024px) 100vw, 1024px\" \/><\/figure>\n<\/figure>\n\n\n\n<div style=\"height:15px\" aria-hidden=\"true\" class=\"wp-block-spacer\"><\/div>\n\n\n\n<div class=\"wp-block-buttons is-layout-flex wp-block-buttons-is-layout-flex\">\n<div class=\"wp-block-button\"><a class=\"wp-block-button__link wp-element-button\" href=\"https:\/\/www.olimar.com\/spux19\/\" target=\"_blank\" rel=\"noreferrer noopener\">Mehr Infos &amp; Buchung<\/a><\/div>\n<\/div>\n\n\n\n<h2>10. Griechenlands wundersch\u00f6ner Nordosten<\/h2>\n\n\n\n<p>Auf dieser Reise entdeckst du eine touristisch noch relativ unbekannte Seite von <a href=\"https:\/\/www.olimar.com\/griechenland\/\" target=\"_blank\" rel=\"noopener\">Griechenland<\/a>. Mit dem Mietwagen f\u00e4hrst du von Kavala nach Alexandroupolis und \u00fcber die Insel Thassos wieder zur\u00fcck. Entdecke die malerische Hafenstadt Kavala mit ihrer weitreichenden Geschichte und genie\u00dfe in Alexandroupolis, unweit der griechisch-t\u00fcrkischen Grenze, die sch\u00f6ne Lage direkt am Meer. Die Insel Thassos, die du \u00fcber eine F\u00e4hre erreichst, rundet das Programm perfekt ab.<\/p>\n\n\n\n<figure class=\"wp-block-gallery has-nested-images columns-default is-cropped wp-block-gallery-10 is-layout-flex wp-block-gallery-is-layout-flex\">\n<figure class=\"wp-block-image size-large\"><img loading=\"lazy\" decoding=\"async\" width=\"1024\" height=\"682\" data-id=\"26871\" src=\"https:\/\/blog.olimar.de\/wp-content\/uploads\/2023\/11\/KVAX20-x-Makedonien-KavalaStadt2023D-1024x682.jpg\" alt=\"Blick auf Stadt\" class=\"wp-image-26871\" srcset=\"https:\/\/blog.olimar.de\/wp-content\/uploads\/2023\/11\/KVAX20-x-Makedonien-KavalaStadt2023D-1024x682.jpg 1024w, https:\/\/blog.olimar.de\/wp-content\/uploads\/2023\/11\/KVAX20-x-Makedonien-KavalaStadt2023D-300x200.jpg 300w, https:\/\/blog.olimar.de\/wp-content\/uploads\/2023\/11\/KVAX20-x-Makedonien-KavalaStadt2023D-768x512.jpg 768w, https:\/\/blog.olimar.de\/wp-content\/uploads\/2023\/11\/KVAX20-x-Makedonien-KavalaStadt2023D-1536x1023.jpg 1536w, https:\/\/blog.olimar.de\/wp-content\/uploads\/2023\/11\/KVAX20-x-Makedonien-KavalaStadt2023D-840x560.jpg 840w, https:\/\/blog.olimar.de\/wp-content\/uploads\/2023\/11\/KVAX20-x-Makedonien-KavalaStadt2023D-1200x800.jpg 1200w, https:\/\/blog.olimar.de\/wp-content\/uploads\/2023\/11\/KVAX20-x-Makedonien-KavalaStadt2023D.jpg 1621w\" sizes=\"auto, (max-width: 1024px) 100vw, 1024px\" \/><\/figure>\n\n\n\n<figure class=\"wp-block-image size-large\"><img loading=\"lazy\" decoding=\"async\" width=\"1024\" height=\"683\" data-id=\"26870\" src=\"https:\/\/blog.olimar.de\/wp-content\/uploads\/2023\/11\/KVAX20-x-Makedonien-Thassos-SegeltoernF-1024x683.jpg\" alt=\"Blick auf Strand\" class=\"wp-image-26870\" srcset=\"https:\/\/blog.olimar.de\/wp-content\/uploads\/2023\/11\/KVAX20-x-Makedonien-Thassos-SegeltoernF-1024x683.jpg 1024w, https:\/\/blog.olimar.de\/wp-content\/uploads\/2023\/11\/KVAX20-x-Makedonien-Thassos-SegeltoernF-300x200.jpg 300w, https:\/\/blog.olimar.de\/wp-content\/uploads\/2023\/11\/KVAX20-x-Makedonien-Thassos-SegeltoernF-768x512.jpg 768w, https:\/\/blog.olimar.de\/wp-content\/uploads\/2023\/11\/KVAX20-x-Makedonien-Thassos-SegeltoernF-1536x1024.jpg 1536w, https:\/\/blog.olimar.de\/wp-content\/uploads\/2023\/11\/KVAX20-x-Makedonien-Thassos-SegeltoernF-840x560.jpg 840w, https:\/\/blog.olimar.de\/wp-content\/uploads\/2023\/11\/KVAX20-x-Makedonien-Thassos-SegeltoernF-1200x800.jpg 1200w, https:\/\/blog.olimar.de\/wp-content\/uploads\/2023\/11\/KVAX20-x-Makedonien-Thassos-SegeltoernF.jpg 1620w\" sizes=\"auto, (max-width: 1024px) 100vw, 1024px\" \/><\/figure>\n\n\n\n<figure class=\"wp-block-image size-large\"><img loading=\"lazy\" decoding=\"async\" width=\"1024\" height=\"699\" data-id=\"26869\" src=\"https:\/\/blog.olimar.de\/wp-content\/uploads\/2023\/11\/KVAX20-x-Thrakien-DeltaEvros-1024x699.jpg\" alt=\"Flamingos\" class=\"wp-image-26869\" srcset=\"https:\/\/blog.olimar.de\/wp-content\/uploads\/2023\/11\/KVAX20-x-Thrakien-DeltaEvros-1024x699.jpg 1024w, https:\/\/blog.olimar.de\/wp-content\/uploads\/2023\/11\/KVAX20-x-Thrakien-DeltaEvros-300x205.jpg 300w, https:\/\/blog.olimar.de\/wp-content\/uploads\/2023\/11\/KVAX20-x-Thrakien-DeltaEvros-768x525.jpg 768w, https:\/\/blog.olimar.de\/wp-content\/uploads\/2023\/11\/KVAX20-x-Thrakien-DeltaEvros.jpg 1300w\" sizes=\"auto, (max-width: 1024px) 100vw, 1024px\" \/><\/figure>\n\n\n\n<figure class=\"wp-block-image size-large\"><img loading=\"lazy\" decoding=\"async\" width=\"1024\" height=\"683\" data-id=\"26868\" src=\"https:\/\/blog.olimar.de\/wp-content\/uploads\/2023\/11\/KVAX10-k-202309-1024x683.jpg\" alt=\"Karte Rundreise Griechenland\" class=\"wp-image-26868\" srcset=\"https:\/\/blog.olimar.de\/wp-content\/uploads\/2023\/11\/KVAX10-k-202309-1024x683.jpg 1024w, https:\/\/blog.olimar.de\/wp-content\/uploads\/2023\/11\/KVAX10-k-202309-300x200.jpg 300w, https:\/\/blog.olimar.de\/wp-content\/uploads\/2023\/11\/KVAX10-k-202309-768x512.jpg 768w, https:\/\/blog.olimar.de\/wp-content\/uploads\/2023\/11\/KVAX10-k-202309-1536x1024.jpg 1536w, https:\/\/blog.olimar.de\/wp-content\/uploads\/2023\/11\/KVAX10-k-202309-840x560.jpg 840w, https:\/\/blog.olimar.de\/wp-content\/uploads\/2023\/11\/KVAX10-k-202309-1200x800.jpg 1200w, https:\/\/blog.olimar.de\/wp-content\/uploads\/2023\/11\/KVAX10-k-202309.jpg 1620w\" sizes=\"auto, (max-width: 1024px) 100vw, 1024px\" \/><\/figure>\n<\/figure>\n\n\n\n<div style=\"height:15px\" aria-hidden=\"true\" class=\"wp-block-spacer\"><\/div>\n\n\n\n<div class=\"wp-block-buttons is-layout-flex wp-block-buttons-is-layout-flex\">\n<div class=\"wp-block-button\"><a class=\"wp-block-button__link wp-element-button\" href=\"https:\/\/www.olimar.com\/kvax10\" target=\"_blank\" rel=\"noreferrer noopener\">Mehr Infos &amp; Buchung<\/a><\/div>\n<\/div>\n\n\n\n<h2>11. \u201eKapverdisches Inselabenteuer&#8221;<\/h2>\n\n\n\n<p>Die Kapverden mit der ganzen Familie bereisen? Eine tolle Idee! Genie\u00dfe im Rahmen dieser 13-t\u00e4gigen Rundreise gemeinsam mit deiner Familie einen ausgewogenen Mix aus aufregenden Ausfl\u00fcgen in die imposante Natur der Inselwelt und erholsamen Tagen an feinsandigen Str\u00e4nden und tiefblauem Ozean.<\/p>\n<p>Wir haben ein kindgerechtes und abwechslungsreiches Programm inklusive aller Inlandsfl\u00fcge und F\u00e4hr\u00fcberfahrten vorbereitet, das viele Highlights f\u00fcr Gro\u00df und Klein beinhaltet und immer genug Pausen und Ruhetage mit einplant. Ein botanischer Garten mit Streichelzoo, Baden in Salinen, eine Bootstour mit Fischern samt Grillvergn\u00fcgen am Strand, eine Jeep-Tour rund um S\u00e3o Vicente, die beeindruckende Welt des Cova-Kraters, Naturschwimmbecken und Obstplantagen, versteckte Grotten und wilde Delfine und kreolische K\u00f6stlichkeiten \u2026<\/p>\n<p>Das Archipel inmitten des Atlantischen Ozeans hat so viel zu bieten und ist ein wunderbares, ganzj\u00e4hrig sonniges Reiseziel f\u00fcr die ganze Familie!<\/p>\n\n\n\n<figure class=\"wp-block-gallery has-nested-images columns-default is-cropped wp-block-gallery-11 is-layout-flex wp-block-gallery-is-layout-flex\">\n<figure class=\"wp-block-image size-large\"><img loading=\"lazy\" decoding=\"async\" width=\"1000\" height=\"667\" data-id=\"26873\" src=\"https:\/\/blog.olimar.de\/wp-content\/uploads\/2023\/11\/CV-Sal-SantaMaria-FisherBoatBeach-c-Samuel_Borges-shutterstock314320874.jpg\" alt=\"Strand\" class=\"wp-image-26873\" srcset=\"https:\/\/blog.olimar.de\/wp-content\/uploads\/2023\/11\/CV-Sal-SantaMaria-FisherBoatBeach-c-Samuel_Borges-shutterstock314320874.jpg 1000w, https:\/\/blog.olimar.de\/wp-content\/uploads\/2023\/11\/CV-Sal-SantaMaria-FisherBoatBeach-c-Samuel_Borges-shutterstock314320874-300x200.jpg 300w, https:\/\/blog.olimar.de\/wp-content\/uploads\/2023\/11\/CV-Sal-SantaMaria-FisherBoatBeach-c-Samuel_Borges-shutterstock314320874-768x512.jpg 768w, https:\/\/blog.olimar.de\/wp-content\/uploads\/2023\/11\/CV-Sal-SantaMaria-FisherBoatBeach-c-Samuel_Borges-shutterstock314320874-840x560.jpg 840w\" sizes=\"auto, (max-width: 1000px) 100vw, 1000px\" \/><\/figure>\n\n\n\n<figure class=\"wp-block-image size-large\"><img loading=\"lazy\" decoding=\"async\" width=\"1024\" height=\"683\" data-id=\"26874\" src=\"https:\/\/blog.olimar.de\/wp-content\/uploads\/2023\/11\/CV-Santiago-Market46-c-MRu-1024x683.jpg\" alt=\"Markt\" class=\"wp-image-26874\" srcset=\"https:\/\/blog.olimar.de\/wp-content\/uploads\/2023\/11\/CV-Santiago-Market46-c-MRu-1024x683.jpg 1024w, https:\/\/blog.olimar.de\/wp-content\/uploads\/2023\/11\/CV-Santiago-Market46-c-MRu-300x200.jpg 300w, https:\/\/blog.olimar.de\/wp-content\/uploads\/2023\/11\/CV-Santiago-Market46-c-MRu-768x512.jpg 768w, https:\/\/blog.olimar.de\/wp-content\/uploads\/2023\/11\/CV-Santiago-Market46-c-MRu-1536x1024.jpg 1536w, https:\/\/blog.olimar.de\/wp-content\/uploads\/2023\/11\/CV-Santiago-Market46-c-MRu-840x560.jpg 840w, https:\/\/blog.olimar.de\/wp-content\/uploads\/2023\/11\/CV-Santiago-Market46-c-MRu-1200x800.jpg 1200w, https:\/\/blog.olimar.de\/wp-content\/uploads\/2023\/11\/CV-Santiago-Market46-c-MRu.jpg 1620w\" sizes=\"auto, (max-width: 1024px) 100vw, 1024px\" \/><\/figure>\n\n\n\n<figure class=\"wp-block-image size-large\"><img loading=\"lazy\" decoding=\"async\" width=\"1024\" height=\"769\" data-id=\"26875\" src=\"https:\/\/blog.olimar.de\/wp-content\/uploads\/2023\/11\/CV-SantoAntao-Allgemein-Kueste-02-1024x769.jpg\" alt=\"schwarzer Strand\" class=\"wp-image-26875\" srcset=\"https:\/\/blog.olimar.de\/wp-content\/uploads\/2023\/11\/CV-SantoAntao-Allgemein-Kueste-02-1024x769.jpg 1024w, https:\/\/blog.olimar.de\/wp-content\/uploads\/2023\/11\/CV-SantoAntao-Allgemein-Kueste-02-300x225.jpg 300w, https:\/\/blog.olimar.de\/wp-content\/uploads\/2023\/11\/CV-SantoAntao-Allgemein-Kueste-02-768x577.jpg 768w, https:\/\/blog.olimar.de\/wp-content\/uploads\/2023\/11\/CV-SantoAntao-Allgemein-Kueste-02.jpg 1200w\" sizes=\"auto, (max-width: 1024px) 100vw, 1024px\" \/><\/figure>\n\n\n\n<figure class=\"wp-block-image size-large\"><img loading=\"lazy\" decoding=\"async\" width=\"1024\" height=\"762\" data-id=\"26872\" src=\"https:\/\/blog.olimar.de\/wp-content\/uploads\/2023\/11\/SIDX03-k-202102-1024x762.jpg\" alt=\"Karte Rundreise Kapverden\" class=\"wp-image-26872\" srcset=\"https:\/\/blog.olimar.de\/wp-content\/uploads\/2023\/11\/SIDX03-k-202102-1024x762.jpg 1024w, https:\/\/blog.olimar.de\/wp-content\/uploads\/2023\/11\/SIDX03-k-202102-300x223.jpg 300w, https:\/\/blog.olimar.de\/wp-content\/uploads\/2023\/11\/SIDX03-k-202102-768x571.jpg 768w, https:\/\/blog.olimar.de\/wp-content\/uploads\/2023\/11\/SIDX03-k-202102.jpg 1452w\" sizes=\"auto, (max-width: 1024px) 100vw, 1024px\" \/><\/figure>\n<\/figure>\n\n\n\n<div style=\"height:15px\" aria-hidden=\"true\" class=\"wp-block-spacer\"><\/div>\n\n\n\n<div class=\"wp-block-buttons is-layout-flex wp-block-buttons-is-layout-flex\">\n<div class=\"wp-block-button\"><a class=\"wp-block-button__link wp-element-button\" href=\"https:\/\/www.olimar.com\/sidx03\/\" target=\"_blank\" rel=\"noreferrer noopener\">Mehr Infos &amp; Buchung<\/a><\/div>\n<\/div>\n\n\n\n<div class=\"wp-block-media-text is-stacked-on-mobile\"><figure class=\"wp-block-media-text__media\"><a href=\"https:\/\/www.olimar.de\/kataloge\/\" target=\"_blank\" rel=\"noreferrer noopener\"><img loading=\"lazy\" decoding=\"async\" width=\"1024\" height=\"683\" src=\"https:\/\/blog.olimar.de\/wp-content\/uploads\/2023\/11\/OLIMAR-Erlebnisreisen-2024-1024x683.jpg\" alt=\"Erlebnisreisen Katalog 2024\" class=\"wp-image-26905 size-full\" srcset=\"https:\/\/blog.olimar.de\/wp-content\/uploads\/2023\/11\/OLIMAR-Erlebnisreisen-2024-1024x683.jpg 1024w, https:\/\/blog.olimar.de\/wp-content\/uploads\/2023\/11\/OLIMAR-Erlebnisreisen-2024-300x200.jpg 300w, https:\/\/blog.olimar.de\/wp-content\/uploads\/2023\/11\/OLIMAR-Erlebnisreisen-2024-768x512.jpg 768w, https:\/\/blog.olimar.de\/wp-content\/uploads\/2023\/11\/OLIMAR-Erlebnisreisen-2024-1536x1024.jpg 1536w, https:\/\/blog.olimar.de\/wp-content\/uploads\/2023\/11\/OLIMAR-Erlebnisreisen-2024-2048x1366.jpg 2048w, https:\/\/blog.olimar.de\/wp-content\/uploads\/2023\/11\/OLIMAR-Erlebnisreisen-2024-840x560.jpg 840w, https:\/\/blog.olimar.de\/wp-content\/uploads\/2023\/11\/OLIMAR-Erlebnisreisen-2024-1200x800.jpg 1200w\" sizes=\"auto, (max-width: 1024px) 100vw, 1024px\" \/><\/a><\/figure><div class=\"wp-block-media-text__content\">\n<div class=\"wp-block-media-text__content\">\n<h2 style=\"text-align: left;\"><strong>Der neue OLIMAR Katalog \u201eErlebnisreisen 2024\u2033<\/strong><\/h2>\n<ul>\n<li><a href=\"https:\/\/www.olimar.de\/kataloge\/\" target=\"_blank\" rel=\"noreferrer noopener\">Hier<\/a> online durchbl\u00e4ttern, als pdf downloaden oder bestellen<\/li>\n<\/ul>\n<\/div>\n<\/div><\/div>\n\n\n\n<div style=\"height:15px\" aria-hidden=\"true\" class=\"wp-block-spacer\"><\/div>\n\n\n\n<div class=\"wp-block-buttons is-layout-flex wp-block-buttons-is-layout-flex\">\n<div class=\"wp-block-button\"><a class=\"wp-block-button__link wp-element-button\" href=\"https:\/\/www.olimar.de\/hotellistung\/\" target=\"_blank\" rel=\"noreferrer noopener\">Jetzt Urlaubsangebote finden und buchen<\/a><\/div>\n<\/div>\n\n\n\n<p>Titelbild:<span class=\"ui-provider ee bhw bhx bhy bhz bia bib bic bid bie bif big bih bii bij bik bil bim bin bio bip biq bir bis bit biu biv biw bix biy biz bja bjb bjc bjd\" dir=\"ltr\"> \u00a9Michael Lutz\/ iStock.com<\/span><\/p>\n","protected":false},"excerpt":{"rendered":"<p>Es gibt wohl kaum eine Reiseform, mit der du so angenehm geplant und gleichzeitig v\u00f6llig ungezwungen das Besondere, Urspr\u00fcngliche und Authentische des\u00a0pers\u00f6nlichen Traumreiselandes entdecken kannst wie mit unseren Erlebnisreisen.<\/p>\n","protected":false},"author":87,"featured_media":26829,"comment_status":"open","ping_status":"open","sticky":false,"template":"","format":"standard","meta":{"_crdt_document":"","_lmt_disableupdate":"","_lmt_disable":"","footnotes":""},"categories":[29,1,31,48],"tags":[23,349,136,35,115,47,256,21,348,34,20],"class_list":["post-26824","post","type-post","status-publish","format-standard","has-post-thumbnail","hentry","category-aktiv-natur","category-allgemein","category-land-leute","category-neues-bei-olimar","tag-azoren","tag-erlebnisreisen","tag-griechenland","tag-italien","tag-kanaren","tag-kapverden","tag-katalog","tag-madeira","tag-malta","tag-portugal","tag-slider"],"yoast_head":"<!-- This site is optimized with the Yoast SEO plugin v26.9 - https:\/\/yoast.com\/product\/yoast-seo-wordpress\/ -->\n<title>\u201eErlebnisreisen 2024&quot;-Katalog: 11 Highlights f\u00fcr deinen n\u00e4chsten Urlaub<\/title>\n<meta name=\"description\" content=\"Auf rund 180 Seiten entdeckst du in unserem neuen \u201eErlebnisreisen 2024&quot;-Katalog Highlights aus S\u00fcdeuropa. Welche Reise ist dein Favorit?\" \/>\n<meta name=\"robots\" content=\"index, follow, max-snippet:-1, max-image-preview:large, max-video-preview:-1\" \/>\n<link rel=\"canonical\" href=\"https:\/\/blog.olimar.de\/erlebnisreisen-2024-katalog-highlights\/\" \/>\n<meta property=\"og:locale\" content=\"de_DE\" \/>\n<meta property=\"og:type\" content=\"article\" \/>\n<meta property=\"og:title\" content=\"\u201eErlebnisreisen 2024&quot;-Katalog: 11 Highlights f\u00fcr deinen n\u00e4chsten Urlaub\" \/>\n<meta property=\"og:description\" content=\"Auf rund 180 Seiten entdeckst du in unserem neuen \u201eErlebnisreisen 2024&quot;-Katalog Highlights aus S\u00fcdeuropa. Welche Reise ist dein Favorit?\" \/>\n<meta property=\"og:url\" content=\"https:\/\/blog.olimar.de\/erlebnisreisen-2024-katalog-highlights\/\" \/>\n<meta property=\"article:publisher\" content=\"https:\/\/www.facebook.com\/OlimarReisen\" \/>\n<meta property=\"article:published_time\" content=\"2023-11-13T12:59:00+00:00\" \/>\n<meta property=\"article:modified_time\" content=\"2024-10-14T11:17:21+00:00\" \/>\n<meta property=\"og:image\" content=\"https:\/\/blog.olimar.de\/wp-content\/uploads\/2023\/11\/highlights_erlebnisreisen_katalog_2024.jpg\" \/>\n\t<meta property=\"og:image:width\" content=\"2000\" \/>\n\t<meta property=\"og:image:height\" content=\"1333\" \/>\n\t<meta property=\"og:image:type\" content=\"image\/jpeg\" \/>\n<meta name=\"author\" content=\"Julia Windh\u00f6vel\" \/>\n<meta name=\"twitter:label1\" content=\"Verfasst von\" \/>\n\t<meta name=\"twitter:data1\" content=\"Julia Windh\u00f6vel\" \/>\n\t<meta name=\"twitter:label2\" content=\"Gesch\u00e4tzte Lesezeit\" \/>\n\t<meta name=\"twitter:data2\" content=\"17\u00a0Minuten\" \/>\n<script type=\"application\/ld+json\" class=\"yoast-schema-graph\">{\"@context\":\"https:\/\/schema.org\",\"@graph\":[{\"@type\":\"WebPage\",\"@id\":\"https:\/\/blog.olimar.de\/erlebnisreisen-2024-katalog-highlights\/\",\"url\":\"https:\/\/blog.olimar.de\/erlebnisreisen-2024-katalog-highlights\/\",\"name\":\"\u201eErlebnisreisen 2024\\\"-Katalog: 11 Highlights f\u00fcr deinen n\u00e4chsten Urlaub\",\"isPartOf\":{\"@id\":\"https:\/\/blog.olimar.de\/#website\"},\"primaryImageOfPage\":{\"@id\":\"https:\/\/blog.olimar.de\/erlebnisreisen-2024-katalog-highlights\/#primaryimage\"},\"image\":{\"@id\":\"https:\/\/blog.olimar.de\/erlebnisreisen-2024-katalog-highlights\/#primaryimage\"},\"thumbnailUrl\":\"https:\/\/blog.olimar.de\/wp-content\/uploads\/2023\/11\/highlights_erlebnisreisen_katalog_2024.jpg\",\"datePublished\":\"2023-11-13T12:59:00+00:00\",\"dateModified\":\"2024-10-14T11:17:21+00:00\",\"description\":\"Auf rund 180 Seiten entdeckst du in unserem neuen \u201eErlebnisreisen 2024\\\"-Katalog Highlights aus S\u00fcdeuropa. Welche Reise ist dein Favorit?\",\"breadcrumb\":{\"@id\":\"https:\/\/blog.olimar.de\/erlebnisreisen-2024-katalog-highlights\/#breadcrumb\"},\"inLanguage\":\"de\",\"potentialAction\":[{\"@type\":\"ReadAction\",\"target\":[\"https:\/\/blog.olimar.de\/erlebnisreisen-2024-katalog-highlights\/\"]}]},{\"@type\":\"ImageObject\",\"inLanguage\":\"de\",\"@id\":\"https:\/\/blog.olimar.de\/erlebnisreisen-2024-katalog-highlights\/#primaryimage\",\"url\":\"https:\/\/blog.olimar.de\/wp-content\/uploads\/2023\/11\/highlights_erlebnisreisen_katalog_2024.jpg\",\"contentUrl\":\"https:\/\/blog.olimar.de\/wp-content\/uploads\/2023\/11\/highlights_erlebnisreisen_katalog_2024.jpg\",\"width\":2000,\"height\":1333,\"caption\":\"\u00a9Michael Lutz \/ iStock.com\"},{\"@type\":\"BreadcrumbList\",\"@id\":\"https:\/\/blog.olimar.de\/erlebnisreisen-2024-katalog-highlights\/#breadcrumb\",\"itemListElement\":[{\"@type\":\"ListItem\",\"position\":1,\"name\":\"Home\",\"item\":\"https:\/\/blog.olimar.de\/\"},{\"@type\":\"ListItem\",\"position\":2,\"name\":\"Azoren\",\"item\":\"https:\/\/blog.olimar.de\/tag\/azoren\/\"},{\"@type\":\"ListItem\",\"position\":3,\"name\":\"Lust auf Urlaub? 11 Highlights aus dem neuen \u201eErlebnisreisen 2024&#8243;-Katalog\"}]},{\"@type\":\"WebSite\",\"@id\":\"https:\/\/blog.olimar.de\/#website\",\"url\":\"https:\/\/blog.olimar.de\/\",\"name\":\"OLIMAR.com\",\"description\":\"\",\"publisher\":{\"@id\":\"https:\/\/blog.olimar.de\/#organization\"},\"potentialAction\":[{\"@type\":\"SearchAction\",\"target\":{\"@type\":\"EntryPoint\",\"urlTemplate\":\"https:\/\/blog.olimar.de\/?s={search_term_string}\"},\"query-input\":{\"@type\":\"PropertyValueSpecification\",\"valueRequired\":true,\"valueName\":\"search_term_string\"}}],\"inLanguage\":\"de\"},{\"@type\":\"Organization\",\"@id\":\"https:\/\/blog.olimar.de\/#organization\",\"name\":\"OLIMAR Reisen\",\"url\":\"https:\/\/blog.olimar.de\/\",\"logo\":{\"@type\":\"ImageObject\",\"inLanguage\":\"de\",\"@id\":\"https:\/\/blog.olimar.de\/#\/schema\/logo\/image\/\",\"url\":\"https:\/\/blog.olimar.de\/wp-content\/uploads\/2021\/01\/OLIMAR_Logo_COLOR.png\",\"contentUrl\":\"https:\/\/blog.olimar.de\/wp-content\/uploads\/2021\/01\/OLIMAR_Logo_COLOR.png\",\"width\":2000,\"height\":986,\"caption\":\"OLIMAR Reisen\"},\"image\":{\"@id\":\"https:\/\/blog.olimar.de\/#\/schema\/logo\/image\/\"},\"sameAs\":[\"https:\/\/www.facebook.com\/OlimarReisen\",\"https:\/\/x.com\/olimarrreisen\",\"https:\/\/www.instagram.com\/olimarreisen\",\"https:\/\/www.youtube.com\/user\/olimarreisen\"]}]}<\/script>\n<!-- \/ Yoast SEO plugin. -->","yoast_head_json":{"title":"\u201eErlebnisreisen 2024\"-Katalog: 11 Highlights f\u00fcr deinen n\u00e4chsten Urlaub","description":"Auf rund 180 Seiten entdeckst du in unserem neuen \u201eErlebnisreisen 2024\"-Katalog Highlights aus S\u00fcdeuropa. Welche Reise ist dein Favorit?","robots":{"index":"index","follow":"follow","max-snippet":"max-snippet:-1","max-image-preview":"max-image-preview:large","max-video-preview":"max-video-preview:-1"},"canonical":"https:\/\/blog.olimar.de\/erlebnisreisen-2024-katalog-highlights\/","og_locale":"de_DE","og_type":"article","og_title":"\u201eErlebnisreisen 2024\"-Katalog: 11 Highlights f\u00fcr deinen n\u00e4chsten Urlaub","og_description":"Auf rund 180 Seiten entdeckst du in unserem neuen \u201eErlebnisreisen 2024\"-Katalog Highlights aus S\u00fcdeuropa. Welche Reise ist dein Favorit?","og_url":"https:\/\/blog.olimar.de\/erlebnisreisen-2024-katalog-highlights\/","article_publisher":"https:\/\/www.facebook.com\/OlimarReisen","article_published_time":"2023-11-13T12:59:00+00:00","article_modified_time":"2024-10-14T11:17:21+00:00","og_image":[{"width":2000,"height":1333,"url":"https:\/\/blog.olimar.de\/wp-content\/uploads\/2023\/11\/highlights_erlebnisreisen_katalog_2024.jpg","type":"image\/jpeg"}],"author":"Julia Windh\u00f6vel","twitter_misc":{"Verfasst von":"Julia Windh\u00f6vel","Gesch\u00e4tzte Lesezeit":"17\u00a0Minuten"},"schema":{"@context":"https:\/\/schema.org","@graph":[{"@type":"WebPage","@id":"https:\/\/blog.olimar.de\/erlebnisreisen-2024-katalog-highlights\/","url":"https:\/\/blog.olimar.de\/erlebnisreisen-2024-katalog-highlights\/","name":"\u201eErlebnisreisen 2024\"-Katalog: 11 Highlights f\u00fcr deinen n\u00e4chsten Urlaub","isPartOf":{"@id":"https:\/\/blog.olimar.de\/#website"},"primaryImageOfPage":{"@id":"https:\/\/blog.olimar.de\/erlebnisreisen-2024-katalog-highlights\/#primaryimage"},"image":{"@id":"https:\/\/blog.olimar.de\/erlebnisreisen-2024-katalog-highlights\/#primaryimage"},"thumbnailUrl":"https:\/\/blog.olimar.de\/wp-content\/uploads\/2023\/11\/highlights_erlebnisreisen_katalog_2024.jpg","datePublished":"2023-11-13T12:59:00+00:00","dateModified":"2024-10-14T11:17:21+00:00","description":"Auf rund 180 Seiten entdeckst du in unserem neuen \u201eErlebnisreisen 2024\"-Katalog Highlights aus S\u00fcdeuropa. Welche Reise ist dein Favorit?","breadcrumb":{"@id":"https:\/\/blog.olimar.de\/erlebnisreisen-2024-katalog-highlights\/#breadcrumb"},"inLanguage":"de","potentialAction":[{"@type":"ReadAction","target":["https:\/\/blog.olimar.de\/erlebnisreisen-2024-katalog-highlights\/"]}]},{"@type":"ImageObject","inLanguage":"de","@id":"https:\/\/blog.olimar.de\/erlebnisreisen-2024-katalog-highlights\/#primaryimage","url":"https:\/\/blog.olimar.de\/wp-content\/uploads\/2023\/11\/highlights_erlebnisreisen_katalog_2024.jpg","contentUrl":"https:\/\/blog.olimar.de\/wp-content\/uploads\/2023\/11\/highlights_erlebnisreisen_katalog_2024.jpg","width":2000,"height":1333,"caption":"\u00a9Michael Lutz \/ iStock.com"},{"@type":"BreadcrumbList","@id":"https:\/\/blog.olimar.de\/erlebnisreisen-2024-katalog-highlights\/#breadcrumb","itemListElement":[{"@type":"ListItem","position":1,"name":"Home","item":"https:\/\/blog.olimar.de\/"},{"@type":"ListItem","position":2,"name":"Azoren","item":"https:\/\/blog.olimar.de\/tag\/azoren\/"},{"@type":"ListItem","position":3,"name":"Lust auf Urlaub? 11 Highlights aus dem neuen \u201eErlebnisreisen 2024&#8243;-Katalog"}]},{"@type":"WebSite","@id":"https:\/\/blog.olimar.de\/#website","url":"https:\/\/blog.olimar.de\/","name":"OLIMAR.com","description":"","publisher":{"@id":"https:\/\/blog.olimar.de\/#organization"},"potentialAction":[{"@type":"SearchAction","target":{"@type":"EntryPoint","urlTemplate":"https:\/\/blog.olimar.de\/?s={search_term_string}"},"query-input":{"@type":"PropertyValueSpecification","valueRequired":true,"valueName":"search_term_string"}}],"inLanguage":"de"},{"@type":"Organization","@id":"https:\/\/blog.olimar.de\/#organization","name":"OLIMAR Reisen","url":"https:\/\/blog.olimar.de\/","logo":{"@type":"ImageObject","inLanguage":"de","@id":"https:\/\/blog.olimar.de\/#\/schema\/logo\/image\/","url":"https:\/\/blog.olimar.de\/wp-content\/uploads\/2021\/01\/OLIMAR_Logo_COLOR.png","contentUrl":"https:\/\/blog.olimar.de\/wp-content\/uploads\/2021\/01\/OLIMAR_Logo_COLOR.png","width":2000,"height":986,"caption":"OLIMAR Reisen"},"image":{"@id":"https:\/\/blog.olimar.de\/#\/schema\/logo\/image\/"},"sameAs":["https:\/\/www.facebook.com\/OlimarReisen","https:\/\/x.com\/olimarrreisen","https:\/\/www.instagram.com\/olimarreisen","https:\/\/www.youtube.com\/user\/olimarreisen"]}]}},"modified_by":"Wiebke Fix","jetpack_featured_media_url":"https:\/\/blog.olimar.de\/wp-content\/uploads\/2023\/11\/highlights_erlebnisreisen_katalog_2024.jpg","_links":{"self":[{"href":"https:\/\/blog.olimar.de\/wp-json\/wp\/v2\/posts\/26824","targetHints":{"allow":["GET"]}}],"collection":[{"href":"https:\/\/blog.olimar.de\/wp-json\/wp\/v2\/posts"}],"about":[{"href":"https:\/\/blog.olimar.de\/wp-json\/wp\/v2\/types\/post"}],"author":[{"embeddable":true,"href":"https:\/\/blog.olimar.de\/wp-json\/wp\/v2\/users\/87"}],"replies":[{"embeddable":true,"href":"https:\/\/blog.olimar.de\/wp-json\/wp\/v2\/comments?post=26824"}],"version-history":[{"count":37,"href":"https:\/\/blog.olimar.de\/wp-json\/wp\/v2\/posts\/26824\/revisions"}],"predecessor-version":[{"id":27943,"href":"https:\/\/blog.olimar.de\/wp-json\/wp\/v2\/posts\/26824\/revisions\/27943"}],"wp:featuredmedia":[{"embeddable":true,"href":"https:\/\/blog.olimar.de\/wp-json\/wp\/v2\/media\/26829"}],"wp:attachment":[{"href":"https:\/\/blog.olimar.de\/wp-json\/wp\/v2\/media?parent=26824"}],"wp:term":[{"taxonomy":"category","embeddable":true,"href":"https:\/\/blog.olimar.de\/wp-json\/wp\/v2\/categories?post=26824"},{"taxonomy":"post_tag","embeddable":true,"href":"https:\/\/blog.olimar.de\/wp-json\/wp\/v2\/tags?post=26824"}],"curies":[{"name":"wp","href":"https:\/\/api.w.org\/{rel}","templated":true}]}}