{"id":2717,"date":"2015-09-18T12:00:52","date_gmt":"2015-09-18T10:00:52","guid":{"rendered":"https:\/\/blog.olimar.de\/?p=2717"},"modified":"2016-03-24T14:06:22","modified_gmt":"2016-03-24T12:06:22","slug":"traditionelle-gerichte-mit-verfeinerten-rezepten","status":"publish","type":"post","link":"https:\/\/blog.olimar.de\/traditionelle-gerichte-mit-verfeinerten-rezepten\/","title":{"rendered":"Traditionelle Gerichte mit verfeinerten Rezepten"},"content":{"rendered":"<p class=\"intro\">Miguel Castro e Silva z\u00e4hlt zu den besten K\u00fcchenchefs in Portugal. Bohnen, Kartoffeln, Wildpilze: Selbst aus einfachen Zutaten zaubert er ein Kunstwerk. Wir haben mit ihm gesprochen.<\/p>\n<p><span class=\"dropcap\">M<\/span>iguel Castro e Silva geh\u00f6rt inzwischen zu den bekannten Spitzenk\u00f6chen in Portugal. Neben dem \u201eBull &amp; Bear\u201c in Porto, das die Financial Times einst zu den 25 besten Restaurants Europas k\u00fcrte, pr\u00e4sentiert der 54-J\u00e4hrige seine Kreationen im \u201eDe Castro\u201c und \u201eLargo\u201c mitten in Lissabon. Dabei versteht er es, traditionelle Gerichte mit einer geschickten Auswahl an Zutaten geschmacklich zu verfeinern.<\/p>\n<p>\u201eK\u00fcche war immer meine Passion\u201c, sagt Miguel Castro e Silva. Aber lange nicht sein angestrebtes Berufsziel. Mit 18 Jahren geht der aus Porto stammende Deutsch-Portugiese nach Deutschland, um in Kiel und M\u00fcnchen Biologie zu studieren. \u201eKoch war damals kein angesehener Beruf in Portugal\u201c, erz\u00e4hlt er.<\/p>\n<p><img loading=\"lazy\" decoding=\"async\" class=\"alignleft wp-image-2718 size-medium\" src=\"https:\/\/blog.olimar.de\/wp-content\/uploads\/2015\/09\/Chef_MiguelCastroSilva-200x300.jpg\" alt=\"Chefkoch Miguel Castro Silva\" width=\"200\" height=\"300\" srcset=\"https:\/\/blog.olimar.de\/wp-content\/uploads\/2015\/09\/Chef_MiguelCastroSilva-200x300.jpg 200w, https:\/\/blog.olimar.de\/wp-content\/uploads\/2015\/09\/Chef_MiguelCastroSilva.jpg 591w\" sizes=\"auto, (max-width: 200px) 100vw, 200px\" \/>Doch Biologe wurde er anstelle dessen nicht. Er versuchte sich in der Musikbranche, sp\u00e4ter in der Mode. Nebenbei jobbte er in M\u00fcnchner Edel-Restaurants. \u201eMit 31 habe ich dann entschieden, Koch zu sein\u201c, sagt er. Zusammen mit seiner Frau experimentiert er mit portugiesischen Speisen, probiert alte und neue Gerichte aus. \u201eUnsere traditionelle K\u00fcche ist sehr reich. Sie enth\u00e4lt viele lokale Produkte, aber nicht immer werden die Gerichte gut umgesetzt\u201c, so Castro. \u201eMan kann sie viel eleganter und geschmacksintensiver gestalten.\u201c<\/p>\n<p>Wer sich von seinen kulinarischen K\u00fcnsten \u00fcberzeugen will, sollte beim n\u00e4chsten Portugalurlaub eines seiner Restaurants besuchen oder sich selbst an den Herd stellen. Exklusiv f\u00fcr die OLIMAR Sonnenseiten-Leser stellt er eines seiner Herbst- und Winter-Rezepte vor. Wir w\u00fcnschen viel Freude beim Nachkochen! Bom apetite!<\/p>\n<h3><strong>Rezept &#8220;Geschmorte Lammhaxe in einem Sud aus Kichererbsen und Wildpilzen&#8221;<\/strong><\/h3>\n<p><strong>Zutaten:<\/strong><br \/>\n4 Lammkeulen \u00e0 max. 350 g pro St\u00fcck<br \/>\nSalz<br \/>\nOliven\u00f6l<br \/>\nRosmarin<br \/>\nF\u00fcr den Eintopf<br \/>\n1 mittelgro\u00dfe Zwiebel gehackt<br \/>\n120 g Speckw\u00fcrfel<br \/>\n120 g gew\u00fcrfelte Chorizo<br \/>\n60 ml Oliven\u00f6l<br \/>\n120 g Seitlinge<br \/>\n100 g Steinpilze<br \/>\n100 g Totentrompeten<br \/>\n100 g Butter<br \/>\n100 g getrockene Brotw\u00fcrfel<br \/>\n720 g Kichererbsen<br \/>\netwas Salsa<\/p>\n<p><strong>Zubereitung Lammkeule<\/strong><br \/>\nSchneiden Sie die Lammkeule auf und w\u00fcrzen Sie die St\u00fccke mit Salz, Pfeffer und Rosmarin, reiben Sie sie anschlie\u00dfend mit Oliven\u00f6l ein.<br \/>\nDanach im vorgeheizten Backofen bei 140 \u00b0 C f\u00fcr etwa 3 Stunden erw\u00e4rmen, bis sie weich sind.<\/p>\n<p><strong>Zubereitung Eintopf<\/strong><br \/>\nVermischen Sie die Zwiebel mit Speck und Chorizo in Oliven\u00f6l. Das ganze zusammen mit den Pilzen in Butter k\u00f6cheln lassen. F\u00fcgen Sie die Bohnen, Brotw\u00fcrfel und etwas Wasser hinzu, bei schwacher Temperatur erhitzen, bis das Brot sich aufl\u00f6st. Etwas Salsa hinzugeben. Danach bringen Sie den Eintopf zusammen mit dem Lamm in eine Backform und erhitzen Sie beides zusammen f\u00fcr weitere 10 Minuten bei 180 Grad im Ofen.<\/p>\n<p><a href=\"https:\/\/blog.olimar.de\/wp-content\/uploads\/2015\/09\/lamm.jpg\"><img loading=\"lazy\" decoding=\"async\" class=\"aligncenter wp-image-2719 size-medium\" src=\"https:\/\/blog.olimar.de\/wp-content\/uploads\/2015\/09\/lamm-300x200.jpg\" alt=\"Lammkeule auf Kichererbsen\" width=\"300\" height=\"200\" srcset=\"https:\/\/blog.olimar.de\/wp-content\/uploads\/2015\/09\/lamm-300x200.jpg 300w, https:\/\/blog.olimar.de\/wp-content\/uploads\/2015\/09\/lamm-840x560.jpg 840w, https:\/\/blog.olimar.de\/wp-content\/uploads\/2015\/09\/lamm.jpg 864w\" sizes=\"auto, (max-width: 300px) 100vw, 300px\" \/><\/a><\/p>\n<div class=\"green-box\"><strong>Restaurant-Tipps f\u00fcr Lissabon<\/strong><\/p>\n<p>Restaurante Largo<br \/>\nRua Serpa Pinto, 10a<\/p>\n<p>Restaurante de Castro<br \/>\nRua Marcos Portugal, 1 (Pra\u00e7a das Flores)<\/p>\n<p><a href=\"http:\/\/www.miguelcastrosilva.com\" target=\"_blank\">www.miguelcastrosilva.com<\/a><\/div>\n","protected":false},"excerpt":{"rendered":"<p>Miguel Castro e Silva z\u00e4hlt zu den besten K\u00fcchenchefs in Portugal. Bohnen, Kartoffeln, Wildpilze: Selbst aus einfachen Zutaten zaubert er ein Kunstwerk. Wir haben mit ihm gesprochen. Miguel Castro e Silva geh\u00f6rt inzwischen zu den bekannten Spitzenk\u00f6chen in Portugal. Neben dem \u201eBull &amp; Bear\u201c in Porto, das die Financial Times einst zu den 25 besten Restaurants Europas k\u00fcrte, pr\u00e4sentiert der 54-J\u00e4hrige seine Kreationen im \u201eDe Castro\u201c und \u201eLargo\u201c mitten in Lissabon. Dabei versteht er es, traditionelle Gerichte mit einer geschickten Auswahl an Zutaten geschmacklich zu verfeinern. \u201eK\u00fcche war immer meine Passion\u201c, sagt Miguel Castro e Silva. Aber lange nicht sein angestrebtes &hellip;<\/p>\n","protected":false},"author":3,"featured_media":2719,"comment_status":"open","ping_status":"open","sticky":false,"template":"","format":"standard","meta":{"_crdt_document":"","_lmt_disableupdate":"","_lmt_disable":"","footnotes":""},"categories":[30],"tags":[25,34],"class_list":["post-2717","post","type-post","status-publish","format-standard","has-post-thumbnail","hentry","category-kulinarik-genuss","tag-lissabon","tag-portugal"],"yoast_head":"<!-- This site is optimized with the Yoast SEO plugin v26.9 - https:\/\/yoast.com\/product\/yoast-seo-wordpress\/ -->\n<title>Traditionelle Gerichte mit verfeinerten Rezepten<\/title>\n<meta name=\"description\" content=\"Miguel Castro e Silva, einer der besten K\u00fcchenchefs Portugals stellt exklusiv f\u00fcr OLIMAR eines seiner Herbst- und Winter-Rezepte zum Nachkochen vor.\" \/>\n<meta name=\"robots\" content=\"index, follow, max-snippet:-1, max-image-preview:large, max-video-preview:-1\" \/>\n<link rel=\"canonical\" href=\"https:\/\/blog.olimar.de\/traditionelle-gerichte-mit-verfeinerten-rezepten\/\" \/>\n<meta property=\"og:locale\" content=\"de_DE\" \/>\n<meta property=\"og:type\" content=\"article\" \/>\n<meta property=\"og:title\" content=\"Traditionelle Gerichte mit verfeinerten Rezepten\" \/>\n<meta property=\"og:description\" content=\"Miguel Castro e Silva, einer der besten K\u00fcchenchefs Portugals stellt exklusiv f\u00fcr OLIMAR eines seiner Herbst- und Winter-Rezepte zum Nachkochen vor.\" \/>\n<meta property=\"og:url\" content=\"https:\/\/blog.olimar.de\/traditionelle-gerichte-mit-verfeinerten-rezepten\/\" \/>\n<meta property=\"article:publisher\" content=\"https:\/\/www.facebook.com\/OlimarReisen\" \/>\n<meta property=\"article:published_time\" content=\"2015-09-18T10:00:52+00:00\" \/>\n<meta property=\"article:modified_time\" content=\"2016-03-24T12:06:22+00:00\" \/>\n<meta property=\"og:image\" content=\"https:\/\/i0.wp.com\/blog.olimar.de\/wp-content\/uploads\/2015\/09\/lamm.jpg?fit=864%2C577&ssl=1\" \/>\n\t<meta property=\"og:image:width\" content=\"864\" \/>\n\t<meta property=\"og:image:height\" content=\"577\" \/>\n\t<meta property=\"og:image:type\" content=\"image\/jpeg\" \/>\n<meta name=\"author\" content=\"Evelyn Steinbach\" \/>\n<meta name=\"twitter:label1\" content=\"Verfasst von\" \/>\n\t<meta name=\"twitter:data1\" content=\"Evelyn Steinbach\" \/>\n\t<meta name=\"twitter:label2\" content=\"Gesch\u00e4tzte Lesezeit\" \/>\n\t<meta name=\"twitter:data2\" content=\"2\u00a0Minuten\" \/>\n<script type=\"application\/ld+json\" class=\"yoast-schema-graph\">{\"@context\":\"https:\/\/schema.org\",\"@graph\":[{\"@type\":\"WebPage\",\"@id\":\"https:\/\/blog.olimar.de\/traditionelle-gerichte-mit-verfeinerten-rezepten\/\",\"url\":\"https:\/\/blog.olimar.de\/traditionelle-gerichte-mit-verfeinerten-rezepten\/\",\"name\":\"Traditionelle Gerichte mit verfeinerten Rezepten\",\"isPartOf\":{\"@id\":\"https:\/\/blog.olimar.de\/#website\"},\"primaryImageOfPage\":{\"@id\":\"https:\/\/blog.olimar.de\/traditionelle-gerichte-mit-verfeinerten-rezepten\/#primaryimage\"},\"image\":{\"@id\":\"https:\/\/blog.olimar.de\/traditionelle-gerichte-mit-verfeinerten-rezepten\/#primaryimage\"},\"thumbnailUrl\":\"https:\/\/blog.olimar.de\/wp-content\/uploads\/2015\/09\/lamm.jpg\",\"datePublished\":\"2015-09-18T10:00:52+00:00\",\"dateModified\":\"2016-03-24T12:06:22+00:00\",\"description\":\"Miguel Castro e Silva, einer der besten K\u00fcchenchefs Portugals stellt exklusiv f\u00fcr OLIMAR eines seiner Herbst- und Winter-Rezepte zum Nachkochen vor.\",\"breadcrumb\":{\"@id\":\"https:\/\/blog.olimar.de\/traditionelle-gerichte-mit-verfeinerten-rezepten\/#breadcrumb\"},\"inLanguage\":\"de\",\"potentialAction\":[{\"@type\":\"ReadAction\",\"target\":[\"https:\/\/blog.olimar.de\/traditionelle-gerichte-mit-verfeinerten-rezepten\/\"]}]},{\"@type\":\"ImageObject\",\"inLanguage\":\"de\",\"@id\":\"https:\/\/blog.olimar.de\/traditionelle-gerichte-mit-verfeinerten-rezepten\/#primaryimage\",\"url\":\"https:\/\/blog.olimar.de\/wp-content\/uploads\/2015\/09\/lamm.jpg\",\"contentUrl\":\"https:\/\/blog.olimar.de\/wp-content\/uploads\/2015\/09\/lamm.jpg\",\"width\":864,\"height\":577,\"caption\":\"Zubereitete Lammkeule\"},{\"@type\":\"BreadcrumbList\",\"@id\":\"https:\/\/blog.olimar.de\/traditionelle-gerichte-mit-verfeinerten-rezepten\/#breadcrumb\",\"itemListElement\":[{\"@type\":\"ListItem\",\"position\":1,\"name\":\"Home\",\"item\":\"https:\/\/blog.olimar.de\/\"},{\"@type\":\"ListItem\",\"position\":2,\"name\":\"Lissabon\",\"item\":\"https:\/\/blog.olimar.de\/tag\/lissabon\/\"},{\"@type\":\"ListItem\",\"position\":3,\"name\":\"Traditionelle Gerichte mit verfeinerten Rezepten\"}]},{\"@type\":\"WebSite\",\"@id\":\"https:\/\/blog.olimar.de\/#website\",\"url\":\"https:\/\/blog.olimar.de\/\",\"name\":\"OLIMAR.com\",\"description\":\"\",\"publisher\":{\"@id\":\"https:\/\/blog.olimar.de\/#organization\"},\"potentialAction\":[{\"@type\":\"SearchAction\",\"target\":{\"@type\":\"EntryPoint\",\"urlTemplate\":\"https:\/\/blog.olimar.de\/?s={search_term_string}\"},\"query-input\":{\"@type\":\"PropertyValueSpecification\",\"valueRequired\":true,\"valueName\":\"search_term_string\"}}],\"inLanguage\":\"de\"},{\"@type\":\"Organization\",\"@id\":\"https:\/\/blog.olimar.de\/#organization\",\"name\":\"OLIMAR Reisen\",\"url\":\"https:\/\/blog.olimar.de\/\",\"logo\":{\"@type\":\"ImageObject\",\"inLanguage\":\"de\",\"@id\":\"https:\/\/blog.olimar.de\/#\/schema\/logo\/image\/\",\"url\":\"https:\/\/blog.olimar.de\/wp-content\/uploads\/2021\/01\/OLIMAR_Logo_COLOR.png\",\"contentUrl\":\"https:\/\/blog.olimar.de\/wp-content\/uploads\/2021\/01\/OLIMAR_Logo_COLOR.png\",\"width\":2000,\"height\":986,\"caption\":\"OLIMAR Reisen\"},\"image\":{\"@id\":\"https:\/\/blog.olimar.de\/#\/schema\/logo\/image\/\"},\"sameAs\":[\"https:\/\/www.facebook.com\/OlimarReisen\",\"https:\/\/x.com\/olimarrreisen\",\"https:\/\/www.instagram.com\/olimarreisen\",\"https:\/\/www.youtube.com\/user\/olimarreisen\"]}]}<\/script>\n<!-- \/ Yoast SEO plugin. -->","yoast_head_json":{"title":"Traditionelle Gerichte mit verfeinerten Rezepten","description":"Miguel Castro e Silva, einer der besten K\u00fcchenchefs Portugals stellt exklusiv f\u00fcr OLIMAR eines seiner Herbst- und Winter-Rezepte zum Nachkochen vor.","robots":{"index":"index","follow":"follow","max-snippet":"max-snippet:-1","max-image-preview":"max-image-preview:large","max-video-preview":"max-video-preview:-1"},"canonical":"https:\/\/blog.olimar.de\/traditionelle-gerichte-mit-verfeinerten-rezepten\/","og_locale":"de_DE","og_type":"article","og_title":"Traditionelle Gerichte mit verfeinerten Rezepten","og_description":"Miguel Castro e Silva, einer der besten K\u00fcchenchefs Portugals stellt exklusiv f\u00fcr OLIMAR eines seiner Herbst- und Winter-Rezepte zum Nachkochen vor.","og_url":"https:\/\/blog.olimar.de\/traditionelle-gerichte-mit-verfeinerten-rezepten\/","article_publisher":"https:\/\/www.facebook.com\/OlimarReisen","article_published_time":"2015-09-18T10:00:52+00:00","article_modified_time":"2016-03-24T12:06:22+00:00","og_image":[{"width":864,"height":577,"url":"https:\/\/i0.wp.com\/blog.olimar.de\/wp-content\/uploads\/2015\/09\/lamm.jpg?fit=864%2C577&ssl=1","type":"image\/jpeg"}],"author":"Evelyn Steinbach","twitter_misc":{"Verfasst von":"Evelyn Steinbach","Gesch\u00e4tzte Lesezeit":"2\u00a0Minuten"},"schema":{"@context":"https:\/\/schema.org","@graph":[{"@type":"WebPage","@id":"https:\/\/blog.olimar.de\/traditionelle-gerichte-mit-verfeinerten-rezepten\/","url":"https:\/\/blog.olimar.de\/traditionelle-gerichte-mit-verfeinerten-rezepten\/","name":"Traditionelle Gerichte mit verfeinerten Rezepten","isPartOf":{"@id":"https:\/\/blog.olimar.de\/#website"},"primaryImageOfPage":{"@id":"https:\/\/blog.olimar.de\/traditionelle-gerichte-mit-verfeinerten-rezepten\/#primaryimage"},"image":{"@id":"https:\/\/blog.olimar.de\/traditionelle-gerichte-mit-verfeinerten-rezepten\/#primaryimage"},"thumbnailUrl":"https:\/\/blog.olimar.de\/wp-content\/uploads\/2015\/09\/lamm.jpg","datePublished":"2015-09-18T10:00:52+00:00","dateModified":"2016-03-24T12:06:22+00:00","description":"Miguel Castro e Silva, einer der besten K\u00fcchenchefs Portugals stellt exklusiv f\u00fcr OLIMAR eines seiner Herbst- und Winter-Rezepte zum Nachkochen vor.","breadcrumb":{"@id":"https:\/\/blog.olimar.de\/traditionelle-gerichte-mit-verfeinerten-rezepten\/#breadcrumb"},"inLanguage":"de","potentialAction":[{"@type":"ReadAction","target":["https:\/\/blog.olimar.de\/traditionelle-gerichte-mit-verfeinerten-rezepten\/"]}]},{"@type":"ImageObject","inLanguage":"de","@id":"https:\/\/blog.olimar.de\/traditionelle-gerichte-mit-verfeinerten-rezepten\/#primaryimage","url":"https:\/\/blog.olimar.de\/wp-content\/uploads\/2015\/09\/lamm.jpg","contentUrl":"https:\/\/blog.olimar.de\/wp-content\/uploads\/2015\/09\/lamm.jpg","width":864,"height":577,"caption":"Zubereitete Lammkeule"},{"@type":"BreadcrumbList","@id":"https:\/\/blog.olimar.de\/traditionelle-gerichte-mit-verfeinerten-rezepten\/#breadcrumb","itemListElement":[{"@type":"ListItem","position":1,"name":"Home","item":"https:\/\/blog.olimar.de\/"},{"@type":"ListItem","position":2,"name":"Lissabon","item":"https:\/\/blog.olimar.de\/tag\/lissabon\/"},{"@type":"ListItem","position":3,"name":"Traditionelle Gerichte mit verfeinerten Rezepten"}]},{"@type":"WebSite","@id":"https:\/\/blog.olimar.de\/#website","url":"https:\/\/blog.olimar.de\/","name":"OLIMAR.com","description":"","publisher":{"@id":"https:\/\/blog.olimar.de\/#organization"},"potentialAction":[{"@type":"SearchAction","target":{"@type":"EntryPoint","urlTemplate":"https:\/\/blog.olimar.de\/?s={search_term_string}"},"query-input":{"@type":"PropertyValueSpecification","valueRequired":true,"valueName":"search_term_string"}}],"inLanguage":"de"},{"@type":"Organization","@id":"https:\/\/blog.olimar.de\/#organization","name":"OLIMAR Reisen","url":"https:\/\/blog.olimar.de\/","logo":{"@type":"ImageObject","inLanguage":"de","@id":"https:\/\/blog.olimar.de\/#\/schema\/logo\/image\/","url":"https:\/\/blog.olimar.de\/wp-content\/uploads\/2021\/01\/OLIMAR_Logo_COLOR.png","contentUrl":"https:\/\/blog.olimar.de\/wp-content\/uploads\/2021\/01\/OLIMAR_Logo_COLOR.png","width":2000,"height":986,"caption":"OLIMAR Reisen"},"image":{"@id":"https:\/\/blog.olimar.de\/#\/schema\/logo\/image\/"},"sameAs":["https:\/\/www.facebook.com\/OlimarReisen","https:\/\/x.com\/olimarrreisen","https:\/\/www.instagram.com\/olimarreisen","https:\/\/www.youtube.com\/user\/olimarreisen"]}]}},"modified_by":"Katharina","jetpack_featured_media_url":"https:\/\/blog.olimar.de\/wp-content\/uploads\/2015\/09\/lamm.jpg","_links":{"self":[{"href":"https:\/\/blog.olimar.de\/wp-json\/wp\/v2\/posts\/2717","targetHints":{"allow":["GET"]}}],"collection":[{"href":"https:\/\/blog.olimar.de\/wp-json\/wp\/v2\/posts"}],"about":[{"href":"https:\/\/blog.olimar.de\/wp-json\/wp\/v2\/types\/post"}],"author":[{"embeddable":true,"href":"https:\/\/blog.olimar.de\/wp-json\/wp\/v2\/users\/3"}],"replies":[{"embeddable":true,"href":"https:\/\/blog.olimar.de\/wp-json\/wp\/v2\/comments?post=2717"}],"version-history":[{"count":12,"href":"https:\/\/blog.olimar.de\/wp-json\/wp\/v2\/posts\/2717\/revisions"}],"predecessor-version":[{"id":3575,"href":"https:\/\/blog.olimar.de\/wp-json\/wp\/v2\/posts\/2717\/revisions\/3575"}],"wp:featuredmedia":[{"embeddable":true,"href":"https:\/\/blog.olimar.de\/wp-json\/wp\/v2\/media\/2719"}],"wp:attachment":[{"href":"https:\/\/blog.olimar.de\/wp-json\/wp\/v2\/media?parent=2717"}],"wp:term":[{"taxonomy":"category","embeddable":true,"href":"https:\/\/blog.olimar.de\/wp-json\/wp\/v2\/categories?post=2717"},{"taxonomy":"post_tag","embeddable":true,"href":"https:\/\/blog.olimar.de\/wp-json\/wp\/v2\/tags?post=2717"}],"curies":[{"name":"wp","href":"https:\/\/api.w.org\/{rel}","templated":true}]}}