{"id":27188,"date":"2024-01-31T14:51:02","date_gmt":"2024-01-31T13:51:02","guid":{"rendered":"https:\/\/blog.olimar.de\/?p=27188"},"modified":"2026-01-08T11:38:55","modified_gmt":"2026-01-08T10:38:55","slug":"menorca-hotels","status":"publish","type":"post","link":"https:\/\/blog.olimar.de\/menorca-hotels\/","title":{"rendered":"\u00a1Hola Menorca! Waschechte Traumhotels f\u00fcr entspannte Urlaubstage auf der Insel"},"content":{"rendered":"\n<p><strong>Du hattest schon immmer mal Lust, die wundersch\u00f6ne Balearen-Insel Menorca zu entdecken? Wir haben hier Traumhotels f\u00fcr dich, die deinen Urlaub rundum perfekt machen!<\/strong><\/p>\n\n\n\n<div class=\"wp-block-buttons is-layout-flex wp-block-buttons-is-layout-flex\">\n<div class=\"wp-block-button\"><a class=\"wp-block-button__link wp-element-button\" href=\"https:\/\/www.olimar.de\/spanien\/balearen\/menorca\/\" target=\"_blank\" rel=\"noreferrer noopener\">Angebote f\u00fcr deinen Menorca Urlaub<\/a><\/div>\n<\/div>\n\n\n\n<h2>Vestige Son Vell<\/h2>\n\n\n\n<p>Exklusivit\u00e4t und Privatsph\u00e4re bietet dieses brandneue Luxushotel mit nur 34 Zimmern und Suiten auf einem sieben Hektar gro\u00dfen Anwesen samt sorgf\u00e4ltig restauriertem Herrenhaus aus dem 18. Jahrhundert. Das \u201eVestige Son Vell&#8221; empf\u00e4ngt dich s\u00fcdlich von Ciutadella, der \u201egeheimen Hauptstadt&#8221; Menorcas, eingebettet in ein weitl\u00e4ufiges Landgut mit Feldern, Weiden, Zitrus- und Olivenb\u00e4umen sowie einen Landschaftsgarten, \u00fcber den hinweg der Blick bis zur unber\u00fchrten K\u00fcste schweift. Diese liegt weniger als zwei Kilometer entfernt und l\u00e4dt zu Spazierg\u00e4ngen, Fahrradtouren und Schwimmen an versteckten Badepl\u00e4tzen ein.<\/p>\n<p>Die sorgf\u00e4ltige und behutsame Restaurierung des Herrenhauses und der landwirtschaftlichen Geb\u00e4ude wurde durch ein raffiniertes Innendesign von zeitloser Sch\u00f6nheit erg\u00e4nzt. Sowohl die \u00f6ffentlichen R\u00e4ume als auch die Zimmer und Suiten sind mit ma\u00dfgeschneiderten M\u00f6beln und modernstem Wohnkomfort ausgestattet.<\/p>\n<p>In zwei Restaurants genie\u00dft du eine hochwertige Mittelmeerk\u00fcche aus frischen, lokalen Zutaten, wobei menorquinische Traditionen durch innovative Kochtechniken veredelt werden. Freue dich zudem auf zwei Pools, von denen einer in Naturstein eingefasst ist und den Grundriss eines antiken Stadions hat. Bringe bei einer Yoga-Session oder bei einer Massage K\u00f6rper und Geist in Einklang und erkunde auch den nahe gelegenen Cam\u00ed de Cavalls, Menorcas ber\u00fchmten Weg f\u00fcr Reiter, Wanderer und Biker, der die Insel komplett umrundet.<\/p>\n\n\n\n<figure class=\"wp-block-gallery has-nested-images columns-default is-cropped wp-block-gallery-1 is-layout-flex wp-block-gallery-is-layout-flex\">\n<figure class=\"wp-block-image size-large\"><a href=\"https:\/\/www.olimar.com\/mah111\/\" target=\"_blank\" rel=\"noreferrer noopener\"><img loading=\"lazy\" decoding=\"async\" width=\"1024\" height=\"683\" data-id=\"27190\" src=\"https:\/\/blog.olimar.de\/wp-content\/uploads\/2024\/01\/MAH111-p-Pool2024A-1024x683.jpg\" alt=\"Menorca Vestige Son Vell Pool\" class=\"wp-image-27190\" srcset=\"https:\/\/blog.olimar.de\/wp-content\/uploads\/2024\/01\/MAH111-p-Pool2024A-1024x683.jpg 1024w, https:\/\/blog.olimar.de\/wp-content\/uploads\/2024\/01\/MAH111-p-Pool2024A-300x200.jpg 300w, https:\/\/blog.olimar.de\/wp-content\/uploads\/2024\/01\/MAH111-p-Pool2024A-768x512.jpg 768w, https:\/\/blog.olimar.de\/wp-content\/uploads\/2024\/01\/MAH111-p-Pool2024A-1536x1024.jpg 1536w, https:\/\/blog.olimar.de\/wp-content\/uploads\/2024\/01\/MAH111-p-Pool2024A-840x560.jpg 840w, https:\/\/blog.olimar.de\/wp-content\/uploads\/2024\/01\/MAH111-p-Pool2024A-1200x800.jpg 1200w, https:\/\/blog.olimar.de\/wp-content\/uploads\/2024\/01\/MAH111-p-Pool2024A.jpg 1620w\" sizes=\"auto, (max-width: 1024px) 100vw, 1024px\" \/><\/a><\/figure>\n\n\n\n<figure class=\"wp-block-image size-large\"><a href=\"https:\/\/www.olimar.com\/mah111\/\" target=\"_blank\" rel=\"noreferrer noopener\"><img loading=\"lazy\" decoding=\"async\" width=\"1024\" height=\"671\" data-id=\"27189\" src=\"https:\/\/blog.olimar.de\/wp-content\/uploads\/2024\/01\/MAH111-z-GardenDeluxeSuperior2024-1024x671.jpg\" alt=\"Menorca Vestige Son Vell Wohnbeispiel\" class=\"wp-image-27189\" srcset=\"https:\/\/blog.olimar.de\/wp-content\/uploads\/2024\/01\/MAH111-z-GardenDeluxeSuperior2024-1024x671.jpg 1024w, https:\/\/blog.olimar.de\/wp-content\/uploads\/2024\/01\/MAH111-z-GardenDeluxeSuperior2024-300x197.jpg 300w, https:\/\/blog.olimar.de\/wp-content\/uploads\/2024\/01\/MAH111-z-GardenDeluxeSuperior2024-768x504.jpg 768w, https:\/\/blog.olimar.de\/wp-content\/uploads\/2024\/01\/MAH111-z-GardenDeluxeSuperior2024-1536x1007.jpg 1536w, https:\/\/blog.olimar.de\/wp-content\/uploads\/2024\/01\/MAH111-z-GardenDeluxeSuperior2024.jpg 1647w\" sizes=\"auto, (max-width: 1024px) 100vw, 1024px\" \/><\/a><\/figure>\n<\/figure>\n\n\n\n<div style=\"height:15px\" aria-hidden=\"true\" class=\"wp-block-spacer\"><\/div>\n\n\n\n<div class=\"wp-block-buttons is-layout-flex wp-block-buttons-is-layout-flex\">\n<div class=\"wp-block-button\"><a class=\"wp-block-button__link wp-element-button\" href=\"https:\/\/www.olimar.com\/mah111\/\" target=\"_blank\" rel=\"noreferrer noopener\">Vestige Son Vell: mehr Infos &amp; Buchung<\/a><\/div>\n<\/div>\n\n\n\n<h2>La Quinta Menorca by PortBlue Boutique<\/h2>\n\n\n\n<p>Das 5-Sterne-Hotel exklusiv f\u00fcr erwachsene G\u00e4ste erwartet dich im S\u00fcdwesten Menorcas in ruhiger Lage am Rand des kleinen K\u00fcstenortes Son Xoriguer, nur wenige Gehminuten vom Meer mit kristallklarem Wasser und der Badebucht Cala en Bosch entfernt. Sehr ansprechend ist die vom Kolonialstil inspirierte Architektur mit zwei- bis dreist\u00f6ckigen Geb\u00e4uden rund um den Pool.<\/p>\n<p>Die Innenr\u00e4ume sind mit Originalkunstwerken hiesiger K\u00fcnstler dekoriert und beherbergen nur 82 G\u00e4stezimmer, die sehr geschmackvoll sind, allesamt mit Balkon oder Terrasse sowie Blick auf den Pool.<\/p>\n<p>Als erstklassig zu bezeichnen sind der zuvorkommende Service sowie die gehobene Gastronomie mit internationaler und mediterraner K\u00fcche aus marktfrischen Zutaten.\u00a0<\/p>\n\n\n\n<figure class=\"wp-block-gallery has-nested-images columns-default is-cropped wp-block-gallery-2 is-layout-flex wp-block-gallery-is-layout-flex\">\n<figure class=\"wp-block-image size-large\"><img loading=\"lazy\" decoding=\"async\" width=\"1024\" height=\"683\" data-id=\"29507\" src=\"https:\/\/blog.olimar.de\/wp-content\/uploads\/2024\/01\/MAH121-p-Pool2022A-1024x683.jpg\" alt=\"La Quinta Menorca by PortBlue Boutique Pool\" class=\"wp-image-29507\" srcset=\"https:\/\/blog.olimar.de\/wp-content\/uploads\/2024\/01\/MAH121-p-Pool2022A-1024x683.jpg 1024w, https:\/\/blog.olimar.de\/wp-content\/uploads\/2024\/01\/MAH121-p-Pool2022A-300x200.jpg 300w, https:\/\/blog.olimar.de\/wp-content\/uploads\/2024\/01\/MAH121-p-Pool2022A-768x512.jpg 768w, https:\/\/blog.olimar.de\/wp-content\/uploads\/2024\/01\/MAH121-p-Pool2022A-1536x1024.jpg 1536w, https:\/\/blog.olimar.de\/wp-content\/uploads\/2024\/01\/MAH121-p-Pool2022A-840x560.jpg 840w, https:\/\/blog.olimar.de\/wp-content\/uploads\/2024\/01\/MAH121-p-Pool2022A-1200x800.jpg 1200w, https:\/\/blog.olimar.de\/wp-content\/uploads\/2024\/01\/MAH121-p-Pool2022A.jpg 1620w\" sizes=\"auto, (max-width: 1024px) 100vw, 1024px\" \/><\/figure>\n\n\n\n<figure class=\"wp-block-image size-large\"><img loading=\"lazy\" decoding=\"async\" width=\"1024\" height=\"627\" data-id=\"29506\" src=\"https:\/\/blog.olimar.de\/wp-content\/uploads\/2024\/01\/MAH121-z-StandardTerrasse2022A-1024x627.jpg\" alt=\"La Quinta Menorca by PortBlue Boutique Zimmerbeispiel\" class=\"wp-image-29506\" srcset=\"https:\/\/blog.olimar.de\/wp-content\/uploads\/2024\/01\/MAH121-z-StandardTerrasse2022A-1024x627.jpg 1024w, https:\/\/blog.olimar.de\/wp-content\/uploads\/2024\/01\/MAH121-z-StandardTerrasse2022A-300x184.jpg 300w, https:\/\/blog.olimar.de\/wp-content\/uploads\/2024\/01\/MAH121-z-StandardTerrasse2022A-768x470.jpg 768w, https:\/\/blog.olimar.de\/wp-content\/uploads\/2024\/01\/MAH121-z-StandardTerrasse2022A-1536x940.jpg 1536w, https:\/\/blog.olimar.de\/wp-content\/uploads\/2024\/01\/MAH121-z-StandardTerrasse2022A.jpg 1764w\" sizes=\"auto, (max-width: 1024px) 100vw, 1024px\" \/><\/figure>\n<\/figure>\n\n\n\n<div style=\"height:15px\" aria-hidden=\"true\" class=\"wp-block-spacer\"><\/div>\n\n\n\n<div class=\"wp-block-buttons is-layout-flex wp-block-buttons-is-layout-flex\">\n<div class=\"wp-block-button\"><a class=\"wp-block-button__link wp-element-button\" href=\"https:\/\/www.olimar.de\/MAH121\/\" target=\"_blank\" rel=\"noreferrer noopener\">La Quinta Menorca by PortBlue Boutique: mehr Infos &amp; Buchung<\/a><\/div>\n<\/div>\n\n\n\n<div style=\"height:15px\" aria-hidden=\"true\" class=\"wp-block-spacer\"><\/div>\n\n\n\n<div class=\"wp-block-buttons is-layout-flex wp-block-buttons-is-layout-flex\">\n<div class=\"wp-block-button\"><a class=\"wp-block-button__link wp-element-button\" href=\"https:\/\/www.olimar.de\/hotellistung\/\" target=\"_blank\" rel=\"noreferrer noopener\">Jetzt Urlaubsangebote finden und buchen<\/a><\/div>\n<\/div>\n","protected":false},"excerpt":{"rendered":"<p>Ein Urlaub auf Menorca verspricht neben wundersch\u00f6nen Str\u00e4nden und gutem Essen auch tolle Hotels, in denen du dich perfekt vom Alltag erholen kannst!<\/p>\n","protected":false},"author":87,"featured_media":27211,"comment_status":"open","ping_status":"open","sticky":false,"template":"","format":"standard","meta":{"_crdt_document":"","_lmt_disableupdate":"","_lmt_disable":"","footnotes":""},"categories":[1,32,165],"tags":[329,196,328,20,62],"class_list":["post-27188","post","type-post","status-publish","format-standard","has-post-thumbnail","hentry","category-allgemein","category-hoteltipps","category-reisethemen","tag-balearen","tag-hoteltipps","tag-menorca","tag-slider","tag-spanien"],"yoast_head":"<!-- This site is optimized with the Yoast SEO plugin v26.9 - https:\/\/yoast.com\/product\/yoast-seo-wordpress\/ -->\n<title>Menorca: Hotels f\u00fcr deinen Traumurlaub auf der Balearen-Insel!<\/title>\n<meta name=\"description\" content=\"Du m\u00f6chtest gern nach Menorca und suchst nach Hotels f\u00fcr deinen Urlaub? Wir stellen dir hier unsere Favoriten vor!\" \/>\n<meta name=\"robots\" content=\"index, follow, max-snippet:-1, max-image-preview:large, max-video-preview:-1\" \/>\n<link rel=\"canonical\" href=\"https:\/\/blog.olimar.de\/menorca-hotels\/\" \/>\n<meta property=\"og:locale\" content=\"de_DE\" \/>\n<meta property=\"og:type\" content=\"article\" \/>\n<meta property=\"og:title\" content=\"Menorca: Hotels f\u00fcr deinen Traumurlaub auf der Balearen-Insel!\" \/>\n<meta property=\"og:description\" content=\"Du m\u00f6chtest gern nach Menorca und suchst nach Hotels f\u00fcr deinen Urlaub? Wir stellen dir hier unsere Favoriten vor!\" \/>\n<meta property=\"og:url\" content=\"https:\/\/blog.olimar.de\/menorca-hotels\/\" \/>\n<meta property=\"article:publisher\" content=\"https:\/\/www.facebook.com\/OlimarReisen\" \/>\n<meta property=\"article:published_time\" content=\"2024-01-31T13:51:02+00:00\" \/>\n<meta property=\"article:modified_time\" content=\"2026-01-08T10:38:55+00:00\" \/>\n<meta property=\"og:image\" content=\"https:\/\/blog.olimar.de\/wp-content\/uploads\/2024\/01\/menorca_hotels.jpg\" \/>\n\t<meta property=\"og:image:width\" content=\"1280\" \/>\n\t<meta property=\"og:image:height\" content=\"720\" \/>\n\t<meta property=\"og:image:type\" content=\"image\/jpeg\" \/>\n<meta name=\"author\" content=\"Julia Windh\u00f6vel\" \/>\n<meta name=\"twitter:label1\" content=\"Verfasst von\" \/>\n\t<meta name=\"twitter:data1\" content=\"Julia Windh\u00f6vel\" \/>\n\t<meta name=\"twitter:label2\" content=\"Gesch\u00e4tzte Lesezeit\" \/>\n\t<meta name=\"twitter:data2\" content=\"3\u00a0Minuten\" \/>\n<script type=\"application\/ld+json\" class=\"yoast-schema-graph\">{\"@context\":\"https:\/\/schema.org\",\"@graph\":[{\"@type\":\"WebPage\",\"@id\":\"https:\/\/blog.olimar.de\/menorca-hotels\/\",\"url\":\"https:\/\/blog.olimar.de\/menorca-hotels\/\",\"name\":\"Menorca: Hotels f\u00fcr deinen Traumurlaub auf der Balearen-Insel!\",\"isPartOf\":{\"@id\":\"https:\/\/blog.olimar.de\/#website\"},\"primaryImageOfPage\":{\"@id\":\"https:\/\/blog.olimar.de\/menorca-hotels\/#primaryimage\"},\"image\":{\"@id\":\"https:\/\/blog.olimar.de\/menorca-hotels\/#primaryimage\"},\"thumbnailUrl\":\"https:\/\/blog.olimar.de\/wp-content\/uploads\/2024\/01\/menorca_hotels.jpg\",\"datePublished\":\"2024-01-31T13:51:02+00:00\",\"dateModified\":\"2026-01-08T10:38:55+00:00\",\"description\":\"Du m\u00f6chtest gern nach Menorca und suchst nach Hotels f\u00fcr deinen Urlaub? Wir stellen dir hier unsere Favoriten vor!\",\"breadcrumb\":{\"@id\":\"https:\/\/blog.olimar.de\/menorca-hotels\/#breadcrumb\"},\"inLanguage\":\"de\",\"potentialAction\":[{\"@type\":\"ReadAction\",\"target\":[\"https:\/\/blog.olimar.de\/menorca-hotels\/\"]}]},{\"@type\":\"ImageObject\",\"inLanguage\":\"de\",\"@id\":\"https:\/\/blog.olimar.de\/menorca-hotels\/#primaryimage\",\"url\":\"https:\/\/blog.olimar.de\/wp-content\/uploads\/2024\/01\/menorca_hotels.jpg\",\"contentUrl\":\"https:\/\/blog.olimar.de\/wp-content\/uploads\/2024\/01\/menorca_hotels.jpg\",\"width\":1280,\"height\":720,\"caption\":\"Menorca Hotels\"},{\"@type\":\"BreadcrumbList\",\"@id\":\"https:\/\/blog.olimar.de\/menorca-hotels\/#breadcrumb\",\"itemListElement\":[{\"@type\":\"ListItem\",\"position\":1,\"name\":\"Home\",\"item\":\"https:\/\/blog.olimar.de\/\"},{\"@type\":\"ListItem\",\"position\":2,\"name\":\"Balearen\",\"item\":\"https:\/\/blog.olimar.de\/tag\/balearen\/\"},{\"@type\":\"ListItem\",\"position\":3,\"name\":\"\u00a1Hola Menorca! Waschechte Traumhotels f\u00fcr entspannte Urlaubstage auf der Insel\"}]},{\"@type\":\"WebSite\",\"@id\":\"https:\/\/blog.olimar.de\/#website\",\"url\":\"https:\/\/blog.olimar.de\/\",\"name\":\"OLIMAR.com\",\"description\":\"\",\"publisher\":{\"@id\":\"https:\/\/blog.olimar.de\/#organization\"},\"potentialAction\":[{\"@type\":\"SearchAction\",\"target\":{\"@type\":\"EntryPoint\",\"urlTemplate\":\"https:\/\/blog.olimar.de\/?s={search_term_string}\"},\"query-input\":{\"@type\":\"PropertyValueSpecification\",\"valueRequired\":true,\"valueName\":\"search_term_string\"}}],\"inLanguage\":\"de\"},{\"@type\":\"Organization\",\"@id\":\"https:\/\/blog.olimar.de\/#organization\",\"name\":\"OLIMAR Reisen\",\"url\":\"https:\/\/blog.olimar.de\/\",\"logo\":{\"@type\":\"ImageObject\",\"inLanguage\":\"de\",\"@id\":\"https:\/\/blog.olimar.de\/#\/schema\/logo\/image\/\",\"url\":\"https:\/\/blog.olimar.de\/wp-content\/uploads\/2021\/01\/OLIMAR_Logo_COLOR.png\",\"contentUrl\":\"https:\/\/blog.olimar.de\/wp-content\/uploads\/2021\/01\/OLIMAR_Logo_COLOR.png\",\"width\":2000,\"height\":986,\"caption\":\"OLIMAR Reisen\"},\"image\":{\"@id\":\"https:\/\/blog.olimar.de\/#\/schema\/logo\/image\/\"},\"sameAs\":[\"https:\/\/www.facebook.com\/OlimarReisen\",\"https:\/\/x.com\/olimarrreisen\",\"https:\/\/www.instagram.com\/olimarreisen\",\"https:\/\/www.youtube.com\/user\/olimarreisen\"]}]}<\/script>\n<!-- \/ Yoast SEO plugin. -->","yoast_head_json":{"title":"Menorca: Hotels f\u00fcr deinen Traumurlaub auf der Balearen-Insel!","description":"Du m\u00f6chtest gern nach Menorca und suchst nach Hotels f\u00fcr deinen Urlaub? Wir stellen dir hier unsere Favoriten vor!","robots":{"index":"index","follow":"follow","max-snippet":"max-snippet:-1","max-image-preview":"max-image-preview:large","max-video-preview":"max-video-preview:-1"},"canonical":"https:\/\/blog.olimar.de\/menorca-hotels\/","og_locale":"de_DE","og_type":"article","og_title":"Menorca: Hotels f\u00fcr deinen Traumurlaub auf der Balearen-Insel!","og_description":"Du m\u00f6chtest gern nach Menorca und suchst nach Hotels f\u00fcr deinen Urlaub? Wir stellen dir hier unsere Favoriten vor!","og_url":"https:\/\/blog.olimar.de\/menorca-hotels\/","article_publisher":"https:\/\/www.facebook.com\/OlimarReisen","article_published_time":"2024-01-31T13:51:02+00:00","article_modified_time":"2026-01-08T10:38:55+00:00","og_image":[{"width":1280,"height":720,"url":"https:\/\/blog.olimar.de\/wp-content\/uploads\/2024\/01\/menorca_hotels.jpg","type":"image\/jpeg"}],"author":"Julia Windh\u00f6vel","twitter_misc":{"Verfasst von":"Julia Windh\u00f6vel","Gesch\u00e4tzte Lesezeit":"3\u00a0Minuten"},"schema":{"@context":"https:\/\/schema.org","@graph":[{"@type":"WebPage","@id":"https:\/\/blog.olimar.de\/menorca-hotels\/","url":"https:\/\/blog.olimar.de\/menorca-hotels\/","name":"Menorca: Hotels f\u00fcr deinen Traumurlaub auf der Balearen-Insel!","isPartOf":{"@id":"https:\/\/blog.olimar.de\/#website"},"primaryImageOfPage":{"@id":"https:\/\/blog.olimar.de\/menorca-hotels\/#primaryimage"},"image":{"@id":"https:\/\/blog.olimar.de\/menorca-hotels\/#primaryimage"},"thumbnailUrl":"https:\/\/blog.olimar.de\/wp-content\/uploads\/2024\/01\/menorca_hotels.jpg","datePublished":"2024-01-31T13:51:02+00:00","dateModified":"2026-01-08T10:38:55+00:00","description":"Du m\u00f6chtest gern nach Menorca und suchst nach Hotels f\u00fcr deinen Urlaub? Wir stellen dir hier unsere Favoriten vor!","breadcrumb":{"@id":"https:\/\/blog.olimar.de\/menorca-hotels\/#breadcrumb"},"inLanguage":"de","potentialAction":[{"@type":"ReadAction","target":["https:\/\/blog.olimar.de\/menorca-hotels\/"]}]},{"@type":"ImageObject","inLanguage":"de","@id":"https:\/\/blog.olimar.de\/menorca-hotels\/#primaryimage","url":"https:\/\/blog.olimar.de\/wp-content\/uploads\/2024\/01\/menorca_hotels.jpg","contentUrl":"https:\/\/blog.olimar.de\/wp-content\/uploads\/2024\/01\/menorca_hotels.jpg","width":1280,"height":720,"caption":"Menorca Hotels"},{"@type":"BreadcrumbList","@id":"https:\/\/blog.olimar.de\/menorca-hotels\/#breadcrumb","itemListElement":[{"@type":"ListItem","position":1,"name":"Home","item":"https:\/\/blog.olimar.de\/"},{"@type":"ListItem","position":2,"name":"Balearen","item":"https:\/\/blog.olimar.de\/tag\/balearen\/"},{"@type":"ListItem","position":3,"name":"\u00a1Hola Menorca! Waschechte Traumhotels f\u00fcr entspannte Urlaubstage auf der Insel"}]},{"@type":"WebSite","@id":"https:\/\/blog.olimar.de\/#website","url":"https:\/\/blog.olimar.de\/","name":"OLIMAR.com","description":"","publisher":{"@id":"https:\/\/blog.olimar.de\/#organization"},"potentialAction":[{"@type":"SearchAction","target":{"@type":"EntryPoint","urlTemplate":"https:\/\/blog.olimar.de\/?s={search_term_string}"},"query-input":{"@type":"PropertyValueSpecification","valueRequired":true,"valueName":"search_term_string"}}],"inLanguage":"de"},{"@type":"Organization","@id":"https:\/\/blog.olimar.de\/#organization","name":"OLIMAR Reisen","url":"https:\/\/blog.olimar.de\/","logo":{"@type":"ImageObject","inLanguage":"de","@id":"https:\/\/blog.olimar.de\/#\/schema\/logo\/image\/","url":"https:\/\/blog.olimar.de\/wp-content\/uploads\/2021\/01\/OLIMAR_Logo_COLOR.png","contentUrl":"https:\/\/blog.olimar.de\/wp-content\/uploads\/2021\/01\/OLIMAR_Logo_COLOR.png","width":2000,"height":986,"caption":"OLIMAR Reisen"},"image":{"@id":"https:\/\/blog.olimar.de\/#\/schema\/logo\/image\/"},"sameAs":["https:\/\/www.facebook.com\/OlimarReisen","https:\/\/x.com\/olimarrreisen","https:\/\/www.instagram.com\/olimarreisen","https:\/\/www.youtube.com\/user\/olimarreisen"]}]}},"modified_by":"Julia Windh\u00f6vel","jetpack_featured_media_url":"https:\/\/blog.olimar.de\/wp-content\/uploads\/2024\/01\/menorca_hotels.jpg","_links":{"self":[{"href":"https:\/\/blog.olimar.de\/wp-json\/wp\/v2\/posts\/27188","targetHints":{"allow":["GET"]}}],"collection":[{"href":"https:\/\/blog.olimar.de\/wp-json\/wp\/v2\/posts"}],"about":[{"href":"https:\/\/blog.olimar.de\/wp-json\/wp\/v2\/types\/post"}],"author":[{"embeddable":true,"href":"https:\/\/blog.olimar.de\/wp-json\/wp\/v2\/users\/87"}],"replies":[{"embeddable":true,"href":"https:\/\/blog.olimar.de\/wp-json\/wp\/v2\/comments?post=27188"}],"version-history":[{"count":24,"href":"https:\/\/blog.olimar.de\/wp-json\/wp\/v2\/posts\/27188\/revisions"}],"predecessor-version":[{"id":29513,"href":"https:\/\/blog.olimar.de\/wp-json\/wp\/v2\/posts\/27188\/revisions\/29513"}],"wp:featuredmedia":[{"embeddable":true,"href":"https:\/\/blog.olimar.de\/wp-json\/wp\/v2\/media\/27211"}],"wp:attachment":[{"href":"https:\/\/blog.olimar.de\/wp-json\/wp\/v2\/media?parent=27188"}],"wp:term":[{"taxonomy":"category","embeddable":true,"href":"https:\/\/blog.olimar.de\/wp-json\/wp\/v2\/categories?post=27188"},{"taxonomy":"post_tag","embeddable":true,"href":"https:\/\/blog.olimar.de\/wp-json\/wp\/v2\/tags?post=27188"}],"curies":[{"name":"wp","href":"https:\/\/api.w.org\/{rel}","templated":true}]}}