{"id":2728,"date":"2015-09-17T11:55:49","date_gmt":"2015-09-17T09:55:49","guid":{"rendered":"https:\/\/blog.olimar.de\/?p=2728"},"modified":"2023-03-04T08:25:10","modified_gmt":"2023-03-04T07:25:10","slug":"galicien-naturreichtuemer","status":"publish","type":"post","link":"https:\/\/blog.olimar.de\/galicien-naturreichtuemer\/","title":{"rendered":"Wilde Str\u00e4nde, Miesmuscheln und die R\u00edas: Galiciens Naturreicht\u00fcmer"},"content":{"rendered":"<p class=\"intro\"><strong>In Galicien sind die Grenzen zwischen Erde und Meer flie\u00dfend. Beide Elemente verschmelzen miteinander an einer 1300 Kilometer langen K\u00fcste mit 772 Str\u00e4nden und fu\u0308nf Meeresarmen, den so genannten \u201eR\u00edas\u201c. Eine Reise durch diese Region im \u00e4u\u00dfersten Nordwesten Spaniens verspricht jedem Reisenden ein einmaliges Erlebnis zu werden, denn hier befinden sich Regionen mit \u00fcber 2000 Jahre alter Geschichte, alte St\u00e4dte mit lebendigem Flair und eine wundervolle Natur mit ihren vielen Fl\u00fcssen, Quellen und Weinbergen.<\/strong><\/p>\n<p>Galicien \u00fcberrascht in jeder Hinsicht. Wenn Sie von der Nordk\u00fcste starten, entdecken Sie als erstes, kurz nach der Grenze von Asturien, das kleine St\u00e4dtchen Ribadeo, in dessen Umkreis viele kleine, Natur belassene Str\u00e4nden liegen. Einer davon, die Playa las Catedrales, ist mittlerweile so ber\u00fchmt geworden, dass in der Sommersaison Scharen von Touristen herbeistr\u00f6men, um die vielen Felsformationen zu sehen, die durch ihre Rundungen und B\u00f6gen den Formen von Kirchen und Kathedralen \u00e4hneln und im Zusammenspiel mit Licht und Meeresfluten ein beeindruckendes Schauspiel bieten. Der Strand ist \u00fcbrigens nur morgens bei Ebbe betretbar. Am fr\u00fchen Nachmittag werden die Felsen und H\u00f6hlen bereits wieder vom Atlantik umsp\u00fclt. Die Playa las Catedrales ist nur ein Beispiel der zahlreichen, oft langgezogenen, Str\u00e4nde im Norden der spanischen K\u00fcste.<\/p>\n<div id=\"attachment_2733\" style=\"width: 930px\" class=\"wp-caption alignleft\"><img loading=\"lazy\" decoding=\"async\" aria-describedby=\"caption-attachment-2733\" class=\"wp-image-2733 size-full\" src=\"https:\/\/blog.olimar.de\/wp-content\/uploads\/2015\/09\/IMG_5857.jpg\" alt=\"Playa las Catedrales, Galicien\" width=\"920\" height=\"614\" srcset=\"https:\/\/blog.olimar.de\/wp-content\/uploads\/2015\/09\/IMG_5857.jpg 920w, https:\/\/blog.olimar.de\/wp-content\/uploads\/2015\/09\/IMG_5857-300x200.jpg 300w, https:\/\/blog.olimar.de\/wp-content\/uploads\/2015\/09\/IMG_5857-840x560.jpg 840w\" sizes=\"auto, (max-width: 920px) 100vw, 920px\" \/><p id=\"caption-attachment-2733\" class=\"wp-caption-text\">An der ber\u00fchmten Playa las Catedrales<\/p><\/div>\n<p>Ganz anders sieht die Region im S\u00fcden aus. Auf der Halbinsel Arousa beispielsweise finden sich kleine Str\u00e4nde wie die Playa Secada im Nordwesten. Hinter einem dichten Pinienwald verstecken sich hier kleine, idyllische Sandbuchten. Allerdings ist die weite, freie Sicht oft getr\u00fcbt, denn vor der K\u00fcste werden Miesmuscheln auf gro\u00dfen quadratischen Zuchtstationen gez\u00fcchtet. Am Hafen des kleinen Eilandes, dem Puerto Xucxo, gibt es daf\u00fcr einige gute Fischlokale, wo Sie die frischen Miesmuscheln gleich probieren k\u00f6nnen.<\/p>\n<div id='gallery-1' class='gallery galleryid-2728 gallery-columns-3 gallery-size-thumbnail'><dl class='gallery-item'>\n\t\t\t<dt class='gallery-icon landscape'>\n\t\t\t\t<img loading=\"lazy\" decoding=\"async\" width=\"150\" height=\"150\" src=\"https:\/\/blog.olimar.de\/wp-content\/uploads\/2015\/09\/MIesmuscheln_Arousa_EST-150x150.jpg\" class=\"attachment-thumbnail size-thumbnail\" alt=\"Miesmuschel Zuchtstationen im Meer bei Galicien\" srcset=\"https:\/\/blog.olimar.de\/wp-content\/uploads\/2015\/09\/MIesmuscheln_Arousa_EST-150x150.jpg 150w, https:\/\/blog.olimar.de\/wp-content\/uploads\/2015\/09\/MIesmuscheln_Arousa_EST-120x120.jpg 120w\" sizes=\"auto, (max-width: 150px) 100vw, 150px\" \/>\n\t\t\t<\/dt><\/dl><dl class='gallery-item'>\n\t\t\t<dt class='gallery-icon landscape'>\n\t\t\t\t<img loading=\"lazy\" decoding=\"async\" width=\"150\" height=\"150\" src=\"https:\/\/blog.olimar.de\/wp-content\/uploads\/2015\/09\/Arousa_Strand_EST-150x150.jpg\" class=\"attachment-thumbnail size-thumbnail\" alt=\"Idyllische Sandbucht auf der Halbinsel Arousa\" srcset=\"https:\/\/blog.olimar.de\/wp-content\/uploads\/2015\/09\/Arousa_Strand_EST-150x150.jpg 150w, https:\/\/blog.olimar.de\/wp-content\/uploads\/2015\/09\/Arousa_Strand_EST-120x120.jpg 120w\" sizes=\"auto, (max-width: 150px) 100vw, 150px\" \/>\n\t\t\t<\/dt><\/dl><dl class='gallery-item'>\n\t\t\t<dt class='gallery-icon landscape'>\n\t\t\t\t<img loading=\"lazy\" decoding=\"async\" width=\"150\" height=\"150\" src=\"https:\/\/blog.olimar.de\/wp-content\/uploads\/2015\/09\/Arousa_Strand_2_EST-150x150.jpg\" class=\"attachment-thumbnail size-thumbnail\" alt=\"Strand auf der Halbinsel Arousa in Galicien\" srcset=\"https:\/\/blog.olimar.de\/wp-content\/uploads\/2015\/09\/Arousa_Strand_2_EST-150x150.jpg 150w, https:\/\/blog.olimar.de\/wp-content\/uploads\/2015\/09\/Arousa_Strand_2_EST-120x120.jpg 120w\" sizes=\"auto, (max-width: 150px) 100vw, 150px\" \/>\n\t\t\t<\/dt><\/dl><br style=\"clear: both\" \/>\n\t\t<\/div>\n\n<p>Etwas weiter s\u00fcdlich befindet sich mit O Grove der Lieblingsstrand aller Galicier. La Lanzada \u2013 sieben Kilometer lang und hinter den D\u00fcnen gelegen \u2013 bietet feinen Sand und Platz f\u00fcr alle, jedoch ist es hier oftmals auch etwas windig. Wer es lieber etwas windstiller mag, f\u00e4hrt auf die Westseite von O Grove: Hier befinden sich viele kleinere und ebenso h\u00fcbsche Str\u00e4nde, wo man selbst in der Hochsaison noch ein h\u00fcbsches Pl\u00e4tzchen f\u00fcr sich findet.<\/p>\n<div id='gallery-2' class='gallery galleryid-2728 gallery-columns-3 gallery-size-thumbnail'><dl class='gallery-item'>\n\t\t\t<dt class='gallery-icon landscape'>\n\t\t\t\t<img loading=\"lazy\" decoding=\"async\" width=\"150\" height=\"150\" src=\"https:\/\/blog.olimar.de\/wp-content\/uploads\/2015\/09\/O_Grove_2_EST-150x150.jpg\" class=\"attachment-thumbnail size-thumbnail\" alt=\"Sandstrand in Galicien\" srcset=\"https:\/\/blog.olimar.de\/wp-content\/uploads\/2015\/09\/O_Grove_2_EST-150x150.jpg 150w, https:\/\/blog.olimar.de\/wp-content\/uploads\/2015\/09\/O_Grove_2_EST-120x120.jpg 120w\" sizes=\"auto, (max-width: 150px) 100vw, 150px\" \/>\n\t\t\t<\/dt><\/dl><dl class='gallery-item'>\n\t\t\t<dt class='gallery-icon landscape'>\n\t\t\t\t<img loading=\"lazy\" decoding=\"async\" width=\"150\" height=\"150\" src=\"https:\/\/blog.olimar.de\/wp-content\/uploads\/2015\/09\/O_Grove_Bucht_EST-150x150.jpg\" class=\"attachment-thumbnail size-thumbnail\" alt=\"Bucht von O Grove Galicien\" srcset=\"https:\/\/blog.olimar.de\/wp-content\/uploads\/2015\/09\/O_Grove_Bucht_EST-150x150.jpg 150w, https:\/\/blog.olimar.de\/wp-content\/uploads\/2015\/09\/O_Grove_Bucht_EST-120x120.jpg 120w\" sizes=\"auto, (max-width: 150px) 100vw, 150px\" \/>\n\t\t\t<\/dt><\/dl>\n\t\t\t<br style='clear: both' \/>\n\t\t<\/div>\n\n<p>Neben den genannten R\u00edas (es gibt die R\u00edas Altas und Baixas), einer Mischung aus Meeresarm und Flussmu\u0308ndung, und den dazu geh\u00f6rigen Halbinseln, ist Galicien auch das Land der tausend Fl\u00fcsse. Viele dieser Wasserl\u00e4ufe haben ihren Ursprung in den Gebirgen Os Ancares, O Courel und Pena Trevinca (mit Gipfelh\u00f6hen von u\u0308ber 1500 Metern). Der Mi\u00f1o durchflie\u00dft Galicien von Nordosten nach Su\u0308dwesten und mu\u0308ndet an der Grenze zu Portugal in den Atlantik. Die Wasserl\u00e4ufe sind so vielf\u00e4ltig wie die dazugeh\u00f6rige Flusslandschaft. Dazu geh\u00f6ren z. B. die beeindruckenden Schluchtt\u00e4ler des Sils und die Ribeira Sacra, deren ausgepr\u00e4gte H\u00f6henunterschiede fu\u0308r den Weinanbau genutzt werden.<\/p>\n<h3><strong>Empfehlenswerte Unterk\u00fcnfte in Galicien<\/strong><\/h3>\n<p>Der l\u00e4ndliche Reichtum Galiciens macht aus den galizischen Unterku\u0308nften ein besonderes Angebot. Denn die meisten liegen eingebettet in eine wundervolle Umgebung: beispielsweise mitten in den Weinbergen oder an einer der R\u00edas gelegen. Darunter befinden sich schicke kleine Landh\u00e4user (Quintas) und gr\u00f6\u00dfere, ehemalige Herrensitze (Pazos). In ihren Anf\u00e4ngen geh\u00f6rten die Pazos dem l\u00e4ndlichen Adelstand, der dafu\u0308r sorgte, an den Fassaden die Wappen seines Adelsgeschlechtes mei\u00dfeln zu lassen. Eine vom Interieur modernisierte Variante finden Sie in Santiago de Compostela. Der <a href=\"https:\/\/rms.olimar.de\/code\/scq113\">Pazo de Altamira<\/a>\u00a0liegt inmitten der Altstadt und direkt gegen\u00fcber der alten Markthalle. Die hellen, etwas zur\u00fcckhaltend eingerichteten Zimmer, lassen den Charme der alten Gem\u00e4uer noch gut durchblicken.<\/p>\n<div id='gallery-3' class='gallery galleryid-2728 gallery-columns-3 gallery-size-large'><dl class='gallery-item'>\n\t\t\t<dt class='gallery-icon landscape'>\n\t\t\t\t<img loading=\"lazy\" decoding=\"async\" width=\"840\" height=\"560\" src=\"https:\/\/blog.olimar.de\/wp-content\/uploads\/2015\/09\/SCQ113-z-Habitacion-1024x683.jpg\" class=\"attachment-large size-large\" alt=\"Reduziertes Interieur im Pazo de Altamira\" aria-describedby=\"gallery-3-2936\" srcset=\"https:\/\/blog.olimar.de\/wp-content\/uploads\/2015\/09\/SCQ113-z-Habitacion-1024x683.jpg 1024w, https:\/\/blog.olimar.de\/wp-content\/uploads\/2015\/09\/SCQ113-z-Habitacion-300x200.jpg 300w, https:\/\/blog.olimar.de\/wp-content\/uploads\/2015\/09\/SCQ113-z-Habitacion-840x560.jpg 840w, https:\/\/blog.olimar.de\/wp-content\/uploads\/2015\/09\/SCQ113-z-Habitacion.jpg 1200w\" sizes=\"auto, (max-width: 840px) 100vw, 840px\" \/>\n\t\t\t<\/dt>\n\t\t\t\t<dd class='wp-caption-text gallery-caption' id='gallery-3-2936'>\n\t\t\t\tReduziertes Interieur im Pazo de Altamira\n\t\t\t\t<\/dd><\/dl><dl class='gallery-item'>\n\t\t\t<dt class='gallery-icon landscape'>\n\t\t\t\t<img loading=\"lazy\" decoding=\"async\" width=\"840\" height=\"584\" src=\"https:\/\/blog.olimar.de\/wp-content\/uploads\/2015\/09\/SCQ113-z-HabitacionGaleria-1024x712.jpg\" class=\"attachment-large size-large\" alt=\"Doppelzimmer im Pazo de Altamira\" srcset=\"https:\/\/blog.olimar.de\/wp-content\/uploads\/2015\/09\/SCQ113-z-HabitacionGaleria-1024x712.jpg 1024w, https:\/\/blog.olimar.de\/wp-content\/uploads\/2015\/09\/SCQ113-z-HabitacionGaleria-300x209.jpg 300w, https:\/\/blog.olimar.de\/wp-content\/uploads\/2015\/09\/SCQ113-z-HabitacionGaleria.jpg 1200w\" sizes=\"auto, (max-width: 840px) 100vw, 840px\" \/>\n\t\t\t<\/dt><\/dl><dl class='gallery-item'>\n\t\t\t<dt class='gallery-icon landscape'>\n\t\t\t\t<img loading=\"lazy\" decoding=\"async\" width=\"840\" height=\"560\" src=\"https:\/\/blog.olimar.de\/wp-content\/uploads\/2015\/09\/IMG_6319-1024x683.jpg\" class=\"attachment-large size-large\" alt=\"Zentraler Platz in Santiago de Compostela - Pazp de Altamira\" aria-describedby=\"gallery-3-2739\" srcset=\"https:\/\/blog.olimar.de\/wp-content\/uploads\/2015\/09\/IMG_6319-1024x683.jpg 1024w, https:\/\/blog.olimar.de\/wp-content\/uploads\/2015\/09\/IMG_6319-300x200.jpg 300w, https:\/\/blog.olimar.de\/wp-content\/uploads\/2015\/09\/IMG_6319-840x560.jpg 840w, https:\/\/blog.olimar.de\/wp-content\/uploads\/2015\/09\/IMG_6319-1200x800.jpg 1200w, https:\/\/blog.olimar.de\/wp-content\/uploads\/2015\/09\/IMG_6319.jpg 1314w\" sizes=\"auto, (max-width: 840px) 100vw, 840px\" \/>\n\t\t\t<\/dt>\n\t\t\t\t<dd class='wp-caption-text gallery-caption' id='gallery-3-2739'>\n\t\t\t\tZentral in Santiago de Compostela gelegen: Der Pazo de Altamira\n\t\t\t\t<\/dd><\/dl><br style=\"clear: both\" \/>\n\t\t<\/div>\n\n<p>Ein Tipp f\u00fcr einen Aufenthalt auf dem Land ist die Quinta de San Amaro bei Pontevedra. Besitzer Ignacio baute hier ein kleines Bauernhaus in eine schicke Quinta um, die trotz der Renovierung ihren l\u00e4ndlichen Charakter erhalten hat. Jedes Zimmer ist liebevoll und individuell eingerichtet. Zwei der lediglich 14 Zimmer bieten eine kleine, private Terrasse mit Blick \u00fcber die weiten Weinberge der Region Mea\u00f1o. Zum Haus geh\u00f6rt auch ein Pool sowie ein steinerner \u201eH\u00f3rreo\u201c, ein ehemaliger galizischer Getreidespeicher, dessen Seitenw\u00e4nde mit Glas versehen wurden und von Innen in eine gem\u00fctliche Lounge-Ecke verwandelt wurde. Eine Weinprobe des hiesigen Albari\u00f1o Wein ist in der nahegelegenen Bodega \u201eMar de Frades\u201c\u00a0m\u00f6glich. Ignacio vereinbart hier gerne einen Besuchstermin f\u00fcr Sie!<\/p>\n<div id='gallery-4' class='gallery galleryid-2728 gallery-columns-3 gallery-size-large'><dl class='gallery-item'>\n\t\t\t<dt class='gallery-icon landscape'>\n\t\t\t\t<img loading=\"lazy\" decoding=\"async\" width=\"840\" height=\"672\" src=\"https:\/\/blog.olimar.de\/wp-content\/uploads\/2015\/09\/Quinta_San_Amaro_Pool.jpg\" class=\"attachment-large size-large\" alt=\"Poolbereich der Quinta San Amaro\" aria-describedby=\"gallery-4-2932\" srcset=\"https:\/\/blog.olimar.de\/wp-content\/uploads\/2015\/09\/Quinta_San_Amaro_Pool.jpg 1000w, https:\/\/blog.olimar.de\/wp-content\/uploads\/2015\/09\/Quinta_San_Amaro_Pool-300x240.jpg 300w\" sizes=\"auto, (max-width: 840px) 100vw, 840px\" \/>\n\t\t\t<\/dt>\n\t\t\t\t<dd class='wp-caption-text gallery-caption' id='gallery-4-2932'>\n\t\t\t\tBlick auf den herrlichen Pool der Quinta\n\t\t\t\t<\/dd><\/dl><dl class='gallery-item'>\n\t\t\t<dt class='gallery-icon landscape'>\n\t\t\t\t<img loading=\"lazy\" decoding=\"async\" width=\"840\" height=\"672\" src=\"https:\/\/blog.olimar.de\/wp-content\/uploads\/2015\/09\/Quinta_San_Amaro_Lounge.jpg\" class=\"attachment-large size-large\" alt=\"Lounge aus ehemaligem Getreidespeicher Quinta San Amaro\" aria-describedby=\"gallery-4-2931\" srcset=\"https:\/\/blog.olimar.de\/wp-content\/uploads\/2015\/09\/Quinta_San_Amaro_Lounge.jpg 1000w, https:\/\/blog.olimar.de\/wp-content\/uploads\/2015\/09\/Quinta_San_Amaro_Lounge-300x240.jpg 300w\" sizes=\"auto, (max-width: 840px) 100vw, 840px\" \/>\n\t\t\t<\/dt>\n\t\t\t\t<dd class='wp-caption-text gallery-caption' id='gallery-4-2931'>\n\t\t\t\tLoungiger ehemaliger Getreidespeicher\n\t\t\t\t<\/dd><\/dl><dl class='gallery-item'>\n\t\t\t<dt class='gallery-icon landscape'>\n\t\t\t\t<img loading=\"lazy\" decoding=\"async\" width=\"840\" height=\"672\" src=\"https:\/\/blog.olimar.de\/wp-content\/uploads\/2015\/09\/Quinta_San_Amaro_Balkon.jpg\" class=\"attachment-large size-large\" alt=\"Balkon der Quinta Sam Amaro mit Blick ins Gr\u00fcne\" aria-describedby=\"gallery-4-2930\" srcset=\"https:\/\/blog.olimar.de\/wp-content\/uploads\/2015\/09\/Quinta_San_Amaro_Balkon.jpg 1000w, https:\/\/blog.olimar.de\/wp-content\/uploads\/2015\/09\/Quinta_San_Amaro_Balkon-300x240.jpg 300w\" sizes=\"auto, (max-width: 840px) 100vw, 840px\" \/>\n\t\t\t<\/dt>\n\t\t\t\t<dd class='wp-caption-text gallery-caption' id='gallery-4-2930'>\n\t\t\t\tDie Quinta ist im Gr\u00fcnen gelegen\n\t\t\t\t<\/dd><\/dl><br style=\"clear: both\" \/><dl class='gallery-item'>\n\t\t\t<dt class='gallery-icon landscape'>\n\t\t\t\t<img loading=\"lazy\" decoding=\"async\" width=\"840\" height=\"672\" src=\"https:\/\/blog.olimar.de\/wp-content\/uploads\/2015\/09\/Quinta_San_Amaro.jpg\" class=\"attachment-large size-large\" alt=\"Alter galizischer Getreidespeicher Quinta San Amaro\" aria-describedby=\"gallery-4-2929\" srcset=\"https:\/\/blog.olimar.de\/wp-content\/uploads\/2015\/09\/Quinta_San_Amaro.jpg 1000w, https:\/\/blog.olimar.de\/wp-content\/uploads\/2015\/09\/Quinta_San_Amaro-300x240.jpg 300w\" sizes=\"auto, (max-width: 840px) 100vw, 840px\" \/>\n\t\t\t<\/dt>\n\t\t\t\t<dd class='wp-caption-text gallery-caption' id='gallery-4-2929'>\n\t\t\t\tAlter galizischer Getreidespeicher\n\t\t\t\t<\/dd><\/dl><dl class='gallery-item'>\n\t\t\t<dt class='gallery-icon landscape'>\n\t\t\t\t<img loading=\"lazy\" decoding=\"async\" width=\"840\" height=\"672\" src=\"https:\/\/blog.olimar.de\/wp-content\/uploads\/2015\/09\/Bodega_Weinreben.jpg\" class=\"attachment-large size-large\" alt=\"Weinberge nahe Bodega Mar de Frades\" aria-describedby=\"gallery-4-2928\" srcset=\"https:\/\/blog.olimar.de\/wp-content\/uploads\/2015\/09\/Bodega_Weinreben.jpg 1000w, https:\/\/blog.olimar.de\/wp-content\/uploads\/2015\/09\/Bodega_Weinreben-300x240.jpg 300w\" sizes=\"auto, (max-width: 840px) 100vw, 840px\" \/>\n\t\t\t<\/dt>\n\t\t\t\t<dd class='wp-caption-text gallery-caption' id='gallery-4-2928'>\n\t\t\t\tWeinberge der nahegelegenen Bodega Mar de Frades\n\t\t\t\t<\/dd><\/dl><dl class='gallery-item'>\n\t\t\t<dt class='gallery-icon landscape'>\n\t\t\t\t<img loading=\"lazy\" decoding=\"async\" width=\"840\" height=\"672\" src=\"https:\/\/blog.olimar.de\/wp-content\/uploads\/2015\/09\/Bodega_Weinprobe.jpg\" class=\"attachment-large size-large\" alt=\"Weinprobe in der Bodega Mar de Frades\" aria-describedby=\"gallery-4-2927\" srcset=\"https:\/\/blog.olimar.de\/wp-content\/uploads\/2015\/09\/Bodega_Weinprobe.jpg 1000w, https:\/\/blog.olimar.de\/wp-content\/uploads\/2015\/09\/Bodega_Weinprobe-300x240.jpg 300w\" sizes=\"auto, (max-width: 840px) 100vw, 840px\" \/>\n\t\t\t<\/dt>\n\t\t\t\t<dd class='wp-caption-text gallery-caption' id='gallery-4-2927'>\n\t\t\t\tWeinprobe in der Bodega Mar de Frades\n\t\t\t\t<\/dd><\/dl><br style=\"clear: both\" \/>\n\t\t<\/div>\n\n<p><strong>OLIMAR Tipps<\/strong><\/p>\n<p><strong>Anreisen:<\/strong> z. B. mit Vueling ab D\u00fcsseldorf oder M\u00fcnchen nonstop nach Santiago sowie Easyjet ab Basel. Im Anschluss empfiehlt sich die Buchung einen Mietwagens. Alles buchbar \u00fcber OLIMAR Reisen.<\/p>\n<p><strong>\u00dcbernachten:<\/strong><br \/><strong><a href=\"https:\/\/rms.olimar.de\/code\/SCQ113\">Pazo de Altamira<\/a>:<\/strong> Im verkehrsberuhigten Altstadtbereich nahe der Markthalle liegt dieses Boutique-Hotel mit geschmackvoll dekorierten Zimmern und einem guten Restaurant. Die Kathedrale und anderen Sehensw\u00fcrdigkeiten erreichen Sie von hier aus bequem zu Fu\u00df.<\/p>\n<p><strong>Bars, Restaurants und Bodegas:<\/strong><\/p>\n<p><strong>Caf\u00e9 de Altamira, Santiago de Compostela<\/strong><br \/>Schickes Bistro direkt am Hotel Pazo Altamira (Rua das Ameas 9) mit besten Blick auf den Markt gegen\u00fcber.<\/p>\n<p><strong>Cerveceria El Crisol, O Grove<\/strong><br \/>Auf der Halbinsel und in der gleichnamigen Hauptstadt O Grove gelegen, befindet sich dieses einfach ausschauende Restaurant, das allerdings die leckersten Miesmuscheln serviert. Eine Portion (span. Raci\u00f3n) in Essig un \u00d6l eingelegt und Paprika verfeinert kostet hier etwa 5,50 Euro. Dazu z. B. eine k\u00f6stliche Crema de Verduras (Gem\u00fcsesuppe) und einen gemischten Salat. Ein gesunder Snack f\u00fcr zwischendurch oder auch am Abend. Auf der Sonnenterrasse k\u00f6nnen Sie in den Abendstunden noch lange die Sonne genie\u00dfen. Adresse: Hospital 10\/12, 36980 O Grove<\/p>\n<p><strong>Mar de Frades, San Marti\u00f1o de Meis, Rias Bajas<\/strong><br \/>Das Weingut produziert den bekannten Albari\u00f1o-Wein der Region. F\u00fchrungen durch die moderen Anlage sind nach telefonischer Absprache jederzeit m\u00f6glich. Tel. 986680911, E-Mail: info@mardefrades.es .<\/p>\n\n\n<div style=\"height:50px\" aria-hidden=\"true\" class=\"wp-block-spacer\"><\/div>\n\n\n\n<div class=\"wp-block-buttons is-layout-flex wp-block-buttons-is-layout-flex\">\n<div class=\"wp-block-button\"><a class=\"wp-block-button__link wp-element-button\" href=\"https:\/\/www.olimar.de\/hotellistung\/\">Jetzt Urlaubsangebote finden und buchen<\/a><\/div>\n<\/div>\n\n\n\n<div style=\"height:100px\" aria-hidden=\"true\" class=\"wp-block-spacer\"><\/div>\n","protected":false},"excerpt":{"rendered":"<p>In Galicien sind die Grenzen zwischen Erde und Meer flie\u00dfend. Beide Elemente verschmelzen miteinander an einer 1300 Kilometer langen K\u00fcste mit 772 Str\u00e4nden und fu\u0308nf Meeresarmen, den so genannten \u201eR\u00edas\u201c. Eine Reise durch diese Region im \u00e4u\u00dfersten Nordwesten Spaniens verspricht jedem Reisenden ein einmaliges Erlebnis zu werden, denn hier befinden sich Regionen mit \u00fcber 2000 Jahre alter Geschichte, alte St\u00e4dte mit lebendigem Flair und eine wundervolle Natur mit ihren vielen Fl\u00fcssen, Quellen und Weinbergen. Galicien \u00fcberrascht in jeder Hinsicht. Wenn Sie von der Nordk\u00fcste starten, entdecken Sie als erstes, kurz nach der Grenze von Asturien, das kleine St\u00e4dtchen Ribadeo, in dessen &hellip;<\/p>\n","protected":false},"author":3,"featured_media":2735,"comment_status":"open","ping_status":"open","sticky":false,"template":"","format":"standard","meta":{"_crdt_document":"","_lmt_disableupdate":"","_lmt_disable":"","footnotes":""},"categories":[29,46],"tags":[130,62],"class_list":["post-2728","post","type-post","status-publish","format-standard","has-post-thumbnail","hentry","category-aktiv-natur","category-sonnenseiten-printausgabe","tag-galicien","tag-spanien"],"yoast_head":"<!-- This site is optimized with the Yoast SEO plugin v26.9 - https:\/\/yoast.com\/product\/yoast-seo-wordpress\/ -->\n<title>Galiciens Naturreicht\u00fcmer | Olimar Sonnenseiten<\/title>\n<meta name=\"description\" content=\"In Galicien im Nordwesten Spaniens verschmelzen alte St\u00e4dte mit charmanten Flair und der belassenen Natur. Lassen Sie sich begeistern.\" \/>\n<meta name=\"robots\" content=\"index, follow, max-snippet:-1, max-image-preview:large, max-video-preview:-1\" \/>\n<link rel=\"canonical\" href=\"https:\/\/blog.olimar.de\/galicien-naturreichtuemer\/\" \/>\n<meta property=\"og:locale\" content=\"de_DE\" \/>\n<meta property=\"og:type\" content=\"article\" \/>\n<meta property=\"og:title\" content=\"Galiciens Naturreicht\u00fcmer | Olimar Sonnenseiten\" \/>\n<meta property=\"og:description\" content=\"In Galicien im Nordwesten Spaniens verschmelzen alte St\u00e4dte mit charmanten Flair und der belassenen Natur. Lassen Sie sich begeistern.\" \/>\n<meta property=\"og:url\" content=\"https:\/\/blog.olimar.de\/galicien-naturreichtuemer\/\" \/>\n<meta property=\"article:publisher\" content=\"https:\/\/www.facebook.com\/OlimarReisen\" \/>\n<meta property=\"article:published_time\" content=\"2015-09-17T09:55:49+00:00\" \/>\n<meta property=\"article:modified_time\" content=\"2023-03-04T07:25:10+00:00\" \/>\n<meta property=\"og:image\" content=\"https:\/\/blog.olimar.de\/wp-content\/uploads\/2015\/09\/O_Grove.jpg\" \/>\n\t<meta property=\"og:image:width\" content=\"1095\" \/>\n\t<meta property=\"og:image:height\" content=\"730\" \/>\n\t<meta property=\"og:image:type\" content=\"image\/jpeg\" \/>\n<meta name=\"author\" content=\"Evelyn Steinbach\" \/>\n<meta name=\"twitter:label1\" content=\"Verfasst von\" \/>\n\t<meta name=\"twitter:data1\" content=\"Evelyn Steinbach\" \/>\n\t<meta name=\"twitter:label2\" content=\"Gesch\u00e4tzte Lesezeit\" \/>\n\t<meta name=\"twitter:data2\" content=\"6\u00a0Minuten\" \/>\n<script type=\"application\/ld+json\" class=\"yoast-schema-graph\">{\"@context\":\"https:\/\/schema.org\",\"@graph\":[{\"@type\":\"WebPage\",\"@id\":\"https:\/\/blog.olimar.de\/galicien-naturreichtuemer\/\",\"url\":\"https:\/\/blog.olimar.de\/galicien-naturreichtuemer\/\",\"name\":\"Galiciens Naturreicht\u00fcmer | Olimar Sonnenseiten\",\"isPartOf\":{\"@id\":\"https:\/\/blog.olimar.de\/#website\"},\"primaryImageOfPage\":{\"@id\":\"https:\/\/blog.olimar.de\/galicien-naturreichtuemer\/#primaryimage\"},\"image\":{\"@id\":\"https:\/\/blog.olimar.de\/galicien-naturreichtuemer\/#primaryimage\"},\"thumbnailUrl\":\"https:\/\/blog.olimar.de\/wp-content\/uploads\/2015\/09\/O_Grove.jpg\",\"datePublished\":\"2015-09-17T09:55:49+00:00\",\"dateModified\":\"2023-03-04T07:25:10+00:00\",\"description\":\"In Galicien im Nordwesten Spaniens verschmelzen alte St\u00e4dte mit charmanten Flair und der belassenen Natur. Lassen Sie sich begeistern.\",\"breadcrumb\":{\"@id\":\"https:\/\/blog.olimar.de\/galicien-naturreichtuemer\/#breadcrumb\"},\"inLanguage\":\"de\",\"potentialAction\":[{\"@type\":\"ReadAction\",\"target\":[\"https:\/\/blog.olimar.de\/galicien-naturreichtuemer\/\"]}]},{\"@type\":\"ImageObject\",\"inLanguage\":\"de\",\"@id\":\"https:\/\/blog.olimar.de\/galicien-naturreichtuemer\/#primaryimage\",\"url\":\"https:\/\/blog.olimar.de\/wp-content\/uploads\/2015\/09\/O_Grove.jpg\",\"contentUrl\":\"https:\/\/blog.olimar.de\/wp-content\/uploads\/2015\/09\/O_Grove.jpg\",\"width\":1095,\"height\":730,\"caption\":\"Sonnenuntergang am Strand in Galicien\"},{\"@type\":\"BreadcrumbList\",\"@id\":\"https:\/\/blog.olimar.de\/galicien-naturreichtuemer\/#breadcrumb\",\"itemListElement\":[{\"@type\":\"ListItem\",\"position\":1,\"name\":\"Home\",\"item\":\"https:\/\/blog.olimar.de\/\"},{\"@type\":\"ListItem\",\"position\":2,\"name\":\"Galicien\",\"item\":\"https:\/\/blog.olimar.de\/tag\/galicien\/\"},{\"@type\":\"ListItem\",\"position\":3,\"name\":\"Wilde Str\u00e4nde, Miesmuscheln und die R\u00edas: Galiciens Naturreicht\u00fcmer\"}]},{\"@type\":\"WebSite\",\"@id\":\"https:\/\/blog.olimar.de\/#website\",\"url\":\"https:\/\/blog.olimar.de\/\",\"name\":\"OLIMAR.com\",\"description\":\"\",\"publisher\":{\"@id\":\"https:\/\/blog.olimar.de\/#organization\"},\"potentialAction\":[{\"@type\":\"SearchAction\",\"target\":{\"@type\":\"EntryPoint\",\"urlTemplate\":\"https:\/\/blog.olimar.de\/?s={search_term_string}\"},\"query-input\":{\"@type\":\"PropertyValueSpecification\",\"valueRequired\":true,\"valueName\":\"search_term_string\"}}],\"inLanguage\":\"de\"},{\"@type\":\"Organization\",\"@id\":\"https:\/\/blog.olimar.de\/#organization\",\"name\":\"OLIMAR Reisen\",\"url\":\"https:\/\/blog.olimar.de\/\",\"logo\":{\"@type\":\"ImageObject\",\"inLanguage\":\"de\",\"@id\":\"https:\/\/blog.olimar.de\/#\/schema\/logo\/image\/\",\"url\":\"https:\/\/blog.olimar.de\/wp-content\/uploads\/2021\/01\/OLIMAR_Logo_COLOR.png\",\"contentUrl\":\"https:\/\/blog.olimar.de\/wp-content\/uploads\/2021\/01\/OLIMAR_Logo_COLOR.png\",\"width\":2000,\"height\":986,\"caption\":\"OLIMAR Reisen\"},\"image\":{\"@id\":\"https:\/\/blog.olimar.de\/#\/schema\/logo\/image\/\"},\"sameAs\":[\"https:\/\/www.facebook.com\/OlimarReisen\",\"https:\/\/x.com\/olimarrreisen\",\"https:\/\/www.instagram.com\/olimarreisen\",\"https:\/\/www.youtube.com\/user\/olimarreisen\"]}]}<\/script>\n<!-- \/ Yoast SEO plugin. -->","yoast_head_json":{"title":"Galiciens Naturreicht\u00fcmer | Olimar Sonnenseiten","description":"In Galicien im Nordwesten Spaniens verschmelzen alte St\u00e4dte mit charmanten Flair und der belassenen Natur. Lassen Sie sich begeistern.","robots":{"index":"index","follow":"follow","max-snippet":"max-snippet:-1","max-image-preview":"max-image-preview:large","max-video-preview":"max-video-preview:-1"},"canonical":"https:\/\/blog.olimar.de\/galicien-naturreichtuemer\/","og_locale":"de_DE","og_type":"article","og_title":"Galiciens Naturreicht\u00fcmer | Olimar Sonnenseiten","og_description":"In Galicien im Nordwesten Spaniens verschmelzen alte St\u00e4dte mit charmanten Flair und der belassenen Natur. Lassen Sie sich begeistern.","og_url":"https:\/\/blog.olimar.de\/galicien-naturreichtuemer\/","article_publisher":"https:\/\/www.facebook.com\/OlimarReisen","article_published_time":"2015-09-17T09:55:49+00:00","article_modified_time":"2023-03-04T07:25:10+00:00","og_image":[{"width":1095,"height":730,"url":"https:\/\/blog.olimar.de\/wp-content\/uploads\/2015\/09\/O_Grove.jpg","type":"image\/jpeg"}],"author":"Evelyn Steinbach","twitter_misc":{"Verfasst von":"Evelyn Steinbach","Gesch\u00e4tzte Lesezeit":"6\u00a0Minuten"},"schema":{"@context":"https:\/\/schema.org","@graph":[{"@type":"WebPage","@id":"https:\/\/blog.olimar.de\/galicien-naturreichtuemer\/","url":"https:\/\/blog.olimar.de\/galicien-naturreichtuemer\/","name":"Galiciens Naturreicht\u00fcmer | Olimar Sonnenseiten","isPartOf":{"@id":"https:\/\/blog.olimar.de\/#website"},"primaryImageOfPage":{"@id":"https:\/\/blog.olimar.de\/galicien-naturreichtuemer\/#primaryimage"},"image":{"@id":"https:\/\/blog.olimar.de\/galicien-naturreichtuemer\/#primaryimage"},"thumbnailUrl":"https:\/\/blog.olimar.de\/wp-content\/uploads\/2015\/09\/O_Grove.jpg","datePublished":"2015-09-17T09:55:49+00:00","dateModified":"2023-03-04T07:25:10+00:00","description":"In Galicien im Nordwesten Spaniens verschmelzen alte St\u00e4dte mit charmanten Flair und der belassenen Natur. Lassen Sie sich begeistern.","breadcrumb":{"@id":"https:\/\/blog.olimar.de\/galicien-naturreichtuemer\/#breadcrumb"},"inLanguage":"de","potentialAction":[{"@type":"ReadAction","target":["https:\/\/blog.olimar.de\/galicien-naturreichtuemer\/"]}]},{"@type":"ImageObject","inLanguage":"de","@id":"https:\/\/blog.olimar.de\/galicien-naturreichtuemer\/#primaryimage","url":"https:\/\/blog.olimar.de\/wp-content\/uploads\/2015\/09\/O_Grove.jpg","contentUrl":"https:\/\/blog.olimar.de\/wp-content\/uploads\/2015\/09\/O_Grove.jpg","width":1095,"height":730,"caption":"Sonnenuntergang am Strand in Galicien"},{"@type":"BreadcrumbList","@id":"https:\/\/blog.olimar.de\/galicien-naturreichtuemer\/#breadcrumb","itemListElement":[{"@type":"ListItem","position":1,"name":"Home","item":"https:\/\/blog.olimar.de\/"},{"@type":"ListItem","position":2,"name":"Galicien","item":"https:\/\/blog.olimar.de\/tag\/galicien\/"},{"@type":"ListItem","position":3,"name":"Wilde Str\u00e4nde, Miesmuscheln und die R\u00edas: Galiciens Naturreicht\u00fcmer"}]},{"@type":"WebSite","@id":"https:\/\/blog.olimar.de\/#website","url":"https:\/\/blog.olimar.de\/","name":"OLIMAR.com","description":"","publisher":{"@id":"https:\/\/blog.olimar.de\/#organization"},"potentialAction":[{"@type":"SearchAction","target":{"@type":"EntryPoint","urlTemplate":"https:\/\/blog.olimar.de\/?s={search_term_string}"},"query-input":{"@type":"PropertyValueSpecification","valueRequired":true,"valueName":"search_term_string"}}],"inLanguage":"de"},{"@type":"Organization","@id":"https:\/\/blog.olimar.de\/#organization","name":"OLIMAR Reisen","url":"https:\/\/blog.olimar.de\/","logo":{"@type":"ImageObject","inLanguage":"de","@id":"https:\/\/blog.olimar.de\/#\/schema\/logo\/image\/","url":"https:\/\/blog.olimar.de\/wp-content\/uploads\/2021\/01\/OLIMAR_Logo_COLOR.png","contentUrl":"https:\/\/blog.olimar.de\/wp-content\/uploads\/2021\/01\/OLIMAR_Logo_COLOR.png","width":2000,"height":986,"caption":"OLIMAR Reisen"},"image":{"@id":"https:\/\/blog.olimar.de\/#\/schema\/logo\/image\/"},"sameAs":["https:\/\/www.facebook.com\/OlimarReisen","https:\/\/x.com\/olimarrreisen","https:\/\/www.instagram.com\/olimarreisen","https:\/\/www.youtube.com\/user\/olimarreisen"]}]}},"modified_by":"Lena Radermacher","jetpack_featured_media_url":"https:\/\/blog.olimar.de\/wp-content\/uploads\/2015\/09\/O_Grove.jpg","_links":{"self":[{"href":"https:\/\/blog.olimar.de\/wp-json\/wp\/v2\/posts\/2728","targetHints":{"allow":["GET"]}}],"collection":[{"href":"https:\/\/blog.olimar.de\/wp-json\/wp\/v2\/posts"}],"about":[{"href":"https:\/\/blog.olimar.de\/wp-json\/wp\/v2\/types\/post"}],"author":[{"embeddable":true,"href":"https:\/\/blog.olimar.de\/wp-json\/wp\/v2\/users\/3"}],"replies":[{"embeddable":true,"href":"https:\/\/blog.olimar.de\/wp-json\/wp\/v2\/comments?post=2728"}],"version-history":[{"count":22,"href":"https:\/\/blog.olimar.de\/wp-json\/wp\/v2\/posts\/2728\/revisions"}],"predecessor-version":[{"id":24777,"href":"https:\/\/blog.olimar.de\/wp-json\/wp\/v2\/posts\/2728\/revisions\/24777"}],"wp:featuredmedia":[{"embeddable":true,"href":"https:\/\/blog.olimar.de\/wp-json\/wp\/v2\/media\/2735"}],"wp:attachment":[{"href":"https:\/\/blog.olimar.de\/wp-json\/wp\/v2\/media?parent=2728"}],"wp:term":[{"taxonomy":"category","embeddable":true,"href":"https:\/\/blog.olimar.de\/wp-json\/wp\/v2\/categories?post=2728"},{"taxonomy":"post_tag","embeddable":true,"href":"https:\/\/blog.olimar.de\/wp-json\/wp\/v2\/tags?post=2728"}],"curies":[{"name":"wp","href":"https:\/\/api.w.org\/{rel}","templated":true}]}}