{"id":27555,"date":"2026-02-25T12:00:52","date_gmt":"2026-02-25T11:00:52","guid":{"rendered":"https:\/\/blog.olimar.de\/?p=27555"},"modified":"2026-03-16T12:19:07","modified_gmt":"2026-03-16T11:19:07","slug":"glamping","status":"publish","type":"post","link":"https:\/\/blog.olimar.de\/glamping\/","title":{"rendered":"Camping deluxe: Die sch\u00f6nsten Glamping Unterk\u00fcnfte in Portugal &amp; S\u00fcdeuropa"},"content":{"rendered":"\n<p><strong>Absoluter Trend \u2013 und das v\u00f6llig zurecht: Glamping ist schon seit Jahren bei P\u00e4rchen und Familien eine beliebte Art, den Urlaub zu verbringen. Der perfekte Mix aus einfachen und dennoch stilvollen, komfortablen Unterk\u00fcnften mit Naturn\u00e4he und allem, was man f\u00fcr einen gelungenen Urlaub braucht, ist einfach unschlagbar. Hier kommen unsere acht Glamping Favoriten in Portugal und S\u00fcdeuropa aus dem OLIMAR Programm!<\/strong><\/p>\n\n\n\n<h2>1. Glamping in Portugal<\/h2>\n\n\n\n<h3><span lang=\"en-GB\">Azul Singular <span class=\"mark4ybw3a572\" data-markjs=\"true\" data-ogac=\"\" data-ogab=\"\" data-ogsc=\"\" data-ogsb=\"\">Glamping (Insel Faial, Azoren)<\/span><\/span><\/h3>\n\n\n\n<figure class=\"wp-block-gallery has-nested-images columns-default is-cropped wp-block-gallery-1 is-layout-flex wp-block-gallery-is-layout-flex\">\n<figure class=\"wp-block-image size-large\"><img loading=\"lazy\" decoding=\"async\" width=\"1024\" height=\"683\" data-id=\"27558\" src=\"https:\/\/blog.olimar.de\/wp-content\/uploads\/2024\/03\/HOR422-i-InsideC2019-1024x683.jpg\" alt=\"Azul Singular Glamping Gemeinschaftsbereich\" class=\"wp-image-27558\" srcset=\"https:\/\/blog.olimar.de\/wp-content\/uploads\/2024\/03\/HOR422-i-InsideC2019-1024x683.jpg 1024w, https:\/\/blog.olimar.de\/wp-content\/uploads\/2024\/03\/HOR422-i-InsideC2019-300x200.jpg 300w, https:\/\/blog.olimar.de\/wp-content\/uploads\/2024\/03\/HOR422-i-InsideC2019-768x512.jpg 768w, https:\/\/blog.olimar.de\/wp-content\/uploads\/2024\/03\/HOR422-i-InsideC2019-1536x1024.jpg 1536w, https:\/\/blog.olimar.de\/wp-content\/uploads\/2024\/03\/HOR422-i-InsideC2019-840x560.jpg 840w, https:\/\/blog.olimar.de\/wp-content\/uploads\/2024\/03\/HOR422-i-InsideC2019-1200x800.jpg 1200w, https:\/\/blog.olimar.de\/wp-content\/uploads\/2024\/03\/HOR422-i-InsideC2019.jpg 1620w\" sizes=\"auto, (max-width: 1024px) 100vw, 1024px\" \/><\/figure>\n\n\n\n<figure class=\"wp-block-image size-large\"><img loading=\"lazy\" decoding=\"async\" width=\"1024\" height=\"683\" data-id=\"27557\" src=\"https:\/\/blog.olimar.de\/wp-content\/uploads\/2024\/03\/HOR422-z-YurtsG2019-1024x683.jpg\" alt=\"Azul Singular Glamping Wohnbeispiel Yurte\" class=\"wp-image-27557\" srcset=\"https:\/\/blog.olimar.de\/wp-content\/uploads\/2024\/03\/HOR422-z-YurtsG2019-1024x683.jpg 1024w, https:\/\/blog.olimar.de\/wp-content\/uploads\/2024\/03\/HOR422-z-YurtsG2019-300x200.jpg 300w, https:\/\/blog.olimar.de\/wp-content\/uploads\/2024\/03\/HOR422-z-YurtsG2019-768x512.jpg 768w, https:\/\/blog.olimar.de\/wp-content\/uploads\/2024\/03\/HOR422-z-YurtsG2019-1536x1024.jpg 1536w, https:\/\/blog.olimar.de\/wp-content\/uploads\/2024\/03\/HOR422-z-YurtsG2019-840x560.jpg 840w, https:\/\/blog.olimar.de\/wp-content\/uploads\/2024\/03\/HOR422-z-YurtsG2019-1200x800.jpg 1200w, https:\/\/blog.olimar.de\/wp-content\/uploads\/2024\/03\/HOR422-z-YurtsG2019.jpg 1620w\" sizes=\"auto, (max-width: 1024px) 100vw, 1024px\" \/><\/figure>\n<\/figure>\n\n\n\n<p>Erlebe bei einem <a href=\"https:\/\/www.olimar.de\/portugal\/azoren\/\" target=\"_blank\" rel=\"noopener\">Azoren Urlaub<\/a> Camping deluxe im ersten Glamping Park des Archipels auf der Insel <a href=\"https:\/\/www.olimar.de\/portugal\/azoren\/faial\/\" target=\"_blank\" rel=\"noopener\">Faial<\/a>! Auf einem 10.000 Quadratmeter gro\u00dfen Areal, einer Plantage mit Palm- und Zierpflanzen, hast du die Wahl zwischen drei verschiedenen Zelttypen, die allesamt \u00fcber viel Ruhe und Privatsph\u00e4re verf\u00fcgen. Da die Plantage sehr vielf\u00e4ltig bepflanzt wurde, umgibt jedes Zelt eine ganz besondere Atmosph\u00e4re. Alle Zelte haben einen privaten Garten, in dem du entspannt drau\u00dfen fr\u00fchst\u00fccken oder ein Nickerchen in der H\u00e4ngematte machen kannst.<\/p>\n\n\n\n<div class=\"wp-block-buttons is-layout-flex wp-block-buttons-is-layout-flex\">\n<div class=\"wp-block-button\"><a class=\"wp-block-button__link wp-element-button\" href=\"https:\/\/www.olimar.de\/hor422\/\" target=\"_blank\" rel=\"noreferrer noopener\">Azul Singular Glamping: mehr Infos &amp; Buchung<\/a><\/div>\n<\/div>\n\n\n\n<div style=\"height:9px\" aria-hidden=\"true\" class=\"wp-block-spacer\"><\/div>\n\n\n\n<h3><span lang=\"en-GB\">Bukubaki Eco Surf (Ferrel, Mittelportugal)<br><\/span><\/h3>\n\n\n\n<figure class=\"wp-block-gallery has-nested-images columns-default is-cropped wp-block-gallery-2 is-layout-flex wp-block-gallery-is-layout-flex\">\n<figure class=\"wp-block-image size-large\"><img loading=\"lazy\" decoding=\"async\" width=\"1024\" height=\"683\" data-id=\"27562\" src=\"https:\/\/blog.olimar.de\/wp-content\/uploads\/2024\/03\/LIS239-p-Pool2021B-1024x683.jpg\" alt=\"Bukubaki Eco Surf Baumh\u00e4user und Pool\" class=\"wp-image-27562\" srcset=\"https:\/\/blog.olimar.de\/wp-content\/uploads\/2024\/03\/LIS239-p-Pool2021B-1024x683.jpg 1024w, https:\/\/blog.olimar.de\/wp-content\/uploads\/2024\/03\/LIS239-p-Pool2021B-300x200.jpg 300w, https:\/\/blog.olimar.de\/wp-content\/uploads\/2024\/03\/LIS239-p-Pool2021B-768x512.jpg 768w, https:\/\/blog.olimar.de\/wp-content\/uploads\/2024\/03\/LIS239-p-Pool2021B-1536x1024.jpg 1536w, https:\/\/blog.olimar.de\/wp-content\/uploads\/2024\/03\/LIS239-p-Pool2021B-840x560.jpg 840w, https:\/\/blog.olimar.de\/wp-content\/uploads\/2024\/03\/LIS239-p-Pool2021B-1200x800.jpg 1200w, https:\/\/blog.olimar.de\/wp-content\/uploads\/2024\/03\/LIS239-p-Pool2021B.jpg 1620w\" sizes=\"auto, (max-width: 1024px) 100vw, 1024px\" \/><\/figure>\n\n\n\n<figure class=\"wp-block-image size-large\"><img loading=\"lazy\" decoding=\"async\" width=\"1024\" height=\"683\" data-id=\"27561\" src=\"https:\/\/blog.olimar.de\/wp-content\/uploads\/2024\/03\/LIS239-z-TreeHouse2021E-1024x683.jpg\" alt=\"Bukubaki Eco Surf Wohnbeispiel Innenansicht Baumhaus\" class=\"wp-image-27561\" srcset=\"https:\/\/blog.olimar.de\/wp-content\/uploads\/2024\/03\/LIS239-z-TreeHouse2021E-1024x683.jpg 1024w, https:\/\/blog.olimar.de\/wp-content\/uploads\/2024\/03\/LIS239-z-TreeHouse2021E-300x200.jpg 300w, https:\/\/blog.olimar.de\/wp-content\/uploads\/2024\/03\/LIS239-z-TreeHouse2021E-768x512.jpg 768w, https:\/\/blog.olimar.de\/wp-content\/uploads\/2024\/03\/LIS239-z-TreeHouse2021E-1536x1025.jpg 1536w, https:\/\/blog.olimar.de\/wp-content\/uploads\/2024\/03\/LIS239-z-TreeHouse2021E-840x560.jpg 840w, https:\/\/blog.olimar.de\/wp-content\/uploads\/2024\/03\/LIS239-z-TreeHouse2021E-1200x800.jpg 1200w, https:\/\/blog.olimar.de\/wp-content\/uploads\/2024\/03\/LIS239-z-TreeHouse2021E.jpg 1619w\" sizes=\"auto, (max-width: 1024px) 100vw, 1024px\" \/><\/figure>\n<\/figure>\n\n\n\n<p>In bester Lage ganz in der N\u00e4he von <a href=\"https:\/\/www.olimar.de\/portugal\/die-kueste\/peniche\/\" target=\"_blank\" rel=\"noopener\">Peniche<\/a> findest du in sch\u00f6nster Natur ein Eco-Surf-Camp, ideal f\u00fcr Familien, P\u00e4rchen und nat\u00fcrlich Surf-Begeisterte jeden Alters. Du hast die Wahl zwischen Baumh\u00e4usern und kanadischen Zelten (2-4 Personen). Auch Wanderer, Biker, E-Biker und Skater kommen hier voll auf ihre Kosten. Entspanne dich im Wellness-Center, bei einer Massage oder einer Yoga-Session. Zwischen Pinien und Eukalyptusb\u00e4umen liegt die Gastrobar, wo du Gerichte aus lokalen Zutaten genie\u00dfen kannst und eine gro\u00dfe Auswahl an Getr\u00e4nken findest.<\/p>\n\n\n\n<div class=\"wp-block-buttons is-layout-flex wp-block-buttons-is-layout-flex\">\n<div class=\"wp-block-button\"><a class=\"wp-block-button__link wp-element-button\" href=\"https:\/\/www.olimar.de\/lis239\/\" target=\"_blank\" rel=\"noreferrer noopener\">Bukubaki Eco Surf: mehr Infos &amp; Buchung<\/a><\/div>\n<\/div>\n\n\n\n<div style=\"height:15px\" aria-hidden=\"true\" class=\"wp-block-spacer\"><\/div>\n\n\n\n<h2>2. Glamping in Italien<\/h2>\n\n\n\n<h3>Tenuta Primero (Grado, Adria)<\/h3>\n\n\n\n<figure class=\"wp-block-gallery has-nested-images columns-default is-cropped wp-block-gallery-3 is-layout-flex wp-block-gallery-is-layout-flex\">\n<figure class=\"wp-block-image size-large\"><img loading=\"lazy\" decoding=\"async\" width=\"1024\" height=\"683\" data-id=\"27565\" src=\"https:\/\/blog.olimar.de\/wp-content\/uploads\/2024\/03\/VCE489-p-Poolansicht2024-1024x683.jpg\" alt=\"Tenuta Primero Poolbereich\" class=\"wp-image-27565\" srcset=\"https:\/\/blog.olimar.de\/wp-content\/uploads\/2024\/03\/VCE489-p-Poolansicht2024-1024x683.jpg 1024w, https:\/\/blog.olimar.de\/wp-content\/uploads\/2024\/03\/VCE489-p-Poolansicht2024-300x200.jpg 300w, https:\/\/blog.olimar.de\/wp-content\/uploads\/2024\/03\/VCE489-p-Poolansicht2024-768x512.jpg 768w, https:\/\/blog.olimar.de\/wp-content\/uploads\/2024\/03\/VCE489-p-Poolansicht2024-1536x1024.jpg 1536w, https:\/\/blog.olimar.de\/wp-content\/uploads\/2024\/03\/VCE489-p-Poolansicht2024-840x560.jpg 840w, https:\/\/blog.olimar.de\/wp-content\/uploads\/2024\/03\/VCE489-p-Poolansicht2024-1200x800.jpg 1200w, https:\/\/blog.olimar.de\/wp-content\/uploads\/2024\/03\/VCE489-p-Poolansicht2024.jpg 1620w\" sizes=\"auto, (max-width: 1024px) 100vw, 1024px\" \/><\/figure>\n\n\n\n<figure class=\"wp-block-image size-large\"><img loading=\"lazy\" decoding=\"async\" width=\"1024\" height=\"643\" data-id=\"27564\" src=\"https:\/\/blog.olimar.de\/wp-content\/uploads\/2024\/03\/VCE498-z-CottageSuperiorVeranda2024-1024x643.jpg\" alt=\"Tenuta Primero Wohnbeispiel Veranda\" class=\"wp-image-27564\" srcset=\"https:\/\/blog.olimar.de\/wp-content\/uploads\/2024\/03\/VCE498-z-CottageSuperiorVeranda2024-1024x643.jpg 1024w, https:\/\/blog.olimar.de\/wp-content\/uploads\/2024\/03\/VCE498-z-CottageSuperiorVeranda2024-300x188.jpg 300w, https:\/\/blog.olimar.de\/wp-content\/uploads\/2024\/03\/VCE498-z-CottageSuperiorVeranda2024-768x482.jpg 768w, https:\/\/blog.olimar.de\/wp-content\/uploads\/2024\/03\/VCE498-z-CottageSuperiorVeranda2024-1536x964.jpg 1536w, https:\/\/blog.olimar.de\/wp-content\/uploads\/2024\/03\/VCE498-z-CottageSuperiorVeranda2024.jpg 1721w\" sizes=\"auto, (max-width: 1024px) 100vw, 1024px\" \/><\/figure>\n<\/figure>\n\n\n\n<p>Ferien wie fr\u00fcher mit dem Komfort von heute \u2013 so lautet das Motto dieses Glamping-Platzes an der wundersch\u00f6nen <a href=\"https:\/\/www.olimar.de\/italien\/adria\/\" target=\"_blank\" rel=\"noopener\">Adria<\/a>-K\u00fcste. Hier findest du neben einem Yachthafen auch mehrere Restaurants f\u00fcr jeden Geschmack sowie einen eigenen Golfplatz.<\/p>\n<p>Morgenspaziergang mit der ganzen Familie an der Lagune zum Muschel- und Krebsesuchen? Wassersportkurse f\u00fcr alle Familienmitglieder und danach eine Erfrischung an der hippen Kite-Bar? Bistro, Pizza, gepflegte Fischk\u00fcche oder doch lieber ein Restaurant in Grado? Ein Piraten-Park beim Pool, ein eigener Golfkurs f\u00fcr Kinder? Hier ist alles m\u00f6glich! Der Retro-Chic in den sch\u00f6nen, komfortablen Cottages und Lodges gepaart mit einem tollen Angebot f\u00fcr alle Altersgruppen ergibt eine unschlagbare Mischung f\u00fcr unvergessliche Familienferien.<\/p>\n\n\n\n<div class=\"wp-block-buttons is-layout-flex wp-block-buttons-is-layout-flex\">\n<div class=\"wp-block-button\"><a class=\"wp-block-button__link wp-element-button\" href=\"https:\/\/www.olimar.com\/vce489\/\" target=\"_blank\" rel=\"noreferrer noopener\">Tenuta Primero: mehr Infos &amp; Buchung<\/a><\/div>\n<\/div>\n\n\n\n<h2>3. Glamping in Kroatien<\/h2>\n\n\n\n<h3>Arena Grand Ka\u017eela Camping Homes (Pula, Istrien)<\/h3>\n\n\n\n<figure class=\"wp-block-gallery has-nested-images columns-default is-cropped wp-block-gallery-4 is-layout-flex wp-block-gallery-is-layout-flex\">\n<figure class=\"wp-block-image size-large\"><img loading=\"lazy\" decoding=\"async\" width=\"1024\" height=\"683\" data-id=\"27574\" src=\"https:\/\/blog.olimar.de\/wp-content\/uploads\/2024\/03\/PUY115-z-CampingHome2023E-1024x683.jpg\" alt=\"Arena Grand Ka\u017eela Camping Homes Wohnbeispiel Terrasse\" class=\"wp-image-27574\" srcset=\"https:\/\/blog.olimar.de\/wp-content\/uploads\/2024\/03\/PUY115-z-CampingHome2023E-1024x683.jpg 1024w, https:\/\/blog.olimar.de\/wp-content\/uploads\/2024\/03\/PUY115-z-CampingHome2023E-300x200.jpg 300w, https:\/\/blog.olimar.de\/wp-content\/uploads\/2024\/03\/PUY115-z-CampingHome2023E-768x512.jpg 768w, https:\/\/blog.olimar.de\/wp-content\/uploads\/2024\/03\/PUY115-z-CampingHome2023E-1536x1024.jpg 1536w, https:\/\/blog.olimar.de\/wp-content\/uploads\/2024\/03\/PUY115-z-CampingHome2023E-840x560.jpg 840w, https:\/\/blog.olimar.de\/wp-content\/uploads\/2024\/03\/PUY115-z-CampingHome2023E-1200x800.jpg 1200w, https:\/\/blog.olimar.de\/wp-content\/uploads\/2024\/03\/PUY115-z-CampingHome2023E.jpg 1620w\" sizes=\"auto, (max-width: 1024px) 100vw, 1024px\" \/><\/figure>\n\n\n\n<figure class=\"wp-block-image size-large\"><img loading=\"lazy\" decoding=\"async\" width=\"1024\" height=\"767\" data-id=\"27575\" src=\"https:\/\/blog.olimar.de\/wp-content\/uploads\/2024\/03\/PUY115-a-HotelBuilding2023C-1024x767.jpg\" alt=\"Arena Grand Ka\u017eela Camping Homes Aufsicht auf das Camp und die Adriak\u00fcste\" class=\"wp-image-27575\" srcset=\"https:\/\/blog.olimar.de\/wp-content\/uploads\/2024\/03\/PUY115-a-HotelBuilding2023C-1024x767.jpg 1024w, https:\/\/blog.olimar.de\/wp-content\/uploads\/2024\/03\/PUY115-a-HotelBuilding2023C-300x225.jpg 300w, https:\/\/blog.olimar.de\/wp-content\/uploads\/2024\/03\/PUY115-a-HotelBuilding2023C-768x576.jpg 768w, https:\/\/blog.olimar.de\/wp-content\/uploads\/2024\/03\/PUY115-a-HotelBuilding2023C.jpg 1441w\" sizes=\"auto, (max-width: 1024px) 100vw, 1024px\" \/><\/figure>\n<\/figure>\n\n\n\n<p>\u00dcber eine L\u00e4nge von zwei Kilometern erstreckt sich dieser Campingplatz f\u00fcr die ganze Familie entlang der wundersch\u00f6nen kroatischen Adriak\u00fcste. Seine ruhige Lage in der N\u00e4he einiger der besten Str\u00e4nde Istriens zeichnen ihn genauso aus wie seine gro\u00dfen, sonnigen Stellpl\u00e4tze und neuen, voll ausgestatteten Camping Homes mit Terrasse und privatem Garten samt Panoramablick auf die Adria.<\/p>\n\n\n\n<div class=\"wp-block-buttons is-layout-flex wp-block-buttons-is-layout-flex\">\n<div class=\"wp-block-button\"><a class=\"wp-block-button__link wp-element-button\" href=\"https:\/\/www.olimar.com\/puy115\/\" target=\"_blank\" rel=\"noreferrer noopener\">Arena Grand Ka\u017eela Camping Homes: mehr Infos &amp; Buchung<\/a><\/div>\n<\/div>\n\n\n\n<h3>4. Zaton Holiday Resort (Nin, Adriatische K\u00fcste)<\/h3>\n\n\n\n<figure class=\"wp-block-gallery has-nested-images columns-default is-cropped wp-block-gallery-5 is-layout-flex wp-block-gallery-is-layout-flex\">\n<figure class=\"wp-block-image size-large\"><a href=\"https:\/\/www.olimar.de\/zad099\/\" target=\"_blank\" rel=\"noreferrer noopener\"><img loading=\"lazy\" decoding=\"async\" width=\"1024\" height=\"682\" data-id=\"27576\" src=\"https:\/\/blog.olimar.de\/wp-content\/uploads\/2024\/03\/ZAD098-z-GlampingOutside2019-1024x682.jpg\" alt=\"Zaton Holiday Resort Wohnbeispiel\" class=\"wp-image-27576\" srcset=\"https:\/\/blog.olimar.de\/wp-content\/uploads\/2024\/03\/ZAD098-z-GlampingOutside2019-1024x682.jpg 1024w, https:\/\/blog.olimar.de\/wp-content\/uploads\/2024\/03\/ZAD098-z-GlampingOutside2019-300x200.jpg 300w, https:\/\/blog.olimar.de\/wp-content\/uploads\/2024\/03\/ZAD098-z-GlampingOutside2019-768x512.jpg 768w, https:\/\/blog.olimar.de\/wp-content\/uploads\/2024\/03\/ZAD098-z-GlampingOutside2019-1536x1023.jpg 1536w, https:\/\/blog.olimar.de\/wp-content\/uploads\/2024\/03\/ZAD098-z-GlampingOutside2019-840x560.jpg 840w, https:\/\/blog.olimar.de\/wp-content\/uploads\/2024\/03\/ZAD098-z-GlampingOutside2019-1200x800.jpg 1200w, https:\/\/blog.olimar.de\/wp-content\/uploads\/2024\/03\/ZAD098-z-GlampingOutside2019.jpg 1621w\" sizes=\"auto, (max-width: 1024px) 100vw, 1024px\" \/><\/a><\/figure>\n\n\n\n<figure class=\"wp-block-image size-large\"><a href=\"https:\/\/www.olimar.de\/zad099\/\" target=\"_blank\" rel=\"noreferrer noopener\"><img loading=\"lazy\" decoding=\"async\" width=\"1024\" height=\"576\" data-id=\"27577\" src=\"https:\/\/blog.olimar.de\/wp-content\/uploads\/2024\/03\/ZAD099-a-ViewA2019-1024x576.jpg\" alt=\"Zaton Holiday Resort Aufsicht auf das Resort und die Adriak\u00fcste\" class=\"wp-image-27577\" srcset=\"https:\/\/blog.olimar.de\/wp-content\/uploads\/2024\/03\/ZAD099-a-ViewA2019-1024x576.jpg 1024w, https:\/\/blog.olimar.de\/wp-content\/uploads\/2024\/03\/ZAD099-a-ViewA2019-300x169.jpg 300w, https:\/\/blog.olimar.de\/wp-content\/uploads\/2024\/03\/ZAD099-a-ViewA2019-768x432.jpg 768w, https:\/\/blog.olimar.de\/wp-content\/uploads\/2024\/03\/ZAD099-a-ViewA2019-1536x864.jpg 1536w, https:\/\/blog.olimar.de\/wp-content\/uploads\/2024\/03\/ZAD099-a-ViewA2019.jpg 1919w\" sizes=\"auto, (max-width: 1024px) 100vw, 1024px\" \/><\/a><\/figure>\n<\/figure>\n\n\n\n<p>Auf einem Areal von rund 100 ha unter schattenspendenden Kiefern und in einer von Wind und Wellen gesch\u00fctzten Bucht erwartet dich mit dem Zaton Holiday Resort einer der beliebtesten Ferien- und Campingpl\u00e4tze <a href=\"https:\/\/www.olimar.de\/kroatien\/dalmatien\/\" target=\"_blank\" rel=\"noopener\">Norddalmatiens<\/a>. Nur durch die eigene Promenade vom rund zwei Kilometer langen Strand getrennt, bietet das flache Wasser hier auch ideale Badebedingungen f\u00fcr kleine Kinder.<\/p>\n<p>Das Resort besteht aus Bereichen mit 4- und 3-Sterne-Ferienwohnungen sowie Mobile Homes und Glamping-Zelten. Ob Essen und Trinken, Unterhaltung, Sport- und Freizeitm\u00f6glichkeiten: Hier gibt es so gut wie alles, was du f\u00fcr einen unbeschwerten und abwechslungsreichen Familienurlaub brauchst.<\/p>\n\n\n\n<div class=\"wp-block-buttons is-layout-flex wp-block-buttons-is-layout-flex\">\n<div class=\"wp-block-button\"><a class=\"wp-block-button__link wp-element-button\" href=\"https:\/\/www.olimar.de\/zad099\/\" target=\"_blank\" rel=\"noreferrer noopener\">Zaton Holiday Resort: mehr Infos &amp; Buchung<\/a><\/div>\n<\/div>\n\n\n\n<div style=\"height:9px\" aria-hidden=\"true\" class=\"wp-block-spacer\"><\/div>\n\n\n\n<div class=\"wp-block-buttons is-layout-flex wp-block-buttons-is-layout-flex\">\n<div class=\"wp-block-button\"><a class=\"wp-block-button__link wp-element-button\" href=\"https:\/\/www.olimar.de\/hotellistung\/\" target=\"_blank\" rel=\"noreferrer noopener\">Jetzt Urlaubsangebote finden und buchen<\/a><\/div>\n<\/div>\n","protected":false},"excerpt":{"rendered":"<p>Der perfekte Mix aus Naturn\u00e4he und Komfort macht Glamping seit Jahren zu einem der Top-Reisetrends.<\/p>\n","protected":false},"author":87,"featured_media":29647,"comment_status":"open","ping_status":"open","sticky":false,"template":"","format":"standard","meta":{"_crdt_document":"","_lmt_disableupdate":"","_lmt_disable":"","footnotes":""},"categories":[29,1,32,165],"tags":[35,101,34,20],"class_list":["post-27555","post","type-post","status-publish","format-standard","has-post-thumbnail","hentry","category-aktiv-natur","category-allgemein","category-hoteltipps","category-reisethemen","tag-italien","tag-kroatien","tag-portugal","tag-slider"],"yoast_head":"<!-- This site is optimized with the Yoast SEO plugin v26.9 - https:\/\/yoast.com\/product\/yoast-seo-wordpress\/ -->\n<title>Glamping: Die sch\u00f6nsten Unterk\u00fcnfte in Portugal &amp; S\u00fcdeuropa<\/title>\n<meta name=\"description\" content=\"Der tolle Mix aus Naturn\u00e4he und Komfort macht Glamping seit Jahren zu einem der Top-Reisetrends. Hier kommen unsere acht Glamping-Favoriten!\" \/>\n<meta name=\"robots\" content=\"index, follow, max-snippet:-1, max-image-preview:large, max-video-preview:-1\" \/>\n<link rel=\"canonical\" href=\"https:\/\/blog.olimar.de\/glamping\/\" \/>\n<meta property=\"og:locale\" content=\"de_DE\" \/>\n<meta property=\"og:type\" content=\"article\" \/>\n<meta property=\"og:title\" content=\"Glamping: Die sch\u00f6nsten Unterk\u00fcnfte in Portugal &amp; S\u00fcdeuropa\" \/>\n<meta property=\"og:description\" content=\"Der tolle Mix aus Naturn\u00e4he und Komfort macht Glamping seit Jahren zu einem der Top-Reisetrends. Hier kommen unsere acht Glamping-Favoriten!\" \/>\n<meta property=\"og:url\" content=\"https:\/\/blog.olimar.de\/glamping\/\" \/>\n<meta property=\"article:publisher\" content=\"https:\/\/www.facebook.com\/OlimarReisen\" \/>\n<meta property=\"article:published_time\" content=\"2026-02-25T11:00:52+00:00\" \/>\n<meta property=\"article:modified_time\" content=\"2026-03-16T11:19:07+00:00\" \/>\n<meta property=\"og:image\" content=\"https:\/\/blog.olimar.de\/wp-content\/uploads\/2024\/03\/glamping-1.jpg\" \/>\n\t<meta property=\"og:image:width\" content=\"1620\" \/>\n\t<meta property=\"og:image:height\" content=\"1080\" \/>\n\t<meta property=\"og:image:type\" content=\"image\/jpeg\" \/>\n<meta name=\"author\" content=\"Julia Windh\u00f6vel\" \/>\n<meta name=\"twitter:label1\" content=\"Verfasst von\" \/>\n\t<meta name=\"twitter:data1\" content=\"Julia Windh\u00f6vel\" \/>\n\t<meta name=\"twitter:label2\" content=\"Gesch\u00e4tzte Lesezeit\" \/>\n\t<meta name=\"twitter:data2\" content=\"6\u00a0Minuten\" \/>\n<script type=\"application\/ld+json\" class=\"yoast-schema-graph\">{\"@context\":\"https:\/\/schema.org\",\"@graph\":[{\"@type\":\"WebPage\",\"@id\":\"https:\/\/blog.olimar.de\/glamping\/\",\"url\":\"https:\/\/blog.olimar.de\/glamping\/\",\"name\":\"Glamping: Die sch\u00f6nsten Unterk\u00fcnfte in Portugal & S\u00fcdeuropa\",\"isPartOf\":{\"@id\":\"https:\/\/blog.olimar.de\/#website\"},\"primaryImageOfPage\":{\"@id\":\"https:\/\/blog.olimar.de\/glamping\/#primaryimage\"},\"image\":{\"@id\":\"https:\/\/blog.olimar.de\/glamping\/#primaryimage\"},\"thumbnailUrl\":\"https:\/\/blog.olimar.de\/wp-content\/uploads\/2024\/03\/glamping-1.jpg\",\"datePublished\":\"2026-02-25T11:00:52+00:00\",\"dateModified\":\"2026-03-16T11:19:07+00:00\",\"description\":\"Der tolle Mix aus Naturn\u00e4he und Komfort macht Glamping seit Jahren zu einem der Top-Reisetrends. Hier kommen unsere acht Glamping-Favoriten!\",\"breadcrumb\":{\"@id\":\"https:\/\/blog.olimar.de\/glamping\/#breadcrumb\"},\"inLanguage\":\"de\",\"potentialAction\":[{\"@type\":\"ReadAction\",\"target\":[\"https:\/\/blog.olimar.de\/glamping\/\"]}]},{\"@type\":\"ImageObject\",\"inLanguage\":\"de\",\"@id\":\"https:\/\/blog.olimar.de\/glamping\/#primaryimage\",\"url\":\"https:\/\/blog.olimar.de\/wp-content\/uploads\/2024\/03\/glamping-1.jpg\",\"contentUrl\":\"https:\/\/blog.olimar.de\/wp-content\/uploads\/2024\/03\/glamping-1.jpg\",\"width\":1620,\"height\":1080,\"caption\":\"Glamping\"},{\"@type\":\"BreadcrumbList\",\"@id\":\"https:\/\/blog.olimar.de\/glamping\/#breadcrumb\",\"itemListElement\":[{\"@type\":\"ListItem\",\"position\":1,\"name\":\"Home\",\"item\":\"https:\/\/blog.olimar.de\/\"},{\"@type\":\"ListItem\",\"position\":2,\"name\":\"Italien\",\"item\":\"https:\/\/blog.olimar.de\/tag\/italien\/\"},{\"@type\":\"ListItem\",\"position\":3,\"name\":\"Camping deluxe: Die sch\u00f6nsten Glamping Unterk\u00fcnfte in Portugal &amp; S\u00fcdeuropa\"}]},{\"@type\":\"WebSite\",\"@id\":\"https:\/\/blog.olimar.de\/#website\",\"url\":\"https:\/\/blog.olimar.de\/\",\"name\":\"OLIMAR.com\",\"description\":\"\",\"publisher\":{\"@id\":\"https:\/\/blog.olimar.de\/#organization\"},\"potentialAction\":[{\"@type\":\"SearchAction\",\"target\":{\"@type\":\"EntryPoint\",\"urlTemplate\":\"https:\/\/blog.olimar.de\/?s={search_term_string}\"},\"query-input\":{\"@type\":\"PropertyValueSpecification\",\"valueRequired\":true,\"valueName\":\"search_term_string\"}}],\"inLanguage\":\"de\"},{\"@type\":\"Organization\",\"@id\":\"https:\/\/blog.olimar.de\/#organization\",\"name\":\"OLIMAR Reisen\",\"url\":\"https:\/\/blog.olimar.de\/\",\"logo\":{\"@type\":\"ImageObject\",\"inLanguage\":\"de\",\"@id\":\"https:\/\/blog.olimar.de\/#\/schema\/logo\/image\/\",\"url\":\"https:\/\/blog.olimar.de\/wp-content\/uploads\/2021\/01\/OLIMAR_Logo_COLOR.png\",\"contentUrl\":\"https:\/\/blog.olimar.de\/wp-content\/uploads\/2021\/01\/OLIMAR_Logo_COLOR.png\",\"width\":2000,\"height\":986,\"caption\":\"OLIMAR Reisen\"},\"image\":{\"@id\":\"https:\/\/blog.olimar.de\/#\/schema\/logo\/image\/\"},\"sameAs\":[\"https:\/\/www.facebook.com\/OlimarReisen\",\"https:\/\/x.com\/olimarrreisen\",\"https:\/\/www.instagram.com\/olimarreisen\",\"https:\/\/www.youtube.com\/user\/olimarreisen\"]}]}<\/script>\n<!-- \/ Yoast SEO plugin. -->","yoast_head_json":{"title":"Glamping: Die sch\u00f6nsten Unterk\u00fcnfte in Portugal & S\u00fcdeuropa","description":"Der tolle Mix aus Naturn\u00e4he und Komfort macht Glamping seit Jahren zu einem der Top-Reisetrends. Hier kommen unsere acht Glamping-Favoriten!","robots":{"index":"index","follow":"follow","max-snippet":"max-snippet:-1","max-image-preview":"max-image-preview:large","max-video-preview":"max-video-preview:-1"},"canonical":"https:\/\/blog.olimar.de\/glamping\/","og_locale":"de_DE","og_type":"article","og_title":"Glamping: Die sch\u00f6nsten Unterk\u00fcnfte in Portugal & S\u00fcdeuropa","og_description":"Der tolle Mix aus Naturn\u00e4he und Komfort macht Glamping seit Jahren zu einem der Top-Reisetrends. Hier kommen unsere acht Glamping-Favoriten!","og_url":"https:\/\/blog.olimar.de\/glamping\/","article_publisher":"https:\/\/www.facebook.com\/OlimarReisen","article_published_time":"2026-02-25T11:00:52+00:00","article_modified_time":"2026-03-16T11:19:07+00:00","og_image":[{"width":1620,"height":1080,"url":"https:\/\/blog.olimar.de\/wp-content\/uploads\/2024\/03\/glamping-1.jpg","type":"image\/jpeg"}],"author":"Julia Windh\u00f6vel","twitter_misc":{"Verfasst von":"Julia Windh\u00f6vel","Gesch\u00e4tzte Lesezeit":"6\u00a0Minuten"},"schema":{"@context":"https:\/\/schema.org","@graph":[{"@type":"WebPage","@id":"https:\/\/blog.olimar.de\/glamping\/","url":"https:\/\/blog.olimar.de\/glamping\/","name":"Glamping: Die sch\u00f6nsten Unterk\u00fcnfte in Portugal & S\u00fcdeuropa","isPartOf":{"@id":"https:\/\/blog.olimar.de\/#website"},"primaryImageOfPage":{"@id":"https:\/\/blog.olimar.de\/glamping\/#primaryimage"},"image":{"@id":"https:\/\/blog.olimar.de\/glamping\/#primaryimage"},"thumbnailUrl":"https:\/\/blog.olimar.de\/wp-content\/uploads\/2024\/03\/glamping-1.jpg","datePublished":"2026-02-25T11:00:52+00:00","dateModified":"2026-03-16T11:19:07+00:00","description":"Der tolle Mix aus Naturn\u00e4he und Komfort macht Glamping seit Jahren zu einem der Top-Reisetrends. Hier kommen unsere acht Glamping-Favoriten!","breadcrumb":{"@id":"https:\/\/blog.olimar.de\/glamping\/#breadcrumb"},"inLanguage":"de","potentialAction":[{"@type":"ReadAction","target":["https:\/\/blog.olimar.de\/glamping\/"]}]},{"@type":"ImageObject","inLanguage":"de","@id":"https:\/\/blog.olimar.de\/glamping\/#primaryimage","url":"https:\/\/blog.olimar.de\/wp-content\/uploads\/2024\/03\/glamping-1.jpg","contentUrl":"https:\/\/blog.olimar.de\/wp-content\/uploads\/2024\/03\/glamping-1.jpg","width":1620,"height":1080,"caption":"Glamping"},{"@type":"BreadcrumbList","@id":"https:\/\/blog.olimar.de\/glamping\/#breadcrumb","itemListElement":[{"@type":"ListItem","position":1,"name":"Home","item":"https:\/\/blog.olimar.de\/"},{"@type":"ListItem","position":2,"name":"Italien","item":"https:\/\/blog.olimar.de\/tag\/italien\/"},{"@type":"ListItem","position":3,"name":"Camping deluxe: Die sch\u00f6nsten Glamping Unterk\u00fcnfte in Portugal &amp; S\u00fcdeuropa"}]},{"@type":"WebSite","@id":"https:\/\/blog.olimar.de\/#website","url":"https:\/\/blog.olimar.de\/","name":"OLIMAR.com","description":"","publisher":{"@id":"https:\/\/blog.olimar.de\/#organization"},"potentialAction":[{"@type":"SearchAction","target":{"@type":"EntryPoint","urlTemplate":"https:\/\/blog.olimar.de\/?s={search_term_string}"},"query-input":{"@type":"PropertyValueSpecification","valueRequired":true,"valueName":"search_term_string"}}],"inLanguage":"de"},{"@type":"Organization","@id":"https:\/\/blog.olimar.de\/#organization","name":"OLIMAR Reisen","url":"https:\/\/blog.olimar.de\/","logo":{"@type":"ImageObject","inLanguage":"de","@id":"https:\/\/blog.olimar.de\/#\/schema\/logo\/image\/","url":"https:\/\/blog.olimar.de\/wp-content\/uploads\/2021\/01\/OLIMAR_Logo_COLOR.png","contentUrl":"https:\/\/blog.olimar.de\/wp-content\/uploads\/2021\/01\/OLIMAR_Logo_COLOR.png","width":2000,"height":986,"caption":"OLIMAR Reisen"},"image":{"@id":"https:\/\/blog.olimar.de\/#\/schema\/logo\/image\/"},"sameAs":["https:\/\/www.facebook.com\/OlimarReisen","https:\/\/x.com\/olimarrreisen","https:\/\/www.instagram.com\/olimarreisen","https:\/\/www.youtube.com\/user\/olimarreisen"]}]}},"modified_by":"Julia Windh\u00f6vel","jetpack_featured_media_url":"https:\/\/blog.olimar.de\/wp-content\/uploads\/2024\/03\/glamping-1.jpg","_links":{"self":[{"href":"https:\/\/blog.olimar.de\/wp-json\/wp\/v2\/posts\/27555","targetHints":{"allow":["GET"]}}],"collection":[{"href":"https:\/\/blog.olimar.de\/wp-json\/wp\/v2\/posts"}],"about":[{"href":"https:\/\/blog.olimar.de\/wp-json\/wp\/v2\/types\/post"}],"author":[{"embeddable":true,"href":"https:\/\/blog.olimar.de\/wp-json\/wp\/v2\/users\/87"}],"replies":[{"embeddable":true,"href":"https:\/\/blog.olimar.de\/wp-json\/wp\/v2\/comments?post=27555"}],"version-history":[{"count":21,"href":"https:\/\/blog.olimar.de\/wp-json\/wp\/v2\/posts\/27555\/revisions"}],"predecessor-version":[{"id":29702,"href":"https:\/\/blog.olimar.de\/wp-json\/wp\/v2\/posts\/27555\/revisions\/29702"}],"wp:featuredmedia":[{"embeddable":true,"href":"https:\/\/blog.olimar.de\/wp-json\/wp\/v2\/media\/29647"}],"wp:attachment":[{"href":"https:\/\/blog.olimar.de\/wp-json\/wp\/v2\/media?parent=27555"}],"wp:term":[{"taxonomy":"category","embeddable":true,"href":"https:\/\/blog.olimar.de\/wp-json\/wp\/v2\/categories?post=27555"},{"taxonomy":"post_tag","embeddable":true,"href":"https:\/\/blog.olimar.de\/wp-json\/wp\/v2\/tags?post=27555"}],"curies":[{"name":"wp","href":"https:\/\/api.w.org\/{rel}","templated":true}]}}